{"id":43485,"date":"2015-07-22T21:04:28","date_gmt":"2015-07-22T19:04:28","guid":{"rendered":"http:\/\/eldigitaldeasturias.com\/magazine365\/?p=43485"},"modified":"2015-07-22T21:04:28","modified_gmt":"2015-07-22T19:04:28","slug":"junta-de-andalucia-confia-en-alcanzar-un-acuerdo-con-fomento-para-la-puesta-en-marcha-del-tranvia-de-la-bahia-de-cadiz","status":"publish","type":"post","link":"https:\/\/eldigitaldeasturias.com\/magazine365\/junta-de-andalucia-confia-en-alcanzar-un-acuerdo-con-fomento-para-la-puesta-en-marcha-del-tranvia-de-la-bahia-de-cadiz\/","title":{"rendered":"Junta de Andaluc\u00eda conf\u00eda en alcanzar un acuerdo con Fomento para la puesta en marcha del tranv\u00eda de la Bah\u00eda de C\u00e1diz"},"content":{"rendered":"<p><img fetchpriority=\"high\" decoding=\"async\" class=\"alignleft size-medium wp-image-43486\" src=\"https:\/\/eldigitaldeasturias.com\/magazine365\/wp-content\/uploads\/2015\/07\/fotonoticia_20150722141927_800-360x239.jpg\" alt=\"fotonoticia_20150722141927_800\" width=\"360\" height=\"239\" srcset=\"https:\/\/eldigitaldeasturias.com\/magazine365\/wp-content\/uploads\/2015\/07\/fotonoticia_20150722141927_800-360x239.jpg 360w, https:\/\/eldigitaldeasturias.com\/magazine365\/wp-content\/uploads\/2015\/07\/fotonoticia_20150722141927_800-650x431.jpg 650w, https:\/\/eldigitaldeasturias.com\/magazine365\/wp-content\/uploads\/2015\/07\/fotonoticia_20150722141927_800-768x510.jpg 768w, https:\/\/eldigitaldeasturias.com\/magazine365\/wp-content\/uploads\/2015\/07\/fotonoticia_20150722141927_800-150x100.jpg 150w, https:\/\/eldigitaldeasturias.com\/magazine365\/wp-content\/uploads\/2015\/07\/fotonoticia_20150722141927_800-450x299.jpg 450w, https:\/\/eldigitaldeasturias.com\/magazine365\/wp-content\/uploads\/2015\/07\/fotonoticia_20150722141927_800-696x462.jpg 696w, https:\/\/eldigitaldeasturias.com\/magazine365\/wp-content\/uploads\/2015\/07\/fotonoticia_20150722141927_800-633x420.jpg 633w, https:\/\/eldigitaldeasturias.com\/magazine365\/wp-content\/uploads\/2015\/07\/fotonoticia_20150722141927_800-84x55.jpg 84w, https:\/\/eldigitaldeasturias.com\/magazine365\/wp-content\/uploads\/2015\/07\/fotonoticia_20150722141927_800.jpg 800w\" sizes=\"(max-width: 360px) 100vw, 360px\" \/>El consejero de Fomento y Vivienda, Felipe L\u00f3pez, conf\u00eda en alcanzar un acuerdo con la ministra de Fomento, Ana Pastor, para la participaci\u00f3n del Ministerio en la puesta en marcha del tren tranv\u00eda de la Bah\u00eda de C\u00e1diz.<\/p>\n<p>L\u00f3pez se ha pronunciado de este modo este mi\u00e9rcoles durante una visita a las obras del tramo urbano del tren tranv\u00eda en el t\u00e9rmino municipal de Chiclana de la Frontera, donde la obra civil y la dotaci\u00f3n de instalaciones y sistemas afrontan \u00absu recta final\u00bb y cuya conclusi\u00f3n est\u00e1 prevista para finales de este a\u00f1o.<\/p>\n<p>El alto nivel de ejecuci\u00f3n que presentan las obras de la infraestructura ha motivado que el consejero ya haya solicitado a Pastor una reuni\u00f3n para abordar la colaboraci\u00f3n del Gobierno central en la puesta en marcha de esa infraestructura, donde plantear\u00e1 que ADIF participe en la gesti\u00f3n y mantenimiento del tren tranv\u00eda y Renfe en su explotaci\u00f3n comercial, informa la Junta en un comunicado.<\/p>\n<p>L\u00f3pez ha confiado en que en septiembre Junta y Gobierno puedan abordar este asunto y otros que afectan a la provincia, como la financiaci\u00f3n comprometida para la conexi\u00f3n Algeciras-Bobadilla, asuntos en los que ha confiado en \u00abno encontrar dificultad de colaboraci\u00f3n alguna por parte del Gobierno de Espa\u00f1a\u00bb.<\/p>\n<p>Felipe L\u00f3pez ha puesto de relieve que la Declaraci\u00f3n de Gran Proyecto de esta infraestructura por parte de la UE, cuya propuesta fue presentada y avalada por el Gobierno del Estado, refleja esa necesaria cooperaci\u00f3n del Ministerio para la futura puesta en marcha de este modo de transporte.<\/p>\n<p>Durante el recorrido ha explicado que la obra civil en este tramo, con un presupuesto de 34,7 millones de euros, presenta un nivel de ejecuci\u00f3n del 85 por ciento, \u00aben virtud de los fuertes ritmos de ejecuci\u00f3n de esta actuaci\u00f3n, con certificaciones mensuales de dos millones de euros y un total de 250 trabajadores, entre empleos directos e indirectos, lo que hace prever que las actuaciones estar\u00e1n concluidas en diciembre del presente a\u00f1o\u00bb.<\/p>\n<p>El tramo urbano del tren tranv\u00eda de Chiclana, que fue el \u00faltimo en abordarse (marzo de 2010), consta de un trazado de cuatro kil\u00f3metros de longitud, entre el pol\u00edgono de Pelagatos, donde se ubica tambi\u00e9n Talleres y Cocheras, y el pol\u00edgono del Mueble, en el otro extremo, donde se comienza el tramo interurbano, ya finalizado.<\/p>\n<p>El tramo urbano dispone de seis paradas, a las que hay que sumar una s\u00e9ptima en el t\u00e9rmino municipal, denominada Pinar de los Franceses, pero correspondiente ya al tramo interurbano, donde se localiza tambi\u00e9n un aparcamiento disuasorio para favorecer la combinaci\u00f3n del coche con la nueva infraestructura.<\/p>\n<p>El consejero de Fomento, que ha podido comprobar el ritmo de los trabajos en el tramo de Alameda de Solano, ha comentado que una vez finalice la obra civil con la ejecuci\u00f3n de la plataforma tranviaria, incluida la v\u00eda, la urbanizaci\u00f3n de acerados y carriles para la circulaci\u00f3n, se avanzar\u00e1 en las tareas de instalaciones y sistemas, as\u00ed como en las labores de la arquitectura de paradas.<\/p>\n<p>En concreto, se ha iniciado el montaje de las dos marquesinas correspondientes a la parada denominada Marquesado, justo en la confluencia entre Alameda de Solano y la Glorieta de los Descubrimientos, labores que se trasladar\u00e1n posteriormente a las otras cinco paradas del tramo urbano, pues Pinar de los Franceses ya dispone de este elemento.<\/p>\n<p>Felipe L\u00f3pez ha destacado que \u00abel tren tranv\u00eda ser\u00e1 un sistema de transporte eficiente, r\u00e1pido, sostenible fiable, en t\u00e9rminos de frecuencias de paso, accesible y limpio, desde un punto de vista ambiental y su construcci\u00f3n se adapta a las caracter\u00edsticas geof\u00edsicas de la Bah\u00eda de C\u00e1diz\u00bb.<\/p>\n<p>En materia de sistemas e instalaciones (electrificaci\u00f3n, se\u00f1alizaci\u00f3n y comunicaciones), las actuaciones est\u00e1n avanzando en todos los emplazamientos del trazado urbano con obra de infraestructura y v\u00eda ya concluida, es decir, todos a excepci\u00f3n de la calle Mendiz\u00e1bal y el puente de Nuestra Se\u00f1ora de los Remedios. En este sentido, se han instalado todos los postes de catenaria, salvo en los dos puntos antes mencionados, y el 60 por ciento de los sem\u00e1foros, adem\u00e1s de otros elementos de la se\u00f1alizaci\u00f3n tranviaria.<\/p>\n<p>APERTURA DE MENDIZ\u00c1BAL EN SEPTIEMBRE<\/p>\n<p>En cuanto a la agenda de los pr\u00f3ximos trabajos, el consejero ha anunciado que durante el verano se mantendr\u00e1n los ritmos actuales, con el prop\u00f3sito de abrir al tr\u00e1fico la calle Mendiz\u00e1bal en septiembre, configurada por un \u00fanico carril para el tr\u00e1fico rodado y acerados m\u00e1s amplios junto a la plataforma.<\/p>\n<p>Igualmente, en el plazo de dos semanas se iniciar\u00e1n las labores de colocaci\u00f3n de las vigas que dar\u00e1n soporte a la ampliaci\u00f3n del tablero del puente de Nuestra Se\u00f1ora de los Remedios, estructura m\u00e1s singular del tramo urbano.<\/p>\n<p>De la misma manera, ha confiado en firmar en \u00abmuy breve plazo\u00bb el convenio de colaboraci\u00f3n con el Ayuntamiento de Chiclana para la conservaci\u00f3n y mantenimiento municipal del futuro intercambiador de autobuses, localizado en Paciano del Barco, con un presupuesto de medio mill\u00f3n de euros y seis meses de plazo de ejecuci\u00f3n, que se aborda en el marco de las obras del tren tranv\u00eda.<\/p>\n<p>El consejero ha anunciado que el proyecto constructivo de la segunda l\u00ednea se encuentra en un estado muy avanzado para cerrar el anillo ferroviario de la Bah\u00eda de C\u00e1diz.<\/p>\n<p>El tren tranv\u00eda de la Bah\u00eda de C\u00e1diz, infraestructura que impulsa la Junta de Andaluc\u00eda con cofinanciaci\u00f3n Feder, constar\u00e1 de un trazado de 24,2 kil\u00f3metros, distribuidos entre los 13,9 kil\u00f3metros de plataforma tranviaria entre Chiclana y San Fernando, y los 10,3 kil\u00f3metros de la v\u00eda f\u00e9rrea entre el Nudo de la Ardila y la estaci\u00f3n t\u00e9rmino de ferrocarriles de C\u00e1diz capital, en la plaza de Sevilla.<\/p>\n<p>El n\u00famero de paradas ser\u00e1 21, incluyendo las cinco estaciones de ferrocarril en el acceso a C\u00e1diz capital, y la inversi\u00f3n total prevista asciende a 220,92 millones de euros. La estimaci\u00f3n de demanda anual se sit\u00faa en 6,2 millones de viajeros, y la poblaci\u00f3n servida, es decir, los potenciales usuarios del sistema de transportes, asciende a 233.483 habitantes.<\/p>\n","protected":false},"excerpt":{"rendered":"<p>El consejero de Fomento y Vivienda, Felipe L\u00f3pez, conf\u00eda en alcanzar un acuerdo con la ministra de Fomento, Ana Pastor, para la participaci\u00f3n del Ministerio en la puesta en marcha del tren tranv\u00eda de la Bah\u00eda de C\u00e1diz. L\u00f3pez se ha pronunciado de este modo este mi\u00e9rcoles durante una visita a las obras del tramo<\/p>\n","protected":false},"author":1,"featured_media":43486,"comment_status":"open","ping_status":"closed","sticky":false,"template":"","format":"standard","meta":{"footnotes":""},"categories":[224],"tags":[],"class_list":{"0":"post-43485","1":"post","2":"type-post","3":"status-publish","4":"format-standard","5":"has-post-thumbnail","7":"category-noticias-actualidad"},"aioseo_notices":[],"aioseo_head":"\n\t\t<!-- All in One SEO Pro 4.9.6.1 - aioseo.com -->\n\t<meta name=\"description\" content=\"El consejero de Fomento y Vivienda, Felipe L\u00f3pez, conf\u00eda en alcanzar un acuerdo con la ministra de Fomento, Ana Pastor, para la participaci\u00f3n del Ministerio en la puesta en marcha del tren tranv\u00eda de la Bah\u00eda de C\u00e1diz. L\u00f3pez se ha pronunciado de este modo este mi\u00e9rcoles durante una visita a las obras del tramo\" \/>\n\t<meta name=\"robots\" content=\"max-image-preview:large\" \/>\n\t<meta name=\"author\" content=\"admin\"\/>\n\t<meta name=\"google-site-verification\" content=\"UA-38556648-1\" \/>\n\t<meta name=\"keywords\" content=\"noticias y actualidad\" \/>\n\t<link rel=\"canonical\" href=\"https:\/\/eldigitaldeasturias.com\/magazine365\/junta-de-andalucia-confia-en-alcanzar-un-acuerdo-con-fomento-para-la-puesta-en-marcha-del-tranvia-de-la-bahia-de-cadiz\/\" \/>\n\t<meta name=\"generator\" content=\"All in One SEO Pro (AIOSEO) 4.9.6.1\" \/>\n\t\t<meta property=\"og:locale\" content=\"es_ES\" \/>\n\t\t<meta property=\"og:site_name\" content=\"El Digital de Asturias \u2013 Revista de ocio, turismo y estilo de vida\" \/>\n\t\t<meta property=\"og:type\" content=\"article\" \/>\n\t\t<meta property=\"og:title\" content=\"Junta de Andaluc\u00eda conf\u00eda en alcanzar un acuerdo con Fomento para la puesta en marcha del tranv\u00eda de la Bah\u00eda de C\u00e1diz | El Digital de Asturias\" \/>\n\t\t<meta property=\"og:description\" content=\"El consejero de Fomento y Vivienda, Felipe L\u00f3pez, conf\u00eda en alcanzar un acuerdo con la ministra de Fomento, Ana Pastor, para la participaci\u00f3n del Ministerio en la puesta en marcha del tren tranv\u00eda de la Bah\u00eda de C\u00e1diz. L\u00f3pez se ha pronunciado de este modo este mi\u00e9rcoles durante una visita a las obras del tramo\" \/>\n\t\t<meta property=\"og:url\" content=\"https:\/\/eldigitaldeasturias.com\/magazine365\/junta-de-andalucia-confia-en-alcanzar-un-acuerdo-con-fomento-para-la-puesta-en-marcha-del-tranvia-de-la-bahia-de-cadiz\/\" \/>\n\t\t<meta property=\"og:image\" content=\"https:\/\/eldigitaldeasturias.com\/magazine365\/wp-content\/uploads\/2015\/07\/fotonoticia_20150722141927_800.jpg\" \/>\n\t\t<meta property=\"og:image:secure_url\" content=\"https:\/\/eldigitaldeasturias.com\/magazine365\/wp-content\/uploads\/2015\/07\/fotonoticia_20150722141927_800.jpg\" \/>\n\t\t<meta property=\"og:image:width\" content=\"800\" \/>\n\t\t<meta property=\"og:image:height\" content=\"531\" \/>\n\t\t<meta property=\"article:published_time\" content=\"2015-07-22T19:04:28+00:00\" \/>\n\t\t<meta property=\"article:modified_time\" content=\"2015-07-22T19:04:28+00:00\" \/>\n\t\t<meta name=\"twitter:card\" content=\"summary_large_image\" \/>\n\t\t<meta name=\"twitter:title\" content=\"Junta de Andaluc\u00eda conf\u00eda en alcanzar un acuerdo con Fomento para la puesta en marcha del tranv\u00eda de la Bah\u00eda de C\u00e1diz | El Digital de Asturias\" \/>\n\t\t<meta name=\"twitter:description\" content=\"El consejero de Fomento y Vivienda, Felipe L\u00f3pez, conf\u00eda en alcanzar un acuerdo con la ministra de Fomento, Ana Pastor, para la participaci\u00f3n del Ministerio en la puesta en marcha del tren tranv\u00eda de la Bah\u00eda de C\u00e1diz. L\u00f3pez se ha pronunciado de este modo este mi\u00e9rcoles durante una visita a las obras del tramo\" \/>\n\t\t<meta name=\"twitter:image\" content=\"https:\/\/eldigitaldeasturias.com\/magazine365\/wp-content\/uploads\/2015\/07\/fotonoticia_20150722141927_800.jpg\" \/>\n\t\t<script type=\"application\/ld+json\" class=\"aioseo-schema\">\n\t\t\t{\"@context\":\"https:\\\/\\\/schema.org\",\"@graph\":[{\"@type\":\"Article\",\"@id\":\"https:\\\/\\\/eldigitaldeasturias.com\\\/magazine365\\\/junta-de-andalucia-confia-en-alcanzar-un-acuerdo-con-fomento-para-la-puesta-en-marcha-del-tranvia-de-la-bahia-de-cadiz\\\/#article\",\"name\":\"Junta de Andaluc\\u00eda conf\\u00eda en alcanzar un acuerdo con Fomento para la puesta en marcha del tranv\\u00eda de la Bah\\u00eda de C\\u00e1diz | El Digital de Asturias\",\"headline\":\"Junta de Andaluc\\u00eda conf\\u00eda en alcanzar un acuerdo con Fomento para la puesta en marcha del tranv\\u00eda de la Bah\\u00eda de C\\u00e1diz\",\"author\":{\"@id\":\"https:\\\/\\\/eldigitaldeasturias.com\\\/magazine365\\\/author\\\/admin\\\/#author\"},\"publisher\":{\"@id\":\"https:\\\/\\\/eldigitaldeasturias.com\\\/magazine365\\\/#organization\"},\"image\":{\"@type\":\"ImageObject\",\"url\":\"https:\\\/\\\/eldigitaldeasturias.com\\\/magazine365\\\/wp-content\\\/uploads\\\/2015\\\/07\\\/fotonoticia_20150722141927_800.jpg\",\"width\":800,\"height\":531},\"datePublished\":\"2015-07-22T21:04:28+02:00\",\"dateModified\":\"2015-07-22T21:04:28+02:00\",\"inLanguage\":\"es-ES\",\"mainEntityOfPage\":{\"@id\":\"https:\\\/\\\/eldigitaldeasturias.com\\\/magazine365\\\/junta-de-andalucia-confia-en-alcanzar-un-acuerdo-con-fomento-para-la-puesta-en-marcha-del-tranvia-de-la-bahia-de-cadiz\\\/#webpage\"},\"isPartOf\":{\"@id\":\"https:\\\/\\\/eldigitaldeasturias.com\\\/magazine365\\\/junta-de-andalucia-confia-en-alcanzar-un-acuerdo-con-fomento-para-la-puesta-en-marcha-del-tranvia-de-la-bahia-de-cadiz\\\/#webpage\"},\"articleSection\":\"Noticias y Actualidad\"},{\"@type\":\"BreadcrumbList\",\"@id\":\"https:\\\/\\\/eldigitaldeasturias.com\\\/magazine365\\\/junta-de-andalucia-confia-en-alcanzar-un-acuerdo-con-fomento-para-la-puesta-en-marcha-del-tranvia-de-la-bahia-de-cadiz\\\/#breadcrumblist\",\"itemListElement\":[{\"@type\":\"ListItem\",\"@id\":\"https:\\\/\\\/eldigitaldeasturias.com\\\/magazine365#listItem\",\"position\":1,\"name\":\"Home\",\"item\":\"https:\\\/\\\/eldigitaldeasturias.com\\\/magazine365\",\"nextItem\":{\"@type\":\"ListItem\",\"@id\":\"https:\\\/\\\/eldigitaldeasturias.com\\\/magazine365\\\/category\\\/noticias-actualidad\\\/#listItem\",\"name\":\"Noticias y Actualidad\"}},{\"@type\":\"ListItem\",\"@id\":\"https:\\\/\\\/eldigitaldeasturias.com\\\/magazine365\\\/category\\\/noticias-actualidad\\\/#listItem\",\"position\":2,\"name\":\"Noticias y Actualidad\",\"item\":\"https:\\\/\\\/eldigitaldeasturias.com\\\/magazine365\\\/category\\\/noticias-actualidad\\\/\",\"nextItem\":{\"@type\":\"ListItem\",\"@id\":\"https:\\\/\\\/eldigitaldeasturias.com\\\/magazine365\\\/junta-de-andalucia-confia-en-alcanzar-un-acuerdo-con-fomento-para-la-puesta-en-marcha-del-tranvia-de-la-bahia-de-cadiz\\\/#listItem\",\"name\":\"Junta de Andaluc\\u00eda conf\\u00eda en alcanzar un acuerdo con Fomento para la puesta en marcha del tranv\\u00eda de la Bah\\u00eda de C\\u00e1diz\"},\"previousItem\":{\"@type\":\"ListItem\",\"@id\":\"https:\\\/\\\/eldigitaldeasturias.com\\\/magazine365#listItem\",\"name\":\"Home\"}},{\"@type\":\"ListItem\",\"@id\":\"https:\\\/\\\/eldigitaldeasturias.com\\\/magazine365\\\/junta-de-andalucia-confia-en-alcanzar-un-acuerdo-con-fomento-para-la-puesta-en-marcha-del-tranvia-de-la-bahia-de-cadiz\\\/#listItem\",\"position\":3,\"name\":\"Junta de Andaluc\\u00eda conf\\u00eda en alcanzar un acuerdo con Fomento para la puesta en marcha del tranv\\u00eda de la Bah\\u00eda de C\\u00e1diz\",\"previousItem\":{\"@type\":\"ListItem\",\"@id\":\"https:\\\/\\\/eldigitaldeasturias.com\\\/magazine365\\\/category\\\/noticias-actualidad\\\/#listItem\",\"name\":\"Noticias y Actualidad\"}}]},{\"@type\":\"Organization\",\"@id\":\"https:\\\/\\\/eldigitaldeasturias.com\\\/magazine365\\\/#organization\",\"name\":\"El digital de Asturias\",\"description\":\"Revista de ocio, turismo y estilo de vida\",\"url\":\"https:\\\/\\\/eldigitaldeasturias.com\\\/magazine365\\\/\",\"logo\":{\"@type\":\"ImageObject\",\"url\":\"https:\\\/\\\/www.eldigitaldeasturias.com\\\/noticias\\\/wp-content\\\/uploads\\\/2020\\\/12\\\/EDA.jpg\",\"@id\":\"https:\\\/\\\/eldigitaldeasturias.com\\\/magazine365\\\/junta-de-andalucia-confia-en-alcanzar-un-acuerdo-con-fomento-para-la-puesta-en-marcha-del-tranvia-de-la-bahia-de-cadiz\\\/#organizationLogo\"},\"image\":{\"@id\":\"https:\\\/\\\/eldigitaldeasturias.com\\\/magazine365\\\/junta-de-andalucia-confia-en-alcanzar-un-acuerdo-con-fomento-para-la-puesta-en-marcha-del-tranvia-de-la-bahia-de-cadiz\\\/#organizationLogo\"}},{\"@type\":\"Person\",\"@id\":\"https:\\\/\\\/eldigitaldeasturias.com\\\/magazine365\\\/author\\\/admin\\\/#author\",\"url\":\"https:\\\/\\\/eldigitaldeasturias.com\\\/magazine365\\\/author\\\/admin\\\/\",\"name\":\"admin\",\"image\":{\"@type\":\"ImageObject\",\"@id\":\"https:\\\/\\\/eldigitaldeasturias.com\\\/magazine365\\\/junta-de-andalucia-confia-en-alcanzar-un-acuerdo-con-fomento-para-la-puesta-en-marcha-del-tranvia-de-la-bahia-de-cadiz\\\/#authorImage\",\"url\":\"https:\\\/\\\/eldigitaldeasturias.com\\\/magazine365\\\/wp-content\\\/litespeed\\\/avatar\\\/e571bcf59a0edd6fa6838245a470f2fe.jpg?ver=1777574230\",\"width\":96,\"height\":96,\"caption\":\"admin\"}},{\"@type\":\"WebPage\",\"@id\":\"https:\\\/\\\/eldigitaldeasturias.com\\\/magazine365\\\/junta-de-andalucia-confia-en-alcanzar-un-acuerdo-con-fomento-para-la-puesta-en-marcha-del-tranvia-de-la-bahia-de-cadiz\\\/#webpage\",\"url\":\"https:\\\/\\\/eldigitaldeasturias.com\\\/magazine365\\\/junta-de-andalucia-confia-en-alcanzar-un-acuerdo-con-fomento-para-la-puesta-en-marcha-del-tranvia-de-la-bahia-de-cadiz\\\/\",\"name\":\"Junta de Andaluc\\u00eda conf\\u00eda en alcanzar un acuerdo con Fomento para la puesta en marcha del tranv\\u00eda de la Bah\\u00eda de C\\u00e1diz | El Digital de Asturias\",\"description\":\"El consejero de Fomento y Vivienda, Felipe L\\u00f3pez, conf\\u00eda en alcanzar un acuerdo con la ministra de Fomento, Ana Pastor, para la participaci\\u00f3n del Ministerio en la puesta en marcha del tren tranv\\u00eda de la Bah\\u00eda de C\\u00e1diz. L\\u00f3pez se ha pronunciado de este modo este mi\\u00e9rcoles durante una visita a las obras del tramo\",\"inLanguage\":\"es-ES\",\"isPartOf\":{\"@id\":\"https:\\\/\\\/eldigitaldeasturias.com\\\/magazine365\\\/#website\"},\"breadcrumb\":{\"@id\":\"https:\\\/\\\/eldigitaldeasturias.com\\\/magazine365\\\/junta-de-andalucia-confia-en-alcanzar-un-acuerdo-con-fomento-para-la-puesta-en-marcha-del-tranvia-de-la-bahia-de-cadiz\\\/#breadcrumblist\"},\"author\":{\"@id\":\"https:\\\/\\\/eldigitaldeasturias.com\\\/magazine365\\\/author\\\/admin\\\/#author\"},\"creator\":{\"@id\":\"https:\\\/\\\/eldigitaldeasturias.com\\\/magazine365\\\/author\\\/admin\\\/#author\"},\"image\":{\"@type\":\"ImageObject\",\"url\":\"https:\\\/\\\/eldigitaldeasturias.com\\\/magazine365\\\/wp-content\\\/uploads\\\/2015\\\/07\\\/fotonoticia_20150722141927_800.jpg\",\"@id\":\"https:\\\/\\\/eldigitaldeasturias.com\\\/magazine365\\\/junta-de-andalucia-confia-en-alcanzar-un-acuerdo-con-fomento-para-la-puesta-en-marcha-del-tranvia-de-la-bahia-de-cadiz\\\/#mainImage\",\"width\":800,\"height\":531},\"primaryImageOfPage\":{\"@id\":\"https:\\\/\\\/eldigitaldeasturias.com\\\/magazine365\\\/junta-de-andalucia-confia-en-alcanzar-un-acuerdo-con-fomento-para-la-puesta-en-marcha-del-tranvia-de-la-bahia-de-cadiz\\\/#mainImage\"},\"datePublished\":\"2015-07-22T21:04:28+02:00\",\"dateModified\":\"2015-07-22T21:04:28+02:00\"},{\"@type\":\"WebSite\",\"@id\":\"https:\\\/\\\/eldigitaldeasturias.com\\\/magazine365\\\/#website\",\"url\":\"https:\\\/\\\/eldigitaldeasturias.com\\\/magazine365\\\/\",\"name\":\"El Digital de Asturias\",\"description\":\"Revista de ocio, turismo y estilo de vida\",\"inLanguage\":\"es-ES\",\"publisher\":{\"@id\":\"https:\\\/\\\/eldigitaldeasturias.com\\\/magazine365\\\/#organization\"}}]}\n\t\t<\/script>\n\t\t<!-- All in One SEO Pro -->\r\n\t\t<title>Junta de Andaluc\u00eda conf\u00eda en alcanzar un acuerdo con Fomento para la puesta en marcha del tranv\u00eda de la Bah\u00eda de C\u00e1diz | El Digital de Asturias<\/title>\n\n","aioseo_head_json":{"title":"Junta de Andaluc\u00eda conf\u00eda en alcanzar un acuerdo con Fomento para la puesta en marcha del tranv\u00eda de la Bah\u00eda de C\u00e1diz | El Digital de Asturias","description":"El consejero de Fomento y Vivienda, Felipe L\u00f3pez, conf\u00eda en alcanzar un acuerdo con la ministra de Fomento, Ana Pastor, para la participaci\u00f3n del Ministerio en la puesta en marcha del tren tranv\u00eda de la Bah\u00eda de C\u00e1diz. L\u00f3pez se ha pronunciado de este modo este mi\u00e9rcoles durante una visita a las obras del tramo","canonical_url":"https:\/\/eldigitaldeasturias.com\/magazine365\/junta-de-andalucia-confia-en-alcanzar-un-acuerdo-con-fomento-para-la-puesta-en-marcha-del-tranvia-de-la-bahia-de-cadiz\/","robots":"max-image-preview:large","keywords":"noticias y actualidad","webmasterTools":{"google-site-verification":"UA-38556648-1","miscellaneous":""},"schema":{"@context":"https:\/\/schema.org","@graph":[{"@type":"Article","@id":"https:\/\/eldigitaldeasturias.com\/magazine365\/junta-de-andalucia-confia-en-alcanzar-un-acuerdo-con-fomento-para-la-puesta-en-marcha-del-tranvia-de-la-bahia-de-cadiz\/#article","name":"Junta de Andaluc\u00eda conf\u00eda en alcanzar un acuerdo con Fomento para la puesta en marcha del tranv\u00eda de la Bah\u00eda de C\u00e1diz | El Digital de Asturias","headline":"Junta de Andaluc\u00eda conf\u00eda en alcanzar un acuerdo con Fomento para la puesta en marcha del tranv\u00eda de la Bah\u00eda de C\u00e1diz","author":{"@id":"https:\/\/eldigitaldeasturias.com\/magazine365\/author\/admin\/#author"},"publisher":{"@id":"https:\/\/eldigitaldeasturias.com\/magazine365\/#organization"},"image":{"@type":"ImageObject","url":"https:\/\/eldigitaldeasturias.com\/magazine365\/wp-content\/uploads\/2015\/07\/fotonoticia_20150722141927_800.jpg","width":800,"height":531},"datePublished":"2015-07-22T21:04:28+02:00","dateModified":"2015-07-22T21:04:28+02:00","inLanguage":"es-ES","mainEntityOfPage":{"@id":"https:\/\/eldigitaldeasturias.com\/magazine365\/junta-de-andalucia-confia-en-alcanzar-un-acuerdo-con-fomento-para-la-puesta-en-marcha-del-tranvia-de-la-bahia-de-cadiz\/#webpage"},"isPartOf":{"@id":"https:\/\/eldigitaldeasturias.com\/magazine365\/junta-de-andalucia-confia-en-alcanzar-un-acuerdo-con-fomento-para-la-puesta-en-marcha-del-tranvia-de-la-bahia-de-cadiz\/#webpage"},"articleSection":"Noticias y Actualidad"},{"@type":"BreadcrumbList","@id":"https:\/\/eldigitaldeasturias.com\/magazine365\/junta-de-andalucia-confia-en-alcanzar-un-acuerdo-con-fomento-para-la-puesta-en-marcha-del-tranvia-de-la-bahia-de-cadiz\/#breadcrumblist","itemListElement":[{"@type":"ListItem","@id":"https:\/\/eldigitaldeasturias.com\/magazine365#listItem","position":1,"name":"Home","item":"https:\/\/eldigitaldeasturias.com\/magazine365","nextItem":{"@type":"ListItem","@id":"https:\/\/eldigitaldeasturias.com\/magazine365\/category\/noticias-actualidad\/#listItem","name":"Noticias y Actualidad"}},{"@type":"ListItem","@id":"https:\/\/eldigitaldeasturias.com\/magazine365\/category\/noticias-actualidad\/#listItem","position":2,"name":"Noticias y Actualidad","item":"https:\/\/eldigitaldeasturias.com\/magazine365\/category\/noticias-actualidad\/","nextItem":{"@type":"ListItem","@id":"https:\/\/eldigitaldeasturias.com\/magazine365\/junta-de-andalucia-confia-en-alcanzar-un-acuerdo-con-fomento-para-la-puesta-en-marcha-del-tranvia-de-la-bahia-de-cadiz\/#listItem","name":"Junta de Andaluc\u00eda conf\u00eda en alcanzar un acuerdo con Fomento para la puesta en marcha del tranv\u00eda de la Bah\u00eda de C\u00e1diz"},"previousItem":{"@type":"ListItem","@id":"https:\/\/eldigitaldeasturias.com\/magazine365#listItem","name":"Home"}},{"@type":"ListItem","@id":"https:\/\/eldigitaldeasturias.com\/magazine365\/junta-de-andalucia-confia-en-alcanzar-un-acuerdo-con-fomento-para-la-puesta-en-marcha-del-tranvia-de-la-bahia-de-cadiz\/#listItem","position":3,"name":"Junta de Andaluc\u00eda conf\u00eda en alcanzar un acuerdo con Fomento para la puesta en marcha del tranv\u00eda de la Bah\u00eda de C\u00e1diz","previousItem":{"@type":"ListItem","@id":"https:\/\/eldigitaldeasturias.com\/magazine365\/category\/noticias-actualidad\/#listItem","name":"Noticias y Actualidad"}}]},{"@type":"Organization","@id":"https:\/\/eldigitaldeasturias.com\/magazine365\/#organization","name":"El digital de Asturias","description":"Revista de ocio, turismo y estilo de vida","url":"https:\/\/eldigitaldeasturias.com\/magazine365\/","logo":{"@type":"ImageObject","url":"https:\/\/www.eldigitaldeasturias.com\/noticias\/wp-content\/uploads\/2020\/12\/EDA.jpg","@id":"https:\/\/eldigitaldeasturias.com\/magazine365\/junta-de-andalucia-confia-en-alcanzar-un-acuerdo-con-fomento-para-la-puesta-en-marcha-del-tranvia-de-la-bahia-de-cadiz\/#organizationLogo"},"image":{"@id":"https:\/\/eldigitaldeasturias.com\/magazine365\/junta-de-andalucia-confia-en-alcanzar-un-acuerdo-con-fomento-para-la-puesta-en-marcha-del-tranvia-de-la-bahia-de-cadiz\/#organizationLogo"}},{"@type":"Person","@id":"https:\/\/eldigitaldeasturias.com\/magazine365\/author\/admin\/#author","url":"https:\/\/eldigitaldeasturias.com\/magazine365\/author\/admin\/","name":"admin","image":{"@type":"ImageObject","@id":"https:\/\/eldigitaldeasturias.com\/magazine365\/junta-de-andalucia-confia-en-alcanzar-un-acuerdo-con-fomento-para-la-puesta-en-marcha-del-tranvia-de-la-bahia-de-cadiz\/#authorImage","url":"https:\/\/eldigitaldeasturias.com\/magazine365\/wp-content\/litespeed\/avatar\/e571bcf59a0edd6fa6838245a470f2fe.jpg?ver=1777574230","width":96,"height":96,"caption":"admin"}},{"@type":"WebPage","@id":"https:\/\/eldigitaldeasturias.com\/magazine365\/junta-de-andalucia-confia-en-alcanzar-un-acuerdo-con-fomento-para-la-puesta-en-marcha-del-tranvia-de-la-bahia-de-cadiz\/#webpage","url":"https:\/\/eldigitaldeasturias.com\/magazine365\/junta-de-andalucia-confia-en-alcanzar-un-acuerdo-con-fomento-para-la-puesta-en-marcha-del-tranvia-de-la-bahia-de-cadiz\/","name":"Junta de Andaluc\u00eda conf\u00eda en alcanzar un acuerdo con Fomento para la puesta en marcha del tranv\u00eda de la Bah\u00eda de C\u00e1diz | El Digital de Asturias","description":"El consejero de Fomento y Vivienda, Felipe L\u00f3pez, conf\u00eda en alcanzar un acuerdo con la ministra de Fomento, Ana Pastor, para la participaci\u00f3n del Ministerio en la puesta en marcha del tren tranv\u00eda de la Bah\u00eda de C\u00e1diz. L\u00f3pez se ha pronunciado de este modo este mi\u00e9rcoles durante una visita a las obras del tramo","inLanguage":"es-ES","isPartOf":{"@id":"https:\/\/eldigitaldeasturias.com\/magazine365\/#website"},"breadcrumb":{"@id":"https:\/\/eldigitaldeasturias.com\/magazine365\/junta-de-andalucia-confia-en-alcanzar-un-acuerdo-con-fomento-para-la-puesta-en-marcha-del-tranvia-de-la-bahia-de-cadiz\/#breadcrumblist"},"author":{"@id":"https:\/\/eldigitaldeasturias.com\/magazine365\/author\/admin\/#author"},"creator":{"@id":"https:\/\/eldigitaldeasturias.com\/magazine365\/author\/admin\/#author"},"image":{"@type":"ImageObject","url":"https:\/\/eldigitaldeasturias.com\/magazine365\/wp-content\/uploads\/2015\/07\/fotonoticia_20150722141927_800.jpg","@id":"https:\/\/eldigitaldeasturias.com\/magazine365\/junta-de-andalucia-confia-en-alcanzar-un-acuerdo-con-fomento-para-la-puesta-en-marcha-del-tranvia-de-la-bahia-de-cadiz\/#mainImage","width":800,"height":531},"primaryImageOfPage":{"@id":"https:\/\/eldigitaldeasturias.com\/magazine365\/junta-de-andalucia-confia-en-alcanzar-un-acuerdo-con-fomento-para-la-puesta-en-marcha-del-tranvia-de-la-bahia-de-cadiz\/#mainImage"},"datePublished":"2015-07-22T21:04:28+02:00","dateModified":"2015-07-22T21:04:28+02:00"},{"@type":"WebSite","@id":"https:\/\/eldigitaldeasturias.com\/magazine365\/#website","url":"https:\/\/eldigitaldeasturias.com\/magazine365\/","name":"El Digital de Asturias","description":"Revista de ocio, turismo y estilo de vida","inLanguage":"es-ES","publisher":{"@id":"https:\/\/eldigitaldeasturias.com\/magazine365\/#organization"}}]},"og:locale":"es_ES","og:site_name":"El Digital de Asturias \u2013 Revista de ocio, turismo y estilo de vida","og:type":"article","og:title":"Junta de Andaluc\u00eda conf\u00eda en alcanzar un acuerdo con Fomento para la puesta en marcha del tranv\u00eda de la Bah\u00eda de C\u00e1diz | El Digital de Asturias","og:description":"El consejero de Fomento y Vivienda, Felipe L\u00f3pez, conf\u00eda en alcanzar un acuerdo con la ministra de Fomento, Ana Pastor, para la participaci\u00f3n del Ministerio en la puesta en marcha del tren tranv\u00eda de la Bah\u00eda de C\u00e1diz. L\u00f3pez se ha pronunciado de este modo este mi\u00e9rcoles durante una visita a las obras del tramo","og:url":"https:\/\/eldigitaldeasturias.com\/magazine365\/junta-de-andalucia-confia-en-alcanzar-un-acuerdo-con-fomento-para-la-puesta-en-marcha-del-tranvia-de-la-bahia-de-cadiz\/","og:image":"https:\/\/eldigitaldeasturias.com\/magazine365\/wp-content\/uploads\/2015\/07\/fotonoticia_20150722141927_800.jpg","og:image:secure_url":"https:\/\/eldigitaldeasturias.com\/magazine365\/wp-content\/uploads\/2015\/07\/fotonoticia_20150722141927_800.jpg","og:image:width":800,"og:image:height":531,"article:published_time":"2015-07-22T19:04:28+00:00","article:modified_time":"2015-07-22T19:04:28+00:00","twitter:card":"summary_large_image","twitter:title":"Junta de Andaluc\u00eda conf\u00eda en alcanzar un acuerdo con Fomento para la puesta en marcha del tranv\u00eda de la Bah\u00eda de C\u00e1diz | El Digital de Asturias","twitter:description":"El consejero de Fomento y Vivienda, Felipe L\u00f3pez, conf\u00eda en alcanzar un acuerdo con la ministra de Fomento, Ana Pastor, para la participaci\u00f3n del Ministerio en la puesta en marcha del tren tranv\u00eda de la Bah\u00eda de C\u00e1diz. L\u00f3pez se ha pronunciado de este modo este mi\u00e9rcoles durante una visita a las obras del tramo","twitter:image":"https:\/\/eldigitaldeasturias.com\/magazine365\/wp-content\/uploads\/2015\/07\/fotonoticia_20150722141927_800.jpg"},"aioseo_meta_data":{"post_id":"43485","title":null,"description":null,"keywords":null,"keyphrases":null,"primary_term":null,"canonical_url":null,"og_title":null,"og_description":null,"og_object_type":"default","og_image_type":"default","og_image_url":null,"og_image_width":null,"og_image_height":null,"og_image_custom_url":null,"og_image_custom_fields":null,"og_video":null,"og_custom_url":null,"og_article_section":null,"og_article_tags":null,"twitter_use_og":false,"twitter_card":"default","twitter_image_type":"default","twitter_image_url":null,"twitter_image_custom_url":null,"twitter_image_custom_fields":null,"twitter_title":null,"twitter_description":null,"schema":{"blockGraphs":[],"customGraphs":[],"default":{"data":{"Article":[],"Course":[],"Dataset":[],"FAQPage":[],"Movie":[],"Person":[],"Product":[],"ProductReview":[],"Car":[],"Recipe":[],"Service":[],"SoftwareApplication":[],"WebPage":[]},"graphName":"","isEnabled":true},"graphs":[],"defaultGraph":"","defaultPostTypeGraph":""},"schema_type":null,"schema_type_options":null,"pillar_content":false,"robots_default":true,"robots_noindex":false,"robots_noarchive":false,"robots_nosnippet":false,"robots_nofollow":false,"robots_noimageindex":false,"robots_noodp":false,"robots_notranslate":false,"robots_max_snippet":null,"robots_max_videopreview":null,"robots_max_imagepreview":"large","priority":null,"frequency":null,"location":null,"local_seo":null,"seo_analyzer_scan_date":"2025-09-19 19:57:35","breadcrumb_settings":null,"limit_modified_date":false,"open_ai":null,"ai":null,"created":"2021-03-09 01:47:11","updated":"2025-09-19 19:57:35"},"aioseo_breadcrumb":"<div class=\"aioseo-breadcrumbs\"><span class=\"aioseo-breadcrumb\">\n\t<a href=\"https:\/\/eldigitaldeasturias.com\/magazine365\" title=\"Home\">Home<\/a>\n<\/span><span class=\"aioseo-breadcrumb-separator\">\u2013<\/span><span class=\"aioseo-breadcrumb\">\n\t<a href=\"https:\/\/eldigitaldeasturias.com\/magazine365\/category\/noticias-actualidad\/\" title=\"Noticias y Actualidad\">Noticias y Actualidad<\/a>\n<\/span><span class=\"aioseo-breadcrumb-separator\">\u2013<\/span><span class=\"aioseo-breadcrumb\">\n\t<a href=\"https:\/\/eldigitaldeasturias.com\/magazine365\/junta-de-andalucia-confia-en-alcanzar-un-acuerdo-con-fomento-para-la-puesta-en-marcha-del-tranvia-de-la-bahia-de-cadiz\/\" title=\"Junta de Andaluc\u00eda conf\u00eda en alcanzar un acuerdo con Fomento para la puesta en marcha del tranv\u00eda de la Bah\u00eda de C\u00e1diz\">Junta de Andaluc\u00eda conf\u00eda en alcanzar un acuerdo con Fomento para la puesta en marcha del tranv\u00eda de la Bah\u00eda de C\u00e1diz<\/a>\n<\/span><\/div>","aioseo_breadcrumb_json":[{"label":"Home","link":"https:\/\/eldigitaldeasturias.com\/magazine365"},{"label":"Noticias y Actualidad","link":"https:\/\/eldigitaldeasturias.com\/magazine365\/category\/noticias-actualidad\/"},{"label":"Junta de Andaluc\u00eda conf\u00eda en alcanzar un acuerdo con Fomento para la puesta en marcha del tranv\u00eda de la Bah\u00eda de C\u00e1diz","link":"https:\/\/eldigitaldeasturias.com\/magazine365\/junta-de-andalucia-confia-en-alcanzar-un-acuerdo-con-fomento-para-la-puesta-en-marcha-del-tranvia-de-la-bahia-de-cadiz\/"}],"_links":{"self":[{"href":"https:\/\/eldigitaldeasturias.com\/magazine365\/wp-json\/wp\/v2\/posts\/43485","targetHints":{"allow":["GET"]}}],"collection":[{"href":"https:\/\/eldigitaldeasturias.com\/magazine365\/wp-json\/wp\/v2\/posts"}],"about":[{"href":"https:\/\/eldigitaldeasturias.com\/magazine365\/wp-json\/wp\/v2\/types\/post"}],"author":[{"embeddable":true,"href":"https:\/\/eldigitaldeasturias.com\/magazine365\/wp-json\/wp\/v2\/users\/1"}],"replies":[{"embeddable":true,"href":"https:\/\/eldigitaldeasturias.com\/magazine365\/wp-json\/wp\/v2\/comments?post=43485"}],"version-history":[{"count":0,"href":"https:\/\/eldigitaldeasturias.com\/magazine365\/wp-json\/wp\/v2\/posts\/43485\/revisions"}],"wp:featuredmedia":[{"embeddable":true,"href":"https:\/\/eldigitaldeasturias.com\/magazine365\/wp-json\/wp\/v2\/media\/43486"}],"wp:attachment":[{"href":"https:\/\/eldigitaldeasturias.com\/magazine365\/wp-json\/wp\/v2\/media?parent=43485"}],"wp:term":[{"taxonomy":"category","embeddable":true,"href":"https:\/\/eldigitaldeasturias.com\/magazine365\/wp-json\/wp\/v2\/categories?post=43485"},{"taxonomy":"post_tag","embeddable":true,"href":"https:\/\/eldigitaldeasturias.com\/magazine365\/wp-json\/wp\/v2\/tags?post=43485"}],"curies":[{"name":"wp","href":"https:\/\/api.w.org\/{rel}","templated":true}]}}