{"id":43421,"date":"2015-07-22T13:58:24","date_gmt":"2015-07-22T11:58:24","guid":{"rendered":"http:\/\/eldigitaldeasturias.com\/magazine365\/?p=43421"},"modified":"2015-07-22T13:58:24","modified_gmt":"2015-07-22T11:58:24","slug":"fomento-pondra-en-marcha-en-octubre-el-tren-directo-entre-atocha-y-barajas","status":"publish","type":"post","link":"https:\/\/eldigitaldeasturias.com\/magazine365\/fomento-pondra-en-marcha-en-octubre-el-tren-directo-entre-atocha-y-barajas\/","title":{"rendered":"Fomento pondr\u00e1 en marcha en octubre el tren directo entre Atocha y Barajas"},"content":{"rendered":"<p><img fetchpriority=\"high\" decoding=\"async\" class=\"alignleft size-medium wp-image-39724\" src=\"https:\/\/eldigitaldeasturias.com\/magazine365\/wp-content\/uploads\/2015\/06\/aeropu-360x240.jpg\" alt=\"aeropu\" width=\"360\" height=\"240\" srcset=\"https:\/\/eldigitaldeasturias.com\/magazine365\/wp-content\/uploads\/2015\/06\/aeropu-360x240.jpg 360w, https:\/\/eldigitaldeasturias.com\/magazine365\/wp-content\/uploads\/2015\/06\/aeropu-650x433.jpg 650w, https:\/\/eldigitaldeasturias.com\/magazine365\/wp-content\/uploads\/2015\/06\/aeropu-768x512.jpg 768w, https:\/\/eldigitaldeasturias.com\/magazine365\/wp-content\/uploads\/2015\/06\/aeropu-150x100.jpg 150w, https:\/\/eldigitaldeasturias.com\/magazine365\/wp-content\/uploads\/2015\/06\/aeropu-450x300.jpg 450w, https:\/\/eldigitaldeasturias.com\/magazine365\/wp-content\/uploads\/2015\/06\/aeropu-696x464.jpg 696w, https:\/\/eldigitaldeasturias.com\/magazine365\/wp-content\/uploads\/2015\/06\/aeropu-630x420.jpg 630w, https:\/\/eldigitaldeasturias.com\/magazine365\/wp-content\/uploads\/2015\/06\/aeropu-84x55.jpg 84w, https:\/\/eldigitaldeasturias.com\/magazine365\/wp-content\/uploads\/2015\/06\/aeropu.jpg 800w\" sizes=\"(max-width: 360px) 100vw, 360px\" \/>El Ministerio de Fomento prev\u00e9 poner en marcha el pr\u00f3ximo mes de octubre la conexi\u00f3n ferroviaria directa entre la estaci\u00f3n de tren de Madrid-Atocha y el aeropuerto de Barajas.<\/p>\n<p>Se trata de un enlace ferroviario directo, que saldr\u00e1 cada media hora y que s\u00f3lo tendr\u00e1 parada en la estaci\u00f3n de Chamart\u00edn, seg\u00fan avanz\u00f3 la ministra, Ana Pastor.<\/p>\n<p>Esta conexi\u00f3n ferroviaria entre las dos grandes estaciones de tren de la capital y el aer\u00f3dromo se pondr\u00e1 en servicio una vez que concluyan las obras de adecuaci\u00f3n que se realizan en Atocha, explic\u00f3 la titular de Fomento en declaraciones a Telemadrid recogidas por Europa Press.<\/p>\n<p>Estas obras tienen como fin facilitar un acceso directo desde la zona de &#8216;Llegadas&#8217; del AVE y la Larga Distancia de la estaci\u00f3n de Atocha y la zona de Cercan\u00edas de la estaci\u00f3n, en la que se tomar\u00e1 el nuevo tren directo.<\/p>\n<p>Isolux Cors\u00e1n se adjudic\u00f3 estos trabajos de adecuaci\u00f3n el pasado mes de abril por un importe de 834.413 euros y un plazo de ejecuci\u00f3n de unos tres meses.<\/p>\n<p>Las obras incluyen la instalaci\u00f3n de un ascensor para evitar que los pasajeros procedentes del AVE tengan que recorrer toda la estaci\u00f3n para llegar a Cercan\u00edas y tomar el tren a Barajas.<\/p>\n<p>Pastor enmarc\u00f3 esta iniciativa en la estrategia del Ministerio de fomentar la interoperabilidad en la que tambi\u00e9n se circunscribe el acuerdo que Renfe e Iberia prev\u00e9n firmar pr\u00f3ximamente para lanzar un billete \u00fanico que combinar\u00e1 trayectos internacionales en avi\u00f3n con viajes nacionales en AVE.<\/p>\n","protected":false},"excerpt":{"rendered":"<p>El Ministerio de Fomento prev\u00e9 poner en marcha el pr\u00f3ximo mes de octubre la conexi\u00f3n ferroviaria directa entre la estaci\u00f3n de tren de Madrid-Atocha y el aeropuerto de Barajas. Se trata de un enlace ferroviario directo, que saldr\u00e1 cada media hora y que s\u00f3lo tendr\u00e1 parada en la estaci\u00f3n de Chamart\u00edn, seg\u00fan avanz\u00f3 la ministra,<\/p>\n","protected":false},"author":1,"featured_media":39724,"comment_status":"open","ping_status":"closed","sticky":false,"template":"","format":"standard","meta":{"footnotes":""},"categories":[224],"tags":[],"class_list":{"0":"post-43421","1":"post","2":"type-post","3":"status-publish","4":"format-standard","5":"has-post-thumbnail","7":"category-noticias-actualidad"},"aioseo_notices":[],"aioseo_head":"\n\t\t<!-- All in One SEO Pro 4.9.6.1 - aioseo.com -->\n\t<meta name=\"description\" content=\"El Ministerio de Fomento prev\u00e9 poner en marcha el pr\u00f3ximo mes de octubre la conexi\u00f3n ferroviaria directa entre la estaci\u00f3n de tren de Madrid-Atocha y el aeropuerto de Barajas. Se trata de un enlace ferroviario directo, que saldr\u00e1 cada media hora y que s\u00f3lo tendr\u00e1 parada en la estaci\u00f3n de Chamart\u00edn, seg\u00fan avanz\u00f3 la ministra,\" \/>\n\t<meta name=\"robots\" content=\"max-image-preview:large\" \/>\n\t<meta name=\"author\" content=\"admin\"\/>\n\t<meta name=\"google-site-verification\" content=\"UA-38556648-1\" \/>\n\t<meta name=\"keywords\" content=\"noticias y actualidad\" \/>\n\t<link rel=\"canonical\" href=\"https:\/\/eldigitaldeasturias.com\/magazine365\/fomento-pondra-en-marcha-en-octubre-el-tren-directo-entre-atocha-y-barajas\/\" \/>\n\t<meta name=\"generator\" content=\"All in One SEO Pro (AIOSEO) 4.9.6.1\" \/>\n\t\t<meta property=\"og:locale\" content=\"es_ES\" \/>\n\t\t<meta property=\"og:site_name\" content=\"El Digital de Asturias \u2013 Revista de ocio, turismo y estilo de vida\" \/>\n\t\t<meta property=\"og:type\" content=\"article\" \/>\n\t\t<meta property=\"og:title\" content=\"Fomento pondr\u00e1 en marcha en octubre el tren directo entre Atocha y Barajas | El Digital de Asturias\" \/>\n\t\t<meta property=\"og:description\" content=\"El Ministerio de Fomento prev\u00e9 poner en marcha el pr\u00f3ximo mes de octubre la conexi\u00f3n ferroviaria directa entre la estaci\u00f3n de tren de Madrid-Atocha y el aeropuerto de Barajas. Se trata de un enlace ferroviario directo, que saldr\u00e1 cada media hora y que s\u00f3lo tendr\u00e1 parada en la estaci\u00f3n de Chamart\u00edn, seg\u00fan avanz\u00f3 la ministra,\" \/>\n\t\t<meta property=\"og:url\" content=\"https:\/\/eldigitaldeasturias.com\/magazine365\/fomento-pondra-en-marcha-en-octubre-el-tren-directo-entre-atocha-y-barajas\/\" \/>\n\t\t<meta property=\"og:image\" content=\"https:\/\/eldigitaldeasturias.com\/magazine365\/wp-content\/uploads\/2015\/06\/aeropu.jpg\" \/>\n\t\t<meta property=\"og:image:secure_url\" content=\"https:\/\/eldigitaldeasturias.com\/magazine365\/wp-content\/uploads\/2015\/06\/aeropu.jpg\" \/>\n\t\t<meta property=\"og:image:width\" content=\"800\" \/>\n\t\t<meta property=\"og:image:height\" content=\"533\" \/>\n\t\t<meta property=\"article:published_time\" content=\"2015-07-22T11:58:24+00:00\" \/>\n\t\t<meta property=\"article:modified_time\" content=\"2015-07-22T11:58:24+00:00\" \/>\n\t\t<meta name=\"twitter:card\" content=\"summary_large_image\" \/>\n\t\t<meta name=\"twitter:title\" content=\"Fomento pondr\u00e1 en marcha en octubre el tren directo entre Atocha y Barajas | El Digital de Asturias\" \/>\n\t\t<meta name=\"twitter:description\" content=\"El Ministerio de Fomento prev\u00e9 poner en marcha el pr\u00f3ximo mes de octubre la conexi\u00f3n ferroviaria directa entre la estaci\u00f3n de tren de Madrid-Atocha y el aeropuerto de Barajas. Se trata de un enlace ferroviario directo, que saldr\u00e1 cada media hora y que s\u00f3lo tendr\u00e1 parada en la estaci\u00f3n de Chamart\u00edn, seg\u00fan avanz\u00f3 la ministra,\" \/>\n\t\t<meta name=\"twitter:image\" content=\"https:\/\/eldigitaldeasturias.com\/magazine365\/wp-content\/uploads\/2015\/06\/aeropu.jpg\" \/>\n\t\t<script type=\"application\/ld+json\" class=\"aioseo-schema\">\n\t\t\t{\"@context\":\"https:\\\/\\\/schema.org\",\"@graph\":[{\"@type\":\"Article\",\"@id\":\"https:\\\/\\\/eldigitaldeasturias.com\\\/magazine365\\\/fomento-pondra-en-marcha-en-octubre-el-tren-directo-entre-atocha-y-barajas\\\/#article\",\"name\":\"Fomento pondr\\u00e1 en marcha en octubre el tren directo entre Atocha y Barajas | El Digital de Asturias\",\"headline\":\"Fomento pondr\\u00e1 en marcha en octubre el tren directo entre Atocha y Barajas\",\"author\":{\"@id\":\"https:\\\/\\\/eldigitaldeasturias.com\\\/magazine365\\\/author\\\/admin\\\/#author\"},\"publisher\":{\"@id\":\"https:\\\/\\\/eldigitaldeasturias.com\\\/magazine365\\\/#organization\"},\"image\":{\"@type\":\"ImageObject\",\"url\":\"https:\\\/\\\/eldigitaldeasturias.com\\\/magazine365\\\/wp-content\\\/uploads\\\/2015\\\/06\\\/aeropu.jpg\",\"width\":800,\"height\":533},\"datePublished\":\"2015-07-22T13:58:24+02:00\",\"dateModified\":\"2015-07-22T13:58:24+02:00\",\"inLanguage\":\"es-ES\",\"mainEntityOfPage\":{\"@id\":\"https:\\\/\\\/eldigitaldeasturias.com\\\/magazine365\\\/fomento-pondra-en-marcha-en-octubre-el-tren-directo-entre-atocha-y-barajas\\\/#webpage\"},\"isPartOf\":{\"@id\":\"https:\\\/\\\/eldigitaldeasturias.com\\\/magazine365\\\/fomento-pondra-en-marcha-en-octubre-el-tren-directo-entre-atocha-y-barajas\\\/#webpage\"},\"articleSection\":\"Noticias y Actualidad\"},{\"@type\":\"BreadcrumbList\",\"@id\":\"https:\\\/\\\/eldigitaldeasturias.com\\\/magazine365\\\/fomento-pondra-en-marcha-en-octubre-el-tren-directo-entre-atocha-y-barajas\\\/#breadcrumblist\",\"itemListElement\":[{\"@type\":\"ListItem\",\"@id\":\"https:\\\/\\\/eldigitaldeasturias.com\\\/magazine365#listItem\",\"position\":1,\"name\":\"Home\",\"item\":\"https:\\\/\\\/eldigitaldeasturias.com\\\/magazine365\",\"nextItem\":{\"@type\":\"ListItem\",\"@id\":\"https:\\\/\\\/eldigitaldeasturias.com\\\/magazine365\\\/category\\\/noticias-actualidad\\\/#listItem\",\"name\":\"Noticias y Actualidad\"}},{\"@type\":\"ListItem\",\"@id\":\"https:\\\/\\\/eldigitaldeasturias.com\\\/magazine365\\\/category\\\/noticias-actualidad\\\/#listItem\",\"position\":2,\"name\":\"Noticias y Actualidad\",\"item\":\"https:\\\/\\\/eldigitaldeasturias.com\\\/magazine365\\\/category\\\/noticias-actualidad\\\/\",\"nextItem\":{\"@type\":\"ListItem\",\"@id\":\"https:\\\/\\\/eldigitaldeasturias.com\\\/magazine365\\\/fomento-pondra-en-marcha-en-octubre-el-tren-directo-entre-atocha-y-barajas\\\/#listItem\",\"name\":\"Fomento pondr\\u00e1 en marcha en octubre el tren directo entre Atocha y Barajas\"},\"previousItem\":{\"@type\":\"ListItem\",\"@id\":\"https:\\\/\\\/eldigitaldeasturias.com\\\/magazine365#listItem\",\"name\":\"Home\"}},{\"@type\":\"ListItem\",\"@id\":\"https:\\\/\\\/eldigitaldeasturias.com\\\/magazine365\\\/fomento-pondra-en-marcha-en-octubre-el-tren-directo-entre-atocha-y-barajas\\\/#listItem\",\"position\":3,\"name\":\"Fomento pondr\\u00e1 en marcha en octubre el tren directo entre Atocha y Barajas\",\"previousItem\":{\"@type\":\"ListItem\",\"@id\":\"https:\\\/\\\/eldigitaldeasturias.com\\\/magazine365\\\/category\\\/noticias-actualidad\\\/#listItem\",\"name\":\"Noticias y Actualidad\"}}]},{\"@type\":\"Organization\",\"@id\":\"https:\\\/\\\/eldigitaldeasturias.com\\\/magazine365\\\/#organization\",\"name\":\"El digital de Asturias\",\"description\":\"Revista de ocio, turismo y estilo de vida\",\"url\":\"https:\\\/\\\/eldigitaldeasturias.com\\\/magazine365\\\/\",\"logo\":{\"@type\":\"ImageObject\",\"url\":\"https:\\\/\\\/www.eldigitaldeasturias.com\\\/noticias\\\/wp-content\\\/uploads\\\/2020\\\/12\\\/EDA.jpg\",\"@id\":\"https:\\\/\\\/eldigitaldeasturias.com\\\/magazine365\\\/fomento-pondra-en-marcha-en-octubre-el-tren-directo-entre-atocha-y-barajas\\\/#organizationLogo\"},\"image\":{\"@id\":\"https:\\\/\\\/eldigitaldeasturias.com\\\/magazine365\\\/fomento-pondra-en-marcha-en-octubre-el-tren-directo-entre-atocha-y-barajas\\\/#organizationLogo\"}},{\"@type\":\"Person\",\"@id\":\"https:\\\/\\\/eldigitaldeasturias.com\\\/magazine365\\\/author\\\/admin\\\/#author\",\"url\":\"https:\\\/\\\/eldigitaldeasturias.com\\\/magazine365\\\/author\\\/admin\\\/\",\"name\":\"admin\",\"image\":{\"@type\":\"ImageObject\",\"@id\":\"https:\\\/\\\/eldigitaldeasturias.com\\\/magazine365\\\/fomento-pondra-en-marcha-en-octubre-el-tren-directo-entre-atocha-y-barajas\\\/#authorImage\",\"url\":\"https:\\\/\\\/eldigitaldeasturias.com\\\/magazine365\\\/wp-content\\\/litespeed\\\/avatar\\\/e571bcf59a0edd6fa6838245a470f2fe.jpg?ver=1777574230\",\"width\":96,\"height\":96,\"caption\":\"admin\"}},{\"@type\":\"WebPage\",\"@id\":\"https:\\\/\\\/eldigitaldeasturias.com\\\/magazine365\\\/fomento-pondra-en-marcha-en-octubre-el-tren-directo-entre-atocha-y-barajas\\\/#webpage\",\"url\":\"https:\\\/\\\/eldigitaldeasturias.com\\\/magazine365\\\/fomento-pondra-en-marcha-en-octubre-el-tren-directo-entre-atocha-y-barajas\\\/\",\"name\":\"Fomento pondr\\u00e1 en marcha en octubre el tren directo entre Atocha y Barajas | El Digital de Asturias\",\"description\":\"El Ministerio de Fomento prev\\u00e9 poner en marcha el pr\\u00f3ximo mes de octubre la conexi\\u00f3n ferroviaria directa entre la estaci\\u00f3n de tren de Madrid-Atocha y el aeropuerto de Barajas. Se trata de un enlace ferroviario directo, que saldr\\u00e1 cada media hora y que s\\u00f3lo tendr\\u00e1 parada en la estaci\\u00f3n de Chamart\\u00edn, seg\\u00fan avanz\\u00f3 la ministra,\",\"inLanguage\":\"es-ES\",\"isPartOf\":{\"@id\":\"https:\\\/\\\/eldigitaldeasturias.com\\\/magazine365\\\/#website\"},\"breadcrumb\":{\"@id\":\"https:\\\/\\\/eldigitaldeasturias.com\\\/magazine365\\\/fomento-pondra-en-marcha-en-octubre-el-tren-directo-entre-atocha-y-barajas\\\/#breadcrumblist\"},\"author\":{\"@id\":\"https:\\\/\\\/eldigitaldeasturias.com\\\/magazine365\\\/author\\\/admin\\\/#author\"},\"creator\":{\"@id\":\"https:\\\/\\\/eldigitaldeasturias.com\\\/magazine365\\\/author\\\/admin\\\/#author\"},\"image\":{\"@type\":\"ImageObject\",\"url\":\"https:\\\/\\\/eldigitaldeasturias.com\\\/magazine365\\\/wp-content\\\/uploads\\\/2015\\\/06\\\/aeropu.jpg\",\"@id\":\"https:\\\/\\\/eldigitaldeasturias.com\\\/magazine365\\\/fomento-pondra-en-marcha-en-octubre-el-tren-directo-entre-atocha-y-barajas\\\/#mainImage\",\"width\":800,\"height\":533},\"primaryImageOfPage\":{\"@id\":\"https:\\\/\\\/eldigitaldeasturias.com\\\/magazine365\\\/fomento-pondra-en-marcha-en-octubre-el-tren-directo-entre-atocha-y-barajas\\\/#mainImage\"},\"datePublished\":\"2015-07-22T13:58:24+02:00\",\"dateModified\":\"2015-07-22T13:58:24+02:00\"},{\"@type\":\"WebSite\",\"@id\":\"https:\\\/\\\/eldigitaldeasturias.com\\\/magazine365\\\/#website\",\"url\":\"https:\\\/\\\/eldigitaldeasturias.com\\\/magazine365\\\/\",\"name\":\"El Digital de Asturias\",\"description\":\"Revista de ocio, turismo y estilo de vida\",\"inLanguage\":\"es-ES\",\"publisher\":{\"@id\":\"https:\\\/\\\/eldigitaldeasturias.com\\\/magazine365\\\/#organization\"}}]}\n\t\t<\/script>\n\t\t<!-- All in One SEO Pro -->\r\n\t\t<title>Fomento pondr\u00e1 en marcha en octubre el tren directo entre Atocha y Barajas | El Digital de Asturias<\/title>\n\n","aioseo_head_json":{"title":"Fomento pondr\u00e1 en marcha en octubre el tren directo entre Atocha y Barajas | El Digital de Asturias","description":"El Ministerio de Fomento prev\u00e9 poner en marcha el pr\u00f3ximo mes de octubre la conexi\u00f3n ferroviaria directa entre la estaci\u00f3n de tren de Madrid-Atocha y el aeropuerto de Barajas. Se trata de un enlace ferroviario directo, que saldr\u00e1 cada media hora y que s\u00f3lo tendr\u00e1 parada en la estaci\u00f3n de Chamart\u00edn, seg\u00fan avanz\u00f3 la ministra,","canonical_url":"https:\/\/eldigitaldeasturias.com\/magazine365\/fomento-pondra-en-marcha-en-octubre-el-tren-directo-entre-atocha-y-barajas\/","robots":"max-image-preview:large","keywords":"noticias y actualidad","webmasterTools":{"google-site-verification":"UA-38556648-1","miscellaneous":""},"schema":{"@context":"https:\/\/schema.org","@graph":[{"@type":"Article","@id":"https:\/\/eldigitaldeasturias.com\/magazine365\/fomento-pondra-en-marcha-en-octubre-el-tren-directo-entre-atocha-y-barajas\/#article","name":"Fomento pondr\u00e1 en marcha en octubre el tren directo entre Atocha y Barajas | El Digital de Asturias","headline":"Fomento pondr\u00e1 en marcha en octubre el tren directo entre Atocha y Barajas","author":{"@id":"https:\/\/eldigitaldeasturias.com\/magazine365\/author\/admin\/#author"},"publisher":{"@id":"https:\/\/eldigitaldeasturias.com\/magazine365\/#organization"},"image":{"@type":"ImageObject","url":"https:\/\/eldigitaldeasturias.com\/magazine365\/wp-content\/uploads\/2015\/06\/aeropu.jpg","width":800,"height":533},"datePublished":"2015-07-22T13:58:24+02:00","dateModified":"2015-07-22T13:58:24+02:00","inLanguage":"es-ES","mainEntityOfPage":{"@id":"https:\/\/eldigitaldeasturias.com\/magazine365\/fomento-pondra-en-marcha-en-octubre-el-tren-directo-entre-atocha-y-barajas\/#webpage"},"isPartOf":{"@id":"https:\/\/eldigitaldeasturias.com\/magazine365\/fomento-pondra-en-marcha-en-octubre-el-tren-directo-entre-atocha-y-barajas\/#webpage"},"articleSection":"Noticias y Actualidad"},{"@type":"BreadcrumbList","@id":"https:\/\/eldigitaldeasturias.com\/magazine365\/fomento-pondra-en-marcha-en-octubre-el-tren-directo-entre-atocha-y-barajas\/#breadcrumblist","itemListElement":[{"@type":"ListItem","@id":"https:\/\/eldigitaldeasturias.com\/magazine365#listItem","position":1,"name":"Home","item":"https:\/\/eldigitaldeasturias.com\/magazine365","nextItem":{"@type":"ListItem","@id":"https:\/\/eldigitaldeasturias.com\/magazine365\/category\/noticias-actualidad\/#listItem","name":"Noticias y Actualidad"}},{"@type":"ListItem","@id":"https:\/\/eldigitaldeasturias.com\/magazine365\/category\/noticias-actualidad\/#listItem","position":2,"name":"Noticias y Actualidad","item":"https:\/\/eldigitaldeasturias.com\/magazine365\/category\/noticias-actualidad\/","nextItem":{"@type":"ListItem","@id":"https:\/\/eldigitaldeasturias.com\/magazine365\/fomento-pondra-en-marcha-en-octubre-el-tren-directo-entre-atocha-y-barajas\/#listItem","name":"Fomento pondr\u00e1 en marcha en octubre el tren directo entre Atocha y Barajas"},"previousItem":{"@type":"ListItem","@id":"https:\/\/eldigitaldeasturias.com\/magazine365#listItem","name":"Home"}},{"@type":"ListItem","@id":"https:\/\/eldigitaldeasturias.com\/magazine365\/fomento-pondra-en-marcha-en-octubre-el-tren-directo-entre-atocha-y-barajas\/#listItem","position":3,"name":"Fomento pondr\u00e1 en marcha en octubre el tren directo entre Atocha y Barajas","previousItem":{"@type":"ListItem","@id":"https:\/\/eldigitaldeasturias.com\/magazine365\/category\/noticias-actualidad\/#listItem","name":"Noticias y Actualidad"}}]},{"@type":"Organization","@id":"https:\/\/eldigitaldeasturias.com\/magazine365\/#organization","name":"El digital de Asturias","description":"Revista de ocio, turismo y estilo de vida","url":"https:\/\/eldigitaldeasturias.com\/magazine365\/","logo":{"@type":"ImageObject","url":"https:\/\/www.eldigitaldeasturias.com\/noticias\/wp-content\/uploads\/2020\/12\/EDA.jpg","@id":"https:\/\/eldigitaldeasturias.com\/magazine365\/fomento-pondra-en-marcha-en-octubre-el-tren-directo-entre-atocha-y-barajas\/#organizationLogo"},"image":{"@id":"https:\/\/eldigitaldeasturias.com\/magazine365\/fomento-pondra-en-marcha-en-octubre-el-tren-directo-entre-atocha-y-barajas\/#organizationLogo"}},{"@type":"Person","@id":"https:\/\/eldigitaldeasturias.com\/magazine365\/author\/admin\/#author","url":"https:\/\/eldigitaldeasturias.com\/magazine365\/author\/admin\/","name":"admin","image":{"@type":"ImageObject","@id":"https:\/\/eldigitaldeasturias.com\/magazine365\/fomento-pondra-en-marcha-en-octubre-el-tren-directo-entre-atocha-y-barajas\/#authorImage","url":"https:\/\/eldigitaldeasturias.com\/magazine365\/wp-content\/litespeed\/avatar\/e571bcf59a0edd6fa6838245a470f2fe.jpg?ver=1777574230","width":96,"height":96,"caption":"admin"}},{"@type":"WebPage","@id":"https:\/\/eldigitaldeasturias.com\/magazine365\/fomento-pondra-en-marcha-en-octubre-el-tren-directo-entre-atocha-y-barajas\/#webpage","url":"https:\/\/eldigitaldeasturias.com\/magazine365\/fomento-pondra-en-marcha-en-octubre-el-tren-directo-entre-atocha-y-barajas\/","name":"Fomento pondr\u00e1 en marcha en octubre el tren directo entre Atocha y Barajas | El Digital de Asturias","description":"El Ministerio de Fomento prev\u00e9 poner en marcha el pr\u00f3ximo mes de octubre la conexi\u00f3n ferroviaria directa entre la estaci\u00f3n de tren de Madrid-Atocha y el aeropuerto de Barajas. Se trata de un enlace ferroviario directo, que saldr\u00e1 cada media hora y que s\u00f3lo tendr\u00e1 parada en la estaci\u00f3n de Chamart\u00edn, seg\u00fan avanz\u00f3 la ministra,","inLanguage":"es-ES","isPartOf":{"@id":"https:\/\/eldigitaldeasturias.com\/magazine365\/#website"},"breadcrumb":{"@id":"https:\/\/eldigitaldeasturias.com\/magazine365\/fomento-pondra-en-marcha-en-octubre-el-tren-directo-entre-atocha-y-barajas\/#breadcrumblist"},"author":{"@id":"https:\/\/eldigitaldeasturias.com\/magazine365\/author\/admin\/#author"},"creator":{"@id":"https:\/\/eldigitaldeasturias.com\/magazine365\/author\/admin\/#author"},"image":{"@type":"ImageObject","url":"https:\/\/eldigitaldeasturias.com\/magazine365\/wp-content\/uploads\/2015\/06\/aeropu.jpg","@id":"https:\/\/eldigitaldeasturias.com\/magazine365\/fomento-pondra-en-marcha-en-octubre-el-tren-directo-entre-atocha-y-barajas\/#mainImage","width":800,"height":533},"primaryImageOfPage":{"@id":"https:\/\/eldigitaldeasturias.com\/magazine365\/fomento-pondra-en-marcha-en-octubre-el-tren-directo-entre-atocha-y-barajas\/#mainImage"},"datePublished":"2015-07-22T13:58:24+02:00","dateModified":"2015-07-22T13:58:24+02:00"},{"@type":"WebSite","@id":"https:\/\/eldigitaldeasturias.com\/magazine365\/#website","url":"https:\/\/eldigitaldeasturias.com\/magazine365\/","name":"El Digital de Asturias","description":"Revista de ocio, turismo y estilo de vida","inLanguage":"es-ES","publisher":{"@id":"https:\/\/eldigitaldeasturias.com\/magazine365\/#organization"}}]},"og:locale":"es_ES","og:site_name":"El Digital de Asturias \u2013 Revista de ocio, turismo y estilo de vida","og:type":"article","og:title":"Fomento pondr\u00e1 en marcha en octubre el tren directo entre Atocha y Barajas | El Digital de Asturias","og:description":"El Ministerio de Fomento prev\u00e9 poner en marcha el pr\u00f3ximo mes de octubre la conexi\u00f3n ferroviaria directa entre la estaci\u00f3n de tren de Madrid-Atocha y el aeropuerto de Barajas. Se trata de un enlace ferroviario directo, que saldr\u00e1 cada media hora y que s\u00f3lo tendr\u00e1 parada en la estaci\u00f3n de Chamart\u00edn, seg\u00fan avanz\u00f3 la ministra,","og:url":"https:\/\/eldigitaldeasturias.com\/magazine365\/fomento-pondra-en-marcha-en-octubre-el-tren-directo-entre-atocha-y-barajas\/","og:image":"https:\/\/eldigitaldeasturias.com\/magazine365\/wp-content\/uploads\/2015\/06\/aeropu.jpg","og:image:secure_url":"https:\/\/eldigitaldeasturias.com\/magazine365\/wp-content\/uploads\/2015\/06\/aeropu.jpg","og:image:width":800,"og:image:height":533,"article:published_time":"2015-07-22T11:58:24+00:00","article:modified_time":"2015-07-22T11:58:24+00:00","twitter:card":"summary_large_image","twitter:title":"Fomento pondr\u00e1 en marcha en octubre el tren directo entre Atocha y Barajas | El Digital de Asturias","twitter:description":"El Ministerio de Fomento prev\u00e9 poner en marcha el pr\u00f3ximo mes de octubre la conexi\u00f3n ferroviaria directa entre la estaci\u00f3n de tren de Madrid-Atocha y el aeropuerto de Barajas. Se trata de un enlace ferroviario directo, que saldr\u00e1 cada media hora y que s\u00f3lo tendr\u00e1 parada en la estaci\u00f3n de Chamart\u00edn, seg\u00fan avanz\u00f3 la ministra,","twitter:image":"https:\/\/eldigitaldeasturias.com\/magazine365\/wp-content\/uploads\/2015\/06\/aeropu.jpg"},"aioseo_meta_data":{"post_id":"43421","title":null,"description":null,"keywords":null,"keyphrases":null,"primary_term":null,"canonical_url":null,"og_title":null,"og_description":null,"og_object_type":"default","og_image_type":"default","og_image_url":null,"og_image_width":null,"og_image_height":null,"og_image_custom_url":null,"og_image_custom_fields":null,"og_video":null,"og_custom_url":null,"og_article_section":null,"og_article_tags":null,"twitter_use_og":false,"twitter_card":"default","twitter_image_type":"default","twitter_image_url":null,"twitter_image_custom_url":null,"twitter_image_custom_fields":null,"twitter_title":null,"twitter_description":null,"schema":{"blockGraphs":[],"customGraphs":[],"default":{"data":{"Article":[],"Course":[],"Dataset":[],"FAQPage":[],"Movie":[],"Person":[],"Product":[],"ProductReview":[],"Car":[],"Recipe":[],"Service":[],"SoftwareApplication":[],"WebPage":[]},"graphName":"","isEnabled":true},"graphs":[],"defaultGraph":"","defaultPostTypeGraph":""},"schema_type":null,"schema_type_options":null,"pillar_content":false,"robots_default":true,"robots_noindex":false,"robots_noarchive":false,"robots_nosnippet":false,"robots_nofollow":false,"robots_noimageindex":false,"robots_noodp":false,"robots_notranslate":false,"robots_max_snippet":null,"robots_max_videopreview":null,"robots_max_imagepreview":"large","priority":null,"frequency":null,"location":null,"local_seo":null,"seo_analyzer_scan_date":"2025-09-19 19:50:50","breadcrumb_settings":null,"limit_modified_date":false,"open_ai":null,"ai":null,"created":"2021-03-09 01:47:53","updated":"2025-09-19 19:50:50"},"aioseo_breadcrumb":"<div class=\"aioseo-breadcrumbs\"><span class=\"aioseo-breadcrumb\">\n\t<a href=\"https:\/\/eldigitaldeasturias.com\/magazine365\" title=\"Home\">Home<\/a>\n<\/span><span class=\"aioseo-breadcrumb-separator\">\u2013<\/span><span class=\"aioseo-breadcrumb\">\n\t<a href=\"https:\/\/eldigitaldeasturias.com\/magazine365\/category\/noticias-actualidad\/\" title=\"Noticias y Actualidad\">Noticias y Actualidad<\/a>\n<\/span><span class=\"aioseo-breadcrumb-separator\">\u2013<\/span><span class=\"aioseo-breadcrumb\">\n\t<a href=\"https:\/\/eldigitaldeasturias.com\/magazine365\/fomento-pondra-en-marcha-en-octubre-el-tren-directo-entre-atocha-y-barajas\/\" title=\"Fomento pondr\u00e1 en marcha en octubre el tren directo entre Atocha y Barajas\">Fomento pondr\u00e1 en marcha en octubre el tren directo entre Atocha y Barajas<\/a>\n<\/span><\/div>","aioseo_breadcrumb_json":[{"label":"Home","link":"https:\/\/eldigitaldeasturias.com\/magazine365"},{"label":"Noticias y Actualidad","link":"https:\/\/eldigitaldeasturias.com\/magazine365\/category\/noticias-actualidad\/"},{"label":"Fomento pondr\u00e1 en marcha en octubre el tren directo entre Atocha y Barajas","link":"https:\/\/eldigitaldeasturias.com\/magazine365\/fomento-pondra-en-marcha-en-octubre-el-tren-directo-entre-atocha-y-barajas\/"}],"_links":{"self":[{"href":"https:\/\/eldigitaldeasturias.com\/magazine365\/wp-json\/wp\/v2\/posts\/43421","targetHints":{"allow":["GET"]}}],"collection":[{"href":"https:\/\/eldigitaldeasturias.com\/magazine365\/wp-json\/wp\/v2\/posts"}],"about":[{"href":"https:\/\/eldigitaldeasturias.com\/magazine365\/wp-json\/wp\/v2\/types\/post"}],"author":[{"embeddable":true,"href":"https:\/\/eldigitaldeasturias.com\/magazine365\/wp-json\/wp\/v2\/users\/1"}],"replies":[{"embeddable":true,"href":"https:\/\/eldigitaldeasturias.com\/magazine365\/wp-json\/wp\/v2\/comments?post=43421"}],"version-history":[{"count":0,"href":"https:\/\/eldigitaldeasturias.com\/magazine365\/wp-json\/wp\/v2\/posts\/43421\/revisions"}],"wp:featuredmedia":[{"embeddable":true,"href":"https:\/\/eldigitaldeasturias.com\/magazine365\/wp-json\/wp\/v2\/media\/39724"}],"wp:attachment":[{"href":"https:\/\/eldigitaldeasturias.com\/magazine365\/wp-json\/wp\/v2\/media?parent=43421"}],"wp:term":[{"taxonomy":"category","embeddable":true,"href":"https:\/\/eldigitaldeasturias.com\/magazine365\/wp-json\/wp\/v2\/categories?post=43421"},{"taxonomy":"post_tag","embeddable":true,"href":"https:\/\/eldigitaldeasturias.com\/magazine365\/wp-json\/wp\/v2\/tags?post=43421"}],"curies":[{"name":"wp","href":"https:\/\/api.w.org\/{rel}","templated":true}]}}