{"id":43349,"date":"2015-07-22T03:23:49","date_gmt":"2015-07-22T01:23:49","guid":{"rendered":"http:\/\/eldigitaldeasturias.com\/magazine365\/?p=43349"},"modified":"2015-07-22T03:23:49","modified_gmt":"2015-07-22T01:23:49","slug":"allende-le-pide-a-fomento-actuaciones-para-mejorar-la-conectividad-aerea-de-el-hierro","status":"publish","type":"post","link":"https:\/\/eldigitaldeasturias.com\/magazine365\/allende-le-pide-a-fomento-actuaciones-para-mejorar-la-conectividad-aerea-de-el-hierro\/","title":{"rendered":"Allende le pide a Fomento actuaciones para mejorar la conectividad a\u00e9rea de El Hierro"},"content":{"rendered":"<p><img fetchpriority=\"high\" decoding=\"async\" class=\"alignleft size-medium wp-image-43350\" src=\"https:\/\/eldigitaldeasturias.com\/magazine365\/wp-content\/uploads\/2015\/07\/fotonoticia_20150721164623_800-360x241.jpg\" alt=\"fotonoticia_20150721164623_800\" width=\"360\" height=\"241\" srcset=\"https:\/\/eldigitaldeasturias.com\/magazine365\/wp-content\/uploads\/2015\/07\/fotonoticia_20150721164623_800-360x241.jpg 360w, https:\/\/eldigitaldeasturias.com\/magazine365\/wp-content\/uploads\/2015\/07\/fotonoticia_20150721164623_800-650x435.jpg 650w, https:\/\/eldigitaldeasturias.com\/magazine365\/wp-content\/uploads\/2015\/07\/fotonoticia_20150721164623_800-768x514.jpg 768w, https:\/\/eldigitaldeasturias.com\/magazine365\/wp-content\/uploads\/2015\/07\/fotonoticia_20150721164623_800-150x100.jpg 150w, https:\/\/eldigitaldeasturias.com\/magazine365\/wp-content\/uploads\/2015\/07\/fotonoticia_20150721164623_800-450x301.jpg 450w, https:\/\/eldigitaldeasturias.com\/magazine365\/wp-content\/uploads\/2015\/07\/fotonoticia_20150721164623_800-696x465.jpg 696w, https:\/\/eldigitaldeasturias.com\/magazine365\/wp-content\/uploads\/2015\/07\/fotonoticia_20150721164623_800-628x420.jpg 628w, https:\/\/eldigitaldeasturias.com\/magazine365\/wp-content\/uploads\/2015\/07\/fotonoticia_20150721164623_800-84x55.jpg 84w, https:\/\/eldigitaldeasturias.com\/magazine365\/wp-content\/uploads\/2015\/07\/fotonoticia_20150721164623_800.jpg 800w\" sizes=\"(max-width: 360px) 100vw, 360px\" \/>La presidenta del Cabildo de El Hierro, Bel\u00e9n Allende, ha remitido al presidente del Gobierno de Canarias, Fernando Clavijo, un plan de actuaciones en materia de conectividad a\u00e9rea, que a su vez ser\u00e1 abordado en una reuni\u00f3n entre el Ejecutivo canario y la ministra de Fomento, Ana Pastor.<\/p>\n<p>En este sentido, la presidenta herre\u00f1a ha hecho referencia en una nota a la urgencia en la modificaci\u00f3n de las obligaciones de servicio p\u00fablico que afectan a Canarias, y para ello, demanda el establecimiento de rutas interinsulares punto a punto reales y con una tarifa plana flexible en horarios que garanticen la movilidad.<\/p>\n<p>As\u00ed, ha pedido que se establezca una bonificaci\u00f3n del 75 por ciento en descuentos para los no residentes que justifiquen que su destino final del viaje sean las islas menores, ya que en sus aeropuertos no operan aviones de gran capacidad de pasajeros, casos de El Hierro y La Gomera.<\/p>\n<p>Bel\u00e9n Allende le solicita a Clavijo que se interese por la viabilidad t\u00e9cnica y econ\u00f3mica de la ampliaci\u00f3n de la pista del aeropuerto de El Hierro, por lo que pide a Fomento que se \u00abdespejen las dudas\u00bb en cuanto al futuro del aer\u00f3dromo herre\u00f1o y la posibilidad de que en \u00e9l puedan operar aviones de mayor volumen.<\/p>\n<p>Otro de los temas que se abordar\u00e1 ser\u00e1 la posible recuperaci\u00f3n del sistema de gesti\u00f3n y control a\u00e9reo convencional en el Aeropuerto de El Hierro, y la anulaci\u00f3n del sistema AFIS implantado hace unos a\u00f1os.<\/p>\n<p>\u00abQueremos saber de primera mano qu\u00e9 limitaciones tenemos en cuanto a la categorizaci\u00f3n del aeropuerto herre\u00f1o dentro de la red nacional de AENA y cu\u00e1les son sus consecuencias de futuro\u00bb, destaca Allende.<\/p>\n<p>Asimismo y dentro de este plan de actuaciones, se califica de \u00aburgentes\u00bb para su traslado al Ministerio, el mantenimiento y adecuaci\u00f3n de las infraestructuras aeroportuarias, especialmente de sus accesos, exteriores y zona de aparcamiento, los cuales presentan un \u00abevidente\u00bb deterioro que afectan a la imagen p\u00fablica del aeropuerto, se\u00f1ala la presidenta herre\u00f1a.<\/p>\n<p>De este modo, se pide que AENA lleve a cabo un plan de racionalizaci\u00f3n econ\u00f3mica de los espacios comerciales del aeropuerto de El Hierro, con especial referencia a los ofertados para los rent a car, \u00abtodo ello teniendo en cuenta su escaso potencial de movimiento de pasajeros frente a los altos costos de los c\u00e1nones de alquiler, lo que ha supuesto una merma en la prestaci\u00f3n de los servicios al pasajero, aspecto \u00e9ste \u00faltimo que el ente tiene el deber de garantizar, finaliza Bel\u00e9n Allende.<\/p>\n","protected":false},"excerpt":{"rendered":"<p>La presidenta del Cabildo de El Hierro, Bel\u00e9n Allende, ha remitido al presidente del Gobierno de Canarias, Fernando Clavijo, un plan de actuaciones en materia de conectividad a\u00e9rea, que a su vez ser\u00e1 abordado en una reuni\u00f3n entre el Ejecutivo canario y la ministra de Fomento, Ana Pastor. En este sentido, la presidenta herre\u00f1a ha<\/p>\n","protected":false},"author":1,"featured_media":43350,"comment_status":"open","ping_status":"closed","sticky":false,"template":"","format":"standard","meta":{"footnotes":""},"categories":[224],"tags":[],"class_list":{"0":"post-43349","1":"post","2":"type-post","3":"status-publish","4":"format-standard","5":"has-post-thumbnail","7":"category-noticias-actualidad"},"aioseo_notices":[],"aioseo_head":"\n\t\t<!-- All in One SEO Pro 4.9.6.1 - aioseo.com -->\n\t<meta name=\"description\" content=\"La presidenta del Cabildo de El Hierro, Bel\u00e9n Allende, ha remitido al presidente del Gobierno de Canarias, Fernando Clavijo, un plan de actuaciones en materia de conectividad a\u00e9rea, que a su vez ser\u00e1 abordado en una reuni\u00f3n entre el Ejecutivo canario y la ministra de Fomento, Ana Pastor. En este sentido, la presidenta herre\u00f1a ha\" \/>\n\t<meta name=\"robots\" content=\"max-image-preview:large\" \/>\n\t<meta name=\"author\" content=\"admin\"\/>\n\t<meta name=\"google-site-verification\" content=\"UA-38556648-1\" \/>\n\t<meta name=\"keywords\" content=\"noticias y actualidad\" \/>\n\t<link rel=\"canonical\" href=\"https:\/\/eldigitaldeasturias.com\/magazine365\/allende-le-pide-a-fomento-actuaciones-para-mejorar-la-conectividad-aerea-de-el-hierro\/\" \/>\n\t<meta name=\"generator\" content=\"All in One SEO Pro (AIOSEO) 4.9.6.1\" \/>\n\t\t<meta property=\"og:locale\" content=\"es_ES\" \/>\n\t\t<meta property=\"og:site_name\" content=\"El Digital de Asturias \u2013 Revista de ocio, turismo y estilo de vida\" \/>\n\t\t<meta property=\"og:type\" content=\"article\" \/>\n\t\t<meta property=\"og:title\" content=\"Allende le pide a Fomento actuaciones para mejorar la conectividad a\u00e9rea de El Hierro | El Digital de Asturias\" \/>\n\t\t<meta property=\"og:description\" content=\"La presidenta del Cabildo de El Hierro, Bel\u00e9n Allende, ha remitido al presidente del Gobierno de Canarias, Fernando Clavijo, un plan de actuaciones en materia de conectividad a\u00e9rea, que a su vez ser\u00e1 abordado en una reuni\u00f3n entre el Ejecutivo canario y la ministra de Fomento, Ana Pastor. En este sentido, la presidenta herre\u00f1a ha\" \/>\n\t\t<meta property=\"og:url\" content=\"https:\/\/eldigitaldeasturias.com\/magazine365\/allende-le-pide-a-fomento-actuaciones-para-mejorar-la-conectividad-aerea-de-el-hierro\/\" \/>\n\t\t<meta property=\"og:image\" content=\"https:\/\/eldigitaldeasturias.com\/magazine365\/wp-content\/uploads\/2015\/07\/fotonoticia_20150721164623_800.jpg\" \/>\n\t\t<meta property=\"og:image:secure_url\" content=\"https:\/\/eldigitaldeasturias.com\/magazine365\/wp-content\/uploads\/2015\/07\/fotonoticia_20150721164623_800.jpg\" \/>\n\t\t<meta property=\"og:image:width\" content=\"800\" \/>\n\t\t<meta property=\"og:image:height\" content=\"535\" \/>\n\t\t<meta property=\"article:published_time\" content=\"2015-07-22T01:23:49+00:00\" \/>\n\t\t<meta property=\"article:modified_time\" content=\"2015-07-22T01:23:49+00:00\" \/>\n\t\t<meta name=\"twitter:card\" content=\"summary_large_image\" \/>\n\t\t<meta name=\"twitter:title\" content=\"Allende le pide a Fomento actuaciones para mejorar la conectividad a\u00e9rea de El Hierro | El Digital de Asturias\" \/>\n\t\t<meta name=\"twitter:description\" content=\"La presidenta del Cabildo de El Hierro, Bel\u00e9n Allende, ha remitido al presidente del Gobierno de Canarias, Fernando Clavijo, un plan de actuaciones en materia de conectividad a\u00e9rea, que a su vez ser\u00e1 abordado en una reuni\u00f3n entre el Ejecutivo canario y la ministra de Fomento, Ana Pastor. En este sentido, la presidenta herre\u00f1a ha\" \/>\n\t\t<meta name=\"twitter:image\" content=\"https:\/\/eldigitaldeasturias.com\/magazine365\/wp-content\/uploads\/2015\/07\/fotonoticia_20150721164623_800.jpg\" \/>\n\t\t<script type=\"application\/ld+json\" class=\"aioseo-schema\">\n\t\t\t{\"@context\":\"https:\\\/\\\/schema.org\",\"@graph\":[{\"@type\":\"Article\",\"@id\":\"https:\\\/\\\/eldigitaldeasturias.com\\\/magazine365\\\/allende-le-pide-a-fomento-actuaciones-para-mejorar-la-conectividad-aerea-de-el-hierro\\\/#article\",\"name\":\"Allende le pide a Fomento actuaciones para mejorar la conectividad a\\u00e9rea de El Hierro | El Digital de Asturias\",\"headline\":\"Allende le pide a Fomento actuaciones para mejorar la conectividad a\\u00e9rea de El Hierro\",\"author\":{\"@id\":\"https:\\\/\\\/eldigitaldeasturias.com\\\/magazine365\\\/author\\\/admin\\\/#author\"},\"publisher\":{\"@id\":\"https:\\\/\\\/eldigitaldeasturias.com\\\/magazine365\\\/#organization\"},\"image\":{\"@type\":\"ImageObject\",\"url\":\"https:\\\/\\\/eldigitaldeasturias.com\\\/magazine365\\\/wp-content\\\/uploads\\\/2015\\\/07\\\/fotonoticia_20150721164623_800.jpg\",\"width\":800,\"height\":535},\"datePublished\":\"2015-07-22T03:23:49+02:00\",\"dateModified\":\"2015-07-22T03:23:49+02:00\",\"inLanguage\":\"es-ES\",\"mainEntityOfPage\":{\"@id\":\"https:\\\/\\\/eldigitaldeasturias.com\\\/magazine365\\\/allende-le-pide-a-fomento-actuaciones-para-mejorar-la-conectividad-aerea-de-el-hierro\\\/#webpage\"},\"isPartOf\":{\"@id\":\"https:\\\/\\\/eldigitaldeasturias.com\\\/magazine365\\\/allende-le-pide-a-fomento-actuaciones-para-mejorar-la-conectividad-aerea-de-el-hierro\\\/#webpage\"},\"articleSection\":\"Noticias y Actualidad\"},{\"@type\":\"BreadcrumbList\",\"@id\":\"https:\\\/\\\/eldigitaldeasturias.com\\\/magazine365\\\/allende-le-pide-a-fomento-actuaciones-para-mejorar-la-conectividad-aerea-de-el-hierro\\\/#breadcrumblist\",\"itemListElement\":[{\"@type\":\"ListItem\",\"@id\":\"https:\\\/\\\/eldigitaldeasturias.com\\\/magazine365#listItem\",\"position\":1,\"name\":\"Home\",\"item\":\"https:\\\/\\\/eldigitaldeasturias.com\\\/magazine365\",\"nextItem\":{\"@type\":\"ListItem\",\"@id\":\"https:\\\/\\\/eldigitaldeasturias.com\\\/magazine365\\\/category\\\/noticias-actualidad\\\/#listItem\",\"name\":\"Noticias y Actualidad\"}},{\"@type\":\"ListItem\",\"@id\":\"https:\\\/\\\/eldigitaldeasturias.com\\\/magazine365\\\/category\\\/noticias-actualidad\\\/#listItem\",\"position\":2,\"name\":\"Noticias y Actualidad\",\"item\":\"https:\\\/\\\/eldigitaldeasturias.com\\\/magazine365\\\/category\\\/noticias-actualidad\\\/\",\"nextItem\":{\"@type\":\"ListItem\",\"@id\":\"https:\\\/\\\/eldigitaldeasturias.com\\\/magazine365\\\/allende-le-pide-a-fomento-actuaciones-para-mejorar-la-conectividad-aerea-de-el-hierro\\\/#listItem\",\"name\":\"Allende le pide a Fomento actuaciones para mejorar la conectividad a\\u00e9rea de El Hierro\"},\"previousItem\":{\"@type\":\"ListItem\",\"@id\":\"https:\\\/\\\/eldigitaldeasturias.com\\\/magazine365#listItem\",\"name\":\"Home\"}},{\"@type\":\"ListItem\",\"@id\":\"https:\\\/\\\/eldigitaldeasturias.com\\\/magazine365\\\/allende-le-pide-a-fomento-actuaciones-para-mejorar-la-conectividad-aerea-de-el-hierro\\\/#listItem\",\"position\":3,\"name\":\"Allende le pide a Fomento actuaciones para mejorar la conectividad a\\u00e9rea de El Hierro\",\"previousItem\":{\"@type\":\"ListItem\",\"@id\":\"https:\\\/\\\/eldigitaldeasturias.com\\\/magazine365\\\/category\\\/noticias-actualidad\\\/#listItem\",\"name\":\"Noticias y Actualidad\"}}]},{\"@type\":\"Organization\",\"@id\":\"https:\\\/\\\/eldigitaldeasturias.com\\\/magazine365\\\/#organization\",\"name\":\"El digital de Asturias\",\"description\":\"Revista de ocio, turismo y estilo de vida\",\"url\":\"https:\\\/\\\/eldigitaldeasturias.com\\\/magazine365\\\/\",\"logo\":{\"@type\":\"ImageObject\",\"url\":\"https:\\\/\\\/www.eldigitaldeasturias.com\\\/noticias\\\/wp-content\\\/uploads\\\/2020\\\/12\\\/EDA.jpg\",\"@id\":\"https:\\\/\\\/eldigitaldeasturias.com\\\/magazine365\\\/allende-le-pide-a-fomento-actuaciones-para-mejorar-la-conectividad-aerea-de-el-hierro\\\/#organizationLogo\"},\"image\":{\"@id\":\"https:\\\/\\\/eldigitaldeasturias.com\\\/magazine365\\\/allende-le-pide-a-fomento-actuaciones-para-mejorar-la-conectividad-aerea-de-el-hierro\\\/#organizationLogo\"}},{\"@type\":\"Person\",\"@id\":\"https:\\\/\\\/eldigitaldeasturias.com\\\/magazine365\\\/author\\\/admin\\\/#author\",\"url\":\"https:\\\/\\\/eldigitaldeasturias.com\\\/magazine365\\\/author\\\/admin\\\/\",\"name\":\"admin\",\"image\":{\"@type\":\"ImageObject\",\"@id\":\"https:\\\/\\\/eldigitaldeasturias.com\\\/magazine365\\\/allende-le-pide-a-fomento-actuaciones-para-mejorar-la-conectividad-aerea-de-el-hierro\\\/#authorImage\",\"url\":\"https:\\\/\\\/eldigitaldeasturias.com\\\/magazine365\\\/wp-content\\\/litespeed\\\/avatar\\\/e571bcf59a0edd6fa6838245a470f2fe.jpg?ver=1777574230\",\"width\":96,\"height\":96,\"caption\":\"admin\"}},{\"@type\":\"WebPage\",\"@id\":\"https:\\\/\\\/eldigitaldeasturias.com\\\/magazine365\\\/allende-le-pide-a-fomento-actuaciones-para-mejorar-la-conectividad-aerea-de-el-hierro\\\/#webpage\",\"url\":\"https:\\\/\\\/eldigitaldeasturias.com\\\/magazine365\\\/allende-le-pide-a-fomento-actuaciones-para-mejorar-la-conectividad-aerea-de-el-hierro\\\/\",\"name\":\"Allende le pide a Fomento actuaciones para mejorar la conectividad a\\u00e9rea de El Hierro | El Digital de Asturias\",\"description\":\"La presidenta del Cabildo de El Hierro, Bel\\u00e9n Allende, ha remitido al presidente del Gobierno de Canarias, Fernando Clavijo, un plan de actuaciones en materia de conectividad a\\u00e9rea, que a su vez ser\\u00e1 abordado en una reuni\\u00f3n entre el Ejecutivo canario y la ministra de Fomento, Ana Pastor. En este sentido, la presidenta herre\\u00f1a ha\",\"inLanguage\":\"es-ES\",\"isPartOf\":{\"@id\":\"https:\\\/\\\/eldigitaldeasturias.com\\\/magazine365\\\/#website\"},\"breadcrumb\":{\"@id\":\"https:\\\/\\\/eldigitaldeasturias.com\\\/magazine365\\\/allende-le-pide-a-fomento-actuaciones-para-mejorar-la-conectividad-aerea-de-el-hierro\\\/#breadcrumblist\"},\"author\":{\"@id\":\"https:\\\/\\\/eldigitaldeasturias.com\\\/magazine365\\\/author\\\/admin\\\/#author\"},\"creator\":{\"@id\":\"https:\\\/\\\/eldigitaldeasturias.com\\\/magazine365\\\/author\\\/admin\\\/#author\"},\"image\":{\"@type\":\"ImageObject\",\"url\":\"https:\\\/\\\/eldigitaldeasturias.com\\\/magazine365\\\/wp-content\\\/uploads\\\/2015\\\/07\\\/fotonoticia_20150721164623_800.jpg\",\"@id\":\"https:\\\/\\\/eldigitaldeasturias.com\\\/magazine365\\\/allende-le-pide-a-fomento-actuaciones-para-mejorar-la-conectividad-aerea-de-el-hierro\\\/#mainImage\",\"width\":800,\"height\":535},\"primaryImageOfPage\":{\"@id\":\"https:\\\/\\\/eldigitaldeasturias.com\\\/magazine365\\\/allende-le-pide-a-fomento-actuaciones-para-mejorar-la-conectividad-aerea-de-el-hierro\\\/#mainImage\"},\"datePublished\":\"2015-07-22T03:23:49+02:00\",\"dateModified\":\"2015-07-22T03:23:49+02:00\"},{\"@type\":\"WebSite\",\"@id\":\"https:\\\/\\\/eldigitaldeasturias.com\\\/magazine365\\\/#website\",\"url\":\"https:\\\/\\\/eldigitaldeasturias.com\\\/magazine365\\\/\",\"name\":\"El Digital de Asturias\",\"description\":\"Revista de ocio, turismo y estilo de vida\",\"inLanguage\":\"es-ES\",\"publisher\":{\"@id\":\"https:\\\/\\\/eldigitaldeasturias.com\\\/magazine365\\\/#organization\"}}]}\n\t\t<\/script>\n\t\t<!-- All in One SEO Pro -->\r\n\t\t<title>Allende le pide a Fomento actuaciones para mejorar la conectividad a\u00e9rea de El Hierro | El Digital de Asturias<\/title>\n\n","aioseo_head_json":{"title":"Allende le pide a Fomento actuaciones para mejorar la conectividad a\u00e9rea de El Hierro | El Digital de Asturias","description":"La presidenta del Cabildo de El Hierro, Bel\u00e9n Allende, ha remitido al presidente del Gobierno de Canarias, Fernando Clavijo, un plan de actuaciones en materia de conectividad a\u00e9rea, que a su vez ser\u00e1 abordado en una reuni\u00f3n entre el Ejecutivo canario y la ministra de Fomento, Ana Pastor. En este sentido, la presidenta herre\u00f1a ha","canonical_url":"https:\/\/eldigitaldeasturias.com\/magazine365\/allende-le-pide-a-fomento-actuaciones-para-mejorar-la-conectividad-aerea-de-el-hierro\/","robots":"max-image-preview:large","keywords":"noticias y actualidad","webmasterTools":{"google-site-verification":"UA-38556648-1","miscellaneous":""},"schema":{"@context":"https:\/\/schema.org","@graph":[{"@type":"Article","@id":"https:\/\/eldigitaldeasturias.com\/magazine365\/allende-le-pide-a-fomento-actuaciones-para-mejorar-la-conectividad-aerea-de-el-hierro\/#article","name":"Allende le pide a Fomento actuaciones para mejorar la conectividad a\u00e9rea de El Hierro | El Digital de Asturias","headline":"Allende le pide a Fomento actuaciones para mejorar la conectividad a\u00e9rea de El Hierro","author":{"@id":"https:\/\/eldigitaldeasturias.com\/magazine365\/author\/admin\/#author"},"publisher":{"@id":"https:\/\/eldigitaldeasturias.com\/magazine365\/#organization"},"image":{"@type":"ImageObject","url":"https:\/\/eldigitaldeasturias.com\/magazine365\/wp-content\/uploads\/2015\/07\/fotonoticia_20150721164623_800.jpg","width":800,"height":535},"datePublished":"2015-07-22T03:23:49+02:00","dateModified":"2015-07-22T03:23:49+02:00","inLanguage":"es-ES","mainEntityOfPage":{"@id":"https:\/\/eldigitaldeasturias.com\/magazine365\/allende-le-pide-a-fomento-actuaciones-para-mejorar-la-conectividad-aerea-de-el-hierro\/#webpage"},"isPartOf":{"@id":"https:\/\/eldigitaldeasturias.com\/magazine365\/allende-le-pide-a-fomento-actuaciones-para-mejorar-la-conectividad-aerea-de-el-hierro\/#webpage"},"articleSection":"Noticias y Actualidad"},{"@type":"BreadcrumbList","@id":"https:\/\/eldigitaldeasturias.com\/magazine365\/allende-le-pide-a-fomento-actuaciones-para-mejorar-la-conectividad-aerea-de-el-hierro\/#breadcrumblist","itemListElement":[{"@type":"ListItem","@id":"https:\/\/eldigitaldeasturias.com\/magazine365#listItem","position":1,"name":"Home","item":"https:\/\/eldigitaldeasturias.com\/magazine365","nextItem":{"@type":"ListItem","@id":"https:\/\/eldigitaldeasturias.com\/magazine365\/category\/noticias-actualidad\/#listItem","name":"Noticias y Actualidad"}},{"@type":"ListItem","@id":"https:\/\/eldigitaldeasturias.com\/magazine365\/category\/noticias-actualidad\/#listItem","position":2,"name":"Noticias y Actualidad","item":"https:\/\/eldigitaldeasturias.com\/magazine365\/category\/noticias-actualidad\/","nextItem":{"@type":"ListItem","@id":"https:\/\/eldigitaldeasturias.com\/magazine365\/allende-le-pide-a-fomento-actuaciones-para-mejorar-la-conectividad-aerea-de-el-hierro\/#listItem","name":"Allende le pide a Fomento actuaciones para mejorar la conectividad a\u00e9rea de El Hierro"},"previousItem":{"@type":"ListItem","@id":"https:\/\/eldigitaldeasturias.com\/magazine365#listItem","name":"Home"}},{"@type":"ListItem","@id":"https:\/\/eldigitaldeasturias.com\/magazine365\/allende-le-pide-a-fomento-actuaciones-para-mejorar-la-conectividad-aerea-de-el-hierro\/#listItem","position":3,"name":"Allende le pide a Fomento actuaciones para mejorar la conectividad a\u00e9rea de El Hierro","previousItem":{"@type":"ListItem","@id":"https:\/\/eldigitaldeasturias.com\/magazine365\/category\/noticias-actualidad\/#listItem","name":"Noticias y Actualidad"}}]},{"@type":"Organization","@id":"https:\/\/eldigitaldeasturias.com\/magazine365\/#organization","name":"El digital de Asturias","description":"Revista de ocio, turismo y estilo de vida","url":"https:\/\/eldigitaldeasturias.com\/magazine365\/","logo":{"@type":"ImageObject","url":"https:\/\/www.eldigitaldeasturias.com\/noticias\/wp-content\/uploads\/2020\/12\/EDA.jpg","@id":"https:\/\/eldigitaldeasturias.com\/magazine365\/allende-le-pide-a-fomento-actuaciones-para-mejorar-la-conectividad-aerea-de-el-hierro\/#organizationLogo"},"image":{"@id":"https:\/\/eldigitaldeasturias.com\/magazine365\/allende-le-pide-a-fomento-actuaciones-para-mejorar-la-conectividad-aerea-de-el-hierro\/#organizationLogo"}},{"@type":"Person","@id":"https:\/\/eldigitaldeasturias.com\/magazine365\/author\/admin\/#author","url":"https:\/\/eldigitaldeasturias.com\/magazine365\/author\/admin\/","name":"admin","image":{"@type":"ImageObject","@id":"https:\/\/eldigitaldeasturias.com\/magazine365\/allende-le-pide-a-fomento-actuaciones-para-mejorar-la-conectividad-aerea-de-el-hierro\/#authorImage","url":"https:\/\/eldigitaldeasturias.com\/magazine365\/wp-content\/litespeed\/avatar\/e571bcf59a0edd6fa6838245a470f2fe.jpg?ver=1777574230","width":96,"height":96,"caption":"admin"}},{"@type":"WebPage","@id":"https:\/\/eldigitaldeasturias.com\/magazine365\/allende-le-pide-a-fomento-actuaciones-para-mejorar-la-conectividad-aerea-de-el-hierro\/#webpage","url":"https:\/\/eldigitaldeasturias.com\/magazine365\/allende-le-pide-a-fomento-actuaciones-para-mejorar-la-conectividad-aerea-de-el-hierro\/","name":"Allende le pide a Fomento actuaciones para mejorar la conectividad a\u00e9rea de El Hierro | El Digital de Asturias","description":"La presidenta del Cabildo de El Hierro, Bel\u00e9n Allende, ha remitido al presidente del Gobierno de Canarias, Fernando Clavijo, un plan de actuaciones en materia de conectividad a\u00e9rea, que a su vez ser\u00e1 abordado en una reuni\u00f3n entre el Ejecutivo canario y la ministra de Fomento, Ana Pastor. En este sentido, la presidenta herre\u00f1a ha","inLanguage":"es-ES","isPartOf":{"@id":"https:\/\/eldigitaldeasturias.com\/magazine365\/#website"},"breadcrumb":{"@id":"https:\/\/eldigitaldeasturias.com\/magazine365\/allende-le-pide-a-fomento-actuaciones-para-mejorar-la-conectividad-aerea-de-el-hierro\/#breadcrumblist"},"author":{"@id":"https:\/\/eldigitaldeasturias.com\/magazine365\/author\/admin\/#author"},"creator":{"@id":"https:\/\/eldigitaldeasturias.com\/magazine365\/author\/admin\/#author"},"image":{"@type":"ImageObject","url":"https:\/\/eldigitaldeasturias.com\/magazine365\/wp-content\/uploads\/2015\/07\/fotonoticia_20150721164623_800.jpg","@id":"https:\/\/eldigitaldeasturias.com\/magazine365\/allende-le-pide-a-fomento-actuaciones-para-mejorar-la-conectividad-aerea-de-el-hierro\/#mainImage","width":800,"height":535},"primaryImageOfPage":{"@id":"https:\/\/eldigitaldeasturias.com\/magazine365\/allende-le-pide-a-fomento-actuaciones-para-mejorar-la-conectividad-aerea-de-el-hierro\/#mainImage"},"datePublished":"2015-07-22T03:23:49+02:00","dateModified":"2015-07-22T03:23:49+02:00"},{"@type":"WebSite","@id":"https:\/\/eldigitaldeasturias.com\/magazine365\/#website","url":"https:\/\/eldigitaldeasturias.com\/magazine365\/","name":"El Digital de Asturias","description":"Revista de ocio, turismo y estilo de vida","inLanguage":"es-ES","publisher":{"@id":"https:\/\/eldigitaldeasturias.com\/magazine365\/#organization"}}]},"og:locale":"es_ES","og:site_name":"El Digital de Asturias \u2013 Revista de ocio, turismo y estilo de vida","og:type":"article","og:title":"Allende le pide a Fomento actuaciones para mejorar la conectividad a\u00e9rea de El Hierro | El Digital de Asturias","og:description":"La presidenta del Cabildo de El Hierro, Bel\u00e9n Allende, ha remitido al presidente del Gobierno de Canarias, Fernando Clavijo, un plan de actuaciones en materia de conectividad a\u00e9rea, que a su vez ser\u00e1 abordado en una reuni\u00f3n entre el Ejecutivo canario y la ministra de Fomento, Ana Pastor. En este sentido, la presidenta herre\u00f1a ha","og:url":"https:\/\/eldigitaldeasturias.com\/magazine365\/allende-le-pide-a-fomento-actuaciones-para-mejorar-la-conectividad-aerea-de-el-hierro\/","og:image":"https:\/\/eldigitaldeasturias.com\/magazine365\/wp-content\/uploads\/2015\/07\/fotonoticia_20150721164623_800.jpg","og:image:secure_url":"https:\/\/eldigitaldeasturias.com\/magazine365\/wp-content\/uploads\/2015\/07\/fotonoticia_20150721164623_800.jpg","og:image:width":800,"og:image:height":535,"article:published_time":"2015-07-22T01:23:49+00:00","article:modified_time":"2015-07-22T01:23:49+00:00","twitter:card":"summary_large_image","twitter:title":"Allende le pide a Fomento actuaciones para mejorar la conectividad a\u00e9rea de El Hierro | El Digital de Asturias","twitter:description":"La presidenta del Cabildo de El Hierro, Bel\u00e9n Allende, ha remitido al presidente del Gobierno de Canarias, Fernando Clavijo, un plan de actuaciones en materia de conectividad a\u00e9rea, que a su vez ser\u00e1 abordado en una reuni\u00f3n entre el Ejecutivo canario y la ministra de Fomento, Ana Pastor. En este sentido, la presidenta herre\u00f1a ha","twitter:image":"https:\/\/eldigitaldeasturias.com\/magazine365\/wp-content\/uploads\/2015\/07\/fotonoticia_20150721164623_800.jpg"},"aioseo_meta_data":{"post_id":"43349","title":null,"description":null,"keywords":null,"keyphrases":null,"primary_term":null,"canonical_url":null,"og_title":null,"og_description":null,"og_object_type":"default","og_image_type":"default","og_image_url":null,"og_image_width":null,"og_image_height":null,"og_image_custom_url":null,"og_image_custom_fields":null,"og_video":null,"og_custom_url":null,"og_article_section":null,"og_article_tags":null,"twitter_use_og":false,"twitter_card":"default","twitter_image_type":"default","twitter_image_url":null,"twitter_image_custom_url":null,"twitter_image_custom_fields":null,"twitter_title":null,"twitter_description":null,"schema":{"blockGraphs":[],"customGraphs":[],"default":{"data":{"Article":[],"Course":[],"Dataset":[],"FAQPage":[],"Movie":[],"Person":[],"Product":[],"ProductReview":[],"Car":[],"Recipe":[],"Service":[],"SoftwareApplication":[],"WebPage":[]},"graphName":"","isEnabled":true},"graphs":[],"defaultGraph":"","defaultPostTypeGraph":""},"schema_type":null,"schema_type_options":null,"pillar_content":false,"robots_default":true,"robots_noindex":false,"robots_noarchive":false,"robots_nosnippet":false,"robots_nofollow":false,"robots_noimageindex":false,"robots_noodp":false,"robots_notranslate":false,"robots_max_snippet":null,"robots_max_videopreview":null,"robots_max_imagepreview":"large","priority":null,"frequency":null,"location":null,"local_seo":null,"seo_analyzer_scan_date":"2025-09-19 19:40:54","breadcrumb_settings":null,"limit_modified_date":false,"open_ai":null,"ai":null,"created":"2021-03-09 01:48:48","updated":"2025-09-19 19:40:54"},"aioseo_breadcrumb":"<div class=\"aioseo-breadcrumbs\"><span class=\"aioseo-breadcrumb\">\n\t<a href=\"https:\/\/eldigitaldeasturias.com\/magazine365\" title=\"Home\">Home<\/a>\n<\/span><span class=\"aioseo-breadcrumb-separator\">\u2013<\/span><span class=\"aioseo-breadcrumb\">\n\t<a href=\"https:\/\/eldigitaldeasturias.com\/magazine365\/category\/noticias-actualidad\/\" title=\"Noticias y Actualidad\">Noticias y Actualidad<\/a>\n<\/span><span class=\"aioseo-breadcrumb-separator\">\u2013<\/span><span class=\"aioseo-breadcrumb\">\n\t<a href=\"https:\/\/eldigitaldeasturias.com\/magazine365\/allende-le-pide-a-fomento-actuaciones-para-mejorar-la-conectividad-aerea-de-el-hierro\/\" title=\"Allende le pide a Fomento actuaciones para mejorar la conectividad a\u00e9rea de El Hierro\">Allende le pide a Fomento actuaciones para mejorar la conectividad a\u00e9rea de El Hierro<\/a>\n<\/span><\/div>","aioseo_breadcrumb_json":[{"label":"Home","link":"https:\/\/eldigitaldeasturias.com\/magazine365"},{"label":"Noticias y Actualidad","link":"https:\/\/eldigitaldeasturias.com\/magazine365\/category\/noticias-actualidad\/"},{"label":"Allende le pide a Fomento actuaciones para mejorar la conectividad a\u00e9rea de El Hierro","link":"https:\/\/eldigitaldeasturias.com\/magazine365\/allende-le-pide-a-fomento-actuaciones-para-mejorar-la-conectividad-aerea-de-el-hierro\/"}],"_links":{"self":[{"href":"https:\/\/eldigitaldeasturias.com\/magazine365\/wp-json\/wp\/v2\/posts\/43349","targetHints":{"allow":["GET"]}}],"collection":[{"href":"https:\/\/eldigitaldeasturias.com\/magazine365\/wp-json\/wp\/v2\/posts"}],"about":[{"href":"https:\/\/eldigitaldeasturias.com\/magazine365\/wp-json\/wp\/v2\/types\/post"}],"author":[{"embeddable":true,"href":"https:\/\/eldigitaldeasturias.com\/magazine365\/wp-json\/wp\/v2\/users\/1"}],"replies":[{"embeddable":true,"href":"https:\/\/eldigitaldeasturias.com\/magazine365\/wp-json\/wp\/v2\/comments?post=43349"}],"version-history":[{"count":0,"href":"https:\/\/eldigitaldeasturias.com\/magazine365\/wp-json\/wp\/v2\/posts\/43349\/revisions"}],"wp:featuredmedia":[{"embeddable":true,"href":"https:\/\/eldigitaldeasturias.com\/magazine365\/wp-json\/wp\/v2\/media\/43350"}],"wp:attachment":[{"href":"https:\/\/eldigitaldeasturias.com\/magazine365\/wp-json\/wp\/v2\/media?parent=43349"}],"wp:term":[{"taxonomy":"category","embeddable":true,"href":"https:\/\/eldigitaldeasturias.com\/magazine365\/wp-json\/wp\/v2\/categories?post=43349"},{"taxonomy":"post_tag","embeddable":true,"href":"https:\/\/eldigitaldeasturias.com\/magazine365\/wp-json\/wp\/v2\/tags?post=43349"}],"curies":[{"name":"wp","href":"https:\/\/api.w.org\/{rel}","templated":true}]}}