{"id":43252,"date":"2015-07-22T00:07:32","date_gmt":"2015-07-21T22:07:32","guid":{"rendered":"http:\/\/eldigitaldeasturias.com\/magazine365\/?p=43252"},"modified":"2015-07-22T00:07:32","modified_gmt":"2015-07-21T22:07:32","slug":"la-ruta-del-vino-de-la-garnacha-segundo-espacio-de-interes-turistico-de-aragon","status":"publish","type":"post","link":"https:\/\/eldigitaldeasturias.com\/magazine365\/la-ruta-del-vino-de-la-garnacha-segundo-espacio-de-interes-turistico-de-aragon\/","title":{"rendered":"La Ruta del Vino de la Garnacha, segundo Espacio de Inter\u00e9s Tur\u00edstico de Arag\u00f3n"},"content":{"rendered":"<p><img fetchpriority=\"high\" decoding=\"async\" class=\"alignleft size-medium wp-image-43253\" src=\"https:\/\/eldigitaldeasturias.com\/magazine365\/wp-content\/uploads\/2015\/07\/fotonoticia_20150721104545_800-360x240.jpg\" alt=\"fotonoticia_20150721104545_800\" width=\"360\" height=\"240\" srcset=\"https:\/\/eldigitaldeasturias.com\/magazine365\/wp-content\/uploads\/2015\/07\/fotonoticia_20150721104545_800-360x240.jpg 360w, https:\/\/eldigitaldeasturias.com\/magazine365\/wp-content\/uploads\/2015\/07\/fotonoticia_20150721104545_800-650x433.jpg 650w, https:\/\/eldigitaldeasturias.com\/magazine365\/wp-content\/uploads\/2015\/07\/fotonoticia_20150721104545_800-768x512.jpg 768w, https:\/\/eldigitaldeasturias.com\/magazine365\/wp-content\/uploads\/2015\/07\/fotonoticia_20150721104545_800-150x100.jpg 150w, https:\/\/eldigitaldeasturias.com\/magazine365\/wp-content\/uploads\/2015\/07\/fotonoticia_20150721104545_800-450x300.jpg 450w, https:\/\/eldigitaldeasturias.com\/magazine365\/wp-content\/uploads\/2015\/07\/fotonoticia_20150721104545_800-696x464.jpg 696w, https:\/\/eldigitaldeasturias.com\/magazine365\/wp-content\/uploads\/2015\/07\/fotonoticia_20150721104545_800-630x420.jpg 630w, https:\/\/eldigitaldeasturias.com\/magazine365\/wp-content\/uploads\/2015\/07\/fotonoticia_20150721104545_800-84x55.jpg 84w, https:\/\/eldigitaldeasturias.com\/magazine365\/wp-content\/uploads\/2015\/07\/fotonoticia_20150721104545_800.jpg 800w\" sizes=\"(max-width: 360px) 100vw, 360px\" \/>La Ruta del Vino de la Garnacha, territorio de la Denominaci\u00f3n de Origen Campo de Borja, ha sido declarado Espacio de Inter\u00e9s Tur\u00edstico de Arag\u00f3n (EITA) por el Gobierno de Arag\u00f3n.<\/p>\n<p>El paisaje vitivin\u00edcola ha sido distinguido por \u00abposeer singularidad propia y un extraordinario valor cultural y medioambiental, ya que muestra elementos caracter\u00edsticos y comunes, como las bodegas en cerro, el paisaje de vi\u00f1edos, las acequias, los yacimientos arqueol\u00f3gicos o los senderos que atraviesan el paisaje\u00bb.<\/p>\n<p>Los trabajos iniciados para el cuidado del entorno urbano y paisaj\u00edstico, la calidad y grado de conservaci\u00f3n del espacio, y la afluencia de visitantes han sido otros par\u00e1metros tenidos en cuenta para este reconocimiento.<\/p>\n<p>Se trata del segundo territorio de la comunidad aragonesa en ser considerado de inter\u00e9s tur\u00edstico, ya que desde la concesi\u00f3n a las Hoces del r\u00edo Mesa en el a\u00f1o 2006, ninguna zona hab\u00eda sido declarada como EITA.<\/p>\n<p>Los 20 municipios que conforman el espacio son los siguientes: Ag\u00f3n, Ainz\u00f3n, Alberite de San Juan, Albeta, Ambel, Bisimbre, Borja, Bulbuente, Bureta, Fr\u00e9scano, Fuendejal\u00f3n, Magall\u00f3n, Mall\u00e9n, Malej\u00e1n, Novillas, Pozuelo de Arag\u00f3n, Tabuenca, Talamantes, El Buste y Vera de Moncayo.<\/p>\n<p>La documentaci\u00f3n presentada cont\u00f3 con el acuerdo de estas 20 localidades, as\u00ed como de las dos comarcas a las que pertenecen estas poblaciones, Campo de Borja y Tarazona y el Moncayo. Adem\u00e1s, la Direcci\u00f3n General de Turismo del Gobierno de Arag\u00f3n tambi\u00e9n aval\u00f3 la singularidad y valor del paisaje de la Ruta de la Garnacha.<\/p>\n<p>DESDE 2009<\/p>\n<p>El gerente de esta ruta enotur\u00edstica, Roberto Regueiro, ha manifestado su alegr\u00eda, ya que, seg\u00fan sus palabras, \u00abes la recompensa al esfuerzo y la ilusi\u00f3n de muchos agentes implicados. La Ruta de la Garnacha naci\u00f3 en 2009 para promocionar el turismo en nuestra zona, vinculando su crecimiento al sector vitivin\u00edcola, y desde entonces hemos intentado optimizar al m\u00e1ximo nuestros recursos para dar a conocer nuestro territorio como destino tur\u00edstico de interior\u00bb.<\/p>\n<p>Regueiro ha detallado que esta zona \u00abse caracteriza por una gran diversidad de paisajes que se entremezclan en poco espacio\u00bb: Desde la frondosidad del soto natural del Huecha a las zonas \u00e1ridas de Fuendejal\u00f3n y Pozuelo, pasando por el bosque mediterr\u00e1neo de Ambel, Tabuenca o Talamantes, sin olvidar el rico patrimonio cultural de cada municipio, la arquitectura popular de las bodegas en cerro (que datan del siglo XVIII), el Moncayo y, por supuesto, los vi\u00f1edos y el vino.<\/p>\n<p>\u00abTodo ello, unido a nuestra red de senderos, formada por 300 kil\u00f3metros balizados de los cuales el 90% son pistas rurales sin grandes desniveles, suponen que nuestros recursos sean atractivos para el enoturismo y el turismo activo asociado a un paisaje singular, lo que nos anim\u00f3 a presentar esta solicitud\u00bb.<\/p>\n<p>La Ruta de la Garnacha forma parte del Club de Producto Tur\u00edstico Rutas del Vino de Espa\u00f1a, coordinado por la Asociaci\u00f3n Espa\u00f1ola de Ciudades del Vino y la Secretar\u00eda de Turismo del Ministerio de Industria, Energ\u00eda y Turismo.<\/p>\n","protected":false},"excerpt":{"rendered":"<p>La Ruta del Vino de la Garnacha, territorio de la Denominaci\u00f3n de Origen Campo de Borja, ha sido declarado Espacio de Inter\u00e9s Tur\u00edstico de Arag\u00f3n (EITA) por el Gobierno de Arag\u00f3n. El paisaje vitivin\u00edcola ha sido distinguido por \u00abposeer singularidad propia y un extraordinario valor cultural y medioambiental, ya que muestra elementos caracter\u00edsticos y comunes,<\/p>\n","protected":false},"author":1,"featured_media":43253,"comment_status":"open","ping_status":"closed","sticky":false,"template":"","format":"standard","meta":{"footnotes":""},"categories":[224],"tags":[],"class_list":{"0":"post-43252","1":"post","2":"type-post","3":"status-publish","4":"format-standard","5":"has-post-thumbnail","7":"category-noticias-actualidad"},"aioseo_notices":[],"aioseo_head":"\n\t\t<!-- All in One SEO Pro 4.9.6.1 - aioseo.com -->\n\t<meta name=\"description\" content=\"La Ruta del Vino de la Garnacha, territorio de la Denominaci\u00f3n de Origen Campo de Borja, ha sido declarado Espacio de Inter\u00e9s Tur\u00edstico de Arag\u00f3n (EITA) por el Gobierno de Arag\u00f3n. El paisaje vitivin\u00edcola ha sido distinguido por &quot;poseer singularidad propia y un extraordinario valor cultural y medioambiental, ya que muestra elementos caracter\u00edsticos y comunes,\" \/>\n\t<meta name=\"robots\" content=\"max-image-preview:large\" \/>\n\t<meta name=\"author\" content=\"admin\"\/>\n\t<meta name=\"google-site-verification\" content=\"UA-38556648-1\" \/>\n\t<meta name=\"keywords\" content=\"noticias y actualidad\" \/>\n\t<link rel=\"canonical\" href=\"https:\/\/eldigitaldeasturias.com\/magazine365\/la-ruta-del-vino-de-la-garnacha-segundo-espacio-de-interes-turistico-de-aragon\/\" \/>\n\t<meta name=\"generator\" content=\"All in One SEO Pro (AIOSEO) 4.9.6.1\" \/>\n\t\t<meta property=\"og:locale\" content=\"es_ES\" \/>\n\t\t<meta property=\"og:site_name\" content=\"El Digital de Asturias \u2013 Revista de ocio, turismo y estilo de vida\" \/>\n\t\t<meta property=\"og:type\" content=\"article\" \/>\n\t\t<meta property=\"og:title\" content=\"La Ruta del Vino de la Garnacha, segundo Espacio de Inter\u00e9s Tur\u00edstico de Arag\u00f3n | El Digital de Asturias\" \/>\n\t\t<meta property=\"og:description\" content=\"La Ruta del Vino de la Garnacha, territorio de la Denominaci\u00f3n de Origen Campo de Borja, ha sido declarado Espacio de Inter\u00e9s Tur\u00edstico de Arag\u00f3n (EITA) por el Gobierno de Arag\u00f3n. El paisaje vitivin\u00edcola ha sido distinguido por &quot;poseer singularidad propia y un extraordinario valor cultural y medioambiental, ya que muestra elementos caracter\u00edsticos y comunes,\" \/>\n\t\t<meta property=\"og:url\" content=\"https:\/\/eldigitaldeasturias.com\/magazine365\/la-ruta-del-vino-de-la-garnacha-segundo-espacio-de-interes-turistico-de-aragon\/\" \/>\n\t\t<meta property=\"og:image\" content=\"https:\/\/eldigitaldeasturias.com\/magazine365\/wp-content\/uploads\/2015\/07\/fotonoticia_20150721104545_800.jpg\" \/>\n\t\t<meta property=\"og:image:secure_url\" content=\"https:\/\/eldigitaldeasturias.com\/magazine365\/wp-content\/uploads\/2015\/07\/fotonoticia_20150721104545_800.jpg\" \/>\n\t\t<meta property=\"og:image:width\" content=\"800\" \/>\n\t\t<meta property=\"og:image:height\" content=\"533\" \/>\n\t\t<meta property=\"article:published_time\" content=\"2015-07-21T22:07:32+00:00\" \/>\n\t\t<meta property=\"article:modified_time\" content=\"2015-07-21T22:07:32+00:00\" \/>\n\t\t<meta name=\"twitter:card\" content=\"summary_large_image\" \/>\n\t\t<meta name=\"twitter:title\" content=\"La Ruta del Vino de la Garnacha, segundo Espacio de Inter\u00e9s Tur\u00edstico de Arag\u00f3n | El Digital de Asturias\" \/>\n\t\t<meta name=\"twitter:description\" content=\"La Ruta del Vino de la Garnacha, territorio de la Denominaci\u00f3n de Origen Campo de Borja, ha sido declarado Espacio de Inter\u00e9s Tur\u00edstico de Arag\u00f3n (EITA) por el Gobierno de Arag\u00f3n. El paisaje vitivin\u00edcola ha sido distinguido por &quot;poseer singularidad propia y un extraordinario valor cultural y medioambiental, ya que muestra elementos caracter\u00edsticos y comunes,\" \/>\n\t\t<meta name=\"twitter:image\" content=\"https:\/\/eldigitaldeasturias.com\/magazine365\/wp-content\/uploads\/2015\/07\/fotonoticia_20150721104545_800.jpg\" \/>\n\t\t<script type=\"application\/ld+json\" class=\"aioseo-schema\">\n\t\t\t{\"@context\":\"https:\\\/\\\/schema.org\",\"@graph\":[{\"@type\":\"Article\",\"@id\":\"https:\\\/\\\/eldigitaldeasturias.com\\\/magazine365\\\/la-ruta-del-vino-de-la-garnacha-segundo-espacio-de-interes-turistico-de-aragon\\\/#article\",\"name\":\"La Ruta del Vino de la Garnacha, segundo Espacio de Inter\\u00e9s Tur\\u00edstico de Arag\\u00f3n | El Digital de Asturias\",\"headline\":\"La Ruta del Vino de la Garnacha, segundo Espacio de Inter\\u00e9s Tur\\u00edstico de Arag\\u00f3n\",\"author\":{\"@id\":\"https:\\\/\\\/eldigitaldeasturias.com\\\/magazine365\\\/author\\\/admin\\\/#author\"},\"publisher\":{\"@id\":\"https:\\\/\\\/eldigitaldeasturias.com\\\/magazine365\\\/#organization\"},\"image\":{\"@type\":\"ImageObject\",\"url\":\"https:\\\/\\\/eldigitaldeasturias.com\\\/magazine365\\\/wp-content\\\/uploads\\\/2015\\\/07\\\/fotonoticia_20150721104545_800.jpg\",\"width\":800,\"height\":533},\"datePublished\":\"2015-07-22T00:07:32+02:00\",\"dateModified\":\"2015-07-22T00:07:32+02:00\",\"inLanguage\":\"es-ES\",\"mainEntityOfPage\":{\"@id\":\"https:\\\/\\\/eldigitaldeasturias.com\\\/magazine365\\\/la-ruta-del-vino-de-la-garnacha-segundo-espacio-de-interes-turistico-de-aragon\\\/#webpage\"},\"isPartOf\":{\"@id\":\"https:\\\/\\\/eldigitaldeasturias.com\\\/magazine365\\\/la-ruta-del-vino-de-la-garnacha-segundo-espacio-de-interes-turistico-de-aragon\\\/#webpage\"},\"articleSection\":\"Noticias y Actualidad\"},{\"@type\":\"BreadcrumbList\",\"@id\":\"https:\\\/\\\/eldigitaldeasturias.com\\\/magazine365\\\/la-ruta-del-vino-de-la-garnacha-segundo-espacio-de-interes-turistico-de-aragon\\\/#breadcrumblist\",\"itemListElement\":[{\"@type\":\"ListItem\",\"@id\":\"https:\\\/\\\/eldigitaldeasturias.com\\\/magazine365#listItem\",\"position\":1,\"name\":\"Home\",\"item\":\"https:\\\/\\\/eldigitaldeasturias.com\\\/magazine365\",\"nextItem\":{\"@type\":\"ListItem\",\"@id\":\"https:\\\/\\\/eldigitaldeasturias.com\\\/magazine365\\\/category\\\/noticias-actualidad\\\/#listItem\",\"name\":\"Noticias y Actualidad\"}},{\"@type\":\"ListItem\",\"@id\":\"https:\\\/\\\/eldigitaldeasturias.com\\\/magazine365\\\/category\\\/noticias-actualidad\\\/#listItem\",\"position\":2,\"name\":\"Noticias y Actualidad\",\"item\":\"https:\\\/\\\/eldigitaldeasturias.com\\\/magazine365\\\/category\\\/noticias-actualidad\\\/\",\"nextItem\":{\"@type\":\"ListItem\",\"@id\":\"https:\\\/\\\/eldigitaldeasturias.com\\\/magazine365\\\/la-ruta-del-vino-de-la-garnacha-segundo-espacio-de-interes-turistico-de-aragon\\\/#listItem\",\"name\":\"La Ruta del Vino de la Garnacha, segundo Espacio de Inter\\u00e9s Tur\\u00edstico de Arag\\u00f3n\"},\"previousItem\":{\"@type\":\"ListItem\",\"@id\":\"https:\\\/\\\/eldigitaldeasturias.com\\\/magazine365#listItem\",\"name\":\"Home\"}},{\"@type\":\"ListItem\",\"@id\":\"https:\\\/\\\/eldigitaldeasturias.com\\\/magazine365\\\/la-ruta-del-vino-de-la-garnacha-segundo-espacio-de-interes-turistico-de-aragon\\\/#listItem\",\"position\":3,\"name\":\"La Ruta del Vino de la Garnacha, segundo Espacio de Inter\\u00e9s Tur\\u00edstico de Arag\\u00f3n\",\"previousItem\":{\"@type\":\"ListItem\",\"@id\":\"https:\\\/\\\/eldigitaldeasturias.com\\\/magazine365\\\/category\\\/noticias-actualidad\\\/#listItem\",\"name\":\"Noticias y Actualidad\"}}]},{\"@type\":\"Organization\",\"@id\":\"https:\\\/\\\/eldigitaldeasturias.com\\\/magazine365\\\/#organization\",\"name\":\"El digital de Asturias\",\"description\":\"Revista de ocio, turismo y estilo de vida\",\"url\":\"https:\\\/\\\/eldigitaldeasturias.com\\\/magazine365\\\/\",\"logo\":{\"@type\":\"ImageObject\",\"url\":\"https:\\\/\\\/www.eldigitaldeasturias.com\\\/noticias\\\/wp-content\\\/uploads\\\/2020\\\/12\\\/EDA.jpg\",\"@id\":\"https:\\\/\\\/eldigitaldeasturias.com\\\/magazine365\\\/la-ruta-del-vino-de-la-garnacha-segundo-espacio-de-interes-turistico-de-aragon\\\/#organizationLogo\"},\"image\":{\"@id\":\"https:\\\/\\\/eldigitaldeasturias.com\\\/magazine365\\\/la-ruta-del-vino-de-la-garnacha-segundo-espacio-de-interes-turistico-de-aragon\\\/#organizationLogo\"}},{\"@type\":\"Person\",\"@id\":\"https:\\\/\\\/eldigitaldeasturias.com\\\/magazine365\\\/author\\\/admin\\\/#author\",\"url\":\"https:\\\/\\\/eldigitaldeasturias.com\\\/magazine365\\\/author\\\/admin\\\/\",\"name\":\"admin\",\"image\":{\"@type\":\"ImageObject\",\"@id\":\"https:\\\/\\\/eldigitaldeasturias.com\\\/magazine365\\\/la-ruta-del-vino-de-la-garnacha-segundo-espacio-de-interes-turistico-de-aragon\\\/#authorImage\",\"url\":\"https:\\\/\\\/eldigitaldeasturias.com\\\/magazine365\\\/wp-content\\\/litespeed\\\/avatar\\\/e571bcf59a0edd6fa6838245a470f2fe.jpg?ver=1777574230\",\"width\":96,\"height\":96,\"caption\":\"admin\"}},{\"@type\":\"WebPage\",\"@id\":\"https:\\\/\\\/eldigitaldeasturias.com\\\/magazine365\\\/la-ruta-del-vino-de-la-garnacha-segundo-espacio-de-interes-turistico-de-aragon\\\/#webpage\",\"url\":\"https:\\\/\\\/eldigitaldeasturias.com\\\/magazine365\\\/la-ruta-del-vino-de-la-garnacha-segundo-espacio-de-interes-turistico-de-aragon\\\/\",\"name\":\"La Ruta del Vino de la Garnacha, segundo Espacio de Inter\\u00e9s Tur\\u00edstico de Arag\\u00f3n | El Digital de Asturias\",\"description\":\"La Ruta del Vino de la Garnacha, territorio de la Denominaci\\u00f3n de Origen Campo de Borja, ha sido declarado Espacio de Inter\\u00e9s Tur\\u00edstico de Arag\\u00f3n (EITA) por el Gobierno de Arag\\u00f3n. El paisaje vitivin\\u00edcola ha sido distinguido por \\\"poseer singularidad propia y un extraordinario valor cultural y medioambiental, ya que muestra elementos caracter\\u00edsticos y comunes,\",\"inLanguage\":\"es-ES\",\"isPartOf\":{\"@id\":\"https:\\\/\\\/eldigitaldeasturias.com\\\/magazine365\\\/#website\"},\"breadcrumb\":{\"@id\":\"https:\\\/\\\/eldigitaldeasturias.com\\\/magazine365\\\/la-ruta-del-vino-de-la-garnacha-segundo-espacio-de-interes-turistico-de-aragon\\\/#breadcrumblist\"},\"author\":{\"@id\":\"https:\\\/\\\/eldigitaldeasturias.com\\\/magazine365\\\/author\\\/admin\\\/#author\"},\"creator\":{\"@id\":\"https:\\\/\\\/eldigitaldeasturias.com\\\/magazine365\\\/author\\\/admin\\\/#author\"},\"image\":{\"@type\":\"ImageObject\",\"url\":\"https:\\\/\\\/eldigitaldeasturias.com\\\/magazine365\\\/wp-content\\\/uploads\\\/2015\\\/07\\\/fotonoticia_20150721104545_800.jpg\",\"@id\":\"https:\\\/\\\/eldigitaldeasturias.com\\\/magazine365\\\/la-ruta-del-vino-de-la-garnacha-segundo-espacio-de-interes-turistico-de-aragon\\\/#mainImage\",\"width\":800,\"height\":533},\"primaryImageOfPage\":{\"@id\":\"https:\\\/\\\/eldigitaldeasturias.com\\\/magazine365\\\/la-ruta-del-vino-de-la-garnacha-segundo-espacio-de-interes-turistico-de-aragon\\\/#mainImage\"},\"datePublished\":\"2015-07-22T00:07:32+02:00\",\"dateModified\":\"2015-07-22T00:07:32+02:00\"},{\"@type\":\"WebSite\",\"@id\":\"https:\\\/\\\/eldigitaldeasturias.com\\\/magazine365\\\/#website\",\"url\":\"https:\\\/\\\/eldigitaldeasturias.com\\\/magazine365\\\/\",\"name\":\"El Digital de Asturias\",\"description\":\"Revista de ocio, turismo y estilo de vida\",\"inLanguage\":\"es-ES\",\"publisher\":{\"@id\":\"https:\\\/\\\/eldigitaldeasturias.com\\\/magazine365\\\/#organization\"}}]}\n\t\t<\/script>\n\t\t<!-- All in One SEO Pro -->\r\n\t\t<title>La Ruta del Vino de la Garnacha, segundo Espacio de Inter\u00e9s Tur\u00edstico de Arag\u00f3n | El Digital de Asturias<\/title>\n\n","aioseo_head_json":{"title":"La Ruta del Vino de la Garnacha, segundo Espacio de Inter\u00e9s Tur\u00edstico de Arag\u00f3n | El Digital de Asturias","description":"La Ruta del Vino de la Garnacha, territorio de la Denominaci\u00f3n de Origen Campo de Borja, ha sido declarado Espacio de Inter\u00e9s Tur\u00edstico de Arag\u00f3n (EITA) por el Gobierno de Arag\u00f3n. El paisaje vitivin\u00edcola ha sido distinguido por \"poseer singularidad propia y un extraordinario valor cultural y medioambiental, ya que muestra elementos caracter\u00edsticos y comunes,","canonical_url":"https:\/\/eldigitaldeasturias.com\/magazine365\/la-ruta-del-vino-de-la-garnacha-segundo-espacio-de-interes-turistico-de-aragon\/","robots":"max-image-preview:large","keywords":"noticias y actualidad","webmasterTools":{"google-site-verification":"UA-38556648-1","miscellaneous":""},"schema":{"@context":"https:\/\/schema.org","@graph":[{"@type":"Article","@id":"https:\/\/eldigitaldeasturias.com\/magazine365\/la-ruta-del-vino-de-la-garnacha-segundo-espacio-de-interes-turistico-de-aragon\/#article","name":"La Ruta del Vino de la Garnacha, segundo Espacio de Inter\u00e9s Tur\u00edstico de Arag\u00f3n | El Digital de Asturias","headline":"La Ruta del Vino de la Garnacha, segundo Espacio de Inter\u00e9s Tur\u00edstico de Arag\u00f3n","author":{"@id":"https:\/\/eldigitaldeasturias.com\/magazine365\/author\/admin\/#author"},"publisher":{"@id":"https:\/\/eldigitaldeasturias.com\/magazine365\/#organization"},"image":{"@type":"ImageObject","url":"https:\/\/eldigitaldeasturias.com\/magazine365\/wp-content\/uploads\/2015\/07\/fotonoticia_20150721104545_800.jpg","width":800,"height":533},"datePublished":"2015-07-22T00:07:32+02:00","dateModified":"2015-07-22T00:07:32+02:00","inLanguage":"es-ES","mainEntityOfPage":{"@id":"https:\/\/eldigitaldeasturias.com\/magazine365\/la-ruta-del-vino-de-la-garnacha-segundo-espacio-de-interes-turistico-de-aragon\/#webpage"},"isPartOf":{"@id":"https:\/\/eldigitaldeasturias.com\/magazine365\/la-ruta-del-vino-de-la-garnacha-segundo-espacio-de-interes-turistico-de-aragon\/#webpage"},"articleSection":"Noticias y Actualidad"},{"@type":"BreadcrumbList","@id":"https:\/\/eldigitaldeasturias.com\/magazine365\/la-ruta-del-vino-de-la-garnacha-segundo-espacio-de-interes-turistico-de-aragon\/#breadcrumblist","itemListElement":[{"@type":"ListItem","@id":"https:\/\/eldigitaldeasturias.com\/magazine365#listItem","position":1,"name":"Home","item":"https:\/\/eldigitaldeasturias.com\/magazine365","nextItem":{"@type":"ListItem","@id":"https:\/\/eldigitaldeasturias.com\/magazine365\/category\/noticias-actualidad\/#listItem","name":"Noticias y Actualidad"}},{"@type":"ListItem","@id":"https:\/\/eldigitaldeasturias.com\/magazine365\/category\/noticias-actualidad\/#listItem","position":2,"name":"Noticias y Actualidad","item":"https:\/\/eldigitaldeasturias.com\/magazine365\/category\/noticias-actualidad\/","nextItem":{"@type":"ListItem","@id":"https:\/\/eldigitaldeasturias.com\/magazine365\/la-ruta-del-vino-de-la-garnacha-segundo-espacio-de-interes-turistico-de-aragon\/#listItem","name":"La Ruta del Vino de la Garnacha, segundo Espacio de Inter\u00e9s Tur\u00edstico de Arag\u00f3n"},"previousItem":{"@type":"ListItem","@id":"https:\/\/eldigitaldeasturias.com\/magazine365#listItem","name":"Home"}},{"@type":"ListItem","@id":"https:\/\/eldigitaldeasturias.com\/magazine365\/la-ruta-del-vino-de-la-garnacha-segundo-espacio-de-interes-turistico-de-aragon\/#listItem","position":3,"name":"La Ruta del Vino de la Garnacha, segundo Espacio de Inter\u00e9s Tur\u00edstico de Arag\u00f3n","previousItem":{"@type":"ListItem","@id":"https:\/\/eldigitaldeasturias.com\/magazine365\/category\/noticias-actualidad\/#listItem","name":"Noticias y Actualidad"}}]},{"@type":"Organization","@id":"https:\/\/eldigitaldeasturias.com\/magazine365\/#organization","name":"El digital de Asturias","description":"Revista de ocio, turismo y estilo de vida","url":"https:\/\/eldigitaldeasturias.com\/magazine365\/","logo":{"@type":"ImageObject","url":"https:\/\/www.eldigitaldeasturias.com\/noticias\/wp-content\/uploads\/2020\/12\/EDA.jpg","@id":"https:\/\/eldigitaldeasturias.com\/magazine365\/la-ruta-del-vino-de-la-garnacha-segundo-espacio-de-interes-turistico-de-aragon\/#organizationLogo"},"image":{"@id":"https:\/\/eldigitaldeasturias.com\/magazine365\/la-ruta-del-vino-de-la-garnacha-segundo-espacio-de-interes-turistico-de-aragon\/#organizationLogo"}},{"@type":"Person","@id":"https:\/\/eldigitaldeasturias.com\/magazine365\/author\/admin\/#author","url":"https:\/\/eldigitaldeasturias.com\/magazine365\/author\/admin\/","name":"admin","image":{"@type":"ImageObject","@id":"https:\/\/eldigitaldeasturias.com\/magazine365\/la-ruta-del-vino-de-la-garnacha-segundo-espacio-de-interes-turistico-de-aragon\/#authorImage","url":"https:\/\/eldigitaldeasturias.com\/magazine365\/wp-content\/litespeed\/avatar\/e571bcf59a0edd6fa6838245a470f2fe.jpg?ver=1777574230","width":96,"height":96,"caption":"admin"}},{"@type":"WebPage","@id":"https:\/\/eldigitaldeasturias.com\/magazine365\/la-ruta-del-vino-de-la-garnacha-segundo-espacio-de-interes-turistico-de-aragon\/#webpage","url":"https:\/\/eldigitaldeasturias.com\/magazine365\/la-ruta-del-vino-de-la-garnacha-segundo-espacio-de-interes-turistico-de-aragon\/","name":"La Ruta del Vino de la Garnacha, segundo Espacio de Inter\u00e9s Tur\u00edstico de Arag\u00f3n | El Digital de Asturias","description":"La Ruta del Vino de la Garnacha, territorio de la Denominaci\u00f3n de Origen Campo de Borja, ha sido declarado Espacio de Inter\u00e9s Tur\u00edstico de Arag\u00f3n (EITA) por el Gobierno de Arag\u00f3n. El paisaje vitivin\u00edcola ha sido distinguido por \"poseer singularidad propia y un extraordinario valor cultural y medioambiental, ya que muestra elementos caracter\u00edsticos y comunes,","inLanguage":"es-ES","isPartOf":{"@id":"https:\/\/eldigitaldeasturias.com\/magazine365\/#website"},"breadcrumb":{"@id":"https:\/\/eldigitaldeasturias.com\/magazine365\/la-ruta-del-vino-de-la-garnacha-segundo-espacio-de-interes-turistico-de-aragon\/#breadcrumblist"},"author":{"@id":"https:\/\/eldigitaldeasturias.com\/magazine365\/author\/admin\/#author"},"creator":{"@id":"https:\/\/eldigitaldeasturias.com\/magazine365\/author\/admin\/#author"},"image":{"@type":"ImageObject","url":"https:\/\/eldigitaldeasturias.com\/magazine365\/wp-content\/uploads\/2015\/07\/fotonoticia_20150721104545_800.jpg","@id":"https:\/\/eldigitaldeasturias.com\/magazine365\/la-ruta-del-vino-de-la-garnacha-segundo-espacio-de-interes-turistico-de-aragon\/#mainImage","width":800,"height":533},"primaryImageOfPage":{"@id":"https:\/\/eldigitaldeasturias.com\/magazine365\/la-ruta-del-vino-de-la-garnacha-segundo-espacio-de-interes-turistico-de-aragon\/#mainImage"},"datePublished":"2015-07-22T00:07:32+02:00","dateModified":"2015-07-22T00:07:32+02:00"},{"@type":"WebSite","@id":"https:\/\/eldigitaldeasturias.com\/magazine365\/#website","url":"https:\/\/eldigitaldeasturias.com\/magazine365\/","name":"El Digital de Asturias","description":"Revista de ocio, turismo y estilo de vida","inLanguage":"es-ES","publisher":{"@id":"https:\/\/eldigitaldeasturias.com\/magazine365\/#organization"}}]},"og:locale":"es_ES","og:site_name":"El Digital de Asturias \u2013 Revista de ocio, turismo y estilo de vida","og:type":"article","og:title":"La Ruta del Vino de la Garnacha, segundo Espacio de Inter\u00e9s Tur\u00edstico de Arag\u00f3n | El Digital de Asturias","og:description":"La Ruta del Vino de la Garnacha, territorio de la Denominaci\u00f3n de Origen Campo de Borja, ha sido declarado Espacio de Inter\u00e9s Tur\u00edstico de Arag\u00f3n (EITA) por el Gobierno de Arag\u00f3n. El paisaje vitivin\u00edcola ha sido distinguido por &quot;poseer singularidad propia y un extraordinario valor cultural y medioambiental, ya que muestra elementos caracter\u00edsticos y comunes,","og:url":"https:\/\/eldigitaldeasturias.com\/magazine365\/la-ruta-del-vino-de-la-garnacha-segundo-espacio-de-interes-turistico-de-aragon\/","og:image":"https:\/\/eldigitaldeasturias.com\/magazine365\/wp-content\/uploads\/2015\/07\/fotonoticia_20150721104545_800.jpg","og:image:secure_url":"https:\/\/eldigitaldeasturias.com\/magazine365\/wp-content\/uploads\/2015\/07\/fotonoticia_20150721104545_800.jpg","og:image:width":800,"og:image:height":533,"article:published_time":"2015-07-21T22:07:32+00:00","article:modified_time":"2015-07-21T22:07:32+00:00","twitter:card":"summary_large_image","twitter:title":"La Ruta del Vino de la Garnacha, segundo Espacio de Inter\u00e9s Tur\u00edstico de Arag\u00f3n | El Digital de Asturias","twitter:description":"La Ruta del Vino de la Garnacha, territorio de la Denominaci\u00f3n de Origen Campo de Borja, ha sido declarado Espacio de Inter\u00e9s Tur\u00edstico de Arag\u00f3n (EITA) por el Gobierno de Arag\u00f3n. El paisaje vitivin\u00edcola ha sido distinguido por &quot;poseer singularidad propia y un extraordinario valor cultural y medioambiental, ya que muestra elementos caracter\u00edsticos y comunes,","twitter:image":"https:\/\/eldigitaldeasturias.com\/magazine365\/wp-content\/uploads\/2015\/07\/fotonoticia_20150721104545_800.jpg"},"aioseo_meta_data":{"post_id":"43252","title":null,"description":null,"keywords":null,"keyphrases":null,"primary_term":null,"canonical_url":null,"og_title":null,"og_description":null,"og_object_type":"default","og_image_type":"default","og_image_url":null,"og_image_width":null,"og_image_height":null,"og_image_custom_url":null,"og_image_custom_fields":null,"og_video":null,"og_custom_url":null,"og_article_section":null,"og_article_tags":null,"twitter_use_og":false,"twitter_card":"default","twitter_image_type":"default","twitter_image_url":null,"twitter_image_custom_url":null,"twitter_image_custom_fields":null,"twitter_title":null,"twitter_description":null,"schema":{"blockGraphs":[],"customGraphs":[],"default":{"data":{"Article":[],"Course":[],"Dataset":[],"FAQPage":[],"Movie":[],"Person":[],"Product":[],"ProductReview":[],"Car":[],"Recipe":[],"Service":[],"SoftwareApplication":[],"WebPage":[]},"graphName":"","isEnabled":true},"graphs":[],"defaultGraph":"","defaultPostTypeGraph":""},"schema_type":null,"schema_type_options":null,"pillar_content":false,"robots_default":true,"robots_noindex":false,"robots_noarchive":false,"robots_nosnippet":false,"robots_nofollow":false,"robots_noimageindex":false,"robots_noodp":false,"robots_notranslate":false,"robots_max_snippet":null,"robots_max_videopreview":null,"robots_max_imagepreview":"large","priority":null,"frequency":null,"location":null,"local_seo":null,"seo_analyzer_scan_date":"2025-09-19 19:27:32","breadcrumb_settings":null,"limit_modified_date":false,"open_ai":null,"ai":null,"created":"2021-03-09 01:49:51","updated":"2025-09-19 19:27:32"},"aioseo_breadcrumb":"<div class=\"aioseo-breadcrumbs\"><span class=\"aioseo-breadcrumb\">\n\t<a href=\"https:\/\/eldigitaldeasturias.com\/magazine365\" title=\"Home\">Home<\/a>\n<\/span><span class=\"aioseo-breadcrumb-separator\">\u2013<\/span><span class=\"aioseo-breadcrumb\">\n\t<a href=\"https:\/\/eldigitaldeasturias.com\/magazine365\/category\/noticias-actualidad\/\" title=\"Noticias y Actualidad\">Noticias y Actualidad<\/a>\n<\/span><span class=\"aioseo-breadcrumb-separator\">\u2013<\/span><span class=\"aioseo-breadcrumb\">\n\t<a href=\"https:\/\/eldigitaldeasturias.com\/magazine365\/la-ruta-del-vino-de-la-garnacha-segundo-espacio-de-interes-turistico-de-aragon\/\" title=\"La Ruta del Vino de la Garnacha, segundo Espacio de Inter\u00e9s Tur\u00edstico de Arag\u00f3n\">La Ruta del Vino de la Garnacha, segundo Espacio de Inter\u00e9s Tur\u00edstico de Arag\u00f3n<\/a>\n<\/span><\/div>","aioseo_breadcrumb_json":[{"label":"Home","link":"https:\/\/eldigitaldeasturias.com\/magazine365"},{"label":"Noticias y Actualidad","link":"https:\/\/eldigitaldeasturias.com\/magazine365\/category\/noticias-actualidad\/"},{"label":"La Ruta del Vino de la Garnacha, segundo Espacio de Inter\u00e9s Tur\u00edstico de Arag\u00f3n","link":"https:\/\/eldigitaldeasturias.com\/magazine365\/la-ruta-del-vino-de-la-garnacha-segundo-espacio-de-interes-turistico-de-aragon\/"}],"_links":{"self":[{"href":"https:\/\/eldigitaldeasturias.com\/magazine365\/wp-json\/wp\/v2\/posts\/43252","targetHints":{"allow":["GET"]}}],"collection":[{"href":"https:\/\/eldigitaldeasturias.com\/magazine365\/wp-json\/wp\/v2\/posts"}],"about":[{"href":"https:\/\/eldigitaldeasturias.com\/magazine365\/wp-json\/wp\/v2\/types\/post"}],"author":[{"embeddable":true,"href":"https:\/\/eldigitaldeasturias.com\/magazine365\/wp-json\/wp\/v2\/users\/1"}],"replies":[{"embeddable":true,"href":"https:\/\/eldigitaldeasturias.com\/magazine365\/wp-json\/wp\/v2\/comments?post=43252"}],"version-history":[{"count":0,"href":"https:\/\/eldigitaldeasturias.com\/magazine365\/wp-json\/wp\/v2\/posts\/43252\/revisions"}],"wp:featuredmedia":[{"embeddable":true,"href":"https:\/\/eldigitaldeasturias.com\/magazine365\/wp-json\/wp\/v2\/media\/43253"}],"wp:attachment":[{"href":"https:\/\/eldigitaldeasturias.com\/magazine365\/wp-json\/wp\/v2\/media?parent=43252"}],"wp:term":[{"taxonomy":"category","embeddable":true,"href":"https:\/\/eldigitaldeasturias.com\/magazine365\/wp-json\/wp\/v2\/categories?post=43252"},{"taxonomy":"post_tag","embeddable":true,"href":"https:\/\/eldigitaldeasturias.com\/magazine365\/wp-json\/wp\/v2\/tags?post=43252"}],"curies":[{"name":"wp","href":"https:\/\/api.w.org\/{rel}","templated":true}]}}