{"id":43190,"date":"2015-07-21T03:46:52","date_gmt":"2015-07-21T01:46:52","guid":{"rendered":"http:\/\/eldigitaldeasturias.com\/magazine365\/?p=43190"},"modified":"2015-07-21T03:46:52","modified_gmt":"2015-07-21T01:46:52","slug":"diputacion-y-junta-de-sevilla-potenciaran-la-colaboracion-para-combatir-la-estacionalidad-turistica","status":"publish","type":"post","link":"https:\/\/eldigitaldeasturias.com\/magazine365\/diputacion-y-junta-de-sevilla-potenciaran-la-colaboracion-para-combatir-la-estacionalidad-turistica\/","title":{"rendered":"Diputaci\u00f3n y Junta de Sevilla potenciar\u00e1n la colaboraci\u00f3n para combatir la estacionalidad tur\u00edstica"},"content":{"rendered":"<p><img fetchpriority=\"high\" decoding=\"async\" class=\"alignleft size-medium wp-image-43191\" src=\"https:\/\/eldigitaldeasturias.com\/magazine365\/wp-content\/uploads\/2015\/07\/fotonoticia_20150720152832_800-360x270.jpg\" alt=\"fotonoticia_20150720152832_800\" width=\"360\" height=\"270\" srcset=\"https:\/\/eldigitaldeasturias.com\/magazine365\/wp-content\/uploads\/2015\/07\/fotonoticia_20150720152832_800-360x270.jpg 360w, https:\/\/eldigitaldeasturias.com\/magazine365\/wp-content\/uploads\/2015\/07\/fotonoticia_20150720152832_800-650x488.jpg 650w, https:\/\/eldigitaldeasturias.com\/magazine365\/wp-content\/uploads\/2015\/07\/fotonoticia_20150720152832_800-768x576.jpg 768w, https:\/\/eldigitaldeasturias.com\/magazine365\/wp-content\/uploads\/2015\/07\/fotonoticia_20150720152832_800-150x113.jpg 150w, https:\/\/eldigitaldeasturias.com\/magazine365\/wp-content\/uploads\/2015\/07\/fotonoticia_20150720152832_800-450x338.jpg 450w, https:\/\/eldigitaldeasturias.com\/magazine365\/wp-content\/uploads\/2015\/07\/fotonoticia_20150720152832_800-80x60.jpg 80w, https:\/\/eldigitaldeasturias.com\/magazine365\/wp-content\/uploads\/2015\/07\/fotonoticia_20150720152832_800-265x198.jpg 265w, https:\/\/eldigitaldeasturias.com\/magazine365\/wp-content\/uploads\/2015\/07\/fotonoticia_20150720152832_800-696x522.jpg 696w, https:\/\/eldigitaldeasturias.com\/magazine365\/wp-content\/uploads\/2015\/07\/fotonoticia_20150720152832_800-560x420.jpg 560w, https:\/\/eldigitaldeasturias.com\/magazine365\/wp-content\/uploads\/2015\/07\/fotonoticia_20150720152832_800-90x67.jpg 90w, https:\/\/eldigitaldeasturias.com\/magazine365\/wp-content\/uploads\/2015\/07\/fotonoticia_20150720152832_800-100x75.jpg 100w, https:\/\/eldigitaldeasturias.com\/magazine365\/wp-content\/uploads\/2015\/07\/fotonoticia_20150720152832_800.jpg 800w\" sizes=\"(max-width: 360px) 100vw, 360px\" \/>Junta de Andaluc\u00eda y Diputaci\u00f3n de Sevilla se reunieron este lunes para debatir estrategias contra la estacionalidad tur\u00edstica, encuentro en el que particip\u00f3 el presidente de la Diputaci\u00f3n de Sevilla, Fernando Rodr\u00edguez Villalobos, y el consejero de Turismo y Deporte de la Junta, Francisco Javier Fern\u00e1ndez.<\/p>\n<p>Villalobos ha destacado la necesidad de que los distintos destinos andaluces vean reforzada su promoci\u00f3n \u00abbajo un mismo paraguas\u00bb, en referencia a la labor de la empresa p\u00fablica Turismo Andaluz.<\/p>\n<p>El presidente de la Diputaci\u00f3n expres\u00f3 su \u00absatisfacci\u00f3n\u00bb por \u00abtoda la potencialidad, oferta y productos espec\u00edficos de la provincia de Sevilla favorezcan la competitividad de la marca &#8216;Andaluc\u00eda&#8217; en los distintos mercados tur\u00edsticos\u00bb.<\/p>\n<p>Tanto Villalobos como el consejero de Turismo incidieron en la necesidad de acabar con la estacionalidad para crear empleo. Por su parte, el consejero de Turismo y Deporte de la Junta, Francisco Javier Fern\u00e1ndez, ha destacado que los resultados est\u00e1n \u00abavalando esta forma de trabajar\u00bb y que se demuestra con \u00abla consolidaci\u00f3n de una oferta de calidad desde la provincia de Sevilla\u00bb. Ante ello, ha resaltado la importancia en la colaboraci\u00f3n y sinergia entre la ciudad de Sevilla y la provincia, lo que permita a su vez, \u00abfomentar el turismo en la provincia\u00bb.<\/p>\n<p>A su vez, Fern\u00e1ndez ha explicado que \u00abtenemos un visitante especialmente nacional, pero hay que ampliar fronteras para captar al turista internacional que busca otros segmentos, experiencias y sensaciones en Sevilla\u00bb.<\/p>\n<p>PLAN DE PROMOCI\u00d3N 2015<\/p>\n<p>Junto a Consejer\u00eda de Turismo, la Diputaci\u00f3n de Sevilla desarrolla un Plan de Promoci\u00f3n Tur\u00edstica que, para este a\u00f1o 2015, cuenta con una inversi\u00f3n de m\u00e1s de 545.000 euros.<\/p>\n<p>A trav\u00e9s de este plan a finales de a\u00f1o, se habr\u00e1n realizado cerca de un centenar de actuaciones de promoci\u00f3n directa, entre asistencias a ferias, jornadas, misiones comerciales y presentaciones del destino; y unas 70 acciones de promoci\u00f3n inversa a viajes de familiarizaci\u00f3n. Hasta la fecha, y dentro de este \u00faltimo cap\u00edtulo, se han atendido a m\u00e1s de 600 profesionales y periodistas nacionales e internacionales.<\/p>\n<p>TURISMO NATURAL Y TR\u00c1NSITO DE AVES<\/p>\n<p>Por su parte, el consejero ha explicado que en los pr\u00f3ximos meses se va a desarrollar \u00abacciones espec\u00edficas para potenciar el turismo natural\u00bb poniendo en valor \u00abel tr\u00e1nsito de aves en la zona del Bajo Guadalquivir\u00bb.<\/p>\n<p>Se trata de atraer \u00abun turismo con capacidad de gasto y que incremente el n\u00famero de pernoctaciones para crear empleo.<\/p>\n<p>Asimismo, el consejero ha sostenido que todo ello va a permitir \u00abuna cuantificaci\u00f3n y una cualificaci\u00f3n potencial\u00bb. Una labor de coordinaci\u00f3n que se va a basar en \u00abese convenio anual de forma peri\u00f3dica con las diputaciones y que en los \u00faltimos tres a\u00f1os ha sido un incremento del 10% pero que nos mantenemos entre los 520.000 y 550.000 euros\u00bb, ha destacado.<\/p>\n<p>El consejero resalta que se va a \u00abseguir apostando por la provincia\u00bb, tras lo que ha sostenido que en dichas inversiones hay en el plan de acci\u00f3n andaluz en el que \u00abvamos a tener una especificidad con las ciudades que tienen Patrimonio de la Humanidad, ya sean ciudades espec\u00edficas o ciudades que tengan alguna parte como patrimonio\u00bb. Asimismo, ha resaltado que existen \u00abmuchas capacidades y posibilidades de potenciar la provincia de Sevilla\u00bb.<\/p>\n<p>BALANCE TUR\u00cdSTICO<\/p>\n<p>Villalobos y Fern\u00e1ndez han intercambiado impresiones acerca de la marcha del sector en la provincia, que el presidente de la Diputaci\u00f3n ha calificado de \u00abexcelente\u00bb, as\u00ed como las perspectivas para el resto del a\u00f1o.<\/p>\n<p>\u00abLa tendencia del impulso de la econom\u00eda sevillana a trav\u00e9s del turismo tambi\u00e9n caracterizar\u00e1 a este a\u00f1o 2015, como ya lo hizo al pasado a\u00f1o, seg\u00fan las previsiones se que se se\u00f1alan desde algunos organismos de expertos\u00bb, ha se\u00f1alado Rodr\u00edguez Villalobos.<\/p>\n<p>El presidente de la Diputaci\u00f3n se ha referido, asimismo, al informe del Observatorio Argos (SAE), seg\u00fan el cual durante el primer trimestre del a\u00f1o se han registrado un total de 26.133 contratos, un 40 por ciento m\u00e1s que en el mismo periodo de 2014.<\/p>\n<p>Por otra parte, hasta mayo (\u00faltimo dato disponible), suman m\u00e1s de medio mill\u00f3n las pernoctaciones registradas en el conjunto de alojamientos reglados de la provincia, un 24% m\u00e1s que en el mismo periodo de 2014. \u00abUnas pernoctaciones generadas por los cerca de 300.000 viajeros alojados, con un crecimiento en torno al 16% respecto al mismo periodo del a\u00f1o anterior\u00bb, ha se\u00f1alado Villalobos.<\/p>\n<p>Por comunidades aut\u00f3nomas, el mayor porcentaje de pernoctaciones son las realizadas por visitantes de la propia Andaluc\u00eda (39%); seguidas por la Comunidad de Madrid (20%); y por Catalu\u00f1a (9%). Entre los visitantes extranjeros, el mayor porcentaje de pernoctaciones pertenece a Francia (15%); en segundo lugar Estados Unidos (11%); y en tercer lugar se sit\u00faan Italia y Reino Unido (10%).<\/p>\n<p>CONEXIONES INTERNACIONALES A\u00c9REAS<\/p>\n<p>Por otro lado, el consejero ha explicado que su departamento \u00abest\u00e1 haciendo un estudio de la potencialidad de la red aeroportuaria de Andaluc\u00eda, donde vemos las diversas v\u00edas de colaboraci\u00f3n entre los diferentes aeropuertos y aprovechar todas las oportunidades\u00bb, ha destacado Fern\u00e1ndez.<\/p>\n<p>Asimismo, ha explicado que se trata de un estudio de dise\u00f1o para consensuarlo con AENA y que \u00abvayan en consonancia con nuestras estrategias tur\u00edsticas y potenciar los grandes aeropuertos de Andaluc\u00eda\u00bb. El consejero ha recordado que la mayor\u00eda de nuestro turismo es nacional, destacando que este turismo \u00abaporta, repite y es m\u00e1s f\u00e1cil de fidelizar, y para ello hay que ofrecer una oferta de calidad y potenciar el turismo nacional\u00bb.<\/p>\n<p>Por otra parte, Fern\u00e1ndez ha asegurado que espera para los pr\u00f3ximos meses de verano un crecimiento entre el cuatro y cinco por ciento de turistas en Andaluc\u00eda, que \u00abdeseamos que vaya unido al aumento de contrataciones y generaci\u00f3n de empleo\u00bb, ha destacado.<\/p>\n<p>\u00abLa estructura hotelera de Sevilla es una estructura fuerte no s\u00f3lo en la capital sino tambi\u00e9n en la provincia, adem\u00e1s de todo tipo de alojamientos donde el turista busca experiencias y sensaciones\u00bb, ha concluido Fern\u00e1ndez.<\/p>\n","protected":false},"excerpt":{"rendered":"<p>Junta de Andaluc\u00eda y Diputaci\u00f3n de Sevilla se reunieron este lunes para debatir estrategias contra la estacionalidad tur\u00edstica, encuentro en el que particip\u00f3 el presidente de la Diputaci\u00f3n de Sevilla, Fernando Rodr\u00edguez Villalobos, y el consejero de Turismo y Deporte de la Junta, Francisco Javier Fern\u00e1ndez. Villalobos ha destacado la necesidad de que los distintos<\/p>\n","protected":false},"author":1,"featured_media":43191,"comment_status":"open","ping_status":"closed","sticky":false,"template":"","format":"standard","meta":{"footnotes":""},"categories":[224],"tags":[],"class_list":{"0":"post-43190","1":"post","2":"type-post","3":"status-publish","4":"format-standard","5":"has-post-thumbnail","7":"category-noticias-actualidad"},"aioseo_notices":[],"aioseo_head":"\n\t\t<!-- All in One SEO Pro 4.9.6.1 - aioseo.com -->\n\t<meta name=\"description\" content=\"Junta de Andaluc\u00eda y Diputaci\u00f3n de Sevilla se reunieron este lunes para debatir estrategias contra la estacionalidad tur\u00edstica, encuentro en el que particip\u00f3 el presidente de la Diputaci\u00f3n de Sevilla, Fernando Rodr\u00edguez Villalobos, y el consejero de Turismo y Deporte de la Junta, Francisco Javier Fern\u00e1ndez. Villalobos ha destacado la necesidad de que los distintos\" \/>\n\t<meta name=\"robots\" content=\"max-image-preview:large\" \/>\n\t<meta name=\"author\" content=\"admin\"\/>\n\t<meta name=\"google-site-verification\" content=\"UA-38556648-1\" \/>\n\t<meta name=\"keywords\" content=\"noticias y actualidad\" \/>\n\t<link rel=\"canonical\" href=\"https:\/\/eldigitaldeasturias.com\/magazine365\/diputacion-y-junta-de-sevilla-potenciaran-la-colaboracion-para-combatir-la-estacionalidad-turistica\/\" \/>\n\t<meta name=\"generator\" content=\"All in One SEO Pro (AIOSEO) 4.9.6.1\" \/>\n\t\t<meta property=\"og:locale\" content=\"es_ES\" \/>\n\t\t<meta property=\"og:site_name\" content=\"El Digital de Asturias \u2013 Revista de ocio, turismo y estilo de vida\" \/>\n\t\t<meta property=\"og:type\" content=\"article\" \/>\n\t\t<meta property=\"og:title\" content=\"Diputaci\u00f3n y Junta de Sevilla potenciar\u00e1n la colaboraci\u00f3n para combatir la estacionalidad tur\u00edstica | El Digital de Asturias\" \/>\n\t\t<meta property=\"og:description\" content=\"Junta de Andaluc\u00eda y Diputaci\u00f3n de Sevilla se reunieron este lunes para debatir estrategias contra la estacionalidad tur\u00edstica, encuentro en el que particip\u00f3 el presidente de la Diputaci\u00f3n de Sevilla, Fernando Rodr\u00edguez Villalobos, y el consejero de Turismo y Deporte de la Junta, Francisco Javier Fern\u00e1ndez. Villalobos ha destacado la necesidad de que los distintos\" \/>\n\t\t<meta property=\"og:url\" content=\"https:\/\/eldigitaldeasturias.com\/magazine365\/diputacion-y-junta-de-sevilla-potenciaran-la-colaboracion-para-combatir-la-estacionalidad-turistica\/\" \/>\n\t\t<meta property=\"og:image\" content=\"https:\/\/eldigitaldeasturias.com\/magazine365\/wp-content\/uploads\/2015\/07\/fotonoticia_20150720152832_800.jpg\" \/>\n\t\t<meta property=\"og:image:secure_url\" content=\"https:\/\/eldigitaldeasturias.com\/magazine365\/wp-content\/uploads\/2015\/07\/fotonoticia_20150720152832_800.jpg\" \/>\n\t\t<meta property=\"og:image:width\" content=\"800\" \/>\n\t\t<meta property=\"og:image:height\" content=\"600\" \/>\n\t\t<meta property=\"article:published_time\" content=\"2015-07-21T01:46:52+00:00\" \/>\n\t\t<meta property=\"article:modified_time\" content=\"2015-07-21T01:46:52+00:00\" \/>\n\t\t<meta name=\"twitter:card\" content=\"summary_large_image\" \/>\n\t\t<meta name=\"twitter:title\" content=\"Diputaci\u00f3n y Junta de Sevilla potenciar\u00e1n la colaboraci\u00f3n para combatir la estacionalidad tur\u00edstica | El Digital de Asturias\" \/>\n\t\t<meta name=\"twitter:description\" content=\"Junta de Andaluc\u00eda y Diputaci\u00f3n de Sevilla se reunieron este lunes para debatir estrategias contra la estacionalidad tur\u00edstica, encuentro en el que particip\u00f3 el presidente de la Diputaci\u00f3n de Sevilla, Fernando Rodr\u00edguez Villalobos, y el consejero de Turismo y Deporte de la Junta, Francisco Javier Fern\u00e1ndez. Villalobos ha destacado la necesidad de que los distintos\" \/>\n\t\t<meta name=\"twitter:image\" content=\"https:\/\/eldigitaldeasturias.com\/magazine365\/wp-content\/uploads\/2015\/07\/fotonoticia_20150720152832_800.jpg\" \/>\n\t\t<script type=\"application\/ld+json\" class=\"aioseo-schema\">\n\t\t\t{\"@context\":\"https:\\\/\\\/schema.org\",\"@graph\":[{\"@type\":\"Article\",\"@id\":\"https:\\\/\\\/eldigitaldeasturias.com\\\/magazine365\\\/diputacion-y-junta-de-sevilla-potenciaran-la-colaboracion-para-combatir-la-estacionalidad-turistica\\\/#article\",\"name\":\"Diputaci\\u00f3n y Junta de Sevilla potenciar\\u00e1n la colaboraci\\u00f3n para combatir la estacionalidad tur\\u00edstica | El Digital de Asturias\",\"headline\":\"Diputaci\\u00f3n y Junta de Sevilla potenciar\\u00e1n la colaboraci\\u00f3n para combatir la estacionalidad tur\\u00edstica\",\"author\":{\"@id\":\"https:\\\/\\\/eldigitaldeasturias.com\\\/magazine365\\\/author\\\/admin\\\/#author\"},\"publisher\":{\"@id\":\"https:\\\/\\\/eldigitaldeasturias.com\\\/magazine365\\\/#organization\"},\"image\":{\"@type\":\"ImageObject\",\"url\":\"https:\\\/\\\/eldigitaldeasturias.com\\\/magazine365\\\/wp-content\\\/uploads\\\/2015\\\/07\\\/fotonoticia_20150720152832_800.jpg\",\"width\":800,\"height\":600},\"datePublished\":\"2015-07-21T03:46:52+02:00\",\"dateModified\":\"2015-07-21T03:46:52+02:00\",\"inLanguage\":\"es-ES\",\"mainEntityOfPage\":{\"@id\":\"https:\\\/\\\/eldigitaldeasturias.com\\\/magazine365\\\/diputacion-y-junta-de-sevilla-potenciaran-la-colaboracion-para-combatir-la-estacionalidad-turistica\\\/#webpage\"},\"isPartOf\":{\"@id\":\"https:\\\/\\\/eldigitaldeasturias.com\\\/magazine365\\\/diputacion-y-junta-de-sevilla-potenciaran-la-colaboracion-para-combatir-la-estacionalidad-turistica\\\/#webpage\"},\"articleSection\":\"Noticias y Actualidad\"},{\"@type\":\"BreadcrumbList\",\"@id\":\"https:\\\/\\\/eldigitaldeasturias.com\\\/magazine365\\\/diputacion-y-junta-de-sevilla-potenciaran-la-colaboracion-para-combatir-la-estacionalidad-turistica\\\/#breadcrumblist\",\"itemListElement\":[{\"@type\":\"ListItem\",\"@id\":\"https:\\\/\\\/eldigitaldeasturias.com\\\/magazine365#listItem\",\"position\":1,\"name\":\"Home\",\"item\":\"https:\\\/\\\/eldigitaldeasturias.com\\\/magazine365\",\"nextItem\":{\"@type\":\"ListItem\",\"@id\":\"https:\\\/\\\/eldigitaldeasturias.com\\\/magazine365\\\/category\\\/noticias-actualidad\\\/#listItem\",\"name\":\"Noticias y Actualidad\"}},{\"@type\":\"ListItem\",\"@id\":\"https:\\\/\\\/eldigitaldeasturias.com\\\/magazine365\\\/category\\\/noticias-actualidad\\\/#listItem\",\"position\":2,\"name\":\"Noticias y Actualidad\",\"item\":\"https:\\\/\\\/eldigitaldeasturias.com\\\/magazine365\\\/category\\\/noticias-actualidad\\\/\",\"nextItem\":{\"@type\":\"ListItem\",\"@id\":\"https:\\\/\\\/eldigitaldeasturias.com\\\/magazine365\\\/diputacion-y-junta-de-sevilla-potenciaran-la-colaboracion-para-combatir-la-estacionalidad-turistica\\\/#listItem\",\"name\":\"Diputaci\\u00f3n y Junta de Sevilla potenciar\\u00e1n la colaboraci\\u00f3n para combatir la estacionalidad tur\\u00edstica\"},\"previousItem\":{\"@type\":\"ListItem\",\"@id\":\"https:\\\/\\\/eldigitaldeasturias.com\\\/magazine365#listItem\",\"name\":\"Home\"}},{\"@type\":\"ListItem\",\"@id\":\"https:\\\/\\\/eldigitaldeasturias.com\\\/magazine365\\\/diputacion-y-junta-de-sevilla-potenciaran-la-colaboracion-para-combatir-la-estacionalidad-turistica\\\/#listItem\",\"position\":3,\"name\":\"Diputaci\\u00f3n y Junta de Sevilla potenciar\\u00e1n la colaboraci\\u00f3n para combatir la estacionalidad tur\\u00edstica\",\"previousItem\":{\"@type\":\"ListItem\",\"@id\":\"https:\\\/\\\/eldigitaldeasturias.com\\\/magazine365\\\/category\\\/noticias-actualidad\\\/#listItem\",\"name\":\"Noticias y Actualidad\"}}]},{\"@type\":\"Organization\",\"@id\":\"https:\\\/\\\/eldigitaldeasturias.com\\\/magazine365\\\/#organization\",\"name\":\"El digital de Asturias\",\"description\":\"Revista de ocio, turismo y estilo de vida\",\"url\":\"https:\\\/\\\/eldigitaldeasturias.com\\\/magazine365\\\/\",\"logo\":{\"@type\":\"ImageObject\",\"url\":\"https:\\\/\\\/www.eldigitaldeasturias.com\\\/noticias\\\/wp-content\\\/uploads\\\/2020\\\/12\\\/EDA.jpg\",\"@id\":\"https:\\\/\\\/eldigitaldeasturias.com\\\/magazine365\\\/diputacion-y-junta-de-sevilla-potenciaran-la-colaboracion-para-combatir-la-estacionalidad-turistica\\\/#organizationLogo\"},\"image\":{\"@id\":\"https:\\\/\\\/eldigitaldeasturias.com\\\/magazine365\\\/diputacion-y-junta-de-sevilla-potenciaran-la-colaboracion-para-combatir-la-estacionalidad-turistica\\\/#organizationLogo\"}},{\"@type\":\"Person\",\"@id\":\"https:\\\/\\\/eldigitaldeasturias.com\\\/magazine365\\\/author\\\/admin\\\/#author\",\"url\":\"https:\\\/\\\/eldigitaldeasturias.com\\\/magazine365\\\/author\\\/admin\\\/\",\"name\":\"admin\",\"image\":{\"@type\":\"ImageObject\",\"@id\":\"https:\\\/\\\/eldigitaldeasturias.com\\\/magazine365\\\/diputacion-y-junta-de-sevilla-potenciaran-la-colaboracion-para-combatir-la-estacionalidad-turistica\\\/#authorImage\",\"url\":\"https:\\\/\\\/eldigitaldeasturias.com\\\/magazine365\\\/wp-content\\\/litespeed\\\/avatar\\\/e571bcf59a0edd6fa6838245a470f2fe.jpg?ver=1777574230\",\"width\":96,\"height\":96,\"caption\":\"admin\"}},{\"@type\":\"WebPage\",\"@id\":\"https:\\\/\\\/eldigitaldeasturias.com\\\/magazine365\\\/diputacion-y-junta-de-sevilla-potenciaran-la-colaboracion-para-combatir-la-estacionalidad-turistica\\\/#webpage\",\"url\":\"https:\\\/\\\/eldigitaldeasturias.com\\\/magazine365\\\/diputacion-y-junta-de-sevilla-potenciaran-la-colaboracion-para-combatir-la-estacionalidad-turistica\\\/\",\"name\":\"Diputaci\\u00f3n y Junta de Sevilla potenciar\\u00e1n la colaboraci\\u00f3n para combatir la estacionalidad tur\\u00edstica | El Digital de Asturias\",\"description\":\"Junta de Andaluc\\u00eda y Diputaci\\u00f3n de Sevilla se reunieron este lunes para debatir estrategias contra la estacionalidad tur\\u00edstica, encuentro en el que particip\\u00f3 el presidente de la Diputaci\\u00f3n de Sevilla, Fernando Rodr\\u00edguez Villalobos, y el consejero de Turismo y Deporte de la Junta, Francisco Javier Fern\\u00e1ndez. Villalobos ha destacado la necesidad de que los distintos\",\"inLanguage\":\"es-ES\",\"isPartOf\":{\"@id\":\"https:\\\/\\\/eldigitaldeasturias.com\\\/magazine365\\\/#website\"},\"breadcrumb\":{\"@id\":\"https:\\\/\\\/eldigitaldeasturias.com\\\/magazine365\\\/diputacion-y-junta-de-sevilla-potenciaran-la-colaboracion-para-combatir-la-estacionalidad-turistica\\\/#breadcrumblist\"},\"author\":{\"@id\":\"https:\\\/\\\/eldigitaldeasturias.com\\\/magazine365\\\/author\\\/admin\\\/#author\"},\"creator\":{\"@id\":\"https:\\\/\\\/eldigitaldeasturias.com\\\/magazine365\\\/author\\\/admin\\\/#author\"},\"image\":{\"@type\":\"ImageObject\",\"url\":\"https:\\\/\\\/eldigitaldeasturias.com\\\/magazine365\\\/wp-content\\\/uploads\\\/2015\\\/07\\\/fotonoticia_20150720152832_800.jpg\",\"@id\":\"https:\\\/\\\/eldigitaldeasturias.com\\\/magazine365\\\/diputacion-y-junta-de-sevilla-potenciaran-la-colaboracion-para-combatir-la-estacionalidad-turistica\\\/#mainImage\",\"width\":800,\"height\":600},\"primaryImageOfPage\":{\"@id\":\"https:\\\/\\\/eldigitaldeasturias.com\\\/magazine365\\\/diputacion-y-junta-de-sevilla-potenciaran-la-colaboracion-para-combatir-la-estacionalidad-turistica\\\/#mainImage\"},\"datePublished\":\"2015-07-21T03:46:52+02:00\",\"dateModified\":\"2015-07-21T03:46:52+02:00\"},{\"@type\":\"WebSite\",\"@id\":\"https:\\\/\\\/eldigitaldeasturias.com\\\/magazine365\\\/#website\",\"url\":\"https:\\\/\\\/eldigitaldeasturias.com\\\/magazine365\\\/\",\"name\":\"El Digital de Asturias\",\"description\":\"Revista de ocio, turismo y estilo de vida\",\"inLanguage\":\"es-ES\",\"publisher\":{\"@id\":\"https:\\\/\\\/eldigitaldeasturias.com\\\/magazine365\\\/#organization\"}}]}\n\t\t<\/script>\n\t\t<!-- All in One SEO Pro -->\r\n\t\t<title>Diputaci\u00f3n y Junta de Sevilla potenciar\u00e1n la colaboraci\u00f3n para combatir la estacionalidad tur\u00edstica | El Digital de Asturias<\/title>\n\n","aioseo_head_json":{"title":"Diputaci\u00f3n y Junta de Sevilla potenciar\u00e1n la colaboraci\u00f3n para combatir la estacionalidad tur\u00edstica | El Digital de Asturias","description":"Junta de Andaluc\u00eda y Diputaci\u00f3n de Sevilla se reunieron este lunes para debatir estrategias contra la estacionalidad tur\u00edstica, encuentro en el que particip\u00f3 el presidente de la Diputaci\u00f3n de Sevilla, Fernando Rodr\u00edguez Villalobos, y el consejero de Turismo y Deporte de la Junta, Francisco Javier Fern\u00e1ndez. Villalobos ha destacado la necesidad de que los distintos","canonical_url":"https:\/\/eldigitaldeasturias.com\/magazine365\/diputacion-y-junta-de-sevilla-potenciaran-la-colaboracion-para-combatir-la-estacionalidad-turistica\/","robots":"max-image-preview:large","keywords":"noticias y actualidad","webmasterTools":{"google-site-verification":"UA-38556648-1","miscellaneous":""},"schema":{"@context":"https:\/\/schema.org","@graph":[{"@type":"Article","@id":"https:\/\/eldigitaldeasturias.com\/magazine365\/diputacion-y-junta-de-sevilla-potenciaran-la-colaboracion-para-combatir-la-estacionalidad-turistica\/#article","name":"Diputaci\u00f3n y Junta de Sevilla potenciar\u00e1n la colaboraci\u00f3n para combatir la estacionalidad tur\u00edstica | El Digital de Asturias","headline":"Diputaci\u00f3n y Junta de Sevilla potenciar\u00e1n la colaboraci\u00f3n para combatir la estacionalidad tur\u00edstica","author":{"@id":"https:\/\/eldigitaldeasturias.com\/magazine365\/author\/admin\/#author"},"publisher":{"@id":"https:\/\/eldigitaldeasturias.com\/magazine365\/#organization"},"image":{"@type":"ImageObject","url":"https:\/\/eldigitaldeasturias.com\/magazine365\/wp-content\/uploads\/2015\/07\/fotonoticia_20150720152832_800.jpg","width":800,"height":600},"datePublished":"2015-07-21T03:46:52+02:00","dateModified":"2015-07-21T03:46:52+02:00","inLanguage":"es-ES","mainEntityOfPage":{"@id":"https:\/\/eldigitaldeasturias.com\/magazine365\/diputacion-y-junta-de-sevilla-potenciaran-la-colaboracion-para-combatir-la-estacionalidad-turistica\/#webpage"},"isPartOf":{"@id":"https:\/\/eldigitaldeasturias.com\/magazine365\/diputacion-y-junta-de-sevilla-potenciaran-la-colaboracion-para-combatir-la-estacionalidad-turistica\/#webpage"},"articleSection":"Noticias y Actualidad"},{"@type":"BreadcrumbList","@id":"https:\/\/eldigitaldeasturias.com\/magazine365\/diputacion-y-junta-de-sevilla-potenciaran-la-colaboracion-para-combatir-la-estacionalidad-turistica\/#breadcrumblist","itemListElement":[{"@type":"ListItem","@id":"https:\/\/eldigitaldeasturias.com\/magazine365#listItem","position":1,"name":"Home","item":"https:\/\/eldigitaldeasturias.com\/magazine365","nextItem":{"@type":"ListItem","@id":"https:\/\/eldigitaldeasturias.com\/magazine365\/category\/noticias-actualidad\/#listItem","name":"Noticias y Actualidad"}},{"@type":"ListItem","@id":"https:\/\/eldigitaldeasturias.com\/magazine365\/category\/noticias-actualidad\/#listItem","position":2,"name":"Noticias y Actualidad","item":"https:\/\/eldigitaldeasturias.com\/magazine365\/category\/noticias-actualidad\/","nextItem":{"@type":"ListItem","@id":"https:\/\/eldigitaldeasturias.com\/magazine365\/diputacion-y-junta-de-sevilla-potenciaran-la-colaboracion-para-combatir-la-estacionalidad-turistica\/#listItem","name":"Diputaci\u00f3n y Junta de Sevilla potenciar\u00e1n la colaboraci\u00f3n para combatir la estacionalidad tur\u00edstica"},"previousItem":{"@type":"ListItem","@id":"https:\/\/eldigitaldeasturias.com\/magazine365#listItem","name":"Home"}},{"@type":"ListItem","@id":"https:\/\/eldigitaldeasturias.com\/magazine365\/diputacion-y-junta-de-sevilla-potenciaran-la-colaboracion-para-combatir-la-estacionalidad-turistica\/#listItem","position":3,"name":"Diputaci\u00f3n y Junta de Sevilla potenciar\u00e1n la colaboraci\u00f3n para combatir la estacionalidad tur\u00edstica","previousItem":{"@type":"ListItem","@id":"https:\/\/eldigitaldeasturias.com\/magazine365\/category\/noticias-actualidad\/#listItem","name":"Noticias y Actualidad"}}]},{"@type":"Organization","@id":"https:\/\/eldigitaldeasturias.com\/magazine365\/#organization","name":"El digital de Asturias","description":"Revista de ocio, turismo y estilo de vida","url":"https:\/\/eldigitaldeasturias.com\/magazine365\/","logo":{"@type":"ImageObject","url":"https:\/\/www.eldigitaldeasturias.com\/noticias\/wp-content\/uploads\/2020\/12\/EDA.jpg","@id":"https:\/\/eldigitaldeasturias.com\/magazine365\/diputacion-y-junta-de-sevilla-potenciaran-la-colaboracion-para-combatir-la-estacionalidad-turistica\/#organizationLogo"},"image":{"@id":"https:\/\/eldigitaldeasturias.com\/magazine365\/diputacion-y-junta-de-sevilla-potenciaran-la-colaboracion-para-combatir-la-estacionalidad-turistica\/#organizationLogo"}},{"@type":"Person","@id":"https:\/\/eldigitaldeasturias.com\/magazine365\/author\/admin\/#author","url":"https:\/\/eldigitaldeasturias.com\/magazine365\/author\/admin\/","name":"admin","image":{"@type":"ImageObject","@id":"https:\/\/eldigitaldeasturias.com\/magazine365\/diputacion-y-junta-de-sevilla-potenciaran-la-colaboracion-para-combatir-la-estacionalidad-turistica\/#authorImage","url":"https:\/\/eldigitaldeasturias.com\/magazine365\/wp-content\/litespeed\/avatar\/e571bcf59a0edd6fa6838245a470f2fe.jpg?ver=1777574230","width":96,"height":96,"caption":"admin"}},{"@type":"WebPage","@id":"https:\/\/eldigitaldeasturias.com\/magazine365\/diputacion-y-junta-de-sevilla-potenciaran-la-colaboracion-para-combatir-la-estacionalidad-turistica\/#webpage","url":"https:\/\/eldigitaldeasturias.com\/magazine365\/diputacion-y-junta-de-sevilla-potenciaran-la-colaboracion-para-combatir-la-estacionalidad-turistica\/","name":"Diputaci\u00f3n y Junta de Sevilla potenciar\u00e1n la colaboraci\u00f3n para combatir la estacionalidad tur\u00edstica | El Digital de Asturias","description":"Junta de Andaluc\u00eda y Diputaci\u00f3n de Sevilla se reunieron este lunes para debatir estrategias contra la estacionalidad tur\u00edstica, encuentro en el que particip\u00f3 el presidente de la Diputaci\u00f3n de Sevilla, Fernando Rodr\u00edguez Villalobos, y el consejero de Turismo y Deporte de la Junta, Francisco Javier Fern\u00e1ndez. Villalobos ha destacado la necesidad de que los distintos","inLanguage":"es-ES","isPartOf":{"@id":"https:\/\/eldigitaldeasturias.com\/magazine365\/#website"},"breadcrumb":{"@id":"https:\/\/eldigitaldeasturias.com\/magazine365\/diputacion-y-junta-de-sevilla-potenciaran-la-colaboracion-para-combatir-la-estacionalidad-turistica\/#breadcrumblist"},"author":{"@id":"https:\/\/eldigitaldeasturias.com\/magazine365\/author\/admin\/#author"},"creator":{"@id":"https:\/\/eldigitaldeasturias.com\/magazine365\/author\/admin\/#author"},"image":{"@type":"ImageObject","url":"https:\/\/eldigitaldeasturias.com\/magazine365\/wp-content\/uploads\/2015\/07\/fotonoticia_20150720152832_800.jpg","@id":"https:\/\/eldigitaldeasturias.com\/magazine365\/diputacion-y-junta-de-sevilla-potenciaran-la-colaboracion-para-combatir-la-estacionalidad-turistica\/#mainImage","width":800,"height":600},"primaryImageOfPage":{"@id":"https:\/\/eldigitaldeasturias.com\/magazine365\/diputacion-y-junta-de-sevilla-potenciaran-la-colaboracion-para-combatir-la-estacionalidad-turistica\/#mainImage"},"datePublished":"2015-07-21T03:46:52+02:00","dateModified":"2015-07-21T03:46:52+02:00"},{"@type":"WebSite","@id":"https:\/\/eldigitaldeasturias.com\/magazine365\/#website","url":"https:\/\/eldigitaldeasturias.com\/magazine365\/","name":"El Digital de Asturias","description":"Revista de ocio, turismo y estilo de vida","inLanguage":"es-ES","publisher":{"@id":"https:\/\/eldigitaldeasturias.com\/magazine365\/#organization"}}]},"og:locale":"es_ES","og:site_name":"El Digital de Asturias \u2013 Revista de ocio, turismo y estilo de vida","og:type":"article","og:title":"Diputaci\u00f3n y Junta de Sevilla potenciar\u00e1n la colaboraci\u00f3n para combatir la estacionalidad tur\u00edstica | El Digital de Asturias","og:description":"Junta de Andaluc\u00eda y Diputaci\u00f3n de Sevilla se reunieron este lunes para debatir estrategias contra la estacionalidad tur\u00edstica, encuentro en el que particip\u00f3 el presidente de la Diputaci\u00f3n de Sevilla, Fernando Rodr\u00edguez Villalobos, y el consejero de Turismo y Deporte de la Junta, Francisco Javier Fern\u00e1ndez. Villalobos ha destacado la necesidad de que los distintos","og:url":"https:\/\/eldigitaldeasturias.com\/magazine365\/diputacion-y-junta-de-sevilla-potenciaran-la-colaboracion-para-combatir-la-estacionalidad-turistica\/","og:image":"https:\/\/eldigitaldeasturias.com\/magazine365\/wp-content\/uploads\/2015\/07\/fotonoticia_20150720152832_800.jpg","og:image:secure_url":"https:\/\/eldigitaldeasturias.com\/magazine365\/wp-content\/uploads\/2015\/07\/fotonoticia_20150720152832_800.jpg","og:image:width":800,"og:image:height":600,"article:published_time":"2015-07-21T01:46:52+00:00","article:modified_time":"2015-07-21T01:46:52+00:00","twitter:card":"summary_large_image","twitter:title":"Diputaci\u00f3n y Junta de Sevilla potenciar\u00e1n la colaboraci\u00f3n para combatir la estacionalidad tur\u00edstica | El Digital de Asturias","twitter:description":"Junta de Andaluc\u00eda y Diputaci\u00f3n de Sevilla se reunieron este lunes para debatir estrategias contra la estacionalidad tur\u00edstica, encuentro en el que particip\u00f3 el presidente de la Diputaci\u00f3n de Sevilla, Fernando Rodr\u00edguez Villalobos, y el consejero de Turismo y Deporte de la Junta, Francisco Javier Fern\u00e1ndez. Villalobos ha destacado la necesidad de que los distintos","twitter:image":"https:\/\/eldigitaldeasturias.com\/magazine365\/wp-content\/uploads\/2015\/07\/fotonoticia_20150720152832_800.jpg"},"aioseo_meta_data":{"post_id":"43190","title":null,"description":null,"keywords":null,"keyphrases":null,"primary_term":null,"canonical_url":null,"og_title":null,"og_description":null,"og_object_type":"default","og_image_type":"default","og_image_url":null,"og_image_width":null,"og_image_height":null,"og_image_custom_url":null,"og_image_custom_fields":null,"og_video":null,"og_custom_url":null,"og_article_section":null,"og_article_tags":null,"twitter_use_og":false,"twitter_card":"default","twitter_image_type":"default","twitter_image_url":null,"twitter_image_custom_url":null,"twitter_image_custom_fields":null,"twitter_title":null,"twitter_description":null,"schema":{"blockGraphs":[],"customGraphs":[],"default":{"data":{"Article":[],"Course":[],"Dataset":[],"FAQPage":[],"Movie":[],"Person":[],"Product":[],"ProductReview":[],"Car":[],"Recipe":[],"Service":[],"SoftwareApplication":[],"WebPage":[]},"graphName":"","isEnabled":true},"graphs":[],"defaultGraph":"","defaultPostTypeGraph":""},"schema_type":null,"schema_type_options":null,"pillar_content":false,"robots_default":true,"robots_noindex":false,"robots_noarchive":false,"robots_nosnippet":false,"robots_nofollow":false,"robots_noimageindex":false,"robots_noodp":false,"robots_notranslate":false,"robots_max_snippet":null,"robots_max_videopreview":null,"robots_max_imagepreview":"large","priority":null,"frequency":null,"location":null,"local_seo":null,"seo_analyzer_scan_date":"2025-09-19 19:19:34","breadcrumb_settings":null,"limit_modified_date":false,"open_ai":null,"ai":null,"created":"2021-03-09 01:50:40","updated":"2025-09-19 19:19:34"},"aioseo_breadcrumb":"<div class=\"aioseo-breadcrumbs\"><span class=\"aioseo-breadcrumb\">\n\t<a href=\"https:\/\/eldigitaldeasturias.com\/magazine365\" title=\"Home\">Home<\/a>\n<\/span><span class=\"aioseo-breadcrumb-separator\">\u2013<\/span><span class=\"aioseo-breadcrumb\">\n\t<a href=\"https:\/\/eldigitaldeasturias.com\/magazine365\/category\/noticias-actualidad\/\" title=\"Noticias y Actualidad\">Noticias y Actualidad<\/a>\n<\/span><span class=\"aioseo-breadcrumb-separator\">\u2013<\/span><span class=\"aioseo-breadcrumb\">\n\t<a href=\"https:\/\/eldigitaldeasturias.com\/magazine365\/diputacion-y-junta-de-sevilla-potenciaran-la-colaboracion-para-combatir-la-estacionalidad-turistica\/\" title=\"Diputaci\u00f3n y Junta de Sevilla potenciar\u00e1n la colaboraci\u00f3n para combatir la estacionalidad tur\u00edstica\">Diputaci\u00f3n y Junta de Sevilla potenciar\u00e1n la colaboraci\u00f3n para combatir la estacionalidad tur\u00edstica<\/a>\n<\/span><\/div>","aioseo_breadcrumb_json":[{"label":"Home","link":"https:\/\/eldigitaldeasturias.com\/magazine365"},{"label":"Noticias y Actualidad","link":"https:\/\/eldigitaldeasturias.com\/magazine365\/category\/noticias-actualidad\/"},{"label":"Diputaci\u00f3n y Junta de Sevilla potenciar\u00e1n la colaboraci\u00f3n para combatir la estacionalidad tur\u00edstica","link":"https:\/\/eldigitaldeasturias.com\/magazine365\/diputacion-y-junta-de-sevilla-potenciaran-la-colaboracion-para-combatir-la-estacionalidad-turistica\/"}],"_links":{"self":[{"href":"https:\/\/eldigitaldeasturias.com\/magazine365\/wp-json\/wp\/v2\/posts\/43190","targetHints":{"allow":["GET"]}}],"collection":[{"href":"https:\/\/eldigitaldeasturias.com\/magazine365\/wp-json\/wp\/v2\/posts"}],"about":[{"href":"https:\/\/eldigitaldeasturias.com\/magazine365\/wp-json\/wp\/v2\/types\/post"}],"author":[{"embeddable":true,"href":"https:\/\/eldigitaldeasturias.com\/magazine365\/wp-json\/wp\/v2\/users\/1"}],"replies":[{"embeddable":true,"href":"https:\/\/eldigitaldeasturias.com\/magazine365\/wp-json\/wp\/v2\/comments?post=43190"}],"version-history":[{"count":0,"href":"https:\/\/eldigitaldeasturias.com\/magazine365\/wp-json\/wp\/v2\/posts\/43190\/revisions"}],"wp:featuredmedia":[{"embeddable":true,"href":"https:\/\/eldigitaldeasturias.com\/magazine365\/wp-json\/wp\/v2\/media\/43191"}],"wp:attachment":[{"href":"https:\/\/eldigitaldeasturias.com\/magazine365\/wp-json\/wp\/v2\/media?parent=43190"}],"wp:term":[{"taxonomy":"category","embeddable":true,"href":"https:\/\/eldigitaldeasturias.com\/magazine365\/wp-json\/wp\/v2\/categories?post=43190"},{"taxonomy":"post_tag","embeddable":true,"href":"https:\/\/eldigitaldeasturias.com\/magazine365\/wp-json\/wp\/v2\/tags?post=43190"}],"curies":[{"name":"wp","href":"https:\/\/api.w.org\/{rel}","templated":true}]}}