{"id":43133,"date":"2015-07-21T00:51:57","date_gmt":"2015-07-20T22:51:57","guid":{"rendered":"http:\/\/eldigitaldeasturias.com\/magazine365\/?p=43133"},"modified":"2015-07-21T00:51:57","modified_gmt":"2015-07-20T22:51:57","slug":"jabugo-protagonizara-el-evento-de-turismo-gastronomico-la-rebelion-del-jamon","status":"publish","type":"post","link":"https:\/\/eldigitaldeasturias.com\/magazine365\/jabugo-protagonizara-el-evento-de-turismo-gastronomico-la-rebelion-del-jamon\/","title":{"rendered":"Jabugo protagonizar\u00e1 el evento de turismo gastron\u00f3mico &#8216;La Rebeli\u00f3n del Jam\u00f3n&#8217;"},"content":{"rendered":"<p><img fetchpriority=\"high\" decoding=\"async\" class=\"alignleft size-medium wp-image-43134\" src=\"https:\/\/eldigitaldeasturias.com\/magazine365\/wp-content\/uploads\/2015\/07\/fotonoticia_20150720123145_800-360x239.jpg\" alt=\"fotonoticia_20150720123145_800\" width=\"360\" height=\"239\" srcset=\"https:\/\/eldigitaldeasturias.com\/magazine365\/wp-content\/uploads\/2015\/07\/fotonoticia_20150720123145_800-360x239.jpg 360w, https:\/\/eldigitaldeasturias.com\/magazine365\/wp-content\/uploads\/2015\/07\/fotonoticia_20150720123145_800-650x432.jpg 650w, https:\/\/eldigitaldeasturias.com\/magazine365\/wp-content\/uploads\/2015\/07\/fotonoticia_20150720123145_800-768x511.jpg 768w, https:\/\/eldigitaldeasturias.com\/magazine365\/wp-content\/uploads\/2015\/07\/fotonoticia_20150720123145_800-150x100.jpg 150w, https:\/\/eldigitaldeasturias.com\/magazine365\/wp-content\/uploads\/2015\/07\/fotonoticia_20150720123145_800-450x299.jpg 450w, https:\/\/eldigitaldeasturias.com\/magazine365\/wp-content\/uploads\/2015\/07\/fotonoticia_20150720123145_800-696x463.jpg 696w, https:\/\/eldigitaldeasturias.com\/magazine365\/wp-content\/uploads\/2015\/07\/fotonoticia_20150720123145_800-632x420.jpg 632w, https:\/\/eldigitaldeasturias.com\/magazine365\/wp-content\/uploads\/2015\/07\/fotonoticia_20150720123145_800-84x55.jpg 84w, https:\/\/eldigitaldeasturias.com\/magazine365\/wp-content\/uploads\/2015\/07\/fotonoticia_20150720123145_800.jpg 800w\" sizes=\"(max-width: 360px) 100vw, 360px\" \/>La iniciativa &#8216;La Rebeli\u00f3n del Jam\u00f3n&#8217; aspira a dinamizar las singularidades del Jabugo a trav\u00e9s del turismo gastron\u00f3mico en unas jornadas que se celebrar\u00e1n del 5 al 8 de noviembre, en Huelva.<\/p>\n<p>La Diputaci\u00f3n Provincial destac\u00f3 que se trata de una iniciativa \u00absin precedentes que har\u00e1 de Jabugo el centro mundial del turismo gastron\u00f3mico en torno al producto estrella de la despensa onubense, el jam\u00f3n\u00bb.<\/p>\n<p>La primera acci\u00f3n tendr\u00e1 lugar en Jabugo con una jornada t\u00e9cnica y un &#8216;fam trip&#8217;, o viaje de familiarizaci\u00f3n, que se llevar\u00e1 a cabo el d\u00eda 5 de noviembre, una actividad que estar\u00e1 dirigida a profesionales del sector tur\u00edstico del territorio, empresarios y empresas vinculadas al sector tur\u00edstico, comercial y emprendedores, medios de comunicaci\u00f3n e instituciones.<\/p>\n<p>Las Jornadas de Turismo Gastron\u00f3mico 2015 tienen como principales objetivos \u00abconsolidar al jabugo y cuanto le rodea como elemento clave del turismo gastron\u00f3mico espa\u00f1ol\u00bb, as\u00ed como formar en esta materia e integrar a todos los actores del Parque Natural Sierra de Aracena y Picos de Aroche en el desarrollo econ\u00f3mico y social, a trav\u00e9s del turismo gastron\u00f3mico.<\/p>\n<p>El Centro de Innovaci\u00f3n y Promoci\u00f3n del Ib\u00e9rico, en el &#8216;Edificio del Tiro&#8217; de Jabugo, acoger\u00e1 las distintas acciones a lo largo de todo el territorio del Parque Natural de la Sierra de Aracena y Picos de Aroche (Huelva), en forma de unas Jornadas de Turismo Gastron\u00f3mico, con la participaci\u00f3n de profesionales del sector tur\u00edstico, hosteler\u00eda y comercio.<\/p>\n<p>Durante estos d\u00edas se realizar\u00e1n ponencias, se debatir\u00e1, se impartir\u00e1n talleres y se llevar\u00e1n a cabo presentaciones y degustaciones de productos.<\/p>\n<p>El programa acoger\u00e1 la visita de periodistas y profesionales del sector tur\u00edstico y gastron\u00f3mico, en unas jornadas que se estructuran en cuatro mesas que llevan por t\u00edtulo &#8216;El Turismo Gastron\u00f3mico, lo que es y lo que no es&#8217;, &#8216;Marketing y Comunicaci\u00f3n aplicados al Turismo Gastron\u00f3mico&#8217;, &#8216;\u00a1Y un jam\u00f3n! Productos Experienciales de Turismo Gastron\u00f3mico que no podr\u00e1s creer&#8217;, y &#8216;De la gastronom\u00eda en miniatura al Turismo Gastron\u00f3mico&#8217;.<\/p>\n<p>En paralelo, se realizar\u00e1n muestras de los productos del territorio, como carnes y embutidos, mermeladas, pat\u00e9s, quesos, setas, miel, dulces, vinos y licores.<\/p>\n","protected":false},"excerpt":{"rendered":"<p>La iniciativa &#8216;La Rebeli\u00f3n del Jam\u00f3n&#8217; aspira a dinamizar las singularidades del Jabugo a trav\u00e9s del turismo gastron\u00f3mico en unas jornadas que se celebrar\u00e1n del 5 al 8 de noviembre, en Huelva. La Diputaci\u00f3n Provincial destac\u00f3 que se trata de una iniciativa \u00absin precedentes que har\u00e1 de Jabugo el centro mundial del turismo gastron\u00f3mico en<\/p>\n","protected":false},"author":1,"featured_media":43134,"comment_status":"open","ping_status":"closed","sticky":false,"template":"","format":"standard","meta":{"footnotes":""},"categories":[224],"tags":[],"class_list":{"0":"post-43133","1":"post","2":"type-post","3":"status-publish","4":"format-standard","5":"has-post-thumbnail","7":"category-noticias-actualidad"},"aioseo_notices":[],"aioseo_head":"\n\t\t<!-- All in One SEO Pro 4.9.6.1 - aioseo.com -->\n\t<meta name=\"description\" content=\"La iniciativa &#039;La Rebeli\u00f3n del Jam\u00f3n&#039; aspira a dinamizar las singularidades del Jabugo a trav\u00e9s del turismo gastron\u00f3mico en unas jornadas que se celebrar\u00e1n del 5 al 8 de noviembre, en Huelva. La Diputaci\u00f3n Provincial destac\u00f3 que se trata de una iniciativa &quot;sin precedentes que har\u00e1 de Jabugo el centro mundial del turismo gastron\u00f3mico en\" \/>\n\t<meta name=\"robots\" content=\"max-image-preview:large\" \/>\n\t<meta name=\"author\" content=\"admin\"\/>\n\t<meta name=\"google-site-verification\" content=\"UA-38556648-1\" \/>\n\t<meta name=\"keywords\" content=\"noticias y actualidad\" \/>\n\t<link rel=\"canonical\" href=\"https:\/\/eldigitaldeasturias.com\/magazine365\/jabugo-protagonizara-el-evento-de-turismo-gastronomico-la-rebelion-del-jamon\/\" \/>\n\t<meta name=\"generator\" content=\"All in One SEO Pro (AIOSEO) 4.9.6.1\" \/>\n\t\t<meta property=\"og:locale\" content=\"es_ES\" \/>\n\t\t<meta property=\"og:site_name\" content=\"El Digital de Asturias \u2013 Revista de ocio, turismo y estilo de vida\" \/>\n\t\t<meta property=\"og:type\" content=\"article\" \/>\n\t\t<meta property=\"og:title\" content=\"Jabugo protagonizar\u00e1 el evento de turismo gastron\u00f3mico \u2018La Rebeli\u00f3n del Jam\u00f3n\u2019 | El Digital de Asturias\" \/>\n\t\t<meta property=\"og:description\" content=\"La iniciativa &#039;La Rebeli\u00f3n del Jam\u00f3n&#039; aspira a dinamizar las singularidades del Jabugo a trav\u00e9s del turismo gastron\u00f3mico en unas jornadas que se celebrar\u00e1n del 5 al 8 de noviembre, en Huelva. La Diputaci\u00f3n Provincial destac\u00f3 que se trata de una iniciativa &quot;sin precedentes que har\u00e1 de Jabugo el centro mundial del turismo gastron\u00f3mico en\" \/>\n\t\t<meta property=\"og:url\" content=\"https:\/\/eldigitaldeasturias.com\/magazine365\/jabugo-protagonizara-el-evento-de-turismo-gastronomico-la-rebelion-del-jamon\/\" \/>\n\t\t<meta property=\"og:image\" content=\"https:\/\/eldigitaldeasturias.com\/magazine365\/wp-content\/uploads\/2015\/07\/fotonoticia_20150720123145_800.jpg\" \/>\n\t\t<meta property=\"og:image:secure_url\" content=\"https:\/\/eldigitaldeasturias.com\/magazine365\/wp-content\/uploads\/2015\/07\/fotonoticia_20150720123145_800.jpg\" \/>\n\t\t<meta property=\"og:image:width\" content=\"800\" \/>\n\t\t<meta property=\"og:image:height\" content=\"532\" \/>\n\t\t<meta property=\"article:published_time\" content=\"2015-07-20T22:51:57+00:00\" \/>\n\t\t<meta property=\"article:modified_time\" content=\"2015-07-20T22:51:57+00:00\" \/>\n\t\t<meta name=\"twitter:card\" content=\"summary_large_image\" \/>\n\t\t<meta name=\"twitter:title\" content=\"Jabugo protagonizar\u00e1 el evento de turismo gastron\u00f3mico \u2018La Rebeli\u00f3n del Jam\u00f3n\u2019 | El Digital de Asturias\" \/>\n\t\t<meta name=\"twitter:description\" content=\"La iniciativa &#039;La Rebeli\u00f3n del Jam\u00f3n&#039; aspira a dinamizar las singularidades del Jabugo a trav\u00e9s del turismo gastron\u00f3mico en unas jornadas que se celebrar\u00e1n del 5 al 8 de noviembre, en Huelva. La Diputaci\u00f3n Provincial destac\u00f3 que se trata de una iniciativa &quot;sin precedentes que har\u00e1 de Jabugo el centro mundial del turismo gastron\u00f3mico en\" \/>\n\t\t<meta name=\"twitter:image\" content=\"https:\/\/eldigitaldeasturias.com\/magazine365\/wp-content\/uploads\/2015\/07\/fotonoticia_20150720123145_800.jpg\" \/>\n\t\t<script type=\"application\/ld+json\" class=\"aioseo-schema\">\n\t\t\t{\"@context\":\"https:\\\/\\\/schema.org\",\"@graph\":[{\"@type\":\"Article\",\"@id\":\"https:\\\/\\\/eldigitaldeasturias.com\\\/magazine365\\\/jabugo-protagonizara-el-evento-de-turismo-gastronomico-la-rebelion-del-jamon\\\/#article\",\"name\":\"Jabugo protagonizar\\u00e1 el evento de turismo gastron\\u00f3mico \\u2018La Rebeli\\u00f3n del Jam\\u00f3n\\u2019 | El Digital de Asturias\",\"headline\":\"Jabugo protagonizar\\u00e1 el evento de turismo gastron\\u00f3mico &#8216;La Rebeli\\u00f3n del Jam\\u00f3n&#8217;\",\"author\":{\"@id\":\"https:\\\/\\\/eldigitaldeasturias.com\\\/magazine365\\\/author\\\/admin\\\/#author\"},\"publisher\":{\"@id\":\"https:\\\/\\\/eldigitaldeasturias.com\\\/magazine365\\\/#organization\"},\"image\":{\"@type\":\"ImageObject\",\"url\":\"https:\\\/\\\/eldigitaldeasturias.com\\\/magazine365\\\/wp-content\\\/uploads\\\/2015\\\/07\\\/fotonoticia_20150720123145_800.jpg\",\"width\":800,\"height\":532},\"datePublished\":\"2015-07-21T00:51:57+02:00\",\"dateModified\":\"2015-07-21T00:51:57+02:00\",\"inLanguage\":\"es-ES\",\"mainEntityOfPage\":{\"@id\":\"https:\\\/\\\/eldigitaldeasturias.com\\\/magazine365\\\/jabugo-protagonizara-el-evento-de-turismo-gastronomico-la-rebelion-del-jamon\\\/#webpage\"},\"isPartOf\":{\"@id\":\"https:\\\/\\\/eldigitaldeasturias.com\\\/magazine365\\\/jabugo-protagonizara-el-evento-de-turismo-gastronomico-la-rebelion-del-jamon\\\/#webpage\"},\"articleSection\":\"Noticias y Actualidad\"},{\"@type\":\"BreadcrumbList\",\"@id\":\"https:\\\/\\\/eldigitaldeasturias.com\\\/magazine365\\\/jabugo-protagonizara-el-evento-de-turismo-gastronomico-la-rebelion-del-jamon\\\/#breadcrumblist\",\"itemListElement\":[{\"@type\":\"ListItem\",\"@id\":\"https:\\\/\\\/eldigitaldeasturias.com\\\/magazine365#listItem\",\"position\":1,\"name\":\"Home\",\"item\":\"https:\\\/\\\/eldigitaldeasturias.com\\\/magazine365\",\"nextItem\":{\"@type\":\"ListItem\",\"@id\":\"https:\\\/\\\/eldigitaldeasturias.com\\\/magazine365\\\/category\\\/noticias-actualidad\\\/#listItem\",\"name\":\"Noticias y Actualidad\"}},{\"@type\":\"ListItem\",\"@id\":\"https:\\\/\\\/eldigitaldeasturias.com\\\/magazine365\\\/category\\\/noticias-actualidad\\\/#listItem\",\"position\":2,\"name\":\"Noticias y Actualidad\",\"item\":\"https:\\\/\\\/eldigitaldeasturias.com\\\/magazine365\\\/category\\\/noticias-actualidad\\\/\",\"nextItem\":{\"@type\":\"ListItem\",\"@id\":\"https:\\\/\\\/eldigitaldeasturias.com\\\/magazine365\\\/jabugo-protagonizara-el-evento-de-turismo-gastronomico-la-rebelion-del-jamon\\\/#listItem\",\"name\":\"Jabugo protagonizar\\u00e1 el evento de turismo gastron\\u00f3mico &#8216;La Rebeli\\u00f3n del Jam\\u00f3n&#8217;\"},\"previousItem\":{\"@type\":\"ListItem\",\"@id\":\"https:\\\/\\\/eldigitaldeasturias.com\\\/magazine365#listItem\",\"name\":\"Home\"}},{\"@type\":\"ListItem\",\"@id\":\"https:\\\/\\\/eldigitaldeasturias.com\\\/magazine365\\\/jabugo-protagonizara-el-evento-de-turismo-gastronomico-la-rebelion-del-jamon\\\/#listItem\",\"position\":3,\"name\":\"Jabugo protagonizar\\u00e1 el evento de turismo gastron\\u00f3mico &#8216;La Rebeli\\u00f3n del Jam\\u00f3n&#8217;\",\"previousItem\":{\"@type\":\"ListItem\",\"@id\":\"https:\\\/\\\/eldigitaldeasturias.com\\\/magazine365\\\/category\\\/noticias-actualidad\\\/#listItem\",\"name\":\"Noticias y Actualidad\"}}]},{\"@type\":\"Organization\",\"@id\":\"https:\\\/\\\/eldigitaldeasturias.com\\\/magazine365\\\/#organization\",\"name\":\"El digital de Asturias\",\"description\":\"Revista de ocio, turismo y estilo de vida\",\"url\":\"https:\\\/\\\/eldigitaldeasturias.com\\\/magazine365\\\/\",\"logo\":{\"@type\":\"ImageObject\",\"url\":\"https:\\\/\\\/www.eldigitaldeasturias.com\\\/noticias\\\/wp-content\\\/uploads\\\/2020\\\/12\\\/EDA.jpg\",\"@id\":\"https:\\\/\\\/eldigitaldeasturias.com\\\/magazine365\\\/jabugo-protagonizara-el-evento-de-turismo-gastronomico-la-rebelion-del-jamon\\\/#organizationLogo\"},\"image\":{\"@id\":\"https:\\\/\\\/eldigitaldeasturias.com\\\/magazine365\\\/jabugo-protagonizara-el-evento-de-turismo-gastronomico-la-rebelion-del-jamon\\\/#organizationLogo\"}},{\"@type\":\"Person\",\"@id\":\"https:\\\/\\\/eldigitaldeasturias.com\\\/magazine365\\\/author\\\/admin\\\/#author\",\"url\":\"https:\\\/\\\/eldigitaldeasturias.com\\\/magazine365\\\/author\\\/admin\\\/\",\"name\":\"admin\",\"image\":{\"@type\":\"ImageObject\",\"@id\":\"https:\\\/\\\/eldigitaldeasturias.com\\\/magazine365\\\/jabugo-protagonizara-el-evento-de-turismo-gastronomico-la-rebelion-del-jamon\\\/#authorImage\",\"url\":\"https:\\\/\\\/eldigitaldeasturias.com\\\/magazine365\\\/wp-content\\\/litespeed\\\/avatar\\\/e571bcf59a0edd6fa6838245a470f2fe.jpg?ver=1777574230\",\"width\":96,\"height\":96,\"caption\":\"admin\"}},{\"@type\":\"WebPage\",\"@id\":\"https:\\\/\\\/eldigitaldeasturias.com\\\/magazine365\\\/jabugo-protagonizara-el-evento-de-turismo-gastronomico-la-rebelion-del-jamon\\\/#webpage\",\"url\":\"https:\\\/\\\/eldigitaldeasturias.com\\\/magazine365\\\/jabugo-protagonizara-el-evento-de-turismo-gastronomico-la-rebelion-del-jamon\\\/\",\"name\":\"Jabugo protagonizar\\u00e1 el evento de turismo gastron\\u00f3mico \\u2018La Rebeli\\u00f3n del Jam\\u00f3n\\u2019 | El Digital de Asturias\",\"description\":\"La iniciativa 'La Rebeli\\u00f3n del Jam\\u00f3n' aspira a dinamizar las singularidades del Jabugo a trav\\u00e9s del turismo gastron\\u00f3mico en unas jornadas que se celebrar\\u00e1n del 5 al 8 de noviembre, en Huelva. La Diputaci\\u00f3n Provincial destac\\u00f3 que se trata de una iniciativa \\\"sin precedentes que har\\u00e1 de Jabugo el centro mundial del turismo gastron\\u00f3mico en\",\"inLanguage\":\"es-ES\",\"isPartOf\":{\"@id\":\"https:\\\/\\\/eldigitaldeasturias.com\\\/magazine365\\\/#website\"},\"breadcrumb\":{\"@id\":\"https:\\\/\\\/eldigitaldeasturias.com\\\/magazine365\\\/jabugo-protagonizara-el-evento-de-turismo-gastronomico-la-rebelion-del-jamon\\\/#breadcrumblist\"},\"author\":{\"@id\":\"https:\\\/\\\/eldigitaldeasturias.com\\\/magazine365\\\/author\\\/admin\\\/#author\"},\"creator\":{\"@id\":\"https:\\\/\\\/eldigitaldeasturias.com\\\/magazine365\\\/author\\\/admin\\\/#author\"},\"image\":{\"@type\":\"ImageObject\",\"url\":\"https:\\\/\\\/eldigitaldeasturias.com\\\/magazine365\\\/wp-content\\\/uploads\\\/2015\\\/07\\\/fotonoticia_20150720123145_800.jpg\",\"@id\":\"https:\\\/\\\/eldigitaldeasturias.com\\\/magazine365\\\/jabugo-protagonizara-el-evento-de-turismo-gastronomico-la-rebelion-del-jamon\\\/#mainImage\",\"width\":800,\"height\":532},\"primaryImageOfPage\":{\"@id\":\"https:\\\/\\\/eldigitaldeasturias.com\\\/magazine365\\\/jabugo-protagonizara-el-evento-de-turismo-gastronomico-la-rebelion-del-jamon\\\/#mainImage\"},\"datePublished\":\"2015-07-21T00:51:57+02:00\",\"dateModified\":\"2015-07-21T00:51:57+02:00\"},{\"@type\":\"WebSite\",\"@id\":\"https:\\\/\\\/eldigitaldeasturias.com\\\/magazine365\\\/#website\",\"url\":\"https:\\\/\\\/eldigitaldeasturias.com\\\/magazine365\\\/\",\"name\":\"El Digital de Asturias\",\"description\":\"Revista de ocio, turismo y estilo de vida\",\"inLanguage\":\"es-ES\",\"publisher\":{\"@id\":\"https:\\\/\\\/eldigitaldeasturias.com\\\/magazine365\\\/#organization\"}}]}\n\t\t<\/script>\n\t\t<!-- All in One SEO Pro -->\r\n\t\t<title>Jabugo protagonizar\u00e1 el evento de turismo gastron\u00f3mico \u2018La Rebeli\u00f3n del Jam\u00f3n\u2019 | El Digital de Asturias<\/title>\n\n","aioseo_head_json":{"title":"Jabugo protagonizar\u00e1 el evento de turismo gastron\u00f3mico \u2018La Rebeli\u00f3n del Jam\u00f3n\u2019 | El Digital de Asturias","description":"La iniciativa 'La Rebeli\u00f3n del Jam\u00f3n' aspira a dinamizar las singularidades del Jabugo a trav\u00e9s del turismo gastron\u00f3mico en unas jornadas que se celebrar\u00e1n del 5 al 8 de noviembre, en Huelva. La Diputaci\u00f3n Provincial destac\u00f3 que se trata de una iniciativa \"sin precedentes que har\u00e1 de Jabugo el centro mundial del turismo gastron\u00f3mico en","canonical_url":"https:\/\/eldigitaldeasturias.com\/magazine365\/jabugo-protagonizara-el-evento-de-turismo-gastronomico-la-rebelion-del-jamon\/","robots":"max-image-preview:large","keywords":"noticias y actualidad","webmasterTools":{"google-site-verification":"UA-38556648-1","miscellaneous":""},"schema":{"@context":"https:\/\/schema.org","@graph":[{"@type":"Article","@id":"https:\/\/eldigitaldeasturias.com\/magazine365\/jabugo-protagonizara-el-evento-de-turismo-gastronomico-la-rebelion-del-jamon\/#article","name":"Jabugo protagonizar\u00e1 el evento de turismo gastron\u00f3mico \u2018La Rebeli\u00f3n del Jam\u00f3n\u2019 | El Digital de Asturias","headline":"Jabugo protagonizar\u00e1 el evento de turismo gastron\u00f3mico &#8216;La Rebeli\u00f3n del Jam\u00f3n&#8217;","author":{"@id":"https:\/\/eldigitaldeasturias.com\/magazine365\/author\/admin\/#author"},"publisher":{"@id":"https:\/\/eldigitaldeasturias.com\/magazine365\/#organization"},"image":{"@type":"ImageObject","url":"https:\/\/eldigitaldeasturias.com\/magazine365\/wp-content\/uploads\/2015\/07\/fotonoticia_20150720123145_800.jpg","width":800,"height":532},"datePublished":"2015-07-21T00:51:57+02:00","dateModified":"2015-07-21T00:51:57+02:00","inLanguage":"es-ES","mainEntityOfPage":{"@id":"https:\/\/eldigitaldeasturias.com\/magazine365\/jabugo-protagonizara-el-evento-de-turismo-gastronomico-la-rebelion-del-jamon\/#webpage"},"isPartOf":{"@id":"https:\/\/eldigitaldeasturias.com\/magazine365\/jabugo-protagonizara-el-evento-de-turismo-gastronomico-la-rebelion-del-jamon\/#webpage"},"articleSection":"Noticias y Actualidad"},{"@type":"BreadcrumbList","@id":"https:\/\/eldigitaldeasturias.com\/magazine365\/jabugo-protagonizara-el-evento-de-turismo-gastronomico-la-rebelion-del-jamon\/#breadcrumblist","itemListElement":[{"@type":"ListItem","@id":"https:\/\/eldigitaldeasturias.com\/magazine365#listItem","position":1,"name":"Home","item":"https:\/\/eldigitaldeasturias.com\/magazine365","nextItem":{"@type":"ListItem","@id":"https:\/\/eldigitaldeasturias.com\/magazine365\/category\/noticias-actualidad\/#listItem","name":"Noticias y Actualidad"}},{"@type":"ListItem","@id":"https:\/\/eldigitaldeasturias.com\/magazine365\/category\/noticias-actualidad\/#listItem","position":2,"name":"Noticias y Actualidad","item":"https:\/\/eldigitaldeasturias.com\/magazine365\/category\/noticias-actualidad\/","nextItem":{"@type":"ListItem","@id":"https:\/\/eldigitaldeasturias.com\/magazine365\/jabugo-protagonizara-el-evento-de-turismo-gastronomico-la-rebelion-del-jamon\/#listItem","name":"Jabugo protagonizar\u00e1 el evento de turismo gastron\u00f3mico &#8216;La Rebeli\u00f3n del Jam\u00f3n&#8217;"},"previousItem":{"@type":"ListItem","@id":"https:\/\/eldigitaldeasturias.com\/magazine365#listItem","name":"Home"}},{"@type":"ListItem","@id":"https:\/\/eldigitaldeasturias.com\/magazine365\/jabugo-protagonizara-el-evento-de-turismo-gastronomico-la-rebelion-del-jamon\/#listItem","position":3,"name":"Jabugo protagonizar\u00e1 el evento de turismo gastron\u00f3mico &#8216;La Rebeli\u00f3n del Jam\u00f3n&#8217;","previousItem":{"@type":"ListItem","@id":"https:\/\/eldigitaldeasturias.com\/magazine365\/category\/noticias-actualidad\/#listItem","name":"Noticias y Actualidad"}}]},{"@type":"Organization","@id":"https:\/\/eldigitaldeasturias.com\/magazine365\/#organization","name":"El digital de Asturias","description":"Revista de ocio, turismo y estilo de vida","url":"https:\/\/eldigitaldeasturias.com\/magazine365\/","logo":{"@type":"ImageObject","url":"https:\/\/www.eldigitaldeasturias.com\/noticias\/wp-content\/uploads\/2020\/12\/EDA.jpg","@id":"https:\/\/eldigitaldeasturias.com\/magazine365\/jabugo-protagonizara-el-evento-de-turismo-gastronomico-la-rebelion-del-jamon\/#organizationLogo"},"image":{"@id":"https:\/\/eldigitaldeasturias.com\/magazine365\/jabugo-protagonizara-el-evento-de-turismo-gastronomico-la-rebelion-del-jamon\/#organizationLogo"}},{"@type":"Person","@id":"https:\/\/eldigitaldeasturias.com\/magazine365\/author\/admin\/#author","url":"https:\/\/eldigitaldeasturias.com\/magazine365\/author\/admin\/","name":"admin","image":{"@type":"ImageObject","@id":"https:\/\/eldigitaldeasturias.com\/magazine365\/jabugo-protagonizara-el-evento-de-turismo-gastronomico-la-rebelion-del-jamon\/#authorImage","url":"https:\/\/eldigitaldeasturias.com\/magazine365\/wp-content\/litespeed\/avatar\/e571bcf59a0edd6fa6838245a470f2fe.jpg?ver=1777574230","width":96,"height":96,"caption":"admin"}},{"@type":"WebPage","@id":"https:\/\/eldigitaldeasturias.com\/magazine365\/jabugo-protagonizara-el-evento-de-turismo-gastronomico-la-rebelion-del-jamon\/#webpage","url":"https:\/\/eldigitaldeasturias.com\/magazine365\/jabugo-protagonizara-el-evento-de-turismo-gastronomico-la-rebelion-del-jamon\/","name":"Jabugo protagonizar\u00e1 el evento de turismo gastron\u00f3mico \u2018La Rebeli\u00f3n del Jam\u00f3n\u2019 | El Digital de Asturias","description":"La iniciativa 'La Rebeli\u00f3n del Jam\u00f3n' aspira a dinamizar las singularidades del Jabugo a trav\u00e9s del turismo gastron\u00f3mico en unas jornadas que se celebrar\u00e1n del 5 al 8 de noviembre, en Huelva. La Diputaci\u00f3n Provincial destac\u00f3 que se trata de una iniciativa \"sin precedentes que har\u00e1 de Jabugo el centro mundial del turismo gastron\u00f3mico en","inLanguage":"es-ES","isPartOf":{"@id":"https:\/\/eldigitaldeasturias.com\/magazine365\/#website"},"breadcrumb":{"@id":"https:\/\/eldigitaldeasturias.com\/magazine365\/jabugo-protagonizara-el-evento-de-turismo-gastronomico-la-rebelion-del-jamon\/#breadcrumblist"},"author":{"@id":"https:\/\/eldigitaldeasturias.com\/magazine365\/author\/admin\/#author"},"creator":{"@id":"https:\/\/eldigitaldeasturias.com\/magazine365\/author\/admin\/#author"},"image":{"@type":"ImageObject","url":"https:\/\/eldigitaldeasturias.com\/magazine365\/wp-content\/uploads\/2015\/07\/fotonoticia_20150720123145_800.jpg","@id":"https:\/\/eldigitaldeasturias.com\/magazine365\/jabugo-protagonizara-el-evento-de-turismo-gastronomico-la-rebelion-del-jamon\/#mainImage","width":800,"height":532},"primaryImageOfPage":{"@id":"https:\/\/eldigitaldeasturias.com\/magazine365\/jabugo-protagonizara-el-evento-de-turismo-gastronomico-la-rebelion-del-jamon\/#mainImage"},"datePublished":"2015-07-21T00:51:57+02:00","dateModified":"2015-07-21T00:51:57+02:00"},{"@type":"WebSite","@id":"https:\/\/eldigitaldeasturias.com\/magazine365\/#website","url":"https:\/\/eldigitaldeasturias.com\/magazine365\/","name":"El Digital de Asturias","description":"Revista de ocio, turismo y estilo de vida","inLanguage":"es-ES","publisher":{"@id":"https:\/\/eldigitaldeasturias.com\/magazine365\/#organization"}}]},"og:locale":"es_ES","og:site_name":"El Digital de Asturias \u2013 Revista de ocio, turismo y estilo de vida","og:type":"article","og:title":"Jabugo protagonizar\u00e1 el evento de turismo gastron\u00f3mico \u2018La Rebeli\u00f3n del Jam\u00f3n\u2019 | El Digital de Asturias","og:description":"La iniciativa 'La Rebeli\u00f3n del Jam\u00f3n' aspira a dinamizar las singularidades del Jabugo a trav\u00e9s del turismo gastron\u00f3mico en unas jornadas que se celebrar\u00e1n del 5 al 8 de noviembre, en Huelva. La Diputaci\u00f3n Provincial destac\u00f3 que se trata de una iniciativa &quot;sin precedentes que har\u00e1 de Jabugo el centro mundial del turismo gastron\u00f3mico en","og:url":"https:\/\/eldigitaldeasturias.com\/magazine365\/jabugo-protagonizara-el-evento-de-turismo-gastronomico-la-rebelion-del-jamon\/","og:image":"https:\/\/eldigitaldeasturias.com\/magazine365\/wp-content\/uploads\/2015\/07\/fotonoticia_20150720123145_800.jpg","og:image:secure_url":"https:\/\/eldigitaldeasturias.com\/magazine365\/wp-content\/uploads\/2015\/07\/fotonoticia_20150720123145_800.jpg","og:image:width":800,"og:image:height":532,"article:published_time":"2015-07-20T22:51:57+00:00","article:modified_time":"2015-07-20T22:51:57+00:00","twitter:card":"summary_large_image","twitter:title":"Jabugo protagonizar\u00e1 el evento de turismo gastron\u00f3mico \u2018La Rebeli\u00f3n del Jam\u00f3n\u2019 | El Digital de Asturias","twitter:description":"La iniciativa 'La Rebeli\u00f3n del Jam\u00f3n' aspira a dinamizar las singularidades del Jabugo a trav\u00e9s del turismo gastron\u00f3mico en unas jornadas que se celebrar\u00e1n del 5 al 8 de noviembre, en Huelva. La Diputaci\u00f3n Provincial destac\u00f3 que se trata de una iniciativa &quot;sin precedentes que har\u00e1 de Jabugo el centro mundial del turismo gastron\u00f3mico en","twitter:image":"https:\/\/eldigitaldeasturias.com\/magazine365\/wp-content\/uploads\/2015\/07\/fotonoticia_20150720123145_800.jpg"},"aioseo_meta_data":{"post_id":"43133","title":null,"description":null,"keywords":null,"keyphrases":null,"primary_term":null,"canonical_url":null,"og_title":null,"og_description":null,"og_object_type":"default","og_image_type":"default","og_image_url":null,"og_image_width":null,"og_image_height":null,"og_image_custom_url":null,"og_image_custom_fields":null,"og_video":null,"og_custom_url":null,"og_article_section":null,"og_article_tags":null,"twitter_use_og":false,"twitter_card":"default","twitter_image_type":"default","twitter_image_url":null,"twitter_image_custom_url":null,"twitter_image_custom_fields":null,"twitter_title":null,"twitter_description":null,"schema":{"blockGraphs":[],"customGraphs":[],"default":{"data":{"Article":[],"Course":[],"Dataset":[],"FAQPage":[],"Movie":[],"Person":[],"Product":[],"ProductReview":[],"Car":[],"Recipe":[],"Service":[],"SoftwareApplication":[],"WebPage":[]},"graphName":"","isEnabled":true},"graphs":[],"defaultGraph":"","defaultPostTypeGraph":""},"schema_type":null,"schema_type_options":null,"pillar_content":false,"robots_default":true,"robots_noindex":false,"robots_noarchive":false,"robots_nosnippet":false,"robots_nofollow":false,"robots_noimageindex":false,"robots_noodp":false,"robots_notranslate":false,"robots_max_snippet":null,"robots_max_videopreview":null,"robots_max_imagepreview":"large","priority":null,"frequency":null,"location":null,"local_seo":null,"seo_analyzer_scan_date":"2025-09-19 19:11:25","breadcrumb_settings":null,"limit_modified_date":false,"open_ai":null,"ai":null,"created":"2021-03-09 01:51:46","updated":"2025-09-19 19:11:25"},"aioseo_breadcrumb":"<div class=\"aioseo-breadcrumbs\"><span class=\"aioseo-breadcrumb\">\n\t<a href=\"https:\/\/eldigitaldeasturias.com\/magazine365\" title=\"Home\">Home<\/a>\n<\/span><span class=\"aioseo-breadcrumb-separator\">\u2013<\/span><span class=\"aioseo-breadcrumb\">\n\t<a href=\"https:\/\/eldigitaldeasturias.com\/magazine365\/category\/noticias-actualidad\/\" title=\"Noticias y Actualidad\">Noticias y Actualidad<\/a>\n<\/span><span class=\"aioseo-breadcrumb-separator\">\u2013<\/span><span class=\"aioseo-breadcrumb\">\n\t<a href=\"https:\/\/eldigitaldeasturias.com\/magazine365\/jabugo-protagonizara-el-evento-de-turismo-gastronomico-la-rebelion-del-jamon\/\" title=\"Jabugo protagonizar\u00e1 el evento de turismo gastron\u00f3mico \u2018La Rebeli\u00f3n del Jam\u00f3n\u2019\">Jabugo protagonizar\u00e1 el evento de turismo gastron\u00f3mico \u2018La Rebeli\u00f3n del Jam\u00f3n\u2019<\/a>\n<\/span><\/div>","aioseo_breadcrumb_json":[{"label":"Home","link":"https:\/\/eldigitaldeasturias.com\/magazine365"},{"label":"Noticias y Actualidad","link":"https:\/\/eldigitaldeasturias.com\/magazine365\/category\/noticias-actualidad\/"},{"label":"Jabugo protagonizar\u00e1 el evento de turismo gastron\u00f3mico &#8216;La Rebeli\u00f3n del Jam\u00f3n&#8217;","link":"https:\/\/eldigitaldeasturias.com\/magazine365\/jabugo-protagonizara-el-evento-de-turismo-gastronomico-la-rebelion-del-jamon\/"}],"_links":{"self":[{"href":"https:\/\/eldigitaldeasturias.com\/magazine365\/wp-json\/wp\/v2\/posts\/43133","targetHints":{"allow":["GET"]}}],"collection":[{"href":"https:\/\/eldigitaldeasturias.com\/magazine365\/wp-json\/wp\/v2\/posts"}],"about":[{"href":"https:\/\/eldigitaldeasturias.com\/magazine365\/wp-json\/wp\/v2\/types\/post"}],"author":[{"embeddable":true,"href":"https:\/\/eldigitaldeasturias.com\/magazine365\/wp-json\/wp\/v2\/users\/1"}],"replies":[{"embeddable":true,"href":"https:\/\/eldigitaldeasturias.com\/magazine365\/wp-json\/wp\/v2\/comments?post=43133"}],"version-history":[{"count":0,"href":"https:\/\/eldigitaldeasturias.com\/magazine365\/wp-json\/wp\/v2\/posts\/43133\/revisions"}],"wp:featuredmedia":[{"embeddable":true,"href":"https:\/\/eldigitaldeasturias.com\/magazine365\/wp-json\/wp\/v2\/media\/43134"}],"wp:attachment":[{"href":"https:\/\/eldigitaldeasturias.com\/magazine365\/wp-json\/wp\/v2\/media?parent=43133"}],"wp:term":[{"taxonomy":"category","embeddable":true,"href":"https:\/\/eldigitaldeasturias.com\/magazine365\/wp-json\/wp\/v2\/categories?post=43133"},{"taxonomy":"post_tag","embeddable":true,"href":"https:\/\/eldigitaldeasturias.com\/magazine365\/wp-json\/wp\/v2\/tags?post=43133"}],"curies":[{"name":"wp","href":"https:\/\/api.w.org\/{rel}","templated":true}]}}