{"id":43091,"date":"2015-07-18T06:59:32","date_gmt":"2015-07-18T04:59:32","guid":{"rendered":"http:\/\/eldigitaldeasturias.com\/magazine365\/?p=43091"},"modified":"2015-07-18T06:59:32","modified_gmt":"2015-07-18T04:59:32","slug":"el-aeropuerto-de-fiumicino-recuperara-plena-capacidad-operativa-este-sabado-tras-su-incendio-en-mayo","status":"publish","type":"post","link":"https:\/\/eldigitaldeasturias.com\/magazine365\/el-aeropuerto-de-fiumicino-recuperara-plena-capacidad-operativa-este-sabado-tras-su-incendio-en-mayo\/","title":{"rendered":"El aeropuerto de Fiumicino recuperar\u00e1 plena capacidad operativa este s\u00e1bado tras su incendio en mayo"},"content":{"rendered":"<p><img fetchpriority=\"high\" decoding=\"async\" class=\"alignleft size-medium wp-image-43092\" src=\"https:\/\/eldigitaldeasturias.com\/magazine365\/wp-content\/uploads\/2015\/07\/fotonoticia_20150717183135_800-360x240.jpg\" alt=\"fotonoticia_20150717183135_800\" width=\"360\" height=\"240\" srcset=\"https:\/\/eldigitaldeasturias.com\/magazine365\/wp-content\/uploads\/2015\/07\/fotonoticia_20150717183135_800-360x240.jpg 360w, https:\/\/eldigitaldeasturias.com\/magazine365\/wp-content\/uploads\/2015\/07\/fotonoticia_20150717183135_800-650x433.jpg 650w, https:\/\/eldigitaldeasturias.com\/magazine365\/wp-content\/uploads\/2015\/07\/fotonoticia_20150717183135_800-768x512.jpg 768w, https:\/\/eldigitaldeasturias.com\/magazine365\/wp-content\/uploads\/2015\/07\/fotonoticia_20150717183135_800-150x100.jpg 150w, https:\/\/eldigitaldeasturias.com\/magazine365\/wp-content\/uploads\/2015\/07\/fotonoticia_20150717183135_800-450x300.jpg 450w, https:\/\/eldigitaldeasturias.com\/magazine365\/wp-content\/uploads\/2015\/07\/fotonoticia_20150717183135_800-696x464.jpg 696w, https:\/\/eldigitaldeasturias.com\/magazine365\/wp-content\/uploads\/2015\/07\/fotonoticia_20150717183135_800-630x420.jpg 630w, https:\/\/eldigitaldeasturias.com\/magazine365\/wp-content\/uploads\/2015\/07\/fotonoticia_20150717183135_800-84x55.jpg 84w, https:\/\/eldigitaldeasturias.com\/magazine365\/wp-content\/uploads\/2015\/07\/fotonoticia_20150717183135_800.jpg 800w\" sizes=\"(max-width: 360px) 100vw, 360px\" \/>El aeropuerto de Fiumicino ha anunciado este viernes la reapertura completa de sus instalaciones ma\u00f1ana, 18 de julio, a partir de las 23:59 horas, tras el incendio producido el jueves 7 de mayo, que caus\u00f3 27 cancelaciones de vuelos en aeropuertos espa\u00f1oles.<\/p>\n<p>El presidente de la Entidad Nacional de Aviaci\u00f3n Civil (ENAC en sus siglas en italiano), Vito Riggio, valor\u00f3 positivamente la recuperaci\u00f3n de la plena capacidad operativa del aeropuerto.<\/p>\n<p>\u00abEstamos entrando en el per\u00edodo de mayor tr\u00e1fico a\u00e9reo de todo el a\u00f1o\u00bb, explic\u00f3 Riggio. Con esta decisi\u00f3n se garantiza \u00abla plena eficiencia y una elevada calidad del servicio en una de las conexiones m\u00e1s importantes del pa\u00eds\u00bb, continu\u00f3 el presidente de la ENAC.<\/p>\n<p>El incendio se produjo a las 08:00 horas del pasado 7 de mayo. Como consecuencia, las operaciones se interrumpieron hasta las 12:00 horas mientras los bomberos lidiaban con el fuego.<\/p>\n<p>En Espa\u00f1a hubo 27 vuelos cancelados, siete con origen en el aeropuerto de Adolfo Su\u00e1rez Madrid Barajas, dos en el aeropuerto de Alicante, ocho en Barcelona El Prat, dos con salida desde M\u00e1laga, y cuatro vuelos que despegaban en Sevilla y Valencia, seg\u00fan informaron a Europa Press fuentes de Aena.<\/p>\n","protected":false},"excerpt":{"rendered":"<p>El aeropuerto de Fiumicino ha anunciado este viernes la reapertura completa de sus instalaciones ma\u00f1ana, 18 de julio, a partir de las 23:59 horas, tras el incendio producido el jueves 7 de mayo, que caus\u00f3 27 cancelaciones de vuelos en aeropuertos espa\u00f1oles. El presidente de la Entidad Nacional de Aviaci\u00f3n Civil (ENAC en sus siglas<\/p>\n","protected":false},"author":1,"featured_media":43092,"comment_status":"open","ping_status":"closed","sticky":false,"template":"","format":"standard","meta":{"footnotes":""},"categories":[224],"tags":[],"class_list":{"0":"post-43091","1":"post","2":"type-post","3":"status-publish","4":"format-standard","5":"has-post-thumbnail","7":"category-noticias-actualidad"},"aioseo_notices":[],"aioseo_head":"\n\t\t<!-- All in One SEO Pro 4.9.6.1 - aioseo.com -->\n\t<meta name=\"description\" content=\"El aeropuerto de Fiumicino ha anunciado este viernes la reapertura completa de sus instalaciones ma\u00f1ana, 18 de julio, a partir de las 23:59 horas, tras el incendio producido el jueves 7 de mayo, que caus\u00f3 27 cancelaciones de vuelos en aeropuertos espa\u00f1oles. El presidente de la Entidad Nacional de Aviaci\u00f3n Civil (ENAC en sus siglas\" \/>\n\t<meta name=\"robots\" content=\"max-image-preview:large\" \/>\n\t<meta name=\"author\" content=\"admin\"\/>\n\t<meta name=\"google-site-verification\" content=\"UA-38556648-1\" \/>\n\t<meta name=\"keywords\" content=\"noticias y actualidad\" \/>\n\t<link rel=\"canonical\" href=\"https:\/\/eldigitaldeasturias.com\/magazine365\/el-aeropuerto-de-fiumicino-recuperara-plena-capacidad-operativa-este-sabado-tras-su-incendio-en-mayo\/\" \/>\n\t<meta name=\"generator\" content=\"All in One SEO Pro (AIOSEO) 4.9.6.1\" \/>\n\t\t<meta property=\"og:locale\" content=\"es_ES\" \/>\n\t\t<meta property=\"og:site_name\" content=\"El Digital de Asturias \u2013 Revista de ocio, turismo y estilo de vida\" \/>\n\t\t<meta property=\"og:type\" content=\"article\" \/>\n\t\t<meta property=\"og:title\" content=\"El aeropuerto de Fiumicino recuperar\u00e1 plena capacidad operativa este s\u00e1bado tras su incendio en mayo | El Digital de Asturias\" \/>\n\t\t<meta property=\"og:description\" content=\"El aeropuerto de Fiumicino ha anunciado este viernes la reapertura completa de sus instalaciones ma\u00f1ana, 18 de julio, a partir de las 23:59 horas, tras el incendio producido el jueves 7 de mayo, que caus\u00f3 27 cancelaciones de vuelos en aeropuertos espa\u00f1oles. El presidente de la Entidad Nacional de Aviaci\u00f3n Civil (ENAC en sus siglas\" \/>\n\t\t<meta property=\"og:url\" content=\"https:\/\/eldigitaldeasturias.com\/magazine365\/el-aeropuerto-de-fiumicino-recuperara-plena-capacidad-operativa-este-sabado-tras-su-incendio-en-mayo\/\" \/>\n\t\t<meta property=\"og:image\" content=\"https:\/\/eldigitaldeasturias.com\/magazine365\/wp-content\/uploads\/2015\/07\/fotonoticia_20150717183135_800.jpg\" \/>\n\t\t<meta property=\"og:image:secure_url\" content=\"https:\/\/eldigitaldeasturias.com\/magazine365\/wp-content\/uploads\/2015\/07\/fotonoticia_20150717183135_800.jpg\" \/>\n\t\t<meta property=\"og:image:width\" content=\"800\" \/>\n\t\t<meta property=\"og:image:height\" content=\"533\" \/>\n\t\t<meta property=\"article:published_time\" content=\"2015-07-18T04:59:32+00:00\" \/>\n\t\t<meta property=\"article:modified_time\" content=\"2015-07-18T04:59:32+00:00\" \/>\n\t\t<meta name=\"twitter:card\" content=\"summary_large_image\" \/>\n\t\t<meta name=\"twitter:title\" content=\"El aeropuerto de Fiumicino recuperar\u00e1 plena capacidad operativa este s\u00e1bado tras su incendio en mayo | El Digital de Asturias\" \/>\n\t\t<meta name=\"twitter:description\" content=\"El aeropuerto de Fiumicino ha anunciado este viernes la reapertura completa de sus instalaciones ma\u00f1ana, 18 de julio, a partir de las 23:59 horas, tras el incendio producido el jueves 7 de mayo, que caus\u00f3 27 cancelaciones de vuelos en aeropuertos espa\u00f1oles. El presidente de la Entidad Nacional de Aviaci\u00f3n Civil (ENAC en sus siglas\" \/>\n\t\t<meta name=\"twitter:image\" content=\"https:\/\/eldigitaldeasturias.com\/magazine365\/wp-content\/uploads\/2015\/07\/fotonoticia_20150717183135_800.jpg\" \/>\n\t\t<script type=\"application\/ld+json\" class=\"aioseo-schema\">\n\t\t\t{\"@context\":\"https:\\\/\\\/schema.org\",\"@graph\":[{\"@type\":\"Article\",\"@id\":\"https:\\\/\\\/eldigitaldeasturias.com\\\/magazine365\\\/el-aeropuerto-de-fiumicino-recuperara-plena-capacidad-operativa-este-sabado-tras-su-incendio-en-mayo\\\/#article\",\"name\":\"El aeropuerto de Fiumicino recuperar\\u00e1 plena capacidad operativa este s\\u00e1bado tras su incendio en mayo | El Digital de Asturias\",\"headline\":\"El aeropuerto de Fiumicino recuperar\\u00e1 plena capacidad operativa este s\\u00e1bado tras su incendio en mayo\",\"author\":{\"@id\":\"https:\\\/\\\/eldigitaldeasturias.com\\\/magazine365\\\/author\\\/admin\\\/#author\"},\"publisher\":{\"@id\":\"https:\\\/\\\/eldigitaldeasturias.com\\\/magazine365\\\/#organization\"},\"image\":{\"@type\":\"ImageObject\",\"url\":\"https:\\\/\\\/eldigitaldeasturias.com\\\/magazine365\\\/wp-content\\\/uploads\\\/2015\\\/07\\\/fotonoticia_20150717183135_800.jpg\",\"width\":800,\"height\":533},\"datePublished\":\"2015-07-18T06:59:32+02:00\",\"dateModified\":\"2015-07-18T06:59:32+02:00\",\"inLanguage\":\"es-ES\",\"mainEntityOfPage\":{\"@id\":\"https:\\\/\\\/eldigitaldeasturias.com\\\/magazine365\\\/el-aeropuerto-de-fiumicino-recuperara-plena-capacidad-operativa-este-sabado-tras-su-incendio-en-mayo\\\/#webpage\"},\"isPartOf\":{\"@id\":\"https:\\\/\\\/eldigitaldeasturias.com\\\/magazine365\\\/el-aeropuerto-de-fiumicino-recuperara-plena-capacidad-operativa-este-sabado-tras-su-incendio-en-mayo\\\/#webpage\"},\"articleSection\":\"Noticias y Actualidad\"},{\"@type\":\"BreadcrumbList\",\"@id\":\"https:\\\/\\\/eldigitaldeasturias.com\\\/magazine365\\\/el-aeropuerto-de-fiumicino-recuperara-plena-capacidad-operativa-este-sabado-tras-su-incendio-en-mayo\\\/#breadcrumblist\",\"itemListElement\":[{\"@type\":\"ListItem\",\"@id\":\"https:\\\/\\\/eldigitaldeasturias.com\\\/magazine365#listItem\",\"position\":1,\"name\":\"Home\",\"item\":\"https:\\\/\\\/eldigitaldeasturias.com\\\/magazine365\",\"nextItem\":{\"@type\":\"ListItem\",\"@id\":\"https:\\\/\\\/eldigitaldeasturias.com\\\/magazine365\\\/category\\\/noticias-actualidad\\\/#listItem\",\"name\":\"Noticias y Actualidad\"}},{\"@type\":\"ListItem\",\"@id\":\"https:\\\/\\\/eldigitaldeasturias.com\\\/magazine365\\\/category\\\/noticias-actualidad\\\/#listItem\",\"position\":2,\"name\":\"Noticias y Actualidad\",\"item\":\"https:\\\/\\\/eldigitaldeasturias.com\\\/magazine365\\\/category\\\/noticias-actualidad\\\/\",\"nextItem\":{\"@type\":\"ListItem\",\"@id\":\"https:\\\/\\\/eldigitaldeasturias.com\\\/magazine365\\\/el-aeropuerto-de-fiumicino-recuperara-plena-capacidad-operativa-este-sabado-tras-su-incendio-en-mayo\\\/#listItem\",\"name\":\"El aeropuerto de Fiumicino recuperar\\u00e1 plena capacidad operativa este s\\u00e1bado tras su incendio en mayo\"},\"previousItem\":{\"@type\":\"ListItem\",\"@id\":\"https:\\\/\\\/eldigitaldeasturias.com\\\/magazine365#listItem\",\"name\":\"Home\"}},{\"@type\":\"ListItem\",\"@id\":\"https:\\\/\\\/eldigitaldeasturias.com\\\/magazine365\\\/el-aeropuerto-de-fiumicino-recuperara-plena-capacidad-operativa-este-sabado-tras-su-incendio-en-mayo\\\/#listItem\",\"position\":3,\"name\":\"El aeropuerto de Fiumicino recuperar\\u00e1 plena capacidad operativa este s\\u00e1bado tras su incendio en mayo\",\"previousItem\":{\"@type\":\"ListItem\",\"@id\":\"https:\\\/\\\/eldigitaldeasturias.com\\\/magazine365\\\/category\\\/noticias-actualidad\\\/#listItem\",\"name\":\"Noticias y Actualidad\"}}]},{\"@type\":\"Organization\",\"@id\":\"https:\\\/\\\/eldigitaldeasturias.com\\\/magazine365\\\/#organization\",\"name\":\"El digital de Asturias\",\"description\":\"Revista de ocio, turismo y estilo de vida\",\"url\":\"https:\\\/\\\/eldigitaldeasturias.com\\\/magazine365\\\/\",\"logo\":{\"@type\":\"ImageObject\",\"url\":\"https:\\\/\\\/www.eldigitaldeasturias.com\\\/noticias\\\/wp-content\\\/uploads\\\/2020\\\/12\\\/EDA.jpg\",\"@id\":\"https:\\\/\\\/eldigitaldeasturias.com\\\/magazine365\\\/el-aeropuerto-de-fiumicino-recuperara-plena-capacidad-operativa-este-sabado-tras-su-incendio-en-mayo\\\/#organizationLogo\"},\"image\":{\"@id\":\"https:\\\/\\\/eldigitaldeasturias.com\\\/magazine365\\\/el-aeropuerto-de-fiumicino-recuperara-plena-capacidad-operativa-este-sabado-tras-su-incendio-en-mayo\\\/#organizationLogo\"}},{\"@type\":\"Person\",\"@id\":\"https:\\\/\\\/eldigitaldeasturias.com\\\/magazine365\\\/author\\\/admin\\\/#author\",\"url\":\"https:\\\/\\\/eldigitaldeasturias.com\\\/magazine365\\\/author\\\/admin\\\/\",\"name\":\"admin\",\"image\":{\"@type\":\"ImageObject\",\"@id\":\"https:\\\/\\\/eldigitaldeasturias.com\\\/magazine365\\\/el-aeropuerto-de-fiumicino-recuperara-plena-capacidad-operativa-este-sabado-tras-su-incendio-en-mayo\\\/#authorImage\",\"url\":\"https:\\\/\\\/eldigitaldeasturias.com\\\/magazine365\\\/wp-content\\\/litespeed\\\/avatar\\\/e571bcf59a0edd6fa6838245a470f2fe.jpg?ver=1777574230\",\"width\":96,\"height\":96,\"caption\":\"admin\"}},{\"@type\":\"WebPage\",\"@id\":\"https:\\\/\\\/eldigitaldeasturias.com\\\/magazine365\\\/el-aeropuerto-de-fiumicino-recuperara-plena-capacidad-operativa-este-sabado-tras-su-incendio-en-mayo\\\/#webpage\",\"url\":\"https:\\\/\\\/eldigitaldeasturias.com\\\/magazine365\\\/el-aeropuerto-de-fiumicino-recuperara-plena-capacidad-operativa-este-sabado-tras-su-incendio-en-mayo\\\/\",\"name\":\"El aeropuerto de Fiumicino recuperar\\u00e1 plena capacidad operativa este s\\u00e1bado tras su incendio en mayo | El Digital de Asturias\",\"description\":\"El aeropuerto de Fiumicino ha anunciado este viernes la reapertura completa de sus instalaciones ma\\u00f1ana, 18 de julio, a partir de las 23:59 horas, tras el incendio producido el jueves 7 de mayo, que caus\\u00f3 27 cancelaciones de vuelos en aeropuertos espa\\u00f1oles. El presidente de la Entidad Nacional de Aviaci\\u00f3n Civil (ENAC en sus siglas\",\"inLanguage\":\"es-ES\",\"isPartOf\":{\"@id\":\"https:\\\/\\\/eldigitaldeasturias.com\\\/magazine365\\\/#website\"},\"breadcrumb\":{\"@id\":\"https:\\\/\\\/eldigitaldeasturias.com\\\/magazine365\\\/el-aeropuerto-de-fiumicino-recuperara-plena-capacidad-operativa-este-sabado-tras-su-incendio-en-mayo\\\/#breadcrumblist\"},\"author\":{\"@id\":\"https:\\\/\\\/eldigitaldeasturias.com\\\/magazine365\\\/author\\\/admin\\\/#author\"},\"creator\":{\"@id\":\"https:\\\/\\\/eldigitaldeasturias.com\\\/magazine365\\\/author\\\/admin\\\/#author\"},\"image\":{\"@type\":\"ImageObject\",\"url\":\"https:\\\/\\\/eldigitaldeasturias.com\\\/magazine365\\\/wp-content\\\/uploads\\\/2015\\\/07\\\/fotonoticia_20150717183135_800.jpg\",\"@id\":\"https:\\\/\\\/eldigitaldeasturias.com\\\/magazine365\\\/el-aeropuerto-de-fiumicino-recuperara-plena-capacidad-operativa-este-sabado-tras-su-incendio-en-mayo\\\/#mainImage\",\"width\":800,\"height\":533},\"primaryImageOfPage\":{\"@id\":\"https:\\\/\\\/eldigitaldeasturias.com\\\/magazine365\\\/el-aeropuerto-de-fiumicino-recuperara-plena-capacidad-operativa-este-sabado-tras-su-incendio-en-mayo\\\/#mainImage\"},\"datePublished\":\"2015-07-18T06:59:32+02:00\",\"dateModified\":\"2015-07-18T06:59:32+02:00\"},{\"@type\":\"WebSite\",\"@id\":\"https:\\\/\\\/eldigitaldeasturias.com\\\/magazine365\\\/#website\",\"url\":\"https:\\\/\\\/eldigitaldeasturias.com\\\/magazine365\\\/\",\"name\":\"El Digital de Asturias\",\"description\":\"Revista de ocio, turismo y estilo de vida\",\"inLanguage\":\"es-ES\",\"publisher\":{\"@id\":\"https:\\\/\\\/eldigitaldeasturias.com\\\/magazine365\\\/#organization\"}}]}\n\t\t<\/script>\n\t\t<!-- All in One SEO Pro -->\r\n\t\t<title>El aeropuerto de Fiumicino recuperar\u00e1 plena capacidad operativa este s\u00e1bado tras su incendio en mayo | El Digital de Asturias<\/title>\n\n","aioseo_head_json":{"title":"El aeropuerto de Fiumicino recuperar\u00e1 plena capacidad operativa este s\u00e1bado tras su incendio en mayo | El Digital de Asturias","description":"El aeropuerto de Fiumicino ha anunciado este viernes la reapertura completa de sus instalaciones ma\u00f1ana, 18 de julio, a partir de las 23:59 horas, tras el incendio producido el jueves 7 de mayo, que caus\u00f3 27 cancelaciones de vuelos en aeropuertos espa\u00f1oles. El presidente de la Entidad Nacional de Aviaci\u00f3n Civil (ENAC en sus siglas","canonical_url":"https:\/\/eldigitaldeasturias.com\/magazine365\/el-aeropuerto-de-fiumicino-recuperara-plena-capacidad-operativa-este-sabado-tras-su-incendio-en-mayo\/","robots":"max-image-preview:large","keywords":"noticias y actualidad","webmasterTools":{"google-site-verification":"UA-38556648-1","miscellaneous":""},"schema":{"@context":"https:\/\/schema.org","@graph":[{"@type":"Article","@id":"https:\/\/eldigitaldeasturias.com\/magazine365\/el-aeropuerto-de-fiumicino-recuperara-plena-capacidad-operativa-este-sabado-tras-su-incendio-en-mayo\/#article","name":"El aeropuerto de Fiumicino recuperar\u00e1 plena capacidad operativa este s\u00e1bado tras su incendio en mayo | El Digital de Asturias","headline":"El aeropuerto de Fiumicino recuperar\u00e1 plena capacidad operativa este s\u00e1bado tras su incendio en mayo","author":{"@id":"https:\/\/eldigitaldeasturias.com\/magazine365\/author\/admin\/#author"},"publisher":{"@id":"https:\/\/eldigitaldeasturias.com\/magazine365\/#organization"},"image":{"@type":"ImageObject","url":"https:\/\/eldigitaldeasturias.com\/magazine365\/wp-content\/uploads\/2015\/07\/fotonoticia_20150717183135_800.jpg","width":800,"height":533},"datePublished":"2015-07-18T06:59:32+02:00","dateModified":"2015-07-18T06:59:32+02:00","inLanguage":"es-ES","mainEntityOfPage":{"@id":"https:\/\/eldigitaldeasturias.com\/magazine365\/el-aeropuerto-de-fiumicino-recuperara-plena-capacidad-operativa-este-sabado-tras-su-incendio-en-mayo\/#webpage"},"isPartOf":{"@id":"https:\/\/eldigitaldeasturias.com\/magazine365\/el-aeropuerto-de-fiumicino-recuperara-plena-capacidad-operativa-este-sabado-tras-su-incendio-en-mayo\/#webpage"},"articleSection":"Noticias y Actualidad"},{"@type":"BreadcrumbList","@id":"https:\/\/eldigitaldeasturias.com\/magazine365\/el-aeropuerto-de-fiumicino-recuperara-plena-capacidad-operativa-este-sabado-tras-su-incendio-en-mayo\/#breadcrumblist","itemListElement":[{"@type":"ListItem","@id":"https:\/\/eldigitaldeasturias.com\/magazine365#listItem","position":1,"name":"Home","item":"https:\/\/eldigitaldeasturias.com\/magazine365","nextItem":{"@type":"ListItem","@id":"https:\/\/eldigitaldeasturias.com\/magazine365\/category\/noticias-actualidad\/#listItem","name":"Noticias y Actualidad"}},{"@type":"ListItem","@id":"https:\/\/eldigitaldeasturias.com\/magazine365\/category\/noticias-actualidad\/#listItem","position":2,"name":"Noticias y Actualidad","item":"https:\/\/eldigitaldeasturias.com\/magazine365\/category\/noticias-actualidad\/","nextItem":{"@type":"ListItem","@id":"https:\/\/eldigitaldeasturias.com\/magazine365\/el-aeropuerto-de-fiumicino-recuperara-plena-capacidad-operativa-este-sabado-tras-su-incendio-en-mayo\/#listItem","name":"El aeropuerto de Fiumicino recuperar\u00e1 plena capacidad operativa este s\u00e1bado tras su incendio en mayo"},"previousItem":{"@type":"ListItem","@id":"https:\/\/eldigitaldeasturias.com\/magazine365#listItem","name":"Home"}},{"@type":"ListItem","@id":"https:\/\/eldigitaldeasturias.com\/magazine365\/el-aeropuerto-de-fiumicino-recuperara-plena-capacidad-operativa-este-sabado-tras-su-incendio-en-mayo\/#listItem","position":3,"name":"El aeropuerto de Fiumicino recuperar\u00e1 plena capacidad operativa este s\u00e1bado tras su incendio en mayo","previousItem":{"@type":"ListItem","@id":"https:\/\/eldigitaldeasturias.com\/magazine365\/category\/noticias-actualidad\/#listItem","name":"Noticias y Actualidad"}}]},{"@type":"Organization","@id":"https:\/\/eldigitaldeasturias.com\/magazine365\/#organization","name":"El digital de Asturias","description":"Revista de ocio, turismo y estilo de vida","url":"https:\/\/eldigitaldeasturias.com\/magazine365\/","logo":{"@type":"ImageObject","url":"https:\/\/www.eldigitaldeasturias.com\/noticias\/wp-content\/uploads\/2020\/12\/EDA.jpg","@id":"https:\/\/eldigitaldeasturias.com\/magazine365\/el-aeropuerto-de-fiumicino-recuperara-plena-capacidad-operativa-este-sabado-tras-su-incendio-en-mayo\/#organizationLogo"},"image":{"@id":"https:\/\/eldigitaldeasturias.com\/magazine365\/el-aeropuerto-de-fiumicino-recuperara-plena-capacidad-operativa-este-sabado-tras-su-incendio-en-mayo\/#organizationLogo"}},{"@type":"Person","@id":"https:\/\/eldigitaldeasturias.com\/magazine365\/author\/admin\/#author","url":"https:\/\/eldigitaldeasturias.com\/magazine365\/author\/admin\/","name":"admin","image":{"@type":"ImageObject","@id":"https:\/\/eldigitaldeasturias.com\/magazine365\/el-aeropuerto-de-fiumicino-recuperara-plena-capacidad-operativa-este-sabado-tras-su-incendio-en-mayo\/#authorImage","url":"https:\/\/eldigitaldeasturias.com\/magazine365\/wp-content\/litespeed\/avatar\/e571bcf59a0edd6fa6838245a470f2fe.jpg?ver=1777574230","width":96,"height":96,"caption":"admin"}},{"@type":"WebPage","@id":"https:\/\/eldigitaldeasturias.com\/magazine365\/el-aeropuerto-de-fiumicino-recuperara-plena-capacidad-operativa-este-sabado-tras-su-incendio-en-mayo\/#webpage","url":"https:\/\/eldigitaldeasturias.com\/magazine365\/el-aeropuerto-de-fiumicino-recuperara-plena-capacidad-operativa-este-sabado-tras-su-incendio-en-mayo\/","name":"El aeropuerto de Fiumicino recuperar\u00e1 plena capacidad operativa este s\u00e1bado tras su incendio en mayo | El Digital de Asturias","description":"El aeropuerto de Fiumicino ha anunciado este viernes la reapertura completa de sus instalaciones ma\u00f1ana, 18 de julio, a partir de las 23:59 horas, tras el incendio producido el jueves 7 de mayo, que caus\u00f3 27 cancelaciones de vuelos en aeropuertos espa\u00f1oles. El presidente de la Entidad Nacional de Aviaci\u00f3n Civil (ENAC en sus siglas","inLanguage":"es-ES","isPartOf":{"@id":"https:\/\/eldigitaldeasturias.com\/magazine365\/#website"},"breadcrumb":{"@id":"https:\/\/eldigitaldeasturias.com\/magazine365\/el-aeropuerto-de-fiumicino-recuperara-plena-capacidad-operativa-este-sabado-tras-su-incendio-en-mayo\/#breadcrumblist"},"author":{"@id":"https:\/\/eldigitaldeasturias.com\/magazine365\/author\/admin\/#author"},"creator":{"@id":"https:\/\/eldigitaldeasturias.com\/magazine365\/author\/admin\/#author"},"image":{"@type":"ImageObject","url":"https:\/\/eldigitaldeasturias.com\/magazine365\/wp-content\/uploads\/2015\/07\/fotonoticia_20150717183135_800.jpg","@id":"https:\/\/eldigitaldeasturias.com\/magazine365\/el-aeropuerto-de-fiumicino-recuperara-plena-capacidad-operativa-este-sabado-tras-su-incendio-en-mayo\/#mainImage","width":800,"height":533},"primaryImageOfPage":{"@id":"https:\/\/eldigitaldeasturias.com\/magazine365\/el-aeropuerto-de-fiumicino-recuperara-plena-capacidad-operativa-este-sabado-tras-su-incendio-en-mayo\/#mainImage"},"datePublished":"2015-07-18T06:59:32+02:00","dateModified":"2015-07-18T06:59:32+02:00"},{"@type":"WebSite","@id":"https:\/\/eldigitaldeasturias.com\/magazine365\/#website","url":"https:\/\/eldigitaldeasturias.com\/magazine365\/","name":"El Digital de Asturias","description":"Revista de ocio, turismo y estilo de vida","inLanguage":"es-ES","publisher":{"@id":"https:\/\/eldigitaldeasturias.com\/magazine365\/#organization"}}]},"og:locale":"es_ES","og:site_name":"El Digital de Asturias \u2013 Revista de ocio, turismo y estilo de vida","og:type":"article","og:title":"El aeropuerto de Fiumicino recuperar\u00e1 plena capacidad operativa este s\u00e1bado tras su incendio en mayo | El Digital de Asturias","og:description":"El aeropuerto de Fiumicino ha anunciado este viernes la reapertura completa de sus instalaciones ma\u00f1ana, 18 de julio, a partir de las 23:59 horas, tras el incendio producido el jueves 7 de mayo, que caus\u00f3 27 cancelaciones de vuelos en aeropuertos espa\u00f1oles. El presidente de la Entidad Nacional de Aviaci\u00f3n Civil (ENAC en sus siglas","og:url":"https:\/\/eldigitaldeasturias.com\/magazine365\/el-aeropuerto-de-fiumicino-recuperara-plena-capacidad-operativa-este-sabado-tras-su-incendio-en-mayo\/","og:image":"https:\/\/eldigitaldeasturias.com\/magazine365\/wp-content\/uploads\/2015\/07\/fotonoticia_20150717183135_800.jpg","og:image:secure_url":"https:\/\/eldigitaldeasturias.com\/magazine365\/wp-content\/uploads\/2015\/07\/fotonoticia_20150717183135_800.jpg","og:image:width":800,"og:image:height":533,"article:published_time":"2015-07-18T04:59:32+00:00","article:modified_time":"2015-07-18T04:59:32+00:00","twitter:card":"summary_large_image","twitter:title":"El aeropuerto de Fiumicino recuperar\u00e1 plena capacidad operativa este s\u00e1bado tras su incendio en mayo | El Digital de Asturias","twitter:description":"El aeropuerto de Fiumicino ha anunciado este viernes la reapertura completa de sus instalaciones ma\u00f1ana, 18 de julio, a partir de las 23:59 horas, tras el incendio producido el jueves 7 de mayo, que caus\u00f3 27 cancelaciones de vuelos en aeropuertos espa\u00f1oles. El presidente de la Entidad Nacional de Aviaci\u00f3n Civil (ENAC en sus siglas","twitter:image":"https:\/\/eldigitaldeasturias.com\/magazine365\/wp-content\/uploads\/2015\/07\/fotonoticia_20150717183135_800.jpg"},"aioseo_meta_data":{"post_id":"43091","title":null,"description":null,"keywords":null,"keyphrases":null,"primary_term":null,"canonical_url":null,"og_title":null,"og_description":null,"og_object_type":"default","og_image_type":"default","og_image_url":null,"og_image_width":null,"og_image_height":null,"og_image_custom_url":null,"og_image_custom_fields":null,"og_video":null,"og_custom_url":null,"og_article_section":null,"og_article_tags":null,"twitter_use_og":false,"twitter_card":"default","twitter_image_type":"default","twitter_image_url":null,"twitter_image_custom_url":null,"twitter_image_custom_fields":null,"twitter_title":null,"twitter_description":null,"schema":{"blockGraphs":[],"customGraphs":[],"default":{"data":{"Article":[],"Course":[],"Dataset":[],"FAQPage":[],"Movie":[],"Person":[],"Product":[],"ProductReview":[],"Car":[],"Recipe":[],"Service":[],"SoftwareApplication":[],"WebPage":[]},"graphName":"","isEnabled":true},"graphs":[],"defaultGraph":"","defaultPostTypeGraph":""},"schema_type":null,"schema_type_options":null,"pillar_content":false,"robots_default":true,"robots_noindex":false,"robots_noarchive":false,"robots_nosnippet":false,"robots_nofollow":false,"robots_noimageindex":false,"robots_noodp":false,"robots_notranslate":false,"robots_max_snippet":null,"robots_max_videopreview":null,"robots_max_imagepreview":"large","priority":null,"frequency":null,"location":null,"local_seo":null,"seo_analyzer_scan_date":"2025-09-19 19:06:59","breadcrumb_settings":null,"limit_modified_date":false,"open_ai":null,"ai":null,"created":"2021-03-09 01:52:58","updated":"2025-09-19 19:06:59"},"aioseo_breadcrumb":"<div class=\"aioseo-breadcrumbs\"><span class=\"aioseo-breadcrumb\">\n\t<a href=\"https:\/\/eldigitaldeasturias.com\/magazine365\" title=\"Home\">Home<\/a>\n<\/span><span class=\"aioseo-breadcrumb-separator\">\u2013<\/span><span class=\"aioseo-breadcrumb\">\n\t<a href=\"https:\/\/eldigitaldeasturias.com\/magazine365\/category\/noticias-actualidad\/\" title=\"Noticias y Actualidad\">Noticias y Actualidad<\/a>\n<\/span><span class=\"aioseo-breadcrumb-separator\">\u2013<\/span><span class=\"aioseo-breadcrumb\">\n\t<a href=\"https:\/\/eldigitaldeasturias.com\/magazine365\/el-aeropuerto-de-fiumicino-recuperara-plena-capacidad-operativa-este-sabado-tras-su-incendio-en-mayo\/\" title=\"El aeropuerto de Fiumicino recuperar\u00e1 plena capacidad operativa este s\u00e1bado tras su incendio en mayo\">El aeropuerto de Fiumicino recuperar\u00e1 plena capacidad operativa este s\u00e1bado tras su incendio en mayo<\/a>\n<\/span><\/div>","aioseo_breadcrumb_json":[{"label":"Home","link":"https:\/\/eldigitaldeasturias.com\/magazine365"},{"label":"Noticias y Actualidad","link":"https:\/\/eldigitaldeasturias.com\/magazine365\/category\/noticias-actualidad\/"},{"label":"El aeropuerto de Fiumicino recuperar\u00e1 plena capacidad operativa este s\u00e1bado tras su incendio en mayo","link":"https:\/\/eldigitaldeasturias.com\/magazine365\/el-aeropuerto-de-fiumicino-recuperara-plena-capacidad-operativa-este-sabado-tras-su-incendio-en-mayo\/"}],"_links":{"self":[{"href":"https:\/\/eldigitaldeasturias.com\/magazine365\/wp-json\/wp\/v2\/posts\/43091","targetHints":{"allow":["GET"]}}],"collection":[{"href":"https:\/\/eldigitaldeasturias.com\/magazine365\/wp-json\/wp\/v2\/posts"}],"about":[{"href":"https:\/\/eldigitaldeasturias.com\/magazine365\/wp-json\/wp\/v2\/types\/post"}],"author":[{"embeddable":true,"href":"https:\/\/eldigitaldeasturias.com\/magazine365\/wp-json\/wp\/v2\/users\/1"}],"replies":[{"embeddable":true,"href":"https:\/\/eldigitaldeasturias.com\/magazine365\/wp-json\/wp\/v2\/comments?post=43091"}],"version-history":[{"count":0,"href":"https:\/\/eldigitaldeasturias.com\/magazine365\/wp-json\/wp\/v2\/posts\/43091\/revisions"}],"wp:featuredmedia":[{"embeddable":true,"href":"https:\/\/eldigitaldeasturias.com\/magazine365\/wp-json\/wp\/v2\/media\/43092"}],"wp:attachment":[{"href":"https:\/\/eldigitaldeasturias.com\/magazine365\/wp-json\/wp\/v2\/media?parent=43091"}],"wp:term":[{"taxonomy":"category","embeddable":true,"href":"https:\/\/eldigitaldeasturias.com\/magazine365\/wp-json\/wp\/v2\/categories?post=43091"},{"taxonomy":"post_tag","embeddable":true,"href":"https:\/\/eldigitaldeasturias.com\/magazine365\/wp-json\/wp\/v2\/tags?post=43091"}],"curies":[{"name":"wp","href":"https:\/\/api.w.org\/{rel}","templated":true}]}}