{"id":43071,"date":"2015-07-18T06:33:04","date_gmt":"2015-07-18T04:33:04","guid":{"rendered":"http:\/\/eldigitaldeasturias.com\/magazine365\/?p=43071"},"modified":"2015-07-18T06:33:04","modified_gmt":"2015-07-18T04:33:04","slug":"fomento-tendra-luz-verde-para-abrir-el-proceso-de-seleccion-del-competidor-privado-de-renfe-la-proxima-semana","status":"publish","type":"post","link":"https:\/\/eldigitaldeasturias.com\/magazine365\/fomento-tendra-luz-verde-para-abrir-el-proceso-de-seleccion-del-competidor-privado-de-renfe-la-proxima-semana\/","title":{"rendered":"Fomento tendr\u00e1 &#8216;luz verde&#8217; para abrir el proceso de selecci\u00f3n del competidor privado de Renfe la pr\u00f3xima semana"},"content":{"rendered":"<p><img fetchpriority=\"high\" decoding=\"async\" class=\"alignleft size-medium wp-image-43072\" src=\"https:\/\/eldigitaldeasturias.com\/magazine365\/wp-content\/uploads\/2015\/07\/fotonoticia_20150717161759_800-360x240.jpg\" alt=\"fotonoticia_20150717161759_800\" width=\"360\" height=\"240\" srcset=\"https:\/\/eldigitaldeasturias.com\/magazine365\/wp-content\/uploads\/2015\/07\/fotonoticia_20150717161759_800-360x240.jpg 360w, https:\/\/eldigitaldeasturias.com\/magazine365\/wp-content\/uploads\/2015\/07\/fotonoticia_20150717161759_800-650x433.jpg 650w, https:\/\/eldigitaldeasturias.com\/magazine365\/wp-content\/uploads\/2015\/07\/fotonoticia_20150717161759_800-768x512.jpg 768w, https:\/\/eldigitaldeasturias.com\/magazine365\/wp-content\/uploads\/2015\/07\/fotonoticia_20150717161759_800-150x100.jpg 150w, https:\/\/eldigitaldeasturias.com\/magazine365\/wp-content\/uploads\/2015\/07\/fotonoticia_20150717161759_800-450x300.jpg 450w, https:\/\/eldigitaldeasturias.com\/magazine365\/wp-content\/uploads\/2015\/07\/fotonoticia_20150717161759_800-696x464.jpg 696w, https:\/\/eldigitaldeasturias.com\/magazine365\/wp-content\/uploads\/2015\/07\/fotonoticia_20150717161759_800-630x420.jpg 630w, https:\/\/eldigitaldeasturias.com\/magazine365\/wp-content\/uploads\/2015\/07\/fotonoticia_20150717161759_800-84x55.jpg 84w, https:\/\/eldigitaldeasturias.com\/magazine365\/wp-content\/uploads\/2015\/07\/fotonoticia_20150717161759_800.jpg 800w\" sizes=\"(max-width: 360px) 100vw, 360px\" \/>El Ministerio de Fomento prev\u00e9 tener &#8216;luz verde&#8217; la pr\u00f3xima semana para poder iniciar el proceso de selecci\u00f3n del primer operador ferroviario privado, que entrar\u00e1 a competir con Renfe en transporte de viajeros en tren por el AVE a Levante.<\/p>\n<p>Fomento espera recibir la pr\u00f3xima semana el preceptivo dictamen del Consejo de Estado a los pliegos del concurso p\u00fablico que lanzar\u00e1 para elegir a dicho competidor privado, seg\u00fan inform\u00f3 la ministra de Fomento, Ana Pastor, que ratific\u00f3 que mantiene su objetivo de abrir a la competencia el tr\u00e1fico de viajeros en tren.<\/p>\n<p>\u00abEl proceso est\u00e1 en marcha\u00bb, ratific\u00f3 Pastor durante su intervenci\u00f3n en la rueda de prensa posterior al Consejo de Ministros. \u00abEsperamos que el Consejo de Estado emita el dictamen sobre el mismo la pr\u00f3xima semana y, a partir de ah\u00ed, continuar\u00e1 el proceso\u00bb, detall\u00f3 Pastor.<\/p>\n<p>Seg\u00fan el plan dise\u00f1ado por Fomento, una vez que se elija por concurso p\u00fablico al primer operador ferroviario privado, \u00e9ste contar\u00e1 con un plazo de seis meses para comenzar a prestar servicio.<\/p>\n<p>Entre las empresas privadas interesadas en entrar en este mercado, y que ya cuentan con licencia ferroviaria, figuran las constructoras ACS, Acciona, Ferrovial y Comsa, las compa\u00f1\u00edas de transporte en autob\u00fas Alsa e Interb\u00fas, el grupo Globalia y la firma andaluza Eco Rail.<\/p>\n<p>Fomento ha dise\u00f1ado un proceso de apertura a la competencia progresivo, de forma que en una primera fase de siete a\u00f1os se elegir\u00e1 a un \u00fanico operador privado, que s\u00f3lo competir\u00e1 con Renfe en el corredor a Levante, tanto en la l\u00ednea AVE como en la convencional.<\/p>\n","protected":false},"excerpt":{"rendered":"<p>El Ministerio de Fomento prev\u00e9 tener &#8216;luz verde&#8217; la pr\u00f3xima semana para poder iniciar el proceso de selecci\u00f3n del primer operador ferroviario privado, que entrar\u00e1 a competir con Renfe en transporte de viajeros en tren por el AVE a Levante. Fomento espera recibir la pr\u00f3xima semana el preceptivo dictamen del Consejo de Estado a los<\/p>\n","protected":false},"author":1,"featured_media":43072,"comment_status":"open","ping_status":"closed","sticky":false,"template":"","format":"standard","meta":{"footnotes":""},"categories":[224],"tags":[],"class_list":{"0":"post-43071","1":"post","2":"type-post","3":"status-publish","4":"format-standard","5":"has-post-thumbnail","7":"category-noticias-actualidad"},"aioseo_notices":[],"aioseo_head":"\n\t\t<!-- All in One SEO Pro 4.9.6.1 - aioseo.com -->\n\t<meta name=\"description\" content=\"El Ministerio de Fomento prev\u00e9 tener &#039;luz verde&#039; la pr\u00f3xima semana para poder iniciar el proceso de selecci\u00f3n del primer operador ferroviario privado, que entrar\u00e1 a competir con Renfe en transporte de viajeros en tren por el AVE a Levante. Fomento espera recibir la pr\u00f3xima semana el preceptivo dictamen del Consejo de Estado a los\" \/>\n\t<meta name=\"robots\" content=\"max-image-preview:large\" \/>\n\t<meta name=\"author\" content=\"admin\"\/>\n\t<meta name=\"google-site-verification\" content=\"UA-38556648-1\" \/>\n\t<meta name=\"keywords\" content=\"noticias y actualidad\" \/>\n\t<link rel=\"canonical\" href=\"https:\/\/eldigitaldeasturias.com\/magazine365\/fomento-tendra-luz-verde-para-abrir-el-proceso-de-seleccion-del-competidor-privado-de-renfe-la-proxima-semana\/\" \/>\n\t<meta name=\"generator\" content=\"All in One SEO Pro (AIOSEO) 4.9.6.1\" \/>\n\t\t<meta property=\"og:locale\" content=\"es_ES\" \/>\n\t\t<meta property=\"og:site_name\" content=\"El Digital de Asturias \u2013 Revista de ocio, turismo y estilo de vida\" \/>\n\t\t<meta property=\"og:type\" content=\"article\" \/>\n\t\t<meta property=\"og:title\" content=\"Fomento tendr\u00e1 \u2018luz verde\u2019 para abrir el proceso de selecci\u00f3n del competidor privado de Renfe la pr\u00f3xima semana | El Digital de Asturias\" \/>\n\t\t<meta property=\"og:description\" content=\"El Ministerio de Fomento prev\u00e9 tener &#039;luz verde&#039; la pr\u00f3xima semana para poder iniciar el proceso de selecci\u00f3n del primer operador ferroviario privado, que entrar\u00e1 a competir con Renfe en transporte de viajeros en tren por el AVE a Levante. Fomento espera recibir la pr\u00f3xima semana el preceptivo dictamen del Consejo de Estado a los\" \/>\n\t\t<meta property=\"og:url\" content=\"https:\/\/eldigitaldeasturias.com\/magazine365\/fomento-tendra-luz-verde-para-abrir-el-proceso-de-seleccion-del-competidor-privado-de-renfe-la-proxima-semana\/\" \/>\n\t\t<meta property=\"og:image\" content=\"https:\/\/eldigitaldeasturias.com\/magazine365\/wp-content\/uploads\/2015\/07\/fotonoticia_20150717161759_800.jpg\" \/>\n\t\t<meta property=\"og:image:secure_url\" content=\"https:\/\/eldigitaldeasturias.com\/magazine365\/wp-content\/uploads\/2015\/07\/fotonoticia_20150717161759_800.jpg\" \/>\n\t\t<meta property=\"og:image:width\" content=\"800\" \/>\n\t\t<meta property=\"og:image:height\" content=\"533\" \/>\n\t\t<meta property=\"article:published_time\" content=\"2015-07-18T04:33:04+00:00\" \/>\n\t\t<meta property=\"article:modified_time\" content=\"2015-07-18T04:33:04+00:00\" \/>\n\t\t<meta name=\"twitter:card\" content=\"summary_large_image\" \/>\n\t\t<meta name=\"twitter:title\" content=\"Fomento tendr\u00e1 \u2018luz verde\u2019 para abrir el proceso de selecci\u00f3n del competidor privado de Renfe la pr\u00f3xima semana | El Digital de Asturias\" \/>\n\t\t<meta name=\"twitter:description\" content=\"El Ministerio de Fomento prev\u00e9 tener &#039;luz verde&#039; la pr\u00f3xima semana para poder iniciar el proceso de selecci\u00f3n del primer operador ferroviario privado, que entrar\u00e1 a competir con Renfe en transporte de viajeros en tren por el AVE a Levante. Fomento espera recibir la pr\u00f3xima semana el preceptivo dictamen del Consejo de Estado a los\" \/>\n\t\t<meta name=\"twitter:image\" content=\"https:\/\/eldigitaldeasturias.com\/magazine365\/wp-content\/uploads\/2015\/07\/fotonoticia_20150717161759_800.jpg\" \/>\n\t\t<script type=\"application\/ld+json\" class=\"aioseo-schema\">\n\t\t\t{\"@context\":\"https:\\\/\\\/schema.org\",\"@graph\":[{\"@type\":\"Article\",\"@id\":\"https:\\\/\\\/eldigitaldeasturias.com\\\/magazine365\\\/fomento-tendra-luz-verde-para-abrir-el-proceso-de-seleccion-del-competidor-privado-de-renfe-la-proxima-semana\\\/#article\",\"name\":\"Fomento tendr\\u00e1 \\u2018luz verde\\u2019 para abrir el proceso de selecci\\u00f3n del competidor privado de Renfe la pr\\u00f3xima semana | El Digital de Asturias\",\"headline\":\"Fomento tendr\\u00e1 &#8216;luz verde&#8217; para abrir el proceso de selecci\\u00f3n del competidor privado de Renfe la pr\\u00f3xima semana\",\"author\":{\"@id\":\"https:\\\/\\\/eldigitaldeasturias.com\\\/magazine365\\\/author\\\/admin\\\/#author\"},\"publisher\":{\"@id\":\"https:\\\/\\\/eldigitaldeasturias.com\\\/magazine365\\\/#organization\"},\"image\":{\"@type\":\"ImageObject\",\"url\":\"https:\\\/\\\/eldigitaldeasturias.com\\\/magazine365\\\/wp-content\\\/uploads\\\/2015\\\/07\\\/fotonoticia_20150717161759_800.jpg\",\"width\":800,\"height\":533},\"datePublished\":\"2015-07-18T06:33:04+02:00\",\"dateModified\":\"2015-07-18T06:33:04+02:00\",\"inLanguage\":\"es-ES\",\"mainEntityOfPage\":{\"@id\":\"https:\\\/\\\/eldigitaldeasturias.com\\\/magazine365\\\/fomento-tendra-luz-verde-para-abrir-el-proceso-de-seleccion-del-competidor-privado-de-renfe-la-proxima-semana\\\/#webpage\"},\"isPartOf\":{\"@id\":\"https:\\\/\\\/eldigitaldeasturias.com\\\/magazine365\\\/fomento-tendra-luz-verde-para-abrir-el-proceso-de-seleccion-del-competidor-privado-de-renfe-la-proxima-semana\\\/#webpage\"},\"articleSection\":\"Noticias y Actualidad\"},{\"@type\":\"BreadcrumbList\",\"@id\":\"https:\\\/\\\/eldigitaldeasturias.com\\\/magazine365\\\/fomento-tendra-luz-verde-para-abrir-el-proceso-de-seleccion-del-competidor-privado-de-renfe-la-proxima-semana\\\/#breadcrumblist\",\"itemListElement\":[{\"@type\":\"ListItem\",\"@id\":\"https:\\\/\\\/eldigitaldeasturias.com\\\/magazine365#listItem\",\"position\":1,\"name\":\"Home\",\"item\":\"https:\\\/\\\/eldigitaldeasturias.com\\\/magazine365\",\"nextItem\":{\"@type\":\"ListItem\",\"@id\":\"https:\\\/\\\/eldigitaldeasturias.com\\\/magazine365\\\/category\\\/noticias-actualidad\\\/#listItem\",\"name\":\"Noticias y Actualidad\"}},{\"@type\":\"ListItem\",\"@id\":\"https:\\\/\\\/eldigitaldeasturias.com\\\/magazine365\\\/category\\\/noticias-actualidad\\\/#listItem\",\"position\":2,\"name\":\"Noticias y Actualidad\",\"item\":\"https:\\\/\\\/eldigitaldeasturias.com\\\/magazine365\\\/category\\\/noticias-actualidad\\\/\",\"nextItem\":{\"@type\":\"ListItem\",\"@id\":\"https:\\\/\\\/eldigitaldeasturias.com\\\/magazine365\\\/fomento-tendra-luz-verde-para-abrir-el-proceso-de-seleccion-del-competidor-privado-de-renfe-la-proxima-semana\\\/#listItem\",\"name\":\"Fomento tendr\\u00e1 &#8216;luz verde&#8217; para abrir el proceso de selecci\\u00f3n del competidor privado de Renfe la pr\\u00f3xima semana\"},\"previousItem\":{\"@type\":\"ListItem\",\"@id\":\"https:\\\/\\\/eldigitaldeasturias.com\\\/magazine365#listItem\",\"name\":\"Home\"}},{\"@type\":\"ListItem\",\"@id\":\"https:\\\/\\\/eldigitaldeasturias.com\\\/magazine365\\\/fomento-tendra-luz-verde-para-abrir-el-proceso-de-seleccion-del-competidor-privado-de-renfe-la-proxima-semana\\\/#listItem\",\"position\":3,\"name\":\"Fomento tendr\\u00e1 &#8216;luz verde&#8217; para abrir el proceso de selecci\\u00f3n del competidor privado de Renfe la pr\\u00f3xima semana\",\"previousItem\":{\"@type\":\"ListItem\",\"@id\":\"https:\\\/\\\/eldigitaldeasturias.com\\\/magazine365\\\/category\\\/noticias-actualidad\\\/#listItem\",\"name\":\"Noticias y Actualidad\"}}]},{\"@type\":\"Organization\",\"@id\":\"https:\\\/\\\/eldigitaldeasturias.com\\\/magazine365\\\/#organization\",\"name\":\"El digital de Asturias\",\"description\":\"Revista de ocio, turismo y estilo de vida\",\"url\":\"https:\\\/\\\/eldigitaldeasturias.com\\\/magazine365\\\/\",\"logo\":{\"@type\":\"ImageObject\",\"url\":\"https:\\\/\\\/www.eldigitaldeasturias.com\\\/noticias\\\/wp-content\\\/uploads\\\/2020\\\/12\\\/EDA.jpg\",\"@id\":\"https:\\\/\\\/eldigitaldeasturias.com\\\/magazine365\\\/fomento-tendra-luz-verde-para-abrir-el-proceso-de-seleccion-del-competidor-privado-de-renfe-la-proxima-semana\\\/#organizationLogo\"},\"image\":{\"@id\":\"https:\\\/\\\/eldigitaldeasturias.com\\\/magazine365\\\/fomento-tendra-luz-verde-para-abrir-el-proceso-de-seleccion-del-competidor-privado-de-renfe-la-proxima-semana\\\/#organizationLogo\"}},{\"@type\":\"Person\",\"@id\":\"https:\\\/\\\/eldigitaldeasturias.com\\\/magazine365\\\/author\\\/admin\\\/#author\",\"url\":\"https:\\\/\\\/eldigitaldeasturias.com\\\/magazine365\\\/author\\\/admin\\\/\",\"name\":\"admin\",\"image\":{\"@type\":\"ImageObject\",\"@id\":\"https:\\\/\\\/eldigitaldeasturias.com\\\/magazine365\\\/fomento-tendra-luz-verde-para-abrir-el-proceso-de-seleccion-del-competidor-privado-de-renfe-la-proxima-semana\\\/#authorImage\",\"url\":\"https:\\\/\\\/eldigitaldeasturias.com\\\/magazine365\\\/wp-content\\\/litespeed\\\/avatar\\\/e571bcf59a0edd6fa6838245a470f2fe.jpg?ver=1777574230\",\"width\":96,\"height\":96,\"caption\":\"admin\"}},{\"@type\":\"WebPage\",\"@id\":\"https:\\\/\\\/eldigitaldeasturias.com\\\/magazine365\\\/fomento-tendra-luz-verde-para-abrir-el-proceso-de-seleccion-del-competidor-privado-de-renfe-la-proxima-semana\\\/#webpage\",\"url\":\"https:\\\/\\\/eldigitaldeasturias.com\\\/magazine365\\\/fomento-tendra-luz-verde-para-abrir-el-proceso-de-seleccion-del-competidor-privado-de-renfe-la-proxima-semana\\\/\",\"name\":\"Fomento tendr\\u00e1 \\u2018luz verde\\u2019 para abrir el proceso de selecci\\u00f3n del competidor privado de Renfe la pr\\u00f3xima semana | El Digital de Asturias\",\"description\":\"El Ministerio de Fomento prev\\u00e9 tener 'luz verde' la pr\\u00f3xima semana para poder iniciar el proceso de selecci\\u00f3n del primer operador ferroviario privado, que entrar\\u00e1 a competir con Renfe en transporte de viajeros en tren por el AVE a Levante. Fomento espera recibir la pr\\u00f3xima semana el preceptivo dictamen del Consejo de Estado a los\",\"inLanguage\":\"es-ES\",\"isPartOf\":{\"@id\":\"https:\\\/\\\/eldigitaldeasturias.com\\\/magazine365\\\/#website\"},\"breadcrumb\":{\"@id\":\"https:\\\/\\\/eldigitaldeasturias.com\\\/magazine365\\\/fomento-tendra-luz-verde-para-abrir-el-proceso-de-seleccion-del-competidor-privado-de-renfe-la-proxima-semana\\\/#breadcrumblist\"},\"author\":{\"@id\":\"https:\\\/\\\/eldigitaldeasturias.com\\\/magazine365\\\/author\\\/admin\\\/#author\"},\"creator\":{\"@id\":\"https:\\\/\\\/eldigitaldeasturias.com\\\/magazine365\\\/author\\\/admin\\\/#author\"},\"image\":{\"@type\":\"ImageObject\",\"url\":\"https:\\\/\\\/eldigitaldeasturias.com\\\/magazine365\\\/wp-content\\\/uploads\\\/2015\\\/07\\\/fotonoticia_20150717161759_800.jpg\",\"@id\":\"https:\\\/\\\/eldigitaldeasturias.com\\\/magazine365\\\/fomento-tendra-luz-verde-para-abrir-el-proceso-de-seleccion-del-competidor-privado-de-renfe-la-proxima-semana\\\/#mainImage\",\"width\":800,\"height\":533},\"primaryImageOfPage\":{\"@id\":\"https:\\\/\\\/eldigitaldeasturias.com\\\/magazine365\\\/fomento-tendra-luz-verde-para-abrir-el-proceso-de-seleccion-del-competidor-privado-de-renfe-la-proxima-semana\\\/#mainImage\"},\"datePublished\":\"2015-07-18T06:33:04+02:00\",\"dateModified\":\"2015-07-18T06:33:04+02:00\"},{\"@type\":\"WebSite\",\"@id\":\"https:\\\/\\\/eldigitaldeasturias.com\\\/magazine365\\\/#website\",\"url\":\"https:\\\/\\\/eldigitaldeasturias.com\\\/magazine365\\\/\",\"name\":\"El Digital de Asturias\",\"description\":\"Revista de ocio, turismo y estilo de vida\",\"inLanguage\":\"es-ES\",\"publisher\":{\"@id\":\"https:\\\/\\\/eldigitaldeasturias.com\\\/magazine365\\\/#organization\"}}]}\n\t\t<\/script>\n\t\t<!-- All in One SEO Pro -->\r\n\t\t<title>Fomento tendr\u00e1 \u2018luz verde\u2019 para abrir el proceso de selecci\u00f3n del competidor privado de Renfe la pr\u00f3xima semana | El Digital de Asturias<\/title>\n\n","aioseo_head_json":{"title":"Fomento tendr\u00e1 \u2018luz verde\u2019 para abrir el proceso de selecci\u00f3n del competidor privado de Renfe la pr\u00f3xima semana | El Digital de Asturias","description":"El Ministerio de Fomento prev\u00e9 tener 'luz verde' la pr\u00f3xima semana para poder iniciar el proceso de selecci\u00f3n del primer operador ferroviario privado, que entrar\u00e1 a competir con Renfe en transporte de viajeros en tren por el AVE a Levante. Fomento espera recibir la pr\u00f3xima semana el preceptivo dictamen del Consejo de Estado a los","canonical_url":"https:\/\/eldigitaldeasturias.com\/magazine365\/fomento-tendra-luz-verde-para-abrir-el-proceso-de-seleccion-del-competidor-privado-de-renfe-la-proxima-semana\/","robots":"max-image-preview:large","keywords":"noticias y actualidad","webmasterTools":{"google-site-verification":"UA-38556648-1","miscellaneous":""},"schema":{"@context":"https:\/\/schema.org","@graph":[{"@type":"Article","@id":"https:\/\/eldigitaldeasturias.com\/magazine365\/fomento-tendra-luz-verde-para-abrir-el-proceso-de-seleccion-del-competidor-privado-de-renfe-la-proxima-semana\/#article","name":"Fomento tendr\u00e1 \u2018luz verde\u2019 para abrir el proceso de selecci\u00f3n del competidor privado de Renfe la pr\u00f3xima semana | El Digital de Asturias","headline":"Fomento tendr\u00e1 &#8216;luz verde&#8217; para abrir el proceso de selecci\u00f3n del competidor privado de Renfe la pr\u00f3xima semana","author":{"@id":"https:\/\/eldigitaldeasturias.com\/magazine365\/author\/admin\/#author"},"publisher":{"@id":"https:\/\/eldigitaldeasturias.com\/magazine365\/#organization"},"image":{"@type":"ImageObject","url":"https:\/\/eldigitaldeasturias.com\/magazine365\/wp-content\/uploads\/2015\/07\/fotonoticia_20150717161759_800.jpg","width":800,"height":533},"datePublished":"2015-07-18T06:33:04+02:00","dateModified":"2015-07-18T06:33:04+02:00","inLanguage":"es-ES","mainEntityOfPage":{"@id":"https:\/\/eldigitaldeasturias.com\/magazine365\/fomento-tendra-luz-verde-para-abrir-el-proceso-de-seleccion-del-competidor-privado-de-renfe-la-proxima-semana\/#webpage"},"isPartOf":{"@id":"https:\/\/eldigitaldeasturias.com\/magazine365\/fomento-tendra-luz-verde-para-abrir-el-proceso-de-seleccion-del-competidor-privado-de-renfe-la-proxima-semana\/#webpage"},"articleSection":"Noticias y Actualidad"},{"@type":"BreadcrumbList","@id":"https:\/\/eldigitaldeasturias.com\/magazine365\/fomento-tendra-luz-verde-para-abrir-el-proceso-de-seleccion-del-competidor-privado-de-renfe-la-proxima-semana\/#breadcrumblist","itemListElement":[{"@type":"ListItem","@id":"https:\/\/eldigitaldeasturias.com\/magazine365#listItem","position":1,"name":"Home","item":"https:\/\/eldigitaldeasturias.com\/magazine365","nextItem":{"@type":"ListItem","@id":"https:\/\/eldigitaldeasturias.com\/magazine365\/category\/noticias-actualidad\/#listItem","name":"Noticias y Actualidad"}},{"@type":"ListItem","@id":"https:\/\/eldigitaldeasturias.com\/magazine365\/category\/noticias-actualidad\/#listItem","position":2,"name":"Noticias y Actualidad","item":"https:\/\/eldigitaldeasturias.com\/magazine365\/category\/noticias-actualidad\/","nextItem":{"@type":"ListItem","@id":"https:\/\/eldigitaldeasturias.com\/magazine365\/fomento-tendra-luz-verde-para-abrir-el-proceso-de-seleccion-del-competidor-privado-de-renfe-la-proxima-semana\/#listItem","name":"Fomento tendr\u00e1 &#8216;luz verde&#8217; para abrir el proceso de selecci\u00f3n del competidor privado de Renfe la pr\u00f3xima semana"},"previousItem":{"@type":"ListItem","@id":"https:\/\/eldigitaldeasturias.com\/magazine365#listItem","name":"Home"}},{"@type":"ListItem","@id":"https:\/\/eldigitaldeasturias.com\/magazine365\/fomento-tendra-luz-verde-para-abrir-el-proceso-de-seleccion-del-competidor-privado-de-renfe-la-proxima-semana\/#listItem","position":3,"name":"Fomento tendr\u00e1 &#8216;luz verde&#8217; para abrir el proceso de selecci\u00f3n del competidor privado de Renfe la pr\u00f3xima semana","previousItem":{"@type":"ListItem","@id":"https:\/\/eldigitaldeasturias.com\/magazine365\/category\/noticias-actualidad\/#listItem","name":"Noticias y Actualidad"}}]},{"@type":"Organization","@id":"https:\/\/eldigitaldeasturias.com\/magazine365\/#organization","name":"El digital de Asturias","description":"Revista de ocio, turismo y estilo de vida","url":"https:\/\/eldigitaldeasturias.com\/magazine365\/","logo":{"@type":"ImageObject","url":"https:\/\/www.eldigitaldeasturias.com\/noticias\/wp-content\/uploads\/2020\/12\/EDA.jpg","@id":"https:\/\/eldigitaldeasturias.com\/magazine365\/fomento-tendra-luz-verde-para-abrir-el-proceso-de-seleccion-del-competidor-privado-de-renfe-la-proxima-semana\/#organizationLogo"},"image":{"@id":"https:\/\/eldigitaldeasturias.com\/magazine365\/fomento-tendra-luz-verde-para-abrir-el-proceso-de-seleccion-del-competidor-privado-de-renfe-la-proxima-semana\/#organizationLogo"}},{"@type":"Person","@id":"https:\/\/eldigitaldeasturias.com\/magazine365\/author\/admin\/#author","url":"https:\/\/eldigitaldeasturias.com\/magazine365\/author\/admin\/","name":"admin","image":{"@type":"ImageObject","@id":"https:\/\/eldigitaldeasturias.com\/magazine365\/fomento-tendra-luz-verde-para-abrir-el-proceso-de-seleccion-del-competidor-privado-de-renfe-la-proxima-semana\/#authorImage","url":"https:\/\/eldigitaldeasturias.com\/magazine365\/wp-content\/litespeed\/avatar\/e571bcf59a0edd6fa6838245a470f2fe.jpg?ver=1777574230","width":96,"height":96,"caption":"admin"}},{"@type":"WebPage","@id":"https:\/\/eldigitaldeasturias.com\/magazine365\/fomento-tendra-luz-verde-para-abrir-el-proceso-de-seleccion-del-competidor-privado-de-renfe-la-proxima-semana\/#webpage","url":"https:\/\/eldigitaldeasturias.com\/magazine365\/fomento-tendra-luz-verde-para-abrir-el-proceso-de-seleccion-del-competidor-privado-de-renfe-la-proxima-semana\/","name":"Fomento tendr\u00e1 \u2018luz verde\u2019 para abrir el proceso de selecci\u00f3n del competidor privado de Renfe la pr\u00f3xima semana | El Digital de Asturias","description":"El Ministerio de Fomento prev\u00e9 tener 'luz verde' la pr\u00f3xima semana para poder iniciar el proceso de selecci\u00f3n del primer operador ferroviario privado, que entrar\u00e1 a competir con Renfe en transporte de viajeros en tren por el AVE a Levante. Fomento espera recibir la pr\u00f3xima semana el preceptivo dictamen del Consejo de Estado a los","inLanguage":"es-ES","isPartOf":{"@id":"https:\/\/eldigitaldeasturias.com\/magazine365\/#website"},"breadcrumb":{"@id":"https:\/\/eldigitaldeasturias.com\/magazine365\/fomento-tendra-luz-verde-para-abrir-el-proceso-de-seleccion-del-competidor-privado-de-renfe-la-proxima-semana\/#breadcrumblist"},"author":{"@id":"https:\/\/eldigitaldeasturias.com\/magazine365\/author\/admin\/#author"},"creator":{"@id":"https:\/\/eldigitaldeasturias.com\/magazine365\/author\/admin\/#author"},"image":{"@type":"ImageObject","url":"https:\/\/eldigitaldeasturias.com\/magazine365\/wp-content\/uploads\/2015\/07\/fotonoticia_20150717161759_800.jpg","@id":"https:\/\/eldigitaldeasturias.com\/magazine365\/fomento-tendra-luz-verde-para-abrir-el-proceso-de-seleccion-del-competidor-privado-de-renfe-la-proxima-semana\/#mainImage","width":800,"height":533},"primaryImageOfPage":{"@id":"https:\/\/eldigitaldeasturias.com\/magazine365\/fomento-tendra-luz-verde-para-abrir-el-proceso-de-seleccion-del-competidor-privado-de-renfe-la-proxima-semana\/#mainImage"},"datePublished":"2015-07-18T06:33:04+02:00","dateModified":"2015-07-18T06:33:04+02:00"},{"@type":"WebSite","@id":"https:\/\/eldigitaldeasturias.com\/magazine365\/#website","url":"https:\/\/eldigitaldeasturias.com\/magazine365\/","name":"El Digital de Asturias","description":"Revista de ocio, turismo y estilo de vida","inLanguage":"es-ES","publisher":{"@id":"https:\/\/eldigitaldeasturias.com\/magazine365\/#organization"}}]},"og:locale":"es_ES","og:site_name":"El Digital de Asturias \u2013 Revista de ocio, turismo y estilo de vida","og:type":"article","og:title":"Fomento tendr\u00e1 \u2018luz verde\u2019 para abrir el proceso de selecci\u00f3n del competidor privado de Renfe la pr\u00f3xima semana | El Digital de Asturias","og:description":"El Ministerio de Fomento prev\u00e9 tener 'luz verde' la pr\u00f3xima semana para poder iniciar el proceso de selecci\u00f3n del primer operador ferroviario privado, que entrar\u00e1 a competir con Renfe en transporte de viajeros en tren por el AVE a Levante. Fomento espera recibir la pr\u00f3xima semana el preceptivo dictamen del Consejo de Estado a los","og:url":"https:\/\/eldigitaldeasturias.com\/magazine365\/fomento-tendra-luz-verde-para-abrir-el-proceso-de-seleccion-del-competidor-privado-de-renfe-la-proxima-semana\/","og:image":"https:\/\/eldigitaldeasturias.com\/magazine365\/wp-content\/uploads\/2015\/07\/fotonoticia_20150717161759_800.jpg","og:image:secure_url":"https:\/\/eldigitaldeasturias.com\/magazine365\/wp-content\/uploads\/2015\/07\/fotonoticia_20150717161759_800.jpg","og:image:width":800,"og:image:height":533,"article:published_time":"2015-07-18T04:33:04+00:00","article:modified_time":"2015-07-18T04:33:04+00:00","twitter:card":"summary_large_image","twitter:title":"Fomento tendr\u00e1 \u2018luz verde\u2019 para abrir el proceso de selecci\u00f3n del competidor privado de Renfe la pr\u00f3xima semana | El Digital de Asturias","twitter:description":"El Ministerio de Fomento prev\u00e9 tener 'luz verde' la pr\u00f3xima semana para poder iniciar el proceso de selecci\u00f3n del primer operador ferroviario privado, que entrar\u00e1 a competir con Renfe en transporte de viajeros en tren por el AVE a Levante. Fomento espera recibir la pr\u00f3xima semana el preceptivo dictamen del Consejo de Estado a los","twitter:image":"https:\/\/eldigitaldeasturias.com\/magazine365\/wp-content\/uploads\/2015\/07\/fotonoticia_20150717161759_800.jpg"},"aioseo_meta_data":{"post_id":"43071","title":null,"description":null,"keywords":null,"keyphrases":null,"primary_term":null,"canonical_url":null,"og_title":null,"og_description":null,"og_object_type":"default","og_image_type":"default","og_image_url":null,"og_image_width":null,"og_image_height":null,"og_image_custom_url":null,"og_image_custom_fields":null,"og_video":null,"og_custom_url":null,"og_article_section":null,"og_article_tags":null,"twitter_use_og":false,"twitter_card":"default","twitter_image_type":"default","twitter_image_url":null,"twitter_image_custom_url":null,"twitter_image_custom_fields":null,"twitter_title":null,"twitter_description":null,"schema":{"blockGraphs":[],"customGraphs":[],"default":{"data":{"Article":[],"Course":[],"Dataset":[],"FAQPage":[],"Movie":[],"Person":[],"Product":[],"ProductReview":[],"Car":[],"Recipe":[],"Service":[],"SoftwareApplication":[],"WebPage":[]},"graphName":"","isEnabled":true},"graphs":[],"defaultGraph":"","defaultPostTypeGraph":""},"schema_type":null,"schema_type_options":null,"pillar_content":false,"robots_default":true,"robots_noindex":false,"robots_noarchive":false,"robots_nosnippet":false,"robots_nofollow":false,"robots_noimageindex":false,"robots_noodp":false,"robots_notranslate":false,"robots_max_snippet":null,"robots_max_videopreview":null,"robots_max_imagepreview":"large","priority":null,"frequency":null,"location":null,"local_seo":null,"seo_analyzer_scan_date":"2025-09-19 19:04:14","breadcrumb_settings":null,"limit_modified_date":false,"open_ai":null,"ai":null,"created":"2021-03-09 01:52:58","updated":"2025-09-19 19:04:14"},"aioseo_breadcrumb":"<div class=\"aioseo-breadcrumbs\"><span class=\"aioseo-breadcrumb\">\n\t<a href=\"https:\/\/eldigitaldeasturias.com\/magazine365\" title=\"Home\">Home<\/a>\n<\/span><span class=\"aioseo-breadcrumb-separator\">\u2013<\/span><span class=\"aioseo-breadcrumb\">\n\t<a href=\"https:\/\/eldigitaldeasturias.com\/magazine365\/category\/noticias-actualidad\/\" title=\"Noticias y Actualidad\">Noticias y Actualidad<\/a>\n<\/span><span class=\"aioseo-breadcrumb-separator\">\u2013<\/span><span class=\"aioseo-breadcrumb\">\n\t<a href=\"https:\/\/eldigitaldeasturias.com\/magazine365\/fomento-tendra-luz-verde-para-abrir-el-proceso-de-seleccion-del-competidor-privado-de-renfe-la-proxima-semana\/\" title=\"Fomento tendr\u00e1 \u2018luz verde\u2019 para abrir el proceso de selecci\u00f3n del competidor privado de Renfe la pr\u00f3xima semana\">Fomento tendr\u00e1 \u2018luz verde\u2019 para abrir el proceso de selecci\u00f3n del competidor privado de Renfe la pr\u00f3xima semana<\/a>\n<\/span><\/div>","aioseo_breadcrumb_json":[{"label":"Home","link":"https:\/\/eldigitaldeasturias.com\/magazine365"},{"label":"Noticias y Actualidad","link":"https:\/\/eldigitaldeasturias.com\/magazine365\/category\/noticias-actualidad\/"},{"label":"Fomento tendr\u00e1 &#8216;luz verde&#8217; para abrir el proceso de selecci\u00f3n del competidor privado de Renfe la pr\u00f3xima semana","link":"https:\/\/eldigitaldeasturias.com\/magazine365\/fomento-tendra-luz-verde-para-abrir-el-proceso-de-seleccion-del-competidor-privado-de-renfe-la-proxima-semana\/"}],"_links":{"self":[{"href":"https:\/\/eldigitaldeasturias.com\/magazine365\/wp-json\/wp\/v2\/posts\/43071","targetHints":{"allow":["GET"]}}],"collection":[{"href":"https:\/\/eldigitaldeasturias.com\/magazine365\/wp-json\/wp\/v2\/posts"}],"about":[{"href":"https:\/\/eldigitaldeasturias.com\/magazine365\/wp-json\/wp\/v2\/types\/post"}],"author":[{"embeddable":true,"href":"https:\/\/eldigitaldeasturias.com\/magazine365\/wp-json\/wp\/v2\/users\/1"}],"replies":[{"embeddable":true,"href":"https:\/\/eldigitaldeasturias.com\/magazine365\/wp-json\/wp\/v2\/comments?post=43071"}],"version-history":[{"count":0,"href":"https:\/\/eldigitaldeasturias.com\/magazine365\/wp-json\/wp\/v2\/posts\/43071\/revisions"}],"wp:featuredmedia":[{"embeddable":true,"href":"https:\/\/eldigitaldeasturias.com\/magazine365\/wp-json\/wp\/v2\/media\/43072"}],"wp:attachment":[{"href":"https:\/\/eldigitaldeasturias.com\/magazine365\/wp-json\/wp\/v2\/media?parent=43071"}],"wp:term":[{"taxonomy":"category","embeddable":true,"href":"https:\/\/eldigitaldeasturias.com\/magazine365\/wp-json\/wp\/v2\/categories?post=43071"},{"taxonomy":"post_tag","embeddable":true,"href":"https:\/\/eldigitaldeasturias.com\/magazine365\/wp-json\/wp\/v2\/tags?post=43071"}],"curies":[{"name":"wp","href":"https:\/\/api.w.org\/{rel}","templated":true}]}}