{"id":43065,"date":"2015-07-18T06:30:44","date_gmt":"2015-07-18T04:30:44","guid":{"rendered":"http:\/\/eldigitaldeasturias.com\/magazine365\/?p=43065"},"modified":"2015-07-18T06:30:44","modified_gmt":"2015-07-18T04:30:44","slug":"metro-de-malaga-concluye-la-urbanizacion-entre-albert-camus-y-la-avenida-de-la-aurora","status":"publish","type":"post","link":"https:\/\/eldigitaldeasturias.com\/magazine365\/metro-de-malaga-concluye-la-urbanizacion-entre-albert-camus-y-la-avenida-de-la-aurora\/","title":{"rendered":"Metro de M\u00e1laga concluye la urbanizaci\u00f3n entre Albert Camus y la avenida de la Aurora"},"content":{"rendered":"<p><img fetchpriority=\"high\" decoding=\"async\" class=\"alignleft size-medium wp-image-43066\" src=\"https:\/\/eldigitaldeasturias.com\/magazine365\/wp-content\/uploads\/2015\/07\/fotonoticia_20150717154818_8001-360x270.jpg\" alt=\"fotonoticia_20150717154818_800\" width=\"360\" height=\"270\" srcset=\"https:\/\/eldigitaldeasturias.com\/magazine365\/wp-content\/uploads\/2015\/07\/fotonoticia_20150717154818_8001-360x270.jpg 360w, https:\/\/eldigitaldeasturias.com\/magazine365\/wp-content\/uploads\/2015\/07\/fotonoticia_20150717154818_8001-650x488.jpg 650w, https:\/\/eldigitaldeasturias.com\/magazine365\/wp-content\/uploads\/2015\/07\/fotonoticia_20150717154818_8001-768x576.jpg 768w, https:\/\/eldigitaldeasturias.com\/magazine365\/wp-content\/uploads\/2015\/07\/fotonoticia_20150717154818_8001-150x113.jpg 150w, https:\/\/eldigitaldeasturias.com\/magazine365\/wp-content\/uploads\/2015\/07\/fotonoticia_20150717154818_8001-450x338.jpg 450w, https:\/\/eldigitaldeasturias.com\/magazine365\/wp-content\/uploads\/2015\/07\/fotonoticia_20150717154818_8001-80x60.jpg 80w, https:\/\/eldigitaldeasturias.com\/magazine365\/wp-content\/uploads\/2015\/07\/fotonoticia_20150717154818_8001-265x198.jpg 265w, https:\/\/eldigitaldeasturias.com\/magazine365\/wp-content\/uploads\/2015\/07\/fotonoticia_20150717154818_8001-696x522.jpg 696w, https:\/\/eldigitaldeasturias.com\/magazine365\/wp-content\/uploads\/2015\/07\/fotonoticia_20150717154818_8001-560x420.jpg 560w, https:\/\/eldigitaldeasturias.com\/magazine365\/wp-content\/uploads\/2015\/07\/fotonoticia_20150717154818_8001-90x67.jpg 90w, https:\/\/eldigitaldeasturias.com\/magazine365\/wp-content\/uploads\/2015\/07\/fotonoticia_20150717154818_8001-100x75.jpg 100w, https:\/\/eldigitaldeasturias.com\/magazine365\/wp-content\/uploads\/2015\/07\/fotonoticia_20150717154818_8001.jpg 800w\" sizes=\"(max-width: 360px) 100vw, 360px\" \/>Metro de M\u00e1laga ha finalizado, en el tramo Renfe-Guadalmedina, las obras de reurbanizaci\u00f3n desarrolladas en la glorieta de Albert Camus y la avenida de la Aurora, as\u00ed como los remates pendientes en el entorno del edificio Loreto.<\/p>\n<p>De esta forma, se ha restaurado el acerado, se ha terminado de acondicionar la escalera existente junto a una boca de aparcamiento, y se ha hormigonado ya de forma completa la losa de cubierta del acceso a la estaci\u00f3n de Guadalmedina desde la avenida de la Aurora, seg\u00fan ha informado el Gobierno andaluz en un comunicado.<\/p>\n<p>En esta \u00faltima fase de la reurbanizaci\u00f3n llevada a cabo tras las obras del metro, se ha procedido tambi\u00e9n a la canalizaci\u00f3n de los servicios afectados, as\u00ed como a las tareas de ajardinamiento, con la plantaci\u00f3n de \u00e1rboles y arbustos. Tan s\u00f3lo resta por acondicionar el carril bici que discurre por esta zona, cuyos trabajos tuvieron que interrumpirse durante las obras del metro y que se realizar\u00e1 los pr\u00f3ximos lunes y martes.<\/p>\n<p>La reposici\u00f3n del acerado se ha ejecutado una vez concluidas las tareas de aglomerado de la glorieta de Albert Camus el pasado mayo, mientras que la de la calzada en esta zona facilitar\u00e1, adem\u00e1s, la puesta en marcha de los desv\u00edos alternativos de tr\u00e1fico del siguiente tramo de metro, entre Guadalmedina y Atarazanas.<\/p>\n<p>Actualmente, los trabajos en este \u00faltimo trazado, que permitir\u00e1n la llegada del metro a la Alameda Principal, consisten en las obras de acondicionamiento de los itinerarios alternativos en diversos puntos, como las calles Gutemberg, Arroyo de los \u00c1ngeles, Juan de Austria y Jaboneros.<\/p>\n<p>Estas actuaciones, han precisado, \u00abson imprescindibles para afrontar las obras del metro en un tramo de especial relevancia\u00bb, como es el que se acometer\u00e1 entre el Puente de Tetu\u00e1n y la Alameda Principal, para la llegada del suburbano al centro urbano.<\/p>\n<p>Respecto al tramo entre Renfe y Guadalmedina, todas las intervenciones de urbanizaci\u00f3n quedan concluidas, salvo las correspondientes a la fase de avenida de Andaluc\u00eda, donde se trabaja en la adecuaci\u00f3n del desv\u00edo de la calzada norte, y se dispone ya de la autorizaci\u00f3n del Ayuntamiento de M\u00e1laga para acometer la tercera fase en la citada calle.<\/p>\n<p>El objetivo es ejecutar el t\u00fanel entre la Estaci\u00f3n Guadalmedina y el Puente de Tet\u00faan, donde concluye este tramo. Tambi\u00e9n se trabaja en la zona de Armengual de la Mota, punto donde la l\u00ednea 2 tendr\u00e1 continuidad a partir de la prolongaci\u00f3n hasta Hospital Civil.<\/p>\n<p>En junio pasado se concluy\u00f3 la actuaci\u00f3n m\u00e1s singular de este tramo, consistente en la intervenci\u00f3n arqueol\u00f3gica, apeo y excavaci\u00f3n del conjunto de la Muralla Nazar\u00ed, bajo los Callejones del Perchel.<\/p>\n<p>El metro de M\u00e1laga dispone desde el pasado 30 de julio de 2014 del 81 por ciento de su red en servicio comercial, concretamente las l\u00edneas 1 y 2 hasta el intercambiador El Perchel-Mar\u00eda Zambrano, que registr\u00f3 durante el pasado a\u00f1o un total de 2,05 millones de viajeros transportados.<\/p>\n<p>El 19 por ciento restante de la red se completa con la obra en ejecuci\u00f3n entre Renfe y Guadalmedina y entre Guadalmedina-Atarazanas, y con la prolongaci\u00f3n de la L\u00ednea 2 entre Guadalmedina y Hospital Civil, cuyo proyecto b\u00e1sico de trazado recientemente obtuvo la autorizaci\u00f3n ambiental unificada.<\/p>\n","protected":false},"excerpt":{"rendered":"<p>Metro de M\u00e1laga ha finalizado, en el tramo Renfe-Guadalmedina, las obras de reurbanizaci\u00f3n desarrolladas en la glorieta de Albert Camus y la avenida de la Aurora, as\u00ed como los remates pendientes en el entorno del edificio Loreto. De esta forma, se ha restaurado el acerado, se ha terminado de acondicionar la escalera existente junto a<\/p>\n","protected":false},"author":1,"featured_media":43066,"comment_status":"open","ping_status":"closed","sticky":false,"template":"","format":"standard","meta":{"footnotes":""},"categories":[224],"tags":[],"class_list":{"0":"post-43065","1":"post","2":"type-post","3":"status-publish","4":"format-standard","5":"has-post-thumbnail","7":"category-noticias-actualidad"},"aioseo_notices":[],"aioseo_head":"\n\t\t<!-- All in One SEO Pro 4.9.6.1 - aioseo.com -->\n\t<meta name=\"description\" content=\"Metro de M\u00e1laga ha finalizado, en el tramo Renfe-Guadalmedina, las obras de reurbanizaci\u00f3n desarrolladas en la glorieta de Albert Camus y la avenida de la Aurora, as\u00ed como los remates pendientes en el entorno del edificio Loreto. De esta forma, se ha restaurado el acerado, se ha terminado de acondicionar la escalera existente junto a\" \/>\n\t<meta name=\"robots\" content=\"max-image-preview:large\" \/>\n\t<meta name=\"author\" content=\"admin\"\/>\n\t<meta name=\"google-site-verification\" content=\"UA-38556648-1\" \/>\n\t<meta name=\"keywords\" content=\"noticias y actualidad\" \/>\n\t<link rel=\"canonical\" href=\"https:\/\/eldigitaldeasturias.com\/magazine365\/metro-de-malaga-concluye-la-urbanizacion-entre-albert-camus-y-la-avenida-de-la-aurora\/\" \/>\n\t<meta name=\"generator\" content=\"All in One SEO Pro (AIOSEO) 4.9.6.1\" \/>\n\t\t<meta property=\"og:locale\" content=\"es_ES\" \/>\n\t\t<meta property=\"og:site_name\" content=\"El Digital de Asturias \u2013 Revista de ocio, turismo y estilo de vida\" \/>\n\t\t<meta property=\"og:type\" content=\"article\" \/>\n\t\t<meta property=\"og:title\" content=\"Metro de M\u00e1laga concluye la urbanizaci\u00f3n entre Albert Camus y la avenida de la Aurora | El Digital de Asturias\" \/>\n\t\t<meta property=\"og:description\" content=\"Metro de M\u00e1laga ha finalizado, en el tramo Renfe-Guadalmedina, las obras de reurbanizaci\u00f3n desarrolladas en la glorieta de Albert Camus y la avenida de la Aurora, as\u00ed como los remates pendientes en el entorno del edificio Loreto. De esta forma, se ha restaurado el acerado, se ha terminado de acondicionar la escalera existente junto a\" \/>\n\t\t<meta property=\"og:url\" content=\"https:\/\/eldigitaldeasturias.com\/magazine365\/metro-de-malaga-concluye-la-urbanizacion-entre-albert-camus-y-la-avenida-de-la-aurora\/\" \/>\n\t\t<meta property=\"og:image\" content=\"https:\/\/eldigitaldeasturias.com\/magazine365\/wp-content\/uploads\/2015\/07\/fotonoticia_20150717154818_8001.jpg\" \/>\n\t\t<meta property=\"og:image:secure_url\" content=\"https:\/\/eldigitaldeasturias.com\/magazine365\/wp-content\/uploads\/2015\/07\/fotonoticia_20150717154818_8001.jpg\" \/>\n\t\t<meta property=\"og:image:width\" content=\"800\" \/>\n\t\t<meta property=\"og:image:height\" content=\"600\" \/>\n\t\t<meta property=\"article:published_time\" content=\"2015-07-18T04:30:44+00:00\" \/>\n\t\t<meta property=\"article:modified_time\" content=\"2015-07-18T04:30:44+00:00\" \/>\n\t\t<meta name=\"twitter:card\" content=\"summary_large_image\" \/>\n\t\t<meta name=\"twitter:title\" content=\"Metro de M\u00e1laga concluye la urbanizaci\u00f3n entre Albert Camus y la avenida de la Aurora | El Digital de Asturias\" \/>\n\t\t<meta name=\"twitter:description\" content=\"Metro de M\u00e1laga ha finalizado, en el tramo Renfe-Guadalmedina, las obras de reurbanizaci\u00f3n desarrolladas en la glorieta de Albert Camus y la avenida de la Aurora, as\u00ed como los remates pendientes en el entorno del edificio Loreto. De esta forma, se ha restaurado el acerado, se ha terminado de acondicionar la escalera existente junto a\" \/>\n\t\t<meta name=\"twitter:image\" content=\"https:\/\/eldigitaldeasturias.com\/magazine365\/wp-content\/uploads\/2015\/07\/fotonoticia_20150717154818_8001.jpg\" \/>\n\t\t<script type=\"application\/ld+json\" class=\"aioseo-schema\">\n\t\t\t{\"@context\":\"https:\\\/\\\/schema.org\",\"@graph\":[{\"@type\":\"Article\",\"@id\":\"https:\\\/\\\/eldigitaldeasturias.com\\\/magazine365\\\/metro-de-malaga-concluye-la-urbanizacion-entre-albert-camus-y-la-avenida-de-la-aurora\\\/#article\",\"name\":\"Metro de M\\u00e1laga concluye la urbanizaci\\u00f3n entre Albert Camus y la avenida de la Aurora | El Digital de Asturias\",\"headline\":\"Metro de M\\u00e1laga concluye la urbanizaci\\u00f3n entre Albert Camus y la avenida de la Aurora\",\"author\":{\"@id\":\"https:\\\/\\\/eldigitaldeasturias.com\\\/magazine365\\\/author\\\/admin\\\/#author\"},\"publisher\":{\"@id\":\"https:\\\/\\\/eldigitaldeasturias.com\\\/magazine365\\\/#organization\"},\"image\":{\"@type\":\"ImageObject\",\"url\":\"https:\\\/\\\/eldigitaldeasturias.com\\\/magazine365\\\/wp-content\\\/uploads\\\/2015\\\/07\\\/fotonoticia_20150717154818_8001.jpg\",\"width\":800,\"height\":600},\"datePublished\":\"2015-07-18T06:30:44+02:00\",\"dateModified\":\"2015-07-18T06:30:44+02:00\",\"inLanguage\":\"es-ES\",\"mainEntityOfPage\":{\"@id\":\"https:\\\/\\\/eldigitaldeasturias.com\\\/magazine365\\\/metro-de-malaga-concluye-la-urbanizacion-entre-albert-camus-y-la-avenida-de-la-aurora\\\/#webpage\"},\"isPartOf\":{\"@id\":\"https:\\\/\\\/eldigitaldeasturias.com\\\/magazine365\\\/metro-de-malaga-concluye-la-urbanizacion-entre-albert-camus-y-la-avenida-de-la-aurora\\\/#webpage\"},\"articleSection\":\"Noticias y Actualidad\"},{\"@type\":\"BreadcrumbList\",\"@id\":\"https:\\\/\\\/eldigitaldeasturias.com\\\/magazine365\\\/metro-de-malaga-concluye-la-urbanizacion-entre-albert-camus-y-la-avenida-de-la-aurora\\\/#breadcrumblist\",\"itemListElement\":[{\"@type\":\"ListItem\",\"@id\":\"https:\\\/\\\/eldigitaldeasturias.com\\\/magazine365#listItem\",\"position\":1,\"name\":\"Home\",\"item\":\"https:\\\/\\\/eldigitaldeasturias.com\\\/magazine365\",\"nextItem\":{\"@type\":\"ListItem\",\"@id\":\"https:\\\/\\\/eldigitaldeasturias.com\\\/magazine365\\\/category\\\/noticias-actualidad\\\/#listItem\",\"name\":\"Noticias y Actualidad\"}},{\"@type\":\"ListItem\",\"@id\":\"https:\\\/\\\/eldigitaldeasturias.com\\\/magazine365\\\/category\\\/noticias-actualidad\\\/#listItem\",\"position\":2,\"name\":\"Noticias y Actualidad\",\"item\":\"https:\\\/\\\/eldigitaldeasturias.com\\\/magazine365\\\/category\\\/noticias-actualidad\\\/\",\"nextItem\":{\"@type\":\"ListItem\",\"@id\":\"https:\\\/\\\/eldigitaldeasturias.com\\\/magazine365\\\/metro-de-malaga-concluye-la-urbanizacion-entre-albert-camus-y-la-avenida-de-la-aurora\\\/#listItem\",\"name\":\"Metro de M\\u00e1laga concluye la urbanizaci\\u00f3n entre Albert Camus y la avenida de la Aurora\"},\"previousItem\":{\"@type\":\"ListItem\",\"@id\":\"https:\\\/\\\/eldigitaldeasturias.com\\\/magazine365#listItem\",\"name\":\"Home\"}},{\"@type\":\"ListItem\",\"@id\":\"https:\\\/\\\/eldigitaldeasturias.com\\\/magazine365\\\/metro-de-malaga-concluye-la-urbanizacion-entre-albert-camus-y-la-avenida-de-la-aurora\\\/#listItem\",\"position\":3,\"name\":\"Metro de M\\u00e1laga concluye la urbanizaci\\u00f3n entre Albert Camus y la avenida de la Aurora\",\"previousItem\":{\"@type\":\"ListItem\",\"@id\":\"https:\\\/\\\/eldigitaldeasturias.com\\\/magazine365\\\/category\\\/noticias-actualidad\\\/#listItem\",\"name\":\"Noticias y Actualidad\"}}]},{\"@type\":\"Organization\",\"@id\":\"https:\\\/\\\/eldigitaldeasturias.com\\\/magazine365\\\/#organization\",\"name\":\"El digital de Asturias\",\"description\":\"Revista de ocio, turismo y estilo de vida\",\"url\":\"https:\\\/\\\/eldigitaldeasturias.com\\\/magazine365\\\/\",\"logo\":{\"@type\":\"ImageObject\",\"url\":\"https:\\\/\\\/www.eldigitaldeasturias.com\\\/noticias\\\/wp-content\\\/uploads\\\/2020\\\/12\\\/EDA.jpg\",\"@id\":\"https:\\\/\\\/eldigitaldeasturias.com\\\/magazine365\\\/metro-de-malaga-concluye-la-urbanizacion-entre-albert-camus-y-la-avenida-de-la-aurora\\\/#organizationLogo\"},\"image\":{\"@id\":\"https:\\\/\\\/eldigitaldeasturias.com\\\/magazine365\\\/metro-de-malaga-concluye-la-urbanizacion-entre-albert-camus-y-la-avenida-de-la-aurora\\\/#organizationLogo\"}},{\"@type\":\"Person\",\"@id\":\"https:\\\/\\\/eldigitaldeasturias.com\\\/magazine365\\\/author\\\/admin\\\/#author\",\"url\":\"https:\\\/\\\/eldigitaldeasturias.com\\\/magazine365\\\/author\\\/admin\\\/\",\"name\":\"admin\",\"image\":{\"@type\":\"ImageObject\",\"@id\":\"https:\\\/\\\/eldigitaldeasturias.com\\\/magazine365\\\/metro-de-malaga-concluye-la-urbanizacion-entre-albert-camus-y-la-avenida-de-la-aurora\\\/#authorImage\",\"url\":\"https:\\\/\\\/eldigitaldeasturias.com\\\/magazine365\\\/wp-content\\\/litespeed\\\/avatar\\\/e571bcf59a0edd6fa6838245a470f2fe.jpg?ver=1777574230\",\"width\":96,\"height\":96,\"caption\":\"admin\"}},{\"@type\":\"WebPage\",\"@id\":\"https:\\\/\\\/eldigitaldeasturias.com\\\/magazine365\\\/metro-de-malaga-concluye-la-urbanizacion-entre-albert-camus-y-la-avenida-de-la-aurora\\\/#webpage\",\"url\":\"https:\\\/\\\/eldigitaldeasturias.com\\\/magazine365\\\/metro-de-malaga-concluye-la-urbanizacion-entre-albert-camus-y-la-avenida-de-la-aurora\\\/\",\"name\":\"Metro de M\\u00e1laga concluye la urbanizaci\\u00f3n entre Albert Camus y la avenida de la Aurora | El Digital de Asturias\",\"description\":\"Metro de M\\u00e1laga ha finalizado, en el tramo Renfe-Guadalmedina, las obras de reurbanizaci\\u00f3n desarrolladas en la glorieta de Albert Camus y la avenida de la Aurora, as\\u00ed como los remates pendientes en el entorno del edificio Loreto. De esta forma, se ha restaurado el acerado, se ha terminado de acondicionar la escalera existente junto a\",\"inLanguage\":\"es-ES\",\"isPartOf\":{\"@id\":\"https:\\\/\\\/eldigitaldeasturias.com\\\/magazine365\\\/#website\"},\"breadcrumb\":{\"@id\":\"https:\\\/\\\/eldigitaldeasturias.com\\\/magazine365\\\/metro-de-malaga-concluye-la-urbanizacion-entre-albert-camus-y-la-avenida-de-la-aurora\\\/#breadcrumblist\"},\"author\":{\"@id\":\"https:\\\/\\\/eldigitaldeasturias.com\\\/magazine365\\\/author\\\/admin\\\/#author\"},\"creator\":{\"@id\":\"https:\\\/\\\/eldigitaldeasturias.com\\\/magazine365\\\/author\\\/admin\\\/#author\"},\"image\":{\"@type\":\"ImageObject\",\"url\":\"https:\\\/\\\/eldigitaldeasturias.com\\\/magazine365\\\/wp-content\\\/uploads\\\/2015\\\/07\\\/fotonoticia_20150717154818_8001.jpg\",\"@id\":\"https:\\\/\\\/eldigitaldeasturias.com\\\/magazine365\\\/metro-de-malaga-concluye-la-urbanizacion-entre-albert-camus-y-la-avenida-de-la-aurora\\\/#mainImage\",\"width\":800,\"height\":600},\"primaryImageOfPage\":{\"@id\":\"https:\\\/\\\/eldigitaldeasturias.com\\\/magazine365\\\/metro-de-malaga-concluye-la-urbanizacion-entre-albert-camus-y-la-avenida-de-la-aurora\\\/#mainImage\"},\"datePublished\":\"2015-07-18T06:30:44+02:00\",\"dateModified\":\"2015-07-18T06:30:44+02:00\"},{\"@type\":\"WebSite\",\"@id\":\"https:\\\/\\\/eldigitaldeasturias.com\\\/magazine365\\\/#website\",\"url\":\"https:\\\/\\\/eldigitaldeasturias.com\\\/magazine365\\\/\",\"name\":\"El Digital de Asturias\",\"description\":\"Revista de ocio, turismo y estilo de vida\",\"inLanguage\":\"es-ES\",\"publisher\":{\"@id\":\"https:\\\/\\\/eldigitaldeasturias.com\\\/magazine365\\\/#organization\"}}]}\n\t\t<\/script>\n\t\t<!-- All in One SEO Pro -->\r\n\t\t<title>Metro de M\u00e1laga concluye la urbanizaci\u00f3n entre Albert Camus y la avenida de la Aurora | El Digital de Asturias<\/title>\n\n","aioseo_head_json":{"title":"Metro de M\u00e1laga concluye la urbanizaci\u00f3n entre Albert Camus y la avenida de la Aurora | El Digital de Asturias","description":"Metro de M\u00e1laga ha finalizado, en el tramo Renfe-Guadalmedina, las obras de reurbanizaci\u00f3n desarrolladas en la glorieta de Albert Camus y la avenida de la Aurora, as\u00ed como los remates pendientes en el entorno del edificio Loreto. De esta forma, se ha restaurado el acerado, se ha terminado de acondicionar la escalera existente junto a","canonical_url":"https:\/\/eldigitaldeasturias.com\/magazine365\/metro-de-malaga-concluye-la-urbanizacion-entre-albert-camus-y-la-avenida-de-la-aurora\/","robots":"max-image-preview:large","keywords":"noticias y actualidad","webmasterTools":{"google-site-verification":"UA-38556648-1","miscellaneous":""},"schema":{"@context":"https:\/\/schema.org","@graph":[{"@type":"Article","@id":"https:\/\/eldigitaldeasturias.com\/magazine365\/metro-de-malaga-concluye-la-urbanizacion-entre-albert-camus-y-la-avenida-de-la-aurora\/#article","name":"Metro de M\u00e1laga concluye la urbanizaci\u00f3n entre Albert Camus y la avenida de la Aurora | El Digital de Asturias","headline":"Metro de M\u00e1laga concluye la urbanizaci\u00f3n entre Albert Camus y la avenida de la Aurora","author":{"@id":"https:\/\/eldigitaldeasturias.com\/magazine365\/author\/admin\/#author"},"publisher":{"@id":"https:\/\/eldigitaldeasturias.com\/magazine365\/#organization"},"image":{"@type":"ImageObject","url":"https:\/\/eldigitaldeasturias.com\/magazine365\/wp-content\/uploads\/2015\/07\/fotonoticia_20150717154818_8001.jpg","width":800,"height":600},"datePublished":"2015-07-18T06:30:44+02:00","dateModified":"2015-07-18T06:30:44+02:00","inLanguage":"es-ES","mainEntityOfPage":{"@id":"https:\/\/eldigitaldeasturias.com\/magazine365\/metro-de-malaga-concluye-la-urbanizacion-entre-albert-camus-y-la-avenida-de-la-aurora\/#webpage"},"isPartOf":{"@id":"https:\/\/eldigitaldeasturias.com\/magazine365\/metro-de-malaga-concluye-la-urbanizacion-entre-albert-camus-y-la-avenida-de-la-aurora\/#webpage"},"articleSection":"Noticias y Actualidad"},{"@type":"BreadcrumbList","@id":"https:\/\/eldigitaldeasturias.com\/magazine365\/metro-de-malaga-concluye-la-urbanizacion-entre-albert-camus-y-la-avenida-de-la-aurora\/#breadcrumblist","itemListElement":[{"@type":"ListItem","@id":"https:\/\/eldigitaldeasturias.com\/magazine365#listItem","position":1,"name":"Home","item":"https:\/\/eldigitaldeasturias.com\/magazine365","nextItem":{"@type":"ListItem","@id":"https:\/\/eldigitaldeasturias.com\/magazine365\/category\/noticias-actualidad\/#listItem","name":"Noticias y Actualidad"}},{"@type":"ListItem","@id":"https:\/\/eldigitaldeasturias.com\/magazine365\/category\/noticias-actualidad\/#listItem","position":2,"name":"Noticias y Actualidad","item":"https:\/\/eldigitaldeasturias.com\/magazine365\/category\/noticias-actualidad\/","nextItem":{"@type":"ListItem","@id":"https:\/\/eldigitaldeasturias.com\/magazine365\/metro-de-malaga-concluye-la-urbanizacion-entre-albert-camus-y-la-avenida-de-la-aurora\/#listItem","name":"Metro de M\u00e1laga concluye la urbanizaci\u00f3n entre Albert Camus y la avenida de la Aurora"},"previousItem":{"@type":"ListItem","@id":"https:\/\/eldigitaldeasturias.com\/magazine365#listItem","name":"Home"}},{"@type":"ListItem","@id":"https:\/\/eldigitaldeasturias.com\/magazine365\/metro-de-malaga-concluye-la-urbanizacion-entre-albert-camus-y-la-avenida-de-la-aurora\/#listItem","position":3,"name":"Metro de M\u00e1laga concluye la urbanizaci\u00f3n entre Albert Camus y la avenida de la Aurora","previousItem":{"@type":"ListItem","@id":"https:\/\/eldigitaldeasturias.com\/magazine365\/category\/noticias-actualidad\/#listItem","name":"Noticias y Actualidad"}}]},{"@type":"Organization","@id":"https:\/\/eldigitaldeasturias.com\/magazine365\/#organization","name":"El digital de Asturias","description":"Revista de ocio, turismo y estilo de vida","url":"https:\/\/eldigitaldeasturias.com\/magazine365\/","logo":{"@type":"ImageObject","url":"https:\/\/www.eldigitaldeasturias.com\/noticias\/wp-content\/uploads\/2020\/12\/EDA.jpg","@id":"https:\/\/eldigitaldeasturias.com\/magazine365\/metro-de-malaga-concluye-la-urbanizacion-entre-albert-camus-y-la-avenida-de-la-aurora\/#organizationLogo"},"image":{"@id":"https:\/\/eldigitaldeasturias.com\/magazine365\/metro-de-malaga-concluye-la-urbanizacion-entre-albert-camus-y-la-avenida-de-la-aurora\/#organizationLogo"}},{"@type":"Person","@id":"https:\/\/eldigitaldeasturias.com\/magazine365\/author\/admin\/#author","url":"https:\/\/eldigitaldeasturias.com\/magazine365\/author\/admin\/","name":"admin","image":{"@type":"ImageObject","@id":"https:\/\/eldigitaldeasturias.com\/magazine365\/metro-de-malaga-concluye-la-urbanizacion-entre-albert-camus-y-la-avenida-de-la-aurora\/#authorImage","url":"https:\/\/eldigitaldeasturias.com\/magazine365\/wp-content\/litespeed\/avatar\/e571bcf59a0edd6fa6838245a470f2fe.jpg?ver=1777574230","width":96,"height":96,"caption":"admin"}},{"@type":"WebPage","@id":"https:\/\/eldigitaldeasturias.com\/magazine365\/metro-de-malaga-concluye-la-urbanizacion-entre-albert-camus-y-la-avenida-de-la-aurora\/#webpage","url":"https:\/\/eldigitaldeasturias.com\/magazine365\/metro-de-malaga-concluye-la-urbanizacion-entre-albert-camus-y-la-avenida-de-la-aurora\/","name":"Metro de M\u00e1laga concluye la urbanizaci\u00f3n entre Albert Camus y la avenida de la Aurora | El Digital de Asturias","description":"Metro de M\u00e1laga ha finalizado, en el tramo Renfe-Guadalmedina, las obras de reurbanizaci\u00f3n desarrolladas en la glorieta de Albert Camus y la avenida de la Aurora, as\u00ed como los remates pendientes en el entorno del edificio Loreto. De esta forma, se ha restaurado el acerado, se ha terminado de acondicionar la escalera existente junto a","inLanguage":"es-ES","isPartOf":{"@id":"https:\/\/eldigitaldeasturias.com\/magazine365\/#website"},"breadcrumb":{"@id":"https:\/\/eldigitaldeasturias.com\/magazine365\/metro-de-malaga-concluye-la-urbanizacion-entre-albert-camus-y-la-avenida-de-la-aurora\/#breadcrumblist"},"author":{"@id":"https:\/\/eldigitaldeasturias.com\/magazine365\/author\/admin\/#author"},"creator":{"@id":"https:\/\/eldigitaldeasturias.com\/magazine365\/author\/admin\/#author"},"image":{"@type":"ImageObject","url":"https:\/\/eldigitaldeasturias.com\/magazine365\/wp-content\/uploads\/2015\/07\/fotonoticia_20150717154818_8001.jpg","@id":"https:\/\/eldigitaldeasturias.com\/magazine365\/metro-de-malaga-concluye-la-urbanizacion-entre-albert-camus-y-la-avenida-de-la-aurora\/#mainImage","width":800,"height":600},"primaryImageOfPage":{"@id":"https:\/\/eldigitaldeasturias.com\/magazine365\/metro-de-malaga-concluye-la-urbanizacion-entre-albert-camus-y-la-avenida-de-la-aurora\/#mainImage"},"datePublished":"2015-07-18T06:30:44+02:00","dateModified":"2015-07-18T06:30:44+02:00"},{"@type":"WebSite","@id":"https:\/\/eldigitaldeasturias.com\/magazine365\/#website","url":"https:\/\/eldigitaldeasturias.com\/magazine365\/","name":"El Digital de Asturias","description":"Revista de ocio, turismo y estilo de vida","inLanguage":"es-ES","publisher":{"@id":"https:\/\/eldigitaldeasturias.com\/magazine365\/#organization"}}]},"og:locale":"es_ES","og:site_name":"El Digital de Asturias \u2013 Revista de ocio, turismo y estilo de vida","og:type":"article","og:title":"Metro de M\u00e1laga concluye la urbanizaci\u00f3n entre Albert Camus y la avenida de la Aurora | El Digital de Asturias","og:description":"Metro de M\u00e1laga ha finalizado, en el tramo Renfe-Guadalmedina, las obras de reurbanizaci\u00f3n desarrolladas en la glorieta de Albert Camus y la avenida de la Aurora, as\u00ed como los remates pendientes en el entorno del edificio Loreto. De esta forma, se ha restaurado el acerado, se ha terminado de acondicionar la escalera existente junto a","og:url":"https:\/\/eldigitaldeasturias.com\/magazine365\/metro-de-malaga-concluye-la-urbanizacion-entre-albert-camus-y-la-avenida-de-la-aurora\/","og:image":"https:\/\/eldigitaldeasturias.com\/magazine365\/wp-content\/uploads\/2015\/07\/fotonoticia_20150717154818_8001.jpg","og:image:secure_url":"https:\/\/eldigitaldeasturias.com\/magazine365\/wp-content\/uploads\/2015\/07\/fotonoticia_20150717154818_8001.jpg","og:image:width":800,"og:image:height":600,"article:published_time":"2015-07-18T04:30:44+00:00","article:modified_time":"2015-07-18T04:30:44+00:00","twitter:card":"summary_large_image","twitter:title":"Metro de M\u00e1laga concluye la urbanizaci\u00f3n entre Albert Camus y la avenida de la Aurora | El Digital de Asturias","twitter:description":"Metro de M\u00e1laga ha finalizado, en el tramo Renfe-Guadalmedina, las obras de reurbanizaci\u00f3n desarrolladas en la glorieta de Albert Camus y la avenida de la Aurora, as\u00ed como los remates pendientes en el entorno del edificio Loreto. De esta forma, se ha restaurado el acerado, se ha terminado de acondicionar la escalera existente junto a","twitter:image":"https:\/\/eldigitaldeasturias.com\/magazine365\/wp-content\/uploads\/2015\/07\/fotonoticia_20150717154818_8001.jpg"},"aioseo_meta_data":{"post_id":"43065","title":null,"description":null,"keywords":null,"keyphrases":null,"primary_term":null,"canonical_url":null,"og_title":null,"og_description":null,"og_object_type":"default","og_image_type":"default","og_image_url":null,"og_image_width":null,"og_image_height":null,"og_image_custom_url":null,"og_image_custom_fields":null,"og_video":null,"og_custom_url":null,"og_article_section":null,"og_article_tags":null,"twitter_use_og":false,"twitter_card":"default","twitter_image_type":"default","twitter_image_url":null,"twitter_image_custom_url":null,"twitter_image_custom_fields":null,"twitter_title":null,"twitter_description":null,"schema":{"blockGraphs":[],"customGraphs":[],"default":{"data":{"Article":[],"Course":[],"Dataset":[],"FAQPage":[],"Movie":[],"Person":[],"Product":[],"ProductReview":[],"Car":[],"Recipe":[],"Service":[],"SoftwareApplication":[],"WebPage":[]},"graphName":"","isEnabled":true},"graphs":[],"defaultGraph":"","defaultPostTypeGraph":""},"schema_type":null,"schema_type_options":null,"pillar_content":false,"robots_default":true,"robots_noindex":false,"robots_noarchive":false,"robots_nosnippet":false,"robots_nofollow":false,"robots_noimageindex":false,"robots_noodp":false,"robots_notranslate":false,"robots_max_snippet":null,"robots_max_videopreview":null,"robots_max_imagepreview":"large","priority":null,"frequency":null,"location":null,"local_seo":null,"seo_analyzer_scan_date":"2025-09-19 19:04:12","breadcrumb_settings":null,"limit_modified_date":false,"open_ai":null,"ai":null,"created":"2021-03-09 01:52:58","updated":"2025-09-19 19:04:12"},"aioseo_breadcrumb":"<div class=\"aioseo-breadcrumbs\"><span class=\"aioseo-breadcrumb\">\n\t<a href=\"https:\/\/eldigitaldeasturias.com\/magazine365\" title=\"Home\">Home<\/a>\n<\/span><span class=\"aioseo-breadcrumb-separator\">\u2013<\/span><span class=\"aioseo-breadcrumb\">\n\t<a href=\"https:\/\/eldigitaldeasturias.com\/magazine365\/category\/noticias-actualidad\/\" title=\"Noticias y Actualidad\">Noticias y Actualidad<\/a>\n<\/span><span class=\"aioseo-breadcrumb-separator\">\u2013<\/span><span class=\"aioseo-breadcrumb\">\n\t<a href=\"https:\/\/eldigitaldeasturias.com\/magazine365\/metro-de-malaga-concluye-la-urbanizacion-entre-albert-camus-y-la-avenida-de-la-aurora\/\" title=\"Metro de M\u00e1laga concluye la urbanizaci\u00f3n entre Albert Camus y la avenida de la Aurora\">Metro de M\u00e1laga concluye la urbanizaci\u00f3n entre Albert Camus y la avenida de la Aurora<\/a>\n<\/span><\/div>","aioseo_breadcrumb_json":[{"label":"Home","link":"https:\/\/eldigitaldeasturias.com\/magazine365"},{"label":"Noticias y Actualidad","link":"https:\/\/eldigitaldeasturias.com\/magazine365\/category\/noticias-actualidad\/"},{"label":"Metro de M\u00e1laga concluye la urbanizaci\u00f3n entre Albert Camus y la avenida de la Aurora","link":"https:\/\/eldigitaldeasturias.com\/magazine365\/metro-de-malaga-concluye-la-urbanizacion-entre-albert-camus-y-la-avenida-de-la-aurora\/"}],"_links":{"self":[{"href":"https:\/\/eldigitaldeasturias.com\/magazine365\/wp-json\/wp\/v2\/posts\/43065","targetHints":{"allow":["GET"]}}],"collection":[{"href":"https:\/\/eldigitaldeasturias.com\/magazine365\/wp-json\/wp\/v2\/posts"}],"about":[{"href":"https:\/\/eldigitaldeasturias.com\/magazine365\/wp-json\/wp\/v2\/types\/post"}],"author":[{"embeddable":true,"href":"https:\/\/eldigitaldeasturias.com\/magazine365\/wp-json\/wp\/v2\/users\/1"}],"replies":[{"embeddable":true,"href":"https:\/\/eldigitaldeasturias.com\/magazine365\/wp-json\/wp\/v2\/comments?post=43065"}],"version-history":[{"count":0,"href":"https:\/\/eldigitaldeasturias.com\/magazine365\/wp-json\/wp\/v2\/posts\/43065\/revisions"}],"wp:featuredmedia":[{"embeddable":true,"href":"https:\/\/eldigitaldeasturias.com\/magazine365\/wp-json\/wp\/v2\/media\/43066"}],"wp:attachment":[{"href":"https:\/\/eldigitaldeasturias.com\/magazine365\/wp-json\/wp\/v2\/media?parent=43065"}],"wp:term":[{"taxonomy":"category","embeddable":true,"href":"https:\/\/eldigitaldeasturias.com\/magazine365\/wp-json\/wp\/v2\/categories?post=43065"},{"taxonomy":"post_tag","embeddable":true,"href":"https:\/\/eldigitaldeasturias.com\/magazine365\/wp-json\/wp\/v2\/tags?post=43065"}],"curies":[{"name":"wp","href":"https:\/\/api.w.org\/{rel}","templated":true}]}}