{"id":43056,"date":"2015-07-18T06:27:45","date_gmt":"2015-07-18T04:27:45","guid":{"rendered":"http:\/\/eldigitaldeasturias.com\/magazine365\/?p=43056"},"modified":"2015-07-18T06:27:45","modified_gmt":"2015-07-18T04:27:45","slug":"psoe-de-malaga-insta-al-gobierno-central-a-cumplir-el-compromiso-de-remodelar-la-estacion-de-cercanias-de-torremolinos","status":"publish","type":"post","link":"https:\/\/eldigitaldeasturias.com\/magazine365\/psoe-de-malaga-insta-al-gobierno-central-a-cumplir-el-compromiso-de-remodelar-la-estacion-de-cercanias-de-torremolinos\/","title":{"rendered":"PSOE de M\u00e1laga insta al Gobierno central a cumplir el compromiso de remodelar la estaci\u00f3n de Cercan\u00edas de Torremolinos"},"content":{"rendered":"<p><img fetchpriority=\"high\" decoding=\"async\" class=\"alignleft size-medium wp-image-43057\" src=\"https:\/\/eldigitaldeasturias.com\/magazine365\/wp-content\/uploads\/2015\/07\/fotonoticia_20150717153036_800-360x240.jpg\" alt=\"fotonoticia_20150717153036_800\" width=\"360\" height=\"240\" srcset=\"https:\/\/eldigitaldeasturias.com\/magazine365\/wp-content\/uploads\/2015\/07\/fotonoticia_20150717153036_800-360x240.jpg 360w, https:\/\/eldigitaldeasturias.com\/magazine365\/wp-content\/uploads\/2015\/07\/fotonoticia_20150717153036_800-650x433.jpg 650w, https:\/\/eldigitaldeasturias.com\/magazine365\/wp-content\/uploads\/2015\/07\/fotonoticia_20150717153036_800-768x512.jpg 768w, https:\/\/eldigitaldeasturias.com\/magazine365\/wp-content\/uploads\/2015\/07\/fotonoticia_20150717153036_800-150x100.jpg 150w, https:\/\/eldigitaldeasturias.com\/magazine365\/wp-content\/uploads\/2015\/07\/fotonoticia_20150717153036_800-450x300.jpg 450w, https:\/\/eldigitaldeasturias.com\/magazine365\/wp-content\/uploads\/2015\/07\/fotonoticia_20150717153036_800-696x464.jpg 696w, https:\/\/eldigitaldeasturias.com\/magazine365\/wp-content\/uploads\/2015\/07\/fotonoticia_20150717153036_800-630x420.jpg 630w, https:\/\/eldigitaldeasturias.com\/magazine365\/wp-content\/uploads\/2015\/07\/fotonoticia_20150717153036_800-84x55.jpg 84w, https:\/\/eldigitaldeasturias.com\/magazine365\/wp-content\/uploads\/2015\/07\/fotonoticia_20150717153036_800.jpg 800w\" sizes=\"(max-width: 360px) 100vw, 360px\" \/>El secretario general del PSOE de M\u00e1laga y del grupo socialista en el Congreso de los Diputados, Miguel \u00c1ngel Heredia, ha visitado este viernes la localidad malague\u00f1a de Torremolinos para reclamar la remodelaci\u00f3n de la estaci\u00f3n de Cercan\u00edas situada en la plaza de La Nogalera.<\/p>\n<p>Heredia, que ha mantenido una reuni\u00f3n con el alcalde del municipio, Jos\u00e9 Ortiz, y el grupo municipal socialista, ha asegurado que \u00abTorremolinos es la ciudad m\u00e1s importante que tiene una estaci\u00f3n sin accesibilidad, algo que no podemos permitir\u00bb.<\/p>\n<p>As\u00ed, Heredia ha anunciado en rueda de prensa que el PSOE registrar\u00e1 este viernes en el Congreso una petici\u00f3n de comparecencia \u00abpara que el presidente del Administrador de Infraestructuras Ferroviarias (ADIF) diga cu\u00e1ndo van a comenzar las obras\u00bb, y ha criticado a la ministra de Fomento, Ana Pastor, los anuncios en campa\u00f1a electoral para las municipales de que la reforma de la estaci\u00f3n se llevar\u00eda a cabo \u00abde forma inminente\u00bb.<\/p>\n<p>\u00abEstamos ante una estaci\u00f3n que no es accesible a las personas con discapacidad, a las personas mayores o a las personas que van con un carrito\u00bb, ha se\u00f1alado Heredia, quien ha reclamado soluciones recordando que \u00abexist\u00eda un compromiso por parte del Gobierno de Rajoy que a d\u00eda de hoy no ha visto la luz en Torremolinos\u00bb.<\/p>\n<p>El secretario general de los socialistas malague\u00f1os ha explicado adem\u00e1s que dicha actuaci\u00f3n tendr\u00eda un coste reducido, de entre uno y dos millones de euros, algo que sin embargo, reportar\u00eda beneficios para el futuro de Torremolinos en t\u00e9rminos de generaci\u00f3n de riqueza y creaci\u00f3n de empleo.<\/p>\n<p>Por ello, desde el PSOE han criticado que a medida que ha pasado el tiempo, \u00abel Gobierno de Rajoy haya ido dando marcha atr\u00e1s\u00bb. As\u00ed, Heredia ha sacado a la luz una respuesta parlamentaria del mes de febrero en la que el Gobierno del PP afirmaba que para 2015 hab\u00eda 618.000 euros para esta actuaci\u00f3n, otra de marzo que afirmaba que en 2015 se empezar\u00eda la obra y una \u00faltima respuesta en junio en la que aseguraban que a\u00fan se estaba redactando el proyecto.<\/p>\n<p>\u00abEstamos ya en julio, no tenemos el proyecto y no sabemos cu\u00e1ndo se va a licitar la obra, por lo que le pedimos al Gobierno del Partido Popular un compromiso serio\u00bb, ha se\u00f1alado el l\u00edder socialista, al tiempo que ha destacado que solucionar este problema es invertir en la riqueza de Torremolinos, apostando as\u00ed por la llegada de m\u00e1s turismo, \u00abprincipal fuente de riqueza en el municipio\u00bb.<\/p>\n<p>\u00abNUEVO TIEMPO POL\u00cdTICO\u00bb<\/p>\n<p>Por otro lado, Heredia ha destacado que el nuevo alcalde de Torremolinos suponga \u00abun ejemplo del nuevo tiempo pol\u00edtico\u00bb, ya que \u00aben estas primeras semanas de gobierno ha mostrado su capacidad a la hora de establecer un gobierno basado en el consenso, el di\u00e1logo y con la generaci\u00f3n de empleo y el mantenimiento del estado del bienestar como prioridades\u00bb.<\/p>\n<p>\u00abEn Torremolinos era fundamental abrir las ventanas, gobernar con transparencia y abrir la Alcald\u00eda para que la gente pueda acudir a hablar de t\u00fa a t\u00fa con el alcalde; algo que hac\u00eda 20 a\u00f1os que no ocurr\u00eda en este municipio y que ya est\u00e1 cambiando de la mano de Jos\u00e9 Ortiz gracias al consenso y al acuerdo con otras fuerzas pol\u00edticas\u00bb, ha concluido el l\u00edder de los socialistas malague\u00f1os.<\/p>\n","protected":false},"excerpt":{"rendered":"<p>El secretario general del PSOE de M\u00e1laga y del grupo socialista en el Congreso de los Diputados, Miguel \u00c1ngel Heredia, ha visitado este viernes la localidad malague\u00f1a de Torremolinos para reclamar la remodelaci\u00f3n de la estaci\u00f3n de Cercan\u00edas situada en la plaza de La Nogalera. Heredia, que ha mantenido una reuni\u00f3n con el alcalde del<\/p>\n","protected":false},"author":1,"featured_media":43057,"comment_status":"open","ping_status":"closed","sticky":false,"template":"","format":"standard","meta":{"footnotes":""},"categories":[224],"tags":[],"class_list":{"0":"post-43056","1":"post","2":"type-post","3":"status-publish","4":"format-standard","5":"has-post-thumbnail","7":"category-noticias-actualidad"},"aioseo_notices":[],"aioseo_head":"\n\t\t<!-- All in One SEO Pro 4.9.6.1 - aioseo.com -->\n\t<meta name=\"description\" content=\"El secretario general del PSOE de M\u00e1laga y del grupo socialista en el Congreso de los Diputados, Miguel \u00c1ngel Heredia, ha visitado este viernes la localidad malague\u00f1a de Torremolinos para reclamar la remodelaci\u00f3n de la estaci\u00f3n de Cercan\u00edas situada en la plaza de La Nogalera. Heredia, que ha mantenido una reuni\u00f3n con el alcalde del\" \/>\n\t<meta name=\"robots\" content=\"max-image-preview:large\" \/>\n\t<meta name=\"author\" content=\"admin\"\/>\n\t<meta name=\"google-site-verification\" content=\"UA-38556648-1\" \/>\n\t<meta name=\"keywords\" content=\"noticias y actualidad\" \/>\n\t<link rel=\"canonical\" href=\"https:\/\/eldigitaldeasturias.com\/magazine365\/psoe-de-malaga-insta-al-gobierno-central-a-cumplir-el-compromiso-de-remodelar-la-estacion-de-cercanias-de-torremolinos\/\" \/>\n\t<meta name=\"generator\" content=\"All in One SEO Pro (AIOSEO) 4.9.6.1\" \/>\n\t\t<meta property=\"og:locale\" content=\"es_ES\" \/>\n\t\t<meta property=\"og:site_name\" content=\"El Digital de Asturias \u2013 Revista de ocio, turismo y estilo de vida\" \/>\n\t\t<meta property=\"og:type\" content=\"article\" \/>\n\t\t<meta property=\"og:title\" content=\"PSOE de M\u00e1laga insta al Gobierno central a cumplir el compromiso de remodelar la estaci\u00f3n de Cercan\u00edas de Torremolinos | El Digital de Asturias\" \/>\n\t\t<meta property=\"og:description\" content=\"El secretario general del PSOE de M\u00e1laga y del grupo socialista en el Congreso de los Diputados, Miguel \u00c1ngel Heredia, ha visitado este viernes la localidad malague\u00f1a de Torremolinos para reclamar la remodelaci\u00f3n de la estaci\u00f3n de Cercan\u00edas situada en la plaza de La Nogalera. Heredia, que ha mantenido una reuni\u00f3n con el alcalde del\" \/>\n\t\t<meta property=\"og:url\" content=\"https:\/\/eldigitaldeasturias.com\/magazine365\/psoe-de-malaga-insta-al-gobierno-central-a-cumplir-el-compromiso-de-remodelar-la-estacion-de-cercanias-de-torremolinos\/\" \/>\n\t\t<meta property=\"og:image\" content=\"https:\/\/eldigitaldeasturias.com\/magazine365\/wp-content\/uploads\/2015\/07\/fotonoticia_20150717153036_800.jpg\" \/>\n\t\t<meta property=\"og:image:secure_url\" content=\"https:\/\/eldigitaldeasturias.com\/magazine365\/wp-content\/uploads\/2015\/07\/fotonoticia_20150717153036_800.jpg\" \/>\n\t\t<meta property=\"og:image:width\" content=\"800\" \/>\n\t\t<meta property=\"og:image:height\" content=\"533\" \/>\n\t\t<meta property=\"article:published_time\" content=\"2015-07-18T04:27:45+00:00\" \/>\n\t\t<meta property=\"article:modified_time\" content=\"2015-07-18T04:27:45+00:00\" \/>\n\t\t<meta name=\"twitter:card\" content=\"summary_large_image\" \/>\n\t\t<meta name=\"twitter:title\" content=\"PSOE de M\u00e1laga insta al Gobierno central a cumplir el compromiso de remodelar la estaci\u00f3n de Cercan\u00edas de Torremolinos | El Digital de Asturias\" \/>\n\t\t<meta name=\"twitter:description\" content=\"El secretario general del PSOE de M\u00e1laga y del grupo socialista en el Congreso de los Diputados, Miguel \u00c1ngel Heredia, ha visitado este viernes la localidad malague\u00f1a de Torremolinos para reclamar la remodelaci\u00f3n de la estaci\u00f3n de Cercan\u00edas situada en la plaza de La Nogalera. Heredia, que ha mantenido una reuni\u00f3n con el alcalde del\" \/>\n\t\t<meta name=\"twitter:image\" content=\"https:\/\/eldigitaldeasturias.com\/magazine365\/wp-content\/uploads\/2015\/07\/fotonoticia_20150717153036_800.jpg\" \/>\n\t\t<script type=\"application\/ld+json\" class=\"aioseo-schema\">\n\t\t\t{\"@context\":\"https:\\\/\\\/schema.org\",\"@graph\":[{\"@type\":\"Article\",\"@id\":\"https:\\\/\\\/eldigitaldeasturias.com\\\/magazine365\\\/psoe-de-malaga-insta-al-gobierno-central-a-cumplir-el-compromiso-de-remodelar-la-estacion-de-cercanias-de-torremolinos\\\/#article\",\"name\":\"PSOE de M\\u00e1laga insta al Gobierno central a cumplir el compromiso de remodelar la estaci\\u00f3n de Cercan\\u00edas de Torremolinos | El Digital de Asturias\",\"headline\":\"PSOE de M\\u00e1laga insta al Gobierno central a cumplir el compromiso de remodelar la estaci\\u00f3n de Cercan\\u00edas de Torremolinos\",\"author\":{\"@id\":\"https:\\\/\\\/eldigitaldeasturias.com\\\/magazine365\\\/author\\\/admin\\\/#author\"},\"publisher\":{\"@id\":\"https:\\\/\\\/eldigitaldeasturias.com\\\/magazine365\\\/#organization\"},\"image\":{\"@type\":\"ImageObject\",\"url\":\"https:\\\/\\\/eldigitaldeasturias.com\\\/magazine365\\\/wp-content\\\/uploads\\\/2015\\\/07\\\/fotonoticia_20150717153036_800.jpg\",\"width\":800,\"height\":533},\"datePublished\":\"2015-07-18T06:27:45+02:00\",\"dateModified\":\"2015-07-18T06:27:45+02:00\",\"inLanguage\":\"es-ES\",\"mainEntityOfPage\":{\"@id\":\"https:\\\/\\\/eldigitaldeasturias.com\\\/magazine365\\\/psoe-de-malaga-insta-al-gobierno-central-a-cumplir-el-compromiso-de-remodelar-la-estacion-de-cercanias-de-torremolinos\\\/#webpage\"},\"isPartOf\":{\"@id\":\"https:\\\/\\\/eldigitaldeasturias.com\\\/magazine365\\\/psoe-de-malaga-insta-al-gobierno-central-a-cumplir-el-compromiso-de-remodelar-la-estacion-de-cercanias-de-torremolinos\\\/#webpage\"},\"articleSection\":\"Noticias y Actualidad\"},{\"@type\":\"BreadcrumbList\",\"@id\":\"https:\\\/\\\/eldigitaldeasturias.com\\\/magazine365\\\/psoe-de-malaga-insta-al-gobierno-central-a-cumplir-el-compromiso-de-remodelar-la-estacion-de-cercanias-de-torremolinos\\\/#breadcrumblist\",\"itemListElement\":[{\"@type\":\"ListItem\",\"@id\":\"https:\\\/\\\/eldigitaldeasturias.com\\\/magazine365#listItem\",\"position\":1,\"name\":\"Home\",\"item\":\"https:\\\/\\\/eldigitaldeasturias.com\\\/magazine365\",\"nextItem\":{\"@type\":\"ListItem\",\"@id\":\"https:\\\/\\\/eldigitaldeasturias.com\\\/magazine365\\\/category\\\/noticias-actualidad\\\/#listItem\",\"name\":\"Noticias y Actualidad\"}},{\"@type\":\"ListItem\",\"@id\":\"https:\\\/\\\/eldigitaldeasturias.com\\\/magazine365\\\/category\\\/noticias-actualidad\\\/#listItem\",\"position\":2,\"name\":\"Noticias y Actualidad\",\"item\":\"https:\\\/\\\/eldigitaldeasturias.com\\\/magazine365\\\/category\\\/noticias-actualidad\\\/\",\"nextItem\":{\"@type\":\"ListItem\",\"@id\":\"https:\\\/\\\/eldigitaldeasturias.com\\\/magazine365\\\/psoe-de-malaga-insta-al-gobierno-central-a-cumplir-el-compromiso-de-remodelar-la-estacion-de-cercanias-de-torremolinos\\\/#listItem\",\"name\":\"PSOE de M\\u00e1laga insta al Gobierno central a cumplir el compromiso de remodelar la estaci\\u00f3n de Cercan\\u00edas de Torremolinos\"},\"previousItem\":{\"@type\":\"ListItem\",\"@id\":\"https:\\\/\\\/eldigitaldeasturias.com\\\/magazine365#listItem\",\"name\":\"Home\"}},{\"@type\":\"ListItem\",\"@id\":\"https:\\\/\\\/eldigitaldeasturias.com\\\/magazine365\\\/psoe-de-malaga-insta-al-gobierno-central-a-cumplir-el-compromiso-de-remodelar-la-estacion-de-cercanias-de-torremolinos\\\/#listItem\",\"position\":3,\"name\":\"PSOE de M\\u00e1laga insta al Gobierno central a cumplir el compromiso de remodelar la estaci\\u00f3n de Cercan\\u00edas de Torremolinos\",\"previousItem\":{\"@type\":\"ListItem\",\"@id\":\"https:\\\/\\\/eldigitaldeasturias.com\\\/magazine365\\\/category\\\/noticias-actualidad\\\/#listItem\",\"name\":\"Noticias y Actualidad\"}}]},{\"@type\":\"Organization\",\"@id\":\"https:\\\/\\\/eldigitaldeasturias.com\\\/magazine365\\\/#organization\",\"name\":\"El digital de Asturias\",\"description\":\"Revista de ocio, turismo y estilo de vida\",\"url\":\"https:\\\/\\\/eldigitaldeasturias.com\\\/magazine365\\\/\",\"logo\":{\"@type\":\"ImageObject\",\"url\":\"https:\\\/\\\/www.eldigitaldeasturias.com\\\/noticias\\\/wp-content\\\/uploads\\\/2020\\\/12\\\/EDA.jpg\",\"@id\":\"https:\\\/\\\/eldigitaldeasturias.com\\\/magazine365\\\/psoe-de-malaga-insta-al-gobierno-central-a-cumplir-el-compromiso-de-remodelar-la-estacion-de-cercanias-de-torremolinos\\\/#organizationLogo\"},\"image\":{\"@id\":\"https:\\\/\\\/eldigitaldeasturias.com\\\/magazine365\\\/psoe-de-malaga-insta-al-gobierno-central-a-cumplir-el-compromiso-de-remodelar-la-estacion-de-cercanias-de-torremolinos\\\/#organizationLogo\"}},{\"@type\":\"Person\",\"@id\":\"https:\\\/\\\/eldigitaldeasturias.com\\\/magazine365\\\/author\\\/admin\\\/#author\",\"url\":\"https:\\\/\\\/eldigitaldeasturias.com\\\/magazine365\\\/author\\\/admin\\\/\",\"name\":\"admin\",\"image\":{\"@type\":\"ImageObject\",\"@id\":\"https:\\\/\\\/eldigitaldeasturias.com\\\/magazine365\\\/psoe-de-malaga-insta-al-gobierno-central-a-cumplir-el-compromiso-de-remodelar-la-estacion-de-cercanias-de-torremolinos\\\/#authorImage\",\"url\":\"https:\\\/\\\/eldigitaldeasturias.com\\\/magazine365\\\/wp-content\\\/litespeed\\\/avatar\\\/e571bcf59a0edd6fa6838245a470f2fe.jpg?ver=1777574230\",\"width\":96,\"height\":96,\"caption\":\"admin\"}},{\"@type\":\"WebPage\",\"@id\":\"https:\\\/\\\/eldigitaldeasturias.com\\\/magazine365\\\/psoe-de-malaga-insta-al-gobierno-central-a-cumplir-el-compromiso-de-remodelar-la-estacion-de-cercanias-de-torremolinos\\\/#webpage\",\"url\":\"https:\\\/\\\/eldigitaldeasturias.com\\\/magazine365\\\/psoe-de-malaga-insta-al-gobierno-central-a-cumplir-el-compromiso-de-remodelar-la-estacion-de-cercanias-de-torremolinos\\\/\",\"name\":\"PSOE de M\\u00e1laga insta al Gobierno central a cumplir el compromiso de remodelar la estaci\\u00f3n de Cercan\\u00edas de Torremolinos | El Digital de Asturias\",\"description\":\"El secretario general del PSOE de M\\u00e1laga y del grupo socialista en el Congreso de los Diputados, Miguel \\u00c1ngel Heredia, ha visitado este viernes la localidad malague\\u00f1a de Torremolinos para reclamar la remodelaci\\u00f3n de la estaci\\u00f3n de Cercan\\u00edas situada en la plaza de La Nogalera. Heredia, que ha mantenido una reuni\\u00f3n con el alcalde del\",\"inLanguage\":\"es-ES\",\"isPartOf\":{\"@id\":\"https:\\\/\\\/eldigitaldeasturias.com\\\/magazine365\\\/#website\"},\"breadcrumb\":{\"@id\":\"https:\\\/\\\/eldigitaldeasturias.com\\\/magazine365\\\/psoe-de-malaga-insta-al-gobierno-central-a-cumplir-el-compromiso-de-remodelar-la-estacion-de-cercanias-de-torremolinos\\\/#breadcrumblist\"},\"author\":{\"@id\":\"https:\\\/\\\/eldigitaldeasturias.com\\\/magazine365\\\/author\\\/admin\\\/#author\"},\"creator\":{\"@id\":\"https:\\\/\\\/eldigitaldeasturias.com\\\/magazine365\\\/author\\\/admin\\\/#author\"},\"image\":{\"@type\":\"ImageObject\",\"url\":\"https:\\\/\\\/eldigitaldeasturias.com\\\/magazine365\\\/wp-content\\\/uploads\\\/2015\\\/07\\\/fotonoticia_20150717153036_800.jpg\",\"@id\":\"https:\\\/\\\/eldigitaldeasturias.com\\\/magazine365\\\/psoe-de-malaga-insta-al-gobierno-central-a-cumplir-el-compromiso-de-remodelar-la-estacion-de-cercanias-de-torremolinos\\\/#mainImage\",\"width\":800,\"height\":533},\"primaryImageOfPage\":{\"@id\":\"https:\\\/\\\/eldigitaldeasturias.com\\\/magazine365\\\/psoe-de-malaga-insta-al-gobierno-central-a-cumplir-el-compromiso-de-remodelar-la-estacion-de-cercanias-de-torremolinos\\\/#mainImage\"},\"datePublished\":\"2015-07-18T06:27:45+02:00\",\"dateModified\":\"2015-07-18T06:27:45+02:00\"},{\"@type\":\"WebSite\",\"@id\":\"https:\\\/\\\/eldigitaldeasturias.com\\\/magazine365\\\/#website\",\"url\":\"https:\\\/\\\/eldigitaldeasturias.com\\\/magazine365\\\/\",\"name\":\"El Digital de Asturias\",\"description\":\"Revista de ocio, turismo y estilo de vida\",\"inLanguage\":\"es-ES\",\"publisher\":{\"@id\":\"https:\\\/\\\/eldigitaldeasturias.com\\\/magazine365\\\/#organization\"}}]}\n\t\t<\/script>\n\t\t<!-- All in One SEO Pro -->\r\n\t\t<title>PSOE de M\u00e1laga insta al Gobierno central a cumplir el compromiso de remodelar la estaci\u00f3n de Cercan\u00edas de Torremolinos | El Digital de Asturias<\/title>\n\n","aioseo_head_json":{"title":"PSOE de M\u00e1laga insta al Gobierno central a cumplir el compromiso de remodelar la estaci\u00f3n de Cercan\u00edas de Torremolinos | El Digital de Asturias","description":"El secretario general del PSOE de M\u00e1laga y del grupo socialista en el Congreso de los Diputados, Miguel \u00c1ngel Heredia, ha visitado este viernes la localidad malague\u00f1a de Torremolinos para reclamar la remodelaci\u00f3n de la estaci\u00f3n de Cercan\u00edas situada en la plaza de La Nogalera. Heredia, que ha mantenido una reuni\u00f3n con el alcalde del","canonical_url":"https:\/\/eldigitaldeasturias.com\/magazine365\/psoe-de-malaga-insta-al-gobierno-central-a-cumplir-el-compromiso-de-remodelar-la-estacion-de-cercanias-de-torremolinos\/","robots":"max-image-preview:large","keywords":"noticias y actualidad","webmasterTools":{"google-site-verification":"UA-38556648-1","miscellaneous":""},"schema":{"@context":"https:\/\/schema.org","@graph":[{"@type":"Article","@id":"https:\/\/eldigitaldeasturias.com\/magazine365\/psoe-de-malaga-insta-al-gobierno-central-a-cumplir-el-compromiso-de-remodelar-la-estacion-de-cercanias-de-torremolinos\/#article","name":"PSOE de M\u00e1laga insta al Gobierno central a cumplir el compromiso de remodelar la estaci\u00f3n de Cercan\u00edas de Torremolinos | El Digital de Asturias","headline":"PSOE de M\u00e1laga insta al Gobierno central a cumplir el compromiso de remodelar la estaci\u00f3n de Cercan\u00edas de Torremolinos","author":{"@id":"https:\/\/eldigitaldeasturias.com\/magazine365\/author\/admin\/#author"},"publisher":{"@id":"https:\/\/eldigitaldeasturias.com\/magazine365\/#organization"},"image":{"@type":"ImageObject","url":"https:\/\/eldigitaldeasturias.com\/magazine365\/wp-content\/uploads\/2015\/07\/fotonoticia_20150717153036_800.jpg","width":800,"height":533},"datePublished":"2015-07-18T06:27:45+02:00","dateModified":"2015-07-18T06:27:45+02:00","inLanguage":"es-ES","mainEntityOfPage":{"@id":"https:\/\/eldigitaldeasturias.com\/magazine365\/psoe-de-malaga-insta-al-gobierno-central-a-cumplir-el-compromiso-de-remodelar-la-estacion-de-cercanias-de-torremolinos\/#webpage"},"isPartOf":{"@id":"https:\/\/eldigitaldeasturias.com\/magazine365\/psoe-de-malaga-insta-al-gobierno-central-a-cumplir-el-compromiso-de-remodelar-la-estacion-de-cercanias-de-torremolinos\/#webpage"},"articleSection":"Noticias y Actualidad"},{"@type":"BreadcrumbList","@id":"https:\/\/eldigitaldeasturias.com\/magazine365\/psoe-de-malaga-insta-al-gobierno-central-a-cumplir-el-compromiso-de-remodelar-la-estacion-de-cercanias-de-torremolinos\/#breadcrumblist","itemListElement":[{"@type":"ListItem","@id":"https:\/\/eldigitaldeasturias.com\/magazine365#listItem","position":1,"name":"Home","item":"https:\/\/eldigitaldeasturias.com\/magazine365","nextItem":{"@type":"ListItem","@id":"https:\/\/eldigitaldeasturias.com\/magazine365\/category\/noticias-actualidad\/#listItem","name":"Noticias y Actualidad"}},{"@type":"ListItem","@id":"https:\/\/eldigitaldeasturias.com\/magazine365\/category\/noticias-actualidad\/#listItem","position":2,"name":"Noticias y Actualidad","item":"https:\/\/eldigitaldeasturias.com\/magazine365\/category\/noticias-actualidad\/","nextItem":{"@type":"ListItem","@id":"https:\/\/eldigitaldeasturias.com\/magazine365\/psoe-de-malaga-insta-al-gobierno-central-a-cumplir-el-compromiso-de-remodelar-la-estacion-de-cercanias-de-torremolinos\/#listItem","name":"PSOE de M\u00e1laga insta al Gobierno central a cumplir el compromiso de remodelar la estaci\u00f3n de Cercan\u00edas de Torremolinos"},"previousItem":{"@type":"ListItem","@id":"https:\/\/eldigitaldeasturias.com\/magazine365#listItem","name":"Home"}},{"@type":"ListItem","@id":"https:\/\/eldigitaldeasturias.com\/magazine365\/psoe-de-malaga-insta-al-gobierno-central-a-cumplir-el-compromiso-de-remodelar-la-estacion-de-cercanias-de-torremolinos\/#listItem","position":3,"name":"PSOE de M\u00e1laga insta al Gobierno central a cumplir el compromiso de remodelar la estaci\u00f3n de Cercan\u00edas de Torremolinos","previousItem":{"@type":"ListItem","@id":"https:\/\/eldigitaldeasturias.com\/magazine365\/category\/noticias-actualidad\/#listItem","name":"Noticias y Actualidad"}}]},{"@type":"Organization","@id":"https:\/\/eldigitaldeasturias.com\/magazine365\/#organization","name":"El digital de Asturias","description":"Revista de ocio, turismo y estilo de vida","url":"https:\/\/eldigitaldeasturias.com\/magazine365\/","logo":{"@type":"ImageObject","url":"https:\/\/www.eldigitaldeasturias.com\/noticias\/wp-content\/uploads\/2020\/12\/EDA.jpg","@id":"https:\/\/eldigitaldeasturias.com\/magazine365\/psoe-de-malaga-insta-al-gobierno-central-a-cumplir-el-compromiso-de-remodelar-la-estacion-de-cercanias-de-torremolinos\/#organizationLogo"},"image":{"@id":"https:\/\/eldigitaldeasturias.com\/magazine365\/psoe-de-malaga-insta-al-gobierno-central-a-cumplir-el-compromiso-de-remodelar-la-estacion-de-cercanias-de-torremolinos\/#organizationLogo"}},{"@type":"Person","@id":"https:\/\/eldigitaldeasturias.com\/magazine365\/author\/admin\/#author","url":"https:\/\/eldigitaldeasturias.com\/magazine365\/author\/admin\/","name":"admin","image":{"@type":"ImageObject","@id":"https:\/\/eldigitaldeasturias.com\/magazine365\/psoe-de-malaga-insta-al-gobierno-central-a-cumplir-el-compromiso-de-remodelar-la-estacion-de-cercanias-de-torremolinos\/#authorImage","url":"https:\/\/eldigitaldeasturias.com\/magazine365\/wp-content\/litespeed\/avatar\/e571bcf59a0edd6fa6838245a470f2fe.jpg?ver=1777574230","width":96,"height":96,"caption":"admin"}},{"@type":"WebPage","@id":"https:\/\/eldigitaldeasturias.com\/magazine365\/psoe-de-malaga-insta-al-gobierno-central-a-cumplir-el-compromiso-de-remodelar-la-estacion-de-cercanias-de-torremolinos\/#webpage","url":"https:\/\/eldigitaldeasturias.com\/magazine365\/psoe-de-malaga-insta-al-gobierno-central-a-cumplir-el-compromiso-de-remodelar-la-estacion-de-cercanias-de-torremolinos\/","name":"PSOE de M\u00e1laga insta al Gobierno central a cumplir el compromiso de remodelar la estaci\u00f3n de Cercan\u00edas de Torremolinos | El Digital de Asturias","description":"El secretario general del PSOE de M\u00e1laga y del grupo socialista en el Congreso de los Diputados, Miguel \u00c1ngel Heredia, ha visitado este viernes la localidad malague\u00f1a de Torremolinos para reclamar la remodelaci\u00f3n de la estaci\u00f3n de Cercan\u00edas situada en la plaza de La Nogalera. Heredia, que ha mantenido una reuni\u00f3n con el alcalde del","inLanguage":"es-ES","isPartOf":{"@id":"https:\/\/eldigitaldeasturias.com\/magazine365\/#website"},"breadcrumb":{"@id":"https:\/\/eldigitaldeasturias.com\/magazine365\/psoe-de-malaga-insta-al-gobierno-central-a-cumplir-el-compromiso-de-remodelar-la-estacion-de-cercanias-de-torremolinos\/#breadcrumblist"},"author":{"@id":"https:\/\/eldigitaldeasturias.com\/magazine365\/author\/admin\/#author"},"creator":{"@id":"https:\/\/eldigitaldeasturias.com\/magazine365\/author\/admin\/#author"},"image":{"@type":"ImageObject","url":"https:\/\/eldigitaldeasturias.com\/magazine365\/wp-content\/uploads\/2015\/07\/fotonoticia_20150717153036_800.jpg","@id":"https:\/\/eldigitaldeasturias.com\/magazine365\/psoe-de-malaga-insta-al-gobierno-central-a-cumplir-el-compromiso-de-remodelar-la-estacion-de-cercanias-de-torremolinos\/#mainImage","width":800,"height":533},"primaryImageOfPage":{"@id":"https:\/\/eldigitaldeasturias.com\/magazine365\/psoe-de-malaga-insta-al-gobierno-central-a-cumplir-el-compromiso-de-remodelar-la-estacion-de-cercanias-de-torremolinos\/#mainImage"},"datePublished":"2015-07-18T06:27:45+02:00","dateModified":"2015-07-18T06:27:45+02:00"},{"@type":"WebSite","@id":"https:\/\/eldigitaldeasturias.com\/magazine365\/#website","url":"https:\/\/eldigitaldeasturias.com\/magazine365\/","name":"El Digital de Asturias","description":"Revista de ocio, turismo y estilo de vida","inLanguage":"es-ES","publisher":{"@id":"https:\/\/eldigitaldeasturias.com\/magazine365\/#organization"}}]},"og:locale":"es_ES","og:site_name":"El Digital de Asturias \u2013 Revista de ocio, turismo y estilo de vida","og:type":"article","og:title":"PSOE de M\u00e1laga insta al Gobierno central a cumplir el compromiso de remodelar la estaci\u00f3n de Cercan\u00edas de Torremolinos | El Digital de Asturias","og:description":"El secretario general del PSOE de M\u00e1laga y del grupo socialista en el Congreso de los Diputados, Miguel \u00c1ngel Heredia, ha visitado este viernes la localidad malague\u00f1a de Torremolinos para reclamar la remodelaci\u00f3n de la estaci\u00f3n de Cercan\u00edas situada en la plaza de La Nogalera. Heredia, que ha mantenido una reuni\u00f3n con el alcalde del","og:url":"https:\/\/eldigitaldeasturias.com\/magazine365\/psoe-de-malaga-insta-al-gobierno-central-a-cumplir-el-compromiso-de-remodelar-la-estacion-de-cercanias-de-torremolinos\/","og:image":"https:\/\/eldigitaldeasturias.com\/magazine365\/wp-content\/uploads\/2015\/07\/fotonoticia_20150717153036_800.jpg","og:image:secure_url":"https:\/\/eldigitaldeasturias.com\/magazine365\/wp-content\/uploads\/2015\/07\/fotonoticia_20150717153036_800.jpg","og:image:width":800,"og:image:height":533,"article:published_time":"2015-07-18T04:27:45+00:00","article:modified_time":"2015-07-18T04:27:45+00:00","twitter:card":"summary_large_image","twitter:title":"PSOE de M\u00e1laga insta al Gobierno central a cumplir el compromiso de remodelar la estaci\u00f3n de Cercan\u00edas de Torremolinos | El Digital de Asturias","twitter:description":"El secretario general del PSOE de M\u00e1laga y del grupo socialista en el Congreso de los Diputados, Miguel \u00c1ngel Heredia, ha visitado este viernes la localidad malague\u00f1a de Torremolinos para reclamar la remodelaci\u00f3n de la estaci\u00f3n de Cercan\u00edas situada en la plaza de La Nogalera. Heredia, que ha mantenido una reuni\u00f3n con el alcalde del","twitter:image":"https:\/\/eldigitaldeasturias.com\/magazine365\/wp-content\/uploads\/2015\/07\/fotonoticia_20150717153036_800.jpg"},"aioseo_meta_data":{"post_id":"43056","title":null,"description":null,"keywords":null,"keyphrases":null,"primary_term":null,"canonical_url":null,"og_title":null,"og_description":null,"og_object_type":"default","og_image_type":"default","og_image_url":null,"og_image_width":null,"og_image_height":null,"og_image_custom_url":null,"og_image_custom_fields":null,"og_video":null,"og_custom_url":null,"og_article_section":null,"og_article_tags":null,"twitter_use_og":false,"twitter_card":"default","twitter_image_type":"default","twitter_image_url":null,"twitter_image_custom_url":null,"twitter_image_custom_fields":null,"twitter_title":null,"twitter_description":null,"schema":{"blockGraphs":[],"customGraphs":[],"default":{"data":{"Article":[],"Course":[],"Dataset":[],"FAQPage":[],"Movie":[],"Person":[],"Product":[],"ProductReview":[],"Car":[],"Recipe":[],"Service":[],"SoftwareApplication":[],"WebPage":[]},"graphName":"","isEnabled":true},"graphs":[]},"schema_type":null,"schema_type_options":null,"pillar_content":false,"robots_default":true,"robots_noindex":false,"robots_noarchive":false,"robots_nosnippet":false,"robots_nofollow":false,"robots_noimageindex":false,"robots_noodp":false,"robots_notranslate":false,"robots_max_snippet":null,"robots_max_videopreview":null,"robots_max_imagepreview":"large","priority":null,"frequency":null,"location":null,"local_seo":null,"seo_analyzer_scan_date":"2025-09-19 19:02:42","breadcrumb_settings":null,"limit_modified_date":false,"open_ai":null,"ai":null,"created":"2021-03-09 01:52:58","updated":"2025-09-19 19:02:42"},"aioseo_breadcrumb":"<div class=\"aioseo-breadcrumbs\"><span class=\"aioseo-breadcrumb\">\n\t<a href=\"https:\/\/eldigitaldeasturias.com\/magazine365\" title=\"Home\">Home<\/a>\n<\/span><span class=\"aioseo-breadcrumb-separator\">\u2013<\/span><span class=\"aioseo-breadcrumb\">\n\t<a href=\"https:\/\/eldigitaldeasturias.com\/magazine365\/category\/noticias-actualidad\/\" title=\"Noticias y Actualidad\">Noticias y Actualidad<\/a>\n<\/span><span class=\"aioseo-breadcrumb-separator\">\u2013<\/span><span class=\"aioseo-breadcrumb\">\n\t<a href=\"https:\/\/eldigitaldeasturias.com\/magazine365\/psoe-de-malaga-insta-al-gobierno-central-a-cumplir-el-compromiso-de-remodelar-la-estacion-de-cercanias-de-torremolinos\/\" title=\"PSOE de M\u00e1laga insta al Gobierno central a cumplir el compromiso de remodelar la estaci\u00f3n de Cercan\u00edas de Torremolinos\">PSOE de M\u00e1laga insta al Gobierno central a cumplir el compromiso de remodelar la estaci\u00f3n de Cercan\u00edas de Torremolinos<\/a>\n<\/span><\/div>","aioseo_breadcrumb_json":[{"label":"Home","link":"https:\/\/eldigitaldeasturias.com\/magazine365"},{"label":"Noticias y Actualidad","link":"https:\/\/eldigitaldeasturias.com\/magazine365\/category\/noticias-actualidad\/"},{"label":"PSOE de M\u00e1laga insta al Gobierno central a cumplir el compromiso de remodelar la estaci\u00f3n de Cercan\u00edas de Torremolinos","link":"https:\/\/eldigitaldeasturias.com\/magazine365\/psoe-de-malaga-insta-al-gobierno-central-a-cumplir-el-compromiso-de-remodelar-la-estacion-de-cercanias-de-torremolinos\/"}],"_links":{"self":[{"href":"https:\/\/eldigitaldeasturias.com\/magazine365\/wp-json\/wp\/v2\/posts\/43056","targetHints":{"allow":["GET"]}}],"collection":[{"href":"https:\/\/eldigitaldeasturias.com\/magazine365\/wp-json\/wp\/v2\/posts"}],"about":[{"href":"https:\/\/eldigitaldeasturias.com\/magazine365\/wp-json\/wp\/v2\/types\/post"}],"author":[{"embeddable":true,"href":"https:\/\/eldigitaldeasturias.com\/magazine365\/wp-json\/wp\/v2\/users\/1"}],"replies":[{"embeddable":true,"href":"https:\/\/eldigitaldeasturias.com\/magazine365\/wp-json\/wp\/v2\/comments?post=43056"}],"version-history":[{"count":0,"href":"https:\/\/eldigitaldeasturias.com\/magazine365\/wp-json\/wp\/v2\/posts\/43056\/revisions"}],"wp:featuredmedia":[{"embeddable":true,"href":"https:\/\/eldigitaldeasturias.com\/magazine365\/wp-json\/wp\/v2\/media\/43057"}],"wp:attachment":[{"href":"https:\/\/eldigitaldeasturias.com\/magazine365\/wp-json\/wp\/v2\/media?parent=43056"}],"wp:term":[{"taxonomy":"category","embeddable":true,"href":"https:\/\/eldigitaldeasturias.com\/magazine365\/wp-json\/wp\/v2\/categories?post=43056"},{"taxonomy":"post_tag","embeddable":true,"href":"https:\/\/eldigitaldeasturias.com\/magazine365\/wp-json\/wp\/v2\/tags?post=43056"}],"curies":[{"name":"wp","href":"https:\/\/api.w.org\/{rel}","templated":true}]}}