{"id":42973,"date":"2015-07-18T04:38:57","date_gmt":"2015-07-18T02:38:57","guid":{"rendered":"http:\/\/eldigitaldeasturias.com\/magazine365\/?p=42973"},"modified":"2015-07-18T04:38:57","modified_gmt":"2015-07-18T02:38:57","slug":"el-patronato-del-real-alcazar-de-sevilla-aprueba-el-nombramiento-de-isabel-rodriguez-como-nueva-directora","status":"publish","type":"post","link":"https:\/\/eldigitaldeasturias.com\/magazine365\/el-patronato-del-real-alcazar-de-sevilla-aprueba-el-nombramiento-de-isabel-rodriguez-como-nueva-directora\/","title":{"rendered":"El Patronato del Real Alc\u00e1zar de Sevilla aprueba el nombramiento de Isabel Rodr\u00edguez como nueva directora"},"content":{"rendered":"<p><img fetchpriority=\"high\" decoding=\"async\" class=\"alignleft size-medium wp-image-42974\" src=\"https:\/\/eldigitaldeasturias.com\/magazine365\/wp-content\/uploads\/2015\/07\/fotonoticia_20150717110847_800-360x240.jpg\" alt=\"fotonoticia_20150717110847_800\" width=\"360\" height=\"240\" srcset=\"https:\/\/eldigitaldeasturias.com\/magazine365\/wp-content\/uploads\/2015\/07\/fotonoticia_20150717110847_800-360x240.jpg 360w, https:\/\/eldigitaldeasturias.com\/magazine365\/wp-content\/uploads\/2015\/07\/fotonoticia_20150717110847_800-650x433.jpg 650w, https:\/\/eldigitaldeasturias.com\/magazine365\/wp-content\/uploads\/2015\/07\/fotonoticia_20150717110847_800-768x512.jpg 768w, https:\/\/eldigitaldeasturias.com\/magazine365\/wp-content\/uploads\/2015\/07\/fotonoticia_20150717110847_800-150x100.jpg 150w, https:\/\/eldigitaldeasturias.com\/magazine365\/wp-content\/uploads\/2015\/07\/fotonoticia_20150717110847_800-450x300.jpg 450w, https:\/\/eldigitaldeasturias.com\/magazine365\/wp-content\/uploads\/2015\/07\/fotonoticia_20150717110847_800-696x464.jpg 696w, https:\/\/eldigitaldeasturias.com\/magazine365\/wp-content\/uploads\/2015\/07\/fotonoticia_20150717110847_800-630x420.jpg 630w, https:\/\/eldigitaldeasturias.com\/magazine365\/wp-content\/uploads\/2015\/07\/fotonoticia_20150717110847_800-84x55.jpg 84w, https:\/\/eldigitaldeasturias.com\/magazine365\/wp-content\/uploads\/2015\/07\/fotonoticia_20150717110847_800.jpg 800w\" sizes=\"(max-width: 360px) 100vw, 360px\" \/>El Consejo de Gobierno del Patronato del Real Alc\u00e1zar aprob\u00f3 el pasado jueves el cese del anterior director y el nombramiento de Isabel Rodr\u00edguez Rodr\u00edguez como nueva directora.<\/p>\n<p>En su primera sesi\u00f3n, este \u00f3rgano tambi\u00e9n ha dado el visto bueno a la constituci\u00f3n de la comisi\u00f3n ejecutiva.<\/p>\n<p>Seg\u00fan ha informado el Ayuntamiento de Sevilla, Isabel Rodr\u00edguez Rodr\u00edguez es arque\u00f3loga y posee una amplia experiencia en la gesti\u00f3n del patrimonio y en iniciativas relacionadas con el turismo cultural. Entre 1986 y 1996 ha desarrollado su labor como arque\u00f3loga en el Ayuntamiento de Carmona.<\/p>\n<p>Desde 1996 hasta la actualidad ha sido coordinadora de la Ruta B\u00e9tica Romana, una iniciativa tur\u00edstica impulsada desde la Junta de Andaluc\u00eda en colaboraci\u00f3n con distintos municipios de las provincias de Sevilla, C\u00e1diz y C\u00f3rdoba. Su trabajo al frente de la Ruta B\u00e9tica Romana ha estado tambi\u00e9n muy vinculado al Alc\u00e1zar de la Puerta de Sevilla de Carmona.<\/p>\n","protected":false},"excerpt":{"rendered":"<p>El Consejo de Gobierno del Patronato del Real Alc\u00e1zar aprob\u00f3 el pasado jueves el cese del anterior director y el nombramiento de Isabel Rodr\u00edguez Rodr\u00edguez como nueva directora. En su primera sesi\u00f3n, este \u00f3rgano tambi\u00e9n ha dado el visto bueno a la constituci\u00f3n de la comisi\u00f3n ejecutiva. Seg\u00fan ha informado el Ayuntamiento de Sevilla, Isabel<\/p>\n","protected":false},"author":1,"featured_media":42974,"comment_status":"open","ping_status":"closed","sticky":false,"template":"","format":"standard","meta":{"footnotes":""},"categories":[222],"tags":[],"class_list":{"0":"post-42973","1":"post","2":"type-post","3":"status-publish","4":"format-standard","5":"has-post-thumbnail","7":"category-actualidad-turismo"},"aioseo_notices":[],"aioseo_head":"\n\t\t<!-- All in One SEO Pro 4.9.6.1 - aioseo.com -->\n\t<meta name=\"description\" content=\"El Consejo de Gobierno del Patronato del Real Alc\u00e1zar aprob\u00f3 el pasado jueves el cese del anterior director y el nombramiento de Isabel Rodr\u00edguez Rodr\u00edguez como nueva directora. En su primera sesi\u00f3n, este \u00f3rgano tambi\u00e9n ha dado el visto bueno a la constituci\u00f3n de la comisi\u00f3n ejecutiva. Seg\u00fan ha informado el Ayuntamiento de Sevilla, Isabel\" \/>\n\t<meta name=\"robots\" content=\"max-image-preview:large\" \/>\n\t<meta name=\"author\" content=\"admin\"\/>\n\t<meta name=\"google-site-verification\" content=\"UA-38556648-1\" \/>\n\t<meta name=\"keywords\" content=\"actualidad turismo\" \/>\n\t<link rel=\"canonical\" href=\"https:\/\/eldigitaldeasturias.com\/magazine365\/el-patronato-del-real-alcazar-de-sevilla-aprueba-el-nombramiento-de-isabel-rodriguez-como-nueva-directora\/\" \/>\n\t<meta name=\"generator\" content=\"All in One SEO Pro (AIOSEO) 4.9.6.1\" \/>\n\t\t<meta property=\"og:locale\" content=\"es_ES\" \/>\n\t\t<meta property=\"og:site_name\" content=\"El Digital de Asturias \u2013 Revista de ocio, turismo y estilo de vida\" \/>\n\t\t<meta property=\"og:type\" content=\"article\" \/>\n\t\t<meta property=\"og:title\" content=\"El Patronato del Real Alc\u00e1zar de Sevilla aprueba el nombramiento de Isabel Rodr\u00edguez como nueva directora | El Digital de Asturias\" \/>\n\t\t<meta property=\"og:description\" content=\"El Consejo de Gobierno del Patronato del Real Alc\u00e1zar aprob\u00f3 el pasado jueves el cese del anterior director y el nombramiento de Isabel Rodr\u00edguez Rodr\u00edguez como nueva directora. En su primera sesi\u00f3n, este \u00f3rgano tambi\u00e9n ha dado el visto bueno a la constituci\u00f3n de la comisi\u00f3n ejecutiva. Seg\u00fan ha informado el Ayuntamiento de Sevilla, Isabel\" \/>\n\t\t<meta property=\"og:url\" content=\"https:\/\/eldigitaldeasturias.com\/magazine365\/el-patronato-del-real-alcazar-de-sevilla-aprueba-el-nombramiento-de-isabel-rodriguez-como-nueva-directora\/\" \/>\n\t\t<meta property=\"og:image\" content=\"https:\/\/eldigitaldeasturias.com\/magazine365\/wp-content\/uploads\/2015\/07\/fotonoticia_20150717110847_800.jpg\" \/>\n\t\t<meta property=\"og:image:secure_url\" content=\"https:\/\/eldigitaldeasturias.com\/magazine365\/wp-content\/uploads\/2015\/07\/fotonoticia_20150717110847_800.jpg\" \/>\n\t\t<meta property=\"og:image:width\" content=\"800\" \/>\n\t\t<meta property=\"og:image:height\" content=\"533\" \/>\n\t\t<meta property=\"article:published_time\" content=\"2015-07-18T02:38:57+00:00\" \/>\n\t\t<meta property=\"article:modified_time\" content=\"2015-07-18T02:38:57+00:00\" \/>\n\t\t<meta name=\"twitter:card\" content=\"summary_large_image\" \/>\n\t\t<meta name=\"twitter:title\" content=\"El Patronato del Real Alc\u00e1zar de Sevilla aprueba el nombramiento de Isabel Rodr\u00edguez como nueva directora | El Digital de Asturias\" \/>\n\t\t<meta name=\"twitter:description\" content=\"El Consejo de Gobierno del Patronato del Real Alc\u00e1zar aprob\u00f3 el pasado jueves el cese del anterior director y el nombramiento de Isabel Rodr\u00edguez Rodr\u00edguez como nueva directora. En su primera sesi\u00f3n, este \u00f3rgano tambi\u00e9n ha dado el visto bueno a la constituci\u00f3n de la comisi\u00f3n ejecutiva. Seg\u00fan ha informado el Ayuntamiento de Sevilla, Isabel\" \/>\n\t\t<meta name=\"twitter:image\" content=\"https:\/\/eldigitaldeasturias.com\/magazine365\/wp-content\/uploads\/2015\/07\/fotonoticia_20150717110847_800.jpg\" \/>\n\t\t<script type=\"application\/ld+json\" class=\"aioseo-schema\">\n\t\t\t{\"@context\":\"https:\\\/\\\/schema.org\",\"@graph\":[{\"@type\":\"Article\",\"@id\":\"https:\\\/\\\/eldigitaldeasturias.com\\\/magazine365\\\/el-patronato-del-real-alcazar-de-sevilla-aprueba-el-nombramiento-de-isabel-rodriguez-como-nueva-directora\\\/#article\",\"name\":\"El Patronato del Real Alc\\u00e1zar de Sevilla aprueba el nombramiento de Isabel Rodr\\u00edguez como nueva directora | El Digital de Asturias\",\"headline\":\"El Patronato del Real Alc\\u00e1zar de Sevilla aprueba el nombramiento de Isabel Rodr\\u00edguez como nueva directora\",\"author\":{\"@id\":\"https:\\\/\\\/eldigitaldeasturias.com\\\/magazine365\\\/author\\\/admin\\\/#author\"},\"publisher\":{\"@id\":\"https:\\\/\\\/eldigitaldeasturias.com\\\/magazine365\\\/#organization\"},\"image\":{\"@type\":\"ImageObject\",\"url\":\"https:\\\/\\\/eldigitaldeasturias.com\\\/magazine365\\\/wp-content\\\/uploads\\\/2015\\\/07\\\/fotonoticia_20150717110847_800.jpg\",\"width\":800,\"height\":533},\"datePublished\":\"2015-07-18T04:38:57+02:00\",\"dateModified\":\"2015-07-18T04:38:57+02:00\",\"inLanguage\":\"es-ES\",\"mainEntityOfPage\":{\"@id\":\"https:\\\/\\\/eldigitaldeasturias.com\\\/magazine365\\\/el-patronato-del-real-alcazar-de-sevilla-aprueba-el-nombramiento-de-isabel-rodriguez-como-nueva-directora\\\/#webpage\"},\"isPartOf\":{\"@id\":\"https:\\\/\\\/eldigitaldeasturias.com\\\/magazine365\\\/el-patronato-del-real-alcazar-de-sevilla-aprueba-el-nombramiento-de-isabel-rodriguez-como-nueva-directora\\\/#webpage\"},\"articleSection\":\"Actualidad Turismo\"},{\"@type\":\"BreadcrumbList\",\"@id\":\"https:\\\/\\\/eldigitaldeasturias.com\\\/magazine365\\\/el-patronato-del-real-alcazar-de-sevilla-aprueba-el-nombramiento-de-isabel-rodriguez-como-nueva-directora\\\/#breadcrumblist\",\"itemListElement\":[{\"@type\":\"ListItem\",\"@id\":\"https:\\\/\\\/eldigitaldeasturias.com\\\/magazine365#listItem\",\"position\":1,\"name\":\"Home\",\"item\":\"https:\\\/\\\/eldigitaldeasturias.com\\\/magazine365\",\"nextItem\":{\"@type\":\"ListItem\",\"@id\":\"https:\\\/\\\/eldigitaldeasturias.com\\\/magazine365\\\/category\\\/actualidad-turismo\\\/#listItem\",\"name\":\"Actualidad Turismo\"}},{\"@type\":\"ListItem\",\"@id\":\"https:\\\/\\\/eldigitaldeasturias.com\\\/magazine365\\\/category\\\/actualidad-turismo\\\/#listItem\",\"position\":2,\"name\":\"Actualidad Turismo\",\"item\":\"https:\\\/\\\/eldigitaldeasturias.com\\\/magazine365\\\/category\\\/actualidad-turismo\\\/\",\"nextItem\":{\"@type\":\"ListItem\",\"@id\":\"https:\\\/\\\/eldigitaldeasturias.com\\\/magazine365\\\/el-patronato-del-real-alcazar-de-sevilla-aprueba-el-nombramiento-de-isabel-rodriguez-como-nueva-directora\\\/#listItem\",\"name\":\"El Patronato del Real Alc\\u00e1zar de Sevilla aprueba el nombramiento de Isabel Rodr\\u00edguez como nueva directora\"},\"previousItem\":{\"@type\":\"ListItem\",\"@id\":\"https:\\\/\\\/eldigitaldeasturias.com\\\/magazine365#listItem\",\"name\":\"Home\"}},{\"@type\":\"ListItem\",\"@id\":\"https:\\\/\\\/eldigitaldeasturias.com\\\/magazine365\\\/el-patronato-del-real-alcazar-de-sevilla-aprueba-el-nombramiento-de-isabel-rodriguez-como-nueva-directora\\\/#listItem\",\"position\":3,\"name\":\"El Patronato del Real Alc\\u00e1zar de Sevilla aprueba el nombramiento de Isabel Rodr\\u00edguez como nueva directora\",\"previousItem\":{\"@type\":\"ListItem\",\"@id\":\"https:\\\/\\\/eldigitaldeasturias.com\\\/magazine365\\\/category\\\/actualidad-turismo\\\/#listItem\",\"name\":\"Actualidad Turismo\"}}]},{\"@type\":\"Organization\",\"@id\":\"https:\\\/\\\/eldigitaldeasturias.com\\\/magazine365\\\/#organization\",\"name\":\"El digital de Asturias\",\"description\":\"Revista de ocio, turismo y estilo de vida\",\"url\":\"https:\\\/\\\/eldigitaldeasturias.com\\\/magazine365\\\/\",\"logo\":{\"@type\":\"ImageObject\",\"url\":\"https:\\\/\\\/www.eldigitaldeasturias.com\\\/noticias\\\/wp-content\\\/uploads\\\/2020\\\/12\\\/EDA.jpg\",\"@id\":\"https:\\\/\\\/eldigitaldeasturias.com\\\/magazine365\\\/el-patronato-del-real-alcazar-de-sevilla-aprueba-el-nombramiento-de-isabel-rodriguez-como-nueva-directora\\\/#organizationLogo\"},\"image\":{\"@id\":\"https:\\\/\\\/eldigitaldeasturias.com\\\/magazine365\\\/el-patronato-del-real-alcazar-de-sevilla-aprueba-el-nombramiento-de-isabel-rodriguez-como-nueva-directora\\\/#organizationLogo\"}},{\"@type\":\"Person\",\"@id\":\"https:\\\/\\\/eldigitaldeasturias.com\\\/magazine365\\\/author\\\/admin\\\/#author\",\"url\":\"https:\\\/\\\/eldigitaldeasturias.com\\\/magazine365\\\/author\\\/admin\\\/\",\"name\":\"admin\",\"image\":{\"@type\":\"ImageObject\",\"@id\":\"https:\\\/\\\/eldigitaldeasturias.com\\\/magazine365\\\/el-patronato-del-real-alcazar-de-sevilla-aprueba-el-nombramiento-de-isabel-rodriguez-como-nueva-directora\\\/#authorImage\",\"url\":\"https:\\\/\\\/eldigitaldeasturias.com\\\/magazine365\\\/wp-content\\\/litespeed\\\/avatar\\\/e571bcf59a0edd6fa6838245a470f2fe.jpg?ver=1777574230\",\"width\":96,\"height\":96,\"caption\":\"admin\"}},{\"@type\":\"WebPage\",\"@id\":\"https:\\\/\\\/eldigitaldeasturias.com\\\/magazine365\\\/el-patronato-del-real-alcazar-de-sevilla-aprueba-el-nombramiento-de-isabel-rodriguez-como-nueva-directora\\\/#webpage\",\"url\":\"https:\\\/\\\/eldigitaldeasturias.com\\\/magazine365\\\/el-patronato-del-real-alcazar-de-sevilla-aprueba-el-nombramiento-de-isabel-rodriguez-como-nueva-directora\\\/\",\"name\":\"El Patronato del Real Alc\\u00e1zar de Sevilla aprueba el nombramiento de Isabel Rodr\\u00edguez como nueva directora | El Digital de Asturias\",\"description\":\"El Consejo de Gobierno del Patronato del Real Alc\\u00e1zar aprob\\u00f3 el pasado jueves el cese del anterior director y el nombramiento de Isabel Rodr\\u00edguez Rodr\\u00edguez como nueva directora. En su primera sesi\\u00f3n, este \\u00f3rgano tambi\\u00e9n ha dado el visto bueno a la constituci\\u00f3n de la comisi\\u00f3n ejecutiva. Seg\\u00fan ha informado el Ayuntamiento de Sevilla, Isabel\",\"inLanguage\":\"es-ES\",\"isPartOf\":{\"@id\":\"https:\\\/\\\/eldigitaldeasturias.com\\\/magazine365\\\/#website\"},\"breadcrumb\":{\"@id\":\"https:\\\/\\\/eldigitaldeasturias.com\\\/magazine365\\\/el-patronato-del-real-alcazar-de-sevilla-aprueba-el-nombramiento-de-isabel-rodriguez-como-nueva-directora\\\/#breadcrumblist\"},\"author\":{\"@id\":\"https:\\\/\\\/eldigitaldeasturias.com\\\/magazine365\\\/author\\\/admin\\\/#author\"},\"creator\":{\"@id\":\"https:\\\/\\\/eldigitaldeasturias.com\\\/magazine365\\\/author\\\/admin\\\/#author\"},\"image\":{\"@type\":\"ImageObject\",\"url\":\"https:\\\/\\\/eldigitaldeasturias.com\\\/magazine365\\\/wp-content\\\/uploads\\\/2015\\\/07\\\/fotonoticia_20150717110847_800.jpg\",\"@id\":\"https:\\\/\\\/eldigitaldeasturias.com\\\/magazine365\\\/el-patronato-del-real-alcazar-de-sevilla-aprueba-el-nombramiento-de-isabel-rodriguez-como-nueva-directora\\\/#mainImage\",\"width\":800,\"height\":533},\"primaryImageOfPage\":{\"@id\":\"https:\\\/\\\/eldigitaldeasturias.com\\\/magazine365\\\/el-patronato-del-real-alcazar-de-sevilla-aprueba-el-nombramiento-de-isabel-rodriguez-como-nueva-directora\\\/#mainImage\"},\"datePublished\":\"2015-07-18T04:38:57+02:00\",\"dateModified\":\"2015-07-18T04:38:57+02:00\"},{\"@type\":\"WebSite\",\"@id\":\"https:\\\/\\\/eldigitaldeasturias.com\\\/magazine365\\\/#website\",\"url\":\"https:\\\/\\\/eldigitaldeasturias.com\\\/magazine365\\\/\",\"name\":\"El Digital de Asturias\",\"description\":\"Revista de ocio, turismo y estilo de vida\",\"inLanguage\":\"es-ES\",\"publisher\":{\"@id\":\"https:\\\/\\\/eldigitaldeasturias.com\\\/magazine365\\\/#organization\"}}]}\n\t\t<\/script>\n\t\t<!-- All in One SEO Pro -->\r\n\t\t<title>El Patronato del Real Alc\u00e1zar de Sevilla aprueba el nombramiento de Isabel Rodr\u00edguez como nueva directora | El Digital de Asturias<\/title>\n\n","aioseo_head_json":{"title":"El Patronato del Real Alc\u00e1zar de Sevilla aprueba el nombramiento de Isabel Rodr\u00edguez como nueva directora | El Digital de Asturias","description":"El Consejo de Gobierno del Patronato del Real Alc\u00e1zar aprob\u00f3 el pasado jueves el cese del anterior director y el nombramiento de Isabel Rodr\u00edguez Rodr\u00edguez como nueva directora. En su primera sesi\u00f3n, este \u00f3rgano tambi\u00e9n ha dado el visto bueno a la constituci\u00f3n de la comisi\u00f3n ejecutiva. Seg\u00fan ha informado el Ayuntamiento de Sevilla, Isabel","canonical_url":"https:\/\/eldigitaldeasturias.com\/magazine365\/el-patronato-del-real-alcazar-de-sevilla-aprueba-el-nombramiento-de-isabel-rodriguez-como-nueva-directora\/","robots":"max-image-preview:large","keywords":"actualidad turismo","webmasterTools":{"google-site-verification":"UA-38556648-1","miscellaneous":""},"schema":{"@context":"https:\/\/schema.org","@graph":[{"@type":"Article","@id":"https:\/\/eldigitaldeasturias.com\/magazine365\/el-patronato-del-real-alcazar-de-sevilla-aprueba-el-nombramiento-de-isabel-rodriguez-como-nueva-directora\/#article","name":"El Patronato del Real Alc\u00e1zar de Sevilla aprueba el nombramiento de Isabel Rodr\u00edguez como nueva directora | El Digital de Asturias","headline":"El Patronato del Real Alc\u00e1zar de Sevilla aprueba el nombramiento de Isabel Rodr\u00edguez como nueva directora","author":{"@id":"https:\/\/eldigitaldeasturias.com\/magazine365\/author\/admin\/#author"},"publisher":{"@id":"https:\/\/eldigitaldeasturias.com\/magazine365\/#organization"},"image":{"@type":"ImageObject","url":"https:\/\/eldigitaldeasturias.com\/magazine365\/wp-content\/uploads\/2015\/07\/fotonoticia_20150717110847_800.jpg","width":800,"height":533},"datePublished":"2015-07-18T04:38:57+02:00","dateModified":"2015-07-18T04:38:57+02:00","inLanguage":"es-ES","mainEntityOfPage":{"@id":"https:\/\/eldigitaldeasturias.com\/magazine365\/el-patronato-del-real-alcazar-de-sevilla-aprueba-el-nombramiento-de-isabel-rodriguez-como-nueva-directora\/#webpage"},"isPartOf":{"@id":"https:\/\/eldigitaldeasturias.com\/magazine365\/el-patronato-del-real-alcazar-de-sevilla-aprueba-el-nombramiento-de-isabel-rodriguez-como-nueva-directora\/#webpage"},"articleSection":"Actualidad Turismo"},{"@type":"BreadcrumbList","@id":"https:\/\/eldigitaldeasturias.com\/magazine365\/el-patronato-del-real-alcazar-de-sevilla-aprueba-el-nombramiento-de-isabel-rodriguez-como-nueva-directora\/#breadcrumblist","itemListElement":[{"@type":"ListItem","@id":"https:\/\/eldigitaldeasturias.com\/magazine365#listItem","position":1,"name":"Home","item":"https:\/\/eldigitaldeasturias.com\/magazine365","nextItem":{"@type":"ListItem","@id":"https:\/\/eldigitaldeasturias.com\/magazine365\/category\/actualidad-turismo\/#listItem","name":"Actualidad Turismo"}},{"@type":"ListItem","@id":"https:\/\/eldigitaldeasturias.com\/magazine365\/category\/actualidad-turismo\/#listItem","position":2,"name":"Actualidad Turismo","item":"https:\/\/eldigitaldeasturias.com\/magazine365\/category\/actualidad-turismo\/","nextItem":{"@type":"ListItem","@id":"https:\/\/eldigitaldeasturias.com\/magazine365\/el-patronato-del-real-alcazar-de-sevilla-aprueba-el-nombramiento-de-isabel-rodriguez-como-nueva-directora\/#listItem","name":"El Patronato del Real Alc\u00e1zar de Sevilla aprueba el nombramiento de Isabel Rodr\u00edguez como nueva directora"},"previousItem":{"@type":"ListItem","@id":"https:\/\/eldigitaldeasturias.com\/magazine365#listItem","name":"Home"}},{"@type":"ListItem","@id":"https:\/\/eldigitaldeasturias.com\/magazine365\/el-patronato-del-real-alcazar-de-sevilla-aprueba-el-nombramiento-de-isabel-rodriguez-como-nueva-directora\/#listItem","position":3,"name":"El Patronato del Real Alc\u00e1zar de Sevilla aprueba el nombramiento de Isabel Rodr\u00edguez como nueva directora","previousItem":{"@type":"ListItem","@id":"https:\/\/eldigitaldeasturias.com\/magazine365\/category\/actualidad-turismo\/#listItem","name":"Actualidad Turismo"}}]},{"@type":"Organization","@id":"https:\/\/eldigitaldeasturias.com\/magazine365\/#organization","name":"El digital de Asturias","description":"Revista de ocio, turismo y estilo de vida","url":"https:\/\/eldigitaldeasturias.com\/magazine365\/","logo":{"@type":"ImageObject","url":"https:\/\/www.eldigitaldeasturias.com\/noticias\/wp-content\/uploads\/2020\/12\/EDA.jpg","@id":"https:\/\/eldigitaldeasturias.com\/magazine365\/el-patronato-del-real-alcazar-de-sevilla-aprueba-el-nombramiento-de-isabel-rodriguez-como-nueva-directora\/#organizationLogo"},"image":{"@id":"https:\/\/eldigitaldeasturias.com\/magazine365\/el-patronato-del-real-alcazar-de-sevilla-aprueba-el-nombramiento-de-isabel-rodriguez-como-nueva-directora\/#organizationLogo"}},{"@type":"Person","@id":"https:\/\/eldigitaldeasturias.com\/magazine365\/author\/admin\/#author","url":"https:\/\/eldigitaldeasturias.com\/magazine365\/author\/admin\/","name":"admin","image":{"@type":"ImageObject","@id":"https:\/\/eldigitaldeasturias.com\/magazine365\/el-patronato-del-real-alcazar-de-sevilla-aprueba-el-nombramiento-de-isabel-rodriguez-como-nueva-directora\/#authorImage","url":"https:\/\/eldigitaldeasturias.com\/magazine365\/wp-content\/litespeed\/avatar\/e571bcf59a0edd6fa6838245a470f2fe.jpg?ver=1777574230","width":96,"height":96,"caption":"admin"}},{"@type":"WebPage","@id":"https:\/\/eldigitaldeasturias.com\/magazine365\/el-patronato-del-real-alcazar-de-sevilla-aprueba-el-nombramiento-de-isabel-rodriguez-como-nueva-directora\/#webpage","url":"https:\/\/eldigitaldeasturias.com\/magazine365\/el-patronato-del-real-alcazar-de-sevilla-aprueba-el-nombramiento-de-isabel-rodriguez-como-nueva-directora\/","name":"El Patronato del Real Alc\u00e1zar de Sevilla aprueba el nombramiento de Isabel Rodr\u00edguez como nueva directora | El Digital de Asturias","description":"El Consejo de Gobierno del Patronato del Real Alc\u00e1zar aprob\u00f3 el pasado jueves el cese del anterior director y el nombramiento de Isabel Rodr\u00edguez Rodr\u00edguez como nueva directora. En su primera sesi\u00f3n, este \u00f3rgano tambi\u00e9n ha dado el visto bueno a la constituci\u00f3n de la comisi\u00f3n ejecutiva. Seg\u00fan ha informado el Ayuntamiento de Sevilla, Isabel","inLanguage":"es-ES","isPartOf":{"@id":"https:\/\/eldigitaldeasturias.com\/magazine365\/#website"},"breadcrumb":{"@id":"https:\/\/eldigitaldeasturias.com\/magazine365\/el-patronato-del-real-alcazar-de-sevilla-aprueba-el-nombramiento-de-isabel-rodriguez-como-nueva-directora\/#breadcrumblist"},"author":{"@id":"https:\/\/eldigitaldeasturias.com\/magazine365\/author\/admin\/#author"},"creator":{"@id":"https:\/\/eldigitaldeasturias.com\/magazine365\/author\/admin\/#author"},"image":{"@type":"ImageObject","url":"https:\/\/eldigitaldeasturias.com\/magazine365\/wp-content\/uploads\/2015\/07\/fotonoticia_20150717110847_800.jpg","@id":"https:\/\/eldigitaldeasturias.com\/magazine365\/el-patronato-del-real-alcazar-de-sevilla-aprueba-el-nombramiento-de-isabel-rodriguez-como-nueva-directora\/#mainImage","width":800,"height":533},"primaryImageOfPage":{"@id":"https:\/\/eldigitaldeasturias.com\/magazine365\/el-patronato-del-real-alcazar-de-sevilla-aprueba-el-nombramiento-de-isabel-rodriguez-como-nueva-directora\/#mainImage"},"datePublished":"2015-07-18T04:38:57+02:00","dateModified":"2015-07-18T04:38:57+02:00"},{"@type":"WebSite","@id":"https:\/\/eldigitaldeasturias.com\/magazine365\/#website","url":"https:\/\/eldigitaldeasturias.com\/magazine365\/","name":"El Digital de Asturias","description":"Revista de ocio, turismo y estilo de vida","inLanguage":"es-ES","publisher":{"@id":"https:\/\/eldigitaldeasturias.com\/magazine365\/#organization"}}]},"og:locale":"es_ES","og:site_name":"El Digital de Asturias \u2013 Revista de ocio, turismo y estilo de vida","og:type":"article","og:title":"El Patronato del Real Alc\u00e1zar de Sevilla aprueba el nombramiento de Isabel Rodr\u00edguez como nueva directora | El Digital de Asturias","og:description":"El Consejo de Gobierno del Patronato del Real Alc\u00e1zar aprob\u00f3 el pasado jueves el cese del anterior director y el nombramiento de Isabel Rodr\u00edguez Rodr\u00edguez como nueva directora. En su primera sesi\u00f3n, este \u00f3rgano tambi\u00e9n ha dado el visto bueno a la constituci\u00f3n de la comisi\u00f3n ejecutiva. Seg\u00fan ha informado el Ayuntamiento de Sevilla, Isabel","og:url":"https:\/\/eldigitaldeasturias.com\/magazine365\/el-patronato-del-real-alcazar-de-sevilla-aprueba-el-nombramiento-de-isabel-rodriguez-como-nueva-directora\/","og:image":"https:\/\/eldigitaldeasturias.com\/magazine365\/wp-content\/uploads\/2015\/07\/fotonoticia_20150717110847_800.jpg","og:image:secure_url":"https:\/\/eldigitaldeasturias.com\/magazine365\/wp-content\/uploads\/2015\/07\/fotonoticia_20150717110847_800.jpg","og:image:width":800,"og:image:height":533,"article:published_time":"2015-07-18T02:38:57+00:00","article:modified_time":"2015-07-18T02:38:57+00:00","twitter:card":"summary_large_image","twitter:title":"El Patronato del Real Alc\u00e1zar de Sevilla aprueba el nombramiento de Isabel Rodr\u00edguez como nueva directora | El Digital de Asturias","twitter:description":"El Consejo de Gobierno del Patronato del Real Alc\u00e1zar aprob\u00f3 el pasado jueves el cese del anterior director y el nombramiento de Isabel Rodr\u00edguez Rodr\u00edguez como nueva directora. En su primera sesi\u00f3n, este \u00f3rgano tambi\u00e9n ha dado el visto bueno a la constituci\u00f3n de la comisi\u00f3n ejecutiva. Seg\u00fan ha informado el Ayuntamiento de Sevilla, Isabel","twitter:image":"https:\/\/eldigitaldeasturias.com\/magazine365\/wp-content\/uploads\/2015\/07\/fotonoticia_20150717110847_800.jpg"},"aioseo_meta_data":{"post_id":"42973","title":null,"description":null,"keywords":null,"keyphrases":null,"primary_term":null,"canonical_url":null,"og_title":null,"og_description":null,"og_object_type":"default","og_image_type":"default","og_image_url":null,"og_image_width":null,"og_image_height":null,"og_image_custom_url":null,"og_image_custom_fields":null,"og_video":null,"og_custom_url":null,"og_article_section":null,"og_article_tags":null,"twitter_use_og":false,"twitter_card":"default","twitter_image_type":"default","twitter_image_url":null,"twitter_image_custom_url":null,"twitter_image_custom_fields":null,"twitter_title":null,"twitter_description":null,"schema":{"blockGraphs":[],"customGraphs":[],"default":{"data":{"Article":[],"Course":[],"Dataset":[],"FAQPage":[],"Movie":[],"Person":[],"Product":[],"ProductReview":[],"Car":[],"Recipe":[],"Service":[],"SoftwareApplication":[],"WebPage":[]},"graphName":"","isEnabled":true},"graphs":[],"defaultGraph":"","defaultPostTypeGraph":""},"schema_type":null,"schema_type_options":null,"pillar_content":false,"robots_default":true,"robots_noindex":false,"robots_noarchive":false,"robots_nosnippet":false,"robots_nofollow":false,"robots_noimageindex":false,"robots_noodp":false,"robots_notranslate":false,"robots_max_snippet":null,"robots_max_videopreview":null,"robots_max_imagepreview":"large","priority":null,"frequency":null,"location":null,"local_seo":null,"seo_analyzer_scan_date":"2025-09-19 18:53:01","breadcrumb_settings":null,"limit_modified_date":false,"open_ai":null,"ai":null,"created":"2021-03-09 01:53:41","updated":"2025-09-19 18:53:01"},"aioseo_breadcrumb":"<div class=\"aioseo-breadcrumbs\"><span class=\"aioseo-breadcrumb\">\n\t<a href=\"https:\/\/eldigitaldeasturias.com\/magazine365\" title=\"Home\">Home<\/a>\n<\/span><span class=\"aioseo-breadcrumb-separator\">\u2013<\/span><span class=\"aioseo-breadcrumb\">\n\t<a href=\"https:\/\/eldigitaldeasturias.com\/magazine365\/category\/actualidad-turismo\/\" title=\"Actualidad Turismo\">Actualidad Turismo<\/a>\n<\/span><span class=\"aioseo-breadcrumb-separator\">\u2013<\/span><span class=\"aioseo-breadcrumb\">\n\t<a href=\"https:\/\/eldigitaldeasturias.com\/magazine365\/el-patronato-del-real-alcazar-de-sevilla-aprueba-el-nombramiento-de-isabel-rodriguez-como-nueva-directora\/\" title=\"El Patronato del Real Alc\u00e1zar de Sevilla aprueba el nombramiento de Isabel Rodr\u00edguez como nueva directora\">El Patronato del Real Alc\u00e1zar de Sevilla aprueba el nombramiento de Isabel Rodr\u00edguez como nueva directora<\/a>\n<\/span><\/div>","aioseo_breadcrumb_json":[{"label":"Home","link":"https:\/\/eldigitaldeasturias.com\/magazine365"},{"label":"Actualidad Turismo","link":"https:\/\/eldigitaldeasturias.com\/magazine365\/category\/actualidad-turismo\/"},{"label":"El Patronato del Real Alc\u00e1zar de Sevilla aprueba el nombramiento de Isabel Rodr\u00edguez como nueva directora","link":"https:\/\/eldigitaldeasturias.com\/magazine365\/el-patronato-del-real-alcazar-de-sevilla-aprueba-el-nombramiento-de-isabel-rodriguez-como-nueva-directora\/"}],"_links":{"self":[{"href":"https:\/\/eldigitaldeasturias.com\/magazine365\/wp-json\/wp\/v2\/posts\/42973","targetHints":{"allow":["GET"]}}],"collection":[{"href":"https:\/\/eldigitaldeasturias.com\/magazine365\/wp-json\/wp\/v2\/posts"}],"about":[{"href":"https:\/\/eldigitaldeasturias.com\/magazine365\/wp-json\/wp\/v2\/types\/post"}],"author":[{"embeddable":true,"href":"https:\/\/eldigitaldeasturias.com\/magazine365\/wp-json\/wp\/v2\/users\/1"}],"replies":[{"embeddable":true,"href":"https:\/\/eldigitaldeasturias.com\/magazine365\/wp-json\/wp\/v2\/comments?post=42973"}],"version-history":[{"count":0,"href":"https:\/\/eldigitaldeasturias.com\/magazine365\/wp-json\/wp\/v2\/posts\/42973\/revisions"}],"wp:featuredmedia":[{"embeddable":true,"href":"https:\/\/eldigitaldeasturias.com\/magazine365\/wp-json\/wp\/v2\/media\/42974"}],"wp:attachment":[{"href":"https:\/\/eldigitaldeasturias.com\/magazine365\/wp-json\/wp\/v2\/media?parent=42973"}],"wp:term":[{"taxonomy":"category","embeddable":true,"href":"https:\/\/eldigitaldeasturias.com\/magazine365\/wp-json\/wp\/v2\/categories?post=42973"},{"taxonomy":"post_tag","embeddable":true,"href":"https:\/\/eldigitaldeasturias.com\/magazine365\/wp-json\/wp\/v2\/tags?post=42973"}],"curies":[{"name":"wp","href":"https:\/\/api.w.org\/{rel}","templated":true}]}}