{"id":42970,"date":"2015-07-18T02:59:02","date_gmt":"2015-07-18T00:59:02","guid":{"rendered":"http:\/\/eldigitaldeasturias.com\/magazine365\/?p=42970"},"modified":"2015-07-18T02:59:02","modified_gmt":"2015-07-18T00:59:02","slug":"tui-francia-refuerza-sus-vuelos-regulares-entre-paris-y-fuerteventura","status":"publish","type":"post","link":"https:\/\/eldigitaldeasturias.com\/magazine365\/tui-francia-refuerza-sus-vuelos-regulares-entre-paris-y-fuerteventura\/","title":{"rendered":"TUI Francia refuerza sus vuelos regulares entre Par\u00eds y Fuerteventura"},"content":{"rendered":"<p><img fetchpriority=\"high\" decoding=\"async\" class=\"alignleft size-medium wp-image-42971\" src=\"https:\/\/eldigitaldeasturias.com\/magazine365\/wp-content\/uploads\/2015\/07\/fotonoticia_20150717103822_800-360x203.jpg\" alt=\"fotonoticia_20150717103822_800\" width=\"360\" height=\"203\" srcset=\"https:\/\/eldigitaldeasturias.com\/magazine365\/wp-content\/uploads\/2015\/07\/fotonoticia_20150717103822_800-360x203.jpg 360w, https:\/\/eldigitaldeasturias.com\/magazine365\/wp-content\/uploads\/2015\/07\/fotonoticia_20150717103822_800-650x366.jpg 650w, https:\/\/eldigitaldeasturias.com\/magazine365\/wp-content\/uploads\/2015\/07\/fotonoticia_20150717103822_800-768x432.jpg 768w, https:\/\/eldigitaldeasturias.com\/magazine365\/wp-content\/uploads\/2015\/07\/fotonoticia_20150717103822_800-150x84.jpg 150w, https:\/\/eldigitaldeasturias.com\/magazine365\/wp-content\/uploads\/2015\/07\/fotonoticia_20150717103822_800-450x253.jpg 450w, https:\/\/eldigitaldeasturias.com\/magazine365\/wp-content\/uploads\/2015\/07\/fotonoticia_20150717103822_800-696x392.jpg 696w, https:\/\/eldigitaldeasturias.com\/magazine365\/wp-content\/uploads\/2015\/07\/fotonoticia_20150717103822_800-747x420.jpg 747w, https:\/\/eldigitaldeasturias.com\/magazine365\/wp-content\/uploads\/2015\/07\/fotonoticia_20150717103822_800-499x280.jpg 499w, https:\/\/eldigitaldeasturias.com\/magazine365\/wp-content\/uploads\/2015\/07\/fotonoticia_20150717103822_800.jpg 800w\" sizes=\"(max-width: 360px) 100vw, 360px\" \/>El Grupo TUI Francia, a trav\u00e9s de Viajes M\u00e1rmara, ha reforzado la programaci\u00f3n de vuelos regulares que unen la capital gala, Par\u00eds, con la isla de Fuerteventura, seg\u00fan informa el Cabildo majorero en un comunicado.<\/p>\n<p>As\u00ed, adem\u00e1s del vuelo de los domingos, van a operar todos los lunes con la compa\u00f1\u00eda Jetair Fly, con salida de la ciudad francesa a las 12:50 horas y llegada a la isla a las 15:50 horas. El precio del billete asciende a unos 199 euros ida y vuelta y ya se puede adquirir a trav\u00e9s de la web www.marmara.com.<\/p>\n<p>En este sentido, con este nuevo enlace regular a Par\u00eds, Fuerteventura ya tiene cuatro vuelos semanales a Par\u00eds, operados los mi\u00e9rcoles y s\u00e1bados por Vueling, y los domingos y lunes por Jetair Fly.<\/p>\n<p>El Patronato de Turismo ha realizado durante el primer semestre de este a\u00f1o, una promoci\u00f3n de la isla en Francia que se ha llevado a cabo en Par\u00eds, Lyon, y Nantes, mientras que con este nuevo enlace regular, Fuerteventura tiene ya cuatro vuelos semanales a Paris, operados los mi\u00e9rcoles y s\u00e1bados por Vueling, y los domingos y lunes por Jetair Fly.<\/p>\n","protected":false},"excerpt":{"rendered":"<p>El Grupo TUI Francia, a trav\u00e9s de Viajes M\u00e1rmara, ha reforzado la programaci\u00f3n de vuelos regulares que unen la capital gala, Par\u00eds, con la isla de Fuerteventura, seg\u00fan informa el Cabildo majorero en un comunicado. As\u00ed, adem\u00e1s del vuelo de los domingos, van a operar todos los lunes con la compa\u00f1\u00eda Jetair Fly, con salida<\/p>\n","protected":false},"author":1,"featured_media":42971,"comment_status":"open","ping_status":"closed","sticky":false,"template":"","format":"standard","meta":{"footnotes":""},"categories":[222],"tags":[],"class_list":{"0":"post-42970","1":"post","2":"type-post","3":"status-publish","4":"format-standard","5":"has-post-thumbnail","7":"category-actualidad-turismo"},"aioseo_notices":[],"aioseo_head":"\n\t\t<!-- All in One SEO Pro 4.9.6.1 - aioseo.com -->\n\t<meta name=\"description\" content=\"El Grupo TUI Francia, a trav\u00e9s de Viajes M\u00e1rmara, ha reforzado la programaci\u00f3n de vuelos regulares que unen la capital gala, Par\u00eds, con la isla de Fuerteventura, seg\u00fan informa el Cabildo majorero en un comunicado. As\u00ed, adem\u00e1s del vuelo de los domingos, van a operar todos los lunes con la compa\u00f1\u00eda Jetair Fly, con salida\" \/>\n\t<meta name=\"robots\" content=\"max-image-preview:large\" \/>\n\t<meta name=\"author\" content=\"admin\"\/>\n\t<meta name=\"google-site-verification\" content=\"UA-38556648-1\" \/>\n\t<meta name=\"keywords\" content=\"actualidad turismo\" \/>\n\t<link rel=\"canonical\" href=\"https:\/\/eldigitaldeasturias.com\/magazine365\/tui-francia-refuerza-sus-vuelos-regulares-entre-paris-y-fuerteventura\/\" \/>\n\t<meta name=\"generator\" content=\"All in One SEO Pro (AIOSEO) 4.9.6.1\" \/>\n\t\t<meta property=\"og:locale\" content=\"es_ES\" \/>\n\t\t<meta property=\"og:site_name\" content=\"El Digital de Asturias \u2013 Revista de ocio, turismo y estilo de vida\" \/>\n\t\t<meta property=\"og:type\" content=\"article\" \/>\n\t\t<meta property=\"og:title\" content=\"TUI Francia refuerza sus vuelos regulares entre Par\u00eds y Fuerteventura | El Digital de Asturias\" \/>\n\t\t<meta property=\"og:description\" content=\"El Grupo TUI Francia, a trav\u00e9s de Viajes M\u00e1rmara, ha reforzado la programaci\u00f3n de vuelos regulares que unen la capital gala, Par\u00eds, con la isla de Fuerteventura, seg\u00fan informa el Cabildo majorero en un comunicado. As\u00ed, adem\u00e1s del vuelo de los domingos, van a operar todos los lunes con la compa\u00f1\u00eda Jetair Fly, con salida\" \/>\n\t\t<meta property=\"og:url\" content=\"https:\/\/eldigitaldeasturias.com\/magazine365\/tui-francia-refuerza-sus-vuelos-regulares-entre-paris-y-fuerteventura\/\" \/>\n\t\t<meta property=\"og:image\" content=\"https:\/\/eldigitaldeasturias.com\/magazine365\/wp-content\/uploads\/2015\/07\/fotonoticia_20150717103822_800.jpg\" \/>\n\t\t<meta property=\"og:image:secure_url\" content=\"https:\/\/eldigitaldeasturias.com\/magazine365\/wp-content\/uploads\/2015\/07\/fotonoticia_20150717103822_800.jpg\" \/>\n\t\t<meta property=\"og:image:width\" content=\"800\" \/>\n\t\t<meta property=\"og:image:height\" content=\"450\" \/>\n\t\t<meta property=\"article:published_time\" content=\"2015-07-18T00:59:02+00:00\" \/>\n\t\t<meta property=\"article:modified_time\" content=\"2015-07-18T00:59:02+00:00\" \/>\n\t\t<meta name=\"twitter:card\" content=\"summary_large_image\" \/>\n\t\t<meta name=\"twitter:title\" content=\"TUI Francia refuerza sus vuelos regulares entre Par\u00eds y Fuerteventura | El Digital de Asturias\" \/>\n\t\t<meta name=\"twitter:description\" content=\"El Grupo TUI Francia, a trav\u00e9s de Viajes M\u00e1rmara, ha reforzado la programaci\u00f3n de vuelos regulares que unen la capital gala, Par\u00eds, con la isla de Fuerteventura, seg\u00fan informa el Cabildo majorero en un comunicado. As\u00ed, adem\u00e1s del vuelo de los domingos, van a operar todos los lunes con la compa\u00f1\u00eda Jetair Fly, con salida\" \/>\n\t\t<meta name=\"twitter:image\" content=\"https:\/\/eldigitaldeasturias.com\/magazine365\/wp-content\/uploads\/2015\/07\/fotonoticia_20150717103822_800.jpg\" \/>\n\t\t<script type=\"application\/ld+json\" class=\"aioseo-schema\">\n\t\t\t{\"@context\":\"https:\\\/\\\/schema.org\",\"@graph\":[{\"@type\":\"Article\",\"@id\":\"https:\\\/\\\/eldigitaldeasturias.com\\\/magazine365\\\/tui-francia-refuerza-sus-vuelos-regulares-entre-paris-y-fuerteventura\\\/#article\",\"name\":\"TUI Francia refuerza sus vuelos regulares entre Par\\u00eds y Fuerteventura | El Digital de Asturias\",\"headline\":\"TUI Francia refuerza sus vuelos regulares entre Par\\u00eds y Fuerteventura\",\"author\":{\"@id\":\"https:\\\/\\\/eldigitaldeasturias.com\\\/magazine365\\\/author\\\/admin\\\/#author\"},\"publisher\":{\"@id\":\"https:\\\/\\\/eldigitaldeasturias.com\\\/magazine365\\\/#organization\"},\"image\":{\"@type\":\"ImageObject\",\"url\":\"https:\\\/\\\/eldigitaldeasturias.com\\\/magazine365\\\/wp-content\\\/uploads\\\/2015\\\/07\\\/fotonoticia_20150717103822_800.jpg\",\"width\":800,\"height\":450},\"datePublished\":\"2015-07-18T02:59:02+02:00\",\"dateModified\":\"2015-07-18T02:59:02+02:00\",\"inLanguage\":\"es-ES\",\"mainEntityOfPage\":{\"@id\":\"https:\\\/\\\/eldigitaldeasturias.com\\\/magazine365\\\/tui-francia-refuerza-sus-vuelos-regulares-entre-paris-y-fuerteventura\\\/#webpage\"},\"isPartOf\":{\"@id\":\"https:\\\/\\\/eldigitaldeasturias.com\\\/magazine365\\\/tui-francia-refuerza-sus-vuelos-regulares-entre-paris-y-fuerteventura\\\/#webpage\"},\"articleSection\":\"Actualidad Turismo\"},{\"@type\":\"BreadcrumbList\",\"@id\":\"https:\\\/\\\/eldigitaldeasturias.com\\\/magazine365\\\/tui-francia-refuerza-sus-vuelos-regulares-entre-paris-y-fuerteventura\\\/#breadcrumblist\",\"itemListElement\":[{\"@type\":\"ListItem\",\"@id\":\"https:\\\/\\\/eldigitaldeasturias.com\\\/magazine365#listItem\",\"position\":1,\"name\":\"Home\",\"item\":\"https:\\\/\\\/eldigitaldeasturias.com\\\/magazine365\",\"nextItem\":{\"@type\":\"ListItem\",\"@id\":\"https:\\\/\\\/eldigitaldeasturias.com\\\/magazine365\\\/category\\\/actualidad-turismo\\\/#listItem\",\"name\":\"Actualidad Turismo\"}},{\"@type\":\"ListItem\",\"@id\":\"https:\\\/\\\/eldigitaldeasturias.com\\\/magazine365\\\/category\\\/actualidad-turismo\\\/#listItem\",\"position\":2,\"name\":\"Actualidad Turismo\",\"item\":\"https:\\\/\\\/eldigitaldeasturias.com\\\/magazine365\\\/category\\\/actualidad-turismo\\\/\",\"nextItem\":{\"@type\":\"ListItem\",\"@id\":\"https:\\\/\\\/eldigitaldeasturias.com\\\/magazine365\\\/tui-francia-refuerza-sus-vuelos-regulares-entre-paris-y-fuerteventura\\\/#listItem\",\"name\":\"TUI Francia refuerza sus vuelos regulares entre Par\\u00eds y Fuerteventura\"},\"previousItem\":{\"@type\":\"ListItem\",\"@id\":\"https:\\\/\\\/eldigitaldeasturias.com\\\/magazine365#listItem\",\"name\":\"Home\"}},{\"@type\":\"ListItem\",\"@id\":\"https:\\\/\\\/eldigitaldeasturias.com\\\/magazine365\\\/tui-francia-refuerza-sus-vuelos-regulares-entre-paris-y-fuerteventura\\\/#listItem\",\"position\":3,\"name\":\"TUI Francia refuerza sus vuelos regulares entre Par\\u00eds y Fuerteventura\",\"previousItem\":{\"@type\":\"ListItem\",\"@id\":\"https:\\\/\\\/eldigitaldeasturias.com\\\/magazine365\\\/category\\\/actualidad-turismo\\\/#listItem\",\"name\":\"Actualidad Turismo\"}}]},{\"@type\":\"Organization\",\"@id\":\"https:\\\/\\\/eldigitaldeasturias.com\\\/magazine365\\\/#organization\",\"name\":\"El digital de Asturias\",\"description\":\"Revista de ocio, turismo y estilo de vida\",\"url\":\"https:\\\/\\\/eldigitaldeasturias.com\\\/magazine365\\\/\",\"logo\":{\"@type\":\"ImageObject\",\"url\":\"https:\\\/\\\/www.eldigitaldeasturias.com\\\/noticias\\\/wp-content\\\/uploads\\\/2020\\\/12\\\/EDA.jpg\",\"@id\":\"https:\\\/\\\/eldigitaldeasturias.com\\\/magazine365\\\/tui-francia-refuerza-sus-vuelos-regulares-entre-paris-y-fuerteventura\\\/#organizationLogo\"},\"image\":{\"@id\":\"https:\\\/\\\/eldigitaldeasturias.com\\\/magazine365\\\/tui-francia-refuerza-sus-vuelos-regulares-entre-paris-y-fuerteventura\\\/#organizationLogo\"}},{\"@type\":\"Person\",\"@id\":\"https:\\\/\\\/eldigitaldeasturias.com\\\/magazine365\\\/author\\\/admin\\\/#author\",\"url\":\"https:\\\/\\\/eldigitaldeasturias.com\\\/magazine365\\\/author\\\/admin\\\/\",\"name\":\"admin\",\"image\":{\"@type\":\"ImageObject\",\"@id\":\"https:\\\/\\\/eldigitaldeasturias.com\\\/magazine365\\\/tui-francia-refuerza-sus-vuelos-regulares-entre-paris-y-fuerteventura\\\/#authorImage\",\"url\":\"https:\\\/\\\/eldigitaldeasturias.com\\\/magazine365\\\/wp-content\\\/litespeed\\\/avatar\\\/e571bcf59a0edd6fa6838245a470f2fe.jpg?ver=1777574230\",\"width\":96,\"height\":96,\"caption\":\"admin\"}},{\"@type\":\"WebPage\",\"@id\":\"https:\\\/\\\/eldigitaldeasturias.com\\\/magazine365\\\/tui-francia-refuerza-sus-vuelos-regulares-entre-paris-y-fuerteventura\\\/#webpage\",\"url\":\"https:\\\/\\\/eldigitaldeasturias.com\\\/magazine365\\\/tui-francia-refuerza-sus-vuelos-regulares-entre-paris-y-fuerteventura\\\/\",\"name\":\"TUI Francia refuerza sus vuelos regulares entre Par\\u00eds y Fuerteventura | El Digital de Asturias\",\"description\":\"El Grupo TUI Francia, a trav\\u00e9s de Viajes M\\u00e1rmara, ha reforzado la programaci\\u00f3n de vuelos regulares que unen la capital gala, Par\\u00eds, con la isla de Fuerteventura, seg\\u00fan informa el Cabildo majorero en un comunicado. As\\u00ed, adem\\u00e1s del vuelo de los domingos, van a operar todos los lunes con la compa\\u00f1\\u00eda Jetair Fly, con salida\",\"inLanguage\":\"es-ES\",\"isPartOf\":{\"@id\":\"https:\\\/\\\/eldigitaldeasturias.com\\\/magazine365\\\/#website\"},\"breadcrumb\":{\"@id\":\"https:\\\/\\\/eldigitaldeasturias.com\\\/magazine365\\\/tui-francia-refuerza-sus-vuelos-regulares-entre-paris-y-fuerteventura\\\/#breadcrumblist\"},\"author\":{\"@id\":\"https:\\\/\\\/eldigitaldeasturias.com\\\/magazine365\\\/author\\\/admin\\\/#author\"},\"creator\":{\"@id\":\"https:\\\/\\\/eldigitaldeasturias.com\\\/magazine365\\\/author\\\/admin\\\/#author\"},\"image\":{\"@type\":\"ImageObject\",\"url\":\"https:\\\/\\\/eldigitaldeasturias.com\\\/magazine365\\\/wp-content\\\/uploads\\\/2015\\\/07\\\/fotonoticia_20150717103822_800.jpg\",\"@id\":\"https:\\\/\\\/eldigitaldeasturias.com\\\/magazine365\\\/tui-francia-refuerza-sus-vuelos-regulares-entre-paris-y-fuerteventura\\\/#mainImage\",\"width\":800,\"height\":450},\"primaryImageOfPage\":{\"@id\":\"https:\\\/\\\/eldigitaldeasturias.com\\\/magazine365\\\/tui-francia-refuerza-sus-vuelos-regulares-entre-paris-y-fuerteventura\\\/#mainImage\"},\"datePublished\":\"2015-07-18T02:59:02+02:00\",\"dateModified\":\"2015-07-18T02:59:02+02:00\"},{\"@type\":\"WebSite\",\"@id\":\"https:\\\/\\\/eldigitaldeasturias.com\\\/magazine365\\\/#website\",\"url\":\"https:\\\/\\\/eldigitaldeasturias.com\\\/magazine365\\\/\",\"name\":\"El Digital de Asturias\",\"description\":\"Revista de ocio, turismo y estilo de vida\",\"inLanguage\":\"es-ES\",\"publisher\":{\"@id\":\"https:\\\/\\\/eldigitaldeasturias.com\\\/magazine365\\\/#organization\"}}]}\n\t\t<\/script>\n\t\t<!-- All in One SEO Pro -->\r\n\t\t<title>TUI Francia refuerza sus vuelos regulares entre Par\u00eds y Fuerteventura | El Digital de Asturias<\/title>\n\n","aioseo_head_json":{"title":"TUI Francia refuerza sus vuelos regulares entre Par\u00eds y Fuerteventura | El Digital de Asturias","description":"El Grupo TUI Francia, a trav\u00e9s de Viajes M\u00e1rmara, ha reforzado la programaci\u00f3n de vuelos regulares que unen la capital gala, Par\u00eds, con la isla de Fuerteventura, seg\u00fan informa el Cabildo majorero en un comunicado. As\u00ed, adem\u00e1s del vuelo de los domingos, van a operar todos los lunes con la compa\u00f1\u00eda Jetair Fly, con salida","canonical_url":"https:\/\/eldigitaldeasturias.com\/magazine365\/tui-francia-refuerza-sus-vuelos-regulares-entre-paris-y-fuerteventura\/","robots":"max-image-preview:large","keywords":"actualidad turismo","webmasterTools":{"google-site-verification":"UA-38556648-1","miscellaneous":""},"schema":{"@context":"https:\/\/schema.org","@graph":[{"@type":"Article","@id":"https:\/\/eldigitaldeasturias.com\/magazine365\/tui-francia-refuerza-sus-vuelos-regulares-entre-paris-y-fuerteventura\/#article","name":"TUI Francia refuerza sus vuelos regulares entre Par\u00eds y Fuerteventura | El Digital de Asturias","headline":"TUI Francia refuerza sus vuelos regulares entre Par\u00eds y Fuerteventura","author":{"@id":"https:\/\/eldigitaldeasturias.com\/magazine365\/author\/admin\/#author"},"publisher":{"@id":"https:\/\/eldigitaldeasturias.com\/magazine365\/#organization"},"image":{"@type":"ImageObject","url":"https:\/\/eldigitaldeasturias.com\/magazine365\/wp-content\/uploads\/2015\/07\/fotonoticia_20150717103822_800.jpg","width":800,"height":450},"datePublished":"2015-07-18T02:59:02+02:00","dateModified":"2015-07-18T02:59:02+02:00","inLanguage":"es-ES","mainEntityOfPage":{"@id":"https:\/\/eldigitaldeasturias.com\/magazine365\/tui-francia-refuerza-sus-vuelos-regulares-entre-paris-y-fuerteventura\/#webpage"},"isPartOf":{"@id":"https:\/\/eldigitaldeasturias.com\/magazine365\/tui-francia-refuerza-sus-vuelos-regulares-entre-paris-y-fuerteventura\/#webpage"},"articleSection":"Actualidad Turismo"},{"@type":"BreadcrumbList","@id":"https:\/\/eldigitaldeasturias.com\/magazine365\/tui-francia-refuerza-sus-vuelos-regulares-entre-paris-y-fuerteventura\/#breadcrumblist","itemListElement":[{"@type":"ListItem","@id":"https:\/\/eldigitaldeasturias.com\/magazine365#listItem","position":1,"name":"Home","item":"https:\/\/eldigitaldeasturias.com\/magazine365","nextItem":{"@type":"ListItem","@id":"https:\/\/eldigitaldeasturias.com\/magazine365\/category\/actualidad-turismo\/#listItem","name":"Actualidad Turismo"}},{"@type":"ListItem","@id":"https:\/\/eldigitaldeasturias.com\/magazine365\/category\/actualidad-turismo\/#listItem","position":2,"name":"Actualidad Turismo","item":"https:\/\/eldigitaldeasturias.com\/magazine365\/category\/actualidad-turismo\/","nextItem":{"@type":"ListItem","@id":"https:\/\/eldigitaldeasturias.com\/magazine365\/tui-francia-refuerza-sus-vuelos-regulares-entre-paris-y-fuerteventura\/#listItem","name":"TUI Francia refuerza sus vuelos regulares entre Par\u00eds y Fuerteventura"},"previousItem":{"@type":"ListItem","@id":"https:\/\/eldigitaldeasturias.com\/magazine365#listItem","name":"Home"}},{"@type":"ListItem","@id":"https:\/\/eldigitaldeasturias.com\/magazine365\/tui-francia-refuerza-sus-vuelos-regulares-entre-paris-y-fuerteventura\/#listItem","position":3,"name":"TUI Francia refuerza sus vuelos regulares entre Par\u00eds y Fuerteventura","previousItem":{"@type":"ListItem","@id":"https:\/\/eldigitaldeasturias.com\/magazine365\/category\/actualidad-turismo\/#listItem","name":"Actualidad Turismo"}}]},{"@type":"Organization","@id":"https:\/\/eldigitaldeasturias.com\/magazine365\/#organization","name":"El digital de Asturias","description":"Revista de ocio, turismo y estilo de vida","url":"https:\/\/eldigitaldeasturias.com\/magazine365\/","logo":{"@type":"ImageObject","url":"https:\/\/www.eldigitaldeasturias.com\/noticias\/wp-content\/uploads\/2020\/12\/EDA.jpg","@id":"https:\/\/eldigitaldeasturias.com\/magazine365\/tui-francia-refuerza-sus-vuelos-regulares-entre-paris-y-fuerteventura\/#organizationLogo"},"image":{"@id":"https:\/\/eldigitaldeasturias.com\/magazine365\/tui-francia-refuerza-sus-vuelos-regulares-entre-paris-y-fuerteventura\/#organizationLogo"}},{"@type":"Person","@id":"https:\/\/eldigitaldeasturias.com\/magazine365\/author\/admin\/#author","url":"https:\/\/eldigitaldeasturias.com\/magazine365\/author\/admin\/","name":"admin","image":{"@type":"ImageObject","@id":"https:\/\/eldigitaldeasturias.com\/magazine365\/tui-francia-refuerza-sus-vuelos-regulares-entre-paris-y-fuerteventura\/#authorImage","url":"https:\/\/eldigitaldeasturias.com\/magazine365\/wp-content\/litespeed\/avatar\/e571bcf59a0edd6fa6838245a470f2fe.jpg?ver=1777574230","width":96,"height":96,"caption":"admin"}},{"@type":"WebPage","@id":"https:\/\/eldigitaldeasturias.com\/magazine365\/tui-francia-refuerza-sus-vuelos-regulares-entre-paris-y-fuerteventura\/#webpage","url":"https:\/\/eldigitaldeasturias.com\/magazine365\/tui-francia-refuerza-sus-vuelos-regulares-entre-paris-y-fuerteventura\/","name":"TUI Francia refuerza sus vuelos regulares entre Par\u00eds y Fuerteventura | El Digital de Asturias","description":"El Grupo TUI Francia, a trav\u00e9s de Viajes M\u00e1rmara, ha reforzado la programaci\u00f3n de vuelos regulares que unen la capital gala, Par\u00eds, con la isla de Fuerteventura, seg\u00fan informa el Cabildo majorero en un comunicado. As\u00ed, adem\u00e1s del vuelo de los domingos, van a operar todos los lunes con la compa\u00f1\u00eda Jetair Fly, con salida","inLanguage":"es-ES","isPartOf":{"@id":"https:\/\/eldigitaldeasturias.com\/magazine365\/#website"},"breadcrumb":{"@id":"https:\/\/eldigitaldeasturias.com\/magazine365\/tui-francia-refuerza-sus-vuelos-regulares-entre-paris-y-fuerteventura\/#breadcrumblist"},"author":{"@id":"https:\/\/eldigitaldeasturias.com\/magazine365\/author\/admin\/#author"},"creator":{"@id":"https:\/\/eldigitaldeasturias.com\/magazine365\/author\/admin\/#author"},"image":{"@type":"ImageObject","url":"https:\/\/eldigitaldeasturias.com\/magazine365\/wp-content\/uploads\/2015\/07\/fotonoticia_20150717103822_800.jpg","@id":"https:\/\/eldigitaldeasturias.com\/magazine365\/tui-francia-refuerza-sus-vuelos-regulares-entre-paris-y-fuerteventura\/#mainImage","width":800,"height":450},"primaryImageOfPage":{"@id":"https:\/\/eldigitaldeasturias.com\/magazine365\/tui-francia-refuerza-sus-vuelos-regulares-entre-paris-y-fuerteventura\/#mainImage"},"datePublished":"2015-07-18T02:59:02+02:00","dateModified":"2015-07-18T02:59:02+02:00"},{"@type":"WebSite","@id":"https:\/\/eldigitaldeasturias.com\/magazine365\/#website","url":"https:\/\/eldigitaldeasturias.com\/magazine365\/","name":"El Digital de Asturias","description":"Revista de ocio, turismo y estilo de vida","inLanguage":"es-ES","publisher":{"@id":"https:\/\/eldigitaldeasturias.com\/magazine365\/#organization"}}]},"og:locale":"es_ES","og:site_name":"El Digital de Asturias \u2013 Revista de ocio, turismo y estilo de vida","og:type":"article","og:title":"TUI Francia refuerza sus vuelos regulares entre Par\u00eds y Fuerteventura | El Digital de Asturias","og:description":"El Grupo TUI Francia, a trav\u00e9s de Viajes M\u00e1rmara, ha reforzado la programaci\u00f3n de vuelos regulares que unen la capital gala, Par\u00eds, con la isla de Fuerteventura, seg\u00fan informa el Cabildo majorero en un comunicado. As\u00ed, adem\u00e1s del vuelo de los domingos, van a operar todos los lunes con la compa\u00f1\u00eda Jetair Fly, con salida","og:url":"https:\/\/eldigitaldeasturias.com\/magazine365\/tui-francia-refuerza-sus-vuelos-regulares-entre-paris-y-fuerteventura\/","og:image":"https:\/\/eldigitaldeasturias.com\/magazine365\/wp-content\/uploads\/2015\/07\/fotonoticia_20150717103822_800.jpg","og:image:secure_url":"https:\/\/eldigitaldeasturias.com\/magazine365\/wp-content\/uploads\/2015\/07\/fotonoticia_20150717103822_800.jpg","og:image:width":800,"og:image:height":450,"article:published_time":"2015-07-18T00:59:02+00:00","article:modified_time":"2015-07-18T00:59:02+00:00","twitter:card":"summary_large_image","twitter:title":"TUI Francia refuerza sus vuelos regulares entre Par\u00eds y Fuerteventura | El Digital de Asturias","twitter:description":"El Grupo TUI Francia, a trav\u00e9s de Viajes M\u00e1rmara, ha reforzado la programaci\u00f3n de vuelos regulares que unen la capital gala, Par\u00eds, con la isla de Fuerteventura, seg\u00fan informa el Cabildo majorero en un comunicado. As\u00ed, adem\u00e1s del vuelo de los domingos, van a operar todos los lunes con la compa\u00f1\u00eda Jetair Fly, con salida","twitter:image":"https:\/\/eldigitaldeasturias.com\/magazine365\/wp-content\/uploads\/2015\/07\/fotonoticia_20150717103822_800.jpg"},"aioseo_meta_data":{"post_id":"42970","title":null,"description":null,"keywords":null,"keyphrases":null,"primary_term":null,"canonical_url":null,"og_title":null,"og_description":null,"og_object_type":"default","og_image_type":"default","og_image_url":null,"og_image_width":null,"og_image_height":null,"og_image_custom_url":null,"og_image_custom_fields":null,"og_video":null,"og_custom_url":null,"og_article_section":null,"og_article_tags":null,"twitter_use_og":false,"twitter_card":"default","twitter_image_type":"default","twitter_image_url":null,"twitter_image_custom_url":null,"twitter_image_custom_fields":null,"twitter_title":null,"twitter_description":null,"schema":{"blockGraphs":[],"customGraphs":[],"default":{"data":{"Article":[],"Course":[],"Dataset":[],"FAQPage":[],"Movie":[],"Person":[],"Product":[],"ProductReview":[],"Car":[],"Recipe":[],"Service":[],"SoftwareApplication":[],"WebPage":[]},"graphName":"","isEnabled":true},"graphs":[],"defaultGraph":"","defaultPostTypeGraph":""},"schema_type":null,"schema_type_options":null,"pillar_content":false,"robots_default":true,"robots_noindex":false,"robots_noarchive":false,"robots_nosnippet":false,"robots_nofollow":false,"robots_noimageindex":false,"robots_noodp":false,"robots_notranslate":false,"robots_max_snippet":null,"robots_max_videopreview":null,"robots_max_imagepreview":"large","priority":null,"frequency":null,"location":null,"local_seo":null,"seo_analyzer_scan_date":"2025-09-19 18:51:19","breadcrumb_settings":null,"limit_modified_date":false,"open_ai":null,"ai":null,"created":"2021-03-09 01:53:41","updated":"2025-09-19 18:51:19"},"aioseo_breadcrumb":"<div class=\"aioseo-breadcrumbs\"><span class=\"aioseo-breadcrumb\">\n\t<a href=\"https:\/\/eldigitaldeasturias.com\/magazine365\" title=\"Home\">Home<\/a>\n<\/span><span class=\"aioseo-breadcrumb-separator\">\u2013<\/span><span class=\"aioseo-breadcrumb\">\n\t<a href=\"https:\/\/eldigitaldeasturias.com\/magazine365\/category\/actualidad-turismo\/\" title=\"Actualidad Turismo\">Actualidad Turismo<\/a>\n<\/span><span class=\"aioseo-breadcrumb-separator\">\u2013<\/span><span class=\"aioseo-breadcrumb\">\n\t<a href=\"https:\/\/eldigitaldeasturias.com\/magazine365\/tui-francia-refuerza-sus-vuelos-regulares-entre-paris-y-fuerteventura\/\" title=\"TUI Francia refuerza sus vuelos regulares entre Par\u00eds y Fuerteventura\">TUI Francia refuerza sus vuelos regulares entre Par\u00eds y Fuerteventura<\/a>\n<\/span><\/div>","aioseo_breadcrumb_json":[{"label":"Home","link":"https:\/\/eldigitaldeasturias.com\/magazine365"},{"label":"Actualidad Turismo","link":"https:\/\/eldigitaldeasturias.com\/magazine365\/category\/actualidad-turismo\/"},{"label":"TUI Francia refuerza sus vuelos regulares entre Par\u00eds y Fuerteventura","link":"https:\/\/eldigitaldeasturias.com\/magazine365\/tui-francia-refuerza-sus-vuelos-regulares-entre-paris-y-fuerteventura\/"}],"_links":{"self":[{"href":"https:\/\/eldigitaldeasturias.com\/magazine365\/wp-json\/wp\/v2\/posts\/42970","targetHints":{"allow":["GET"]}}],"collection":[{"href":"https:\/\/eldigitaldeasturias.com\/magazine365\/wp-json\/wp\/v2\/posts"}],"about":[{"href":"https:\/\/eldigitaldeasturias.com\/magazine365\/wp-json\/wp\/v2\/types\/post"}],"author":[{"embeddable":true,"href":"https:\/\/eldigitaldeasturias.com\/magazine365\/wp-json\/wp\/v2\/users\/1"}],"replies":[{"embeddable":true,"href":"https:\/\/eldigitaldeasturias.com\/magazine365\/wp-json\/wp\/v2\/comments?post=42970"}],"version-history":[{"count":0,"href":"https:\/\/eldigitaldeasturias.com\/magazine365\/wp-json\/wp\/v2\/posts\/42970\/revisions"}],"wp:featuredmedia":[{"embeddable":true,"href":"https:\/\/eldigitaldeasturias.com\/magazine365\/wp-json\/wp\/v2\/media\/42971"}],"wp:attachment":[{"href":"https:\/\/eldigitaldeasturias.com\/magazine365\/wp-json\/wp\/v2\/media?parent=42970"}],"wp:term":[{"taxonomy":"category","embeddable":true,"href":"https:\/\/eldigitaldeasturias.com\/magazine365\/wp-json\/wp\/v2\/categories?post=42970"},{"taxonomy":"post_tag","embeddable":true,"href":"https:\/\/eldigitaldeasturias.com\/magazine365\/wp-json\/wp\/v2\/tags?post=42970"}],"curies":[{"name":"wp","href":"https:\/\/api.w.org\/{rel}","templated":true}]}}