{"id":42967,"date":"2015-07-18T02:57:52","date_gmt":"2015-07-18T00:57:52","guid":{"rendered":"http:\/\/eldigitaldeasturias.com\/magazine365\/?p=42967"},"modified":"2015-07-18T02:57:52","modified_gmt":"2015-07-18T00:57:52","slug":"la-xunta-refuerza-la-atencion-a-los-visitantes-de-la-playa-de-as-catedrais-con-visitas-guiadas-gratuitas","status":"publish","type":"post","link":"https:\/\/eldigitaldeasturias.com\/magazine365\/la-xunta-refuerza-la-atencion-a-los-visitantes-de-la-playa-de-as-catedrais-con-visitas-guiadas-gratuitas\/","title":{"rendered":"La Xunta refuerza la atenci\u00f3n a los visitantes de la playa de As Catedrais con visitas guiadas gratuitas"},"content":{"rendered":"<p><img fetchpriority=\"high\" decoding=\"async\" class=\"alignleft size-medium wp-image-42968\" src=\"https:\/\/eldigitaldeasturias.com\/magazine365\/wp-content\/uploads\/2015\/07\/fotonoticia_20150717101614_800-360x192.jpg\" alt=\"fotonoticia_20150717101614_800\" width=\"360\" height=\"192\" srcset=\"https:\/\/eldigitaldeasturias.com\/magazine365\/wp-content\/uploads\/2015\/07\/fotonoticia_20150717101614_800-360x192.jpg 360w, https:\/\/eldigitaldeasturias.com\/magazine365\/wp-content\/uploads\/2015\/07\/fotonoticia_20150717101614_800-650x346.jpg 650w, https:\/\/eldigitaldeasturias.com\/magazine365\/wp-content\/uploads\/2015\/07\/fotonoticia_20150717101614_800-768x409.jpg 768w, https:\/\/eldigitaldeasturias.com\/magazine365\/wp-content\/uploads\/2015\/07\/fotonoticia_20150717101614_800-150x80.jpg 150w, https:\/\/eldigitaldeasturias.com\/magazine365\/wp-content\/uploads\/2015\/07\/fotonoticia_20150717101614_800-450x240.jpg 450w, https:\/\/eldigitaldeasturias.com\/magazine365\/wp-content\/uploads\/2015\/07\/fotonoticia_20150717101614_800-696x371.jpg 696w, https:\/\/eldigitaldeasturias.com\/magazine365\/wp-content\/uploads\/2015\/07\/fotonoticia_20150717101614_800-789x420.jpg 789w, https:\/\/eldigitaldeasturias.com\/magazine365\/wp-content\/uploads\/2015\/07\/fotonoticia_20150717101614_800-420x225.jpg 420w, https:\/\/eldigitaldeasturias.com\/magazine365\/wp-content\/uploads\/2015\/07\/fotonoticia_20150717101614_800.jpg 800w\" sizes=\"(max-width: 360px) 100vw, 360px\" \/>La Conseller\u00eda de Medio Ambiente, a trav\u00e9s de la Direcci\u00f3n Xeral da Natureza, ha reforzado la atenci\u00f3n a los visitantes con un servicio gratuito de visitas guiadas por la playa de As Catedrais.<\/p>\n<p>El servicio, efectuado por gu\u00edas oficiales y dirigido a particulares y grupos, se realiza en distintos horarios para que el visitante elija el que m\u00e1s le agrade.<\/p>\n<p>Los turistas que desean contar con este apoyo podr\u00e1n solicitarlo llamando al tel\u00e9fono 608.202.683 de 10:00 a 13:00 horas, de lunes a viernes. El n\u00famero m\u00e1ximo de personas por grupo es de 25.<\/p>\n<p>La Direcci\u00f3n Xeral de Conservaci\u00f3n da Natureza recuerda que esta solicitud de visita guiada no exime de la necesidad de hacer reserva a trav\u00e9s de la web (https:\/\/ascatedrais.xunta.es).<\/p>\n","protected":false},"excerpt":{"rendered":"<p>La Conseller\u00eda de Medio Ambiente, a trav\u00e9s de la Direcci\u00f3n Xeral da Natureza, ha reforzado la atenci\u00f3n a los visitantes con un servicio gratuito de visitas guiadas por la playa de As Catedrais. El servicio, efectuado por gu\u00edas oficiales y dirigido a particulares y grupos, se realiza en distintos horarios para que el visitante elija<\/p>\n","protected":false},"author":1,"featured_media":42968,"comment_status":"open","ping_status":"closed","sticky":false,"template":"","format":"standard","meta":{"footnotes":""},"categories":[222],"tags":[],"class_list":{"0":"post-42967","1":"post","2":"type-post","3":"status-publish","4":"format-standard","5":"has-post-thumbnail","7":"category-actualidad-turismo"},"aioseo_notices":[],"aioseo_head":"\n\t\t<!-- All in One SEO Pro 4.9.6.1 - aioseo.com -->\n\t<meta name=\"description\" content=\"La Conseller\u00eda de Medio Ambiente, a trav\u00e9s de la Direcci\u00f3n Xeral da Natureza, ha reforzado la atenci\u00f3n a los visitantes con un servicio gratuito de visitas guiadas por la playa de As Catedrais. El servicio, efectuado por gu\u00edas oficiales y dirigido a particulares y grupos, se realiza en distintos horarios para que el visitante elija\" \/>\n\t<meta name=\"robots\" content=\"max-image-preview:large\" \/>\n\t<meta name=\"author\" content=\"admin\"\/>\n\t<meta name=\"google-site-verification\" content=\"UA-38556648-1\" \/>\n\t<meta name=\"keywords\" content=\"actualidad turismo\" \/>\n\t<link rel=\"canonical\" href=\"https:\/\/eldigitaldeasturias.com\/magazine365\/la-xunta-refuerza-la-atencion-a-los-visitantes-de-la-playa-de-as-catedrais-con-visitas-guiadas-gratuitas\/\" \/>\n\t<meta name=\"generator\" content=\"All in One SEO Pro (AIOSEO) 4.9.6.1\" \/>\n\t\t<meta property=\"og:locale\" content=\"es_ES\" \/>\n\t\t<meta property=\"og:site_name\" content=\"El Digital de Asturias \u2013 Revista de ocio, turismo y estilo de vida\" \/>\n\t\t<meta property=\"og:type\" content=\"article\" \/>\n\t\t<meta property=\"og:title\" content=\"La Xunta refuerza la atenci\u00f3n a los visitantes de la playa de As Catedrais con visitas guiadas gratuitas | El Digital de Asturias\" \/>\n\t\t<meta property=\"og:description\" content=\"La Conseller\u00eda de Medio Ambiente, a trav\u00e9s de la Direcci\u00f3n Xeral da Natureza, ha reforzado la atenci\u00f3n a los visitantes con un servicio gratuito de visitas guiadas por la playa de As Catedrais. El servicio, efectuado por gu\u00edas oficiales y dirigido a particulares y grupos, se realiza en distintos horarios para que el visitante elija\" \/>\n\t\t<meta property=\"og:url\" content=\"https:\/\/eldigitaldeasturias.com\/magazine365\/la-xunta-refuerza-la-atencion-a-los-visitantes-de-la-playa-de-as-catedrais-con-visitas-guiadas-gratuitas\/\" \/>\n\t\t<meta property=\"og:image\" content=\"https:\/\/eldigitaldeasturias.com\/magazine365\/wp-content\/uploads\/2015\/07\/fotonoticia_20150717101614_800.jpg\" \/>\n\t\t<meta property=\"og:image:secure_url\" content=\"https:\/\/eldigitaldeasturias.com\/magazine365\/wp-content\/uploads\/2015\/07\/fotonoticia_20150717101614_800.jpg\" \/>\n\t\t<meta property=\"og:image:width\" content=\"800\" \/>\n\t\t<meta property=\"og:image:height\" content=\"426\" \/>\n\t\t<meta property=\"article:published_time\" content=\"2015-07-18T00:57:52+00:00\" \/>\n\t\t<meta property=\"article:modified_time\" content=\"2015-07-18T00:57:52+00:00\" \/>\n\t\t<meta name=\"twitter:card\" content=\"summary_large_image\" \/>\n\t\t<meta name=\"twitter:title\" content=\"La Xunta refuerza la atenci\u00f3n a los visitantes de la playa de As Catedrais con visitas guiadas gratuitas | El Digital de Asturias\" \/>\n\t\t<meta name=\"twitter:description\" content=\"La Conseller\u00eda de Medio Ambiente, a trav\u00e9s de la Direcci\u00f3n Xeral da Natureza, ha reforzado la atenci\u00f3n a los visitantes con un servicio gratuito de visitas guiadas por la playa de As Catedrais. El servicio, efectuado por gu\u00edas oficiales y dirigido a particulares y grupos, se realiza en distintos horarios para que el visitante elija\" \/>\n\t\t<meta name=\"twitter:image\" content=\"https:\/\/eldigitaldeasturias.com\/magazine365\/wp-content\/uploads\/2015\/07\/fotonoticia_20150717101614_800.jpg\" \/>\n\t\t<script type=\"application\/ld+json\" class=\"aioseo-schema\">\n\t\t\t{\"@context\":\"https:\\\/\\\/schema.org\",\"@graph\":[{\"@type\":\"Article\",\"@id\":\"https:\\\/\\\/eldigitaldeasturias.com\\\/magazine365\\\/la-xunta-refuerza-la-atencion-a-los-visitantes-de-la-playa-de-as-catedrais-con-visitas-guiadas-gratuitas\\\/#article\",\"name\":\"La Xunta refuerza la atenci\\u00f3n a los visitantes de la playa de As Catedrais con visitas guiadas gratuitas | El Digital de Asturias\",\"headline\":\"La Xunta refuerza la atenci\\u00f3n a los visitantes de la playa de As Catedrais con visitas guiadas gratuitas\",\"author\":{\"@id\":\"https:\\\/\\\/eldigitaldeasturias.com\\\/magazine365\\\/author\\\/admin\\\/#author\"},\"publisher\":{\"@id\":\"https:\\\/\\\/eldigitaldeasturias.com\\\/magazine365\\\/#organization\"},\"image\":{\"@type\":\"ImageObject\",\"url\":\"https:\\\/\\\/eldigitaldeasturias.com\\\/magazine365\\\/wp-content\\\/uploads\\\/2015\\\/07\\\/fotonoticia_20150717101614_800.jpg\",\"width\":800,\"height\":426},\"datePublished\":\"2015-07-18T02:57:52+02:00\",\"dateModified\":\"2015-07-18T02:57:52+02:00\",\"inLanguage\":\"es-ES\",\"mainEntityOfPage\":{\"@id\":\"https:\\\/\\\/eldigitaldeasturias.com\\\/magazine365\\\/la-xunta-refuerza-la-atencion-a-los-visitantes-de-la-playa-de-as-catedrais-con-visitas-guiadas-gratuitas\\\/#webpage\"},\"isPartOf\":{\"@id\":\"https:\\\/\\\/eldigitaldeasturias.com\\\/magazine365\\\/la-xunta-refuerza-la-atencion-a-los-visitantes-de-la-playa-de-as-catedrais-con-visitas-guiadas-gratuitas\\\/#webpage\"},\"articleSection\":\"Actualidad Turismo\"},{\"@type\":\"BreadcrumbList\",\"@id\":\"https:\\\/\\\/eldigitaldeasturias.com\\\/magazine365\\\/la-xunta-refuerza-la-atencion-a-los-visitantes-de-la-playa-de-as-catedrais-con-visitas-guiadas-gratuitas\\\/#breadcrumblist\",\"itemListElement\":[{\"@type\":\"ListItem\",\"@id\":\"https:\\\/\\\/eldigitaldeasturias.com\\\/magazine365#listItem\",\"position\":1,\"name\":\"Home\",\"item\":\"https:\\\/\\\/eldigitaldeasturias.com\\\/magazine365\",\"nextItem\":{\"@type\":\"ListItem\",\"@id\":\"https:\\\/\\\/eldigitaldeasturias.com\\\/magazine365\\\/category\\\/actualidad-turismo\\\/#listItem\",\"name\":\"Actualidad Turismo\"}},{\"@type\":\"ListItem\",\"@id\":\"https:\\\/\\\/eldigitaldeasturias.com\\\/magazine365\\\/category\\\/actualidad-turismo\\\/#listItem\",\"position\":2,\"name\":\"Actualidad Turismo\",\"item\":\"https:\\\/\\\/eldigitaldeasturias.com\\\/magazine365\\\/category\\\/actualidad-turismo\\\/\",\"nextItem\":{\"@type\":\"ListItem\",\"@id\":\"https:\\\/\\\/eldigitaldeasturias.com\\\/magazine365\\\/la-xunta-refuerza-la-atencion-a-los-visitantes-de-la-playa-de-as-catedrais-con-visitas-guiadas-gratuitas\\\/#listItem\",\"name\":\"La Xunta refuerza la atenci\\u00f3n a los visitantes de la playa de As Catedrais con visitas guiadas gratuitas\"},\"previousItem\":{\"@type\":\"ListItem\",\"@id\":\"https:\\\/\\\/eldigitaldeasturias.com\\\/magazine365#listItem\",\"name\":\"Home\"}},{\"@type\":\"ListItem\",\"@id\":\"https:\\\/\\\/eldigitaldeasturias.com\\\/magazine365\\\/la-xunta-refuerza-la-atencion-a-los-visitantes-de-la-playa-de-as-catedrais-con-visitas-guiadas-gratuitas\\\/#listItem\",\"position\":3,\"name\":\"La Xunta refuerza la atenci\\u00f3n a los visitantes de la playa de As Catedrais con visitas guiadas gratuitas\",\"previousItem\":{\"@type\":\"ListItem\",\"@id\":\"https:\\\/\\\/eldigitaldeasturias.com\\\/magazine365\\\/category\\\/actualidad-turismo\\\/#listItem\",\"name\":\"Actualidad Turismo\"}}]},{\"@type\":\"Organization\",\"@id\":\"https:\\\/\\\/eldigitaldeasturias.com\\\/magazine365\\\/#organization\",\"name\":\"El digital de Asturias\",\"description\":\"Revista de ocio, turismo y estilo de vida\",\"url\":\"https:\\\/\\\/eldigitaldeasturias.com\\\/magazine365\\\/\",\"logo\":{\"@type\":\"ImageObject\",\"url\":\"https:\\\/\\\/www.eldigitaldeasturias.com\\\/noticias\\\/wp-content\\\/uploads\\\/2020\\\/12\\\/EDA.jpg\",\"@id\":\"https:\\\/\\\/eldigitaldeasturias.com\\\/magazine365\\\/la-xunta-refuerza-la-atencion-a-los-visitantes-de-la-playa-de-as-catedrais-con-visitas-guiadas-gratuitas\\\/#organizationLogo\"},\"image\":{\"@id\":\"https:\\\/\\\/eldigitaldeasturias.com\\\/magazine365\\\/la-xunta-refuerza-la-atencion-a-los-visitantes-de-la-playa-de-as-catedrais-con-visitas-guiadas-gratuitas\\\/#organizationLogo\"}},{\"@type\":\"Person\",\"@id\":\"https:\\\/\\\/eldigitaldeasturias.com\\\/magazine365\\\/author\\\/admin\\\/#author\",\"url\":\"https:\\\/\\\/eldigitaldeasturias.com\\\/magazine365\\\/author\\\/admin\\\/\",\"name\":\"admin\",\"image\":{\"@type\":\"ImageObject\",\"@id\":\"https:\\\/\\\/eldigitaldeasturias.com\\\/magazine365\\\/la-xunta-refuerza-la-atencion-a-los-visitantes-de-la-playa-de-as-catedrais-con-visitas-guiadas-gratuitas\\\/#authorImage\",\"url\":\"https:\\\/\\\/eldigitaldeasturias.com\\\/magazine365\\\/wp-content\\\/litespeed\\\/avatar\\\/e571bcf59a0edd6fa6838245a470f2fe.jpg?ver=1777574230\",\"width\":96,\"height\":96,\"caption\":\"admin\"}},{\"@type\":\"WebPage\",\"@id\":\"https:\\\/\\\/eldigitaldeasturias.com\\\/magazine365\\\/la-xunta-refuerza-la-atencion-a-los-visitantes-de-la-playa-de-as-catedrais-con-visitas-guiadas-gratuitas\\\/#webpage\",\"url\":\"https:\\\/\\\/eldigitaldeasturias.com\\\/magazine365\\\/la-xunta-refuerza-la-atencion-a-los-visitantes-de-la-playa-de-as-catedrais-con-visitas-guiadas-gratuitas\\\/\",\"name\":\"La Xunta refuerza la atenci\\u00f3n a los visitantes de la playa de As Catedrais con visitas guiadas gratuitas | El Digital de Asturias\",\"description\":\"La Conseller\\u00eda de Medio Ambiente, a trav\\u00e9s de la Direcci\\u00f3n Xeral da Natureza, ha reforzado la atenci\\u00f3n a los visitantes con un servicio gratuito de visitas guiadas por la playa de As Catedrais. El servicio, efectuado por gu\\u00edas oficiales y dirigido a particulares y grupos, se realiza en distintos horarios para que el visitante elija\",\"inLanguage\":\"es-ES\",\"isPartOf\":{\"@id\":\"https:\\\/\\\/eldigitaldeasturias.com\\\/magazine365\\\/#website\"},\"breadcrumb\":{\"@id\":\"https:\\\/\\\/eldigitaldeasturias.com\\\/magazine365\\\/la-xunta-refuerza-la-atencion-a-los-visitantes-de-la-playa-de-as-catedrais-con-visitas-guiadas-gratuitas\\\/#breadcrumblist\"},\"author\":{\"@id\":\"https:\\\/\\\/eldigitaldeasturias.com\\\/magazine365\\\/author\\\/admin\\\/#author\"},\"creator\":{\"@id\":\"https:\\\/\\\/eldigitaldeasturias.com\\\/magazine365\\\/author\\\/admin\\\/#author\"},\"image\":{\"@type\":\"ImageObject\",\"url\":\"https:\\\/\\\/eldigitaldeasturias.com\\\/magazine365\\\/wp-content\\\/uploads\\\/2015\\\/07\\\/fotonoticia_20150717101614_800.jpg\",\"@id\":\"https:\\\/\\\/eldigitaldeasturias.com\\\/magazine365\\\/la-xunta-refuerza-la-atencion-a-los-visitantes-de-la-playa-de-as-catedrais-con-visitas-guiadas-gratuitas\\\/#mainImage\",\"width\":800,\"height\":426},\"primaryImageOfPage\":{\"@id\":\"https:\\\/\\\/eldigitaldeasturias.com\\\/magazine365\\\/la-xunta-refuerza-la-atencion-a-los-visitantes-de-la-playa-de-as-catedrais-con-visitas-guiadas-gratuitas\\\/#mainImage\"},\"datePublished\":\"2015-07-18T02:57:52+02:00\",\"dateModified\":\"2015-07-18T02:57:52+02:00\"},{\"@type\":\"WebSite\",\"@id\":\"https:\\\/\\\/eldigitaldeasturias.com\\\/magazine365\\\/#website\",\"url\":\"https:\\\/\\\/eldigitaldeasturias.com\\\/magazine365\\\/\",\"name\":\"El Digital de Asturias\",\"description\":\"Revista de ocio, turismo y estilo de vida\",\"inLanguage\":\"es-ES\",\"publisher\":{\"@id\":\"https:\\\/\\\/eldigitaldeasturias.com\\\/magazine365\\\/#organization\"}}]}\n\t\t<\/script>\n\t\t<!-- All in One SEO Pro -->\r\n\t\t<title>La Xunta refuerza la atenci\u00f3n a los visitantes de la playa de As Catedrais con visitas guiadas gratuitas | El Digital de Asturias<\/title>\n\n","aioseo_head_json":{"title":"La Xunta refuerza la atenci\u00f3n a los visitantes de la playa de As Catedrais con visitas guiadas gratuitas | El Digital de Asturias","description":"La Conseller\u00eda de Medio Ambiente, a trav\u00e9s de la Direcci\u00f3n Xeral da Natureza, ha reforzado la atenci\u00f3n a los visitantes con un servicio gratuito de visitas guiadas por la playa de As Catedrais. El servicio, efectuado por gu\u00edas oficiales y dirigido a particulares y grupos, se realiza en distintos horarios para que el visitante elija","canonical_url":"https:\/\/eldigitaldeasturias.com\/magazine365\/la-xunta-refuerza-la-atencion-a-los-visitantes-de-la-playa-de-as-catedrais-con-visitas-guiadas-gratuitas\/","robots":"max-image-preview:large","keywords":"actualidad turismo","webmasterTools":{"google-site-verification":"UA-38556648-1","miscellaneous":""},"schema":{"@context":"https:\/\/schema.org","@graph":[{"@type":"Article","@id":"https:\/\/eldigitaldeasturias.com\/magazine365\/la-xunta-refuerza-la-atencion-a-los-visitantes-de-la-playa-de-as-catedrais-con-visitas-guiadas-gratuitas\/#article","name":"La Xunta refuerza la atenci\u00f3n a los visitantes de la playa de As Catedrais con visitas guiadas gratuitas | El Digital de Asturias","headline":"La Xunta refuerza la atenci\u00f3n a los visitantes de la playa de As Catedrais con visitas guiadas gratuitas","author":{"@id":"https:\/\/eldigitaldeasturias.com\/magazine365\/author\/admin\/#author"},"publisher":{"@id":"https:\/\/eldigitaldeasturias.com\/magazine365\/#organization"},"image":{"@type":"ImageObject","url":"https:\/\/eldigitaldeasturias.com\/magazine365\/wp-content\/uploads\/2015\/07\/fotonoticia_20150717101614_800.jpg","width":800,"height":426},"datePublished":"2015-07-18T02:57:52+02:00","dateModified":"2015-07-18T02:57:52+02:00","inLanguage":"es-ES","mainEntityOfPage":{"@id":"https:\/\/eldigitaldeasturias.com\/magazine365\/la-xunta-refuerza-la-atencion-a-los-visitantes-de-la-playa-de-as-catedrais-con-visitas-guiadas-gratuitas\/#webpage"},"isPartOf":{"@id":"https:\/\/eldigitaldeasturias.com\/magazine365\/la-xunta-refuerza-la-atencion-a-los-visitantes-de-la-playa-de-as-catedrais-con-visitas-guiadas-gratuitas\/#webpage"},"articleSection":"Actualidad Turismo"},{"@type":"BreadcrumbList","@id":"https:\/\/eldigitaldeasturias.com\/magazine365\/la-xunta-refuerza-la-atencion-a-los-visitantes-de-la-playa-de-as-catedrais-con-visitas-guiadas-gratuitas\/#breadcrumblist","itemListElement":[{"@type":"ListItem","@id":"https:\/\/eldigitaldeasturias.com\/magazine365#listItem","position":1,"name":"Home","item":"https:\/\/eldigitaldeasturias.com\/magazine365","nextItem":{"@type":"ListItem","@id":"https:\/\/eldigitaldeasturias.com\/magazine365\/category\/actualidad-turismo\/#listItem","name":"Actualidad Turismo"}},{"@type":"ListItem","@id":"https:\/\/eldigitaldeasturias.com\/magazine365\/category\/actualidad-turismo\/#listItem","position":2,"name":"Actualidad Turismo","item":"https:\/\/eldigitaldeasturias.com\/magazine365\/category\/actualidad-turismo\/","nextItem":{"@type":"ListItem","@id":"https:\/\/eldigitaldeasturias.com\/magazine365\/la-xunta-refuerza-la-atencion-a-los-visitantes-de-la-playa-de-as-catedrais-con-visitas-guiadas-gratuitas\/#listItem","name":"La Xunta refuerza la atenci\u00f3n a los visitantes de la playa de As Catedrais con visitas guiadas gratuitas"},"previousItem":{"@type":"ListItem","@id":"https:\/\/eldigitaldeasturias.com\/magazine365#listItem","name":"Home"}},{"@type":"ListItem","@id":"https:\/\/eldigitaldeasturias.com\/magazine365\/la-xunta-refuerza-la-atencion-a-los-visitantes-de-la-playa-de-as-catedrais-con-visitas-guiadas-gratuitas\/#listItem","position":3,"name":"La Xunta refuerza la atenci\u00f3n a los visitantes de la playa de As Catedrais con visitas guiadas gratuitas","previousItem":{"@type":"ListItem","@id":"https:\/\/eldigitaldeasturias.com\/magazine365\/category\/actualidad-turismo\/#listItem","name":"Actualidad Turismo"}}]},{"@type":"Organization","@id":"https:\/\/eldigitaldeasturias.com\/magazine365\/#organization","name":"El digital de Asturias","description":"Revista de ocio, turismo y estilo de vida","url":"https:\/\/eldigitaldeasturias.com\/magazine365\/","logo":{"@type":"ImageObject","url":"https:\/\/www.eldigitaldeasturias.com\/noticias\/wp-content\/uploads\/2020\/12\/EDA.jpg","@id":"https:\/\/eldigitaldeasturias.com\/magazine365\/la-xunta-refuerza-la-atencion-a-los-visitantes-de-la-playa-de-as-catedrais-con-visitas-guiadas-gratuitas\/#organizationLogo"},"image":{"@id":"https:\/\/eldigitaldeasturias.com\/magazine365\/la-xunta-refuerza-la-atencion-a-los-visitantes-de-la-playa-de-as-catedrais-con-visitas-guiadas-gratuitas\/#organizationLogo"}},{"@type":"Person","@id":"https:\/\/eldigitaldeasturias.com\/magazine365\/author\/admin\/#author","url":"https:\/\/eldigitaldeasturias.com\/magazine365\/author\/admin\/","name":"admin","image":{"@type":"ImageObject","@id":"https:\/\/eldigitaldeasturias.com\/magazine365\/la-xunta-refuerza-la-atencion-a-los-visitantes-de-la-playa-de-as-catedrais-con-visitas-guiadas-gratuitas\/#authorImage","url":"https:\/\/eldigitaldeasturias.com\/magazine365\/wp-content\/litespeed\/avatar\/e571bcf59a0edd6fa6838245a470f2fe.jpg?ver=1777574230","width":96,"height":96,"caption":"admin"}},{"@type":"WebPage","@id":"https:\/\/eldigitaldeasturias.com\/magazine365\/la-xunta-refuerza-la-atencion-a-los-visitantes-de-la-playa-de-as-catedrais-con-visitas-guiadas-gratuitas\/#webpage","url":"https:\/\/eldigitaldeasturias.com\/magazine365\/la-xunta-refuerza-la-atencion-a-los-visitantes-de-la-playa-de-as-catedrais-con-visitas-guiadas-gratuitas\/","name":"La Xunta refuerza la atenci\u00f3n a los visitantes de la playa de As Catedrais con visitas guiadas gratuitas | El Digital de Asturias","description":"La Conseller\u00eda de Medio Ambiente, a trav\u00e9s de la Direcci\u00f3n Xeral da Natureza, ha reforzado la atenci\u00f3n a los visitantes con un servicio gratuito de visitas guiadas por la playa de As Catedrais. El servicio, efectuado por gu\u00edas oficiales y dirigido a particulares y grupos, se realiza en distintos horarios para que el visitante elija","inLanguage":"es-ES","isPartOf":{"@id":"https:\/\/eldigitaldeasturias.com\/magazine365\/#website"},"breadcrumb":{"@id":"https:\/\/eldigitaldeasturias.com\/magazine365\/la-xunta-refuerza-la-atencion-a-los-visitantes-de-la-playa-de-as-catedrais-con-visitas-guiadas-gratuitas\/#breadcrumblist"},"author":{"@id":"https:\/\/eldigitaldeasturias.com\/magazine365\/author\/admin\/#author"},"creator":{"@id":"https:\/\/eldigitaldeasturias.com\/magazine365\/author\/admin\/#author"},"image":{"@type":"ImageObject","url":"https:\/\/eldigitaldeasturias.com\/magazine365\/wp-content\/uploads\/2015\/07\/fotonoticia_20150717101614_800.jpg","@id":"https:\/\/eldigitaldeasturias.com\/magazine365\/la-xunta-refuerza-la-atencion-a-los-visitantes-de-la-playa-de-as-catedrais-con-visitas-guiadas-gratuitas\/#mainImage","width":800,"height":426},"primaryImageOfPage":{"@id":"https:\/\/eldigitaldeasturias.com\/magazine365\/la-xunta-refuerza-la-atencion-a-los-visitantes-de-la-playa-de-as-catedrais-con-visitas-guiadas-gratuitas\/#mainImage"},"datePublished":"2015-07-18T02:57:52+02:00","dateModified":"2015-07-18T02:57:52+02:00"},{"@type":"WebSite","@id":"https:\/\/eldigitaldeasturias.com\/magazine365\/#website","url":"https:\/\/eldigitaldeasturias.com\/magazine365\/","name":"El Digital de Asturias","description":"Revista de ocio, turismo y estilo de vida","inLanguage":"es-ES","publisher":{"@id":"https:\/\/eldigitaldeasturias.com\/magazine365\/#organization"}}]},"og:locale":"es_ES","og:site_name":"El Digital de Asturias \u2013 Revista de ocio, turismo y estilo de vida","og:type":"article","og:title":"La Xunta refuerza la atenci\u00f3n a los visitantes de la playa de As Catedrais con visitas guiadas gratuitas | El Digital de Asturias","og:description":"La Conseller\u00eda de Medio Ambiente, a trav\u00e9s de la Direcci\u00f3n Xeral da Natureza, ha reforzado la atenci\u00f3n a los visitantes con un servicio gratuito de visitas guiadas por la playa de As Catedrais. El servicio, efectuado por gu\u00edas oficiales y dirigido a particulares y grupos, se realiza en distintos horarios para que el visitante elija","og:url":"https:\/\/eldigitaldeasturias.com\/magazine365\/la-xunta-refuerza-la-atencion-a-los-visitantes-de-la-playa-de-as-catedrais-con-visitas-guiadas-gratuitas\/","og:image":"https:\/\/eldigitaldeasturias.com\/magazine365\/wp-content\/uploads\/2015\/07\/fotonoticia_20150717101614_800.jpg","og:image:secure_url":"https:\/\/eldigitaldeasturias.com\/magazine365\/wp-content\/uploads\/2015\/07\/fotonoticia_20150717101614_800.jpg","og:image:width":800,"og:image:height":426,"article:published_time":"2015-07-18T00:57:52+00:00","article:modified_time":"2015-07-18T00:57:52+00:00","twitter:card":"summary_large_image","twitter:title":"La Xunta refuerza la atenci\u00f3n a los visitantes de la playa de As Catedrais con visitas guiadas gratuitas | El Digital de Asturias","twitter:description":"La Conseller\u00eda de Medio Ambiente, a trav\u00e9s de la Direcci\u00f3n Xeral da Natureza, ha reforzado la atenci\u00f3n a los visitantes con un servicio gratuito de visitas guiadas por la playa de As Catedrais. El servicio, efectuado por gu\u00edas oficiales y dirigido a particulares y grupos, se realiza en distintos horarios para que el visitante elija","twitter:image":"https:\/\/eldigitaldeasturias.com\/magazine365\/wp-content\/uploads\/2015\/07\/fotonoticia_20150717101614_800.jpg"},"aioseo_meta_data":{"post_id":"42967","title":null,"description":null,"keywords":null,"keyphrases":null,"primary_term":null,"canonical_url":null,"og_title":null,"og_description":null,"og_object_type":"default","og_image_type":"default","og_image_url":null,"og_image_width":null,"og_image_height":null,"og_image_custom_url":null,"og_image_custom_fields":null,"og_video":null,"og_custom_url":null,"og_article_section":null,"og_article_tags":null,"twitter_use_og":false,"twitter_card":"default","twitter_image_type":"default","twitter_image_url":null,"twitter_image_custom_url":null,"twitter_image_custom_fields":null,"twitter_title":null,"twitter_description":null,"schema":{"blockGraphs":[],"customGraphs":[],"default":{"data":{"Article":[],"Course":[],"Dataset":[],"FAQPage":[],"Movie":[],"Person":[],"Product":[],"ProductReview":[],"Car":[],"Recipe":[],"Service":[],"SoftwareApplication":[],"WebPage":[]},"graphName":"","isEnabled":true},"graphs":[],"defaultGraph":"","defaultPostTypeGraph":""},"schema_type":null,"schema_type_options":null,"pillar_content":false,"robots_default":true,"robots_noindex":false,"robots_noarchive":false,"robots_nosnippet":false,"robots_nofollow":false,"robots_noimageindex":false,"robots_noodp":false,"robots_notranslate":false,"robots_max_snippet":null,"robots_max_videopreview":null,"robots_max_imagepreview":"large","priority":null,"frequency":null,"location":null,"local_seo":null,"seo_analyzer_scan_date":"2025-09-19 18:51:18","breadcrumb_settings":null,"limit_modified_date":false,"open_ai":null,"ai":null,"created":"2021-03-09 01:53:41","updated":"2025-09-19 18:51:18"},"aioseo_breadcrumb":"<div class=\"aioseo-breadcrumbs\"><span class=\"aioseo-breadcrumb\">\n\t<a href=\"https:\/\/eldigitaldeasturias.com\/magazine365\" title=\"Home\">Home<\/a>\n<\/span><span class=\"aioseo-breadcrumb-separator\">\u2013<\/span><span class=\"aioseo-breadcrumb\">\n\t<a href=\"https:\/\/eldigitaldeasturias.com\/magazine365\/category\/actualidad-turismo\/\" title=\"Actualidad Turismo\">Actualidad Turismo<\/a>\n<\/span><span class=\"aioseo-breadcrumb-separator\">\u2013<\/span><span class=\"aioseo-breadcrumb\">\n\t<a href=\"https:\/\/eldigitaldeasturias.com\/magazine365\/la-xunta-refuerza-la-atencion-a-los-visitantes-de-la-playa-de-as-catedrais-con-visitas-guiadas-gratuitas\/\" title=\"La Xunta refuerza la atenci\u00f3n a los visitantes de la playa de As Catedrais con visitas guiadas gratuitas\">La Xunta refuerza la atenci\u00f3n a los visitantes de la playa de As Catedrais con visitas guiadas gratuitas<\/a>\n<\/span><\/div>","aioseo_breadcrumb_json":[{"label":"Home","link":"https:\/\/eldigitaldeasturias.com\/magazine365"},{"label":"Actualidad Turismo","link":"https:\/\/eldigitaldeasturias.com\/magazine365\/category\/actualidad-turismo\/"},{"label":"La Xunta refuerza la atenci\u00f3n a los visitantes de la playa de As Catedrais con visitas guiadas gratuitas","link":"https:\/\/eldigitaldeasturias.com\/magazine365\/la-xunta-refuerza-la-atencion-a-los-visitantes-de-la-playa-de-as-catedrais-con-visitas-guiadas-gratuitas\/"}],"_links":{"self":[{"href":"https:\/\/eldigitaldeasturias.com\/magazine365\/wp-json\/wp\/v2\/posts\/42967","targetHints":{"allow":["GET"]}}],"collection":[{"href":"https:\/\/eldigitaldeasturias.com\/magazine365\/wp-json\/wp\/v2\/posts"}],"about":[{"href":"https:\/\/eldigitaldeasturias.com\/magazine365\/wp-json\/wp\/v2\/types\/post"}],"author":[{"embeddable":true,"href":"https:\/\/eldigitaldeasturias.com\/magazine365\/wp-json\/wp\/v2\/users\/1"}],"replies":[{"embeddable":true,"href":"https:\/\/eldigitaldeasturias.com\/magazine365\/wp-json\/wp\/v2\/comments?post=42967"}],"version-history":[{"count":0,"href":"https:\/\/eldigitaldeasturias.com\/magazine365\/wp-json\/wp\/v2\/posts\/42967\/revisions"}],"wp:featuredmedia":[{"embeddable":true,"href":"https:\/\/eldigitaldeasturias.com\/magazine365\/wp-json\/wp\/v2\/media\/42968"}],"wp:attachment":[{"href":"https:\/\/eldigitaldeasturias.com\/magazine365\/wp-json\/wp\/v2\/media?parent=42967"}],"wp:term":[{"taxonomy":"category","embeddable":true,"href":"https:\/\/eldigitaldeasturias.com\/magazine365\/wp-json\/wp\/v2\/categories?post=42967"},{"taxonomy":"post_tag","embeddable":true,"href":"https:\/\/eldigitaldeasturias.com\/magazine365\/wp-json\/wp\/v2\/tags?post=42967"}],"curies":[{"name":"wp","href":"https:\/\/api.w.org\/{rel}","templated":true}]}}