{"id":42961,"date":"2015-07-18T02:54:28","date_gmt":"2015-07-18T00:54:28","guid":{"rendered":"http:\/\/eldigitaldeasturias.com\/magazine365\/?p=42961"},"modified":"2015-07-18T02:54:28","modified_gmt":"2015-07-18T00:54:28","slug":"extendido-el-plazo-de-aceptacion-de-la-opa-de-aer-lingus-al-30-de-julio","status":"publish","type":"post","link":"https:\/\/eldigitaldeasturias.com\/magazine365\/extendido-el-plazo-de-aceptacion-de-la-opa-de-aer-lingus-al-30-de-julio\/","title":{"rendered":"Extendido el plazo de aceptaci\u00f3n de la OPA de Aer Lingus al 30 de julio"},"content":{"rendered":"<p><img fetchpriority=\"high\" decoding=\"async\" class=\"alignleft size-medium wp-image-42962\" src=\"https:\/\/eldigitaldeasturias.com\/magazine365\/wp-content\/uploads\/2015\/07\/fotonoticia_20150716185203_800-300x300.jpg\" alt=\"fotonoticia_20150716185203_800\" width=\"300\" height=\"300\" srcset=\"https:\/\/eldigitaldeasturias.com\/magazine365\/wp-content\/uploads\/2015\/07\/fotonoticia_20150716185203_800-300x300.jpg 300w, https:\/\/eldigitaldeasturias.com\/magazine365\/wp-content\/uploads\/2015\/07\/fotonoticia_20150716185203_800-640x640.jpg 640w, https:\/\/eldigitaldeasturias.com\/magazine365\/wp-content\/uploads\/2015\/07\/fotonoticia_20150716185203_800-768x768.jpg 768w, https:\/\/eldigitaldeasturias.com\/magazine365\/wp-content\/uploads\/2015\/07\/fotonoticia_20150716185203_800-150x150.jpg 150w, https:\/\/eldigitaldeasturias.com\/magazine365\/wp-content\/uploads\/2015\/07\/fotonoticia_20150716185203_800-450x450.jpg 450w, https:\/\/eldigitaldeasturias.com\/magazine365\/wp-content\/uploads\/2015\/07\/fotonoticia_20150716185203_800-696x696.jpg 696w, https:\/\/eldigitaldeasturias.com\/magazine365\/wp-content\/uploads\/2015\/07\/fotonoticia_20150716185203_800-420x420.jpg 420w, https:\/\/eldigitaldeasturias.com\/magazine365\/wp-content\/uploads\/2015\/07\/fotonoticia_20150716185203_800-50x50.jpg 50w, https:\/\/eldigitaldeasturias.com\/magazine365\/wp-content\/uploads\/2015\/07\/fotonoticia_20150716185203_800.jpg 800w\" sizes=\"(max-width: 300px) 100vw, 300px\" \/>International Consolidates Airlines Group (IAG), que ha lanzado una OPA sobre el 100% del capital de Aer Lingus por 1.400 millones de euros, ha extendido el plazo de aceptaci\u00f3n de la oferta &#8211;que venc\u00eda este jueves&#8211; al 30 de julio.<\/p>\n<p>La operaci\u00f3n contin\u00faa sujeta a las condiciones que a\u00fan no se han satisfecho del Ap\u00e9ndice I del Documento de Oferta, remitido a los accionistas de la compa\u00f1\u00eda a\u00e9rea irlandesa el pasado 19 de junio. El \u00e9xito de la operaci\u00f3n est\u00e1 supeditado a la suscripci\u00f3n del 90% de accionistas de Aer Lingus.<\/p>\n<p>El plazo inicial finalizaba este jueves, a las 17:00 hora local de Irlanda, pero se ve prorrogada al pr\u00f3ximo 30 de julio, hasta las 13:00 hora local.<\/p>\n<p>Los accionistas de Aer Lingus han aprobado hoy dos de los acuerdos necesarios para la compra de la compa\u00f1\u00eda, tal y como inform\u00f3 el grupo IAG este jueves. Durante esta jornada, se conoc\u00eda tambi\u00e9n que el Departamento de Justicia de Estados Unidos conclu\u00eda \u00absatisfactoriamente\u00bb el proceso de revisi\u00f3n de la oferta.<\/p>\n<p>IAG lanz\u00f3 en mayo una oferta mejorada sobre Aer Lingus de 2,55 euros por acci\u00f3n de la aerol\u00ednea del pa\u00eds vecino, con un dividendo en efectivo del 0,05 euros por t\u00edtulo. Antes, hubo dos intentos fallidos del &#8216;holding&#8217; que engloba a Iberia, British Airways (BA) y Vueling.<\/p>\n<p>La operaci\u00f3n cuenta con luz verde tanto del Gobierno irland\u00e9s, de la Comisi\u00f3n Europea &#8211;con dos condiciones fijadas referidas al transporte de pasajeros y a la liberaci\u00f3n de cinco pares de franjas horarias en el aeropuerto de Gatwick&#8211;, y de Ryanair, que pose\u00eda hasta el pasado d\u00eda 10 el 29,8% de capital de Aer Lingus.<\/p>\n<p>IAG prev\u00e9 un crecimiento neto del empleo en la aerol\u00ednea irlandesa de aproximadamente 150 empleados hasta el 31 de diciembre de 2016 y de hasta 635 nuevos puestos de trabajo para 2020.<\/p>\n","protected":false},"excerpt":{"rendered":"<p>International Consolidates Airlines Group (IAG), que ha lanzado una OPA sobre el 100% del capital de Aer Lingus por 1.400 millones de euros, ha extendido el plazo de aceptaci\u00f3n de la oferta &#8211;que venc\u00eda este jueves&#8211; al 30 de julio. La operaci\u00f3n contin\u00faa sujeta a las condiciones que a\u00fan no se han satisfecho del Ap\u00e9ndice<\/p>\n","protected":false},"author":1,"featured_media":42962,"comment_status":"open","ping_status":"closed","sticky":false,"template":"","format":"standard","meta":{"footnotes":""},"categories":[222],"tags":[],"class_list":{"0":"post-42961","1":"post","2":"type-post","3":"status-publish","4":"format-standard","5":"has-post-thumbnail","7":"category-actualidad-turismo"},"aioseo_notices":[],"aioseo_head":"\n\t\t<!-- All in One SEO Pro 4.9.6.1 - aioseo.com -->\n\t<meta name=\"description\" content=\"International Consolidates Airlines Group (IAG), que ha lanzado una OPA sobre el 100% del capital de Aer Lingus por 1.400 millones de euros, ha extendido el plazo de aceptaci\u00f3n de la oferta --que venc\u00eda este jueves-- al 30 de julio. La operaci\u00f3n contin\u00faa sujeta a las condiciones que a\u00fan no se han satisfecho del Ap\u00e9ndice\" \/>\n\t<meta name=\"robots\" content=\"max-image-preview:large\" \/>\n\t<meta name=\"author\" content=\"admin\"\/>\n\t<meta name=\"google-site-verification\" content=\"UA-38556648-1\" \/>\n\t<meta name=\"keywords\" content=\"actualidad turismo\" \/>\n\t<link rel=\"canonical\" href=\"https:\/\/eldigitaldeasturias.com\/magazine365\/extendido-el-plazo-de-aceptacion-de-la-opa-de-aer-lingus-al-30-de-julio\/\" \/>\n\t<meta name=\"generator\" content=\"All in One SEO Pro (AIOSEO) 4.9.6.1\" \/>\n\t\t<meta property=\"og:locale\" content=\"es_ES\" \/>\n\t\t<meta property=\"og:site_name\" content=\"El Digital de Asturias \u2013 Revista de ocio, turismo y estilo de vida\" \/>\n\t\t<meta property=\"og:type\" content=\"article\" \/>\n\t\t<meta property=\"og:title\" content=\"Extendido el plazo de aceptaci\u00f3n de la OPA de Aer Lingus al 30 de julio | El Digital de Asturias\" \/>\n\t\t<meta property=\"og:description\" content=\"International Consolidates Airlines Group (IAG), que ha lanzado una OPA sobre el 100% del capital de Aer Lingus por 1.400 millones de euros, ha extendido el plazo de aceptaci\u00f3n de la oferta --que venc\u00eda este jueves-- al 30 de julio. La operaci\u00f3n contin\u00faa sujeta a las condiciones que a\u00fan no se han satisfecho del Ap\u00e9ndice\" \/>\n\t\t<meta property=\"og:url\" content=\"https:\/\/eldigitaldeasturias.com\/magazine365\/extendido-el-plazo-de-aceptacion-de-la-opa-de-aer-lingus-al-30-de-julio\/\" \/>\n\t\t<meta property=\"og:image\" content=\"https:\/\/eldigitaldeasturias.com\/magazine365\/wp-content\/uploads\/2015\/07\/fotonoticia_20150716185203_800.jpg\" \/>\n\t\t<meta property=\"og:image:secure_url\" content=\"https:\/\/eldigitaldeasturias.com\/magazine365\/wp-content\/uploads\/2015\/07\/fotonoticia_20150716185203_800.jpg\" \/>\n\t\t<meta property=\"og:image:width\" content=\"800\" \/>\n\t\t<meta property=\"og:image:height\" content=\"800\" \/>\n\t\t<meta property=\"article:published_time\" content=\"2015-07-18T00:54:28+00:00\" \/>\n\t\t<meta property=\"article:modified_time\" content=\"2015-07-18T00:54:28+00:00\" \/>\n\t\t<meta name=\"twitter:card\" content=\"summary_large_image\" \/>\n\t\t<meta name=\"twitter:title\" content=\"Extendido el plazo de aceptaci\u00f3n de la OPA de Aer Lingus al 30 de julio | El Digital de Asturias\" \/>\n\t\t<meta name=\"twitter:description\" content=\"International Consolidates Airlines Group (IAG), que ha lanzado una OPA sobre el 100% del capital de Aer Lingus por 1.400 millones de euros, ha extendido el plazo de aceptaci\u00f3n de la oferta --que venc\u00eda este jueves-- al 30 de julio. La operaci\u00f3n contin\u00faa sujeta a las condiciones que a\u00fan no se han satisfecho del Ap\u00e9ndice\" \/>\n\t\t<meta name=\"twitter:image\" content=\"https:\/\/eldigitaldeasturias.com\/magazine365\/wp-content\/uploads\/2015\/07\/fotonoticia_20150716185203_800.jpg\" \/>\n\t\t<script type=\"application\/ld+json\" class=\"aioseo-schema\">\n\t\t\t{\"@context\":\"https:\\\/\\\/schema.org\",\"@graph\":[{\"@type\":\"Article\",\"@id\":\"https:\\\/\\\/eldigitaldeasturias.com\\\/magazine365\\\/extendido-el-plazo-de-aceptacion-de-la-opa-de-aer-lingus-al-30-de-julio\\\/#article\",\"name\":\"Extendido el plazo de aceptaci\\u00f3n de la OPA de Aer Lingus al 30 de julio | El Digital de Asturias\",\"headline\":\"Extendido el plazo de aceptaci\\u00f3n de la OPA de Aer Lingus al 30 de julio\",\"author\":{\"@id\":\"https:\\\/\\\/eldigitaldeasturias.com\\\/magazine365\\\/author\\\/admin\\\/#author\"},\"publisher\":{\"@id\":\"https:\\\/\\\/eldigitaldeasturias.com\\\/magazine365\\\/#organization\"},\"image\":{\"@type\":\"ImageObject\",\"url\":\"https:\\\/\\\/eldigitaldeasturias.com\\\/magazine365\\\/wp-content\\\/uploads\\\/2015\\\/07\\\/fotonoticia_20150716185203_800.jpg\",\"width\":800,\"height\":800},\"datePublished\":\"2015-07-18T02:54:28+02:00\",\"dateModified\":\"2015-07-18T02:54:28+02:00\",\"inLanguage\":\"es-ES\",\"mainEntityOfPage\":{\"@id\":\"https:\\\/\\\/eldigitaldeasturias.com\\\/magazine365\\\/extendido-el-plazo-de-aceptacion-de-la-opa-de-aer-lingus-al-30-de-julio\\\/#webpage\"},\"isPartOf\":{\"@id\":\"https:\\\/\\\/eldigitaldeasturias.com\\\/magazine365\\\/extendido-el-plazo-de-aceptacion-de-la-opa-de-aer-lingus-al-30-de-julio\\\/#webpage\"},\"articleSection\":\"Actualidad Turismo\"},{\"@type\":\"BreadcrumbList\",\"@id\":\"https:\\\/\\\/eldigitaldeasturias.com\\\/magazine365\\\/extendido-el-plazo-de-aceptacion-de-la-opa-de-aer-lingus-al-30-de-julio\\\/#breadcrumblist\",\"itemListElement\":[{\"@type\":\"ListItem\",\"@id\":\"https:\\\/\\\/eldigitaldeasturias.com\\\/magazine365#listItem\",\"position\":1,\"name\":\"Home\",\"item\":\"https:\\\/\\\/eldigitaldeasturias.com\\\/magazine365\",\"nextItem\":{\"@type\":\"ListItem\",\"@id\":\"https:\\\/\\\/eldigitaldeasturias.com\\\/magazine365\\\/category\\\/actualidad-turismo\\\/#listItem\",\"name\":\"Actualidad Turismo\"}},{\"@type\":\"ListItem\",\"@id\":\"https:\\\/\\\/eldigitaldeasturias.com\\\/magazine365\\\/category\\\/actualidad-turismo\\\/#listItem\",\"position\":2,\"name\":\"Actualidad Turismo\",\"item\":\"https:\\\/\\\/eldigitaldeasturias.com\\\/magazine365\\\/category\\\/actualidad-turismo\\\/\",\"nextItem\":{\"@type\":\"ListItem\",\"@id\":\"https:\\\/\\\/eldigitaldeasturias.com\\\/magazine365\\\/extendido-el-plazo-de-aceptacion-de-la-opa-de-aer-lingus-al-30-de-julio\\\/#listItem\",\"name\":\"Extendido el plazo de aceptaci\\u00f3n de la OPA de Aer Lingus al 30 de julio\"},\"previousItem\":{\"@type\":\"ListItem\",\"@id\":\"https:\\\/\\\/eldigitaldeasturias.com\\\/magazine365#listItem\",\"name\":\"Home\"}},{\"@type\":\"ListItem\",\"@id\":\"https:\\\/\\\/eldigitaldeasturias.com\\\/magazine365\\\/extendido-el-plazo-de-aceptacion-de-la-opa-de-aer-lingus-al-30-de-julio\\\/#listItem\",\"position\":3,\"name\":\"Extendido el plazo de aceptaci\\u00f3n de la OPA de Aer Lingus al 30 de julio\",\"previousItem\":{\"@type\":\"ListItem\",\"@id\":\"https:\\\/\\\/eldigitaldeasturias.com\\\/magazine365\\\/category\\\/actualidad-turismo\\\/#listItem\",\"name\":\"Actualidad Turismo\"}}]},{\"@type\":\"Organization\",\"@id\":\"https:\\\/\\\/eldigitaldeasturias.com\\\/magazine365\\\/#organization\",\"name\":\"El digital de Asturias\",\"description\":\"Revista de ocio, turismo y estilo de vida\",\"url\":\"https:\\\/\\\/eldigitaldeasturias.com\\\/magazine365\\\/\",\"logo\":{\"@type\":\"ImageObject\",\"url\":\"https:\\\/\\\/www.eldigitaldeasturias.com\\\/noticias\\\/wp-content\\\/uploads\\\/2020\\\/12\\\/EDA.jpg\",\"@id\":\"https:\\\/\\\/eldigitaldeasturias.com\\\/magazine365\\\/extendido-el-plazo-de-aceptacion-de-la-opa-de-aer-lingus-al-30-de-julio\\\/#organizationLogo\"},\"image\":{\"@id\":\"https:\\\/\\\/eldigitaldeasturias.com\\\/magazine365\\\/extendido-el-plazo-de-aceptacion-de-la-opa-de-aer-lingus-al-30-de-julio\\\/#organizationLogo\"}},{\"@type\":\"Person\",\"@id\":\"https:\\\/\\\/eldigitaldeasturias.com\\\/magazine365\\\/author\\\/admin\\\/#author\",\"url\":\"https:\\\/\\\/eldigitaldeasturias.com\\\/magazine365\\\/author\\\/admin\\\/\",\"name\":\"admin\",\"image\":{\"@type\":\"ImageObject\",\"@id\":\"https:\\\/\\\/eldigitaldeasturias.com\\\/magazine365\\\/extendido-el-plazo-de-aceptacion-de-la-opa-de-aer-lingus-al-30-de-julio\\\/#authorImage\",\"url\":\"https:\\\/\\\/eldigitaldeasturias.com\\\/magazine365\\\/wp-content\\\/litespeed\\\/avatar\\\/e571bcf59a0edd6fa6838245a470f2fe.jpg?ver=1777574230\",\"width\":96,\"height\":96,\"caption\":\"admin\"}},{\"@type\":\"WebPage\",\"@id\":\"https:\\\/\\\/eldigitaldeasturias.com\\\/magazine365\\\/extendido-el-plazo-de-aceptacion-de-la-opa-de-aer-lingus-al-30-de-julio\\\/#webpage\",\"url\":\"https:\\\/\\\/eldigitaldeasturias.com\\\/magazine365\\\/extendido-el-plazo-de-aceptacion-de-la-opa-de-aer-lingus-al-30-de-julio\\\/\",\"name\":\"Extendido el plazo de aceptaci\\u00f3n de la OPA de Aer Lingus al 30 de julio | El Digital de Asturias\",\"description\":\"International Consolidates Airlines Group (IAG), que ha lanzado una OPA sobre el 100% del capital de Aer Lingus por 1.400 millones de euros, ha extendido el plazo de aceptaci\\u00f3n de la oferta --que venc\\u00eda este jueves-- al 30 de julio. La operaci\\u00f3n contin\\u00faa sujeta a las condiciones que a\\u00fan no se han satisfecho del Ap\\u00e9ndice\",\"inLanguage\":\"es-ES\",\"isPartOf\":{\"@id\":\"https:\\\/\\\/eldigitaldeasturias.com\\\/magazine365\\\/#website\"},\"breadcrumb\":{\"@id\":\"https:\\\/\\\/eldigitaldeasturias.com\\\/magazine365\\\/extendido-el-plazo-de-aceptacion-de-la-opa-de-aer-lingus-al-30-de-julio\\\/#breadcrumblist\"},\"author\":{\"@id\":\"https:\\\/\\\/eldigitaldeasturias.com\\\/magazine365\\\/author\\\/admin\\\/#author\"},\"creator\":{\"@id\":\"https:\\\/\\\/eldigitaldeasturias.com\\\/magazine365\\\/author\\\/admin\\\/#author\"},\"image\":{\"@type\":\"ImageObject\",\"url\":\"https:\\\/\\\/eldigitaldeasturias.com\\\/magazine365\\\/wp-content\\\/uploads\\\/2015\\\/07\\\/fotonoticia_20150716185203_800.jpg\",\"@id\":\"https:\\\/\\\/eldigitaldeasturias.com\\\/magazine365\\\/extendido-el-plazo-de-aceptacion-de-la-opa-de-aer-lingus-al-30-de-julio\\\/#mainImage\",\"width\":800,\"height\":800},\"primaryImageOfPage\":{\"@id\":\"https:\\\/\\\/eldigitaldeasturias.com\\\/magazine365\\\/extendido-el-plazo-de-aceptacion-de-la-opa-de-aer-lingus-al-30-de-julio\\\/#mainImage\"},\"datePublished\":\"2015-07-18T02:54:28+02:00\",\"dateModified\":\"2015-07-18T02:54:28+02:00\"},{\"@type\":\"WebSite\",\"@id\":\"https:\\\/\\\/eldigitaldeasturias.com\\\/magazine365\\\/#website\",\"url\":\"https:\\\/\\\/eldigitaldeasturias.com\\\/magazine365\\\/\",\"name\":\"El Digital de Asturias\",\"description\":\"Revista de ocio, turismo y estilo de vida\",\"inLanguage\":\"es-ES\",\"publisher\":{\"@id\":\"https:\\\/\\\/eldigitaldeasturias.com\\\/magazine365\\\/#organization\"}}]}\n\t\t<\/script>\n\t\t<!-- All in One SEO Pro -->\r\n\t\t<title>Extendido el plazo de aceptaci\u00f3n de la OPA de Aer Lingus al 30 de julio | El Digital de Asturias<\/title>\n\n","aioseo_head_json":{"title":"Extendido el plazo de aceptaci\u00f3n de la OPA de Aer Lingus al 30 de julio | El Digital de Asturias","description":"International Consolidates Airlines Group (IAG), que ha lanzado una OPA sobre el 100% del capital de Aer Lingus por 1.400 millones de euros, ha extendido el plazo de aceptaci\u00f3n de la oferta --que venc\u00eda este jueves-- al 30 de julio. La operaci\u00f3n contin\u00faa sujeta a las condiciones que a\u00fan no se han satisfecho del Ap\u00e9ndice","canonical_url":"https:\/\/eldigitaldeasturias.com\/magazine365\/extendido-el-plazo-de-aceptacion-de-la-opa-de-aer-lingus-al-30-de-julio\/","robots":"max-image-preview:large","keywords":"actualidad turismo","webmasterTools":{"google-site-verification":"UA-38556648-1","miscellaneous":""},"schema":{"@context":"https:\/\/schema.org","@graph":[{"@type":"Article","@id":"https:\/\/eldigitaldeasturias.com\/magazine365\/extendido-el-plazo-de-aceptacion-de-la-opa-de-aer-lingus-al-30-de-julio\/#article","name":"Extendido el plazo de aceptaci\u00f3n de la OPA de Aer Lingus al 30 de julio | El Digital de Asturias","headline":"Extendido el plazo de aceptaci\u00f3n de la OPA de Aer Lingus al 30 de julio","author":{"@id":"https:\/\/eldigitaldeasturias.com\/magazine365\/author\/admin\/#author"},"publisher":{"@id":"https:\/\/eldigitaldeasturias.com\/magazine365\/#organization"},"image":{"@type":"ImageObject","url":"https:\/\/eldigitaldeasturias.com\/magazine365\/wp-content\/uploads\/2015\/07\/fotonoticia_20150716185203_800.jpg","width":800,"height":800},"datePublished":"2015-07-18T02:54:28+02:00","dateModified":"2015-07-18T02:54:28+02:00","inLanguage":"es-ES","mainEntityOfPage":{"@id":"https:\/\/eldigitaldeasturias.com\/magazine365\/extendido-el-plazo-de-aceptacion-de-la-opa-de-aer-lingus-al-30-de-julio\/#webpage"},"isPartOf":{"@id":"https:\/\/eldigitaldeasturias.com\/magazine365\/extendido-el-plazo-de-aceptacion-de-la-opa-de-aer-lingus-al-30-de-julio\/#webpage"},"articleSection":"Actualidad Turismo"},{"@type":"BreadcrumbList","@id":"https:\/\/eldigitaldeasturias.com\/magazine365\/extendido-el-plazo-de-aceptacion-de-la-opa-de-aer-lingus-al-30-de-julio\/#breadcrumblist","itemListElement":[{"@type":"ListItem","@id":"https:\/\/eldigitaldeasturias.com\/magazine365#listItem","position":1,"name":"Home","item":"https:\/\/eldigitaldeasturias.com\/magazine365","nextItem":{"@type":"ListItem","@id":"https:\/\/eldigitaldeasturias.com\/magazine365\/category\/actualidad-turismo\/#listItem","name":"Actualidad Turismo"}},{"@type":"ListItem","@id":"https:\/\/eldigitaldeasturias.com\/magazine365\/category\/actualidad-turismo\/#listItem","position":2,"name":"Actualidad Turismo","item":"https:\/\/eldigitaldeasturias.com\/magazine365\/category\/actualidad-turismo\/","nextItem":{"@type":"ListItem","@id":"https:\/\/eldigitaldeasturias.com\/magazine365\/extendido-el-plazo-de-aceptacion-de-la-opa-de-aer-lingus-al-30-de-julio\/#listItem","name":"Extendido el plazo de aceptaci\u00f3n de la OPA de Aer Lingus al 30 de julio"},"previousItem":{"@type":"ListItem","@id":"https:\/\/eldigitaldeasturias.com\/magazine365#listItem","name":"Home"}},{"@type":"ListItem","@id":"https:\/\/eldigitaldeasturias.com\/magazine365\/extendido-el-plazo-de-aceptacion-de-la-opa-de-aer-lingus-al-30-de-julio\/#listItem","position":3,"name":"Extendido el plazo de aceptaci\u00f3n de la OPA de Aer Lingus al 30 de julio","previousItem":{"@type":"ListItem","@id":"https:\/\/eldigitaldeasturias.com\/magazine365\/category\/actualidad-turismo\/#listItem","name":"Actualidad Turismo"}}]},{"@type":"Organization","@id":"https:\/\/eldigitaldeasturias.com\/magazine365\/#organization","name":"El digital de Asturias","description":"Revista de ocio, turismo y estilo de vida","url":"https:\/\/eldigitaldeasturias.com\/magazine365\/","logo":{"@type":"ImageObject","url":"https:\/\/www.eldigitaldeasturias.com\/noticias\/wp-content\/uploads\/2020\/12\/EDA.jpg","@id":"https:\/\/eldigitaldeasturias.com\/magazine365\/extendido-el-plazo-de-aceptacion-de-la-opa-de-aer-lingus-al-30-de-julio\/#organizationLogo"},"image":{"@id":"https:\/\/eldigitaldeasturias.com\/magazine365\/extendido-el-plazo-de-aceptacion-de-la-opa-de-aer-lingus-al-30-de-julio\/#organizationLogo"}},{"@type":"Person","@id":"https:\/\/eldigitaldeasturias.com\/magazine365\/author\/admin\/#author","url":"https:\/\/eldigitaldeasturias.com\/magazine365\/author\/admin\/","name":"admin","image":{"@type":"ImageObject","@id":"https:\/\/eldigitaldeasturias.com\/magazine365\/extendido-el-plazo-de-aceptacion-de-la-opa-de-aer-lingus-al-30-de-julio\/#authorImage","url":"https:\/\/eldigitaldeasturias.com\/magazine365\/wp-content\/litespeed\/avatar\/e571bcf59a0edd6fa6838245a470f2fe.jpg?ver=1777574230","width":96,"height":96,"caption":"admin"}},{"@type":"WebPage","@id":"https:\/\/eldigitaldeasturias.com\/magazine365\/extendido-el-plazo-de-aceptacion-de-la-opa-de-aer-lingus-al-30-de-julio\/#webpage","url":"https:\/\/eldigitaldeasturias.com\/magazine365\/extendido-el-plazo-de-aceptacion-de-la-opa-de-aer-lingus-al-30-de-julio\/","name":"Extendido el plazo de aceptaci\u00f3n de la OPA de Aer Lingus al 30 de julio | El Digital de Asturias","description":"International Consolidates Airlines Group (IAG), que ha lanzado una OPA sobre el 100% del capital de Aer Lingus por 1.400 millones de euros, ha extendido el plazo de aceptaci\u00f3n de la oferta --que venc\u00eda este jueves-- al 30 de julio. La operaci\u00f3n contin\u00faa sujeta a las condiciones que a\u00fan no se han satisfecho del Ap\u00e9ndice","inLanguage":"es-ES","isPartOf":{"@id":"https:\/\/eldigitaldeasturias.com\/magazine365\/#website"},"breadcrumb":{"@id":"https:\/\/eldigitaldeasturias.com\/magazine365\/extendido-el-plazo-de-aceptacion-de-la-opa-de-aer-lingus-al-30-de-julio\/#breadcrumblist"},"author":{"@id":"https:\/\/eldigitaldeasturias.com\/magazine365\/author\/admin\/#author"},"creator":{"@id":"https:\/\/eldigitaldeasturias.com\/magazine365\/author\/admin\/#author"},"image":{"@type":"ImageObject","url":"https:\/\/eldigitaldeasturias.com\/magazine365\/wp-content\/uploads\/2015\/07\/fotonoticia_20150716185203_800.jpg","@id":"https:\/\/eldigitaldeasturias.com\/magazine365\/extendido-el-plazo-de-aceptacion-de-la-opa-de-aer-lingus-al-30-de-julio\/#mainImage","width":800,"height":800},"primaryImageOfPage":{"@id":"https:\/\/eldigitaldeasturias.com\/magazine365\/extendido-el-plazo-de-aceptacion-de-la-opa-de-aer-lingus-al-30-de-julio\/#mainImage"},"datePublished":"2015-07-18T02:54:28+02:00","dateModified":"2015-07-18T02:54:28+02:00"},{"@type":"WebSite","@id":"https:\/\/eldigitaldeasturias.com\/magazine365\/#website","url":"https:\/\/eldigitaldeasturias.com\/magazine365\/","name":"El Digital de Asturias","description":"Revista de ocio, turismo y estilo de vida","inLanguage":"es-ES","publisher":{"@id":"https:\/\/eldigitaldeasturias.com\/magazine365\/#organization"}}]},"og:locale":"es_ES","og:site_name":"El Digital de Asturias \u2013 Revista de ocio, turismo y estilo de vida","og:type":"article","og:title":"Extendido el plazo de aceptaci\u00f3n de la OPA de Aer Lingus al 30 de julio | El Digital de Asturias","og:description":"International Consolidates Airlines Group (IAG), que ha lanzado una OPA sobre el 100% del capital de Aer Lingus por 1.400 millones de euros, ha extendido el plazo de aceptaci\u00f3n de la oferta --que venc\u00eda este jueves-- al 30 de julio. La operaci\u00f3n contin\u00faa sujeta a las condiciones que a\u00fan no se han satisfecho del Ap\u00e9ndice","og:url":"https:\/\/eldigitaldeasturias.com\/magazine365\/extendido-el-plazo-de-aceptacion-de-la-opa-de-aer-lingus-al-30-de-julio\/","og:image":"https:\/\/eldigitaldeasturias.com\/magazine365\/wp-content\/uploads\/2015\/07\/fotonoticia_20150716185203_800.jpg","og:image:secure_url":"https:\/\/eldigitaldeasturias.com\/magazine365\/wp-content\/uploads\/2015\/07\/fotonoticia_20150716185203_800.jpg","og:image:width":800,"og:image:height":800,"article:published_time":"2015-07-18T00:54:28+00:00","article:modified_time":"2015-07-18T00:54:28+00:00","twitter:card":"summary_large_image","twitter:title":"Extendido el plazo de aceptaci\u00f3n de la OPA de Aer Lingus al 30 de julio | El Digital de Asturias","twitter:description":"International Consolidates Airlines Group (IAG), que ha lanzado una OPA sobre el 100% del capital de Aer Lingus por 1.400 millones de euros, ha extendido el plazo de aceptaci\u00f3n de la oferta --que venc\u00eda este jueves-- al 30 de julio. La operaci\u00f3n contin\u00faa sujeta a las condiciones que a\u00fan no se han satisfecho del Ap\u00e9ndice","twitter:image":"https:\/\/eldigitaldeasturias.com\/magazine365\/wp-content\/uploads\/2015\/07\/fotonoticia_20150716185203_800.jpg"},"aioseo_meta_data":{"post_id":"42961","title":null,"description":null,"keywords":null,"keyphrases":null,"primary_term":null,"canonical_url":null,"og_title":null,"og_description":null,"og_object_type":"default","og_image_type":"default","og_image_url":null,"og_image_width":null,"og_image_height":null,"og_image_custom_url":null,"og_image_custom_fields":null,"og_video":null,"og_custom_url":null,"og_article_section":null,"og_article_tags":null,"twitter_use_og":false,"twitter_card":"default","twitter_image_type":"default","twitter_image_url":null,"twitter_image_custom_url":null,"twitter_image_custom_fields":null,"twitter_title":null,"twitter_description":null,"schema":{"blockGraphs":[],"customGraphs":[],"default":{"data":{"Article":[],"Course":[],"Dataset":[],"FAQPage":[],"Movie":[],"Person":[],"Product":[],"ProductReview":[],"Car":[],"Recipe":[],"Service":[],"SoftwareApplication":[],"WebPage":[]},"graphName":"","isEnabled":true},"graphs":[],"defaultGraph":"","defaultPostTypeGraph":""},"schema_type":null,"schema_type_options":null,"pillar_content":false,"robots_default":true,"robots_noindex":false,"robots_noarchive":false,"robots_nosnippet":false,"robots_nofollow":false,"robots_noimageindex":false,"robots_noodp":false,"robots_notranslate":false,"robots_max_snippet":null,"robots_max_videopreview":null,"robots_max_imagepreview":"large","priority":null,"frequency":null,"location":null,"local_seo":null,"seo_analyzer_scan_date":"2025-09-19 18:51:16","breadcrumb_settings":null,"limit_modified_date":false,"open_ai":null,"ai":null,"created":"2021-03-09 01:53:41","updated":"2025-09-19 18:51:16"},"aioseo_breadcrumb":"<div class=\"aioseo-breadcrumbs\"><span class=\"aioseo-breadcrumb\">\n\t<a href=\"https:\/\/eldigitaldeasturias.com\/magazine365\" title=\"Home\">Home<\/a>\n<\/span><span class=\"aioseo-breadcrumb-separator\">\u2013<\/span><span class=\"aioseo-breadcrumb\">\n\t<a href=\"https:\/\/eldigitaldeasturias.com\/magazine365\/category\/actualidad-turismo\/\" title=\"Actualidad Turismo\">Actualidad Turismo<\/a>\n<\/span><span class=\"aioseo-breadcrumb-separator\">\u2013<\/span><span class=\"aioseo-breadcrumb\">\n\t<a href=\"https:\/\/eldigitaldeasturias.com\/magazine365\/extendido-el-plazo-de-aceptacion-de-la-opa-de-aer-lingus-al-30-de-julio\/\" title=\"Extendido el plazo de aceptaci\u00f3n de la OPA de Aer Lingus al 30 de julio\">Extendido el plazo de aceptaci\u00f3n de la OPA de Aer Lingus al 30 de julio<\/a>\n<\/span><\/div>","aioseo_breadcrumb_json":[{"label":"Home","link":"https:\/\/eldigitaldeasturias.com\/magazine365"},{"label":"Actualidad Turismo","link":"https:\/\/eldigitaldeasturias.com\/magazine365\/category\/actualidad-turismo\/"},{"label":"Extendido el plazo de aceptaci\u00f3n de la OPA de Aer Lingus al 30 de julio","link":"https:\/\/eldigitaldeasturias.com\/magazine365\/extendido-el-plazo-de-aceptacion-de-la-opa-de-aer-lingus-al-30-de-julio\/"}],"_links":{"self":[{"href":"https:\/\/eldigitaldeasturias.com\/magazine365\/wp-json\/wp\/v2\/posts\/42961","targetHints":{"allow":["GET"]}}],"collection":[{"href":"https:\/\/eldigitaldeasturias.com\/magazine365\/wp-json\/wp\/v2\/posts"}],"about":[{"href":"https:\/\/eldigitaldeasturias.com\/magazine365\/wp-json\/wp\/v2\/types\/post"}],"author":[{"embeddable":true,"href":"https:\/\/eldigitaldeasturias.com\/magazine365\/wp-json\/wp\/v2\/users\/1"}],"replies":[{"embeddable":true,"href":"https:\/\/eldigitaldeasturias.com\/magazine365\/wp-json\/wp\/v2\/comments?post=42961"}],"version-history":[{"count":0,"href":"https:\/\/eldigitaldeasturias.com\/magazine365\/wp-json\/wp\/v2\/posts\/42961\/revisions"}],"wp:featuredmedia":[{"embeddable":true,"href":"https:\/\/eldigitaldeasturias.com\/magazine365\/wp-json\/wp\/v2\/media\/42962"}],"wp:attachment":[{"href":"https:\/\/eldigitaldeasturias.com\/magazine365\/wp-json\/wp\/v2\/media?parent=42961"}],"wp:term":[{"taxonomy":"category","embeddable":true,"href":"https:\/\/eldigitaldeasturias.com\/magazine365\/wp-json\/wp\/v2\/categories?post=42961"},{"taxonomy":"post_tag","embeddable":true,"href":"https:\/\/eldigitaldeasturias.com\/magazine365\/wp-json\/wp\/v2\/tags?post=42961"}],"curies":[{"name":"wp","href":"https:\/\/api.w.org\/{rel}","templated":true}]}}