{"id":42956,"date":"2015-07-18T02:43:19","date_gmt":"2015-07-18T00:43:19","guid":{"rendered":"http:\/\/eldigitaldeasturias.com\/magazine365\/?p=42956"},"modified":"2015-07-18T02:43:19","modified_gmt":"2015-07-18T00:43:19","slug":"collado-villalba-reduce-el-presupuesto-de-las-fiestas-de-santiago-apostol","status":"publish","type":"post","link":"https:\/\/eldigitaldeasturias.com\/magazine365\/collado-villalba-reduce-el-presupuesto-de-las-fiestas-de-santiago-apostol\/","title":{"rendered":"Collado Villalba reduce el presupuesto de las fiestas de Santiago Apostol"},"content":{"rendered":"<p><img fetchpriority=\"high\" decoding=\"async\" class=\"alignleft size-medium wp-image-42478\" src=\"https:\/\/eldigitaldeasturias.com\/magazine365\/wp-content\/uploads\/2015\/07\/euros-360x198.jpg\" alt=\"euros\" width=\"360\" height=\"198\" srcset=\"https:\/\/eldigitaldeasturias.com\/magazine365\/wp-content\/uploads\/2015\/07\/euros-360x198.jpg 360w, https:\/\/eldigitaldeasturias.com\/magazine365\/wp-content\/uploads\/2015\/07\/euros-650x357.jpg 650w, https:\/\/eldigitaldeasturias.com\/magazine365\/wp-content\/uploads\/2015\/07\/euros-150x82.jpg 150w, https:\/\/eldigitaldeasturias.com\/magazine365\/wp-content\/uploads\/2015\/07\/euros-450x247.jpg 450w, https:\/\/eldigitaldeasturias.com\/magazine365\/wp-content\/uploads\/2015\/07\/euros.jpg 655w\" sizes=\"(max-width: 360px) 100vw, 360px\" \/>El Ayuntamiento de Collado Villalba ha reducido el presupuesto de las fiestas de Santiago Apostol, cuyos actos ser\u00e1n todos gratis, incluida la feria taurina, para que vecinos y visitantes \u00abpuedan participar e implicarse directamente en la fiesta\u00bb, seg\u00fan ha se\u00f1alado la alcaldesa, Mariola Vargas.<\/p>\n<p>\u00abSe ha contado con un presupuesto muy ajustado para la organizaci\u00f3n de todas las actividades, en consonancia con la pol\u00edtica de contenci\u00f3n del gasto p\u00fablico puesta en marcha por el equipo de Gobierno\u00bb, ha a\u00f1adido la alcaldesa.<\/p>\n<p>Con el tradicional chupinazo, el pr\u00f3ximo mi\u00e9rcoles, 22 de julio, a las 21 horas en la Plaza de La Estaci\u00f3n, dar\u00e1n comienzo oficialmente las fiestas, que se prolongar\u00e1n hasta el d\u00eda 26 con los fuegos artificiales en la Laguna del Carrizal.<\/p>\n<p>Dada la exitosa experiencia de ediciones anteriores, la plaza de toros y los encierros se mantienen por tercer a\u00f1o consecutivo en pleno centro de la ciudad, en la finca La Malvaloca, al igual que los encierros que discurrir\u00e1n por la calle La Venta.<\/p>\n<p>Mariola Vargas tambi\u00e9n ha subrayado la \u00abinestimable colaboraci\u00f3n de pe\u00f1as y dem\u00e1s colectivos que como siempre se han volcado en la preparaci\u00f3n de estas jornadas\u00bb.<\/p>\n<p>Adem\u00e1s, tendr\u00e1 lugar el festival Granitorock, el s\u00e1bado 25, en la Plaza de Los Belgas, que \u00aba\u00f1o tras a\u00f1o se consolida como una de las citas m\u00e1s atractivas en su g\u00e9nero de toda la regi\u00f3n\u00bb. Y tambi\u00e9n, el concierto de &#8216;Andy y Lucas&#8217; el viernes 24, en Los Belgas y la actuaci\u00f3n de &#8216;Karina y Bordon 4&#8217; en la Plaza de la Estaci\u00f3n.<\/p>\n<p>El Ayuntamiento recomienda la utilizaci\u00f3n del transporte p\u00fablico, para lo que se han habilitado autobuses al recinto ferial. Del 22 al 25 de julio, entre las 22 horas y 3 horas de la madrugada habr\u00e1 \u00abtransporte urbano gratuito\u00bb.<\/p>\n<p>Adem\u00e1s, la l\u00ednea &#8216;1&#8217;, desde la Plaza de la Estaci\u00f3n-Canguro-Ferial y la &#8216;2&#8217;, desde la urbanizaci\u00f3n La Cerca-El Raso-El Roble-Ferial, \u00abse reforzar\u00e1n con el incremento de la frecuencia de paso de los autobuses, cada 20 minutos\u00bb, seg\u00fan ha informado la alcaldesa.<\/p>\n","protected":false},"excerpt":{"rendered":"<p>El Ayuntamiento de Collado Villalba ha reducido el presupuesto de las fiestas de Santiago Apostol, cuyos actos ser\u00e1n todos gratis, incluida la feria taurina, para que vecinos y visitantes \u00abpuedan participar e implicarse directamente en la fiesta\u00bb, seg\u00fan ha se\u00f1alado la alcaldesa, Mariola Vargas. \u00abSe ha contado con un presupuesto muy ajustado para la organizaci\u00f3n<\/p>\n","protected":false},"author":1,"featured_media":42478,"comment_status":"open","ping_status":"closed","sticky":false,"template":"","format":"standard","meta":{"footnotes":""},"categories":[222],"tags":[],"class_list":{"0":"post-42956","1":"post","2":"type-post","3":"status-publish","4":"format-standard","5":"has-post-thumbnail","7":"category-actualidad-turismo"},"aioseo_notices":[],"aioseo_head":"\n\t\t<!-- All in One SEO Pro 4.9.6.1 - aioseo.com -->\n\t<meta name=\"description\" content=\"El Ayuntamiento de Collado Villalba ha reducido el presupuesto de las fiestas de Santiago Apostol, cuyos actos ser\u00e1n todos gratis, incluida la feria taurina, para que vecinos y visitantes &quot;puedan participar e implicarse directamente en la fiesta&quot;, seg\u00fan ha se\u00f1alado la alcaldesa, Mariola Vargas. &quot;Se ha contado con un presupuesto muy ajustado para la organizaci\u00f3n\" \/>\n\t<meta name=\"robots\" content=\"max-image-preview:large\" \/>\n\t<meta name=\"author\" content=\"admin\"\/>\n\t<meta name=\"google-site-verification\" content=\"UA-38556648-1\" \/>\n\t<meta name=\"keywords\" content=\"actualidad turismo\" \/>\n\t<link rel=\"canonical\" href=\"https:\/\/eldigitaldeasturias.com\/magazine365\/collado-villalba-reduce-el-presupuesto-de-las-fiestas-de-santiago-apostol\/\" \/>\n\t<meta name=\"generator\" content=\"All in One SEO Pro (AIOSEO) 4.9.6.1\" \/>\n\t\t<meta property=\"og:locale\" content=\"es_ES\" \/>\n\t\t<meta property=\"og:site_name\" content=\"El Digital de Asturias \u2013 Revista de ocio, turismo y estilo de vida\" \/>\n\t\t<meta property=\"og:type\" content=\"article\" \/>\n\t\t<meta property=\"og:title\" content=\"Collado Villalba reduce el presupuesto de las fiestas de Santiago Apostol | El Digital de Asturias\" \/>\n\t\t<meta property=\"og:description\" content=\"El Ayuntamiento de Collado Villalba ha reducido el presupuesto de las fiestas de Santiago Apostol, cuyos actos ser\u00e1n todos gratis, incluida la feria taurina, para que vecinos y visitantes &quot;puedan participar e implicarse directamente en la fiesta&quot;, seg\u00fan ha se\u00f1alado la alcaldesa, Mariola Vargas. &quot;Se ha contado con un presupuesto muy ajustado para la organizaci\u00f3n\" \/>\n\t\t<meta property=\"og:url\" content=\"https:\/\/eldigitaldeasturias.com\/magazine365\/collado-villalba-reduce-el-presupuesto-de-las-fiestas-de-santiago-apostol\/\" \/>\n\t\t<meta property=\"og:image\" content=\"https:\/\/eldigitaldeasturias.com\/magazine365\/wp-content\/uploads\/2015\/07\/euros.jpg\" \/>\n\t\t<meta property=\"og:image:secure_url\" content=\"https:\/\/eldigitaldeasturias.com\/magazine365\/wp-content\/uploads\/2015\/07\/euros.jpg\" \/>\n\t\t<meta property=\"og:image:width\" content=\"655\" \/>\n\t\t<meta property=\"og:image:height\" content=\"360\" \/>\n\t\t<meta property=\"article:published_time\" content=\"2015-07-18T00:43:19+00:00\" \/>\n\t\t<meta property=\"article:modified_time\" content=\"2015-07-18T00:43:19+00:00\" \/>\n\t\t<meta name=\"twitter:card\" content=\"summary_large_image\" \/>\n\t\t<meta name=\"twitter:title\" content=\"Collado Villalba reduce el presupuesto de las fiestas de Santiago Apostol | El Digital de Asturias\" \/>\n\t\t<meta name=\"twitter:description\" content=\"El Ayuntamiento de Collado Villalba ha reducido el presupuesto de las fiestas de Santiago Apostol, cuyos actos ser\u00e1n todos gratis, incluida la feria taurina, para que vecinos y visitantes &quot;puedan participar e implicarse directamente en la fiesta&quot;, seg\u00fan ha se\u00f1alado la alcaldesa, Mariola Vargas. &quot;Se ha contado con un presupuesto muy ajustado para la organizaci\u00f3n\" \/>\n\t\t<meta name=\"twitter:image\" content=\"https:\/\/eldigitaldeasturias.com\/magazine365\/wp-content\/uploads\/2015\/07\/euros.jpg\" \/>\n\t\t<script type=\"application\/ld+json\" class=\"aioseo-schema\">\n\t\t\t{\"@context\":\"https:\\\/\\\/schema.org\",\"@graph\":[{\"@type\":\"Article\",\"@id\":\"https:\\\/\\\/eldigitaldeasturias.com\\\/magazine365\\\/collado-villalba-reduce-el-presupuesto-de-las-fiestas-de-santiago-apostol\\\/#article\",\"name\":\"Collado Villalba reduce el presupuesto de las fiestas de Santiago Apostol | El Digital de Asturias\",\"headline\":\"Collado Villalba reduce el presupuesto de las fiestas de Santiago Apostol\",\"author\":{\"@id\":\"https:\\\/\\\/eldigitaldeasturias.com\\\/magazine365\\\/author\\\/admin\\\/#author\"},\"publisher\":{\"@id\":\"https:\\\/\\\/eldigitaldeasturias.com\\\/magazine365\\\/#organization\"},\"image\":{\"@type\":\"ImageObject\",\"url\":\"https:\\\/\\\/eldigitaldeasturias.com\\\/magazine365\\\/wp-content\\\/uploads\\\/2015\\\/07\\\/euros.jpg\",\"width\":655,\"height\":360},\"datePublished\":\"2015-07-18T02:43:19+02:00\",\"dateModified\":\"2015-07-18T02:43:19+02:00\",\"inLanguage\":\"es-ES\",\"mainEntityOfPage\":{\"@id\":\"https:\\\/\\\/eldigitaldeasturias.com\\\/magazine365\\\/collado-villalba-reduce-el-presupuesto-de-las-fiestas-de-santiago-apostol\\\/#webpage\"},\"isPartOf\":{\"@id\":\"https:\\\/\\\/eldigitaldeasturias.com\\\/magazine365\\\/collado-villalba-reduce-el-presupuesto-de-las-fiestas-de-santiago-apostol\\\/#webpage\"},\"articleSection\":\"Actualidad Turismo\"},{\"@type\":\"BreadcrumbList\",\"@id\":\"https:\\\/\\\/eldigitaldeasturias.com\\\/magazine365\\\/collado-villalba-reduce-el-presupuesto-de-las-fiestas-de-santiago-apostol\\\/#breadcrumblist\",\"itemListElement\":[{\"@type\":\"ListItem\",\"@id\":\"https:\\\/\\\/eldigitaldeasturias.com\\\/magazine365#listItem\",\"position\":1,\"name\":\"Home\",\"item\":\"https:\\\/\\\/eldigitaldeasturias.com\\\/magazine365\",\"nextItem\":{\"@type\":\"ListItem\",\"@id\":\"https:\\\/\\\/eldigitaldeasturias.com\\\/magazine365\\\/category\\\/actualidad-turismo\\\/#listItem\",\"name\":\"Actualidad Turismo\"}},{\"@type\":\"ListItem\",\"@id\":\"https:\\\/\\\/eldigitaldeasturias.com\\\/magazine365\\\/category\\\/actualidad-turismo\\\/#listItem\",\"position\":2,\"name\":\"Actualidad Turismo\",\"item\":\"https:\\\/\\\/eldigitaldeasturias.com\\\/magazine365\\\/category\\\/actualidad-turismo\\\/\",\"nextItem\":{\"@type\":\"ListItem\",\"@id\":\"https:\\\/\\\/eldigitaldeasturias.com\\\/magazine365\\\/collado-villalba-reduce-el-presupuesto-de-las-fiestas-de-santiago-apostol\\\/#listItem\",\"name\":\"Collado Villalba reduce el presupuesto de las fiestas de Santiago Apostol\"},\"previousItem\":{\"@type\":\"ListItem\",\"@id\":\"https:\\\/\\\/eldigitaldeasturias.com\\\/magazine365#listItem\",\"name\":\"Home\"}},{\"@type\":\"ListItem\",\"@id\":\"https:\\\/\\\/eldigitaldeasturias.com\\\/magazine365\\\/collado-villalba-reduce-el-presupuesto-de-las-fiestas-de-santiago-apostol\\\/#listItem\",\"position\":3,\"name\":\"Collado Villalba reduce el presupuesto de las fiestas de Santiago Apostol\",\"previousItem\":{\"@type\":\"ListItem\",\"@id\":\"https:\\\/\\\/eldigitaldeasturias.com\\\/magazine365\\\/category\\\/actualidad-turismo\\\/#listItem\",\"name\":\"Actualidad Turismo\"}}]},{\"@type\":\"Organization\",\"@id\":\"https:\\\/\\\/eldigitaldeasturias.com\\\/magazine365\\\/#organization\",\"name\":\"El digital de Asturias\",\"description\":\"Revista de ocio, turismo y estilo de vida\",\"url\":\"https:\\\/\\\/eldigitaldeasturias.com\\\/magazine365\\\/\",\"logo\":{\"@type\":\"ImageObject\",\"url\":\"https:\\\/\\\/www.eldigitaldeasturias.com\\\/noticias\\\/wp-content\\\/uploads\\\/2020\\\/12\\\/EDA.jpg\",\"@id\":\"https:\\\/\\\/eldigitaldeasturias.com\\\/magazine365\\\/collado-villalba-reduce-el-presupuesto-de-las-fiestas-de-santiago-apostol\\\/#organizationLogo\"},\"image\":{\"@id\":\"https:\\\/\\\/eldigitaldeasturias.com\\\/magazine365\\\/collado-villalba-reduce-el-presupuesto-de-las-fiestas-de-santiago-apostol\\\/#organizationLogo\"}},{\"@type\":\"Person\",\"@id\":\"https:\\\/\\\/eldigitaldeasturias.com\\\/magazine365\\\/author\\\/admin\\\/#author\",\"url\":\"https:\\\/\\\/eldigitaldeasturias.com\\\/magazine365\\\/author\\\/admin\\\/\",\"name\":\"admin\",\"image\":{\"@type\":\"ImageObject\",\"@id\":\"https:\\\/\\\/eldigitaldeasturias.com\\\/magazine365\\\/collado-villalba-reduce-el-presupuesto-de-las-fiestas-de-santiago-apostol\\\/#authorImage\",\"url\":\"https:\\\/\\\/eldigitaldeasturias.com\\\/magazine365\\\/wp-content\\\/litespeed\\\/avatar\\\/e571bcf59a0edd6fa6838245a470f2fe.jpg?ver=1777574230\",\"width\":96,\"height\":96,\"caption\":\"admin\"}},{\"@type\":\"WebPage\",\"@id\":\"https:\\\/\\\/eldigitaldeasturias.com\\\/magazine365\\\/collado-villalba-reduce-el-presupuesto-de-las-fiestas-de-santiago-apostol\\\/#webpage\",\"url\":\"https:\\\/\\\/eldigitaldeasturias.com\\\/magazine365\\\/collado-villalba-reduce-el-presupuesto-de-las-fiestas-de-santiago-apostol\\\/\",\"name\":\"Collado Villalba reduce el presupuesto de las fiestas de Santiago Apostol | El Digital de Asturias\",\"description\":\"El Ayuntamiento de Collado Villalba ha reducido el presupuesto de las fiestas de Santiago Apostol, cuyos actos ser\\u00e1n todos gratis, incluida la feria taurina, para que vecinos y visitantes \\\"puedan participar e implicarse directamente en la fiesta\\\", seg\\u00fan ha se\\u00f1alado la alcaldesa, Mariola Vargas. \\\"Se ha contado con un presupuesto muy ajustado para la organizaci\\u00f3n\",\"inLanguage\":\"es-ES\",\"isPartOf\":{\"@id\":\"https:\\\/\\\/eldigitaldeasturias.com\\\/magazine365\\\/#website\"},\"breadcrumb\":{\"@id\":\"https:\\\/\\\/eldigitaldeasturias.com\\\/magazine365\\\/collado-villalba-reduce-el-presupuesto-de-las-fiestas-de-santiago-apostol\\\/#breadcrumblist\"},\"author\":{\"@id\":\"https:\\\/\\\/eldigitaldeasturias.com\\\/magazine365\\\/author\\\/admin\\\/#author\"},\"creator\":{\"@id\":\"https:\\\/\\\/eldigitaldeasturias.com\\\/magazine365\\\/author\\\/admin\\\/#author\"},\"image\":{\"@type\":\"ImageObject\",\"url\":\"https:\\\/\\\/eldigitaldeasturias.com\\\/magazine365\\\/wp-content\\\/uploads\\\/2015\\\/07\\\/euros.jpg\",\"@id\":\"https:\\\/\\\/eldigitaldeasturias.com\\\/magazine365\\\/collado-villalba-reduce-el-presupuesto-de-las-fiestas-de-santiago-apostol\\\/#mainImage\",\"width\":655,\"height\":360},\"primaryImageOfPage\":{\"@id\":\"https:\\\/\\\/eldigitaldeasturias.com\\\/magazine365\\\/collado-villalba-reduce-el-presupuesto-de-las-fiestas-de-santiago-apostol\\\/#mainImage\"},\"datePublished\":\"2015-07-18T02:43:19+02:00\",\"dateModified\":\"2015-07-18T02:43:19+02:00\"},{\"@type\":\"WebSite\",\"@id\":\"https:\\\/\\\/eldigitaldeasturias.com\\\/magazine365\\\/#website\",\"url\":\"https:\\\/\\\/eldigitaldeasturias.com\\\/magazine365\\\/\",\"name\":\"El Digital de Asturias\",\"description\":\"Revista de ocio, turismo y estilo de vida\",\"inLanguage\":\"es-ES\",\"publisher\":{\"@id\":\"https:\\\/\\\/eldigitaldeasturias.com\\\/magazine365\\\/#organization\"}}]}\n\t\t<\/script>\n\t\t<!-- All in One SEO Pro -->\r\n\t\t<title>Collado Villalba reduce el presupuesto de las fiestas de Santiago Apostol | El Digital de Asturias<\/title>\n\n","aioseo_head_json":{"title":"Collado Villalba reduce el presupuesto de las fiestas de Santiago Apostol | El Digital de Asturias","description":"El Ayuntamiento de Collado Villalba ha reducido el presupuesto de las fiestas de Santiago Apostol, cuyos actos ser\u00e1n todos gratis, incluida la feria taurina, para que vecinos y visitantes \"puedan participar e implicarse directamente en la fiesta\", seg\u00fan ha se\u00f1alado la alcaldesa, Mariola Vargas. \"Se ha contado con un presupuesto muy ajustado para la organizaci\u00f3n","canonical_url":"https:\/\/eldigitaldeasturias.com\/magazine365\/collado-villalba-reduce-el-presupuesto-de-las-fiestas-de-santiago-apostol\/","robots":"max-image-preview:large","keywords":"actualidad turismo","webmasterTools":{"google-site-verification":"UA-38556648-1","miscellaneous":""},"schema":{"@context":"https:\/\/schema.org","@graph":[{"@type":"Article","@id":"https:\/\/eldigitaldeasturias.com\/magazine365\/collado-villalba-reduce-el-presupuesto-de-las-fiestas-de-santiago-apostol\/#article","name":"Collado Villalba reduce el presupuesto de las fiestas de Santiago Apostol | El Digital de Asturias","headline":"Collado Villalba reduce el presupuesto de las fiestas de Santiago Apostol","author":{"@id":"https:\/\/eldigitaldeasturias.com\/magazine365\/author\/admin\/#author"},"publisher":{"@id":"https:\/\/eldigitaldeasturias.com\/magazine365\/#organization"},"image":{"@type":"ImageObject","url":"https:\/\/eldigitaldeasturias.com\/magazine365\/wp-content\/uploads\/2015\/07\/euros.jpg","width":655,"height":360},"datePublished":"2015-07-18T02:43:19+02:00","dateModified":"2015-07-18T02:43:19+02:00","inLanguage":"es-ES","mainEntityOfPage":{"@id":"https:\/\/eldigitaldeasturias.com\/magazine365\/collado-villalba-reduce-el-presupuesto-de-las-fiestas-de-santiago-apostol\/#webpage"},"isPartOf":{"@id":"https:\/\/eldigitaldeasturias.com\/magazine365\/collado-villalba-reduce-el-presupuesto-de-las-fiestas-de-santiago-apostol\/#webpage"},"articleSection":"Actualidad Turismo"},{"@type":"BreadcrumbList","@id":"https:\/\/eldigitaldeasturias.com\/magazine365\/collado-villalba-reduce-el-presupuesto-de-las-fiestas-de-santiago-apostol\/#breadcrumblist","itemListElement":[{"@type":"ListItem","@id":"https:\/\/eldigitaldeasturias.com\/magazine365#listItem","position":1,"name":"Home","item":"https:\/\/eldigitaldeasturias.com\/magazine365","nextItem":{"@type":"ListItem","@id":"https:\/\/eldigitaldeasturias.com\/magazine365\/category\/actualidad-turismo\/#listItem","name":"Actualidad Turismo"}},{"@type":"ListItem","@id":"https:\/\/eldigitaldeasturias.com\/magazine365\/category\/actualidad-turismo\/#listItem","position":2,"name":"Actualidad Turismo","item":"https:\/\/eldigitaldeasturias.com\/magazine365\/category\/actualidad-turismo\/","nextItem":{"@type":"ListItem","@id":"https:\/\/eldigitaldeasturias.com\/magazine365\/collado-villalba-reduce-el-presupuesto-de-las-fiestas-de-santiago-apostol\/#listItem","name":"Collado Villalba reduce el presupuesto de las fiestas de Santiago Apostol"},"previousItem":{"@type":"ListItem","@id":"https:\/\/eldigitaldeasturias.com\/magazine365#listItem","name":"Home"}},{"@type":"ListItem","@id":"https:\/\/eldigitaldeasturias.com\/magazine365\/collado-villalba-reduce-el-presupuesto-de-las-fiestas-de-santiago-apostol\/#listItem","position":3,"name":"Collado Villalba reduce el presupuesto de las fiestas de Santiago Apostol","previousItem":{"@type":"ListItem","@id":"https:\/\/eldigitaldeasturias.com\/magazine365\/category\/actualidad-turismo\/#listItem","name":"Actualidad Turismo"}}]},{"@type":"Organization","@id":"https:\/\/eldigitaldeasturias.com\/magazine365\/#organization","name":"El digital de Asturias","description":"Revista de ocio, turismo y estilo de vida","url":"https:\/\/eldigitaldeasturias.com\/magazine365\/","logo":{"@type":"ImageObject","url":"https:\/\/www.eldigitaldeasturias.com\/noticias\/wp-content\/uploads\/2020\/12\/EDA.jpg","@id":"https:\/\/eldigitaldeasturias.com\/magazine365\/collado-villalba-reduce-el-presupuesto-de-las-fiestas-de-santiago-apostol\/#organizationLogo"},"image":{"@id":"https:\/\/eldigitaldeasturias.com\/magazine365\/collado-villalba-reduce-el-presupuesto-de-las-fiestas-de-santiago-apostol\/#organizationLogo"}},{"@type":"Person","@id":"https:\/\/eldigitaldeasturias.com\/magazine365\/author\/admin\/#author","url":"https:\/\/eldigitaldeasturias.com\/magazine365\/author\/admin\/","name":"admin","image":{"@type":"ImageObject","@id":"https:\/\/eldigitaldeasturias.com\/magazine365\/collado-villalba-reduce-el-presupuesto-de-las-fiestas-de-santiago-apostol\/#authorImage","url":"https:\/\/eldigitaldeasturias.com\/magazine365\/wp-content\/litespeed\/avatar\/e571bcf59a0edd6fa6838245a470f2fe.jpg?ver=1777574230","width":96,"height":96,"caption":"admin"}},{"@type":"WebPage","@id":"https:\/\/eldigitaldeasturias.com\/magazine365\/collado-villalba-reduce-el-presupuesto-de-las-fiestas-de-santiago-apostol\/#webpage","url":"https:\/\/eldigitaldeasturias.com\/magazine365\/collado-villalba-reduce-el-presupuesto-de-las-fiestas-de-santiago-apostol\/","name":"Collado Villalba reduce el presupuesto de las fiestas de Santiago Apostol | El Digital de Asturias","description":"El Ayuntamiento de Collado Villalba ha reducido el presupuesto de las fiestas de Santiago Apostol, cuyos actos ser\u00e1n todos gratis, incluida la feria taurina, para que vecinos y visitantes \"puedan participar e implicarse directamente en la fiesta\", seg\u00fan ha se\u00f1alado la alcaldesa, Mariola Vargas. \"Se ha contado con un presupuesto muy ajustado para la organizaci\u00f3n","inLanguage":"es-ES","isPartOf":{"@id":"https:\/\/eldigitaldeasturias.com\/magazine365\/#website"},"breadcrumb":{"@id":"https:\/\/eldigitaldeasturias.com\/magazine365\/collado-villalba-reduce-el-presupuesto-de-las-fiestas-de-santiago-apostol\/#breadcrumblist"},"author":{"@id":"https:\/\/eldigitaldeasturias.com\/magazine365\/author\/admin\/#author"},"creator":{"@id":"https:\/\/eldigitaldeasturias.com\/magazine365\/author\/admin\/#author"},"image":{"@type":"ImageObject","url":"https:\/\/eldigitaldeasturias.com\/magazine365\/wp-content\/uploads\/2015\/07\/euros.jpg","@id":"https:\/\/eldigitaldeasturias.com\/magazine365\/collado-villalba-reduce-el-presupuesto-de-las-fiestas-de-santiago-apostol\/#mainImage","width":655,"height":360},"primaryImageOfPage":{"@id":"https:\/\/eldigitaldeasturias.com\/magazine365\/collado-villalba-reduce-el-presupuesto-de-las-fiestas-de-santiago-apostol\/#mainImage"},"datePublished":"2015-07-18T02:43:19+02:00","dateModified":"2015-07-18T02:43:19+02:00"},{"@type":"WebSite","@id":"https:\/\/eldigitaldeasturias.com\/magazine365\/#website","url":"https:\/\/eldigitaldeasturias.com\/magazine365\/","name":"El Digital de Asturias","description":"Revista de ocio, turismo y estilo de vida","inLanguage":"es-ES","publisher":{"@id":"https:\/\/eldigitaldeasturias.com\/magazine365\/#organization"}}]},"og:locale":"es_ES","og:site_name":"El Digital de Asturias \u2013 Revista de ocio, turismo y estilo de vida","og:type":"article","og:title":"Collado Villalba reduce el presupuesto de las fiestas de Santiago Apostol | El Digital de Asturias","og:description":"El Ayuntamiento de Collado Villalba ha reducido el presupuesto de las fiestas de Santiago Apostol, cuyos actos ser\u00e1n todos gratis, incluida la feria taurina, para que vecinos y visitantes &quot;puedan participar e implicarse directamente en la fiesta&quot;, seg\u00fan ha se\u00f1alado la alcaldesa, Mariola Vargas. &quot;Se ha contado con un presupuesto muy ajustado para la organizaci\u00f3n","og:url":"https:\/\/eldigitaldeasturias.com\/magazine365\/collado-villalba-reduce-el-presupuesto-de-las-fiestas-de-santiago-apostol\/","og:image":"https:\/\/eldigitaldeasturias.com\/magazine365\/wp-content\/uploads\/2015\/07\/euros.jpg","og:image:secure_url":"https:\/\/eldigitaldeasturias.com\/magazine365\/wp-content\/uploads\/2015\/07\/euros.jpg","og:image:width":655,"og:image:height":360,"article:published_time":"2015-07-18T00:43:19+00:00","article:modified_time":"2015-07-18T00:43:19+00:00","twitter:card":"summary_large_image","twitter:title":"Collado Villalba reduce el presupuesto de las fiestas de Santiago Apostol | El Digital de Asturias","twitter:description":"El Ayuntamiento de Collado Villalba ha reducido el presupuesto de las fiestas de Santiago Apostol, cuyos actos ser\u00e1n todos gratis, incluida la feria taurina, para que vecinos y visitantes &quot;puedan participar e implicarse directamente en la fiesta&quot;, seg\u00fan ha se\u00f1alado la alcaldesa, Mariola Vargas. &quot;Se ha contado con un presupuesto muy ajustado para la organizaci\u00f3n","twitter:image":"https:\/\/eldigitaldeasturias.com\/magazine365\/wp-content\/uploads\/2015\/07\/euros.jpg"},"aioseo_meta_data":{"post_id":"42956","title":null,"description":null,"keywords":null,"keyphrases":null,"primary_term":null,"canonical_url":null,"og_title":null,"og_description":null,"og_object_type":"default","og_image_type":"default","og_image_url":null,"og_image_width":null,"og_image_height":null,"og_image_custom_url":null,"og_image_custom_fields":null,"og_video":null,"og_custom_url":null,"og_article_section":null,"og_article_tags":null,"twitter_use_og":false,"twitter_card":"default","twitter_image_type":"default","twitter_image_url":null,"twitter_image_custom_url":null,"twitter_image_custom_fields":null,"twitter_title":null,"twitter_description":null,"schema":{"blockGraphs":[],"customGraphs":[],"default":{"data":{"Article":[],"Course":[],"Dataset":[],"FAQPage":[],"Movie":[],"Person":[],"Product":[],"ProductReview":[],"Car":[],"Recipe":[],"Service":[],"SoftwareApplication":[],"WebPage":[]},"graphName":"","isEnabled":true},"graphs":[],"defaultGraph":"","defaultPostTypeGraph":""},"schema_type":null,"schema_type_options":null,"pillar_content":false,"robots_default":true,"robots_noindex":false,"robots_noarchive":false,"robots_nosnippet":false,"robots_nofollow":false,"robots_noimageindex":false,"robots_noodp":false,"robots_notranslate":false,"robots_max_snippet":null,"robots_max_videopreview":null,"robots_max_imagepreview":"large","priority":null,"frequency":null,"location":null,"local_seo":null,"seo_analyzer_scan_date":"2025-09-19 18:49:30","breadcrumb_settings":null,"limit_modified_date":false,"open_ai":null,"ai":null,"created":"2021-03-09 01:53:41","updated":"2025-09-19 18:49:30"},"aioseo_breadcrumb":"<div class=\"aioseo-breadcrumbs\"><span class=\"aioseo-breadcrumb\">\n\t<a href=\"https:\/\/eldigitaldeasturias.com\/magazine365\" title=\"Home\">Home<\/a>\n<\/span><span class=\"aioseo-breadcrumb-separator\">\u2013<\/span><span class=\"aioseo-breadcrumb\">\n\t<a href=\"https:\/\/eldigitaldeasturias.com\/magazine365\/category\/actualidad-turismo\/\" title=\"Actualidad Turismo\">Actualidad Turismo<\/a>\n<\/span><span class=\"aioseo-breadcrumb-separator\">\u2013<\/span><span class=\"aioseo-breadcrumb\">\n\t<a href=\"https:\/\/eldigitaldeasturias.com\/magazine365\/collado-villalba-reduce-el-presupuesto-de-las-fiestas-de-santiago-apostol\/\" title=\"Collado Villalba reduce el presupuesto de las fiestas de Santiago Apostol\">Collado Villalba reduce el presupuesto de las fiestas de Santiago Apostol<\/a>\n<\/span><\/div>","aioseo_breadcrumb_json":[{"label":"Home","link":"https:\/\/eldigitaldeasturias.com\/magazine365"},{"label":"Actualidad Turismo","link":"https:\/\/eldigitaldeasturias.com\/magazine365\/category\/actualidad-turismo\/"},{"label":"Collado Villalba reduce el presupuesto de las fiestas de Santiago Apostol","link":"https:\/\/eldigitaldeasturias.com\/magazine365\/collado-villalba-reduce-el-presupuesto-de-las-fiestas-de-santiago-apostol\/"}],"_links":{"self":[{"href":"https:\/\/eldigitaldeasturias.com\/magazine365\/wp-json\/wp\/v2\/posts\/42956","targetHints":{"allow":["GET"]}}],"collection":[{"href":"https:\/\/eldigitaldeasturias.com\/magazine365\/wp-json\/wp\/v2\/posts"}],"about":[{"href":"https:\/\/eldigitaldeasturias.com\/magazine365\/wp-json\/wp\/v2\/types\/post"}],"author":[{"embeddable":true,"href":"https:\/\/eldigitaldeasturias.com\/magazine365\/wp-json\/wp\/v2\/users\/1"}],"replies":[{"embeddable":true,"href":"https:\/\/eldigitaldeasturias.com\/magazine365\/wp-json\/wp\/v2\/comments?post=42956"}],"version-history":[{"count":0,"href":"https:\/\/eldigitaldeasturias.com\/magazine365\/wp-json\/wp\/v2\/posts\/42956\/revisions"}],"wp:featuredmedia":[{"embeddable":true,"href":"https:\/\/eldigitaldeasturias.com\/magazine365\/wp-json\/wp\/v2\/media\/42478"}],"wp:attachment":[{"href":"https:\/\/eldigitaldeasturias.com\/magazine365\/wp-json\/wp\/v2\/media?parent=42956"}],"wp:term":[{"taxonomy":"category","embeddable":true,"href":"https:\/\/eldigitaldeasturias.com\/magazine365\/wp-json\/wp\/v2\/categories?post=42956"},{"taxonomy":"post_tag","embeddable":true,"href":"https:\/\/eldigitaldeasturias.com\/magazine365\/wp-json\/wp\/v2\/tags?post=42956"}],"curies":[{"name":"wp","href":"https:\/\/api.w.org\/{rel}","templated":true}]}}