{"id":42953,"date":"2015-07-18T02:42:32","date_gmt":"2015-07-18T00:42:32","guid":{"rendered":"http:\/\/eldigitaldeasturias.com\/magazine365\/?p=42953"},"modified":"2015-07-18T02:42:32","modified_gmt":"2015-07-18T00:42:32","slug":"iberia-express-sumara-cuatro-frecuencias-a-la-ruta-vigo-madrid-y-plantea-operar-una-conexion-vigo-londres","status":"publish","type":"post","link":"https:\/\/eldigitaldeasturias.com\/magazine365\/iberia-express-sumara-cuatro-frecuencias-a-la-ruta-vigo-madrid-y-plantea-operar-una-conexion-vigo-londres\/","title":{"rendered":"Iberia Express sumar\u00e1 cuatro frecuencias a la ruta Vigo-Madrid y plantea operar una conexi\u00f3n Vigo-Londres"},"content":{"rendered":"<p><img fetchpriority=\"high\" decoding=\"async\" class=\"alignleft size-medium wp-image-42954\" src=\"https:\/\/eldigitaldeasturias.com\/magazine365\/wp-content\/uploads\/2015\/07\/fotonoticia_20150716184331_800-360x240.jpg\" alt=\"fotonoticia_20150716184331_800\" width=\"360\" height=\"240\" srcset=\"https:\/\/eldigitaldeasturias.com\/magazine365\/wp-content\/uploads\/2015\/07\/fotonoticia_20150716184331_800-360x240.jpg 360w, https:\/\/eldigitaldeasturias.com\/magazine365\/wp-content\/uploads\/2015\/07\/fotonoticia_20150716184331_800-650x433.jpg 650w, https:\/\/eldigitaldeasturias.com\/magazine365\/wp-content\/uploads\/2015\/07\/fotonoticia_20150716184331_800-768x512.jpg 768w, https:\/\/eldigitaldeasturias.com\/magazine365\/wp-content\/uploads\/2015\/07\/fotonoticia_20150716184331_800-150x100.jpg 150w, https:\/\/eldigitaldeasturias.com\/magazine365\/wp-content\/uploads\/2015\/07\/fotonoticia_20150716184331_800-450x300.jpg 450w, https:\/\/eldigitaldeasturias.com\/magazine365\/wp-content\/uploads\/2015\/07\/fotonoticia_20150716184331_800-696x464.jpg 696w, https:\/\/eldigitaldeasturias.com\/magazine365\/wp-content\/uploads\/2015\/07\/fotonoticia_20150716184331_800-630x420.jpg 630w, https:\/\/eldigitaldeasturias.com\/magazine365\/wp-content\/uploads\/2015\/07\/fotonoticia_20150716184331_800-84x55.jpg 84w, https:\/\/eldigitaldeasturias.com\/magazine365\/wp-content\/uploads\/2015\/07\/fotonoticia_20150716184331_800.jpg 800w\" sizes=\"(max-width: 360px) 100vw, 360px\" \/>La aerol\u00ednea Iberia Express reforzar\u00e1 el pr\u00f3ximo a\u00f1o la ruta Vigo-Madrid con cuatro frecuencias semanales m\u00e1s y ha planteado al alcalde de Vigo, Abel Caballero, la posibilidad de implantar la conexi\u00f3n Vigo-Londres, concretamente al aeropuerto de Heathrow.<\/p>\n<p>As\u00ed lo ha comunicado Caballero despu\u00e9s de mantener este jueves una reuni\u00f3n con representes de la compa\u00f1\u00eda a\u00e9rea, que desde este s\u00e1bado, 18 de julio, volver\u00e1 a operar la ruta Vigo-Tenerife, con un vuelo a la semana todos los s\u00e1bados.<\/p>\n<p>Caballero ha destacado que conseguir esta ruta a Londres permitir\u00eda llegar al \u00abaeropuerto con m\u00e1s conectividad del mundo\u00bb, por lo que van a estudiar \u00abcon inter\u00e9s\u00bb la propuesta y analizar las condiciones en las que se implantar\u00eda.<\/p>\n<p>\u00abEs una ruta que hab\u00edamos perdido porque el Bloque nos lo puso como condici\u00f3n &#8216;sine qua non&#8217; para aprobar un presupuesto, como el Partido Popular opinaba lo mismo perdimos la ruta\u00bb, ha mantenido el edil, que ha criticado que ambos partidos \u00abcondenaron a Vigo a quedarse sin algo tan importante como el Vigo-Londres en Heathrow\u00bb.<\/p>\n<p>As\u00ed las cosas, ha recordado que esta l\u00ednea se sumar\u00eda al Vigo-Londres operado por Air Nostrum con el aeropuerto de Luton, que \u00abva francamente bien\u00bb y que, de hecho, la aerol\u00ednea ha propuesto ampliarla m\u00e1s all\u00e1 del verano \u00abe incluso en un d\u00eda m\u00e1s\u00bb.<\/p>\n<p>Con todo ello, el aeropuerto de Peinador operar\u00e1 en 2015 rutas con Tenerife, Madrid, Valencia, Ibiza, Palma, Barcelona, Par\u00eds &#8211;de momento&#8211;, Bilbao, Gran Canaria, Sevilla, Londres, M\u00e1laga; a las que se sumar\u00e1n en 2016 Bruselas, Roma, Alicante y Menorca.<\/p>\n<p>El regidor ha asegurado que est\u00e1n satisfechos porque \u00ablas compa\u00f1\u00edas quieran operar Vigo\u00bb, a colaci\u00f3n de lo que ha subrayado que \u00abtodas las compa\u00f1\u00edas a\u00e9reas importantes de Espa\u00f1a y alguna extranjera quieren volar en Vigo: Volotea, Air Nostrum, Iberia Express, Air Europa, Vueling\u00bb.<\/p>\n","protected":false},"excerpt":{"rendered":"<p>La aerol\u00ednea Iberia Express reforzar\u00e1 el pr\u00f3ximo a\u00f1o la ruta Vigo-Madrid con cuatro frecuencias semanales m\u00e1s y ha planteado al alcalde de Vigo, Abel Caballero, la posibilidad de implantar la conexi\u00f3n Vigo-Londres, concretamente al aeropuerto de Heathrow. As\u00ed lo ha comunicado Caballero despu\u00e9s de mantener este jueves una reuni\u00f3n con representes de la compa\u00f1\u00eda a\u00e9rea,<\/p>\n","protected":false},"author":1,"featured_media":42954,"comment_status":"open","ping_status":"closed","sticky":false,"template":"","format":"standard","meta":{"footnotes":""},"categories":[222],"tags":[],"class_list":{"0":"post-42953","1":"post","2":"type-post","3":"status-publish","4":"format-standard","5":"has-post-thumbnail","7":"category-actualidad-turismo"},"aioseo_notices":[],"aioseo_head":"\n\t\t<!-- All in One SEO Pro 4.9.6.1 - aioseo.com -->\n\t<meta name=\"description\" content=\"La aerol\u00ednea Iberia Express reforzar\u00e1 el pr\u00f3ximo a\u00f1o la ruta Vigo-Madrid con cuatro frecuencias semanales m\u00e1s y ha planteado al alcalde de Vigo, Abel Caballero, la posibilidad de implantar la conexi\u00f3n Vigo-Londres, concretamente al aeropuerto de Heathrow. As\u00ed lo ha comunicado Caballero despu\u00e9s de mantener este jueves una reuni\u00f3n con representes de la compa\u00f1\u00eda a\u00e9rea,\" \/>\n\t<meta name=\"robots\" content=\"max-image-preview:large\" \/>\n\t<meta name=\"author\" content=\"admin\"\/>\n\t<meta name=\"google-site-verification\" content=\"UA-38556648-1\" \/>\n\t<meta name=\"keywords\" content=\"actualidad turismo\" \/>\n\t<link rel=\"canonical\" href=\"https:\/\/eldigitaldeasturias.com\/magazine365\/iberia-express-sumara-cuatro-frecuencias-a-la-ruta-vigo-madrid-y-plantea-operar-una-conexion-vigo-londres\/\" \/>\n\t<meta name=\"generator\" content=\"All in One SEO Pro (AIOSEO) 4.9.6.1\" \/>\n\t\t<meta property=\"og:locale\" content=\"es_ES\" \/>\n\t\t<meta property=\"og:site_name\" content=\"El Digital de Asturias \u2013 Revista de ocio, turismo y estilo de vida\" \/>\n\t\t<meta property=\"og:type\" content=\"article\" \/>\n\t\t<meta property=\"og:title\" content=\"Iberia Express sumar\u00e1 cuatro frecuencias a la ruta Vigo-Madrid y plantea operar una conexi\u00f3n Vigo-Londres | El Digital de Asturias\" \/>\n\t\t<meta property=\"og:description\" content=\"La aerol\u00ednea Iberia Express reforzar\u00e1 el pr\u00f3ximo a\u00f1o la ruta Vigo-Madrid con cuatro frecuencias semanales m\u00e1s y ha planteado al alcalde de Vigo, Abel Caballero, la posibilidad de implantar la conexi\u00f3n Vigo-Londres, concretamente al aeropuerto de Heathrow. As\u00ed lo ha comunicado Caballero despu\u00e9s de mantener este jueves una reuni\u00f3n con representes de la compa\u00f1\u00eda a\u00e9rea,\" \/>\n\t\t<meta property=\"og:url\" content=\"https:\/\/eldigitaldeasturias.com\/magazine365\/iberia-express-sumara-cuatro-frecuencias-a-la-ruta-vigo-madrid-y-plantea-operar-una-conexion-vigo-londres\/\" \/>\n\t\t<meta property=\"og:image\" content=\"https:\/\/eldigitaldeasturias.com\/magazine365\/wp-content\/uploads\/2015\/07\/fotonoticia_20150716184331_800.jpg\" \/>\n\t\t<meta property=\"og:image:secure_url\" content=\"https:\/\/eldigitaldeasturias.com\/magazine365\/wp-content\/uploads\/2015\/07\/fotonoticia_20150716184331_800.jpg\" \/>\n\t\t<meta property=\"og:image:width\" content=\"800\" \/>\n\t\t<meta property=\"og:image:height\" content=\"533\" \/>\n\t\t<meta property=\"article:published_time\" content=\"2015-07-18T00:42:32+00:00\" \/>\n\t\t<meta property=\"article:modified_time\" content=\"2015-07-18T00:42:32+00:00\" \/>\n\t\t<meta name=\"twitter:card\" content=\"summary_large_image\" \/>\n\t\t<meta name=\"twitter:title\" content=\"Iberia Express sumar\u00e1 cuatro frecuencias a la ruta Vigo-Madrid y plantea operar una conexi\u00f3n Vigo-Londres | El Digital de Asturias\" \/>\n\t\t<meta name=\"twitter:description\" content=\"La aerol\u00ednea Iberia Express reforzar\u00e1 el pr\u00f3ximo a\u00f1o la ruta Vigo-Madrid con cuatro frecuencias semanales m\u00e1s y ha planteado al alcalde de Vigo, Abel Caballero, la posibilidad de implantar la conexi\u00f3n Vigo-Londres, concretamente al aeropuerto de Heathrow. As\u00ed lo ha comunicado Caballero despu\u00e9s de mantener este jueves una reuni\u00f3n con representes de la compa\u00f1\u00eda a\u00e9rea,\" \/>\n\t\t<meta name=\"twitter:image\" content=\"https:\/\/eldigitaldeasturias.com\/magazine365\/wp-content\/uploads\/2015\/07\/fotonoticia_20150716184331_800.jpg\" \/>\n\t\t<script type=\"application\/ld+json\" class=\"aioseo-schema\">\n\t\t\t{\"@context\":\"https:\\\/\\\/schema.org\",\"@graph\":[{\"@type\":\"Article\",\"@id\":\"https:\\\/\\\/eldigitaldeasturias.com\\\/magazine365\\\/iberia-express-sumara-cuatro-frecuencias-a-la-ruta-vigo-madrid-y-plantea-operar-una-conexion-vigo-londres\\\/#article\",\"name\":\"Iberia Express sumar\\u00e1 cuatro frecuencias a la ruta Vigo-Madrid y plantea operar una conexi\\u00f3n Vigo-Londres | El Digital de Asturias\",\"headline\":\"Iberia Express sumar\\u00e1 cuatro frecuencias a la ruta Vigo-Madrid y plantea operar una conexi\\u00f3n Vigo-Londres\",\"author\":{\"@id\":\"https:\\\/\\\/eldigitaldeasturias.com\\\/magazine365\\\/author\\\/admin\\\/#author\"},\"publisher\":{\"@id\":\"https:\\\/\\\/eldigitaldeasturias.com\\\/magazine365\\\/#organization\"},\"image\":{\"@type\":\"ImageObject\",\"url\":\"https:\\\/\\\/eldigitaldeasturias.com\\\/magazine365\\\/wp-content\\\/uploads\\\/2015\\\/07\\\/fotonoticia_20150716184331_800.jpg\",\"width\":800,\"height\":533},\"datePublished\":\"2015-07-18T02:42:32+02:00\",\"dateModified\":\"2015-07-18T02:42:32+02:00\",\"inLanguage\":\"es-ES\",\"mainEntityOfPage\":{\"@id\":\"https:\\\/\\\/eldigitaldeasturias.com\\\/magazine365\\\/iberia-express-sumara-cuatro-frecuencias-a-la-ruta-vigo-madrid-y-plantea-operar-una-conexion-vigo-londres\\\/#webpage\"},\"isPartOf\":{\"@id\":\"https:\\\/\\\/eldigitaldeasturias.com\\\/magazine365\\\/iberia-express-sumara-cuatro-frecuencias-a-la-ruta-vigo-madrid-y-plantea-operar-una-conexion-vigo-londres\\\/#webpage\"},\"articleSection\":\"Actualidad Turismo\"},{\"@type\":\"BreadcrumbList\",\"@id\":\"https:\\\/\\\/eldigitaldeasturias.com\\\/magazine365\\\/iberia-express-sumara-cuatro-frecuencias-a-la-ruta-vigo-madrid-y-plantea-operar-una-conexion-vigo-londres\\\/#breadcrumblist\",\"itemListElement\":[{\"@type\":\"ListItem\",\"@id\":\"https:\\\/\\\/eldigitaldeasturias.com\\\/magazine365#listItem\",\"position\":1,\"name\":\"Home\",\"item\":\"https:\\\/\\\/eldigitaldeasturias.com\\\/magazine365\",\"nextItem\":{\"@type\":\"ListItem\",\"@id\":\"https:\\\/\\\/eldigitaldeasturias.com\\\/magazine365\\\/category\\\/actualidad-turismo\\\/#listItem\",\"name\":\"Actualidad Turismo\"}},{\"@type\":\"ListItem\",\"@id\":\"https:\\\/\\\/eldigitaldeasturias.com\\\/magazine365\\\/category\\\/actualidad-turismo\\\/#listItem\",\"position\":2,\"name\":\"Actualidad Turismo\",\"item\":\"https:\\\/\\\/eldigitaldeasturias.com\\\/magazine365\\\/category\\\/actualidad-turismo\\\/\",\"nextItem\":{\"@type\":\"ListItem\",\"@id\":\"https:\\\/\\\/eldigitaldeasturias.com\\\/magazine365\\\/iberia-express-sumara-cuatro-frecuencias-a-la-ruta-vigo-madrid-y-plantea-operar-una-conexion-vigo-londres\\\/#listItem\",\"name\":\"Iberia Express sumar\\u00e1 cuatro frecuencias a la ruta Vigo-Madrid y plantea operar una conexi\\u00f3n Vigo-Londres\"},\"previousItem\":{\"@type\":\"ListItem\",\"@id\":\"https:\\\/\\\/eldigitaldeasturias.com\\\/magazine365#listItem\",\"name\":\"Home\"}},{\"@type\":\"ListItem\",\"@id\":\"https:\\\/\\\/eldigitaldeasturias.com\\\/magazine365\\\/iberia-express-sumara-cuatro-frecuencias-a-la-ruta-vigo-madrid-y-plantea-operar-una-conexion-vigo-londres\\\/#listItem\",\"position\":3,\"name\":\"Iberia Express sumar\\u00e1 cuatro frecuencias a la ruta Vigo-Madrid y plantea operar una conexi\\u00f3n Vigo-Londres\",\"previousItem\":{\"@type\":\"ListItem\",\"@id\":\"https:\\\/\\\/eldigitaldeasturias.com\\\/magazine365\\\/category\\\/actualidad-turismo\\\/#listItem\",\"name\":\"Actualidad Turismo\"}}]},{\"@type\":\"Organization\",\"@id\":\"https:\\\/\\\/eldigitaldeasturias.com\\\/magazine365\\\/#organization\",\"name\":\"El digital de Asturias\",\"description\":\"Revista de ocio, turismo y estilo de vida\",\"url\":\"https:\\\/\\\/eldigitaldeasturias.com\\\/magazine365\\\/\",\"logo\":{\"@type\":\"ImageObject\",\"url\":\"https:\\\/\\\/www.eldigitaldeasturias.com\\\/noticias\\\/wp-content\\\/uploads\\\/2020\\\/12\\\/EDA.jpg\",\"@id\":\"https:\\\/\\\/eldigitaldeasturias.com\\\/magazine365\\\/iberia-express-sumara-cuatro-frecuencias-a-la-ruta-vigo-madrid-y-plantea-operar-una-conexion-vigo-londres\\\/#organizationLogo\"},\"image\":{\"@id\":\"https:\\\/\\\/eldigitaldeasturias.com\\\/magazine365\\\/iberia-express-sumara-cuatro-frecuencias-a-la-ruta-vigo-madrid-y-plantea-operar-una-conexion-vigo-londres\\\/#organizationLogo\"}},{\"@type\":\"Person\",\"@id\":\"https:\\\/\\\/eldigitaldeasturias.com\\\/magazine365\\\/author\\\/admin\\\/#author\",\"url\":\"https:\\\/\\\/eldigitaldeasturias.com\\\/magazine365\\\/author\\\/admin\\\/\",\"name\":\"admin\",\"image\":{\"@type\":\"ImageObject\",\"@id\":\"https:\\\/\\\/eldigitaldeasturias.com\\\/magazine365\\\/iberia-express-sumara-cuatro-frecuencias-a-la-ruta-vigo-madrid-y-plantea-operar-una-conexion-vigo-londres\\\/#authorImage\",\"url\":\"https:\\\/\\\/eldigitaldeasturias.com\\\/magazine365\\\/wp-content\\\/litespeed\\\/avatar\\\/e571bcf59a0edd6fa6838245a470f2fe.jpg?ver=1777574230\",\"width\":96,\"height\":96,\"caption\":\"admin\"}},{\"@type\":\"WebPage\",\"@id\":\"https:\\\/\\\/eldigitaldeasturias.com\\\/magazine365\\\/iberia-express-sumara-cuatro-frecuencias-a-la-ruta-vigo-madrid-y-plantea-operar-una-conexion-vigo-londres\\\/#webpage\",\"url\":\"https:\\\/\\\/eldigitaldeasturias.com\\\/magazine365\\\/iberia-express-sumara-cuatro-frecuencias-a-la-ruta-vigo-madrid-y-plantea-operar-una-conexion-vigo-londres\\\/\",\"name\":\"Iberia Express sumar\\u00e1 cuatro frecuencias a la ruta Vigo-Madrid y plantea operar una conexi\\u00f3n Vigo-Londres | El Digital de Asturias\",\"description\":\"La aerol\\u00ednea Iberia Express reforzar\\u00e1 el pr\\u00f3ximo a\\u00f1o la ruta Vigo-Madrid con cuatro frecuencias semanales m\\u00e1s y ha planteado al alcalde de Vigo, Abel Caballero, la posibilidad de implantar la conexi\\u00f3n Vigo-Londres, concretamente al aeropuerto de Heathrow. As\\u00ed lo ha comunicado Caballero despu\\u00e9s de mantener este jueves una reuni\\u00f3n con representes de la compa\\u00f1\\u00eda a\\u00e9rea,\",\"inLanguage\":\"es-ES\",\"isPartOf\":{\"@id\":\"https:\\\/\\\/eldigitaldeasturias.com\\\/magazine365\\\/#website\"},\"breadcrumb\":{\"@id\":\"https:\\\/\\\/eldigitaldeasturias.com\\\/magazine365\\\/iberia-express-sumara-cuatro-frecuencias-a-la-ruta-vigo-madrid-y-plantea-operar-una-conexion-vigo-londres\\\/#breadcrumblist\"},\"author\":{\"@id\":\"https:\\\/\\\/eldigitaldeasturias.com\\\/magazine365\\\/author\\\/admin\\\/#author\"},\"creator\":{\"@id\":\"https:\\\/\\\/eldigitaldeasturias.com\\\/magazine365\\\/author\\\/admin\\\/#author\"},\"image\":{\"@type\":\"ImageObject\",\"url\":\"https:\\\/\\\/eldigitaldeasturias.com\\\/magazine365\\\/wp-content\\\/uploads\\\/2015\\\/07\\\/fotonoticia_20150716184331_800.jpg\",\"@id\":\"https:\\\/\\\/eldigitaldeasturias.com\\\/magazine365\\\/iberia-express-sumara-cuatro-frecuencias-a-la-ruta-vigo-madrid-y-plantea-operar-una-conexion-vigo-londres\\\/#mainImage\",\"width\":800,\"height\":533},\"primaryImageOfPage\":{\"@id\":\"https:\\\/\\\/eldigitaldeasturias.com\\\/magazine365\\\/iberia-express-sumara-cuatro-frecuencias-a-la-ruta-vigo-madrid-y-plantea-operar-una-conexion-vigo-londres\\\/#mainImage\"},\"datePublished\":\"2015-07-18T02:42:32+02:00\",\"dateModified\":\"2015-07-18T02:42:32+02:00\"},{\"@type\":\"WebSite\",\"@id\":\"https:\\\/\\\/eldigitaldeasturias.com\\\/magazine365\\\/#website\",\"url\":\"https:\\\/\\\/eldigitaldeasturias.com\\\/magazine365\\\/\",\"name\":\"El Digital de Asturias\",\"description\":\"Revista de ocio, turismo y estilo de vida\",\"inLanguage\":\"es-ES\",\"publisher\":{\"@id\":\"https:\\\/\\\/eldigitaldeasturias.com\\\/magazine365\\\/#organization\"}}]}\n\t\t<\/script>\n\t\t<!-- All in One SEO Pro -->\r\n\t\t<title>Iberia Express sumar\u00e1 cuatro frecuencias a la ruta Vigo-Madrid y plantea operar una conexi\u00f3n Vigo-Londres | El Digital de Asturias<\/title>\n\n","aioseo_head_json":{"title":"Iberia Express sumar\u00e1 cuatro frecuencias a la ruta Vigo-Madrid y plantea operar una conexi\u00f3n Vigo-Londres | El Digital de Asturias","description":"La aerol\u00ednea Iberia Express reforzar\u00e1 el pr\u00f3ximo a\u00f1o la ruta Vigo-Madrid con cuatro frecuencias semanales m\u00e1s y ha planteado al alcalde de Vigo, Abel Caballero, la posibilidad de implantar la conexi\u00f3n Vigo-Londres, concretamente al aeropuerto de Heathrow. As\u00ed lo ha comunicado Caballero despu\u00e9s de mantener este jueves una reuni\u00f3n con representes de la compa\u00f1\u00eda a\u00e9rea,","canonical_url":"https:\/\/eldigitaldeasturias.com\/magazine365\/iberia-express-sumara-cuatro-frecuencias-a-la-ruta-vigo-madrid-y-plantea-operar-una-conexion-vigo-londres\/","robots":"max-image-preview:large","keywords":"actualidad turismo","webmasterTools":{"google-site-verification":"UA-38556648-1","miscellaneous":""},"schema":{"@context":"https:\/\/schema.org","@graph":[{"@type":"Article","@id":"https:\/\/eldigitaldeasturias.com\/magazine365\/iberia-express-sumara-cuatro-frecuencias-a-la-ruta-vigo-madrid-y-plantea-operar-una-conexion-vigo-londres\/#article","name":"Iberia Express sumar\u00e1 cuatro frecuencias a la ruta Vigo-Madrid y plantea operar una conexi\u00f3n Vigo-Londres | El Digital de Asturias","headline":"Iberia Express sumar\u00e1 cuatro frecuencias a la ruta Vigo-Madrid y plantea operar una conexi\u00f3n Vigo-Londres","author":{"@id":"https:\/\/eldigitaldeasturias.com\/magazine365\/author\/admin\/#author"},"publisher":{"@id":"https:\/\/eldigitaldeasturias.com\/magazine365\/#organization"},"image":{"@type":"ImageObject","url":"https:\/\/eldigitaldeasturias.com\/magazine365\/wp-content\/uploads\/2015\/07\/fotonoticia_20150716184331_800.jpg","width":800,"height":533},"datePublished":"2015-07-18T02:42:32+02:00","dateModified":"2015-07-18T02:42:32+02:00","inLanguage":"es-ES","mainEntityOfPage":{"@id":"https:\/\/eldigitaldeasturias.com\/magazine365\/iberia-express-sumara-cuatro-frecuencias-a-la-ruta-vigo-madrid-y-plantea-operar-una-conexion-vigo-londres\/#webpage"},"isPartOf":{"@id":"https:\/\/eldigitaldeasturias.com\/magazine365\/iberia-express-sumara-cuatro-frecuencias-a-la-ruta-vigo-madrid-y-plantea-operar-una-conexion-vigo-londres\/#webpage"},"articleSection":"Actualidad Turismo"},{"@type":"BreadcrumbList","@id":"https:\/\/eldigitaldeasturias.com\/magazine365\/iberia-express-sumara-cuatro-frecuencias-a-la-ruta-vigo-madrid-y-plantea-operar-una-conexion-vigo-londres\/#breadcrumblist","itemListElement":[{"@type":"ListItem","@id":"https:\/\/eldigitaldeasturias.com\/magazine365#listItem","position":1,"name":"Home","item":"https:\/\/eldigitaldeasturias.com\/magazine365","nextItem":{"@type":"ListItem","@id":"https:\/\/eldigitaldeasturias.com\/magazine365\/category\/actualidad-turismo\/#listItem","name":"Actualidad Turismo"}},{"@type":"ListItem","@id":"https:\/\/eldigitaldeasturias.com\/magazine365\/category\/actualidad-turismo\/#listItem","position":2,"name":"Actualidad Turismo","item":"https:\/\/eldigitaldeasturias.com\/magazine365\/category\/actualidad-turismo\/","nextItem":{"@type":"ListItem","@id":"https:\/\/eldigitaldeasturias.com\/magazine365\/iberia-express-sumara-cuatro-frecuencias-a-la-ruta-vigo-madrid-y-plantea-operar-una-conexion-vigo-londres\/#listItem","name":"Iberia Express sumar\u00e1 cuatro frecuencias a la ruta Vigo-Madrid y plantea operar una conexi\u00f3n Vigo-Londres"},"previousItem":{"@type":"ListItem","@id":"https:\/\/eldigitaldeasturias.com\/magazine365#listItem","name":"Home"}},{"@type":"ListItem","@id":"https:\/\/eldigitaldeasturias.com\/magazine365\/iberia-express-sumara-cuatro-frecuencias-a-la-ruta-vigo-madrid-y-plantea-operar-una-conexion-vigo-londres\/#listItem","position":3,"name":"Iberia Express sumar\u00e1 cuatro frecuencias a la ruta Vigo-Madrid y plantea operar una conexi\u00f3n Vigo-Londres","previousItem":{"@type":"ListItem","@id":"https:\/\/eldigitaldeasturias.com\/magazine365\/category\/actualidad-turismo\/#listItem","name":"Actualidad Turismo"}}]},{"@type":"Organization","@id":"https:\/\/eldigitaldeasturias.com\/magazine365\/#organization","name":"El digital de Asturias","description":"Revista de ocio, turismo y estilo de vida","url":"https:\/\/eldigitaldeasturias.com\/magazine365\/","logo":{"@type":"ImageObject","url":"https:\/\/www.eldigitaldeasturias.com\/noticias\/wp-content\/uploads\/2020\/12\/EDA.jpg","@id":"https:\/\/eldigitaldeasturias.com\/magazine365\/iberia-express-sumara-cuatro-frecuencias-a-la-ruta-vigo-madrid-y-plantea-operar-una-conexion-vigo-londres\/#organizationLogo"},"image":{"@id":"https:\/\/eldigitaldeasturias.com\/magazine365\/iberia-express-sumara-cuatro-frecuencias-a-la-ruta-vigo-madrid-y-plantea-operar-una-conexion-vigo-londres\/#organizationLogo"}},{"@type":"Person","@id":"https:\/\/eldigitaldeasturias.com\/magazine365\/author\/admin\/#author","url":"https:\/\/eldigitaldeasturias.com\/magazine365\/author\/admin\/","name":"admin","image":{"@type":"ImageObject","@id":"https:\/\/eldigitaldeasturias.com\/magazine365\/iberia-express-sumara-cuatro-frecuencias-a-la-ruta-vigo-madrid-y-plantea-operar-una-conexion-vigo-londres\/#authorImage","url":"https:\/\/eldigitaldeasturias.com\/magazine365\/wp-content\/litespeed\/avatar\/e571bcf59a0edd6fa6838245a470f2fe.jpg?ver=1777574230","width":96,"height":96,"caption":"admin"}},{"@type":"WebPage","@id":"https:\/\/eldigitaldeasturias.com\/magazine365\/iberia-express-sumara-cuatro-frecuencias-a-la-ruta-vigo-madrid-y-plantea-operar-una-conexion-vigo-londres\/#webpage","url":"https:\/\/eldigitaldeasturias.com\/magazine365\/iberia-express-sumara-cuatro-frecuencias-a-la-ruta-vigo-madrid-y-plantea-operar-una-conexion-vigo-londres\/","name":"Iberia Express sumar\u00e1 cuatro frecuencias a la ruta Vigo-Madrid y plantea operar una conexi\u00f3n Vigo-Londres | El Digital de Asturias","description":"La aerol\u00ednea Iberia Express reforzar\u00e1 el pr\u00f3ximo a\u00f1o la ruta Vigo-Madrid con cuatro frecuencias semanales m\u00e1s y ha planteado al alcalde de Vigo, Abel Caballero, la posibilidad de implantar la conexi\u00f3n Vigo-Londres, concretamente al aeropuerto de Heathrow. As\u00ed lo ha comunicado Caballero despu\u00e9s de mantener este jueves una reuni\u00f3n con representes de la compa\u00f1\u00eda a\u00e9rea,","inLanguage":"es-ES","isPartOf":{"@id":"https:\/\/eldigitaldeasturias.com\/magazine365\/#website"},"breadcrumb":{"@id":"https:\/\/eldigitaldeasturias.com\/magazine365\/iberia-express-sumara-cuatro-frecuencias-a-la-ruta-vigo-madrid-y-plantea-operar-una-conexion-vigo-londres\/#breadcrumblist"},"author":{"@id":"https:\/\/eldigitaldeasturias.com\/magazine365\/author\/admin\/#author"},"creator":{"@id":"https:\/\/eldigitaldeasturias.com\/magazine365\/author\/admin\/#author"},"image":{"@type":"ImageObject","url":"https:\/\/eldigitaldeasturias.com\/magazine365\/wp-content\/uploads\/2015\/07\/fotonoticia_20150716184331_800.jpg","@id":"https:\/\/eldigitaldeasturias.com\/magazine365\/iberia-express-sumara-cuatro-frecuencias-a-la-ruta-vigo-madrid-y-plantea-operar-una-conexion-vigo-londres\/#mainImage","width":800,"height":533},"primaryImageOfPage":{"@id":"https:\/\/eldigitaldeasturias.com\/magazine365\/iberia-express-sumara-cuatro-frecuencias-a-la-ruta-vigo-madrid-y-plantea-operar-una-conexion-vigo-londres\/#mainImage"},"datePublished":"2015-07-18T02:42:32+02:00","dateModified":"2015-07-18T02:42:32+02:00"},{"@type":"WebSite","@id":"https:\/\/eldigitaldeasturias.com\/magazine365\/#website","url":"https:\/\/eldigitaldeasturias.com\/magazine365\/","name":"El Digital de Asturias","description":"Revista de ocio, turismo y estilo de vida","inLanguage":"es-ES","publisher":{"@id":"https:\/\/eldigitaldeasturias.com\/magazine365\/#organization"}}]},"og:locale":"es_ES","og:site_name":"El Digital de Asturias \u2013 Revista de ocio, turismo y estilo de vida","og:type":"article","og:title":"Iberia Express sumar\u00e1 cuatro frecuencias a la ruta Vigo-Madrid y plantea operar una conexi\u00f3n Vigo-Londres | El Digital de Asturias","og:description":"La aerol\u00ednea Iberia Express reforzar\u00e1 el pr\u00f3ximo a\u00f1o la ruta Vigo-Madrid con cuatro frecuencias semanales m\u00e1s y ha planteado al alcalde de Vigo, Abel Caballero, la posibilidad de implantar la conexi\u00f3n Vigo-Londres, concretamente al aeropuerto de Heathrow. As\u00ed lo ha comunicado Caballero despu\u00e9s de mantener este jueves una reuni\u00f3n con representes de la compa\u00f1\u00eda a\u00e9rea,","og:url":"https:\/\/eldigitaldeasturias.com\/magazine365\/iberia-express-sumara-cuatro-frecuencias-a-la-ruta-vigo-madrid-y-plantea-operar-una-conexion-vigo-londres\/","og:image":"https:\/\/eldigitaldeasturias.com\/magazine365\/wp-content\/uploads\/2015\/07\/fotonoticia_20150716184331_800.jpg","og:image:secure_url":"https:\/\/eldigitaldeasturias.com\/magazine365\/wp-content\/uploads\/2015\/07\/fotonoticia_20150716184331_800.jpg","og:image:width":800,"og:image:height":533,"article:published_time":"2015-07-18T00:42:32+00:00","article:modified_time":"2015-07-18T00:42:32+00:00","twitter:card":"summary_large_image","twitter:title":"Iberia Express sumar\u00e1 cuatro frecuencias a la ruta Vigo-Madrid y plantea operar una conexi\u00f3n Vigo-Londres | El Digital de Asturias","twitter:description":"La aerol\u00ednea Iberia Express reforzar\u00e1 el pr\u00f3ximo a\u00f1o la ruta Vigo-Madrid con cuatro frecuencias semanales m\u00e1s y ha planteado al alcalde de Vigo, Abel Caballero, la posibilidad de implantar la conexi\u00f3n Vigo-Londres, concretamente al aeropuerto de Heathrow. As\u00ed lo ha comunicado Caballero despu\u00e9s de mantener este jueves una reuni\u00f3n con representes de la compa\u00f1\u00eda a\u00e9rea,","twitter:image":"https:\/\/eldigitaldeasturias.com\/magazine365\/wp-content\/uploads\/2015\/07\/fotonoticia_20150716184331_800.jpg"},"aioseo_meta_data":{"post_id":"42953","title":null,"description":null,"keywords":null,"keyphrases":null,"primary_term":null,"canonical_url":null,"og_title":null,"og_description":null,"og_object_type":"default","og_image_type":"default","og_image_url":null,"og_image_width":null,"og_image_height":null,"og_image_custom_url":null,"og_image_custom_fields":null,"og_video":null,"og_custom_url":null,"og_article_section":null,"og_article_tags":null,"twitter_use_og":false,"twitter_card":"default","twitter_image_type":"default","twitter_image_url":null,"twitter_image_custom_url":null,"twitter_image_custom_fields":null,"twitter_title":null,"twitter_description":null,"schema":{"blockGraphs":[],"customGraphs":[],"default":{"data":{"Article":[],"Course":[],"Dataset":[],"FAQPage":[],"Movie":[],"Person":[],"Product":[],"ProductReview":[],"Car":[],"Recipe":[],"Service":[],"SoftwareApplication":[],"WebPage":[]},"graphName":"","isEnabled":true},"graphs":[],"defaultGraph":"","defaultPostTypeGraph":""},"schema_type":null,"schema_type_options":null,"pillar_content":false,"robots_default":true,"robots_noindex":false,"robots_noarchive":false,"robots_nosnippet":false,"robots_nofollow":false,"robots_noimageindex":false,"robots_noodp":false,"robots_notranslate":false,"robots_max_snippet":null,"robots_max_videopreview":null,"robots_max_imagepreview":"large","priority":null,"frequency":null,"location":null,"local_seo":null,"seo_analyzer_scan_date":"2025-09-19 18:49:29","breadcrumb_settings":null,"limit_modified_date":false,"open_ai":null,"ai":null,"created":"2021-03-09 01:53:41","updated":"2025-09-19 18:49:29"},"aioseo_breadcrumb":"<div class=\"aioseo-breadcrumbs\"><span class=\"aioseo-breadcrumb\">\n\t<a href=\"https:\/\/eldigitaldeasturias.com\/magazine365\" title=\"Home\">Home<\/a>\n<\/span><span class=\"aioseo-breadcrumb-separator\">\u2013<\/span><span class=\"aioseo-breadcrumb\">\n\t<a href=\"https:\/\/eldigitaldeasturias.com\/magazine365\/category\/actualidad-turismo\/\" title=\"Actualidad Turismo\">Actualidad Turismo<\/a>\n<\/span><span class=\"aioseo-breadcrumb-separator\">\u2013<\/span><span class=\"aioseo-breadcrumb\">\n\t<a href=\"https:\/\/eldigitaldeasturias.com\/magazine365\/iberia-express-sumara-cuatro-frecuencias-a-la-ruta-vigo-madrid-y-plantea-operar-una-conexion-vigo-londres\/\" title=\"Iberia Express sumar\u00e1 cuatro frecuencias a la ruta Vigo-Madrid y plantea operar una conexi\u00f3n Vigo-Londres\">Iberia Express sumar\u00e1 cuatro frecuencias a la ruta Vigo-Madrid y plantea operar una conexi\u00f3n Vigo-Londres<\/a>\n<\/span><\/div>","aioseo_breadcrumb_json":[{"label":"Home","link":"https:\/\/eldigitaldeasturias.com\/magazine365"},{"label":"Actualidad Turismo","link":"https:\/\/eldigitaldeasturias.com\/magazine365\/category\/actualidad-turismo\/"},{"label":"Iberia Express sumar\u00e1 cuatro frecuencias a la ruta Vigo-Madrid y plantea operar una conexi\u00f3n Vigo-Londres","link":"https:\/\/eldigitaldeasturias.com\/magazine365\/iberia-express-sumara-cuatro-frecuencias-a-la-ruta-vigo-madrid-y-plantea-operar-una-conexion-vigo-londres\/"}],"_links":{"self":[{"href":"https:\/\/eldigitaldeasturias.com\/magazine365\/wp-json\/wp\/v2\/posts\/42953","targetHints":{"allow":["GET"]}}],"collection":[{"href":"https:\/\/eldigitaldeasturias.com\/magazine365\/wp-json\/wp\/v2\/posts"}],"about":[{"href":"https:\/\/eldigitaldeasturias.com\/magazine365\/wp-json\/wp\/v2\/types\/post"}],"author":[{"embeddable":true,"href":"https:\/\/eldigitaldeasturias.com\/magazine365\/wp-json\/wp\/v2\/users\/1"}],"replies":[{"embeddable":true,"href":"https:\/\/eldigitaldeasturias.com\/magazine365\/wp-json\/wp\/v2\/comments?post=42953"}],"version-history":[{"count":0,"href":"https:\/\/eldigitaldeasturias.com\/magazine365\/wp-json\/wp\/v2\/posts\/42953\/revisions"}],"wp:featuredmedia":[{"embeddable":true,"href":"https:\/\/eldigitaldeasturias.com\/magazine365\/wp-json\/wp\/v2\/media\/42954"}],"wp:attachment":[{"href":"https:\/\/eldigitaldeasturias.com\/magazine365\/wp-json\/wp\/v2\/media?parent=42953"}],"wp:term":[{"taxonomy":"category","embeddable":true,"href":"https:\/\/eldigitaldeasturias.com\/magazine365\/wp-json\/wp\/v2\/categories?post=42953"},{"taxonomy":"post_tag","embeddable":true,"href":"https:\/\/eldigitaldeasturias.com\/magazine365\/wp-json\/wp\/v2\/tags?post=42953"}],"curies":[{"name":"wp","href":"https:\/\/api.w.org\/{rel}","templated":true}]}}