{"id":42950,"date":"2015-07-18T02:40:59","date_gmt":"2015-07-18T00:40:59","guid":{"rendered":"http:\/\/eldigitaldeasturias.com\/magazine365\/?p=42950"},"modified":"2015-07-18T02:40:59","modified_gmt":"2015-07-18T00:40:59","slug":"starwood-estrenara-el-hotel-w-costa-rica-en-2019","status":"publish","type":"post","link":"https:\/\/eldigitaldeasturias.com\/magazine365\/starwood-estrenara-el-hotel-w-costa-rica-en-2019\/","title":{"rendered":"Starwood estrenar\u00e1 el hotel W Costa Rica en 2019"},"content":{"rendered":"<p><img fetchpriority=\"high\" decoding=\"async\" class=\"alignleft size-medium wp-image-42951\" src=\"https:\/\/eldigitaldeasturias.com\/magazine365\/wp-content\/uploads\/2015\/07\/fotonoticia_20150716181557_800-360x270.jpg\" alt=\"fotonoticia_20150716181557_800\" width=\"360\" height=\"270\" srcset=\"https:\/\/eldigitaldeasturias.com\/magazine365\/wp-content\/uploads\/2015\/07\/fotonoticia_20150716181557_800-360x270.jpg 360w, https:\/\/eldigitaldeasturias.com\/magazine365\/wp-content\/uploads\/2015\/07\/fotonoticia_20150716181557_800-650x488.jpg 650w, https:\/\/eldigitaldeasturias.com\/magazine365\/wp-content\/uploads\/2015\/07\/fotonoticia_20150716181557_800-768x576.jpg 768w, https:\/\/eldigitaldeasturias.com\/magazine365\/wp-content\/uploads\/2015\/07\/fotonoticia_20150716181557_800-150x113.jpg 150w, https:\/\/eldigitaldeasturias.com\/magazine365\/wp-content\/uploads\/2015\/07\/fotonoticia_20150716181557_800-450x338.jpg 450w, https:\/\/eldigitaldeasturias.com\/magazine365\/wp-content\/uploads\/2015\/07\/fotonoticia_20150716181557_800-80x60.jpg 80w, https:\/\/eldigitaldeasturias.com\/magazine365\/wp-content\/uploads\/2015\/07\/fotonoticia_20150716181557_800-265x198.jpg 265w, https:\/\/eldigitaldeasturias.com\/magazine365\/wp-content\/uploads\/2015\/07\/fotonoticia_20150716181557_800-696x522.jpg 696w, https:\/\/eldigitaldeasturias.com\/magazine365\/wp-content\/uploads\/2015\/07\/fotonoticia_20150716181557_800-560x420.jpg 560w, https:\/\/eldigitaldeasturias.com\/magazine365\/wp-content\/uploads\/2015\/07\/fotonoticia_20150716181557_800-90x67.jpg 90w, https:\/\/eldigitaldeasturias.com\/magazine365\/wp-content\/uploads\/2015\/07\/fotonoticia_20150716181557_800-100x75.jpg 100w, https:\/\/eldigitaldeasturias.com\/magazine365\/wp-content\/uploads\/2015\/07\/fotonoticia_20150716181557_800.jpg 800w\" sizes=\"(max-width: 360px) 100vw, 360px\" \/>Starwood ha anunciado la apertura del W Costa Rica en 2019, con lo que consolida su crecimiento en Latinoam\u00e9rica, adem\u00e1s de inaugurar nuevo hotel en India, seg\u00fan inform\u00f3 la cadena hotelera.<\/p>\n<p>La marca W se estrena as\u00ed en Costa Rica, su primer destino en la regi\u00f3n. Los hu\u00e9spedes contar\u00e1n con 151 habitaciones, as\u00ed como espacios para eventos y celebraciones.<\/p>\n<p>La decisi\u00f3n se enmarca dentro del plan de expansi\u00f3n del grupo, tras el \u00e9xito del W Bogot\u00e1 y con vistas a la apertura del hotel W Panam\u00e1 en 2017.<\/p>\n<p>La hotelera tambi\u00e9n ha anunciado la apertura del Sheraton Hyderabad en India, con el que suma un total de 44 hoteles en el pa\u00eds. El hotel ofrece 272 habitaciones, as\u00ed como 950 metros cuadrados para quienes quieran organizar un encuentro profesional o para ocasiones especiales.<\/p>\n<p>La propiedad es adem\u00e1s la tercera de la marca Sheraton en el territorio.<\/p>\n","protected":false},"excerpt":{"rendered":"<p>Starwood ha anunciado la apertura del W Costa Rica en 2019, con lo que consolida su crecimiento en Latinoam\u00e9rica, adem\u00e1s de inaugurar nuevo hotel en India, seg\u00fan inform\u00f3 la cadena hotelera. La marca W se estrena as\u00ed en Costa Rica, su primer destino en la regi\u00f3n. Los hu\u00e9spedes contar\u00e1n con 151 habitaciones, as\u00ed como espacios<\/p>\n","protected":false},"author":1,"featured_media":42951,"comment_status":"open","ping_status":"closed","sticky":false,"template":"","format":"standard","meta":{"footnotes":""},"categories":[222],"tags":[],"class_list":{"0":"post-42950","1":"post","2":"type-post","3":"status-publish","4":"format-standard","5":"has-post-thumbnail","7":"category-actualidad-turismo"},"aioseo_notices":[],"aioseo_head":"\n\t\t<!-- All in One SEO Pro 4.9.6.1 - aioseo.com -->\n\t<meta name=\"description\" content=\"Starwood ha anunciado la apertura del W Costa Rica en 2019, con lo que consolida su crecimiento en Latinoam\u00e9rica, adem\u00e1s de inaugurar nuevo hotel en India, seg\u00fan inform\u00f3 la cadena hotelera. La marca W se estrena as\u00ed en Costa Rica, su primer destino en la regi\u00f3n. Los hu\u00e9spedes contar\u00e1n con 151 habitaciones, as\u00ed como espacios\" \/>\n\t<meta name=\"robots\" content=\"max-image-preview:large\" \/>\n\t<meta name=\"author\" content=\"admin\"\/>\n\t<meta name=\"google-site-verification\" content=\"UA-38556648-1\" \/>\n\t<meta name=\"keywords\" content=\"actualidad turismo\" \/>\n\t<link rel=\"canonical\" href=\"https:\/\/eldigitaldeasturias.com\/magazine365\/starwood-estrenara-el-hotel-w-costa-rica-en-2019\/\" \/>\n\t<meta name=\"generator\" content=\"All in One SEO Pro (AIOSEO) 4.9.6.1\" \/>\n\t\t<meta property=\"og:locale\" content=\"es_ES\" \/>\n\t\t<meta property=\"og:site_name\" content=\"El Digital de Asturias \u2013 Revista de ocio, turismo y estilo de vida\" \/>\n\t\t<meta property=\"og:type\" content=\"article\" \/>\n\t\t<meta property=\"og:title\" content=\"Starwood estrenar\u00e1 el hotel W Costa Rica en 2019 | El Digital de Asturias\" \/>\n\t\t<meta property=\"og:description\" content=\"Starwood ha anunciado la apertura del W Costa Rica en 2019, con lo que consolida su crecimiento en Latinoam\u00e9rica, adem\u00e1s de inaugurar nuevo hotel en India, seg\u00fan inform\u00f3 la cadena hotelera. La marca W se estrena as\u00ed en Costa Rica, su primer destino en la regi\u00f3n. Los hu\u00e9spedes contar\u00e1n con 151 habitaciones, as\u00ed como espacios\" \/>\n\t\t<meta property=\"og:url\" content=\"https:\/\/eldigitaldeasturias.com\/magazine365\/starwood-estrenara-el-hotel-w-costa-rica-en-2019\/\" \/>\n\t\t<meta property=\"og:image\" content=\"https:\/\/eldigitaldeasturias.com\/magazine365\/wp-content\/uploads\/2015\/07\/fotonoticia_20150716181557_800.jpg\" \/>\n\t\t<meta property=\"og:image:secure_url\" content=\"https:\/\/eldigitaldeasturias.com\/magazine365\/wp-content\/uploads\/2015\/07\/fotonoticia_20150716181557_800.jpg\" \/>\n\t\t<meta property=\"og:image:width\" content=\"800\" \/>\n\t\t<meta property=\"og:image:height\" content=\"600\" \/>\n\t\t<meta property=\"article:published_time\" content=\"2015-07-18T00:40:59+00:00\" \/>\n\t\t<meta property=\"article:modified_time\" content=\"2015-07-18T00:40:59+00:00\" \/>\n\t\t<meta name=\"twitter:card\" content=\"summary_large_image\" \/>\n\t\t<meta name=\"twitter:title\" content=\"Starwood estrenar\u00e1 el hotel W Costa Rica en 2019 | El Digital de Asturias\" \/>\n\t\t<meta name=\"twitter:description\" content=\"Starwood ha anunciado la apertura del W Costa Rica en 2019, con lo que consolida su crecimiento en Latinoam\u00e9rica, adem\u00e1s de inaugurar nuevo hotel en India, seg\u00fan inform\u00f3 la cadena hotelera. La marca W se estrena as\u00ed en Costa Rica, su primer destino en la regi\u00f3n. Los hu\u00e9spedes contar\u00e1n con 151 habitaciones, as\u00ed como espacios\" \/>\n\t\t<meta name=\"twitter:image\" content=\"https:\/\/eldigitaldeasturias.com\/magazine365\/wp-content\/uploads\/2015\/07\/fotonoticia_20150716181557_800.jpg\" \/>\n\t\t<script type=\"application\/ld+json\" class=\"aioseo-schema\">\n\t\t\t{\"@context\":\"https:\\\/\\\/schema.org\",\"@graph\":[{\"@type\":\"Article\",\"@id\":\"https:\\\/\\\/eldigitaldeasturias.com\\\/magazine365\\\/starwood-estrenara-el-hotel-w-costa-rica-en-2019\\\/#article\",\"name\":\"Starwood estrenar\\u00e1 el hotel W Costa Rica en 2019 | El Digital de Asturias\",\"headline\":\"Starwood estrenar\\u00e1 el hotel W Costa Rica en 2019\",\"author\":{\"@id\":\"https:\\\/\\\/eldigitaldeasturias.com\\\/magazine365\\\/author\\\/admin\\\/#author\"},\"publisher\":{\"@id\":\"https:\\\/\\\/eldigitaldeasturias.com\\\/magazine365\\\/#organization\"},\"image\":{\"@type\":\"ImageObject\",\"url\":\"https:\\\/\\\/eldigitaldeasturias.com\\\/magazine365\\\/wp-content\\\/uploads\\\/2015\\\/07\\\/fotonoticia_20150716181557_800.jpg\",\"width\":800,\"height\":600},\"datePublished\":\"2015-07-18T02:40:59+02:00\",\"dateModified\":\"2015-07-18T02:40:59+02:00\",\"inLanguage\":\"es-ES\",\"mainEntityOfPage\":{\"@id\":\"https:\\\/\\\/eldigitaldeasturias.com\\\/magazine365\\\/starwood-estrenara-el-hotel-w-costa-rica-en-2019\\\/#webpage\"},\"isPartOf\":{\"@id\":\"https:\\\/\\\/eldigitaldeasturias.com\\\/magazine365\\\/starwood-estrenara-el-hotel-w-costa-rica-en-2019\\\/#webpage\"},\"articleSection\":\"Actualidad Turismo\"},{\"@type\":\"BreadcrumbList\",\"@id\":\"https:\\\/\\\/eldigitaldeasturias.com\\\/magazine365\\\/starwood-estrenara-el-hotel-w-costa-rica-en-2019\\\/#breadcrumblist\",\"itemListElement\":[{\"@type\":\"ListItem\",\"@id\":\"https:\\\/\\\/eldigitaldeasturias.com\\\/magazine365#listItem\",\"position\":1,\"name\":\"Home\",\"item\":\"https:\\\/\\\/eldigitaldeasturias.com\\\/magazine365\",\"nextItem\":{\"@type\":\"ListItem\",\"@id\":\"https:\\\/\\\/eldigitaldeasturias.com\\\/magazine365\\\/category\\\/actualidad-turismo\\\/#listItem\",\"name\":\"Actualidad Turismo\"}},{\"@type\":\"ListItem\",\"@id\":\"https:\\\/\\\/eldigitaldeasturias.com\\\/magazine365\\\/category\\\/actualidad-turismo\\\/#listItem\",\"position\":2,\"name\":\"Actualidad Turismo\",\"item\":\"https:\\\/\\\/eldigitaldeasturias.com\\\/magazine365\\\/category\\\/actualidad-turismo\\\/\",\"nextItem\":{\"@type\":\"ListItem\",\"@id\":\"https:\\\/\\\/eldigitaldeasturias.com\\\/magazine365\\\/starwood-estrenara-el-hotel-w-costa-rica-en-2019\\\/#listItem\",\"name\":\"Starwood estrenar\\u00e1 el hotel W Costa Rica en 2019\"},\"previousItem\":{\"@type\":\"ListItem\",\"@id\":\"https:\\\/\\\/eldigitaldeasturias.com\\\/magazine365#listItem\",\"name\":\"Home\"}},{\"@type\":\"ListItem\",\"@id\":\"https:\\\/\\\/eldigitaldeasturias.com\\\/magazine365\\\/starwood-estrenara-el-hotel-w-costa-rica-en-2019\\\/#listItem\",\"position\":3,\"name\":\"Starwood estrenar\\u00e1 el hotel W Costa Rica en 2019\",\"previousItem\":{\"@type\":\"ListItem\",\"@id\":\"https:\\\/\\\/eldigitaldeasturias.com\\\/magazine365\\\/category\\\/actualidad-turismo\\\/#listItem\",\"name\":\"Actualidad Turismo\"}}]},{\"@type\":\"Organization\",\"@id\":\"https:\\\/\\\/eldigitaldeasturias.com\\\/magazine365\\\/#organization\",\"name\":\"El digital de Asturias\",\"description\":\"Revista de ocio, turismo y estilo de vida\",\"url\":\"https:\\\/\\\/eldigitaldeasturias.com\\\/magazine365\\\/\",\"logo\":{\"@type\":\"ImageObject\",\"url\":\"https:\\\/\\\/www.eldigitaldeasturias.com\\\/noticias\\\/wp-content\\\/uploads\\\/2020\\\/12\\\/EDA.jpg\",\"@id\":\"https:\\\/\\\/eldigitaldeasturias.com\\\/magazine365\\\/starwood-estrenara-el-hotel-w-costa-rica-en-2019\\\/#organizationLogo\"},\"image\":{\"@id\":\"https:\\\/\\\/eldigitaldeasturias.com\\\/magazine365\\\/starwood-estrenara-el-hotel-w-costa-rica-en-2019\\\/#organizationLogo\"}},{\"@type\":\"Person\",\"@id\":\"https:\\\/\\\/eldigitaldeasturias.com\\\/magazine365\\\/author\\\/admin\\\/#author\",\"url\":\"https:\\\/\\\/eldigitaldeasturias.com\\\/magazine365\\\/author\\\/admin\\\/\",\"name\":\"admin\",\"image\":{\"@type\":\"ImageObject\",\"@id\":\"https:\\\/\\\/eldigitaldeasturias.com\\\/magazine365\\\/starwood-estrenara-el-hotel-w-costa-rica-en-2019\\\/#authorImage\",\"url\":\"https:\\\/\\\/eldigitaldeasturias.com\\\/magazine365\\\/wp-content\\\/litespeed\\\/avatar\\\/e571bcf59a0edd6fa6838245a470f2fe.jpg?ver=1777574230\",\"width\":96,\"height\":96,\"caption\":\"admin\"}},{\"@type\":\"WebPage\",\"@id\":\"https:\\\/\\\/eldigitaldeasturias.com\\\/magazine365\\\/starwood-estrenara-el-hotel-w-costa-rica-en-2019\\\/#webpage\",\"url\":\"https:\\\/\\\/eldigitaldeasturias.com\\\/magazine365\\\/starwood-estrenara-el-hotel-w-costa-rica-en-2019\\\/\",\"name\":\"Starwood estrenar\\u00e1 el hotel W Costa Rica en 2019 | El Digital de Asturias\",\"description\":\"Starwood ha anunciado la apertura del W Costa Rica en 2019, con lo que consolida su crecimiento en Latinoam\\u00e9rica, adem\\u00e1s de inaugurar nuevo hotel en India, seg\\u00fan inform\\u00f3 la cadena hotelera. La marca W se estrena as\\u00ed en Costa Rica, su primer destino en la regi\\u00f3n. Los hu\\u00e9spedes contar\\u00e1n con 151 habitaciones, as\\u00ed como espacios\",\"inLanguage\":\"es-ES\",\"isPartOf\":{\"@id\":\"https:\\\/\\\/eldigitaldeasturias.com\\\/magazine365\\\/#website\"},\"breadcrumb\":{\"@id\":\"https:\\\/\\\/eldigitaldeasturias.com\\\/magazine365\\\/starwood-estrenara-el-hotel-w-costa-rica-en-2019\\\/#breadcrumblist\"},\"author\":{\"@id\":\"https:\\\/\\\/eldigitaldeasturias.com\\\/magazine365\\\/author\\\/admin\\\/#author\"},\"creator\":{\"@id\":\"https:\\\/\\\/eldigitaldeasturias.com\\\/magazine365\\\/author\\\/admin\\\/#author\"},\"image\":{\"@type\":\"ImageObject\",\"url\":\"https:\\\/\\\/eldigitaldeasturias.com\\\/magazine365\\\/wp-content\\\/uploads\\\/2015\\\/07\\\/fotonoticia_20150716181557_800.jpg\",\"@id\":\"https:\\\/\\\/eldigitaldeasturias.com\\\/magazine365\\\/starwood-estrenara-el-hotel-w-costa-rica-en-2019\\\/#mainImage\",\"width\":800,\"height\":600},\"primaryImageOfPage\":{\"@id\":\"https:\\\/\\\/eldigitaldeasturias.com\\\/magazine365\\\/starwood-estrenara-el-hotel-w-costa-rica-en-2019\\\/#mainImage\"},\"datePublished\":\"2015-07-18T02:40:59+02:00\",\"dateModified\":\"2015-07-18T02:40:59+02:00\"},{\"@type\":\"WebSite\",\"@id\":\"https:\\\/\\\/eldigitaldeasturias.com\\\/magazine365\\\/#website\",\"url\":\"https:\\\/\\\/eldigitaldeasturias.com\\\/magazine365\\\/\",\"name\":\"El Digital de Asturias\",\"description\":\"Revista de ocio, turismo y estilo de vida\",\"inLanguage\":\"es-ES\",\"publisher\":{\"@id\":\"https:\\\/\\\/eldigitaldeasturias.com\\\/magazine365\\\/#organization\"}}]}\n\t\t<\/script>\n\t\t<!-- All in One SEO Pro -->\r\n\t\t<title>Starwood estrenar\u00e1 el hotel W Costa Rica en 2019 | El Digital de Asturias<\/title>\n\n","aioseo_head_json":{"title":"Starwood estrenar\u00e1 el hotel W Costa Rica en 2019 | El Digital de Asturias","description":"Starwood ha anunciado la apertura del W Costa Rica en 2019, con lo que consolida su crecimiento en Latinoam\u00e9rica, adem\u00e1s de inaugurar nuevo hotel en India, seg\u00fan inform\u00f3 la cadena hotelera. La marca W se estrena as\u00ed en Costa Rica, su primer destino en la regi\u00f3n. Los hu\u00e9spedes contar\u00e1n con 151 habitaciones, as\u00ed como espacios","canonical_url":"https:\/\/eldigitaldeasturias.com\/magazine365\/starwood-estrenara-el-hotel-w-costa-rica-en-2019\/","robots":"max-image-preview:large","keywords":"actualidad turismo","webmasterTools":{"google-site-verification":"UA-38556648-1","miscellaneous":""},"schema":{"@context":"https:\/\/schema.org","@graph":[{"@type":"Article","@id":"https:\/\/eldigitaldeasturias.com\/magazine365\/starwood-estrenara-el-hotel-w-costa-rica-en-2019\/#article","name":"Starwood estrenar\u00e1 el hotel W Costa Rica en 2019 | El Digital de Asturias","headline":"Starwood estrenar\u00e1 el hotel W Costa Rica en 2019","author":{"@id":"https:\/\/eldigitaldeasturias.com\/magazine365\/author\/admin\/#author"},"publisher":{"@id":"https:\/\/eldigitaldeasturias.com\/magazine365\/#organization"},"image":{"@type":"ImageObject","url":"https:\/\/eldigitaldeasturias.com\/magazine365\/wp-content\/uploads\/2015\/07\/fotonoticia_20150716181557_800.jpg","width":800,"height":600},"datePublished":"2015-07-18T02:40:59+02:00","dateModified":"2015-07-18T02:40:59+02:00","inLanguage":"es-ES","mainEntityOfPage":{"@id":"https:\/\/eldigitaldeasturias.com\/magazine365\/starwood-estrenara-el-hotel-w-costa-rica-en-2019\/#webpage"},"isPartOf":{"@id":"https:\/\/eldigitaldeasturias.com\/magazine365\/starwood-estrenara-el-hotel-w-costa-rica-en-2019\/#webpage"},"articleSection":"Actualidad Turismo"},{"@type":"BreadcrumbList","@id":"https:\/\/eldigitaldeasturias.com\/magazine365\/starwood-estrenara-el-hotel-w-costa-rica-en-2019\/#breadcrumblist","itemListElement":[{"@type":"ListItem","@id":"https:\/\/eldigitaldeasturias.com\/magazine365#listItem","position":1,"name":"Home","item":"https:\/\/eldigitaldeasturias.com\/magazine365","nextItem":{"@type":"ListItem","@id":"https:\/\/eldigitaldeasturias.com\/magazine365\/category\/actualidad-turismo\/#listItem","name":"Actualidad Turismo"}},{"@type":"ListItem","@id":"https:\/\/eldigitaldeasturias.com\/magazine365\/category\/actualidad-turismo\/#listItem","position":2,"name":"Actualidad Turismo","item":"https:\/\/eldigitaldeasturias.com\/magazine365\/category\/actualidad-turismo\/","nextItem":{"@type":"ListItem","@id":"https:\/\/eldigitaldeasturias.com\/magazine365\/starwood-estrenara-el-hotel-w-costa-rica-en-2019\/#listItem","name":"Starwood estrenar\u00e1 el hotel W Costa Rica en 2019"},"previousItem":{"@type":"ListItem","@id":"https:\/\/eldigitaldeasturias.com\/magazine365#listItem","name":"Home"}},{"@type":"ListItem","@id":"https:\/\/eldigitaldeasturias.com\/magazine365\/starwood-estrenara-el-hotel-w-costa-rica-en-2019\/#listItem","position":3,"name":"Starwood estrenar\u00e1 el hotel W Costa Rica en 2019","previousItem":{"@type":"ListItem","@id":"https:\/\/eldigitaldeasturias.com\/magazine365\/category\/actualidad-turismo\/#listItem","name":"Actualidad Turismo"}}]},{"@type":"Organization","@id":"https:\/\/eldigitaldeasturias.com\/magazine365\/#organization","name":"El digital de Asturias","description":"Revista de ocio, turismo y estilo de vida","url":"https:\/\/eldigitaldeasturias.com\/magazine365\/","logo":{"@type":"ImageObject","url":"https:\/\/www.eldigitaldeasturias.com\/noticias\/wp-content\/uploads\/2020\/12\/EDA.jpg","@id":"https:\/\/eldigitaldeasturias.com\/magazine365\/starwood-estrenara-el-hotel-w-costa-rica-en-2019\/#organizationLogo"},"image":{"@id":"https:\/\/eldigitaldeasturias.com\/magazine365\/starwood-estrenara-el-hotel-w-costa-rica-en-2019\/#organizationLogo"}},{"@type":"Person","@id":"https:\/\/eldigitaldeasturias.com\/magazine365\/author\/admin\/#author","url":"https:\/\/eldigitaldeasturias.com\/magazine365\/author\/admin\/","name":"admin","image":{"@type":"ImageObject","@id":"https:\/\/eldigitaldeasturias.com\/magazine365\/starwood-estrenara-el-hotel-w-costa-rica-en-2019\/#authorImage","url":"https:\/\/eldigitaldeasturias.com\/magazine365\/wp-content\/litespeed\/avatar\/e571bcf59a0edd6fa6838245a470f2fe.jpg?ver=1777574230","width":96,"height":96,"caption":"admin"}},{"@type":"WebPage","@id":"https:\/\/eldigitaldeasturias.com\/magazine365\/starwood-estrenara-el-hotel-w-costa-rica-en-2019\/#webpage","url":"https:\/\/eldigitaldeasturias.com\/magazine365\/starwood-estrenara-el-hotel-w-costa-rica-en-2019\/","name":"Starwood estrenar\u00e1 el hotel W Costa Rica en 2019 | El Digital de Asturias","description":"Starwood ha anunciado la apertura del W Costa Rica en 2019, con lo que consolida su crecimiento en Latinoam\u00e9rica, adem\u00e1s de inaugurar nuevo hotel en India, seg\u00fan inform\u00f3 la cadena hotelera. La marca W se estrena as\u00ed en Costa Rica, su primer destino en la regi\u00f3n. Los hu\u00e9spedes contar\u00e1n con 151 habitaciones, as\u00ed como espacios","inLanguage":"es-ES","isPartOf":{"@id":"https:\/\/eldigitaldeasturias.com\/magazine365\/#website"},"breadcrumb":{"@id":"https:\/\/eldigitaldeasturias.com\/magazine365\/starwood-estrenara-el-hotel-w-costa-rica-en-2019\/#breadcrumblist"},"author":{"@id":"https:\/\/eldigitaldeasturias.com\/magazine365\/author\/admin\/#author"},"creator":{"@id":"https:\/\/eldigitaldeasturias.com\/magazine365\/author\/admin\/#author"},"image":{"@type":"ImageObject","url":"https:\/\/eldigitaldeasturias.com\/magazine365\/wp-content\/uploads\/2015\/07\/fotonoticia_20150716181557_800.jpg","@id":"https:\/\/eldigitaldeasturias.com\/magazine365\/starwood-estrenara-el-hotel-w-costa-rica-en-2019\/#mainImage","width":800,"height":600},"primaryImageOfPage":{"@id":"https:\/\/eldigitaldeasturias.com\/magazine365\/starwood-estrenara-el-hotel-w-costa-rica-en-2019\/#mainImage"},"datePublished":"2015-07-18T02:40:59+02:00","dateModified":"2015-07-18T02:40:59+02:00"},{"@type":"WebSite","@id":"https:\/\/eldigitaldeasturias.com\/magazine365\/#website","url":"https:\/\/eldigitaldeasturias.com\/magazine365\/","name":"El Digital de Asturias","description":"Revista de ocio, turismo y estilo de vida","inLanguage":"es-ES","publisher":{"@id":"https:\/\/eldigitaldeasturias.com\/magazine365\/#organization"}}]},"og:locale":"es_ES","og:site_name":"El Digital de Asturias \u2013 Revista de ocio, turismo y estilo de vida","og:type":"article","og:title":"Starwood estrenar\u00e1 el hotel W Costa Rica en 2019 | El Digital de Asturias","og:description":"Starwood ha anunciado la apertura del W Costa Rica en 2019, con lo que consolida su crecimiento en Latinoam\u00e9rica, adem\u00e1s de inaugurar nuevo hotel en India, seg\u00fan inform\u00f3 la cadena hotelera. La marca W se estrena as\u00ed en Costa Rica, su primer destino en la regi\u00f3n. Los hu\u00e9spedes contar\u00e1n con 151 habitaciones, as\u00ed como espacios","og:url":"https:\/\/eldigitaldeasturias.com\/magazine365\/starwood-estrenara-el-hotel-w-costa-rica-en-2019\/","og:image":"https:\/\/eldigitaldeasturias.com\/magazine365\/wp-content\/uploads\/2015\/07\/fotonoticia_20150716181557_800.jpg","og:image:secure_url":"https:\/\/eldigitaldeasturias.com\/magazine365\/wp-content\/uploads\/2015\/07\/fotonoticia_20150716181557_800.jpg","og:image:width":800,"og:image:height":600,"article:published_time":"2015-07-18T00:40:59+00:00","article:modified_time":"2015-07-18T00:40:59+00:00","twitter:card":"summary_large_image","twitter:title":"Starwood estrenar\u00e1 el hotel W Costa Rica en 2019 | El Digital de Asturias","twitter:description":"Starwood ha anunciado la apertura del W Costa Rica en 2019, con lo que consolida su crecimiento en Latinoam\u00e9rica, adem\u00e1s de inaugurar nuevo hotel en India, seg\u00fan inform\u00f3 la cadena hotelera. La marca W se estrena as\u00ed en Costa Rica, su primer destino en la regi\u00f3n. Los hu\u00e9spedes contar\u00e1n con 151 habitaciones, as\u00ed como espacios","twitter:image":"https:\/\/eldigitaldeasturias.com\/magazine365\/wp-content\/uploads\/2015\/07\/fotonoticia_20150716181557_800.jpg"},"aioseo_meta_data":{"post_id":"42950","title":null,"description":null,"keywords":null,"keyphrases":null,"primary_term":null,"canonical_url":null,"og_title":null,"og_description":null,"og_object_type":"default","og_image_type":"default","og_image_url":null,"og_image_width":null,"og_image_height":null,"og_image_custom_url":null,"og_image_custom_fields":null,"og_video":null,"og_custom_url":null,"og_article_section":null,"og_article_tags":null,"twitter_use_og":false,"twitter_card":"default","twitter_image_type":"default","twitter_image_url":null,"twitter_image_custom_url":null,"twitter_image_custom_fields":null,"twitter_title":null,"twitter_description":null,"schema":{"blockGraphs":[],"customGraphs":[],"default":{"data":{"Article":[],"Course":[],"Dataset":[],"FAQPage":[],"Movie":[],"Person":[],"Product":[],"ProductReview":[],"Car":[],"Recipe":[],"Service":[],"SoftwareApplication":[],"WebPage":[]},"graphName":"","isEnabled":true},"graphs":[],"defaultGraph":"","defaultPostTypeGraph":""},"schema_type":null,"schema_type_options":null,"pillar_content":false,"robots_default":true,"robots_noindex":false,"robots_noarchive":false,"robots_nosnippet":false,"robots_nofollow":false,"robots_noimageindex":false,"robots_noodp":false,"robots_notranslate":false,"robots_max_snippet":null,"robots_max_videopreview":null,"robots_max_imagepreview":"large","priority":null,"frequency":null,"location":null,"local_seo":null,"seo_analyzer_scan_date":"2025-09-19 18:49:28","breadcrumb_settings":null,"limit_modified_date":false,"open_ai":null,"ai":null,"created":"2021-03-09 01:53:41","updated":"2025-09-19 18:49:28"},"aioseo_breadcrumb":"<div class=\"aioseo-breadcrumbs\"><span class=\"aioseo-breadcrumb\">\n\t<a href=\"https:\/\/eldigitaldeasturias.com\/magazine365\" title=\"Home\">Home<\/a>\n<\/span><span class=\"aioseo-breadcrumb-separator\">\u2013<\/span><span class=\"aioseo-breadcrumb\">\n\t<a href=\"https:\/\/eldigitaldeasturias.com\/magazine365\/category\/actualidad-turismo\/\" title=\"Actualidad Turismo\">Actualidad Turismo<\/a>\n<\/span><span class=\"aioseo-breadcrumb-separator\">\u2013<\/span><span class=\"aioseo-breadcrumb\">\n\t<a href=\"https:\/\/eldigitaldeasturias.com\/magazine365\/starwood-estrenara-el-hotel-w-costa-rica-en-2019\/\" title=\"Starwood estrenar\u00e1 el hotel W Costa Rica en 2019\">Starwood estrenar\u00e1 el hotel W Costa Rica en 2019<\/a>\n<\/span><\/div>","aioseo_breadcrumb_json":[{"label":"Home","link":"https:\/\/eldigitaldeasturias.com\/magazine365"},{"label":"Actualidad Turismo","link":"https:\/\/eldigitaldeasturias.com\/magazine365\/category\/actualidad-turismo\/"},{"label":"Starwood estrenar\u00e1 el hotel W Costa Rica en 2019","link":"https:\/\/eldigitaldeasturias.com\/magazine365\/starwood-estrenara-el-hotel-w-costa-rica-en-2019\/"}],"_links":{"self":[{"href":"https:\/\/eldigitaldeasturias.com\/magazine365\/wp-json\/wp\/v2\/posts\/42950","targetHints":{"allow":["GET"]}}],"collection":[{"href":"https:\/\/eldigitaldeasturias.com\/magazine365\/wp-json\/wp\/v2\/posts"}],"about":[{"href":"https:\/\/eldigitaldeasturias.com\/magazine365\/wp-json\/wp\/v2\/types\/post"}],"author":[{"embeddable":true,"href":"https:\/\/eldigitaldeasturias.com\/magazine365\/wp-json\/wp\/v2\/users\/1"}],"replies":[{"embeddable":true,"href":"https:\/\/eldigitaldeasturias.com\/magazine365\/wp-json\/wp\/v2\/comments?post=42950"}],"version-history":[{"count":0,"href":"https:\/\/eldigitaldeasturias.com\/magazine365\/wp-json\/wp\/v2\/posts\/42950\/revisions"}],"wp:featuredmedia":[{"embeddable":true,"href":"https:\/\/eldigitaldeasturias.com\/magazine365\/wp-json\/wp\/v2\/media\/42951"}],"wp:attachment":[{"href":"https:\/\/eldigitaldeasturias.com\/magazine365\/wp-json\/wp\/v2\/media?parent=42950"}],"wp:term":[{"taxonomy":"category","embeddable":true,"href":"https:\/\/eldigitaldeasturias.com\/magazine365\/wp-json\/wp\/v2\/categories?post=42950"},{"taxonomy":"post_tag","embeddable":true,"href":"https:\/\/eldigitaldeasturias.com\/magazine365\/wp-json\/wp\/v2\/tags?post=42950"}],"curies":[{"name":"wp","href":"https:\/\/api.w.org\/{rel}","templated":true}]}}