{"id":42921,"date":"2015-07-18T01:57:06","date_gmt":"2015-07-17T23:57:06","guid":{"rendered":"http:\/\/eldigitaldeasturias.com\/magazine365\/?p=42921"},"modified":"2015-07-18T01:57:06","modified_gmt":"2015-07-17T23:57:06","slug":"renfe-incorporara-unos-150-trabajadores-en-su-primera-de-contratacion-tras-la-crisis","status":"publish","type":"post","link":"https:\/\/eldigitaldeasturias.com\/magazine365\/renfe-incorporara-unos-150-trabajadores-en-su-primera-de-contratacion-tras-la-crisis\/","title":{"rendered":"Renfe incorporar\u00e1 unos 150 trabajadores en su primera de contrataci\u00f3n tras la crisis"},"content":{"rendered":"<p><img fetchpriority=\"high\" decoding=\"async\" class=\"alignleft size-medium wp-image-42922\" src=\"https:\/\/eldigitaldeasturias.com\/magazine365\/wp-content\/uploads\/2015\/07\/fotonoticia_20150716155057_800-360x243.jpg\" alt=\"fotonoticia_20150716155057_800\" width=\"360\" height=\"243\" srcset=\"https:\/\/eldigitaldeasturias.com\/magazine365\/wp-content\/uploads\/2015\/07\/fotonoticia_20150716155057_800-360x243.jpg 360w, https:\/\/eldigitaldeasturias.com\/magazine365\/wp-content\/uploads\/2015\/07\/fotonoticia_20150716155057_800-650x438.jpg 650w, https:\/\/eldigitaldeasturias.com\/magazine365\/wp-content\/uploads\/2015\/07\/fotonoticia_20150716155057_800-768x517.jpg 768w, https:\/\/eldigitaldeasturias.com\/magazine365\/wp-content\/uploads\/2015\/07\/fotonoticia_20150716155057_800-150x101.jpg 150w, https:\/\/eldigitaldeasturias.com\/magazine365\/wp-content\/uploads\/2015\/07\/fotonoticia_20150716155057_800-450x303.jpg 450w, https:\/\/eldigitaldeasturias.com\/magazine365\/wp-content\/uploads\/2015\/07\/fotonoticia_20150716155057_800-696x469.jpg 696w, https:\/\/eldigitaldeasturias.com\/magazine365\/wp-content\/uploads\/2015\/07\/fotonoticia_20150716155057_800-623x420.jpg 623w, https:\/\/eldigitaldeasturias.com\/magazine365\/wp-content\/uploads\/2015\/07\/fotonoticia_20150716155057_800.jpg 800w\" sizes=\"(max-width: 360px) 100vw, 360px\" \/>Renfe prev\u00e9 incorporar a su plantilla unos 150 trabajadores este a\u00f1o en lo que supondr\u00e1 la primera contrataci\u00f3n de nuevos empleados de la compa\u00f1\u00eda ferroviaria p\u00fablica desde el inicio de la crisis, seg\u00fan inform\u00f3 el presidente de la operadora, Pablo V\u00e1zquez.<\/p>\n<p>Estas incorporaciones se enmarcan en el plan de transformaci\u00f3n que Renfe pretende implementar en su plantilla para \u00abrejuvenecerla y que genere valor a la empresa\u00bb.<\/p>\n<p>En la actualidad, la compa\u00f1\u00eda ferroviaria cuenta con 14.500 trabajadores que presentan una edad media de unos 54 a\u00f1os.<\/p>\n<p>Renfe cuenta ya con un acuerdo con los sindicatos con representaci\u00f3n en la empresa para abordar las contrataciones previstas para este a\u00f1o.<\/p>\n<p>Adem\u00e1s, en el marco de la negociaci\u00f3n del nuevo convenio colectivo, la compa\u00f1\u00eda y los representantes de los trabajadores buscan nuevas v\u00edas para seguir generando empleo en Renfe y reducir la edad media de sus trabajadores.<\/p>\n<p>En rueda de prensa, el presidente de Renfe descart\u00f3 que este plan de recursos humanos suponga la aplicaci\u00f3n de un ajuste en la plantilla.<\/p>\n<p>\u00abLa plantilla de Renfe no presenta un excedente de personal, sino una necesidad de transformaci\u00f3n, de incorporaci\u00f3n de trabajadores que den continuidad y aporten valor\u00bb, argument\u00f3 V\u00e1zquez.<\/p>\n<p>Renfe, tras un acuerdo con los sindicados, aplic\u00f3 en 2014 un expediente de regulaci\u00f3n de empleo (ERE) voluntario y universal con el que unos 500 trabajadores optaron por salir de la compa\u00f1\u00eda.<\/p>\n<p>DISTINTAS \u00c1REAS<\/p>\n<p>En cuanto a los 150 nuevos empleados que incorporar\u00e1 este a\u00f1o se destinar\u00e1n a distintas divisiones y departamentos de la empresa, desde el de maquinistas hasta el \u00e1rea comercial.<\/p>\n<p>El rejuvenecimiento y la transformaci\u00f3n de la plantilla constituye uno de los objetivos del plan estrat\u00e9gico &#8216;+Renfe&#8217; que la compa\u00f1\u00eda ha puesto en marcha para mejorar su calidad y su rentabilidad con el fin \u00faltimo de lograr superar las p\u00e9rdidas a finales de 2016.<\/p>\n<p>Asimismo, la operadora p\u00fablica reforzar\u00e1 sus recursos humanos mientras el Ministerio de Fomento ultima la apertura a la competencia del transporte de viajeros en tren mediante la elecci\u00f3n de un primer operador privado que se medir\u00e1 con Renfe en el corredor AVE a Levante.<\/p>\n","protected":false},"excerpt":{"rendered":"<p>Renfe prev\u00e9 incorporar a su plantilla unos 150 trabajadores este a\u00f1o en lo que supondr\u00e1 la primera contrataci\u00f3n de nuevos empleados de la compa\u00f1\u00eda ferroviaria p\u00fablica desde el inicio de la crisis, seg\u00fan inform\u00f3 el presidente de la operadora, Pablo V\u00e1zquez. Estas incorporaciones se enmarcan en el plan de transformaci\u00f3n que Renfe pretende implementar en<\/p>\n","protected":false},"author":1,"featured_media":42922,"comment_status":"open","ping_status":"closed","sticky":false,"template":"","format":"standard","meta":{"footnotes":""},"categories":[224],"tags":[],"class_list":{"0":"post-42921","1":"post","2":"type-post","3":"status-publish","4":"format-standard","5":"has-post-thumbnail","7":"category-noticias-actualidad"},"aioseo_notices":[],"aioseo_head":"\n\t\t<!-- All in One SEO Pro 4.9.6.1 - aioseo.com -->\n\t<meta name=\"description\" content=\"Renfe prev\u00e9 incorporar a su plantilla unos 150 trabajadores este a\u00f1o en lo que supondr\u00e1 la primera contrataci\u00f3n de nuevos empleados de la compa\u00f1\u00eda ferroviaria p\u00fablica desde el inicio de la crisis, seg\u00fan inform\u00f3 el presidente de la operadora, Pablo V\u00e1zquez. Estas incorporaciones se enmarcan en el plan de transformaci\u00f3n que Renfe pretende implementar en\" \/>\n\t<meta name=\"robots\" content=\"max-image-preview:large\" \/>\n\t<meta name=\"author\" content=\"admin\"\/>\n\t<meta name=\"google-site-verification\" content=\"UA-38556648-1\" \/>\n\t<meta name=\"keywords\" content=\"noticias y actualidad\" \/>\n\t<link rel=\"canonical\" href=\"https:\/\/eldigitaldeasturias.com\/magazine365\/renfe-incorporara-unos-150-trabajadores-en-su-primera-de-contratacion-tras-la-crisis\/\" \/>\n\t<meta name=\"generator\" content=\"All in One SEO Pro (AIOSEO) 4.9.6.1\" \/>\n\t\t<meta property=\"og:locale\" content=\"es_ES\" \/>\n\t\t<meta property=\"og:site_name\" content=\"El Digital de Asturias \u2013 Revista de ocio, turismo y estilo de vida\" \/>\n\t\t<meta property=\"og:type\" content=\"article\" \/>\n\t\t<meta property=\"og:title\" content=\"Renfe incorporar\u00e1 unos 150 trabajadores en su primera de contrataci\u00f3n tras la crisis | El Digital de Asturias\" \/>\n\t\t<meta property=\"og:description\" content=\"Renfe prev\u00e9 incorporar a su plantilla unos 150 trabajadores este a\u00f1o en lo que supondr\u00e1 la primera contrataci\u00f3n de nuevos empleados de la compa\u00f1\u00eda ferroviaria p\u00fablica desde el inicio de la crisis, seg\u00fan inform\u00f3 el presidente de la operadora, Pablo V\u00e1zquez. Estas incorporaciones se enmarcan en el plan de transformaci\u00f3n que Renfe pretende implementar en\" \/>\n\t\t<meta property=\"og:url\" content=\"https:\/\/eldigitaldeasturias.com\/magazine365\/renfe-incorporara-unos-150-trabajadores-en-su-primera-de-contratacion-tras-la-crisis\/\" \/>\n\t\t<meta property=\"og:image\" content=\"https:\/\/eldigitaldeasturias.com\/magazine365\/wp-content\/uploads\/2015\/07\/fotonoticia_20150716155057_800.jpg\" \/>\n\t\t<meta property=\"og:image:secure_url\" content=\"https:\/\/eldigitaldeasturias.com\/magazine365\/wp-content\/uploads\/2015\/07\/fotonoticia_20150716155057_800.jpg\" \/>\n\t\t<meta property=\"og:image:width\" content=\"800\" \/>\n\t\t<meta property=\"og:image:height\" content=\"539\" \/>\n\t\t<meta property=\"article:published_time\" content=\"2015-07-17T23:57:06+00:00\" \/>\n\t\t<meta property=\"article:modified_time\" content=\"2015-07-17T23:57:06+00:00\" \/>\n\t\t<meta name=\"twitter:card\" content=\"summary_large_image\" \/>\n\t\t<meta name=\"twitter:title\" content=\"Renfe incorporar\u00e1 unos 150 trabajadores en su primera de contrataci\u00f3n tras la crisis | El Digital de Asturias\" \/>\n\t\t<meta name=\"twitter:description\" content=\"Renfe prev\u00e9 incorporar a su plantilla unos 150 trabajadores este a\u00f1o en lo que supondr\u00e1 la primera contrataci\u00f3n de nuevos empleados de la compa\u00f1\u00eda ferroviaria p\u00fablica desde el inicio de la crisis, seg\u00fan inform\u00f3 el presidente de la operadora, Pablo V\u00e1zquez. Estas incorporaciones se enmarcan en el plan de transformaci\u00f3n que Renfe pretende implementar en\" \/>\n\t\t<meta name=\"twitter:image\" content=\"https:\/\/eldigitaldeasturias.com\/magazine365\/wp-content\/uploads\/2015\/07\/fotonoticia_20150716155057_800.jpg\" \/>\n\t\t<script type=\"application\/ld+json\" class=\"aioseo-schema\">\n\t\t\t{\"@context\":\"https:\\\/\\\/schema.org\",\"@graph\":[{\"@type\":\"Article\",\"@id\":\"https:\\\/\\\/eldigitaldeasturias.com\\\/magazine365\\\/renfe-incorporara-unos-150-trabajadores-en-su-primera-de-contratacion-tras-la-crisis\\\/#article\",\"name\":\"Renfe incorporar\\u00e1 unos 150 trabajadores en su primera de contrataci\\u00f3n tras la crisis | El Digital de Asturias\",\"headline\":\"Renfe incorporar\\u00e1 unos 150 trabajadores en su primera de contrataci\\u00f3n tras la crisis\",\"author\":{\"@id\":\"https:\\\/\\\/eldigitaldeasturias.com\\\/magazine365\\\/author\\\/admin\\\/#author\"},\"publisher\":{\"@id\":\"https:\\\/\\\/eldigitaldeasturias.com\\\/magazine365\\\/#organization\"},\"image\":{\"@type\":\"ImageObject\",\"url\":\"https:\\\/\\\/eldigitaldeasturias.com\\\/magazine365\\\/wp-content\\\/uploads\\\/2015\\\/07\\\/fotonoticia_20150716155057_800.jpg\",\"width\":800,\"height\":539},\"datePublished\":\"2015-07-18T01:57:06+02:00\",\"dateModified\":\"2015-07-18T01:57:06+02:00\",\"inLanguage\":\"es-ES\",\"mainEntityOfPage\":{\"@id\":\"https:\\\/\\\/eldigitaldeasturias.com\\\/magazine365\\\/renfe-incorporara-unos-150-trabajadores-en-su-primera-de-contratacion-tras-la-crisis\\\/#webpage\"},\"isPartOf\":{\"@id\":\"https:\\\/\\\/eldigitaldeasturias.com\\\/magazine365\\\/renfe-incorporara-unos-150-trabajadores-en-su-primera-de-contratacion-tras-la-crisis\\\/#webpage\"},\"articleSection\":\"Noticias y Actualidad\"},{\"@type\":\"BreadcrumbList\",\"@id\":\"https:\\\/\\\/eldigitaldeasturias.com\\\/magazine365\\\/renfe-incorporara-unos-150-trabajadores-en-su-primera-de-contratacion-tras-la-crisis\\\/#breadcrumblist\",\"itemListElement\":[{\"@type\":\"ListItem\",\"@id\":\"https:\\\/\\\/eldigitaldeasturias.com\\\/magazine365#listItem\",\"position\":1,\"name\":\"Home\",\"item\":\"https:\\\/\\\/eldigitaldeasturias.com\\\/magazine365\",\"nextItem\":{\"@type\":\"ListItem\",\"@id\":\"https:\\\/\\\/eldigitaldeasturias.com\\\/magazine365\\\/category\\\/noticias-actualidad\\\/#listItem\",\"name\":\"Noticias y Actualidad\"}},{\"@type\":\"ListItem\",\"@id\":\"https:\\\/\\\/eldigitaldeasturias.com\\\/magazine365\\\/category\\\/noticias-actualidad\\\/#listItem\",\"position\":2,\"name\":\"Noticias y Actualidad\",\"item\":\"https:\\\/\\\/eldigitaldeasturias.com\\\/magazine365\\\/category\\\/noticias-actualidad\\\/\",\"nextItem\":{\"@type\":\"ListItem\",\"@id\":\"https:\\\/\\\/eldigitaldeasturias.com\\\/magazine365\\\/renfe-incorporara-unos-150-trabajadores-en-su-primera-de-contratacion-tras-la-crisis\\\/#listItem\",\"name\":\"Renfe incorporar\\u00e1 unos 150 trabajadores en su primera de contrataci\\u00f3n tras la crisis\"},\"previousItem\":{\"@type\":\"ListItem\",\"@id\":\"https:\\\/\\\/eldigitaldeasturias.com\\\/magazine365#listItem\",\"name\":\"Home\"}},{\"@type\":\"ListItem\",\"@id\":\"https:\\\/\\\/eldigitaldeasturias.com\\\/magazine365\\\/renfe-incorporara-unos-150-trabajadores-en-su-primera-de-contratacion-tras-la-crisis\\\/#listItem\",\"position\":3,\"name\":\"Renfe incorporar\\u00e1 unos 150 trabajadores en su primera de contrataci\\u00f3n tras la crisis\",\"previousItem\":{\"@type\":\"ListItem\",\"@id\":\"https:\\\/\\\/eldigitaldeasturias.com\\\/magazine365\\\/category\\\/noticias-actualidad\\\/#listItem\",\"name\":\"Noticias y Actualidad\"}}]},{\"@type\":\"Organization\",\"@id\":\"https:\\\/\\\/eldigitaldeasturias.com\\\/magazine365\\\/#organization\",\"name\":\"El digital de Asturias\",\"description\":\"Revista de ocio, turismo y estilo de vida\",\"url\":\"https:\\\/\\\/eldigitaldeasturias.com\\\/magazine365\\\/\",\"logo\":{\"@type\":\"ImageObject\",\"url\":\"https:\\\/\\\/www.eldigitaldeasturias.com\\\/noticias\\\/wp-content\\\/uploads\\\/2020\\\/12\\\/EDA.jpg\",\"@id\":\"https:\\\/\\\/eldigitaldeasturias.com\\\/magazine365\\\/renfe-incorporara-unos-150-trabajadores-en-su-primera-de-contratacion-tras-la-crisis\\\/#organizationLogo\"},\"image\":{\"@id\":\"https:\\\/\\\/eldigitaldeasturias.com\\\/magazine365\\\/renfe-incorporara-unos-150-trabajadores-en-su-primera-de-contratacion-tras-la-crisis\\\/#organizationLogo\"}},{\"@type\":\"Person\",\"@id\":\"https:\\\/\\\/eldigitaldeasturias.com\\\/magazine365\\\/author\\\/admin\\\/#author\",\"url\":\"https:\\\/\\\/eldigitaldeasturias.com\\\/magazine365\\\/author\\\/admin\\\/\",\"name\":\"admin\",\"image\":{\"@type\":\"ImageObject\",\"@id\":\"https:\\\/\\\/eldigitaldeasturias.com\\\/magazine365\\\/renfe-incorporara-unos-150-trabajadores-en-su-primera-de-contratacion-tras-la-crisis\\\/#authorImage\",\"url\":\"https:\\\/\\\/eldigitaldeasturias.com\\\/magazine365\\\/wp-content\\\/litespeed\\\/avatar\\\/e571bcf59a0edd6fa6838245a470f2fe.jpg?ver=1777574230\",\"width\":96,\"height\":96,\"caption\":\"admin\"}},{\"@type\":\"WebPage\",\"@id\":\"https:\\\/\\\/eldigitaldeasturias.com\\\/magazine365\\\/renfe-incorporara-unos-150-trabajadores-en-su-primera-de-contratacion-tras-la-crisis\\\/#webpage\",\"url\":\"https:\\\/\\\/eldigitaldeasturias.com\\\/magazine365\\\/renfe-incorporara-unos-150-trabajadores-en-su-primera-de-contratacion-tras-la-crisis\\\/\",\"name\":\"Renfe incorporar\\u00e1 unos 150 trabajadores en su primera de contrataci\\u00f3n tras la crisis | El Digital de Asturias\",\"description\":\"Renfe prev\\u00e9 incorporar a su plantilla unos 150 trabajadores este a\\u00f1o en lo que supondr\\u00e1 la primera contrataci\\u00f3n de nuevos empleados de la compa\\u00f1\\u00eda ferroviaria p\\u00fablica desde el inicio de la crisis, seg\\u00fan inform\\u00f3 el presidente de la operadora, Pablo V\\u00e1zquez. Estas incorporaciones se enmarcan en el plan de transformaci\\u00f3n que Renfe pretende implementar en\",\"inLanguage\":\"es-ES\",\"isPartOf\":{\"@id\":\"https:\\\/\\\/eldigitaldeasturias.com\\\/magazine365\\\/#website\"},\"breadcrumb\":{\"@id\":\"https:\\\/\\\/eldigitaldeasturias.com\\\/magazine365\\\/renfe-incorporara-unos-150-trabajadores-en-su-primera-de-contratacion-tras-la-crisis\\\/#breadcrumblist\"},\"author\":{\"@id\":\"https:\\\/\\\/eldigitaldeasturias.com\\\/magazine365\\\/author\\\/admin\\\/#author\"},\"creator\":{\"@id\":\"https:\\\/\\\/eldigitaldeasturias.com\\\/magazine365\\\/author\\\/admin\\\/#author\"},\"image\":{\"@type\":\"ImageObject\",\"url\":\"https:\\\/\\\/eldigitaldeasturias.com\\\/magazine365\\\/wp-content\\\/uploads\\\/2015\\\/07\\\/fotonoticia_20150716155057_800.jpg\",\"@id\":\"https:\\\/\\\/eldigitaldeasturias.com\\\/magazine365\\\/renfe-incorporara-unos-150-trabajadores-en-su-primera-de-contratacion-tras-la-crisis\\\/#mainImage\",\"width\":800,\"height\":539},\"primaryImageOfPage\":{\"@id\":\"https:\\\/\\\/eldigitaldeasturias.com\\\/magazine365\\\/renfe-incorporara-unos-150-trabajadores-en-su-primera-de-contratacion-tras-la-crisis\\\/#mainImage\"},\"datePublished\":\"2015-07-18T01:57:06+02:00\",\"dateModified\":\"2015-07-18T01:57:06+02:00\"},{\"@type\":\"WebSite\",\"@id\":\"https:\\\/\\\/eldigitaldeasturias.com\\\/magazine365\\\/#website\",\"url\":\"https:\\\/\\\/eldigitaldeasturias.com\\\/magazine365\\\/\",\"name\":\"El Digital de Asturias\",\"description\":\"Revista de ocio, turismo y estilo de vida\",\"inLanguage\":\"es-ES\",\"publisher\":{\"@id\":\"https:\\\/\\\/eldigitaldeasturias.com\\\/magazine365\\\/#organization\"}}]}\n\t\t<\/script>\n\t\t<!-- All in One SEO Pro -->\r\n\t\t<title>Renfe incorporar\u00e1 unos 150 trabajadores en su primera de contrataci\u00f3n tras la crisis | El Digital de Asturias<\/title>\n\n","aioseo_head_json":{"title":"Renfe incorporar\u00e1 unos 150 trabajadores en su primera de contrataci\u00f3n tras la crisis | El Digital de Asturias","description":"Renfe prev\u00e9 incorporar a su plantilla unos 150 trabajadores este a\u00f1o en lo que supondr\u00e1 la primera contrataci\u00f3n de nuevos empleados de la compa\u00f1\u00eda ferroviaria p\u00fablica desde el inicio de la crisis, seg\u00fan inform\u00f3 el presidente de la operadora, Pablo V\u00e1zquez. Estas incorporaciones se enmarcan en el plan de transformaci\u00f3n que Renfe pretende implementar en","canonical_url":"https:\/\/eldigitaldeasturias.com\/magazine365\/renfe-incorporara-unos-150-trabajadores-en-su-primera-de-contratacion-tras-la-crisis\/","robots":"max-image-preview:large","keywords":"noticias y actualidad","webmasterTools":{"google-site-verification":"UA-38556648-1","miscellaneous":""},"schema":{"@context":"https:\/\/schema.org","@graph":[{"@type":"Article","@id":"https:\/\/eldigitaldeasturias.com\/magazine365\/renfe-incorporara-unos-150-trabajadores-en-su-primera-de-contratacion-tras-la-crisis\/#article","name":"Renfe incorporar\u00e1 unos 150 trabajadores en su primera de contrataci\u00f3n tras la crisis | El Digital de Asturias","headline":"Renfe incorporar\u00e1 unos 150 trabajadores en su primera de contrataci\u00f3n tras la crisis","author":{"@id":"https:\/\/eldigitaldeasturias.com\/magazine365\/author\/admin\/#author"},"publisher":{"@id":"https:\/\/eldigitaldeasturias.com\/magazine365\/#organization"},"image":{"@type":"ImageObject","url":"https:\/\/eldigitaldeasturias.com\/magazine365\/wp-content\/uploads\/2015\/07\/fotonoticia_20150716155057_800.jpg","width":800,"height":539},"datePublished":"2015-07-18T01:57:06+02:00","dateModified":"2015-07-18T01:57:06+02:00","inLanguage":"es-ES","mainEntityOfPage":{"@id":"https:\/\/eldigitaldeasturias.com\/magazine365\/renfe-incorporara-unos-150-trabajadores-en-su-primera-de-contratacion-tras-la-crisis\/#webpage"},"isPartOf":{"@id":"https:\/\/eldigitaldeasturias.com\/magazine365\/renfe-incorporara-unos-150-trabajadores-en-su-primera-de-contratacion-tras-la-crisis\/#webpage"},"articleSection":"Noticias y Actualidad"},{"@type":"BreadcrumbList","@id":"https:\/\/eldigitaldeasturias.com\/magazine365\/renfe-incorporara-unos-150-trabajadores-en-su-primera-de-contratacion-tras-la-crisis\/#breadcrumblist","itemListElement":[{"@type":"ListItem","@id":"https:\/\/eldigitaldeasturias.com\/magazine365#listItem","position":1,"name":"Home","item":"https:\/\/eldigitaldeasturias.com\/magazine365","nextItem":{"@type":"ListItem","@id":"https:\/\/eldigitaldeasturias.com\/magazine365\/category\/noticias-actualidad\/#listItem","name":"Noticias y Actualidad"}},{"@type":"ListItem","@id":"https:\/\/eldigitaldeasturias.com\/magazine365\/category\/noticias-actualidad\/#listItem","position":2,"name":"Noticias y Actualidad","item":"https:\/\/eldigitaldeasturias.com\/magazine365\/category\/noticias-actualidad\/","nextItem":{"@type":"ListItem","@id":"https:\/\/eldigitaldeasturias.com\/magazine365\/renfe-incorporara-unos-150-trabajadores-en-su-primera-de-contratacion-tras-la-crisis\/#listItem","name":"Renfe incorporar\u00e1 unos 150 trabajadores en su primera de contrataci\u00f3n tras la crisis"},"previousItem":{"@type":"ListItem","@id":"https:\/\/eldigitaldeasturias.com\/magazine365#listItem","name":"Home"}},{"@type":"ListItem","@id":"https:\/\/eldigitaldeasturias.com\/magazine365\/renfe-incorporara-unos-150-trabajadores-en-su-primera-de-contratacion-tras-la-crisis\/#listItem","position":3,"name":"Renfe incorporar\u00e1 unos 150 trabajadores en su primera de contrataci\u00f3n tras la crisis","previousItem":{"@type":"ListItem","@id":"https:\/\/eldigitaldeasturias.com\/magazine365\/category\/noticias-actualidad\/#listItem","name":"Noticias y Actualidad"}}]},{"@type":"Organization","@id":"https:\/\/eldigitaldeasturias.com\/magazine365\/#organization","name":"El digital de Asturias","description":"Revista de ocio, turismo y estilo de vida","url":"https:\/\/eldigitaldeasturias.com\/magazine365\/","logo":{"@type":"ImageObject","url":"https:\/\/www.eldigitaldeasturias.com\/noticias\/wp-content\/uploads\/2020\/12\/EDA.jpg","@id":"https:\/\/eldigitaldeasturias.com\/magazine365\/renfe-incorporara-unos-150-trabajadores-en-su-primera-de-contratacion-tras-la-crisis\/#organizationLogo"},"image":{"@id":"https:\/\/eldigitaldeasturias.com\/magazine365\/renfe-incorporara-unos-150-trabajadores-en-su-primera-de-contratacion-tras-la-crisis\/#organizationLogo"}},{"@type":"Person","@id":"https:\/\/eldigitaldeasturias.com\/magazine365\/author\/admin\/#author","url":"https:\/\/eldigitaldeasturias.com\/magazine365\/author\/admin\/","name":"admin","image":{"@type":"ImageObject","@id":"https:\/\/eldigitaldeasturias.com\/magazine365\/renfe-incorporara-unos-150-trabajadores-en-su-primera-de-contratacion-tras-la-crisis\/#authorImage","url":"https:\/\/eldigitaldeasturias.com\/magazine365\/wp-content\/litespeed\/avatar\/e571bcf59a0edd6fa6838245a470f2fe.jpg?ver=1777574230","width":96,"height":96,"caption":"admin"}},{"@type":"WebPage","@id":"https:\/\/eldigitaldeasturias.com\/magazine365\/renfe-incorporara-unos-150-trabajadores-en-su-primera-de-contratacion-tras-la-crisis\/#webpage","url":"https:\/\/eldigitaldeasturias.com\/magazine365\/renfe-incorporara-unos-150-trabajadores-en-su-primera-de-contratacion-tras-la-crisis\/","name":"Renfe incorporar\u00e1 unos 150 trabajadores en su primera de contrataci\u00f3n tras la crisis | El Digital de Asturias","description":"Renfe prev\u00e9 incorporar a su plantilla unos 150 trabajadores este a\u00f1o en lo que supondr\u00e1 la primera contrataci\u00f3n de nuevos empleados de la compa\u00f1\u00eda ferroviaria p\u00fablica desde el inicio de la crisis, seg\u00fan inform\u00f3 el presidente de la operadora, Pablo V\u00e1zquez. Estas incorporaciones se enmarcan en el plan de transformaci\u00f3n que Renfe pretende implementar en","inLanguage":"es-ES","isPartOf":{"@id":"https:\/\/eldigitaldeasturias.com\/magazine365\/#website"},"breadcrumb":{"@id":"https:\/\/eldigitaldeasturias.com\/magazine365\/renfe-incorporara-unos-150-trabajadores-en-su-primera-de-contratacion-tras-la-crisis\/#breadcrumblist"},"author":{"@id":"https:\/\/eldigitaldeasturias.com\/magazine365\/author\/admin\/#author"},"creator":{"@id":"https:\/\/eldigitaldeasturias.com\/magazine365\/author\/admin\/#author"},"image":{"@type":"ImageObject","url":"https:\/\/eldigitaldeasturias.com\/magazine365\/wp-content\/uploads\/2015\/07\/fotonoticia_20150716155057_800.jpg","@id":"https:\/\/eldigitaldeasturias.com\/magazine365\/renfe-incorporara-unos-150-trabajadores-en-su-primera-de-contratacion-tras-la-crisis\/#mainImage","width":800,"height":539},"primaryImageOfPage":{"@id":"https:\/\/eldigitaldeasturias.com\/magazine365\/renfe-incorporara-unos-150-trabajadores-en-su-primera-de-contratacion-tras-la-crisis\/#mainImage"},"datePublished":"2015-07-18T01:57:06+02:00","dateModified":"2015-07-18T01:57:06+02:00"},{"@type":"WebSite","@id":"https:\/\/eldigitaldeasturias.com\/magazine365\/#website","url":"https:\/\/eldigitaldeasturias.com\/magazine365\/","name":"El Digital de Asturias","description":"Revista de ocio, turismo y estilo de vida","inLanguage":"es-ES","publisher":{"@id":"https:\/\/eldigitaldeasturias.com\/magazine365\/#organization"}}]},"og:locale":"es_ES","og:site_name":"El Digital de Asturias \u2013 Revista de ocio, turismo y estilo de vida","og:type":"article","og:title":"Renfe incorporar\u00e1 unos 150 trabajadores en su primera de contrataci\u00f3n tras la crisis | El Digital de Asturias","og:description":"Renfe prev\u00e9 incorporar a su plantilla unos 150 trabajadores este a\u00f1o en lo que supondr\u00e1 la primera contrataci\u00f3n de nuevos empleados de la compa\u00f1\u00eda ferroviaria p\u00fablica desde el inicio de la crisis, seg\u00fan inform\u00f3 el presidente de la operadora, Pablo V\u00e1zquez. Estas incorporaciones se enmarcan en el plan de transformaci\u00f3n que Renfe pretende implementar en","og:url":"https:\/\/eldigitaldeasturias.com\/magazine365\/renfe-incorporara-unos-150-trabajadores-en-su-primera-de-contratacion-tras-la-crisis\/","og:image":"https:\/\/eldigitaldeasturias.com\/magazine365\/wp-content\/uploads\/2015\/07\/fotonoticia_20150716155057_800.jpg","og:image:secure_url":"https:\/\/eldigitaldeasturias.com\/magazine365\/wp-content\/uploads\/2015\/07\/fotonoticia_20150716155057_800.jpg","og:image:width":800,"og:image:height":539,"article:published_time":"2015-07-17T23:57:06+00:00","article:modified_time":"2015-07-17T23:57:06+00:00","twitter:card":"summary_large_image","twitter:title":"Renfe incorporar\u00e1 unos 150 trabajadores en su primera de contrataci\u00f3n tras la crisis | El Digital de Asturias","twitter:description":"Renfe prev\u00e9 incorporar a su plantilla unos 150 trabajadores este a\u00f1o en lo que supondr\u00e1 la primera contrataci\u00f3n de nuevos empleados de la compa\u00f1\u00eda ferroviaria p\u00fablica desde el inicio de la crisis, seg\u00fan inform\u00f3 el presidente de la operadora, Pablo V\u00e1zquez. Estas incorporaciones se enmarcan en el plan de transformaci\u00f3n que Renfe pretende implementar en","twitter:image":"https:\/\/eldigitaldeasturias.com\/magazine365\/wp-content\/uploads\/2015\/07\/fotonoticia_20150716155057_800.jpg"},"aioseo_meta_data":{"post_id":"42921","title":null,"description":null,"keywords":null,"keyphrases":null,"primary_term":null,"canonical_url":null,"og_title":null,"og_description":null,"og_object_type":"default","og_image_type":"default","og_image_url":null,"og_image_width":null,"og_image_height":null,"og_image_custom_url":null,"og_image_custom_fields":null,"og_video":null,"og_custom_url":null,"og_article_section":null,"og_article_tags":null,"twitter_use_og":false,"twitter_card":"default","twitter_image_type":"default","twitter_image_url":null,"twitter_image_custom_url":null,"twitter_image_custom_fields":null,"twitter_title":null,"twitter_description":null,"schema":{"blockGraphs":[],"customGraphs":[],"default":{"data":{"Article":[],"Course":[],"Dataset":[],"FAQPage":[],"Movie":[],"Person":[],"Product":[],"ProductReview":[],"Car":[],"Recipe":[],"Service":[],"SoftwareApplication":[],"WebPage":[]},"graphName":"","isEnabled":true},"graphs":[],"defaultGraph":"","defaultPostTypeGraph":""},"schema_type":null,"schema_type_options":null,"pillar_content":false,"robots_default":true,"robots_noindex":false,"robots_noarchive":false,"robots_nosnippet":false,"robots_nofollow":false,"robots_noimageindex":false,"robots_noodp":false,"robots_notranslate":false,"robots_max_snippet":null,"robots_max_videopreview":null,"robots_max_imagepreview":"large","priority":null,"frequency":null,"location":null,"local_seo":null,"seo_analyzer_scan_date":"2025-09-19 18:45:41","breadcrumb_settings":null,"limit_modified_date":false,"open_ai":null,"ai":null,"created":"2021-03-09 01:54:39","updated":"2025-09-19 18:45:41"},"aioseo_breadcrumb":"<div class=\"aioseo-breadcrumbs\"><span class=\"aioseo-breadcrumb\">\n\t<a href=\"https:\/\/eldigitaldeasturias.com\/magazine365\" title=\"Home\">Home<\/a>\n<\/span><span class=\"aioseo-breadcrumb-separator\">\u2013<\/span><span class=\"aioseo-breadcrumb\">\n\t<a href=\"https:\/\/eldigitaldeasturias.com\/magazine365\/category\/noticias-actualidad\/\" title=\"Noticias y Actualidad\">Noticias y Actualidad<\/a>\n<\/span><span class=\"aioseo-breadcrumb-separator\">\u2013<\/span><span class=\"aioseo-breadcrumb\">\n\t<a href=\"https:\/\/eldigitaldeasturias.com\/magazine365\/renfe-incorporara-unos-150-trabajadores-en-su-primera-de-contratacion-tras-la-crisis\/\" title=\"Renfe incorporar\u00e1 unos 150 trabajadores en su primera de contrataci\u00f3n tras la crisis\">Renfe incorporar\u00e1 unos 150 trabajadores en su primera de contrataci\u00f3n tras la crisis<\/a>\n<\/span><\/div>","aioseo_breadcrumb_json":[{"label":"Home","link":"https:\/\/eldigitaldeasturias.com\/magazine365"},{"label":"Noticias y Actualidad","link":"https:\/\/eldigitaldeasturias.com\/magazine365\/category\/noticias-actualidad\/"},{"label":"Renfe incorporar\u00e1 unos 150 trabajadores en su primera de contrataci\u00f3n tras la crisis","link":"https:\/\/eldigitaldeasturias.com\/magazine365\/renfe-incorporara-unos-150-trabajadores-en-su-primera-de-contratacion-tras-la-crisis\/"}],"_links":{"self":[{"href":"https:\/\/eldigitaldeasturias.com\/magazine365\/wp-json\/wp\/v2\/posts\/42921","targetHints":{"allow":["GET"]}}],"collection":[{"href":"https:\/\/eldigitaldeasturias.com\/magazine365\/wp-json\/wp\/v2\/posts"}],"about":[{"href":"https:\/\/eldigitaldeasturias.com\/magazine365\/wp-json\/wp\/v2\/types\/post"}],"author":[{"embeddable":true,"href":"https:\/\/eldigitaldeasturias.com\/magazine365\/wp-json\/wp\/v2\/users\/1"}],"replies":[{"embeddable":true,"href":"https:\/\/eldigitaldeasturias.com\/magazine365\/wp-json\/wp\/v2\/comments?post=42921"}],"version-history":[{"count":0,"href":"https:\/\/eldigitaldeasturias.com\/magazine365\/wp-json\/wp\/v2\/posts\/42921\/revisions"}],"wp:featuredmedia":[{"embeddable":true,"href":"https:\/\/eldigitaldeasturias.com\/magazine365\/wp-json\/wp\/v2\/media\/42922"}],"wp:attachment":[{"href":"https:\/\/eldigitaldeasturias.com\/magazine365\/wp-json\/wp\/v2\/media?parent=42921"}],"wp:term":[{"taxonomy":"category","embeddable":true,"href":"https:\/\/eldigitaldeasturias.com\/magazine365\/wp-json\/wp\/v2\/categories?post=42921"},{"taxonomy":"post_tag","embeddable":true,"href":"https:\/\/eldigitaldeasturias.com\/magazine365\/wp-json\/wp\/v2\/tags?post=42921"}],"curies":[{"name":"wp","href":"https:\/\/api.w.org\/{rel}","templated":true}]}}