{"id":42914,"date":"2015-07-16T22:11:54","date_gmt":"2015-07-16T20:11:54","guid":{"rendered":"http:\/\/eldigitaldeasturias.com\/magazine365\/?p=42914"},"modified":"2015-07-16T22:11:54","modified_gmt":"2015-07-16T20:11:54","slug":"la-campana-ubedabaeza-de-10-de-jaen-acaba-con-el-90-de-camas-vendidas","status":"publish","type":"post","link":"https:\/\/eldigitaldeasturias.com\/magazine365\/la-campana-ubedabaeza-de-10-de-jaen-acaba-con-el-90-de-camas-vendidas\/","title":{"rendered":"La campa\u00f1a &#8216;UbedaBaeza de 10&#8217; de Ja\u00e9n acaba con el 90% de camas vendidas"},"content":{"rendered":"<p><img fetchpriority=\"high\" decoding=\"async\" class=\"alignleft size-medium wp-image-42915\" src=\"https:\/\/eldigitaldeasturias.com\/magazine365\/wp-content\/uploads\/2015\/07\/fotonoticia_20150716154902_800-360x246.jpg\" alt=\"fotonoticia_20150716154902_800\" width=\"360\" height=\"246\" srcset=\"https:\/\/eldigitaldeasturias.com\/magazine365\/wp-content\/uploads\/2015\/07\/fotonoticia_20150716154902_800-360x246.jpg 360w, https:\/\/eldigitaldeasturias.com\/magazine365\/wp-content\/uploads\/2015\/07\/fotonoticia_20150716154902_800-650x444.jpg 650w, https:\/\/eldigitaldeasturias.com\/magazine365\/wp-content\/uploads\/2015\/07\/fotonoticia_20150716154902_800-768x525.jpg 768w, https:\/\/eldigitaldeasturias.com\/magazine365\/wp-content\/uploads\/2015\/07\/fotonoticia_20150716154902_800-150x103.jpg 150w, https:\/\/eldigitaldeasturias.com\/magazine365\/wp-content\/uploads\/2015\/07\/fotonoticia_20150716154902_800-450x308.jpg 450w, https:\/\/eldigitaldeasturias.com\/magazine365\/wp-content\/uploads\/2015\/07\/fotonoticia_20150716154902_800-218x150.jpg 218w, https:\/\/eldigitaldeasturias.com\/magazine365\/wp-content\/uploads\/2015\/07\/fotonoticia_20150716154902_800-696x476.jpg 696w, https:\/\/eldigitaldeasturias.com\/magazine365\/wp-content\/uploads\/2015\/07\/fotonoticia_20150716154902_800-614x420.jpg 614w, https:\/\/eldigitaldeasturias.com\/magazine365\/wp-content\/uploads\/2015\/07\/fotonoticia_20150716154902_800.jpg 800w\" sizes=\"(max-width: 360px) 100vw, 360px\" \/>La tercera edici\u00f3n de la campa\u00f1a &#8216;\u00dabedaBaeza 10&#8217;, que se ha desarrollado entre los d\u00edas 2 y 12 de presente mes de julio, ha finalizado con 2.000 camas vendidas, lo que supone un 90% de las ofertadas y una estancia media de tres noches.<\/p>\n<p>Estas cifras han sido detalladas por el vicepresidente segundo y diputado de Promoci\u00f3n y Turismo, Manuel Fern\u00e1ndez, que junto al delegado territorial de Fomento y Turismo, Rafael Valdivielso, y el presidente de la Asociaci\u00f3n para el Desarrollo Tur\u00edstico de \u00dabeda y Baeza, Tubba, Bartolom\u00e9 Gonz\u00e1lez, ha ofrecido un balance de esta iniciativa en la que colaboran la Administraci\u00f3n provincial y la Consejer\u00eda de Turismo para la promoci\u00f3n e impulso tur\u00edstico en las dos ciudades jiennenses declaradas Patrimonio de la Humanidad.<\/p>\n<p>\u00abNos sentimos especialmente satisfechos con los resultados de la campa\u00f1a que ha dejado cerca de 20.000 euros en los hoteles participantes, que ha hecho que se vendan el 90% de los paquetes ofertados, y que ha conseguido en esta tercera edici\u00f3n unos objetivos que m\u00e1s all\u00e1 de su evaluaci\u00f3n, permiten fidelizar visitantes de fuera de la provincia y la desestacionalizaci\u00f3n de nuestro turismo\u00bb, ha se\u00f1alado el diputado de Promoci\u00f3n y Turismo.<\/p>\n<p>La media de ocupaci\u00f3n ha sido de 3 noches, si bien se han llegado a registrar estancias de hasta 6 noches. En este sentido, Manuel Fern\u00e1ndez ha indicado que \u00abla mayor tasa de ocupaci\u00f3n hotelera se registr\u00f3 el 10 de julio, seguido del martes, 7 de julio\u00bb. Adem\u00e1s, el vicepresidente segundo de la Diputaci\u00f3n Provincial ha puesto el acento en los visitantes que repiten tras la experiencia de a\u00f1os anteriores, y subraya la procedencia de los turistas.<\/p>\n<p>El 83% de los visitantes son de fuera de la provincia de Ja\u00e9n, de los que el 16 por ciento han llegado de la provincia de Sevilla; el 15%, de M\u00e1laga; el 14 por ciento de Madrid; el 12% proced\u00edan de la provincia de Granada; y el 10% lo hac\u00eda desde C\u00f3rdoba.<\/p>\n<p>Alrededor de 145 establecimientos, entre hoteles, restaurantes, bares, comercios, as\u00ed como empresas de servicios tur\u00edsticos y de ocio han participado en la tercera edici\u00f3n consecutiva de esta campa\u00f1a en la que se han ofrecido alojamientos, men\u00fas y actividades tur\u00edsticas de estas dos ciudades a un precio simb\u00f3lico de 10 euros o han incluido un descuento del 10 por ciento.<\/p>\n<p>Respecto a la vertiente promocional de la campa\u00f1a, el balance de este a\u00f1o se\u00f1ala la acci\u00f3n llevada a cabo en la estaci\u00f3n de Atocha de la capital de Espa\u00f1a durante la primera semana de junio, o las cerca de 12.000 visitas registradas en la web www.ubedabaeza10.com, adem\u00e1s de las actuaciones realizadas a trav\u00e9s de las redes sociales.<\/p>\n<p>Con el balance sobre la mesa, el diputado de Promoci\u00f3n y Turismo ha abogado por empezar a trabajar en la siguiente edici\u00f3n \u00absiempre con novedades y desde la imaginaci\u00f3n, con el deseo de aprovechar las oportunidades y dar la mayor promoci\u00f3n tur\u00edstica a estas dos ciudades monumentales\u00bb.<\/p>\n<p>El presidente de TUBBA, Bartolom\u00e9 Gonz\u00e1lez, ha valorado de forma positiva la campa\u00f1a y ha anunciado que para el a\u00f1o que viene se pretende dar un nuevo enfoque con el fin de reforzar \u00dabeda y Baeza como destino de interior.Por su parte, el Delegado de Turismo, Rafael Valdivielso, ha valorado de forma positiva la actuaci\u00f3n de los empresarios al haber apostado por dicha iniciativa de promoci\u00f3n tur\u00edstica, sobre todo en \u00e9poca de crisis econ\u00f3mica.<\/p>\n<p>\u00ab\u00dabeda y Baeza se ha convertido en un destino consolidado gracias a promociones como \u00e9sta\u00bb, ha manifestado Valdivielso, que ha apuntado que se est\u00e1 combatiendo la estacionalidad y aumentando el n\u00famero de noches por pernoctaci\u00f3n en la provincia de Ja\u00e9n. De hecho, de enero a mayo ha aumentado en un 10,88% el n\u00famero de pernoctaciones y en un 9,68 por ciento de viajeros con respecto al mismo periodo del a\u00f1o anterior.<\/p>\n<p>Valdivielso ha especificado que la Consejer\u00eda est\u00e1 preparando una nueva l\u00ednea de trabajo, en colaboraci\u00f3n con las instituciones privadas, con el fin de que \u00dabeda y Baeza se conviertan en un referente tur\u00edstico a nivel nacional e internacional. \u00ab\u00dabeda y Baeza no tiene precio y el 10 es s\u00f3lo una tarifa entorno a la excelencia de ambas ciudades Patrimonio Mundial\u00bb, ha explicado el Delegado de Turismo que ha pronosticado un verano \u00abmuy positivo\u00bb en materia tur\u00edstica en la provincia de Ja\u00e9n.<\/p>\n","protected":false},"excerpt":{"rendered":"<p>La tercera edici\u00f3n de la campa\u00f1a &#8216;\u00dabedaBaeza 10&#8217;, que se ha desarrollado entre los d\u00edas 2 y 12 de presente mes de julio, ha finalizado con 2.000 camas vendidas, lo que supone un 90% de las ofertadas y una estancia media de tres noches. Estas cifras han sido detalladas por el vicepresidente segundo y diputado<\/p>\n","protected":false},"author":1,"featured_media":42915,"comment_status":"open","ping_status":"closed","sticky":false,"template":"","format":"standard","meta":{"footnotes":""},"categories":[222],"tags":[],"class_list":{"0":"post-42914","1":"post","2":"type-post","3":"status-publish","4":"format-standard","5":"has-post-thumbnail","7":"category-actualidad-turismo"},"aioseo_notices":[],"aioseo_head":"\n\t\t<!-- All in One SEO Pro 4.9.6.1 - aioseo.com -->\n\t<meta name=\"description\" content=\"La tercera edici\u00f3n de la campa\u00f1a &#039;\u00dabedaBaeza 10&#039;, que se ha desarrollado entre los d\u00edas 2 y 12 de presente mes de julio, ha finalizado con 2.000 camas vendidas, lo que supone un 90% de las ofertadas y una estancia media de tres noches. Estas cifras han sido detalladas por el vicepresidente segundo y diputado\" \/>\n\t<meta name=\"robots\" content=\"max-image-preview:large\" \/>\n\t<meta name=\"author\" content=\"admin\"\/>\n\t<meta name=\"google-site-verification\" content=\"UA-38556648-1\" \/>\n\t<meta name=\"keywords\" content=\"actualidad turismo\" \/>\n\t<link rel=\"canonical\" href=\"https:\/\/eldigitaldeasturias.com\/magazine365\/la-campana-ubedabaeza-de-10-de-jaen-acaba-con-el-90-de-camas-vendidas\/\" \/>\n\t<meta name=\"generator\" content=\"All in One SEO Pro (AIOSEO) 4.9.6.1\" \/>\n\t\t<meta property=\"og:locale\" content=\"es_ES\" \/>\n\t\t<meta property=\"og:site_name\" content=\"El Digital de Asturias \u2013 Revista de ocio, turismo y estilo de vida\" \/>\n\t\t<meta property=\"og:type\" content=\"article\" \/>\n\t\t<meta property=\"og:title\" content=\"La campa\u00f1a \u2018UbedaBaeza de 10\u2019 de Ja\u00e9n acaba con el 90% de camas vendidas | El Digital de Asturias\" \/>\n\t\t<meta property=\"og:description\" content=\"La tercera edici\u00f3n de la campa\u00f1a &#039;\u00dabedaBaeza 10&#039;, que se ha desarrollado entre los d\u00edas 2 y 12 de presente mes de julio, ha finalizado con 2.000 camas vendidas, lo que supone un 90% de las ofertadas y una estancia media de tres noches. Estas cifras han sido detalladas por el vicepresidente segundo y diputado\" \/>\n\t\t<meta property=\"og:url\" content=\"https:\/\/eldigitaldeasturias.com\/magazine365\/la-campana-ubedabaeza-de-10-de-jaen-acaba-con-el-90-de-camas-vendidas\/\" \/>\n\t\t<meta property=\"og:image\" content=\"https:\/\/eldigitaldeasturias.com\/magazine365\/wp-content\/uploads\/2015\/07\/fotonoticia_20150716154902_800.jpg\" \/>\n\t\t<meta property=\"og:image:secure_url\" content=\"https:\/\/eldigitaldeasturias.com\/magazine365\/wp-content\/uploads\/2015\/07\/fotonoticia_20150716154902_800.jpg\" \/>\n\t\t<meta property=\"og:image:width\" content=\"800\" \/>\n\t\t<meta property=\"og:image:height\" content=\"547\" \/>\n\t\t<meta property=\"article:published_time\" content=\"2015-07-16T20:11:54+00:00\" \/>\n\t\t<meta property=\"article:modified_time\" content=\"2015-07-16T20:11:54+00:00\" \/>\n\t\t<meta name=\"twitter:card\" content=\"summary_large_image\" \/>\n\t\t<meta name=\"twitter:title\" content=\"La campa\u00f1a \u2018UbedaBaeza de 10\u2019 de Ja\u00e9n acaba con el 90% de camas vendidas | El Digital de Asturias\" \/>\n\t\t<meta name=\"twitter:description\" content=\"La tercera edici\u00f3n de la campa\u00f1a &#039;\u00dabedaBaeza 10&#039;, que se ha desarrollado entre los d\u00edas 2 y 12 de presente mes de julio, ha finalizado con 2.000 camas vendidas, lo que supone un 90% de las ofertadas y una estancia media de tres noches. Estas cifras han sido detalladas por el vicepresidente segundo y diputado\" \/>\n\t\t<meta name=\"twitter:image\" content=\"https:\/\/eldigitaldeasturias.com\/magazine365\/wp-content\/uploads\/2015\/07\/fotonoticia_20150716154902_800.jpg\" \/>\n\t\t<script type=\"application\/ld+json\" class=\"aioseo-schema\">\n\t\t\t{\"@context\":\"https:\\\/\\\/schema.org\",\"@graph\":[{\"@type\":\"Article\",\"@id\":\"https:\\\/\\\/eldigitaldeasturias.com\\\/magazine365\\\/la-campana-ubedabaeza-de-10-de-jaen-acaba-con-el-90-de-camas-vendidas\\\/#article\",\"name\":\"La campa\\u00f1a \\u2018UbedaBaeza de 10\\u2019 de Ja\\u00e9n acaba con el 90% de camas vendidas | El Digital de Asturias\",\"headline\":\"La campa\\u00f1a &#8216;UbedaBaeza de 10&#8217; de Ja\\u00e9n acaba con el 90% de camas vendidas\",\"author\":{\"@id\":\"https:\\\/\\\/eldigitaldeasturias.com\\\/magazine365\\\/author\\\/admin\\\/#author\"},\"publisher\":{\"@id\":\"https:\\\/\\\/eldigitaldeasturias.com\\\/magazine365\\\/#organization\"},\"image\":{\"@type\":\"ImageObject\",\"url\":\"https:\\\/\\\/eldigitaldeasturias.com\\\/magazine365\\\/wp-content\\\/uploads\\\/2015\\\/07\\\/fotonoticia_20150716154902_800.jpg\",\"width\":800,\"height\":547},\"datePublished\":\"2015-07-16T22:11:54+02:00\",\"dateModified\":\"2015-07-16T22:11:54+02:00\",\"inLanguage\":\"es-ES\",\"mainEntityOfPage\":{\"@id\":\"https:\\\/\\\/eldigitaldeasturias.com\\\/magazine365\\\/la-campana-ubedabaeza-de-10-de-jaen-acaba-con-el-90-de-camas-vendidas\\\/#webpage\"},\"isPartOf\":{\"@id\":\"https:\\\/\\\/eldigitaldeasturias.com\\\/magazine365\\\/la-campana-ubedabaeza-de-10-de-jaen-acaba-con-el-90-de-camas-vendidas\\\/#webpage\"},\"articleSection\":\"Actualidad Turismo\"},{\"@type\":\"BreadcrumbList\",\"@id\":\"https:\\\/\\\/eldigitaldeasturias.com\\\/magazine365\\\/la-campana-ubedabaeza-de-10-de-jaen-acaba-con-el-90-de-camas-vendidas\\\/#breadcrumblist\",\"itemListElement\":[{\"@type\":\"ListItem\",\"@id\":\"https:\\\/\\\/eldigitaldeasturias.com\\\/magazine365#listItem\",\"position\":1,\"name\":\"Home\",\"item\":\"https:\\\/\\\/eldigitaldeasturias.com\\\/magazine365\",\"nextItem\":{\"@type\":\"ListItem\",\"@id\":\"https:\\\/\\\/eldigitaldeasturias.com\\\/magazine365\\\/category\\\/actualidad-turismo\\\/#listItem\",\"name\":\"Actualidad Turismo\"}},{\"@type\":\"ListItem\",\"@id\":\"https:\\\/\\\/eldigitaldeasturias.com\\\/magazine365\\\/category\\\/actualidad-turismo\\\/#listItem\",\"position\":2,\"name\":\"Actualidad Turismo\",\"item\":\"https:\\\/\\\/eldigitaldeasturias.com\\\/magazine365\\\/category\\\/actualidad-turismo\\\/\",\"nextItem\":{\"@type\":\"ListItem\",\"@id\":\"https:\\\/\\\/eldigitaldeasturias.com\\\/magazine365\\\/la-campana-ubedabaeza-de-10-de-jaen-acaba-con-el-90-de-camas-vendidas\\\/#listItem\",\"name\":\"La campa\\u00f1a &#8216;UbedaBaeza de 10&#8217; de Ja\\u00e9n acaba con el 90% de camas vendidas\"},\"previousItem\":{\"@type\":\"ListItem\",\"@id\":\"https:\\\/\\\/eldigitaldeasturias.com\\\/magazine365#listItem\",\"name\":\"Home\"}},{\"@type\":\"ListItem\",\"@id\":\"https:\\\/\\\/eldigitaldeasturias.com\\\/magazine365\\\/la-campana-ubedabaeza-de-10-de-jaen-acaba-con-el-90-de-camas-vendidas\\\/#listItem\",\"position\":3,\"name\":\"La campa\\u00f1a &#8216;UbedaBaeza de 10&#8217; de Ja\\u00e9n acaba con el 90% de camas vendidas\",\"previousItem\":{\"@type\":\"ListItem\",\"@id\":\"https:\\\/\\\/eldigitaldeasturias.com\\\/magazine365\\\/category\\\/actualidad-turismo\\\/#listItem\",\"name\":\"Actualidad Turismo\"}}]},{\"@type\":\"Organization\",\"@id\":\"https:\\\/\\\/eldigitaldeasturias.com\\\/magazine365\\\/#organization\",\"name\":\"El digital de Asturias\",\"description\":\"Revista de ocio, turismo y estilo de vida\",\"url\":\"https:\\\/\\\/eldigitaldeasturias.com\\\/magazine365\\\/\",\"logo\":{\"@type\":\"ImageObject\",\"url\":\"https:\\\/\\\/www.eldigitaldeasturias.com\\\/noticias\\\/wp-content\\\/uploads\\\/2020\\\/12\\\/EDA.jpg\",\"@id\":\"https:\\\/\\\/eldigitaldeasturias.com\\\/magazine365\\\/la-campana-ubedabaeza-de-10-de-jaen-acaba-con-el-90-de-camas-vendidas\\\/#organizationLogo\"},\"image\":{\"@id\":\"https:\\\/\\\/eldigitaldeasturias.com\\\/magazine365\\\/la-campana-ubedabaeza-de-10-de-jaen-acaba-con-el-90-de-camas-vendidas\\\/#organizationLogo\"}},{\"@type\":\"Person\",\"@id\":\"https:\\\/\\\/eldigitaldeasturias.com\\\/magazine365\\\/author\\\/admin\\\/#author\",\"url\":\"https:\\\/\\\/eldigitaldeasturias.com\\\/magazine365\\\/author\\\/admin\\\/\",\"name\":\"admin\",\"image\":{\"@type\":\"ImageObject\",\"@id\":\"https:\\\/\\\/eldigitaldeasturias.com\\\/magazine365\\\/la-campana-ubedabaeza-de-10-de-jaen-acaba-con-el-90-de-camas-vendidas\\\/#authorImage\",\"url\":\"https:\\\/\\\/eldigitaldeasturias.com\\\/magazine365\\\/wp-content\\\/litespeed\\\/avatar\\\/e571bcf59a0edd6fa6838245a470f2fe.jpg?ver=1777574230\",\"width\":96,\"height\":96,\"caption\":\"admin\"}},{\"@type\":\"WebPage\",\"@id\":\"https:\\\/\\\/eldigitaldeasturias.com\\\/magazine365\\\/la-campana-ubedabaeza-de-10-de-jaen-acaba-con-el-90-de-camas-vendidas\\\/#webpage\",\"url\":\"https:\\\/\\\/eldigitaldeasturias.com\\\/magazine365\\\/la-campana-ubedabaeza-de-10-de-jaen-acaba-con-el-90-de-camas-vendidas\\\/\",\"name\":\"La campa\\u00f1a \\u2018UbedaBaeza de 10\\u2019 de Ja\\u00e9n acaba con el 90% de camas vendidas | El Digital de Asturias\",\"description\":\"La tercera edici\\u00f3n de la campa\\u00f1a '\\u00dabedaBaeza 10', que se ha desarrollado entre los d\\u00edas 2 y 12 de presente mes de julio, ha finalizado con 2.000 camas vendidas, lo que supone un 90% de las ofertadas y una estancia media de tres noches. Estas cifras han sido detalladas por el vicepresidente segundo y diputado\",\"inLanguage\":\"es-ES\",\"isPartOf\":{\"@id\":\"https:\\\/\\\/eldigitaldeasturias.com\\\/magazine365\\\/#website\"},\"breadcrumb\":{\"@id\":\"https:\\\/\\\/eldigitaldeasturias.com\\\/magazine365\\\/la-campana-ubedabaeza-de-10-de-jaen-acaba-con-el-90-de-camas-vendidas\\\/#breadcrumblist\"},\"author\":{\"@id\":\"https:\\\/\\\/eldigitaldeasturias.com\\\/magazine365\\\/author\\\/admin\\\/#author\"},\"creator\":{\"@id\":\"https:\\\/\\\/eldigitaldeasturias.com\\\/magazine365\\\/author\\\/admin\\\/#author\"},\"image\":{\"@type\":\"ImageObject\",\"url\":\"https:\\\/\\\/eldigitaldeasturias.com\\\/magazine365\\\/wp-content\\\/uploads\\\/2015\\\/07\\\/fotonoticia_20150716154902_800.jpg\",\"@id\":\"https:\\\/\\\/eldigitaldeasturias.com\\\/magazine365\\\/la-campana-ubedabaeza-de-10-de-jaen-acaba-con-el-90-de-camas-vendidas\\\/#mainImage\",\"width\":800,\"height\":547},\"primaryImageOfPage\":{\"@id\":\"https:\\\/\\\/eldigitaldeasturias.com\\\/magazine365\\\/la-campana-ubedabaeza-de-10-de-jaen-acaba-con-el-90-de-camas-vendidas\\\/#mainImage\"},\"datePublished\":\"2015-07-16T22:11:54+02:00\",\"dateModified\":\"2015-07-16T22:11:54+02:00\"},{\"@type\":\"WebSite\",\"@id\":\"https:\\\/\\\/eldigitaldeasturias.com\\\/magazine365\\\/#website\",\"url\":\"https:\\\/\\\/eldigitaldeasturias.com\\\/magazine365\\\/\",\"name\":\"El Digital de Asturias\",\"description\":\"Revista de ocio, turismo y estilo de vida\",\"inLanguage\":\"es-ES\",\"publisher\":{\"@id\":\"https:\\\/\\\/eldigitaldeasturias.com\\\/magazine365\\\/#organization\"}}]}\n\t\t<\/script>\n\t\t<!-- All in One SEO Pro -->\r\n\t\t<title>La campa\u00f1a \u2018UbedaBaeza de 10\u2019 de Ja\u00e9n acaba con el 90% de camas vendidas | El Digital de Asturias<\/title>\n\n","aioseo_head_json":{"title":"La campa\u00f1a \u2018UbedaBaeza de 10\u2019 de Ja\u00e9n acaba con el 90% de camas vendidas | El Digital de Asturias","description":"La tercera edici\u00f3n de la campa\u00f1a '\u00dabedaBaeza 10', que se ha desarrollado entre los d\u00edas 2 y 12 de presente mes de julio, ha finalizado con 2.000 camas vendidas, lo que supone un 90% de las ofertadas y una estancia media de tres noches. Estas cifras han sido detalladas por el vicepresidente segundo y diputado","canonical_url":"https:\/\/eldigitaldeasturias.com\/magazine365\/la-campana-ubedabaeza-de-10-de-jaen-acaba-con-el-90-de-camas-vendidas\/","robots":"max-image-preview:large","keywords":"actualidad turismo","webmasterTools":{"google-site-verification":"UA-38556648-1","miscellaneous":""},"schema":{"@context":"https:\/\/schema.org","@graph":[{"@type":"Article","@id":"https:\/\/eldigitaldeasturias.com\/magazine365\/la-campana-ubedabaeza-de-10-de-jaen-acaba-con-el-90-de-camas-vendidas\/#article","name":"La campa\u00f1a \u2018UbedaBaeza de 10\u2019 de Ja\u00e9n acaba con el 90% de camas vendidas | El Digital de Asturias","headline":"La campa\u00f1a &#8216;UbedaBaeza de 10&#8217; de Ja\u00e9n acaba con el 90% de camas vendidas","author":{"@id":"https:\/\/eldigitaldeasturias.com\/magazine365\/author\/admin\/#author"},"publisher":{"@id":"https:\/\/eldigitaldeasturias.com\/magazine365\/#organization"},"image":{"@type":"ImageObject","url":"https:\/\/eldigitaldeasturias.com\/magazine365\/wp-content\/uploads\/2015\/07\/fotonoticia_20150716154902_800.jpg","width":800,"height":547},"datePublished":"2015-07-16T22:11:54+02:00","dateModified":"2015-07-16T22:11:54+02:00","inLanguage":"es-ES","mainEntityOfPage":{"@id":"https:\/\/eldigitaldeasturias.com\/magazine365\/la-campana-ubedabaeza-de-10-de-jaen-acaba-con-el-90-de-camas-vendidas\/#webpage"},"isPartOf":{"@id":"https:\/\/eldigitaldeasturias.com\/magazine365\/la-campana-ubedabaeza-de-10-de-jaen-acaba-con-el-90-de-camas-vendidas\/#webpage"},"articleSection":"Actualidad Turismo"},{"@type":"BreadcrumbList","@id":"https:\/\/eldigitaldeasturias.com\/magazine365\/la-campana-ubedabaeza-de-10-de-jaen-acaba-con-el-90-de-camas-vendidas\/#breadcrumblist","itemListElement":[{"@type":"ListItem","@id":"https:\/\/eldigitaldeasturias.com\/magazine365#listItem","position":1,"name":"Home","item":"https:\/\/eldigitaldeasturias.com\/magazine365","nextItem":{"@type":"ListItem","@id":"https:\/\/eldigitaldeasturias.com\/magazine365\/category\/actualidad-turismo\/#listItem","name":"Actualidad Turismo"}},{"@type":"ListItem","@id":"https:\/\/eldigitaldeasturias.com\/magazine365\/category\/actualidad-turismo\/#listItem","position":2,"name":"Actualidad Turismo","item":"https:\/\/eldigitaldeasturias.com\/magazine365\/category\/actualidad-turismo\/","nextItem":{"@type":"ListItem","@id":"https:\/\/eldigitaldeasturias.com\/magazine365\/la-campana-ubedabaeza-de-10-de-jaen-acaba-con-el-90-de-camas-vendidas\/#listItem","name":"La campa\u00f1a &#8216;UbedaBaeza de 10&#8217; de Ja\u00e9n acaba con el 90% de camas vendidas"},"previousItem":{"@type":"ListItem","@id":"https:\/\/eldigitaldeasturias.com\/magazine365#listItem","name":"Home"}},{"@type":"ListItem","@id":"https:\/\/eldigitaldeasturias.com\/magazine365\/la-campana-ubedabaeza-de-10-de-jaen-acaba-con-el-90-de-camas-vendidas\/#listItem","position":3,"name":"La campa\u00f1a &#8216;UbedaBaeza de 10&#8217; de Ja\u00e9n acaba con el 90% de camas vendidas","previousItem":{"@type":"ListItem","@id":"https:\/\/eldigitaldeasturias.com\/magazine365\/category\/actualidad-turismo\/#listItem","name":"Actualidad Turismo"}}]},{"@type":"Organization","@id":"https:\/\/eldigitaldeasturias.com\/magazine365\/#organization","name":"El digital de Asturias","description":"Revista de ocio, turismo y estilo de vida","url":"https:\/\/eldigitaldeasturias.com\/magazine365\/","logo":{"@type":"ImageObject","url":"https:\/\/www.eldigitaldeasturias.com\/noticias\/wp-content\/uploads\/2020\/12\/EDA.jpg","@id":"https:\/\/eldigitaldeasturias.com\/magazine365\/la-campana-ubedabaeza-de-10-de-jaen-acaba-con-el-90-de-camas-vendidas\/#organizationLogo"},"image":{"@id":"https:\/\/eldigitaldeasturias.com\/magazine365\/la-campana-ubedabaeza-de-10-de-jaen-acaba-con-el-90-de-camas-vendidas\/#organizationLogo"}},{"@type":"Person","@id":"https:\/\/eldigitaldeasturias.com\/magazine365\/author\/admin\/#author","url":"https:\/\/eldigitaldeasturias.com\/magazine365\/author\/admin\/","name":"admin","image":{"@type":"ImageObject","@id":"https:\/\/eldigitaldeasturias.com\/magazine365\/la-campana-ubedabaeza-de-10-de-jaen-acaba-con-el-90-de-camas-vendidas\/#authorImage","url":"https:\/\/eldigitaldeasturias.com\/magazine365\/wp-content\/litespeed\/avatar\/e571bcf59a0edd6fa6838245a470f2fe.jpg?ver=1777574230","width":96,"height":96,"caption":"admin"}},{"@type":"WebPage","@id":"https:\/\/eldigitaldeasturias.com\/magazine365\/la-campana-ubedabaeza-de-10-de-jaen-acaba-con-el-90-de-camas-vendidas\/#webpage","url":"https:\/\/eldigitaldeasturias.com\/magazine365\/la-campana-ubedabaeza-de-10-de-jaen-acaba-con-el-90-de-camas-vendidas\/","name":"La campa\u00f1a \u2018UbedaBaeza de 10\u2019 de Ja\u00e9n acaba con el 90% de camas vendidas | El Digital de Asturias","description":"La tercera edici\u00f3n de la campa\u00f1a '\u00dabedaBaeza 10', que se ha desarrollado entre los d\u00edas 2 y 12 de presente mes de julio, ha finalizado con 2.000 camas vendidas, lo que supone un 90% de las ofertadas y una estancia media de tres noches. Estas cifras han sido detalladas por el vicepresidente segundo y diputado","inLanguage":"es-ES","isPartOf":{"@id":"https:\/\/eldigitaldeasturias.com\/magazine365\/#website"},"breadcrumb":{"@id":"https:\/\/eldigitaldeasturias.com\/magazine365\/la-campana-ubedabaeza-de-10-de-jaen-acaba-con-el-90-de-camas-vendidas\/#breadcrumblist"},"author":{"@id":"https:\/\/eldigitaldeasturias.com\/magazine365\/author\/admin\/#author"},"creator":{"@id":"https:\/\/eldigitaldeasturias.com\/magazine365\/author\/admin\/#author"},"image":{"@type":"ImageObject","url":"https:\/\/eldigitaldeasturias.com\/magazine365\/wp-content\/uploads\/2015\/07\/fotonoticia_20150716154902_800.jpg","@id":"https:\/\/eldigitaldeasturias.com\/magazine365\/la-campana-ubedabaeza-de-10-de-jaen-acaba-con-el-90-de-camas-vendidas\/#mainImage","width":800,"height":547},"primaryImageOfPage":{"@id":"https:\/\/eldigitaldeasturias.com\/magazine365\/la-campana-ubedabaeza-de-10-de-jaen-acaba-con-el-90-de-camas-vendidas\/#mainImage"},"datePublished":"2015-07-16T22:11:54+02:00","dateModified":"2015-07-16T22:11:54+02:00"},{"@type":"WebSite","@id":"https:\/\/eldigitaldeasturias.com\/magazine365\/#website","url":"https:\/\/eldigitaldeasturias.com\/magazine365\/","name":"El Digital de Asturias","description":"Revista de ocio, turismo y estilo de vida","inLanguage":"es-ES","publisher":{"@id":"https:\/\/eldigitaldeasturias.com\/magazine365\/#organization"}}]},"og:locale":"es_ES","og:site_name":"El Digital de Asturias \u2013 Revista de ocio, turismo y estilo de vida","og:type":"article","og:title":"La campa\u00f1a \u2018UbedaBaeza de 10\u2019 de Ja\u00e9n acaba con el 90% de camas vendidas | El Digital de Asturias","og:description":"La tercera edici\u00f3n de la campa\u00f1a '\u00dabedaBaeza 10', que se ha desarrollado entre los d\u00edas 2 y 12 de presente mes de julio, ha finalizado con 2.000 camas vendidas, lo que supone un 90% de las ofertadas y una estancia media de tres noches. Estas cifras han sido detalladas por el vicepresidente segundo y diputado","og:url":"https:\/\/eldigitaldeasturias.com\/magazine365\/la-campana-ubedabaeza-de-10-de-jaen-acaba-con-el-90-de-camas-vendidas\/","og:image":"https:\/\/eldigitaldeasturias.com\/magazine365\/wp-content\/uploads\/2015\/07\/fotonoticia_20150716154902_800.jpg","og:image:secure_url":"https:\/\/eldigitaldeasturias.com\/magazine365\/wp-content\/uploads\/2015\/07\/fotonoticia_20150716154902_800.jpg","og:image:width":800,"og:image:height":547,"article:published_time":"2015-07-16T20:11:54+00:00","article:modified_time":"2015-07-16T20:11:54+00:00","twitter:card":"summary_large_image","twitter:title":"La campa\u00f1a \u2018UbedaBaeza de 10\u2019 de Ja\u00e9n acaba con el 90% de camas vendidas | El Digital de Asturias","twitter:description":"La tercera edici\u00f3n de la campa\u00f1a '\u00dabedaBaeza 10', que se ha desarrollado entre los d\u00edas 2 y 12 de presente mes de julio, ha finalizado con 2.000 camas vendidas, lo que supone un 90% de las ofertadas y una estancia media de tres noches. Estas cifras han sido detalladas por el vicepresidente segundo y diputado","twitter:image":"https:\/\/eldigitaldeasturias.com\/magazine365\/wp-content\/uploads\/2015\/07\/fotonoticia_20150716154902_800.jpg"},"aioseo_meta_data":{"post_id":"42914","title":null,"description":null,"keywords":null,"keyphrases":null,"primary_term":null,"canonical_url":null,"og_title":null,"og_description":null,"og_object_type":"default","og_image_type":"default","og_image_url":null,"og_image_width":null,"og_image_height":null,"og_image_custom_url":null,"og_image_custom_fields":null,"og_video":null,"og_custom_url":null,"og_article_section":null,"og_article_tags":null,"twitter_use_og":false,"twitter_card":"default","twitter_image_type":"default","twitter_image_url":null,"twitter_image_custom_url":null,"twitter_image_custom_fields":null,"twitter_title":null,"twitter_description":null,"schema":{"blockGraphs":[],"customGraphs":[],"default":{"data":{"Article":[],"Course":[],"Dataset":[],"FAQPage":[],"Movie":[],"Person":[],"Product":[],"ProductReview":[],"Car":[],"Recipe":[],"Service":[],"SoftwareApplication":[],"WebPage":[]},"graphName":"","isEnabled":true},"graphs":[],"defaultGraph":"","defaultPostTypeGraph":""},"schema_type":null,"schema_type_options":null,"pillar_content":false,"robots_default":true,"robots_noindex":false,"robots_noarchive":false,"robots_nosnippet":false,"robots_nofollow":false,"robots_noimageindex":false,"robots_noodp":false,"robots_notranslate":false,"robots_max_snippet":null,"robots_max_videopreview":null,"robots_max_imagepreview":"large","priority":null,"frequency":null,"location":null,"local_seo":null,"seo_analyzer_scan_date":"2025-09-19 18:45:40","breadcrumb_settings":null,"limit_modified_date":false,"open_ai":null,"ai":null,"created":"2021-03-09 01:54:39","updated":"2025-09-19 18:45:40"},"aioseo_breadcrumb":"<div class=\"aioseo-breadcrumbs\"><span class=\"aioseo-breadcrumb\">\n\t<a href=\"https:\/\/eldigitaldeasturias.com\/magazine365\" title=\"Home\">Home<\/a>\n<\/span><span class=\"aioseo-breadcrumb-separator\">\u2013<\/span><span class=\"aioseo-breadcrumb\">\n\t<a href=\"https:\/\/eldigitaldeasturias.com\/magazine365\/category\/actualidad-turismo\/\" title=\"Actualidad Turismo\">Actualidad Turismo<\/a>\n<\/span><span class=\"aioseo-breadcrumb-separator\">\u2013<\/span><span class=\"aioseo-breadcrumb\">\n\t<a href=\"https:\/\/eldigitaldeasturias.com\/magazine365\/la-campana-ubedabaeza-de-10-de-jaen-acaba-con-el-90-de-camas-vendidas\/\" title=\"La campa\u00f1a \u2018UbedaBaeza de 10\u2019 de Ja\u00e9n acaba con el 90% de camas vendidas\">La campa\u00f1a \u2018UbedaBaeza de 10\u2019 de Ja\u00e9n acaba con el 90% de camas vendidas<\/a>\n<\/span><\/div>","aioseo_breadcrumb_json":[{"label":"Home","link":"https:\/\/eldigitaldeasturias.com\/magazine365"},{"label":"Actualidad Turismo","link":"https:\/\/eldigitaldeasturias.com\/magazine365\/category\/actualidad-turismo\/"},{"label":"La campa\u00f1a &#8216;UbedaBaeza de 10&#8217; de Ja\u00e9n acaba con el 90% de camas vendidas","link":"https:\/\/eldigitaldeasturias.com\/magazine365\/la-campana-ubedabaeza-de-10-de-jaen-acaba-con-el-90-de-camas-vendidas\/"}],"_links":{"self":[{"href":"https:\/\/eldigitaldeasturias.com\/magazine365\/wp-json\/wp\/v2\/posts\/42914","targetHints":{"allow":["GET"]}}],"collection":[{"href":"https:\/\/eldigitaldeasturias.com\/magazine365\/wp-json\/wp\/v2\/posts"}],"about":[{"href":"https:\/\/eldigitaldeasturias.com\/magazine365\/wp-json\/wp\/v2\/types\/post"}],"author":[{"embeddable":true,"href":"https:\/\/eldigitaldeasturias.com\/magazine365\/wp-json\/wp\/v2\/users\/1"}],"replies":[{"embeddable":true,"href":"https:\/\/eldigitaldeasturias.com\/magazine365\/wp-json\/wp\/v2\/comments?post=42914"}],"version-history":[{"count":0,"href":"https:\/\/eldigitaldeasturias.com\/magazine365\/wp-json\/wp\/v2\/posts\/42914\/revisions"}],"wp:featuredmedia":[{"embeddable":true,"href":"https:\/\/eldigitaldeasturias.com\/magazine365\/wp-json\/wp\/v2\/media\/42915"}],"wp:attachment":[{"href":"https:\/\/eldigitaldeasturias.com\/magazine365\/wp-json\/wp\/v2\/media?parent=42914"}],"wp:term":[{"taxonomy":"category","embeddable":true,"href":"https:\/\/eldigitaldeasturias.com\/magazine365\/wp-json\/wp\/v2\/categories?post=42914"},{"taxonomy":"post_tag","embeddable":true,"href":"https:\/\/eldigitaldeasturias.com\/magazine365\/wp-json\/wp\/v2\/tags?post=42914"}],"curies":[{"name":"wp","href":"https:\/\/api.w.org\/{rel}","templated":true}]}}