{"id":42911,"date":"2015-07-16T22:07:19","date_gmt":"2015-07-16T20:07:19","guid":{"rendered":"http:\/\/eldigitaldeasturias.com\/magazine365\/?p=42911"},"modified":"2015-07-16T22:07:19","modified_gmt":"2015-07-16T20:07:19","slug":"el-ave-de-renfe-dispara-un-10-el-numero-de-viajeros-en-la-primera-mitad-del-ano","status":"publish","type":"post","link":"https:\/\/eldigitaldeasturias.com\/magazine365\/el-ave-de-renfe-dispara-un-10-el-numero-de-viajeros-en-la-primera-mitad-del-ano\/","title":{"rendered":"El AVE de Renfe dispara un 10% el n\u00famero de viajeros en la primera mitad del a\u00f1o"},"content":{"rendered":"<p><img fetchpriority=\"high\" decoding=\"async\" class=\"alignleft size-medium wp-image-42912\" src=\"https:\/\/eldigitaldeasturias.com\/magazine365\/wp-content\/uploads\/2015\/07\/fotonoticia_20150716145946_800-360x243.jpg\" alt=\"fotonoticia_20150716145946_800\" width=\"360\" height=\"243\" srcset=\"https:\/\/eldigitaldeasturias.com\/magazine365\/wp-content\/uploads\/2015\/07\/fotonoticia_20150716145946_800-360x243.jpg 360w, https:\/\/eldigitaldeasturias.com\/magazine365\/wp-content\/uploads\/2015\/07\/fotonoticia_20150716145946_800-650x438.jpg 650w, https:\/\/eldigitaldeasturias.com\/magazine365\/wp-content\/uploads\/2015\/07\/fotonoticia_20150716145946_800-768x517.jpg 768w, https:\/\/eldigitaldeasturias.com\/magazine365\/wp-content\/uploads\/2015\/07\/fotonoticia_20150716145946_800-150x101.jpg 150w, https:\/\/eldigitaldeasturias.com\/magazine365\/wp-content\/uploads\/2015\/07\/fotonoticia_20150716145946_800-450x303.jpg 450w, https:\/\/eldigitaldeasturias.com\/magazine365\/wp-content\/uploads\/2015\/07\/fotonoticia_20150716145946_800-696x469.jpg 696w, https:\/\/eldigitaldeasturias.com\/magazine365\/wp-content\/uploads\/2015\/07\/fotonoticia_20150716145946_800-623x420.jpg 623w, https:\/\/eldigitaldeasturias.com\/magazine365\/wp-content\/uploads\/2015\/07\/fotonoticia_20150716145946_800.jpg 800w\" sizes=\"(max-width: 360px) 100vw, 360px\" \/>Los trenes AVE de Renfe transportaron 9,5 millones de pasajeros en el primer semestre de este a\u00f1o, lo que supone un incremento del 10% en comparaci\u00f3n al mismo periodo de 2014, seg\u00fan inform\u00f3 el director general de Viajeros de la compa\u00f1\u00eda, Ram\u00f3n Azuara.<\/p>\n<p>El conjunto de los servicios de AVE y Larga Distancia sum\u00f3 un total de 15 millones de viajeros, lo que supone un 7,7% m\u00e1s y ganar un mill\u00f3n de nuevos usuarios para el ferrocarril.<\/p>\n<p>En la primera mitad del a\u00f1o, Renfe logr\u00f3 ocho de los diez r\u00e9cords diarios de viajeros cosechados hasta ahora con sus servicios de AVE y Larga Distancia.<\/p>\n<p>El mayor de estos m\u00e1ximos se alcanz\u00f3 el pasado 30 de abril, en el Puente de Mayo, jornada en la que Renfe transport\u00f3 125.868 pasajeros, seg\u00fan detall\u00f3 Azuara en rueda de prensa.<\/p>\n<p>CRECE LA OCUPACI\u00d3N DE LOS TRENES.<\/p>\n<p>Este aumento de usuarios se tradujo en la mejora del ratio de ocupaci\u00f3n de los trenes. As\u00ed, a cierre de junio la operadora ya hab\u00eda logrado el objetivo de aumentar en cuatro puntos el porcentaje de ocupaci\u00f3n media de los trenes AVE y Larga Distancia que se hab\u00eda marcado para finales de a\u00f1o.<\/p>\n<p>En concreto, estos servicios registran una ocupaci\u00f3n media del 64,5% de sus plazas, 4,5 puntos porcentuales m\u00e1s que un a\u00f1o antes, si bien en algunas l\u00edneas alcanza el 70%.<\/p>\n<p>CAPTAR VIAJES EN FAMILIAS.<\/p>\n<p>Con el fin de seguir aumentando el n\u00famero de viajeros, Renfe buscar captar los viajes en familia, uno de los colectivos que, seg\u00fan la compa\u00f1\u00eda, \u00abm\u00e1s utiliza los medios alternativos al tren, como es el veh\u00edculo privado\u00bb.<\/p>\n<p>Para ello ha habilitado sitio en su p\u00e1gina de Internet en el que aglutina toda la informaci\u00f3n, las promociones y los servicios que la compa\u00f1\u00eda ofrece para este tipo de viajes, como son los billetes gratuitos para ni\u00f1os menores a dos a\u00f1os, descuentos para los de menos de 14 a\u00f1os de edad, o servicios de men\u00fa infantil.<\/p>\n<p>Desde su lanzamientos este pasado lunes, la web de &#8216;Viajar en familia&#8217; de Renfe ha registrado ya mas de 30.000 visitas, seg\u00fan inform\u00f3 la empresa.<\/p>\n","protected":false},"excerpt":{"rendered":"<p>Los trenes AVE de Renfe transportaron 9,5 millones de pasajeros en el primer semestre de este a\u00f1o, lo que supone un incremento del 10% en comparaci\u00f3n al mismo periodo de 2014, seg\u00fan inform\u00f3 el director general de Viajeros de la compa\u00f1\u00eda, Ram\u00f3n Azuara. El conjunto de los servicios de AVE y Larga Distancia sum\u00f3 un<\/p>\n","protected":false},"author":1,"featured_media":42912,"comment_status":"open","ping_status":"closed","sticky":false,"template":"","format":"standard","meta":{"footnotes":""},"categories":[224],"tags":[],"class_list":{"0":"post-42911","1":"post","2":"type-post","3":"status-publish","4":"format-standard","5":"has-post-thumbnail","7":"category-noticias-actualidad"},"aioseo_notices":[],"aioseo_head":"\n\t\t<!-- All in One SEO Pro 4.9.6.1 - aioseo.com -->\n\t<meta name=\"description\" content=\"Los trenes AVE de Renfe transportaron 9,5 millones de pasajeros en el primer semestre de este a\u00f1o, lo que supone un incremento del 10% en comparaci\u00f3n al mismo periodo de 2014, seg\u00fan inform\u00f3 el director general de Viajeros de la compa\u00f1\u00eda, Ram\u00f3n Azuara. El conjunto de los servicios de AVE y Larga Distancia sum\u00f3 un\" \/>\n\t<meta name=\"robots\" content=\"max-image-preview:large\" \/>\n\t<meta name=\"author\" content=\"admin\"\/>\n\t<meta name=\"google-site-verification\" content=\"UA-38556648-1\" \/>\n\t<meta name=\"keywords\" content=\"noticias y actualidad\" \/>\n\t<link rel=\"canonical\" href=\"https:\/\/eldigitaldeasturias.com\/magazine365\/el-ave-de-renfe-dispara-un-10-el-numero-de-viajeros-en-la-primera-mitad-del-ano\/\" \/>\n\t<meta name=\"generator\" content=\"All in One SEO Pro (AIOSEO) 4.9.6.1\" \/>\n\t\t<meta property=\"og:locale\" content=\"es_ES\" \/>\n\t\t<meta property=\"og:site_name\" content=\"El Digital de Asturias \u2013 Revista de ocio, turismo y estilo de vida\" \/>\n\t\t<meta property=\"og:type\" content=\"article\" \/>\n\t\t<meta property=\"og:title\" content=\"El AVE de Renfe dispara un 10% el n\u00famero de viajeros en la primera mitad del a\u00f1o | El Digital de Asturias\" \/>\n\t\t<meta property=\"og:description\" content=\"Los trenes AVE de Renfe transportaron 9,5 millones de pasajeros en el primer semestre de este a\u00f1o, lo que supone un incremento del 10% en comparaci\u00f3n al mismo periodo de 2014, seg\u00fan inform\u00f3 el director general de Viajeros de la compa\u00f1\u00eda, Ram\u00f3n Azuara. El conjunto de los servicios de AVE y Larga Distancia sum\u00f3 un\" \/>\n\t\t<meta property=\"og:url\" content=\"https:\/\/eldigitaldeasturias.com\/magazine365\/el-ave-de-renfe-dispara-un-10-el-numero-de-viajeros-en-la-primera-mitad-del-ano\/\" \/>\n\t\t<meta property=\"og:image\" content=\"https:\/\/eldigitaldeasturias.com\/magazine365\/wp-content\/uploads\/2015\/07\/fotonoticia_20150716145946_800.jpg\" \/>\n\t\t<meta property=\"og:image:secure_url\" content=\"https:\/\/eldigitaldeasturias.com\/magazine365\/wp-content\/uploads\/2015\/07\/fotonoticia_20150716145946_800.jpg\" \/>\n\t\t<meta property=\"og:image:width\" content=\"800\" \/>\n\t\t<meta property=\"og:image:height\" content=\"539\" \/>\n\t\t<meta property=\"article:published_time\" content=\"2015-07-16T20:07:19+00:00\" \/>\n\t\t<meta property=\"article:modified_time\" content=\"2015-07-16T20:07:19+00:00\" \/>\n\t\t<meta name=\"twitter:card\" content=\"summary_large_image\" \/>\n\t\t<meta name=\"twitter:title\" content=\"El AVE de Renfe dispara un 10% el n\u00famero de viajeros en la primera mitad del a\u00f1o | El Digital de Asturias\" \/>\n\t\t<meta name=\"twitter:description\" content=\"Los trenes AVE de Renfe transportaron 9,5 millones de pasajeros en el primer semestre de este a\u00f1o, lo que supone un incremento del 10% en comparaci\u00f3n al mismo periodo de 2014, seg\u00fan inform\u00f3 el director general de Viajeros de la compa\u00f1\u00eda, Ram\u00f3n Azuara. El conjunto de los servicios de AVE y Larga Distancia sum\u00f3 un\" \/>\n\t\t<meta name=\"twitter:image\" content=\"https:\/\/eldigitaldeasturias.com\/magazine365\/wp-content\/uploads\/2015\/07\/fotonoticia_20150716145946_800.jpg\" \/>\n\t\t<script type=\"application\/ld+json\" class=\"aioseo-schema\">\n\t\t\t{\"@context\":\"https:\\\/\\\/schema.org\",\"@graph\":[{\"@type\":\"Article\",\"@id\":\"https:\\\/\\\/eldigitaldeasturias.com\\\/magazine365\\\/el-ave-de-renfe-dispara-un-10-el-numero-de-viajeros-en-la-primera-mitad-del-ano\\\/#article\",\"name\":\"El AVE de Renfe dispara un 10% el n\\u00famero de viajeros en la primera mitad del a\\u00f1o | El Digital de Asturias\",\"headline\":\"El AVE de Renfe dispara un 10% el n\\u00famero de viajeros en la primera mitad del a\\u00f1o\",\"author\":{\"@id\":\"https:\\\/\\\/eldigitaldeasturias.com\\\/magazine365\\\/author\\\/admin\\\/#author\"},\"publisher\":{\"@id\":\"https:\\\/\\\/eldigitaldeasturias.com\\\/magazine365\\\/#organization\"},\"image\":{\"@type\":\"ImageObject\",\"url\":\"https:\\\/\\\/eldigitaldeasturias.com\\\/magazine365\\\/wp-content\\\/uploads\\\/2015\\\/07\\\/fotonoticia_20150716145946_800.jpg\",\"width\":800,\"height\":539},\"datePublished\":\"2015-07-16T22:07:19+02:00\",\"dateModified\":\"2015-07-16T22:07:19+02:00\",\"inLanguage\":\"es-ES\",\"mainEntityOfPage\":{\"@id\":\"https:\\\/\\\/eldigitaldeasturias.com\\\/magazine365\\\/el-ave-de-renfe-dispara-un-10-el-numero-de-viajeros-en-la-primera-mitad-del-ano\\\/#webpage\"},\"isPartOf\":{\"@id\":\"https:\\\/\\\/eldigitaldeasturias.com\\\/magazine365\\\/el-ave-de-renfe-dispara-un-10-el-numero-de-viajeros-en-la-primera-mitad-del-ano\\\/#webpage\"},\"articleSection\":\"Noticias y Actualidad\"},{\"@type\":\"BreadcrumbList\",\"@id\":\"https:\\\/\\\/eldigitaldeasturias.com\\\/magazine365\\\/el-ave-de-renfe-dispara-un-10-el-numero-de-viajeros-en-la-primera-mitad-del-ano\\\/#breadcrumblist\",\"itemListElement\":[{\"@type\":\"ListItem\",\"@id\":\"https:\\\/\\\/eldigitaldeasturias.com\\\/magazine365#listItem\",\"position\":1,\"name\":\"Home\",\"item\":\"https:\\\/\\\/eldigitaldeasturias.com\\\/magazine365\",\"nextItem\":{\"@type\":\"ListItem\",\"@id\":\"https:\\\/\\\/eldigitaldeasturias.com\\\/magazine365\\\/category\\\/noticias-actualidad\\\/#listItem\",\"name\":\"Noticias y Actualidad\"}},{\"@type\":\"ListItem\",\"@id\":\"https:\\\/\\\/eldigitaldeasturias.com\\\/magazine365\\\/category\\\/noticias-actualidad\\\/#listItem\",\"position\":2,\"name\":\"Noticias y Actualidad\",\"item\":\"https:\\\/\\\/eldigitaldeasturias.com\\\/magazine365\\\/category\\\/noticias-actualidad\\\/\",\"nextItem\":{\"@type\":\"ListItem\",\"@id\":\"https:\\\/\\\/eldigitaldeasturias.com\\\/magazine365\\\/el-ave-de-renfe-dispara-un-10-el-numero-de-viajeros-en-la-primera-mitad-del-ano\\\/#listItem\",\"name\":\"El AVE de Renfe dispara un 10% el n\\u00famero de viajeros en la primera mitad del a\\u00f1o\"},\"previousItem\":{\"@type\":\"ListItem\",\"@id\":\"https:\\\/\\\/eldigitaldeasturias.com\\\/magazine365#listItem\",\"name\":\"Home\"}},{\"@type\":\"ListItem\",\"@id\":\"https:\\\/\\\/eldigitaldeasturias.com\\\/magazine365\\\/el-ave-de-renfe-dispara-un-10-el-numero-de-viajeros-en-la-primera-mitad-del-ano\\\/#listItem\",\"position\":3,\"name\":\"El AVE de Renfe dispara un 10% el n\\u00famero de viajeros en la primera mitad del a\\u00f1o\",\"previousItem\":{\"@type\":\"ListItem\",\"@id\":\"https:\\\/\\\/eldigitaldeasturias.com\\\/magazine365\\\/category\\\/noticias-actualidad\\\/#listItem\",\"name\":\"Noticias y Actualidad\"}}]},{\"@type\":\"Organization\",\"@id\":\"https:\\\/\\\/eldigitaldeasturias.com\\\/magazine365\\\/#organization\",\"name\":\"El digital de Asturias\",\"description\":\"Revista de ocio, turismo y estilo de vida\",\"url\":\"https:\\\/\\\/eldigitaldeasturias.com\\\/magazine365\\\/\",\"logo\":{\"@type\":\"ImageObject\",\"url\":\"https:\\\/\\\/www.eldigitaldeasturias.com\\\/noticias\\\/wp-content\\\/uploads\\\/2020\\\/12\\\/EDA.jpg\",\"@id\":\"https:\\\/\\\/eldigitaldeasturias.com\\\/magazine365\\\/el-ave-de-renfe-dispara-un-10-el-numero-de-viajeros-en-la-primera-mitad-del-ano\\\/#organizationLogo\"},\"image\":{\"@id\":\"https:\\\/\\\/eldigitaldeasturias.com\\\/magazine365\\\/el-ave-de-renfe-dispara-un-10-el-numero-de-viajeros-en-la-primera-mitad-del-ano\\\/#organizationLogo\"}},{\"@type\":\"Person\",\"@id\":\"https:\\\/\\\/eldigitaldeasturias.com\\\/magazine365\\\/author\\\/admin\\\/#author\",\"url\":\"https:\\\/\\\/eldigitaldeasturias.com\\\/magazine365\\\/author\\\/admin\\\/\",\"name\":\"admin\",\"image\":{\"@type\":\"ImageObject\",\"@id\":\"https:\\\/\\\/eldigitaldeasturias.com\\\/magazine365\\\/el-ave-de-renfe-dispara-un-10-el-numero-de-viajeros-en-la-primera-mitad-del-ano\\\/#authorImage\",\"url\":\"https:\\\/\\\/eldigitaldeasturias.com\\\/magazine365\\\/wp-content\\\/litespeed\\\/avatar\\\/e571bcf59a0edd6fa6838245a470f2fe.jpg?ver=1777574230\",\"width\":96,\"height\":96,\"caption\":\"admin\"}},{\"@type\":\"WebPage\",\"@id\":\"https:\\\/\\\/eldigitaldeasturias.com\\\/magazine365\\\/el-ave-de-renfe-dispara-un-10-el-numero-de-viajeros-en-la-primera-mitad-del-ano\\\/#webpage\",\"url\":\"https:\\\/\\\/eldigitaldeasturias.com\\\/magazine365\\\/el-ave-de-renfe-dispara-un-10-el-numero-de-viajeros-en-la-primera-mitad-del-ano\\\/\",\"name\":\"El AVE de Renfe dispara un 10% el n\\u00famero de viajeros en la primera mitad del a\\u00f1o | El Digital de Asturias\",\"description\":\"Los trenes AVE de Renfe transportaron 9,5 millones de pasajeros en el primer semestre de este a\\u00f1o, lo que supone un incremento del 10% en comparaci\\u00f3n al mismo periodo de 2014, seg\\u00fan inform\\u00f3 el director general de Viajeros de la compa\\u00f1\\u00eda, Ram\\u00f3n Azuara. El conjunto de los servicios de AVE y Larga Distancia sum\\u00f3 un\",\"inLanguage\":\"es-ES\",\"isPartOf\":{\"@id\":\"https:\\\/\\\/eldigitaldeasturias.com\\\/magazine365\\\/#website\"},\"breadcrumb\":{\"@id\":\"https:\\\/\\\/eldigitaldeasturias.com\\\/magazine365\\\/el-ave-de-renfe-dispara-un-10-el-numero-de-viajeros-en-la-primera-mitad-del-ano\\\/#breadcrumblist\"},\"author\":{\"@id\":\"https:\\\/\\\/eldigitaldeasturias.com\\\/magazine365\\\/author\\\/admin\\\/#author\"},\"creator\":{\"@id\":\"https:\\\/\\\/eldigitaldeasturias.com\\\/magazine365\\\/author\\\/admin\\\/#author\"},\"image\":{\"@type\":\"ImageObject\",\"url\":\"https:\\\/\\\/eldigitaldeasturias.com\\\/magazine365\\\/wp-content\\\/uploads\\\/2015\\\/07\\\/fotonoticia_20150716145946_800.jpg\",\"@id\":\"https:\\\/\\\/eldigitaldeasturias.com\\\/magazine365\\\/el-ave-de-renfe-dispara-un-10-el-numero-de-viajeros-en-la-primera-mitad-del-ano\\\/#mainImage\",\"width\":800,\"height\":539},\"primaryImageOfPage\":{\"@id\":\"https:\\\/\\\/eldigitaldeasturias.com\\\/magazine365\\\/el-ave-de-renfe-dispara-un-10-el-numero-de-viajeros-en-la-primera-mitad-del-ano\\\/#mainImage\"},\"datePublished\":\"2015-07-16T22:07:19+02:00\",\"dateModified\":\"2015-07-16T22:07:19+02:00\"},{\"@type\":\"WebSite\",\"@id\":\"https:\\\/\\\/eldigitaldeasturias.com\\\/magazine365\\\/#website\",\"url\":\"https:\\\/\\\/eldigitaldeasturias.com\\\/magazine365\\\/\",\"name\":\"El Digital de Asturias\",\"description\":\"Revista de ocio, turismo y estilo de vida\",\"inLanguage\":\"es-ES\",\"publisher\":{\"@id\":\"https:\\\/\\\/eldigitaldeasturias.com\\\/magazine365\\\/#organization\"}}]}\n\t\t<\/script>\n\t\t<!-- All in One SEO Pro -->\r\n\t\t<title>El AVE de Renfe dispara un 10% el n\u00famero de viajeros en la primera mitad del a\u00f1o | El Digital de Asturias<\/title>\n\n","aioseo_head_json":{"title":"El AVE de Renfe dispara un 10% el n\u00famero de viajeros en la primera mitad del a\u00f1o | El Digital de Asturias","description":"Los trenes AVE de Renfe transportaron 9,5 millones de pasajeros en el primer semestre de este a\u00f1o, lo que supone un incremento del 10% en comparaci\u00f3n al mismo periodo de 2014, seg\u00fan inform\u00f3 el director general de Viajeros de la compa\u00f1\u00eda, Ram\u00f3n Azuara. El conjunto de los servicios de AVE y Larga Distancia sum\u00f3 un","canonical_url":"https:\/\/eldigitaldeasturias.com\/magazine365\/el-ave-de-renfe-dispara-un-10-el-numero-de-viajeros-en-la-primera-mitad-del-ano\/","robots":"max-image-preview:large","keywords":"noticias y actualidad","webmasterTools":{"google-site-verification":"UA-38556648-1","miscellaneous":""},"schema":{"@context":"https:\/\/schema.org","@graph":[{"@type":"Article","@id":"https:\/\/eldigitaldeasturias.com\/magazine365\/el-ave-de-renfe-dispara-un-10-el-numero-de-viajeros-en-la-primera-mitad-del-ano\/#article","name":"El AVE de Renfe dispara un 10% el n\u00famero de viajeros en la primera mitad del a\u00f1o | El Digital de Asturias","headline":"El AVE de Renfe dispara un 10% el n\u00famero de viajeros en la primera mitad del a\u00f1o","author":{"@id":"https:\/\/eldigitaldeasturias.com\/magazine365\/author\/admin\/#author"},"publisher":{"@id":"https:\/\/eldigitaldeasturias.com\/magazine365\/#organization"},"image":{"@type":"ImageObject","url":"https:\/\/eldigitaldeasturias.com\/magazine365\/wp-content\/uploads\/2015\/07\/fotonoticia_20150716145946_800.jpg","width":800,"height":539},"datePublished":"2015-07-16T22:07:19+02:00","dateModified":"2015-07-16T22:07:19+02:00","inLanguage":"es-ES","mainEntityOfPage":{"@id":"https:\/\/eldigitaldeasturias.com\/magazine365\/el-ave-de-renfe-dispara-un-10-el-numero-de-viajeros-en-la-primera-mitad-del-ano\/#webpage"},"isPartOf":{"@id":"https:\/\/eldigitaldeasturias.com\/magazine365\/el-ave-de-renfe-dispara-un-10-el-numero-de-viajeros-en-la-primera-mitad-del-ano\/#webpage"},"articleSection":"Noticias y Actualidad"},{"@type":"BreadcrumbList","@id":"https:\/\/eldigitaldeasturias.com\/magazine365\/el-ave-de-renfe-dispara-un-10-el-numero-de-viajeros-en-la-primera-mitad-del-ano\/#breadcrumblist","itemListElement":[{"@type":"ListItem","@id":"https:\/\/eldigitaldeasturias.com\/magazine365#listItem","position":1,"name":"Home","item":"https:\/\/eldigitaldeasturias.com\/magazine365","nextItem":{"@type":"ListItem","@id":"https:\/\/eldigitaldeasturias.com\/magazine365\/category\/noticias-actualidad\/#listItem","name":"Noticias y Actualidad"}},{"@type":"ListItem","@id":"https:\/\/eldigitaldeasturias.com\/magazine365\/category\/noticias-actualidad\/#listItem","position":2,"name":"Noticias y Actualidad","item":"https:\/\/eldigitaldeasturias.com\/magazine365\/category\/noticias-actualidad\/","nextItem":{"@type":"ListItem","@id":"https:\/\/eldigitaldeasturias.com\/magazine365\/el-ave-de-renfe-dispara-un-10-el-numero-de-viajeros-en-la-primera-mitad-del-ano\/#listItem","name":"El AVE de Renfe dispara un 10% el n\u00famero de viajeros en la primera mitad del a\u00f1o"},"previousItem":{"@type":"ListItem","@id":"https:\/\/eldigitaldeasturias.com\/magazine365#listItem","name":"Home"}},{"@type":"ListItem","@id":"https:\/\/eldigitaldeasturias.com\/magazine365\/el-ave-de-renfe-dispara-un-10-el-numero-de-viajeros-en-la-primera-mitad-del-ano\/#listItem","position":3,"name":"El AVE de Renfe dispara un 10% el n\u00famero de viajeros en la primera mitad del a\u00f1o","previousItem":{"@type":"ListItem","@id":"https:\/\/eldigitaldeasturias.com\/magazine365\/category\/noticias-actualidad\/#listItem","name":"Noticias y Actualidad"}}]},{"@type":"Organization","@id":"https:\/\/eldigitaldeasturias.com\/magazine365\/#organization","name":"El digital de Asturias","description":"Revista de ocio, turismo y estilo de vida","url":"https:\/\/eldigitaldeasturias.com\/magazine365\/","logo":{"@type":"ImageObject","url":"https:\/\/www.eldigitaldeasturias.com\/noticias\/wp-content\/uploads\/2020\/12\/EDA.jpg","@id":"https:\/\/eldigitaldeasturias.com\/magazine365\/el-ave-de-renfe-dispara-un-10-el-numero-de-viajeros-en-la-primera-mitad-del-ano\/#organizationLogo"},"image":{"@id":"https:\/\/eldigitaldeasturias.com\/magazine365\/el-ave-de-renfe-dispara-un-10-el-numero-de-viajeros-en-la-primera-mitad-del-ano\/#organizationLogo"}},{"@type":"Person","@id":"https:\/\/eldigitaldeasturias.com\/magazine365\/author\/admin\/#author","url":"https:\/\/eldigitaldeasturias.com\/magazine365\/author\/admin\/","name":"admin","image":{"@type":"ImageObject","@id":"https:\/\/eldigitaldeasturias.com\/magazine365\/el-ave-de-renfe-dispara-un-10-el-numero-de-viajeros-en-la-primera-mitad-del-ano\/#authorImage","url":"https:\/\/eldigitaldeasturias.com\/magazine365\/wp-content\/litespeed\/avatar\/e571bcf59a0edd6fa6838245a470f2fe.jpg?ver=1777574230","width":96,"height":96,"caption":"admin"}},{"@type":"WebPage","@id":"https:\/\/eldigitaldeasturias.com\/magazine365\/el-ave-de-renfe-dispara-un-10-el-numero-de-viajeros-en-la-primera-mitad-del-ano\/#webpage","url":"https:\/\/eldigitaldeasturias.com\/magazine365\/el-ave-de-renfe-dispara-un-10-el-numero-de-viajeros-en-la-primera-mitad-del-ano\/","name":"El AVE de Renfe dispara un 10% el n\u00famero de viajeros en la primera mitad del a\u00f1o | El Digital de Asturias","description":"Los trenes AVE de Renfe transportaron 9,5 millones de pasajeros en el primer semestre de este a\u00f1o, lo que supone un incremento del 10% en comparaci\u00f3n al mismo periodo de 2014, seg\u00fan inform\u00f3 el director general de Viajeros de la compa\u00f1\u00eda, Ram\u00f3n Azuara. El conjunto de los servicios de AVE y Larga Distancia sum\u00f3 un","inLanguage":"es-ES","isPartOf":{"@id":"https:\/\/eldigitaldeasturias.com\/magazine365\/#website"},"breadcrumb":{"@id":"https:\/\/eldigitaldeasturias.com\/magazine365\/el-ave-de-renfe-dispara-un-10-el-numero-de-viajeros-en-la-primera-mitad-del-ano\/#breadcrumblist"},"author":{"@id":"https:\/\/eldigitaldeasturias.com\/magazine365\/author\/admin\/#author"},"creator":{"@id":"https:\/\/eldigitaldeasturias.com\/magazine365\/author\/admin\/#author"},"image":{"@type":"ImageObject","url":"https:\/\/eldigitaldeasturias.com\/magazine365\/wp-content\/uploads\/2015\/07\/fotonoticia_20150716145946_800.jpg","@id":"https:\/\/eldigitaldeasturias.com\/magazine365\/el-ave-de-renfe-dispara-un-10-el-numero-de-viajeros-en-la-primera-mitad-del-ano\/#mainImage","width":800,"height":539},"primaryImageOfPage":{"@id":"https:\/\/eldigitaldeasturias.com\/magazine365\/el-ave-de-renfe-dispara-un-10-el-numero-de-viajeros-en-la-primera-mitad-del-ano\/#mainImage"},"datePublished":"2015-07-16T22:07:19+02:00","dateModified":"2015-07-16T22:07:19+02:00"},{"@type":"WebSite","@id":"https:\/\/eldigitaldeasturias.com\/magazine365\/#website","url":"https:\/\/eldigitaldeasturias.com\/magazine365\/","name":"El Digital de Asturias","description":"Revista de ocio, turismo y estilo de vida","inLanguage":"es-ES","publisher":{"@id":"https:\/\/eldigitaldeasturias.com\/magazine365\/#organization"}}]},"og:locale":"es_ES","og:site_name":"El Digital de Asturias \u2013 Revista de ocio, turismo y estilo de vida","og:type":"article","og:title":"El AVE de Renfe dispara un 10% el n\u00famero de viajeros en la primera mitad del a\u00f1o | El Digital de Asturias","og:description":"Los trenes AVE de Renfe transportaron 9,5 millones de pasajeros en el primer semestre de este a\u00f1o, lo que supone un incremento del 10% en comparaci\u00f3n al mismo periodo de 2014, seg\u00fan inform\u00f3 el director general de Viajeros de la compa\u00f1\u00eda, Ram\u00f3n Azuara. El conjunto de los servicios de AVE y Larga Distancia sum\u00f3 un","og:url":"https:\/\/eldigitaldeasturias.com\/magazine365\/el-ave-de-renfe-dispara-un-10-el-numero-de-viajeros-en-la-primera-mitad-del-ano\/","og:image":"https:\/\/eldigitaldeasturias.com\/magazine365\/wp-content\/uploads\/2015\/07\/fotonoticia_20150716145946_800.jpg","og:image:secure_url":"https:\/\/eldigitaldeasturias.com\/magazine365\/wp-content\/uploads\/2015\/07\/fotonoticia_20150716145946_800.jpg","og:image:width":800,"og:image:height":539,"article:published_time":"2015-07-16T20:07:19+00:00","article:modified_time":"2015-07-16T20:07:19+00:00","twitter:card":"summary_large_image","twitter:title":"El AVE de Renfe dispara un 10% el n\u00famero de viajeros en la primera mitad del a\u00f1o | El Digital de Asturias","twitter:description":"Los trenes AVE de Renfe transportaron 9,5 millones de pasajeros en el primer semestre de este a\u00f1o, lo que supone un incremento del 10% en comparaci\u00f3n al mismo periodo de 2014, seg\u00fan inform\u00f3 el director general de Viajeros de la compa\u00f1\u00eda, Ram\u00f3n Azuara. El conjunto de los servicios de AVE y Larga Distancia sum\u00f3 un","twitter:image":"https:\/\/eldigitaldeasturias.com\/magazine365\/wp-content\/uploads\/2015\/07\/fotonoticia_20150716145946_800.jpg"},"aioseo_meta_data":{"post_id":"42911","title":null,"description":null,"keywords":null,"keyphrases":null,"primary_term":null,"canonical_url":null,"og_title":null,"og_description":null,"og_object_type":"default","og_image_type":"default","og_image_url":null,"og_image_width":null,"og_image_height":null,"og_image_custom_url":null,"og_image_custom_fields":null,"og_video":null,"og_custom_url":null,"og_article_section":null,"og_article_tags":null,"twitter_use_og":false,"twitter_card":"default","twitter_image_type":"default","twitter_image_url":null,"twitter_image_custom_url":null,"twitter_image_custom_fields":null,"twitter_title":null,"twitter_description":null,"schema":{"blockGraphs":[],"customGraphs":[],"default":{"data":{"Article":[],"Course":[],"Dataset":[],"FAQPage":[],"Movie":[],"Person":[],"Product":[],"ProductReview":[],"Car":[],"Recipe":[],"Service":[],"SoftwareApplication":[],"WebPage":[]},"graphName":"","isEnabled":true},"graphs":[],"defaultGraph":"","defaultPostTypeGraph":""},"schema_type":null,"schema_type_options":null,"pillar_content":false,"robots_default":true,"robots_noindex":false,"robots_noarchive":false,"robots_nosnippet":false,"robots_nofollow":false,"robots_noimageindex":false,"robots_noodp":false,"robots_notranslate":false,"robots_max_snippet":null,"robots_max_videopreview":null,"robots_max_imagepreview":"large","priority":null,"frequency":null,"location":null,"local_seo":null,"seo_analyzer_scan_date":"2025-09-19 18:45:39","breadcrumb_settings":null,"limit_modified_date":false,"open_ai":null,"ai":null,"created":"2021-03-09 01:54:39","updated":"2025-09-19 18:45:39"},"aioseo_breadcrumb":"<div class=\"aioseo-breadcrumbs\"><span class=\"aioseo-breadcrumb\">\n\t<a href=\"https:\/\/eldigitaldeasturias.com\/magazine365\" title=\"Home\">Home<\/a>\n<\/span><span class=\"aioseo-breadcrumb-separator\">\u2013<\/span><span class=\"aioseo-breadcrumb\">\n\t<a href=\"https:\/\/eldigitaldeasturias.com\/magazine365\/category\/noticias-actualidad\/\" title=\"Noticias y Actualidad\">Noticias y Actualidad<\/a>\n<\/span><span class=\"aioseo-breadcrumb-separator\">\u2013<\/span><span class=\"aioseo-breadcrumb\">\n\t<a href=\"https:\/\/eldigitaldeasturias.com\/magazine365\/el-ave-de-renfe-dispara-un-10-el-numero-de-viajeros-en-la-primera-mitad-del-ano\/\" title=\"El AVE de Renfe dispara un 10% el n\u00famero de viajeros en la primera mitad del a\u00f1o\">El AVE de Renfe dispara un 10% el n\u00famero de viajeros en la primera mitad del a\u00f1o<\/a>\n<\/span><\/div>","aioseo_breadcrumb_json":[{"label":"Home","link":"https:\/\/eldigitaldeasturias.com\/magazine365"},{"label":"Noticias y Actualidad","link":"https:\/\/eldigitaldeasturias.com\/magazine365\/category\/noticias-actualidad\/"},{"label":"El AVE de Renfe dispara un 10% el n\u00famero de viajeros en la primera mitad del a\u00f1o","link":"https:\/\/eldigitaldeasturias.com\/magazine365\/el-ave-de-renfe-dispara-un-10-el-numero-de-viajeros-en-la-primera-mitad-del-ano\/"}],"_links":{"self":[{"href":"https:\/\/eldigitaldeasturias.com\/magazine365\/wp-json\/wp\/v2\/posts\/42911","targetHints":{"allow":["GET"]}}],"collection":[{"href":"https:\/\/eldigitaldeasturias.com\/magazine365\/wp-json\/wp\/v2\/posts"}],"about":[{"href":"https:\/\/eldigitaldeasturias.com\/magazine365\/wp-json\/wp\/v2\/types\/post"}],"author":[{"embeddable":true,"href":"https:\/\/eldigitaldeasturias.com\/magazine365\/wp-json\/wp\/v2\/users\/1"}],"replies":[{"embeddable":true,"href":"https:\/\/eldigitaldeasturias.com\/magazine365\/wp-json\/wp\/v2\/comments?post=42911"}],"version-history":[{"count":0,"href":"https:\/\/eldigitaldeasturias.com\/magazine365\/wp-json\/wp\/v2\/posts\/42911\/revisions"}],"wp:featuredmedia":[{"embeddable":true,"href":"https:\/\/eldigitaldeasturias.com\/magazine365\/wp-json\/wp\/v2\/media\/42912"}],"wp:attachment":[{"href":"https:\/\/eldigitaldeasturias.com\/magazine365\/wp-json\/wp\/v2\/media?parent=42911"}],"wp:term":[{"taxonomy":"category","embeddable":true,"href":"https:\/\/eldigitaldeasturias.com\/magazine365\/wp-json\/wp\/v2\/categories?post=42911"},{"taxonomy":"post_tag","embeddable":true,"href":"https:\/\/eldigitaldeasturias.com\/magazine365\/wp-json\/wp\/v2\/tags?post=42911"}],"curies":[{"name":"wp","href":"https:\/\/api.w.org\/{rel}","templated":true}]}}