{"id":42902,"date":"2015-07-16T22:03:01","date_gmt":"2015-07-16T20:03:01","guid":{"rendered":"http:\/\/eldigitaldeasturias.com\/magazine365\/?p=42902"},"modified":"2015-07-16T22:03:01","modified_gmt":"2015-07-16T20:03:01","slug":"cataluna-promocionara-sus-espacios-protegidos-para-ser-referente-de-turismo-de-naturaleza","status":"publish","type":"post","link":"https:\/\/eldigitaldeasturias.com\/magazine365\/cataluna-promocionara-sus-espacios-protegidos-para-ser-referente-de-turismo-de-naturaleza\/","title":{"rendered":"Catalu\u00f1a promocionar\u00e1 sus espacios protegidos para ser referente de turismo de naturaleza"},"content":{"rendered":"<p><img fetchpriority=\"high\" decoding=\"async\" class=\"alignleft size-medium wp-image-42903\" src=\"https:\/\/eldigitaldeasturias.com\/magazine365\/wp-content\/uploads\/2015\/07\/fotonoticia_20150716144923_800-360x270.jpg\" alt=\"fotonoticia_20150716144923_800\" width=\"360\" height=\"270\" srcset=\"https:\/\/eldigitaldeasturias.com\/magazine365\/wp-content\/uploads\/2015\/07\/fotonoticia_20150716144923_800-360x270.jpg 360w, https:\/\/eldigitaldeasturias.com\/magazine365\/wp-content\/uploads\/2015\/07\/fotonoticia_20150716144923_800-650x488.jpg 650w, https:\/\/eldigitaldeasturias.com\/magazine365\/wp-content\/uploads\/2015\/07\/fotonoticia_20150716144923_800-768x576.jpg 768w, https:\/\/eldigitaldeasturias.com\/magazine365\/wp-content\/uploads\/2015\/07\/fotonoticia_20150716144923_800-150x113.jpg 150w, https:\/\/eldigitaldeasturias.com\/magazine365\/wp-content\/uploads\/2015\/07\/fotonoticia_20150716144923_800-450x338.jpg 450w, https:\/\/eldigitaldeasturias.com\/magazine365\/wp-content\/uploads\/2015\/07\/fotonoticia_20150716144923_800-80x60.jpg 80w, https:\/\/eldigitaldeasturias.com\/magazine365\/wp-content\/uploads\/2015\/07\/fotonoticia_20150716144923_800-265x198.jpg 265w, https:\/\/eldigitaldeasturias.com\/magazine365\/wp-content\/uploads\/2015\/07\/fotonoticia_20150716144923_800-696x522.jpg 696w, https:\/\/eldigitaldeasturias.com\/magazine365\/wp-content\/uploads\/2015\/07\/fotonoticia_20150716144923_800-560x420.jpg 560w, https:\/\/eldigitaldeasturias.com\/magazine365\/wp-content\/uploads\/2015\/07\/fotonoticia_20150716144923_800-90x67.jpg 90w, https:\/\/eldigitaldeasturias.com\/magazine365\/wp-content\/uploads\/2015\/07\/fotonoticia_20150716144923_800-100x75.jpg 100w, https:\/\/eldigitaldeasturias.com\/magazine365\/wp-content\/uploads\/2015\/07\/fotonoticia_20150716144923_800.jpg 800w\" sizes=\"(max-width: 360px) 100vw, 360px\" \/>El conseller de Empresa y Empleo de la Generalitat, Felip Puig, y el de Territorio y Sostenibilidad, Santi Vila, han presentado este jueves un plan para fomentar el turismo de naturaleza en los espacios naturales protegidos (ENP) de Catalunya.<\/p>\n<p>Vila ha explicado que en estos momentos Catalunya se proyecta al mundo b\u00e1sicamente a trav\u00e9s de Barcelona, as\u00ed como tambi\u00e9n de su cultura, arquitectura y la gastronom\u00eda, y ha se\u00f1alado que con este plan el Govern aspira a que tambi\u00e9n sea un \u00abreferente de destino tur\u00edstico vinculado a la naturaleza\u00bb.<\/p>\n<p>Puig ha explicado que este a\u00f1o el Govern destinar\u00e1 500.000 euros a este plan, y prev\u00e9 seguir dot\u00e1ndolo a trav\u00e9s de los ingresos de la tasa tur\u00edstica.<\/p>\n<p>Ha destacado que Catalunya tiene un 30% de su territorio con alg\u00fan elemento protegido, y que este plan pretende encontrar un equilibrio entre la conservaci\u00f3n y la potenciaci\u00f3n del turismo.<\/p>\n<p>Ha manifestado que se trata de una \u00abapuesta conciliadora y sostenible\u00bb con la que se pretende rentabilizar los activos y recursos naturales que tiene Catalunya.<\/p>\n<p>El secretario de Empresa y Competitividad de la Generalitat, Pere Torres, ha explicado que el turismo de naturaleza engloba diferentes tipos de turismo, y que el plan har\u00e1 especial \u00e9nfasis en fomentar el ecoturismo, ya que es el que m\u00e1s potencialidades de crecimiento tiene.<\/p>\n<p>Ha a\u00f1adido que el Govern pretende segmentar la oferta tur\u00edstica para poder dirigirse m\u00e1s directamente a un turismo de alta calidad.<\/p>\n<p>REEQUILIBRIO TERRITORIAL<\/p>\n<p>La presentaci\u00f3n de este plan coincide con la celebraci\u00f3n este 2015 del A\u00f1o del Turismo Interior y de Monta\u00f1a, que tiene como principales retos potenciar y promover la oferta tur\u00edstica de las comarcas interiores y conseguir as\u00ed un reequilibrio territorial de los flujos tur\u00edsticos.<\/p>\n<p>El plan contempla 50 actuaciones a corto y medio plazo, entre las que hay dos que se llevar\u00e1n a cabo de forma inmediata: una campa\u00f1a espec\u00edfica de promoci\u00f3n dirigida a n\u00facleos urbanos de Catalunya, Espa\u00f1a y sur de Francia, y la creaci\u00f3n de la Mesa del Ecoturismo, compuesta por agentes p\u00fablicos y privados del sector.<\/p>\n<p>Tambi\u00e9n se prev\u00e9 mejorar las se\u00f1alizaciones, elaborar un ranking con los 25 destinos m\u00e1s atractivos para promocionar internacionalmente, crear un cat\u00e1logo con las mejores experiencias de ecoturismo e impulsar una marca de reconocimiento de los destinos y los proveedores de turismo de naturaleza de Catalunya, entre otras medidas.<\/p>\n","protected":false},"excerpt":{"rendered":"<p>El conseller de Empresa y Empleo de la Generalitat, Felip Puig, y el de Territorio y Sostenibilidad, Santi Vila, han presentado este jueves un plan para fomentar el turismo de naturaleza en los espacios naturales protegidos (ENP) de Catalunya. Vila ha explicado que en estos momentos Catalunya se proyecta al mundo b\u00e1sicamente a trav\u00e9s de<\/p>\n","protected":false},"author":1,"featured_media":42903,"comment_status":"open","ping_status":"closed","sticky":false,"template":"","format":"standard","meta":{"footnotes":""},"categories":[222],"tags":[],"class_list":{"0":"post-42902","1":"post","2":"type-post","3":"status-publish","4":"format-standard","5":"has-post-thumbnail","7":"category-actualidad-turismo"},"aioseo_notices":[],"aioseo_head":"\n\t\t<!-- All in One SEO Pro 4.9.6.1 - aioseo.com -->\n\t<meta name=\"description\" content=\"El conseller de Empresa y Empleo de la Generalitat, Felip Puig, y el de Territorio y Sostenibilidad, Santi Vila, han presentado este jueves un plan para fomentar el turismo de naturaleza en los espacios naturales protegidos (ENP) de Catalunya. Vila ha explicado que en estos momentos Catalunya se proyecta al mundo b\u00e1sicamente a trav\u00e9s de\" \/>\n\t<meta name=\"robots\" content=\"max-image-preview:large\" \/>\n\t<meta name=\"author\" content=\"admin\"\/>\n\t<meta name=\"google-site-verification\" content=\"UA-38556648-1\" \/>\n\t<meta name=\"keywords\" content=\"actualidad turismo\" \/>\n\t<link rel=\"canonical\" href=\"https:\/\/eldigitaldeasturias.com\/magazine365\/cataluna-promocionara-sus-espacios-protegidos-para-ser-referente-de-turismo-de-naturaleza\/\" \/>\n\t<meta name=\"generator\" content=\"All in One SEO Pro (AIOSEO) 4.9.6.1\" \/>\n\t\t<meta property=\"og:locale\" content=\"es_ES\" \/>\n\t\t<meta property=\"og:site_name\" content=\"El Digital de Asturias \u2013 Revista de ocio, turismo y estilo de vida\" \/>\n\t\t<meta property=\"og:type\" content=\"article\" \/>\n\t\t<meta property=\"og:title\" content=\"Catalu\u00f1a promocionar\u00e1 sus espacios protegidos para ser referente de turismo de naturaleza | El Digital de Asturias\" \/>\n\t\t<meta property=\"og:description\" content=\"El conseller de Empresa y Empleo de la Generalitat, Felip Puig, y el de Territorio y Sostenibilidad, Santi Vila, han presentado este jueves un plan para fomentar el turismo de naturaleza en los espacios naturales protegidos (ENP) de Catalunya. Vila ha explicado que en estos momentos Catalunya se proyecta al mundo b\u00e1sicamente a trav\u00e9s de\" \/>\n\t\t<meta property=\"og:url\" content=\"https:\/\/eldigitaldeasturias.com\/magazine365\/cataluna-promocionara-sus-espacios-protegidos-para-ser-referente-de-turismo-de-naturaleza\/\" \/>\n\t\t<meta property=\"og:image\" content=\"https:\/\/eldigitaldeasturias.com\/magazine365\/wp-content\/uploads\/2015\/07\/fotonoticia_20150716144923_800.jpg\" \/>\n\t\t<meta property=\"og:image:secure_url\" content=\"https:\/\/eldigitaldeasturias.com\/magazine365\/wp-content\/uploads\/2015\/07\/fotonoticia_20150716144923_800.jpg\" \/>\n\t\t<meta property=\"og:image:width\" content=\"800\" \/>\n\t\t<meta property=\"og:image:height\" content=\"600\" \/>\n\t\t<meta property=\"article:published_time\" content=\"2015-07-16T20:03:01+00:00\" \/>\n\t\t<meta property=\"article:modified_time\" content=\"2015-07-16T20:03:01+00:00\" \/>\n\t\t<meta name=\"twitter:card\" content=\"summary_large_image\" \/>\n\t\t<meta name=\"twitter:title\" content=\"Catalu\u00f1a promocionar\u00e1 sus espacios protegidos para ser referente de turismo de naturaleza | El Digital de Asturias\" \/>\n\t\t<meta name=\"twitter:description\" content=\"El conseller de Empresa y Empleo de la Generalitat, Felip Puig, y el de Territorio y Sostenibilidad, Santi Vila, han presentado este jueves un plan para fomentar el turismo de naturaleza en los espacios naturales protegidos (ENP) de Catalunya. Vila ha explicado que en estos momentos Catalunya se proyecta al mundo b\u00e1sicamente a trav\u00e9s de\" \/>\n\t\t<meta name=\"twitter:image\" content=\"https:\/\/eldigitaldeasturias.com\/magazine365\/wp-content\/uploads\/2015\/07\/fotonoticia_20150716144923_800.jpg\" \/>\n\t\t<script type=\"application\/ld+json\" class=\"aioseo-schema\">\n\t\t\t{\"@context\":\"https:\\\/\\\/schema.org\",\"@graph\":[{\"@type\":\"Article\",\"@id\":\"https:\\\/\\\/eldigitaldeasturias.com\\\/magazine365\\\/cataluna-promocionara-sus-espacios-protegidos-para-ser-referente-de-turismo-de-naturaleza\\\/#article\",\"name\":\"Catalu\\u00f1a promocionar\\u00e1 sus espacios protegidos para ser referente de turismo de naturaleza | El Digital de Asturias\",\"headline\":\"Catalu\\u00f1a promocionar\\u00e1 sus espacios protegidos para ser referente de turismo de naturaleza\",\"author\":{\"@id\":\"https:\\\/\\\/eldigitaldeasturias.com\\\/magazine365\\\/author\\\/admin\\\/#author\"},\"publisher\":{\"@id\":\"https:\\\/\\\/eldigitaldeasturias.com\\\/magazine365\\\/#organization\"},\"image\":{\"@type\":\"ImageObject\",\"url\":\"https:\\\/\\\/eldigitaldeasturias.com\\\/magazine365\\\/wp-content\\\/uploads\\\/2015\\\/07\\\/fotonoticia_20150716144923_800.jpg\",\"width\":800,\"height\":600},\"datePublished\":\"2015-07-16T22:03:01+02:00\",\"dateModified\":\"2015-07-16T22:03:01+02:00\",\"inLanguage\":\"es-ES\",\"mainEntityOfPage\":{\"@id\":\"https:\\\/\\\/eldigitaldeasturias.com\\\/magazine365\\\/cataluna-promocionara-sus-espacios-protegidos-para-ser-referente-de-turismo-de-naturaleza\\\/#webpage\"},\"isPartOf\":{\"@id\":\"https:\\\/\\\/eldigitaldeasturias.com\\\/magazine365\\\/cataluna-promocionara-sus-espacios-protegidos-para-ser-referente-de-turismo-de-naturaleza\\\/#webpage\"},\"articleSection\":\"Actualidad Turismo\"},{\"@type\":\"BreadcrumbList\",\"@id\":\"https:\\\/\\\/eldigitaldeasturias.com\\\/magazine365\\\/cataluna-promocionara-sus-espacios-protegidos-para-ser-referente-de-turismo-de-naturaleza\\\/#breadcrumblist\",\"itemListElement\":[{\"@type\":\"ListItem\",\"@id\":\"https:\\\/\\\/eldigitaldeasturias.com\\\/magazine365#listItem\",\"position\":1,\"name\":\"Home\",\"item\":\"https:\\\/\\\/eldigitaldeasturias.com\\\/magazine365\",\"nextItem\":{\"@type\":\"ListItem\",\"@id\":\"https:\\\/\\\/eldigitaldeasturias.com\\\/magazine365\\\/category\\\/actualidad-turismo\\\/#listItem\",\"name\":\"Actualidad Turismo\"}},{\"@type\":\"ListItem\",\"@id\":\"https:\\\/\\\/eldigitaldeasturias.com\\\/magazine365\\\/category\\\/actualidad-turismo\\\/#listItem\",\"position\":2,\"name\":\"Actualidad Turismo\",\"item\":\"https:\\\/\\\/eldigitaldeasturias.com\\\/magazine365\\\/category\\\/actualidad-turismo\\\/\",\"nextItem\":{\"@type\":\"ListItem\",\"@id\":\"https:\\\/\\\/eldigitaldeasturias.com\\\/magazine365\\\/cataluna-promocionara-sus-espacios-protegidos-para-ser-referente-de-turismo-de-naturaleza\\\/#listItem\",\"name\":\"Catalu\\u00f1a promocionar\\u00e1 sus espacios protegidos para ser referente de turismo de naturaleza\"},\"previousItem\":{\"@type\":\"ListItem\",\"@id\":\"https:\\\/\\\/eldigitaldeasturias.com\\\/magazine365#listItem\",\"name\":\"Home\"}},{\"@type\":\"ListItem\",\"@id\":\"https:\\\/\\\/eldigitaldeasturias.com\\\/magazine365\\\/cataluna-promocionara-sus-espacios-protegidos-para-ser-referente-de-turismo-de-naturaleza\\\/#listItem\",\"position\":3,\"name\":\"Catalu\\u00f1a promocionar\\u00e1 sus espacios protegidos para ser referente de turismo de naturaleza\",\"previousItem\":{\"@type\":\"ListItem\",\"@id\":\"https:\\\/\\\/eldigitaldeasturias.com\\\/magazine365\\\/category\\\/actualidad-turismo\\\/#listItem\",\"name\":\"Actualidad Turismo\"}}]},{\"@type\":\"Organization\",\"@id\":\"https:\\\/\\\/eldigitaldeasturias.com\\\/magazine365\\\/#organization\",\"name\":\"El digital de Asturias\",\"description\":\"Revista de ocio, turismo y estilo de vida\",\"url\":\"https:\\\/\\\/eldigitaldeasturias.com\\\/magazine365\\\/\",\"logo\":{\"@type\":\"ImageObject\",\"url\":\"https:\\\/\\\/www.eldigitaldeasturias.com\\\/noticias\\\/wp-content\\\/uploads\\\/2020\\\/12\\\/EDA.jpg\",\"@id\":\"https:\\\/\\\/eldigitaldeasturias.com\\\/magazine365\\\/cataluna-promocionara-sus-espacios-protegidos-para-ser-referente-de-turismo-de-naturaleza\\\/#organizationLogo\"},\"image\":{\"@id\":\"https:\\\/\\\/eldigitaldeasturias.com\\\/magazine365\\\/cataluna-promocionara-sus-espacios-protegidos-para-ser-referente-de-turismo-de-naturaleza\\\/#organizationLogo\"}},{\"@type\":\"Person\",\"@id\":\"https:\\\/\\\/eldigitaldeasturias.com\\\/magazine365\\\/author\\\/admin\\\/#author\",\"url\":\"https:\\\/\\\/eldigitaldeasturias.com\\\/magazine365\\\/author\\\/admin\\\/\",\"name\":\"admin\",\"image\":{\"@type\":\"ImageObject\",\"@id\":\"https:\\\/\\\/eldigitaldeasturias.com\\\/magazine365\\\/cataluna-promocionara-sus-espacios-protegidos-para-ser-referente-de-turismo-de-naturaleza\\\/#authorImage\",\"url\":\"https:\\\/\\\/eldigitaldeasturias.com\\\/magazine365\\\/wp-content\\\/litespeed\\\/avatar\\\/e571bcf59a0edd6fa6838245a470f2fe.jpg?ver=1777574230\",\"width\":96,\"height\":96,\"caption\":\"admin\"}},{\"@type\":\"WebPage\",\"@id\":\"https:\\\/\\\/eldigitaldeasturias.com\\\/magazine365\\\/cataluna-promocionara-sus-espacios-protegidos-para-ser-referente-de-turismo-de-naturaleza\\\/#webpage\",\"url\":\"https:\\\/\\\/eldigitaldeasturias.com\\\/magazine365\\\/cataluna-promocionara-sus-espacios-protegidos-para-ser-referente-de-turismo-de-naturaleza\\\/\",\"name\":\"Catalu\\u00f1a promocionar\\u00e1 sus espacios protegidos para ser referente de turismo de naturaleza | El Digital de Asturias\",\"description\":\"El conseller de Empresa y Empleo de la Generalitat, Felip Puig, y el de Territorio y Sostenibilidad, Santi Vila, han presentado este jueves un plan para fomentar el turismo de naturaleza en los espacios naturales protegidos (ENP) de Catalunya. Vila ha explicado que en estos momentos Catalunya se proyecta al mundo b\\u00e1sicamente a trav\\u00e9s de\",\"inLanguage\":\"es-ES\",\"isPartOf\":{\"@id\":\"https:\\\/\\\/eldigitaldeasturias.com\\\/magazine365\\\/#website\"},\"breadcrumb\":{\"@id\":\"https:\\\/\\\/eldigitaldeasturias.com\\\/magazine365\\\/cataluna-promocionara-sus-espacios-protegidos-para-ser-referente-de-turismo-de-naturaleza\\\/#breadcrumblist\"},\"author\":{\"@id\":\"https:\\\/\\\/eldigitaldeasturias.com\\\/magazine365\\\/author\\\/admin\\\/#author\"},\"creator\":{\"@id\":\"https:\\\/\\\/eldigitaldeasturias.com\\\/magazine365\\\/author\\\/admin\\\/#author\"},\"image\":{\"@type\":\"ImageObject\",\"url\":\"https:\\\/\\\/eldigitaldeasturias.com\\\/magazine365\\\/wp-content\\\/uploads\\\/2015\\\/07\\\/fotonoticia_20150716144923_800.jpg\",\"@id\":\"https:\\\/\\\/eldigitaldeasturias.com\\\/magazine365\\\/cataluna-promocionara-sus-espacios-protegidos-para-ser-referente-de-turismo-de-naturaleza\\\/#mainImage\",\"width\":800,\"height\":600},\"primaryImageOfPage\":{\"@id\":\"https:\\\/\\\/eldigitaldeasturias.com\\\/magazine365\\\/cataluna-promocionara-sus-espacios-protegidos-para-ser-referente-de-turismo-de-naturaleza\\\/#mainImage\"},\"datePublished\":\"2015-07-16T22:03:01+02:00\",\"dateModified\":\"2015-07-16T22:03:01+02:00\"},{\"@type\":\"WebSite\",\"@id\":\"https:\\\/\\\/eldigitaldeasturias.com\\\/magazine365\\\/#website\",\"url\":\"https:\\\/\\\/eldigitaldeasturias.com\\\/magazine365\\\/\",\"name\":\"El Digital de Asturias\",\"description\":\"Revista de ocio, turismo y estilo de vida\",\"inLanguage\":\"es-ES\",\"publisher\":{\"@id\":\"https:\\\/\\\/eldigitaldeasturias.com\\\/magazine365\\\/#organization\"}}]}\n\t\t<\/script>\n\t\t<!-- All in One SEO Pro -->\r\n\t\t<title>Catalu\u00f1a promocionar\u00e1 sus espacios protegidos para ser referente de turismo de naturaleza | El Digital de Asturias<\/title>\n\n","aioseo_head_json":{"title":"Catalu\u00f1a promocionar\u00e1 sus espacios protegidos para ser referente de turismo de naturaleza | El Digital de Asturias","description":"El conseller de Empresa y Empleo de la Generalitat, Felip Puig, y el de Territorio y Sostenibilidad, Santi Vila, han presentado este jueves un plan para fomentar el turismo de naturaleza en los espacios naturales protegidos (ENP) de Catalunya. Vila ha explicado que en estos momentos Catalunya se proyecta al mundo b\u00e1sicamente a trav\u00e9s de","canonical_url":"https:\/\/eldigitaldeasturias.com\/magazine365\/cataluna-promocionara-sus-espacios-protegidos-para-ser-referente-de-turismo-de-naturaleza\/","robots":"max-image-preview:large","keywords":"actualidad turismo","webmasterTools":{"google-site-verification":"UA-38556648-1","miscellaneous":""},"schema":{"@context":"https:\/\/schema.org","@graph":[{"@type":"Article","@id":"https:\/\/eldigitaldeasturias.com\/magazine365\/cataluna-promocionara-sus-espacios-protegidos-para-ser-referente-de-turismo-de-naturaleza\/#article","name":"Catalu\u00f1a promocionar\u00e1 sus espacios protegidos para ser referente de turismo de naturaleza | El Digital de Asturias","headline":"Catalu\u00f1a promocionar\u00e1 sus espacios protegidos para ser referente de turismo de naturaleza","author":{"@id":"https:\/\/eldigitaldeasturias.com\/magazine365\/author\/admin\/#author"},"publisher":{"@id":"https:\/\/eldigitaldeasturias.com\/magazine365\/#organization"},"image":{"@type":"ImageObject","url":"https:\/\/eldigitaldeasturias.com\/magazine365\/wp-content\/uploads\/2015\/07\/fotonoticia_20150716144923_800.jpg","width":800,"height":600},"datePublished":"2015-07-16T22:03:01+02:00","dateModified":"2015-07-16T22:03:01+02:00","inLanguage":"es-ES","mainEntityOfPage":{"@id":"https:\/\/eldigitaldeasturias.com\/magazine365\/cataluna-promocionara-sus-espacios-protegidos-para-ser-referente-de-turismo-de-naturaleza\/#webpage"},"isPartOf":{"@id":"https:\/\/eldigitaldeasturias.com\/magazine365\/cataluna-promocionara-sus-espacios-protegidos-para-ser-referente-de-turismo-de-naturaleza\/#webpage"},"articleSection":"Actualidad Turismo"},{"@type":"BreadcrumbList","@id":"https:\/\/eldigitaldeasturias.com\/magazine365\/cataluna-promocionara-sus-espacios-protegidos-para-ser-referente-de-turismo-de-naturaleza\/#breadcrumblist","itemListElement":[{"@type":"ListItem","@id":"https:\/\/eldigitaldeasturias.com\/magazine365#listItem","position":1,"name":"Home","item":"https:\/\/eldigitaldeasturias.com\/magazine365","nextItem":{"@type":"ListItem","@id":"https:\/\/eldigitaldeasturias.com\/magazine365\/category\/actualidad-turismo\/#listItem","name":"Actualidad Turismo"}},{"@type":"ListItem","@id":"https:\/\/eldigitaldeasturias.com\/magazine365\/category\/actualidad-turismo\/#listItem","position":2,"name":"Actualidad Turismo","item":"https:\/\/eldigitaldeasturias.com\/magazine365\/category\/actualidad-turismo\/","nextItem":{"@type":"ListItem","@id":"https:\/\/eldigitaldeasturias.com\/magazine365\/cataluna-promocionara-sus-espacios-protegidos-para-ser-referente-de-turismo-de-naturaleza\/#listItem","name":"Catalu\u00f1a promocionar\u00e1 sus espacios protegidos para ser referente de turismo de naturaleza"},"previousItem":{"@type":"ListItem","@id":"https:\/\/eldigitaldeasturias.com\/magazine365#listItem","name":"Home"}},{"@type":"ListItem","@id":"https:\/\/eldigitaldeasturias.com\/magazine365\/cataluna-promocionara-sus-espacios-protegidos-para-ser-referente-de-turismo-de-naturaleza\/#listItem","position":3,"name":"Catalu\u00f1a promocionar\u00e1 sus espacios protegidos para ser referente de turismo de naturaleza","previousItem":{"@type":"ListItem","@id":"https:\/\/eldigitaldeasturias.com\/magazine365\/category\/actualidad-turismo\/#listItem","name":"Actualidad Turismo"}}]},{"@type":"Organization","@id":"https:\/\/eldigitaldeasturias.com\/magazine365\/#organization","name":"El digital de Asturias","description":"Revista de ocio, turismo y estilo de vida","url":"https:\/\/eldigitaldeasturias.com\/magazine365\/","logo":{"@type":"ImageObject","url":"https:\/\/www.eldigitaldeasturias.com\/noticias\/wp-content\/uploads\/2020\/12\/EDA.jpg","@id":"https:\/\/eldigitaldeasturias.com\/magazine365\/cataluna-promocionara-sus-espacios-protegidos-para-ser-referente-de-turismo-de-naturaleza\/#organizationLogo"},"image":{"@id":"https:\/\/eldigitaldeasturias.com\/magazine365\/cataluna-promocionara-sus-espacios-protegidos-para-ser-referente-de-turismo-de-naturaleza\/#organizationLogo"}},{"@type":"Person","@id":"https:\/\/eldigitaldeasturias.com\/magazine365\/author\/admin\/#author","url":"https:\/\/eldigitaldeasturias.com\/magazine365\/author\/admin\/","name":"admin","image":{"@type":"ImageObject","@id":"https:\/\/eldigitaldeasturias.com\/magazine365\/cataluna-promocionara-sus-espacios-protegidos-para-ser-referente-de-turismo-de-naturaleza\/#authorImage","url":"https:\/\/eldigitaldeasturias.com\/magazine365\/wp-content\/litespeed\/avatar\/e571bcf59a0edd6fa6838245a470f2fe.jpg?ver=1777574230","width":96,"height":96,"caption":"admin"}},{"@type":"WebPage","@id":"https:\/\/eldigitaldeasturias.com\/magazine365\/cataluna-promocionara-sus-espacios-protegidos-para-ser-referente-de-turismo-de-naturaleza\/#webpage","url":"https:\/\/eldigitaldeasturias.com\/magazine365\/cataluna-promocionara-sus-espacios-protegidos-para-ser-referente-de-turismo-de-naturaleza\/","name":"Catalu\u00f1a promocionar\u00e1 sus espacios protegidos para ser referente de turismo de naturaleza | El Digital de Asturias","description":"El conseller de Empresa y Empleo de la Generalitat, Felip Puig, y el de Territorio y Sostenibilidad, Santi Vila, han presentado este jueves un plan para fomentar el turismo de naturaleza en los espacios naturales protegidos (ENP) de Catalunya. Vila ha explicado que en estos momentos Catalunya se proyecta al mundo b\u00e1sicamente a trav\u00e9s de","inLanguage":"es-ES","isPartOf":{"@id":"https:\/\/eldigitaldeasturias.com\/magazine365\/#website"},"breadcrumb":{"@id":"https:\/\/eldigitaldeasturias.com\/magazine365\/cataluna-promocionara-sus-espacios-protegidos-para-ser-referente-de-turismo-de-naturaleza\/#breadcrumblist"},"author":{"@id":"https:\/\/eldigitaldeasturias.com\/magazine365\/author\/admin\/#author"},"creator":{"@id":"https:\/\/eldigitaldeasturias.com\/magazine365\/author\/admin\/#author"},"image":{"@type":"ImageObject","url":"https:\/\/eldigitaldeasturias.com\/magazine365\/wp-content\/uploads\/2015\/07\/fotonoticia_20150716144923_800.jpg","@id":"https:\/\/eldigitaldeasturias.com\/magazine365\/cataluna-promocionara-sus-espacios-protegidos-para-ser-referente-de-turismo-de-naturaleza\/#mainImage","width":800,"height":600},"primaryImageOfPage":{"@id":"https:\/\/eldigitaldeasturias.com\/magazine365\/cataluna-promocionara-sus-espacios-protegidos-para-ser-referente-de-turismo-de-naturaleza\/#mainImage"},"datePublished":"2015-07-16T22:03:01+02:00","dateModified":"2015-07-16T22:03:01+02:00"},{"@type":"WebSite","@id":"https:\/\/eldigitaldeasturias.com\/magazine365\/#website","url":"https:\/\/eldigitaldeasturias.com\/magazine365\/","name":"El Digital de Asturias","description":"Revista de ocio, turismo y estilo de vida","inLanguage":"es-ES","publisher":{"@id":"https:\/\/eldigitaldeasturias.com\/magazine365\/#organization"}}]},"og:locale":"es_ES","og:site_name":"El Digital de Asturias \u2013 Revista de ocio, turismo y estilo de vida","og:type":"article","og:title":"Catalu\u00f1a promocionar\u00e1 sus espacios protegidos para ser referente de turismo de naturaleza | El Digital de Asturias","og:description":"El conseller de Empresa y Empleo de la Generalitat, Felip Puig, y el de Territorio y Sostenibilidad, Santi Vila, han presentado este jueves un plan para fomentar el turismo de naturaleza en los espacios naturales protegidos (ENP) de Catalunya. Vila ha explicado que en estos momentos Catalunya se proyecta al mundo b\u00e1sicamente a trav\u00e9s de","og:url":"https:\/\/eldigitaldeasturias.com\/magazine365\/cataluna-promocionara-sus-espacios-protegidos-para-ser-referente-de-turismo-de-naturaleza\/","og:image":"https:\/\/eldigitaldeasturias.com\/magazine365\/wp-content\/uploads\/2015\/07\/fotonoticia_20150716144923_800.jpg","og:image:secure_url":"https:\/\/eldigitaldeasturias.com\/magazine365\/wp-content\/uploads\/2015\/07\/fotonoticia_20150716144923_800.jpg","og:image:width":800,"og:image:height":600,"article:published_time":"2015-07-16T20:03:01+00:00","article:modified_time":"2015-07-16T20:03:01+00:00","twitter:card":"summary_large_image","twitter:title":"Catalu\u00f1a promocionar\u00e1 sus espacios protegidos para ser referente de turismo de naturaleza | El Digital de Asturias","twitter:description":"El conseller de Empresa y Empleo de la Generalitat, Felip Puig, y el de Territorio y Sostenibilidad, Santi Vila, han presentado este jueves un plan para fomentar el turismo de naturaleza en los espacios naturales protegidos (ENP) de Catalunya. Vila ha explicado que en estos momentos Catalunya se proyecta al mundo b\u00e1sicamente a trav\u00e9s de","twitter:image":"https:\/\/eldigitaldeasturias.com\/magazine365\/wp-content\/uploads\/2015\/07\/fotonoticia_20150716144923_800.jpg"},"aioseo_meta_data":{"post_id":"42902","title":null,"description":null,"keywords":null,"keyphrases":null,"primary_term":null,"canonical_url":null,"og_title":null,"og_description":null,"og_object_type":"default","og_image_type":"default","og_image_url":null,"og_image_width":null,"og_image_height":null,"og_image_custom_url":null,"og_image_custom_fields":null,"og_video":null,"og_custom_url":null,"og_article_section":null,"og_article_tags":null,"twitter_use_og":false,"twitter_card":"default","twitter_image_type":"default","twitter_image_url":null,"twitter_image_custom_url":null,"twitter_image_custom_fields":null,"twitter_title":null,"twitter_description":null,"schema":{"blockGraphs":[],"customGraphs":[],"default":{"data":{"Article":[],"Course":[],"Dataset":[],"FAQPage":[],"Movie":[],"Person":[],"Product":[],"ProductReview":[],"Car":[],"Recipe":[],"Service":[],"SoftwareApplication":[],"WebPage":[]},"graphName":"","isEnabled":true},"graphs":[],"defaultGraph":"","defaultPostTypeGraph":""},"schema_type":null,"schema_type_options":null,"pillar_content":false,"robots_default":true,"robots_noindex":false,"robots_noarchive":false,"robots_nosnippet":false,"robots_nofollow":false,"robots_noimageindex":false,"robots_noodp":false,"robots_notranslate":false,"robots_max_snippet":null,"robots_max_videopreview":null,"robots_max_imagepreview":"large","priority":null,"frequency":null,"location":null,"local_seo":null,"seo_analyzer_scan_date":"2025-09-19 18:43:54","breadcrumb_settings":null,"limit_modified_date":false,"open_ai":null,"ai":null,"created":"2021-03-09 01:54:39","updated":"2025-09-19 18:43:54"},"aioseo_breadcrumb":"<div class=\"aioseo-breadcrumbs\"><span class=\"aioseo-breadcrumb\">\n\t<a href=\"https:\/\/eldigitaldeasturias.com\/magazine365\" title=\"Home\">Home<\/a>\n<\/span><span class=\"aioseo-breadcrumb-separator\">\u2013<\/span><span class=\"aioseo-breadcrumb\">\n\t<a href=\"https:\/\/eldigitaldeasturias.com\/magazine365\/category\/actualidad-turismo\/\" title=\"Actualidad Turismo\">Actualidad Turismo<\/a>\n<\/span><span class=\"aioseo-breadcrumb-separator\">\u2013<\/span><span class=\"aioseo-breadcrumb\">\n\t<a href=\"https:\/\/eldigitaldeasturias.com\/magazine365\/cataluna-promocionara-sus-espacios-protegidos-para-ser-referente-de-turismo-de-naturaleza\/\" title=\"Catalu\u00f1a promocionar\u00e1 sus espacios protegidos para ser referente de turismo de naturaleza\">Catalu\u00f1a promocionar\u00e1 sus espacios protegidos para ser referente de turismo de naturaleza<\/a>\n<\/span><\/div>","aioseo_breadcrumb_json":[{"label":"Home","link":"https:\/\/eldigitaldeasturias.com\/magazine365"},{"label":"Actualidad Turismo","link":"https:\/\/eldigitaldeasturias.com\/magazine365\/category\/actualidad-turismo\/"},{"label":"Catalu\u00f1a promocionar\u00e1 sus espacios protegidos para ser referente de turismo de naturaleza","link":"https:\/\/eldigitaldeasturias.com\/magazine365\/cataluna-promocionara-sus-espacios-protegidos-para-ser-referente-de-turismo-de-naturaleza\/"}],"_links":{"self":[{"href":"https:\/\/eldigitaldeasturias.com\/magazine365\/wp-json\/wp\/v2\/posts\/42902","targetHints":{"allow":["GET"]}}],"collection":[{"href":"https:\/\/eldigitaldeasturias.com\/magazine365\/wp-json\/wp\/v2\/posts"}],"about":[{"href":"https:\/\/eldigitaldeasturias.com\/magazine365\/wp-json\/wp\/v2\/types\/post"}],"author":[{"embeddable":true,"href":"https:\/\/eldigitaldeasturias.com\/magazine365\/wp-json\/wp\/v2\/users\/1"}],"replies":[{"embeddable":true,"href":"https:\/\/eldigitaldeasturias.com\/magazine365\/wp-json\/wp\/v2\/comments?post=42902"}],"version-history":[{"count":0,"href":"https:\/\/eldigitaldeasturias.com\/magazine365\/wp-json\/wp\/v2\/posts\/42902\/revisions"}],"wp:featuredmedia":[{"embeddable":true,"href":"https:\/\/eldigitaldeasturias.com\/magazine365\/wp-json\/wp\/v2\/media\/42903"}],"wp:attachment":[{"href":"https:\/\/eldigitaldeasturias.com\/magazine365\/wp-json\/wp\/v2\/media?parent=42902"}],"wp:term":[{"taxonomy":"category","embeddable":true,"href":"https:\/\/eldigitaldeasturias.com\/magazine365\/wp-json\/wp\/v2\/categories?post=42902"},{"taxonomy":"post_tag","embeddable":true,"href":"https:\/\/eldigitaldeasturias.com\/magazine365\/wp-json\/wp\/v2\/tags?post=42902"}],"curies":[{"name":"wp","href":"https:\/\/api.w.org\/{rel}","templated":true}]}}