{"id":42899,"date":"2015-07-16T22:01:56","date_gmt":"2015-07-16T20:01:56","guid":{"rendered":"http:\/\/eldigitaldeasturias.com\/magazine365\/?p=42899"},"modified":"2015-07-16T22:01:56","modified_gmt":"2015-07-16T20:01:56","slug":"norwegian-conectara-tenerife-con-madrid-barcelona-y-malaga-desde-octubre","status":"publish","type":"post","link":"https:\/\/eldigitaldeasturias.com\/magazine365\/norwegian-conectara-tenerife-con-madrid-barcelona-y-malaga-desde-octubre\/","title":{"rendered":"Norwegian conectar\u00e1 Tenerife con Madrid, Barcelona y M\u00e1laga desde octubre"},"content":{"rendered":"<p><img fetchpriority=\"high\" decoding=\"async\" class=\"alignleft size-medium wp-image-42900\" src=\"https:\/\/eldigitaldeasturias.com\/magazine365\/wp-content\/uploads\/2015\/07\/fotonoticia_20150716143206_800-360x232.jpg\" alt=\"fotonoticia_20150716143206_800\" width=\"360\" height=\"232\" srcset=\"https:\/\/eldigitaldeasturias.com\/magazine365\/wp-content\/uploads\/2015\/07\/fotonoticia_20150716143206_800-360x232.jpg 360w, https:\/\/eldigitaldeasturias.com\/magazine365\/wp-content\/uploads\/2015\/07\/fotonoticia_20150716143206_800-650x418.jpg 650w, https:\/\/eldigitaldeasturias.com\/magazine365\/wp-content\/uploads\/2015\/07\/fotonoticia_20150716143206_800-768x494.jpg 768w, https:\/\/eldigitaldeasturias.com\/magazine365\/wp-content\/uploads\/2015\/07\/fotonoticia_20150716143206_800-150x97.jpg 150w, https:\/\/eldigitaldeasturias.com\/magazine365\/wp-content\/uploads\/2015\/07\/fotonoticia_20150716143206_800-450x290.jpg 450w, https:\/\/eldigitaldeasturias.com\/magazine365\/wp-content\/uploads\/2015\/07\/fotonoticia_20150716143206_800-696x448.jpg 696w, https:\/\/eldigitaldeasturias.com\/magazine365\/wp-content\/uploads\/2015\/07\/fotonoticia_20150716143206_800-652x420.jpg 652w, https:\/\/eldigitaldeasturias.com\/magazine365\/wp-content\/uploads\/2015\/07\/fotonoticia_20150716143206_800-225x145.jpg 225w, https:\/\/eldigitaldeasturias.com\/magazine365\/wp-content\/uploads\/2015\/07\/fotonoticia_20150716143206_800-84x55.jpg 84w, https:\/\/eldigitaldeasturias.com\/magazine365\/wp-content\/uploads\/2015\/07\/fotonoticia_20150716143206_800.jpg 800w\" sizes=\"(max-width: 360px) 100vw, 360px\" \/>La compa\u00f1\u00eda escandinava Norwegian conectar\u00e1 este invierno Tenerife &#8211;a partir del 25 de octubre&#8211; con Madrid, Barcelona y M\u00e1laga, lo que aumenta en unas 106.000 plazas la capacidad a\u00e9rea de la isla con la Pen\u00ednsula.<\/p>\n<p>Los detalles han sido presentados este jueves en rueda de prensa por el presidente del Cabildo, Carlos Alonso, el consejero insular de Turismo, Alberto Bernab\u00e9, y el director de Comunicaci\u00f3n y Relaciones Institucionales de Norwegian, Alfons Claver.<\/p>\n<p>As\u00ed, desde Tenerife Norte habr\u00e1 un vuelo diario con Madrid y cuatro semanales con Barcelona &#8211;lunes, mi\u00e9rcoles, viernes y s\u00e1bados&#8211;, mientras que con M\u00e1laga, la conexi\u00f3n ser\u00e1 desde Tenerife Sur los lunes y los viernes.<\/p>\n<p>Claver ha se\u00f1alado que la intenci\u00f3n de la compa\u00f1\u00eda es que estos vuelos se consoliden durante todo el a\u00f1o y no solo en temporada de invierno, y ha anunciado tambi\u00e9n la puesta en marcha de otras dos rutas hacia Edimburgo (Escocia) y Birmingham (Inglaterra).<\/p>\n<p>Los vuelos a Madrid, por ejemplo, se inician a un precio de 24,30 euros por trayecto para residentes, y Claver ha garantizado que los precios ser\u00e1n asequibles, e incluso, ha pronosticado que habr\u00e1 una bajada generalizada de precios debido al aumento de la competencia.<\/p>\n<p>La compa\u00f1\u00eda escandinava es la segunda de Europa con los costes m\u00e1s bajos derivados, principalmente, de la &#8216;juventud&#8217; de su flota, adem\u00e1s de que tiene pedidos abiertos con Boeing y Airbus para adquirir m\u00e1s de 200 nuevos aparatos en los pr\u00f3ximos a\u00f1os.<\/p>\n<p>Actualmente es la tercera compa\u00f1\u00eda &#8216;low cost&#8217; europea, con una flota de 100 aviones &#8211;que ofrecen wifi gratis a bordo&#8211; y una plantilla de 5.500 empleados, unos 900 solo en Espa\u00f1a. El a\u00f1o pasado, en las 17 rutas que operaba Norwegian Air con Tenerife se transportaron m\u00e1s de 420.000 pasajeros, un 177% m\u00e1s que el a\u00f1o anterior.<\/p>\n<p>NO DESCARTA DAR EL SALTO A AM\u00c9RICA<\/p>\n<p>Claver ha se\u00f1alado que Canarias es uno de los \u00abplatos fuertes\u00bb de la estrategia empresarial de la aerol\u00ednea junto con Alemania y Reino Unido, por lo que entrar en el mercado nacional era un \u00abpaso natural\u00bb. Asimismo, no ha descartado que se puedan realizar vuelos con Am\u00e9rica desde Tenerife, pero a\u00fan habr\u00e1 que esperar hasta 2017 cuando reciba los nuevos modelos de avi\u00f3n.<\/p>\n<p>Alonso, por su parte, ha celebrado el aumento de la competencia en el mercado a\u00e9reo con la Pen\u00ednsula tras la p\u00e9rdida de plazas en Canarias registrada con la quiebra de Spanair en 2012, hasta un total de 1,5 millones.<\/p>\n<p>En su opini\u00f3n, la irrupci\u00f3n de Norwegian Air va a tener un \u00abimpacto importante\u00bb en los precios tanto para residentes como para turistas, y ha remarcado que con los nuevos vuelos pr\u00e1cticamente se recuperan las plazas que hab\u00eda en 2011.<\/p>\n<p>El consejero insular de Turismo, Alberto Bernab\u00e9, ha se\u00f1alado que Norwegian Air ser\u00e1 un \u00abbuen socio\u00bb para el desarrollo econ\u00f3mico de la isla porque va a \u00abreforzar el liderazgo\u00bb de Tenerife en el sector tur\u00edstico, y cree adem\u00e1s que el resto de operadores del mercado tendr\u00e1 que \u00abadaptarse\u00bb.<\/p>\n","protected":false},"excerpt":{"rendered":"<p>La compa\u00f1\u00eda escandinava Norwegian conectar\u00e1 este invierno Tenerife &#8211;a partir del 25 de octubre&#8211; con Madrid, Barcelona y M\u00e1laga, lo que aumenta en unas 106.000 plazas la capacidad a\u00e9rea de la isla con la Pen\u00ednsula. Los detalles han sido presentados este jueves en rueda de prensa por el presidente del Cabildo, Carlos Alonso, el consejero<\/p>\n","protected":false},"author":1,"featured_media":42900,"comment_status":"open","ping_status":"closed","sticky":false,"template":"","format":"standard","meta":{"footnotes":""},"categories":[224],"tags":[],"class_list":{"0":"post-42899","1":"post","2":"type-post","3":"status-publish","4":"format-standard","5":"has-post-thumbnail","7":"category-noticias-actualidad"},"aioseo_notices":[],"aioseo_head":"\n\t\t<!-- All in One SEO Pro 4.9.6.1 - aioseo.com -->\n\t<meta name=\"description\" content=\"La compa\u00f1\u00eda escandinava Norwegian conectar\u00e1 este invierno Tenerife --a partir del 25 de octubre-- con Madrid, Barcelona y M\u00e1laga, lo que aumenta en unas 106.000 plazas la capacidad a\u00e9rea de la isla con la Pen\u00ednsula. Los detalles han sido presentados este jueves en rueda de prensa por el presidente del Cabildo, Carlos Alonso, el consejero\" \/>\n\t<meta name=\"robots\" content=\"max-image-preview:large\" \/>\n\t<meta name=\"author\" content=\"admin\"\/>\n\t<meta name=\"google-site-verification\" content=\"UA-38556648-1\" \/>\n\t<meta name=\"keywords\" content=\"noticias y actualidad\" \/>\n\t<link rel=\"canonical\" href=\"https:\/\/eldigitaldeasturias.com\/magazine365\/norwegian-conectara-tenerife-con-madrid-barcelona-y-malaga-desde-octubre\/\" \/>\n\t<meta name=\"generator\" content=\"All in One SEO Pro (AIOSEO) 4.9.6.1\" \/>\n\t\t<meta property=\"og:locale\" content=\"es_ES\" \/>\n\t\t<meta property=\"og:site_name\" content=\"El Digital de Asturias \u2013 Revista de ocio, turismo y estilo de vida\" \/>\n\t\t<meta property=\"og:type\" content=\"article\" \/>\n\t\t<meta property=\"og:title\" content=\"Norwegian conectar\u00e1 Tenerife con Madrid, Barcelona y M\u00e1laga desde octubre | El Digital de Asturias\" \/>\n\t\t<meta property=\"og:description\" content=\"La compa\u00f1\u00eda escandinava Norwegian conectar\u00e1 este invierno Tenerife --a partir del 25 de octubre-- con Madrid, Barcelona y M\u00e1laga, lo que aumenta en unas 106.000 plazas la capacidad a\u00e9rea de la isla con la Pen\u00ednsula. Los detalles han sido presentados este jueves en rueda de prensa por el presidente del Cabildo, Carlos Alonso, el consejero\" \/>\n\t\t<meta property=\"og:url\" content=\"https:\/\/eldigitaldeasturias.com\/magazine365\/norwegian-conectara-tenerife-con-madrid-barcelona-y-malaga-desde-octubre\/\" \/>\n\t\t<meta property=\"og:image\" content=\"https:\/\/eldigitaldeasturias.com\/magazine365\/wp-content\/uploads\/2015\/07\/fotonoticia_20150716143206_800.jpg\" \/>\n\t\t<meta property=\"og:image:secure_url\" content=\"https:\/\/eldigitaldeasturias.com\/magazine365\/wp-content\/uploads\/2015\/07\/fotonoticia_20150716143206_800.jpg\" \/>\n\t\t<meta property=\"og:image:width\" content=\"800\" \/>\n\t\t<meta property=\"og:image:height\" content=\"515\" \/>\n\t\t<meta property=\"article:published_time\" content=\"2015-07-16T20:01:56+00:00\" \/>\n\t\t<meta property=\"article:modified_time\" content=\"2015-07-16T20:01:56+00:00\" \/>\n\t\t<meta name=\"twitter:card\" content=\"summary_large_image\" \/>\n\t\t<meta name=\"twitter:title\" content=\"Norwegian conectar\u00e1 Tenerife con Madrid, Barcelona y M\u00e1laga desde octubre | El Digital de Asturias\" \/>\n\t\t<meta name=\"twitter:description\" content=\"La compa\u00f1\u00eda escandinava Norwegian conectar\u00e1 este invierno Tenerife --a partir del 25 de octubre-- con Madrid, Barcelona y M\u00e1laga, lo que aumenta en unas 106.000 plazas la capacidad a\u00e9rea de la isla con la Pen\u00ednsula. Los detalles han sido presentados este jueves en rueda de prensa por el presidente del Cabildo, Carlos Alonso, el consejero\" \/>\n\t\t<meta name=\"twitter:image\" content=\"https:\/\/eldigitaldeasturias.com\/magazine365\/wp-content\/uploads\/2015\/07\/fotonoticia_20150716143206_800.jpg\" \/>\n\t\t<script type=\"application\/ld+json\" class=\"aioseo-schema\">\n\t\t\t{\"@context\":\"https:\\\/\\\/schema.org\",\"@graph\":[{\"@type\":\"Article\",\"@id\":\"https:\\\/\\\/eldigitaldeasturias.com\\\/magazine365\\\/norwegian-conectara-tenerife-con-madrid-barcelona-y-malaga-desde-octubre\\\/#article\",\"name\":\"Norwegian conectar\\u00e1 Tenerife con Madrid, Barcelona y M\\u00e1laga desde octubre | El Digital de Asturias\",\"headline\":\"Norwegian conectar\\u00e1 Tenerife con Madrid, Barcelona y M\\u00e1laga desde octubre\",\"author\":{\"@id\":\"https:\\\/\\\/eldigitaldeasturias.com\\\/magazine365\\\/author\\\/admin\\\/#author\"},\"publisher\":{\"@id\":\"https:\\\/\\\/eldigitaldeasturias.com\\\/magazine365\\\/#organization\"},\"image\":{\"@type\":\"ImageObject\",\"url\":\"https:\\\/\\\/eldigitaldeasturias.com\\\/magazine365\\\/wp-content\\\/uploads\\\/2015\\\/07\\\/fotonoticia_20150716143206_800.jpg\",\"width\":800,\"height\":515},\"datePublished\":\"2015-07-16T22:01:56+02:00\",\"dateModified\":\"2015-07-16T22:01:56+02:00\",\"inLanguage\":\"es-ES\",\"mainEntityOfPage\":{\"@id\":\"https:\\\/\\\/eldigitaldeasturias.com\\\/magazine365\\\/norwegian-conectara-tenerife-con-madrid-barcelona-y-malaga-desde-octubre\\\/#webpage\"},\"isPartOf\":{\"@id\":\"https:\\\/\\\/eldigitaldeasturias.com\\\/magazine365\\\/norwegian-conectara-tenerife-con-madrid-barcelona-y-malaga-desde-octubre\\\/#webpage\"},\"articleSection\":\"Noticias y Actualidad\"},{\"@type\":\"BreadcrumbList\",\"@id\":\"https:\\\/\\\/eldigitaldeasturias.com\\\/magazine365\\\/norwegian-conectara-tenerife-con-madrid-barcelona-y-malaga-desde-octubre\\\/#breadcrumblist\",\"itemListElement\":[{\"@type\":\"ListItem\",\"@id\":\"https:\\\/\\\/eldigitaldeasturias.com\\\/magazine365#listItem\",\"position\":1,\"name\":\"Home\",\"item\":\"https:\\\/\\\/eldigitaldeasturias.com\\\/magazine365\",\"nextItem\":{\"@type\":\"ListItem\",\"@id\":\"https:\\\/\\\/eldigitaldeasturias.com\\\/magazine365\\\/category\\\/noticias-actualidad\\\/#listItem\",\"name\":\"Noticias y Actualidad\"}},{\"@type\":\"ListItem\",\"@id\":\"https:\\\/\\\/eldigitaldeasturias.com\\\/magazine365\\\/category\\\/noticias-actualidad\\\/#listItem\",\"position\":2,\"name\":\"Noticias y Actualidad\",\"item\":\"https:\\\/\\\/eldigitaldeasturias.com\\\/magazine365\\\/category\\\/noticias-actualidad\\\/\",\"nextItem\":{\"@type\":\"ListItem\",\"@id\":\"https:\\\/\\\/eldigitaldeasturias.com\\\/magazine365\\\/norwegian-conectara-tenerife-con-madrid-barcelona-y-malaga-desde-octubre\\\/#listItem\",\"name\":\"Norwegian conectar\\u00e1 Tenerife con Madrid, Barcelona y M\\u00e1laga desde octubre\"},\"previousItem\":{\"@type\":\"ListItem\",\"@id\":\"https:\\\/\\\/eldigitaldeasturias.com\\\/magazine365#listItem\",\"name\":\"Home\"}},{\"@type\":\"ListItem\",\"@id\":\"https:\\\/\\\/eldigitaldeasturias.com\\\/magazine365\\\/norwegian-conectara-tenerife-con-madrid-barcelona-y-malaga-desde-octubre\\\/#listItem\",\"position\":3,\"name\":\"Norwegian conectar\\u00e1 Tenerife con Madrid, Barcelona y M\\u00e1laga desde octubre\",\"previousItem\":{\"@type\":\"ListItem\",\"@id\":\"https:\\\/\\\/eldigitaldeasturias.com\\\/magazine365\\\/category\\\/noticias-actualidad\\\/#listItem\",\"name\":\"Noticias y Actualidad\"}}]},{\"@type\":\"Organization\",\"@id\":\"https:\\\/\\\/eldigitaldeasturias.com\\\/magazine365\\\/#organization\",\"name\":\"El digital de Asturias\",\"description\":\"Revista de ocio, turismo y estilo de vida\",\"url\":\"https:\\\/\\\/eldigitaldeasturias.com\\\/magazine365\\\/\",\"logo\":{\"@type\":\"ImageObject\",\"url\":\"https:\\\/\\\/www.eldigitaldeasturias.com\\\/noticias\\\/wp-content\\\/uploads\\\/2020\\\/12\\\/EDA.jpg\",\"@id\":\"https:\\\/\\\/eldigitaldeasturias.com\\\/magazine365\\\/norwegian-conectara-tenerife-con-madrid-barcelona-y-malaga-desde-octubre\\\/#organizationLogo\"},\"image\":{\"@id\":\"https:\\\/\\\/eldigitaldeasturias.com\\\/magazine365\\\/norwegian-conectara-tenerife-con-madrid-barcelona-y-malaga-desde-octubre\\\/#organizationLogo\"}},{\"@type\":\"Person\",\"@id\":\"https:\\\/\\\/eldigitaldeasturias.com\\\/magazine365\\\/author\\\/admin\\\/#author\",\"url\":\"https:\\\/\\\/eldigitaldeasturias.com\\\/magazine365\\\/author\\\/admin\\\/\",\"name\":\"admin\",\"image\":{\"@type\":\"ImageObject\",\"@id\":\"https:\\\/\\\/eldigitaldeasturias.com\\\/magazine365\\\/norwegian-conectara-tenerife-con-madrid-barcelona-y-malaga-desde-octubre\\\/#authorImage\",\"url\":\"https:\\\/\\\/eldigitaldeasturias.com\\\/magazine365\\\/wp-content\\\/litespeed\\\/avatar\\\/e571bcf59a0edd6fa6838245a470f2fe.jpg?ver=1777574230\",\"width\":96,\"height\":96,\"caption\":\"admin\"}},{\"@type\":\"WebPage\",\"@id\":\"https:\\\/\\\/eldigitaldeasturias.com\\\/magazine365\\\/norwegian-conectara-tenerife-con-madrid-barcelona-y-malaga-desde-octubre\\\/#webpage\",\"url\":\"https:\\\/\\\/eldigitaldeasturias.com\\\/magazine365\\\/norwegian-conectara-tenerife-con-madrid-barcelona-y-malaga-desde-octubre\\\/\",\"name\":\"Norwegian conectar\\u00e1 Tenerife con Madrid, Barcelona y M\\u00e1laga desde octubre | El Digital de Asturias\",\"description\":\"La compa\\u00f1\\u00eda escandinava Norwegian conectar\\u00e1 este invierno Tenerife --a partir del 25 de octubre-- con Madrid, Barcelona y M\\u00e1laga, lo que aumenta en unas 106.000 plazas la capacidad a\\u00e9rea de la isla con la Pen\\u00ednsula. Los detalles han sido presentados este jueves en rueda de prensa por el presidente del Cabildo, Carlos Alonso, el consejero\",\"inLanguage\":\"es-ES\",\"isPartOf\":{\"@id\":\"https:\\\/\\\/eldigitaldeasturias.com\\\/magazine365\\\/#website\"},\"breadcrumb\":{\"@id\":\"https:\\\/\\\/eldigitaldeasturias.com\\\/magazine365\\\/norwegian-conectara-tenerife-con-madrid-barcelona-y-malaga-desde-octubre\\\/#breadcrumblist\"},\"author\":{\"@id\":\"https:\\\/\\\/eldigitaldeasturias.com\\\/magazine365\\\/author\\\/admin\\\/#author\"},\"creator\":{\"@id\":\"https:\\\/\\\/eldigitaldeasturias.com\\\/magazine365\\\/author\\\/admin\\\/#author\"},\"image\":{\"@type\":\"ImageObject\",\"url\":\"https:\\\/\\\/eldigitaldeasturias.com\\\/magazine365\\\/wp-content\\\/uploads\\\/2015\\\/07\\\/fotonoticia_20150716143206_800.jpg\",\"@id\":\"https:\\\/\\\/eldigitaldeasturias.com\\\/magazine365\\\/norwegian-conectara-tenerife-con-madrid-barcelona-y-malaga-desde-octubre\\\/#mainImage\",\"width\":800,\"height\":515},\"primaryImageOfPage\":{\"@id\":\"https:\\\/\\\/eldigitaldeasturias.com\\\/magazine365\\\/norwegian-conectara-tenerife-con-madrid-barcelona-y-malaga-desde-octubre\\\/#mainImage\"},\"datePublished\":\"2015-07-16T22:01:56+02:00\",\"dateModified\":\"2015-07-16T22:01:56+02:00\"},{\"@type\":\"WebSite\",\"@id\":\"https:\\\/\\\/eldigitaldeasturias.com\\\/magazine365\\\/#website\",\"url\":\"https:\\\/\\\/eldigitaldeasturias.com\\\/magazine365\\\/\",\"name\":\"El Digital de Asturias\",\"description\":\"Revista de ocio, turismo y estilo de vida\",\"inLanguage\":\"es-ES\",\"publisher\":{\"@id\":\"https:\\\/\\\/eldigitaldeasturias.com\\\/magazine365\\\/#organization\"}}]}\n\t\t<\/script>\n\t\t<!-- All in One SEO Pro -->\r\n\t\t<title>Norwegian conectar\u00e1 Tenerife con Madrid, Barcelona y M\u00e1laga desde octubre | El Digital de Asturias<\/title>\n\n","aioseo_head_json":{"title":"Norwegian conectar\u00e1 Tenerife con Madrid, Barcelona y M\u00e1laga desde octubre | El Digital de Asturias","description":"La compa\u00f1\u00eda escandinava Norwegian conectar\u00e1 este invierno Tenerife --a partir del 25 de octubre-- con Madrid, Barcelona y M\u00e1laga, lo que aumenta en unas 106.000 plazas la capacidad a\u00e9rea de la isla con la Pen\u00ednsula. Los detalles han sido presentados este jueves en rueda de prensa por el presidente del Cabildo, Carlos Alonso, el consejero","canonical_url":"https:\/\/eldigitaldeasturias.com\/magazine365\/norwegian-conectara-tenerife-con-madrid-barcelona-y-malaga-desde-octubre\/","robots":"max-image-preview:large","keywords":"noticias y actualidad","webmasterTools":{"google-site-verification":"UA-38556648-1","miscellaneous":""},"schema":{"@context":"https:\/\/schema.org","@graph":[{"@type":"Article","@id":"https:\/\/eldigitaldeasturias.com\/magazine365\/norwegian-conectara-tenerife-con-madrid-barcelona-y-malaga-desde-octubre\/#article","name":"Norwegian conectar\u00e1 Tenerife con Madrid, Barcelona y M\u00e1laga desde octubre | El Digital de Asturias","headline":"Norwegian conectar\u00e1 Tenerife con Madrid, Barcelona y M\u00e1laga desde octubre","author":{"@id":"https:\/\/eldigitaldeasturias.com\/magazine365\/author\/admin\/#author"},"publisher":{"@id":"https:\/\/eldigitaldeasturias.com\/magazine365\/#organization"},"image":{"@type":"ImageObject","url":"https:\/\/eldigitaldeasturias.com\/magazine365\/wp-content\/uploads\/2015\/07\/fotonoticia_20150716143206_800.jpg","width":800,"height":515},"datePublished":"2015-07-16T22:01:56+02:00","dateModified":"2015-07-16T22:01:56+02:00","inLanguage":"es-ES","mainEntityOfPage":{"@id":"https:\/\/eldigitaldeasturias.com\/magazine365\/norwegian-conectara-tenerife-con-madrid-barcelona-y-malaga-desde-octubre\/#webpage"},"isPartOf":{"@id":"https:\/\/eldigitaldeasturias.com\/magazine365\/norwegian-conectara-tenerife-con-madrid-barcelona-y-malaga-desde-octubre\/#webpage"},"articleSection":"Noticias y Actualidad"},{"@type":"BreadcrumbList","@id":"https:\/\/eldigitaldeasturias.com\/magazine365\/norwegian-conectara-tenerife-con-madrid-barcelona-y-malaga-desde-octubre\/#breadcrumblist","itemListElement":[{"@type":"ListItem","@id":"https:\/\/eldigitaldeasturias.com\/magazine365#listItem","position":1,"name":"Home","item":"https:\/\/eldigitaldeasturias.com\/magazine365","nextItem":{"@type":"ListItem","@id":"https:\/\/eldigitaldeasturias.com\/magazine365\/category\/noticias-actualidad\/#listItem","name":"Noticias y Actualidad"}},{"@type":"ListItem","@id":"https:\/\/eldigitaldeasturias.com\/magazine365\/category\/noticias-actualidad\/#listItem","position":2,"name":"Noticias y Actualidad","item":"https:\/\/eldigitaldeasturias.com\/magazine365\/category\/noticias-actualidad\/","nextItem":{"@type":"ListItem","@id":"https:\/\/eldigitaldeasturias.com\/magazine365\/norwegian-conectara-tenerife-con-madrid-barcelona-y-malaga-desde-octubre\/#listItem","name":"Norwegian conectar\u00e1 Tenerife con Madrid, Barcelona y M\u00e1laga desde octubre"},"previousItem":{"@type":"ListItem","@id":"https:\/\/eldigitaldeasturias.com\/magazine365#listItem","name":"Home"}},{"@type":"ListItem","@id":"https:\/\/eldigitaldeasturias.com\/magazine365\/norwegian-conectara-tenerife-con-madrid-barcelona-y-malaga-desde-octubre\/#listItem","position":3,"name":"Norwegian conectar\u00e1 Tenerife con Madrid, Barcelona y M\u00e1laga desde octubre","previousItem":{"@type":"ListItem","@id":"https:\/\/eldigitaldeasturias.com\/magazine365\/category\/noticias-actualidad\/#listItem","name":"Noticias y Actualidad"}}]},{"@type":"Organization","@id":"https:\/\/eldigitaldeasturias.com\/magazine365\/#organization","name":"El digital de Asturias","description":"Revista de ocio, turismo y estilo de vida","url":"https:\/\/eldigitaldeasturias.com\/magazine365\/","logo":{"@type":"ImageObject","url":"https:\/\/www.eldigitaldeasturias.com\/noticias\/wp-content\/uploads\/2020\/12\/EDA.jpg","@id":"https:\/\/eldigitaldeasturias.com\/magazine365\/norwegian-conectara-tenerife-con-madrid-barcelona-y-malaga-desde-octubre\/#organizationLogo"},"image":{"@id":"https:\/\/eldigitaldeasturias.com\/magazine365\/norwegian-conectara-tenerife-con-madrid-barcelona-y-malaga-desde-octubre\/#organizationLogo"}},{"@type":"Person","@id":"https:\/\/eldigitaldeasturias.com\/magazine365\/author\/admin\/#author","url":"https:\/\/eldigitaldeasturias.com\/magazine365\/author\/admin\/","name":"admin","image":{"@type":"ImageObject","@id":"https:\/\/eldigitaldeasturias.com\/magazine365\/norwegian-conectara-tenerife-con-madrid-barcelona-y-malaga-desde-octubre\/#authorImage","url":"https:\/\/eldigitaldeasturias.com\/magazine365\/wp-content\/litespeed\/avatar\/e571bcf59a0edd6fa6838245a470f2fe.jpg?ver=1777574230","width":96,"height":96,"caption":"admin"}},{"@type":"WebPage","@id":"https:\/\/eldigitaldeasturias.com\/magazine365\/norwegian-conectara-tenerife-con-madrid-barcelona-y-malaga-desde-octubre\/#webpage","url":"https:\/\/eldigitaldeasturias.com\/magazine365\/norwegian-conectara-tenerife-con-madrid-barcelona-y-malaga-desde-octubre\/","name":"Norwegian conectar\u00e1 Tenerife con Madrid, Barcelona y M\u00e1laga desde octubre | El Digital de Asturias","description":"La compa\u00f1\u00eda escandinava Norwegian conectar\u00e1 este invierno Tenerife --a partir del 25 de octubre-- con Madrid, Barcelona y M\u00e1laga, lo que aumenta en unas 106.000 plazas la capacidad a\u00e9rea de la isla con la Pen\u00ednsula. Los detalles han sido presentados este jueves en rueda de prensa por el presidente del Cabildo, Carlos Alonso, el consejero","inLanguage":"es-ES","isPartOf":{"@id":"https:\/\/eldigitaldeasturias.com\/magazine365\/#website"},"breadcrumb":{"@id":"https:\/\/eldigitaldeasturias.com\/magazine365\/norwegian-conectara-tenerife-con-madrid-barcelona-y-malaga-desde-octubre\/#breadcrumblist"},"author":{"@id":"https:\/\/eldigitaldeasturias.com\/magazine365\/author\/admin\/#author"},"creator":{"@id":"https:\/\/eldigitaldeasturias.com\/magazine365\/author\/admin\/#author"},"image":{"@type":"ImageObject","url":"https:\/\/eldigitaldeasturias.com\/magazine365\/wp-content\/uploads\/2015\/07\/fotonoticia_20150716143206_800.jpg","@id":"https:\/\/eldigitaldeasturias.com\/magazine365\/norwegian-conectara-tenerife-con-madrid-barcelona-y-malaga-desde-octubre\/#mainImage","width":800,"height":515},"primaryImageOfPage":{"@id":"https:\/\/eldigitaldeasturias.com\/magazine365\/norwegian-conectara-tenerife-con-madrid-barcelona-y-malaga-desde-octubre\/#mainImage"},"datePublished":"2015-07-16T22:01:56+02:00","dateModified":"2015-07-16T22:01:56+02:00"},{"@type":"WebSite","@id":"https:\/\/eldigitaldeasturias.com\/magazine365\/#website","url":"https:\/\/eldigitaldeasturias.com\/magazine365\/","name":"El Digital de Asturias","description":"Revista de ocio, turismo y estilo de vida","inLanguage":"es-ES","publisher":{"@id":"https:\/\/eldigitaldeasturias.com\/magazine365\/#organization"}}]},"og:locale":"es_ES","og:site_name":"El Digital de Asturias \u2013 Revista de ocio, turismo y estilo de vida","og:type":"article","og:title":"Norwegian conectar\u00e1 Tenerife con Madrid, Barcelona y M\u00e1laga desde octubre | El Digital de Asturias","og:description":"La compa\u00f1\u00eda escandinava Norwegian conectar\u00e1 este invierno Tenerife --a partir del 25 de octubre-- con Madrid, Barcelona y M\u00e1laga, lo que aumenta en unas 106.000 plazas la capacidad a\u00e9rea de la isla con la Pen\u00ednsula. Los detalles han sido presentados este jueves en rueda de prensa por el presidente del Cabildo, Carlos Alonso, el consejero","og:url":"https:\/\/eldigitaldeasturias.com\/magazine365\/norwegian-conectara-tenerife-con-madrid-barcelona-y-malaga-desde-octubre\/","og:image":"https:\/\/eldigitaldeasturias.com\/magazine365\/wp-content\/uploads\/2015\/07\/fotonoticia_20150716143206_800.jpg","og:image:secure_url":"https:\/\/eldigitaldeasturias.com\/magazine365\/wp-content\/uploads\/2015\/07\/fotonoticia_20150716143206_800.jpg","og:image:width":800,"og:image:height":515,"article:published_time":"2015-07-16T20:01:56+00:00","article:modified_time":"2015-07-16T20:01:56+00:00","twitter:card":"summary_large_image","twitter:title":"Norwegian conectar\u00e1 Tenerife con Madrid, Barcelona y M\u00e1laga desde octubre | El Digital de Asturias","twitter:description":"La compa\u00f1\u00eda escandinava Norwegian conectar\u00e1 este invierno Tenerife --a partir del 25 de octubre-- con Madrid, Barcelona y M\u00e1laga, lo que aumenta en unas 106.000 plazas la capacidad a\u00e9rea de la isla con la Pen\u00ednsula. Los detalles han sido presentados este jueves en rueda de prensa por el presidente del Cabildo, Carlos Alonso, el consejero","twitter:image":"https:\/\/eldigitaldeasturias.com\/magazine365\/wp-content\/uploads\/2015\/07\/fotonoticia_20150716143206_800.jpg"},"aioseo_meta_data":{"post_id":"42899","title":null,"description":null,"keywords":null,"keyphrases":null,"primary_term":null,"canonical_url":null,"og_title":null,"og_description":null,"og_object_type":"default","og_image_type":"default","og_image_url":null,"og_image_width":null,"og_image_height":null,"og_image_custom_url":null,"og_image_custom_fields":null,"og_video":null,"og_custom_url":null,"og_article_section":null,"og_article_tags":null,"twitter_use_og":false,"twitter_card":"default","twitter_image_type":"default","twitter_image_url":null,"twitter_image_custom_url":null,"twitter_image_custom_fields":null,"twitter_title":null,"twitter_description":null,"schema":{"blockGraphs":[],"customGraphs":[],"default":{"data":{"Article":[],"Course":[],"Dataset":[],"FAQPage":[],"Movie":[],"Person":[],"Product":[],"ProductReview":[],"Car":[],"Recipe":[],"Service":[],"SoftwareApplication":[],"WebPage":[]},"graphName":"","isEnabled":true},"graphs":[],"defaultGraph":"","defaultPostTypeGraph":""},"schema_type":null,"schema_type_options":null,"pillar_content":false,"robots_default":true,"robots_noindex":false,"robots_noarchive":false,"robots_nosnippet":false,"robots_nofollow":false,"robots_noimageindex":false,"robots_noodp":false,"robots_notranslate":false,"robots_max_snippet":null,"robots_max_videopreview":null,"robots_max_imagepreview":"large","priority":null,"frequency":null,"location":null,"local_seo":null,"seo_analyzer_scan_date":"2025-09-19 18:43:52","breadcrumb_settings":null,"limit_modified_date":false,"open_ai":null,"ai":null,"created":"2021-03-09 01:54:39","updated":"2025-09-19 18:43:52"},"aioseo_breadcrumb":"<div class=\"aioseo-breadcrumbs\"><span class=\"aioseo-breadcrumb\">\n\t<a href=\"https:\/\/eldigitaldeasturias.com\/magazine365\" title=\"Home\">Home<\/a>\n<\/span><span class=\"aioseo-breadcrumb-separator\">\u2013<\/span><span class=\"aioseo-breadcrumb\">\n\t<a href=\"https:\/\/eldigitaldeasturias.com\/magazine365\/category\/noticias-actualidad\/\" title=\"Noticias y Actualidad\">Noticias y Actualidad<\/a>\n<\/span><span class=\"aioseo-breadcrumb-separator\">\u2013<\/span><span class=\"aioseo-breadcrumb\">\n\t<a href=\"https:\/\/eldigitaldeasturias.com\/magazine365\/norwegian-conectara-tenerife-con-madrid-barcelona-y-malaga-desde-octubre\/\" title=\"Norwegian conectar\u00e1 Tenerife con Madrid, Barcelona y M\u00e1laga desde octubre\">Norwegian conectar\u00e1 Tenerife con Madrid, Barcelona y M\u00e1laga desde octubre<\/a>\n<\/span><\/div>","aioseo_breadcrumb_json":[{"label":"Home","link":"https:\/\/eldigitaldeasturias.com\/magazine365"},{"label":"Noticias y Actualidad","link":"https:\/\/eldigitaldeasturias.com\/magazine365\/category\/noticias-actualidad\/"},{"label":"Norwegian conectar\u00e1 Tenerife con Madrid, Barcelona y M\u00e1laga desde octubre","link":"https:\/\/eldigitaldeasturias.com\/magazine365\/norwegian-conectara-tenerife-con-madrid-barcelona-y-malaga-desde-octubre\/"}],"_links":{"self":[{"href":"https:\/\/eldigitaldeasturias.com\/magazine365\/wp-json\/wp\/v2\/posts\/42899","targetHints":{"allow":["GET"]}}],"collection":[{"href":"https:\/\/eldigitaldeasturias.com\/magazine365\/wp-json\/wp\/v2\/posts"}],"about":[{"href":"https:\/\/eldigitaldeasturias.com\/magazine365\/wp-json\/wp\/v2\/types\/post"}],"author":[{"embeddable":true,"href":"https:\/\/eldigitaldeasturias.com\/magazine365\/wp-json\/wp\/v2\/users\/1"}],"replies":[{"embeddable":true,"href":"https:\/\/eldigitaldeasturias.com\/magazine365\/wp-json\/wp\/v2\/comments?post=42899"}],"version-history":[{"count":0,"href":"https:\/\/eldigitaldeasturias.com\/magazine365\/wp-json\/wp\/v2\/posts\/42899\/revisions"}],"wp:featuredmedia":[{"embeddable":true,"href":"https:\/\/eldigitaldeasturias.com\/magazine365\/wp-json\/wp\/v2\/media\/42900"}],"wp:attachment":[{"href":"https:\/\/eldigitaldeasturias.com\/magazine365\/wp-json\/wp\/v2\/media?parent=42899"}],"wp:term":[{"taxonomy":"category","embeddable":true,"href":"https:\/\/eldigitaldeasturias.com\/magazine365\/wp-json\/wp\/v2\/categories?post=42899"},{"taxonomy":"post_tag","embeddable":true,"href":"https:\/\/eldigitaldeasturias.com\/magazine365\/wp-json\/wp\/v2\/tags?post=42899"}],"curies":[{"name":"wp","href":"https:\/\/api.w.org\/{rel}","templated":true}]}}