{"id":42896,"date":"2015-07-16T22:00:52","date_gmt":"2015-07-16T20:00:52","guid":{"rendered":"http:\/\/eldigitaldeasturias.com\/magazine365\/?p=42896"},"modified":"2015-07-16T22:00:52","modified_gmt":"2015-07-16T20:00:52","slug":"renfe-empezara-a-ofrecer-wifi-en-el-ave-a-finales-de-2015","status":"publish","type":"post","link":"https:\/\/eldigitaldeasturias.com\/magazine365\/renfe-empezara-a-ofrecer-wifi-en-el-ave-a-finales-de-2015\/","title":{"rendered":"Renfe empezar\u00e1 a ofrecer wifi en el AVE a finales de 2015"},"content":{"rendered":"<p><img fetchpriority=\"high\" decoding=\"async\" class=\"alignleft size-medium wp-image-42897\" src=\"https:\/\/eldigitaldeasturias.com\/magazine365\/wp-content\/uploads\/2015\/07\/fotonoticia_20150716143108_800-360x243.jpg\" alt=\"fotonoticia_20150716143108_800\" width=\"360\" height=\"243\" srcset=\"https:\/\/eldigitaldeasturias.com\/magazine365\/wp-content\/uploads\/2015\/07\/fotonoticia_20150716143108_800-360x243.jpg 360w, https:\/\/eldigitaldeasturias.com\/magazine365\/wp-content\/uploads\/2015\/07\/fotonoticia_20150716143108_800-650x438.jpg 650w, https:\/\/eldigitaldeasturias.com\/magazine365\/wp-content\/uploads\/2015\/07\/fotonoticia_20150716143108_800-768x517.jpg 768w, https:\/\/eldigitaldeasturias.com\/magazine365\/wp-content\/uploads\/2015\/07\/fotonoticia_20150716143108_800-150x101.jpg 150w, https:\/\/eldigitaldeasturias.com\/magazine365\/wp-content\/uploads\/2015\/07\/fotonoticia_20150716143108_800-450x303.jpg 450w, https:\/\/eldigitaldeasturias.com\/magazine365\/wp-content\/uploads\/2015\/07\/fotonoticia_20150716143108_800-696x469.jpg 696w, https:\/\/eldigitaldeasturias.com\/magazine365\/wp-content\/uploads\/2015\/07\/fotonoticia_20150716143108_800-623x420.jpg 623w, https:\/\/eldigitaldeasturias.com\/magazine365\/wp-content\/uploads\/2015\/07\/fotonoticia_20150716143108_800.jpg 800w\" sizes=\"(max-width: 360px) 100vw, 360px\" \/>Renfe prev\u00e9 comenzar a ofrecer servicio wifi, de conexi\u00f3n gratuita a Internet, a bordo de sus trenes AVE a finales de este a\u00f1o, seg\u00fan inform\u00f3 el presidente de la compa\u00f1\u00eda, Pablo V\u00e1zquez.<\/p>\n<p>La operadora contempla prestar un servicio b\u00e1sico, gratuito para todos los viajeros, y otro &#8216;premium&#8217; de pago, para conexiones de mayor capacidad, como pueden ser las que faciliten contenidos audiovisuales.<\/p>\n<p>La operadora ha sacado a concurso este jueves el contrato para instalar y habilitar este servicio a bordo de sus 89 trenes AVE y tambi\u00e9n en las principales estaciones de Cercan\u00edas.<\/p>\n<p>El presupuesto del contrato es de 188,57 millones de euros, un importe que incluye los 40 millones de euros que Renfe invertir\u00e1 en su instalaci\u00f3n y el coste que le supondr\u00e1 el suministro de la conexi\u00f3n y la oferta de servicios audivisuales a los viajeros durante un periodo de diez a\u00f1os.<\/p>\n<p>El suministro de wifi en los trenes supone un proceso tecnol\u00f3gico muy complejo, que requiere la instalaci\u00f3n de antenas en los trenes por parte de Renfe y en las v\u00edas por los operadores de telecomunicaciones.<\/p>\n<p>As\u00ed, Renfe ir\u00e1 ofertando wifi a bordo de los trenes de forma progresiva, de forma que a finales de a\u00f1o comenzar\u00e1 a facilitarse en los primeros AVE y se ir\u00e1 extendiendo al resto de la flota de 89 trenes a lo largo de los pr\u00f3ximos dos a\u00f1os.<\/p>\n<p>En cuanto a la prestaci\u00f3n de wifi en las estaciones de Cercan\u00edas, el servicio arrancar\u00e1 en septiembre, a modo de prueba piloto, en las de Getafe (Madrid) y la de Plaza de Catalu\u00f1a (Barcelona). Renfe acaba de adjudicar a Inform\u00e1tica El Corte Ingl\u00e9s la instalaci\u00f3n de este servicio por unos 150.000 euros.<\/p>\n<p>Posteriormente, la compa\u00f1\u00eda extender\u00e1 el suministro de esta conexi\u00f3n inal\u00e1mbrica a otras estaciones, comenzando por las de mayor importancia y tama\u00f1o, en el marco del contrato licitado este jueves.<\/p>\n<p>SERVICIO \u00abESTRAT\u00c9GICO\u00bb PARA RENFE.<\/p>\n<p>En rueda de prensa, el presidente de la compa\u00f1\u00eda calific\u00f3 de \u00abestrat\u00e9gico\u00bb para la empresa la prestaci\u00f3n de este servicio, que se enmarca en su estrategia de fidelizaci\u00f3n del cliente. \u00abQueremos pasar de tener clientes an\u00f3nimos a saber todo de ellos para poder as\u00ed adaptar la oferta a sus necesidades de demanda\u00bb, explic\u00f3 Pablo V\u00e1zquez.<\/p>\n<p>La fidelizaci\u00f3n del cliente y captaci\u00f3n de nuevos usuarios para el ferrocarril constituye a su vez uno de los pilares en los que Renfe sustenta la consecuci\u00f3n su objetivo de superar las p\u00e9rdidas a finales de 2016, el fin \u00faltimo del plan estrat\u00e9gico &#8216;+Renfe&#8217; que actualmente desarrolla la operadora.<\/p>\n<p>La compa\u00f1\u00eda circunscribe tambi\u00e9n esta iniciativa en las medidas de mejora de la calidad que implementa para prepararse para un nuevo escenario del transporte de viajeros en tren abierto a la competencia. El Ministerio de Fomento ultima la apertura del proceso de selecci\u00f3n de un primer operador privado que competir\u00e1 con Renfe en el corredor AVE a Levante.<\/p>\n<p>Por el momento, las empresas interesadas en el contrato para el desarrollo, implantaci\u00f3n y gesti\u00f3n del servicio &#8216;wifi&#8217; en los trenes AVE y en las estaciones de Cercan\u00edas cuentan hasta el pr\u00f3ximo 4 de agosto para presentar a Renfe sus ofertas.<\/p>\n<p>La compa\u00f1\u00eda adjudicataria, adem\u00e1s de instalar y gestionar el servicio, tambi\u00e9n habilitar y explotar\u00e1 una plataforma de contenidos y servicios de entretenimiento, seg\u00fan consta en los pliegos del contrato.<\/p>\n","protected":false},"excerpt":{"rendered":"<p>Renfe prev\u00e9 comenzar a ofrecer servicio wifi, de conexi\u00f3n gratuita a Internet, a bordo de sus trenes AVE a finales de este a\u00f1o, seg\u00fan inform\u00f3 el presidente de la compa\u00f1\u00eda, Pablo V\u00e1zquez. La operadora contempla prestar un servicio b\u00e1sico, gratuito para todos los viajeros, y otro &#8216;premium&#8217; de pago, para conexiones de mayor capacidad, como<\/p>\n","protected":false},"author":1,"featured_media":42897,"comment_status":"open","ping_status":"closed","sticky":false,"template":"","format":"standard","meta":{"footnotes":""},"categories":[222],"tags":[],"class_list":{"0":"post-42896","1":"post","2":"type-post","3":"status-publish","4":"format-standard","5":"has-post-thumbnail","7":"category-actualidad-turismo"},"aioseo_notices":[],"aioseo_head":"\n\t\t<!-- All in One SEO Pro 4.9.6.1 - aioseo.com -->\n\t<meta name=\"description\" content=\"Renfe prev\u00e9 comenzar a ofrecer servicio wifi, de conexi\u00f3n gratuita a Internet, a bordo de sus trenes AVE a finales de este a\u00f1o, seg\u00fan inform\u00f3 el presidente de la compa\u00f1\u00eda, Pablo V\u00e1zquez. La operadora contempla prestar un servicio b\u00e1sico, gratuito para todos los viajeros, y otro &#039;premium&#039; de pago, para conexiones de mayor capacidad, como\" \/>\n\t<meta name=\"robots\" content=\"max-image-preview:large\" \/>\n\t<meta name=\"author\" content=\"admin\"\/>\n\t<meta name=\"google-site-verification\" content=\"UA-38556648-1\" \/>\n\t<meta name=\"keywords\" content=\"actualidad turismo\" \/>\n\t<link rel=\"canonical\" href=\"https:\/\/eldigitaldeasturias.com\/magazine365\/renfe-empezara-a-ofrecer-wifi-en-el-ave-a-finales-de-2015\/\" \/>\n\t<meta name=\"generator\" content=\"All in One SEO Pro (AIOSEO) 4.9.6.1\" \/>\n\t\t<meta property=\"og:locale\" content=\"es_ES\" \/>\n\t\t<meta property=\"og:site_name\" content=\"El Digital de Asturias \u2013 Revista de ocio, turismo y estilo de vida\" \/>\n\t\t<meta property=\"og:type\" content=\"article\" \/>\n\t\t<meta property=\"og:title\" content=\"Renfe empezar\u00e1 a ofrecer wifi en el AVE a finales de 2015 | El Digital de Asturias\" \/>\n\t\t<meta property=\"og:description\" content=\"Renfe prev\u00e9 comenzar a ofrecer servicio wifi, de conexi\u00f3n gratuita a Internet, a bordo de sus trenes AVE a finales de este a\u00f1o, seg\u00fan inform\u00f3 el presidente de la compa\u00f1\u00eda, Pablo V\u00e1zquez. La operadora contempla prestar un servicio b\u00e1sico, gratuito para todos los viajeros, y otro &#039;premium&#039; de pago, para conexiones de mayor capacidad, como\" \/>\n\t\t<meta property=\"og:url\" content=\"https:\/\/eldigitaldeasturias.com\/magazine365\/renfe-empezara-a-ofrecer-wifi-en-el-ave-a-finales-de-2015\/\" \/>\n\t\t<meta property=\"og:image\" content=\"https:\/\/eldigitaldeasturias.com\/magazine365\/wp-content\/uploads\/2015\/07\/fotonoticia_20150716143108_800.jpg\" \/>\n\t\t<meta property=\"og:image:secure_url\" content=\"https:\/\/eldigitaldeasturias.com\/magazine365\/wp-content\/uploads\/2015\/07\/fotonoticia_20150716143108_800.jpg\" \/>\n\t\t<meta property=\"og:image:width\" content=\"800\" \/>\n\t\t<meta property=\"og:image:height\" content=\"539\" \/>\n\t\t<meta property=\"article:published_time\" content=\"2015-07-16T20:00:52+00:00\" \/>\n\t\t<meta property=\"article:modified_time\" content=\"2015-07-16T20:00:52+00:00\" \/>\n\t\t<meta name=\"twitter:card\" content=\"summary_large_image\" \/>\n\t\t<meta name=\"twitter:title\" content=\"Renfe empezar\u00e1 a ofrecer wifi en el AVE a finales de 2015 | El Digital de Asturias\" \/>\n\t\t<meta name=\"twitter:description\" content=\"Renfe prev\u00e9 comenzar a ofrecer servicio wifi, de conexi\u00f3n gratuita a Internet, a bordo de sus trenes AVE a finales de este a\u00f1o, seg\u00fan inform\u00f3 el presidente de la compa\u00f1\u00eda, Pablo V\u00e1zquez. La operadora contempla prestar un servicio b\u00e1sico, gratuito para todos los viajeros, y otro &#039;premium&#039; de pago, para conexiones de mayor capacidad, como\" \/>\n\t\t<meta name=\"twitter:image\" content=\"https:\/\/eldigitaldeasturias.com\/magazine365\/wp-content\/uploads\/2015\/07\/fotonoticia_20150716143108_800.jpg\" \/>\n\t\t<script type=\"application\/ld+json\" class=\"aioseo-schema\">\n\t\t\t{\"@context\":\"https:\\\/\\\/schema.org\",\"@graph\":[{\"@type\":\"Article\",\"@id\":\"https:\\\/\\\/eldigitaldeasturias.com\\\/magazine365\\\/renfe-empezara-a-ofrecer-wifi-en-el-ave-a-finales-de-2015\\\/#article\",\"name\":\"Renfe empezar\\u00e1 a ofrecer wifi en el AVE a finales de 2015 | El Digital de Asturias\",\"headline\":\"Renfe empezar\\u00e1 a ofrecer wifi en el AVE a finales de 2015\",\"author\":{\"@id\":\"https:\\\/\\\/eldigitaldeasturias.com\\\/magazine365\\\/author\\\/admin\\\/#author\"},\"publisher\":{\"@id\":\"https:\\\/\\\/eldigitaldeasturias.com\\\/magazine365\\\/#organization\"},\"image\":{\"@type\":\"ImageObject\",\"url\":\"https:\\\/\\\/eldigitaldeasturias.com\\\/magazine365\\\/wp-content\\\/uploads\\\/2015\\\/07\\\/fotonoticia_20150716143108_800.jpg\",\"width\":800,\"height\":539},\"datePublished\":\"2015-07-16T22:00:52+02:00\",\"dateModified\":\"2015-07-16T22:00:52+02:00\",\"inLanguage\":\"es-ES\",\"mainEntityOfPage\":{\"@id\":\"https:\\\/\\\/eldigitaldeasturias.com\\\/magazine365\\\/renfe-empezara-a-ofrecer-wifi-en-el-ave-a-finales-de-2015\\\/#webpage\"},\"isPartOf\":{\"@id\":\"https:\\\/\\\/eldigitaldeasturias.com\\\/magazine365\\\/renfe-empezara-a-ofrecer-wifi-en-el-ave-a-finales-de-2015\\\/#webpage\"},\"articleSection\":\"Actualidad Turismo\"},{\"@type\":\"BreadcrumbList\",\"@id\":\"https:\\\/\\\/eldigitaldeasturias.com\\\/magazine365\\\/renfe-empezara-a-ofrecer-wifi-en-el-ave-a-finales-de-2015\\\/#breadcrumblist\",\"itemListElement\":[{\"@type\":\"ListItem\",\"@id\":\"https:\\\/\\\/eldigitaldeasturias.com\\\/magazine365#listItem\",\"position\":1,\"name\":\"Home\",\"item\":\"https:\\\/\\\/eldigitaldeasturias.com\\\/magazine365\",\"nextItem\":{\"@type\":\"ListItem\",\"@id\":\"https:\\\/\\\/eldigitaldeasturias.com\\\/magazine365\\\/category\\\/actualidad-turismo\\\/#listItem\",\"name\":\"Actualidad Turismo\"}},{\"@type\":\"ListItem\",\"@id\":\"https:\\\/\\\/eldigitaldeasturias.com\\\/magazine365\\\/category\\\/actualidad-turismo\\\/#listItem\",\"position\":2,\"name\":\"Actualidad Turismo\",\"item\":\"https:\\\/\\\/eldigitaldeasturias.com\\\/magazine365\\\/category\\\/actualidad-turismo\\\/\",\"nextItem\":{\"@type\":\"ListItem\",\"@id\":\"https:\\\/\\\/eldigitaldeasturias.com\\\/magazine365\\\/renfe-empezara-a-ofrecer-wifi-en-el-ave-a-finales-de-2015\\\/#listItem\",\"name\":\"Renfe empezar\\u00e1 a ofrecer wifi en el AVE a finales de 2015\"},\"previousItem\":{\"@type\":\"ListItem\",\"@id\":\"https:\\\/\\\/eldigitaldeasturias.com\\\/magazine365#listItem\",\"name\":\"Home\"}},{\"@type\":\"ListItem\",\"@id\":\"https:\\\/\\\/eldigitaldeasturias.com\\\/magazine365\\\/renfe-empezara-a-ofrecer-wifi-en-el-ave-a-finales-de-2015\\\/#listItem\",\"position\":3,\"name\":\"Renfe empezar\\u00e1 a ofrecer wifi en el AVE a finales de 2015\",\"previousItem\":{\"@type\":\"ListItem\",\"@id\":\"https:\\\/\\\/eldigitaldeasturias.com\\\/magazine365\\\/category\\\/actualidad-turismo\\\/#listItem\",\"name\":\"Actualidad Turismo\"}}]},{\"@type\":\"Organization\",\"@id\":\"https:\\\/\\\/eldigitaldeasturias.com\\\/magazine365\\\/#organization\",\"name\":\"El digital de Asturias\",\"description\":\"Revista de ocio, turismo y estilo de vida\",\"url\":\"https:\\\/\\\/eldigitaldeasturias.com\\\/magazine365\\\/\",\"logo\":{\"@type\":\"ImageObject\",\"url\":\"https:\\\/\\\/www.eldigitaldeasturias.com\\\/noticias\\\/wp-content\\\/uploads\\\/2020\\\/12\\\/EDA.jpg\",\"@id\":\"https:\\\/\\\/eldigitaldeasturias.com\\\/magazine365\\\/renfe-empezara-a-ofrecer-wifi-en-el-ave-a-finales-de-2015\\\/#organizationLogo\"},\"image\":{\"@id\":\"https:\\\/\\\/eldigitaldeasturias.com\\\/magazine365\\\/renfe-empezara-a-ofrecer-wifi-en-el-ave-a-finales-de-2015\\\/#organizationLogo\"}},{\"@type\":\"Person\",\"@id\":\"https:\\\/\\\/eldigitaldeasturias.com\\\/magazine365\\\/author\\\/admin\\\/#author\",\"url\":\"https:\\\/\\\/eldigitaldeasturias.com\\\/magazine365\\\/author\\\/admin\\\/\",\"name\":\"admin\",\"image\":{\"@type\":\"ImageObject\",\"@id\":\"https:\\\/\\\/eldigitaldeasturias.com\\\/magazine365\\\/renfe-empezara-a-ofrecer-wifi-en-el-ave-a-finales-de-2015\\\/#authorImage\",\"url\":\"https:\\\/\\\/eldigitaldeasturias.com\\\/magazine365\\\/wp-content\\\/litespeed\\\/avatar\\\/e571bcf59a0edd6fa6838245a470f2fe.jpg?ver=1777574230\",\"width\":96,\"height\":96,\"caption\":\"admin\"}},{\"@type\":\"WebPage\",\"@id\":\"https:\\\/\\\/eldigitaldeasturias.com\\\/magazine365\\\/renfe-empezara-a-ofrecer-wifi-en-el-ave-a-finales-de-2015\\\/#webpage\",\"url\":\"https:\\\/\\\/eldigitaldeasturias.com\\\/magazine365\\\/renfe-empezara-a-ofrecer-wifi-en-el-ave-a-finales-de-2015\\\/\",\"name\":\"Renfe empezar\\u00e1 a ofrecer wifi en el AVE a finales de 2015 | El Digital de Asturias\",\"description\":\"Renfe prev\\u00e9 comenzar a ofrecer servicio wifi, de conexi\\u00f3n gratuita a Internet, a bordo de sus trenes AVE a finales de este a\\u00f1o, seg\\u00fan inform\\u00f3 el presidente de la compa\\u00f1\\u00eda, Pablo V\\u00e1zquez. La operadora contempla prestar un servicio b\\u00e1sico, gratuito para todos los viajeros, y otro 'premium' de pago, para conexiones de mayor capacidad, como\",\"inLanguage\":\"es-ES\",\"isPartOf\":{\"@id\":\"https:\\\/\\\/eldigitaldeasturias.com\\\/magazine365\\\/#website\"},\"breadcrumb\":{\"@id\":\"https:\\\/\\\/eldigitaldeasturias.com\\\/magazine365\\\/renfe-empezara-a-ofrecer-wifi-en-el-ave-a-finales-de-2015\\\/#breadcrumblist\"},\"author\":{\"@id\":\"https:\\\/\\\/eldigitaldeasturias.com\\\/magazine365\\\/author\\\/admin\\\/#author\"},\"creator\":{\"@id\":\"https:\\\/\\\/eldigitaldeasturias.com\\\/magazine365\\\/author\\\/admin\\\/#author\"},\"image\":{\"@type\":\"ImageObject\",\"url\":\"https:\\\/\\\/eldigitaldeasturias.com\\\/magazine365\\\/wp-content\\\/uploads\\\/2015\\\/07\\\/fotonoticia_20150716143108_800.jpg\",\"@id\":\"https:\\\/\\\/eldigitaldeasturias.com\\\/magazine365\\\/renfe-empezara-a-ofrecer-wifi-en-el-ave-a-finales-de-2015\\\/#mainImage\",\"width\":800,\"height\":539},\"primaryImageOfPage\":{\"@id\":\"https:\\\/\\\/eldigitaldeasturias.com\\\/magazine365\\\/renfe-empezara-a-ofrecer-wifi-en-el-ave-a-finales-de-2015\\\/#mainImage\"},\"datePublished\":\"2015-07-16T22:00:52+02:00\",\"dateModified\":\"2015-07-16T22:00:52+02:00\"},{\"@type\":\"WebSite\",\"@id\":\"https:\\\/\\\/eldigitaldeasturias.com\\\/magazine365\\\/#website\",\"url\":\"https:\\\/\\\/eldigitaldeasturias.com\\\/magazine365\\\/\",\"name\":\"El Digital de Asturias\",\"description\":\"Revista de ocio, turismo y estilo de vida\",\"inLanguage\":\"es-ES\",\"publisher\":{\"@id\":\"https:\\\/\\\/eldigitaldeasturias.com\\\/magazine365\\\/#organization\"}}]}\n\t\t<\/script>\n\t\t<!-- All in One SEO Pro -->\r\n\t\t<title>Renfe empezar\u00e1 a ofrecer wifi en el AVE a finales de 2015 | El Digital de Asturias<\/title>\n\n","aioseo_head_json":{"title":"Renfe empezar\u00e1 a ofrecer wifi en el AVE a finales de 2015 | El Digital de Asturias","description":"Renfe prev\u00e9 comenzar a ofrecer servicio wifi, de conexi\u00f3n gratuita a Internet, a bordo de sus trenes AVE a finales de este a\u00f1o, seg\u00fan inform\u00f3 el presidente de la compa\u00f1\u00eda, Pablo V\u00e1zquez. La operadora contempla prestar un servicio b\u00e1sico, gratuito para todos los viajeros, y otro 'premium' de pago, para conexiones de mayor capacidad, como","canonical_url":"https:\/\/eldigitaldeasturias.com\/magazine365\/renfe-empezara-a-ofrecer-wifi-en-el-ave-a-finales-de-2015\/","robots":"max-image-preview:large","keywords":"actualidad turismo","webmasterTools":{"google-site-verification":"UA-38556648-1","miscellaneous":""},"schema":{"@context":"https:\/\/schema.org","@graph":[{"@type":"Article","@id":"https:\/\/eldigitaldeasturias.com\/magazine365\/renfe-empezara-a-ofrecer-wifi-en-el-ave-a-finales-de-2015\/#article","name":"Renfe empezar\u00e1 a ofrecer wifi en el AVE a finales de 2015 | El Digital de Asturias","headline":"Renfe empezar\u00e1 a ofrecer wifi en el AVE a finales de 2015","author":{"@id":"https:\/\/eldigitaldeasturias.com\/magazine365\/author\/admin\/#author"},"publisher":{"@id":"https:\/\/eldigitaldeasturias.com\/magazine365\/#organization"},"image":{"@type":"ImageObject","url":"https:\/\/eldigitaldeasturias.com\/magazine365\/wp-content\/uploads\/2015\/07\/fotonoticia_20150716143108_800.jpg","width":800,"height":539},"datePublished":"2015-07-16T22:00:52+02:00","dateModified":"2015-07-16T22:00:52+02:00","inLanguage":"es-ES","mainEntityOfPage":{"@id":"https:\/\/eldigitaldeasturias.com\/magazine365\/renfe-empezara-a-ofrecer-wifi-en-el-ave-a-finales-de-2015\/#webpage"},"isPartOf":{"@id":"https:\/\/eldigitaldeasturias.com\/magazine365\/renfe-empezara-a-ofrecer-wifi-en-el-ave-a-finales-de-2015\/#webpage"},"articleSection":"Actualidad Turismo"},{"@type":"BreadcrumbList","@id":"https:\/\/eldigitaldeasturias.com\/magazine365\/renfe-empezara-a-ofrecer-wifi-en-el-ave-a-finales-de-2015\/#breadcrumblist","itemListElement":[{"@type":"ListItem","@id":"https:\/\/eldigitaldeasturias.com\/magazine365#listItem","position":1,"name":"Home","item":"https:\/\/eldigitaldeasturias.com\/magazine365","nextItem":{"@type":"ListItem","@id":"https:\/\/eldigitaldeasturias.com\/magazine365\/category\/actualidad-turismo\/#listItem","name":"Actualidad Turismo"}},{"@type":"ListItem","@id":"https:\/\/eldigitaldeasturias.com\/magazine365\/category\/actualidad-turismo\/#listItem","position":2,"name":"Actualidad Turismo","item":"https:\/\/eldigitaldeasturias.com\/magazine365\/category\/actualidad-turismo\/","nextItem":{"@type":"ListItem","@id":"https:\/\/eldigitaldeasturias.com\/magazine365\/renfe-empezara-a-ofrecer-wifi-en-el-ave-a-finales-de-2015\/#listItem","name":"Renfe empezar\u00e1 a ofrecer wifi en el AVE a finales de 2015"},"previousItem":{"@type":"ListItem","@id":"https:\/\/eldigitaldeasturias.com\/magazine365#listItem","name":"Home"}},{"@type":"ListItem","@id":"https:\/\/eldigitaldeasturias.com\/magazine365\/renfe-empezara-a-ofrecer-wifi-en-el-ave-a-finales-de-2015\/#listItem","position":3,"name":"Renfe empezar\u00e1 a ofrecer wifi en el AVE a finales de 2015","previousItem":{"@type":"ListItem","@id":"https:\/\/eldigitaldeasturias.com\/magazine365\/category\/actualidad-turismo\/#listItem","name":"Actualidad Turismo"}}]},{"@type":"Organization","@id":"https:\/\/eldigitaldeasturias.com\/magazine365\/#organization","name":"El digital de Asturias","description":"Revista de ocio, turismo y estilo de vida","url":"https:\/\/eldigitaldeasturias.com\/magazine365\/","logo":{"@type":"ImageObject","url":"https:\/\/www.eldigitaldeasturias.com\/noticias\/wp-content\/uploads\/2020\/12\/EDA.jpg","@id":"https:\/\/eldigitaldeasturias.com\/magazine365\/renfe-empezara-a-ofrecer-wifi-en-el-ave-a-finales-de-2015\/#organizationLogo"},"image":{"@id":"https:\/\/eldigitaldeasturias.com\/magazine365\/renfe-empezara-a-ofrecer-wifi-en-el-ave-a-finales-de-2015\/#organizationLogo"}},{"@type":"Person","@id":"https:\/\/eldigitaldeasturias.com\/magazine365\/author\/admin\/#author","url":"https:\/\/eldigitaldeasturias.com\/magazine365\/author\/admin\/","name":"admin","image":{"@type":"ImageObject","@id":"https:\/\/eldigitaldeasturias.com\/magazine365\/renfe-empezara-a-ofrecer-wifi-en-el-ave-a-finales-de-2015\/#authorImage","url":"https:\/\/eldigitaldeasturias.com\/magazine365\/wp-content\/litespeed\/avatar\/e571bcf59a0edd6fa6838245a470f2fe.jpg?ver=1777574230","width":96,"height":96,"caption":"admin"}},{"@type":"WebPage","@id":"https:\/\/eldigitaldeasturias.com\/magazine365\/renfe-empezara-a-ofrecer-wifi-en-el-ave-a-finales-de-2015\/#webpage","url":"https:\/\/eldigitaldeasturias.com\/magazine365\/renfe-empezara-a-ofrecer-wifi-en-el-ave-a-finales-de-2015\/","name":"Renfe empezar\u00e1 a ofrecer wifi en el AVE a finales de 2015 | El Digital de Asturias","description":"Renfe prev\u00e9 comenzar a ofrecer servicio wifi, de conexi\u00f3n gratuita a Internet, a bordo de sus trenes AVE a finales de este a\u00f1o, seg\u00fan inform\u00f3 el presidente de la compa\u00f1\u00eda, Pablo V\u00e1zquez. La operadora contempla prestar un servicio b\u00e1sico, gratuito para todos los viajeros, y otro 'premium' de pago, para conexiones de mayor capacidad, como","inLanguage":"es-ES","isPartOf":{"@id":"https:\/\/eldigitaldeasturias.com\/magazine365\/#website"},"breadcrumb":{"@id":"https:\/\/eldigitaldeasturias.com\/magazine365\/renfe-empezara-a-ofrecer-wifi-en-el-ave-a-finales-de-2015\/#breadcrumblist"},"author":{"@id":"https:\/\/eldigitaldeasturias.com\/magazine365\/author\/admin\/#author"},"creator":{"@id":"https:\/\/eldigitaldeasturias.com\/magazine365\/author\/admin\/#author"},"image":{"@type":"ImageObject","url":"https:\/\/eldigitaldeasturias.com\/magazine365\/wp-content\/uploads\/2015\/07\/fotonoticia_20150716143108_800.jpg","@id":"https:\/\/eldigitaldeasturias.com\/magazine365\/renfe-empezara-a-ofrecer-wifi-en-el-ave-a-finales-de-2015\/#mainImage","width":800,"height":539},"primaryImageOfPage":{"@id":"https:\/\/eldigitaldeasturias.com\/magazine365\/renfe-empezara-a-ofrecer-wifi-en-el-ave-a-finales-de-2015\/#mainImage"},"datePublished":"2015-07-16T22:00:52+02:00","dateModified":"2015-07-16T22:00:52+02:00"},{"@type":"WebSite","@id":"https:\/\/eldigitaldeasturias.com\/magazine365\/#website","url":"https:\/\/eldigitaldeasturias.com\/magazine365\/","name":"El Digital de Asturias","description":"Revista de ocio, turismo y estilo de vida","inLanguage":"es-ES","publisher":{"@id":"https:\/\/eldigitaldeasturias.com\/magazine365\/#organization"}}]},"og:locale":"es_ES","og:site_name":"El Digital de Asturias \u2013 Revista de ocio, turismo y estilo de vida","og:type":"article","og:title":"Renfe empezar\u00e1 a ofrecer wifi en el AVE a finales de 2015 | El Digital de Asturias","og:description":"Renfe prev\u00e9 comenzar a ofrecer servicio wifi, de conexi\u00f3n gratuita a Internet, a bordo de sus trenes AVE a finales de este a\u00f1o, seg\u00fan inform\u00f3 el presidente de la compa\u00f1\u00eda, Pablo V\u00e1zquez. La operadora contempla prestar un servicio b\u00e1sico, gratuito para todos los viajeros, y otro 'premium' de pago, para conexiones de mayor capacidad, como","og:url":"https:\/\/eldigitaldeasturias.com\/magazine365\/renfe-empezara-a-ofrecer-wifi-en-el-ave-a-finales-de-2015\/","og:image":"https:\/\/eldigitaldeasturias.com\/magazine365\/wp-content\/uploads\/2015\/07\/fotonoticia_20150716143108_800.jpg","og:image:secure_url":"https:\/\/eldigitaldeasturias.com\/magazine365\/wp-content\/uploads\/2015\/07\/fotonoticia_20150716143108_800.jpg","og:image:width":800,"og:image:height":539,"article:published_time":"2015-07-16T20:00:52+00:00","article:modified_time":"2015-07-16T20:00:52+00:00","twitter:card":"summary_large_image","twitter:title":"Renfe empezar\u00e1 a ofrecer wifi en el AVE a finales de 2015 | El Digital de Asturias","twitter:description":"Renfe prev\u00e9 comenzar a ofrecer servicio wifi, de conexi\u00f3n gratuita a Internet, a bordo de sus trenes AVE a finales de este a\u00f1o, seg\u00fan inform\u00f3 el presidente de la compa\u00f1\u00eda, Pablo V\u00e1zquez. La operadora contempla prestar un servicio b\u00e1sico, gratuito para todos los viajeros, y otro 'premium' de pago, para conexiones de mayor capacidad, como","twitter:image":"https:\/\/eldigitaldeasturias.com\/magazine365\/wp-content\/uploads\/2015\/07\/fotonoticia_20150716143108_800.jpg"},"aioseo_meta_data":{"post_id":"42896","title":null,"description":null,"keywords":null,"keyphrases":null,"primary_term":null,"canonical_url":null,"og_title":null,"og_description":null,"og_object_type":"default","og_image_type":"default","og_image_url":null,"og_image_width":null,"og_image_height":null,"og_image_custom_url":null,"og_image_custom_fields":null,"og_video":null,"og_custom_url":null,"og_article_section":null,"og_article_tags":null,"twitter_use_og":false,"twitter_card":"default","twitter_image_type":"default","twitter_image_url":null,"twitter_image_custom_url":null,"twitter_image_custom_fields":null,"twitter_title":null,"twitter_description":null,"schema":{"blockGraphs":[],"customGraphs":[],"default":{"data":{"Article":[],"Course":[],"Dataset":[],"FAQPage":[],"Movie":[],"Person":[],"Product":[],"ProductReview":[],"Car":[],"Recipe":[],"Service":[],"SoftwareApplication":[],"WebPage":[]},"graphName":"","isEnabled":true},"graphs":[],"defaultGraph":"","defaultPostTypeGraph":""},"schema_type":null,"schema_type_options":null,"pillar_content":false,"robots_default":true,"robots_noindex":false,"robots_noarchive":false,"robots_nosnippet":false,"robots_nofollow":false,"robots_noimageindex":false,"robots_noodp":false,"robots_notranslate":false,"robots_max_snippet":null,"robots_max_videopreview":null,"robots_max_imagepreview":"large","priority":null,"frequency":null,"location":null,"local_seo":null,"seo_analyzer_scan_date":"2025-09-19 18:43:50","breadcrumb_settings":null,"limit_modified_date":false,"open_ai":null,"ai":null,"created":"2021-03-09 01:54:39","updated":"2025-09-19 18:43:51"},"aioseo_breadcrumb":"<div class=\"aioseo-breadcrumbs\"><span class=\"aioseo-breadcrumb\">\n\t<a href=\"https:\/\/eldigitaldeasturias.com\/magazine365\" title=\"Home\">Home<\/a>\n<\/span><span class=\"aioseo-breadcrumb-separator\">\u2013<\/span><span class=\"aioseo-breadcrumb\">\n\t<a href=\"https:\/\/eldigitaldeasturias.com\/magazine365\/category\/actualidad-turismo\/\" title=\"Actualidad Turismo\">Actualidad Turismo<\/a>\n<\/span><span class=\"aioseo-breadcrumb-separator\">\u2013<\/span><span class=\"aioseo-breadcrumb\">\n\t<a href=\"https:\/\/eldigitaldeasturias.com\/magazine365\/renfe-empezara-a-ofrecer-wifi-en-el-ave-a-finales-de-2015\/\" title=\"Renfe empezar\u00e1 a ofrecer wifi en el AVE a finales de 2015\">Renfe empezar\u00e1 a ofrecer wifi en el AVE a finales de 2015<\/a>\n<\/span><\/div>","aioseo_breadcrumb_json":[{"label":"Home","link":"https:\/\/eldigitaldeasturias.com\/magazine365"},{"label":"Actualidad Turismo","link":"https:\/\/eldigitaldeasturias.com\/magazine365\/category\/actualidad-turismo\/"},{"label":"Renfe empezar\u00e1 a ofrecer wifi en el AVE a finales de 2015","link":"https:\/\/eldigitaldeasturias.com\/magazine365\/renfe-empezara-a-ofrecer-wifi-en-el-ave-a-finales-de-2015\/"}],"_links":{"self":[{"href":"https:\/\/eldigitaldeasturias.com\/magazine365\/wp-json\/wp\/v2\/posts\/42896","targetHints":{"allow":["GET"]}}],"collection":[{"href":"https:\/\/eldigitaldeasturias.com\/magazine365\/wp-json\/wp\/v2\/posts"}],"about":[{"href":"https:\/\/eldigitaldeasturias.com\/magazine365\/wp-json\/wp\/v2\/types\/post"}],"author":[{"embeddable":true,"href":"https:\/\/eldigitaldeasturias.com\/magazine365\/wp-json\/wp\/v2\/users\/1"}],"replies":[{"embeddable":true,"href":"https:\/\/eldigitaldeasturias.com\/magazine365\/wp-json\/wp\/v2\/comments?post=42896"}],"version-history":[{"count":0,"href":"https:\/\/eldigitaldeasturias.com\/magazine365\/wp-json\/wp\/v2\/posts\/42896\/revisions"}],"wp:featuredmedia":[{"embeddable":true,"href":"https:\/\/eldigitaldeasturias.com\/magazine365\/wp-json\/wp\/v2\/media\/42897"}],"wp:attachment":[{"href":"https:\/\/eldigitaldeasturias.com\/magazine365\/wp-json\/wp\/v2\/media?parent=42896"}],"wp:term":[{"taxonomy":"category","embeddable":true,"href":"https:\/\/eldigitaldeasturias.com\/magazine365\/wp-json\/wp\/v2\/categories?post=42896"},{"taxonomy":"post_tag","embeddable":true,"href":"https:\/\/eldigitaldeasturias.com\/magazine365\/wp-json\/wp\/v2\/tags?post=42896"}],"curies":[{"name":"wp","href":"https:\/\/api.w.org\/{rel}","templated":true}]}}