{"id":42887,"date":"2015-07-16T21:55:13","date_gmt":"2015-07-16T19:55:13","guid":{"rendered":"http:\/\/eldigitaldeasturias.com\/magazine365\/?p=42887"},"modified":"2015-07-16T21:55:13","modified_gmt":"2015-07-16T19:55:13","slug":"huelva-protagonizara-un-programa-de-top-chef-para-promocionar-su-oferta-gastronomica","status":"publish","type":"post","link":"https:\/\/eldigitaldeasturias.com\/magazine365\/huelva-protagonizara-un-programa-de-top-chef-para-promocionar-su-oferta-gastronomica\/","title":{"rendered":"Huelva protagonizar\u00e1 un programa de &#8216;Top Chef&#8217; para promocionar su oferta gastron\u00f3mica"},"content":{"rendered":"<p><img fetchpriority=\"high\" decoding=\"async\" class=\"alignleft size-medium wp-image-42888\" src=\"https:\/\/eldigitaldeasturias.com\/magazine365\/wp-content\/uploads\/2015\/07\/fotonoticia_20150716142124_800-360x270.jpg\" alt=\"fotonoticia_20150716142124_800\" width=\"360\" height=\"270\" srcset=\"https:\/\/eldigitaldeasturias.com\/magazine365\/wp-content\/uploads\/2015\/07\/fotonoticia_20150716142124_800-360x270.jpg 360w, https:\/\/eldigitaldeasturias.com\/magazine365\/wp-content\/uploads\/2015\/07\/fotonoticia_20150716142124_800-650x488.jpg 650w, https:\/\/eldigitaldeasturias.com\/magazine365\/wp-content\/uploads\/2015\/07\/fotonoticia_20150716142124_800-768x576.jpg 768w, https:\/\/eldigitaldeasturias.com\/magazine365\/wp-content\/uploads\/2015\/07\/fotonoticia_20150716142124_800-150x113.jpg 150w, https:\/\/eldigitaldeasturias.com\/magazine365\/wp-content\/uploads\/2015\/07\/fotonoticia_20150716142124_800-450x338.jpg 450w, https:\/\/eldigitaldeasturias.com\/magazine365\/wp-content\/uploads\/2015\/07\/fotonoticia_20150716142124_800-80x60.jpg 80w, https:\/\/eldigitaldeasturias.com\/magazine365\/wp-content\/uploads\/2015\/07\/fotonoticia_20150716142124_800-265x198.jpg 265w, https:\/\/eldigitaldeasturias.com\/magazine365\/wp-content\/uploads\/2015\/07\/fotonoticia_20150716142124_800-696x522.jpg 696w, https:\/\/eldigitaldeasturias.com\/magazine365\/wp-content\/uploads\/2015\/07\/fotonoticia_20150716142124_800-560x420.jpg 560w, https:\/\/eldigitaldeasturias.com\/magazine365\/wp-content\/uploads\/2015\/07\/fotonoticia_20150716142124_800-90x67.jpg 90w, https:\/\/eldigitaldeasturias.com\/magazine365\/wp-content\/uploads\/2015\/07\/fotonoticia_20150716142124_800-100x75.jpg 100w, https:\/\/eldigitaldeasturias.com\/magazine365\/wp-content\/uploads\/2015\/07\/fotonoticia_20150716142124_800.jpg 800w\" sizes=\"(max-width: 360px) 100vw, 360px\" \/>El Muelle de las Carabelas ha sido el escenario elegido para la grabaci\u00f3n de un programa de la tercera temporada del concurso televisivo &#8216;Top Chef&#8217;, producido por Atresmedia y presentado por el medi\u00e1tico cocinero Alberto Chicote, con el que se pretende promocionar la oferta gastron\u00f3mica de la provincia de Huelva.<\/p>\n<p>As\u00ed lo ha puesto de manifiesto en rueda de prensa el consejero de Turismo y Deporte, Francisco Javier Fern\u00e1ndez, y el presidente de la Diputaci\u00f3n provincial, Ignacio Caraballo, quienes, junto al director de Soluciones Especiales y Eventos de Atresmedia Publicidad, Pablo L\u00f3pez-Barajas, han presentado esta iniciativa, en la que la Junta invierte un total de 150.000 euros y que permitir\u00e1 dar a conocer la provincia y sus productos culinarios a trav\u00e9s del programa, que la pasada temporada vieron una media de tres millones de espectadores.<\/p>\n<p>La presencia de Huelva en este programa se enmarca dentro del plan de acci\u00f3n que la Consejer\u00eda de Turismo desarrolla en Huelva tras la firma de un convenio con la instituci\u00f3n provincial con el fin de mejorar e impulsar el destino onubense y reforzar su promoci\u00f3n.<\/p>\n<p>De este modo, esta iniciativa, producida por Atresmedia, productora de Antena 3, para la tercera temporada del programa se plantea como una \u00abgran oportunidad\u00bb de promoci\u00f3n tur\u00edstica de la provincia, seg\u00fan han destacado el consejero y el presidente de la Diputaci\u00f3n, los cuales han se\u00f1alado \u00abel potencial\u00bb del territorio onubense y su gastronom\u00eda.<\/p>\n<p>El programa, grabado hace unos d\u00edas y que se emitir\u00e1 entre noviembre y diciembre, har\u00e1 que los concursantes tengan que elaborar distintas propuestas culinarias con productos de Huelva tan sabrosos como el marisco, las carnes o los vinos y vinagres, entre otros, con el fin de dar a conocer la amplia despensa de la provincia.<\/p>\n<p>Caraballo ha recordado que &#8216;Top Chef&#8217; bati\u00f3 su r\u00e9cord de audiencia y super\u00f3 los tres millones de espectadores en la final de su segunda temporada.<\/p>\n<p>A su juicio, \u00abson cifras que dan cuenta de la capacidad de promoci\u00f3n de esta cita ante la peque\u00f1a pantalla y que han motivado al Patronato Provincial de Turismo, junto con la Junta, a colaborar en esta iniciativa para promocionar el turismo gastron\u00f3mico y contribuir as\u00ed a desestacionalizar el turismo de Huelva, reto planteado por la administraciones para contribuir al potencial de este sector econ\u00f3mico\u00bb.<\/p>\n<p>En esta misma l\u00ednea se ha manifestado el consejero de Turismo, Francisco Javier Fern\u00e1ndez, que ha insistido en que, adem\u00e1s de verse la provincia cuando se emita el programa, en las distintas promociones y avances publicitarios tambi\u00e9n saldr\u00e1, lo que aumenta el impacto y la presencia en pantalla.<\/p>\n<p>Convencido de que la importancia del turismo en la lucha contra el desempleo, el consejero ha remarcado que esta acci\u00f3n forma parte del acuerdo entre la Junta y la Diputaci\u00f3n para realizar actuaciones de promoci\u00f3n que pongan en valor a la provincia.<\/p>\n<p>Tanto Fern\u00e1ndez como Caraballo y L\u00f3pez-Barajas han mostrado su confianza en que el programa va a ser un \u00e9xito y que la televisi\u00f3n sea \u00abel mejor escaparate\u00bb para exponer todas las bondades de Huelva.<\/p>\n<p>IMPULSO DE LA MINER\u00cdA<\/p>\n<p>De otro lado, cuestionado por otro de los atractivos de Huelva como es la miner\u00eda, Caraballo ha abogado por impulsar el turismo en esta l\u00ednea y mostrar la miner\u00eda al visitante ya que la tendencia es buscar, adem\u00e1s de patrimonio, experiencias y considera que el subsuelo onubense puede resultar muy llamativo para el que quiera conocer la riqueza natural de esta comarca. A su juicio, ser\u00eda conveniente poner en marcha productos tur\u00edstico en esa direcci\u00f3n.<\/p>\n","protected":false},"excerpt":{"rendered":"<p>El Muelle de las Carabelas ha sido el escenario elegido para la grabaci\u00f3n de un programa de la tercera temporada del concurso televisivo &#8216;Top Chef&#8217;, producido por Atresmedia y presentado por el medi\u00e1tico cocinero Alberto Chicote, con el que se pretende promocionar la oferta gastron\u00f3mica de la provincia de Huelva. As\u00ed lo ha puesto de<\/p>\n","protected":false},"author":1,"featured_media":42888,"comment_status":"open","ping_status":"closed","sticky":false,"template":"","format":"standard","meta":{"footnotes":""},"categories":[224],"tags":[],"class_list":{"0":"post-42887","1":"post","2":"type-post","3":"status-publish","4":"format-standard","5":"has-post-thumbnail","7":"category-noticias-actualidad"},"aioseo_notices":[],"aioseo_head":"\n\t\t<!-- All in One SEO Pro 4.9.6.1 - aioseo.com -->\n\t<meta name=\"description\" content=\"El Muelle de las Carabelas ha sido el escenario elegido para la grabaci\u00f3n de un programa de la tercera temporada del concurso televisivo &#039;Top Chef&#039;, producido por Atresmedia y presentado por el medi\u00e1tico cocinero Alberto Chicote, con el que se pretende promocionar la oferta gastron\u00f3mica de la provincia de Huelva. As\u00ed lo ha puesto de\" \/>\n\t<meta name=\"robots\" content=\"max-image-preview:large\" \/>\n\t<meta name=\"author\" content=\"admin\"\/>\n\t<meta name=\"google-site-verification\" content=\"UA-38556648-1\" \/>\n\t<meta name=\"keywords\" content=\"noticias y actualidad\" \/>\n\t<link rel=\"canonical\" href=\"https:\/\/eldigitaldeasturias.com\/magazine365\/huelva-protagonizara-un-programa-de-top-chef-para-promocionar-su-oferta-gastronomica\/\" \/>\n\t<meta name=\"generator\" content=\"All in One SEO Pro (AIOSEO) 4.9.6.1\" \/>\n\t\t<meta property=\"og:locale\" content=\"es_ES\" \/>\n\t\t<meta property=\"og:site_name\" content=\"El Digital de Asturias \u2013 Revista de ocio, turismo y estilo de vida\" \/>\n\t\t<meta property=\"og:type\" content=\"article\" \/>\n\t\t<meta property=\"og:title\" content=\"Huelva protagonizar\u00e1 un programa de \u2018Top Chef\u2019 para promocionar su oferta gastron\u00f3mica | El Digital de Asturias\" \/>\n\t\t<meta property=\"og:description\" content=\"El Muelle de las Carabelas ha sido el escenario elegido para la grabaci\u00f3n de un programa de la tercera temporada del concurso televisivo &#039;Top Chef&#039;, producido por Atresmedia y presentado por el medi\u00e1tico cocinero Alberto Chicote, con el que se pretende promocionar la oferta gastron\u00f3mica de la provincia de Huelva. As\u00ed lo ha puesto de\" \/>\n\t\t<meta property=\"og:url\" content=\"https:\/\/eldigitaldeasturias.com\/magazine365\/huelva-protagonizara-un-programa-de-top-chef-para-promocionar-su-oferta-gastronomica\/\" \/>\n\t\t<meta property=\"og:image\" content=\"https:\/\/eldigitaldeasturias.com\/magazine365\/wp-content\/uploads\/2015\/07\/fotonoticia_20150716142124_800.jpg\" \/>\n\t\t<meta property=\"og:image:secure_url\" content=\"https:\/\/eldigitaldeasturias.com\/magazine365\/wp-content\/uploads\/2015\/07\/fotonoticia_20150716142124_800.jpg\" \/>\n\t\t<meta property=\"og:image:width\" content=\"800\" \/>\n\t\t<meta property=\"og:image:height\" content=\"600\" \/>\n\t\t<meta property=\"article:published_time\" content=\"2015-07-16T19:55:13+00:00\" \/>\n\t\t<meta property=\"article:modified_time\" content=\"2015-07-16T19:55:13+00:00\" \/>\n\t\t<meta name=\"twitter:card\" content=\"summary_large_image\" \/>\n\t\t<meta name=\"twitter:title\" content=\"Huelva protagonizar\u00e1 un programa de \u2018Top Chef\u2019 para promocionar su oferta gastron\u00f3mica | El Digital de Asturias\" \/>\n\t\t<meta name=\"twitter:description\" content=\"El Muelle de las Carabelas ha sido el escenario elegido para la grabaci\u00f3n de un programa de la tercera temporada del concurso televisivo &#039;Top Chef&#039;, producido por Atresmedia y presentado por el medi\u00e1tico cocinero Alberto Chicote, con el que se pretende promocionar la oferta gastron\u00f3mica de la provincia de Huelva. As\u00ed lo ha puesto de\" \/>\n\t\t<meta name=\"twitter:image\" content=\"https:\/\/eldigitaldeasturias.com\/magazine365\/wp-content\/uploads\/2015\/07\/fotonoticia_20150716142124_800.jpg\" \/>\n\t\t<script type=\"application\/ld+json\" class=\"aioseo-schema\">\n\t\t\t{\"@context\":\"https:\\\/\\\/schema.org\",\"@graph\":[{\"@type\":\"Article\",\"@id\":\"https:\\\/\\\/eldigitaldeasturias.com\\\/magazine365\\\/huelva-protagonizara-un-programa-de-top-chef-para-promocionar-su-oferta-gastronomica\\\/#article\",\"name\":\"Huelva protagonizar\\u00e1 un programa de \\u2018Top Chef\\u2019 para promocionar su oferta gastron\\u00f3mica | El Digital de Asturias\",\"headline\":\"Huelva protagonizar\\u00e1 un programa de &#8216;Top Chef&#8217; para promocionar su oferta gastron\\u00f3mica\",\"author\":{\"@id\":\"https:\\\/\\\/eldigitaldeasturias.com\\\/magazine365\\\/author\\\/admin\\\/#author\"},\"publisher\":{\"@id\":\"https:\\\/\\\/eldigitaldeasturias.com\\\/magazine365\\\/#organization\"},\"image\":{\"@type\":\"ImageObject\",\"url\":\"https:\\\/\\\/eldigitaldeasturias.com\\\/magazine365\\\/wp-content\\\/uploads\\\/2015\\\/07\\\/fotonoticia_20150716142124_800.jpg\",\"width\":800,\"height\":600},\"datePublished\":\"2015-07-16T21:55:13+02:00\",\"dateModified\":\"2015-07-16T21:55:13+02:00\",\"inLanguage\":\"es-ES\",\"mainEntityOfPage\":{\"@id\":\"https:\\\/\\\/eldigitaldeasturias.com\\\/magazine365\\\/huelva-protagonizara-un-programa-de-top-chef-para-promocionar-su-oferta-gastronomica\\\/#webpage\"},\"isPartOf\":{\"@id\":\"https:\\\/\\\/eldigitaldeasturias.com\\\/magazine365\\\/huelva-protagonizara-un-programa-de-top-chef-para-promocionar-su-oferta-gastronomica\\\/#webpage\"},\"articleSection\":\"Noticias y Actualidad\"},{\"@type\":\"BreadcrumbList\",\"@id\":\"https:\\\/\\\/eldigitaldeasturias.com\\\/magazine365\\\/huelva-protagonizara-un-programa-de-top-chef-para-promocionar-su-oferta-gastronomica\\\/#breadcrumblist\",\"itemListElement\":[{\"@type\":\"ListItem\",\"@id\":\"https:\\\/\\\/eldigitaldeasturias.com\\\/magazine365#listItem\",\"position\":1,\"name\":\"Home\",\"item\":\"https:\\\/\\\/eldigitaldeasturias.com\\\/magazine365\",\"nextItem\":{\"@type\":\"ListItem\",\"@id\":\"https:\\\/\\\/eldigitaldeasturias.com\\\/magazine365\\\/category\\\/noticias-actualidad\\\/#listItem\",\"name\":\"Noticias y Actualidad\"}},{\"@type\":\"ListItem\",\"@id\":\"https:\\\/\\\/eldigitaldeasturias.com\\\/magazine365\\\/category\\\/noticias-actualidad\\\/#listItem\",\"position\":2,\"name\":\"Noticias y Actualidad\",\"item\":\"https:\\\/\\\/eldigitaldeasturias.com\\\/magazine365\\\/category\\\/noticias-actualidad\\\/\",\"nextItem\":{\"@type\":\"ListItem\",\"@id\":\"https:\\\/\\\/eldigitaldeasturias.com\\\/magazine365\\\/huelva-protagonizara-un-programa-de-top-chef-para-promocionar-su-oferta-gastronomica\\\/#listItem\",\"name\":\"Huelva protagonizar\\u00e1 un programa de &#8216;Top Chef&#8217; para promocionar su oferta gastron\\u00f3mica\"},\"previousItem\":{\"@type\":\"ListItem\",\"@id\":\"https:\\\/\\\/eldigitaldeasturias.com\\\/magazine365#listItem\",\"name\":\"Home\"}},{\"@type\":\"ListItem\",\"@id\":\"https:\\\/\\\/eldigitaldeasturias.com\\\/magazine365\\\/huelva-protagonizara-un-programa-de-top-chef-para-promocionar-su-oferta-gastronomica\\\/#listItem\",\"position\":3,\"name\":\"Huelva protagonizar\\u00e1 un programa de &#8216;Top Chef&#8217; para promocionar su oferta gastron\\u00f3mica\",\"previousItem\":{\"@type\":\"ListItem\",\"@id\":\"https:\\\/\\\/eldigitaldeasturias.com\\\/magazine365\\\/category\\\/noticias-actualidad\\\/#listItem\",\"name\":\"Noticias y Actualidad\"}}]},{\"@type\":\"Organization\",\"@id\":\"https:\\\/\\\/eldigitaldeasturias.com\\\/magazine365\\\/#organization\",\"name\":\"El digital de Asturias\",\"description\":\"Revista de ocio, turismo y estilo de vida\",\"url\":\"https:\\\/\\\/eldigitaldeasturias.com\\\/magazine365\\\/\",\"logo\":{\"@type\":\"ImageObject\",\"url\":\"https:\\\/\\\/www.eldigitaldeasturias.com\\\/noticias\\\/wp-content\\\/uploads\\\/2020\\\/12\\\/EDA.jpg\",\"@id\":\"https:\\\/\\\/eldigitaldeasturias.com\\\/magazine365\\\/huelva-protagonizara-un-programa-de-top-chef-para-promocionar-su-oferta-gastronomica\\\/#organizationLogo\"},\"image\":{\"@id\":\"https:\\\/\\\/eldigitaldeasturias.com\\\/magazine365\\\/huelva-protagonizara-un-programa-de-top-chef-para-promocionar-su-oferta-gastronomica\\\/#organizationLogo\"}},{\"@type\":\"Person\",\"@id\":\"https:\\\/\\\/eldigitaldeasturias.com\\\/magazine365\\\/author\\\/admin\\\/#author\",\"url\":\"https:\\\/\\\/eldigitaldeasturias.com\\\/magazine365\\\/author\\\/admin\\\/\",\"name\":\"admin\",\"image\":{\"@type\":\"ImageObject\",\"@id\":\"https:\\\/\\\/eldigitaldeasturias.com\\\/magazine365\\\/huelva-protagonizara-un-programa-de-top-chef-para-promocionar-su-oferta-gastronomica\\\/#authorImage\",\"url\":\"https:\\\/\\\/eldigitaldeasturias.com\\\/magazine365\\\/wp-content\\\/litespeed\\\/avatar\\\/e571bcf59a0edd6fa6838245a470f2fe.jpg?ver=1777574230\",\"width\":96,\"height\":96,\"caption\":\"admin\"}},{\"@type\":\"WebPage\",\"@id\":\"https:\\\/\\\/eldigitaldeasturias.com\\\/magazine365\\\/huelva-protagonizara-un-programa-de-top-chef-para-promocionar-su-oferta-gastronomica\\\/#webpage\",\"url\":\"https:\\\/\\\/eldigitaldeasturias.com\\\/magazine365\\\/huelva-protagonizara-un-programa-de-top-chef-para-promocionar-su-oferta-gastronomica\\\/\",\"name\":\"Huelva protagonizar\\u00e1 un programa de \\u2018Top Chef\\u2019 para promocionar su oferta gastron\\u00f3mica | El Digital de Asturias\",\"description\":\"El Muelle de las Carabelas ha sido el escenario elegido para la grabaci\\u00f3n de un programa de la tercera temporada del concurso televisivo 'Top Chef', producido por Atresmedia y presentado por el medi\\u00e1tico cocinero Alberto Chicote, con el que se pretende promocionar la oferta gastron\\u00f3mica de la provincia de Huelva. As\\u00ed lo ha puesto de\",\"inLanguage\":\"es-ES\",\"isPartOf\":{\"@id\":\"https:\\\/\\\/eldigitaldeasturias.com\\\/magazine365\\\/#website\"},\"breadcrumb\":{\"@id\":\"https:\\\/\\\/eldigitaldeasturias.com\\\/magazine365\\\/huelva-protagonizara-un-programa-de-top-chef-para-promocionar-su-oferta-gastronomica\\\/#breadcrumblist\"},\"author\":{\"@id\":\"https:\\\/\\\/eldigitaldeasturias.com\\\/magazine365\\\/author\\\/admin\\\/#author\"},\"creator\":{\"@id\":\"https:\\\/\\\/eldigitaldeasturias.com\\\/magazine365\\\/author\\\/admin\\\/#author\"},\"image\":{\"@type\":\"ImageObject\",\"url\":\"https:\\\/\\\/eldigitaldeasturias.com\\\/magazine365\\\/wp-content\\\/uploads\\\/2015\\\/07\\\/fotonoticia_20150716142124_800.jpg\",\"@id\":\"https:\\\/\\\/eldigitaldeasturias.com\\\/magazine365\\\/huelva-protagonizara-un-programa-de-top-chef-para-promocionar-su-oferta-gastronomica\\\/#mainImage\",\"width\":800,\"height\":600},\"primaryImageOfPage\":{\"@id\":\"https:\\\/\\\/eldigitaldeasturias.com\\\/magazine365\\\/huelva-protagonizara-un-programa-de-top-chef-para-promocionar-su-oferta-gastronomica\\\/#mainImage\"},\"datePublished\":\"2015-07-16T21:55:13+02:00\",\"dateModified\":\"2015-07-16T21:55:13+02:00\"},{\"@type\":\"WebSite\",\"@id\":\"https:\\\/\\\/eldigitaldeasturias.com\\\/magazine365\\\/#website\",\"url\":\"https:\\\/\\\/eldigitaldeasturias.com\\\/magazine365\\\/\",\"name\":\"El Digital de Asturias\",\"description\":\"Revista de ocio, turismo y estilo de vida\",\"inLanguage\":\"es-ES\",\"publisher\":{\"@id\":\"https:\\\/\\\/eldigitaldeasturias.com\\\/magazine365\\\/#organization\"}}]}\n\t\t<\/script>\n\t\t<!-- All in One SEO Pro -->\r\n\t\t<title>Huelva protagonizar\u00e1 un programa de \u2018Top Chef\u2019 para promocionar su oferta gastron\u00f3mica | El Digital de Asturias<\/title>\n\n","aioseo_head_json":{"title":"Huelva protagonizar\u00e1 un programa de \u2018Top Chef\u2019 para promocionar su oferta gastron\u00f3mica | El Digital de Asturias","description":"El Muelle de las Carabelas ha sido el escenario elegido para la grabaci\u00f3n de un programa de la tercera temporada del concurso televisivo 'Top Chef', producido por Atresmedia y presentado por el medi\u00e1tico cocinero Alberto Chicote, con el que se pretende promocionar la oferta gastron\u00f3mica de la provincia de Huelva. As\u00ed lo ha puesto de","canonical_url":"https:\/\/eldigitaldeasturias.com\/magazine365\/huelva-protagonizara-un-programa-de-top-chef-para-promocionar-su-oferta-gastronomica\/","robots":"max-image-preview:large","keywords":"noticias y actualidad","webmasterTools":{"google-site-verification":"UA-38556648-1","miscellaneous":""},"schema":{"@context":"https:\/\/schema.org","@graph":[{"@type":"Article","@id":"https:\/\/eldigitaldeasturias.com\/magazine365\/huelva-protagonizara-un-programa-de-top-chef-para-promocionar-su-oferta-gastronomica\/#article","name":"Huelva protagonizar\u00e1 un programa de \u2018Top Chef\u2019 para promocionar su oferta gastron\u00f3mica | El Digital de Asturias","headline":"Huelva protagonizar\u00e1 un programa de &#8216;Top Chef&#8217; para promocionar su oferta gastron\u00f3mica","author":{"@id":"https:\/\/eldigitaldeasturias.com\/magazine365\/author\/admin\/#author"},"publisher":{"@id":"https:\/\/eldigitaldeasturias.com\/magazine365\/#organization"},"image":{"@type":"ImageObject","url":"https:\/\/eldigitaldeasturias.com\/magazine365\/wp-content\/uploads\/2015\/07\/fotonoticia_20150716142124_800.jpg","width":800,"height":600},"datePublished":"2015-07-16T21:55:13+02:00","dateModified":"2015-07-16T21:55:13+02:00","inLanguage":"es-ES","mainEntityOfPage":{"@id":"https:\/\/eldigitaldeasturias.com\/magazine365\/huelva-protagonizara-un-programa-de-top-chef-para-promocionar-su-oferta-gastronomica\/#webpage"},"isPartOf":{"@id":"https:\/\/eldigitaldeasturias.com\/magazine365\/huelva-protagonizara-un-programa-de-top-chef-para-promocionar-su-oferta-gastronomica\/#webpage"},"articleSection":"Noticias y Actualidad"},{"@type":"BreadcrumbList","@id":"https:\/\/eldigitaldeasturias.com\/magazine365\/huelva-protagonizara-un-programa-de-top-chef-para-promocionar-su-oferta-gastronomica\/#breadcrumblist","itemListElement":[{"@type":"ListItem","@id":"https:\/\/eldigitaldeasturias.com\/magazine365#listItem","position":1,"name":"Home","item":"https:\/\/eldigitaldeasturias.com\/magazine365","nextItem":{"@type":"ListItem","@id":"https:\/\/eldigitaldeasturias.com\/magazine365\/category\/noticias-actualidad\/#listItem","name":"Noticias y Actualidad"}},{"@type":"ListItem","@id":"https:\/\/eldigitaldeasturias.com\/magazine365\/category\/noticias-actualidad\/#listItem","position":2,"name":"Noticias y Actualidad","item":"https:\/\/eldigitaldeasturias.com\/magazine365\/category\/noticias-actualidad\/","nextItem":{"@type":"ListItem","@id":"https:\/\/eldigitaldeasturias.com\/magazine365\/huelva-protagonizara-un-programa-de-top-chef-para-promocionar-su-oferta-gastronomica\/#listItem","name":"Huelva protagonizar\u00e1 un programa de &#8216;Top Chef&#8217; para promocionar su oferta gastron\u00f3mica"},"previousItem":{"@type":"ListItem","@id":"https:\/\/eldigitaldeasturias.com\/magazine365#listItem","name":"Home"}},{"@type":"ListItem","@id":"https:\/\/eldigitaldeasturias.com\/magazine365\/huelva-protagonizara-un-programa-de-top-chef-para-promocionar-su-oferta-gastronomica\/#listItem","position":3,"name":"Huelva protagonizar\u00e1 un programa de &#8216;Top Chef&#8217; para promocionar su oferta gastron\u00f3mica","previousItem":{"@type":"ListItem","@id":"https:\/\/eldigitaldeasturias.com\/magazine365\/category\/noticias-actualidad\/#listItem","name":"Noticias y Actualidad"}}]},{"@type":"Organization","@id":"https:\/\/eldigitaldeasturias.com\/magazine365\/#organization","name":"El digital de Asturias","description":"Revista de ocio, turismo y estilo de vida","url":"https:\/\/eldigitaldeasturias.com\/magazine365\/","logo":{"@type":"ImageObject","url":"https:\/\/www.eldigitaldeasturias.com\/noticias\/wp-content\/uploads\/2020\/12\/EDA.jpg","@id":"https:\/\/eldigitaldeasturias.com\/magazine365\/huelva-protagonizara-un-programa-de-top-chef-para-promocionar-su-oferta-gastronomica\/#organizationLogo"},"image":{"@id":"https:\/\/eldigitaldeasturias.com\/magazine365\/huelva-protagonizara-un-programa-de-top-chef-para-promocionar-su-oferta-gastronomica\/#organizationLogo"}},{"@type":"Person","@id":"https:\/\/eldigitaldeasturias.com\/magazine365\/author\/admin\/#author","url":"https:\/\/eldigitaldeasturias.com\/magazine365\/author\/admin\/","name":"admin","image":{"@type":"ImageObject","@id":"https:\/\/eldigitaldeasturias.com\/magazine365\/huelva-protagonizara-un-programa-de-top-chef-para-promocionar-su-oferta-gastronomica\/#authorImage","url":"https:\/\/eldigitaldeasturias.com\/magazine365\/wp-content\/litespeed\/avatar\/e571bcf59a0edd6fa6838245a470f2fe.jpg?ver=1777574230","width":96,"height":96,"caption":"admin"}},{"@type":"WebPage","@id":"https:\/\/eldigitaldeasturias.com\/magazine365\/huelva-protagonizara-un-programa-de-top-chef-para-promocionar-su-oferta-gastronomica\/#webpage","url":"https:\/\/eldigitaldeasturias.com\/magazine365\/huelva-protagonizara-un-programa-de-top-chef-para-promocionar-su-oferta-gastronomica\/","name":"Huelva protagonizar\u00e1 un programa de \u2018Top Chef\u2019 para promocionar su oferta gastron\u00f3mica | El Digital de Asturias","description":"El Muelle de las Carabelas ha sido el escenario elegido para la grabaci\u00f3n de un programa de la tercera temporada del concurso televisivo 'Top Chef', producido por Atresmedia y presentado por el medi\u00e1tico cocinero Alberto Chicote, con el que se pretende promocionar la oferta gastron\u00f3mica de la provincia de Huelva. As\u00ed lo ha puesto de","inLanguage":"es-ES","isPartOf":{"@id":"https:\/\/eldigitaldeasturias.com\/magazine365\/#website"},"breadcrumb":{"@id":"https:\/\/eldigitaldeasturias.com\/magazine365\/huelva-protagonizara-un-programa-de-top-chef-para-promocionar-su-oferta-gastronomica\/#breadcrumblist"},"author":{"@id":"https:\/\/eldigitaldeasturias.com\/magazine365\/author\/admin\/#author"},"creator":{"@id":"https:\/\/eldigitaldeasturias.com\/magazine365\/author\/admin\/#author"},"image":{"@type":"ImageObject","url":"https:\/\/eldigitaldeasturias.com\/magazine365\/wp-content\/uploads\/2015\/07\/fotonoticia_20150716142124_800.jpg","@id":"https:\/\/eldigitaldeasturias.com\/magazine365\/huelva-protagonizara-un-programa-de-top-chef-para-promocionar-su-oferta-gastronomica\/#mainImage","width":800,"height":600},"primaryImageOfPage":{"@id":"https:\/\/eldigitaldeasturias.com\/magazine365\/huelva-protagonizara-un-programa-de-top-chef-para-promocionar-su-oferta-gastronomica\/#mainImage"},"datePublished":"2015-07-16T21:55:13+02:00","dateModified":"2015-07-16T21:55:13+02:00"},{"@type":"WebSite","@id":"https:\/\/eldigitaldeasturias.com\/magazine365\/#website","url":"https:\/\/eldigitaldeasturias.com\/magazine365\/","name":"El Digital de Asturias","description":"Revista de ocio, turismo y estilo de vida","inLanguage":"es-ES","publisher":{"@id":"https:\/\/eldigitaldeasturias.com\/magazine365\/#organization"}}]},"og:locale":"es_ES","og:site_name":"El Digital de Asturias \u2013 Revista de ocio, turismo y estilo de vida","og:type":"article","og:title":"Huelva protagonizar\u00e1 un programa de \u2018Top Chef\u2019 para promocionar su oferta gastron\u00f3mica | El Digital de Asturias","og:description":"El Muelle de las Carabelas ha sido el escenario elegido para la grabaci\u00f3n de un programa de la tercera temporada del concurso televisivo 'Top Chef', producido por Atresmedia y presentado por el medi\u00e1tico cocinero Alberto Chicote, con el que se pretende promocionar la oferta gastron\u00f3mica de la provincia de Huelva. As\u00ed lo ha puesto de","og:url":"https:\/\/eldigitaldeasturias.com\/magazine365\/huelva-protagonizara-un-programa-de-top-chef-para-promocionar-su-oferta-gastronomica\/","og:image":"https:\/\/eldigitaldeasturias.com\/magazine365\/wp-content\/uploads\/2015\/07\/fotonoticia_20150716142124_800.jpg","og:image:secure_url":"https:\/\/eldigitaldeasturias.com\/magazine365\/wp-content\/uploads\/2015\/07\/fotonoticia_20150716142124_800.jpg","og:image:width":800,"og:image:height":600,"article:published_time":"2015-07-16T19:55:13+00:00","article:modified_time":"2015-07-16T19:55:13+00:00","twitter:card":"summary_large_image","twitter:title":"Huelva protagonizar\u00e1 un programa de \u2018Top Chef\u2019 para promocionar su oferta gastron\u00f3mica | El Digital de Asturias","twitter:description":"El Muelle de las Carabelas ha sido el escenario elegido para la grabaci\u00f3n de un programa de la tercera temporada del concurso televisivo 'Top Chef', producido por Atresmedia y presentado por el medi\u00e1tico cocinero Alberto Chicote, con el que se pretende promocionar la oferta gastron\u00f3mica de la provincia de Huelva. As\u00ed lo ha puesto de","twitter:image":"https:\/\/eldigitaldeasturias.com\/magazine365\/wp-content\/uploads\/2015\/07\/fotonoticia_20150716142124_800.jpg"},"aioseo_meta_data":{"post_id":"42887","title":null,"description":null,"keywords":null,"keyphrases":null,"primary_term":null,"canonical_url":null,"og_title":null,"og_description":null,"og_object_type":"default","og_image_type":"default","og_image_url":null,"og_image_width":null,"og_image_height":null,"og_image_custom_url":null,"og_image_custom_fields":null,"og_video":null,"og_custom_url":null,"og_article_section":null,"og_article_tags":null,"twitter_use_og":false,"twitter_card":"default","twitter_image_type":"default","twitter_image_url":null,"twitter_image_custom_url":null,"twitter_image_custom_fields":null,"twitter_title":null,"twitter_description":null,"schema":{"blockGraphs":[],"customGraphs":[],"default":{"data":{"Article":[],"Course":[],"Dataset":[],"FAQPage":[],"Movie":[],"Person":[],"Product":[],"ProductReview":[],"Car":[],"Recipe":[],"Service":[],"SoftwareApplication":[],"WebPage":[]},"graphName":"","isEnabled":true},"graphs":[],"defaultGraph":"","defaultPostTypeGraph":""},"schema_type":null,"schema_type_options":null,"pillar_content":false,"robots_default":true,"robots_noindex":false,"robots_noarchive":false,"robots_nosnippet":false,"robots_nofollow":false,"robots_noimageindex":false,"robots_noodp":false,"robots_notranslate":false,"robots_max_snippet":null,"robots_max_videopreview":null,"robots_max_imagepreview":"large","priority":null,"frequency":null,"location":null,"local_seo":null,"seo_analyzer_scan_date":"2025-09-19 18:41:08","breadcrumb_settings":null,"limit_modified_date":false,"open_ai":null,"ai":null,"created":"2021-03-09 01:54:39","updated":"2025-09-19 18:41:08"},"aioseo_breadcrumb":"<div class=\"aioseo-breadcrumbs\"><span class=\"aioseo-breadcrumb\">\n\t<a href=\"https:\/\/eldigitaldeasturias.com\/magazine365\" title=\"Home\">Home<\/a>\n<\/span><span class=\"aioseo-breadcrumb-separator\">\u2013<\/span><span class=\"aioseo-breadcrumb\">\n\t<a href=\"https:\/\/eldigitaldeasturias.com\/magazine365\/category\/noticias-actualidad\/\" title=\"Noticias y Actualidad\">Noticias y Actualidad<\/a>\n<\/span><span class=\"aioseo-breadcrumb-separator\">\u2013<\/span><span class=\"aioseo-breadcrumb\">\n\t<a href=\"https:\/\/eldigitaldeasturias.com\/magazine365\/huelva-protagonizara-un-programa-de-top-chef-para-promocionar-su-oferta-gastronomica\/\" title=\"Huelva protagonizar\u00e1 un programa de \u2018Top Chef\u2019 para promocionar su oferta gastron\u00f3mica\">Huelva protagonizar\u00e1 un programa de \u2018Top Chef\u2019 para promocionar su oferta gastron\u00f3mica<\/a>\n<\/span><\/div>","aioseo_breadcrumb_json":[{"label":"Home","link":"https:\/\/eldigitaldeasturias.com\/magazine365"},{"label":"Noticias y Actualidad","link":"https:\/\/eldigitaldeasturias.com\/magazine365\/category\/noticias-actualidad\/"},{"label":"Huelva protagonizar\u00e1 un programa de &#8216;Top Chef&#8217; para promocionar su oferta gastron\u00f3mica","link":"https:\/\/eldigitaldeasturias.com\/magazine365\/huelva-protagonizara-un-programa-de-top-chef-para-promocionar-su-oferta-gastronomica\/"}],"_links":{"self":[{"href":"https:\/\/eldigitaldeasturias.com\/magazine365\/wp-json\/wp\/v2\/posts\/42887","targetHints":{"allow":["GET"]}}],"collection":[{"href":"https:\/\/eldigitaldeasturias.com\/magazine365\/wp-json\/wp\/v2\/posts"}],"about":[{"href":"https:\/\/eldigitaldeasturias.com\/magazine365\/wp-json\/wp\/v2\/types\/post"}],"author":[{"embeddable":true,"href":"https:\/\/eldigitaldeasturias.com\/magazine365\/wp-json\/wp\/v2\/users\/1"}],"replies":[{"embeddable":true,"href":"https:\/\/eldigitaldeasturias.com\/magazine365\/wp-json\/wp\/v2\/comments?post=42887"}],"version-history":[{"count":0,"href":"https:\/\/eldigitaldeasturias.com\/magazine365\/wp-json\/wp\/v2\/posts\/42887\/revisions"}],"wp:featuredmedia":[{"embeddable":true,"href":"https:\/\/eldigitaldeasturias.com\/magazine365\/wp-json\/wp\/v2\/media\/42888"}],"wp:attachment":[{"href":"https:\/\/eldigitaldeasturias.com\/magazine365\/wp-json\/wp\/v2\/media?parent=42887"}],"wp:term":[{"taxonomy":"category","embeddable":true,"href":"https:\/\/eldigitaldeasturias.com\/magazine365\/wp-json\/wp\/v2\/categories?post=42887"},{"taxonomy":"post_tag","embeddable":true,"href":"https:\/\/eldigitaldeasturias.com\/magazine365\/wp-json\/wp\/v2\/tags?post=42887"}],"curies":[{"name":"wp","href":"https:\/\/api.w.org\/{rel}","templated":true}]}}