{"id":42869,"date":"2015-07-16T13:38:23","date_gmt":"2015-07-16T11:38:23","guid":{"rendered":"http:\/\/eldigitaldeasturias.com\/magazine365\/?p=42869"},"modified":"2015-07-16T13:38:23","modified_gmt":"2015-07-16T11:38:23","slug":"el-aeropuerto-de-alicante-contara-con-un-supermercado","status":"publish","type":"post","link":"https:\/\/eldigitaldeasturias.com\/magazine365\/el-aeropuerto-de-alicante-contara-con-un-supermercado\/","title":{"rendered":"El aeropuerto de Alicante contar\u00e1 con un supermercado"},"content":{"rendered":"<p><img fetchpriority=\"high\" decoding=\"async\" class=\"alignleft size-medium wp-image-42870\" src=\"https:\/\/eldigitaldeasturias.com\/magazine365\/wp-content\/uploads\/2015\/07\/fotonoticia_20150716123312_800-360x241.jpg\" alt=\"fotonoticia_20150716123312_800\" width=\"360\" height=\"241\" srcset=\"https:\/\/eldigitaldeasturias.com\/magazine365\/wp-content\/uploads\/2015\/07\/fotonoticia_20150716123312_800-360x241.jpg 360w, https:\/\/eldigitaldeasturias.com\/magazine365\/wp-content\/uploads\/2015\/07\/fotonoticia_20150716123312_800-650x436.jpg 650w, https:\/\/eldigitaldeasturias.com\/magazine365\/wp-content\/uploads\/2015\/07\/fotonoticia_20150716123312_800-768x515.jpg 768w, https:\/\/eldigitaldeasturias.com\/magazine365\/wp-content\/uploads\/2015\/07\/fotonoticia_20150716123312_800-150x101.jpg 150w, https:\/\/eldigitaldeasturias.com\/magazine365\/wp-content\/uploads\/2015\/07\/fotonoticia_20150716123312_800-450x302.jpg 450w, https:\/\/eldigitaldeasturias.com\/magazine365\/wp-content\/uploads\/2015\/07\/fotonoticia_20150716123312_800-696x466.jpg 696w, https:\/\/eldigitaldeasturias.com\/magazine365\/wp-content\/uploads\/2015\/07\/fotonoticia_20150716123312_800-627x420.jpg 627w, https:\/\/eldigitaldeasturias.com\/magazine365\/wp-content\/uploads\/2015\/07\/fotonoticia_20150716123312_800-84x55.jpg 84w, https:\/\/eldigitaldeasturias.com\/magazine365\/wp-content\/uploads\/2015\/07\/fotonoticia_20150716123312_800.jpg 800w\" sizes=\"(max-width: 360px) 100vw, 360px\" \/>El aeropuerto de Alicante-Elche ha comenzado con las obras para la instalaci\u00f3n de un supermercado denominado \u00abThe Market\u00bb que entrar\u00e1 en servicio en la zona de Llegadas durante la segunda quincena de agosto.<\/p>\n<p>la empresa \u00c1reas ha sido la adjudicataria por un periodo de cinco a\u00f1os de este supermercado que tendr\u00e1 una extensi\u00f3n de 80 m2 y estar\u00e1 ubicado en una zona de acceso p\u00fablico por lo que podr\u00e1n disfrutar del mismo tanto pasajeros como otros usuarios del aeropuerto, seg\u00fan ha informado Aena en un comunicado.<\/p>\n<p>En su interior el cliente encontrar\u00e1 los productos de alimentaci\u00f3n como bebidas, congelados, l\u00e1cteos, productos frescos y productos de desayuno y aperitivo, as\u00ed como de droguer\u00eda, repuestos de m\u00f3viles y recargas telef\u00f3nicas.<\/p>\n<p>Con este nuevo local el aeropuerto de Alicante-Elche viene a diversificar su oferta comercial con el objetivo de adaptarse a la demanda de sus pasajeros. En este caso se trata de un comercio muy enfocado al viajero que llega y tiene la necesidad de adquirir productos b\u00e1sicos para su estancia de manera c\u00f3moda y r\u00e1pida.<\/p>\n","protected":false},"excerpt":{"rendered":"<p>El aeropuerto de Alicante-Elche ha comenzado con las obras para la instalaci\u00f3n de un supermercado denominado \u00abThe Market\u00bb que entrar\u00e1 en servicio en la zona de Llegadas durante la segunda quincena de agosto. la empresa \u00c1reas ha sido la adjudicataria por un periodo de cinco a\u00f1os de este supermercado que tendr\u00e1 una extensi\u00f3n de 80<\/p>\n","protected":false},"author":1,"featured_media":42870,"comment_status":"open","ping_status":"closed","sticky":false,"template":"","format":"standard","meta":{"footnotes":""},"categories":[224],"tags":[],"class_list":{"0":"post-42869","1":"post","2":"type-post","3":"status-publish","4":"format-standard","5":"has-post-thumbnail","7":"category-noticias-actualidad"},"aioseo_notices":[],"aioseo_head":"\n\t\t<!-- All in One SEO Pro 4.9.6.1 - aioseo.com -->\n\t<meta name=\"description\" content=\"El aeropuerto de Alicante-Elche ha comenzado con las obras para la instalaci\u00f3n de un supermercado denominado &quot;The Market&quot; que entrar\u00e1 en servicio en la zona de Llegadas durante la segunda quincena de agosto. la empresa \u00c1reas ha sido la adjudicataria por un periodo de cinco a\u00f1os de este supermercado que tendr\u00e1 una extensi\u00f3n de 80\" \/>\n\t<meta name=\"robots\" content=\"max-image-preview:large\" \/>\n\t<meta name=\"author\" content=\"admin\"\/>\n\t<meta name=\"google-site-verification\" content=\"UA-38556648-1\" \/>\n\t<meta name=\"keywords\" content=\"noticias y actualidad\" \/>\n\t<link rel=\"canonical\" href=\"https:\/\/eldigitaldeasturias.com\/magazine365\/el-aeropuerto-de-alicante-contara-con-un-supermercado\/\" \/>\n\t<meta name=\"generator\" content=\"All in One SEO Pro (AIOSEO) 4.9.6.1\" \/>\n\t\t<meta property=\"og:locale\" content=\"es_ES\" \/>\n\t\t<meta property=\"og:site_name\" content=\"El Digital de Asturias \u2013 Revista de ocio, turismo y estilo de vida\" \/>\n\t\t<meta property=\"og:type\" content=\"article\" \/>\n\t\t<meta property=\"og:title\" content=\"El aeropuerto de Alicante contar\u00e1 con un supermercado | El Digital de Asturias\" \/>\n\t\t<meta property=\"og:description\" content=\"El aeropuerto de Alicante-Elche ha comenzado con las obras para la instalaci\u00f3n de un supermercado denominado &quot;The Market&quot; que entrar\u00e1 en servicio en la zona de Llegadas durante la segunda quincena de agosto. la empresa \u00c1reas ha sido la adjudicataria por un periodo de cinco a\u00f1os de este supermercado que tendr\u00e1 una extensi\u00f3n de 80\" \/>\n\t\t<meta property=\"og:url\" content=\"https:\/\/eldigitaldeasturias.com\/magazine365\/el-aeropuerto-de-alicante-contara-con-un-supermercado\/\" \/>\n\t\t<meta property=\"og:image\" content=\"https:\/\/eldigitaldeasturias.com\/magazine365\/wp-content\/uploads\/2015\/07\/fotonoticia_20150716123312_800.jpg\" \/>\n\t\t<meta property=\"og:image:secure_url\" content=\"https:\/\/eldigitaldeasturias.com\/magazine365\/wp-content\/uploads\/2015\/07\/fotonoticia_20150716123312_800.jpg\" \/>\n\t\t<meta property=\"og:image:width\" content=\"800\" \/>\n\t\t<meta property=\"og:image:height\" content=\"536\" \/>\n\t\t<meta property=\"article:published_time\" content=\"2015-07-16T11:38:23+00:00\" \/>\n\t\t<meta property=\"article:modified_time\" content=\"2015-07-16T11:38:23+00:00\" \/>\n\t\t<meta name=\"twitter:card\" content=\"summary_large_image\" \/>\n\t\t<meta name=\"twitter:title\" content=\"El aeropuerto de Alicante contar\u00e1 con un supermercado | El Digital de Asturias\" \/>\n\t\t<meta name=\"twitter:description\" content=\"El aeropuerto de Alicante-Elche ha comenzado con las obras para la instalaci\u00f3n de un supermercado denominado &quot;The Market&quot; que entrar\u00e1 en servicio en la zona de Llegadas durante la segunda quincena de agosto. la empresa \u00c1reas ha sido la adjudicataria por un periodo de cinco a\u00f1os de este supermercado que tendr\u00e1 una extensi\u00f3n de 80\" \/>\n\t\t<meta name=\"twitter:image\" content=\"https:\/\/eldigitaldeasturias.com\/magazine365\/wp-content\/uploads\/2015\/07\/fotonoticia_20150716123312_800.jpg\" \/>\n\t\t<script type=\"application\/ld+json\" class=\"aioseo-schema\">\n\t\t\t{\"@context\":\"https:\\\/\\\/schema.org\",\"@graph\":[{\"@type\":\"Article\",\"@id\":\"https:\\\/\\\/eldigitaldeasturias.com\\\/magazine365\\\/el-aeropuerto-de-alicante-contara-con-un-supermercado\\\/#article\",\"name\":\"El aeropuerto de Alicante contar\\u00e1 con un supermercado | El Digital de Asturias\",\"headline\":\"El aeropuerto de Alicante contar\\u00e1 con un supermercado\",\"author\":{\"@id\":\"https:\\\/\\\/eldigitaldeasturias.com\\\/magazine365\\\/author\\\/admin\\\/#author\"},\"publisher\":{\"@id\":\"https:\\\/\\\/eldigitaldeasturias.com\\\/magazine365\\\/#organization\"},\"image\":{\"@type\":\"ImageObject\",\"url\":\"https:\\\/\\\/eldigitaldeasturias.com\\\/magazine365\\\/wp-content\\\/uploads\\\/2015\\\/07\\\/fotonoticia_20150716123312_800.jpg\",\"width\":800,\"height\":536},\"datePublished\":\"2015-07-16T13:38:23+02:00\",\"dateModified\":\"2015-07-16T13:38:23+02:00\",\"inLanguage\":\"es-ES\",\"mainEntityOfPage\":{\"@id\":\"https:\\\/\\\/eldigitaldeasturias.com\\\/magazine365\\\/el-aeropuerto-de-alicante-contara-con-un-supermercado\\\/#webpage\"},\"isPartOf\":{\"@id\":\"https:\\\/\\\/eldigitaldeasturias.com\\\/magazine365\\\/el-aeropuerto-de-alicante-contara-con-un-supermercado\\\/#webpage\"},\"articleSection\":\"Noticias y Actualidad\"},{\"@type\":\"BreadcrumbList\",\"@id\":\"https:\\\/\\\/eldigitaldeasturias.com\\\/magazine365\\\/el-aeropuerto-de-alicante-contara-con-un-supermercado\\\/#breadcrumblist\",\"itemListElement\":[{\"@type\":\"ListItem\",\"@id\":\"https:\\\/\\\/eldigitaldeasturias.com\\\/magazine365#listItem\",\"position\":1,\"name\":\"Home\",\"item\":\"https:\\\/\\\/eldigitaldeasturias.com\\\/magazine365\",\"nextItem\":{\"@type\":\"ListItem\",\"@id\":\"https:\\\/\\\/eldigitaldeasturias.com\\\/magazine365\\\/category\\\/noticias-actualidad\\\/#listItem\",\"name\":\"Noticias y Actualidad\"}},{\"@type\":\"ListItem\",\"@id\":\"https:\\\/\\\/eldigitaldeasturias.com\\\/magazine365\\\/category\\\/noticias-actualidad\\\/#listItem\",\"position\":2,\"name\":\"Noticias y Actualidad\",\"item\":\"https:\\\/\\\/eldigitaldeasturias.com\\\/magazine365\\\/category\\\/noticias-actualidad\\\/\",\"nextItem\":{\"@type\":\"ListItem\",\"@id\":\"https:\\\/\\\/eldigitaldeasturias.com\\\/magazine365\\\/el-aeropuerto-de-alicante-contara-con-un-supermercado\\\/#listItem\",\"name\":\"El aeropuerto de Alicante contar\\u00e1 con un supermercado\"},\"previousItem\":{\"@type\":\"ListItem\",\"@id\":\"https:\\\/\\\/eldigitaldeasturias.com\\\/magazine365#listItem\",\"name\":\"Home\"}},{\"@type\":\"ListItem\",\"@id\":\"https:\\\/\\\/eldigitaldeasturias.com\\\/magazine365\\\/el-aeropuerto-de-alicante-contara-con-un-supermercado\\\/#listItem\",\"position\":3,\"name\":\"El aeropuerto de Alicante contar\\u00e1 con un supermercado\",\"previousItem\":{\"@type\":\"ListItem\",\"@id\":\"https:\\\/\\\/eldigitaldeasturias.com\\\/magazine365\\\/category\\\/noticias-actualidad\\\/#listItem\",\"name\":\"Noticias y Actualidad\"}}]},{\"@type\":\"Organization\",\"@id\":\"https:\\\/\\\/eldigitaldeasturias.com\\\/magazine365\\\/#organization\",\"name\":\"El digital de Asturias\",\"description\":\"Revista de ocio, turismo y estilo de vida\",\"url\":\"https:\\\/\\\/eldigitaldeasturias.com\\\/magazine365\\\/\",\"logo\":{\"@type\":\"ImageObject\",\"url\":\"https:\\\/\\\/www.eldigitaldeasturias.com\\\/noticias\\\/wp-content\\\/uploads\\\/2020\\\/12\\\/EDA.jpg\",\"@id\":\"https:\\\/\\\/eldigitaldeasturias.com\\\/magazine365\\\/el-aeropuerto-de-alicante-contara-con-un-supermercado\\\/#organizationLogo\"},\"image\":{\"@id\":\"https:\\\/\\\/eldigitaldeasturias.com\\\/magazine365\\\/el-aeropuerto-de-alicante-contara-con-un-supermercado\\\/#organizationLogo\"}},{\"@type\":\"Person\",\"@id\":\"https:\\\/\\\/eldigitaldeasturias.com\\\/magazine365\\\/author\\\/admin\\\/#author\",\"url\":\"https:\\\/\\\/eldigitaldeasturias.com\\\/magazine365\\\/author\\\/admin\\\/\",\"name\":\"admin\",\"image\":{\"@type\":\"ImageObject\",\"@id\":\"https:\\\/\\\/eldigitaldeasturias.com\\\/magazine365\\\/el-aeropuerto-de-alicante-contara-con-un-supermercado\\\/#authorImage\",\"url\":\"https:\\\/\\\/eldigitaldeasturias.com\\\/magazine365\\\/wp-content\\\/litespeed\\\/avatar\\\/e571bcf59a0edd6fa6838245a470f2fe.jpg?ver=1777574230\",\"width\":96,\"height\":96,\"caption\":\"admin\"}},{\"@type\":\"WebPage\",\"@id\":\"https:\\\/\\\/eldigitaldeasturias.com\\\/magazine365\\\/el-aeropuerto-de-alicante-contara-con-un-supermercado\\\/#webpage\",\"url\":\"https:\\\/\\\/eldigitaldeasturias.com\\\/magazine365\\\/el-aeropuerto-de-alicante-contara-con-un-supermercado\\\/\",\"name\":\"El aeropuerto de Alicante contar\\u00e1 con un supermercado | El Digital de Asturias\",\"description\":\"El aeropuerto de Alicante-Elche ha comenzado con las obras para la instalaci\\u00f3n de un supermercado denominado \\\"The Market\\\" que entrar\\u00e1 en servicio en la zona de Llegadas durante la segunda quincena de agosto. la empresa \\u00c1reas ha sido la adjudicataria por un periodo de cinco a\\u00f1os de este supermercado que tendr\\u00e1 una extensi\\u00f3n de 80\",\"inLanguage\":\"es-ES\",\"isPartOf\":{\"@id\":\"https:\\\/\\\/eldigitaldeasturias.com\\\/magazine365\\\/#website\"},\"breadcrumb\":{\"@id\":\"https:\\\/\\\/eldigitaldeasturias.com\\\/magazine365\\\/el-aeropuerto-de-alicante-contara-con-un-supermercado\\\/#breadcrumblist\"},\"author\":{\"@id\":\"https:\\\/\\\/eldigitaldeasturias.com\\\/magazine365\\\/author\\\/admin\\\/#author\"},\"creator\":{\"@id\":\"https:\\\/\\\/eldigitaldeasturias.com\\\/magazine365\\\/author\\\/admin\\\/#author\"},\"image\":{\"@type\":\"ImageObject\",\"url\":\"https:\\\/\\\/eldigitaldeasturias.com\\\/magazine365\\\/wp-content\\\/uploads\\\/2015\\\/07\\\/fotonoticia_20150716123312_800.jpg\",\"@id\":\"https:\\\/\\\/eldigitaldeasturias.com\\\/magazine365\\\/el-aeropuerto-de-alicante-contara-con-un-supermercado\\\/#mainImage\",\"width\":800,\"height\":536},\"primaryImageOfPage\":{\"@id\":\"https:\\\/\\\/eldigitaldeasturias.com\\\/magazine365\\\/el-aeropuerto-de-alicante-contara-con-un-supermercado\\\/#mainImage\"},\"datePublished\":\"2015-07-16T13:38:23+02:00\",\"dateModified\":\"2015-07-16T13:38:23+02:00\"},{\"@type\":\"WebSite\",\"@id\":\"https:\\\/\\\/eldigitaldeasturias.com\\\/magazine365\\\/#website\",\"url\":\"https:\\\/\\\/eldigitaldeasturias.com\\\/magazine365\\\/\",\"name\":\"El Digital de Asturias\",\"description\":\"Revista de ocio, turismo y estilo de vida\",\"inLanguage\":\"es-ES\",\"publisher\":{\"@id\":\"https:\\\/\\\/eldigitaldeasturias.com\\\/magazine365\\\/#organization\"}}]}\n\t\t<\/script>\n\t\t<!-- All in One SEO Pro -->\r\n\t\t<title>El aeropuerto de Alicante contar\u00e1 con un supermercado | El Digital de Asturias<\/title>\n\n","aioseo_head_json":{"title":"El aeropuerto de Alicante contar\u00e1 con un supermercado | El Digital de Asturias","description":"El aeropuerto de Alicante-Elche ha comenzado con las obras para la instalaci\u00f3n de un supermercado denominado \"The Market\" que entrar\u00e1 en servicio en la zona de Llegadas durante la segunda quincena de agosto. la empresa \u00c1reas ha sido la adjudicataria por un periodo de cinco a\u00f1os de este supermercado que tendr\u00e1 una extensi\u00f3n de 80","canonical_url":"https:\/\/eldigitaldeasturias.com\/magazine365\/el-aeropuerto-de-alicante-contara-con-un-supermercado\/","robots":"max-image-preview:large","keywords":"noticias y actualidad","webmasterTools":{"google-site-verification":"UA-38556648-1","miscellaneous":""},"schema":{"@context":"https:\/\/schema.org","@graph":[{"@type":"Article","@id":"https:\/\/eldigitaldeasturias.com\/magazine365\/el-aeropuerto-de-alicante-contara-con-un-supermercado\/#article","name":"El aeropuerto de Alicante contar\u00e1 con un supermercado | El Digital de Asturias","headline":"El aeropuerto de Alicante contar\u00e1 con un supermercado","author":{"@id":"https:\/\/eldigitaldeasturias.com\/magazine365\/author\/admin\/#author"},"publisher":{"@id":"https:\/\/eldigitaldeasturias.com\/magazine365\/#organization"},"image":{"@type":"ImageObject","url":"https:\/\/eldigitaldeasturias.com\/magazine365\/wp-content\/uploads\/2015\/07\/fotonoticia_20150716123312_800.jpg","width":800,"height":536},"datePublished":"2015-07-16T13:38:23+02:00","dateModified":"2015-07-16T13:38:23+02:00","inLanguage":"es-ES","mainEntityOfPage":{"@id":"https:\/\/eldigitaldeasturias.com\/magazine365\/el-aeropuerto-de-alicante-contara-con-un-supermercado\/#webpage"},"isPartOf":{"@id":"https:\/\/eldigitaldeasturias.com\/magazine365\/el-aeropuerto-de-alicante-contara-con-un-supermercado\/#webpage"},"articleSection":"Noticias y Actualidad"},{"@type":"BreadcrumbList","@id":"https:\/\/eldigitaldeasturias.com\/magazine365\/el-aeropuerto-de-alicante-contara-con-un-supermercado\/#breadcrumblist","itemListElement":[{"@type":"ListItem","@id":"https:\/\/eldigitaldeasturias.com\/magazine365#listItem","position":1,"name":"Home","item":"https:\/\/eldigitaldeasturias.com\/magazine365","nextItem":{"@type":"ListItem","@id":"https:\/\/eldigitaldeasturias.com\/magazine365\/category\/noticias-actualidad\/#listItem","name":"Noticias y Actualidad"}},{"@type":"ListItem","@id":"https:\/\/eldigitaldeasturias.com\/magazine365\/category\/noticias-actualidad\/#listItem","position":2,"name":"Noticias y Actualidad","item":"https:\/\/eldigitaldeasturias.com\/magazine365\/category\/noticias-actualidad\/","nextItem":{"@type":"ListItem","@id":"https:\/\/eldigitaldeasturias.com\/magazine365\/el-aeropuerto-de-alicante-contara-con-un-supermercado\/#listItem","name":"El aeropuerto de Alicante contar\u00e1 con un supermercado"},"previousItem":{"@type":"ListItem","@id":"https:\/\/eldigitaldeasturias.com\/magazine365#listItem","name":"Home"}},{"@type":"ListItem","@id":"https:\/\/eldigitaldeasturias.com\/magazine365\/el-aeropuerto-de-alicante-contara-con-un-supermercado\/#listItem","position":3,"name":"El aeropuerto de Alicante contar\u00e1 con un supermercado","previousItem":{"@type":"ListItem","@id":"https:\/\/eldigitaldeasturias.com\/magazine365\/category\/noticias-actualidad\/#listItem","name":"Noticias y Actualidad"}}]},{"@type":"Organization","@id":"https:\/\/eldigitaldeasturias.com\/magazine365\/#organization","name":"El digital de Asturias","description":"Revista de ocio, turismo y estilo de vida","url":"https:\/\/eldigitaldeasturias.com\/magazine365\/","logo":{"@type":"ImageObject","url":"https:\/\/www.eldigitaldeasturias.com\/noticias\/wp-content\/uploads\/2020\/12\/EDA.jpg","@id":"https:\/\/eldigitaldeasturias.com\/magazine365\/el-aeropuerto-de-alicante-contara-con-un-supermercado\/#organizationLogo"},"image":{"@id":"https:\/\/eldigitaldeasturias.com\/magazine365\/el-aeropuerto-de-alicante-contara-con-un-supermercado\/#organizationLogo"}},{"@type":"Person","@id":"https:\/\/eldigitaldeasturias.com\/magazine365\/author\/admin\/#author","url":"https:\/\/eldigitaldeasturias.com\/magazine365\/author\/admin\/","name":"admin","image":{"@type":"ImageObject","@id":"https:\/\/eldigitaldeasturias.com\/magazine365\/el-aeropuerto-de-alicante-contara-con-un-supermercado\/#authorImage","url":"https:\/\/eldigitaldeasturias.com\/magazine365\/wp-content\/litespeed\/avatar\/e571bcf59a0edd6fa6838245a470f2fe.jpg?ver=1777574230","width":96,"height":96,"caption":"admin"}},{"@type":"WebPage","@id":"https:\/\/eldigitaldeasturias.com\/magazine365\/el-aeropuerto-de-alicante-contara-con-un-supermercado\/#webpage","url":"https:\/\/eldigitaldeasturias.com\/magazine365\/el-aeropuerto-de-alicante-contara-con-un-supermercado\/","name":"El aeropuerto de Alicante contar\u00e1 con un supermercado | El Digital de Asturias","description":"El aeropuerto de Alicante-Elche ha comenzado con las obras para la instalaci\u00f3n de un supermercado denominado \"The Market\" que entrar\u00e1 en servicio en la zona de Llegadas durante la segunda quincena de agosto. la empresa \u00c1reas ha sido la adjudicataria por un periodo de cinco a\u00f1os de este supermercado que tendr\u00e1 una extensi\u00f3n de 80","inLanguage":"es-ES","isPartOf":{"@id":"https:\/\/eldigitaldeasturias.com\/magazine365\/#website"},"breadcrumb":{"@id":"https:\/\/eldigitaldeasturias.com\/magazine365\/el-aeropuerto-de-alicante-contara-con-un-supermercado\/#breadcrumblist"},"author":{"@id":"https:\/\/eldigitaldeasturias.com\/magazine365\/author\/admin\/#author"},"creator":{"@id":"https:\/\/eldigitaldeasturias.com\/magazine365\/author\/admin\/#author"},"image":{"@type":"ImageObject","url":"https:\/\/eldigitaldeasturias.com\/magazine365\/wp-content\/uploads\/2015\/07\/fotonoticia_20150716123312_800.jpg","@id":"https:\/\/eldigitaldeasturias.com\/magazine365\/el-aeropuerto-de-alicante-contara-con-un-supermercado\/#mainImage","width":800,"height":536},"primaryImageOfPage":{"@id":"https:\/\/eldigitaldeasturias.com\/magazine365\/el-aeropuerto-de-alicante-contara-con-un-supermercado\/#mainImage"},"datePublished":"2015-07-16T13:38:23+02:00","dateModified":"2015-07-16T13:38:23+02:00"},{"@type":"WebSite","@id":"https:\/\/eldigitaldeasturias.com\/magazine365\/#website","url":"https:\/\/eldigitaldeasturias.com\/magazine365\/","name":"El Digital de Asturias","description":"Revista de ocio, turismo y estilo de vida","inLanguage":"es-ES","publisher":{"@id":"https:\/\/eldigitaldeasturias.com\/magazine365\/#organization"}}]},"og:locale":"es_ES","og:site_name":"El Digital de Asturias \u2013 Revista de ocio, turismo y estilo de vida","og:type":"article","og:title":"El aeropuerto de Alicante contar\u00e1 con un supermercado | El Digital de Asturias","og:description":"El aeropuerto de Alicante-Elche ha comenzado con las obras para la instalaci\u00f3n de un supermercado denominado &quot;The Market&quot; que entrar\u00e1 en servicio en la zona de Llegadas durante la segunda quincena de agosto. la empresa \u00c1reas ha sido la adjudicataria por un periodo de cinco a\u00f1os de este supermercado que tendr\u00e1 una extensi\u00f3n de 80","og:url":"https:\/\/eldigitaldeasturias.com\/magazine365\/el-aeropuerto-de-alicante-contara-con-un-supermercado\/","og:image":"https:\/\/eldigitaldeasturias.com\/magazine365\/wp-content\/uploads\/2015\/07\/fotonoticia_20150716123312_800.jpg","og:image:secure_url":"https:\/\/eldigitaldeasturias.com\/magazine365\/wp-content\/uploads\/2015\/07\/fotonoticia_20150716123312_800.jpg","og:image:width":800,"og:image:height":536,"article:published_time":"2015-07-16T11:38:23+00:00","article:modified_time":"2015-07-16T11:38:23+00:00","twitter:card":"summary_large_image","twitter:title":"El aeropuerto de Alicante contar\u00e1 con un supermercado | El Digital de Asturias","twitter:description":"El aeropuerto de Alicante-Elche ha comenzado con las obras para la instalaci\u00f3n de un supermercado denominado &quot;The Market&quot; que entrar\u00e1 en servicio en la zona de Llegadas durante la segunda quincena de agosto. la empresa \u00c1reas ha sido la adjudicataria por un periodo de cinco a\u00f1os de este supermercado que tendr\u00e1 una extensi\u00f3n de 80","twitter:image":"https:\/\/eldigitaldeasturias.com\/magazine365\/wp-content\/uploads\/2015\/07\/fotonoticia_20150716123312_800.jpg"},"aioseo_meta_data":{"post_id":"42869","title":null,"description":null,"keywords":null,"keyphrases":null,"primary_term":null,"canonical_url":null,"og_title":null,"og_description":null,"og_object_type":"default","og_image_type":"default","og_image_url":null,"og_image_width":null,"og_image_height":null,"og_image_custom_url":null,"og_image_custom_fields":null,"og_video":null,"og_custom_url":null,"og_article_section":null,"og_article_tags":null,"twitter_use_og":false,"twitter_card":"default","twitter_image_type":"default","twitter_image_url":null,"twitter_image_custom_url":null,"twitter_image_custom_fields":null,"twitter_title":null,"twitter_description":null,"schema":{"blockGraphs":[],"customGraphs":[],"default":{"data":{"Article":[],"Course":[],"Dataset":[],"FAQPage":[],"Movie":[],"Person":[],"Product":[],"ProductReview":[],"Car":[],"Recipe":[],"Service":[],"SoftwareApplication":[],"WebPage":[]},"graphName":"","isEnabled":true},"graphs":[],"defaultGraph":"","defaultPostTypeGraph":""},"schema_type":null,"schema_type_options":null,"pillar_content":false,"robots_default":true,"robots_noindex":false,"robots_noarchive":false,"robots_nosnippet":false,"robots_nofollow":false,"robots_noimageindex":false,"robots_noodp":false,"robots_notranslate":false,"robots_max_snippet":null,"robots_max_videopreview":null,"robots_max_imagepreview":"large","priority":null,"frequency":null,"location":null,"local_seo":null,"seo_analyzer_scan_date":"2025-09-19 18:39:35","breadcrumb_settings":null,"limit_modified_date":false,"open_ai":null,"ai":null,"created":"2021-03-09 01:54:39","updated":"2025-09-19 18:39:35"},"aioseo_breadcrumb":"<div class=\"aioseo-breadcrumbs\"><span class=\"aioseo-breadcrumb\">\n\t<a href=\"https:\/\/eldigitaldeasturias.com\/magazine365\" title=\"Home\">Home<\/a>\n<\/span><span class=\"aioseo-breadcrumb-separator\">\u2013<\/span><span class=\"aioseo-breadcrumb\">\n\t<a href=\"https:\/\/eldigitaldeasturias.com\/magazine365\/category\/noticias-actualidad\/\" title=\"Noticias y Actualidad\">Noticias y Actualidad<\/a>\n<\/span><span class=\"aioseo-breadcrumb-separator\">\u2013<\/span><span class=\"aioseo-breadcrumb\">\n\t<a href=\"https:\/\/eldigitaldeasturias.com\/magazine365\/el-aeropuerto-de-alicante-contara-con-un-supermercado\/\" title=\"El aeropuerto de Alicante contar\u00e1 con un supermercado\">El aeropuerto de Alicante contar\u00e1 con un supermercado<\/a>\n<\/span><\/div>","aioseo_breadcrumb_json":[{"label":"Home","link":"https:\/\/eldigitaldeasturias.com\/magazine365"},{"label":"Noticias y Actualidad","link":"https:\/\/eldigitaldeasturias.com\/magazine365\/category\/noticias-actualidad\/"},{"label":"El aeropuerto de Alicante contar\u00e1 con un supermercado","link":"https:\/\/eldigitaldeasturias.com\/magazine365\/el-aeropuerto-de-alicante-contara-con-un-supermercado\/"}],"_links":{"self":[{"href":"https:\/\/eldigitaldeasturias.com\/magazine365\/wp-json\/wp\/v2\/posts\/42869","targetHints":{"allow":["GET"]}}],"collection":[{"href":"https:\/\/eldigitaldeasturias.com\/magazine365\/wp-json\/wp\/v2\/posts"}],"about":[{"href":"https:\/\/eldigitaldeasturias.com\/magazine365\/wp-json\/wp\/v2\/types\/post"}],"author":[{"embeddable":true,"href":"https:\/\/eldigitaldeasturias.com\/magazine365\/wp-json\/wp\/v2\/users\/1"}],"replies":[{"embeddable":true,"href":"https:\/\/eldigitaldeasturias.com\/magazine365\/wp-json\/wp\/v2\/comments?post=42869"}],"version-history":[{"count":0,"href":"https:\/\/eldigitaldeasturias.com\/magazine365\/wp-json\/wp\/v2\/posts\/42869\/revisions"}],"wp:featuredmedia":[{"embeddable":true,"href":"https:\/\/eldigitaldeasturias.com\/magazine365\/wp-json\/wp\/v2\/media\/42870"}],"wp:attachment":[{"href":"https:\/\/eldigitaldeasturias.com\/magazine365\/wp-json\/wp\/v2\/media?parent=42869"}],"wp:term":[{"taxonomy":"category","embeddable":true,"href":"https:\/\/eldigitaldeasturias.com\/magazine365\/wp-json\/wp\/v2\/categories?post=42869"},{"taxonomy":"post_tag","embeddable":true,"href":"https:\/\/eldigitaldeasturias.com\/magazine365\/wp-json\/wp\/v2\/tags?post=42869"}],"curies":[{"name":"wp","href":"https:\/\/api.w.org\/{rel}","templated":true}]}}