{"id":42866,"date":"2015-07-16T13:37:20","date_gmt":"2015-07-16T11:37:20","guid":{"rendered":"http:\/\/eldigitaldeasturias.com\/magazine365\/?p=42866"},"modified":"2015-07-16T13:37:20","modified_gmt":"2015-07-16T11:37:20","slug":"renfe-eleva-un-10-el-numero-de-viajeros-del-ave-en-el-primer-semestre","status":"publish","type":"post","link":"https:\/\/eldigitaldeasturias.com\/magazine365\/renfe-eleva-un-10-el-numero-de-viajeros-del-ave-en-el-primer-semestre\/","title":{"rendered":"Renfe eleva un 10% el n\u00famero de viajeros del AVE en el primer semestre"},"content":{"rendered":"<p><img fetchpriority=\"high\" decoding=\"async\" class=\"alignleft size-medium wp-image-42867\" src=\"https:\/\/eldigitaldeasturias.com\/magazine365\/wp-content\/uploads\/2015\/07\/fotonoticia_20150716121945_800-360x241.jpg\" alt=\"fotonoticia_20150716121945_800\" width=\"360\" height=\"241\" srcset=\"https:\/\/eldigitaldeasturias.com\/magazine365\/wp-content\/uploads\/2015\/07\/fotonoticia_20150716121945_800-360x241.jpg 360w, https:\/\/eldigitaldeasturias.com\/magazine365\/wp-content\/uploads\/2015\/07\/fotonoticia_20150716121945_800-650x436.jpg 650w, https:\/\/eldigitaldeasturias.com\/magazine365\/wp-content\/uploads\/2015\/07\/fotonoticia_20150716121945_800-768x515.jpg 768w, https:\/\/eldigitaldeasturias.com\/magazine365\/wp-content\/uploads\/2015\/07\/fotonoticia_20150716121945_800-150x101.jpg 150w, https:\/\/eldigitaldeasturias.com\/magazine365\/wp-content\/uploads\/2015\/07\/fotonoticia_20150716121945_800-450x302.jpg 450w, https:\/\/eldigitaldeasturias.com\/magazine365\/wp-content\/uploads\/2015\/07\/fotonoticia_20150716121945_800-696x466.jpg 696w, https:\/\/eldigitaldeasturias.com\/magazine365\/wp-content\/uploads\/2015\/07\/fotonoticia_20150716121945_800-627x420.jpg 627w, https:\/\/eldigitaldeasturias.com\/magazine365\/wp-content\/uploads\/2015\/07\/fotonoticia_20150716121945_800-84x55.jpg 84w, https:\/\/eldigitaldeasturias.com\/magazine365\/wp-content\/uploads\/2015\/07\/fotonoticia_20150716121945_800.jpg 800w\" sizes=\"(max-width: 360px) 100vw, 360px\" \/>Los trenes AVE de Renfe transportaron 9,5 millones de pasajeros en el primer semestre de este a\u00f1o, lo que supone un incremento del 10% en comparaci\u00f3n al mismo periodo de 2014, seg\u00fan inform\u00f3 el director general de Viajeros de la compa\u00f1\u00eda, Ram\u00f3n Azuara.<\/p>\n<p>El conjunto de los servicios de AVE y Larga Distancia sumaron un total de 15 millones de viajeros, lo que supone un 7,7% m\u00e1s y ganar un mill\u00f3n de nuevos usuarios para el ferrocarril.<\/p>\n<p>En el primer semestre del a\u00f1o, Renfe registr\u00f3 ocho de los diez r\u00e9cords diarios de viajeros cosechados hasta ahora por sus servicios de AVE y Larga Distancia.<\/p>\n<p>El mayor de estos m\u00e1ximo se alcanz\u00f3 el pasado 30 de abril, en el Puente de Mayo, jornada en la que Renfe transport\u00f3 125.868 pasajeros, seg\u00fan detall\u00f3 Azuara en rueda de prensa.<\/p>\n<p>CRECE LA OCUPACI\u00d3N DE LOS TRENES.<\/p>\n<p>Asimismo, al cierre de la primera mitad del a\u00f1o, la operadora hab\u00eda logrado el objetivo de aumentar en cuatro puntos el porcentaje de ocupaci\u00f3n media de los trenes AVE y Larga Distancia.<\/p>\n<p>En concreto, estos servicios registran una ocupaci\u00f3n media del 64,5% de sus plazas, 4,5 puntos porcentuales m\u00e1s que un a\u00f1o antes, si bien en algunas l\u00edneas alcanza el 70%.<\/p>\n","protected":false},"excerpt":{"rendered":"<p>Los trenes AVE de Renfe transportaron 9,5 millones de pasajeros en el primer semestre de este a\u00f1o, lo que supone un incremento del 10% en comparaci\u00f3n al mismo periodo de 2014, seg\u00fan inform\u00f3 el director general de Viajeros de la compa\u00f1\u00eda, Ram\u00f3n Azuara. El conjunto de los servicios de AVE y Larga Distancia sumaron un<\/p>\n","protected":false},"author":1,"featured_media":42867,"comment_status":"open","ping_status":"closed","sticky":false,"template":"","format":"standard","meta":{"footnotes":""},"categories":[224],"tags":[],"class_list":{"0":"post-42866","1":"post","2":"type-post","3":"status-publish","4":"format-standard","5":"has-post-thumbnail","7":"category-noticias-actualidad"},"aioseo_notices":[],"aioseo_head":"\n\t\t<!-- All in One SEO Pro 4.9.6.1 - aioseo.com -->\n\t<meta name=\"description\" content=\"Los trenes AVE de Renfe transportaron 9,5 millones de pasajeros en el primer semestre de este a\u00f1o, lo que supone un incremento del 10% en comparaci\u00f3n al mismo periodo de 2014, seg\u00fan inform\u00f3 el director general de Viajeros de la compa\u00f1\u00eda, Ram\u00f3n Azuara. El conjunto de los servicios de AVE y Larga Distancia sumaron un\" \/>\n\t<meta name=\"robots\" content=\"max-image-preview:large\" \/>\n\t<meta name=\"author\" content=\"admin\"\/>\n\t<meta name=\"google-site-verification\" content=\"UA-38556648-1\" \/>\n\t<meta name=\"keywords\" content=\"noticias y actualidad\" \/>\n\t<link rel=\"canonical\" href=\"https:\/\/eldigitaldeasturias.com\/magazine365\/renfe-eleva-un-10-el-numero-de-viajeros-del-ave-en-el-primer-semestre\/\" \/>\n\t<meta name=\"generator\" content=\"All in One SEO Pro (AIOSEO) 4.9.6.1\" \/>\n\t\t<meta property=\"og:locale\" content=\"es_ES\" \/>\n\t\t<meta property=\"og:site_name\" content=\"El Digital de Asturias \u2013 Revista de ocio, turismo y estilo de vida\" \/>\n\t\t<meta property=\"og:type\" content=\"article\" \/>\n\t\t<meta property=\"og:title\" content=\"Renfe eleva un 10% el n\u00famero de viajeros del AVE en el primer semestre | El Digital de Asturias\" \/>\n\t\t<meta property=\"og:description\" content=\"Los trenes AVE de Renfe transportaron 9,5 millones de pasajeros en el primer semestre de este a\u00f1o, lo que supone un incremento del 10% en comparaci\u00f3n al mismo periodo de 2014, seg\u00fan inform\u00f3 el director general de Viajeros de la compa\u00f1\u00eda, Ram\u00f3n Azuara. El conjunto de los servicios de AVE y Larga Distancia sumaron un\" \/>\n\t\t<meta property=\"og:url\" content=\"https:\/\/eldigitaldeasturias.com\/magazine365\/renfe-eleva-un-10-el-numero-de-viajeros-del-ave-en-el-primer-semestre\/\" \/>\n\t\t<meta property=\"og:image\" content=\"https:\/\/eldigitaldeasturias.com\/magazine365\/wp-content\/uploads\/2015\/07\/fotonoticia_20150716121945_800.jpg\" \/>\n\t\t<meta property=\"og:image:secure_url\" content=\"https:\/\/eldigitaldeasturias.com\/magazine365\/wp-content\/uploads\/2015\/07\/fotonoticia_20150716121945_800.jpg\" \/>\n\t\t<meta property=\"og:image:width\" content=\"800\" \/>\n\t\t<meta property=\"og:image:height\" content=\"536\" \/>\n\t\t<meta property=\"article:published_time\" content=\"2015-07-16T11:37:20+00:00\" \/>\n\t\t<meta property=\"article:modified_time\" content=\"2015-07-16T11:37:20+00:00\" \/>\n\t\t<meta name=\"twitter:card\" content=\"summary_large_image\" \/>\n\t\t<meta name=\"twitter:title\" content=\"Renfe eleva un 10% el n\u00famero de viajeros del AVE en el primer semestre | El Digital de Asturias\" \/>\n\t\t<meta name=\"twitter:description\" content=\"Los trenes AVE de Renfe transportaron 9,5 millones de pasajeros en el primer semestre de este a\u00f1o, lo que supone un incremento del 10% en comparaci\u00f3n al mismo periodo de 2014, seg\u00fan inform\u00f3 el director general de Viajeros de la compa\u00f1\u00eda, Ram\u00f3n Azuara. El conjunto de los servicios de AVE y Larga Distancia sumaron un\" \/>\n\t\t<meta name=\"twitter:image\" content=\"https:\/\/eldigitaldeasturias.com\/magazine365\/wp-content\/uploads\/2015\/07\/fotonoticia_20150716121945_800.jpg\" \/>\n\t\t<script type=\"application\/ld+json\" class=\"aioseo-schema\">\n\t\t\t{\"@context\":\"https:\\\/\\\/schema.org\",\"@graph\":[{\"@type\":\"Article\",\"@id\":\"https:\\\/\\\/eldigitaldeasturias.com\\\/magazine365\\\/renfe-eleva-un-10-el-numero-de-viajeros-del-ave-en-el-primer-semestre\\\/#article\",\"name\":\"Renfe eleva un 10% el n\\u00famero de viajeros del AVE en el primer semestre | El Digital de Asturias\",\"headline\":\"Renfe eleva un 10% el n\\u00famero de viajeros del AVE en el primer semestre\",\"author\":{\"@id\":\"https:\\\/\\\/eldigitaldeasturias.com\\\/magazine365\\\/author\\\/admin\\\/#author\"},\"publisher\":{\"@id\":\"https:\\\/\\\/eldigitaldeasturias.com\\\/magazine365\\\/#organization\"},\"image\":{\"@type\":\"ImageObject\",\"url\":\"https:\\\/\\\/eldigitaldeasturias.com\\\/magazine365\\\/wp-content\\\/uploads\\\/2015\\\/07\\\/fotonoticia_20150716121945_800.jpg\",\"width\":800,\"height\":536},\"datePublished\":\"2015-07-16T13:37:20+02:00\",\"dateModified\":\"2015-07-16T13:37:20+02:00\",\"inLanguage\":\"es-ES\",\"mainEntityOfPage\":{\"@id\":\"https:\\\/\\\/eldigitaldeasturias.com\\\/magazine365\\\/renfe-eleva-un-10-el-numero-de-viajeros-del-ave-en-el-primer-semestre\\\/#webpage\"},\"isPartOf\":{\"@id\":\"https:\\\/\\\/eldigitaldeasturias.com\\\/magazine365\\\/renfe-eleva-un-10-el-numero-de-viajeros-del-ave-en-el-primer-semestre\\\/#webpage\"},\"articleSection\":\"Noticias y Actualidad\"},{\"@type\":\"BreadcrumbList\",\"@id\":\"https:\\\/\\\/eldigitaldeasturias.com\\\/magazine365\\\/renfe-eleva-un-10-el-numero-de-viajeros-del-ave-en-el-primer-semestre\\\/#breadcrumblist\",\"itemListElement\":[{\"@type\":\"ListItem\",\"@id\":\"https:\\\/\\\/eldigitaldeasturias.com\\\/magazine365#listItem\",\"position\":1,\"name\":\"Home\",\"item\":\"https:\\\/\\\/eldigitaldeasturias.com\\\/magazine365\",\"nextItem\":{\"@type\":\"ListItem\",\"@id\":\"https:\\\/\\\/eldigitaldeasturias.com\\\/magazine365\\\/category\\\/noticias-actualidad\\\/#listItem\",\"name\":\"Noticias y Actualidad\"}},{\"@type\":\"ListItem\",\"@id\":\"https:\\\/\\\/eldigitaldeasturias.com\\\/magazine365\\\/category\\\/noticias-actualidad\\\/#listItem\",\"position\":2,\"name\":\"Noticias y Actualidad\",\"item\":\"https:\\\/\\\/eldigitaldeasturias.com\\\/magazine365\\\/category\\\/noticias-actualidad\\\/\",\"nextItem\":{\"@type\":\"ListItem\",\"@id\":\"https:\\\/\\\/eldigitaldeasturias.com\\\/magazine365\\\/renfe-eleva-un-10-el-numero-de-viajeros-del-ave-en-el-primer-semestre\\\/#listItem\",\"name\":\"Renfe eleva un 10% el n\\u00famero de viajeros del AVE en el primer semestre\"},\"previousItem\":{\"@type\":\"ListItem\",\"@id\":\"https:\\\/\\\/eldigitaldeasturias.com\\\/magazine365#listItem\",\"name\":\"Home\"}},{\"@type\":\"ListItem\",\"@id\":\"https:\\\/\\\/eldigitaldeasturias.com\\\/magazine365\\\/renfe-eleva-un-10-el-numero-de-viajeros-del-ave-en-el-primer-semestre\\\/#listItem\",\"position\":3,\"name\":\"Renfe eleva un 10% el n\\u00famero de viajeros del AVE en el primer semestre\",\"previousItem\":{\"@type\":\"ListItem\",\"@id\":\"https:\\\/\\\/eldigitaldeasturias.com\\\/magazine365\\\/category\\\/noticias-actualidad\\\/#listItem\",\"name\":\"Noticias y Actualidad\"}}]},{\"@type\":\"Organization\",\"@id\":\"https:\\\/\\\/eldigitaldeasturias.com\\\/magazine365\\\/#organization\",\"name\":\"El digital de Asturias\",\"description\":\"Revista de ocio, turismo y estilo de vida\",\"url\":\"https:\\\/\\\/eldigitaldeasturias.com\\\/magazine365\\\/\",\"logo\":{\"@type\":\"ImageObject\",\"url\":\"https:\\\/\\\/www.eldigitaldeasturias.com\\\/noticias\\\/wp-content\\\/uploads\\\/2020\\\/12\\\/EDA.jpg\",\"@id\":\"https:\\\/\\\/eldigitaldeasturias.com\\\/magazine365\\\/renfe-eleva-un-10-el-numero-de-viajeros-del-ave-en-el-primer-semestre\\\/#organizationLogo\"},\"image\":{\"@id\":\"https:\\\/\\\/eldigitaldeasturias.com\\\/magazine365\\\/renfe-eleva-un-10-el-numero-de-viajeros-del-ave-en-el-primer-semestre\\\/#organizationLogo\"}},{\"@type\":\"Person\",\"@id\":\"https:\\\/\\\/eldigitaldeasturias.com\\\/magazine365\\\/author\\\/admin\\\/#author\",\"url\":\"https:\\\/\\\/eldigitaldeasturias.com\\\/magazine365\\\/author\\\/admin\\\/\",\"name\":\"admin\",\"image\":{\"@type\":\"ImageObject\",\"@id\":\"https:\\\/\\\/eldigitaldeasturias.com\\\/magazine365\\\/renfe-eleva-un-10-el-numero-de-viajeros-del-ave-en-el-primer-semestre\\\/#authorImage\",\"url\":\"https:\\\/\\\/eldigitaldeasturias.com\\\/magazine365\\\/wp-content\\\/litespeed\\\/avatar\\\/e571bcf59a0edd6fa6838245a470f2fe.jpg?ver=1777574230\",\"width\":96,\"height\":96,\"caption\":\"admin\"}},{\"@type\":\"WebPage\",\"@id\":\"https:\\\/\\\/eldigitaldeasturias.com\\\/magazine365\\\/renfe-eleva-un-10-el-numero-de-viajeros-del-ave-en-el-primer-semestre\\\/#webpage\",\"url\":\"https:\\\/\\\/eldigitaldeasturias.com\\\/magazine365\\\/renfe-eleva-un-10-el-numero-de-viajeros-del-ave-en-el-primer-semestre\\\/\",\"name\":\"Renfe eleva un 10% el n\\u00famero de viajeros del AVE en el primer semestre | El Digital de Asturias\",\"description\":\"Los trenes AVE de Renfe transportaron 9,5 millones de pasajeros en el primer semestre de este a\\u00f1o, lo que supone un incremento del 10% en comparaci\\u00f3n al mismo periodo de 2014, seg\\u00fan inform\\u00f3 el director general de Viajeros de la compa\\u00f1\\u00eda, Ram\\u00f3n Azuara. El conjunto de los servicios de AVE y Larga Distancia sumaron un\",\"inLanguage\":\"es-ES\",\"isPartOf\":{\"@id\":\"https:\\\/\\\/eldigitaldeasturias.com\\\/magazine365\\\/#website\"},\"breadcrumb\":{\"@id\":\"https:\\\/\\\/eldigitaldeasturias.com\\\/magazine365\\\/renfe-eleva-un-10-el-numero-de-viajeros-del-ave-en-el-primer-semestre\\\/#breadcrumblist\"},\"author\":{\"@id\":\"https:\\\/\\\/eldigitaldeasturias.com\\\/magazine365\\\/author\\\/admin\\\/#author\"},\"creator\":{\"@id\":\"https:\\\/\\\/eldigitaldeasturias.com\\\/magazine365\\\/author\\\/admin\\\/#author\"},\"image\":{\"@type\":\"ImageObject\",\"url\":\"https:\\\/\\\/eldigitaldeasturias.com\\\/magazine365\\\/wp-content\\\/uploads\\\/2015\\\/07\\\/fotonoticia_20150716121945_800.jpg\",\"@id\":\"https:\\\/\\\/eldigitaldeasturias.com\\\/magazine365\\\/renfe-eleva-un-10-el-numero-de-viajeros-del-ave-en-el-primer-semestre\\\/#mainImage\",\"width\":800,\"height\":536},\"primaryImageOfPage\":{\"@id\":\"https:\\\/\\\/eldigitaldeasturias.com\\\/magazine365\\\/renfe-eleva-un-10-el-numero-de-viajeros-del-ave-en-el-primer-semestre\\\/#mainImage\"},\"datePublished\":\"2015-07-16T13:37:20+02:00\",\"dateModified\":\"2015-07-16T13:37:20+02:00\"},{\"@type\":\"WebSite\",\"@id\":\"https:\\\/\\\/eldigitaldeasturias.com\\\/magazine365\\\/#website\",\"url\":\"https:\\\/\\\/eldigitaldeasturias.com\\\/magazine365\\\/\",\"name\":\"El Digital de Asturias\",\"description\":\"Revista de ocio, turismo y estilo de vida\",\"inLanguage\":\"es-ES\",\"publisher\":{\"@id\":\"https:\\\/\\\/eldigitaldeasturias.com\\\/magazine365\\\/#organization\"}}]}\n\t\t<\/script>\n\t\t<!-- All in One SEO Pro -->\r\n\t\t<title>Renfe eleva un 10% el n\u00famero de viajeros del AVE en el primer semestre | El Digital de Asturias<\/title>\n\n","aioseo_head_json":{"title":"Renfe eleva un 10% el n\u00famero de viajeros del AVE en el primer semestre | El Digital de Asturias","description":"Los trenes AVE de Renfe transportaron 9,5 millones de pasajeros en el primer semestre de este a\u00f1o, lo que supone un incremento del 10% en comparaci\u00f3n al mismo periodo de 2014, seg\u00fan inform\u00f3 el director general de Viajeros de la compa\u00f1\u00eda, Ram\u00f3n Azuara. El conjunto de los servicios de AVE y Larga Distancia sumaron un","canonical_url":"https:\/\/eldigitaldeasturias.com\/magazine365\/renfe-eleva-un-10-el-numero-de-viajeros-del-ave-en-el-primer-semestre\/","robots":"max-image-preview:large","keywords":"noticias y actualidad","webmasterTools":{"google-site-verification":"UA-38556648-1","miscellaneous":""},"schema":{"@context":"https:\/\/schema.org","@graph":[{"@type":"Article","@id":"https:\/\/eldigitaldeasturias.com\/magazine365\/renfe-eleva-un-10-el-numero-de-viajeros-del-ave-en-el-primer-semestre\/#article","name":"Renfe eleva un 10% el n\u00famero de viajeros del AVE en el primer semestre | El Digital de Asturias","headline":"Renfe eleva un 10% el n\u00famero de viajeros del AVE en el primer semestre","author":{"@id":"https:\/\/eldigitaldeasturias.com\/magazine365\/author\/admin\/#author"},"publisher":{"@id":"https:\/\/eldigitaldeasturias.com\/magazine365\/#organization"},"image":{"@type":"ImageObject","url":"https:\/\/eldigitaldeasturias.com\/magazine365\/wp-content\/uploads\/2015\/07\/fotonoticia_20150716121945_800.jpg","width":800,"height":536},"datePublished":"2015-07-16T13:37:20+02:00","dateModified":"2015-07-16T13:37:20+02:00","inLanguage":"es-ES","mainEntityOfPage":{"@id":"https:\/\/eldigitaldeasturias.com\/magazine365\/renfe-eleva-un-10-el-numero-de-viajeros-del-ave-en-el-primer-semestre\/#webpage"},"isPartOf":{"@id":"https:\/\/eldigitaldeasturias.com\/magazine365\/renfe-eleva-un-10-el-numero-de-viajeros-del-ave-en-el-primer-semestre\/#webpage"},"articleSection":"Noticias y Actualidad"},{"@type":"BreadcrumbList","@id":"https:\/\/eldigitaldeasturias.com\/magazine365\/renfe-eleva-un-10-el-numero-de-viajeros-del-ave-en-el-primer-semestre\/#breadcrumblist","itemListElement":[{"@type":"ListItem","@id":"https:\/\/eldigitaldeasturias.com\/magazine365#listItem","position":1,"name":"Home","item":"https:\/\/eldigitaldeasturias.com\/magazine365","nextItem":{"@type":"ListItem","@id":"https:\/\/eldigitaldeasturias.com\/magazine365\/category\/noticias-actualidad\/#listItem","name":"Noticias y Actualidad"}},{"@type":"ListItem","@id":"https:\/\/eldigitaldeasturias.com\/magazine365\/category\/noticias-actualidad\/#listItem","position":2,"name":"Noticias y Actualidad","item":"https:\/\/eldigitaldeasturias.com\/magazine365\/category\/noticias-actualidad\/","nextItem":{"@type":"ListItem","@id":"https:\/\/eldigitaldeasturias.com\/magazine365\/renfe-eleva-un-10-el-numero-de-viajeros-del-ave-en-el-primer-semestre\/#listItem","name":"Renfe eleva un 10% el n\u00famero de viajeros del AVE en el primer semestre"},"previousItem":{"@type":"ListItem","@id":"https:\/\/eldigitaldeasturias.com\/magazine365#listItem","name":"Home"}},{"@type":"ListItem","@id":"https:\/\/eldigitaldeasturias.com\/magazine365\/renfe-eleva-un-10-el-numero-de-viajeros-del-ave-en-el-primer-semestre\/#listItem","position":3,"name":"Renfe eleva un 10% el n\u00famero de viajeros del AVE en el primer semestre","previousItem":{"@type":"ListItem","@id":"https:\/\/eldigitaldeasturias.com\/magazine365\/category\/noticias-actualidad\/#listItem","name":"Noticias y Actualidad"}}]},{"@type":"Organization","@id":"https:\/\/eldigitaldeasturias.com\/magazine365\/#organization","name":"El digital de Asturias","description":"Revista de ocio, turismo y estilo de vida","url":"https:\/\/eldigitaldeasturias.com\/magazine365\/","logo":{"@type":"ImageObject","url":"https:\/\/www.eldigitaldeasturias.com\/noticias\/wp-content\/uploads\/2020\/12\/EDA.jpg","@id":"https:\/\/eldigitaldeasturias.com\/magazine365\/renfe-eleva-un-10-el-numero-de-viajeros-del-ave-en-el-primer-semestre\/#organizationLogo"},"image":{"@id":"https:\/\/eldigitaldeasturias.com\/magazine365\/renfe-eleva-un-10-el-numero-de-viajeros-del-ave-en-el-primer-semestre\/#organizationLogo"}},{"@type":"Person","@id":"https:\/\/eldigitaldeasturias.com\/magazine365\/author\/admin\/#author","url":"https:\/\/eldigitaldeasturias.com\/magazine365\/author\/admin\/","name":"admin","image":{"@type":"ImageObject","@id":"https:\/\/eldigitaldeasturias.com\/magazine365\/renfe-eleva-un-10-el-numero-de-viajeros-del-ave-en-el-primer-semestre\/#authorImage","url":"https:\/\/eldigitaldeasturias.com\/magazine365\/wp-content\/litespeed\/avatar\/e571bcf59a0edd6fa6838245a470f2fe.jpg?ver=1777574230","width":96,"height":96,"caption":"admin"}},{"@type":"WebPage","@id":"https:\/\/eldigitaldeasturias.com\/magazine365\/renfe-eleva-un-10-el-numero-de-viajeros-del-ave-en-el-primer-semestre\/#webpage","url":"https:\/\/eldigitaldeasturias.com\/magazine365\/renfe-eleva-un-10-el-numero-de-viajeros-del-ave-en-el-primer-semestre\/","name":"Renfe eleva un 10% el n\u00famero de viajeros del AVE en el primer semestre | El Digital de Asturias","description":"Los trenes AVE de Renfe transportaron 9,5 millones de pasajeros en el primer semestre de este a\u00f1o, lo que supone un incremento del 10% en comparaci\u00f3n al mismo periodo de 2014, seg\u00fan inform\u00f3 el director general de Viajeros de la compa\u00f1\u00eda, Ram\u00f3n Azuara. El conjunto de los servicios de AVE y Larga Distancia sumaron un","inLanguage":"es-ES","isPartOf":{"@id":"https:\/\/eldigitaldeasturias.com\/magazine365\/#website"},"breadcrumb":{"@id":"https:\/\/eldigitaldeasturias.com\/magazine365\/renfe-eleva-un-10-el-numero-de-viajeros-del-ave-en-el-primer-semestre\/#breadcrumblist"},"author":{"@id":"https:\/\/eldigitaldeasturias.com\/magazine365\/author\/admin\/#author"},"creator":{"@id":"https:\/\/eldigitaldeasturias.com\/magazine365\/author\/admin\/#author"},"image":{"@type":"ImageObject","url":"https:\/\/eldigitaldeasturias.com\/magazine365\/wp-content\/uploads\/2015\/07\/fotonoticia_20150716121945_800.jpg","@id":"https:\/\/eldigitaldeasturias.com\/magazine365\/renfe-eleva-un-10-el-numero-de-viajeros-del-ave-en-el-primer-semestre\/#mainImage","width":800,"height":536},"primaryImageOfPage":{"@id":"https:\/\/eldigitaldeasturias.com\/magazine365\/renfe-eleva-un-10-el-numero-de-viajeros-del-ave-en-el-primer-semestre\/#mainImage"},"datePublished":"2015-07-16T13:37:20+02:00","dateModified":"2015-07-16T13:37:20+02:00"},{"@type":"WebSite","@id":"https:\/\/eldigitaldeasturias.com\/magazine365\/#website","url":"https:\/\/eldigitaldeasturias.com\/magazine365\/","name":"El Digital de Asturias","description":"Revista de ocio, turismo y estilo de vida","inLanguage":"es-ES","publisher":{"@id":"https:\/\/eldigitaldeasturias.com\/magazine365\/#organization"}}]},"og:locale":"es_ES","og:site_name":"El Digital de Asturias \u2013 Revista de ocio, turismo y estilo de vida","og:type":"article","og:title":"Renfe eleva un 10% el n\u00famero de viajeros del AVE en el primer semestre | El Digital de Asturias","og:description":"Los trenes AVE de Renfe transportaron 9,5 millones de pasajeros en el primer semestre de este a\u00f1o, lo que supone un incremento del 10% en comparaci\u00f3n al mismo periodo de 2014, seg\u00fan inform\u00f3 el director general de Viajeros de la compa\u00f1\u00eda, Ram\u00f3n Azuara. El conjunto de los servicios de AVE y Larga Distancia sumaron un","og:url":"https:\/\/eldigitaldeasturias.com\/magazine365\/renfe-eleva-un-10-el-numero-de-viajeros-del-ave-en-el-primer-semestre\/","og:image":"https:\/\/eldigitaldeasturias.com\/magazine365\/wp-content\/uploads\/2015\/07\/fotonoticia_20150716121945_800.jpg","og:image:secure_url":"https:\/\/eldigitaldeasturias.com\/magazine365\/wp-content\/uploads\/2015\/07\/fotonoticia_20150716121945_800.jpg","og:image:width":800,"og:image:height":536,"article:published_time":"2015-07-16T11:37:20+00:00","article:modified_time":"2015-07-16T11:37:20+00:00","twitter:card":"summary_large_image","twitter:title":"Renfe eleva un 10% el n\u00famero de viajeros del AVE en el primer semestre | El Digital de Asturias","twitter:description":"Los trenes AVE de Renfe transportaron 9,5 millones de pasajeros en el primer semestre de este a\u00f1o, lo que supone un incremento del 10% en comparaci\u00f3n al mismo periodo de 2014, seg\u00fan inform\u00f3 el director general de Viajeros de la compa\u00f1\u00eda, Ram\u00f3n Azuara. El conjunto de los servicios de AVE y Larga Distancia sumaron un","twitter:image":"https:\/\/eldigitaldeasturias.com\/magazine365\/wp-content\/uploads\/2015\/07\/fotonoticia_20150716121945_800.jpg"},"aioseo_meta_data":{"post_id":"42866","title":null,"description":null,"keywords":null,"keyphrases":null,"primary_term":null,"canonical_url":null,"og_title":null,"og_description":null,"og_object_type":"default","og_image_type":"default","og_image_url":null,"og_image_width":null,"og_image_height":null,"og_image_custom_url":null,"og_image_custom_fields":null,"og_video":null,"og_custom_url":null,"og_article_section":null,"og_article_tags":null,"twitter_use_og":false,"twitter_card":"default","twitter_image_type":"default","twitter_image_url":null,"twitter_image_custom_url":null,"twitter_image_custom_fields":null,"twitter_title":null,"twitter_description":null,"schema":{"blockGraphs":[],"customGraphs":[],"default":{"data":{"Article":[],"Course":[],"Dataset":[],"FAQPage":[],"Movie":[],"Person":[],"Product":[],"ProductReview":[],"Car":[],"Recipe":[],"Service":[],"SoftwareApplication":[],"WebPage":[]},"graphName":"","isEnabled":true},"graphs":[],"defaultGraph":"","defaultPostTypeGraph":""},"schema_type":null,"schema_type_options":null,"pillar_content":false,"robots_default":true,"robots_noindex":false,"robots_noarchive":false,"robots_nosnippet":false,"robots_nofollow":false,"robots_noimageindex":false,"robots_noodp":false,"robots_notranslate":false,"robots_max_snippet":null,"robots_max_videopreview":null,"robots_max_imagepreview":"large","priority":null,"frequency":null,"location":null,"local_seo":null,"seo_analyzer_scan_date":"2025-09-19 18:39:34","breadcrumb_settings":null,"limit_modified_date":false,"open_ai":null,"ai":null,"created":"2021-03-09 01:54:39","updated":"2025-09-19 18:39:34"},"aioseo_breadcrumb":"<div class=\"aioseo-breadcrumbs\"><span class=\"aioseo-breadcrumb\">\n\t<a href=\"https:\/\/eldigitaldeasturias.com\/magazine365\" title=\"Home\">Home<\/a>\n<\/span><span class=\"aioseo-breadcrumb-separator\">\u2013<\/span><span class=\"aioseo-breadcrumb\">\n\t<a href=\"https:\/\/eldigitaldeasturias.com\/magazine365\/category\/noticias-actualidad\/\" title=\"Noticias y Actualidad\">Noticias y Actualidad<\/a>\n<\/span><span class=\"aioseo-breadcrumb-separator\">\u2013<\/span><span class=\"aioseo-breadcrumb\">\n\t<a href=\"https:\/\/eldigitaldeasturias.com\/magazine365\/renfe-eleva-un-10-el-numero-de-viajeros-del-ave-en-el-primer-semestre\/\" title=\"Renfe eleva un 10% el n\u00famero de viajeros del AVE en el primer semestre\">Renfe eleva un 10% el n\u00famero de viajeros del AVE en el primer semestre<\/a>\n<\/span><\/div>","aioseo_breadcrumb_json":[{"label":"Home","link":"https:\/\/eldigitaldeasturias.com\/magazine365"},{"label":"Noticias y Actualidad","link":"https:\/\/eldigitaldeasturias.com\/magazine365\/category\/noticias-actualidad\/"},{"label":"Renfe eleva un 10% el n\u00famero de viajeros del AVE en el primer semestre","link":"https:\/\/eldigitaldeasturias.com\/magazine365\/renfe-eleva-un-10-el-numero-de-viajeros-del-ave-en-el-primer-semestre\/"}],"_links":{"self":[{"href":"https:\/\/eldigitaldeasturias.com\/magazine365\/wp-json\/wp\/v2\/posts\/42866","targetHints":{"allow":["GET"]}}],"collection":[{"href":"https:\/\/eldigitaldeasturias.com\/magazine365\/wp-json\/wp\/v2\/posts"}],"about":[{"href":"https:\/\/eldigitaldeasturias.com\/magazine365\/wp-json\/wp\/v2\/types\/post"}],"author":[{"embeddable":true,"href":"https:\/\/eldigitaldeasturias.com\/magazine365\/wp-json\/wp\/v2\/users\/1"}],"replies":[{"embeddable":true,"href":"https:\/\/eldigitaldeasturias.com\/magazine365\/wp-json\/wp\/v2\/comments?post=42866"}],"version-history":[{"count":0,"href":"https:\/\/eldigitaldeasturias.com\/magazine365\/wp-json\/wp\/v2\/posts\/42866\/revisions"}],"wp:featuredmedia":[{"embeddable":true,"href":"https:\/\/eldigitaldeasturias.com\/magazine365\/wp-json\/wp\/v2\/media\/42867"}],"wp:attachment":[{"href":"https:\/\/eldigitaldeasturias.com\/magazine365\/wp-json\/wp\/v2\/media?parent=42866"}],"wp:term":[{"taxonomy":"category","embeddable":true,"href":"https:\/\/eldigitaldeasturias.com\/magazine365\/wp-json\/wp\/v2\/categories?post=42866"},{"taxonomy":"post_tag","embeddable":true,"href":"https:\/\/eldigitaldeasturias.com\/magazine365\/wp-json\/wp\/v2\/tags?post=42866"}],"curies":[{"name":"wp","href":"https:\/\/api.w.org\/{rel}","templated":true}]}}