{"id":42860,"date":"2015-07-16T13:33:28","date_gmt":"2015-07-16T11:33:28","guid":{"rendered":"http:\/\/eldigitaldeasturias.com\/magazine365\/?p=42860"},"modified":"2015-07-16T13:33:28","modified_gmt":"2015-07-16T11:33:28","slug":"el-proyecto-oscarontheway-promocionara-los-productos-del-camino-de-santiago","status":"publish","type":"post","link":"https:\/\/eldigitaldeasturias.com\/magazine365\/el-proyecto-oscarontheway-promocionara-los-productos-del-camino-de-santiago\/","title":{"rendered":"El proyecto #OscarOnTheWay promocionar\u00e1 los productos del Camino de Santiago"},"content":{"rendered":"<p><img fetchpriority=\"high\" decoding=\"async\" class=\"alignleft size-medium wp-image-42861\" src=\"https:\/\/eldigitaldeasturias.com\/magazine365\/wp-content\/uploads\/2015\/07\/fotonoticia_20150716114127_800-360x270.jpg\" alt=\"fotonoticia_20150716114127_800\" width=\"360\" height=\"270\" srcset=\"https:\/\/eldigitaldeasturias.com\/magazine365\/wp-content\/uploads\/2015\/07\/fotonoticia_20150716114127_800-360x270.jpg 360w, https:\/\/eldigitaldeasturias.com\/magazine365\/wp-content\/uploads\/2015\/07\/fotonoticia_20150716114127_800-650x488.jpg 650w, https:\/\/eldigitaldeasturias.com\/magazine365\/wp-content\/uploads\/2015\/07\/fotonoticia_20150716114127_800-768x576.jpg 768w, https:\/\/eldigitaldeasturias.com\/magazine365\/wp-content\/uploads\/2015\/07\/fotonoticia_20150716114127_800-150x113.jpg 150w, https:\/\/eldigitaldeasturias.com\/magazine365\/wp-content\/uploads\/2015\/07\/fotonoticia_20150716114127_800-450x338.jpg 450w, https:\/\/eldigitaldeasturias.com\/magazine365\/wp-content\/uploads\/2015\/07\/fotonoticia_20150716114127_800-80x60.jpg 80w, https:\/\/eldigitaldeasturias.com\/magazine365\/wp-content\/uploads\/2015\/07\/fotonoticia_20150716114127_800-265x198.jpg 265w, https:\/\/eldigitaldeasturias.com\/magazine365\/wp-content\/uploads\/2015\/07\/fotonoticia_20150716114127_800-696x522.jpg 696w, https:\/\/eldigitaldeasturias.com\/magazine365\/wp-content\/uploads\/2015\/07\/fotonoticia_20150716114127_800-560x420.jpg 560w, https:\/\/eldigitaldeasturias.com\/magazine365\/wp-content\/uploads\/2015\/07\/fotonoticia_20150716114127_800-90x67.jpg 90w, https:\/\/eldigitaldeasturias.com\/magazine365\/wp-content\/uploads\/2015\/07\/fotonoticia_20150716114127_800-100x75.jpg 100w, https:\/\/eldigitaldeasturias.com\/magazine365\/wp-content\/uploads\/2015\/07\/fotonoticia_20150716114127_800.jpg 800w\" sizes=\"(max-width: 360px) 100vw, 360px\" \/>El barista compostelano Oscar de Toro iniciar\u00e1 el pr\u00f3ximo domingo, d\u00eda 19 de julio, el proyecto #OscarOnTheWay a trav\u00e9s del que recorrer\u00e1 los tramos gallegos del Camino de Santiago para promocionar sus productos y reivindicar la Ruta Jacobea como lugar de \u00abreflexi\u00f3n\u00bb y \u00abencuentro\u00bb.<\/p>\n<p>\u00abEl Camino, al lado del sufrimiento, tambi\u00e9n es una oportunidad de disfrutar de los buenos momentos, del paisaje, de los compa\u00f1eros y de los productos que se pueden encontrar\u00bb, ha explicado este jueves Oscar de Toro durante la presentaci\u00f3n de la iniciativa en Santiago.<\/p>\n<p>De este modo, durante su recorrido, que comenzar\u00e1 el domingo en O Cebreiro, el barista fomentar\u00e1 el conocimiento de las empresas del sector primario gallego como \u00abelemento diferenciador\u00bb. Por ello, esta acci\u00f3n se erige en \u00abmuestra\u00bb de la \u00abcolaboraci\u00f3n y cooperaci\u00f3n\u00bb del tejido empresarial gallego con \u00abuno de los grandes acontecimientos de la historia de Galicia, el Camino\u00bb.<\/p>\n<p>En la iniciativa jugar\u00e1n un papel fundamental los propios peregrinos y las redes sociales. As\u00ed, durante los siete d\u00edas de recorrido, la comunicaci\u00f3n y difusi\u00f3n de lo que en ella suceda tendr\u00e1 su reflejo continuado en Internet.<\/p>\n<p>DIFUSI\u00d3N EN INTERNET<\/p>\n<p>En concreto, en cada una de las etapas se realizar\u00e1n diariamente dos conexiones en directo, que se podr\u00e1n ver a trav\u00e9s de Youtube, desde lugares emblem\u00e1ticos y localidades importantes y representativas de la Ruta Jacobea. Asimismo, a lo largo de cada jornada, diferentes piezas gr\u00e1ficas mostrar\u00e1n la interacci\u00f3n de Oscar de Toro con los caminantes y los productos de las empresas colaboradoras.<\/p>\n<p>El seguimiento de las acciones se podr\u00e1 realizar desde los canales 2.0 de Galicia Calidade (Youtube, Facebook, Twitter) y, desde all\u00ed, se podr\u00e1n difundir y compartir. Adem\u00e1s, se pondr\u00e1n en marcha dos concursos, uno de fotograf\u00eda del Camino a trav\u00e9s de Instragram y otro en Facebook.<\/p>\n<p>El proyecto, en cuya presentaci\u00f3n ha estado presente el director de Galicia Calidade, Alfonso Cabaleiro, finalizar\u00e1 el 25 de julio en el Hostal dos Reis Cat\u00f3licos. Entre otras empresas, apoyan la iniciativa Estrella Galicia, Cabreiro\u00e1, Caf\u00e9s Candelas o Conversas Luis Escur\u00eds.<\/p>\n","protected":false},"excerpt":{"rendered":"<p>El barista compostelano Oscar de Toro iniciar\u00e1 el pr\u00f3ximo domingo, d\u00eda 19 de julio, el proyecto #OscarOnTheWay a trav\u00e9s del que recorrer\u00e1 los tramos gallegos del Camino de Santiago para promocionar sus productos y reivindicar la Ruta Jacobea como lugar de \u00abreflexi\u00f3n\u00bb y \u00abencuentro\u00bb. \u00abEl Camino, al lado del sufrimiento, tambi\u00e9n es una oportunidad de<\/p>\n","protected":false},"author":1,"featured_media":42861,"comment_status":"open","ping_status":"closed","sticky":false,"template":"","format":"standard","meta":{"footnotes":""},"categories":[222],"tags":[],"class_list":{"0":"post-42860","1":"post","2":"type-post","3":"status-publish","4":"format-standard","5":"has-post-thumbnail","7":"category-actualidad-turismo"},"aioseo_notices":[],"aioseo_head":"\n\t\t<!-- All in One SEO Pro 4.9.6.1 - aioseo.com -->\n\t<meta name=\"description\" content=\"El barista compostelano Oscar de Toro iniciar\u00e1 el pr\u00f3ximo domingo, d\u00eda 19 de julio, el proyecto #OscarOnTheWay a trav\u00e9s del que recorrer\u00e1 los tramos gallegos del Camino de Santiago para promocionar sus productos y reivindicar la Ruta Jacobea como lugar de &quot;reflexi\u00f3n&quot; y &quot;encuentro&quot;. &quot;El Camino, al lado del sufrimiento, tambi\u00e9n es una oportunidad de\" \/>\n\t<meta name=\"robots\" content=\"max-image-preview:large\" \/>\n\t<meta name=\"author\" content=\"admin\"\/>\n\t<meta name=\"google-site-verification\" content=\"UA-38556648-1\" \/>\n\t<meta name=\"keywords\" content=\"actualidad turismo\" \/>\n\t<link rel=\"canonical\" href=\"https:\/\/eldigitaldeasturias.com\/magazine365\/el-proyecto-oscarontheway-promocionara-los-productos-del-camino-de-santiago\/\" \/>\n\t<meta name=\"generator\" content=\"All in One SEO Pro (AIOSEO) 4.9.6.1\" \/>\n\t\t<meta property=\"og:locale\" content=\"es_ES\" \/>\n\t\t<meta property=\"og:site_name\" content=\"El Digital de Asturias \u2013 Revista de ocio, turismo y estilo de vida\" \/>\n\t\t<meta property=\"og:type\" content=\"article\" \/>\n\t\t<meta property=\"og:title\" content=\"El proyecto #OscarOnTheWay promocionar\u00e1 los productos del Camino de Santiago | El Digital de Asturias\" \/>\n\t\t<meta property=\"og:description\" content=\"El barista compostelano Oscar de Toro iniciar\u00e1 el pr\u00f3ximo domingo, d\u00eda 19 de julio, el proyecto #OscarOnTheWay a trav\u00e9s del que recorrer\u00e1 los tramos gallegos del Camino de Santiago para promocionar sus productos y reivindicar la Ruta Jacobea como lugar de &quot;reflexi\u00f3n&quot; y &quot;encuentro&quot;. &quot;El Camino, al lado del sufrimiento, tambi\u00e9n es una oportunidad de\" \/>\n\t\t<meta property=\"og:url\" content=\"https:\/\/eldigitaldeasturias.com\/magazine365\/el-proyecto-oscarontheway-promocionara-los-productos-del-camino-de-santiago\/\" \/>\n\t\t<meta property=\"og:image\" content=\"https:\/\/eldigitaldeasturias.com\/magazine365\/wp-content\/uploads\/2015\/07\/fotonoticia_20150716114127_800.jpg\" \/>\n\t\t<meta property=\"og:image:secure_url\" content=\"https:\/\/eldigitaldeasturias.com\/magazine365\/wp-content\/uploads\/2015\/07\/fotonoticia_20150716114127_800.jpg\" \/>\n\t\t<meta property=\"og:image:width\" content=\"800\" \/>\n\t\t<meta property=\"og:image:height\" content=\"600\" \/>\n\t\t<meta property=\"article:published_time\" content=\"2015-07-16T11:33:28+00:00\" \/>\n\t\t<meta property=\"article:modified_time\" content=\"2015-07-16T11:33:28+00:00\" \/>\n\t\t<meta name=\"twitter:card\" content=\"summary_large_image\" \/>\n\t\t<meta name=\"twitter:title\" content=\"El proyecto #OscarOnTheWay promocionar\u00e1 los productos del Camino de Santiago | El Digital de Asturias\" \/>\n\t\t<meta name=\"twitter:description\" content=\"El barista compostelano Oscar de Toro iniciar\u00e1 el pr\u00f3ximo domingo, d\u00eda 19 de julio, el proyecto #OscarOnTheWay a trav\u00e9s del que recorrer\u00e1 los tramos gallegos del Camino de Santiago para promocionar sus productos y reivindicar la Ruta Jacobea como lugar de &quot;reflexi\u00f3n&quot; y &quot;encuentro&quot;. &quot;El Camino, al lado del sufrimiento, tambi\u00e9n es una oportunidad de\" \/>\n\t\t<meta name=\"twitter:image\" content=\"https:\/\/eldigitaldeasturias.com\/magazine365\/wp-content\/uploads\/2015\/07\/fotonoticia_20150716114127_800.jpg\" \/>\n\t\t<script type=\"application\/ld+json\" class=\"aioseo-schema\">\n\t\t\t{\"@context\":\"https:\\\/\\\/schema.org\",\"@graph\":[{\"@type\":\"Article\",\"@id\":\"https:\\\/\\\/eldigitaldeasturias.com\\\/magazine365\\\/el-proyecto-oscarontheway-promocionara-los-productos-del-camino-de-santiago\\\/#article\",\"name\":\"El proyecto #OscarOnTheWay promocionar\\u00e1 los productos del Camino de Santiago | El Digital de Asturias\",\"headline\":\"El proyecto #OscarOnTheWay promocionar\\u00e1 los productos del Camino de Santiago\",\"author\":{\"@id\":\"https:\\\/\\\/eldigitaldeasturias.com\\\/magazine365\\\/author\\\/admin\\\/#author\"},\"publisher\":{\"@id\":\"https:\\\/\\\/eldigitaldeasturias.com\\\/magazine365\\\/#organization\"},\"image\":{\"@type\":\"ImageObject\",\"url\":\"https:\\\/\\\/eldigitaldeasturias.com\\\/magazine365\\\/wp-content\\\/uploads\\\/2015\\\/07\\\/fotonoticia_20150716114127_800.jpg\",\"width\":800,\"height\":600},\"datePublished\":\"2015-07-16T13:33:28+02:00\",\"dateModified\":\"2015-07-16T13:33:28+02:00\",\"inLanguage\":\"es-ES\",\"mainEntityOfPage\":{\"@id\":\"https:\\\/\\\/eldigitaldeasturias.com\\\/magazine365\\\/el-proyecto-oscarontheway-promocionara-los-productos-del-camino-de-santiago\\\/#webpage\"},\"isPartOf\":{\"@id\":\"https:\\\/\\\/eldigitaldeasturias.com\\\/magazine365\\\/el-proyecto-oscarontheway-promocionara-los-productos-del-camino-de-santiago\\\/#webpage\"},\"articleSection\":\"Actualidad Turismo\"},{\"@type\":\"BreadcrumbList\",\"@id\":\"https:\\\/\\\/eldigitaldeasturias.com\\\/magazine365\\\/el-proyecto-oscarontheway-promocionara-los-productos-del-camino-de-santiago\\\/#breadcrumblist\",\"itemListElement\":[{\"@type\":\"ListItem\",\"@id\":\"https:\\\/\\\/eldigitaldeasturias.com\\\/magazine365#listItem\",\"position\":1,\"name\":\"Home\",\"item\":\"https:\\\/\\\/eldigitaldeasturias.com\\\/magazine365\",\"nextItem\":{\"@type\":\"ListItem\",\"@id\":\"https:\\\/\\\/eldigitaldeasturias.com\\\/magazine365\\\/category\\\/actualidad-turismo\\\/#listItem\",\"name\":\"Actualidad Turismo\"}},{\"@type\":\"ListItem\",\"@id\":\"https:\\\/\\\/eldigitaldeasturias.com\\\/magazine365\\\/category\\\/actualidad-turismo\\\/#listItem\",\"position\":2,\"name\":\"Actualidad Turismo\",\"item\":\"https:\\\/\\\/eldigitaldeasturias.com\\\/magazine365\\\/category\\\/actualidad-turismo\\\/\",\"nextItem\":{\"@type\":\"ListItem\",\"@id\":\"https:\\\/\\\/eldigitaldeasturias.com\\\/magazine365\\\/el-proyecto-oscarontheway-promocionara-los-productos-del-camino-de-santiago\\\/#listItem\",\"name\":\"El proyecto #OscarOnTheWay promocionar\\u00e1 los productos del Camino de Santiago\"},\"previousItem\":{\"@type\":\"ListItem\",\"@id\":\"https:\\\/\\\/eldigitaldeasturias.com\\\/magazine365#listItem\",\"name\":\"Home\"}},{\"@type\":\"ListItem\",\"@id\":\"https:\\\/\\\/eldigitaldeasturias.com\\\/magazine365\\\/el-proyecto-oscarontheway-promocionara-los-productos-del-camino-de-santiago\\\/#listItem\",\"position\":3,\"name\":\"El proyecto #OscarOnTheWay promocionar\\u00e1 los productos del Camino de Santiago\",\"previousItem\":{\"@type\":\"ListItem\",\"@id\":\"https:\\\/\\\/eldigitaldeasturias.com\\\/magazine365\\\/category\\\/actualidad-turismo\\\/#listItem\",\"name\":\"Actualidad Turismo\"}}]},{\"@type\":\"Organization\",\"@id\":\"https:\\\/\\\/eldigitaldeasturias.com\\\/magazine365\\\/#organization\",\"name\":\"El digital de Asturias\",\"description\":\"Revista de ocio, turismo y estilo de vida\",\"url\":\"https:\\\/\\\/eldigitaldeasturias.com\\\/magazine365\\\/\",\"logo\":{\"@type\":\"ImageObject\",\"url\":\"https:\\\/\\\/www.eldigitaldeasturias.com\\\/noticias\\\/wp-content\\\/uploads\\\/2020\\\/12\\\/EDA.jpg\",\"@id\":\"https:\\\/\\\/eldigitaldeasturias.com\\\/magazine365\\\/el-proyecto-oscarontheway-promocionara-los-productos-del-camino-de-santiago\\\/#organizationLogo\"},\"image\":{\"@id\":\"https:\\\/\\\/eldigitaldeasturias.com\\\/magazine365\\\/el-proyecto-oscarontheway-promocionara-los-productos-del-camino-de-santiago\\\/#organizationLogo\"}},{\"@type\":\"Person\",\"@id\":\"https:\\\/\\\/eldigitaldeasturias.com\\\/magazine365\\\/author\\\/admin\\\/#author\",\"url\":\"https:\\\/\\\/eldigitaldeasturias.com\\\/magazine365\\\/author\\\/admin\\\/\",\"name\":\"admin\",\"image\":{\"@type\":\"ImageObject\",\"@id\":\"https:\\\/\\\/eldigitaldeasturias.com\\\/magazine365\\\/el-proyecto-oscarontheway-promocionara-los-productos-del-camino-de-santiago\\\/#authorImage\",\"url\":\"https:\\\/\\\/eldigitaldeasturias.com\\\/magazine365\\\/wp-content\\\/litespeed\\\/avatar\\\/e571bcf59a0edd6fa6838245a470f2fe.jpg?ver=1777574230\",\"width\":96,\"height\":96,\"caption\":\"admin\"}},{\"@type\":\"WebPage\",\"@id\":\"https:\\\/\\\/eldigitaldeasturias.com\\\/magazine365\\\/el-proyecto-oscarontheway-promocionara-los-productos-del-camino-de-santiago\\\/#webpage\",\"url\":\"https:\\\/\\\/eldigitaldeasturias.com\\\/magazine365\\\/el-proyecto-oscarontheway-promocionara-los-productos-del-camino-de-santiago\\\/\",\"name\":\"El proyecto #OscarOnTheWay promocionar\\u00e1 los productos del Camino de Santiago | El Digital de Asturias\",\"description\":\"El barista compostelano Oscar de Toro iniciar\\u00e1 el pr\\u00f3ximo domingo, d\\u00eda 19 de julio, el proyecto #OscarOnTheWay a trav\\u00e9s del que recorrer\\u00e1 los tramos gallegos del Camino de Santiago para promocionar sus productos y reivindicar la Ruta Jacobea como lugar de \\\"reflexi\\u00f3n\\\" y \\\"encuentro\\\". \\\"El Camino, al lado del sufrimiento, tambi\\u00e9n es una oportunidad de\",\"inLanguage\":\"es-ES\",\"isPartOf\":{\"@id\":\"https:\\\/\\\/eldigitaldeasturias.com\\\/magazine365\\\/#website\"},\"breadcrumb\":{\"@id\":\"https:\\\/\\\/eldigitaldeasturias.com\\\/magazine365\\\/el-proyecto-oscarontheway-promocionara-los-productos-del-camino-de-santiago\\\/#breadcrumblist\"},\"author\":{\"@id\":\"https:\\\/\\\/eldigitaldeasturias.com\\\/magazine365\\\/author\\\/admin\\\/#author\"},\"creator\":{\"@id\":\"https:\\\/\\\/eldigitaldeasturias.com\\\/magazine365\\\/author\\\/admin\\\/#author\"},\"image\":{\"@type\":\"ImageObject\",\"url\":\"https:\\\/\\\/eldigitaldeasturias.com\\\/magazine365\\\/wp-content\\\/uploads\\\/2015\\\/07\\\/fotonoticia_20150716114127_800.jpg\",\"@id\":\"https:\\\/\\\/eldigitaldeasturias.com\\\/magazine365\\\/el-proyecto-oscarontheway-promocionara-los-productos-del-camino-de-santiago\\\/#mainImage\",\"width\":800,\"height\":600},\"primaryImageOfPage\":{\"@id\":\"https:\\\/\\\/eldigitaldeasturias.com\\\/magazine365\\\/el-proyecto-oscarontheway-promocionara-los-productos-del-camino-de-santiago\\\/#mainImage\"},\"datePublished\":\"2015-07-16T13:33:28+02:00\",\"dateModified\":\"2015-07-16T13:33:28+02:00\"},{\"@type\":\"WebSite\",\"@id\":\"https:\\\/\\\/eldigitaldeasturias.com\\\/magazine365\\\/#website\",\"url\":\"https:\\\/\\\/eldigitaldeasturias.com\\\/magazine365\\\/\",\"name\":\"El Digital de Asturias\",\"description\":\"Revista de ocio, turismo y estilo de vida\",\"inLanguage\":\"es-ES\",\"publisher\":{\"@id\":\"https:\\\/\\\/eldigitaldeasturias.com\\\/magazine365\\\/#organization\"}}]}\n\t\t<\/script>\n\t\t<!-- All in One SEO Pro -->\r\n\t\t<title>El proyecto #OscarOnTheWay promocionar\u00e1 los productos del Camino de Santiago | El Digital de Asturias<\/title>\n\n","aioseo_head_json":{"title":"El proyecto #OscarOnTheWay promocionar\u00e1 los productos del Camino de Santiago | El Digital de Asturias","description":"El barista compostelano Oscar de Toro iniciar\u00e1 el pr\u00f3ximo domingo, d\u00eda 19 de julio, el proyecto #OscarOnTheWay a trav\u00e9s del que recorrer\u00e1 los tramos gallegos del Camino de Santiago para promocionar sus productos y reivindicar la Ruta Jacobea como lugar de \"reflexi\u00f3n\" y \"encuentro\". \"El Camino, al lado del sufrimiento, tambi\u00e9n es una oportunidad de","canonical_url":"https:\/\/eldigitaldeasturias.com\/magazine365\/el-proyecto-oscarontheway-promocionara-los-productos-del-camino-de-santiago\/","robots":"max-image-preview:large","keywords":"actualidad turismo","webmasterTools":{"google-site-verification":"UA-38556648-1","miscellaneous":""},"schema":{"@context":"https:\/\/schema.org","@graph":[{"@type":"Article","@id":"https:\/\/eldigitaldeasturias.com\/magazine365\/el-proyecto-oscarontheway-promocionara-los-productos-del-camino-de-santiago\/#article","name":"El proyecto #OscarOnTheWay promocionar\u00e1 los productos del Camino de Santiago | El Digital de Asturias","headline":"El proyecto #OscarOnTheWay promocionar\u00e1 los productos del Camino de Santiago","author":{"@id":"https:\/\/eldigitaldeasturias.com\/magazine365\/author\/admin\/#author"},"publisher":{"@id":"https:\/\/eldigitaldeasturias.com\/magazine365\/#organization"},"image":{"@type":"ImageObject","url":"https:\/\/eldigitaldeasturias.com\/magazine365\/wp-content\/uploads\/2015\/07\/fotonoticia_20150716114127_800.jpg","width":800,"height":600},"datePublished":"2015-07-16T13:33:28+02:00","dateModified":"2015-07-16T13:33:28+02:00","inLanguage":"es-ES","mainEntityOfPage":{"@id":"https:\/\/eldigitaldeasturias.com\/magazine365\/el-proyecto-oscarontheway-promocionara-los-productos-del-camino-de-santiago\/#webpage"},"isPartOf":{"@id":"https:\/\/eldigitaldeasturias.com\/magazine365\/el-proyecto-oscarontheway-promocionara-los-productos-del-camino-de-santiago\/#webpage"},"articleSection":"Actualidad Turismo"},{"@type":"BreadcrumbList","@id":"https:\/\/eldigitaldeasturias.com\/magazine365\/el-proyecto-oscarontheway-promocionara-los-productos-del-camino-de-santiago\/#breadcrumblist","itemListElement":[{"@type":"ListItem","@id":"https:\/\/eldigitaldeasturias.com\/magazine365#listItem","position":1,"name":"Home","item":"https:\/\/eldigitaldeasturias.com\/magazine365","nextItem":{"@type":"ListItem","@id":"https:\/\/eldigitaldeasturias.com\/magazine365\/category\/actualidad-turismo\/#listItem","name":"Actualidad Turismo"}},{"@type":"ListItem","@id":"https:\/\/eldigitaldeasturias.com\/magazine365\/category\/actualidad-turismo\/#listItem","position":2,"name":"Actualidad Turismo","item":"https:\/\/eldigitaldeasturias.com\/magazine365\/category\/actualidad-turismo\/","nextItem":{"@type":"ListItem","@id":"https:\/\/eldigitaldeasturias.com\/magazine365\/el-proyecto-oscarontheway-promocionara-los-productos-del-camino-de-santiago\/#listItem","name":"El proyecto #OscarOnTheWay promocionar\u00e1 los productos del Camino de Santiago"},"previousItem":{"@type":"ListItem","@id":"https:\/\/eldigitaldeasturias.com\/magazine365#listItem","name":"Home"}},{"@type":"ListItem","@id":"https:\/\/eldigitaldeasturias.com\/magazine365\/el-proyecto-oscarontheway-promocionara-los-productos-del-camino-de-santiago\/#listItem","position":3,"name":"El proyecto #OscarOnTheWay promocionar\u00e1 los productos del Camino de Santiago","previousItem":{"@type":"ListItem","@id":"https:\/\/eldigitaldeasturias.com\/magazine365\/category\/actualidad-turismo\/#listItem","name":"Actualidad Turismo"}}]},{"@type":"Organization","@id":"https:\/\/eldigitaldeasturias.com\/magazine365\/#organization","name":"El digital de Asturias","description":"Revista de ocio, turismo y estilo de vida","url":"https:\/\/eldigitaldeasturias.com\/magazine365\/","logo":{"@type":"ImageObject","url":"https:\/\/www.eldigitaldeasturias.com\/noticias\/wp-content\/uploads\/2020\/12\/EDA.jpg","@id":"https:\/\/eldigitaldeasturias.com\/magazine365\/el-proyecto-oscarontheway-promocionara-los-productos-del-camino-de-santiago\/#organizationLogo"},"image":{"@id":"https:\/\/eldigitaldeasturias.com\/magazine365\/el-proyecto-oscarontheway-promocionara-los-productos-del-camino-de-santiago\/#organizationLogo"}},{"@type":"Person","@id":"https:\/\/eldigitaldeasturias.com\/magazine365\/author\/admin\/#author","url":"https:\/\/eldigitaldeasturias.com\/magazine365\/author\/admin\/","name":"admin","image":{"@type":"ImageObject","@id":"https:\/\/eldigitaldeasturias.com\/magazine365\/el-proyecto-oscarontheway-promocionara-los-productos-del-camino-de-santiago\/#authorImage","url":"https:\/\/eldigitaldeasturias.com\/magazine365\/wp-content\/litespeed\/avatar\/e571bcf59a0edd6fa6838245a470f2fe.jpg?ver=1777574230","width":96,"height":96,"caption":"admin"}},{"@type":"WebPage","@id":"https:\/\/eldigitaldeasturias.com\/magazine365\/el-proyecto-oscarontheway-promocionara-los-productos-del-camino-de-santiago\/#webpage","url":"https:\/\/eldigitaldeasturias.com\/magazine365\/el-proyecto-oscarontheway-promocionara-los-productos-del-camino-de-santiago\/","name":"El proyecto #OscarOnTheWay promocionar\u00e1 los productos del Camino de Santiago | El Digital de Asturias","description":"El barista compostelano Oscar de Toro iniciar\u00e1 el pr\u00f3ximo domingo, d\u00eda 19 de julio, el proyecto #OscarOnTheWay a trav\u00e9s del que recorrer\u00e1 los tramos gallegos del Camino de Santiago para promocionar sus productos y reivindicar la Ruta Jacobea como lugar de \"reflexi\u00f3n\" y \"encuentro\". \"El Camino, al lado del sufrimiento, tambi\u00e9n es una oportunidad de","inLanguage":"es-ES","isPartOf":{"@id":"https:\/\/eldigitaldeasturias.com\/magazine365\/#website"},"breadcrumb":{"@id":"https:\/\/eldigitaldeasturias.com\/magazine365\/el-proyecto-oscarontheway-promocionara-los-productos-del-camino-de-santiago\/#breadcrumblist"},"author":{"@id":"https:\/\/eldigitaldeasturias.com\/magazine365\/author\/admin\/#author"},"creator":{"@id":"https:\/\/eldigitaldeasturias.com\/magazine365\/author\/admin\/#author"},"image":{"@type":"ImageObject","url":"https:\/\/eldigitaldeasturias.com\/magazine365\/wp-content\/uploads\/2015\/07\/fotonoticia_20150716114127_800.jpg","@id":"https:\/\/eldigitaldeasturias.com\/magazine365\/el-proyecto-oscarontheway-promocionara-los-productos-del-camino-de-santiago\/#mainImage","width":800,"height":600},"primaryImageOfPage":{"@id":"https:\/\/eldigitaldeasturias.com\/magazine365\/el-proyecto-oscarontheway-promocionara-los-productos-del-camino-de-santiago\/#mainImage"},"datePublished":"2015-07-16T13:33:28+02:00","dateModified":"2015-07-16T13:33:28+02:00"},{"@type":"WebSite","@id":"https:\/\/eldigitaldeasturias.com\/magazine365\/#website","url":"https:\/\/eldigitaldeasturias.com\/magazine365\/","name":"El Digital de Asturias","description":"Revista de ocio, turismo y estilo de vida","inLanguage":"es-ES","publisher":{"@id":"https:\/\/eldigitaldeasturias.com\/magazine365\/#organization"}}]},"og:locale":"es_ES","og:site_name":"El Digital de Asturias \u2013 Revista de ocio, turismo y estilo de vida","og:type":"article","og:title":"El proyecto #OscarOnTheWay promocionar\u00e1 los productos del Camino de Santiago | El Digital de Asturias","og:description":"El barista compostelano Oscar de Toro iniciar\u00e1 el pr\u00f3ximo domingo, d\u00eda 19 de julio, el proyecto #OscarOnTheWay a trav\u00e9s del que recorrer\u00e1 los tramos gallegos del Camino de Santiago para promocionar sus productos y reivindicar la Ruta Jacobea como lugar de &quot;reflexi\u00f3n&quot; y &quot;encuentro&quot;. &quot;El Camino, al lado del sufrimiento, tambi\u00e9n es una oportunidad de","og:url":"https:\/\/eldigitaldeasturias.com\/magazine365\/el-proyecto-oscarontheway-promocionara-los-productos-del-camino-de-santiago\/","og:image":"https:\/\/eldigitaldeasturias.com\/magazine365\/wp-content\/uploads\/2015\/07\/fotonoticia_20150716114127_800.jpg","og:image:secure_url":"https:\/\/eldigitaldeasturias.com\/magazine365\/wp-content\/uploads\/2015\/07\/fotonoticia_20150716114127_800.jpg","og:image:width":800,"og:image:height":600,"article:published_time":"2015-07-16T11:33:28+00:00","article:modified_time":"2015-07-16T11:33:28+00:00","twitter:card":"summary_large_image","twitter:title":"El proyecto #OscarOnTheWay promocionar\u00e1 los productos del Camino de Santiago | El Digital de Asturias","twitter:description":"El barista compostelano Oscar de Toro iniciar\u00e1 el pr\u00f3ximo domingo, d\u00eda 19 de julio, el proyecto #OscarOnTheWay a trav\u00e9s del que recorrer\u00e1 los tramos gallegos del Camino de Santiago para promocionar sus productos y reivindicar la Ruta Jacobea como lugar de &quot;reflexi\u00f3n&quot; y &quot;encuentro&quot;. &quot;El Camino, al lado del sufrimiento, tambi\u00e9n es una oportunidad de","twitter:image":"https:\/\/eldigitaldeasturias.com\/magazine365\/wp-content\/uploads\/2015\/07\/fotonoticia_20150716114127_800.jpg"},"aioseo_meta_data":{"post_id":"42860","title":null,"description":null,"keywords":null,"keyphrases":null,"primary_term":null,"canonical_url":null,"og_title":null,"og_description":null,"og_object_type":"default","og_image_type":"default","og_image_url":null,"og_image_width":null,"og_image_height":null,"og_image_custom_url":null,"og_image_custom_fields":null,"og_video":null,"og_custom_url":null,"og_article_section":null,"og_article_tags":null,"twitter_use_og":false,"twitter_card":"default","twitter_image_type":"default","twitter_image_url":null,"twitter_image_custom_url":null,"twitter_image_custom_fields":null,"twitter_title":null,"twitter_description":null,"schema":{"blockGraphs":[],"customGraphs":[],"default":{"data":{"Article":[],"Course":[],"Dataset":[],"FAQPage":[],"Movie":[],"Person":[],"Product":[],"ProductReview":[],"Car":[],"Recipe":[],"Service":[],"SoftwareApplication":[],"WebPage":[]},"graphName":"","isEnabled":true},"graphs":[]},"schema_type":null,"schema_type_options":null,"pillar_content":false,"robots_default":true,"robots_noindex":false,"robots_noarchive":false,"robots_nosnippet":false,"robots_nofollow":false,"robots_noimageindex":false,"robots_noodp":false,"robots_notranslate":false,"robots_max_snippet":null,"robots_max_videopreview":null,"robots_max_imagepreview":"large","priority":null,"frequency":null,"location":null,"local_seo":null,"seo_analyzer_scan_date":"2025-09-19 18:38:25","breadcrumb_settings":null,"limit_modified_date":false,"open_ai":null,"ai":null,"created":"2021-03-09 01:54:39","updated":"2025-09-19 18:38:25"},"aioseo_breadcrumb":"<div class=\"aioseo-breadcrumbs\"><span class=\"aioseo-breadcrumb\">\n\t<a href=\"https:\/\/eldigitaldeasturias.com\/magazine365\" title=\"Home\">Home<\/a>\n<\/span><span class=\"aioseo-breadcrumb-separator\">\u2013<\/span><span class=\"aioseo-breadcrumb\">\n\t<a href=\"https:\/\/eldigitaldeasturias.com\/magazine365\/category\/actualidad-turismo\/\" title=\"Actualidad Turismo\">Actualidad Turismo<\/a>\n<\/span><span class=\"aioseo-breadcrumb-separator\">\u2013<\/span><span class=\"aioseo-breadcrumb\">\n\t<a href=\"https:\/\/eldigitaldeasturias.com\/magazine365\/el-proyecto-oscarontheway-promocionara-los-productos-del-camino-de-santiago\/\" title=\"El proyecto #OscarOnTheWay promocionar\u00e1 los productos del Camino de Santiago\">El proyecto #OscarOnTheWay promocionar\u00e1 los productos del Camino de Santiago<\/a>\n<\/span><\/div>","aioseo_breadcrumb_json":[{"label":"Home","link":"https:\/\/eldigitaldeasturias.com\/magazine365"},{"label":"Actualidad Turismo","link":"https:\/\/eldigitaldeasturias.com\/magazine365\/category\/actualidad-turismo\/"},{"label":"El proyecto #OscarOnTheWay promocionar\u00e1 los productos del Camino de Santiago","link":"https:\/\/eldigitaldeasturias.com\/magazine365\/el-proyecto-oscarontheway-promocionara-los-productos-del-camino-de-santiago\/"}],"_links":{"self":[{"href":"https:\/\/eldigitaldeasturias.com\/magazine365\/wp-json\/wp\/v2\/posts\/42860","targetHints":{"allow":["GET"]}}],"collection":[{"href":"https:\/\/eldigitaldeasturias.com\/magazine365\/wp-json\/wp\/v2\/posts"}],"about":[{"href":"https:\/\/eldigitaldeasturias.com\/magazine365\/wp-json\/wp\/v2\/types\/post"}],"author":[{"embeddable":true,"href":"https:\/\/eldigitaldeasturias.com\/magazine365\/wp-json\/wp\/v2\/users\/1"}],"replies":[{"embeddable":true,"href":"https:\/\/eldigitaldeasturias.com\/magazine365\/wp-json\/wp\/v2\/comments?post=42860"}],"version-history":[{"count":0,"href":"https:\/\/eldigitaldeasturias.com\/magazine365\/wp-json\/wp\/v2\/posts\/42860\/revisions"}],"wp:featuredmedia":[{"embeddable":true,"href":"https:\/\/eldigitaldeasturias.com\/magazine365\/wp-json\/wp\/v2\/media\/42861"}],"wp:attachment":[{"href":"https:\/\/eldigitaldeasturias.com\/magazine365\/wp-json\/wp\/v2\/media?parent=42860"}],"wp:term":[{"taxonomy":"category","embeddable":true,"href":"https:\/\/eldigitaldeasturias.com\/magazine365\/wp-json\/wp\/v2\/categories?post=42860"},{"taxonomy":"post_tag","embeddable":true,"href":"https:\/\/eldigitaldeasturias.com\/magazine365\/wp-json\/wp\/v2\/tags?post=42860"}],"curies":[{"name":"wp","href":"https:\/\/api.w.org\/{rel}","templated":true}]}}