{"id":42854,"date":"2015-07-16T13:31:31","date_gmt":"2015-07-16T11:31:31","guid":{"rendered":"http:\/\/eldigitaldeasturias.com\/magazine365\/?p=42854"},"modified":"2015-07-16T13:31:31","modified_gmt":"2015-07-16T11:31:31","slug":"tunez-registra-una-caida-del-577-en-numero-de-turistas-entre-el-1-y-10-de-julio","status":"publish","type":"post","link":"https:\/\/eldigitaldeasturias.com\/magazine365\/tunez-registra-una-caida-del-577-en-numero-de-turistas-entre-el-1-y-10-de-julio\/","title":{"rendered":"T\u00fanez registra una ca\u00edda del 57,7% en n\u00famero de turistas entre el 1 y 10 de julio"},"content":{"rendered":"<p><img fetchpriority=\"high\" decoding=\"async\" class=\"alignleft size-medium wp-image-42855\" src=\"https:\/\/eldigitaldeasturias.com\/magazine365\/wp-content\/uploads\/2015\/07\/fotonoticia_20150716104055_800-360x300.jpg\" alt=\"fotonoticia_20150716104055_800\" width=\"360\" height=\"300\" srcset=\"https:\/\/eldigitaldeasturias.com\/magazine365\/wp-content\/uploads\/2015\/07\/fotonoticia_20150716104055_800-360x300.jpg 360w, https:\/\/eldigitaldeasturias.com\/magazine365\/wp-content\/uploads\/2015\/07\/fotonoticia_20150716104055_800-650x541.jpg 650w, https:\/\/eldigitaldeasturias.com\/magazine365\/wp-content\/uploads\/2015\/07\/fotonoticia_20150716104055_800-768x639.jpg 768w, https:\/\/eldigitaldeasturias.com\/magazine365\/wp-content\/uploads\/2015\/07\/fotonoticia_20150716104055_800-150x125.jpg 150w, https:\/\/eldigitaldeasturias.com\/magazine365\/wp-content\/uploads\/2015\/07\/fotonoticia_20150716104055_800-450x375.jpg 450w, https:\/\/eldigitaldeasturias.com\/magazine365\/wp-content\/uploads\/2015\/07\/fotonoticia_20150716104055_800-696x579.jpg 696w, https:\/\/eldigitaldeasturias.com\/magazine365\/wp-content\/uploads\/2015\/07\/fotonoticia_20150716104055_800-505x420.jpg 505w, https:\/\/eldigitaldeasturias.com\/magazine365\/wp-content\/uploads\/2015\/07\/fotonoticia_20150716104055_800.jpg 800w\" sizes=\"(max-width: 360px) 100vw, 360px\" \/>Las llegadas de turistas a T\u00fanez han sufrido un descenso del 57,7 por ciento en los primeros diez d\u00edas de julio con respecto a estas mismas fechas en 2014, seg\u00fan ha informado el Ministerio de Turismo.<\/p>\n<p>Seg\u00fan los datos publicados en su p\u00e1gina web, el n\u00famero de turistas no ha llegado a los 74.975, lo que supone adem\u00e1s un descenso del 74,8% respecto a 2010, el a\u00f1o anterior a la revoluci\u00f3n contra Zine el Abidine ben Al\u00ed, tal y como ha recogido la agencia estatal tunecina de noticias, TAP.<\/p>\n<p>La ministra de Turismo de T\u00fanez, Salma Ellumi, anunci\u00f3 a finales de junio un paquete de medidas excepcionales para el sector tur\u00edstico con el objetivo de potenciar o recuperar la situaci\u00f3n durante esta temporada.<\/p>\n<p>El anuncio de las medidas excepcionales se produjo pocos d\u00edas despu\u00e9s de que un hombre matara a 39 personas, la mayor\u00eda de ellas turistas brit\u00e1nicos, en la playa del hotel Riu Imperial Marhaba de Susa, un ataque que fue reivindicado por el grupo terrorista Estado Isl\u00e1mico.<\/p>\n<p>Desde el atentado del 26 de junio miles de turistas han salido del pa\u00eds, un duro golpe para el sector tur\u00edstico, uno de los m\u00e1s potentes de la econom\u00eda tunecina.<\/p>\n<p>El Ministerio de Turismo calific\u00f3 el ataque de Susa como una cat\u00e1strofe para el sector, que representa alrededor del siete por ciento del Producto Interior Bruto (PIB) del pa\u00eds.<\/p>\n<p>El ataque en la playa tur\u00edstica de Susa se produjo semanas despu\u00e9s del asalto al Museo del Bardo, en marzo, en los que han sido dos de los peores atentados en la historia moderna de T\u00fanez.<\/p>\n","protected":false},"excerpt":{"rendered":"<p>Las llegadas de turistas a T\u00fanez han sufrido un descenso del 57,7 por ciento en los primeros diez d\u00edas de julio con respecto a estas mismas fechas en 2014, seg\u00fan ha informado el Ministerio de Turismo. Seg\u00fan los datos publicados en su p\u00e1gina web, el n\u00famero de turistas no ha llegado a los 74.975, lo<\/p>\n","protected":false},"author":1,"featured_media":42855,"comment_status":"open","ping_status":"closed","sticky":false,"template":"","format":"standard","meta":{"footnotes":""},"categories":[222],"tags":[],"class_list":{"0":"post-42854","1":"post","2":"type-post","3":"status-publish","4":"format-standard","5":"has-post-thumbnail","7":"category-actualidad-turismo"},"aioseo_notices":[],"aioseo_head":"\n\t\t<!-- All in One SEO Pro 4.9.6.1 - aioseo.com -->\n\t<meta name=\"description\" content=\"Las llegadas de turistas a T\u00fanez han sufrido un descenso del 57,7 por ciento en los primeros diez d\u00edas de julio con respecto a estas mismas fechas en 2014, seg\u00fan ha informado el Ministerio de Turismo. Seg\u00fan los datos publicados en su p\u00e1gina web, el n\u00famero de turistas no ha llegado a los 74.975, lo\" \/>\n\t<meta name=\"robots\" content=\"max-image-preview:large\" \/>\n\t<meta name=\"author\" content=\"admin\"\/>\n\t<meta name=\"google-site-verification\" content=\"UA-38556648-1\" \/>\n\t<meta name=\"keywords\" content=\"actualidad turismo\" \/>\n\t<link rel=\"canonical\" href=\"https:\/\/eldigitaldeasturias.com\/magazine365\/tunez-registra-una-caida-del-577-en-numero-de-turistas-entre-el-1-y-10-de-julio\/\" \/>\n\t<meta name=\"generator\" content=\"All in One SEO Pro (AIOSEO) 4.9.6.1\" \/>\n\t\t<meta property=\"og:locale\" content=\"es_ES\" \/>\n\t\t<meta property=\"og:site_name\" content=\"El Digital de Asturias \u2013 Revista de ocio, turismo y estilo de vida\" \/>\n\t\t<meta property=\"og:type\" content=\"article\" \/>\n\t\t<meta property=\"og:title\" content=\"T\u00fanez registra una ca\u00edda del 57,7% en n\u00famero de turistas entre el 1 y 10 de julio | El Digital de Asturias\" \/>\n\t\t<meta property=\"og:description\" content=\"Las llegadas de turistas a T\u00fanez han sufrido un descenso del 57,7 por ciento en los primeros diez d\u00edas de julio con respecto a estas mismas fechas en 2014, seg\u00fan ha informado el Ministerio de Turismo. Seg\u00fan los datos publicados en su p\u00e1gina web, el n\u00famero de turistas no ha llegado a los 74.975, lo\" \/>\n\t\t<meta property=\"og:url\" content=\"https:\/\/eldigitaldeasturias.com\/magazine365\/tunez-registra-una-caida-del-577-en-numero-de-turistas-entre-el-1-y-10-de-julio\/\" \/>\n\t\t<meta property=\"og:image\" content=\"https:\/\/eldigitaldeasturias.com\/magazine365\/wp-content\/uploads\/2015\/07\/fotonoticia_20150716104055_800.jpg\" \/>\n\t\t<meta property=\"og:image:secure_url\" content=\"https:\/\/eldigitaldeasturias.com\/magazine365\/wp-content\/uploads\/2015\/07\/fotonoticia_20150716104055_800.jpg\" \/>\n\t\t<meta property=\"og:image:width\" content=\"800\" \/>\n\t\t<meta property=\"og:image:height\" content=\"666\" \/>\n\t\t<meta property=\"article:published_time\" content=\"2015-07-16T11:31:31+00:00\" \/>\n\t\t<meta property=\"article:modified_time\" content=\"2015-07-16T11:31:31+00:00\" \/>\n\t\t<meta name=\"twitter:card\" content=\"summary_large_image\" \/>\n\t\t<meta name=\"twitter:title\" content=\"T\u00fanez registra una ca\u00edda del 57,7% en n\u00famero de turistas entre el 1 y 10 de julio | El Digital de Asturias\" \/>\n\t\t<meta name=\"twitter:description\" content=\"Las llegadas de turistas a T\u00fanez han sufrido un descenso del 57,7 por ciento en los primeros diez d\u00edas de julio con respecto a estas mismas fechas en 2014, seg\u00fan ha informado el Ministerio de Turismo. Seg\u00fan los datos publicados en su p\u00e1gina web, el n\u00famero de turistas no ha llegado a los 74.975, lo\" \/>\n\t\t<meta name=\"twitter:image\" content=\"https:\/\/eldigitaldeasturias.com\/magazine365\/wp-content\/uploads\/2015\/07\/fotonoticia_20150716104055_800.jpg\" \/>\n\t\t<script type=\"application\/ld+json\" class=\"aioseo-schema\">\n\t\t\t{\"@context\":\"https:\\\/\\\/schema.org\",\"@graph\":[{\"@type\":\"Article\",\"@id\":\"https:\\\/\\\/eldigitaldeasturias.com\\\/magazine365\\\/tunez-registra-una-caida-del-577-en-numero-de-turistas-entre-el-1-y-10-de-julio\\\/#article\",\"name\":\"T\\u00fanez registra una ca\\u00edda del 57,7% en n\\u00famero de turistas entre el 1 y 10 de julio | El Digital de Asturias\",\"headline\":\"T\\u00fanez registra una ca\\u00edda del 57,7% en n\\u00famero de turistas entre el 1 y 10 de julio\",\"author\":{\"@id\":\"https:\\\/\\\/eldigitaldeasturias.com\\\/magazine365\\\/author\\\/admin\\\/#author\"},\"publisher\":{\"@id\":\"https:\\\/\\\/eldigitaldeasturias.com\\\/magazine365\\\/#organization\"},\"image\":{\"@type\":\"ImageObject\",\"url\":\"https:\\\/\\\/eldigitaldeasturias.com\\\/magazine365\\\/wp-content\\\/uploads\\\/2015\\\/07\\\/fotonoticia_20150716104055_800.jpg\",\"width\":800,\"height\":666},\"datePublished\":\"2015-07-16T13:31:31+02:00\",\"dateModified\":\"2015-07-16T13:31:31+02:00\",\"inLanguage\":\"es-ES\",\"mainEntityOfPage\":{\"@id\":\"https:\\\/\\\/eldigitaldeasturias.com\\\/magazine365\\\/tunez-registra-una-caida-del-577-en-numero-de-turistas-entre-el-1-y-10-de-julio\\\/#webpage\"},\"isPartOf\":{\"@id\":\"https:\\\/\\\/eldigitaldeasturias.com\\\/magazine365\\\/tunez-registra-una-caida-del-577-en-numero-de-turistas-entre-el-1-y-10-de-julio\\\/#webpage\"},\"articleSection\":\"Actualidad Turismo\"},{\"@type\":\"BreadcrumbList\",\"@id\":\"https:\\\/\\\/eldigitaldeasturias.com\\\/magazine365\\\/tunez-registra-una-caida-del-577-en-numero-de-turistas-entre-el-1-y-10-de-julio\\\/#breadcrumblist\",\"itemListElement\":[{\"@type\":\"ListItem\",\"@id\":\"https:\\\/\\\/eldigitaldeasturias.com\\\/magazine365#listItem\",\"position\":1,\"name\":\"Home\",\"item\":\"https:\\\/\\\/eldigitaldeasturias.com\\\/magazine365\",\"nextItem\":{\"@type\":\"ListItem\",\"@id\":\"https:\\\/\\\/eldigitaldeasturias.com\\\/magazine365\\\/category\\\/actualidad-turismo\\\/#listItem\",\"name\":\"Actualidad Turismo\"}},{\"@type\":\"ListItem\",\"@id\":\"https:\\\/\\\/eldigitaldeasturias.com\\\/magazine365\\\/category\\\/actualidad-turismo\\\/#listItem\",\"position\":2,\"name\":\"Actualidad Turismo\",\"item\":\"https:\\\/\\\/eldigitaldeasturias.com\\\/magazine365\\\/category\\\/actualidad-turismo\\\/\",\"nextItem\":{\"@type\":\"ListItem\",\"@id\":\"https:\\\/\\\/eldigitaldeasturias.com\\\/magazine365\\\/tunez-registra-una-caida-del-577-en-numero-de-turistas-entre-el-1-y-10-de-julio\\\/#listItem\",\"name\":\"T\\u00fanez registra una ca\\u00edda del 57,7% en n\\u00famero de turistas entre el 1 y 10 de julio\"},\"previousItem\":{\"@type\":\"ListItem\",\"@id\":\"https:\\\/\\\/eldigitaldeasturias.com\\\/magazine365#listItem\",\"name\":\"Home\"}},{\"@type\":\"ListItem\",\"@id\":\"https:\\\/\\\/eldigitaldeasturias.com\\\/magazine365\\\/tunez-registra-una-caida-del-577-en-numero-de-turistas-entre-el-1-y-10-de-julio\\\/#listItem\",\"position\":3,\"name\":\"T\\u00fanez registra una ca\\u00edda del 57,7% en n\\u00famero de turistas entre el 1 y 10 de julio\",\"previousItem\":{\"@type\":\"ListItem\",\"@id\":\"https:\\\/\\\/eldigitaldeasturias.com\\\/magazine365\\\/category\\\/actualidad-turismo\\\/#listItem\",\"name\":\"Actualidad Turismo\"}}]},{\"@type\":\"Organization\",\"@id\":\"https:\\\/\\\/eldigitaldeasturias.com\\\/magazine365\\\/#organization\",\"name\":\"El digital de Asturias\",\"description\":\"Revista de ocio, turismo y estilo de vida\",\"url\":\"https:\\\/\\\/eldigitaldeasturias.com\\\/magazine365\\\/\",\"logo\":{\"@type\":\"ImageObject\",\"url\":\"https:\\\/\\\/www.eldigitaldeasturias.com\\\/noticias\\\/wp-content\\\/uploads\\\/2020\\\/12\\\/EDA.jpg\",\"@id\":\"https:\\\/\\\/eldigitaldeasturias.com\\\/magazine365\\\/tunez-registra-una-caida-del-577-en-numero-de-turistas-entre-el-1-y-10-de-julio\\\/#organizationLogo\"},\"image\":{\"@id\":\"https:\\\/\\\/eldigitaldeasturias.com\\\/magazine365\\\/tunez-registra-una-caida-del-577-en-numero-de-turistas-entre-el-1-y-10-de-julio\\\/#organizationLogo\"}},{\"@type\":\"Person\",\"@id\":\"https:\\\/\\\/eldigitaldeasturias.com\\\/magazine365\\\/author\\\/admin\\\/#author\",\"url\":\"https:\\\/\\\/eldigitaldeasturias.com\\\/magazine365\\\/author\\\/admin\\\/\",\"name\":\"admin\",\"image\":{\"@type\":\"ImageObject\",\"@id\":\"https:\\\/\\\/eldigitaldeasturias.com\\\/magazine365\\\/tunez-registra-una-caida-del-577-en-numero-de-turistas-entre-el-1-y-10-de-julio\\\/#authorImage\",\"url\":\"https:\\\/\\\/eldigitaldeasturias.com\\\/magazine365\\\/wp-content\\\/litespeed\\\/avatar\\\/e571bcf59a0edd6fa6838245a470f2fe.jpg?ver=1777574230\",\"width\":96,\"height\":96,\"caption\":\"admin\"}},{\"@type\":\"WebPage\",\"@id\":\"https:\\\/\\\/eldigitaldeasturias.com\\\/magazine365\\\/tunez-registra-una-caida-del-577-en-numero-de-turistas-entre-el-1-y-10-de-julio\\\/#webpage\",\"url\":\"https:\\\/\\\/eldigitaldeasturias.com\\\/magazine365\\\/tunez-registra-una-caida-del-577-en-numero-de-turistas-entre-el-1-y-10-de-julio\\\/\",\"name\":\"T\\u00fanez registra una ca\\u00edda del 57,7% en n\\u00famero de turistas entre el 1 y 10 de julio | El Digital de Asturias\",\"description\":\"Las llegadas de turistas a T\\u00fanez han sufrido un descenso del 57,7 por ciento en los primeros diez d\\u00edas de julio con respecto a estas mismas fechas en 2014, seg\\u00fan ha informado el Ministerio de Turismo. Seg\\u00fan los datos publicados en su p\\u00e1gina web, el n\\u00famero de turistas no ha llegado a los 74.975, lo\",\"inLanguage\":\"es-ES\",\"isPartOf\":{\"@id\":\"https:\\\/\\\/eldigitaldeasturias.com\\\/magazine365\\\/#website\"},\"breadcrumb\":{\"@id\":\"https:\\\/\\\/eldigitaldeasturias.com\\\/magazine365\\\/tunez-registra-una-caida-del-577-en-numero-de-turistas-entre-el-1-y-10-de-julio\\\/#breadcrumblist\"},\"author\":{\"@id\":\"https:\\\/\\\/eldigitaldeasturias.com\\\/magazine365\\\/author\\\/admin\\\/#author\"},\"creator\":{\"@id\":\"https:\\\/\\\/eldigitaldeasturias.com\\\/magazine365\\\/author\\\/admin\\\/#author\"},\"image\":{\"@type\":\"ImageObject\",\"url\":\"https:\\\/\\\/eldigitaldeasturias.com\\\/magazine365\\\/wp-content\\\/uploads\\\/2015\\\/07\\\/fotonoticia_20150716104055_800.jpg\",\"@id\":\"https:\\\/\\\/eldigitaldeasturias.com\\\/magazine365\\\/tunez-registra-una-caida-del-577-en-numero-de-turistas-entre-el-1-y-10-de-julio\\\/#mainImage\",\"width\":800,\"height\":666},\"primaryImageOfPage\":{\"@id\":\"https:\\\/\\\/eldigitaldeasturias.com\\\/magazine365\\\/tunez-registra-una-caida-del-577-en-numero-de-turistas-entre-el-1-y-10-de-julio\\\/#mainImage\"},\"datePublished\":\"2015-07-16T13:31:31+02:00\",\"dateModified\":\"2015-07-16T13:31:31+02:00\"},{\"@type\":\"WebSite\",\"@id\":\"https:\\\/\\\/eldigitaldeasturias.com\\\/magazine365\\\/#website\",\"url\":\"https:\\\/\\\/eldigitaldeasturias.com\\\/magazine365\\\/\",\"name\":\"El Digital de Asturias\",\"description\":\"Revista de ocio, turismo y estilo de vida\",\"inLanguage\":\"es-ES\",\"publisher\":{\"@id\":\"https:\\\/\\\/eldigitaldeasturias.com\\\/magazine365\\\/#organization\"}}]}\n\t\t<\/script>\n\t\t<!-- All in One SEO Pro -->\r\n\t\t<title>T\u00fanez registra una ca\u00edda del 57,7% en n\u00famero de turistas entre el 1 y 10 de julio | El Digital de Asturias<\/title>\n\n","aioseo_head_json":{"title":"T\u00fanez registra una ca\u00edda del 57,7% en n\u00famero de turistas entre el 1 y 10 de julio | El Digital de Asturias","description":"Las llegadas de turistas a T\u00fanez han sufrido un descenso del 57,7 por ciento en los primeros diez d\u00edas de julio con respecto a estas mismas fechas en 2014, seg\u00fan ha informado el Ministerio de Turismo. Seg\u00fan los datos publicados en su p\u00e1gina web, el n\u00famero de turistas no ha llegado a los 74.975, lo","canonical_url":"https:\/\/eldigitaldeasturias.com\/magazine365\/tunez-registra-una-caida-del-577-en-numero-de-turistas-entre-el-1-y-10-de-julio\/","robots":"max-image-preview:large","keywords":"actualidad turismo","webmasterTools":{"google-site-verification":"UA-38556648-1","miscellaneous":""},"schema":{"@context":"https:\/\/schema.org","@graph":[{"@type":"Article","@id":"https:\/\/eldigitaldeasturias.com\/magazine365\/tunez-registra-una-caida-del-577-en-numero-de-turistas-entre-el-1-y-10-de-julio\/#article","name":"T\u00fanez registra una ca\u00edda del 57,7% en n\u00famero de turistas entre el 1 y 10 de julio | El Digital de Asturias","headline":"T\u00fanez registra una ca\u00edda del 57,7% en n\u00famero de turistas entre el 1 y 10 de julio","author":{"@id":"https:\/\/eldigitaldeasturias.com\/magazine365\/author\/admin\/#author"},"publisher":{"@id":"https:\/\/eldigitaldeasturias.com\/magazine365\/#organization"},"image":{"@type":"ImageObject","url":"https:\/\/eldigitaldeasturias.com\/magazine365\/wp-content\/uploads\/2015\/07\/fotonoticia_20150716104055_800.jpg","width":800,"height":666},"datePublished":"2015-07-16T13:31:31+02:00","dateModified":"2015-07-16T13:31:31+02:00","inLanguage":"es-ES","mainEntityOfPage":{"@id":"https:\/\/eldigitaldeasturias.com\/magazine365\/tunez-registra-una-caida-del-577-en-numero-de-turistas-entre-el-1-y-10-de-julio\/#webpage"},"isPartOf":{"@id":"https:\/\/eldigitaldeasturias.com\/magazine365\/tunez-registra-una-caida-del-577-en-numero-de-turistas-entre-el-1-y-10-de-julio\/#webpage"},"articleSection":"Actualidad Turismo"},{"@type":"BreadcrumbList","@id":"https:\/\/eldigitaldeasturias.com\/magazine365\/tunez-registra-una-caida-del-577-en-numero-de-turistas-entre-el-1-y-10-de-julio\/#breadcrumblist","itemListElement":[{"@type":"ListItem","@id":"https:\/\/eldigitaldeasturias.com\/magazine365#listItem","position":1,"name":"Home","item":"https:\/\/eldigitaldeasturias.com\/magazine365","nextItem":{"@type":"ListItem","@id":"https:\/\/eldigitaldeasturias.com\/magazine365\/category\/actualidad-turismo\/#listItem","name":"Actualidad Turismo"}},{"@type":"ListItem","@id":"https:\/\/eldigitaldeasturias.com\/magazine365\/category\/actualidad-turismo\/#listItem","position":2,"name":"Actualidad Turismo","item":"https:\/\/eldigitaldeasturias.com\/magazine365\/category\/actualidad-turismo\/","nextItem":{"@type":"ListItem","@id":"https:\/\/eldigitaldeasturias.com\/magazine365\/tunez-registra-una-caida-del-577-en-numero-de-turistas-entre-el-1-y-10-de-julio\/#listItem","name":"T\u00fanez registra una ca\u00edda del 57,7% en n\u00famero de turistas entre el 1 y 10 de julio"},"previousItem":{"@type":"ListItem","@id":"https:\/\/eldigitaldeasturias.com\/magazine365#listItem","name":"Home"}},{"@type":"ListItem","@id":"https:\/\/eldigitaldeasturias.com\/magazine365\/tunez-registra-una-caida-del-577-en-numero-de-turistas-entre-el-1-y-10-de-julio\/#listItem","position":3,"name":"T\u00fanez registra una ca\u00edda del 57,7% en n\u00famero de turistas entre el 1 y 10 de julio","previousItem":{"@type":"ListItem","@id":"https:\/\/eldigitaldeasturias.com\/magazine365\/category\/actualidad-turismo\/#listItem","name":"Actualidad Turismo"}}]},{"@type":"Organization","@id":"https:\/\/eldigitaldeasturias.com\/magazine365\/#organization","name":"El digital de Asturias","description":"Revista de ocio, turismo y estilo de vida","url":"https:\/\/eldigitaldeasturias.com\/magazine365\/","logo":{"@type":"ImageObject","url":"https:\/\/www.eldigitaldeasturias.com\/noticias\/wp-content\/uploads\/2020\/12\/EDA.jpg","@id":"https:\/\/eldigitaldeasturias.com\/magazine365\/tunez-registra-una-caida-del-577-en-numero-de-turistas-entre-el-1-y-10-de-julio\/#organizationLogo"},"image":{"@id":"https:\/\/eldigitaldeasturias.com\/magazine365\/tunez-registra-una-caida-del-577-en-numero-de-turistas-entre-el-1-y-10-de-julio\/#organizationLogo"}},{"@type":"Person","@id":"https:\/\/eldigitaldeasturias.com\/magazine365\/author\/admin\/#author","url":"https:\/\/eldigitaldeasturias.com\/magazine365\/author\/admin\/","name":"admin","image":{"@type":"ImageObject","@id":"https:\/\/eldigitaldeasturias.com\/magazine365\/tunez-registra-una-caida-del-577-en-numero-de-turistas-entre-el-1-y-10-de-julio\/#authorImage","url":"https:\/\/eldigitaldeasturias.com\/magazine365\/wp-content\/litespeed\/avatar\/e571bcf59a0edd6fa6838245a470f2fe.jpg?ver=1777574230","width":96,"height":96,"caption":"admin"}},{"@type":"WebPage","@id":"https:\/\/eldigitaldeasturias.com\/magazine365\/tunez-registra-una-caida-del-577-en-numero-de-turistas-entre-el-1-y-10-de-julio\/#webpage","url":"https:\/\/eldigitaldeasturias.com\/magazine365\/tunez-registra-una-caida-del-577-en-numero-de-turistas-entre-el-1-y-10-de-julio\/","name":"T\u00fanez registra una ca\u00edda del 57,7% en n\u00famero de turistas entre el 1 y 10 de julio | El Digital de Asturias","description":"Las llegadas de turistas a T\u00fanez han sufrido un descenso del 57,7 por ciento en los primeros diez d\u00edas de julio con respecto a estas mismas fechas en 2014, seg\u00fan ha informado el Ministerio de Turismo. Seg\u00fan los datos publicados en su p\u00e1gina web, el n\u00famero de turistas no ha llegado a los 74.975, lo","inLanguage":"es-ES","isPartOf":{"@id":"https:\/\/eldigitaldeasturias.com\/magazine365\/#website"},"breadcrumb":{"@id":"https:\/\/eldigitaldeasturias.com\/magazine365\/tunez-registra-una-caida-del-577-en-numero-de-turistas-entre-el-1-y-10-de-julio\/#breadcrumblist"},"author":{"@id":"https:\/\/eldigitaldeasturias.com\/magazine365\/author\/admin\/#author"},"creator":{"@id":"https:\/\/eldigitaldeasturias.com\/magazine365\/author\/admin\/#author"},"image":{"@type":"ImageObject","url":"https:\/\/eldigitaldeasturias.com\/magazine365\/wp-content\/uploads\/2015\/07\/fotonoticia_20150716104055_800.jpg","@id":"https:\/\/eldigitaldeasturias.com\/magazine365\/tunez-registra-una-caida-del-577-en-numero-de-turistas-entre-el-1-y-10-de-julio\/#mainImage","width":800,"height":666},"primaryImageOfPage":{"@id":"https:\/\/eldigitaldeasturias.com\/magazine365\/tunez-registra-una-caida-del-577-en-numero-de-turistas-entre-el-1-y-10-de-julio\/#mainImage"},"datePublished":"2015-07-16T13:31:31+02:00","dateModified":"2015-07-16T13:31:31+02:00"},{"@type":"WebSite","@id":"https:\/\/eldigitaldeasturias.com\/magazine365\/#website","url":"https:\/\/eldigitaldeasturias.com\/magazine365\/","name":"El Digital de Asturias","description":"Revista de ocio, turismo y estilo de vida","inLanguage":"es-ES","publisher":{"@id":"https:\/\/eldigitaldeasturias.com\/magazine365\/#organization"}}]},"og:locale":"es_ES","og:site_name":"El Digital de Asturias \u2013 Revista de ocio, turismo y estilo de vida","og:type":"article","og:title":"T\u00fanez registra una ca\u00edda del 57,7% en n\u00famero de turistas entre el 1 y 10 de julio | El Digital de Asturias","og:description":"Las llegadas de turistas a T\u00fanez han sufrido un descenso del 57,7 por ciento en los primeros diez d\u00edas de julio con respecto a estas mismas fechas en 2014, seg\u00fan ha informado el Ministerio de Turismo. Seg\u00fan los datos publicados en su p\u00e1gina web, el n\u00famero de turistas no ha llegado a los 74.975, lo","og:url":"https:\/\/eldigitaldeasturias.com\/magazine365\/tunez-registra-una-caida-del-577-en-numero-de-turistas-entre-el-1-y-10-de-julio\/","og:image":"https:\/\/eldigitaldeasturias.com\/magazine365\/wp-content\/uploads\/2015\/07\/fotonoticia_20150716104055_800.jpg","og:image:secure_url":"https:\/\/eldigitaldeasturias.com\/magazine365\/wp-content\/uploads\/2015\/07\/fotonoticia_20150716104055_800.jpg","og:image:width":800,"og:image:height":666,"article:published_time":"2015-07-16T11:31:31+00:00","article:modified_time":"2015-07-16T11:31:31+00:00","twitter:card":"summary_large_image","twitter:title":"T\u00fanez registra una ca\u00edda del 57,7% en n\u00famero de turistas entre el 1 y 10 de julio | El Digital de Asturias","twitter:description":"Las llegadas de turistas a T\u00fanez han sufrido un descenso del 57,7 por ciento en los primeros diez d\u00edas de julio con respecto a estas mismas fechas en 2014, seg\u00fan ha informado el Ministerio de Turismo. Seg\u00fan los datos publicados en su p\u00e1gina web, el n\u00famero de turistas no ha llegado a los 74.975, lo","twitter:image":"https:\/\/eldigitaldeasturias.com\/magazine365\/wp-content\/uploads\/2015\/07\/fotonoticia_20150716104055_800.jpg"},"aioseo_meta_data":{"post_id":"42854","title":null,"description":null,"keywords":null,"keyphrases":null,"primary_term":null,"canonical_url":null,"og_title":null,"og_description":null,"og_object_type":"default","og_image_type":"default","og_image_url":null,"og_image_width":null,"og_image_height":null,"og_image_custom_url":null,"og_image_custom_fields":null,"og_video":null,"og_custom_url":null,"og_article_section":null,"og_article_tags":null,"twitter_use_og":false,"twitter_card":"default","twitter_image_type":"default","twitter_image_url":null,"twitter_image_custom_url":null,"twitter_image_custom_fields":null,"twitter_title":null,"twitter_description":null,"schema":{"blockGraphs":[],"customGraphs":[],"default":{"data":{"Article":[],"Course":[],"Dataset":[],"FAQPage":[],"Movie":[],"Person":[],"Product":[],"ProductReview":[],"Car":[],"Recipe":[],"Service":[],"SoftwareApplication":[],"WebPage":[]},"graphName":"","isEnabled":true},"graphs":[],"defaultGraph":"","defaultPostTypeGraph":""},"schema_type":null,"schema_type_options":null,"pillar_content":false,"robots_default":true,"robots_noindex":false,"robots_noarchive":false,"robots_nosnippet":false,"robots_nofollow":false,"robots_noimageindex":false,"robots_noodp":false,"robots_notranslate":false,"robots_max_snippet":null,"robots_max_videopreview":null,"robots_max_imagepreview":"large","priority":null,"frequency":null,"location":null,"local_seo":null,"seo_analyzer_scan_date":"2025-09-19 18:38:22","breadcrumb_settings":null,"limit_modified_date":false,"open_ai":null,"ai":null,"created":"2021-03-09 01:55:40","updated":"2025-09-19 18:38:22"},"aioseo_breadcrumb":"<div class=\"aioseo-breadcrumbs\"><span class=\"aioseo-breadcrumb\">\n\t<a href=\"https:\/\/eldigitaldeasturias.com\/magazine365\" title=\"Home\">Home<\/a>\n<\/span><span class=\"aioseo-breadcrumb-separator\">\u2013<\/span><span class=\"aioseo-breadcrumb\">\n\t<a href=\"https:\/\/eldigitaldeasturias.com\/magazine365\/category\/actualidad-turismo\/\" title=\"Actualidad Turismo\">Actualidad Turismo<\/a>\n<\/span><span class=\"aioseo-breadcrumb-separator\">\u2013<\/span><span class=\"aioseo-breadcrumb\">\n\t<a href=\"https:\/\/eldigitaldeasturias.com\/magazine365\/tunez-registra-una-caida-del-577-en-numero-de-turistas-entre-el-1-y-10-de-julio\/\" title=\"T\u00fanez registra una ca\u00edda del 57,7% en n\u00famero de turistas entre el 1 y 10 de julio\">T\u00fanez registra una ca\u00edda del 57,7% en n\u00famero de turistas entre el 1 y 10 de julio<\/a>\n<\/span><\/div>","aioseo_breadcrumb_json":[{"label":"Home","link":"https:\/\/eldigitaldeasturias.com\/magazine365"},{"label":"Actualidad Turismo","link":"https:\/\/eldigitaldeasturias.com\/magazine365\/category\/actualidad-turismo\/"},{"label":"T\u00fanez registra una ca\u00edda del 57,7% en n\u00famero de turistas entre el 1 y 10 de julio","link":"https:\/\/eldigitaldeasturias.com\/magazine365\/tunez-registra-una-caida-del-577-en-numero-de-turistas-entre-el-1-y-10-de-julio\/"}],"_links":{"self":[{"href":"https:\/\/eldigitaldeasturias.com\/magazine365\/wp-json\/wp\/v2\/posts\/42854","targetHints":{"allow":["GET"]}}],"collection":[{"href":"https:\/\/eldigitaldeasturias.com\/magazine365\/wp-json\/wp\/v2\/posts"}],"about":[{"href":"https:\/\/eldigitaldeasturias.com\/magazine365\/wp-json\/wp\/v2\/types\/post"}],"author":[{"embeddable":true,"href":"https:\/\/eldigitaldeasturias.com\/magazine365\/wp-json\/wp\/v2\/users\/1"}],"replies":[{"embeddable":true,"href":"https:\/\/eldigitaldeasturias.com\/magazine365\/wp-json\/wp\/v2\/comments?post=42854"}],"version-history":[{"count":0,"href":"https:\/\/eldigitaldeasturias.com\/magazine365\/wp-json\/wp\/v2\/posts\/42854\/revisions"}],"wp:featuredmedia":[{"embeddable":true,"href":"https:\/\/eldigitaldeasturias.com\/magazine365\/wp-json\/wp\/v2\/media\/42855"}],"wp:attachment":[{"href":"https:\/\/eldigitaldeasturias.com\/magazine365\/wp-json\/wp\/v2\/media?parent=42854"}],"wp:term":[{"taxonomy":"category","embeddable":true,"href":"https:\/\/eldigitaldeasturias.com\/magazine365\/wp-json\/wp\/v2\/categories?post=42854"},{"taxonomy":"post_tag","embeddable":true,"href":"https:\/\/eldigitaldeasturias.com\/magazine365\/wp-json\/wp\/v2\/tags?post=42854"}],"curies":[{"name":"wp","href":"https:\/\/api.w.org\/{rel}","templated":true}]}}