{"id":42845,"date":"2015-07-16T05:33:49","date_gmt":"2015-07-16T03:33:49","guid":{"rendered":"http:\/\/eldigitaldeasturias.com\/magazine365\/?p=42845"},"modified":"2015-07-16T05:33:49","modified_gmt":"2015-07-16T03:33:49","slug":"la-fortaleza-del-sol-ofrece-a-lorquinos-y-visitantes-un-ambiente-magico-con-motivo-de-la-noche-de-las-perseidas","status":"publish","type":"post","link":"https:\/\/eldigitaldeasturias.com\/magazine365\/la-fortaleza-del-sol-ofrece-a-lorquinos-y-visitantes-un-ambiente-magico-con-motivo-de-la-noche-de-las-perseidas\/","title":{"rendered":"La Fortaleza del Sol ofrece a lorquinos y visitantes un ambiente \u00abm\u00e1gico\u00bb con motivo de la noche de las Perseidas"},"content":{"rendered":"<p><img fetchpriority=\"high\" decoding=\"async\" class=\"alignleft size-medium wp-image-42846\" src=\"https:\/\/eldigitaldeasturias.com\/magazine365\/wp-content\/uploads\/2015\/07\/fotonoticia_20150715183655_800-360x270.jpg\" alt=\"fotonoticia_20150715183655_800\" width=\"360\" height=\"270\" srcset=\"https:\/\/eldigitaldeasturias.com\/magazine365\/wp-content\/uploads\/2015\/07\/fotonoticia_20150715183655_800-360x270.jpg 360w, https:\/\/eldigitaldeasturias.com\/magazine365\/wp-content\/uploads\/2015\/07\/fotonoticia_20150715183655_800-650x488.jpg 650w, https:\/\/eldigitaldeasturias.com\/magazine365\/wp-content\/uploads\/2015\/07\/fotonoticia_20150715183655_800-768x576.jpg 768w, https:\/\/eldigitaldeasturias.com\/magazine365\/wp-content\/uploads\/2015\/07\/fotonoticia_20150715183655_800-150x113.jpg 150w, https:\/\/eldigitaldeasturias.com\/magazine365\/wp-content\/uploads\/2015\/07\/fotonoticia_20150715183655_800-450x338.jpg 450w, https:\/\/eldigitaldeasturias.com\/magazine365\/wp-content\/uploads\/2015\/07\/fotonoticia_20150715183655_800-80x60.jpg 80w, https:\/\/eldigitaldeasturias.com\/magazine365\/wp-content\/uploads\/2015\/07\/fotonoticia_20150715183655_800-265x198.jpg 265w, https:\/\/eldigitaldeasturias.com\/magazine365\/wp-content\/uploads\/2015\/07\/fotonoticia_20150715183655_800-696x522.jpg 696w, https:\/\/eldigitaldeasturias.com\/magazine365\/wp-content\/uploads\/2015\/07\/fotonoticia_20150715183655_800-560x420.jpg 560w, https:\/\/eldigitaldeasturias.com\/magazine365\/wp-content\/uploads\/2015\/07\/fotonoticia_20150715183655_800-90x67.jpg 90w, https:\/\/eldigitaldeasturias.com\/magazine365\/wp-content\/uploads\/2015\/07\/fotonoticia_20150715183655_800-100x75.jpg 100w, https:\/\/eldigitaldeasturias.com\/magazine365\/wp-content\/uploads\/2015\/07\/fotonoticia_20150715183655_800.jpg 800w\" sizes=\"(max-width: 360px) 100vw, 360px\" \/>El concejal de Turismo del Ayuntamiento de Lorca, Francisco Montiel, ha informado que el 12 de agosto \u00abLorca Taller del Tiempo\u00bb est\u00e1 organizando unas actividades entre las que destaca \u00abPerseidas y poes\u00edas en la Fortaleza del Sol\u00bb.<\/p>\n<p>Esta actividad, junto a los \u00faltimos rayos del sol lorquino y los nuevos aires que refrescan el ambiente, nos invitan a disfrutar de una noche m\u00e1gica en un lugar privilegiado como es la Fortaleza del Sol.<\/p>\n<p>El precio de la visita perseidas m\u00e1s el concierto es de ocho euros, la entrada solamente para el concierto tiene un precio \u00fanico de cinco euros, y la visita con cena (previa reserva) es de 25 euros, los ni\u00f1os hasta 12 a\u00f1os tienen entrada gratuita, lo que es un incentivo m\u00e1s para disfrutar de una noche m\u00e1gica en familia contemplando la lluvia de estrellas en un lugar emblem\u00e1tico como es el Castillo de Lorca.<\/p>\n<p>Montiel ha explicado que \u00abPerseidas y poes\u00edas en la Fortaleza del Sol\u00bb tiene el objetivo de que los lorquinos o visitantes compartan una noche m\u00e1gica en el Castillo de Lorca, contemplando uno de los fen\u00f3menos astron\u00f3micos m\u00e1s espectaculares de todo el a\u00f1o, la lluvia de estrellas o L\u00e1grimas de San Lorenzo. Durante la velada se ofrece a los visitantes la lectura de poes\u00eda y la observaci\u00f3n del firmamento con astr\u00f3nomos especialistas, seg\u00fan informaron fuentes del Consistorio en un comunicado.<\/p>\n<p>Adem\u00e1s, al t\u00e9rmino de la visita, se disfrutar de una cena creada para la ocasi\u00f3n en la terraza del restaurante &#8216;Las Caballerizas del Castillo&#8217;, as\u00ed como de un magnifico concierto en directo del artista Pablo Belando. Gracias a esta actividad los ciudadanos y visitantes podr\u00e1n disfrutar bajo la lluvia de estrellas de las L\u00e1grimas de San Lorenzo en un entorno inigualable.<\/p>\n<p>M\u00daSICA Y CULTURA<\/p>\n<p>El edil de Turismo Lorca Taller del Tiempo apuesta desde hace unos a\u00f1os por la m\u00fasica de calidad en directo en un ambiente sin igual para las noches de verano. Es por este motivo que la noche de las L\u00e1grimas de San Lorenzo el Castillo de Lorca acoge la presentaci\u00f3n del \u00faltimo disco del m\u00fasico Alberto Belando.<\/p>\n<p>Tras su proyecto colectivo con De Nauters, Belando se lanza en solitario con el trabajo autoproducido y autoeditado \u00abOtro camino\u00bb. Esa noche le acompa\u00f1ar\u00e1n en la Fortaleza del Sol Freddy Cantos a la guitarra y Quino Lucas al piano y acorde\u00f3n.<\/p>\n<p>Montiel ha indicado que estas actividades tendr\u00e1n lugar el 12 de agosto a partir de las 21.00 horas se puede disfrutar de \u00abPerseidas y poes\u00eda en la Fortaleza del Sol\u00bb y a las 23.30 horas del concierto de Alberto Belando en la explanada del Castillo.<\/p>\n","protected":false},"excerpt":{"rendered":"<p>El concejal de Turismo del Ayuntamiento de Lorca, Francisco Montiel, ha informado que el 12 de agosto \u00abLorca Taller del Tiempo\u00bb est\u00e1 organizando unas actividades entre las que destaca \u00abPerseidas y poes\u00edas en la Fortaleza del Sol\u00bb. Esta actividad, junto a los \u00faltimos rayos del sol lorquino y los nuevos aires que refrescan el ambiente,<\/p>\n","protected":false},"author":1,"featured_media":42846,"comment_status":"open","ping_status":"closed","sticky":false,"template":"","format":"standard","meta":{"footnotes":""},"categories":[224],"tags":[],"class_list":{"0":"post-42845","1":"post","2":"type-post","3":"status-publish","4":"format-standard","5":"has-post-thumbnail","7":"category-noticias-actualidad"},"aioseo_notices":[],"aioseo_head":"\n\t\t<!-- All in One SEO Pro 4.9.6.1 - aioseo.com -->\n\t<meta name=\"description\" content=\"El concejal de Turismo del Ayuntamiento de Lorca, Francisco Montiel, ha informado que el 12 de agosto &quot;Lorca Taller del Tiempo&quot; est\u00e1 organizando unas actividades entre las que destaca &quot;Perseidas y poes\u00edas en la Fortaleza del Sol&quot;. Esta actividad, junto a los \u00faltimos rayos del sol lorquino y los nuevos aires que refrescan el ambiente,\" \/>\n\t<meta name=\"robots\" content=\"max-image-preview:large\" \/>\n\t<meta name=\"author\" content=\"admin\"\/>\n\t<meta name=\"google-site-verification\" content=\"UA-38556648-1\" \/>\n\t<meta name=\"keywords\" content=\"noticias y actualidad\" \/>\n\t<link rel=\"canonical\" href=\"https:\/\/eldigitaldeasturias.com\/magazine365\/la-fortaleza-del-sol-ofrece-a-lorquinos-y-visitantes-un-ambiente-magico-con-motivo-de-la-noche-de-las-perseidas\/\" \/>\n\t<meta name=\"generator\" content=\"All in One SEO Pro (AIOSEO) 4.9.6.1\" \/>\n\t\t<meta property=\"og:locale\" content=\"es_ES\" \/>\n\t\t<meta property=\"og:site_name\" content=\"El Digital de Asturias \u2013 Revista de ocio, turismo y estilo de vida\" \/>\n\t\t<meta property=\"og:type\" content=\"article\" \/>\n\t\t<meta property=\"og:title\" content=\"La Fortaleza del Sol ofrece a lorquinos y visitantes un ambiente \u00abm\u00e1gico\u00bb con motivo de la noche de las Perseidas | El Digital de Asturias\" \/>\n\t\t<meta property=\"og:description\" content=\"El concejal de Turismo del Ayuntamiento de Lorca, Francisco Montiel, ha informado que el 12 de agosto &quot;Lorca Taller del Tiempo&quot; est\u00e1 organizando unas actividades entre las que destaca &quot;Perseidas y poes\u00edas en la Fortaleza del Sol&quot;. Esta actividad, junto a los \u00faltimos rayos del sol lorquino y los nuevos aires que refrescan el ambiente,\" \/>\n\t\t<meta property=\"og:url\" content=\"https:\/\/eldigitaldeasturias.com\/magazine365\/la-fortaleza-del-sol-ofrece-a-lorquinos-y-visitantes-un-ambiente-magico-con-motivo-de-la-noche-de-las-perseidas\/\" \/>\n\t\t<meta property=\"og:image\" content=\"https:\/\/eldigitaldeasturias.com\/magazine365\/wp-content\/uploads\/2015\/07\/fotonoticia_20150715183655_800.jpg\" \/>\n\t\t<meta property=\"og:image:secure_url\" content=\"https:\/\/eldigitaldeasturias.com\/magazine365\/wp-content\/uploads\/2015\/07\/fotonoticia_20150715183655_800.jpg\" \/>\n\t\t<meta property=\"og:image:width\" content=\"800\" \/>\n\t\t<meta property=\"og:image:height\" content=\"600\" \/>\n\t\t<meta property=\"article:published_time\" content=\"2015-07-16T03:33:49+00:00\" \/>\n\t\t<meta property=\"article:modified_time\" content=\"2015-07-16T03:33:49+00:00\" \/>\n\t\t<meta name=\"twitter:card\" content=\"summary_large_image\" \/>\n\t\t<meta name=\"twitter:title\" content=\"La Fortaleza del Sol ofrece a lorquinos y visitantes un ambiente \u00abm\u00e1gico\u00bb con motivo de la noche de las Perseidas | El Digital de Asturias\" \/>\n\t\t<meta name=\"twitter:description\" content=\"El concejal de Turismo del Ayuntamiento de Lorca, Francisco Montiel, ha informado que el 12 de agosto &quot;Lorca Taller del Tiempo&quot; est\u00e1 organizando unas actividades entre las que destaca &quot;Perseidas y poes\u00edas en la Fortaleza del Sol&quot;. Esta actividad, junto a los \u00faltimos rayos del sol lorquino y los nuevos aires que refrescan el ambiente,\" \/>\n\t\t<meta name=\"twitter:image\" content=\"https:\/\/eldigitaldeasturias.com\/magazine365\/wp-content\/uploads\/2015\/07\/fotonoticia_20150715183655_800.jpg\" \/>\n\t\t<script type=\"application\/ld+json\" class=\"aioseo-schema\">\n\t\t\t{\"@context\":\"https:\\\/\\\/schema.org\",\"@graph\":[{\"@type\":\"Article\",\"@id\":\"https:\\\/\\\/eldigitaldeasturias.com\\\/magazine365\\\/la-fortaleza-del-sol-ofrece-a-lorquinos-y-visitantes-un-ambiente-magico-con-motivo-de-la-noche-de-las-perseidas\\\/#article\",\"name\":\"La Fortaleza del Sol ofrece a lorquinos y visitantes un ambiente \\u00abm\\u00e1gico\\u00bb con motivo de la noche de las Perseidas | El Digital de Asturias\",\"headline\":\"La Fortaleza del Sol ofrece a lorquinos y visitantes un ambiente \\u00abm\\u00e1gico\\u00bb con motivo de la noche de las Perseidas\",\"author\":{\"@id\":\"https:\\\/\\\/eldigitaldeasturias.com\\\/magazine365\\\/author\\\/admin\\\/#author\"},\"publisher\":{\"@id\":\"https:\\\/\\\/eldigitaldeasturias.com\\\/magazine365\\\/#organization\"},\"image\":{\"@type\":\"ImageObject\",\"url\":\"https:\\\/\\\/eldigitaldeasturias.com\\\/magazine365\\\/wp-content\\\/uploads\\\/2015\\\/07\\\/fotonoticia_20150715183655_800.jpg\",\"width\":800,\"height\":600},\"datePublished\":\"2015-07-16T05:33:49+02:00\",\"dateModified\":\"2015-07-16T05:33:49+02:00\",\"inLanguage\":\"es-ES\",\"mainEntityOfPage\":{\"@id\":\"https:\\\/\\\/eldigitaldeasturias.com\\\/magazine365\\\/la-fortaleza-del-sol-ofrece-a-lorquinos-y-visitantes-un-ambiente-magico-con-motivo-de-la-noche-de-las-perseidas\\\/#webpage\"},\"isPartOf\":{\"@id\":\"https:\\\/\\\/eldigitaldeasturias.com\\\/magazine365\\\/la-fortaleza-del-sol-ofrece-a-lorquinos-y-visitantes-un-ambiente-magico-con-motivo-de-la-noche-de-las-perseidas\\\/#webpage\"},\"articleSection\":\"Noticias y Actualidad\"},{\"@type\":\"BreadcrumbList\",\"@id\":\"https:\\\/\\\/eldigitaldeasturias.com\\\/magazine365\\\/la-fortaleza-del-sol-ofrece-a-lorquinos-y-visitantes-un-ambiente-magico-con-motivo-de-la-noche-de-las-perseidas\\\/#breadcrumblist\",\"itemListElement\":[{\"@type\":\"ListItem\",\"@id\":\"https:\\\/\\\/eldigitaldeasturias.com\\\/magazine365#listItem\",\"position\":1,\"name\":\"Home\",\"item\":\"https:\\\/\\\/eldigitaldeasturias.com\\\/magazine365\",\"nextItem\":{\"@type\":\"ListItem\",\"@id\":\"https:\\\/\\\/eldigitaldeasturias.com\\\/magazine365\\\/category\\\/noticias-actualidad\\\/#listItem\",\"name\":\"Noticias y Actualidad\"}},{\"@type\":\"ListItem\",\"@id\":\"https:\\\/\\\/eldigitaldeasturias.com\\\/magazine365\\\/category\\\/noticias-actualidad\\\/#listItem\",\"position\":2,\"name\":\"Noticias y Actualidad\",\"item\":\"https:\\\/\\\/eldigitaldeasturias.com\\\/magazine365\\\/category\\\/noticias-actualidad\\\/\",\"nextItem\":{\"@type\":\"ListItem\",\"@id\":\"https:\\\/\\\/eldigitaldeasturias.com\\\/magazine365\\\/la-fortaleza-del-sol-ofrece-a-lorquinos-y-visitantes-un-ambiente-magico-con-motivo-de-la-noche-de-las-perseidas\\\/#listItem\",\"name\":\"La Fortaleza del Sol ofrece a lorquinos y visitantes un ambiente \\u00abm\\u00e1gico\\u00bb con motivo de la noche de las Perseidas\"},\"previousItem\":{\"@type\":\"ListItem\",\"@id\":\"https:\\\/\\\/eldigitaldeasturias.com\\\/magazine365#listItem\",\"name\":\"Home\"}},{\"@type\":\"ListItem\",\"@id\":\"https:\\\/\\\/eldigitaldeasturias.com\\\/magazine365\\\/la-fortaleza-del-sol-ofrece-a-lorquinos-y-visitantes-un-ambiente-magico-con-motivo-de-la-noche-de-las-perseidas\\\/#listItem\",\"position\":3,\"name\":\"La Fortaleza del Sol ofrece a lorquinos y visitantes un ambiente \\u00abm\\u00e1gico\\u00bb con motivo de la noche de las Perseidas\",\"previousItem\":{\"@type\":\"ListItem\",\"@id\":\"https:\\\/\\\/eldigitaldeasturias.com\\\/magazine365\\\/category\\\/noticias-actualidad\\\/#listItem\",\"name\":\"Noticias y Actualidad\"}}]},{\"@type\":\"Organization\",\"@id\":\"https:\\\/\\\/eldigitaldeasturias.com\\\/magazine365\\\/#organization\",\"name\":\"El digital de Asturias\",\"description\":\"Revista de ocio, turismo y estilo de vida\",\"url\":\"https:\\\/\\\/eldigitaldeasturias.com\\\/magazine365\\\/\",\"logo\":{\"@type\":\"ImageObject\",\"url\":\"https:\\\/\\\/www.eldigitaldeasturias.com\\\/noticias\\\/wp-content\\\/uploads\\\/2020\\\/12\\\/EDA.jpg\",\"@id\":\"https:\\\/\\\/eldigitaldeasturias.com\\\/magazine365\\\/la-fortaleza-del-sol-ofrece-a-lorquinos-y-visitantes-un-ambiente-magico-con-motivo-de-la-noche-de-las-perseidas\\\/#organizationLogo\"},\"image\":{\"@id\":\"https:\\\/\\\/eldigitaldeasturias.com\\\/magazine365\\\/la-fortaleza-del-sol-ofrece-a-lorquinos-y-visitantes-un-ambiente-magico-con-motivo-de-la-noche-de-las-perseidas\\\/#organizationLogo\"}},{\"@type\":\"Person\",\"@id\":\"https:\\\/\\\/eldigitaldeasturias.com\\\/magazine365\\\/author\\\/admin\\\/#author\",\"url\":\"https:\\\/\\\/eldigitaldeasturias.com\\\/magazine365\\\/author\\\/admin\\\/\",\"name\":\"admin\",\"image\":{\"@type\":\"ImageObject\",\"@id\":\"https:\\\/\\\/eldigitaldeasturias.com\\\/magazine365\\\/la-fortaleza-del-sol-ofrece-a-lorquinos-y-visitantes-un-ambiente-magico-con-motivo-de-la-noche-de-las-perseidas\\\/#authorImage\",\"url\":\"https:\\\/\\\/eldigitaldeasturias.com\\\/magazine365\\\/wp-content\\\/litespeed\\\/avatar\\\/e571bcf59a0edd6fa6838245a470f2fe.jpg?ver=1777574230\",\"width\":96,\"height\":96,\"caption\":\"admin\"}},{\"@type\":\"WebPage\",\"@id\":\"https:\\\/\\\/eldigitaldeasturias.com\\\/magazine365\\\/la-fortaleza-del-sol-ofrece-a-lorquinos-y-visitantes-un-ambiente-magico-con-motivo-de-la-noche-de-las-perseidas\\\/#webpage\",\"url\":\"https:\\\/\\\/eldigitaldeasturias.com\\\/magazine365\\\/la-fortaleza-del-sol-ofrece-a-lorquinos-y-visitantes-un-ambiente-magico-con-motivo-de-la-noche-de-las-perseidas\\\/\",\"name\":\"La Fortaleza del Sol ofrece a lorquinos y visitantes un ambiente \\u00abm\\u00e1gico\\u00bb con motivo de la noche de las Perseidas | El Digital de Asturias\",\"description\":\"El concejal de Turismo del Ayuntamiento de Lorca, Francisco Montiel, ha informado que el 12 de agosto \\\"Lorca Taller del Tiempo\\\" est\\u00e1 organizando unas actividades entre las que destaca \\\"Perseidas y poes\\u00edas en la Fortaleza del Sol\\\". Esta actividad, junto a los \\u00faltimos rayos del sol lorquino y los nuevos aires que refrescan el ambiente,\",\"inLanguage\":\"es-ES\",\"isPartOf\":{\"@id\":\"https:\\\/\\\/eldigitaldeasturias.com\\\/magazine365\\\/#website\"},\"breadcrumb\":{\"@id\":\"https:\\\/\\\/eldigitaldeasturias.com\\\/magazine365\\\/la-fortaleza-del-sol-ofrece-a-lorquinos-y-visitantes-un-ambiente-magico-con-motivo-de-la-noche-de-las-perseidas\\\/#breadcrumblist\"},\"author\":{\"@id\":\"https:\\\/\\\/eldigitaldeasturias.com\\\/magazine365\\\/author\\\/admin\\\/#author\"},\"creator\":{\"@id\":\"https:\\\/\\\/eldigitaldeasturias.com\\\/magazine365\\\/author\\\/admin\\\/#author\"},\"image\":{\"@type\":\"ImageObject\",\"url\":\"https:\\\/\\\/eldigitaldeasturias.com\\\/magazine365\\\/wp-content\\\/uploads\\\/2015\\\/07\\\/fotonoticia_20150715183655_800.jpg\",\"@id\":\"https:\\\/\\\/eldigitaldeasturias.com\\\/magazine365\\\/la-fortaleza-del-sol-ofrece-a-lorquinos-y-visitantes-un-ambiente-magico-con-motivo-de-la-noche-de-las-perseidas\\\/#mainImage\",\"width\":800,\"height\":600},\"primaryImageOfPage\":{\"@id\":\"https:\\\/\\\/eldigitaldeasturias.com\\\/magazine365\\\/la-fortaleza-del-sol-ofrece-a-lorquinos-y-visitantes-un-ambiente-magico-con-motivo-de-la-noche-de-las-perseidas\\\/#mainImage\"},\"datePublished\":\"2015-07-16T05:33:49+02:00\",\"dateModified\":\"2015-07-16T05:33:49+02:00\"},{\"@type\":\"WebSite\",\"@id\":\"https:\\\/\\\/eldigitaldeasturias.com\\\/magazine365\\\/#website\",\"url\":\"https:\\\/\\\/eldigitaldeasturias.com\\\/magazine365\\\/\",\"name\":\"El Digital de Asturias\",\"description\":\"Revista de ocio, turismo y estilo de vida\",\"inLanguage\":\"es-ES\",\"publisher\":{\"@id\":\"https:\\\/\\\/eldigitaldeasturias.com\\\/magazine365\\\/#organization\"}}]}\n\t\t<\/script>\n\t\t<!-- All in One SEO Pro -->\r\n\t\t<title>La Fortaleza del Sol ofrece a lorquinos y visitantes un ambiente \u00abm\u00e1gico\u00bb con motivo de la noche de las Perseidas | El Digital de Asturias<\/title>\n\n","aioseo_head_json":{"title":"La Fortaleza del Sol ofrece a lorquinos y visitantes un ambiente \u00abm\u00e1gico\u00bb con motivo de la noche de las Perseidas | El Digital de Asturias","description":"El concejal de Turismo del Ayuntamiento de Lorca, Francisco Montiel, ha informado que el 12 de agosto \"Lorca Taller del Tiempo\" est\u00e1 organizando unas actividades entre las que destaca \"Perseidas y poes\u00edas en la Fortaleza del Sol\". Esta actividad, junto a los \u00faltimos rayos del sol lorquino y los nuevos aires que refrescan el ambiente,","canonical_url":"https:\/\/eldigitaldeasturias.com\/magazine365\/la-fortaleza-del-sol-ofrece-a-lorquinos-y-visitantes-un-ambiente-magico-con-motivo-de-la-noche-de-las-perseidas\/","robots":"max-image-preview:large","keywords":"noticias y actualidad","webmasterTools":{"google-site-verification":"UA-38556648-1","miscellaneous":""},"schema":{"@context":"https:\/\/schema.org","@graph":[{"@type":"Article","@id":"https:\/\/eldigitaldeasturias.com\/magazine365\/la-fortaleza-del-sol-ofrece-a-lorquinos-y-visitantes-un-ambiente-magico-con-motivo-de-la-noche-de-las-perseidas\/#article","name":"La Fortaleza del Sol ofrece a lorquinos y visitantes un ambiente \u00abm\u00e1gico\u00bb con motivo de la noche de las Perseidas | El Digital de Asturias","headline":"La Fortaleza del Sol ofrece a lorquinos y visitantes un ambiente \u00abm\u00e1gico\u00bb con motivo de la noche de las Perseidas","author":{"@id":"https:\/\/eldigitaldeasturias.com\/magazine365\/author\/admin\/#author"},"publisher":{"@id":"https:\/\/eldigitaldeasturias.com\/magazine365\/#organization"},"image":{"@type":"ImageObject","url":"https:\/\/eldigitaldeasturias.com\/magazine365\/wp-content\/uploads\/2015\/07\/fotonoticia_20150715183655_800.jpg","width":800,"height":600},"datePublished":"2015-07-16T05:33:49+02:00","dateModified":"2015-07-16T05:33:49+02:00","inLanguage":"es-ES","mainEntityOfPage":{"@id":"https:\/\/eldigitaldeasturias.com\/magazine365\/la-fortaleza-del-sol-ofrece-a-lorquinos-y-visitantes-un-ambiente-magico-con-motivo-de-la-noche-de-las-perseidas\/#webpage"},"isPartOf":{"@id":"https:\/\/eldigitaldeasturias.com\/magazine365\/la-fortaleza-del-sol-ofrece-a-lorquinos-y-visitantes-un-ambiente-magico-con-motivo-de-la-noche-de-las-perseidas\/#webpage"},"articleSection":"Noticias y Actualidad"},{"@type":"BreadcrumbList","@id":"https:\/\/eldigitaldeasturias.com\/magazine365\/la-fortaleza-del-sol-ofrece-a-lorquinos-y-visitantes-un-ambiente-magico-con-motivo-de-la-noche-de-las-perseidas\/#breadcrumblist","itemListElement":[{"@type":"ListItem","@id":"https:\/\/eldigitaldeasturias.com\/magazine365#listItem","position":1,"name":"Home","item":"https:\/\/eldigitaldeasturias.com\/magazine365","nextItem":{"@type":"ListItem","@id":"https:\/\/eldigitaldeasturias.com\/magazine365\/category\/noticias-actualidad\/#listItem","name":"Noticias y Actualidad"}},{"@type":"ListItem","@id":"https:\/\/eldigitaldeasturias.com\/magazine365\/category\/noticias-actualidad\/#listItem","position":2,"name":"Noticias y Actualidad","item":"https:\/\/eldigitaldeasturias.com\/magazine365\/category\/noticias-actualidad\/","nextItem":{"@type":"ListItem","@id":"https:\/\/eldigitaldeasturias.com\/magazine365\/la-fortaleza-del-sol-ofrece-a-lorquinos-y-visitantes-un-ambiente-magico-con-motivo-de-la-noche-de-las-perseidas\/#listItem","name":"La Fortaleza del Sol ofrece a lorquinos y visitantes un ambiente \u00abm\u00e1gico\u00bb con motivo de la noche de las Perseidas"},"previousItem":{"@type":"ListItem","@id":"https:\/\/eldigitaldeasturias.com\/magazine365#listItem","name":"Home"}},{"@type":"ListItem","@id":"https:\/\/eldigitaldeasturias.com\/magazine365\/la-fortaleza-del-sol-ofrece-a-lorquinos-y-visitantes-un-ambiente-magico-con-motivo-de-la-noche-de-las-perseidas\/#listItem","position":3,"name":"La Fortaleza del Sol ofrece a lorquinos y visitantes un ambiente \u00abm\u00e1gico\u00bb con motivo de la noche de las Perseidas","previousItem":{"@type":"ListItem","@id":"https:\/\/eldigitaldeasturias.com\/magazine365\/category\/noticias-actualidad\/#listItem","name":"Noticias y Actualidad"}}]},{"@type":"Organization","@id":"https:\/\/eldigitaldeasturias.com\/magazine365\/#organization","name":"El digital de Asturias","description":"Revista de ocio, turismo y estilo de vida","url":"https:\/\/eldigitaldeasturias.com\/magazine365\/","logo":{"@type":"ImageObject","url":"https:\/\/www.eldigitaldeasturias.com\/noticias\/wp-content\/uploads\/2020\/12\/EDA.jpg","@id":"https:\/\/eldigitaldeasturias.com\/magazine365\/la-fortaleza-del-sol-ofrece-a-lorquinos-y-visitantes-un-ambiente-magico-con-motivo-de-la-noche-de-las-perseidas\/#organizationLogo"},"image":{"@id":"https:\/\/eldigitaldeasturias.com\/magazine365\/la-fortaleza-del-sol-ofrece-a-lorquinos-y-visitantes-un-ambiente-magico-con-motivo-de-la-noche-de-las-perseidas\/#organizationLogo"}},{"@type":"Person","@id":"https:\/\/eldigitaldeasturias.com\/magazine365\/author\/admin\/#author","url":"https:\/\/eldigitaldeasturias.com\/magazine365\/author\/admin\/","name":"admin","image":{"@type":"ImageObject","@id":"https:\/\/eldigitaldeasturias.com\/magazine365\/la-fortaleza-del-sol-ofrece-a-lorquinos-y-visitantes-un-ambiente-magico-con-motivo-de-la-noche-de-las-perseidas\/#authorImage","url":"https:\/\/eldigitaldeasturias.com\/magazine365\/wp-content\/litespeed\/avatar\/e571bcf59a0edd6fa6838245a470f2fe.jpg?ver=1777574230","width":96,"height":96,"caption":"admin"}},{"@type":"WebPage","@id":"https:\/\/eldigitaldeasturias.com\/magazine365\/la-fortaleza-del-sol-ofrece-a-lorquinos-y-visitantes-un-ambiente-magico-con-motivo-de-la-noche-de-las-perseidas\/#webpage","url":"https:\/\/eldigitaldeasturias.com\/magazine365\/la-fortaleza-del-sol-ofrece-a-lorquinos-y-visitantes-un-ambiente-magico-con-motivo-de-la-noche-de-las-perseidas\/","name":"La Fortaleza del Sol ofrece a lorquinos y visitantes un ambiente \u00abm\u00e1gico\u00bb con motivo de la noche de las Perseidas | El Digital de Asturias","description":"El concejal de Turismo del Ayuntamiento de Lorca, Francisco Montiel, ha informado que el 12 de agosto \"Lorca Taller del Tiempo\" est\u00e1 organizando unas actividades entre las que destaca \"Perseidas y poes\u00edas en la Fortaleza del Sol\". Esta actividad, junto a los \u00faltimos rayos del sol lorquino y los nuevos aires que refrescan el ambiente,","inLanguage":"es-ES","isPartOf":{"@id":"https:\/\/eldigitaldeasturias.com\/magazine365\/#website"},"breadcrumb":{"@id":"https:\/\/eldigitaldeasturias.com\/magazine365\/la-fortaleza-del-sol-ofrece-a-lorquinos-y-visitantes-un-ambiente-magico-con-motivo-de-la-noche-de-las-perseidas\/#breadcrumblist"},"author":{"@id":"https:\/\/eldigitaldeasturias.com\/magazine365\/author\/admin\/#author"},"creator":{"@id":"https:\/\/eldigitaldeasturias.com\/magazine365\/author\/admin\/#author"},"image":{"@type":"ImageObject","url":"https:\/\/eldigitaldeasturias.com\/magazine365\/wp-content\/uploads\/2015\/07\/fotonoticia_20150715183655_800.jpg","@id":"https:\/\/eldigitaldeasturias.com\/magazine365\/la-fortaleza-del-sol-ofrece-a-lorquinos-y-visitantes-un-ambiente-magico-con-motivo-de-la-noche-de-las-perseidas\/#mainImage","width":800,"height":600},"primaryImageOfPage":{"@id":"https:\/\/eldigitaldeasturias.com\/magazine365\/la-fortaleza-del-sol-ofrece-a-lorquinos-y-visitantes-un-ambiente-magico-con-motivo-de-la-noche-de-las-perseidas\/#mainImage"},"datePublished":"2015-07-16T05:33:49+02:00","dateModified":"2015-07-16T05:33:49+02:00"},{"@type":"WebSite","@id":"https:\/\/eldigitaldeasturias.com\/magazine365\/#website","url":"https:\/\/eldigitaldeasturias.com\/magazine365\/","name":"El Digital de Asturias","description":"Revista de ocio, turismo y estilo de vida","inLanguage":"es-ES","publisher":{"@id":"https:\/\/eldigitaldeasturias.com\/magazine365\/#organization"}}]},"og:locale":"es_ES","og:site_name":"El Digital de Asturias \u2013 Revista de ocio, turismo y estilo de vida","og:type":"article","og:title":"La Fortaleza del Sol ofrece a lorquinos y visitantes un ambiente \u00abm\u00e1gico\u00bb con motivo de la noche de las Perseidas | El Digital de Asturias","og:description":"El concejal de Turismo del Ayuntamiento de Lorca, Francisco Montiel, ha informado que el 12 de agosto &quot;Lorca Taller del Tiempo&quot; est\u00e1 organizando unas actividades entre las que destaca &quot;Perseidas y poes\u00edas en la Fortaleza del Sol&quot;. Esta actividad, junto a los \u00faltimos rayos del sol lorquino y los nuevos aires que refrescan el ambiente,","og:url":"https:\/\/eldigitaldeasturias.com\/magazine365\/la-fortaleza-del-sol-ofrece-a-lorquinos-y-visitantes-un-ambiente-magico-con-motivo-de-la-noche-de-las-perseidas\/","og:image":"https:\/\/eldigitaldeasturias.com\/magazine365\/wp-content\/uploads\/2015\/07\/fotonoticia_20150715183655_800.jpg","og:image:secure_url":"https:\/\/eldigitaldeasturias.com\/magazine365\/wp-content\/uploads\/2015\/07\/fotonoticia_20150715183655_800.jpg","og:image:width":800,"og:image:height":600,"article:published_time":"2015-07-16T03:33:49+00:00","article:modified_time":"2015-07-16T03:33:49+00:00","twitter:card":"summary_large_image","twitter:title":"La Fortaleza del Sol ofrece a lorquinos y visitantes un ambiente \u00abm\u00e1gico\u00bb con motivo de la noche de las Perseidas | El Digital de Asturias","twitter:description":"El concejal de Turismo del Ayuntamiento de Lorca, Francisco Montiel, ha informado que el 12 de agosto &quot;Lorca Taller del Tiempo&quot; est\u00e1 organizando unas actividades entre las que destaca &quot;Perseidas y poes\u00edas en la Fortaleza del Sol&quot;. Esta actividad, junto a los \u00faltimos rayos del sol lorquino y los nuevos aires que refrescan el ambiente,","twitter:image":"https:\/\/eldigitaldeasturias.com\/magazine365\/wp-content\/uploads\/2015\/07\/fotonoticia_20150715183655_800.jpg"},"aioseo_meta_data":{"post_id":"42845","title":null,"description":null,"keywords":null,"keyphrases":null,"primary_term":null,"canonical_url":null,"og_title":null,"og_description":null,"og_object_type":"default","og_image_type":"default","og_image_url":null,"og_image_width":null,"og_image_height":null,"og_image_custom_url":null,"og_image_custom_fields":null,"og_video":null,"og_custom_url":null,"og_article_section":null,"og_article_tags":null,"twitter_use_og":false,"twitter_card":"default","twitter_image_type":"default","twitter_image_url":null,"twitter_image_custom_url":null,"twitter_image_custom_fields":null,"twitter_title":null,"twitter_description":null,"schema":{"blockGraphs":[],"customGraphs":[],"default":{"data":{"Article":[],"Course":[],"Dataset":[],"FAQPage":[],"Movie":[],"Person":[],"Product":[],"ProductReview":[],"Car":[],"Recipe":[],"Service":[],"SoftwareApplication":[],"WebPage":[]},"graphName":"","isEnabled":true},"graphs":[],"defaultGraph":"","defaultPostTypeGraph":""},"schema_type":null,"schema_type_options":null,"pillar_content":false,"robots_default":true,"robots_noindex":false,"robots_noarchive":false,"robots_nosnippet":false,"robots_nofollow":false,"robots_noimageindex":false,"robots_noodp":false,"robots_notranslate":false,"robots_max_snippet":null,"robots_max_videopreview":null,"robots_max_imagepreview":"large","priority":null,"frequency":null,"location":null,"local_seo":null,"seo_analyzer_scan_date":"2025-09-19 18:36:36","breadcrumb_settings":null,"limit_modified_date":false,"open_ai":null,"ai":null,"created":"2021-03-09 01:55:40","updated":"2025-09-19 18:36:36"},"aioseo_breadcrumb":"<div class=\"aioseo-breadcrumbs\"><span class=\"aioseo-breadcrumb\">\n\t<a href=\"https:\/\/eldigitaldeasturias.com\/magazine365\" title=\"Home\">Home<\/a>\n<\/span><span class=\"aioseo-breadcrumb-separator\">\u2013<\/span><span class=\"aioseo-breadcrumb\">\n\t<a href=\"https:\/\/eldigitaldeasturias.com\/magazine365\/category\/noticias-actualidad\/\" title=\"Noticias y Actualidad\">Noticias y Actualidad<\/a>\n<\/span><span class=\"aioseo-breadcrumb-separator\">\u2013<\/span><span class=\"aioseo-breadcrumb\">\n\t<a href=\"https:\/\/eldigitaldeasturias.com\/magazine365\/la-fortaleza-del-sol-ofrece-a-lorquinos-y-visitantes-un-ambiente-magico-con-motivo-de-la-noche-de-las-perseidas\/\" title=\"La Fortaleza del Sol ofrece a lorquinos y visitantes un ambiente \u00abm\u00e1gico\u00bb con motivo de la noche de las Perseidas\">La Fortaleza del Sol ofrece a lorquinos y visitantes un ambiente \u00abm\u00e1gico\u00bb con motivo de la noche de las Perseidas<\/a>\n<\/span><\/div>","aioseo_breadcrumb_json":[{"label":"Home","link":"https:\/\/eldigitaldeasturias.com\/magazine365"},{"label":"Noticias y Actualidad","link":"https:\/\/eldigitaldeasturias.com\/magazine365\/category\/noticias-actualidad\/"},{"label":"La Fortaleza del Sol ofrece a lorquinos y visitantes un ambiente \u00abm\u00e1gico\u00bb con motivo de la noche de las Perseidas","link":"https:\/\/eldigitaldeasturias.com\/magazine365\/la-fortaleza-del-sol-ofrece-a-lorquinos-y-visitantes-un-ambiente-magico-con-motivo-de-la-noche-de-las-perseidas\/"}],"_links":{"self":[{"href":"https:\/\/eldigitaldeasturias.com\/magazine365\/wp-json\/wp\/v2\/posts\/42845","targetHints":{"allow":["GET"]}}],"collection":[{"href":"https:\/\/eldigitaldeasturias.com\/magazine365\/wp-json\/wp\/v2\/posts"}],"about":[{"href":"https:\/\/eldigitaldeasturias.com\/magazine365\/wp-json\/wp\/v2\/types\/post"}],"author":[{"embeddable":true,"href":"https:\/\/eldigitaldeasturias.com\/magazine365\/wp-json\/wp\/v2\/users\/1"}],"replies":[{"embeddable":true,"href":"https:\/\/eldigitaldeasturias.com\/magazine365\/wp-json\/wp\/v2\/comments?post=42845"}],"version-history":[{"count":0,"href":"https:\/\/eldigitaldeasturias.com\/magazine365\/wp-json\/wp\/v2\/posts\/42845\/revisions"}],"wp:featuredmedia":[{"embeddable":true,"href":"https:\/\/eldigitaldeasturias.com\/magazine365\/wp-json\/wp\/v2\/media\/42846"}],"wp:attachment":[{"href":"https:\/\/eldigitaldeasturias.com\/magazine365\/wp-json\/wp\/v2\/media?parent=42845"}],"wp:term":[{"taxonomy":"category","embeddable":true,"href":"https:\/\/eldigitaldeasturias.com\/magazine365\/wp-json\/wp\/v2\/categories?post=42845"},{"taxonomy":"post_tag","embeddable":true,"href":"https:\/\/eldigitaldeasturias.com\/magazine365\/wp-json\/wp\/v2\/tags?post=42845"}],"curies":[{"name":"wp","href":"https:\/\/api.w.org\/{rel}","templated":true}]}}