{"id":42842,"date":"2015-07-16T05:31:24","date_gmt":"2015-07-16T03:31:24","guid":{"rendered":"http:\/\/eldigitaldeasturias.com\/magazine365\/?p=42842"},"modified":"2015-07-16T05:31:24","modified_gmt":"2015-07-16T03:31:24","slug":"barcelo-destaca-que-se-llevara-a-cabo-una-regulacion-en-el-todo-incluido-para-incidir-en-la-calidad-del-servicio","status":"publish","type":"post","link":"https:\/\/eldigitaldeasturias.com\/magazine365\/barcelo-destaca-que-se-llevara-a-cabo-una-regulacion-en-el-todo-incluido-para-incidir-en-la-calidad-del-servicio\/","title":{"rendered":"Barcel\u00f3 destaca que se llevar\u00e1 a cabo una regulaci\u00f3n en el &#8216;todo incluido&#8217; para incidir en la calidad del servicio"},"content":{"rendered":"<p><img fetchpriority=\"high\" decoding=\"async\" class=\"alignleft size-medium wp-image-42843\" src=\"https:\/\/eldigitaldeasturias.com\/magazine365\/wp-content\/uploads\/2015\/07\/fotonoticia_20150715182340_800-360x202.jpg\" alt=\"fotonoticia_20150715182340_800\" width=\"360\" height=\"202\" srcset=\"https:\/\/eldigitaldeasturias.com\/magazine365\/wp-content\/uploads\/2015\/07\/fotonoticia_20150715182340_800-360x202.jpg 360w, https:\/\/eldigitaldeasturias.com\/magazine365\/wp-content\/uploads\/2015\/07\/fotonoticia_20150715182340_800-650x365.jpg 650w, https:\/\/eldigitaldeasturias.com\/magazine365\/wp-content\/uploads\/2015\/07\/fotonoticia_20150715182340_800-768x431.jpg 768w, https:\/\/eldigitaldeasturias.com\/magazine365\/wp-content\/uploads\/2015\/07\/fotonoticia_20150715182340_800-150x84.jpg 150w, https:\/\/eldigitaldeasturias.com\/magazine365\/wp-content\/uploads\/2015\/07\/fotonoticia_20150715182340_800-450x253.jpg 450w, https:\/\/eldigitaldeasturias.com\/magazine365\/wp-content\/uploads\/2015\/07\/fotonoticia_20150715182340_800-696x391.jpg 696w, https:\/\/eldigitaldeasturias.com\/magazine365\/wp-content\/uploads\/2015\/07\/fotonoticia_20150715182340_800-748x420.jpg 748w, https:\/\/eldigitaldeasturias.com\/magazine365\/wp-content\/uploads\/2015\/07\/fotonoticia_20150715182340_800-499x280.jpg 499w, https:\/\/eldigitaldeasturias.com\/magazine365\/wp-content\/uploads\/2015\/07\/fotonoticia_20150715182340_800.jpg 800w\" sizes=\"(max-width: 360px) 100vw, 360px\" \/>El vicepresidente y conseller de Turismo, Biel Barcel\u00f3, ha se\u00f1alado este mi\u00e9rcoles que se llevar\u00e1 a cabo una regulaci\u00f3n en el &#8216;todo incluido&#8217; para \u00abincidir en la calidad del servicio y para evitar la desertizaci\u00f3n de la oferta complementaria\u00bb.<\/p>\n<p>As\u00ed lo ha destacado en las reuniones que ha mantenido con la Asociaci\u00f3n de Apartamentos Tur\u00edsticos (APTUR) y con la Asociaci\u00f3n de Comerciantes y Empresas de Servicios Tur\u00edsticos (ACOTUR), dentro de la ronda de contactos que est\u00e1 manteniendo con entidades del sector tur\u00edstico.<\/p>\n<p>Esta primera reuni\u00f3n ha servido para analizar la situaci\u00f3n de este tipo de oferta en constante crecimiento en las islas.<\/p>\n<p>El conseller ha puesto de manifiesto que es plenamente consciente de la realidad del sector y de la necesidad de trabajar en una regulaci\u00f3n con la participaci\u00f3n de todos los agentes implicados.<\/p>\n<p>Asimismo, ha se\u00f1alado la voluntad de tener esta cuesti\u00f3n resuelta para la pr\u00f3xima temporada. As\u00ed, ha destacado que ha pedido a los servicios jur\u00eddicos un an\u00e1lisis del tema y la b\u00fasqueda de soluciones normativas que aporten seguridad jur\u00eddica.<\/p>\n<p>Por otra parte, Barcel\u00f3 ha hablado con los representantes de las asociaciones de la reforma de la Ley tur\u00edstica, as\u00ed como de la necesidad tambi\u00e9n de mejorar la imagen de zonas tur\u00edsticas como Magaluf y la Playa de Palma. En este sentido, el conseller ha adelantado que la reforma de la Ley tur\u00edstica se har\u00e1 con la participaci\u00f3n de todos los sectores implicados.<\/p>\n","protected":false},"excerpt":{"rendered":"<p>El vicepresidente y conseller de Turismo, Biel Barcel\u00f3, ha se\u00f1alado este mi\u00e9rcoles que se llevar\u00e1 a cabo una regulaci\u00f3n en el &#8216;todo incluido&#8217; para \u00abincidir en la calidad del servicio y para evitar la desertizaci\u00f3n de la oferta complementaria\u00bb. As\u00ed lo ha destacado en las reuniones que ha mantenido con la Asociaci\u00f3n de Apartamentos Tur\u00edsticos<\/p>\n","protected":false},"author":1,"featured_media":42843,"comment_status":"open","ping_status":"closed","sticky":false,"template":"","format":"standard","meta":{"footnotes":""},"categories":[222],"tags":[],"class_list":{"0":"post-42842","1":"post","2":"type-post","3":"status-publish","4":"format-standard","5":"has-post-thumbnail","7":"category-actualidad-turismo"},"aioseo_notices":[],"aioseo_head":"\n\t\t<!-- All in One SEO Pro 4.9.6.1 - aioseo.com -->\n\t<meta name=\"description\" content=\"El vicepresidente y conseller de Turismo, Biel Barcel\u00f3, ha se\u00f1alado este mi\u00e9rcoles que se llevar\u00e1 a cabo una regulaci\u00f3n en el &#039;todo incluido&#039; para &quot;incidir en la calidad del servicio y para evitar la desertizaci\u00f3n de la oferta complementaria&quot;. As\u00ed lo ha destacado en las reuniones que ha mantenido con la Asociaci\u00f3n de Apartamentos Tur\u00edsticos\" \/>\n\t<meta name=\"robots\" content=\"max-image-preview:large\" \/>\n\t<meta name=\"author\" content=\"admin\"\/>\n\t<meta name=\"google-site-verification\" content=\"UA-38556648-1\" \/>\n\t<meta name=\"keywords\" content=\"actualidad turismo\" \/>\n\t<link rel=\"canonical\" href=\"https:\/\/eldigitaldeasturias.com\/magazine365\/barcelo-destaca-que-se-llevara-a-cabo-una-regulacion-en-el-todo-incluido-para-incidir-en-la-calidad-del-servicio\/\" \/>\n\t<meta name=\"generator\" content=\"All in One SEO Pro (AIOSEO) 4.9.6.1\" \/>\n\t\t<meta property=\"og:locale\" content=\"es_ES\" \/>\n\t\t<meta property=\"og:site_name\" content=\"El Digital de Asturias \u2013 Revista de ocio, turismo y estilo de vida\" \/>\n\t\t<meta property=\"og:type\" content=\"article\" \/>\n\t\t<meta property=\"og:title\" content=\"Barcel\u00f3 destaca que se llevar\u00e1 a cabo una regulaci\u00f3n en el \u2018todo incluido\u2019 para incidir en la calidad del servicio | El Digital de Asturias\" \/>\n\t\t<meta property=\"og:description\" content=\"El vicepresidente y conseller de Turismo, Biel Barcel\u00f3, ha se\u00f1alado este mi\u00e9rcoles que se llevar\u00e1 a cabo una regulaci\u00f3n en el &#039;todo incluido&#039; para &quot;incidir en la calidad del servicio y para evitar la desertizaci\u00f3n de la oferta complementaria&quot;. As\u00ed lo ha destacado en las reuniones que ha mantenido con la Asociaci\u00f3n de Apartamentos Tur\u00edsticos\" \/>\n\t\t<meta property=\"og:url\" content=\"https:\/\/eldigitaldeasturias.com\/magazine365\/barcelo-destaca-que-se-llevara-a-cabo-una-regulacion-en-el-todo-incluido-para-incidir-en-la-calidad-del-servicio\/\" \/>\n\t\t<meta property=\"og:image\" content=\"https:\/\/eldigitaldeasturias.com\/magazine365\/wp-content\/uploads\/2015\/07\/fotonoticia_20150715182340_800.jpg\" \/>\n\t\t<meta property=\"og:image:secure_url\" content=\"https:\/\/eldigitaldeasturias.com\/magazine365\/wp-content\/uploads\/2015\/07\/fotonoticia_20150715182340_800.jpg\" \/>\n\t\t<meta property=\"og:image:width\" content=\"800\" \/>\n\t\t<meta property=\"og:image:height\" content=\"449\" \/>\n\t\t<meta property=\"article:published_time\" content=\"2015-07-16T03:31:24+00:00\" \/>\n\t\t<meta property=\"article:modified_time\" content=\"2015-07-16T03:31:24+00:00\" \/>\n\t\t<meta name=\"twitter:card\" content=\"summary_large_image\" \/>\n\t\t<meta name=\"twitter:title\" content=\"Barcel\u00f3 destaca que se llevar\u00e1 a cabo una regulaci\u00f3n en el \u2018todo incluido\u2019 para incidir en la calidad del servicio | El Digital de Asturias\" \/>\n\t\t<meta name=\"twitter:description\" content=\"El vicepresidente y conseller de Turismo, Biel Barcel\u00f3, ha se\u00f1alado este mi\u00e9rcoles que se llevar\u00e1 a cabo una regulaci\u00f3n en el &#039;todo incluido&#039; para &quot;incidir en la calidad del servicio y para evitar la desertizaci\u00f3n de la oferta complementaria&quot;. As\u00ed lo ha destacado en las reuniones que ha mantenido con la Asociaci\u00f3n de Apartamentos Tur\u00edsticos\" \/>\n\t\t<meta name=\"twitter:image\" content=\"https:\/\/eldigitaldeasturias.com\/magazine365\/wp-content\/uploads\/2015\/07\/fotonoticia_20150715182340_800.jpg\" \/>\n\t\t<script type=\"application\/ld+json\" class=\"aioseo-schema\">\n\t\t\t{\"@context\":\"https:\\\/\\\/schema.org\",\"@graph\":[{\"@type\":\"Article\",\"@id\":\"https:\\\/\\\/eldigitaldeasturias.com\\\/magazine365\\\/barcelo-destaca-que-se-llevara-a-cabo-una-regulacion-en-el-todo-incluido-para-incidir-en-la-calidad-del-servicio\\\/#article\",\"name\":\"Barcel\\u00f3 destaca que se llevar\\u00e1 a cabo una regulaci\\u00f3n en el \\u2018todo incluido\\u2019 para incidir en la calidad del servicio | El Digital de Asturias\",\"headline\":\"Barcel\\u00f3 destaca que se llevar\\u00e1 a cabo una regulaci\\u00f3n en el &#8216;todo incluido&#8217; para incidir en la calidad del servicio\",\"author\":{\"@id\":\"https:\\\/\\\/eldigitaldeasturias.com\\\/magazine365\\\/author\\\/admin\\\/#author\"},\"publisher\":{\"@id\":\"https:\\\/\\\/eldigitaldeasturias.com\\\/magazine365\\\/#organization\"},\"image\":{\"@type\":\"ImageObject\",\"url\":\"https:\\\/\\\/eldigitaldeasturias.com\\\/magazine365\\\/wp-content\\\/uploads\\\/2015\\\/07\\\/fotonoticia_20150715182340_800.jpg\",\"width\":800,\"height\":449},\"datePublished\":\"2015-07-16T05:31:24+02:00\",\"dateModified\":\"2015-07-16T05:31:24+02:00\",\"inLanguage\":\"es-ES\",\"mainEntityOfPage\":{\"@id\":\"https:\\\/\\\/eldigitaldeasturias.com\\\/magazine365\\\/barcelo-destaca-que-se-llevara-a-cabo-una-regulacion-en-el-todo-incluido-para-incidir-en-la-calidad-del-servicio\\\/#webpage\"},\"isPartOf\":{\"@id\":\"https:\\\/\\\/eldigitaldeasturias.com\\\/magazine365\\\/barcelo-destaca-que-se-llevara-a-cabo-una-regulacion-en-el-todo-incluido-para-incidir-en-la-calidad-del-servicio\\\/#webpage\"},\"articleSection\":\"Actualidad Turismo\"},{\"@type\":\"BreadcrumbList\",\"@id\":\"https:\\\/\\\/eldigitaldeasturias.com\\\/magazine365\\\/barcelo-destaca-que-se-llevara-a-cabo-una-regulacion-en-el-todo-incluido-para-incidir-en-la-calidad-del-servicio\\\/#breadcrumblist\",\"itemListElement\":[{\"@type\":\"ListItem\",\"@id\":\"https:\\\/\\\/eldigitaldeasturias.com\\\/magazine365#listItem\",\"position\":1,\"name\":\"Home\",\"item\":\"https:\\\/\\\/eldigitaldeasturias.com\\\/magazine365\",\"nextItem\":{\"@type\":\"ListItem\",\"@id\":\"https:\\\/\\\/eldigitaldeasturias.com\\\/magazine365\\\/category\\\/actualidad-turismo\\\/#listItem\",\"name\":\"Actualidad Turismo\"}},{\"@type\":\"ListItem\",\"@id\":\"https:\\\/\\\/eldigitaldeasturias.com\\\/magazine365\\\/category\\\/actualidad-turismo\\\/#listItem\",\"position\":2,\"name\":\"Actualidad Turismo\",\"item\":\"https:\\\/\\\/eldigitaldeasturias.com\\\/magazine365\\\/category\\\/actualidad-turismo\\\/\",\"nextItem\":{\"@type\":\"ListItem\",\"@id\":\"https:\\\/\\\/eldigitaldeasturias.com\\\/magazine365\\\/barcelo-destaca-que-se-llevara-a-cabo-una-regulacion-en-el-todo-incluido-para-incidir-en-la-calidad-del-servicio\\\/#listItem\",\"name\":\"Barcel\\u00f3 destaca que se llevar\\u00e1 a cabo una regulaci\\u00f3n en el &#8216;todo incluido&#8217; para incidir en la calidad del servicio\"},\"previousItem\":{\"@type\":\"ListItem\",\"@id\":\"https:\\\/\\\/eldigitaldeasturias.com\\\/magazine365#listItem\",\"name\":\"Home\"}},{\"@type\":\"ListItem\",\"@id\":\"https:\\\/\\\/eldigitaldeasturias.com\\\/magazine365\\\/barcelo-destaca-que-se-llevara-a-cabo-una-regulacion-en-el-todo-incluido-para-incidir-en-la-calidad-del-servicio\\\/#listItem\",\"position\":3,\"name\":\"Barcel\\u00f3 destaca que se llevar\\u00e1 a cabo una regulaci\\u00f3n en el &#8216;todo incluido&#8217; para incidir en la calidad del servicio\",\"previousItem\":{\"@type\":\"ListItem\",\"@id\":\"https:\\\/\\\/eldigitaldeasturias.com\\\/magazine365\\\/category\\\/actualidad-turismo\\\/#listItem\",\"name\":\"Actualidad Turismo\"}}]},{\"@type\":\"Organization\",\"@id\":\"https:\\\/\\\/eldigitaldeasturias.com\\\/magazine365\\\/#organization\",\"name\":\"El digital de Asturias\",\"description\":\"Revista de ocio, turismo y estilo de vida\",\"url\":\"https:\\\/\\\/eldigitaldeasturias.com\\\/magazine365\\\/\",\"logo\":{\"@type\":\"ImageObject\",\"url\":\"https:\\\/\\\/www.eldigitaldeasturias.com\\\/noticias\\\/wp-content\\\/uploads\\\/2020\\\/12\\\/EDA.jpg\",\"@id\":\"https:\\\/\\\/eldigitaldeasturias.com\\\/magazine365\\\/barcelo-destaca-que-se-llevara-a-cabo-una-regulacion-en-el-todo-incluido-para-incidir-en-la-calidad-del-servicio\\\/#organizationLogo\"},\"image\":{\"@id\":\"https:\\\/\\\/eldigitaldeasturias.com\\\/magazine365\\\/barcelo-destaca-que-se-llevara-a-cabo-una-regulacion-en-el-todo-incluido-para-incidir-en-la-calidad-del-servicio\\\/#organizationLogo\"}},{\"@type\":\"Person\",\"@id\":\"https:\\\/\\\/eldigitaldeasturias.com\\\/magazine365\\\/author\\\/admin\\\/#author\",\"url\":\"https:\\\/\\\/eldigitaldeasturias.com\\\/magazine365\\\/author\\\/admin\\\/\",\"name\":\"admin\",\"image\":{\"@type\":\"ImageObject\",\"@id\":\"https:\\\/\\\/eldigitaldeasturias.com\\\/magazine365\\\/barcelo-destaca-que-se-llevara-a-cabo-una-regulacion-en-el-todo-incluido-para-incidir-en-la-calidad-del-servicio\\\/#authorImage\",\"url\":\"https:\\\/\\\/eldigitaldeasturias.com\\\/magazine365\\\/wp-content\\\/litespeed\\\/avatar\\\/e571bcf59a0edd6fa6838245a470f2fe.jpg?ver=1777574230\",\"width\":96,\"height\":96,\"caption\":\"admin\"}},{\"@type\":\"WebPage\",\"@id\":\"https:\\\/\\\/eldigitaldeasturias.com\\\/magazine365\\\/barcelo-destaca-que-se-llevara-a-cabo-una-regulacion-en-el-todo-incluido-para-incidir-en-la-calidad-del-servicio\\\/#webpage\",\"url\":\"https:\\\/\\\/eldigitaldeasturias.com\\\/magazine365\\\/barcelo-destaca-que-se-llevara-a-cabo-una-regulacion-en-el-todo-incluido-para-incidir-en-la-calidad-del-servicio\\\/\",\"name\":\"Barcel\\u00f3 destaca que se llevar\\u00e1 a cabo una regulaci\\u00f3n en el \\u2018todo incluido\\u2019 para incidir en la calidad del servicio | El Digital de Asturias\",\"description\":\"El vicepresidente y conseller de Turismo, Biel Barcel\\u00f3, ha se\\u00f1alado este mi\\u00e9rcoles que se llevar\\u00e1 a cabo una regulaci\\u00f3n en el 'todo incluido' para \\\"incidir en la calidad del servicio y para evitar la desertizaci\\u00f3n de la oferta complementaria\\\". As\\u00ed lo ha destacado en las reuniones que ha mantenido con la Asociaci\\u00f3n de Apartamentos Tur\\u00edsticos\",\"inLanguage\":\"es-ES\",\"isPartOf\":{\"@id\":\"https:\\\/\\\/eldigitaldeasturias.com\\\/magazine365\\\/#website\"},\"breadcrumb\":{\"@id\":\"https:\\\/\\\/eldigitaldeasturias.com\\\/magazine365\\\/barcelo-destaca-que-se-llevara-a-cabo-una-regulacion-en-el-todo-incluido-para-incidir-en-la-calidad-del-servicio\\\/#breadcrumblist\"},\"author\":{\"@id\":\"https:\\\/\\\/eldigitaldeasturias.com\\\/magazine365\\\/author\\\/admin\\\/#author\"},\"creator\":{\"@id\":\"https:\\\/\\\/eldigitaldeasturias.com\\\/magazine365\\\/author\\\/admin\\\/#author\"},\"image\":{\"@type\":\"ImageObject\",\"url\":\"https:\\\/\\\/eldigitaldeasturias.com\\\/magazine365\\\/wp-content\\\/uploads\\\/2015\\\/07\\\/fotonoticia_20150715182340_800.jpg\",\"@id\":\"https:\\\/\\\/eldigitaldeasturias.com\\\/magazine365\\\/barcelo-destaca-que-se-llevara-a-cabo-una-regulacion-en-el-todo-incluido-para-incidir-en-la-calidad-del-servicio\\\/#mainImage\",\"width\":800,\"height\":449},\"primaryImageOfPage\":{\"@id\":\"https:\\\/\\\/eldigitaldeasturias.com\\\/magazine365\\\/barcelo-destaca-que-se-llevara-a-cabo-una-regulacion-en-el-todo-incluido-para-incidir-en-la-calidad-del-servicio\\\/#mainImage\"},\"datePublished\":\"2015-07-16T05:31:24+02:00\",\"dateModified\":\"2015-07-16T05:31:24+02:00\"},{\"@type\":\"WebSite\",\"@id\":\"https:\\\/\\\/eldigitaldeasturias.com\\\/magazine365\\\/#website\",\"url\":\"https:\\\/\\\/eldigitaldeasturias.com\\\/magazine365\\\/\",\"name\":\"El Digital de Asturias\",\"description\":\"Revista de ocio, turismo y estilo de vida\",\"inLanguage\":\"es-ES\",\"publisher\":{\"@id\":\"https:\\\/\\\/eldigitaldeasturias.com\\\/magazine365\\\/#organization\"}}]}\n\t\t<\/script>\n\t\t<!-- All in One SEO Pro -->\r\n\t\t<title>Barcel\u00f3 destaca que se llevar\u00e1 a cabo una regulaci\u00f3n en el \u2018todo incluido\u2019 para incidir en la calidad del servicio | El Digital de Asturias<\/title>\n\n","aioseo_head_json":{"title":"Barcel\u00f3 destaca que se llevar\u00e1 a cabo una regulaci\u00f3n en el \u2018todo incluido\u2019 para incidir en la calidad del servicio | El Digital de Asturias","description":"El vicepresidente y conseller de Turismo, Biel Barcel\u00f3, ha se\u00f1alado este mi\u00e9rcoles que se llevar\u00e1 a cabo una regulaci\u00f3n en el 'todo incluido' para \"incidir en la calidad del servicio y para evitar la desertizaci\u00f3n de la oferta complementaria\". As\u00ed lo ha destacado en las reuniones que ha mantenido con la Asociaci\u00f3n de Apartamentos Tur\u00edsticos","canonical_url":"https:\/\/eldigitaldeasturias.com\/magazine365\/barcelo-destaca-que-se-llevara-a-cabo-una-regulacion-en-el-todo-incluido-para-incidir-en-la-calidad-del-servicio\/","robots":"max-image-preview:large","keywords":"actualidad turismo","webmasterTools":{"google-site-verification":"UA-38556648-1","miscellaneous":""},"schema":{"@context":"https:\/\/schema.org","@graph":[{"@type":"Article","@id":"https:\/\/eldigitaldeasturias.com\/magazine365\/barcelo-destaca-que-se-llevara-a-cabo-una-regulacion-en-el-todo-incluido-para-incidir-en-la-calidad-del-servicio\/#article","name":"Barcel\u00f3 destaca que se llevar\u00e1 a cabo una regulaci\u00f3n en el \u2018todo incluido\u2019 para incidir en la calidad del servicio | El Digital de Asturias","headline":"Barcel\u00f3 destaca que se llevar\u00e1 a cabo una regulaci\u00f3n en el &#8216;todo incluido&#8217; para incidir en la calidad del servicio","author":{"@id":"https:\/\/eldigitaldeasturias.com\/magazine365\/author\/admin\/#author"},"publisher":{"@id":"https:\/\/eldigitaldeasturias.com\/magazine365\/#organization"},"image":{"@type":"ImageObject","url":"https:\/\/eldigitaldeasturias.com\/magazine365\/wp-content\/uploads\/2015\/07\/fotonoticia_20150715182340_800.jpg","width":800,"height":449},"datePublished":"2015-07-16T05:31:24+02:00","dateModified":"2015-07-16T05:31:24+02:00","inLanguage":"es-ES","mainEntityOfPage":{"@id":"https:\/\/eldigitaldeasturias.com\/magazine365\/barcelo-destaca-que-se-llevara-a-cabo-una-regulacion-en-el-todo-incluido-para-incidir-en-la-calidad-del-servicio\/#webpage"},"isPartOf":{"@id":"https:\/\/eldigitaldeasturias.com\/magazine365\/barcelo-destaca-que-se-llevara-a-cabo-una-regulacion-en-el-todo-incluido-para-incidir-en-la-calidad-del-servicio\/#webpage"},"articleSection":"Actualidad Turismo"},{"@type":"BreadcrumbList","@id":"https:\/\/eldigitaldeasturias.com\/magazine365\/barcelo-destaca-que-se-llevara-a-cabo-una-regulacion-en-el-todo-incluido-para-incidir-en-la-calidad-del-servicio\/#breadcrumblist","itemListElement":[{"@type":"ListItem","@id":"https:\/\/eldigitaldeasturias.com\/magazine365#listItem","position":1,"name":"Home","item":"https:\/\/eldigitaldeasturias.com\/magazine365","nextItem":{"@type":"ListItem","@id":"https:\/\/eldigitaldeasturias.com\/magazine365\/category\/actualidad-turismo\/#listItem","name":"Actualidad Turismo"}},{"@type":"ListItem","@id":"https:\/\/eldigitaldeasturias.com\/magazine365\/category\/actualidad-turismo\/#listItem","position":2,"name":"Actualidad Turismo","item":"https:\/\/eldigitaldeasturias.com\/magazine365\/category\/actualidad-turismo\/","nextItem":{"@type":"ListItem","@id":"https:\/\/eldigitaldeasturias.com\/magazine365\/barcelo-destaca-que-se-llevara-a-cabo-una-regulacion-en-el-todo-incluido-para-incidir-en-la-calidad-del-servicio\/#listItem","name":"Barcel\u00f3 destaca que se llevar\u00e1 a cabo una regulaci\u00f3n en el &#8216;todo incluido&#8217; para incidir en la calidad del servicio"},"previousItem":{"@type":"ListItem","@id":"https:\/\/eldigitaldeasturias.com\/magazine365#listItem","name":"Home"}},{"@type":"ListItem","@id":"https:\/\/eldigitaldeasturias.com\/magazine365\/barcelo-destaca-que-se-llevara-a-cabo-una-regulacion-en-el-todo-incluido-para-incidir-en-la-calidad-del-servicio\/#listItem","position":3,"name":"Barcel\u00f3 destaca que se llevar\u00e1 a cabo una regulaci\u00f3n en el &#8216;todo incluido&#8217; para incidir en la calidad del servicio","previousItem":{"@type":"ListItem","@id":"https:\/\/eldigitaldeasturias.com\/magazine365\/category\/actualidad-turismo\/#listItem","name":"Actualidad Turismo"}}]},{"@type":"Organization","@id":"https:\/\/eldigitaldeasturias.com\/magazine365\/#organization","name":"El digital de Asturias","description":"Revista de ocio, turismo y estilo de vida","url":"https:\/\/eldigitaldeasturias.com\/magazine365\/","logo":{"@type":"ImageObject","url":"https:\/\/www.eldigitaldeasturias.com\/noticias\/wp-content\/uploads\/2020\/12\/EDA.jpg","@id":"https:\/\/eldigitaldeasturias.com\/magazine365\/barcelo-destaca-que-se-llevara-a-cabo-una-regulacion-en-el-todo-incluido-para-incidir-en-la-calidad-del-servicio\/#organizationLogo"},"image":{"@id":"https:\/\/eldigitaldeasturias.com\/magazine365\/barcelo-destaca-que-se-llevara-a-cabo-una-regulacion-en-el-todo-incluido-para-incidir-en-la-calidad-del-servicio\/#organizationLogo"}},{"@type":"Person","@id":"https:\/\/eldigitaldeasturias.com\/magazine365\/author\/admin\/#author","url":"https:\/\/eldigitaldeasturias.com\/magazine365\/author\/admin\/","name":"admin","image":{"@type":"ImageObject","@id":"https:\/\/eldigitaldeasturias.com\/magazine365\/barcelo-destaca-que-se-llevara-a-cabo-una-regulacion-en-el-todo-incluido-para-incidir-en-la-calidad-del-servicio\/#authorImage","url":"https:\/\/eldigitaldeasturias.com\/magazine365\/wp-content\/litespeed\/avatar\/e571bcf59a0edd6fa6838245a470f2fe.jpg?ver=1777574230","width":96,"height":96,"caption":"admin"}},{"@type":"WebPage","@id":"https:\/\/eldigitaldeasturias.com\/magazine365\/barcelo-destaca-que-se-llevara-a-cabo-una-regulacion-en-el-todo-incluido-para-incidir-en-la-calidad-del-servicio\/#webpage","url":"https:\/\/eldigitaldeasturias.com\/magazine365\/barcelo-destaca-que-se-llevara-a-cabo-una-regulacion-en-el-todo-incluido-para-incidir-en-la-calidad-del-servicio\/","name":"Barcel\u00f3 destaca que se llevar\u00e1 a cabo una regulaci\u00f3n en el \u2018todo incluido\u2019 para incidir en la calidad del servicio | El Digital de Asturias","description":"El vicepresidente y conseller de Turismo, Biel Barcel\u00f3, ha se\u00f1alado este mi\u00e9rcoles que se llevar\u00e1 a cabo una regulaci\u00f3n en el 'todo incluido' para \"incidir en la calidad del servicio y para evitar la desertizaci\u00f3n de la oferta complementaria\". As\u00ed lo ha destacado en las reuniones que ha mantenido con la Asociaci\u00f3n de Apartamentos Tur\u00edsticos","inLanguage":"es-ES","isPartOf":{"@id":"https:\/\/eldigitaldeasturias.com\/magazine365\/#website"},"breadcrumb":{"@id":"https:\/\/eldigitaldeasturias.com\/magazine365\/barcelo-destaca-que-se-llevara-a-cabo-una-regulacion-en-el-todo-incluido-para-incidir-en-la-calidad-del-servicio\/#breadcrumblist"},"author":{"@id":"https:\/\/eldigitaldeasturias.com\/magazine365\/author\/admin\/#author"},"creator":{"@id":"https:\/\/eldigitaldeasturias.com\/magazine365\/author\/admin\/#author"},"image":{"@type":"ImageObject","url":"https:\/\/eldigitaldeasturias.com\/magazine365\/wp-content\/uploads\/2015\/07\/fotonoticia_20150715182340_800.jpg","@id":"https:\/\/eldigitaldeasturias.com\/magazine365\/barcelo-destaca-que-se-llevara-a-cabo-una-regulacion-en-el-todo-incluido-para-incidir-en-la-calidad-del-servicio\/#mainImage","width":800,"height":449},"primaryImageOfPage":{"@id":"https:\/\/eldigitaldeasturias.com\/magazine365\/barcelo-destaca-que-se-llevara-a-cabo-una-regulacion-en-el-todo-incluido-para-incidir-en-la-calidad-del-servicio\/#mainImage"},"datePublished":"2015-07-16T05:31:24+02:00","dateModified":"2015-07-16T05:31:24+02:00"},{"@type":"WebSite","@id":"https:\/\/eldigitaldeasturias.com\/magazine365\/#website","url":"https:\/\/eldigitaldeasturias.com\/magazine365\/","name":"El Digital de Asturias","description":"Revista de ocio, turismo y estilo de vida","inLanguage":"es-ES","publisher":{"@id":"https:\/\/eldigitaldeasturias.com\/magazine365\/#organization"}}]},"og:locale":"es_ES","og:site_name":"El Digital de Asturias \u2013 Revista de ocio, turismo y estilo de vida","og:type":"article","og:title":"Barcel\u00f3 destaca que se llevar\u00e1 a cabo una regulaci\u00f3n en el \u2018todo incluido\u2019 para incidir en la calidad del servicio | El Digital de Asturias","og:description":"El vicepresidente y conseller de Turismo, Biel Barcel\u00f3, ha se\u00f1alado este mi\u00e9rcoles que se llevar\u00e1 a cabo una regulaci\u00f3n en el 'todo incluido' para &quot;incidir en la calidad del servicio y para evitar la desertizaci\u00f3n de la oferta complementaria&quot;. As\u00ed lo ha destacado en las reuniones que ha mantenido con la Asociaci\u00f3n de Apartamentos Tur\u00edsticos","og:url":"https:\/\/eldigitaldeasturias.com\/magazine365\/barcelo-destaca-que-se-llevara-a-cabo-una-regulacion-en-el-todo-incluido-para-incidir-en-la-calidad-del-servicio\/","og:image":"https:\/\/eldigitaldeasturias.com\/magazine365\/wp-content\/uploads\/2015\/07\/fotonoticia_20150715182340_800.jpg","og:image:secure_url":"https:\/\/eldigitaldeasturias.com\/magazine365\/wp-content\/uploads\/2015\/07\/fotonoticia_20150715182340_800.jpg","og:image:width":800,"og:image:height":449,"article:published_time":"2015-07-16T03:31:24+00:00","article:modified_time":"2015-07-16T03:31:24+00:00","twitter:card":"summary_large_image","twitter:title":"Barcel\u00f3 destaca que se llevar\u00e1 a cabo una regulaci\u00f3n en el \u2018todo incluido\u2019 para incidir en la calidad del servicio | El Digital de Asturias","twitter:description":"El vicepresidente y conseller de Turismo, Biel Barcel\u00f3, ha se\u00f1alado este mi\u00e9rcoles que se llevar\u00e1 a cabo una regulaci\u00f3n en el 'todo incluido' para &quot;incidir en la calidad del servicio y para evitar la desertizaci\u00f3n de la oferta complementaria&quot;. As\u00ed lo ha destacado en las reuniones que ha mantenido con la Asociaci\u00f3n de Apartamentos Tur\u00edsticos","twitter:image":"https:\/\/eldigitaldeasturias.com\/magazine365\/wp-content\/uploads\/2015\/07\/fotonoticia_20150715182340_800.jpg"},"aioseo_meta_data":{"post_id":"42842","title":null,"description":null,"keywords":null,"keyphrases":null,"primary_term":null,"canonical_url":null,"og_title":null,"og_description":null,"og_object_type":"default","og_image_type":"default","og_image_url":null,"og_image_width":null,"og_image_height":null,"og_image_custom_url":null,"og_image_custom_fields":null,"og_video":null,"og_custom_url":null,"og_article_section":null,"og_article_tags":null,"twitter_use_og":false,"twitter_card":"default","twitter_image_type":"default","twitter_image_url":null,"twitter_image_custom_url":null,"twitter_image_custom_fields":null,"twitter_title":null,"twitter_description":null,"schema":{"blockGraphs":[],"customGraphs":[],"default":{"data":{"Article":[],"Course":[],"Dataset":[],"FAQPage":[],"Movie":[],"Person":[],"Product":[],"ProductReview":[],"Car":[],"Recipe":[],"Service":[],"SoftwareApplication":[],"WebPage":[]},"graphName":"","isEnabled":true},"graphs":[],"defaultGraph":"","defaultPostTypeGraph":""},"schema_type":null,"schema_type_options":null,"pillar_content":false,"robots_default":true,"robots_noindex":false,"robots_noarchive":false,"robots_nosnippet":false,"robots_nofollow":false,"robots_noimageindex":false,"robots_noodp":false,"robots_notranslate":false,"robots_max_snippet":null,"robots_max_videopreview":null,"robots_max_imagepreview":"large","priority":null,"frequency":null,"location":null,"local_seo":null,"seo_analyzer_scan_date":"2025-09-19 18:36:34","breadcrumb_settings":null,"limit_modified_date":false,"open_ai":null,"ai":null,"created":"2021-03-09 01:55:40","updated":"2025-09-19 18:36:34"},"aioseo_breadcrumb":"<div class=\"aioseo-breadcrumbs\"><span class=\"aioseo-breadcrumb\">\n\t<a href=\"https:\/\/eldigitaldeasturias.com\/magazine365\" title=\"Home\">Home<\/a>\n<\/span><span class=\"aioseo-breadcrumb-separator\">\u2013<\/span><span class=\"aioseo-breadcrumb\">\n\t<a href=\"https:\/\/eldigitaldeasturias.com\/magazine365\/category\/actualidad-turismo\/\" title=\"Actualidad Turismo\">Actualidad Turismo<\/a>\n<\/span><span class=\"aioseo-breadcrumb-separator\">\u2013<\/span><span class=\"aioseo-breadcrumb\">\n\t<a href=\"https:\/\/eldigitaldeasturias.com\/magazine365\/barcelo-destaca-que-se-llevara-a-cabo-una-regulacion-en-el-todo-incluido-para-incidir-en-la-calidad-del-servicio\/\" title=\"Barcel\u00f3 destaca que se llevar\u00e1 a cabo una regulaci\u00f3n en el \u2018todo incluido\u2019 para incidir en la calidad del servicio\">Barcel\u00f3 destaca que se llevar\u00e1 a cabo una regulaci\u00f3n en el \u2018todo incluido\u2019 para incidir en la calidad del servicio<\/a>\n<\/span><\/div>","aioseo_breadcrumb_json":[{"label":"Home","link":"https:\/\/eldigitaldeasturias.com\/magazine365"},{"label":"Actualidad Turismo","link":"https:\/\/eldigitaldeasturias.com\/magazine365\/category\/actualidad-turismo\/"},{"label":"Barcel\u00f3 destaca que se llevar\u00e1 a cabo una regulaci\u00f3n en el &#8216;todo incluido&#8217; para incidir en la calidad del servicio","link":"https:\/\/eldigitaldeasturias.com\/magazine365\/barcelo-destaca-que-se-llevara-a-cabo-una-regulacion-en-el-todo-incluido-para-incidir-en-la-calidad-del-servicio\/"}],"_links":{"self":[{"href":"https:\/\/eldigitaldeasturias.com\/magazine365\/wp-json\/wp\/v2\/posts\/42842","targetHints":{"allow":["GET"]}}],"collection":[{"href":"https:\/\/eldigitaldeasturias.com\/magazine365\/wp-json\/wp\/v2\/posts"}],"about":[{"href":"https:\/\/eldigitaldeasturias.com\/magazine365\/wp-json\/wp\/v2\/types\/post"}],"author":[{"embeddable":true,"href":"https:\/\/eldigitaldeasturias.com\/magazine365\/wp-json\/wp\/v2\/users\/1"}],"replies":[{"embeddable":true,"href":"https:\/\/eldigitaldeasturias.com\/magazine365\/wp-json\/wp\/v2\/comments?post=42842"}],"version-history":[{"count":0,"href":"https:\/\/eldigitaldeasturias.com\/magazine365\/wp-json\/wp\/v2\/posts\/42842\/revisions"}],"wp:featuredmedia":[{"embeddable":true,"href":"https:\/\/eldigitaldeasturias.com\/magazine365\/wp-json\/wp\/v2\/media\/42843"}],"wp:attachment":[{"href":"https:\/\/eldigitaldeasturias.com\/magazine365\/wp-json\/wp\/v2\/media?parent=42842"}],"wp:term":[{"taxonomy":"category","embeddable":true,"href":"https:\/\/eldigitaldeasturias.com\/magazine365\/wp-json\/wp\/v2\/categories?post=42842"},{"taxonomy":"post_tag","embeddable":true,"href":"https:\/\/eldigitaldeasturias.com\/magazine365\/wp-json\/wp\/v2\/tags?post=42842"}],"curies":[{"name":"wp","href":"https:\/\/api.w.org\/{rel}","templated":true}]}}