{"id":42833,"date":"2015-07-16T05:25:41","date_gmt":"2015-07-16T03:25:41","guid":{"rendered":"http:\/\/eldigitaldeasturias.com\/magazine365\/?p=42833"},"modified":"2015-07-16T05:25:41","modified_gmt":"2015-07-16T03:25:41","slug":"la-eurocamara-aprueba-iniciar-negociaciones-para-crear-un-registro-de-pasajeros-aereos","status":"publish","type":"post","link":"https:\/\/eldigitaldeasturias.com\/magazine365\/la-eurocamara-aprueba-iniciar-negociaciones-para-crear-un-registro-de-pasajeros-aereos\/","title":{"rendered":"La Euroc\u00e1mara aprueba iniciar negociaciones para crear un registro de pasajeros a\u00e9reos"},"content":{"rendered":"<p><img fetchpriority=\"high\" decoding=\"async\" class=\"alignleft size-medium wp-image-42834\" src=\"https:\/\/eldigitaldeasturias.com\/magazine365\/wp-content\/uploads\/2015\/07\/fotonoticia_20150715174124_800-201x300.jpg\" alt=\"fotonoticia_20150715174124_800\" width=\"201\" height=\"300\" srcset=\"https:\/\/eldigitaldeasturias.com\/magazine365\/wp-content\/uploads\/2015\/07\/fotonoticia_20150715174124_800-201x300.jpg 201w, https:\/\/eldigitaldeasturias.com\/magazine365\/wp-content\/uploads\/2015\/07\/fotonoticia_20150715174124_800-428x640.jpg 428w, https:\/\/eldigitaldeasturias.com\/magazine365\/wp-content\/uploads\/2015\/07\/fotonoticia_20150715174124_800-768x1149.jpg 768w, https:\/\/eldigitaldeasturias.com\/magazine365\/wp-content\/uploads\/2015\/07\/fotonoticia_20150715174124_800-150x224.jpg 150w, https:\/\/eldigitaldeasturias.com\/magazine365\/wp-content\/uploads\/2015\/07\/fotonoticia_20150715174124_800-450x673.jpg 450w, https:\/\/eldigitaldeasturias.com\/magazine365\/wp-content\/uploads\/2015\/07\/fotonoticia_20150715174124_800-696x1041.jpg 696w, https:\/\/eldigitaldeasturias.com\/magazine365\/wp-content\/uploads\/2015\/07\/fotonoticia_20150715174124_800-281x420.jpg 281w, https:\/\/eldigitaldeasturias.com\/magazine365\/wp-content\/uploads\/2015\/07\/fotonoticia_20150715174124_800.jpg 800w\" sizes=\"(max-width: 201px) 100vw, 201px\" \/>La comisi\u00f3n de Libertades Civiles del Parlamento Europeo ha aprobado este mi\u00e9rcoles por un estrecho margen el informe que permite iniciar las negociaciones con el Consejo y la Comisi\u00f3n de un sistema europeo de registro de datos de los pasajeros a\u00e9reos (PNR, por sus siglas en ingl\u00e9s), un instrumento que reclaman los Estados miembros para luchar contra el terrorismo internacional pero que la Euroc\u00e1mara manten\u00eda bloqueado.<\/p>\n<p>El informe adoptado por 32 votos a favor y 27 en contra establece los cambios que promueve la Euroc\u00e1mara sobre la propuesta inicial de Bruselas, mientras que otro voto m\u00e1s holgado (36 a favor, 14 en contra y 8 abstenciones) permite a los negociadores iniciar las pol\u00e9micas negociaciones.<\/p>\n<p>La posici\u00f3n del Parlamento Europeo, con dudas sobre la protecci\u00f3n de la intimidad de los pasajeros, reclamar\u00e1 mayores \u00abgarant\u00edas\u00bb en este sentido y pedir\u00e1n que los datos facilitados por las compa\u00f1\u00edas a\u00e9reas solo puedan ser utilizados para \u00abprevenir y detectar\u00bb delitos de terrorismo y otros cr\u00edmenes transnacionales considerados \u00abgrave\u00bb.<\/p>\n<p>La lista de delitos fijada por los eurodiputados incluye la trata de seres humanos, la explotaci\u00f3n sexual de menores, el tr\u00e1fico de drogas, el tr\u00e1fico de armas, municiones y explosivos, el blanqueo de dinero y el cibercrimen.<\/p>\n<p>Tambi\u00e9n aboga porque se aplique a los vuelos internacionales con punto de partida o de salida en la Uni\u00f3n Europea, pero no a los vuelos intracomunitarios, entre Estados miembro.<\/p>\n<p>Los eurodiputados plantean exigencias para que asegurar la legalidad de todo almacenamiento, an\u00e1lisis, transferencia y utilizaci\u00f3n de los datos recogidos por este sistema.<\/p>\n","protected":false},"excerpt":{"rendered":"<p>La comisi\u00f3n de Libertades Civiles del Parlamento Europeo ha aprobado este mi\u00e9rcoles por un estrecho margen el informe que permite iniciar las negociaciones con el Consejo y la Comisi\u00f3n de un sistema europeo de registro de datos de los pasajeros a\u00e9reos (PNR, por sus siglas en ingl\u00e9s), un instrumento que reclaman los Estados miembros para<\/p>\n","protected":false},"author":1,"featured_media":42834,"comment_status":"open","ping_status":"closed","sticky":false,"template":"","format":"standard","meta":{"footnotes":""},"categories":[222],"tags":[],"class_list":{"0":"post-42833","1":"post","2":"type-post","3":"status-publish","4":"format-standard","5":"has-post-thumbnail","7":"category-actualidad-turismo"},"aioseo_notices":[],"aioseo_head":"\n\t\t<!-- All in One SEO Pro 4.9.6.1 - aioseo.com -->\n\t<meta name=\"description\" content=\"La comisi\u00f3n de Libertades Civiles del Parlamento Europeo ha aprobado este mi\u00e9rcoles por un estrecho margen el informe que permite iniciar las negociaciones con el Consejo y la Comisi\u00f3n de un sistema europeo de registro de datos de los pasajeros a\u00e9reos (PNR, por sus siglas en ingl\u00e9s), un instrumento que reclaman los Estados miembros para\" \/>\n\t<meta name=\"robots\" content=\"max-image-preview:large\" \/>\n\t<meta name=\"author\" content=\"admin\"\/>\n\t<meta name=\"google-site-verification\" content=\"UA-38556648-1\" \/>\n\t<meta name=\"keywords\" content=\"actualidad turismo\" \/>\n\t<link rel=\"canonical\" href=\"https:\/\/eldigitaldeasturias.com\/magazine365\/la-eurocamara-aprueba-iniciar-negociaciones-para-crear-un-registro-de-pasajeros-aereos\/\" \/>\n\t<meta name=\"generator\" content=\"All in One SEO Pro (AIOSEO) 4.9.6.1\" \/>\n\t\t<meta property=\"og:locale\" content=\"es_ES\" \/>\n\t\t<meta property=\"og:site_name\" content=\"El Digital de Asturias \u2013 Revista de ocio, turismo y estilo de vida\" \/>\n\t\t<meta property=\"og:type\" content=\"article\" \/>\n\t\t<meta property=\"og:title\" content=\"La Euroc\u00e1mara aprueba iniciar negociaciones para crear un registro de pasajeros a\u00e9reos | El Digital de Asturias\" \/>\n\t\t<meta property=\"og:description\" content=\"La comisi\u00f3n de Libertades Civiles del Parlamento Europeo ha aprobado este mi\u00e9rcoles por un estrecho margen el informe que permite iniciar las negociaciones con el Consejo y la Comisi\u00f3n de un sistema europeo de registro de datos de los pasajeros a\u00e9reos (PNR, por sus siglas en ingl\u00e9s), un instrumento que reclaman los Estados miembros para\" \/>\n\t\t<meta property=\"og:url\" content=\"https:\/\/eldigitaldeasturias.com\/magazine365\/la-eurocamara-aprueba-iniciar-negociaciones-para-crear-un-registro-de-pasajeros-aereos\/\" \/>\n\t\t<meta property=\"og:image\" content=\"https:\/\/eldigitaldeasturias.com\/magazine365\/wp-content\/uploads\/2015\/07\/fotonoticia_20150715174124_800.jpg\" \/>\n\t\t<meta property=\"og:image:secure_url\" content=\"https:\/\/eldigitaldeasturias.com\/magazine365\/wp-content\/uploads\/2015\/07\/fotonoticia_20150715174124_800.jpg\" \/>\n\t\t<meta property=\"og:image:width\" content=\"800\" \/>\n\t\t<meta property=\"og:image:height\" content=\"1197\" \/>\n\t\t<meta property=\"article:published_time\" content=\"2015-07-16T03:25:41+00:00\" \/>\n\t\t<meta property=\"article:modified_time\" content=\"2015-07-16T03:25:41+00:00\" \/>\n\t\t<meta name=\"twitter:card\" content=\"summary_large_image\" \/>\n\t\t<meta name=\"twitter:title\" content=\"La Euroc\u00e1mara aprueba iniciar negociaciones para crear un registro de pasajeros a\u00e9reos | El Digital de Asturias\" \/>\n\t\t<meta name=\"twitter:description\" content=\"La comisi\u00f3n de Libertades Civiles del Parlamento Europeo ha aprobado este mi\u00e9rcoles por un estrecho margen el informe que permite iniciar las negociaciones con el Consejo y la Comisi\u00f3n de un sistema europeo de registro de datos de los pasajeros a\u00e9reos (PNR, por sus siglas en ingl\u00e9s), un instrumento que reclaman los Estados miembros para\" \/>\n\t\t<meta name=\"twitter:image\" content=\"https:\/\/eldigitaldeasturias.com\/magazine365\/wp-content\/uploads\/2015\/07\/fotonoticia_20150715174124_800.jpg\" \/>\n\t\t<script type=\"application\/ld+json\" class=\"aioseo-schema\">\n\t\t\t{\"@context\":\"https:\\\/\\\/schema.org\",\"@graph\":[{\"@type\":\"Article\",\"@id\":\"https:\\\/\\\/eldigitaldeasturias.com\\\/magazine365\\\/la-eurocamara-aprueba-iniciar-negociaciones-para-crear-un-registro-de-pasajeros-aereos\\\/#article\",\"name\":\"La Euroc\\u00e1mara aprueba iniciar negociaciones para crear un registro de pasajeros a\\u00e9reos | El Digital de Asturias\",\"headline\":\"La Euroc\\u00e1mara aprueba iniciar negociaciones para crear un registro de pasajeros a\\u00e9reos\",\"author\":{\"@id\":\"https:\\\/\\\/eldigitaldeasturias.com\\\/magazine365\\\/author\\\/admin\\\/#author\"},\"publisher\":{\"@id\":\"https:\\\/\\\/eldigitaldeasturias.com\\\/magazine365\\\/#organization\"},\"image\":{\"@type\":\"ImageObject\",\"url\":\"https:\\\/\\\/eldigitaldeasturias.com\\\/magazine365\\\/wp-content\\\/uploads\\\/2015\\\/07\\\/fotonoticia_20150715174124_800.jpg\",\"width\":800,\"height\":1197},\"datePublished\":\"2015-07-16T05:25:41+02:00\",\"dateModified\":\"2015-07-16T05:25:41+02:00\",\"inLanguage\":\"es-ES\",\"mainEntityOfPage\":{\"@id\":\"https:\\\/\\\/eldigitaldeasturias.com\\\/magazine365\\\/la-eurocamara-aprueba-iniciar-negociaciones-para-crear-un-registro-de-pasajeros-aereos\\\/#webpage\"},\"isPartOf\":{\"@id\":\"https:\\\/\\\/eldigitaldeasturias.com\\\/magazine365\\\/la-eurocamara-aprueba-iniciar-negociaciones-para-crear-un-registro-de-pasajeros-aereos\\\/#webpage\"},\"articleSection\":\"Actualidad Turismo\"},{\"@type\":\"BreadcrumbList\",\"@id\":\"https:\\\/\\\/eldigitaldeasturias.com\\\/magazine365\\\/la-eurocamara-aprueba-iniciar-negociaciones-para-crear-un-registro-de-pasajeros-aereos\\\/#breadcrumblist\",\"itemListElement\":[{\"@type\":\"ListItem\",\"@id\":\"https:\\\/\\\/eldigitaldeasturias.com\\\/magazine365#listItem\",\"position\":1,\"name\":\"Home\",\"item\":\"https:\\\/\\\/eldigitaldeasturias.com\\\/magazine365\",\"nextItem\":{\"@type\":\"ListItem\",\"@id\":\"https:\\\/\\\/eldigitaldeasturias.com\\\/magazine365\\\/category\\\/actualidad-turismo\\\/#listItem\",\"name\":\"Actualidad Turismo\"}},{\"@type\":\"ListItem\",\"@id\":\"https:\\\/\\\/eldigitaldeasturias.com\\\/magazine365\\\/category\\\/actualidad-turismo\\\/#listItem\",\"position\":2,\"name\":\"Actualidad Turismo\",\"item\":\"https:\\\/\\\/eldigitaldeasturias.com\\\/magazine365\\\/category\\\/actualidad-turismo\\\/\",\"nextItem\":{\"@type\":\"ListItem\",\"@id\":\"https:\\\/\\\/eldigitaldeasturias.com\\\/magazine365\\\/la-eurocamara-aprueba-iniciar-negociaciones-para-crear-un-registro-de-pasajeros-aereos\\\/#listItem\",\"name\":\"La Euroc\\u00e1mara aprueba iniciar negociaciones para crear un registro de pasajeros a\\u00e9reos\"},\"previousItem\":{\"@type\":\"ListItem\",\"@id\":\"https:\\\/\\\/eldigitaldeasturias.com\\\/magazine365#listItem\",\"name\":\"Home\"}},{\"@type\":\"ListItem\",\"@id\":\"https:\\\/\\\/eldigitaldeasturias.com\\\/magazine365\\\/la-eurocamara-aprueba-iniciar-negociaciones-para-crear-un-registro-de-pasajeros-aereos\\\/#listItem\",\"position\":3,\"name\":\"La Euroc\\u00e1mara aprueba iniciar negociaciones para crear un registro de pasajeros a\\u00e9reos\",\"previousItem\":{\"@type\":\"ListItem\",\"@id\":\"https:\\\/\\\/eldigitaldeasturias.com\\\/magazine365\\\/category\\\/actualidad-turismo\\\/#listItem\",\"name\":\"Actualidad Turismo\"}}]},{\"@type\":\"Organization\",\"@id\":\"https:\\\/\\\/eldigitaldeasturias.com\\\/magazine365\\\/#organization\",\"name\":\"El digital de Asturias\",\"description\":\"Revista de ocio, turismo y estilo de vida\",\"url\":\"https:\\\/\\\/eldigitaldeasturias.com\\\/magazine365\\\/\",\"logo\":{\"@type\":\"ImageObject\",\"url\":\"https:\\\/\\\/www.eldigitaldeasturias.com\\\/noticias\\\/wp-content\\\/uploads\\\/2020\\\/12\\\/EDA.jpg\",\"@id\":\"https:\\\/\\\/eldigitaldeasturias.com\\\/magazine365\\\/la-eurocamara-aprueba-iniciar-negociaciones-para-crear-un-registro-de-pasajeros-aereos\\\/#organizationLogo\"},\"image\":{\"@id\":\"https:\\\/\\\/eldigitaldeasturias.com\\\/magazine365\\\/la-eurocamara-aprueba-iniciar-negociaciones-para-crear-un-registro-de-pasajeros-aereos\\\/#organizationLogo\"}},{\"@type\":\"Person\",\"@id\":\"https:\\\/\\\/eldigitaldeasturias.com\\\/magazine365\\\/author\\\/admin\\\/#author\",\"url\":\"https:\\\/\\\/eldigitaldeasturias.com\\\/magazine365\\\/author\\\/admin\\\/\",\"name\":\"admin\",\"image\":{\"@type\":\"ImageObject\",\"@id\":\"https:\\\/\\\/eldigitaldeasturias.com\\\/magazine365\\\/la-eurocamara-aprueba-iniciar-negociaciones-para-crear-un-registro-de-pasajeros-aereos\\\/#authorImage\",\"url\":\"https:\\\/\\\/eldigitaldeasturias.com\\\/magazine365\\\/wp-content\\\/litespeed\\\/avatar\\\/e571bcf59a0edd6fa6838245a470f2fe.jpg?ver=1777574230\",\"width\":96,\"height\":96,\"caption\":\"admin\"}},{\"@type\":\"WebPage\",\"@id\":\"https:\\\/\\\/eldigitaldeasturias.com\\\/magazine365\\\/la-eurocamara-aprueba-iniciar-negociaciones-para-crear-un-registro-de-pasajeros-aereos\\\/#webpage\",\"url\":\"https:\\\/\\\/eldigitaldeasturias.com\\\/magazine365\\\/la-eurocamara-aprueba-iniciar-negociaciones-para-crear-un-registro-de-pasajeros-aereos\\\/\",\"name\":\"La Euroc\\u00e1mara aprueba iniciar negociaciones para crear un registro de pasajeros a\\u00e9reos | El Digital de Asturias\",\"description\":\"La comisi\\u00f3n de Libertades Civiles del Parlamento Europeo ha aprobado este mi\\u00e9rcoles por un estrecho margen el informe que permite iniciar las negociaciones con el Consejo y la Comisi\\u00f3n de un sistema europeo de registro de datos de los pasajeros a\\u00e9reos (PNR, por sus siglas en ingl\\u00e9s), un instrumento que reclaman los Estados miembros para\",\"inLanguage\":\"es-ES\",\"isPartOf\":{\"@id\":\"https:\\\/\\\/eldigitaldeasturias.com\\\/magazine365\\\/#website\"},\"breadcrumb\":{\"@id\":\"https:\\\/\\\/eldigitaldeasturias.com\\\/magazine365\\\/la-eurocamara-aprueba-iniciar-negociaciones-para-crear-un-registro-de-pasajeros-aereos\\\/#breadcrumblist\"},\"author\":{\"@id\":\"https:\\\/\\\/eldigitaldeasturias.com\\\/magazine365\\\/author\\\/admin\\\/#author\"},\"creator\":{\"@id\":\"https:\\\/\\\/eldigitaldeasturias.com\\\/magazine365\\\/author\\\/admin\\\/#author\"},\"image\":{\"@type\":\"ImageObject\",\"url\":\"https:\\\/\\\/eldigitaldeasturias.com\\\/magazine365\\\/wp-content\\\/uploads\\\/2015\\\/07\\\/fotonoticia_20150715174124_800.jpg\",\"@id\":\"https:\\\/\\\/eldigitaldeasturias.com\\\/magazine365\\\/la-eurocamara-aprueba-iniciar-negociaciones-para-crear-un-registro-de-pasajeros-aereos\\\/#mainImage\",\"width\":800,\"height\":1197},\"primaryImageOfPage\":{\"@id\":\"https:\\\/\\\/eldigitaldeasturias.com\\\/magazine365\\\/la-eurocamara-aprueba-iniciar-negociaciones-para-crear-un-registro-de-pasajeros-aereos\\\/#mainImage\"},\"datePublished\":\"2015-07-16T05:25:41+02:00\",\"dateModified\":\"2015-07-16T05:25:41+02:00\"},{\"@type\":\"WebSite\",\"@id\":\"https:\\\/\\\/eldigitaldeasturias.com\\\/magazine365\\\/#website\",\"url\":\"https:\\\/\\\/eldigitaldeasturias.com\\\/magazine365\\\/\",\"name\":\"El Digital de Asturias\",\"description\":\"Revista de ocio, turismo y estilo de vida\",\"inLanguage\":\"es-ES\",\"publisher\":{\"@id\":\"https:\\\/\\\/eldigitaldeasturias.com\\\/magazine365\\\/#organization\"}}]}\n\t\t<\/script>\n\t\t<!-- All in One SEO Pro -->\r\n\t\t<title>La Euroc\u00e1mara aprueba iniciar negociaciones para crear un registro de pasajeros a\u00e9reos | El Digital de Asturias<\/title>\n\n","aioseo_head_json":{"title":"La Euroc\u00e1mara aprueba iniciar negociaciones para crear un registro de pasajeros a\u00e9reos | El Digital de Asturias","description":"La comisi\u00f3n de Libertades Civiles del Parlamento Europeo ha aprobado este mi\u00e9rcoles por un estrecho margen el informe que permite iniciar las negociaciones con el Consejo y la Comisi\u00f3n de un sistema europeo de registro de datos de los pasajeros a\u00e9reos (PNR, por sus siglas en ingl\u00e9s), un instrumento que reclaman los Estados miembros para","canonical_url":"https:\/\/eldigitaldeasturias.com\/magazine365\/la-eurocamara-aprueba-iniciar-negociaciones-para-crear-un-registro-de-pasajeros-aereos\/","robots":"max-image-preview:large","keywords":"actualidad turismo","webmasterTools":{"google-site-verification":"UA-38556648-1","miscellaneous":""},"schema":{"@context":"https:\/\/schema.org","@graph":[{"@type":"Article","@id":"https:\/\/eldigitaldeasturias.com\/magazine365\/la-eurocamara-aprueba-iniciar-negociaciones-para-crear-un-registro-de-pasajeros-aereos\/#article","name":"La Euroc\u00e1mara aprueba iniciar negociaciones para crear un registro de pasajeros a\u00e9reos | El Digital de Asturias","headline":"La Euroc\u00e1mara aprueba iniciar negociaciones para crear un registro de pasajeros a\u00e9reos","author":{"@id":"https:\/\/eldigitaldeasturias.com\/magazine365\/author\/admin\/#author"},"publisher":{"@id":"https:\/\/eldigitaldeasturias.com\/magazine365\/#organization"},"image":{"@type":"ImageObject","url":"https:\/\/eldigitaldeasturias.com\/magazine365\/wp-content\/uploads\/2015\/07\/fotonoticia_20150715174124_800.jpg","width":800,"height":1197},"datePublished":"2015-07-16T05:25:41+02:00","dateModified":"2015-07-16T05:25:41+02:00","inLanguage":"es-ES","mainEntityOfPage":{"@id":"https:\/\/eldigitaldeasturias.com\/magazine365\/la-eurocamara-aprueba-iniciar-negociaciones-para-crear-un-registro-de-pasajeros-aereos\/#webpage"},"isPartOf":{"@id":"https:\/\/eldigitaldeasturias.com\/magazine365\/la-eurocamara-aprueba-iniciar-negociaciones-para-crear-un-registro-de-pasajeros-aereos\/#webpage"},"articleSection":"Actualidad Turismo"},{"@type":"BreadcrumbList","@id":"https:\/\/eldigitaldeasturias.com\/magazine365\/la-eurocamara-aprueba-iniciar-negociaciones-para-crear-un-registro-de-pasajeros-aereos\/#breadcrumblist","itemListElement":[{"@type":"ListItem","@id":"https:\/\/eldigitaldeasturias.com\/magazine365#listItem","position":1,"name":"Home","item":"https:\/\/eldigitaldeasturias.com\/magazine365","nextItem":{"@type":"ListItem","@id":"https:\/\/eldigitaldeasturias.com\/magazine365\/category\/actualidad-turismo\/#listItem","name":"Actualidad Turismo"}},{"@type":"ListItem","@id":"https:\/\/eldigitaldeasturias.com\/magazine365\/category\/actualidad-turismo\/#listItem","position":2,"name":"Actualidad Turismo","item":"https:\/\/eldigitaldeasturias.com\/magazine365\/category\/actualidad-turismo\/","nextItem":{"@type":"ListItem","@id":"https:\/\/eldigitaldeasturias.com\/magazine365\/la-eurocamara-aprueba-iniciar-negociaciones-para-crear-un-registro-de-pasajeros-aereos\/#listItem","name":"La Euroc\u00e1mara aprueba iniciar negociaciones para crear un registro de pasajeros a\u00e9reos"},"previousItem":{"@type":"ListItem","@id":"https:\/\/eldigitaldeasturias.com\/magazine365#listItem","name":"Home"}},{"@type":"ListItem","@id":"https:\/\/eldigitaldeasturias.com\/magazine365\/la-eurocamara-aprueba-iniciar-negociaciones-para-crear-un-registro-de-pasajeros-aereos\/#listItem","position":3,"name":"La Euroc\u00e1mara aprueba iniciar negociaciones para crear un registro de pasajeros a\u00e9reos","previousItem":{"@type":"ListItem","@id":"https:\/\/eldigitaldeasturias.com\/magazine365\/category\/actualidad-turismo\/#listItem","name":"Actualidad Turismo"}}]},{"@type":"Organization","@id":"https:\/\/eldigitaldeasturias.com\/magazine365\/#organization","name":"El digital de Asturias","description":"Revista de ocio, turismo y estilo de vida","url":"https:\/\/eldigitaldeasturias.com\/magazine365\/","logo":{"@type":"ImageObject","url":"https:\/\/www.eldigitaldeasturias.com\/noticias\/wp-content\/uploads\/2020\/12\/EDA.jpg","@id":"https:\/\/eldigitaldeasturias.com\/magazine365\/la-eurocamara-aprueba-iniciar-negociaciones-para-crear-un-registro-de-pasajeros-aereos\/#organizationLogo"},"image":{"@id":"https:\/\/eldigitaldeasturias.com\/magazine365\/la-eurocamara-aprueba-iniciar-negociaciones-para-crear-un-registro-de-pasajeros-aereos\/#organizationLogo"}},{"@type":"Person","@id":"https:\/\/eldigitaldeasturias.com\/magazine365\/author\/admin\/#author","url":"https:\/\/eldigitaldeasturias.com\/magazine365\/author\/admin\/","name":"admin","image":{"@type":"ImageObject","@id":"https:\/\/eldigitaldeasturias.com\/magazine365\/la-eurocamara-aprueba-iniciar-negociaciones-para-crear-un-registro-de-pasajeros-aereos\/#authorImage","url":"https:\/\/eldigitaldeasturias.com\/magazine365\/wp-content\/litespeed\/avatar\/e571bcf59a0edd6fa6838245a470f2fe.jpg?ver=1777574230","width":96,"height":96,"caption":"admin"}},{"@type":"WebPage","@id":"https:\/\/eldigitaldeasturias.com\/magazine365\/la-eurocamara-aprueba-iniciar-negociaciones-para-crear-un-registro-de-pasajeros-aereos\/#webpage","url":"https:\/\/eldigitaldeasturias.com\/magazine365\/la-eurocamara-aprueba-iniciar-negociaciones-para-crear-un-registro-de-pasajeros-aereos\/","name":"La Euroc\u00e1mara aprueba iniciar negociaciones para crear un registro de pasajeros a\u00e9reos | El Digital de Asturias","description":"La comisi\u00f3n de Libertades Civiles del Parlamento Europeo ha aprobado este mi\u00e9rcoles por un estrecho margen el informe que permite iniciar las negociaciones con el Consejo y la Comisi\u00f3n de un sistema europeo de registro de datos de los pasajeros a\u00e9reos (PNR, por sus siglas en ingl\u00e9s), un instrumento que reclaman los Estados miembros para","inLanguage":"es-ES","isPartOf":{"@id":"https:\/\/eldigitaldeasturias.com\/magazine365\/#website"},"breadcrumb":{"@id":"https:\/\/eldigitaldeasturias.com\/magazine365\/la-eurocamara-aprueba-iniciar-negociaciones-para-crear-un-registro-de-pasajeros-aereos\/#breadcrumblist"},"author":{"@id":"https:\/\/eldigitaldeasturias.com\/magazine365\/author\/admin\/#author"},"creator":{"@id":"https:\/\/eldigitaldeasturias.com\/magazine365\/author\/admin\/#author"},"image":{"@type":"ImageObject","url":"https:\/\/eldigitaldeasturias.com\/magazine365\/wp-content\/uploads\/2015\/07\/fotonoticia_20150715174124_800.jpg","@id":"https:\/\/eldigitaldeasturias.com\/magazine365\/la-eurocamara-aprueba-iniciar-negociaciones-para-crear-un-registro-de-pasajeros-aereos\/#mainImage","width":800,"height":1197},"primaryImageOfPage":{"@id":"https:\/\/eldigitaldeasturias.com\/magazine365\/la-eurocamara-aprueba-iniciar-negociaciones-para-crear-un-registro-de-pasajeros-aereos\/#mainImage"},"datePublished":"2015-07-16T05:25:41+02:00","dateModified":"2015-07-16T05:25:41+02:00"},{"@type":"WebSite","@id":"https:\/\/eldigitaldeasturias.com\/magazine365\/#website","url":"https:\/\/eldigitaldeasturias.com\/magazine365\/","name":"El Digital de Asturias","description":"Revista de ocio, turismo y estilo de vida","inLanguage":"es-ES","publisher":{"@id":"https:\/\/eldigitaldeasturias.com\/magazine365\/#organization"}}]},"og:locale":"es_ES","og:site_name":"El Digital de Asturias \u2013 Revista de ocio, turismo y estilo de vida","og:type":"article","og:title":"La Euroc\u00e1mara aprueba iniciar negociaciones para crear un registro de pasajeros a\u00e9reos | El Digital de Asturias","og:description":"La comisi\u00f3n de Libertades Civiles del Parlamento Europeo ha aprobado este mi\u00e9rcoles por un estrecho margen el informe que permite iniciar las negociaciones con el Consejo y la Comisi\u00f3n de un sistema europeo de registro de datos de los pasajeros a\u00e9reos (PNR, por sus siglas en ingl\u00e9s), un instrumento que reclaman los Estados miembros para","og:url":"https:\/\/eldigitaldeasturias.com\/magazine365\/la-eurocamara-aprueba-iniciar-negociaciones-para-crear-un-registro-de-pasajeros-aereos\/","og:image":"https:\/\/eldigitaldeasturias.com\/magazine365\/wp-content\/uploads\/2015\/07\/fotonoticia_20150715174124_800.jpg","og:image:secure_url":"https:\/\/eldigitaldeasturias.com\/magazine365\/wp-content\/uploads\/2015\/07\/fotonoticia_20150715174124_800.jpg","og:image:width":800,"og:image:height":1197,"article:published_time":"2015-07-16T03:25:41+00:00","article:modified_time":"2015-07-16T03:25:41+00:00","twitter:card":"summary_large_image","twitter:title":"La Euroc\u00e1mara aprueba iniciar negociaciones para crear un registro de pasajeros a\u00e9reos | El Digital de Asturias","twitter:description":"La comisi\u00f3n de Libertades Civiles del Parlamento Europeo ha aprobado este mi\u00e9rcoles por un estrecho margen el informe que permite iniciar las negociaciones con el Consejo y la Comisi\u00f3n de un sistema europeo de registro de datos de los pasajeros a\u00e9reos (PNR, por sus siglas en ingl\u00e9s), un instrumento que reclaman los Estados miembros para","twitter:image":"https:\/\/eldigitaldeasturias.com\/magazine365\/wp-content\/uploads\/2015\/07\/fotonoticia_20150715174124_800.jpg"},"aioseo_meta_data":{"post_id":"42833","title":null,"description":null,"keywords":null,"keyphrases":null,"primary_term":null,"canonical_url":null,"og_title":null,"og_description":null,"og_object_type":"default","og_image_type":"default","og_image_url":null,"og_image_width":null,"og_image_height":null,"og_image_custom_url":null,"og_image_custom_fields":null,"og_video":null,"og_custom_url":null,"og_article_section":null,"og_article_tags":null,"twitter_use_og":false,"twitter_card":"default","twitter_image_type":"default","twitter_image_url":null,"twitter_image_custom_url":null,"twitter_image_custom_fields":null,"twitter_title":null,"twitter_description":null,"schema":{"blockGraphs":[],"customGraphs":[],"default":{"data":{"Article":[],"Course":[],"Dataset":[],"FAQPage":[],"Movie":[],"Person":[],"Product":[],"ProductReview":[],"Car":[],"Recipe":[],"Service":[],"SoftwareApplication":[],"WebPage":[]},"graphName":"","isEnabled":true},"graphs":[],"defaultGraph":"","defaultPostTypeGraph":""},"schema_type":null,"schema_type_options":null,"pillar_content":false,"robots_default":true,"robots_noindex":false,"robots_noarchive":false,"robots_nosnippet":false,"robots_nofollow":false,"robots_noimageindex":false,"robots_noodp":false,"robots_notranslate":false,"robots_max_snippet":null,"robots_max_videopreview":null,"robots_max_imagepreview":"large","priority":null,"frequency":null,"location":null,"local_seo":null,"seo_analyzer_scan_date":"2025-09-19 18:34:07","breadcrumb_settings":null,"limit_modified_date":false,"open_ai":null,"ai":null,"created":"2021-03-09 01:55:40","updated":"2025-09-19 18:34:07"},"aioseo_breadcrumb":"<div class=\"aioseo-breadcrumbs\"><span class=\"aioseo-breadcrumb\">\n\t<a href=\"https:\/\/eldigitaldeasturias.com\/magazine365\" title=\"Home\">Home<\/a>\n<\/span><span class=\"aioseo-breadcrumb-separator\">\u2013<\/span><span class=\"aioseo-breadcrumb\">\n\t<a href=\"https:\/\/eldigitaldeasturias.com\/magazine365\/category\/actualidad-turismo\/\" title=\"Actualidad Turismo\">Actualidad Turismo<\/a>\n<\/span><span class=\"aioseo-breadcrumb-separator\">\u2013<\/span><span class=\"aioseo-breadcrumb\">\n\t<a href=\"https:\/\/eldigitaldeasturias.com\/magazine365\/la-eurocamara-aprueba-iniciar-negociaciones-para-crear-un-registro-de-pasajeros-aereos\/\" title=\"La Euroc\u00e1mara aprueba iniciar negociaciones para crear un registro de pasajeros a\u00e9reos\">La Euroc\u00e1mara aprueba iniciar negociaciones para crear un registro de pasajeros a\u00e9reos<\/a>\n<\/span><\/div>","aioseo_breadcrumb_json":[{"label":"Home","link":"https:\/\/eldigitaldeasturias.com\/magazine365"},{"label":"Actualidad Turismo","link":"https:\/\/eldigitaldeasturias.com\/magazine365\/category\/actualidad-turismo\/"},{"label":"La Euroc\u00e1mara aprueba iniciar negociaciones para crear un registro de pasajeros a\u00e9reos","link":"https:\/\/eldigitaldeasturias.com\/magazine365\/la-eurocamara-aprueba-iniciar-negociaciones-para-crear-un-registro-de-pasajeros-aereos\/"}],"_links":{"self":[{"href":"https:\/\/eldigitaldeasturias.com\/magazine365\/wp-json\/wp\/v2\/posts\/42833","targetHints":{"allow":["GET"]}}],"collection":[{"href":"https:\/\/eldigitaldeasturias.com\/magazine365\/wp-json\/wp\/v2\/posts"}],"about":[{"href":"https:\/\/eldigitaldeasturias.com\/magazine365\/wp-json\/wp\/v2\/types\/post"}],"author":[{"embeddable":true,"href":"https:\/\/eldigitaldeasturias.com\/magazine365\/wp-json\/wp\/v2\/users\/1"}],"replies":[{"embeddable":true,"href":"https:\/\/eldigitaldeasturias.com\/magazine365\/wp-json\/wp\/v2\/comments?post=42833"}],"version-history":[{"count":0,"href":"https:\/\/eldigitaldeasturias.com\/magazine365\/wp-json\/wp\/v2\/posts\/42833\/revisions"}],"wp:featuredmedia":[{"embeddable":true,"href":"https:\/\/eldigitaldeasturias.com\/magazine365\/wp-json\/wp\/v2\/media\/42834"}],"wp:attachment":[{"href":"https:\/\/eldigitaldeasturias.com\/magazine365\/wp-json\/wp\/v2\/media?parent=42833"}],"wp:term":[{"taxonomy":"category","embeddable":true,"href":"https:\/\/eldigitaldeasturias.com\/magazine365\/wp-json\/wp\/v2\/categories?post=42833"},{"taxonomy":"post_tag","embeddable":true,"href":"https:\/\/eldigitaldeasturias.com\/magazine365\/wp-json\/wp\/v2\/tags?post=42833"}],"curies":[{"name":"wp","href":"https:\/\/api.w.org\/{rel}","templated":true}]}}