{"id":42830,"date":"2015-07-16T05:24:37","date_gmt":"2015-07-16T03:24:37","guid":{"rendered":"http:\/\/eldigitaldeasturias.com\/magazine365\/?p=42830"},"modified":"2015-07-16T05:24:37","modified_gmt":"2015-07-16T03:24:37","slug":"diputacion-de-cadiz-promete-al-sector-turistico-dialogo-y-una-alianza-con-la-junta-para-fortalecerlo","status":"publish","type":"post","link":"https:\/\/eldigitaldeasturias.com\/magazine365\/diputacion-de-cadiz-promete-al-sector-turistico-dialogo-y-una-alianza-con-la-junta-para-fortalecerlo\/","title":{"rendered":"Diputaci\u00f3n de C\u00e1diz promete al sector tur\u00edstico \u00abdi\u00e1logo\u00bb y una \u00abalianza\u00bb con la Junta para fortalecerlo"},"content":{"rendered":"<p><img fetchpriority=\"high\" decoding=\"async\" class=\"alignleft size-medium wp-image-42831\" src=\"https:\/\/eldigitaldeasturias.com\/magazine365\/wp-content\/uploads\/2015\/07\/fotonoticia_20150715170629_800-360x240.jpg\" alt=\"fotonoticia_20150715170629_800\" width=\"360\" height=\"240\" srcset=\"https:\/\/eldigitaldeasturias.com\/magazine365\/wp-content\/uploads\/2015\/07\/fotonoticia_20150715170629_800-360x240.jpg 360w, https:\/\/eldigitaldeasturias.com\/magazine365\/wp-content\/uploads\/2015\/07\/fotonoticia_20150715170629_800-650x434.jpg 650w, https:\/\/eldigitaldeasturias.com\/magazine365\/wp-content\/uploads\/2015\/07\/fotonoticia_20150715170629_800-768x513.jpg 768w, https:\/\/eldigitaldeasturias.com\/magazine365\/wp-content\/uploads\/2015\/07\/fotonoticia_20150715170629_800-150x100.jpg 150w, https:\/\/eldigitaldeasturias.com\/magazine365\/wp-content\/uploads\/2015\/07\/fotonoticia_20150715170629_800-450x300.jpg 450w, https:\/\/eldigitaldeasturias.com\/magazine365\/wp-content\/uploads\/2015\/07\/fotonoticia_20150715170629_800-696x465.jpg 696w, https:\/\/eldigitaldeasturias.com\/magazine365\/wp-content\/uploads\/2015\/07\/fotonoticia_20150715170629_800-629x420.jpg 629w, https:\/\/eldigitaldeasturias.com\/magazine365\/wp-content\/uploads\/2015\/07\/fotonoticia_20150715170629_800-84x55.jpg 84w, https:\/\/eldigitaldeasturias.com\/magazine365\/wp-content\/uploads\/2015\/07\/fotonoticia_20150715170629_800.jpg 800w\" sizes=\"(max-width: 360px) 100vw, 360px\" \/>La presidenta de la Diputaci\u00f3n gaditana, Irene Garc\u00eda (PSOE), ha mantenido un encuentro con el sector tur\u00edstico de la provincia, al que ha prometido \u00abun tiempo nuevo\u00bb de \u00abdi\u00e1logo\u00bb y la alianza con la Junta de Andaluc\u00eda para \u00abfortalecer\u00bb la industria tur\u00edstica con diversidad de ofertas y estabilidad laboral.<\/p>\n<p>En una nota, la Diputaci\u00f3n explica que al encuentro ha asistido alrededor de un centenar de personas entre representantes de negocios, delegados municipales de Turismo y diferentes responsables sectoriales.<\/p>\n<p>As\u00ed, Garc\u00eda ha anunciado \u00abun nuevo tiempo\u00bb en la gesti\u00f3n, sustentando en la cooperaci\u00f3n con la Junta de Andaluc\u00eda, los ayuntamientos y las empresas de una industria que comporta el 13 por ciento del Producto Interior Bruto (PIB) de la provincia.<\/p>\n<p>Se trata de una etapa incipiente de \u00abdi\u00e1logo continuo, en la que no me escuchar\u00e9is decir que Diputaci\u00f3n carece de competencias\u00bb, afirma la presidenta, que destaca que \u00abtodo lo que suponga actividad econ\u00f3mica y empleo\u00bb no le ser\u00e1 ajeno a la Diputaci\u00f3n.<\/p>\n<p>Apela, por tanto, a una estrategia conjunta con el objetivo de \u00abcombatir el desempleo\u00bb y diversificar las ofertas al objeto de romper la estacionalidad que limita el crecimiento del sector, adem\u00e1s de reivindicar mayor estabilidad en el empleo, ya que la mayor\u00eda de las contrataciones \u00abson de muy corta duraci\u00f3n\u00bb.<\/p>\n<p>La persistencia hacia un turismo de calidad requiere, seg\u00fan Garc\u00eda, \u00abuna diversidad en los paquetes tur\u00edsticos\u00bb que incluyan, por ejemplo, al sector del turismo accesible con productos adaptados a personas con movilidad reducida; al turismo familiar que demanda servicios para menores de edad; as\u00ed como al turismo de interior, el gastron\u00f3mico o el ligado al patrimonio hist\u00f3rico.<\/p>\n<p>En el foro celebrado en Diputaci\u00f3n los diferentes portavoces empresariales expusieron sus puntos de vista. El aeropuerto de Jerez, y su necesaria revitalizaci\u00f3n, ha sido una de las demandas reiteradas, as\u00ed como la regulaci\u00f3n de las viviendas tur\u00edsticas para acabar con el intrusismo en este \u00e1mbito, o la promoci\u00f3n de diferentes productos y rutas.<\/p>\n","protected":false},"excerpt":{"rendered":"<p>La presidenta de la Diputaci\u00f3n gaditana, Irene Garc\u00eda (PSOE), ha mantenido un encuentro con el sector tur\u00edstico de la provincia, al que ha prometido \u00abun tiempo nuevo\u00bb de \u00abdi\u00e1logo\u00bb y la alianza con la Junta de Andaluc\u00eda para \u00abfortalecer\u00bb la industria tur\u00edstica con diversidad de ofertas y estabilidad laboral. En una nota, la Diputaci\u00f3n explica<\/p>\n","protected":false},"author":1,"featured_media":42831,"comment_status":"open","ping_status":"closed","sticky":false,"template":"","format":"standard","meta":{"footnotes":""},"categories":[222],"tags":[],"class_list":{"0":"post-42830","1":"post","2":"type-post","3":"status-publish","4":"format-standard","5":"has-post-thumbnail","7":"category-actualidad-turismo"},"aioseo_notices":[],"aioseo_head":"\n\t\t<!-- All in One SEO Pro 4.9.6.1 - aioseo.com -->\n\t<meta name=\"description\" content=\"La presidenta de la Diputaci\u00f3n gaditana, Irene Garc\u00eda (PSOE), ha mantenido un encuentro con el sector tur\u00edstico de la provincia, al que ha prometido &quot;un tiempo nuevo&quot; de &quot;di\u00e1logo&quot; y la alianza con la Junta de Andaluc\u00eda para &quot;fortalecer&quot; la industria tur\u00edstica con diversidad de ofertas y estabilidad laboral. En una nota, la Diputaci\u00f3n explica\" \/>\n\t<meta name=\"robots\" content=\"max-image-preview:large\" \/>\n\t<meta name=\"author\" content=\"admin\"\/>\n\t<meta name=\"google-site-verification\" content=\"UA-38556648-1\" \/>\n\t<meta name=\"keywords\" content=\"actualidad turismo\" \/>\n\t<link rel=\"canonical\" href=\"https:\/\/eldigitaldeasturias.com\/magazine365\/diputacion-de-cadiz-promete-al-sector-turistico-dialogo-y-una-alianza-con-la-junta-para-fortalecerlo\/\" \/>\n\t<meta name=\"generator\" content=\"All in One SEO Pro (AIOSEO) 4.9.6.1\" \/>\n\t\t<meta property=\"og:locale\" content=\"es_ES\" \/>\n\t\t<meta property=\"og:site_name\" content=\"El Digital de Asturias \u2013 Revista de ocio, turismo y estilo de vida\" \/>\n\t\t<meta property=\"og:type\" content=\"article\" \/>\n\t\t<meta property=\"og:title\" content=\"Diputaci\u00f3n de C\u00e1diz promete al sector tur\u00edstico \u00abdi\u00e1logo\u00bb y una \u00abalianza\u00bb con la Junta para fortalecerlo | El Digital de Asturias\" \/>\n\t\t<meta property=\"og:description\" content=\"La presidenta de la Diputaci\u00f3n gaditana, Irene Garc\u00eda (PSOE), ha mantenido un encuentro con el sector tur\u00edstico de la provincia, al que ha prometido &quot;un tiempo nuevo&quot; de &quot;di\u00e1logo&quot; y la alianza con la Junta de Andaluc\u00eda para &quot;fortalecer&quot; la industria tur\u00edstica con diversidad de ofertas y estabilidad laboral. En una nota, la Diputaci\u00f3n explica\" \/>\n\t\t<meta property=\"og:url\" content=\"https:\/\/eldigitaldeasturias.com\/magazine365\/diputacion-de-cadiz-promete-al-sector-turistico-dialogo-y-una-alianza-con-la-junta-para-fortalecerlo\/\" \/>\n\t\t<meta property=\"og:image\" content=\"https:\/\/eldigitaldeasturias.com\/magazine365\/wp-content\/uploads\/2015\/07\/fotonoticia_20150715170629_800.jpg\" \/>\n\t\t<meta property=\"og:image:secure_url\" content=\"https:\/\/eldigitaldeasturias.com\/magazine365\/wp-content\/uploads\/2015\/07\/fotonoticia_20150715170629_800.jpg\" \/>\n\t\t<meta property=\"og:image:width\" content=\"800\" \/>\n\t\t<meta property=\"og:image:height\" content=\"534\" \/>\n\t\t<meta property=\"article:published_time\" content=\"2015-07-16T03:24:37+00:00\" \/>\n\t\t<meta property=\"article:modified_time\" content=\"2015-07-16T03:24:37+00:00\" \/>\n\t\t<meta name=\"twitter:card\" content=\"summary_large_image\" \/>\n\t\t<meta name=\"twitter:title\" content=\"Diputaci\u00f3n de C\u00e1diz promete al sector tur\u00edstico \u00abdi\u00e1logo\u00bb y una \u00abalianza\u00bb con la Junta para fortalecerlo | El Digital de Asturias\" \/>\n\t\t<meta name=\"twitter:description\" content=\"La presidenta de la Diputaci\u00f3n gaditana, Irene Garc\u00eda (PSOE), ha mantenido un encuentro con el sector tur\u00edstico de la provincia, al que ha prometido &quot;un tiempo nuevo&quot; de &quot;di\u00e1logo&quot; y la alianza con la Junta de Andaluc\u00eda para &quot;fortalecer&quot; la industria tur\u00edstica con diversidad de ofertas y estabilidad laboral. En una nota, la Diputaci\u00f3n explica\" \/>\n\t\t<meta name=\"twitter:image\" content=\"https:\/\/eldigitaldeasturias.com\/magazine365\/wp-content\/uploads\/2015\/07\/fotonoticia_20150715170629_800.jpg\" \/>\n\t\t<script type=\"application\/ld+json\" class=\"aioseo-schema\">\n\t\t\t{\"@context\":\"https:\\\/\\\/schema.org\",\"@graph\":[{\"@type\":\"Article\",\"@id\":\"https:\\\/\\\/eldigitaldeasturias.com\\\/magazine365\\\/diputacion-de-cadiz-promete-al-sector-turistico-dialogo-y-una-alianza-con-la-junta-para-fortalecerlo\\\/#article\",\"name\":\"Diputaci\\u00f3n de C\\u00e1diz promete al sector tur\\u00edstico \\u00abdi\\u00e1logo\\u00bb y una \\u00abalianza\\u00bb con la Junta para fortalecerlo | El Digital de Asturias\",\"headline\":\"Diputaci\\u00f3n de C\\u00e1diz promete al sector tur\\u00edstico \\u00abdi\\u00e1logo\\u00bb y una \\u00abalianza\\u00bb con la Junta para fortalecerlo\",\"author\":{\"@id\":\"https:\\\/\\\/eldigitaldeasturias.com\\\/magazine365\\\/author\\\/admin\\\/#author\"},\"publisher\":{\"@id\":\"https:\\\/\\\/eldigitaldeasturias.com\\\/magazine365\\\/#organization\"},\"image\":{\"@type\":\"ImageObject\",\"url\":\"https:\\\/\\\/eldigitaldeasturias.com\\\/magazine365\\\/wp-content\\\/uploads\\\/2015\\\/07\\\/fotonoticia_20150715170629_800.jpg\",\"width\":800,\"height\":534},\"datePublished\":\"2015-07-16T05:24:37+02:00\",\"dateModified\":\"2015-07-16T05:24:37+02:00\",\"inLanguage\":\"es-ES\",\"mainEntityOfPage\":{\"@id\":\"https:\\\/\\\/eldigitaldeasturias.com\\\/magazine365\\\/diputacion-de-cadiz-promete-al-sector-turistico-dialogo-y-una-alianza-con-la-junta-para-fortalecerlo\\\/#webpage\"},\"isPartOf\":{\"@id\":\"https:\\\/\\\/eldigitaldeasturias.com\\\/magazine365\\\/diputacion-de-cadiz-promete-al-sector-turistico-dialogo-y-una-alianza-con-la-junta-para-fortalecerlo\\\/#webpage\"},\"articleSection\":\"Actualidad Turismo\"},{\"@type\":\"BreadcrumbList\",\"@id\":\"https:\\\/\\\/eldigitaldeasturias.com\\\/magazine365\\\/diputacion-de-cadiz-promete-al-sector-turistico-dialogo-y-una-alianza-con-la-junta-para-fortalecerlo\\\/#breadcrumblist\",\"itemListElement\":[{\"@type\":\"ListItem\",\"@id\":\"https:\\\/\\\/eldigitaldeasturias.com\\\/magazine365#listItem\",\"position\":1,\"name\":\"Home\",\"item\":\"https:\\\/\\\/eldigitaldeasturias.com\\\/magazine365\",\"nextItem\":{\"@type\":\"ListItem\",\"@id\":\"https:\\\/\\\/eldigitaldeasturias.com\\\/magazine365\\\/category\\\/actualidad-turismo\\\/#listItem\",\"name\":\"Actualidad Turismo\"}},{\"@type\":\"ListItem\",\"@id\":\"https:\\\/\\\/eldigitaldeasturias.com\\\/magazine365\\\/category\\\/actualidad-turismo\\\/#listItem\",\"position\":2,\"name\":\"Actualidad Turismo\",\"item\":\"https:\\\/\\\/eldigitaldeasturias.com\\\/magazine365\\\/category\\\/actualidad-turismo\\\/\",\"nextItem\":{\"@type\":\"ListItem\",\"@id\":\"https:\\\/\\\/eldigitaldeasturias.com\\\/magazine365\\\/diputacion-de-cadiz-promete-al-sector-turistico-dialogo-y-una-alianza-con-la-junta-para-fortalecerlo\\\/#listItem\",\"name\":\"Diputaci\\u00f3n de C\\u00e1diz promete al sector tur\\u00edstico \\u00abdi\\u00e1logo\\u00bb y una \\u00abalianza\\u00bb con la Junta para fortalecerlo\"},\"previousItem\":{\"@type\":\"ListItem\",\"@id\":\"https:\\\/\\\/eldigitaldeasturias.com\\\/magazine365#listItem\",\"name\":\"Home\"}},{\"@type\":\"ListItem\",\"@id\":\"https:\\\/\\\/eldigitaldeasturias.com\\\/magazine365\\\/diputacion-de-cadiz-promete-al-sector-turistico-dialogo-y-una-alianza-con-la-junta-para-fortalecerlo\\\/#listItem\",\"position\":3,\"name\":\"Diputaci\\u00f3n de C\\u00e1diz promete al sector tur\\u00edstico \\u00abdi\\u00e1logo\\u00bb y una \\u00abalianza\\u00bb con la Junta para fortalecerlo\",\"previousItem\":{\"@type\":\"ListItem\",\"@id\":\"https:\\\/\\\/eldigitaldeasturias.com\\\/magazine365\\\/category\\\/actualidad-turismo\\\/#listItem\",\"name\":\"Actualidad Turismo\"}}]},{\"@type\":\"Organization\",\"@id\":\"https:\\\/\\\/eldigitaldeasturias.com\\\/magazine365\\\/#organization\",\"name\":\"El digital de Asturias\",\"description\":\"Revista de ocio, turismo y estilo de vida\",\"url\":\"https:\\\/\\\/eldigitaldeasturias.com\\\/magazine365\\\/\",\"logo\":{\"@type\":\"ImageObject\",\"url\":\"https:\\\/\\\/www.eldigitaldeasturias.com\\\/noticias\\\/wp-content\\\/uploads\\\/2020\\\/12\\\/EDA.jpg\",\"@id\":\"https:\\\/\\\/eldigitaldeasturias.com\\\/magazine365\\\/diputacion-de-cadiz-promete-al-sector-turistico-dialogo-y-una-alianza-con-la-junta-para-fortalecerlo\\\/#organizationLogo\"},\"image\":{\"@id\":\"https:\\\/\\\/eldigitaldeasturias.com\\\/magazine365\\\/diputacion-de-cadiz-promete-al-sector-turistico-dialogo-y-una-alianza-con-la-junta-para-fortalecerlo\\\/#organizationLogo\"}},{\"@type\":\"Person\",\"@id\":\"https:\\\/\\\/eldigitaldeasturias.com\\\/magazine365\\\/author\\\/admin\\\/#author\",\"url\":\"https:\\\/\\\/eldigitaldeasturias.com\\\/magazine365\\\/author\\\/admin\\\/\",\"name\":\"admin\",\"image\":{\"@type\":\"ImageObject\",\"@id\":\"https:\\\/\\\/eldigitaldeasturias.com\\\/magazine365\\\/diputacion-de-cadiz-promete-al-sector-turistico-dialogo-y-una-alianza-con-la-junta-para-fortalecerlo\\\/#authorImage\",\"url\":\"https:\\\/\\\/eldigitaldeasturias.com\\\/magazine365\\\/wp-content\\\/litespeed\\\/avatar\\\/e571bcf59a0edd6fa6838245a470f2fe.jpg?ver=1777574230\",\"width\":96,\"height\":96,\"caption\":\"admin\"}},{\"@type\":\"WebPage\",\"@id\":\"https:\\\/\\\/eldigitaldeasturias.com\\\/magazine365\\\/diputacion-de-cadiz-promete-al-sector-turistico-dialogo-y-una-alianza-con-la-junta-para-fortalecerlo\\\/#webpage\",\"url\":\"https:\\\/\\\/eldigitaldeasturias.com\\\/magazine365\\\/diputacion-de-cadiz-promete-al-sector-turistico-dialogo-y-una-alianza-con-la-junta-para-fortalecerlo\\\/\",\"name\":\"Diputaci\\u00f3n de C\\u00e1diz promete al sector tur\\u00edstico \\u00abdi\\u00e1logo\\u00bb y una \\u00abalianza\\u00bb con la Junta para fortalecerlo | El Digital de Asturias\",\"description\":\"La presidenta de la Diputaci\\u00f3n gaditana, Irene Garc\\u00eda (PSOE), ha mantenido un encuentro con el sector tur\\u00edstico de la provincia, al que ha prometido \\\"un tiempo nuevo\\\" de \\\"di\\u00e1logo\\\" y la alianza con la Junta de Andaluc\\u00eda para \\\"fortalecer\\\" la industria tur\\u00edstica con diversidad de ofertas y estabilidad laboral. En una nota, la Diputaci\\u00f3n explica\",\"inLanguage\":\"es-ES\",\"isPartOf\":{\"@id\":\"https:\\\/\\\/eldigitaldeasturias.com\\\/magazine365\\\/#website\"},\"breadcrumb\":{\"@id\":\"https:\\\/\\\/eldigitaldeasturias.com\\\/magazine365\\\/diputacion-de-cadiz-promete-al-sector-turistico-dialogo-y-una-alianza-con-la-junta-para-fortalecerlo\\\/#breadcrumblist\"},\"author\":{\"@id\":\"https:\\\/\\\/eldigitaldeasturias.com\\\/magazine365\\\/author\\\/admin\\\/#author\"},\"creator\":{\"@id\":\"https:\\\/\\\/eldigitaldeasturias.com\\\/magazine365\\\/author\\\/admin\\\/#author\"},\"image\":{\"@type\":\"ImageObject\",\"url\":\"https:\\\/\\\/eldigitaldeasturias.com\\\/magazine365\\\/wp-content\\\/uploads\\\/2015\\\/07\\\/fotonoticia_20150715170629_800.jpg\",\"@id\":\"https:\\\/\\\/eldigitaldeasturias.com\\\/magazine365\\\/diputacion-de-cadiz-promete-al-sector-turistico-dialogo-y-una-alianza-con-la-junta-para-fortalecerlo\\\/#mainImage\",\"width\":800,\"height\":534},\"primaryImageOfPage\":{\"@id\":\"https:\\\/\\\/eldigitaldeasturias.com\\\/magazine365\\\/diputacion-de-cadiz-promete-al-sector-turistico-dialogo-y-una-alianza-con-la-junta-para-fortalecerlo\\\/#mainImage\"},\"datePublished\":\"2015-07-16T05:24:37+02:00\",\"dateModified\":\"2015-07-16T05:24:37+02:00\"},{\"@type\":\"WebSite\",\"@id\":\"https:\\\/\\\/eldigitaldeasturias.com\\\/magazine365\\\/#website\",\"url\":\"https:\\\/\\\/eldigitaldeasturias.com\\\/magazine365\\\/\",\"name\":\"El Digital de Asturias\",\"description\":\"Revista de ocio, turismo y estilo de vida\",\"inLanguage\":\"es-ES\",\"publisher\":{\"@id\":\"https:\\\/\\\/eldigitaldeasturias.com\\\/magazine365\\\/#organization\"}}]}\n\t\t<\/script>\n\t\t<!-- All in One SEO Pro -->\r\n\t\t<title>Diputaci\u00f3n de C\u00e1diz promete al sector tur\u00edstico \u00abdi\u00e1logo\u00bb y una \u00abalianza\u00bb con la Junta para fortalecerlo | El Digital de Asturias<\/title>\n\n","aioseo_head_json":{"title":"Diputaci\u00f3n de C\u00e1diz promete al sector tur\u00edstico \u00abdi\u00e1logo\u00bb y una \u00abalianza\u00bb con la Junta para fortalecerlo | El Digital de Asturias","description":"La presidenta de la Diputaci\u00f3n gaditana, Irene Garc\u00eda (PSOE), ha mantenido un encuentro con el sector tur\u00edstico de la provincia, al que ha prometido \"un tiempo nuevo\" de \"di\u00e1logo\" y la alianza con la Junta de Andaluc\u00eda para \"fortalecer\" la industria tur\u00edstica con diversidad de ofertas y estabilidad laboral. En una nota, la Diputaci\u00f3n explica","canonical_url":"https:\/\/eldigitaldeasturias.com\/magazine365\/diputacion-de-cadiz-promete-al-sector-turistico-dialogo-y-una-alianza-con-la-junta-para-fortalecerlo\/","robots":"max-image-preview:large","keywords":"actualidad turismo","webmasterTools":{"google-site-verification":"UA-38556648-1","miscellaneous":""},"schema":{"@context":"https:\/\/schema.org","@graph":[{"@type":"Article","@id":"https:\/\/eldigitaldeasturias.com\/magazine365\/diputacion-de-cadiz-promete-al-sector-turistico-dialogo-y-una-alianza-con-la-junta-para-fortalecerlo\/#article","name":"Diputaci\u00f3n de C\u00e1diz promete al sector tur\u00edstico \u00abdi\u00e1logo\u00bb y una \u00abalianza\u00bb con la Junta para fortalecerlo | El Digital de Asturias","headline":"Diputaci\u00f3n de C\u00e1diz promete al sector tur\u00edstico \u00abdi\u00e1logo\u00bb y una \u00abalianza\u00bb con la Junta para fortalecerlo","author":{"@id":"https:\/\/eldigitaldeasturias.com\/magazine365\/author\/admin\/#author"},"publisher":{"@id":"https:\/\/eldigitaldeasturias.com\/magazine365\/#organization"},"image":{"@type":"ImageObject","url":"https:\/\/eldigitaldeasturias.com\/magazine365\/wp-content\/uploads\/2015\/07\/fotonoticia_20150715170629_800.jpg","width":800,"height":534},"datePublished":"2015-07-16T05:24:37+02:00","dateModified":"2015-07-16T05:24:37+02:00","inLanguage":"es-ES","mainEntityOfPage":{"@id":"https:\/\/eldigitaldeasturias.com\/magazine365\/diputacion-de-cadiz-promete-al-sector-turistico-dialogo-y-una-alianza-con-la-junta-para-fortalecerlo\/#webpage"},"isPartOf":{"@id":"https:\/\/eldigitaldeasturias.com\/magazine365\/diputacion-de-cadiz-promete-al-sector-turistico-dialogo-y-una-alianza-con-la-junta-para-fortalecerlo\/#webpage"},"articleSection":"Actualidad Turismo"},{"@type":"BreadcrumbList","@id":"https:\/\/eldigitaldeasturias.com\/magazine365\/diputacion-de-cadiz-promete-al-sector-turistico-dialogo-y-una-alianza-con-la-junta-para-fortalecerlo\/#breadcrumblist","itemListElement":[{"@type":"ListItem","@id":"https:\/\/eldigitaldeasturias.com\/magazine365#listItem","position":1,"name":"Home","item":"https:\/\/eldigitaldeasturias.com\/magazine365","nextItem":{"@type":"ListItem","@id":"https:\/\/eldigitaldeasturias.com\/magazine365\/category\/actualidad-turismo\/#listItem","name":"Actualidad Turismo"}},{"@type":"ListItem","@id":"https:\/\/eldigitaldeasturias.com\/magazine365\/category\/actualidad-turismo\/#listItem","position":2,"name":"Actualidad Turismo","item":"https:\/\/eldigitaldeasturias.com\/magazine365\/category\/actualidad-turismo\/","nextItem":{"@type":"ListItem","@id":"https:\/\/eldigitaldeasturias.com\/magazine365\/diputacion-de-cadiz-promete-al-sector-turistico-dialogo-y-una-alianza-con-la-junta-para-fortalecerlo\/#listItem","name":"Diputaci\u00f3n de C\u00e1diz promete al sector tur\u00edstico \u00abdi\u00e1logo\u00bb y una \u00abalianza\u00bb con la Junta para fortalecerlo"},"previousItem":{"@type":"ListItem","@id":"https:\/\/eldigitaldeasturias.com\/magazine365#listItem","name":"Home"}},{"@type":"ListItem","@id":"https:\/\/eldigitaldeasturias.com\/magazine365\/diputacion-de-cadiz-promete-al-sector-turistico-dialogo-y-una-alianza-con-la-junta-para-fortalecerlo\/#listItem","position":3,"name":"Diputaci\u00f3n de C\u00e1diz promete al sector tur\u00edstico \u00abdi\u00e1logo\u00bb y una \u00abalianza\u00bb con la Junta para fortalecerlo","previousItem":{"@type":"ListItem","@id":"https:\/\/eldigitaldeasturias.com\/magazine365\/category\/actualidad-turismo\/#listItem","name":"Actualidad Turismo"}}]},{"@type":"Organization","@id":"https:\/\/eldigitaldeasturias.com\/magazine365\/#organization","name":"El digital de Asturias","description":"Revista de ocio, turismo y estilo de vida","url":"https:\/\/eldigitaldeasturias.com\/magazine365\/","logo":{"@type":"ImageObject","url":"https:\/\/www.eldigitaldeasturias.com\/noticias\/wp-content\/uploads\/2020\/12\/EDA.jpg","@id":"https:\/\/eldigitaldeasturias.com\/magazine365\/diputacion-de-cadiz-promete-al-sector-turistico-dialogo-y-una-alianza-con-la-junta-para-fortalecerlo\/#organizationLogo"},"image":{"@id":"https:\/\/eldigitaldeasturias.com\/magazine365\/diputacion-de-cadiz-promete-al-sector-turistico-dialogo-y-una-alianza-con-la-junta-para-fortalecerlo\/#organizationLogo"}},{"@type":"Person","@id":"https:\/\/eldigitaldeasturias.com\/magazine365\/author\/admin\/#author","url":"https:\/\/eldigitaldeasturias.com\/magazine365\/author\/admin\/","name":"admin","image":{"@type":"ImageObject","@id":"https:\/\/eldigitaldeasturias.com\/magazine365\/diputacion-de-cadiz-promete-al-sector-turistico-dialogo-y-una-alianza-con-la-junta-para-fortalecerlo\/#authorImage","url":"https:\/\/eldigitaldeasturias.com\/magazine365\/wp-content\/litespeed\/avatar\/e571bcf59a0edd6fa6838245a470f2fe.jpg?ver=1777574230","width":96,"height":96,"caption":"admin"}},{"@type":"WebPage","@id":"https:\/\/eldigitaldeasturias.com\/magazine365\/diputacion-de-cadiz-promete-al-sector-turistico-dialogo-y-una-alianza-con-la-junta-para-fortalecerlo\/#webpage","url":"https:\/\/eldigitaldeasturias.com\/magazine365\/diputacion-de-cadiz-promete-al-sector-turistico-dialogo-y-una-alianza-con-la-junta-para-fortalecerlo\/","name":"Diputaci\u00f3n de C\u00e1diz promete al sector tur\u00edstico \u00abdi\u00e1logo\u00bb y una \u00abalianza\u00bb con la Junta para fortalecerlo | El Digital de Asturias","description":"La presidenta de la Diputaci\u00f3n gaditana, Irene Garc\u00eda (PSOE), ha mantenido un encuentro con el sector tur\u00edstico de la provincia, al que ha prometido \"un tiempo nuevo\" de \"di\u00e1logo\" y la alianza con la Junta de Andaluc\u00eda para \"fortalecer\" la industria tur\u00edstica con diversidad de ofertas y estabilidad laboral. En una nota, la Diputaci\u00f3n explica","inLanguage":"es-ES","isPartOf":{"@id":"https:\/\/eldigitaldeasturias.com\/magazine365\/#website"},"breadcrumb":{"@id":"https:\/\/eldigitaldeasturias.com\/magazine365\/diputacion-de-cadiz-promete-al-sector-turistico-dialogo-y-una-alianza-con-la-junta-para-fortalecerlo\/#breadcrumblist"},"author":{"@id":"https:\/\/eldigitaldeasturias.com\/magazine365\/author\/admin\/#author"},"creator":{"@id":"https:\/\/eldigitaldeasturias.com\/magazine365\/author\/admin\/#author"},"image":{"@type":"ImageObject","url":"https:\/\/eldigitaldeasturias.com\/magazine365\/wp-content\/uploads\/2015\/07\/fotonoticia_20150715170629_800.jpg","@id":"https:\/\/eldigitaldeasturias.com\/magazine365\/diputacion-de-cadiz-promete-al-sector-turistico-dialogo-y-una-alianza-con-la-junta-para-fortalecerlo\/#mainImage","width":800,"height":534},"primaryImageOfPage":{"@id":"https:\/\/eldigitaldeasturias.com\/magazine365\/diputacion-de-cadiz-promete-al-sector-turistico-dialogo-y-una-alianza-con-la-junta-para-fortalecerlo\/#mainImage"},"datePublished":"2015-07-16T05:24:37+02:00","dateModified":"2015-07-16T05:24:37+02:00"},{"@type":"WebSite","@id":"https:\/\/eldigitaldeasturias.com\/magazine365\/#website","url":"https:\/\/eldigitaldeasturias.com\/magazine365\/","name":"El Digital de Asturias","description":"Revista de ocio, turismo y estilo de vida","inLanguage":"es-ES","publisher":{"@id":"https:\/\/eldigitaldeasturias.com\/magazine365\/#organization"}}]},"og:locale":"es_ES","og:site_name":"El Digital de Asturias \u2013 Revista de ocio, turismo y estilo de vida","og:type":"article","og:title":"Diputaci\u00f3n de C\u00e1diz promete al sector tur\u00edstico \u00abdi\u00e1logo\u00bb y una \u00abalianza\u00bb con la Junta para fortalecerlo | El Digital de Asturias","og:description":"La presidenta de la Diputaci\u00f3n gaditana, Irene Garc\u00eda (PSOE), ha mantenido un encuentro con el sector tur\u00edstico de la provincia, al que ha prometido &quot;un tiempo nuevo&quot; de &quot;di\u00e1logo&quot; y la alianza con la Junta de Andaluc\u00eda para &quot;fortalecer&quot; la industria tur\u00edstica con diversidad de ofertas y estabilidad laboral. En una nota, la Diputaci\u00f3n explica","og:url":"https:\/\/eldigitaldeasturias.com\/magazine365\/diputacion-de-cadiz-promete-al-sector-turistico-dialogo-y-una-alianza-con-la-junta-para-fortalecerlo\/","og:image":"https:\/\/eldigitaldeasturias.com\/magazine365\/wp-content\/uploads\/2015\/07\/fotonoticia_20150715170629_800.jpg","og:image:secure_url":"https:\/\/eldigitaldeasturias.com\/magazine365\/wp-content\/uploads\/2015\/07\/fotonoticia_20150715170629_800.jpg","og:image:width":800,"og:image:height":534,"article:published_time":"2015-07-16T03:24:37+00:00","article:modified_time":"2015-07-16T03:24:37+00:00","twitter:card":"summary_large_image","twitter:title":"Diputaci\u00f3n de C\u00e1diz promete al sector tur\u00edstico \u00abdi\u00e1logo\u00bb y una \u00abalianza\u00bb con la Junta para fortalecerlo | El Digital de Asturias","twitter:description":"La presidenta de la Diputaci\u00f3n gaditana, Irene Garc\u00eda (PSOE), ha mantenido un encuentro con el sector tur\u00edstico de la provincia, al que ha prometido &quot;un tiempo nuevo&quot; de &quot;di\u00e1logo&quot; y la alianza con la Junta de Andaluc\u00eda para &quot;fortalecer&quot; la industria tur\u00edstica con diversidad de ofertas y estabilidad laboral. En una nota, la Diputaci\u00f3n explica","twitter:image":"https:\/\/eldigitaldeasturias.com\/magazine365\/wp-content\/uploads\/2015\/07\/fotonoticia_20150715170629_800.jpg"},"aioseo_meta_data":{"post_id":"42830","title":null,"description":null,"keywords":null,"keyphrases":null,"primary_term":null,"canonical_url":null,"og_title":null,"og_description":null,"og_object_type":"default","og_image_type":"default","og_image_url":null,"og_image_width":null,"og_image_height":null,"og_image_custom_url":null,"og_image_custom_fields":null,"og_video":null,"og_custom_url":null,"og_article_section":null,"og_article_tags":null,"twitter_use_og":false,"twitter_card":"default","twitter_image_type":"default","twitter_image_url":null,"twitter_image_custom_url":null,"twitter_image_custom_fields":null,"twitter_title":null,"twitter_description":null,"schema":{"blockGraphs":[],"customGraphs":[],"default":{"data":{"Article":[],"Course":[],"Dataset":[],"FAQPage":[],"Movie":[],"Person":[],"Product":[],"ProductReview":[],"Car":[],"Recipe":[],"Service":[],"SoftwareApplication":[],"WebPage":[]},"graphName":"","isEnabled":true},"graphs":[],"defaultGraph":"","defaultPostTypeGraph":""},"schema_type":null,"schema_type_options":null,"pillar_content":false,"robots_default":true,"robots_noindex":false,"robots_noarchive":false,"robots_nosnippet":false,"robots_nofollow":false,"robots_noimageindex":false,"robots_noodp":false,"robots_notranslate":false,"robots_max_snippet":null,"robots_max_videopreview":null,"robots_max_imagepreview":"large","priority":null,"frequency":null,"location":null,"local_seo":null,"seo_analyzer_scan_date":"2025-09-19 18:34:06","breadcrumb_settings":null,"limit_modified_date":false,"open_ai":null,"ai":null,"created":"2021-03-09 01:55:40","updated":"2025-09-19 18:34:06"},"aioseo_breadcrumb":"<div class=\"aioseo-breadcrumbs\"><span class=\"aioseo-breadcrumb\">\n\t<a href=\"https:\/\/eldigitaldeasturias.com\/magazine365\" title=\"Home\">Home<\/a>\n<\/span><span class=\"aioseo-breadcrumb-separator\">\u2013<\/span><span class=\"aioseo-breadcrumb\">\n\t<a href=\"https:\/\/eldigitaldeasturias.com\/magazine365\/category\/actualidad-turismo\/\" title=\"Actualidad Turismo\">Actualidad Turismo<\/a>\n<\/span><span class=\"aioseo-breadcrumb-separator\">\u2013<\/span><span class=\"aioseo-breadcrumb\">\n\t<a href=\"https:\/\/eldigitaldeasturias.com\/magazine365\/diputacion-de-cadiz-promete-al-sector-turistico-dialogo-y-una-alianza-con-la-junta-para-fortalecerlo\/\" title=\"Diputaci\u00f3n de C\u00e1diz promete al sector tur\u00edstico \u00abdi\u00e1logo\u00bb y una \u00abalianza\u00bb con la Junta para fortalecerlo\">Diputaci\u00f3n de C\u00e1diz promete al sector tur\u00edstico \u00abdi\u00e1logo\u00bb y una \u00abalianza\u00bb con la Junta para fortalecerlo<\/a>\n<\/span><\/div>","aioseo_breadcrumb_json":[{"label":"Home","link":"https:\/\/eldigitaldeasturias.com\/magazine365"},{"label":"Actualidad Turismo","link":"https:\/\/eldigitaldeasturias.com\/magazine365\/category\/actualidad-turismo\/"},{"label":"Diputaci\u00f3n de C\u00e1diz promete al sector tur\u00edstico \u00abdi\u00e1logo\u00bb y una \u00abalianza\u00bb con la Junta para fortalecerlo","link":"https:\/\/eldigitaldeasturias.com\/magazine365\/diputacion-de-cadiz-promete-al-sector-turistico-dialogo-y-una-alianza-con-la-junta-para-fortalecerlo\/"}],"_links":{"self":[{"href":"https:\/\/eldigitaldeasturias.com\/magazine365\/wp-json\/wp\/v2\/posts\/42830","targetHints":{"allow":["GET"]}}],"collection":[{"href":"https:\/\/eldigitaldeasturias.com\/magazine365\/wp-json\/wp\/v2\/posts"}],"about":[{"href":"https:\/\/eldigitaldeasturias.com\/magazine365\/wp-json\/wp\/v2\/types\/post"}],"author":[{"embeddable":true,"href":"https:\/\/eldigitaldeasturias.com\/magazine365\/wp-json\/wp\/v2\/users\/1"}],"replies":[{"embeddable":true,"href":"https:\/\/eldigitaldeasturias.com\/magazine365\/wp-json\/wp\/v2\/comments?post=42830"}],"version-history":[{"count":0,"href":"https:\/\/eldigitaldeasturias.com\/magazine365\/wp-json\/wp\/v2\/posts\/42830\/revisions"}],"wp:featuredmedia":[{"embeddable":true,"href":"https:\/\/eldigitaldeasturias.com\/magazine365\/wp-json\/wp\/v2\/media\/42831"}],"wp:attachment":[{"href":"https:\/\/eldigitaldeasturias.com\/magazine365\/wp-json\/wp\/v2\/media?parent=42830"}],"wp:term":[{"taxonomy":"category","embeddable":true,"href":"https:\/\/eldigitaldeasturias.com\/magazine365\/wp-json\/wp\/v2\/categories?post=42830"},{"taxonomy":"post_tag","embeddable":true,"href":"https:\/\/eldigitaldeasturias.com\/magazine365\/wp-json\/wp\/v2\/tags?post=42830"}],"curies":[{"name":"wp","href":"https:\/\/api.w.org\/{rel}","templated":true}]}}