{"id":42818,"date":"2015-07-16T05:14:42","date_gmt":"2015-07-16T03:14:42","guid":{"rendered":"http:\/\/eldigitaldeasturias.com\/magazine365\/?p=42818"},"modified":"2015-07-16T05:14:42","modified_gmt":"2015-07-16T03:14:42","slug":"el-ayuntamiento-de-alicante-facilitara-la-forma-mas-comoda-para-el-traslado-hasta-benidorm-de-los-turistas-del-ave","status":"publish","type":"post","link":"https:\/\/eldigitaldeasturias.com\/magazine365\/el-ayuntamiento-de-alicante-facilitara-la-forma-mas-comoda-para-el-traslado-hasta-benidorm-de-los-turistas-del-ave\/","title":{"rendered":"El Ayuntamiento de Alicante facilitar\u00e1 la \u00abforma m\u00e1s c\u00f3moda\u00bb para el traslado hasta Benidorm de los turistas del AVE"},"content":{"rendered":"<p><img fetchpriority=\"high\" decoding=\"async\" class=\"alignleft size-medium wp-image-42819\" src=\"https:\/\/eldigitaldeasturias.com\/magazine365\/wp-content\/uploads\/2015\/07\/fotonoticia_20150715155404_800-360x203.jpg\" alt=\"fotonoticia_20150715155404_800\" width=\"360\" height=\"203\" srcset=\"https:\/\/eldigitaldeasturias.com\/magazine365\/wp-content\/uploads\/2015\/07\/fotonoticia_20150715155404_800-360x203.jpg 360w, https:\/\/eldigitaldeasturias.com\/magazine365\/wp-content\/uploads\/2015\/07\/fotonoticia_20150715155404_800-650x366.jpg 650w, https:\/\/eldigitaldeasturias.com\/magazine365\/wp-content\/uploads\/2015\/07\/fotonoticia_20150715155404_800-768x432.jpg 768w, https:\/\/eldigitaldeasturias.com\/magazine365\/wp-content\/uploads\/2015\/07\/fotonoticia_20150715155404_800-150x84.jpg 150w, https:\/\/eldigitaldeasturias.com\/magazine365\/wp-content\/uploads\/2015\/07\/fotonoticia_20150715155404_800-450x253.jpg 450w, https:\/\/eldigitaldeasturias.com\/magazine365\/wp-content\/uploads\/2015\/07\/fotonoticia_20150715155404_800-696x392.jpg 696w, https:\/\/eldigitaldeasturias.com\/magazine365\/wp-content\/uploads\/2015\/07\/fotonoticia_20150715155404_800-747x420.jpg 747w, https:\/\/eldigitaldeasturias.com\/magazine365\/wp-content\/uploads\/2015\/07\/fotonoticia_20150715155404_800-499x280.jpg 499w, https:\/\/eldigitaldeasturias.com\/magazine365\/wp-content\/uploads\/2015\/07\/fotonoticia_20150715155404_800.jpg 800w\" sizes=\"(max-width: 360px) 100vw, 360px\" \/>El Ayuntamiento de Alicante facilitar\u00e1 de la \u00abforma m\u00e1s c\u00f3moda\u00bb y \u00abcuanto antes\u00bb a los turistas que llegan a la ciudad en AVE con destino Benidorm el trasbordo al autob\u00fas que hace el enlace con la ciudad tur\u00edstica.<\/p>\n<p>Para ello, ha anunciado que solicitar\u00e1 a la Generalitat Valenciana que finalice las obras que permitir\u00edan que el TRAM se pudiera coger en la misma estaci\u00f3n de Renfe de Alicante, para la que hace falta \u00abuna inversi\u00f3n m\u00ednima\u00bb. Asimismo, se estudiar\u00e1 las l\u00edneas de tr\u00e1fico rodado y ver c\u00f3mo se sit\u00faan esas l\u00edneas regulares para llevar a los turistas a su destino.<\/p>\n<p>A ese respecto, el alcalde alicantino, Gabriel Ech\u00e1varri, ha tildado de \u00abpaletismo pol\u00edtico\u00bb la postura del anterior equipo de Gobierno &#8216;popular&#8217; de poner trabas a la instalaci\u00f3n de las conocidas como lanzaderas, y ha recordado que el AVE es una infraestructura \u00abnacional\u00bb.<\/p>\n<p>En declaraciones a los medios tras mantener un encuentro con el alcalde de Benidorm, Toni P\u00e9rez, Ech\u00e1varri ha estimado que Alicante debe ser \u00abuna buena anfitriona\u00bb para facilitar el traslado. \u00abSer amable esos minutos puede significar que se lleven una buena imagen de la ciudad y la pr\u00f3xima vez piensen en venir a Alicante\u00bb, ha considerado.<\/p>\n<p>Por ello, ha afirmado que \u00abponer trabas\u00bb es \u00abhacer trampas al solitario\u00bb y que impedir un trasbordo f\u00e1cil no supone que \u00abvayan a hacer noche en Alicante, muy al contrario\u00bb.<\/p>\n<p>As\u00ed, Ech\u00e1varri ha recordado que Benidorm \u00abes el referente tur\u00edstico internacional\u00bb, por lo que s\u00ed \u00ables va bien, ir\u00e1 bien a la ciudad de Alicante\u00bb.<\/p>\n<p>BENIDORM<\/p>\n<p>Por su parte, el alcalde de Benidorm, Toni P\u00e9rez, ha aventurado que \u00abse estudiar\u00e1 la necesidad de frecuencias y de que esos veh\u00edculos sean requeridos\u00bb e \u00abinfluir en que se conecte el TRAM desde la plaza de Luceros con Renfe\u00bb.<\/p>\n<p>\u00abHaremos una ciudad de Alicante m\u00e1s c\u00f3moda y acogedora, para los turistas y para los propios benidormenses\u00bb, ha se\u00f1alado P\u00e9rez, que ha puntualizado que la estaci\u00f3n destino en la ciudad tur\u00edstica ser\u00e1 la Estaci\u00f3n de Autobuses.<\/p>\n<p>P\u00e9rez, cuestionado por los plazos con los que se trabaja, ha comentado que el objetivo es que \u00ablos datos reales sobre frecuencias\u00bb est\u00e9n \u00abcon la mayor celeridad posible\u00bb, as\u00ed como la ubicaci\u00f3n de las lanzaderas sea una realidad \u00ablo antes posible\u00bb.<\/p>\n<p>TAXIS<\/p>\n<p>Asimismo Ech\u00e1varri, ha puntualizado que el consistorio trabajar\u00e1 \u00aben medidas alternativas\u00bb para que el sector del taxi tenga \u00abcondiciones de trabajo dignas\u00bb. El alcalde se ha referido as\u00ed al ser cuestionado por las dudas que suscit\u00f3 entre los profesionales la instalaci\u00f3n de las lanzaderas.<\/p>\n<p>\u00abCreemos que no perjudicaremos en gran medida\u00bb, ha argumentado Ech\u00e1varri, que ha hablado de mejoras en las paradas de la ciudad, abrir nuevos nichos de trabajo y potenciar al sector como \u00abmedio de transporte p\u00fablico\u00bb, porque \u00aba partir de ah\u00ed es poner puertas al campo\u00bb.<\/p>\n","protected":false},"excerpt":{"rendered":"<p>El Ayuntamiento de Alicante facilitar\u00e1 de la \u00abforma m\u00e1s c\u00f3moda\u00bb y \u00abcuanto antes\u00bb a los turistas que llegan a la ciudad en AVE con destino Benidorm el trasbordo al autob\u00fas que hace el enlace con la ciudad tur\u00edstica. Para ello, ha anunciado que solicitar\u00e1 a la Generalitat Valenciana que finalice las obras que permitir\u00edan que<\/p>\n","protected":false},"author":1,"featured_media":42819,"comment_status":"open","ping_status":"closed","sticky":false,"template":"","format":"standard","meta":{"footnotes":""},"categories":[224],"tags":[],"class_list":{"0":"post-42818","1":"post","2":"type-post","3":"status-publish","4":"format-standard","5":"has-post-thumbnail","7":"category-noticias-actualidad"},"aioseo_notices":[],"aioseo_head":"\n\t\t<!-- All in One SEO Pro 4.9.6.1 - aioseo.com -->\n\t<meta name=\"description\" content=\"El Ayuntamiento de Alicante facilitar\u00e1 de la &quot;forma m\u00e1s c\u00f3moda&quot; y &quot;cuanto antes&quot; a los turistas que llegan a la ciudad en AVE con destino Benidorm el trasbordo al autob\u00fas que hace el enlace con la ciudad tur\u00edstica. Para ello, ha anunciado que solicitar\u00e1 a la Generalitat Valenciana que finalice las obras que permitir\u00edan que\" \/>\n\t<meta name=\"robots\" content=\"max-image-preview:large\" \/>\n\t<meta name=\"author\" content=\"admin\"\/>\n\t<meta name=\"google-site-verification\" content=\"UA-38556648-1\" \/>\n\t<meta name=\"keywords\" content=\"noticias y actualidad\" \/>\n\t<link rel=\"canonical\" href=\"https:\/\/eldigitaldeasturias.com\/magazine365\/el-ayuntamiento-de-alicante-facilitara-la-forma-mas-comoda-para-el-traslado-hasta-benidorm-de-los-turistas-del-ave\/\" \/>\n\t<meta name=\"generator\" content=\"All in One SEO Pro (AIOSEO) 4.9.6.1\" \/>\n\t\t<meta property=\"og:locale\" content=\"es_ES\" \/>\n\t\t<meta property=\"og:site_name\" content=\"El Digital de Asturias \u2013 Revista de ocio, turismo y estilo de vida\" \/>\n\t\t<meta property=\"og:type\" content=\"article\" \/>\n\t\t<meta property=\"og:title\" content=\"El Ayuntamiento de Alicante facilitar\u00e1 la \u00abforma m\u00e1s c\u00f3moda\u00bb para el traslado hasta Benidorm de los turistas del AVE | El Digital de Asturias\" \/>\n\t\t<meta property=\"og:description\" content=\"El Ayuntamiento de Alicante facilitar\u00e1 de la &quot;forma m\u00e1s c\u00f3moda&quot; y &quot;cuanto antes&quot; a los turistas que llegan a la ciudad en AVE con destino Benidorm el trasbordo al autob\u00fas que hace el enlace con la ciudad tur\u00edstica. Para ello, ha anunciado que solicitar\u00e1 a la Generalitat Valenciana que finalice las obras que permitir\u00edan que\" \/>\n\t\t<meta property=\"og:url\" content=\"https:\/\/eldigitaldeasturias.com\/magazine365\/el-ayuntamiento-de-alicante-facilitara-la-forma-mas-comoda-para-el-traslado-hasta-benidorm-de-los-turistas-del-ave\/\" \/>\n\t\t<meta property=\"og:image\" content=\"https:\/\/eldigitaldeasturias.com\/magazine365\/wp-content\/uploads\/2015\/07\/fotonoticia_20150715155404_800.jpg\" \/>\n\t\t<meta property=\"og:image:secure_url\" content=\"https:\/\/eldigitaldeasturias.com\/magazine365\/wp-content\/uploads\/2015\/07\/fotonoticia_20150715155404_800.jpg\" \/>\n\t\t<meta property=\"og:image:width\" content=\"800\" \/>\n\t\t<meta property=\"og:image:height\" content=\"450\" \/>\n\t\t<meta property=\"article:published_time\" content=\"2015-07-16T03:14:42+00:00\" \/>\n\t\t<meta property=\"article:modified_time\" content=\"2015-07-16T03:14:42+00:00\" \/>\n\t\t<meta name=\"twitter:card\" content=\"summary_large_image\" \/>\n\t\t<meta name=\"twitter:title\" content=\"El Ayuntamiento de Alicante facilitar\u00e1 la \u00abforma m\u00e1s c\u00f3moda\u00bb para el traslado hasta Benidorm de los turistas del AVE | El Digital de Asturias\" \/>\n\t\t<meta name=\"twitter:description\" content=\"El Ayuntamiento de Alicante facilitar\u00e1 de la &quot;forma m\u00e1s c\u00f3moda&quot; y &quot;cuanto antes&quot; a los turistas que llegan a la ciudad en AVE con destino Benidorm el trasbordo al autob\u00fas que hace el enlace con la ciudad tur\u00edstica. Para ello, ha anunciado que solicitar\u00e1 a la Generalitat Valenciana que finalice las obras que permitir\u00edan que\" \/>\n\t\t<meta name=\"twitter:image\" content=\"https:\/\/eldigitaldeasturias.com\/magazine365\/wp-content\/uploads\/2015\/07\/fotonoticia_20150715155404_800.jpg\" \/>\n\t\t<script type=\"application\/ld+json\" class=\"aioseo-schema\">\n\t\t\t{\"@context\":\"https:\\\/\\\/schema.org\",\"@graph\":[{\"@type\":\"Article\",\"@id\":\"https:\\\/\\\/eldigitaldeasturias.com\\\/magazine365\\\/el-ayuntamiento-de-alicante-facilitara-la-forma-mas-comoda-para-el-traslado-hasta-benidorm-de-los-turistas-del-ave\\\/#article\",\"name\":\"El Ayuntamiento de Alicante facilitar\\u00e1 la \\u00abforma m\\u00e1s c\\u00f3moda\\u00bb para el traslado hasta Benidorm de los turistas del AVE | El Digital de Asturias\",\"headline\":\"El Ayuntamiento de Alicante facilitar\\u00e1 la \\u00abforma m\\u00e1s c\\u00f3moda\\u00bb para el traslado hasta Benidorm de los turistas del AVE\",\"author\":{\"@id\":\"https:\\\/\\\/eldigitaldeasturias.com\\\/magazine365\\\/author\\\/admin\\\/#author\"},\"publisher\":{\"@id\":\"https:\\\/\\\/eldigitaldeasturias.com\\\/magazine365\\\/#organization\"},\"image\":{\"@type\":\"ImageObject\",\"url\":\"https:\\\/\\\/eldigitaldeasturias.com\\\/magazine365\\\/wp-content\\\/uploads\\\/2015\\\/07\\\/fotonoticia_20150715155404_800.jpg\",\"width\":800,\"height\":450},\"datePublished\":\"2015-07-16T05:14:42+02:00\",\"dateModified\":\"2015-07-16T05:14:42+02:00\",\"inLanguage\":\"es-ES\",\"mainEntityOfPage\":{\"@id\":\"https:\\\/\\\/eldigitaldeasturias.com\\\/magazine365\\\/el-ayuntamiento-de-alicante-facilitara-la-forma-mas-comoda-para-el-traslado-hasta-benidorm-de-los-turistas-del-ave\\\/#webpage\"},\"isPartOf\":{\"@id\":\"https:\\\/\\\/eldigitaldeasturias.com\\\/magazine365\\\/el-ayuntamiento-de-alicante-facilitara-la-forma-mas-comoda-para-el-traslado-hasta-benidorm-de-los-turistas-del-ave\\\/#webpage\"},\"articleSection\":\"Noticias y Actualidad\"},{\"@type\":\"BreadcrumbList\",\"@id\":\"https:\\\/\\\/eldigitaldeasturias.com\\\/magazine365\\\/el-ayuntamiento-de-alicante-facilitara-la-forma-mas-comoda-para-el-traslado-hasta-benidorm-de-los-turistas-del-ave\\\/#breadcrumblist\",\"itemListElement\":[{\"@type\":\"ListItem\",\"@id\":\"https:\\\/\\\/eldigitaldeasturias.com\\\/magazine365#listItem\",\"position\":1,\"name\":\"Home\",\"item\":\"https:\\\/\\\/eldigitaldeasturias.com\\\/magazine365\",\"nextItem\":{\"@type\":\"ListItem\",\"@id\":\"https:\\\/\\\/eldigitaldeasturias.com\\\/magazine365\\\/category\\\/noticias-actualidad\\\/#listItem\",\"name\":\"Noticias y Actualidad\"}},{\"@type\":\"ListItem\",\"@id\":\"https:\\\/\\\/eldigitaldeasturias.com\\\/magazine365\\\/category\\\/noticias-actualidad\\\/#listItem\",\"position\":2,\"name\":\"Noticias y Actualidad\",\"item\":\"https:\\\/\\\/eldigitaldeasturias.com\\\/magazine365\\\/category\\\/noticias-actualidad\\\/\",\"nextItem\":{\"@type\":\"ListItem\",\"@id\":\"https:\\\/\\\/eldigitaldeasturias.com\\\/magazine365\\\/el-ayuntamiento-de-alicante-facilitara-la-forma-mas-comoda-para-el-traslado-hasta-benidorm-de-los-turistas-del-ave\\\/#listItem\",\"name\":\"El Ayuntamiento de Alicante facilitar\\u00e1 la \\u00abforma m\\u00e1s c\\u00f3moda\\u00bb para el traslado hasta Benidorm de los turistas del AVE\"},\"previousItem\":{\"@type\":\"ListItem\",\"@id\":\"https:\\\/\\\/eldigitaldeasturias.com\\\/magazine365#listItem\",\"name\":\"Home\"}},{\"@type\":\"ListItem\",\"@id\":\"https:\\\/\\\/eldigitaldeasturias.com\\\/magazine365\\\/el-ayuntamiento-de-alicante-facilitara-la-forma-mas-comoda-para-el-traslado-hasta-benidorm-de-los-turistas-del-ave\\\/#listItem\",\"position\":3,\"name\":\"El Ayuntamiento de Alicante facilitar\\u00e1 la \\u00abforma m\\u00e1s c\\u00f3moda\\u00bb para el traslado hasta Benidorm de los turistas del AVE\",\"previousItem\":{\"@type\":\"ListItem\",\"@id\":\"https:\\\/\\\/eldigitaldeasturias.com\\\/magazine365\\\/category\\\/noticias-actualidad\\\/#listItem\",\"name\":\"Noticias y Actualidad\"}}]},{\"@type\":\"Organization\",\"@id\":\"https:\\\/\\\/eldigitaldeasturias.com\\\/magazine365\\\/#organization\",\"name\":\"El digital de Asturias\",\"description\":\"Revista de ocio, turismo y estilo de vida\",\"url\":\"https:\\\/\\\/eldigitaldeasturias.com\\\/magazine365\\\/\",\"logo\":{\"@type\":\"ImageObject\",\"url\":\"https:\\\/\\\/www.eldigitaldeasturias.com\\\/noticias\\\/wp-content\\\/uploads\\\/2020\\\/12\\\/EDA.jpg\",\"@id\":\"https:\\\/\\\/eldigitaldeasturias.com\\\/magazine365\\\/el-ayuntamiento-de-alicante-facilitara-la-forma-mas-comoda-para-el-traslado-hasta-benidorm-de-los-turistas-del-ave\\\/#organizationLogo\"},\"image\":{\"@id\":\"https:\\\/\\\/eldigitaldeasturias.com\\\/magazine365\\\/el-ayuntamiento-de-alicante-facilitara-la-forma-mas-comoda-para-el-traslado-hasta-benidorm-de-los-turistas-del-ave\\\/#organizationLogo\"}},{\"@type\":\"Person\",\"@id\":\"https:\\\/\\\/eldigitaldeasturias.com\\\/magazine365\\\/author\\\/admin\\\/#author\",\"url\":\"https:\\\/\\\/eldigitaldeasturias.com\\\/magazine365\\\/author\\\/admin\\\/\",\"name\":\"admin\",\"image\":{\"@type\":\"ImageObject\",\"@id\":\"https:\\\/\\\/eldigitaldeasturias.com\\\/magazine365\\\/el-ayuntamiento-de-alicante-facilitara-la-forma-mas-comoda-para-el-traslado-hasta-benidorm-de-los-turistas-del-ave\\\/#authorImage\",\"url\":\"https:\\\/\\\/eldigitaldeasturias.com\\\/magazine365\\\/wp-content\\\/litespeed\\\/avatar\\\/e571bcf59a0edd6fa6838245a470f2fe.jpg?ver=1777574230\",\"width\":96,\"height\":96,\"caption\":\"admin\"}},{\"@type\":\"WebPage\",\"@id\":\"https:\\\/\\\/eldigitaldeasturias.com\\\/magazine365\\\/el-ayuntamiento-de-alicante-facilitara-la-forma-mas-comoda-para-el-traslado-hasta-benidorm-de-los-turistas-del-ave\\\/#webpage\",\"url\":\"https:\\\/\\\/eldigitaldeasturias.com\\\/magazine365\\\/el-ayuntamiento-de-alicante-facilitara-la-forma-mas-comoda-para-el-traslado-hasta-benidorm-de-los-turistas-del-ave\\\/\",\"name\":\"El Ayuntamiento de Alicante facilitar\\u00e1 la \\u00abforma m\\u00e1s c\\u00f3moda\\u00bb para el traslado hasta Benidorm de los turistas del AVE | El Digital de Asturias\",\"description\":\"El Ayuntamiento de Alicante facilitar\\u00e1 de la \\\"forma m\\u00e1s c\\u00f3moda\\\" y \\\"cuanto antes\\\" a los turistas que llegan a la ciudad en AVE con destino Benidorm el trasbordo al autob\\u00fas que hace el enlace con la ciudad tur\\u00edstica. Para ello, ha anunciado que solicitar\\u00e1 a la Generalitat Valenciana que finalice las obras que permitir\\u00edan que\",\"inLanguage\":\"es-ES\",\"isPartOf\":{\"@id\":\"https:\\\/\\\/eldigitaldeasturias.com\\\/magazine365\\\/#website\"},\"breadcrumb\":{\"@id\":\"https:\\\/\\\/eldigitaldeasturias.com\\\/magazine365\\\/el-ayuntamiento-de-alicante-facilitara-la-forma-mas-comoda-para-el-traslado-hasta-benidorm-de-los-turistas-del-ave\\\/#breadcrumblist\"},\"author\":{\"@id\":\"https:\\\/\\\/eldigitaldeasturias.com\\\/magazine365\\\/author\\\/admin\\\/#author\"},\"creator\":{\"@id\":\"https:\\\/\\\/eldigitaldeasturias.com\\\/magazine365\\\/author\\\/admin\\\/#author\"},\"image\":{\"@type\":\"ImageObject\",\"url\":\"https:\\\/\\\/eldigitaldeasturias.com\\\/magazine365\\\/wp-content\\\/uploads\\\/2015\\\/07\\\/fotonoticia_20150715155404_800.jpg\",\"@id\":\"https:\\\/\\\/eldigitaldeasturias.com\\\/magazine365\\\/el-ayuntamiento-de-alicante-facilitara-la-forma-mas-comoda-para-el-traslado-hasta-benidorm-de-los-turistas-del-ave\\\/#mainImage\",\"width\":800,\"height\":450},\"primaryImageOfPage\":{\"@id\":\"https:\\\/\\\/eldigitaldeasturias.com\\\/magazine365\\\/el-ayuntamiento-de-alicante-facilitara-la-forma-mas-comoda-para-el-traslado-hasta-benidorm-de-los-turistas-del-ave\\\/#mainImage\"},\"datePublished\":\"2015-07-16T05:14:42+02:00\",\"dateModified\":\"2015-07-16T05:14:42+02:00\"},{\"@type\":\"WebSite\",\"@id\":\"https:\\\/\\\/eldigitaldeasturias.com\\\/magazine365\\\/#website\",\"url\":\"https:\\\/\\\/eldigitaldeasturias.com\\\/magazine365\\\/\",\"name\":\"El Digital de Asturias\",\"description\":\"Revista de ocio, turismo y estilo de vida\",\"inLanguage\":\"es-ES\",\"publisher\":{\"@id\":\"https:\\\/\\\/eldigitaldeasturias.com\\\/magazine365\\\/#organization\"}}]}\n\t\t<\/script>\n\t\t<!-- All in One SEO Pro -->\r\n\t\t<title>El Ayuntamiento de Alicante facilitar\u00e1 la \u00abforma m\u00e1s c\u00f3moda\u00bb para el traslado hasta Benidorm de los turistas del AVE | El Digital de Asturias<\/title>\n\n","aioseo_head_json":{"title":"El Ayuntamiento de Alicante facilitar\u00e1 la \u00abforma m\u00e1s c\u00f3moda\u00bb para el traslado hasta Benidorm de los turistas del AVE | El Digital de Asturias","description":"El Ayuntamiento de Alicante facilitar\u00e1 de la \"forma m\u00e1s c\u00f3moda\" y \"cuanto antes\" a los turistas que llegan a la ciudad en AVE con destino Benidorm el trasbordo al autob\u00fas que hace el enlace con la ciudad tur\u00edstica. Para ello, ha anunciado que solicitar\u00e1 a la Generalitat Valenciana que finalice las obras que permitir\u00edan que","canonical_url":"https:\/\/eldigitaldeasturias.com\/magazine365\/el-ayuntamiento-de-alicante-facilitara-la-forma-mas-comoda-para-el-traslado-hasta-benidorm-de-los-turistas-del-ave\/","robots":"max-image-preview:large","keywords":"noticias y actualidad","webmasterTools":{"google-site-verification":"UA-38556648-1","miscellaneous":""},"schema":{"@context":"https:\/\/schema.org","@graph":[{"@type":"Article","@id":"https:\/\/eldigitaldeasturias.com\/magazine365\/el-ayuntamiento-de-alicante-facilitara-la-forma-mas-comoda-para-el-traslado-hasta-benidorm-de-los-turistas-del-ave\/#article","name":"El Ayuntamiento de Alicante facilitar\u00e1 la \u00abforma m\u00e1s c\u00f3moda\u00bb para el traslado hasta Benidorm de los turistas del AVE | El Digital de Asturias","headline":"El Ayuntamiento de Alicante facilitar\u00e1 la \u00abforma m\u00e1s c\u00f3moda\u00bb para el traslado hasta Benidorm de los turistas del AVE","author":{"@id":"https:\/\/eldigitaldeasturias.com\/magazine365\/author\/admin\/#author"},"publisher":{"@id":"https:\/\/eldigitaldeasturias.com\/magazine365\/#organization"},"image":{"@type":"ImageObject","url":"https:\/\/eldigitaldeasturias.com\/magazine365\/wp-content\/uploads\/2015\/07\/fotonoticia_20150715155404_800.jpg","width":800,"height":450},"datePublished":"2015-07-16T05:14:42+02:00","dateModified":"2015-07-16T05:14:42+02:00","inLanguage":"es-ES","mainEntityOfPage":{"@id":"https:\/\/eldigitaldeasturias.com\/magazine365\/el-ayuntamiento-de-alicante-facilitara-la-forma-mas-comoda-para-el-traslado-hasta-benidorm-de-los-turistas-del-ave\/#webpage"},"isPartOf":{"@id":"https:\/\/eldigitaldeasturias.com\/magazine365\/el-ayuntamiento-de-alicante-facilitara-la-forma-mas-comoda-para-el-traslado-hasta-benidorm-de-los-turistas-del-ave\/#webpage"},"articleSection":"Noticias y Actualidad"},{"@type":"BreadcrumbList","@id":"https:\/\/eldigitaldeasturias.com\/magazine365\/el-ayuntamiento-de-alicante-facilitara-la-forma-mas-comoda-para-el-traslado-hasta-benidorm-de-los-turistas-del-ave\/#breadcrumblist","itemListElement":[{"@type":"ListItem","@id":"https:\/\/eldigitaldeasturias.com\/magazine365#listItem","position":1,"name":"Home","item":"https:\/\/eldigitaldeasturias.com\/magazine365","nextItem":{"@type":"ListItem","@id":"https:\/\/eldigitaldeasturias.com\/magazine365\/category\/noticias-actualidad\/#listItem","name":"Noticias y Actualidad"}},{"@type":"ListItem","@id":"https:\/\/eldigitaldeasturias.com\/magazine365\/category\/noticias-actualidad\/#listItem","position":2,"name":"Noticias y Actualidad","item":"https:\/\/eldigitaldeasturias.com\/magazine365\/category\/noticias-actualidad\/","nextItem":{"@type":"ListItem","@id":"https:\/\/eldigitaldeasturias.com\/magazine365\/el-ayuntamiento-de-alicante-facilitara-la-forma-mas-comoda-para-el-traslado-hasta-benidorm-de-los-turistas-del-ave\/#listItem","name":"El Ayuntamiento de Alicante facilitar\u00e1 la \u00abforma m\u00e1s c\u00f3moda\u00bb para el traslado hasta Benidorm de los turistas del AVE"},"previousItem":{"@type":"ListItem","@id":"https:\/\/eldigitaldeasturias.com\/magazine365#listItem","name":"Home"}},{"@type":"ListItem","@id":"https:\/\/eldigitaldeasturias.com\/magazine365\/el-ayuntamiento-de-alicante-facilitara-la-forma-mas-comoda-para-el-traslado-hasta-benidorm-de-los-turistas-del-ave\/#listItem","position":3,"name":"El Ayuntamiento de Alicante facilitar\u00e1 la \u00abforma m\u00e1s c\u00f3moda\u00bb para el traslado hasta Benidorm de los turistas del AVE","previousItem":{"@type":"ListItem","@id":"https:\/\/eldigitaldeasturias.com\/magazine365\/category\/noticias-actualidad\/#listItem","name":"Noticias y Actualidad"}}]},{"@type":"Organization","@id":"https:\/\/eldigitaldeasturias.com\/magazine365\/#organization","name":"El digital de Asturias","description":"Revista de ocio, turismo y estilo de vida","url":"https:\/\/eldigitaldeasturias.com\/magazine365\/","logo":{"@type":"ImageObject","url":"https:\/\/www.eldigitaldeasturias.com\/noticias\/wp-content\/uploads\/2020\/12\/EDA.jpg","@id":"https:\/\/eldigitaldeasturias.com\/magazine365\/el-ayuntamiento-de-alicante-facilitara-la-forma-mas-comoda-para-el-traslado-hasta-benidorm-de-los-turistas-del-ave\/#organizationLogo"},"image":{"@id":"https:\/\/eldigitaldeasturias.com\/magazine365\/el-ayuntamiento-de-alicante-facilitara-la-forma-mas-comoda-para-el-traslado-hasta-benidorm-de-los-turistas-del-ave\/#organizationLogo"}},{"@type":"Person","@id":"https:\/\/eldigitaldeasturias.com\/magazine365\/author\/admin\/#author","url":"https:\/\/eldigitaldeasturias.com\/magazine365\/author\/admin\/","name":"admin","image":{"@type":"ImageObject","@id":"https:\/\/eldigitaldeasturias.com\/magazine365\/el-ayuntamiento-de-alicante-facilitara-la-forma-mas-comoda-para-el-traslado-hasta-benidorm-de-los-turistas-del-ave\/#authorImage","url":"https:\/\/eldigitaldeasturias.com\/magazine365\/wp-content\/litespeed\/avatar\/e571bcf59a0edd6fa6838245a470f2fe.jpg?ver=1777574230","width":96,"height":96,"caption":"admin"}},{"@type":"WebPage","@id":"https:\/\/eldigitaldeasturias.com\/magazine365\/el-ayuntamiento-de-alicante-facilitara-la-forma-mas-comoda-para-el-traslado-hasta-benidorm-de-los-turistas-del-ave\/#webpage","url":"https:\/\/eldigitaldeasturias.com\/magazine365\/el-ayuntamiento-de-alicante-facilitara-la-forma-mas-comoda-para-el-traslado-hasta-benidorm-de-los-turistas-del-ave\/","name":"El Ayuntamiento de Alicante facilitar\u00e1 la \u00abforma m\u00e1s c\u00f3moda\u00bb para el traslado hasta Benidorm de los turistas del AVE | El Digital de Asturias","description":"El Ayuntamiento de Alicante facilitar\u00e1 de la \"forma m\u00e1s c\u00f3moda\" y \"cuanto antes\" a los turistas que llegan a la ciudad en AVE con destino Benidorm el trasbordo al autob\u00fas que hace el enlace con la ciudad tur\u00edstica. Para ello, ha anunciado que solicitar\u00e1 a la Generalitat Valenciana que finalice las obras que permitir\u00edan que","inLanguage":"es-ES","isPartOf":{"@id":"https:\/\/eldigitaldeasturias.com\/magazine365\/#website"},"breadcrumb":{"@id":"https:\/\/eldigitaldeasturias.com\/magazine365\/el-ayuntamiento-de-alicante-facilitara-la-forma-mas-comoda-para-el-traslado-hasta-benidorm-de-los-turistas-del-ave\/#breadcrumblist"},"author":{"@id":"https:\/\/eldigitaldeasturias.com\/magazine365\/author\/admin\/#author"},"creator":{"@id":"https:\/\/eldigitaldeasturias.com\/magazine365\/author\/admin\/#author"},"image":{"@type":"ImageObject","url":"https:\/\/eldigitaldeasturias.com\/magazine365\/wp-content\/uploads\/2015\/07\/fotonoticia_20150715155404_800.jpg","@id":"https:\/\/eldigitaldeasturias.com\/magazine365\/el-ayuntamiento-de-alicante-facilitara-la-forma-mas-comoda-para-el-traslado-hasta-benidorm-de-los-turistas-del-ave\/#mainImage","width":800,"height":450},"primaryImageOfPage":{"@id":"https:\/\/eldigitaldeasturias.com\/magazine365\/el-ayuntamiento-de-alicante-facilitara-la-forma-mas-comoda-para-el-traslado-hasta-benidorm-de-los-turistas-del-ave\/#mainImage"},"datePublished":"2015-07-16T05:14:42+02:00","dateModified":"2015-07-16T05:14:42+02:00"},{"@type":"WebSite","@id":"https:\/\/eldigitaldeasturias.com\/magazine365\/#website","url":"https:\/\/eldigitaldeasturias.com\/magazine365\/","name":"El Digital de Asturias","description":"Revista de ocio, turismo y estilo de vida","inLanguage":"es-ES","publisher":{"@id":"https:\/\/eldigitaldeasturias.com\/magazine365\/#organization"}}]},"og:locale":"es_ES","og:site_name":"El Digital de Asturias \u2013 Revista de ocio, turismo y estilo de vida","og:type":"article","og:title":"El Ayuntamiento de Alicante facilitar\u00e1 la \u00abforma m\u00e1s c\u00f3moda\u00bb para el traslado hasta Benidorm de los turistas del AVE | El Digital de Asturias","og:description":"El Ayuntamiento de Alicante facilitar\u00e1 de la &quot;forma m\u00e1s c\u00f3moda&quot; y &quot;cuanto antes&quot; a los turistas que llegan a la ciudad en AVE con destino Benidorm el trasbordo al autob\u00fas que hace el enlace con la ciudad tur\u00edstica. Para ello, ha anunciado que solicitar\u00e1 a la Generalitat Valenciana que finalice las obras que permitir\u00edan que","og:url":"https:\/\/eldigitaldeasturias.com\/magazine365\/el-ayuntamiento-de-alicante-facilitara-la-forma-mas-comoda-para-el-traslado-hasta-benidorm-de-los-turistas-del-ave\/","og:image":"https:\/\/eldigitaldeasturias.com\/magazine365\/wp-content\/uploads\/2015\/07\/fotonoticia_20150715155404_800.jpg","og:image:secure_url":"https:\/\/eldigitaldeasturias.com\/magazine365\/wp-content\/uploads\/2015\/07\/fotonoticia_20150715155404_800.jpg","og:image:width":800,"og:image:height":450,"article:published_time":"2015-07-16T03:14:42+00:00","article:modified_time":"2015-07-16T03:14:42+00:00","twitter:card":"summary_large_image","twitter:title":"El Ayuntamiento de Alicante facilitar\u00e1 la \u00abforma m\u00e1s c\u00f3moda\u00bb para el traslado hasta Benidorm de los turistas del AVE | El Digital de Asturias","twitter:description":"El Ayuntamiento de Alicante facilitar\u00e1 de la &quot;forma m\u00e1s c\u00f3moda&quot; y &quot;cuanto antes&quot; a los turistas que llegan a la ciudad en AVE con destino Benidorm el trasbordo al autob\u00fas que hace el enlace con la ciudad tur\u00edstica. Para ello, ha anunciado que solicitar\u00e1 a la Generalitat Valenciana que finalice las obras que permitir\u00edan que","twitter:image":"https:\/\/eldigitaldeasturias.com\/magazine365\/wp-content\/uploads\/2015\/07\/fotonoticia_20150715155404_800.jpg"},"aioseo_meta_data":{"post_id":"42818","title":null,"description":null,"keywords":null,"keyphrases":null,"primary_term":null,"canonical_url":null,"og_title":null,"og_description":null,"og_object_type":"default","og_image_type":"default","og_image_url":null,"og_image_width":null,"og_image_height":null,"og_image_custom_url":null,"og_image_custom_fields":null,"og_video":null,"og_custom_url":null,"og_article_section":null,"og_article_tags":null,"twitter_use_og":false,"twitter_card":"default","twitter_image_type":"default","twitter_image_url":null,"twitter_image_custom_url":null,"twitter_image_custom_fields":null,"twitter_title":null,"twitter_description":null,"schema":{"blockGraphs":[],"customGraphs":[],"default":{"data":{"Article":[],"Course":[],"Dataset":[],"FAQPage":[],"Movie":[],"Person":[],"Product":[],"ProductReview":[],"Car":[],"Recipe":[],"Service":[],"SoftwareApplication":[],"WebPage":[]},"graphName":"","isEnabled":true},"graphs":[],"defaultGraph":"","defaultPostTypeGraph":""},"schema_type":null,"schema_type_options":null,"pillar_content":false,"robots_default":true,"robots_noindex":false,"robots_noarchive":false,"robots_nosnippet":false,"robots_nofollow":false,"robots_noimageindex":false,"robots_noodp":false,"robots_notranslate":false,"robots_max_snippet":null,"robots_max_videopreview":null,"robots_max_imagepreview":"large","priority":null,"frequency":null,"location":null,"local_seo":null,"seo_analyzer_scan_date":"2025-09-19 18:32:02","breadcrumb_settings":null,"limit_modified_date":false,"open_ai":null,"ai":null,"created":"2021-03-09 01:55:40","updated":"2025-09-19 18:32:02"},"aioseo_breadcrumb":"<div class=\"aioseo-breadcrumbs\"><span class=\"aioseo-breadcrumb\">\n\t<a href=\"https:\/\/eldigitaldeasturias.com\/magazine365\" title=\"Home\">Home<\/a>\n<\/span><span class=\"aioseo-breadcrumb-separator\">\u2013<\/span><span class=\"aioseo-breadcrumb\">\n\t<a href=\"https:\/\/eldigitaldeasturias.com\/magazine365\/category\/noticias-actualidad\/\" title=\"Noticias y Actualidad\">Noticias y Actualidad<\/a>\n<\/span><span class=\"aioseo-breadcrumb-separator\">\u2013<\/span><span class=\"aioseo-breadcrumb\">\n\t<a href=\"https:\/\/eldigitaldeasturias.com\/magazine365\/el-ayuntamiento-de-alicante-facilitara-la-forma-mas-comoda-para-el-traslado-hasta-benidorm-de-los-turistas-del-ave\/\" title=\"El Ayuntamiento de Alicante facilitar\u00e1 la \u00abforma m\u00e1s c\u00f3moda\u00bb para el traslado hasta Benidorm de los turistas del AVE\">El Ayuntamiento de Alicante facilitar\u00e1 la \u00abforma m\u00e1s c\u00f3moda\u00bb para el traslado hasta Benidorm de los turistas del AVE<\/a>\n<\/span><\/div>","aioseo_breadcrumb_json":[{"label":"Home","link":"https:\/\/eldigitaldeasturias.com\/magazine365"},{"label":"Noticias y Actualidad","link":"https:\/\/eldigitaldeasturias.com\/magazine365\/category\/noticias-actualidad\/"},{"label":"El Ayuntamiento de Alicante facilitar\u00e1 la \u00abforma m\u00e1s c\u00f3moda\u00bb para el traslado hasta Benidorm de los turistas del AVE","link":"https:\/\/eldigitaldeasturias.com\/magazine365\/el-ayuntamiento-de-alicante-facilitara-la-forma-mas-comoda-para-el-traslado-hasta-benidorm-de-los-turistas-del-ave\/"}],"_links":{"self":[{"href":"https:\/\/eldigitaldeasturias.com\/magazine365\/wp-json\/wp\/v2\/posts\/42818","targetHints":{"allow":["GET"]}}],"collection":[{"href":"https:\/\/eldigitaldeasturias.com\/magazine365\/wp-json\/wp\/v2\/posts"}],"about":[{"href":"https:\/\/eldigitaldeasturias.com\/magazine365\/wp-json\/wp\/v2\/types\/post"}],"author":[{"embeddable":true,"href":"https:\/\/eldigitaldeasturias.com\/magazine365\/wp-json\/wp\/v2\/users\/1"}],"replies":[{"embeddable":true,"href":"https:\/\/eldigitaldeasturias.com\/magazine365\/wp-json\/wp\/v2\/comments?post=42818"}],"version-history":[{"count":0,"href":"https:\/\/eldigitaldeasturias.com\/magazine365\/wp-json\/wp\/v2\/posts\/42818\/revisions"}],"wp:featuredmedia":[{"embeddable":true,"href":"https:\/\/eldigitaldeasturias.com\/magazine365\/wp-json\/wp\/v2\/media\/42819"}],"wp:attachment":[{"href":"https:\/\/eldigitaldeasturias.com\/magazine365\/wp-json\/wp\/v2\/media?parent=42818"}],"wp:term":[{"taxonomy":"category","embeddable":true,"href":"https:\/\/eldigitaldeasturias.com\/magazine365\/wp-json\/wp\/v2\/categories?post=42818"},{"taxonomy":"post_tag","embeddable":true,"href":"https:\/\/eldigitaldeasturias.com\/magazine365\/wp-json\/wp\/v2\/tags?post=42818"}],"curies":[{"name":"wp","href":"https:\/\/api.w.org\/{rel}","templated":true}]}}