{"id":42794,"date":"2015-07-16T04:53:20","date_gmt":"2015-07-16T02:53:20","guid":{"rendered":"http:\/\/eldigitaldeasturias.com\/magazine365\/?p=42794"},"modified":"2015-07-16T04:53:20","modified_gmt":"2015-07-16T02:53:20","slug":"el-trafico-del-puerto-de-bilbao-sube-un-322-en-el-primer-semestre","status":"publish","type":"post","link":"https:\/\/eldigitaldeasturias.com\/magazine365\/el-trafico-del-puerto-de-bilbao-sube-un-322-en-el-primer-semestre\/","title":{"rendered":"El tr\u00e1fico del Puerto de Bilbao sube un 3,22% en el primer semestre"},"content":{"rendered":"<p><img fetchpriority=\"high\" decoding=\"async\" class=\"alignleft size-medium wp-image-42795\" src=\"https:\/\/eldigitaldeasturias.com\/magazine365\/wp-content\/uploads\/2015\/07\/fotonoticia_20150715141813_800-360x270.jpg\" alt=\"fotonoticia_20150715141813_800\" width=\"360\" height=\"270\" srcset=\"https:\/\/eldigitaldeasturias.com\/magazine365\/wp-content\/uploads\/2015\/07\/fotonoticia_20150715141813_800-360x270.jpg 360w, https:\/\/eldigitaldeasturias.com\/magazine365\/wp-content\/uploads\/2015\/07\/fotonoticia_20150715141813_800-650x488.jpg 650w, https:\/\/eldigitaldeasturias.com\/magazine365\/wp-content\/uploads\/2015\/07\/fotonoticia_20150715141813_800-768x576.jpg 768w, https:\/\/eldigitaldeasturias.com\/magazine365\/wp-content\/uploads\/2015\/07\/fotonoticia_20150715141813_800-150x113.jpg 150w, https:\/\/eldigitaldeasturias.com\/magazine365\/wp-content\/uploads\/2015\/07\/fotonoticia_20150715141813_800-450x338.jpg 450w, https:\/\/eldigitaldeasturias.com\/magazine365\/wp-content\/uploads\/2015\/07\/fotonoticia_20150715141813_800-80x60.jpg 80w, https:\/\/eldigitaldeasturias.com\/magazine365\/wp-content\/uploads\/2015\/07\/fotonoticia_20150715141813_800-265x198.jpg 265w, https:\/\/eldigitaldeasturias.com\/magazine365\/wp-content\/uploads\/2015\/07\/fotonoticia_20150715141813_800-696x522.jpg 696w, https:\/\/eldigitaldeasturias.com\/magazine365\/wp-content\/uploads\/2015\/07\/fotonoticia_20150715141813_800-560x420.jpg 560w, https:\/\/eldigitaldeasturias.com\/magazine365\/wp-content\/uploads\/2015\/07\/fotonoticia_20150715141813_800-90x67.jpg 90w, https:\/\/eldigitaldeasturias.com\/magazine365\/wp-content\/uploads\/2015\/07\/fotonoticia_20150715141813_800-100x75.jpg 100w, https:\/\/eldigitaldeasturias.com\/magazine365\/wp-content\/uploads\/2015\/07\/fotonoticia_20150715141813_800.jpg 800w\" sizes=\"(max-width: 360px) 100vw, 360px\" \/>El tr\u00e1fico del Puerto de Bilbao ha aumentado un 3,22% en los seis primeros meses del a\u00f1o, periodo en el que se han cargado y descargado 15,5 millones de toneladas, 482.046 toneladas m\u00e1s que en los mismos meses de 2014. La previsi\u00f3n es cerrar el ejercicio con un aumento de aproximadamente el 3,5%, con alrededor de 32 millones de toneladas.<\/p>\n<p>Estos datos han sido dados a conocer por el presidente del Puerto, Asier Atutxa, en la rueda de prensa celebrada en Santurtzi, en la que se ha mostrado satisfecho por la evoluci\u00f3n experimentada despu\u00e9s de tres a\u00f1os de crecimiento, tras una ca\u00edda en el tr\u00e1fico del 25% en el periodo 2008-2012 como consecuencia de la crisis econ\u00f3mica.<\/p>\n<p>Atutxa ha se\u00f1alado que el Puerto siempre es un \u00abterm\u00f3metro\u00bb de la evoluci\u00f3n de la actividad econ\u00f3mico y, en este sentido, considera que \u00abpoco a poco\u00bb se est\u00e1 saliendo de la crisis y todos los sectores van \u00abconsolidando\u00bb crecimientos.<\/p>\n<p>El presidente del Puerto ha destacado que enero y febrero fueron meses \u00abmuy malos\u00bb por los temporales, pero en el mes de junio el crecimiento del tr\u00e1fico ha sido del 13,26%, por lo que esperan poder llegar a un crecimiento del 3,5% al cierre del a\u00f1o.<\/p>\n<p>El crecimiento del Puerto se deriva, principalmente, del aumento de los graneles l\u00edquidos (7,57%), donde destaca el aumento del tr\u00e1fico de gas natural, que crece un 30% tras dos a\u00f1os de ca\u00edda. Asimismo, los tr\u00e1ficos de crudo de petr\u00f3leo han aumentado un 29%, pese a la parada t\u00e9cnica de Petronor, mientras que el fueloil desciende un 52%.<\/p>\n<p>Los graneles s\u00f3lidos crecen, pero, en menor medida, un 2,79%, y el aumento viene motivado por las importaciones de cemento y clinker, as\u00ed como de las habas de soja.<\/p>\n<p>CAE LA MERCANC\u00cdA GENERAL<\/p>\n<p>En cambio, la mercanc\u00eda general, por su parte, ha descendido un 3,74%, un dato \u00abnegativo\u00bb que Atutxa atribuye principalmente a la desaparici\u00f3n de la l\u00ednea ro-ro de la naviera Transfennica, que un\u00eda los puertos de Bilbao y Zeebrugge, y ha negado que tenga que ver con la reducci\u00f3n de la actividad del entorno industrial.<\/p>\n<p>En este sentido, ha se\u00f1alado que est\u00e9n \u00abpeleando\u00bb por conseguir una nueva l\u00ednea ro-ro y espera que se pueda materizar a finales de a\u00f1o con lo que conf\u00eda en que parte del tr\u00e1fico que se ha ido a la carretera \u00abvuelva al Puerto\u00bb. Seg\u00fan ha explicado, est\u00e1n negociando con cuatro empresas y, en concreto, esa l\u00ednea estar\u00eda \u00abm\u00e1s orientada hacia Inglaterra\u00bb.<\/p>\n<p>No obstante, pese a la ca\u00edda de la mercanc\u00eda general, el n\u00famero de contenedores manipulados ha sido 303.169, una cifra similar a la del primer semestre del a\u00f1o y la previsi\u00f3n es cerrar 2015 con un incremento cercano al 2%.<\/p>\n<p>Atutxa ha indicado que sus estimaciones son que se produzca un crecimiento de media anual de la mercanc\u00eda general en los pr\u00f3ximos a\u00f1os del 2,7%, y del 3% al a\u00f1o desde ahora al 2049, por lo que se podr\u00edan quedar \u00absin suelo\u00bb.<\/p>\n<p>Por otra parte, el tr\u00e1fico que entra o sale por ferrocarril de las instalaciones del Puerto contin\u00faa creciendo. En el primer semestre del a\u00f1o, el incremento ha sido de un 6%, cifra que se eleva hasta el 10% en el caso del tr\u00e1fico contenerizado.<\/p>\n<p>En relaci\u00f3n al tr\u00e1fico ferroportuario, Atutxa, que ha indicado que esperan poder recibir trenes de 550 metros, ha se\u00f1alado que est\u00e1n realizando un an\u00e1lisis de los \u00abcuellos de botella\u00bb que hay en este sistema desde el Puerto hasta Miranda y estar\u00e1 concluido en septiembre. Atutxa ha se\u00f1alado que no renuncian a recuperar el tr\u00e1fico de veh\u00edculos y esperan tener \u00abbuenas noticias\u00bb a principios del pr\u00f3ximo a\u00f1o.<\/p>\n<p>MERCADOS<\/p>\n<p>El 66% de los tr\u00e1ficos corresponde a importaciones, que aumentan un 2%. Por su parte, las exportaciones, que representan el 34% del tr\u00e1fico exterior, se mantienen en cifras similares al mismo periodo del a\u00f1o pasado.<\/p>\n<p>Las principales descargas son de crudo de petr\u00f3leo, productos sider\u00fargicos, gas natural y habas de soja. En mayor volumen, las cargas corresponden a gasolina, productos sider\u00fargicos, productos qu\u00edmicos, y a cemento y clinker.<\/p>\n<p>Por otra parte, Europa Atl\u00e1ntica sigue siendo el principal origen y destino de los tr\u00e1ficos del Puerto de Bilbao, pero \u00abacortan distancias\u00bb los mercados transoce\u00e1nicos, con importantes subidas de Am\u00e9rica Atl\u00e1ntico Norte (+6%) y, sobre todo, de \u00c1frica Atl\u00e1ntica<\/p>\n<p>(+133%), que se convierte, por primera vez, en el tercer gran mercado. Tambi\u00e9n ha destacdo el crecimiento de Am\u00e9rica Atl\u00e1ntico Sur (+55%) y Asia \u00cdndico (+83%).<\/p>\n<p>CIFRA DE NEGOCIO<\/p>\n<p>La cifra de negocio del Puerto ha ascendido en los primeros seis meses del a\u00f1o en 32,1 millones de euros, un 4,80% por encima del mismo periodo del ejercicio anterior. Atutxa ha indicado que esperan concluir 2015 con 33 millones de recursos propios y tienen una deuda bancaria neta sobre el Ebitda del 0,71%. El endeudamiento neto era de 23,6 millones en 2014.<\/p>\n<p>En el cap\u00edtulo de inversiones, \u00e9stas han ascendido a 14,8 millones y, a lo largo de 2015, la Autoridad Portuaria de Bilbao invertir\u00e1 47 millones.<\/p>\n","protected":false},"excerpt":{"rendered":"<p>El tr\u00e1fico del Puerto de Bilbao ha aumentado un 3,22% en los seis primeros meses del a\u00f1o, periodo en el que se han cargado y descargado 15,5 millones de toneladas, 482.046 toneladas m\u00e1s que en los mismos meses de 2014. La previsi\u00f3n es cerrar el ejercicio con un aumento de aproximadamente el 3,5%, con alrededor<\/p>\n","protected":false},"author":1,"featured_media":42795,"comment_status":"open","ping_status":"closed","sticky":false,"template":"","format":"standard","meta":{"footnotes":""},"categories":[222],"tags":[],"class_list":{"0":"post-42794","1":"post","2":"type-post","3":"status-publish","4":"format-standard","5":"has-post-thumbnail","7":"category-actualidad-turismo"},"aioseo_notices":[],"aioseo_head":"\n\t\t<!-- All in One SEO Pro 4.9.6.1 - aioseo.com -->\n\t<meta name=\"description\" content=\"El tr\u00e1fico del Puerto de Bilbao ha aumentado un 3,22% en los seis primeros meses del a\u00f1o, periodo en el que se han cargado y descargado 15,5 millones de toneladas, 482.046 toneladas m\u00e1s que en los mismos meses de 2014. La previsi\u00f3n es cerrar el ejercicio con un aumento de aproximadamente el 3,5%, con alrededor\" \/>\n\t<meta name=\"robots\" content=\"max-image-preview:large\" \/>\n\t<meta name=\"author\" content=\"admin\"\/>\n\t<meta name=\"google-site-verification\" content=\"UA-38556648-1\" \/>\n\t<meta name=\"keywords\" content=\"actualidad turismo\" \/>\n\t<link rel=\"canonical\" href=\"https:\/\/eldigitaldeasturias.com\/magazine365\/el-trafico-del-puerto-de-bilbao-sube-un-322-en-el-primer-semestre\/\" \/>\n\t<meta name=\"generator\" content=\"All in One SEO Pro (AIOSEO) 4.9.6.1\" \/>\n\t\t<meta property=\"og:locale\" content=\"es_ES\" \/>\n\t\t<meta property=\"og:site_name\" content=\"El Digital de Asturias \u2013 Revista de ocio, turismo y estilo de vida\" \/>\n\t\t<meta property=\"og:type\" content=\"article\" \/>\n\t\t<meta property=\"og:title\" content=\"El tr\u00e1fico del Puerto de Bilbao sube un 3,22% en el primer semestre | El Digital de Asturias\" \/>\n\t\t<meta property=\"og:description\" content=\"El tr\u00e1fico del Puerto de Bilbao ha aumentado un 3,22% en los seis primeros meses del a\u00f1o, periodo en el que se han cargado y descargado 15,5 millones de toneladas, 482.046 toneladas m\u00e1s que en los mismos meses de 2014. La previsi\u00f3n es cerrar el ejercicio con un aumento de aproximadamente el 3,5%, con alrededor\" \/>\n\t\t<meta property=\"og:url\" content=\"https:\/\/eldigitaldeasturias.com\/magazine365\/el-trafico-del-puerto-de-bilbao-sube-un-322-en-el-primer-semestre\/\" \/>\n\t\t<meta property=\"og:image\" content=\"https:\/\/eldigitaldeasturias.com\/magazine365\/wp-content\/uploads\/2015\/07\/fotonoticia_20150715141813_800.jpg\" \/>\n\t\t<meta property=\"og:image:secure_url\" content=\"https:\/\/eldigitaldeasturias.com\/magazine365\/wp-content\/uploads\/2015\/07\/fotonoticia_20150715141813_800.jpg\" \/>\n\t\t<meta property=\"og:image:width\" content=\"800\" \/>\n\t\t<meta property=\"og:image:height\" content=\"600\" \/>\n\t\t<meta property=\"article:published_time\" content=\"2015-07-16T02:53:20+00:00\" \/>\n\t\t<meta property=\"article:modified_time\" content=\"2015-07-16T02:53:20+00:00\" \/>\n\t\t<meta name=\"twitter:card\" content=\"summary_large_image\" \/>\n\t\t<meta name=\"twitter:title\" content=\"El tr\u00e1fico del Puerto de Bilbao sube un 3,22% en el primer semestre | El Digital de Asturias\" \/>\n\t\t<meta name=\"twitter:description\" content=\"El tr\u00e1fico del Puerto de Bilbao ha aumentado un 3,22% en los seis primeros meses del a\u00f1o, periodo en el que se han cargado y descargado 15,5 millones de toneladas, 482.046 toneladas m\u00e1s que en los mismos meses de 2014. La previsi\u00f3n es cerrar el ejercicio con un aumento de aproximadamente el 3,5%, con alrededor\" \/>\n\t\t<meta name=\"twitter:image\" content=\"https:\/\/eldigitaldeasturias.com\/magazine365\/wp-content\/uploads\/2015\/07\/fotonoticia_20150715141813_800.jpg\" \/>\n\t\t<script type=\"application\/ld+json\" class=\"aioseo-schema\">\n\t\t\t{\"@context\":\"https:\\\/\\\/schema.org\",\"@graph\":[{\"@type\":\"Article\",\"@id\":\"https:\\\/\\\/eldigitaldeasturias.com\\\/magazine365\\\/el-trafico-del-puerto-de-bilbao-sube-un-322-en-el-primer-semestre\\\/#article\",\"name\":\"El tr\\u00e1fico del Puerto de Bilbao sube un 3,22% en el primer semestre | El Digital de Asturias\",\"headline\":\"El tr\\u00e1fico del Puerto de Bilbao sube un 3,22% en el primer semestre\",\"author\":{\"@id\":\"https:\\\/\\\/eldigitaldeasturias.com\\\/magazine365\\\/author\\\/admin\\\/#author\"},\"publisher\":{\"@id\":\"https:\\\/\\\/eldigitaldeasturias.com\\\/magazine365\\\/#organization\"},\"image\":{\"@type\":\"ImageObject\",\"url\":\"https:\\\/\\\/eldigitaldeasturias.com\\\/magazine365\\\/wp-content\\\/uploads\\\/2015\\\/07\\\/fotonoticia_20150715141813_800.jpg\",\"width\":800,\"height\":600},\"datePublished\":\"2015-07-16T04:53:20+02:00\",\"dateModified\":\"2015-07-16T04:53:20+02:00\",\"inLanguage\":\"es-ES\",\"mainEntityOfPage\":{\"@id\":\"https:\\\/\\\/eldigitaldeasturias.com\\\/magazine365\\\/el-trafico-del-puerto-de-bilbao-sube-un-322-en-el-primer-semestre\\\/#webpage\"},\"isPartOf\":{\"@id\":\"https:\\\/\\\/eldigitaldeasturias.com\\\/magazine365\\\/el-trafico-del-puerto-de-bilbao-sube-un-322-en-el-primer-semestre\\\/#webpage\"},\"articleSection\":\"Actualidad Turismo\"},{\"@type\":\"BreadcrumbList\",\"@id\":\"https:\\\/\\\/eldigitaldeasturias.com\\\/magazine365\\\/el-trafico-del-puerto-de-bilbao-sube-un-322-en-el-primer-semestre\\\/#breadcrumblist\",\"itemListElement\":[{\"@type\":\"ListItem\",\"@id\":\"https:\\\/\\\/eldigitaldeasturias.com\\\/magazine365#listItem\",\"position\":1,\"name\":\"Home\",\"item\":\"https:\\\/\\\/eldigitaldeasturias.com\\\/magazine365\",\"nextItem\":{\"@type\":\"ListItem\",\"@id\":\"https:\\\/\\\/eldigitaldeasturias.com\\\/magazine365\\\/category\\\/actualidad-turismo\\\/#listItem\",\"name\":\"Actualidad Turismo\"}},{\"@type\":\"ListItem\",\"@id\":\"https:\\\/\\\/eldigitaldeasturias.com\\\/magazine365\\\/category\\\/actualidad-turismo\\\/#listItem\",\"position\":2,\"name\":\"Actualidad Turismo\",\"item\":\"https:\\\/\\\/eldigitaldeasturias.com\\\/magazine365\\\/category\\\/actualidad-turismo\\\/\",\"nextItem\":{\"@type\":\"ListItem\",\"@id\":\"https:\\\/\\\/eldigitaldeasturias.com\\\/magazine365\\\/el-trafico-del-puerto-de-bilbao-sube-un-322-en-el-primer-semestre\\\/#listItem\",\"name\":\"El tr\\u00e1fico del Puerto de Bilbao sube un 3,22% en el primer semestre\"},\"previousItem\":{\"@type\":\"ListItem\",\"@id\":\"https:\\\/\\\/eldigitaldeasturias.com\\\/magazine365#listItem\",\"name\":\"Home\"}},{\"@type\":\"ListItem\",\"@id\":\"https:\\\/\\\/eldigitaldeasturias.com\\\/magazine365\\\/el-trafico-del-puerto-de-bilbao-sube-un-322-en-el-primer-semestre\\\/#listItem\",\"position\":3,\"name\":\"El tr\\u00e1fico del Puerto de Bilbao sube un 3,22% en el primer semestre\",\"previousItem\":{\"@type\":\"ListItem\",\"@id\":\"https:\\\/\\\/eldigitaldeasturias.com\\\/magazine365\\\/category\\\/actualidad-turismo\\\/#listItem\",\"name\":\"Actualidad Turismo\"}}]},{\"@type\":\"Organization\",\"@id\":\"https:\\\/\\\/eldigitaldeasturias.com\\\/magazine365\\\/#organization\",\"name\":\"El digital de Asturias\",\"description\":\"Revista de ocio, turismo y estilo de vida\",\"url\":\"https:\\\/\\\/eldigitaldeasturias.com\\\/magazine365\\\/\",\"logo\":{\"@type\":\"ImageObject\",\"url\":\"https:\\\/\\\/www.eldigitaldeasturias.com\\\/noticias\\\/wp-content\\\/uploads\\\/2020\\\/12\\\/EDA.jpg\",\"@id\":\"https:\\\/\\\/eldigitaldeasturias.com\\\/magazine365\\\/el-trafico-del-puerto-de-bilbao-sube-un-322-en-el-primer-semestre\\\/#organizationLogo\"},\"image\":{\"@id\":\"https:\\\/\\\/eldigitaldeasturias.com\\\/magazine365\\\/el-trafico-del-puerto-de-bilbao-sube-un-322-en-el-primer-semestre\\\/#organizationLogo\"}},{\"@type\":\"Person\",\"@id\":\"https:\\\/\\\/eldigitaldeasturias.com\\\/magazine365\\\/author\\\/admin\\\/#author\",\"url\":\"https:\\\/\\\/eldigitaldeasturias.com\\\/magazine365\\\/author\\\/admin\\\/\",\"name\":\"admin\",\"image\":{\"@type\":\"ImageObject\",\"@id\":\"https:\\\/\\\/eldigitaldeasturias.com\\\/magazine365\\\/el-trafico-del-puerto-de-bilbao-sube-un-322-en-el-primer-semestre\\\/#authorImage\",\"url\":\"https:\\\/\\\/eldigitaldeasturias.com\\\/magazine365\\\/wp-content\\\/litespeed\\\/avatar\\\/e571bcf59a0edd6fa6838245a470f2fe.jpg?ver=1777574230\",\"width\":96,\"height\":96,\"caption\":\"admin\"}},{\"@type\":\"WebPage\",\"@id\":\"https:\\\/\\\/eldigitaldeasturias.com\\\/magazine365\\\/el-trafico-del-puerto-de-bilbao-sube-un-322-en-el-primer-semestre\\\/#webpage\",\"url\":\"https:\\\/\\\/eldigitaldeasturias.com\\\/magazine365\\\/el-trafico-del-puerto-de-bilbao-sube-un-322-en-el-primer-semestre\\\/\",\"name\":\"El tr\\u00e1fico del Puerto de Bilbao sube un 3,22% en el primer semestre | El Digital de Asturias\",\"description\":\"El tr\\u00e1fico del Puerto de Bilbao ha aumentado un 3,22% en los seis primeros meses del a\\u00f1o, periodo en el que se han cargado y descargado 15,5 millones de toneladas, 482.046 toneladas m\\u00e1s que en los mismos meses de 2014. La previsi\\u00f3n es cerrar el ejercicio con un aumento de aproximadamente el 3,5%, con alrededor\",\"inLanguage\":\"es-ES\",\"isPartOf\":{\"@id\":\"https:\\\/\\\/eldigitaldeasturias.com\\\/magazine365\\\/#website\"},\"breadcrumb\":{\"@id\":\"https:\\\/\\\/eldigitaldeasturias.com\\\/magazine365\\\/el-trafico-del-puerto-de-bilbao-sube-un-322-en-el-primer-semestre\\\/#breadcrumblist\"},\"author\":{\"@id\":\"https:\\\/\\\/eldigitaldeasturias.com\\\/magazine365\\\/author\\\/admin\\\/#author\"},\"creator\":{\"@id\":\"https:\\\/\\\/eldigitaldeasturias.com\\\/magazine365\\\/author\\\/admin\\\/#author\"},\"image\":{\"@type\":\"ImageObject\",\"url\":\"https:\\\/\\\/eldigitaldeasturias.com\\\/magazine365\\\/wp-content\\\/uploads\\\/2015\\\/07\\\/fotonoticia_20150715141813_800.jpg\",\"@id\":\"https:\\\/\\\/eldigitaldeasturias.com\\\/magazine365\\\/el-trafico-del-puerto-de-bilbao-sube-un-322-en-el-primer-semestre\\\/#mainImage\",\"width\":800,\"height\":600},\"primaryImageOfPage\":{\"@id\":\"https:\\\/\\\/eldigitaldeasturias.com\\\/magazine365\\\/el-trafico-del-puerto-de-bilbao-sube-un-322-en-el-primer-semestre\\\/#mainImage\"},\"datePublished\":\"2015-07-16T04:53:20+02:00\",\"dateModified\":\"2015-07-16T04:53:20+02:00\"},{\"@type\":\"WebSite\",\"@id\":\"https:\\\/\\\/eldigitaldeasturias.com\\\/magazine365\\\/#website\",\"url\":\"https:\\\/\\\/eldigitaldeasturias.com\\\/magazine365\\\/\",\"name\":\"El Digital de Asturias\",\"description\":\"Revista de ocio, turismo y estilo de vida\",\"inLanguage\":\"es-ES\",\"publisher\":{\"@id\":\"https:\\\/\\\/eldigitaldeasturias.com\\\/magazine365\\\/#organization\"}}]}\n\t\t<\/script>\n\t\t<!-- All in One SEO Pro -->\r\n\t\t<title>El tr\u00e1fico del Puerto de Bilbao sube un 3,22% en el primer semestre | El Digital de Asturias<\/title>\n\n","aioseo_head_json":{"title":"El tr\u00e1fico del Puerto de Bilbao sube un 3,22% en el primer semestre | El Digital de Asturias","description":"El tr\u00e1fico del Puerto de Bilbao ha aumentado un 3,22% en los seis primeros meses del a\u00f1o, periodo en el que se han cargado y descargado 15,5 millones de toneladas, 482.046 toneladas m\u00e1s que en los mismos meses de 2014. La previsi\u00f3n es cerrar el ejercicio con un aumento de aproximadamente el 3,5%, con alrededor","canonical_url":"https:\/\/eldigitaldeasturias.com\/magazine365\/el-trafico-del-puerto-de-bilbao-sube-un-322-en-el-primer-semestre\/","robots":"max-image-preview:large","keywords":"actualidad turismo","webmasterTools":{"google-site-verification":"UA-38556648-1","miscellaneous":""},"schema":{"@context":"https:\/\/schema.org","@graph":[{"@type":"Article","@id":"https:\/\/eldigitaldeasturias.com\/magazine365\/el-trafico-del-puerto-de-bilbao-sube-un-322-en-el-primer-semestre\/#article","name":"El tr\u00e1fico del Puerto de Bilbao sube un 3,22% en el primer semestre | El Digital de Asturias","headline":"El tr\u00e1fico del Puerto de Bilbao sube un 3,22% en el primer semestre","author":{"@id":"https:\/\/eldigitaldeasturias.com\/magazine365\/author\/admin\/#author"},"publisher":{"@id":"https:\/\/eldigitaldeasturias.com\/magazine365\/#organization"},"image":{"@type":"ImageObject","url":"https:\/\/eldigitaldeasturias.com\/magazine365\/wp-content\/uploads\/2015\/07\/fotonoticia_20150715141813_800.jpg","width":800,"height":600},"datePublished":"2015-07-16T04:53:20+02:00","dateModified":"2015-07-16T04:53:20+02:00","inLanguage":"es-ES","mainEntityOfPage":{"@id":"https:\/\/eldigitaldeasturias.com\/magazine365\/el-trafico-del-puerto-de-bilbao-sube-un-322-en-el-primer-semestre\/#webpage"},"isPartOf":{"@id":"https:\/\/eldigitaldeasturias.com\/magazine365\/el-trafico-del-puerto-de-bilbao-sube-un-322-en-el-primer-semestre\/#webpage"},"articleSection":"Actualidad Turismo"},{"@type":"BreadcrumbList","@id":"https:\/\/eldigitaldeasturias.com\/magazine365\/el-trafico-del-puerto-de-bilbao-sube-un-322-en-el-primer-semestre\/#breadcrumblist","itemListElement":[{"@type":"ListItem","@id":"https:\/\/eldigitaldeasturias.com\/magazine365#listItem","position":1,"name":"Home","item":"https:\/\/eldigitaldeasturias.com\/magazine365","nextItem":{"@type":"ListItem","@id":"https:\/\/eldigitaldeasturias.com\/magazine365\/category\/actualidad-turismo\/#listItem","name":"Actualidad Turismo"}},{"@type":"ListItem","@id":"https:\/\/eldigitaldeasturias.com\/magazine365\/category\/actualidad-turismo\/#listItem","position":2,"name":"Actualidad Turismo","item":"https:\/\/eldigitaldeasturias.com\/magazine365\/category\/actualidad-turismo\/","nextItem":{"@type":"ListItem","@id":"https:\/\/eldigitaldeasturias.com\/magazine365\/el-trafico-del-puerto-de-bilbao-sube-un-322-en-el-primer-semestre\/#listItem","name":"El tr\u00e1fico del Puerto de Bilbao sube un 3,22% en el primer semestre"},"previousItem":{"@type":"ListItem","@id":"https:\/\/eldigitaldeasturias.com\/magazine365#listItem","name":"Home"}},{"@type":"ListItem","@id":"https:\/\/eldigitaldeasturias.com\/magazine365\/el-trafico-del-puerto-de-bilbao-sube-un-322-en-el-primer-semestre\/#listItem","position":3,"name":"El tr\u00e1fico del Puerto de Bilbao sube un 3,22% en el primer semestre","previousItem":{"@type":"ListItem","@id":"https:\/\/eldigitaldeasturias.com\/magazine365\/category\/actualidad-turismo\/#listItem","name":"Actualidad Turismo"}}]},{"@type":"Organization","@id":"https:\/\/eldigitaldeasturias.com\/magazine365\/#organization","name":"El digital de Asturias","description":"Revista de ocio, turismo y estilo de vida","url":"https:\/\/eldigitaldeasturias.com\/magazine365\/","logo":{"@type":"ImageObject","url":"https:\/\/www.eldigitaldeasturias.com\/noticias\/wp-content\/uploads\/2020\/12\/EDA.jpg","@id":"https:\/\/eldigitaldeasturias.com\/magazine365\/el-trafico-del-puerto-de-bilbao-sube-un-322-en-el-primer-semestre\/#organizationLogo"},"image":{"@id":"https:\/\/eldigitaldeasturias.com\/magazine365\/el-trafico-del-puerto-de-bilbao-sube-un-322-en-el-primer-semestre\/#organizationLogo"}},{"@type":"Person","@id":"https:\/\/eldigitaldeasturias.com\/magazine365\/author\/admin\/#author","url":"https:\/\/eldigitaldeasturias.com\/magazine365\/author\/admin\/","name":"admin","image":{"@type":"ImageObject","@id":"https:\/\/eldigitaldeasturias.com\/magazine365\/el-trafico-del-puerto-de-bilbao-sube-un-322-en-el-primer-semestre\/#authorImage","url":"https:\/\/eldigitaldeasturias.com\/magazine365\/wp-content\/litespeed\/avatar\/e571bcf59a0edd6fa6838245a470f2fe.jpg?ver=1777574230","width":96,"height":96,"caption":"admin"}},{"@type":"WebPage","@id":"https:\/\/eldigitaldeasturias.com\/magazine365\/el-trafico-del-puerto-de-bilbao-sube-un-322-en-el-primer-semestre\/#webpage","url":"https:\/\/eldigitaldeasturias.com\/magazine365\/el-trafico-del-puerto-de-bilbao-sube-un-322-en-el-primer-semestre\/","name":"El tr\u00e1fico del Puerto de Bilbao sube un 3,22% en el primer semestre | El Digital de Asturias","description":"El tr\u00e1fico del Puerto de Bilbao ha aumentado un 3,22% en los seis primeros meses del a\u00f1o, periodo en el que se han cargado y descargado 15,5 millones de toneladas, 482.046 toneladas m\u00e1s que en los mismos meses de 2014. La previsi\u00f3n es cerrar el ejercicio con un aumento de aproximadamente el 3,5%, con alrededor","inLanguage":"es-ES","isPartOf":{"@id":"https:\/\/eldigitaldeasturias.com\/magazine365\/#website"},"breadcrumb":{"@id":"https:\/\/eldigitaldeasturias.com\/magazine365\/el-trafico-del-puerto-de-bilbao-sube-un-322-en-el-primer-semestre\/#breadcrumblist"},"author":{"@id":"https:\/\/eldigitaldeasturias.com\/magazine365\/author\/admin\/#author"},"creator":{"@id":"https:\/\/eldigitaldeasturias.com\/magazine365\/author\/admin\/#author"},"image":{"@type":"ImageObject","url":"https:\/\/eldigitaldeasturias.com\/magazine365\/wp-content\/uploads\/2015\/07\/fotonoticia_20150715141813_800.jpg","@id":"https:\/\/eldigitaldeasturias.com\/magazine365\/el-trafico-del-puerto-de-bilbao-sube-un-322-en-el-primer-semestre\/#mainImage","width":800,"height":600},"primaryImageOfPage":{"@id":"https:\/\/eldigitaldeasturias.com\/magazine365\/el-trafico-del-puerto-de-bilbao-sube-un-322-en-el-primer-semestre\/#mainImage"},"datePublished":"2015-07-16T04:53:20+02:00","dateModified":"2015-07-16T04:53:20+02:00"},{"@type":"WebSite","@id":"https:\/\/eldigitaldeasturias.com\/magazine365\/#website","url":"https:\/\/eldigitaldeasturias.com\/magazine365\/","name":"El Digital de Asturias","description":"Revista de ocio, turismo y estilo de vida","inLanguage":"es-ES","publisher":{"@id":"https:\/\/eldigitaldeasturias.com\/magazine365\/#organization"}}]},"og:locale":"es_ES","og:site_name":"El Digital de Asturias \u2013 Revista de ocio, turismo y estilo de vida","og:type":"article","og:title":"El tr\u00e1fico del Puerto de Bilbao sube un 3,22% en el primer semestre | El Digital de Asturias","og:description":"El tr\u00e1fico del Puerto de Bilbao ha aumentado un 3,22% en los seis primeros meses del a\u00f1o, periodo en el que se han cargado y descargado 15,5 millones de toneladas, 482.046 toneladas m\u00e1s que en los mismos meses de 2014. La previsi\u00f3n es cerrar el ejercicio con un aumento de aproximadamente el 3,5%, con alrededor","og:url":"https:\/\/eldigitaldeasturias.com\/magazine365\/el-trafico-del-puerto-de-bilbao-sube-un-322-en-el-primer-semestre\/","og:image":"https:\/\/eldigitaldeasturias.com\/magazine365\/wp-content\/uploads\/2015\/07\/fotonoticia_20150715141813_800.jpg","og:image:secure_url":"https:\/\/eldigitaldeasturias.com\/magazine365\/wp-content\/uploads\/2015\/07\/fotonoticia_20150715141813_800.jpg","og:image:width":800,"og:image:height":600,"article:published_time":"2015-07-16T02:53:20+00:00","article:modified_time":"2015-07-16T02:53:20+00:00","twitter:card":"summary_large_image","twitter:title":"El tr\u00e1fico del Puerto de Bilbao sube un 3,22% en el primer semestre | El Digital de Asturias","twitter:description":"El tr\u00e1fico del Puerto de Bilbao ha aumentado un 3,22% en los seis primeros meses del a\u00f1o, periodo en el que se han cargado y descargado 15,5 millones de toneladas, 482.046 toneladas m\u00e1s que en los mismos meses de 2014. La previsi\u00f3n es cerrar el ejercicio con un aumento de aproximadamente el 3,5%, con alrededor","twitter:image":"https:\/\/eldigitaldeasturias.com\/magazine365\/wp-content\/uploads\/2015\/07\/fotonoticia_20150715141813_800.jpg"},"aioseo_meta_data":{"post_id":"42794","title":null,"description":null,"keywords":null,"keyphrases":null,"primary_term":null,"canonical_url":null,"og_title":null,"og_description":null,"og_object_type":"default","og_image_type":"default","og_image_url":null,"og_image_width":null,"og_image_height":null,"og_image_custom_url":null,"og_image_custom_fields":null,"og_video":null,"og_custom_url":null,"og_article_section":null,"og_article_tags":null,"twitter_use_og":false,"twitter_card":"default","twitter_image_type":"default","twitter_image_url":null,"twitter_image_custom_url":null,"twitter_image_custom_fields":null,"twitter_title":null,"twitter_description":null,"schema":{"blockGraphs":[],"customGraphs":[],"default":{"data":{"Article":[],"Course":[],"Dataset":[],"FAQPage":[],"Movie":[],"Person":[],"Product":[],"ProductReview":[],"Car":[],"Recipe":[],"Service":[],"SoftwareApplication":[],"WebPage":[]},"graphName":"","isEnabled":true},"graphs":[],"defaultGraph":"","defaultPostTypeGraph":""},"schema_type":null,"schema_type_options":null,"pillar_content":false,"robots_default":true,"robots_noindex":false,"robots_noarchive":false,"robots_nosnippet":false,"robots_nofollow":false,"robots_noimageindex":false,"robots_noodp":false,"robots_notranslate":false,"robots_max_snippet":null,"robots_max_videopreview":null,"robots_max_imagepreview":"large","priority":null,"frequency":null,"location":null,"local_seo":null,"seo_analyzer_scan_date":"2025-09-19 18:30:22","breadcrumb_settings":null,"limit_modified_date":false,"open_ai":null,"ai":null,"created":"2021-03-09 01:55:40","updated":"2025-09-19 18:30:22"},"aioseo_breadcrumb":"<div class=\"aioseo-breadcrumbs\"><span class=\"aioseo-breadcrumb\">\n\t<a href=\"https:\/\/eldigitaldeasturias.com\/magazine365\" title=\"Home\">Home<\/a>\n<\/span><span class=\"aioseo-breadcrumb-separator\">\u2013<\/span><span class=\"aioseo-breadcrumb\">\n\t<a href=\"https:\/\/eldigitaldeasturias.com\/magazine365\/category\/actualidad-turismo\/\" title=\"Actualidad Turismo\">Actualidad Turismo<\/a>\n<\/span><span class=\"aioseo-breadcrumb-separator\">\u2013<\/span><span class=\"aioseo-breadcrumb\">\n\t<a href=\"https:\/\/eldigitaldeasturias.com\/magazine365\/el-trafico-del-puerto-de-bilbao-sube-un-322-en-el-primer-semestre\/\" title=\"El tr\u00e1fico del Puerto de Bilbao sube un 3,22% en el primer semestre\">El tr\u00e1fico del Puerto de Bilbao sube un 3,22% en el primer semestre<\/a>\n<\/span><\/div>","aioseo_breadcrumb_json":[{"label":"Home","link":"https:\/\/eldigitaldeasturias.com\/magazine365"},{"label":"Actualidad Turismo","link":"https:\/\/eldigitaldeasturias.com\/magazine365\/category\/actualidad-turismo\/"},{"label":"El tr\u00e1fico del Puerto de Bilbao sube un 3,22% en el primer semestre","link":"https:\/\/eldigitaldeasturias.com\/magazine365\/el-trafico-del-puerto-de-bilbao-sube-un-322-en-el-primer-semestre\/"}],"_links":{"self":[{"href":"https:\/\/eldigitaldeasturias.com\/magazine365\/wp-json\/wp\/v2\/posts\/42794","targetHints":{"allow":["GET"]}}],"collection":[{"href":"https:\/\/eldigitaldeasturias.com\/magazine365\/wp-json\/wp\/v2\/posts"}],"about":[{"href":"https:\/\/eldigitaldeasturias.com\/magazine365\/wp-json\/wp\/v2\/types\/post"}],"author":[{"embeddable":true,"href":"https:\/\/eldigitaldeasturias.com\/magazine365\/wp-json\/wp\/v2\/users\/1"}],"replies":[{"embeddable":true,"href":"https:\/\/eldigitaldeasturias.com\/magazine365\/wp-json\/wp\/v2\/comments?post=42794"}],"version-history":[{"count":0,"href":"https:\/\/eldigitaldeasturias.com\/magazine365\/wp-json\/wp\/v2\/posts\/42794\/revisions"}],"wp:featuredmedia":[{"embeddable":true,"href":"https:\/\/eldigitaldeasturias.com\/magazine365\/wp-json\/wp\/v2\/media\/42795"}],"wp:attachment":[{"href":"https:\/\/eldigitaldeasturias.com\/magazine365\/wp-json\/wp\/v2\/media?parent=42794"}],"wp:term":[{"taxonomy":"category","embeddable":true,"href":"https:\/\/eldigitaldeasturias.com\/magazine365\/wp-json\/wp\/v2\/categories?post=42794"},{"taxonomy":"post_tag","embeddable":true,"href":"https:\/\/eldigitaldeasturias.com\/magazine365\/wp-json\/wp\/v2\/tags?post=42794"}],"curies":[{"name":"wp","href":"https:\/\/api.w.org\/{rel}","templated":true}]}}