{"id":42783,"date":"2015-07-16T04:45:35","date_gmt":"2015-07-16T02:45:35","guid":{"rendered":"http:\/\/eldigitaldeasturias.com\/magazine365\/?p=42783"},"modified":"2015-07-16T04:45:35","modified_gmt":"2015-07-16T02:45:35","slug":"las-playas-de-sant-joan-reciben-la-bandera-azul","status":"publish","type":"post","link":"https:\/\/eldigitaldeasturias.com\/magazine365\/las-playas-de-sant-joan-reciben-la-bandera-azul\/","title":{"rendered":"Las playas de Sant Joan reciben la Bandera Azul"},"content":{"rendered":"<p><img fetchpriority=\"high\" decoding=\"async\" class=\"alignleft size-medium wp-image-39421\" src=\"https:\/\/eldigitaldeasturias.com\/magazine365\/wp-content\/uploads\/2015\/06\/ibiza-360x239.jpg\" alt=\"ibiza\" width=\"360\" height=\"239\" \/>La playa de Sa Cala de Sant Vicent, el puerto de Sant Miquel, Portinatx y Benirr\u00e0s, todas en el municipio de Sant Joan, han obtenido este a\u00f1o una Bandera Azul.<\/p>\n<p>El alcalde Antonio Mar\u00ed y el concejal de Turismo, Jaime Mar\u00ed, han hecho entrega de las Banderas Azules a las asociaciones de vecinos de las zonas tur\u00edsticas galardonadas.<\/p>\n<p>Seg\u00fan han recordado, una Bandera Azul es un galard\u00f3n anual y un sistema de certificaci\u00f3n de la calidad ambiental.<\/p>\n<p>Los criterios para obtener el reconocimiento se agrupan en cuatro \u00e1reas: Calidad de las aguas de ba\u00f1o, informaci\u00f3n y educaci\u00f3n ambiental, gesti\u00f3n ambiental y seguridad y servicios e instalaciones.<\/p>\n<p>Desde el Consistorio han explicado que todos los a\u00f1os, tanto el Ayuntamiento de Sant Joan de Labritja como las asociaciones de vecinos de las distintas zona tur\u00edsticas realizan un gran esfuerzo para mantener en el mejor estado posible las zonas de ba\u00f1o, mejorando servicios e instalaciones, as\u00ed como invirtiendo en seguridad, con un incremento del n\u00famero de socorristas.<\/p>\n<p>\u00abTenemos la suerte de disponer de unas zonas tur\u00edsticas con unas playas de ensue\u00f1o, de aguas cristalinas y rodeadas por verdes bosques y majestuosos escarpados que compaginados con unos servicios e instalaciones adecuados han hecho posible un a\u00f1o m\u00e1s el galard\u00f3n Bandera Azul\u00bb, han manifestado desde Sant Joan.<\/p>\n","protected":false},"excerpt":{"rendered":"<p>La playa de Sa Cala de Sant Vicent, el puerto de Sant Miquel, Portinatx y Benirr\u00e0s, todas en el municipio de Sant Joan, han obtenido este a\u00f1o una Bandera Azul. El alcalde Antonio Mar\u00ed y el concejal de Turismo, Jaime Mar\u00ed, han hecho entrega de las Banderas Azules a las asociaciones de vecinos de las<\/p>\n","protected":false},"author":1,"featured_media":0,"comment_status":"open","ping_status":"closed","sticky":false,"template":"","format":"standard","meta":{"footnotes":""},"categories":[222],"tags":[],"class_list":{"0":"post-42783","1":"post","2":"type-post","3":"status-publish","4":"format-standard","6":"category-actualidad-turismo"},"aioseo_notices":[],"aioseo_head":"\n\t\t<!-- All in One SEO Pro 4.9.6.1 - aioseo.com -->\n\t<meta name=\"description\" content=\"La playa de Sa Cala de Sant Vicent, el puerto de Sant Miquel, Portinatx y Benirr\u00e0s, todas en el municipio de Sant Joan, han obtenido este a\u00f1o una Bandera Azul. El alcalde Antonio Mar\u00ed y el concejal de Turismo, Jaime Mar\u00ed, han hecho entrega de las Banderas Azules a las asociaciones de vecinos de las\" \/>\n\t<meta name=\"robots\" content=\"max-image-preview:large\" \/>\n\t<meta name=\"author\" content=\"admin\"\/>\n\t<meta name=\"google-site-verification\" content=\"UA-38556648-1\" \/>\n\t<meta name=\"keywords\" content=\"actualidad turismo\" \/>\n\t<link rel=\"canonical\" href=\"https:\/\/eldigitaldeasturias.com\/magazine365\/las-playas-de-sant-joan-reciben-la-bandera-azul\/\" \/>\n\t<meta name=\"generator\" content=\"All in One SEO Pro (AIOSEO) 4.9.6.1\" \/>\n\t\t<meta property=\"og:locale\" content=\"es_ES\" \/>\n\t\t<meta property=\"og:site_name\" content=\"El Digital de Asturias \u2013 Revista de ocio, turismo y estilo de vida\" \/>\n\t\t<meta property=\"og:type\" content=\"article\" \/>\n\t\t<meta property=\"og:title\" content=\"Las playas de Sant Joan reciben la Bandera Azul | El Digital de Asturias\" \/>\n\t\t<meta property=\"og:description\" content=\"La playa de Sa Cala de Sant Vicent, el puerto de Sant Miquel, Portinatx y Benirr\u00e0s, todas en el municipio de Sant Joan, han obtenido este a\u00f1o una Bandera Azul. El alcalde Antonio Mar\u00ed y el concejal de Turismo, Jaime Mar\u00ed, han hecho entrega de las Banderas Azules a las asociaciones de vecinos de las\" \/>\n\t\t<meta property=\"og:url\" content=\"https:\/\/eldigitaldeasturias.com\/magazine365\/las-playas-de-sant-joan-reciben-la-bandera-azul\/\" \/>\n\t\t<meta property=\"og:image\" content=\"https:\/\/www.eldigitaldeasturias.com\/noticias\/wp-content\/uploads\/2020\/12\/EDA.jpg\" \/>\n\t\t<meta property=\"og:image:secure_url\" content=\"https:\/\/www.eldigitaldeasturias.com\/noticias\/wp-content\/uploads\/2020\/12\/EDA.jpg\" \/>\n\t\t<meta property=\"article:published_time\" content=\"2015-07-16T02:45:35+00:00\" \/>\n\t\t<meta property=\"article:modified_time\" content=\"2015-07-16T02:45:35+00:00\" \/>\n\t\t<meta name=\"twitter:card\" content=\"summary_large_image\" \/>\n\t\t<meta name=\"twitter:title\" content=\"Las playas de Sant Joan reciben la Bandera Azul | El Digital de Asturias\" \/>\n\t\t<meta name=\"twitter:description\" content=\"La playa de Sa Cala de Sant Vicent, el puerto de Sant Miquel, Portinatx y Benirr\u00e0s, todas en el municipio de Sant Joan, han obtenido este a\u00f1o una Bandera Azul. El alcalde Antonio Mar\u00ed y el concejal de Turismo, Jaime Mar\u00ed, han hecho entrega de las Banderas Azules a las asociaciones de vecinos de las\" \/>\n\t\t<meta name=\"twitter:image\" content=\"https:\/\/www.eldigitaldeasturias.com\/noticias\/wp-content\/uploads\/2020\/12\/EDA.jpg\" \/>\n\t\t<script type=\"application\/ld+json\" class=\"aioseo-schema\">\n\t\t\t{\"@context\":\"https:\\\/\\\/schema.org\",\"@graph\":[{\"@type\":\"Article\",\"@id\":\"https:\\\/\\\/eldigitaldeasturias.com\\\/magazine365\\\/las-playas-de-sant-joan-reciben-la-bandera-azul\\\/#article\",\"name\":\"Las playas de Sant Joan reciben la Bandera Azul | El Digital de Asturias\",\"headline\":\"Las playas de Sant Joan reciben la Bandera Azul\",\"author\":{\"@id\":\"https:\\\/\\\/eldigitaldeasturias.com\\\/magazine365\\\/author\\\/admin\\\/#author\"},\"publisher\":{\"@id\":\"https:\\\/\\\/eldigitaldeasturias.com\\\/magazine365\\\/#organization\"},\"image\":{\"@type\":\"ImageObject\",\"url\":\"http:\\\/\\\/eldigitaldeasturias.com\\\/magazine365\\\/wp-content\\\/uploads\\\/2015\\\/06\\\/ibiza-360x239.jpg\",\"@id\":\"https:\\\/\\\/eldigitaldeasturias.com\\\/magazine365\\\/las-playas-de-sant-joan-reciben-la-bandera-azul\\\/#articleImage\"},\"datePublished\":\"2015-07-16T04:45:35+02:00\",\"dateModified\":\"2015-07-16T04:45:35+02:00\",\"inLanguage\":\"es-ES\",\"mainEntityOfPage\":{\"@id\":\"https:\\\/\\\/eldigitaldeasturias.com\\\/magazine365\\\/las-playas-de-sant-joan-reciben-la-bandera-azul\\\/#webpage\"},\"isPartOf\":{\"@id\":\"https:\\\/\\\/eldigitaldeasturias.com\\\/magazine365\\\/las-playas-de-sant-joan-reciben-la-bandera-azul\\\/#webpage\"},\"articleSection\":\"Actualidad Turismo\"},{\"@type\":\"BreadcrumbList\",\"@id\":\"https:\\\/\\\/eldigitaldeasturias.com\\\/magazine365\\\/las-playas-de-sant-joan-reciben-la-bandera-azul\\\/#breadcrumblist\",\"itemListElement\":[{\"@type\":\"ListItem\",\"@id\":\"https:\\\/\\\/eldigitaldeasturias.com\\\/magazine365#listItem\",\"position\":1,\"name\":\"Home\",\"item\":\"https:\\\/\\\/eldigitaldeasturias.com\\\/magazine365\",\"nextItem\":{\"@type\":\"ListItem\",\"@id\":\"https:\\\/\\\/eldigitaldeasturias.com\\\/magazine365\\\/category\\\/actualidad-turismo\\\/#listItem\",\"name\":\"Actualidad Turismo\"}},{\"@type\":\"ListItem\",\"@id\":\"https:\\\/\\\/eldigitaldeasturias.com\\\/magazine365\\\/category\\\/actualidad-turismo\\\/#listItem\",\"position\":2,\"name\":\"Actualidad Turismo\",\"item\":\"https:\\\/\\\/eldigitaldeasturias.com\\\/magazine365\\\/category\\\/actualidad-turismo\\\/\",\"nextItem\":{\"@type\":\"ListItem\",\"@id\":\"https:\\\/\\\/eldigitaldeasturias.com\\\/magazine365\\\/las-playas-de-sant-joan-reciben-la-bandera-azul\\\/#listItem\",\"name\":\"Las playas de Sant Joan reciben la Bandera Azul\"},\"previousItem\":{\"@type\":\"ListItem\",\"@id\":\"https:\\\/\\\/eldigitaldeasturias.com\\\/magazine365#listItem\",\"name\":\"Home\"}},{\"@type\":\"ListItem\",\"@id\":\"https:\\\/\\\/eldigitaldeasturias.com\\\/magazine365\\\/las-playas-de-sant-joan-reciben-la-bandera-azul\\\/#listItem\",\"position\":3,\"name\":\"Las playas de Sant Joan reciben la Bandera Azul\",\"previousItem\":{\"@type\":\"ListItem\",\"@id\":\"https:\\\/\\\/eldigitaldeasturias.com\\\/magazine365\\\/category\\\/actualidad-turismo\\\/#listItem\",\"name\":\"Actualidad Turismo\"}}]},{\"@type\":\"Organization\",\"@id\":\"https:\\\/\\\/eldigitaldeasturias.com\\\/magazine365\\\/#organization\",\"name\":\"El digital de Asturias\",\"description\":\"Revista de ocio, turismo y estilo de vida\",\"url\":\"https:\\\/\\\/eldigitaldeasturias.com\\\/magazine365\\\/\",\"logo\":{\"@type\":\"ImageObject\",\"url\":\"https:\\\/\\\/www.eldigitaldeasturias.com\\\/noticias\\\/wp-content\\\/uploads\\\/2020\\\/12\\\/EDA.jpg\",\"@id\":\"https:\\\/\\\/eldigitaldeasturias.com\\\/magazine365\\\/las-playas-de-sant-joan-reciben-la-bandera-azul\\\/#organizationLogo\"},\"image\":{\"@id\":\"https:\\\/\\\/eldigitaldeasturias.com\\\/magazine365\\\/las-playas-de-sant-joan-reciben-la-bandera-azul\\\/#organizationLogo\"}},{\"@type\":\"Person\",\"@id\":\"https:\\\/\\\/eldigitaldeasturias.com\\\/magazine365\\\/author\\\/admin\\\/#author\",\"url\":\"https:\\\/\\\/eldigitaldeasturias.com\\\/magazine365\\\/author\\\/admin\\\/\",\"name\":\"admin\",\"image\":{\"@type\":\"ImageObject\",\"@id\":\"https:\\\/\\\/eldigitaldeasturias.com\\\/magazine365\\\/las-playas-de-sant-joan-reciben-la-bandera-azul\\\/#authorImage\",\"url\":\"https:\\\/\\\/eldigitaldeasturias.com\\\/magazine365\\\/wp-content\\\/litespeed\\\/avatar\\\/e571bcf59a0edd6fa6838245a470f2fe.jpg?ver=1777574230\",\"width\":96,\"height\":96,\"caption\":\"admin\"}},{\"@type\":\"WebPage\",\"@id\":\"https:\\\/\\\/eldigitaldeasturias.com\\\/magazine365\\\/las-playas-de-sant-joan-reciben-la-bandera-azul\\\/#webpage\",\"url\":\"https:\\\/\\\/eldigitaldeasturias.com\\\/magazine365\\\/las-playas-de-sant-joan-reciben-la-bandera-azul\\\/\",\"name\":\"Las playas de Sant Joan reciben la Bandera Azul | El Digital de Asturias\",\"description\":\"La playa de Sa Cala de Sant Vicent, el puerto de Sant Miquel, Portinatx y Benirr\\u00e0s, todas en el municipio de Sant Joan, han obtenido este a\\u00f1o una Bandera Azul. El alcalde Antonio Mar\\u00ed y el concejal de Turismo, Jaime Mar\\u00ed, han hecho entrega de las Banderas Azules a las asociaciones de vecinos de las\",\"inLanguage\":\"es-ES\",\"isPartOf\":{\"@id\":\"https:\\\/\\\/eldigitaldeasturias.com\\\/magazine365\\\/#website\"},\"breadcrumb\":{\"@id\":\"https:\\\/\\\/eldigitaldeasturias.com\\\/magazine365\\\/las-playas-de-sant-joan-reciben-la-bandera-azul\\\/#breadcrumblist\"},\"author\":{\"@id\":\"https:\\\/\\\/eldigitaldeasturias.com\\\/magazine365\\\/author\\\/admin\\\/#author\"},\"creator\":{\"@id\":\"https:\\\/\\\/eldigitaldeasturias.com\\\/magazine365\\\/author\\\/admin\\\/#author\"},\"datePublished\":\"2015-07-16T04:45:35+02:00\",\"dateModified\":\"2015-07-16T04:45:35+02:00\"},{\"@type\":\"WebSite\",\"@id\":\"https:\\\/\\\/eldigitaldeasturias.com\\\/magazine365\\\/#website\",\"url\":\"https:\\\/\\\/eldigitaldeasturias.com\\\/magazine365\\\/\",\"name\":\"El Digital de Asturias\",\"description\":\"Revista de ocio, turismo y estilo de vida\",\"inLanguage\":\"es-ES\",\"publisher\":{\"@id\":\"https:\\\/\\\/eldigitaldeasturias.com\\\/magazine365\\\/#organization\"}}]}\n\t\t<\/script>\n\t\t<!-- All in One SEO Pro -->\r\n\t\t<title>Las playas de Sant Joan reciben la Bandera Azul | El Digital de Asturias<\/title>\n\n","aioseo_head_json":{"title":"Las playas de Sant Joan reciben la Bandera Azul | El Digital de Asturias","description":"La playa de Sa Cala de Sant Vicent, el puerto de Sant Miquel, Portinatx y Benirr\u00e0s, todas en el municipio de Sant Joan, han obtenido este a\u00f1o una Bandera Azul. El alcalde Antonio Mar\u00ed y el concejal de Turismo, Jaime Mar\u00ed, han hecho entrega de las Banderas Azules a las asociaciones de vecinos de las","canonical_url":"https:\/\/eldigitaldeasturias.com\/magazine365\/las-playas-de-sant-joan-reciben-la-bandera-azul\/","robots":"max-image-preview:large","keywords":"actualidad turismo","webmasterTools":{"google-site-verification":"UA-38556648-1","miscellaneous":""},"schema":{"@context":"https:\/\/schema.org","@graph":[{"@type":"Article","@id":"https:\/\/eldigitaldeasturias.com\/magazine365\/las-playas-de-sant-joan-reciben-la-bandera-azul\/#article","name":"Las playas de Sant Joan reciben la Bandera Azul | El Digital de Asturias","headline":"Las playas de Sant Joan reciben la Bandera Azul","author":{"@id":"https:\/\/eldigitaldeasturias.com\/magazine365\/author\/admin\/#author"},"publisher":{"@id":"https:\/\/eldigitaldeasturias.com\/magazine365\/#organization"},"image":{"@type":"ImageObject","url":"http:\/\/eldigitaldeasturias.com\/magazine365\/wp-content\/uploads\/2015\/06\/ibiza-360x239.jpg","@id":"https:\/\/eldigitaldeasturias.com\/magazine365\/las-playas-de-sant-joan-reciben-la-bandera-azul\/#articleImage"},"datePublished":"2015-07-16T04:45:35+02:00","dateModified":"2015-07-16T04:45:35+02:00","inLanguage":"es-ES","mainEntityOfPage":{"@id":"https:\/\/eldigitaldeasturias.com\/magazine365\/las-playas-de-sant-joan-reciben-la-bandera-azul\/#webpage"},"isPartOf":{"@id":"https:\/\/eldigitaldeasturias.com\/magazine365\/las-playas-de-sant-joan-reciben-la-bandera-azul\/#webpage"},"articleSection":"Actualidad Turismo"},{"@type":"BreadcrumbList","@id":"https:\/\/eldigitaldeasturias.com\/magazine365\/las-playas-de-sant-joan-reciben-la-bandera-azul\/#breadcrumblist","itemListElement":[{"@type":"ListItem","@id":"https:\/\/eldigitaldeasturias.com\/magazine365#listItem","position":1,"name":"Home","item":"https:\/\/eldigitaldeasturias.com\/magazine365","nextItem":{"@type":"ListItem","@id":"https:\/\/eldigitaldeasturias.com\/magazine365\/category\/actualidad-turismo\/#listItem","name":"Actualidad Turismo"}},{"@type":"ListItem","@id":"https:\/\/eldigitaldeasturias.com\/magazine365\/category\/actualidad-turismo\/#listItem","position":2,"name":"Actualidad Turismo","item":"https:\/\/eldigitaldeasturias.com\/magazine365\/category\/actualidad-turismo\/","nextItem":{"@type":"ListItem","@id":"https:\/\/eldigitaldeasturias.com\/magazine365\/las-playas-de-sant-joan-reciben-la-bandera-azul\/#listItem","name":"Las playas de Sant Joan reciben la Bandera Azul"},"previousItem":{"@type":"ListItem","@id":"https:\/\/eldigitaldeasturias.com\/magazine365#listItem","name":"Home"}},{"@type":"ListItem","@id":"https:\/\/eldigitaldeasturias.com\/magazine365\/las-playas-de-sant-joan-reciben-la-bandera-azul\/#listItem","position":3,"name":"Las playas de Sant Joan reciben la Bandera Azul","previousItem":{"@type":"ListItem","@id":"https:\/\/eldigitaldeasturias.com\/magazine365\/category\/actualidad-turismo\/#listItem","name":"Actualidad Turismo"}}]},{"@type":"Organization","@id":"https:\/\/eldigitaldeasturias.com\/magazine365\/#organization","name":"El digital de Asturias","description":"Revista de ocio, turismo y estilo de vida","url":"https:\/\/eldigitaldeasturias.com\/magazine365\/","logo":{"@type":"ImageObject","url":"https:\/\/www.eldigitaldeasturias.com\/noticias\/wp-content\/uploads\/2020\/12\/EDA.jpg","@id":"https:\/\/eldigitaldeasturias.com\/magazine365\/las-playas-de-sant-joan-reciben-la-bandera-azul\/#organizationLogo"},"image":{"@id":"https:\/\/eldigitaldeasturias.com\/magazine365\/las-playas-de-sant-joan-reciben-la-bandera-azul\/#organizationLogo"}},{"@type":"Person","@id":"https:\/\/eldigitaldeasturias.com\/magazine365\/author\/admin\/#author","url":"https:\/\/eldigitaldeasturias.com\/magazine365\/author\/admin\/","name":"admin","image":{"@type":"ImageObject","@id":"https:\/\/eldigitaldeasturias.com\/magazine365\/las-playas-de-sant-joan-reciben-la-bandera-azul\/#authorImage","url":"https:\/\/eldigitaldeasturias.com\/magazine365\/wp-content\/litespeed\/avatar\/e571bcf59a0edd6fa6838245a470f2fe.jpg?ver=1777574230","width":96,"height":96,"caption":"admin"}},{"@type":"WebPage","@id":"https:\/\/eldigitaldeasturias.com\/magazine365\/las-playas-de-sant-joan-reciben-la-bandera-azul\/#webpage","url":"https:\/\/eldigitaldeasturias.com\/magazine365\/las-playas-de-sant-joan-reciben-la-bandera-azul\/","name":"Las playas de Sant Joan reciben la Bandera Azul | El Digital de Asturias","description":"La playa de Sa Cala de Sant Vicent, el puerto de Sant Miquel, Portinatx y Benirr\u00e0s, todas en el municipio de Sant Joan, han obtenido este a\u00f1o una Bandera Azul. El alcalde Antonio Mar\u00ed y el concejal de Turismo, Jaime Mar\u00ed, han hecho entrega de las Banderas Azules a las asociaciones de vecinos de las","inLanguage":"es-ES","isPartOf":{"@id":"https:\/\/eldigitaldeasturias.com\/magazine365\/#website"},"breadcrumb":{"@id":"https:\/\/eldigitaldeasturias.com\/magazine365\/las-playas-de-sant-joan-reciben-la-bandera-azul\/#breadcrumblist"},"author":{"@id":"https:\/\/eldigitaldeasturias.com\/magazine365\/author\/admin\/#author"},"creator":{"@id":"https:\/\/eldigitaldeasturias.com\/magazine365\/author\/admin\/#author"},"datePublished":"2015-07-16T04:45:35+02:00","dateModified":"2015-07-16T04:45:35+02:00"},{"@type":"WebSite","@id":"https:\/\/eldigitaldeasturias.com\/magazine365\/#website","url":"https:\/\/eldigitaldeasturias.com\/magazine365\/","name":"El Digital de Asturias","description":"Revista de ocio, turismo y estilo de vida","inLanguage":"es-ES","publisher":{"@id":"https:\/\/eldigitaldeasturias.com\/magazine365\/#organization"}}]},"og:locale":"es_ES","og:site_name":"El Digital de Asturias \u2013 Revista de ocio, turismo y estilo de vida","og:type":"article","og:title":"Las playas de Sant Joan reciben la Bandera Azul | El Digital de Asturias","og:description":"La playa de Sa Cala de Sant Vicent, el puerto de Sant Miquel, Portinatx y Benirr\u00e0s, todas en el municipio de Sant Joan, han obtenido este a\u00f1o una Bandera Azul. El alcalde Antonio Mar\u00ed y el concejal de Turismo, Jaime Mar\u00ed, han hecho entrega de las Banderas Azules a las asociaciones de vecinos de las","og:url":"https:\/\/eldigitaldeasturias.com\/magazine365\/las-playas-de-sant-joan-reciben-la-bandera-azul\/","og:image":"https:\/\/www.eldigitaldeasturias.com\/noticias\/wp-content\/uploads\/2020\/12\/EDA.jpg","og:image:secure_url":"https:\/\/www.eldigitaldeasturias.com\/noticias\/wp-content\/uploads\/2020\/12\/EDA.jpg","article:published_time":"2015-07-16T02:45:35+00:00","article:modified_time":"2015-07-16T02:45:35+00:00","twitter:card":"summary_large_image","twitter:title":"Las playas de Sant Joan reciben la Bandera Azul | El Digital de Asturias","twitter:description":"La playa de Sa Cala de Sant Vicent, el puerto de Sant Miquel, Portinatx y Benirr\u00e0s, todas en el municipio de Sant Joan, han obtenido este a\u00f1o una Bandera Azul. El alcalde Antonio Mar\u00ed y el concejal de Turismo, Jaime Mar\u00ed, han hecho entrega de las Banderas Azules a las asociaciones de vecinos de las","twitter:image":"https:\/\/www.eldigitaldeasturias.com\/noticias\/wp-content\/uploads\/2020\/12\/EDA.jpg"},"aioseo_meta_data":{"post_id":"42783","title":null,"description":null,"keywords":null,"keyphrases":null,"primary_term":null,"canonical_url":null,"og_title":null,"og_description":null,"og_object_type":"default","og_image_type":"default","og_image_url":null,"og_image_width":null,"og_image_height":null,"og_image_custom_url":null,"og_image_custom_fields":null,"og_video":null,"og_custom_url":null,"og_article_section":null,"og_article_tags":null,"twitter_use_og":false,"twitter_card":"default","twitter_image_type":"default","twitter_image_url":null,"twitter_image_custom_url":null,"twitter_image_custom_fields":null,"twitter_title":null,"twitter_description":null,"schema":{"blockGraphs":[],"customGraphs":[],"default":{"data":{"Article":[],"Course":[],"Dataset":[],"FAQPage":[],"Movie":[],"Person":[],"Product":[],"ProductReview":[],"Car":[],"Recipe":[],"Service":[],"SoftwareApplication":[],"WebPage":[]},"graphName":"","isEnabled":true},"graphs":[]},"schema_type":null,"schema_type_options":null,"pillar_content":false,"robots_default":true,"robots_noindex":false,"robots_noarchive":false,"robots_nosnippet":false,"robots_nofollow":false,"robots_noimageindex":false,"robots_noodp":false,"robots_notranslate":false,"robots_max_snippet":null,"robots_max_videopreview":null,"robots_max_imagepreview":"large","priority":null,"frequency":null,"location":null,"local_seo":null,"seo_analyzer_scan_date":"2025-09-19 18:28:34","breadcrumb_settings":null,"limit_modified_date":false,"open_ai":null,"ai":null,"created":"2021-03-09 01:55:40","updated":"2025-09-19 18:28:34"},"aioseo_breadcrumb":"<div class=\"aioseo-breadcrumbs\"><span class=\"aioseo-breadcrumb\">\n\t<a href=\"https:\/\/eldigitaldeasturias.com\/magazine365\" title=\"Home\">Home<\/a>\n<\/span><span class=\"aioseo-breadcrumb-separator\">\u2013<\/span><span class=\"aioseo-breadcrumb\">\n\t<a href=\"https:\/\/eldigitaldeasturias.com\/magazine365\/category\/actualidad-turismo\/\" title=\"Actualidad Turismo\">Actualidad Turismo<\/a>\n<\/span><span class=\"aioseo-breadcrumb-separator\">\u2013<\/span><span class=\"aioseo-breadcrumb\">\n\t<a href=\"https:\/\/eldigitaldeasturias.com\/magazine365\/las-playas-de-sant-joan-reciben-la-bandera-azul\/\" title=\"Las playas de Sant Joan reciben la Bandera Azul\">Las playas de Sant Joan reciben la Bandera Azul<\/a>\n<\/span><\/div>","aioseo_breadcrumb_json":[{"label":"Home","link":"https:\/\/eldigitaldeasturias.com\/magazine365"},{"label":"Actualidad Turismo","link":"https:\/\/eldigitaldeasturias.com\/magazine365\/category\/actualidad-turismo\/"},{"label":"Las playas de Sant Joan reciben la Bandera Azul","link":"https:\/\/eldigitaldeasturias.com\/magazine365\/las-playas-de-sant-joan-reciben-la-bandera-azul\/"}],"_links":{"self":[{"href":"https:\/\/eldigitaldeasturias.com\/magazine365\/wp-json\/wp\/v2\/posts\/42783","targetHints":{"allow":["GET"]}}],"collection":[{"href":"https:\/\/eldigitaldeasturias.com\/magazine365\/wp-json\/wp\/v2\/posts"}],"about":[{"href":"https:\/\/eldigitaldeasturias.com\/magazine365\/wp-json\/wp\/v2\/types\/post"}],"author":[{"embeddable":true,"href":"https:\/\/eldigitaldeasturias.com\/magazine365\/wp-json\/wp\/v2\/users\/1"}],"replies":[{"embeddable":true,"href":"https:\/\/eldigitaldeasturias.com\/magazine365\/wp-json\/wp\/v2\/comments?post=42783"}],"version-history":[{"count":0,"href":"https:\/\/eldigitaldeasturias.com\/magazine365\/wp-json\/wp\/v2\/posts\/42783\/revisions"}],"wp:attachment":[{"href":"https:\/\/eldigitaldeasturias.com\/magazine365\/wp-json\/wp\/v2\/media?parent=42783"}],"wp:term":[{"taxonomy":"category","embeddable":true,"href":"https:\/\/eldigitaldeasturias.com\/magazine365\/wp-json\/wp\/v2\/categories?post=42783"},{"taxonomy":"post_tag","embeddable":true,"href":"https:\/\/eldigitaldeasturias.com\/magazine365\/wp-json\/wp\/v2\/tags?post=42783"}],"curies":[{"name":"wp","href":"https:\/\/api.w.org\/{rel}","templated":true}]}}