{"id":42780,"date":"2015-07-16T04:44:37","date_gmt":"2015-07-16T02:44:37","guid":{"rendered":"http:\/\/eldigitaldeasturias.com\/magazine365\/?p=42780"},"modified":"2015-07-16T04:44:37","modified_gmt":"2015-07-16T02:44:37","slug":"clavijo-incide-en-que-canarias-debe-abrir-el-debate-turistico-si-pretende-seguir-siendo-lideres","status":"publish","type":"post","link":"https:\/\/eldigitaldeasturias.com\/magazine365\/clavijo-incide-en-que-canarias-debe-abrir-el-debate-turistico-si-pretende-seguir-siendo-lideres\/","title":{"rendered":"Clavijo incide en que Canarias debe abrir el debate tur\u00edstico si pretende \u00abseguir siendo l\u00edderes\u00bb"},"content":{"rendered":"<p><img fetchpriority=\"high\" decoding=\"async\" class=\"alignleft size-medium wp-image-42781\" src=\"https:\/\/eldigitaldeasturias.com\/magazine365\/wp-content\/uploads\/2015\/07\/fotonoticia_20150715133218_800-360x270.jpg\" alt=\"fotonoticia_20150715133218_800\" width=\"360\" height=\"270\" srcset=\"https:\/\/eldigitaldeasturias.com\/magazine365\/wp-content\/uploads\/2015\/07\/fotonoticia_20150715133218_800-360x270.jpg 360w, https:\/\/eldigitaldeasturias.com\/magazine365\/wp-content\/uploads\/2015\/07\/fotonoticia_20150715133218_800-650x488.jpg 650w, https:\/\/eldigitaldeasturias.com\/magazine365\/wp-content\/uploads\/2015\/07\/fotonoticia_20150715133218_800-768x576.jpg 768w, https:\/\/eldigitaldeasturias.com\/magazine365\/wp-content\/uploads\/2015\/07\/fotonoticia_20150715133218_800-150x113.jpg 150w, https:\/\/eldigitaldeasturias.com\/magazine365\/wp-content\/uploads\/2015\/07\/fotonoticia_20150715133218_800-450x338.jpg 450w, https:\/\/eldigitaldeasturias.com\/magazine365\/wp-content\/uploads\/2015\/07\/fotonoticia_20150715133218_800-80x60.jpg 80w, https:\/\/eldigitaldeasturias.com\/magazine365\/wp-content\/uploads\/2015\/07\/fotonoticia_20150715133218_800-265x198.jpg 265w, https:\/\/eldigitaldeasturias.com\/magazine365\/wp-content\/uploads\/2015\/07\/fotonoticia_20150715133218_800-696x522.jpg 696w, https:\/\/eldigitaldeasturias.com\/magazine365\/wp-content\/uploads\/2015\/07\/fotonoticia_20150715133218_800-560x420.jpg 560w, https:\/\/eldigitaldeasturias.com\/magazine365\/wp-content\/uploads\/2015\/07\/fotonoticia_20150715133218_800-90x67.jpg 90w, https:\/\/eldigitaldeasturias.com\/magazine365\/wp-content\/uploads\/2015\/07\/fotonoticia_20150715133218_800-100x75.jpg 100w, https:\/\/eldigitaldeasturias.com\/magazine365\/wp-content\/uploads\/2015\/07\/fotonoticia_20150715133218_800.jpg 800w\" sizes=\"(max-width: 360px) 100vw, 360px\" \/>El presidente del Gobierno de Canarias, Fernando Clavijo, ha incidido este mi\u00e9rcoles en que en el archipi\u00e9lago se debe abrir el debate tur\u00edstico si se pretende \u00abseguir siendo l\u00edderes\u00bb en este sector, ya que matiz\u00f3 que est\u00e1n surgiendo destinos emergentes con \u00abcostes inferiores\u00bb.<\/p>\n<p>En este sentido, a\u00f1adi\u00f3 que el debate en este sector puede ir desde el \u00abn\u00famero de camas que establecen los planes territoriales hasta la necesidad de buscar mayor excelencia, mayor gasto p\u00fablico\u00bb con el fin de que esto \u00abconlleve aparejado una oferta complementaria que mejore\u00bb el gasto medio de los turistas en Canarias e irradie al resto de la actividad.<\/p>\n<p>En relaci\u00f3n con ello se\u00f1al\u00f3, en declaraciones a los medios antes de reunirse con las patronales tur\u00edsticas, que tambi\u00e9n se debe abrir un debate en el sector servicios, ya que al ser una comunidad ligada a este sector, lleva a Canarias \u00aba la cola de los salarios en Espa\u00f1a porque en el sector servicios son m\u00e1s bajos\u00bb.<\/p>\n<p>Estoy dispuesto a abrir todos los debates, eso no significa que haya un posicionamiento firme\u00bb, asegur\u00f3, y a\u00f1adi\u00f3 que para ello habr\u00e1 que establecer un grupo de trabajo en el que est\u00e9n representando sindicatos, patronales tur\u00edsticas.<\/p>\n<p>Por su parte, el secretario de UGT Canarias, Gustavo Santana, se mostr\u00f3 dijo que \u00abtampoco se puede crecer de forma ilimitada\u00bb porque el archipi\u00e9lago \u00abtiene l\u00edmites\u00bb y abog\u00f3 por traducir este debate \u00aben c\u00f3mo avanzar para que Canarias sea una econom\u00eda sostenible porque la de ahora no lo es\u00bb.<\/p>\n<p>Asimismo, se\u00f1al\u00f3 que \u00abhay que hablar de la calidad\u00bb porque debe \u00abser un valor a\u00f1adido\u00bb al sector tur\u00edstico, que \u00abes lo que diferencia de otros sectores\u00bb.<\/p>\n<p>Por \u00faltimo, su hom\u00f3logo en CCOO en Canarias, Carmelo Jorge, apunt\u00f3 que \u00abno se puede ser pasivo ante este modelo que est\u00e1 generando riqueza\u00bb, si bien manifest\u00f3 que aunque \u00abno hay ninguna medida para obligar a nadie a contratar m\u00e1s\u00bb, si se podr\u00eda \u00abimponer una tasa tur\u00edstica\u00bb.<\/p>\n","protected":false},"excerpt":{"rendered":"<p>El presidente del Gobierno de Canarias, Fernando Clavijo, ha incidido este mi\u00e9rcoles en que en el archipi\u00e9lago se debe abrir el debate tur\u00edstico si se pretende \u00abseguir siendo l\u00edderes\u00bb en este sector, ya que matiz\u00f3 que est\u00e1n surgiendo destinos emergentes con \u00abcostes inferiores\u00bb. En este sentido, a\u00f1adi\u00f3 que el debate en este sector puede ir<\/p>\n","protected":false},"author":1,"featured_media":42781,"comment_status":"open","ping_status":"closed","sticky":false,"template":"","format":"standard","meta":{"footnotes":""},"categories":[222],"tags":[],"class_list":{"0":"post-42780","1":"post","2":"type-post","3":"status-publish","4":"format-standard","5":"has-post-thumbnail","7":"category-actualidad-turismo"},"aioseo_notices":[],"aioseo_head":"\n\t\t<!-- All in One SEO Pro 4.9.6.1 - aioseo.com -->\n\t<meta name=\"description\" content=\"El presidente del Gobierno de Canarias, Fernando Clavijo, ha incidido este mi\u00e9rcoles en que en el archipi\u00e9lago se debe abrir el debate tur\u00edstico si se pretende &quot;seguir siendo l\u00edderes&quot; en este sector, ya que matiz\u00f3 que est\u00e1n surgiendo destinos emergentes con &quot;costes inferiores&quot;. En este sentido, a\u00f1adi\u00f3 que el debate en este sector puede ir\" \/>\n\t<meta name=\"robots\" content=\"max-image-preview:large\" \/>\n\t<meta name=\"author\" content=\"admin\"\/>\n\t<meta name=\"google-site-verification\" content=\"UA-38556648-1\" \/>\n\t<meta name=\"keywords\" content=\"actualidad turismo\" \/>\n\t<link rel=\"canonical\" href=\"https:\/\/eldigitaldeasturias.com\/magazine365\/clavijo-incide-en-que-canarias-debe-abrir-el-debate-turistico-si-pretende-seguir-siendo-lideres\/\" \/>\n\t<meta name=\"generator\" content=\"All in One SEO Pro (AIOSEO) 4.9.6.1\" \/>\n\t\t<meta property=\"og:locale\" content=\"es_ES\" \/>\n\t\t<meta property=\"og:site_name\" content=\"El Digital de Asturias \u2013 Revista de ocio, turismo y estilo de vida\" \/>\n\t\t<meta property=\"og:type\" content=\"article\" \/>\n\t\t<meta property=\"og:title\" content=\"Clavijo incide en que Canarias debe abrir el debate tur\u00edstico si pretende \u00abseguir siendo l\u00edderes\u00bb | El Digital de Asturias\" \/>\n\t\t<meta property=\"og:description\" content=\"El presidente del Gobierno de Canarias, Fernando Clavijo, ha incidido este mi\u00e9rcoles en que en el archipi\u00e9lago se debe abrir el debate tur\u00edstico si se pretende &quot;seguir siendo l\u00edderes&quot; en este sector, ya que matiz\u00f3 que est\u00e1n surgiendo destinos emergentes con &quot;costes inferiores&quot;. En este sentido, a\u00f1adi\u00f3 que el debate en este sector puede ir\" \/>\n\t\t<meta property=\"og:url\" content=\"https:\/\/eldigitaldeasturias.com\/magazine365\/clavijo-incide-en-que-canarias-debe-abrir-el-debate-turistico-si-pretende-seguir-siendo-lideres\/\" \/>\n\t\t<meta property=\"og:image\" content=\"https:\/\/eldigitaldeasturias.com\/magazine365\/wp-content\/uploads\/2015\/07\/fotonoticia_20150715133218_800.jpg\" \/>\n\t\t<meta property=\"og:image:secure_url\" content=\"https:\/\/eldigitaldeasturias.com\/magazine365\/wp-content\/uploads\/2015\/07\/fotonoticia_20150715133218_800.jpg\" \/>\n\t\t<meta property=\"og:image:width\" content=\"800\" \/>\n\t\t<meta property=\"og:image:height\" content=\"600\" \/>\n\t\t<meta property=\"article:published_time\" content=\"2015-07-16T02:44:37+00:00\" \/>\n\t\t<meta property=\"article:modified_time\" content=\"2015-07-16T02:44:37+00:00\" \/>\n\t\t<meta name=\"twitter:card\" content=\"summary_large_image\" \/>\n\t\t<meta name=\"twitter:title\" content=\"Clavijo incide en que Canarias debe abrir el debate tur\u00edstico si pretende \u00abseguir siendo l\u00edderes\u00bb | El Digital de Asturias\" \/>\n\t\t<meta name=\"twitter:description\" content=\"El presidente del Gobierno de Canarias, Fernando Clavijo, ha incidido este mi\u00e9rcoles en que en el archipi\u00e9lago se debe abrir el debate tur\u00edstico si se pretende &quot;seguir siendo l\u00edderes&quot; en este sector, ya que matiz\u00f3 que est\u00e1n surgiendo destinos emergentes con &quot;costes inferiores&quot;. En este sentido, a\u00f1adi\u00f3 que el debate en este sector puede ir\" \/>\n\t\t<meta name=\"twitter:image\" content=\"https:\/\/eldigitaldeasturias.com\/magazine365\/wp-content\/uploads\/2015\/07\/fotonoticia_20150715133218_800.jpg\" \/>\n\t\t<script type=\"application\/ld+json\" class=\"aioseo-schema\">\n\t\t\t{\"@context\":\"https:\\\/\\\/schema.org\",\"@graph\":[{\"@type\":\"Article\",\"@id\":\"https:\\\/\\\/eldigitaldeasturias.com\\\/magazine365\\\/clavijo-incide-en-que-canarias-debe-abrir-el-debate-turistico-si-pretende-seguir-siendo-lideres\\\/#article\",\"name\":\"Clavijo incide en que Canarias debe abrir el debate tur\\u00edstico si pretende \\u00abseguir siendo l\\u00edderes\\u00bb | El Digital de Asturias\",\"headline\":\"Clavijo incide en que Canarias debe abrir el debate tur\\u00edstico si pretende \\u00abseguir siendo l\\u00edderes\\u00bb\",\"author\":{\"@id\":\"https:\\\/\\\/eldigitaldeasturias.com\\\/magazine365\\\/author\\\/admin\\\/#author\"},\"publisher\":{\"@id\":\"https:\\\/\\\/eldigitaldeasturias.com\\\/magazine365\\\/#organization\"},\"image\":{\"@type\":\"ImageObject\",\"url\":\"https:\\\/\\\/eldigitaldeasturias.com\\\/magazine365\\\/wp-content\\\/uploads\\\/2015\\\/07\\\/fotonoticia_20150715133218_800.jpg\",\"width\":800,\"height\":600},\"datePublished\":\"2015-07-16T04:44:37+02:00\",\"dateModified\":\"2015-07-16T04:44:37+02:00\",\"inLanguage\":\"es-ES\",\"mainEntityOfPage\":{\"@id\":\"https:\\\/\\\/eldigitaldeasturias.com\\\/magazine365\\\/clavijo-incide-en-que-canarias-debe-abrir-el-debate-turistico-si-pretende-seguir-siendo-lideres\\\/#webpage\"},\"isPartOf\":{\"@id\":\"https:\\\/\\\/eldigitaldeasturias.com\\\/magazine365\\\/clavijo-incide-en-que-canarias-debe-abrir-el-debate-turistico-si-pretende-seguir-siendo-lideres\\\/#webpage\"},\"articleSection\":\"Actualidad Turismo\"},{\"@type\":\"BreadcrumbList\",\"@id\":\"https:\\\/\\\/eldigitaldeasturias.com\\\/magazine365\\\/clavijo-incide-en-que-canarias-debe-abrir-el-debate-turistico-si-pretende-seguir-siendo-lideres\\\/#breadcrumblist\",\"itemListElement\":[{\"@type\":\"ListItem\",\"@id\":\"https:\\\/\\\/eldigitaldeasturias.com\\\/magazine365#listItem\",\"position\":1,\"name\":\"Home\",\"item\":\"https:\\\/\\\/eldigitaldeasturias.com\\\/magazine365\",\"nextItem\":{\"@type\":\"ListItem\",\"@id\":\"https:\\\/\\\/eldigitaldeasturias.com\\\/magazine365\\\/category\\\/actualidad-turismo\\\/#listItem\",\"name\":\"Actualidad Turismo\"}},{\"@type\":\"ListItem\",\"@id\":\"https:\\\/\\\/eldigitaldeasturias.com\\\/magazine365\\\/category\\\/actualidad-turismo\\\/#listItem\",\"position\":2,\"name\":\"Actualidad Turismo\",\"item\":\"https:\\\/\\\/eldigitaldeasturias.com\\\/magazine365\\\/category\\\/actualidad-turismo\\\/\",\"nextItem\":{\"@type\":\"ListItem\",\"@id\":\"https:\\\/\\\/eldigitaldeasturias.com\\\/magazine365\\\/clavijo-incide-en-que-canarias-debe-abrir-el-debate-turistico-si-pretende-seguir-siendo-lideres\\\/#listItem\",\"name\":\"Clavijo incide en que Canarias debe abrir el debate tur\\u00edstico si pretende \\u00abseguir siendo l\\u00edderes\\u00bb\"},\"previousItem\":{\"@type\":\"ListItem\",\"@id\":\"https:\\\/\\\/eldigitaldeasturias.com\\\/magazine365#listItem\",\"name\":\"Home\"}},{\"@type\":\"ListItem\",\"@id\":\"https:\\\/\\\/eldigitaldeasturias.com\\\/magazine365\\\/clavijo-incide-en-que-canarias-debe-abrir-el-debate-turistico-si-pretende-seguir-siendo-lideres\\\/#listItem\",\"position\":3,\"name\":\"Clavijo incide en que Canarias debe abrir el debate tur\\u00edstico si pretende \\u00abseguir siendo l\\u00edderes\\u00bb\",\"previousItem\":{\"@type\":\"ListItem\",\"@id\":\"https:\\\/\\\/eldigitaldeasturias.com\\\/magazine365\\\/category\\\/actualidad-turismo\\\/#listItem\",\"name\":\"Actualidad Turismo\"}}]},{\"@type\":\"Organization\",\"@id\":\"https:\\\/\\\/eldigitaldeasturias.com\\\/magazine365\\\/#organization\",\"name\":\"El digital de Asturias\",\"description\":\"Revista de ocio, turismo y estilo de vida\",\"url\":\"https:\\\/\\\/eldigitaldeasturias.com\\\/magazine365\\\/\",\"logo\":{\"@type\":\"ImageObject\",\"url\":\"https:\\\/\\\/www.eldigitaldeasturias.com\\\/noticias\\\/wp-content\\\/uploads\\\/2020\\\/12\\\/EDA.jpg\",\"@id\":\"https:\\\/\\\/eldigitaldeasturias.com\\\/magazine365\\\/clavijo-incide-en-que-canarias-debe-abrir-el-debate-turistico-si-pretende-seguir-siendo-lideres\\\/#organizationLogo\"},\"image\":{\"@id\":\"https:\\\/\\\/eldigitaldeasturias.com\\\/magazine365\\\/clavijo-incide-en-que-canarias-debe-abrir-el-debate-turistico-si-pretende-seguir-siendo-lideres\\\/#organizationLogo\"}},{\"@type\":\"Person\",\"@id\":\"https:\\\/\\\/eldigitaldeasturias.com\\\/magazine365\\\/author\\\/admin\\\/#author\",\"url\":\"https:\\\/\\\/eldigitaldeasturias.com\\\/magazine365\\\/author\\\/admin\\\/\",\"name\":\"admin\",\"image\":{\"@type\":\"ImageObject\",\"@id\":\"https:\\\/\\\/eldigitaldeasturias.com\\\/magazine365\\\/clavijo-incide-en-que-canarias-debe-abrir-el-debate-turistico-si-pretende-seguir-siendo-lideres\\\/#authorImage\",\"url\":\"https:\\\/\\\/eldigitaldeasturias.com\\\/magazine365\\\/wp-content\\\/litespeed\\\/avatar\\\/e571bcf59a0edd6fa6838245a470f2fe.jpg?ver=1777574230\",\"width\":96,\"height\":96,\"caption\":\"admin\"}},{\"@type\":\"WebPage\",\"@id\":\"https:\\\/\\\/eldigitaldeasturias.com\\\/magazine365\\\/clavijo-incide-en-que-canarias-debe-abrir-el-debate-turistico-si-pretende-seguir-siendo-lideres\\\/#webpage\",\"url\":\"https:\\\/\\\/eldigitaldeasturias.com\\\/magazine365\\\/clavijo-incide-en-que-canarias-debe-abrir-el-debate-turistico-si-pretende-seguir-siendo-lideres\\\/\",\"name\":\"Clavijo incide en que Canarias debe abrir el debate tur\\u00edstico si pretende \\u00abseguir siendo l\\u00edderes\\u00bb | El Digital de Asturias\",\"description\":\"El presidente del Gobierno de Canarias, Fernando Clavijo, ha incidido este mi\\u00e9rcoles en que en el archipi\\u00e9lago se debe abrir el debate tur\\u00edstico si se pretende \\\"seguir siendo l\\u00edderes\\\" en este sector, ya que matiz\\u00f3 que est\\u00e1n surgiendo destinos emergentes con \\\"costes inferiores\\\". En este sentido, a\\u00f1adi\\u00f3 que el debate en este sector puede ir\",\"inLanguage\":\"es-ES\",\"isPartOf\":{\"@id\":\"https:\\\/\\\/eldigitaldeasturias.com\\\/magazine365\\\/#website\"},\"breadcrumb\":{\"@id\":\"https:\\\/\\\/eldigitaldeasturias.com\\\/magazine365\\\/clavijo-incide-en-que-canarias-debe-abrir-el-debate-turistico-si-pretende-seguir-siendo-lideres\\\/#breadcrumblist\"},\"author\":{\"@id\":\"https:\\\/\\\/eldigitaldeasturias.com\\\/magazine365\\\/author\\\/admin\\\/#author\"},\"creator\":{\"@id\":\"https:\\\/\\\/eldigitaldeasturias.com\\\/magazine365\\\/author\\\/admin\\\/#author\"},\"image\":{\"@type\":\"ImageObject\",\"url\":\"https:\\\/\\\/eldigitaldeasturias.com\\\/magazine365\\\/wp-content\\\/uploads\\\/2015\\\/07\\\/fotonoticia_20150715133218_800.jpg\",\"@id\":\"https:\\\/\\\/eldigitaldeasturias.com\\\/magazine365\\\/clavijo-incide-en-que-canarias-debe-abrir-el-debate-turistico-si-pretende-seguir-siendo-lideres\\\/#mainImage\",\"width\":800,\"height\":600},\"primaryImageOfPage\":{\"@id\":\"https:\\\/\\\/eldigitaldeasturias.com\\\/magazine365\\\/clavijo-incide-en-que-canarias-debe-abrir-el-debate-turistico-si-pretende-seguir-siendo-lideres\\\/#mainImage\"},\"datePublished\":\"2015-07-16T04:44:37+02:00\",\"dateModified\":\"2015-07-16T04:44:37+02:00\"},{\"@type\":\"WebSite\",\"@id\":\"https:\\\/\\\/eldigitaldeasturias.com\\\/magazine365\\\/#website\",\"url\":\"https:\\\/\\\/eldigitaldeasturias.com\\\/magazine365\\\/\",\"name\":\"El Digital de Asturias\",\"description\":\"Revista de ocio, turismo y estilo de vida\",\"inLanguage\":\"es-ES\",\"publisher\":{\"@id\":\"https:\\\/\\\/eldigitaldeasturias.com\\\/magazine365\\\/#organization\"}}]}\n\t\t<\/script>\n\t\t<!-- All in One SEO Pro -->\r\n\t\t<title>Clavijo incide en que Canarias debe abrir el debate tur\u00edstico si pretende \u00abseguir siendo l\u00edderes\u00bb | El Digital de Asturias<\/title>\n\n","aioseo_head_json":{"title":"Clavijo incide en que Canarias debe abrir el debate tur\u00edstico si pretende \u00abseguir siendo l\u00edderes\u00bb | El Digital de Asturias","description":"El presidente del Gobierno de Canarias, Fernando Clavijo, ha incidido este mi\u00e9rcoles en que en el archipi\u00e9lago se debe abrir el debate tur\u00edstico si se pretende \"seguir siendo l\u00edderes\" en este sector, ya que matiz\u00f3 que est\u00e1n surgiendo destinos emergentes con \"costes inferiores\". En este sentido, a\u00f1adi\u00f3 que el debate en este sector puede ir","canonical_url":"https:\/\/eldigitaldeasturias.com\/magazine365\/clavijo-incide-en-que-canarias-debe-abrir-el-debate-turistico-si-pretende-seguir-siendo-lideres\/","robots":"max-image-preview:large","keywords":"actualidad turismo","webmasterTools":{"google-site-verification":"UA-38556648-1","miscellaneous":""},"schema":{"@context":"https:\/\/schema.org","@graph":[{"@type":"Article","@id":"https:\/\/eldigitaldeasturias.com\/magazine365\/clavijo-incide-en-que-canarias-debe-abrir-el-debate-turistico-si-pretende-seguir-siendo-lideres\/#article","name":"Clavijo incide en que Canarias debe abrir el debate tur\u00edstico si pretende \u00abseguir siendo l\u00edderes\u00bb | El Digital de Asturias","headline":"Clavijo incide en que Canarias debe abrir el debate tur\u00edstico si pretende \u00abseguir siendo l\u00edderes\u00bb","author":{"@id":"https:\/\/eldigitaldeasturias.com\/magazine365\/author\/admin\/#author"},"publisher":{"@id":"https:\/\/eldigitaldeasturias.com\/magazine365\/#organization"},"image":{"@type":"ImageObject","url":"https:\/\/eldigitaldeasturias.com\/magazine365\/wp-content\/uploads\/2015\/07\/fotonoticia_20150715133218_800.jpg","width":800,"height":600},"datePublished":"2015-07-16T04:44:37+02:00","dateModified":"2015-07-16T04:44:37+02:00","inLanguage":"es-ES","mainEntityOfPage":{"@id":"https:\/\/eldigitaldeasturias.com\/magazine365\/clavijo-incide-en-que-canarias-debe-abrir-el-debate-turistico-si-pretende-seguir-siendo-lideres\/#webpage"},"isPartOf":{"@id":"https:\/\/eldigitaldeasturias.com\/magazine365\/clavijo-incide-en-que-canarias-debe-abrir-el-debate-turistico-si-pretende-seguir-siendo-lideres\/#webpage"},"articleSection":"Actualidad Turismo"},{"@type":"BreadcrumbList","@id":"https:\/\/eldigitaldeasturias.com\/magazine365\/clavijo-incide-en-que-canarias-debe-abrir-el-debate-turistico-si-pretende-seguir-siendo-lideres\/#breadcrumblist","itemListElement":[{"@type":"ListItem","@id":"https:\/\/eldigitaldeasturias.com\/magazine365#listItem","position":1,"name":"Home","item":"https:\/\/eldigitaldeasturias.com\/magazine365","nextItem":{"@type":"ListItem","@id":"https:\/\/eldigitaldeasturias.com\/magazine365\/category\/actualidad-turismo\/#listItem","name":"Actualidad Turismo"}},{"@type":"ListItem","@id":"https:\/\/eldigitaldeasturias.com\/magazine365\/category\/actualidad-turismo\/#listItem","position":2,"name":"Actualidad Turismo","item":"https:\/\/eldigitaldeasturias.com\/magazine365\/category\/actualidad-turismo\/","nextItem":{"@type":"ListItem","@id":"https:\/\/eldigitaldeasturias.com\/magazine365\/clavijo-incide-en-que-canarias-debe-abrir-el-debate-turistico-si-pretende-seguir-siendo-lideres\/#listItem","name":"Clavijo incide en que Canarias debe abrir el debate tur\u00edstico si pretende \u00abseguir siendo l\u00edderes\u00bb"},"previousItem":{"@type":"ListItem","@id":"https:\/\/eldigitaldeasturias.com\/magazine365#listItem","name":"Home"}},{"@type":"ListItem","@id":"https:\/\/eldigitaldeasturias.com\/magazine365\/clavijo-incide-en-que-canarias-debe-abrir-el-debate-turistico-si-pretende-seguir-siendo-lideres\/#listItem","position":3,"name":"Clavijo incide en que Canarias debe abrir el debate tur\u00edstico si pretende \u00abseguir siendo l\u00edderes\u00bb","previousItem":{"@type":"ListItem","@id":"https:\/\/eldigitaldeasturias.com\/magazine365\/category\/actualidad-turismo\/#listItem","name":"Actualidad Turismo"}}]},{"@type":"Organization","@id":"https:\/\/eldigitaldeasturias.com\/magazine365\/#organization","name":"El digital de Asturias","description":"Revista de ocio, turismo y estilo de vida","url":"https:\/\/eldigitaldeasturias.com\/magazine365\/","logo":{"@type":"ImageObject","url":"https:\/\/www.eldigitaldeasturias.com\/noticias\/wp-content\/uploads\/2020\/12\/EDA.jpg","@id":"https:\/\/eldigitaldeasturias.com\/magazine365\/clavijo-incide-en-que-canarias-debe-abrir-el-debate-turistico-si-pretende-seguir-siendo-lideres\/#organizationLogo"},"image":{"@id":"https:\/\/eldigitaldeasturias.com\/magazine365\/clavijo-incide-en-que-canarias-debe-abrir-el-debate-turistico-si-pretende-seguir-siendo-lideres\/#organizationLogo"}},{"@type":"Person","@id":"https:\/\/eldigitaldeasturias.com\/magazine365\/author\/admin\/#author","url":"https:\/\/eldigitaldeasturias.com\/magazine365\/author\/admin\/","name":"admin","image":{"@type":"ImageObject","@id":"https:\/\/eldigitaldeasturias.com\/magazine365\/clavijo-incide-en-que-canarias-debe-abrir-el-debate-turistico-si-pretende-seguir-siendo-lideres\/#authorImage","url":"https:\/\/eldigitaldeasturias.com\/magazine365\/wp-content\/litespeed\/avatar\/e571bcf59a0edd6fa6838245a470f2fe.jpg?ver=1777574230","width":96,"height":96,"caption":"admin"}},{"@type":"WebPage","@id":"https:\/\/eldigitaldeasturias.com\/magazine365\/clavijo-incide-en-que-canarias-debe-abrir-el-debate-turistico-si-pretende-seguir-siendo-lideres\/#webpage","url":"https:\/\/eldigitaldeasturias.com\/magazine365\/clavijo-incide-en-que-canarias-debe-abrir-el-debate-turistico-si-pretende-seguir-siendo-lideres\/","name":"Clavijo incide en que Canarias debe abrir el debate tur\u00edstico si pretende \u00abseguir siendo l\u00edderes\u00bb | El Digital de Asturias","description":"El presidente del Gobierno de Canarias, Fernando Clavijo, ha incidido este mi\u00e9rcoles en que en el archipi\u00e9lago se debe abrir el debate tur\u00edstico si se pretende \"seguir siendo l\u00edderes\" en este sector, ya que matiz\u00f3 que est\u00e1n surgiendo destinos emergentes con \"costes inferiores\". En este sentido, a\u00f1adi\u00f3 que el debate en este sector puede ir","inLanguage":"es-ES","isPartOf":{"@id":"https:\/\/eldigitaldeasturias.com\/magazine365\/#website"},"breadcrumb":{"@id":"https:\/\/eldigitaldeasturias.com\/magazine365\/clavijo-incide-en-que-canarias-debe-abrir-el-debate-turistico-si-pretende-seguir-siendo-lideres\/#breadcrumblist"},"author":{"@id":"https:\/\/eldigitaldeasturias.com\/magazine365\/author\/admin\/#author"},"creator":{"@id":"https:\/\/eldigitaldeasturias.com\/magazine365\/author\/admin\/#author"},"image":{"@type":"ImageObject","url":"https:\/\/eldigitaldeasturias.com\/magazine365\/wp-content\/uploads\/2015\/07\/fotonoticia_20150715133218_800.jpg","@id":"https:\/\/eldigitaldeasturias.com\/magazine365\/clavijo-incide-en-que-canarias-debe-abrir-el-debate-turistico-si-pretende-seguir-siendo-lideres\/#mainImage","width":800,"height":600},"primaryImageOfPage":{"@id":"https:\/\/eldigitaldeasturias.com\/magazine365\/clavijo-incide-en-que-canarias-debe-abrir-el-debate-turistico-si-pretende-seguir-siendo-lideres\/#mainImage"},"datePublished":"2015-07-16T04:44:37+02:00","dateModified":"2015-07-16T04:44:37+02:00"},{"@type":"WebSite","@id":"https:\/\/eldigitaldeasturias.com\/magazine365\/#website","url":"https:\/\/eldigitaldeasturias.com\/magazine365\/","name":"El Digital de Asturias","description":"Revista de ocio, turismo y estilo de vida","inLanguage":"es-ES","publisher":{"@id":"https:\/\/eldigitaldeasturias.com\/magazine365\/#organization"}}]},"og:locale":"es_ES","og:site_name":"El Digital de Asturias \u2013 Revista de ocio, turismo y estilo de vida","og:type":"article","og:title":"Clavijo incide en que Canarias debe abrir el debate tur\u00edstico si pretende \u00abseguir siendo l\u00edderes\u00bb | El Digital de Asturias","og:description":"El presidente del Gobierno de Canarias, Fernando Clavijo, ha incidido este mi\u00e9rcoles en que en el archipi\u00e9lago se debe abrir el debate tur\u00edstico si se pretende &quot;seguir siendo l\u00edderes&quot; en este sector, ya que matiz\u00f3 que est\u00e1n surgiendo destinos emergentes con &quot;costes inferiores&quot;. En este sentido, a\u00f1adi\u00f3 que el debate en este sector puede ir","og:url":"https:\/\/eldigitaldeasturias.com\/magazine365\/clavijo-incide-en-que-canarias-debe-abrir-el-debate-turistico-si-pretende-seguir-siendo-lideres\/","og:image":"https:\/\/eldigitaldeasturias.com\/magazine365\/wp-content\/uploads\/2015\/07\/fotonoticia_20150715133218_800.jpg","og:image:secure_url":"https:\/\/eldigitaldeasturias.com\/magazine365\/wp-content\/uploads\/2015\/07\/fotonoticia_20150715133218_800.jpg","og:image:width":800,"og:image:height":600,"article:published_time":"2015-07-16T02:44:37+00:00","article:modified_time":"2015-07-16T02:44:37+00:00","twitter:card":"summary_large_image","twitter:title":"Clavijo incide en que Canarias debe abrir el debate tur\u00edstico si pretende \u00abseguir siendo l\u00edderes\u00bb | El Digital de Asturias","twitter:description":"El presidente del Gobierno de Canarias, Fernando Clavijo, ha incidido este mi\u00e9rcoles en que en el archipi\u00e9lago se debe abrir el debate tur\u00edstico si se pretende &quot;seguir siendo l\u00edderes&quot; en este sector, ya que matiz\u00f3 que est\u00e1n surgiendo destinos emergentes con &quot;costes inferiores&quot;. En este sentido, a\u00f1adi\u00f3 que el debate en este sector puede ir","twitter:image":"https:\/\/eldigitaldeasturias.com\/magazine365\/wp-content\/uploads\/2015\/07\/fotonoticia_20150715133218_800.jpg"},"aioseo_meta_data":{"post_id":"42780","title":null,"description":null,"keywords":null,"keyphrases":null,"primary_term":null,"canonical_url":null,"og_title":null,"og_description":null,"og_object_type":"default","og_image_type":"default","og_image_url":null,"og_image_width":null,"og_image_height":null,"og_image_custom_url":null,"og_image_custom_fields":null,"og_video":null,"og_custom_url":null,"og_article_section":null,"og_article_tags":null,"twitter_use_og":false,"twitter_card":"default","twitter_image_type":"default","twitter_image_url":null,"twitter_image_custom_url":null,"twitter_image_custom_fields":null,"twitter_title":null,"twitter_description":null,"schema":{"blockGraphs":[],"customGraphs":[],"default":{"data":{"Article":[],"Course":[],"Dataset":[],"FAQPage":[],"Movie":[],"Person":[],"Product":[],"ProductReview":[],"Car":[],"Recipe":[],"Service":[],"SoftwareApplication":[],"WebPage":[]},"graphName":"","isEnabled":true},"graphs":[],"defaultGraph":"","defaultPostTypeGraph":""},"schema_type":null,"schema_type_options":null,"pillar_content":false,"robots_default":true,"robots_noindex":false,"robots_noarchive":false,"robots_nosnippet":false,"robots_nofollow":false,"robots_noimageindex":false,"robots_noodp":false,"robots_notranslate":false,"robots_max_snippet":null,"robots_max_videopreview":null,"robots_max_imagepreview":"large","priority":null,"frequency":null,"location":null,"local_seo":null,"seo_analyzer_scan_date":"2025-09-19 18:28:33","breadcrumb_settings":null,"limit_modified_date":false,"open_ai":null,"ai":null,"created":"2021-03-09 01:56:40","updated":"2025-09-19 18:28:33"},"aioseo_breadcrumb":"<div class=\"aioseo-breadcrumbs\"><span class=\"aioseo-breadcrumb\">\n\t<a href=\"https:\/\/eldigitaldeasturias.com\/magazine365\" title=\"Home\">Home<\/a>\n<\/span><span class=\"aioseo-breadcrumb-separator\">\u2013<\/span><span class=\"aioseo-breadcrumb\">\n\t<a href=\"https:\/\/eldigitaldeasturias.com\/magazine365\/category\/actualidad-turismo\/\" title=\"Actualidad Turismo\">Actualidad Turismo<\/a>\n<\/span><span class=\"aioseo-breadcrumb-separator\">\u2013<\/span><span class=\"aioseo-breadcrumb\">\n\t<a href=\"https:\/\/eldigitaldeasturias.com\/magazine365\/clavijo-incide-en-que-canarias-debe-abrir-el-debate-turistico-si-pretende-seguir-siendo-lideres\/\" title=\"Clavijo incide en que Canarias debe abrir el debate tur\u00edstico si pretende \u00abseguir siendo l\u00edderes\u00bb\">Clavijo incide en que Canarias debe abrir el debate tur\u00edstico si pretende \u00abseguir siendo l\u00edderes\u00bb<\/a>\n<\/span><\/div>","aioseo_breadcrumb_json":[{"label":"Home","link":"https:\/\/eldigitaldeasturias.com\/magazine365"},{"label":"Actualidad Turismo","link":"https:\/\/eldigitaldeasturias.com\/magazine365\/category\/actualidad-turismo\/"},{"label":"Clavijo incide en que Canarias debe abrir el debate tur\u00edstico si pretende \u00abseguir siendo l\u00edderes\u00bb","link":"https:\/\/eldigitaldeasturias.com\/magazine365\/clavijo-incide-en-que-canarias-debe-abrir-el-debate-turistico-si-pretende-seguir-siendo-lideres\/"}],"_links":{"self":[{"href":"https:\/\/eldigitaldeasturias.com\/magazine365\/wp-json\/wp\/v2\/posts\/42780","targetHints":{"allow":["GET"]}}],"collection":[{"href":"https:\/\/eldigitaldeasturias.com\/magazine365\/wp-json\/wp\/v2\/posts"}],"about":[{"href":"https:\/\/eldigitaldeasturias.com\/magazine365\/wp-json\/wp\/v2\/types\/post"}],"author":[{"embeddable":true,"href":"https:\/\/eldigitaldeasturias.com\/magazine365\/wp-json\/wp\/v2\/users\/1"}],"replies":[{"embeddable":true,"href":"https:\/\/eldigitaldeasturias.com\/magazine365\/wp-json\/wp\/v2\/comments?post=42780"}],"version-history":[{"count":0,"href":"https:\/\/eldigitaldeasturias.com\/magazine365\/wp-json\/wp\/v2\/posts\/42780\/revisions"}],"wp:featuredmedia":[{"embeddable":true,"href":"https:\/\/eldigitaldeasturias.com\/magazine365\/wp-json\/wp\/v2\/media\/42781"}],"wp:attachment":[{"href":"https:\/\/eldigitaldeasturias.com\/magazine365\/wp-json\/wp\/v2\/media?parent=42780"}],"wp:term":[{"taxonomy":"category","embeddable":true,"href":"https:\/\/eldigitaldeasturias.com\/magazine365\/wp-json\/wp\/v2\/categories?post=42780"},{"taxonomy":"post_tag","embeddable":true,"href":"https:\/\/eldigitaldeasturias.com\/magazine365\/wp-json\/wp\/v2\/tags?post=42780"}],"curies":[{"name":"wp","href":"https:\/\/api.w.org\/{rel}","templated":true}]}}