{"id":42775,"date":"2015-07-16T04:42:39","date_gmt":"2015-07-16T02:42:39","guid":{"rendered":"http:\/\/eldigitaldeasturias.com\/magazine365\/?p=42775"},"modified":"2015-07-16T04:42:39","modified_gmt":"2015-07-16T02:42:39","slug":"la-web-oficial-de-turismo-de-navarra-registra-103-081-entradas-entre-el-3-y-14-de-julio","status":"publish","type":"post","link":"https:\/\/eldigitaldeasturias.com\/magazine365\/la-web-oficial-de-turismo-de-navarra-registra-103-081-entradas-entre-el-3-y-14-de-julio\/","title":{"rendered":"La web oficial de Turismo de Navarra registra 103.081 entradas entre el 3 y 14 de julio"},"content":{"rendered":"<p><img fetchpriority=\"high\" decoding=\"async\" class=\"alignleft size-medium wp-image-42776\" src=\"https:\/\/eldigitaldeasturias.com\/magazine365\/wp-content\/uploads\/2015\/07\/fotonoticia_20150715131430_800-201x300.jpg\" alt=\"fotonoticia_20150715131430_800\" width=\"201\" height=\"300\" srcset=\"https:\/\/eldigitaldeasturias.com\/magazine365\/wp-content\/uploads\/2015\/07\/fotonoticia_20150715131430_800-201x300.jpg 201w, https:\/\/eldigitaldeasturias.com\/magazine365\/wp-content\/uploads\/2015\/07\/fotonoticia_20150715131430_800-429x640.jpg 429w, https:\/\/eldigitaldeasturias.com\/magazine365\/wp-content\/uploads\/2015\/07\/fotonoticia_20150715131430_800-768x1145.jpg 768w, https:\/\/eldigitaldeasturias.com\/magazine365\/wp-content\/uploads\/2015\/07\/fotonoticia_20150715131430_800-150x224.jpg 150w, https:\/\/eldigitaldeasturias.com\/magazine365\/wp-content\/uploads\/2015\/07\/fotonoticia_20150715131430_800-450x671.jpg 450w, https:\/\/eldigitaldeasturias.com\/magazine365\/wp-content\/uploads\/2015\/07\/fotonoticia_20150715131430_800-696x1038.jpg 696w, https:\/\/eldigitaldeasturias.com\/magazine365\/wp-content\/uploads\/2015\/07\/fotonoticia_20150715131430_800-282x420.jpg 282w, https:\/\/eldigitaldeasturias.com\/magazine365\/wp-content\/uploads\/2015\/07\/fotonoticia_20150715131430_800.jpg 800w\" sizes=\"(max-width: 201px) 100vw, 201px\" \/>La web oficial de Turismo de Navarra ha recibido desde el d\u00eda 3 de julio hasta esta pasada noche 103.081 entradas, un 5,44% m\u00e1s que en 2014. El d\u00eda 7 de julio se produjo el pico de visitas a esta &#8216;web site&#8217; en la que los internautas consultan una media de 2,9 p\u00e1ginas por sesi\u00f3n.<\/p>\n<p>Dentro de las p\u00e1ginas y contenidos, las m\u00e1s visitadas han sido en este periodo y por este orden: la p\u00e1gina &#8216;Organice su viaje&#8217; que recibe 9.374 entradas (5,76%), la home de la Web Oficial de Turismo de Navarra con 7.426 visitas (4,5%), la p\u00e1gina del Programa de Fiestas de San Ferm\u00edn\/Sanfermines\/Informaci\u00f3n tur\u00edstica navarra (4.082 entradas, 2,5%), Historia de la fiesta (3.869 entradas, 2,3%); Encierro (2.783, 1,7%); Preguntas frecuentes sobre las Fiestas de San Ferm\u00edn (2.668 entradas, 1,6%); y Turismo en Navarra (2.329, 1,4%).<\/p>\n<p>Por detr\u00e1s les siguen las p\u00e1ginas que ofrecen informaci\u00f3n tur\u00edstica de la selva de Irati, la historia del santo y la Agenda, seg\u00fan un comunicado del Gobierno de Navarra.<\/p>\n<p>PROCEDENCIA DE LOS INTERNAUTAS<\/p>\n<p>En cuanto a la procedencia por pa\u00edses de las y los internautas que consultan esta &#8216;site&#8217; oficial destacan: Espa\u00f1a (79.465, el 77% de las consultas); Francia (10.906, el 10,5%); Italia (1.934, 1,8%); Estados Unidos (1.890, 1,8%), Reino Unido (1.238, 1,2%); Argentina 933 (0,9%); M\u00e9xico (881, 0,8%); y Alemania (863, 0,8%).<\/p>\n<p>Por comunidades aut\u00f3nomas o regiones, destacan los y las visitantes procedentes de la Comunidad de de Catalu\u00f1a (16.465, 15,9%), seguida de los de Madrid (15.999 entradas, 15,5%),Navarra (13.425, 13%), Pa\u00eds Vasco (11.908, 11,5%), Comunidad Valenciana (5.984, 5,8%), Aquitania (4.804, 4,6%), Andaluc\u00eda (4.024, 3,9%), Ille de France, Francia (2.578, 2,5%), Arag\u00f3n (2.294, 2,2%), y La Rioja (1.894, 1,8%).<\/p>\n<p>Por ciudades, despuntan, por este orden, las consultas procedentes de Madrid (14.856, 14,4% de las consultas), Barcelona (13.512, 13,1%), Pamplona (12.671, 12,2%), Bilbao (3.914, 3,8%), Valencia (3.376, 3,2%), San Sebasti\u00e1n (3.182, 3%), Par\u00eds (2.185, 2,1%), Zaragoza (1.731, 1,6%), y Logro\u00f1o (1.543, 1,5%).<\/p>\n","protected":false},"excerpt":{"rendered":"<p>La web oficial de Turismo de Navarra ha recibido desde el d\u00eda 3 de julio hasta esta pasada noche 103.081 entradas, un 5,44% m\u00e1s que en 2014. El d\u00eda 7 de julio se produjo el pico de visitas a esta &#8216;web site&#8217; en la que los internautas consultan una media de 2,9 p\u00e1ginas por sesi\u00f3n.<\/p>\n","protected":false},"author":1,"featured_media":42776,"comment_status":"open","ping_status":"closed","sticky":false,"template":"","format":"standard","meta":{"footnotes":""},"categories":[222],"tags":[],"class_list":{"0":"post-42775","1":"post","2":"type-post","3":"status-publish","4":"format-standard","5":"has-post-thumbnail","7":"category-actualidad-turismo"},"aioseo_notices":[],"aioseo_head":"\n\t\t<!-- All in One SEO Pro 4.9.6.1 - aioseo.com -->\n\t<meta name=\"description\" content=\"La web oficial de Turismo de Navarra ha recibido desde el d\u00eda 3 de julio hasta esta pasada noche 103.081 entradas, un 5,44% m\u00e1s que en 2014. El d\u00eda 7 de julio se produjo el pico de visitas a esta &#039;web site&#039; en la que los internautas consultan una media de 2,9 p\u00e1ginas por sesi\u00f3n.\" \/>\n\t<meta name=\"robots\" content=\"max-image-preview:large\" \/>\n\t<meta name=\"author\" content=\"admin\"\/>\n\t<meta name=\"google-site-verification\" content=\"UA-38556648-1\" \/>\n\t<meta name=\"keywords\" content=\"actualidad turismo\" \/>\n\t<link rel=\"canonical\" href=\"https:\/\/eldigitaldeasturias.com\/magazine365\/la-web-oficial-de-turismo-de-navarra-registra-103-081-entradas-entre-el-3-y-14-de-julio\/\" \/>\n\t<meta name=\"generator\" content=\"All in One SEO Pro (AIOSEO) 4.9.6.1\" \/>\n\t\t<meta property=\"og:locale\" content=\"es_ES\" \/>\n\t\t<meta property=\"og:site_name\" content=\"El Digital de Asturias \u2013 Revista de ocio, turismo y estilo de vida\" \/>\n\t\t<meta property=\"og:type\" content=\"article\" \/>\n\t\t<meta property=\"og:title\" content=\"La web oficial de Turismo de Navarra registra 103.081 entradas entre el 3 y 14 de julio | El Digital de Asturias\" \/>\n\t\t<meta property=\"og:description\" content=\"La web oficial de Turismo de Navarra ha recibido desde el d\u00eda 3 de julio hasta esta pasada noche 103.081 entradas, un 5,44% m\u00e1s que en 2014. El d\u00eda 7 de julio se produjo el pico de visitas a esta &#039;web site&#039; en la que los internautas consultan una media de 2,9 p\u00e1ginas por sesi\u00f3n.\" \/>\n\t\t<meta property=\"og:url\" content=\"https:\/\/eldigitaldeasturias.com\/magazine365\/la-web-oficial-de-turismo-de-navarra-registra-103-081-entradas-entre-el-3-y-14-de-julio\/\" \/>\n\t\t<meta property=\"og:image\" content=\"https:\/\/eldigitaldeasturias.com\/magazine365\/wp-content\/uploads\/2015\/07\/fotonoticia_20150715131430_800.jpg\" \/>\n\t\t<meta property=\"og:image:secure_url\" content=\"https:\/\/eldigitaldeasturias.com\/magazine365\/wp-content\/uploads\/2015\/07\/fotonoticia_20150715131430_800.jpg\" \/>\n\t\t<meta property=\"og:image:width\" content=\"800\" \/>\n\t\t<meta property=\"og:image:height\" content=\"1193\" \/>\n\t\t<meta property=\"article:published_time\" content=\"2015-07-16T02:42:39+00:00\" \/>\n\t\t<meta property=\"article:modified_time\" content=\"2015-07-16T02:42:39+00:00\" \/>\n\t\t<meta name=\"twitter:card\" content=\"summary_large_image\" \/>\n\t\t<meta name=\"twitter:title\" content=\"La web oficial de Turismo de Navarra registra 103.081 entradas entre el 3 y 14 de julio | El Digital de Asturias\" \/>\n\t\t<meta name=\"twitter:description\" content=\"La web oficial de Turismo de Navarra ha recibido desde el d\u00eda 3 de julio hasta esta pasada noche 103.081 entradas, un 5,44% m\u00e1s que en 2014. El d\u00eda 7 de julio se produjo el pico de visitas a esta &#039;web site&#039; en la que los internautas consultan una media de 2,9 p\u00e1ginas por sesi\u00f3n.\" \/>\n\t\t<meta name=\"twitter:image\" content=\"https:\/\/eldigitaldeasturias.com\/magazine365\/wp-content\/uploads\/2015\/07\/fotonoticia_20150715131430_800.jpg\" \/>\n\t\t<script type=\"application\/ld+json\" class=\"aioseo-schema\">\n\t\t\t{\"@context\":\"https:\\\/\\\/schema.org\",\"@graph\":[{\"@type\":\"Article\",\"@id\":\"https:\\\/\\\/eldigitaldeasturias.com\\\/magazine365\\\/la-web-oficial-de-turismo-de-navarra-registra-103-081-entradas-entre-el-3-y-14-de-julio\\\/#article\",\"name\":\"La web oficial de Turismo de Navarra registra 103.081 entradas entre el 3 y 14 de julio | El Digital de Asturias\",\"headline\":\"La web oficial de Turismo de Navarra registra 103.081 entradas entre el 3 y 14 de julio\",\"author\":{\"@id\":\"https:\\\/\\\/eldigitaldeasturias.com\\\/magazine365\\\/author\\\/admin\\\/#author\"},\"publisher\":{\"@id\":\"https:\\\/\\\/eldigitaldeasturias.com\\\/magazine365\\\/#organization\"},\"image\":{\"@type\":\"ImageObject\",\"url\":\"https:\\\/\\\/eldigitaldeasturias.com\\\/magazine365\\\/wp-content\\\/uploads\\\/2015\\\/07\\\/fotonoticia_20150715131430_800.jpg\",\"width\":800,\"height\":1193},\"datePublished\":\"2015-07-16T04:42:39+02:00\",\"dateModified\":\"2015-07-16T04:42:39+02:00\",\"inLanguage\":\"es-ES\",\"mainEntityOfPage\":{\"@id\":\"https:\\\/\\\/eldigitaldeasturias.com\\\/magazine365\\\/la-web-oficial-de-turismo-de-navarra-registra-103-081-entradas-entre-el-3-y-14-de-julio\\\/#webpage\"},\"isPartOf\":{\"@id\":\"https:\\\/\\\/eldigitaldeasturias.com\\\/magazine365\\\/la-web-oficial-de-turismo-de-navarra-registra-103-081-entradas-entre-el-3-y-14-de-julio\\\/#webpage\"},\"articleSection\":\"Actualidad Turismo\"},{\"@type\":\"BreadcrumbList\",\"@id\":\"https:\\\/\\\/eldigitaldeasturias.com\\\/magazine365\\\/la-web-oficial-de-turismo-de-navarra-registra-103-081-entradas-entre-el-3-y-14-de-julio\\\/#breadcrumblist\",\"itemListElement\":[{\"@type\":\"ListItem\",\"@id\":\"https:\\\/\\\/eldigitaldeasturias.com\\\/magazine365#listItem\",\"position\":1,\"name\":\"Home\",\"item\":\"https:\\\/\\\/eldigitaldeasturias.com\\\/magazine365\",\"nextItem\":{\"@type\":\"ListItem\",\"@id\":\"https:\\\/\\\/eldigitaldeasturias.com\\\/magazine365\\\/category\\\/actualidad-turismo\\\/#listItem\",\"name\":\"Actualidad Turismo\"}},{\"@type\":\"ListItem\",\"@id\":\"https:\\\/\\\/eldigitaldeasturias.com\\\/magazine365\\\/category\\\/actualidad-turismo\\\/#listItem\",\"position\":2,\"name\":\"Actualidad Turismo\",\"item\":\"https:\\\/\\\/eldigitaldeasturias.com\\\/magazine365\\\/category\\\/actualidad-turismo\\\/\",\"nextItem\":{\"@type\":\"ListItem\",\"@id\":\"https:\\\/\\\/eldigitaldeasturias.com\\\/magazine365\\\/la-web-oficial-de-turismo-de-navarra-registra-103-081-entradas-entre-el-3-y-14-de-julio\\\/#listItem\",\"name\":\"La web oficial de Turismo de Navarra registra 103.081 entradas entre el 3 y 14 de julio\"},\"previousItem\":{\"@type\":\"ListItem\",\"@id\":\"https:\\\/\\\/eldigitaldeasturias.com\\\/magazine365#listItem\",\"name\":\"Home\"}},{\"@type\":\"ListItem\",\"@id\":\"https:\\\/\\\/eldigitaldeasturias.com\\\/magazine365\\\/la-web-oficial-de-turismo-de-navarra-registra-103-081-entradas-entre-el-3-y-14-de-julio\\\/#listItem\",\"position\":3,\"name\":\"La web oficial de Turismo de Navarra registra 103.081 entradas entre el 3 y 14 de julio\",\"previousItem\":{\"@type\":\"ListItem\",\"@id\":\"https:\\\/\\\/eldigitaldeasturias.com\\\/magazine365\\\/category\\\/actualidad-turismo\\\/#listItem\",\"name\":\"Actualidad Turismo\"}}]},{\"@type\":\"Organization\",\"@id\":\"https:\\\/\\\/eldigitaldeasturias.com\\\/magazine365\\\/#organization\",\"name\":\"El digital de Asturias\",\"description\":\"Revista de ocio, turismo y estilo de vida\",\"url\":\"https:\\\/\\\/eldigitaldeasturias.com\\\/magazine365\\\/\",\"logo\":{\"@type\":\"ImageObject\",\"url\":\"https:\\\/\\\/www.eldigitaldeasturias.com\\\/noticias\\\/wp-content\\\/uploads\\\/2020\\\/12\\\/EDA.jpg\",\"@id\":\"https:\\\/\\\/eldigitaldeasturias.com\\\/magazine365\\\/la-web-oficial-de-turismo-de-navarra-registra-103-081-entradas-entre-el-3-y-14-de-julio\\\/#organizationLogo\"},\"image\":{\"@id\":\"https:\\\/\\\/eldigitaldeasturias.com\\\/magazine365\\\/la-web-oficial-de-turismo-de-navarra-registra-103-081-entradas-entre-el-3-y-14-de-julio\\\/#organizationLogo\"}},{\"@type\":\"Person\",\"@id\":\"https:\\\/\\\/eldigitaldeasturias.com\\\/magazine365\\\/author\\\/admin\\\/#author\",\"url\":\"https:\\\/\\\/eldigitaldeasturias.com\\\/magazine365\\\/author\\\/admin\\\/\",\"name\":\"admin\",\"image\":{\"@type\":\"ImageObject\",\"@id\":\"https:\\\/\\\/eldigitaldeasturias.com\\\/magazine365\\\/la-web-oficial-de-turismo-de-navarra-registra-103-081-entradas-entre-el-3-y-14-de-julio\\\/#authorImage\",\"url\":\"https:\\\/\\\/eldigitaldeasturias.com\\\/magazine365\\\/wp-content\\\/litespeed\\\/avatar\\\/e571bcf59a0edd6fa6838245a470f2fe.jpg?ver=1777574230\",\"width\":96,\"height\":96,\"caption\":\"admin\"}},{\"@type\":\"WebPage\",\"@id\":\"https:\\\/\\\/eldigitaldeasturias.com\\\/magazine365\\\/la-web-oficial-de-turismo-de-navarra-registra-103-081-entradas-entre-el-3-y-14-de-julio\\\/#webpage\",\"url\":\"https:\\\/\\\/eldigitaldeasturias.com\\\/magazine365\\\/la-web-oficial-de-turismo-de-navarra-registra-103-081-entradas-entre-el-3-y-14-de-julio\\\/\",\"name\":\"La web oficial de Turismo de Navarra registra 103.081 entradas entre el 3 y 14 de julio | El Digital de Asturias\",\"description\":\"La web oficial de Turismo de Navarra ha recibido desde el d\\u00eda 3 de julio hasta esta pasada noche 103.081 entradas, un 5,44% m\\u00e1s que en 2014. El d\\u00eda 7 de julio se produjo el pico de visitas a esta 'web site' en la que los internautas consultan una media de 2,9 p\\u00e1ginas por sesi\\u00f3n.\",\"inLanguage\":\"es-ES\",\"isPartOf\":{\"@id\":\"https:\\\/\\\/eldigitaldeasturias.com\\\/magazine365\\\/#website\"},\"breadcrumb\":{\"@id\":\"https:\\\/\\\/eldigitaldeasturias.com\\\/magazine365\\\/la-web-oficial-de-turismo-de-navarra-registra-103-081-entradas-entre-el-3-y-14-de-julio\\\/#breadcrumblist\"},\"author\":{\"@id\":\"https:\\\/\\\/eldigitaldeasturias.com\\\/magazine365\\\/author\\\/admin\\\/#author\"},\"creator\":{\"@id\":\"https:\\\/\\\/eldigitaldeasturias.com\\\/magazine365\\\/author\\\/admin\\\/#author\"},\"image\":{\"@type\":\"ImageObject\",\"url\":\"https:\\\/\\\/eldigitaldeasturias.com\\\/magazine365\\\/wp-content\\\/uploads\\\/2015\\\/07\\\/fotonoticia_20150715131430_800.jpg\",\"@id\":\"https:\\\/\\\/eldigitaldeasturias.com\\\/magazine365\\\/la-web-oficial-de-turismo-de-navarra-registra-103-081-entradas-entre-el-3-y-14-de-julio\\\/#mainImage\",\"width\":800,\"height\":1193},\"primaryImageOfPage\":{\"@id\":\"https:\\\/\\\/eldigitaldeasturias.com\\\/magazine365\\\/la-web-oficial-de-turismo-de-navarra-registra-103-081-entradas-entre-el-3-y-14-de-julio\\\/#mainImage\"},\"datePublished\":\"2015-07-16T04:42:39+02:00\",\"dateModified\":\"2015-07-16T04:42:39+02:00\"},{\"@type\":\"WebSite\",\"@id\":\"https:\\\/\\\/eldigitaldeasturias.com\\\/magazine365\\\/#website\",\"url\":\"https:\\\/\\\/eldigitaldeasturias.com\\\/magazine365\\\/\",\"name\":\"El Digital de Asturias\",\"description\":\"Revista de ocio, turismo y estilo de vida\",\"inLanguage\":\"es-ES\",\"publisher\":{\"@id\":\"https:\\\/\\\/eldigitaldeasturias.com\\\/magazine365\\\/#organization\"}}]}\n\t\t<\/script>\n\t\t<!-- All in One SEO Pro -->\r\n\t\t<title>La web oficial de Turismo de Navarra registra 103.081 entradas entre el 3 y 14 de julio | El Digital de Asturias<\/title>\n\n","aioseo_head_json":{"title":"La web oficial de Turismo de Navarra registra 103.081 entradas entre el 3 y 14 de julio | El Digital de Asturias","description":"La web oficial de Turismo de Navarra ha recibido desde el d\u00eda 3 de julio hasta esta pasada noche 103.081 entradas, un 5,44% m\u00e1s que en 2014. El d\u00eda 7 de julio se produjo el pico de visitas a esta 'web site' en la que los internautas consultan una media de 2,9 p\u00e1ginas por sesi\u00f3n.","canonical_url":"https:\/\/eldigitaldeasturias.com\/magazine365\/la-web-oficial-de-turismo-de-navarra-registra-103-081-entradas-entre-el-3-y-14-de-julio\/","robots":"max-image-preview:large","keywords":"actualidad turismo","webmasterTools":{"google-site-verification":"UA-38556648-1","miscellaneous":""},"schema":{"@context":"https:\/\/schema.org","@graph":[{"@type":"Article","@id":"https:\/\/eldigitaldeasturias.com\/magazine365\/la-web-oficial-de-turismo-de-navarra-registra-103-081-entradas-entre-el-3-y-14-de-julio\/#article","name":"La web oficial de Turismo de Navarra registra 103.081 entradas entre el 3 y 14 de julio | El Digital de Asturias","headline":"La web oficial de Turismo de Navarra registra 103.081 entradas entre el 3 y 14 de julio","author":{"@id":"https:\/\/eldigitaldeasturias.com\/magazine365\/author\/admin\/#author"},"publisher":{"@id":"https:\/\/eldigitaldeasturias.com\/magazine365\/#organization"},"image":{"@type":"ImageObject","url":"https:\/\/eldigitaldeasturias.com\/magazine365\/wp-content\/uploads\/2015\/07\/fotonoticia_20150715131430_800.jpg","width":800,"height":1193},"datePublished":"2015-07-16T04:42:39+02:00","dateModified":"2015-07-16T04:42:39+02:00","inLanguage":"es-ES","mainEntityOfPage":{"@id":"https:\/\/eldigitaldeasturias.com\/magazine365\/la-web-oficial-de-turismo-de-navarra-registra-103-081-entradas-entre-el-3-y-14-de-julio\/#webpage"},"isPartOf":{"@id":"https:\/\/eldigitaldeasturias.com\/magazine365\/la-web-oficial-de-turismo-de-navarra-registra-103-081-entradas-entre-el-3-y-14-de-julio\/#webpage"},"articleSection":"Actualidad Turismo"},{"@type":"BreadcrumbList","@id":"https:\/\/eldigitaldeasturias.com\/magazine365\/la-web-oficial-de-turismo-de-navarra-registra-103-081-entradas-entre-el-3-y-14-de-julio\/#breadcrumblist","itemListElement":[{"@type":"ListItem","@id":"https:\/\/eldigitaldeasturias.com\/magazine365#listItem","position":1,"name":"Home","item":"https:\/\/eldigitaldeasturias.com\/magazine365","nextItem":{"@type":"ListItem","@id":"https:\/\/eldigitaldeasturias.com\/magazine365\/category\/actualidad-turismo\/#listItem","name":"Actualidad Turismo"}},{"@type":"ListItem","@id":"https:\/\/eldigitaldeasturias.com\/magazine365\/category\/actualidad-turismo\/#listItem","position":2,"name":"Actualidad Turismo","item":"https:\/\/eldigitaldeasturias.com\/magazine365\/category\/actualidad-turismo\/","nextItem":{"@type":"ListItem","@id":"https:\/\/eldigitaldeasturias.com\/magazine365\/la-web-oficial-de-turismo-de-navarra-registra-103-081-entradas-entre-el-3-y-14-de-julio\/#listItem","name":"La web oficial de Turismo de Navarra registra 103.081 entradas entre el 3 y 14 de julio"},"previousItem":{"@type":"ListItem","@id":"https:\/\/eldigitaldeasturias.com\/magazine365#listItem","name":"Home"}},{"@type":"ListItem","@id":"https:\/\/eldigitaldeasturias.com\/magazine365\/la-web-oficial-de-turismo-de-navarra-registra-103-081-entradas-entre-el-3-y-14-de-julio\/#listItem","position":3,"name":"La web oficial de Turismo de Navarra registra 103.081 entradas entre el 3 y 14 de julio","previousItem":{"@type":"ListItem","@id":"https:\/\/eldigitaldeasturias.com\/magazine365\/category\/actualidad-turismo\/#listItem","name":"Actualidad Turismo"}}]},{"@type":"Organization","@id":"https:\/\/eldigitaldeasturias.com\/magazine365\/#organization","name":"El digital de Asturias","description":"Revista de ocio, turismo y estilo de vida","url":"https:\/\/eldigitaldeasturias.com\/magazine365\/","logo":{"@type":"ImageObject","url":"https:\/\/www.eldigitaldeasturias.com\/noticias\/wp-content\/uploads\/2020\/12\/EDA.jpg","@id":"https:\/\/eldigitaldeasturias.com\/magazine365\/la-web-oficial-de-turismo-de-navarra-registra-103-081-entradas-entre-el-3-y-14-de-julio\/#organizationLogo"},"image":{"@id":"https:\/\/eldigitaldeasturias.com\/magazine365\/la-web-oficial-de-turismo-de-navarra-registra-103-081-entradas-entre-el-3-y-14-de-julio\/#organizationLogo"}},{"@type":"Person","@id":"https:\/\/eldigitaldeasturias.com\/magazine365\/author\/admin\/#author","url":"https:\/\/eldigitaldeasturias.com\/magazine365\/author\/admin\/","name":"admin","image":{"@type":"ImageObject","@id":"https:\/\/eldigitaldeasturias.com\/magazine365\/la-web-oficial-de-turismo-de-navarra-registra-103-081-entradas-entre-el-3-y-14-de-julio\/#authorImage","url":"https:\/\/eldigitaldeasturias.com\/magazine365\/wp-content\/litespeed\/avatar\/e571bcf59a0edd6fa6838245a470f2fe.jpg?ver=1777574230","width":96,"height":96,"caption":"admin"}},{"@type":"WebPage","@id":"https:\/\/eldigitaldeasturias.com\/magazine365\/la-web-oficial-de-turismo-de-navarra-registra-103-081-entradas-entre-el-3-y-14-de-julio\/#webpage","url":"https:\/\/eldigitaldeasturias.com\/magazine365\/la-web-oficial-de-turismo-de-navarra-registra-103-081-entradas-entre-el-3-y-14-de-julio\/","name":"La web oficial de Turismo de Navarra registra 103.081 entradas entre el 3 y 14 de julio | El Digital de Asturias","description":"La web oficial de Turismo de Navarra ha recibido desde el d\u00eda 3 de julio hasta esta pasada noche 103.081 entradas, un 5,44% m\u00e1s que en 2014. El d\u00eda 7 de julio se produjo el pico de visitas a esta 'web site' en la que los internautas consultan una media de 2,9 p\u00e1ginas por sesi\u00f3n.","inLanguage":"es-ES","isPartOf":{"@id":"https:\/\/eldigitaldeasturias.com\/magazine365\/#website"},"breadcrumb":{"@id":"https:\/\/eldigitaldeasturias.com\/magazine365\/la-web-oficial-de-turismo-de-navarra-registra-103-081-entradas-entre-el-3-y-14-de-julio\/#breadcrumblist"},"author":{"@id":"https:\/\/eldigitaldeasturias.com\/magazine365\/author\/admin\/#author"},"creator":{"@id":"https:\/\/eldigitaldeasturias.com\/magazine365\/author\/admin\/#author"},"image":{"@type":"ImageObject","url":"https:\/\/eldigitaldeasturias.com\/magazine365\/wp-content\/uploads\/2015\/07\/fotonoticia_20150715131430_800.jpg","@id":"https:\/\/eldigitaldeasturias.com\/magazine365\/la-web-oficial-de-turismo-de-navarra-registra-103-081-entradas-entre-el-3-y-14-de-julio\/#mainImage","width":800,"height":1193},"primaryImageOfPage":{"@id":"https:\/\/eldigitaldeasturias.com\/magazine365\/la-web-oficial-de-turismo-de-navarra-registra-103-081-entradas-entre-el-3-y-14-de-julio\/#mainImage"},"datePublished":"2015-07-16T04:42:39+02:00","dateModified":"2015-07-16T04:42:39+02:00"},{"@type":"WebSite","@id":"https:\/\/eldigitaldeasturias.com\/magazine365\/#website","url":"https:\/\/eldigitaldeasturias.com\/magazine365\/","name":"El Digital de Asturias","description":"Revista de ocio, turismo y estilo de vida","inLanguage":"es-ES","publisher":{"@id":"https:\/\/eldigitaldeasturias.com\/magazine365\/#organization"}}]},"og:locale":"es_ES","og:site_name":"El Digital de Asturias \u2013 Revista de ocio, turismo y estilo de vida","og:type":"article","og:title":"La web oficial de Turismo de Navarra registra 103.081 entradas entre el 3 y 14 de julio | El Digital de Asturias","og:description":"La web oficial de Turismo de Navarra ha recibido desde el d\u00eda 3 de julio hasta esta pasada noche 103.081 entradas, un 5,44% m\u00e1s que en 2014. El d\u00eda 7 de julio se produjo el pico de visitas a esta 'web site' en la que los internautas consultan una media de 2,9 p\u00e1ginas por sesi\u00f3n.","og:url":"https:\/\/eldigitaldeasturias.com\/magazine365\/la-web-oficial-de-turismo-de-navarra-registra-103-081-entradas-entre-el-3-y-14-de-julio\/","og:image":"https:\/\/eldigitaldeasturias.com\/magazine365\/wp-content\/uploads\/2015\/07\/fotonoticia_20150715131430_800.jpg","og:image:secure_url":"https:\/\/eldigitaldeasturias.com\/magazine365\/wp-content\/uploads\/2015\/07\/fotonoticia_20150715131430_800.jpg","og:image:width":800,"og:image:height":1193,"article:published_time":"2015-07-16T02:42:39+00:00","article:modified_time":"2015-07-16T02:42:39+00:00","twitter:card":"summary_large_image","twitter:title":"La web oficial de Turismo de Navarra registra 103.081 entradas entre el 3 y 14 de julio | El Digital de Asturias","twitter:description":"La web oficial de Turismo de Navarra ha recibido desde el d\u00eda 3 de julio hasta esta pasada noche 103.081 entradas, un 5,44% m\u00e1s que en 2014. El d\u00eda 7 de julio se produjo el pico de visitas a esta 'web site' en la que los internautas consultan una media de 2,9 p\u00e1ginas por sesi\u00f3n.","twitter:image":"https:\/\/eldigitaldeasturias.com\/magazine365\/wp-content\/uploads\/2015\/07\/fotonoticia_20150715131430_800.jpg"},"aioseo_meta_data":{"post_id":"42775","title":null,"description":null,"keywords":null,"keyphrases":null,"primary_term":null,"canonical_url":null,"og_title":null,"og_description":null,"og_object_type":"default","og_image_type":"default","og_image_url":null,"og_image_width":null,"og_image_height":null,"og_image_custom_url":null,"og_image_custom_fields":null,"og_video":null,"og_custom_url":null,"og_article_section":null,"og_article_tags":null,"twitter_use_og":false,"twitter_card":"default","twitter_image_type":"default","twitter_image_url":null,"twitter_image_custom_url":null,"twitter_image_custom_fields":null,"twitter_title":null,"twitter_description":null,"schema":{"blockGraphs":[],"customGraphs":[],"default":{"data":{"Article":[],"Course":[],"Dataset":[],"FAQPage":[],"Movie":[],"Person":[],"Product":[],"ProductReview":[],"Car":[],"Recipe":[],"Service":[],"SoftwareApplication":[],"WebPage":[]},"graphName":"","isEnabled":true},"graphs":[],"defaultGraph":"","defaultPostTypeGraph":""},"schema_type":null,"schema_type_options":null,"pillar_content":false,"robots_default":true,"robots_noindex":false,"robots_noarchive":false,"robots_nosnippet":false,"robots_nofollow":false,"robots_noimageindex":false,"robots_noodp":false,"robots_notranslate":false,"robots_max_snippet":null,"robots_max_videopreview":null,"robots_max_imagepreview":"large","priority":null,"frequency":null,"location":null,"local_seo":null,"seo_analyzer_scan_date":"2025-09-19 18:27:21","breadcrumb_settings":null,"limit_modified_date":false,"open_ai":null,"ai":null,"created":"2021-03-09 01:56:40","updated":"2025-09-19 18:27:21"},"aioseo_breadcrumb":"<div class=\"aioseo-breadcrumbs\"><span class=\"aioseo-breadcrumb\">\n\t<a href=\"https:\/\/eldigitaldeasturias.com\/magazine365\" title=\"Home\">Home<\/a>\n<\/span><span class=\"aioseo-breadcrumb-separator\">\u2013<\/span><span class=\"aioseo-breadcrumb\">\n\t<a href=\"https:\/\/eldigitaldeasturias.com\/magazine365\/category\/actualidad-turismo\/\" title=\"Actualidad Turismo\">Actualidad Turismo<\/a>\n<\/span><span class=\"aioseo-breadcrumb-separator\">\u2013<\/span><span class=\"aioseo-breadcrumb\">\n\t<a href=\"https:\/\/eldigitaldeasturias.com\/magazine365\/la-web-oficial-de-turismo-de-navarra-registra-103-081-entradas-entre-el-3-y-14-de-julio\/\" title=\"La web oficial de Turismo de Navarra registra 103.081 entradas entre el 3 y 14 de julio\">La web oficial de Turismo de Navarra registra 103.081 entradas entre el 3 y 14 de julio<\/a>\n<\/span><\/div>","aioseo_breadcrumb_json":[{"label":"Home","link":"https:\/\/eldigitaldeasturias.com\/magazine365"},{"label":"Actualidad Turismo","link":"https:\/\/eldigitaldeasturias.com\/magazine365\/category\/actualidad-turismo\/"},{"label":"La web oficial de Turismo de Navarra registra 103.081 entradas entre el 3 y 14 de julio","link":"https:\/\/eldigitaldeasturias.com\/magazine365\/la-web-oficial-de-turismo-de-navarra-registra-103-081-entradas-entre-el-3-y-14-de-julio\/"}],"_links":{"self":[{"href":"https:\/\/eldigitaldeasturias.com\/magazine365\/wp-json\/wp\/v2\/posts\/42775","targetHints":{"allow":["GET"]}}],"collection":[{"href":"https:\/\/eldigitaldeasturias.com\/magazine365\/wp-json\/wp\/v2\/posts"}],"about":[{"href":"https:\/\/eldigitaldeasturias.com\/magazine365\/wp-json\/wp\/v2\/types\/post"}],"author":[{"embeddable":true,"href":"https:\/\/eldigitaldeasturias.com\/magazine365\/wp-json\/wp\/v2\/users\/1"}],"replies":[{"embeddable":true,"href":"https:\/\/eldigitaldeasturias.com\/magazine365\/wp-json\/wp\/v2\/comments?post=42775"}],"version-history":[{"count":0,"href":"https:\/\/eldigitaldeasturias.com\/magazine365\/wp-json\/wp\/v2\/posts\/42775\/revisions"}],"wp:featuredmedia":[{"embeddable":true,"href":"https:\/\/eldigitaldeasturias.com\/magazine365\/wp-json\/wp\/v2\/media\/42776"}],"wp:attachment":[{"href":"https:\/\/eldigitaldeasturias.com\/magazine365\/wp-json\/wp\/v2\/media?parent=42775"}],"wp:term":[{"taxonomy":"category","embeddable":true,"href":"https:\/\/eldigitaldeasturias.com\/magazine365\/wp-json\/wp\/v2\/categories?post=42775"},{"taxonomy":"post_tag","embeddable":true,"href":"https:\/\/eldigitaldeasturias.com\/magazine365\/wp-json\/wp\/v2\/tags?post=42775"}],"curies":[{"name":"wp","href":"https:\/\/api.w.org\/{rel}","templated":true}]}}