{"id":42769,"date":"2015-07-16T04:39:22","date_gmt":"2015-07-16T02:39:22","guid":{"rendered":"http:\/\/eldigitaldeasturias.com\/magazine365\/?p=42769"},"modified":"2015-07-16T04:39:22","modified_gmt":"2015-07-16T02:39:22","slug":"un-campamento-para-discapacitados-promovera-la-integracion-en-merida-con-actividades-turisticas-y-de-ocio","status":"publish","type":"post","link":"https:\/\/eldigitaldeasturias.com\/magazine365\/un-campamento-para-discapacitados-promovera-la-integracion-en-merida-con-actividades-turisticas-y-de-ocio\/","title":{"rendered":"Un campamento para discapacitados promover\u00e1 la integraci\u00f3n en M\u00e9rida con actividades tur\u00edsticas y de ocio"},"content":{"rendered":"<p><img fetchpriority=\"high\" decoding=\"async\" class=\"alignleft size-medium wp-image-42770\" src=\"https:\/\/eldigitaldeasturias.com\/magazine365\/wp-content\/uploads\/2015\/07\/fotonoticia_20150715124629_800-360x270.jpg\" alt=\"fotonoticia_20150715124629_800\" width=\"360\" height=\"270\" srcset=\"https:\/\/eldigitaldeasturias.com\/magazine365\/wp-content\/uploads\/2015\/07\/fotonoticia_20150715124629_800-360x270.jpg 360w, https:\/\/eldigitaldeasturias.com\/magazine365\/wp-content\/uploads\/2015\/07\/fotonoticia_20150715124629_800-650x488.jpg 650w, https:\/\/eldigitaldeasturias.com\/magazine365\/wp-content\/uploads\/2015\/07\/fotonoticia_20150715124629_800-768x576.jpg 768w, https:\/\/eldigitaldeasturias.com\/magazine365\/wp-content\/uploads\/2015\/07\/fotonoticia_20150715124629_800-150x113.jpg 150w, https:\/\/eldigitaldeasturias.com\/magazine365\/wp-content\/uploads\/2015\/07\/fotonoticia_20150715124629_800-450x338.jpg 450w, https:\/\/eldigitaldeasturias.com\/magazine365\/wp-content\/uploads\/2015\/07\/fotonoticia_20150715124629_800-80x60.jpg 80w, https:\/\/eldigitaldeasturias.com\/magazine365\/wp-content\/uploads\/2015\/07\/fotonoticia_20150715124629_800-265x198.jpg 265w, https:\/\/eldigitaldeasturias.com\/magazine365\/wp-content\/uploads\/2015\/07\/fotonoticia_20150715124629_800-696x522.jpg 696w, https:\/\/eldigitaldeasturias.com\/magazine365\/wp-content\/uploads\/2015\/07\/fotonoticia_20150715124629_800-560x420.jpg 560w, https:\/\/eldigitaldeasturias.com\/magazine365\/wp-content\/uploads\/2015\/07\/fotonoticia_20150715124629_800-90x67.jpg 90w, https:\/\/eldigitaldeasturias.com\/magazine365\/wp-content\/uploads\/2015\/07\/fotonoticia_20150715124629_800-100x75.jpg 100w, https:\/\/eldigitaldeasturias.com\/magazine365\/wp-content\/uploads\/2015\/07\/fotonoticia_20150715124629_800.jpg 800w\" sizes=\"(max-width: 360px) 100vw, 360px\" \/>Un campamento urbano para personas con discapacidad ofrece actividades tur\u00edsticas, deportivas y de ocio en la Escuela Infantil Municipal &#8216;Nueva Ciudad&#8217; de M\u00e9rida y zonas exteriores para \u00abpromover la integraci\u00f3n e igualdad de oportunidades\u00bb.<\/p>\n<p>La delegada de Atenci\u00f3n a la Discapacidad del Ayuntamiento de M\u00e9rida, Silvia Fern\u00e1ndez, que ha presentado esta actividad ante los medios, ha explicado que tambi\u00e9n \u00abconstituye un recurso para la conciliaci\u00f3n de la vida familiar y laboral\u00bb.<\/p>\n<p>Adem\u00e1s, el campamento urbano es gratuito y se celebrar\u00e1 de lunes a viernes, en horario de 9:00 a 14:00 horas, desde este mi\u00e9rcoles, d\u00eda 15, y hasta el pr\u00f3ximo 28 de agosto.<\/p>\n<p>La edad para poder participar en esta actividad es desde los seis hasta los 35 a\u00f1os y cuenta con 15 plazas cada semana, con preferencia para las personas que vivan en la zona Urban, ya que \u00abes un requisito del proyecto europeo\u00bb, ha indicado Silvia Fern\u00e1ndez.<\/p>\n<p>Asimismo, las inscripciones para el campamento se pueden realizar todav\u00eda en el Centro de las Familias y las Mujeres de la Avenida Eugenio Hermoso de M\u00e9rida, o a trav\u00e9s de la web del Plan Urban, www.urbanmerida.es.<\/p>\n<p>Las inscripciones son semanales, a petici\u00f3n de las asociaciones de discapacitados, para facilitar que los participantes en el campamento puedan irse de vacaciones con sus padres, o realicen \u00abalgunos programas de retiro familiar\u00bb, ha manifestado Silvia Fern\u00e1ndez.<\/p>\n<p>ACTIVIDADES L\u00daDICAS<\/p>\n<p>Las actividades que realizar\u00e1n los participantes en este campamento urbano son \u00abl\u00fadicas mayormente\u00bb, ya que se trata de \u00abun espacio para la diversi\u00f3n de las personas\u00bb, ha se\u00f1alado la delegada de Atenci\u00f3n a la Discapacidad.<\/p>\n<p>Por lo tanto, los integrantes del campamento realizar\u00e1n visitas tur\u00edsticas a los monumentos de la ciudad y un viaje en el tren tur\u00edstico; actividades deportivas, como visitas a la piscina; o a instalaciones preparadas para disfrutar del ocio y tiempo libre.<\/p>\n<p>La delegada de Atenci\u00f3n a la Discapacidad ha se\u00f1alado que el personal t\u00e9cnico del curso est\u00e1 formado por \u00abprofesionales cualificados con experiencia\u00bb, y por lo tanto, el campamento \u00abestar\u00e1 cubierto con un director, cinco monitores especializados y personal sanitario\u00bb.<\/p>\n<p>La empresa encargada de la organizaci\u00f3n del campamento, Naturacci\u00f3n, \u00abcuenta con una solvencia t\u00e9cnica\u00bb que ha animado al consistorio emeritense a \u00abconfiar en ellos\u00bb, seg\u00fan ha explicado la delegada de Atenci\u00f3n a la Discapacidad.<\/p>\n<p>DEMANDA \u00abURGENTE Y REAL\u00bb<\/p>\n<p>Asimismo, la Escuela Infantil Municipal &#8216;Nueva Ciudad&#8217; ha sido elegida para acoger este campamento por la accesibilidad a las instalaciones, ha se\u00f1alado Silvia Fern\u00e1ndez.<\/p>\n<p>El Ayuntamiento de M\u00e9rida, con este campamento, atiende \u00abuna demanda urgente y real\u00bb que han hecho los colectivos de personas con discapacidad, y la actividad est\u00e1 enmarcada dentro del programa Urban Social, del Plan Urban.<\/p>\n<p>Adem\u00e1s, el consistorio emeritense se ha puesto en contacto con asociaciones de discapacitados para informar sobre la actividad y que estuviese preparada para su comienzo este mi\u00e9rcoles.<\/p>\n<p>Esta actuaci\u00f3n est\u00e1 enmarcada en el Programa de Inserci\u00f3n Social de Colectivos en Situaci\u00f3n de Exclusi\u00f3n, del Proyecto Urban Social, cofinanciada en un 80 por ciento por la Uni\u00f3n Europea a trav\u00e9s del Fondo Europeo de Desarrollo Regional (Feder).<\/p>\n","protected":false},"excerpt":{"rendered":"<p>Un campamento urbano para personas con discapacidad ofrece actividades tur\u00edsticas, deportivas y de ocio en la Escuela Infantil Municipal &#8216;Nueva Ciudad&#8217; de M\u00e9rida y zonas exteriores para \u00abpromover la integraci\u00f3n e igualdad de oportunidades\u00bb. La delegada de Atenci\u00f3n a la Discapacidad del Ayuntamiento de M\u00e9rida, Silvia Fern\u00e1ndez, que ha presentado esta actividad ante los medios,<\/p>\n","protected":false},"author":1,"featured_media":42770,"comment_status":"open","ping_status":"closed","sticky":false,"template":"","format":"standard","meta":{"footnotes":""},"categories":[222],"tags":[],"class_list":{"0":"post-42769","1":"post","2":"type-post","3":"status-publish","4":"format-standard","5":"has-post-thumbnail","7":"category-actualidad-turismo"},"aioseo_notices":[],"aioseo_head":"\n\t\t<!-- All in One SEO Pro 4.9.6.1 - aioseo.com -->\n\t<meta name=\"description\" content=\"Un campamento urbano para personas con discapacidad ofrece actividades tur\u00edsticas, deportivas y de ocio en la Escuela Infantil Municipal &#039;Nueva Ciudad&#039; de M\u00e9rida y zonas exteriores para &quot;promover la integraci\u00f3n e igualdad de oportunidades&quot;. La delegada de Atenci\u00f3n a la Discapacidad del Ayuntamiento de M\u00e9rida, Silvia Fern\u00e1ndez, que ha presentado esta actividad ante los medios,\" \/>\n\t<meta name=\"robots\" content=\"max-image-preview:large\" \/>\n\t<meta name=\"author\" content=\"admin\"\/>\n\t<meta name=\"google-site-verification\" content=\"UA-38556648-1\" \/>\n\t<meta name=\"keywords\" content=\"actualidad turismo\" \/>\n\t<link rel=\"canonical\" href=\"https:\/\/eldigitaldeasturias.com\/magazine365\/un-campamento-para-discapacitados-promovera-la-integracion-en-merida-con-actividades-turisticas-y-de-ocio\/\" \/>\n\t<meta name=\"generator\" content=\"All in One SEO Pro (AIOSEO) 4.9.6.1\" \/>\n\t\t<meta property=\"og:locale\" content=\"es_ES\" \/>\n\t\t<meta property=\"og:site_name\" content=\"El Digital de Asturias \u2013 Revista de ocio, turismo y estilo de vida\" \/>\n\t\t<meta property=\"og:type\" content=\"article\" \/>\n\t\t<meta property=\"og:title\" content=\"Un campamento para discapacitados promover\u00e1 la integraci\u00f3n en M\u00e9rida con actividades tur\u00edsticas y de ocio | El Digital de Asturias\" \/>\n\t\t<meta property=\"og:description\" content=\"Un campamento urbano para personas con discapacidad ofrece actividades tur\u00edsticas, deportivas y de ocio en la Escuela Infantil Municipal &#039;Nueva Ciudad&#039; de M\u00e9rida y zonas exteriores para &quot;promover la integraci\u00f3n e igualdad de oportunidades&quot;. La delegada de Atenci\u00f3n a la Discapacidad del Ayuntamiento de M\u00e9rida, Silvia Fern\u00e1ndez, que ha presentado esta actividad ante los medios,\" \/>\n\t\t<meta property=\"og:url\" content=\"https:\/\/eldigitaldeasturias.com\/magazine365\/un-campamento-para-discapacitados-promovera-la-integracion-en-merida-con-actividades-turisticas-y-de-ocio\/\" \/>\n\t\t<meta property=\"og:image\" content=\"https:\/\/eldigitaldeasturias.com\/magazine365\/wp-content\/uploads\/2015\/07\/fotonoticia_20150715124629_800.jpg\" \/>\n\t\t<meta property=\"og:image:secure_url\" content=\"https:\/\/eldigitaldeasturias.com\/magazine365\/wp-content\/uploads\/2015\/07\/fotonoticia_20150715124629_800.jpg\" \/>\n\t\t<meta property=\"og:image:width\" content=\"800\" \/>\n\t\t<meta property=\"og:image:height\" content=\"600\" \/>\n\t\t<meta property=\"article:published_time\" content=\"2015-07-16T02:39:22+00:00\" \/>\n\t\t<meta property=\"article:modified_time\" content=\"2015-07-16T02:39:22+00:00\" \/>\n\t\t<meta name=\"twitter:card\" content=\"summary_large_image\" \/>\n\t\t<meta name=\"twitter:title\" content=\"Un campamento para discapacitados promover\u00e1 la integraci\u00f3n en M\u00e9rida con actividades tur\u00edsticas y de ocio | El Digital de Asturias\" \/>\n\t\t<meta name=\"twitter:description\" content=\"Un campamento urbano para personas con discapacidad ofrece actividades tur\u00edsticas, deportivas y de ocio en la Escuela Infantil Municipal &#039;Nueva Ciudad&#039; de M\u00e9rida y zonas exteriores para &quot;promover la integraci\u00f3n e igualdad de oportunidades&quot;. La delegada de Atenci\u00f3n a la Discapacidad del Ayuntamiento de M\u00e9rida, Silvia Fern\u00e1ndez, que ha presentado esta actividad ante los medios,\" \/>\n\t\t<meta name=\"twitter:image\" content=\"https:\/\/eldigitaldeasturias.com\/magazine365\/wp-content\/uploads\/2015\/07\/fotonoticia_20150715124629_800.jpg\" \/>\n\t\t<script type=\"application\/ld+json\" class=\"aioseo-schema\">\n\t\t\t{\"@context\":\"https:\\\/\\\/schema.org\",\"@graph\":[{\"@type\":\"Article\",\"@id\":\"https:\\\/\\\/eldigitaldeasturias.com\\\/magazine365\\\/un-campamento-para-discapacitados-promovera-la-integracion-en-merida-con-actividades-turisticas-y-de-ocio\\\/#article\",\"name\":\"Un campamento para discapacitados promover\\u00e1 la integraci\\u00f3n en M\\u00e9rida con actividades tur\\u00edsticas y de ocio | El Digital de Asturias\",\"headline\":\"Un campamento para discapacitados promover\\u00e1 la integraci\\u00f3n en M\\u00e9rida con actividades tur\\u00edsticas y de ocio\",\"author\":{\"@id\":\"https:\\\/\\\/eldigitaldeasturias.com\\\/magazine365\\\/author\\\/admin\\\/#author\"},\"publisher\":{\"@id\":\"https:\\\/\\\/eldigitaldeasturias.com\\\/magazine365\\\/#organization\"},\"image\":{\"@type\":\"ImageObject\",\"url\":\"https:\\\/\\\/eldigitaldeasturias.com\\\/magazine365\\\/wp-content\\\/uploads\\\/2015\\\/07\\\/fotonoticia_20150715124629_800.jpg\",\"width\":800,\"height\":600},\"datePublished\":\"2015-07-16T04:39:22+02:00\",\"dateModified\":\"2015-07-16T04:39:22+02:00\",\"inLanguage\":\"es-ES\",\"mainEntityOfPage\":{\"@id\":\"https:\\\/\\\/eldigitaldeasturias.com\\\/magazine365\\\/un-campamento-para-discapacitados-promovera-la-integracion-en-merida-con-actividades-turisticas-y-de-ocio\\\/#webpage\"},\"isPartOf\":{\"@id\":\"https:\\\/\\\/eldigitaldeasturias.com\\\/magazine365\\\/un-campamento-para-discapacitados-promovera-la-integracion-en-merida-con-actividades-turisticas-y-de-ocio\\\/#webpage\"},\"articleSection\":\"Actualidad Turismo\"},{\"@type\":\"BreadcrumbList\",\"@id\":\"https:\\\/\\\/eldigitaldeasturias.com\\\/magazine365\\\/un-campamento-para-discapacitados-promovera-la-integracion-en-merida-con-actividades-turisticas-y-de-ocio\\\/#breadcrumblist\",\"itemListElement\":[{\"@type\":\"ListItem\",\"@id\":\"https:\\\/\\\/eldigitaldeasturias.com\\\/magazine365#listItem\",\"position\":1,\"name\":\"Home\",\"item\":\"https:\\\/\\\/eldigitaldeasturias.com\\\/magazine365\",\"nextItem\":{\"@type\":\"ListItem\",\"@id\":\"https:\\\/\\\/eldigitaldeasturias.com\\\/magazine365\\\/category\\\/actualidad-turismo\\\/#listItem\",\"name\":\"Actualidad Turismo\"}},{\"@type\":\"ListItem\",\"@id\":\"https:\\\/\\\/eldigitaldeasturias.com\\\/magazine365\\\/category\\\/actualidad-turismo\\\/#listItem\",\"position\":2,\"name\":\"Actualidad Turismo\",\"item\":\"https:\\\/\\\/eldigitaldeasturias.com\\\/magazine365\\\/category\\\/actualidad-turismo\\\/\",\"nextItem\":{\"@type\":\"ListItem\",\"@id\":\"https:\\\/\\\/eldigitaldeasturias.com\\\/magazine365\\\/un-campamento-para-discapacitados-promovera-la-integracion-en-merida-con-actividades-turisticas-y-de-ocio\\\/#listItem\",\"name\":\"Un campamento para discapacitados promover\\u00e1 la integraci\\u00f3n en M\\u00e9rida con actividades tur\\u00edsticas y de ocio\"},\"previousItem\":{\"@type\":\"ListItem\",\"@id\":\"https:\\\/\\\/eldigitaldeasturias.com\\\/magazine365#listItem\",\"name\":\"Home\"}},{\"@type\":\"ListItem\",\"@id\":\"https:\\\/\\\/eldigitaldeasturias.com\\\/magazine365\\\/un-campamento-para-discapacitados-promovera-la-integracion-en-merida-con-actividades-turisticas-y-de-ocio\\\/#listItem\",\"position\":3,\"name\":\"Un campamento para discapacitados promover\\u00e1 la integraci\\u00f3n en M\\u00e9rida con actividades tur\\u00edsticas y de ocio\",\"previousItem\":{\"@type\":\"ListItem\",\"@id\":\"https:\\\/\\\/eldigitaldeasturias.com\\\/magazine365\\\/category\\\/actualidad-turismo\\\/#listItem\",\"name\":\"Actualidad Turismo\"}}]},{\"@type\":\"Organization\",\"@id\":\"https:\\\/\\\/eldigitaldeasturias.com\\\/magazine365\\\/#organization\",\"name\":\"El digital de Asturias\",\"description\":\"Revista de ocio, turismo y estilo de vida\",\"url\":\"https:\\\/\\\/eldigitaldeasturias.com\\\/magazine365\\\/\",\"logo\":{\"@type\":\"ImageObject\",\"url\":\"https:\\\/\\\/www.eldigitaldeasturias.com\\\/noticias\\\/wp-content\\\/uploads\\\/2020\\\/12\\\/EDA.jpg\",\"@id\":\"https:\\\/\\\/eldigitaldeasturias.com\\\/magazine365\\\/un-campamento-para-discapacitados-promovera-la-integracion-en-merida-con-actividades-turisticas-y-de-ocio\\\/#organizationLogo\"},\"image\":{\"@id\":\"https:\\\/\\\/eldigitaldeasturias.com\\\/magazine365\\\/un-campamento-para-discapacitados-promovera-la-integracion-en-merida-con-actividades-turisticas-y-de-ocio\\\/#organizationLogo\"}},{\"@type\":\"Person\",\"@id\":\"https:\\\/\\\/eldigitaldeasturias.com\\\/magazine365\\\/author\\\/admin\\\/#author\",\"url\":\"https:\\\/\\\/eldigitaldeasturias.com\\\/magazine365\\\/author\\\/admin\\\/\",\"name\":\"admin\",\"image\":{\"@type\":\"ImageObject\",\"@id\":\"https:\\\/\\\/eldigitaldeasturias.com\\\/magazine365\\\/un-campamento-para-discapacitados-promovera-la-integracion-en-merida-con-actividades-turisticas-y-de-ocio\\\/#authorImage\",\"url\":\"https:\\\/\\\/eldigitaldeasturias.com\\\/magazine365\\\/wp-content\\\/litespeed\\\/avatar\\\/e571bcf59a0edd6fa6838245a470f2fe.jpg?ver=1777574230\",\"width\":96,\"height\":96,\"caption\":\"admin\"}},{\"@type\":\"WebPage\",\"@id\":\"https:\\\/\\\/eldigitaldeasturias.com\\\/magazine365\\\/un-campamento-para-discapacitados-promovera-la-integracion-en-merida-con-actividades-turisticas-y-de-ocio\\\/#webpage\",\"url\":\"https:\\\/\\\/eldigitaldeasturias.com\\\/magazine365\\\/un-campamento-para-discapacitados-promovera-la-integracion-en-merida-con-actividades-turisticas-y-de-ocio\\\/\",\"name\":\"Un campamento para discapacitados promover\\u00e1 la integraci\\u00f3n en M\\u00e9rida con actividades tur\\u00edsticas y de ocio | El Digital de Asturias\",\"description\":\"Un campamento urbano para personas con discapacidad ofrece actividades tur\\u00edsticas, deportivas y de ocio en la Escuela Infantil Municipal 'Nueva Ciudad' de M\\u00e9rida y zonas exteriores para \\\"promover la integraci\\u00f3n e igualdad de oportunidades\\\". La delegada de Atenci\\u00f3n a la Discapacidad del Ayuntamiento de M\\u00e9rida, Silvia Fern\\u00e1ndez, que ha presentado esta actividad ante los medios,\",\"inLanguage\":\"es-ES\",\"isPartOf\":{\"@id\":\"https:\\\/\\\/eldigitaldeasturias.com\\\/magazine365\\\/#website\"},\"breadcrumb\":{\"@id\":\"https:\\\/\\\/eldigitaldeasturias.com\\\/magazine365\\\/un-campamento-para-discapacitados-promovera-la-integracion-en-merida-con-actividades-turisticas-y-de-ocio\\\/#breadcrumblist\"},\"author\":{\"@id\":\"https:\\\/\\\/eldigitaldeasturias.com\\\/magazine365\\\/author\\\/admin\\\/#author\"},\"creator\":{\"@id\":\"https:\\\/\\\/eldigitaldeasturias.com\\\/magazine365\\\/author\\\/admin\\\/#author\"},\"image\":{\"@type\":\"ImageObject\",\"url\":\"https:\\\/\\\/eldigitaldeasturias.com\\\/magazine365\\\/wp-content\\\/uploads\\\/2015\\\/07\\\/fotonoticia_20150715124629_800.jpg\",\"@id\":\"https:\\\/\\\/eldigitaldeasturias.com\\\/magazine365\\\/un-campamento-para-discapacitados-promovera-la-integracion-en-merida-con-actividades-turisticas-y-de-ocio\\\/#mainImage\",\"width\":800,\"height\":600},\"primaryImageOfPage\":{\"@id\":\"https:\\\/\\\/eldigitaldeasturias.com\\\/magazine365\\\/un-campamento-para-discapacitados-promovera-la-integracion-en-merida-con-actividades-turisticas-y-de-ocio\\\/#mainImage\"},\"datePublished\":\"2015-07-16T04:39:22+02:00\",\"dateModified\":\"2015-07-16T04:39:22+02:00\"},{\"@type\":\"WebSite\",\"@id\":\"https:\\\/\\\/eldigitaldeasturias.com\\\/magazine365\\\/#website\",\"url\":\"https:\\\/\\\/eldigitaldeasturias.com\\\/magazine365\\\/\",\"name\":\"El Digital de Asturias\",\"description\":\"Revista de ocio, turismo y estilo de vida\",\"inLanguage\":\"es-ES\",\"publisher\":{\"@id\":\"https:\\\/\\\/eldigitaldeasturias.com\\\/magazine365\\\/#organization\"}}]}\n\t\t<\/script>\n\t\t<!-- All in One SEO Pro -->\r\n\t\t<title>Un campamento para discapacitados promover\u00e1 la integraci\u00f3n en M\u00e9rida con actividades tur\u00edsticas y de ocio | El Digital de Asturias<\/title>\n\n","aioseo_head_json":{"title":"Un campamento para discapacitados promover\u00e1 la integraci\u00f3n en M\u00e9rida con actividades tur\u00edsticas y de ocio | El Digital de Asturias","description":"Un campamento urbano para personas con discapacidad ofrece actividades tur\u00edsticas, deportivas y de ocio en la Escuela Infantil Municipal 'Nueva Ciudad' de M\u00e9rida y zonas exteriores para \"promover la integraci\u00f3n e igualdad de oportunidades\". La delegada de Atenci\u00f3n a la Discapacidad del Ayuntamiento de M\u00e9rida, Silvia Fern\u00e1ndez, que ha presentado esta actividad ante los medios,","canonical_url":"https:\/\/eldigitaldeasturias.com\/magazine365\/un-campamento-para-discapacitados-promovera-la-integracion-en-merida-con-actividades-turisticas-y-de-ocio\/","robots":"max-image-preview:large","keywords":"actualidad turismo","webmasterTools":{"google-site-verification":"UA-38556648-1","miscellaneous":""},"schema":{"@context":"https:\/\/schema.org","@graph":[{"@type":"Article","@id":"https:\/\/eldigitaldeasturias.com\/magazine365\/un-campamento-para-discapacitados-promovera-la-integracion-en-merida-con-actividades-turisticas-y-de-ocio\/#article","name":"Un campamento para discapacitados promover\u00e1 la integraci\u00f3n en M\u00e9rida con actividades tur\u00edsticas y de ocio | El Digital de Asturias","headline":"Un campamento para discapacitados promover\u00e1 la integraci\u00f3n en M\u00e9rida con actividades tur\u00edsticas y de ocio","author":{"@id":"https:\/\/eldigitaldeasturias.com\/magazine365\/author\/admin\/#author"},"publisher":{"@id":"https:\/\/eldigitaldeasturias.com\/magazine365\/#organization"},"image":{"@type":"ImageObject","url":"https:\/\/eldigitaldeasturias.com\/magazine365\/wp-content\/uploads\/2015\/07\/fotonoticia_20150715124629_800.jpg","width":800,"height":600},"datePublished":"2015-07-16T04:39:22+02:00","dateModified":"2015-07-16T04:39:22+02:00","inLanguage":"es-ES","mainEntityOfPage":{"@id":"https:\/\/eldigitaldeasturias.com\/magazine365\/un-campamento-para-discapacitados-promovera-la-integracion-en-merida-con-actividades-turisticas-y-de-ocio\/#webpage"},"isPartOf":{"@id":"https:\/\/eldigitaldeasturias.com\/magazine365\/un-campamento-para-discapacitados-promovera-la-integracion-en-merida-con-actividades-turisticas-y-de-ocio\/#webpage"},"articleSection":"Actualidad Turismo"},{"@type":"BreadcrumbList","@id":"https:\/\/eldigitaldeasturias.com\/magazine365\/un-campamento-para-discapacitados-promovera-la-integracion-en-merida-con-actividades-turisticas-y-de-ocio\/#breadcrumblist","itemListElement":[{"@type":"ListItem","@id":"https:\/\/eldigitaldeasturias.com\/magazine365#listItem","position":1,"name":"Home","item":"https:\/\/eldigitaldeasturias.com\/magazine365","nextItem":{"@type":"ListItem","@id":"https:\/\/eldigitaldeasturias.com\/magazine365\/category\/actualidad-turismo\/#listItem","name":"Actualidad Turismo"}},{"@type":"ListItem","@id":"https:\/\/eldigitaldeasturias.com\/magazine365\/category\/actualidad-turismo\/#listItem","position":2,"name":"Actualidad Turismo","item":"https:\/\/eldigitaldeasturias.com\/magazine365\/category\/actualidad-turismo\/","nextItem":{"@type":"ListItem","@id":"https:\/\/eldigitaldeasturias.com\/magazine365\/un-campamento-para-discapacitados-promovera-la-integracion-en-merida-con-actividades-turisticas-y-de-ocio\/#listItem","name":"Un campamento para discapacitados promover\u00e1 la integraci\u00f3n en M\u00e9rida con actividades tur\u00edsticas y de ocio"},"previousItem":{"@type":"ListItem","@id":"https:\/\/eldigitaldeasturias.com\/magazine365#listItem","name":"Home"}},{"@type":"ListItem","@id":"https:\/\/eldigitaldeasturias.com\/magazine365\/un-campamento-para-discapacitados-promovera-la-integracion-en-merida-con-actividades-turisticas-y-de-ocio\/#listItem","position":3,"name":"Un campamento para discapacitados promover\u00e1 la integraci\u00f3n en M\u00e9rida con actividades tur\u00edsticas y de ocio","previousItem":{"@type":"ListItem","@id":"https:\/\/eldigitaldeasturias.com\/magazine365\/category\/actualidad-turismo\/#listItem","name":"Actualidad Turismo"}}]},{"@type":"Organization","@id":"https:\/\/eldigitaldeasturias.com\/magazine365\/#organization","name":"El digital de Asturias","description":"Revista de ocio, turismo y estilo de vida","url":"https:\/\/eldigitaldeasturias.com\/magazine365\/","logo":{"@type":"ImageObject","url":"https:\/\/www.eldigitaldeasturias.com\/noticias\/wp-content\/uploads\/2020\/12\/EDA.jpg","@id":"https:\/\/eldigitaldeasturias.com\/magazine365\/un-campamento-para-discapacitados-promovera-la-integracion-en-merida-con-actividades-turisticas-y-de-ocio\/#organizationLogo"},"image":{"@id":"https:\/\/eldigitaldeasturias.com\/magazine365\/un-campamento-para-discapacitados-promovera-la-integracion-en-merida-con-actividades-turisticas-y-de-ocio\/#organizationLogo"}},{"@type":"Person","@id":"https:\/\/eldigitaldeasturias.com\/magazine365\/author\/admin\/#author","url":"https:\/\/eldigitaldeasturias.com\/magazine365\/author\/admin\/","name":"admin","image":{"@type":"ImageObject","@id":"https:\/\/eldigitaldeasturias.com\/magazine365\/un-campamento-para-discapacitados-promovera-la-integracion-en-merida-con-actividades-turisticas-y-de-ocio\/#authorImage","url":"https:\/\/eldigitaldeasturias.com\/magazine365\/wp-content\/litespeed\/avatar\/e571bcf59a0edd6fa6838245a470f2fe.jpg?ver=1777574230","width":96,"height":96,"caption":"admin"}},{"@type":"WebPage","@id":"https:\/\/eldigitaldeasturias.com\/magazine365\/un-campamento-para-discapacitados-promovera-la-integracion-en-merida-con-actividades-turisticas-y-de-ocio\/#webpage","url":"https:\/\/eldigitaldeasturias.com\/magazine365\/un-campamento-para-discapacitados-promovera-la-integracion-en-merida-con-actividades-turisticas-y-de-ocio\/","name":"Un campamento para discapacitados promover\u00e1 la integraci\u00f3n en M\u00e9rida con actividades tur\u00edsticas y de ocio | El Digital de Asturias","description":"Un campamento urbano para personas con discapacidad ofrece actividades tur\u00edsticas, deportivas y de ocio en la Escuela Infantil Municipal 'Nueva Ciudad' de M\u00e9rida y zonas exteriores para \"promover la integraci\u00f3n e igualdad de oportunidades\". La delegada de Atenci\u00f3n a la Discapacidad del Ayuntamiento de M\u00e9rida, Silvia Fern\u00e1ndez, que ha presentado esta actividad ante los medios,","inLanguage":"es-ES","isPartOf":{"@id":"https:\/\/eldigitaldeasturias.com\/magazine365\/#website"},"breadcrumb":{"@id":"https:\/\/eldigitaldeasturias.com\/magazine365\/un-campamento-para-discapacitados-promovera-la-integracion-en-merida-con-actividades-turisticas-y-de-ocio\/#breadcrumblist"},"author":{"@id":"https:\/\/eldigitaldeasturias.com\/magazine365\/author\/admin\/#author"},"creator":{"@id":"https:\/\/eldigitaldeasturias.com\/magazine365\/author\/admin\/#author"},"image":{"@type":"ImageObject","url":"https:\/\/eldigitaldeasturias.com\/magazine365\/wp-content\/uploads\/2015\/07\/fotonoticia_20150715124629_800.jpg","@id":"https:\/\/eldigitaldeasturias.com\/magazine365\/un-campamento-para-discapacitados-promovera-la-integracion-en-merida-con-actividades-turisticas-y-de-ocio\/#mainImage","width":800,"height":600},"primaryImageOfPage":{"@id":"https:\/\/eldigitaldeasturias.com\/magazine365\/un-campamento-para-discapacitados-promovera-la-integracion-en-merida-con-actividades-turisticas-y-de-ocio\/#mainImage"},"datePublished":"2015-07-16T04:39:22+02:00","dateModified":"2015-07-16T04:39:22+02:00"},{"@type":"WebSite","@id":"https:\/\/eldigitaldeasturias.com\/magazine365\/#website","url":"https:\/\/eldigitaldeasturias.com\/magazine365\/","name":"El Digital de Asturias","description":"Revista de ocio, turismo y estilo de vida","inLanguage":"es-ES","publisher":{"@id":"https:\/\/eldigitaldeasturias.com\/magazine365\/#organization"}}]},"og:locale":"es_ES","og:site_name":"El Digital de Asturias \u2013 Revista de ocio, turismo y estilo de vida","og:type":"article","og:title":"Un campamento para discapacitados promover\u00e1 la integraci\u00f3n en M\u00e9rida con actividades tur\u00edsticas y de ocio | El Digital de Asturias","og:description":"Un campamento urbano para personas con discapacidad ofrece actividades tur\u00edsticas, deportivas y de ocio en la Escuela Infantil Municipal 'Nueva Ciudad' de M\u00e9rida y zonas exteriores para &quot;promover la integraci\u00f3n e igualdad de oportunidades&quot;. La delegada de Atenci\u00f3n a la Discapacidad del Ayuntamiento de M\u00e9rida, Silvia Fern\u00e1ndez, que ha presentado esta actividad ante los medios,","og:url":"https:\/\/eldigitaldeasturias.com\/magazine365\/un-campamento-para-discapacitados-promovera-la-integracion-en-merida-con-actividades-turisticas-y-de-ocio\/","og:image":"https:\/\/eldigitaldeasturias.com\/magazine365\/wp-content\/uploads\/2015\/07\/fotonoticia_20150715124629_800.jpg","og:image:secure_url":"https:\/\/eldigitaldeasturias.com\/magazine365\/wp-content\/uploads\/2015\/07\/fotonoticia_20150715124629_800.jpg","og:image:width":800,"og:image:height":600,"article:published_time":"2015-07-16T02:39:22+00:00","article:modified_time":"2015-07-16T02:39:22+00:00","twitter:card":"summary_large_image","twitter:title":"Un campamento para discapacitados promover\u00e1 la integraci\u00f3n en M\u00e9rida con actividades tur\u00edsticas y de ocio | El Digital de Asturias","twitter:description":"Un campamento urbano para personas con discapacidad ofrece actividades tur\u00edsticas, deportivas y de ocio en la Escuela Infantil Municipal 'Nueva Ciudad' de M\u00e9rida y zonas exteriores para &quot;promover la integraci\u00f3n e igualdad de oportunidades&quot;. La delegada de Atenci\u00f3n a la Discapacidad del Ayuntamiento de M\u00e9rida, Silvia Fern\u00e1ndez, que ha presentado esta actividad ante los medios,","twitter:image":"https:\/\/eldigitaldeasturias.com\/magazine365\/wp-content\/uploads\/2015\/07\/fotonoticia_20150715124629_800.jpg"},"aioseo_meta_data":{"post_id":"42769","title":null,"description":null,"keywords":null,"keyphrases":null,"primary_term":null,"canonical_url":null,"og_title":null,"og_description":null,"og_object_type":"default","og_image_type":"default","og_image_url":null,"og_image_width":null,"og_image_height":null,"og_image_custom_url":null,"og_image_custom_fields":null,"og_video":null,"og_custom_url":null,"og_article_section":null,"og_article_tags":null,"twitter_use_og":false,"twitter_card":"default","twitter_image_type":"default","twitter_image_url":null,"twitter_image_custom_url":null,"twitter_image_custom_fields":null,"twitter_title":null,"twitter_description":null,"schema":{"blockGraphs":[],"customGraphs":[],"default":{"data":{"Article":[],"Course":[],"Dataset":[],"FAQPage":[],"Movie":[],"Person":[],"Product":[],"ProductReview":[],"Car":[],"Recipe":[],"Service":[],"SoftwareApplication":[],"WebPage":[]},"graphName":"","isEnabled":true},"graphs":[],"defaultGraph":"","defaultPostTypeGraph":""},"schema_type":null,"schema_type_options":null,"pillar_content":false,"robots_default":true,"robots_noindex":false,"robots_noarchive":false,"robots_nosnippet":false,"robots_nofollow":false,"robots_noimageindex":false,"robots_noodp":false,"robots_notranslate":false,"robots_max_snippet":null,"robots_max_videopreview":null,"robots_max_imagepreview":"large","priority":null,"frequency":null,"location":null,"local_seo":null,"seo_analyzer_scan_date":"2025-09-19 18:27:19","breadcrumb_settings":null,"limit_modified_date":false,"open_ai":null,"ai":null,"created":"2021-03-09 01:56:40","updated":"2025-09-19 18:27:19"},"aioseo_breadcrumb":"<div class=\"aioseo-breadcrumbs\"><span class=\"aioseo-breadcrumb\">\n\t<a href=\"https:\/\/eldigitaldeasturias.com\/magazine365\" title=\"Home\">Home<\/a>\n<\/span><span class=\"aioseo-breadcrumb-separator\">\u2013<\/span><span class=\"aioseo-breadcrumb\">\n\t<a href=\"https:\/\/eldigitaldeasturias.com\/magazine365\/category\/actualidad-turismo\/\" title=\"Actualidad Turismo\">Actualidad Turismo<\/a>\n<\/span><span class=\"aioseo-breadcrumb-separator\">\u2013<\/span><span class=\"aioseo-breadcrumb\">\n\t<a href=\"https:\/\/eldigitaldeasturias.com\/magazine365\/un-campamento-para-discapacitados-promovera-la-integracion-en-merida-con-actividades-turisticas-y-de-ocio\/\" title=\"Un campamento para discapacitados promover\u00e1 la integraci\u00f3n en M\u00e9rida con actividades tur\u00edsticas y de ocio\">Un campamento para discapacitados promover\u00e1 la integraci\u00f3n en M\u00e9rida con actividades tur\u00edsticas y de ocio<\/a>\n<\/span><\/div>","aioseo_breadcrumb_json":[{"label":"Home","link":"https:\/\/eldigitaldeasturias.com\/magazine365"},{"label":"Actualidad Turismo","link":"https:\/\/eldigitaldeasturias.com\/magazine365\/category\/actualidad-turismo\/"},{"label":"Un campamento para discapacitados promover\u00e1 la integraci\u00f3n en M\u00e9rida con actividades tur\u00edsticas y de ocio","link":"https:\/\/eldigitaldeasturias.com\/magazine365\/un-campamento-para-discapacitados-promovera-la-integracion-en-merida-con-actividades-turisticas-y-de-ocio\/"}],"_links":{"self":[{"href":"https:\/\/eldigitaldeasturias.com\/magazine365\/wp-json\/wp\/v2\/posts\/42769","targetHints":{"allow":["GET"]}}],"collection":[{"href":"https:\/\/eldigitaldeasturias.com\/magazine365\/wp-json\/wp\/v2\/posts"}],"about":[{"href":"https:\/\/eldigitaldeasturias.com\/magazine365\/wp-json\/wp\/v2\/types\/post"}],"author":[{"embeddable":true,"href":"https:\/\/eldigitaldeasturias.com\/magazine365\/wp-json\/wp\/v2\/users\/1"}],"replies":[{"embeddable":true,"href":"https:\/\/eldigitaldeasturias.com\/magazine365\/wp-json\/wp\/v2\/comments?post=42769"}],"version-history":[{"count":0,"href":"https:\/\/eldigitaldeasturias.com\/magazine365\/wp-json\/wp\/v2\/posts\/42769\/revisions"}],"wp:featuredmedia":[{"embeddable":true,"href":"https:\/\/eldigitaldeasturias.com\/magazine365\/wp-json\/wp\/v2\/media\/42770"}],"wp:attachment":[{"href":"https:\/\/eldigitaldeasturias.com\/magazine365\/wp-json\/wp\/v2\/media?parent=42769"}],"wp:term":[{"taxonomy":"category","embeddable":true,"href":"https:\/\/eldigitaldeasturias.com\/magazine365\/wp-json\/wp\/v2\/categories?post=42769"},{"taxonomy":"post_tag","embeddable":true,"href":"https:\/\/eldigitaldeasturias.com\/magazine365\/wp-json\/wp\/v2\/tags?post=42769"}],"curies":[{"name":"wp","href":"https:\/\/api.w.org\/{rel}","templated":true}]}}