{"id":42766,"date":"2015-07-16T04:38:20","date_gmt":"2015-07-16T02:38:20","guid":{"rendered":"http:\/\/eldigitaldeasturias.com\/magazine365\/?p=42766"},"modified":"2015-07-16T04:38:20","modified_gmt":"2015-07-16T02:38:20","slug":"norwegian-unira-en-invierno-gran-canaria-con-malaga-barcelona-y-madrid-desde-2430-euros","status":"publish","type":"post","link":"https:\/\/eldigitaldeasturias.com\/magazine365\/norwegian-unira-en-invierno-gran-canaria-con-malaga-barcelona-y-madrid-desde-2430-euros\/","title":{"rendered":"Norwegian unir\u00e1 en invierno Gran Canaria con M\u00e1laga, Barcelona y Madrid desde 24,30 euros"},"content":{"rendered":"<p><img fetchpriority=\"high\" decoding=\"async\" class=\"alignleft size-medium wp-image-42767\" src=\"https:\/\/eldigitaldeasturias.com\/magazine365\/wp-content\/uploads\/2015\/07\/fotonoticia_20150715122724_800-360x270.jpg\" alt=\"fotonoticia_20150715122724_800\" width=\"360\" height=\"270\" srcset=\"https:\/\/eldigitaldeasturias.com\/magazine365\/wp-content\/uploads\/2015\/07\/fotonoticia_20150715122724_800-360x270.jpg 360w, https:\/\/eldigitaldeasturias.com\/magazine365\/wp-content\/uploads\/2015\/07\/fotonoticia_20150715122724_800-650x488.jpg 650w, https:\/\/eldigitaldeasturias.com\/magazine365\/wp-content\/uploads\/2015\/07\/fotonoticia_20150715122724_800-768x576.jpg 768w, https:\/\/eldigitaldeasturias.com\/magazine365\/wp-content\/uploads\/2015\/07\/fotonoticia_20150715122724_800-150x113.jpg 150w, https:\/\/eldigitaldeasturias.com\/magazine365\/wp-content\/uploads\/2015\/07\/fotonoticia_20150715122724_800-450x338.jpg 450w, https:\/\/eldigitaldeasturias.com\/magazine365\/wp-content\/uploads\/2015\/07\/fotonoticia_20150715122724_800-80x60.jpg 80w, https:\/\/eldigitaldeasturias.com\/magazine365\/wp-content\/uploads\/2015\/07\/fotonoticia_20150715122724_800-265x198.jpg 265w, https:\/\/eldigitaldeasturias.com\/magazine365\/wp-content\/uploads\/2015\/07\/fotonoticia_20150715122724_800-696x522.jpg 696w, https:\/\/eldigitaldeasturias.com\/magazine365\/wp-content\/uploads\/2015\/07\/fotonoticia_20150715122724_800-560x420.jpg 560w, https:\/\/eldigitaldeasturias.com\/magazine365\/wp-content\/uploads\/2015\/07\/fotonoticia_20150715122724_800-90x67.jpg 90w, https:\/\/eldigitaldeasturias.com\/magazine365\/wp-content\/uploads\/2015\/07\/fotonoticia_20150715122724_800-100x75.jpg 100w, https:\/\/eldigitaldeasturias.com\/magazine365\/wp-content\/uploads\/2015\/07\/fotonoticia_20150715122724_800.jpg 800w\" sizes=\"(max-width: 360px) 100vw, 360px\" \/>La compa\u00f1\u00eda de bajo coste Norwegian unir\u00e1 durante la temporada de invierno la isla de Gran Canaria con M\u00e1laga, Barcelona y Madrid desde 24,30 euros por trayecto &#8211;ya con descuento de residente incluido&#8211;.<\/p>\n<p>As\u00ed lo pusieron de manifiesto este mi\u00e9rcoles la presidenta del Patronato de Turismo, In\u00e9s Jim\u00e9nez, y el responsable de comunicaci\u00f3n en Espa\u00f1a de la aerol\u00ednea, Alfons Claver, durante la presentaci\u00f3n de las nuevas rutas.<\/p>\n<p>En el caso de Madrid, el 25 de octubre comenzar\u00e1n vuelos diarios &#8211;de lunes a domingo&#8211; con tarifas a partir de 24,30 euros (precio con descuento de residente ya contabilizado). Para Barcelona, habr\u00e1 tres vuelos semanales &#8211;lunes, mi\u00e9rcoles y viernes&#8211; desde el 26 de octubre con precios que comenzar\u00e1n en 24,80 euros; y para M\u00e1laga, desde el 30 de octubre habr\u00e1 dos vuelos semanales &#8211;viernes y domingo&#8211; con tarifas a partir de los 28,80 euros.<\/p>\n<p>\u00abEsto va a significar para la isla una mayor conectividad Pen\u00ednsula-Gran Canaria y va a suponer 100.000 plazas semanales y la recuperaci\u00f3n de un mercado que desde hace algunos a\u00f1os estaba siendo mermado\u00bb, dijo la tambi\u00e9n vicepresidenta 3\u00aa del Cabildo.<\/p>\n<p>Con todo, ser\u00e1n 12 las frecuencias semanales que Norwegian proporcionar\u00e1 semanalmente con Gran Canaria, lo que representa 24 vuelos semanales y m\u00e1s de 97.730 plazas.<\/p>\n<p>Por su parte, el responsable de comunicaci\u00f3n en Espa\u00f1a de la aerol\u00ednea explic\u00f3 que en el conjunto de Canarias ser\u00e1n 28 las frecuencias con la Pen\u00ednsula &#8211;un total de 56 vuelos semanales que suponen 230.000 plazas a\u00e9reas.<\/p>\n<p>CA\u00cdDA DE LA CAPACIDAD A\u00c9REA ENTRE CANARIAS Y LA PEN\u00cdNSULA<\/p>\n<p>El responsable de comuicaci\u00f3n record\u00f3 que la capacidad a\u00e9rea disponible entre las islas y el territorio peninsular ha sufrido un descenso durante los \u00faltimos a\u00f1os, seg\u00fan datos de Fomento. En 2011 hubo 9,03 millones de plazas a\u00e9reas con la Pen\u00ednsula, mientras que en 2014 esta cifra baj\u00f3 hasta los 7,55 millones.<\/p>\n<p>En estos a\u00f1os, Canarias ha perdido 1,48 millones de plazas a\u00e9reas, dato que en el caso de Gran Canaria es de 327.147 menos &#8211;desde los 3,12 millones de 2011 a los 2,79 millones de 2014&#8211;.<\/p>\n<p>Asimismo, expuso que como consecuencia del menor nivel de competencia, la tarifa media se ha incrementado en m\u00e1s de un 10% durante estos a\u00f1os, yendo de una media de 106,96 euros por trayecto en 2011 a los 118,23 euros de 2013.<\/p>\n<p>Finalmente, Claver destac\u00f3 que Norwegian es la primera aerol\u00ednea en ofrecer wifi gratis en los vuelos dom\u00e9sticos espa\u00f1oles y que la compa\u00f1\u00eda cuenta con una de las flotas m\u00e1s modernas y respetuosas con el medio ambiente del mundo, con una media de 4,1 a\u00f1os de sus aviones.<\/p>\n","protected":false},"excerpt":{"rendered":"<p>La compa\u00f1\u00eda de bajo coste Norwegian unir\u00e1 durante la temporada de invierno la isla de Gran Canaria con M\u00e1laga, Barcelona y Madrid desde 24,30 euros por trayecto &#8211;ya con descuento de residente incluido&#8211;. As\u00ed lo pusieron de manifiesto este mi\u00e9rcoles la presidenta del Patronato de Turismo, In\u00e9s Jim\u00e9nez, y el responsable de comunicaci\u00f3n en Espa\u00f1a<\/p>\n","protected":false},"author":1,"featured_media":42767,"comment_status":"open","ping_status":"closed","sticky":false,"template":"","format":"standard","meta":{"footnotes":""},"categories":[222],"tags":[],"class_list":{"0":"post-42766","1":"post","2":"type-post","3":"status-publish","4":"format-standard","5":"has-post-thumbnail","7":"category-actualidad-turismo"},"aioseo_notices":[],"aioseo_head":"\n\t\t<!-- All in One SEO Pro 4.9.6.1 - aioseo.com -->\n\t<meta name=\"description\" content=\"La compa\u00f1\u00eda de bajo coste Norwegian unir\u00e1 durante la temporada de invierno la isla de Gran Canaria con M\u00e1laga, Barcelona y Madrid desde 24,30 euros por trayecto --ya con descuento de residente incluido--. As\u00ed lo pusieron de manifiesto este mi\u00e9rcoles la presidenta del Patronato de Turismo, In\u00e9s Jim\u00e9nez, y el responsable de comunicaci\u00f3n en Espa\u00f1a\" \/>\n\t<meta name=\"robots\" content=\"max-image-preview:large\" \/>\n\t<meta name=\"author\" content=\"admin\"\/>\n\t<meta name=\"google-site-verification\" content=\"UA-38556648-1\" \/>\n\t<meta name=\"keywords\" content=\"actualidad turismo\" \/>\n\t<link rel=\"canonical\" href=\"https:\/\/eldigitaldeasturias.com\/magazine365\/norwegian-unira-en-invierno-gran-canaria-con-malaga-barcelona-y-madrid-desde-2430-euros\/\" \/>\n\t<meta name=\"generator\" content=\"All in One SEO Pro (AIOSEO) 4.9.6.1\" \/>\n\t\t<meta property=\"og:locale\" content=\"es_ES\" \/>\n\t\t<meta property=\"og:site_name\" content=\"El Digital de Asturias \u2013 Revista de ocio, turismo y estilo de vida\" \/>\n\t\t<meta property=\"og:type\" content=\"article\" \/>\n\t\t<meta property=\"og:title\" content=\"Norwegian unir\u00e1 en invierno Gran Canaria con M\u00e1laga, Barcelona y Madrid desde 24,30 euros | El Digital de Asturias\" \/>\n\t\t<meta property=\"og:description\" content=\"La compa\u00f1\u00eda de bajo coste Norwegian unir\u00e1 durante la temporada de invierno la isla de Gran Canaria con M\u00e1laga, Barcelona y Madrid desde 24,30 euros por trayecto --ya con descuento de residente incluido--. As\u00ed lo pusieron de manifiesto este mi\u00e9rcoles la presidenta del Patronato de Turismo, In\u00e9s Jim\u00e9nez, y el responsable de comunicaci\u00f3n en Espa\u00f1a\" \/>\n\t\t<meta property=\"og:url\" content=\"https:\/\/eldigitaldeasturias.com\/magazine365\/norwegian-unira-en-invierno-gran-canaria-con-malaga-barcelona-y-madrid-desde-2430-euros\/\" \/>\n\t\t<meta property=\"og:image\" content=\"https:\/\/eldigitaldeasturias.com\/magazine365\/wp-content\/uploads\/2015\/07\/fotonoticia_20150715122724_800.jpg\" \/>\n\t\t<meta property=\"og:image:secure_url\" content=\"https:\/\/eldigitaldeasturias.com\/magazine365\/wp-content\/uploads\/2015\/07\/fotonoticia_20150715122724_800.jpg\" \/>\n\t\t<meta property=\"og:image:width\" content=\"800\" \/>\n\t\t<meta property=\"og:image:height\" content=\"600\" \/>\n\t\t<meta property=\"article:published_time\" content=\"2015-07-16T02:38:20+00:00\" \/>\n\t\t<meta property=\"article:modified_time\" content=\"2015-07-16T02:38:20+00:00\" \/>\n\t\t<meta name=\"twitter:card\" content=\"summary_large_image\" \/>\n\t\t<meta name=\"twitter:title\" content=\"Norwegian unir\u00e1 en invierno Gran Canaria con M\u00e1laga, Barcelona y Madrid desde 24,30 euros | El Digital de Asturias\" \/>\n\t\t<meta name=\"twitter:description\" content=\"La compa\u00f1\u00eda de bajo coste Norwegian unir\u00e1 durante la temporada de invierno la isla de Gran Canaria con M\u00e1laga, Barcelona y Madrid desde 24,30 euros por trayecto --ya con descuento de residente incluido--. As\u00ed lo pusieron de manifiesto este mi\u00e9rcoles la presidenta del Patronato de Turismo, In\u00e9s Jim\u00e9nez, y el responsable de comunicaci\u00f3n en Espa\u00f1a\" \/>\n\t\t<meta name=\"twitter:image\" content=\"https:\/\/eldigitaldeasturias.com\/magazine365\/wp-content\/uploads\/2015\/07\/fotonoticia_20150715122724_800.jpg\" \/>\n\t\t<script type=\"application\/ld+json\" class=\"aioseo-schema\">\n\t\t\t{\"@context\":\"https:\\\/\\\/schema.org\",\"@graph\":[{\"@type\":\"Article\",\"@id\":\"https:\\\/\\\/eldigitaldeasturias.com\\\/magazine365\\\/norwegian-unira-en-invierno-gran-canaria-con-malaga-barcelona-y-madrid-desde-2430-euros\\\/#article\",\"name\":\"Norwegian unir\\u00e1 en invierno Gran Canaria con M\\u00e1laga, Barcelona y Madrid desde 24,30 euros | El Digital de Asturias\",\"headline\":\"Norwegian unir\\u00e1 en invierno Gran Canaria con M\\u00e1laga, Barcelona y Madrid desde 24,30 euros\",\"author\":{\"@id\":\"https:\\\/\\\/eldigitaldeasturias.com\\\/magazine365\\\/author\\\/admin\\\/#author\"},\"publisher\":{\"@id\":\"https:\\\/\\\/eldigitaldeasturias.com\\\/magazine365\\\/#organization\"},\"image\":{\"@type\":\"ImageObject\",\"url\":\"https:\\\/\\\/eldigitaldeasturias.com\\\/magazine365\\\/wp-content\\\/uploads\\\/2015\\\/07\\\/fotonoticia_20150715122724_800.jpg\",\"width\":800,\"height\":600},\"datePublished\":\"2015-07-16T04:38:20+02:00\",\"dateModified\":\"2015-07-16T04:38:20+02:00\",\"inLanguage\":\"es-ES\",\"mainEntityOfPage\":{\"@id\":\"https:\\\/\\\/eldigitaldeasturias.com\\\/magazine365\\\/norwegian-unira-en-invierno-gran-canaria-con-malaga-barcelona-y-madrid-desde-2430-euros\\\/#webpage\"},\"isPartOf\":{\"@id\":\"https:\\\/\\\/eldigitaldeasturias.com\\\/magazine365\\\/norwegian-unira-en-invierno-gran-canaria-con-malaga-barcelona-y-madrid-desde-2430-euros\\\/#webpage\"},\"articleSection\":\"Actualidad Turismo\"},{\"@type\":\"BreadcrumbList\",\"@id\":\"https:\\\/\\\/eldigitaldeasturias.com\\\/magazine365\\\/norwegian-unira-en-invierno-gran-canaria-con-malaga-barcelona-y-madrid-desde-2430-euros\\\/#breadcrumblist\",\"itemListElement\":[{\"@type\":\"ListItem\",\"@id\":\"https:\\\/\\\/eldigitaldeasturias.com\\\/magazine365#listItem\",\"position\":1,\"name\":\"Home\",\"item\":\"https:\\\/\\\/eldigitaldeasturias.com\\\/magazine365\",\"nextItem\":{\"@type\":\"ListItem\",\"@id\":\"https:\\\/\\\/eldigitaldeasturias.com\\\/magazine365\\\/category\\\/actualidad-turismo\\\/#listItem\",\"name\":\"Actualidad Turismo\"}},{\"@type\":\"ListItem\",\"@id\":\"https:\\\/\\\/eldigitaldeasturias.com\\\/magazine365\\\/category\\\/actualidad-turismo\\\/#listItem\",\"position\":2,\"name\":\"Actualidad Turismo\",\"item\":\"https:\\\/\\\/eldigitaldeasturias.com\\\/magazine365\\\/category\\\/actualidad-turismo\\\/\",\"nextItem\":{\"@type\":\"ListItem\",\"@id\":\"https:\\\/\\\/eldigitaldeasturias.com\\\/magazine365\\\/norwegian-unira-en-invierno-gran-canaria-con-malaga-barcelona-y-madrid-desde-2430-euros\\\/#listItem\",\"name\":\"Norwegian unir\\u00e1 en invierno Gran Canaria con M\\u00e1laga, Barcelona y Madrid desde 24,30 euros\"},\"previousItem\":{\"@type\":\"ListItem\",\"@id\":\"https:\\\/\\\/eldigitaldeasturias.com\\\/magazine365#listItem\",\"name\":\"Home\"}},{\"@type\":\"ListItem\",\"@id\":\"https:\\\/\\\/eldigitaldeasturias.com\\\/magazine365\\\/norwegian-unira-en-invierno-gran-canaria-con-malaga-barcelona-y-madrid-desde-2430-euros\\\/#listItem\",\"position\":3,\"name\":\"Norwegian unir\\u00e1 en invierno Gran Canaria con M\\u00e1laga, Barcelona y Madrid desde 24,30 euros\",\"previousItem\":{\"@type\":\"ListItem\",\"@id\":\"https:\\\/\\\/eldigitaldeasturias.com\\\/magazine365\\\/category\\\/actualidad-turismo\\\/#listItem\",\"name\":\"Actualidad Turismo\"}}]},{\"@type\":\"Organization\",\"@id\":\"https:\\\/\\\/eldigitaldeasturias.com\\\/magazine365\\\/#organization\",\"name\":\"El digital de Asturias\",\"description\":\"Revista de ocio, turismo y estilo de vida\",\"url\":\"https:\\\/\\\/eldigitaldeasturias.com\\\/magazine365\\\/\",\"logo\":{\"@type\":\"ImageObject\",\"url\":\"https:\\\/\\\/www.eldigitaldeasturias.com\\\/noticias\\\/wp-content\\\/uploads\\\/2020\\\/12\\\/EDA.jpg\",\"@id\":\"https:\\\/\\\/eldigitaldeasturias.com\\\/magazine365\\\/norwegian-unira-en-invierno-gran-canaria-con-malaga-barcelona-y-madrid-desde-2430-euros\\\/#organizationLogo\"},\"image\":{\"@id\":\"https:\\\/\\\/eldigitaldeasturias.com\\\/magazine365\\\/norwegian-unira-en-invierno-gran-canaria-con-malaga-barcelona-y-madrid-desde-2430-euros\\\/#organizationLogo\"}},{\"@type\":\"Person\",\"@id\":\"https:\\\/\\\/eldigitaldeasturias.com\\\/magazine365\\\/author\\\/admin\\\/#author\",\"url\":\"https:\\\/\\\/eldigitaldeasturias.com\\\/magazine365\\\/author\\\/admin\\\/\",\"name\":\"admin\",\"image\":{\"@type\":\"ImageObject\",\"@id\":\"https:\\\/\\\/eldigitaldeasturias.com\\\/magazine365\\\/norwegian-unira-en-invierno-gran-canaria-con-malaga-barcelona-y-madrid-desde-2430-euros\\\/#authorImage\",\"url\":\"https:\\\/\\\/eldigitaldeasturias.com\\\/magazine365\\\/wp-content\\\/litespeed\\\/avatar\\\/e571bcf59a0edd6fa6838245a470f2fe.jpg?ver=1777574230\",\"width\":96,\"height\":96,\"caption\":\"admin\"}},{\"@type\":\"WebPage\",\"@id\":\"https:\\\/\\\/eldigitaldeasturias.com\\\/magazine365\\\/norwegian-unira-en-invierno-gran-canaria-con-malaga-barcelona-y-madrid-desde-2430-euros\\\/#webpage\",\"url\":\"https:\\\/\\\/eldigitaldeasturias.com\\\/magazine365\\\/norwegian-unira-en-invierno-gran-canaria-con-malaga-barcelona-y-madrid-desde-2430-euros\\\/\",\"name\":\"Norwegian unir\\u00e1 en invierno Gran Canaria con M\\u00e1laga, Barcelona y Madrid desde 24,30 euros | El Digital de Asturias\",\"description\":\"La compa\\u00f1\\u00eda de bajo coste Norwegian unir\\u00e1 durante la temporada de invierno la isla de Gran Canaria con M\\u00e1laga, Barcelona y Madrid desde 24,30 euros por trayecto --ya con descuento de residente incluido--. As\\u00ed lo pusieron de manifiesto este mi\\u00e9rcoles la presidenta del Patronato de Turismo, In\\u00e9s Jim\\u00e9nez, y el responsable de comunicaci\\u00f3n en Espa\\u00f1a\",\"inLanguage\":\"es-ES\",\"isPartOf\":{\"@id\":\"https:\\\/\\\/eldigitaldeasturias.com\\\/magazine365\\\/#website\"},\"breadcrumb\":{\"@id\":\"https:\\\/\\\/eldigitaldeasturias.com\\\/magazine365\\\/norwegian-unira-en-invierno-gran-canaria-con-malaga-barcelona-y-madrid-desde-2430-euros\\\/#breadcrumblist\"},\"author\":{\"@id\":\"https:\\\/\\\/eldigitaldeasturias.com\\\/magazine365\\\/author\\\/admin\\\/#author\"},\"creator\":{\"@id\":\"https:\\\/\\\/eldigitaldeasturias.com\\\/magazine365\\\/author\\\/admin\\\/#author\"},\"image\":{\"@type\":\"ImageObject\",\"url\":\"https:\\\/\\\/eldigitaldeasturias.com\\\/magazine365\\\/wp-content\\\/uploads\\\/2015\\\/07\\\/fotonoticia_20150715122724_800.jpg\",\"@id\":\"https:\\\/\\\/eldigitaldeasturias.com\\\/magazine365\\\/norwegian-unira-en-invierno-gran-canaria-con-malaga-barcelona-y-madrid-desde-2430-euros\\\/#mainImage\",\"width\":800,\"height\":600},\"primaryImageOfPage\":{\"@id\":\"https:\\\/\\\/eldigitaldeasturias.com\\\/magazine365\\\/norwegian-unira-en-invierno-gran-canaria-con-malaga-barcelona-y-madrid-desde-2430-euros\\\/#mainImage\"},\"datePublished\":\"2015-07-16T04:38:20+02:00\",\"dateModified\":\"2015-07-16T04:38:20+02:00\"},{\"@type\":\"WebSite\",\"@id\":\"https:\\\/\\\/eldigitaldeasturias.com\\\/magazine365\\\/#website\",\"url\":\"https:\\\/\\\/eldigitaldeasturias.com\\\/magazine365\\\/\",\"name\":\"El Digital de Asturias\",\"description\":\"Revista de ocio, turismo y estilo de vida\",\"inLanguage\":\"es-ES\",\"publisher\":{\"@id\":\"https:\\\/\\\/eldigitaldeasturias.com\\\/magazine365\\\/#organization\"}}]}\n\t\t<\/script>\n\t\t<!-- All in One SEO Pro -->\r\n\t\t<title>Norwegian unir\u00e1 en invierno Gran Canaria con M\u00e1laga, Barcelona y Madrid desde 24,30 euros | El Digital de Asturias<\/title>\n\n","aioseo_head_json":{"title":"Norwegian unir\u00e1 en invierno Gran Canaria con M\u00e1laga, Barcelona y Madrid desde 24,30 euros | El Digital de Asturias","description":"La compa\u00f1\u00eda de bajo coste Norwegian unir\u00e1 durante la temporada de invierno la isla de Gran Canaria con M\u00e1laga, Barcelona y Madrid desde 24,30 euros por trayecto --ya con descuento de residente incluido--. As\u00ed lo pusieron de manifiesto este mi\u00e9rcoles la presidenta del Patronato de Turismo, In\u00e9s Jim\u00e9nez, y el responsable de comunicaci\u00f3n en Espa\u00f1a","canonical_url":"https:\/\/eldigitaldeasturias.com\/magazine365\/norwegian-unira-en-invierno-gran-canaria-con-malaga-barcelona-y-madrid-desde-2430-euros\/","robots":"max-image-preview:large","keywords":"actualidad turismo","webmasterTools":{"google-site-verification":"UA-38556648-1","miscellaneous":""},"schema":{"@context":"https:\/\/schema.org","@graph":[{"@type":"Article","@id":"https:\/\/eldigitaldeasturias.com\/magazine365\/norwegian-unira-en-invierno-gran-canaria-con-malaga-barcelona-y-madrid-desde-2430-euros\/#article","name":"Norwegian unir\u00e1 en invierno Gran Canaria con M\u00e1laga, Barcelona y Madrid desde 24,30 euros | El Digital de Asturias","headline":"Norwegian unir\u00e1 en invierno Gran Canaria con M\u00e1laga, Barcelona y Madrid desde 24,30 euros","author":{"@id":"https:\/\/eldigitaldeasturias.com\/magazine365\/author\/admin\/#author"},"publisher":{"@id":"https:\/\/eldigitaldeasturias.com\/magazine365\/#organization"},"image":{"@type":"ImageObject","url":"https:\/\/eldigitaldeasturias.com\/magazine365\/wp-content\/uploads\/2015\/07\/fotonoticia_20150715122724_800.jpg","width":800,"height":600},"datePublished":"2015-07-16T04:38:20+02:00","dateModified":"2015-07-16T04:38:20+02:00","inLanguage":"es-ES","mainEntityOfPage":{"@id":"https:\/\/eldigitaldeasturias.com\/magazine365\/norwegian-unira-en-invierno-gran-canaria-con-malaga-barcelona-y-madrid-desde-2430-euros\/#webpage"},"isPartOf":{"@id":"https:\/\/eldigitaldeasturias.com\/magazine365\/norwegian-unira-en-invierno-gran-canaria-con-malaga-barcelona-y-madrid-desde-2430-euros\/#webpage"},"articleSection":"Actualidad Turismo"},{"@type":"BreadcrumbList","@id":"https:\/\/eldigitaldeasturias.com\/magazine365\/norwegian-unira-en-invierno-gran-canaria-con-malaga-barcelona-y-madrid-desde-2430-euros\/#breadcrumblist","itemListElement":[{"@type":"ListItem","@id":"https:\/\/eldigitaldeasturias.com\/magazine365#listItem","position":1,"name":"Home","item":"https:\/\/eldigitaldeasturias.com\/magazine365","nextItem":{"@type":"ListItem","@id":"https:\/\/eldigitaldeasturias.com\/magazine365\/category\/actualidad-turismo\/#listItem","name":"Actualidad Turismo"}},{"@type":"ListItem","@id":"https:\/\/eldigitaldeasturias.com\/magazine365\/category\/actualidad-turismo\/#listItem","position":2,"name":"Actualidad Turismo","item":"https:\/\/eldigitaldeasturias.com\/magazine365\/category\/actualidad-turismo\/","nextItem":{"@type":"ListItem","@id":"https:\/\/eldigitaldeasturias.com\/magazine365\/norwegian-unira-en-invierno-gran-canaria-con-malaga-barcelona-y-madrid-desde-2430-euros\/#listItem","name":"Norwegian unir\u00e1 en invierno Gran Canaria con M\u00e1laga, Barcelona y Madrid desde 24,30 euros"},"previousItem":{"@type":"ListItem","@id":"https:\/\/eldigitaldeasturias.com\/magazine365#listItem","name":"Home"}},{"@type":"ListItem","@id":"https:\/\/eldigitaldeasturias.com\/magazine365\/norwegian-unira-en-invierno-gran-canaria-con-malaga-barcelona-y-madrid-desde-2430-euros\/#listItem","position":3,"name":"Norwegian unir\u00e1 en invierno Gran Canaria con M\u00e1laga, Barcelona y Madrid desde 24,30 euros","previousItem":{"@type":"ListItem","@id":"https:\/\/eldigitaldeasturias.com\/magazine365\/category\/actualidad-turismo\/#listItem","name":"Actualidad Turismo"}}]},{"@type":"Organization","@id":"https:\/\/eldigitaldeasturias.com\/magazine365\/#organization","name":"El digital de Asturias","description":"Revista de ocio, turismo y estilo de vida","url":"https:\/\/eldigitaldeasturias.com\/magazine365\/","logo":{"@type":"ImageObject","url":"https:\/\/www.eldigitaldeasturias.com\/noticias\/wp-content\/uploads\/2020\/12\/EDA.jpg","@id":"https:\/\/eldigitaldeasturias.com\/magazine365\/norwegian-unira-en-invierno-gran-canaria-con-malaga-barcelona-y-madrid-desde-2430-euros\/#organizationLogo"},"image":{"@id":"https:\/\/eldigitaldeasturias.com\/magazine365\/norwegian-unira-en-invierno-gran-canaria-con-malaga-barcelona-y-madrid-desde-2430-euros\/#organizationLogo"}},{"@type":"Person","@id":"https:\/\/eldigitaldeasturias.com\/magazine365\/author\/admin\/#author","url":"https:\/\/eldigitaldeasturias.com\/magazine365\/author\/admin\/","name":"admin","image":{"@type":"ImageObject","@id":"https:\/\/eldigitaldeasturias.com\/magazine365\/norwegian-unira-en-invierno-gran-canaria-con-malaga-barcelona-y-madrid-desde-2430-euros\/#authorImage","url":"https:\/\/eldigitaldeasturias.com\/magazine365\/wp-content\/litespeed\/avatar\/e571bcf59a0edd6fa6838245a470f2fe.jpg?ver=1777574230","width":96,"height":96,"caption":"admin"}},{"@type":"WebPage","@id":"https:\/\/eldigitaldeasturias.com\/magazine365\/norwegian-unira-en-invierno-gran-canaria-con-malaga-barcelona-y-madrid-desde-2430-euros\/#webpage","url":"https:\/\/eldigitaldeasturias.com\/magazine365\/norwegian-unira-en-invierno-gran-canaria-con-malaga-barcelona-y-madrid-desde-2430-euros\/","name":"Norwegian unir\u00e1 en invierno Gran Canaria con M\u00e1laga, Barcelona y Madrid desde 24,30 euros | El Digital de Asturias","description":"La compa\u00f1\u00eda de bajo coste Norwegian unir\u00e1 durante la temporada de invierno la isla de Gran Canaria con M\u00e1laga, Barcelona y Madrid desde 24,30 euros por trayecto --ya con descuento de residente incluido--. As\u00ed lo pusieron de manifiesto este mi\u00e9rcoles la presidenta del Patronato de Turismo, In\u00e9s Jim\u00e9nez, y el responsable de comunicaci\u00f3n en Espa\u00f1a","inLanguage":"es-ES","isPartOf":{"@id":"https:\/\/eldigitaldeasturias.com\/magazine365\/#website"},"breadcrumb":{"@id":"https:\/\/eldigitaldeasturias.com\/magazine365\/norwegian-unira-en-invierno-gran-canaria-con-malaga-barcelona-y-madrid-desde-2430-euros\/#breadcrumblist"},"author":{"@id":"https:\/\/eldigitaldeasturias.com\/magazine365\/author\/admin\/#author"},"creator":{"@id":"https:\/\/eldigitaldeasturias.com\/magazine365\/author\/admin\/#author"},"image":{"@type":"ImageObject","url":"https:\/\/eldigitaldeasturias.com\/magazine365\/wp-content\/uploads\/2015\/07\/fotonoticia_20150715122724_800.jpg","@id":"https:\/\/eldigitaldeasturias.com\/magazine365\/norwegian-unira-en-invierno-gran-canaria-con-malaga-barcelona-y-madrid-desde-2430-euros\/#mainImage","width":800,"height":600},"primaryImageOfPage":{"@id":"https:\/\/eldigitaldeasturias.com\/magazine365\/norwegian-unira-en-invierno-gran-canaria-con-malaga-barcelona-y-madrid-desde-2430-euros\/#mainImage"},"datePublished":"2015-07-16T04:38:20+02:00","dateModified":"2015-07-16T04:38:20+02:00"},{"@type":"WebSite","@id":"https:\/\/eldigitaldeasturias.com\/magazine365\/#website","url":"https:\/\/eldigitaldeasturias.com\/magazine365\/","name":"El Digital de Asturias","description":"Revista de ocio, turismo y estilo de vida","inLanguage":"es-ES","publisher":{"@id":"https:\/\/eldigitaldeasturias.com\/magazine365\/#organization"}}]},"og:locale":"es_ES","og:site_name":"El Digital de Asturias \u2013 Revista de ocio, turismo y estilo de vida","og:type":"article","og:title":"Norwegian unir\u00e1 en invierno Gran Canaria con M\u00e1laga, Barcelona y Madrid desde 24,30 euros | El Digital de Asturias","og:description":"La compa\u00f1\u00eda de bajo coste Norwegian unir\u00e1 durante la temporada de invierno la isla de Gran Canaria con M\u00e1laga, Barcelona y Madrid desde 24,30 euros por trayecto --ya con descuento de residente incluido--. As\u00ed lo pusieron de manifiesto este mi\u00e9rcoles la presidenta del Patronato de Turismo, In\u00e9s Jim\u00e9nez, y el responsable de comunicaci\u00f3n en Espa\u00f1a","og:url":"https:\/\/eldigitaldeasturias.com\/magazine365\/norwegian-unira-en-invierno-gran-canaria-con-malaga-barcelona-y-madrid-desde-2430-euros\/","og:image":"https:\/\/eldigitaldeasturias.com\/magazine365\/wp-content\/uploads\/2015\/07\/fotonoticia_20150715122724_800.jpg","og:image:secure_url":"https:\/\/eldigitaldeasturias.com\/magazine365\/wp-content\/uploads\/2015\/07\/fotonoticia_20150715122724_800.jpg","og:image:width":800,"og:image:height":600,"article:published_time":"2015-07-16T02:38:20+00:00","article:modified_time":"2015-07-16T02:38:20+00:00","twitter:card":"summary_large_image","twitter:title":"Norwegian unir\u00e1 en invierno Gran Canaria con M\u00e1laga, Barcelona y Madrid desde 24,30 euros | El Digital de Asturias","twitter:description":"La compa\u00f1\u00eda de bajo coste Norwegian unir\u00e1 durante la temporada de invierno la isla de Gran Canaria con M\u00e1laga, Barcelona y Madrid desde 24,30 euros por trayecto --ya con descuento de residente incluido--. As\u00ed lo pusieron de manifiesto este mi\u00e9rcoles la presidenta del Patronato de Turismo, In\u00e9s Jim\u00e9nez, y el responsable de comunicaci\u00f3n en Espa\u00f1a","twitter:image":"https:\/\/eldigitaldeasturias.com\/magazine365\/wp-content\/uploads\/2015\/07\/fotonoticia_20150715122724_800.jpg"},"aioseo_meta_data":{"post_id":"42766","title":null,"description":null,"keywords":null,"keyphrases":null,"primary_term":null,"canonical_url":null,"og_title":null,"og_description":null,"og_object_type":"default","og_image_type":"default","og_image_url":null,"og_image_width":null,"og_image_height":null,"og_image_custom_url":null,"og_image_custom_fields":null,"og_video":null,"og_custom_url":null,"og_article_section":null,"og_article_tags":null,"twitter_use_og":false,"twitter_card":"default","twitter_image_type":"default","twitter_image_url":null,"twitter_image_custom_url":null,"twitter_image_custom_fields":null,"twitter_title":null,"twitter_description":null,"schema":{"blockGraphs":[],"customGraphs":[],"default":{"data":{"Article":[],"Course":[],"Dataset":[],"FAQPage":[],"Movie":[],"Person":[],"Product":[],"ProductReview":[],"Car":[],"Recipe":[],"Service":[],"SoftwareApplication":[],"WebPage":[]},"graphName":"","isEnabled":true},"graphs":[],"defaultGraph":"","defaultPostTypeGraph":""},"schema_type":null,"schema_type_options":null,"pillar_content":false,"robots_default":true,"robots_noindex":false,"robots_noarchive":false,"robots_nosnippet":false,"robots_nofollow":false,"robots_noimageindex":false,"robots_noodp":false,"robots_notranslate":false,"robots_max_snippet":null,"robots_max_videopreview":null,"robots_max_imagepreview":"large","priority":null,"frequency":null,"location":null,"local_seo":null,"seo_analyzer_scan_date":"2025-09-19 18:27:18","breadcrumb_settings":null,"limit_modified_date":false,"open_ai":null,"ai":null,"created":"2021-03-09 01:56:40","updated":"2025-09-19 18:27:18"},"aioseo_breadcrumb":"<div class=\"aioseo-breadcrumbs\"><span class=\"aioseo-breadcrumb\">\n\t<a href=\"https:\/\/eldigitaldeasturias.com\/magazine365\" title=\"Home\">Home<\/a>\n<\/span><span class=\"aioseo-breadcrumb-separator\">\u2013<\/span><span class=\"aioseo-breadcrumb\">\n\t<a href=\"https:\/\/eldigitaldeasturias.com\/magazine365\/category\/actualidad-turismo\/\" title=\"Actualidad Turismo\">Actualidad Turismo<\/a>\n<\/span><span class=\"aioseo-breadcrumb-separator\">\u2013<\/span><span class=\"aioseo-breadcrumb\">\n\t<a href=\"https:\/\/eldigitaldeasturias.com\/magazine365\/norwegian-unira-en-invierno-gran-canaria-con-malaga-barcelona-y-madrid-desde-2430-euros\/\" title=\"Norwegian unir\u00e1 en invierno Gran Canaria con M\u00e1laga, Barcelona y Madrid desde 24,30 euros\">Norwegian unir\u00e1 en invierno Gran Canaria con M\u00e1laga, Barcelona y Madrid desde 24,30 euros<\/a>\n<\/span><\/div>","aioseo_breadcrumb_json":[{"label":"Home","link":"https:\/\/eldigitaldeasturias.com\/magazine365"},{"label":"Actualidad Turismo","link":"https:\/\/eldigitaldeasturias.com\/magazine365\/category\/actualidad-turismo\/"},{"label":"Norwegian unir\u00e1 en invierno Gran Canaria con M\u00e1laga, Barcelona y Madrid desde 24,30 euros","link":"https:\/\/eldigitaldeasturias.com\/magazine365\/norwegian-unira-en-invierno-gran-canaria-con-malaga-barcelona-y-madrid-desde-2430-euros\/"}],"_links":{"self":[{"href":"https:\/\/eldigitaldeasturias.com\/magazine365\/wp-json\/wp\/v2\/posts\/42766","targetHints":{"allow":["GET"]}}],"collection":[{"href":"https:\/\/eldigitaldeasturias.com\/magazine365\/wp-json\/wp\/v2\/posts"}],"about":[{"href":"https:\/\/eldigitaldeasturias.com\/magazine365\/wp-json\/wp\/v2\/types\/post"}],"author":[{"embeddable":true,"href":"https:\/\/eldigitaldeasturias.com\/magazine365\/wp-json\/wp\/v2\/users\/1"}],"replies":[{"embeddable":true,"href":"https:\/\/eldigitaldeasturias.com\/magazine365\/wp-json\/wp\/v2\/comments?post=42766"}],"version-history":[{"count":0,"href":"https:\/\/eldigitaldeasturias.com\/magazine365\/wp-json\/wp\/v2\/posts\/42766\/revisions"}],"wp:featuredmedia":[{"embeddable":true,"href":"https:\/\/eldigitaldeasturias.com\/magazine365\/wp-json\/wp\/v2\/media\/42767"}],"wp:attachment":[{"href":"https:\/\/eldigitaldeasturias.com\/magazine365\/wp-json\/wp\/v2\/media?parent=42766"}],"wp:term":[{"taxonomy":"category","embeddable":true,"href":"https:\/\/eldigitaldeasturias.com\/magazine365\/wp-json\/wp\/v2\/categories?post=42766"},{"taxonomy":"post_tag","embeddable":true,"href":"https:\/\/eldigitaldeasturias.com\/magazine365\/wp-json\/wp\/v2\/tags?post=42766"}],"curies":[{"name":"wp","href":"https:\/\/api.w.org\/{rel}","templated":true}]}}