{"id":42760,"date":"2015-07-16T04:34:04","date_gmt":"2015-07-16T02:34:04","guid":{"rendered":"http:\/\/eldigitaldeasturias.com\/magazine365\/?p=42760"},"modified":"2015-07-16T04:34:04","modified_gmt":"2015-07-16T02:34:04","slug":"el-grupo-iberia-cambiara-los-horarios-de-invierno-y-mejorara-la-conectividad-con-malaga","status":"publish","type":"post","link":"https:\/\/eldigitaldeasturias.com\/magazine365\/el-grupo-iberia-cambiara-los-horarios-de-invierno-y-mejorara-la-conectividad-con-malaga\/","title":{"rendered":"El Grupo Iberia cambiar\u00e1 los horarios de invierno y mejorar\u00e1 la conectividad con M\u00e1laga"},"content":{"rendered":"<p><img fetchpriority=\"high\" decoding=\"async\" class=\"alignleft size-medium wp-image-42761\" src=\"https:\/\/eldigitaldeasturias.com\/magazine365\/wp-content\/uploads\/2015\/07\/fotonoticia_20150715113534_800-360x239.jpg\" alt=\"fotonoticia_20150715113534_800\" width=\"360\" height=\"239\" srcset=\"https:\/\/eldigitaldeasturias.com\/magazine365\/wp-content\/uploads\/2015\/07\/fotonoticia_20150715113534_800-360x239.jpg 360w, https:\/\/eldigitaldeasturias.com\/magazine365\/wp-content\/uploads\/2015\/07\/fotonoticia_20150715113534_800-650x432.jpg 650w, https:\/\/eldigitaldeasturias.com\/magazine365\/wp-content\/uploads\/2015\/07\/fotonoticia_20150715113534_800-768x511.jpg 768w, https:\/\/eldigitaldeasturias.com\/magazine365\/wp-content\/uploads\/2015\/07\/fotonoticia_20150715113534_800-150x100.jpg 150w, https:\/\/eldigitaldeasturias.com\/magazine365\/wp-content\/uploads\/2015\/07\/fotonoticia_20150715113534_800-450x299.jpg 450w, https:\/\/eldigitaldeasturias.com\/magazine365\/wp-content\/uploads\/2015\/07\/fotonoticia_20150715113534_800-696x463.jpg 696w, https:\/\/eldigitaldeasturias.com\/magazine365\/wp-content\/uploads\/2015\/07\/fotonoticia_20150715113534_800-632x420.jpg 632w, https:\/\/eldigitaldeasturias.com\/magazine365\/wp-content\/uploads\/2015\/07\/fotonoticia_20150715113534_800-84x55.jpg 84w, https:\/\/eldigitaldeasturias.com\/magazine365\/wp-content\/uploads\/2015\/07\/fotonoticia_20150715113534_800.jpg 800w\" sizes=\"(max-width: 360px) 100vw, 360px\" \/>En la pr\u00f3xima temporada de invierno Iberia mejora los horarios de sus vuelos con M\u00e1laga, y la conectividad de la ciudad con toda su red de destinos en Europa.<\/p>\n<p>Seg\u00fan ha informado la compa\u00f1\u00eda en una nota, a partir del 25 de octubre, fecha en que realiza el cambio de temporada, el Grupo Iberia operar\u00e1 tres vuelos por sentido en la ruta M\u00e1laga-Madrid-M\u00e1laga con salidas a las 06,40, las 12,40 y las 19,40 y, en todos los casos, con periodicidad diaria.<\/p>\n<p>As\u00ed, el primer vuelo de la ma\u00f1ana, a las 06,40 horas, permitir\u00e1 las conexiones con 24 destinos en Am\u00e9rica, y otros m\u00e1s de 50 en Europa como, por ejemplo, Dusseldorf, Frankfurt, Munich, Berl\u00edn, Viena, Bruselas, Lyon, Par\u00eds, Marsella, Niza, Atenas, \u00c1msterdam, Dubl\u00edn, Mil\u00e1n, Roma, Bolonia, Tur\u00edn, Venecia, Lisboa, Estocolmo, Ginebra, Zurich o Estambul, entre otros.<\/p>\n<p>Adem\u00e1s, este vuelo permite aprovechar a\u00fan m\u00e1s la jornada en Madrid a los clientes que viajen entre ambas ciudades en el mismo d\u00eda.<\/p>\n<p>El vuelo de las 19,40 horas de M\u00e1laga a Madrid, operado por Iberia Express, ofrece tambi\u00e9n buenas conexiones con los vuelos nocturnos de Iberia hacia destinos de largo radio como M\u00e9xico, Sao Paulo, Buenos Aires, Santiago de Chile o Montevideo.<\/p>\n<p>En el sentido Madrid-M\u00e1laga, los horarios de los vuelos en invierno ser\u00e1n a las 10,50, a las 17,55 y a las 22,10 horas.<\/p>\n<p>El primero de ellos permite recoger a todos los clientes provenientes de los vuelos de largo radio, que llegan a la T4 del aeropuerto de Madrid a primera hora de la ma\u00f1ana; mientras que el \u00faltimo del d\u00eda, que pernoctar\u00e1 en el aeropuerto andaluz, facilita todas las conexiones en el regreso hacia M\u00e1laga desde cualquiera de los m\u00e1s de 50 destinos de la red de Iberia en Europa.<\/p>\n","protected":false},"excerpt":{"rendered":"<p>En la pr\u00f3xima temporada de invierno Iberia mejora los horarios de sus vuelos con M\u00e1laga, y la conectividad de la ciudad con toda su red de destinos en Europa. Seg\u00fan ha informado la compa\u00f1\u00eda en una nota, a partir del 25 de octubre, fecha en que realiza el cambio de temporada, el Grupo Iberia operar\u00e1<\/p>\n","protected":false},"author":1,"featured_media":42761,"comment_status":"open","ping_status":"closed","sticky":false,"template":"","format":"standard","meta":{"footnotes":""},"categories":[222],"tags":[],"class_list":{"0":"post-42760","1":"post","2":"type-post","3":"status-publish","4":"format-standard","5":"has-post-thumbnail","7":"category-actualidad-turismo"},"aioseo_notices":[],"aioseo_head":"\n\t\t<!-- All in One SEO Pro 4.9.6.1 - aioseo.com -->\n\t<meta name=\"description\" content=\"En la pr\u00f3xima temporada de invierno Iberia mejora los horarios de sus vuelos con M\u00e1laga, y la conectividad de la ciudad con toda su red de destinos en Europa. Seg\u00fan ha informado la compa\u00f1\u00eda en una nota, a partir del 25 de octubre, fecha en que realiza el cambio de temporada, el Grupo Iberia operar\u00e1\" \/>\n\t<meta name=\"robots\" content=\"max-image-preview:large\" \/>\n\t<meta name=\"author\" content=\"admin\"\/>\n\t<meta name=\"google-site-verification\" content=\"UA-38556648-1\" \/>\n\t<meta name=\"keywords\" content=\"actualidad turismo\" \/>\n\t<link rel=\"canonical\" href=\"https:\/\/eldigitaldeasturias.com\/magazine365\/el-grupo-iberia-cambiara-los-horarios-de-invierno-y-mejorara-la-conectividad-con-malaga\/\" \/>\n\t<meta name=\"generator\" content=\"All in One SEO Pro (AIOSEO) 4.9.6.1\" \/>\n\t\t<meta property=\"og:locale\" content=\"es_ES\" \/>\n\t\t<meta property=\"og:site_name\" content=\"El Digital de Asturias \u2013 Revista de ocio, turismo y estilo de vida\" \/>\n\t\t<meta property=\"og:type\" content=\"article\" \/>\n\t\t<meta property=\"og:title\" content=\"El Grupo Iberia cambiar\u00e1 los horarios de invierno y mejorar\u00e1 la conectividad con M\u00e1laga | El Digital de Asturias\" \/>\n\t\t<meta property=\"og:description\" content=\"En la pr\u00f3xima temporada de invierno Iberia mejora los horarios de sus vuelos con M\u00e1laga, y la conectividad de la ciudad con toda su red de destinos en Europa. Seg\u00fan ha informado la compa\u00f1\u00eda en una nota, a partir del 25 de octubre, fecha en que realiza el cambio de temporada, el Grupo Iberia operar\u00e1\" \/>\n\t\t<meta property=\"og:url\" content=\"https:\/\/eldigitaldeasturias.com\/magazine365\/el-grupo-iberia-cambiara-los-horarios-de-invierno-y-mejorara-la-conectividad-con-malaga\/\" \/>\n\t\t<meta property=\"og:image\" content=\"https:\/\/eldigitaldeasturias.com\/magazine365\/wp-content\/uploads\/2015\/07\/fotonoticia_20150715113534_800.jpg\" \/>\n\t\t<meta property=\"og:image:secure_url\" content=\"https:\/\/eldigitaldeasturias.com\/magazine365\/wp-content\/uploads\/2015\/07\/fotonoticia_20150715113534_800.jpg\" \/>\n\t\t<meta property=\"og:image:width\" content=\"800\" \/>\n\t\t<meta property=\"og:image:height\" content=\"532\" \/>\n\t\t<meta property=\"article:published_time\" content=\"2015-07-16T02:34:04+00:00\" \/>\n\t\t<meta property=\"article:modified_time\" content=\"2015-07-16T02:34:04+00:00\" \/>\n\t\t<meta name=\"twitter:card\" content=\"summary_large_image\" \/>\n\t\t<meta name=\"twitter:title\" content=\"El Grupo Iberia cambiar\u00e1 los horarios de invierno y mejorar\u00e1 la conectividad con M\u00e1laga | El Digital de Asturias\" \/>\n\t\t<meta name=\"twitter:description\" content=\"En la pr\u00f3xima temporada de invierno Iberia mejora los horarios de sus vuelos con M\u00e1laga, y la conectividad de la ciudad con toda su red de destinos en Europa. Seg\u00fan ha informado la compa\u00f1\u00eda en una nota, a partir del 25 de octubre, fecha en que realiza el cambio de temporada, el Grupo Iberia operar\u00e1\" \/>\n\t\t<meta name=\"twitter:image\" content=\"https:\/\/eldigitaldeasturias.com\/magazine365\/wp-content\/uploads\/2015\/07\/fotonoticia_20150715113534_800.jpg\" \/>\n\t\t<script type=\"application\/ld+json\" class=\"aioseo-schema\">\n\t\t\t{\"@context\":\"https:\\\/\\\/schema.org\",\"@graph\":[{\"@type\":\"Article\",\"@id\":\"https:\\\/\\\/eldigitaldeasturias.com\\\/magazine365\\\/el-grupo-iberia-cambiara-los-horarios-de-invierno-y-mejorara-la-conectividad-con-malaga\\\/#article\",\"name\":\"El Grupo Iberia cambiar\\u00e1 los horarios de invierno y mejorar\\u00e1 la conectividad con M\\u00e1laga | El Digital de Asturias\",\"headline\":\"El Grupo Iberia cambiar\\u00e1 los horarios de invierno y mejorar\\u00e1 la conectividad con M\\u00e1laga\",\"author\":{\"@id\":\"https:\\\/\\\/eldigitaldeasturias.com\\\/magazine365\\\/author\\\/admin\\\/#author\"},\"publisher\":{\"@id\":\"https:\\\/\\\/eldigitaldeasturias.com\\\/magazine365\\\/#organization\"},\"image\":{\"@type\":\"ImageObject\",\"url\":\"https:\\\/\\\/eldigitaldeasturias.com\\\/magazine365\\\/wp-content\\\/uploads\\\/2015\\\/07\\\/fotonoticia_20150715113534_800.jpg\",\"width\":800,\"height\":532},\"datePublished\":\"2015-07-16T04:34:04+02:00\",\"dateModified\":\"2015-07-16T04:34:04+02:00\",\"inLanguage\":\"es-ES\",\"mainEntityOfPage\":{\"@id\":\"https:\\\/\\\/eldigitaldeasturias.com\\\/magazine365\\\/el-grupo-iberia-cambiara-los-horarios-de-invierno-y-mejorara-la-conectividad-con-malaga\\\/#webpage\"},\"isPartOf\":{\"@id\":\"https:\\\/\\\/eldigitaldeasturias.com\\\/magazine365\\\/el-grupo-iberia-cambiara-los-horarios-de-invierno-y-mejorara-la-conectividad-con-malaga\\\/#webpage\"},\"articleSection\":\"Actualidad Turismo\"},{\"@type\":\"BreadcrumbList\",\"@id\":\"https:\\\/\\\/eldigitaldeasturias.com\\\/magazine365\\\/el-grupo-iberia-cambiara-los-horarios-de-invierno-y-mejorara-la-conectividad-con-malaga\\\/#breadcrumblist\",\"itemListElement\":[{\"@type\":\"ListItem\",\"@id\":\"https:\\\/\\\/eldigitaldeasturias.com\\\/magazine365#listItem\",\"position\":1,\"name\":\"Home\",\"item\":\"https:\\\/\\\/eldigitaldeasturias.com\\\/magazine365\",\"nextItem\":{\"@type\":\"ListItem\",\"@id\":\"https:\\\/\\\/eldigitaldeasturias.com\\\/magazine365\\\/category\\\/actualidad-turismo\\\/#listItem\",\"name\":\"Actualidad Turismo\"}},{\"@type\":\"ListItem\",\"@id\":\"https:\\\/\\\/eldigitaldeasturias.com\\\/magazine365\\\/category\\\/actualidad-turismo\\\/#listItem\",\"position\":2,\"name\":\"Actualidad Turismo\",\"item\":\"https:\\\/\\\/eldigitaldeasturias.com\\\/magazine365\\\/category\\\/actualidad-turismo\\\/\",\"nextItem\":{\"@type\":\"ListItem\",\"@id\":\"https:\\\/\\\/eldigitaldeasturias.com\\\/magazine365\\\/el-grupo-iberia-cambiara-los-horarios-de-invierno-y-mejorara-la-conectividad-con-malaga\\\/#listItem\",\"name\":\"El Grupo Iberia cambiar\\u00e1 los horarios de invierno y mejorar\\u00e1 la conectividad con M\\u00e1laga\"},\"previousItem\":{\"@type\":\"ListItem\",\"@id\":\"https:\\\/\\\/eldigitaldeasturias.com\\\/magazine365#listItem\",\"name\":\"Home\"}},{\"@type\":\"ListItem\",\"@id\":\"https:\\\/\\\/eldigitaldeasturias.com\\\/magazine365\\\/el-grupo-iberia-cambiara-los-horarios-de-invierno-y-mejorara-la-conectividad-con-malaga\\\/#listItem\",\"position\":3,\"name\":\"El Grupo Iberia cambiar\\u00e1 los horarios de invierno y mejorar\\u00e1 la conectividad con M\\u00e1laga\",\"previousItem\":{\"@type\":\"ListItem\",\"@id\":\"https:\\\/\\\/eldigitaldeasturias.com\\\/magazine365\\\/category\\\/actualidad-turismo\\\/#listItem\",\"name\":\"Actualidad Turismo\"}}]},{\"@type\":\"Organization\",\"@id\":\"https:\\\/\\\/eldigitaldeasturias.com\\\/magazine365\\\/#organization\",\"name\":\"El digital de Asturias\",\"description\":\"Revista de ocio, turismo y estilo de vida\",\"url\":\"https:\\\/\\\/eldigitaldeasturias.com\\\/magazine365\\\/\",\"logo\":{\"@type\":\"ImageObject\",\"url\":\"https:\\\/\\\/www.eldigitaldeasturias.com\\\/noticias\\\/wp-content\\\/uploads\\\/2020\\\/12\\\/EDA.jpg\",\"@id\":\"https:\\\/\\\/eldigitaldeasturias.com\\\/magazine365\\\/el-grupo-iberia-cambiara-los-horarios-de-invierno-y-mejorara-la-conectividad-con-malaga\\\/#organizationLogo\"},\"image\":{\"@id\":\"https:\\\/\\\/eldigitaldeasturias.com\\\/magazine365\\\/el-grupo-iberia-cambiara-los-horarios-de-invierno-y-mejorara-la-conectividad-con-malaga\\\/#organizationLogo\"}},{\"@type\":\"Person\",\"@id\":\"https:\\\/\\\/eldigitaldeasturias.com\\\/magazine365\\\/author\\\/admin\\\/#author\",\"url\":\"https:\\\/\\\/eldigitaldeasturias.com\\\/magazine365\\\/author\\\/admin\\\/\",\"name\":\"admin\",\"image\":{\"@type\":\"ImageObject\",\"@id\":\"https:\\\/\\\/eldigitaldeasturias.com\\\/magazine365\\\/el-grupo-iberia-cambiara-los-horarios-de-invierno-y-mejorara-la-conectividad-con-malaga\\\/#authorImage\",\"url\":\"https:\\\/\\\/eldigitaldeasturias.com\\\/magazine365\\\/wp-content\\\/litespeed\\\/avatar\\\/e571bcf59a0edd6fa6838245a470f2fe.jpg?ver=1777574230\",\"width\":96,\"height\":96,\"caption\":\"admin\"}},{\"@type\":\"WebPage\",\"@id\":\"https:\\\/\\\/eldigitaldeasturias.com\\\/magazine365\\\/el-grupo-iberia-cambiara-los-horarios-de-invierno-y-mejorara-la-conectividad-con-malaga\\\/#webpage\",\"url\":\"https:\\\/\\\/eldigitaldeasturias.com\\\/magazine365\\\/el-grupo-iberia-cambiara-los-horarios-de-invierno-y-mejorara-la-conectividad-con-malaga\\\/\",\"name\":\"El Grupo Iberia cambiar\\u00e1 los horarios de invierno y mejorar\\u00e1 la conectividad con M\\u00e1laga | El Digital de Asturias\",\"description\":\"En la pr\\u00f3xima temporada de invierno Iberia mejora los horarios de sus vuelos con M\\u00e1laga, y la conectividad de la ciudad con toda su red de destinos en Europa. Seg\\u00fan ha informado la compa\\u00f1\\u00eda en una nota, a partir del 25 de octubre, fecha en que realiza el cambio de temporada, el Grupo Iberia operar\\u00e1\",\"inLanguage\":\"es-ES\",\"isPartOf\":{\"@id\":\"https:\\\/\\\/eldigitaldeasturias.com\\\/magazine365\\\/#website\"},\"breadcrumb\":{\"@id\":\"https:\\\/\\\/eldigitaldeasturias.com\\\/magazine365\\\/el-grupo-iberia-cambiara-los-horarios-de-invierno-y-mejorara-la-conectividad-con-malaga\\\/#breadcrumblist\"},\"author\":{\"@id\":\"https:\\\/\\\/eldigitaldeasturias.com\\\/magazine365\\\/author\\\/admin\\\/#author\"},\"creator\":{\"@id\":\"https:\\\/\\\/eldigitaldeasturias.com\\\/magazine365\\\/author\\\/admin\\\/#author\"},\"image\":{\"@type\":\"ImageObject\",\"url\":\"https:\\\/\\\/eldigitaldeasturias.com\\\/magazine365\\\/wp-content\\\/uploads\\\/2015\\\/07\\\/fotonoticia_20150715113534_800.jpg\",\"@id\":\"https:\\\/\\\/eldigitaldeasturias.com\\\/magazine365\\\/el-grupo-iberia-cambiara-los-horarios-de-invierno-y-mejorara-la-conectividad-con-malaga\\\/#mainImage\",\"width\":800,\"height\":532},\"primaryImageOfPage\":{\"@id\":\"https:\\\/\\\/eldigitaldeasturias.com\\\/magazine365\\\/el-grupo-iberia-cambiara-los-horarios-de-invierno-y-mejorara-la-conectividad-con-malaga\\\/#mainImage\"},\"datePublished\":\"2015-07-16T04:34:04+02:00\",\"dateModified\":\"2015-07-16T04:34:04+02:00\"},{\"@type\":\"WebSite\",\"@id\":\"https:\\\/\\\/eldigitaldeasturias.com\\\/magazine365\\\/#website\",\"url\":\"https:\\\/\\\/eldigitaldeasturias.com\\\/magazine365\\\/\",\"name\":\"El Digital de Asturias\",\"description\":\"Revista de ocio, turismo y estilo de vida\",\"inLanguage\":\"es-ES\",\"publisher\":{\"@id\":\"https:\\\/\\\/eldigitaldeasturias.com\\\/magazine365\\\/#organization\"}}]}\n\t\t<\/script>\n\t\t<!-- All in One SEO Pro -->\r\n\t\t<title>El Grupo Iberia cambiar\u00e1 los horarios de invierno y mejorar\u00e1 la conectividad con M\u00e1laga | El Digital de Asturias<\/title>\n\n","aioseo_head_json":{"title":"El Grupo Iberia cambiar\u00e1 los horarios de invierno y mejorar\u00e1 la conectividad con M\u00e1laga | El Digital de Asturias","description":"En la pr\u00f3xima temporada de invierno Iberia mejora los horarios de sus vuelos con M\u00e1laga, y la conectividad de la ciudad con toda su red de destinos en Europa. Seg\u00fan ha informado la compa\u00f1\u00eda en una nota, a partir del 25 de octubre, fecha en que realiza el cambio de temporada, el Grupo Iberia operar\u00e1","canonical_url":"https:\/\/eldigitaldeasturias.com\/magazine365\/el-grupo-iberia-cambiara-los-horarios-de-invierno-y-mejorara-la-conectividad-con-malaga\/","robots":"max-image-preview:large","keywords":"actualidad turismo","webmasterTools":{"google-site-verification":"UA-38556648-1","miscellaneous":""},"schema":{"@context":"https:\/\/schema.org","@graph":[{"@type":"Article","@id":"https:\/\/eldigitaldeasturias.com\/magazine365\/el-grupo-iberia-cambiara-los-horarios-de-invierno-y-mejorara-la-conectividad-con-malaga\/#article","name":"El Grupo Iberia cambiar\u00e1 los horarios de invierno y mejorar\u00e1 la conectividad con M\u00e1laga | El Digital de Asturias","headline":"El Grupo Iberia cambiar\u00e1 los horarios de invierno y mejorar\u00e1 la conectividad con M\u00e1laga","author":{"@id":"https:\/\/eldigitaldeasturias.com\/magazine365\/author\/admin\/#author"},"publisher":{"@id":"https:\/\/eldigitaldeasturias.com\/magazine365\/#organization"},"image":{"@type":"ImageObject","url":"https:\/\/eldigitaldeasturias.com\/magazine365\/wp-content\/uploads\/2015\/07\/fotonoticia_20150715113534_800.jpg","width":800,"height":532},"datePublished":"2015-07-16T04:34:04+02:00","dateModified":"2015-07-16T04:34:04+02:00","inLanguage":"es-ES","mainEntityOfPage":{"@id":"https:\/\/eldigitaldeasturias.com\/magazine365\/el-grupo-iberia-cambiara-los-horarios-de-invierno-y-mejorara-la-conectividad-con-malaga\/#webpage"},"isPartOf":{"@id":"https:\/\/eldigitaldeasturias.com\/magazine365\/el-grupo-iberia-cambiara-los-horarios-de-invierno-y-mejorara-la-conectividad-con-malaga\/#webpage"},"articleSection":"Actualidad Turismo"},{"@type":"BreadcrumbList","@id":"https:\/\/eldigitaldeasturias.com\/magazine365\/el-grupo-iberia-cambiara-los-horarios-de-invierno-y-mejorara-la-conectividad-con-malaga\/#breadcrumblist","itemListElement":[{"@type":"ListItem","@id":"https:\/\/eldigitaldeasturias.com\/magazine365#listItem","position":1,"name":"Home","item":"https:\/\/eldigitaldeasturias.com\/magazine365","nextItem":{"@type":"ListItem","@id":"https:\/\/eldigitaldeasturias.com\/magazine365\/category\/actualidad-turismo\/#listItem","name":"Actualidad Turismo"}},{"@type":"ListItem","@id":"https:\/\/eldigitaldeasturias.com\/magazine365\/category\/actualidad-turismo\/#listItem","position":2,"name":"Actualidad Turismo","item":"https:\/\/eldigitaldeasturias.com\/magazine365\/category\/actualidad-turismo\/","nextItem":{"@type":"ListItem","@id":"https:\/\/eldigitaldeasturias.com\/magazine365\/el-grupo-iberia-cambiara-los-horarios-de-invierno-y-mejorara-la-conectividad-con-malaga\/#listItem","name":"El Grupo Iberia cambiar\u00e1 los horarios de invierno y mejorar\u00e1 la conectividad con M\u00e1laga"},"previousItem":{"@type":"ListItem","@id":"https:\/\/eldigitaldeasturias.com\/magazine365#listItem","name":"Home"}},{"@type":"ListItem","@id":"https:\/\/eldigitaldeasturias.com\/magazine365\/el-grupo-iberia-cambiara-los-horarios-de-invierno-y-mejorara-la-conectividad-con-malaga\/#listItem","position":3,"name":"El Grupo Iberia cambiar\u00e1 los horarios de invierno y mejorar\u00e1 la conectividad con M\u00e1laga","previousItem":{"@type":"ListItem","@id":"https:\/\/eldigitaldeasturias.com\/magazine365\/category\/actualidad-turismo\/#listItem","name":"Actualidad Turismo"}}]},{"@type":"Organization","@id":"https:\/\/eldigitaldeasturias.com\/magazine365\/#organization","name":"El digital de Asturias","description":"Revista de ocio, turismo y estilo de vida","url":"https:\/\/eldigitaldeasturias.com\/magazine365\/","logo":{"@type":"ImageObject","url":"https:\/\/www.eldigitaldeasturias.com\/noticias\/wp-content\/uploads\/2020\/12\/EDA.jpg","@id":"https:\/\/eldigitaldeasturias.com\/magazine365\/el-grupo-iberia-cambiara-los-horarios-de-invierno-y-mejorara-la-conectividad-con-malaga\/#organizationLogo"},"image":{"@id":"https:\/\/eldigitaldeasturias.com\/magazine365\/el-grupo-iberia-cambiara-los-horarios-de-invierno-y-mejorara-la-conectividad-con-malaga\/#organizationLogo"}},{"@type":"Person","@id":"https:\/\/eldigitaldeasturias.com\/magazine365\/author\/admin\/#author","url":"https:\/\/eldigitaldeasturias.com\/magazine365\/author\/admin\/","name":"admin","image":{"@type":"ImageObject","@id":"https:\/\/eldigitaldeasturias.com\/magazine365\/el-grupo-iberia-cambiara-los-horarios-de-invierno-y-mejorara-la-conectividad-con-malaga\/#authorImage","url":"https:\/\/eldigitaldeasturias.com\/magazine365\/wp-content\/litespeed\/avatar\/e571bcf59a0edd6fa6838245a470f2fe.jpg?ver=1777574230","width":96,"height":96,"caption":"admin"}},{"@type":"WebPage","@id":"https:\/\/eldigitaldeasturias.com\/magazine365\/el-grupo-iberia-cambiara-los-horarios-de-invierno-y-mejorara-la-conectividad-con-malaga\/#webpage","url":"https:\/\/eldigitaldeasturias.com\/magazine365\/el-grupo-iberia-cambiara-los-horarios-de-invierno-y-mejorara-la-conectividad-con-malaga\/","name":"El Grupo Iberia cambiar\u00e1 los horarios de invierno y mejorar\u00e1 la conectividad con M\u00e1laga | El Digital de Asturias","description":"En la pr\u00f3xima temporada de invierno Iberia mejora los horarios de sus vuelos con M\u00e1laga, y la conectividad de la ciudad con toda su red de destinos en Europa. Seg\u00fan ha informado la compa\u00f1\u00eda en una nota, a partir del 25 de octubre, fecha en que realiza el cambio de temporada, el Grupo Iberia operar\u00e1","inLanguage":"es-ES","isPartOf":{"@id":"https:\/\/eldigitaldeasturias.com\/magazine365\/#website"},"breadcrumb":{"@id":"https:\/\/eldigitaldeasturias.com\/magazine365\/el-grupo-iberia-cambiara-los-horarios-de-invierno-y-mejorara-la-conectividad-con-malaga\/#breadcrumblist"},"author":{"@id":"https:\/\/eldigitaldeasturias.com\/magazine365\/author\/admin\/#author"},"creator":{"@id":"https:\/\/eldigitaldeasturias.com\/magazine365\/author\/admin\/#author"},"image":{"@type":"ImageObject","url":"https:\/\/eldigitaldeasturias.com\/magazine365\/wp-content\/uploads\/2015\/07\/fotonoticia_20150715113534_800.jpg","@id":"https:\/\/eldigitaldeasturias.com\/magazine365\/el-grupo-iberia-cambiara-los-horarios-de-invierno-y-mejorara-la-conectividad-con-malaga\/#mainImage","width":800,"height":532},"primaryImageOfPage":{"@id":"https:\/\/eldigitaldeasturias.com\/magazine365\/el-grupo-iberia-cambiara-los-horarios-de-invierno-y-mejorara-la-conectividad-con-malaga\/#mainImage"},"datePublished":"2015-07-16T04:34:04+02:00","dateModified":"2015-07-16T04:34:04+02:00"},{"@type":"WebSite","@id":"https:\/\/eldigitaldeasturias.com\/magazine365\/#website","url":"https:\/\/eldigitaldeasturias.com\/magazine365\/","name":"El Digital de Asturias","description":"Revista de ocio, turismo y estilo de vida","inLanguage":"es-ES","publisher":{"@id":"https:\/\/eldigitaldeasturias.com\/magazine365\/#organization"}}]},"og:locale":"es_ES","og:site_name":"El Digital de Asturias \u2013 Revista de ocio, turismo y estilo de vida","og:type":"article","og:title":"El Grupo Iberia cambiar\u00e1 los horarios de invierno y mejorar\u00e1 la conectividad con M\u00e1laga | El Digital de Asturias","og:description":"En la pr\u00f3xima temporada de invierno Iberia mejora los horarios de sus vuelos con M\u00e1laga, y la conectividad de la ciudad con toda su red de destinos en Europa. Seg\u00fan ha informado la compa\u00f1\u00eda en una nota, a partir del 25 de octubre, fecha en que realiza el cambio de temporada, el Grupo Iberia operar\u00e1","og:url":"https:\/\/eldigitaldeasturias.com\/magazine365\/el-grupo-iberia-cambiara-los-horarios-de-invierno-y-mejorara-la-conectividad-con-malaga\/","og:image":"https:\/\/eldigitaldeasturias.com\/magazine365\/wp-content\/uploads\/2015\/07\/fotonoticia_20150715113534_800.jpg","og:image:secure_url":"https:\/\/eldigitaldeasturias.com\/magazine365\/wp-content\/uploads\/2015\/07\/fotonoticia_20150715113534_800.jpg","og:image:width":800,"og:image:height":532,"article:published_time":"2015-07-16T02:34:04+00:00","article:modified_time":"2015-07-16T02:34:04+00:00","twitter:card":"summary_large_image","twitter:title":"El Grupo Iberia cambiar\u00e1 los horarios de invierno y mejorar\u00e1 la conectividad con M\u00e1laga | El Digital de Asturias","twitter:description":"En la pr\u00f3xima temporada de invierno Iberia mejora los horarios de sus vuelos con M\u00e1laga, y la conectividad de la ciudad con toda su red de destinos en Europa. Seg\u00fan ha informado la compa\u00f1\u00eda en una nota, a partir del 25 de octubre, fecha en que realiza el cambio de temporada, el Grupo Iberia operar\u00e1","twitter:image":"https:\/\/eldigitaldeasturias.com\/magazine365\/wp-content\/uploads\/2015\/07\/fotonoticia_20150715113534_800.jpg"},"aioseo_meta_data":{"post_id":"42760","title":null,"description":null,"keywords":null,"keyphrases":null,"primary_term":null,"canonical_url":null,"og_title":null,"og_description":null,"og_object_type":"default","og_image_type":"default","og_image_url":null,"og_image_width":null,"og_image_height":null,"og_image_custom_url":null,"og_image_custom_fields":null,"og_video":null,"og_custom_url":null,"og_article_section":null,"og_article_tags":null,"twitter_use_og":false,"twitter_card":"default","twitter_image_type":"default","twitter_image_url":null,"twitter_image_custom_url":null,"twitter_image_custom_fields":null,"twitter_title":null,"twitter_description":null,"schema":{"blockGraphs":[],"customGraphs":[],"default":{"data":{"Article":[],"Course":[],"Dataset":[],"FAQPage":[],"Movie":[],"Person":[],"Product":[],"ProductReview":[],"Car":[],"Recipe":[],"Service":[],"SoftwareApplication":[],"WebPage":[]},"graphName":"","isEnabled":true},"graphs":[],"defaultGraph":"","defaultPostTypeGraph":""},"schema_type":null,"schema_type_options":null,"pillar_content":false,"robots_default":true,"robots_noindex":false,"robots_noarchive":false,"robots_nosnippet":false,"robots_nofollow":false,"robots_noimageindex":false,"robots_noodp":false,"robots_notranslate":false,"robots_max_snippet":null,"robots_max_videopreview":null,"robots_max_imagepreview":"large","priority":null,"frequency":null,"location":null,"local_seo":null,"seo_analyzer_scan_date":"2025-09-19 18:25:27","breadcrumb_settings":null,"limit_modified_date":false,"open_ai":null,"ai":null,"created":"2021-03-09 01:56:40","updated":"2025-09-19 18:25:27"},"aioseo_breadcrumb":"<div class=\"aioseo-breadcrumbs\"><span class=\"aioseo-breadcrumb\">\n\t<a href=\"https:\/\/eldigitaldeasturias.com\/magazine365\" title=\"Home\">Home<\/a>\n<\/span><span class=\"aioseo-breadcrumb-separator\">\u2013<\/span><span class=\"aioseo-breadcrumb\">\n\t<a href=\"https:\/\/eldigitaldeasturias.com\/magazine365\/category\/actualidad-turismo\/\" title=\"Actualidad Turismo\">Actualidad Turismo<\/a>\n<\/span><span class=\"aioseo-breadcrumb-separator\">\u2013<\/span><span class=\"aioseo-breadcrumb\">\n\t<a href=\"https:\/\/eldigitaldeasturias.com\/magazine365\/el-grupo-iberia-cambiara-los-horarios-de-invierno-y-mejorara-la-conectividad-con-malaga\/\" title=\"El Grupo Iberia cambiar\u00e1 los horarios de invierno y mejorar\u00e1 la conectividad con M\u00e1laga\">El Grupo Iberia cambiar\u00e1 los horarios de invierno y mejorar\u00e1 la conectividad con M\u00e1laga<\/a>\n<\/span><\/div>","aioseo_breadcrumb_json":[{"label":"Home","link":"https:\/\/eldigitaldeasturias.com\/magazine365"},{"label":"Actualidad Turismo","link":"https:\/\/eldigitaldeasturias.com\/magazine365\/category\/actualidad-turismo\/"},{"label":"El Grupo Iberia cambiar\u00e1 los horarios de invierno y mejorar\u00e1 la conectividad con M\u00e1laga","link":"https:\/\/eldigitaldeasturias.com\/magazine365\/el-grupo-iberia-cambiara-los-horarios-de-invierno-y-mejorara-la-conectividad-con-malaga\/"}],"_links":{"self":[{"href":"https:\/\/eldigitaldeasturias.com\/magazine365\/wp-json\/wp\/v2\/posts\/42760","targetHints":{"allow":["GET"]}}],"collection":[{"href":"https:\/\/eldigitaldeasturias.com\/magazine365\/wp-json\/wp\/v2\/posts"}],"about":[{"href":"https:\/\/eldigitaldeasturias.com\/magazine365\/wp-json\/wp\/v2\/types\/post"}],"author":[{"embeddable":true,"href":"https:\/\/eldigitaldeasturias.com\/magazine365\/wp-json\/wp\/v2\/users\/1"}],"replies":[{"embeddable":true,"href":"https:\/\/eldigitaldeasturias.com\/magazine365\/wp-json\/wp\/v2\/comments?post=42760"}],"version-history":[{"count":0,"href":"https:\/\/eldigitaldeasturias.com\/magazine365\/wp-json\/wp\/v2\/posts\/42760\/revisions"}],"wp:featuredmedia":[{"embeddable":true,"href":"https:\/\/eldigitaldeasturias.com\/magazine365\/wp-json\/wp\/v2\/media\/42761"}],"wp:attachment":[{"href":"https:\/\/eldigitaldeasturias.com\/magazine365\/wp-json\/wp\/v2\/media?parent=42760"}],"wp:term":[{"taxonomy":"category","embeddable":true,"href":"https:\/\/eldigitaldeasturias.com\/magazine365\/wp-json\/wp\/v2\/categories?post=42760"},{"taxonomy":"post_tag","embeddable":true,"href":"https:\/\/eldigitaldeasturias.com\/magazine365\/wp-json\/wp\/v2\/tags?post=42760"}],"curies":[{"name":"wp","href":"https:\/\/api.w.org\/{rel}","templated":true}]}}