{"id":42757,"date":"2015-07-16T04:33:12","date_gmt":"2015-07-16T02:33:12","guid":{"rendered":"http:\/\/eldigitaldeasturias.com\/magazine365\/?p=42757"},"modified":"2015-07-16T04:33:12","modified_gmt":"2015-07-16T02:33:12","slug":"escandell-dice-que-el-fondeo-de-pago-en-el-litoral-de-formentera-servira-para-regular-algo-que-se-esta-descontrolando","status":"publish","type":"post","link":"https:\/\/eldigitaldeasturias.com\/magazine365\/escandell-dice-que-el-fondeo-de-pago-en-el-litoral-de-formentera-servira-para-regular-algo-que-se-esta-descontrolando\/","title":{"rendered":"Escandell dice que el fondeo de pago en el litoral de Formentera \u00abservir\u00e1 para regular algo que se est\u00e1 descontrolando\u00bb"},"content":{"rendered":"<p><img fetchpriority=\"high\" decoding=\"async\" class=\"alignleft size-medium wp-image-42758\" src=\"https:\/\/eldigitaldeasturias.com\/magazine365\/wp-content\/uploads\/2015\/07\/fotonoticia_20150715113249_800-360x261.jpg\" alt=\"fotonoticia_20150715113249_800\" width=\"360\" height=\"261\" srcset=\"https:\/\/eldigitaldeasturias.com\/magazine365\/wp-content\/uploads\/2015\/07\/fotonoticia_20150715113249_800-360x261.jpg 360w, https:\/\/eldigitaldeasturias.com\/magazine365\/wp-content\/uploads\/2015\/07\/fotonoticia_20150715113249_800-650x470.jpg 650w, https:\/\/eldigitaldeasturias.com\/magazine365\/wp-content\/uploads\/2015\/07\/fotonoticia_20150715113249_800-768x556.jpg 768w, https:\/\/eldigitaldeasturias.com\/magazine365\/wp-content\/uploads\/2015\/07\/fotonoticia_20150715113249_800-150x109.jpg 150w, https:\/\/eldigitaldeasturias.com\/magazine365\/wp-content\/uploads\/2015\/07\/fotonoticia_20150715113249_800-450x326.jpg 450w, https:\/\/eldigitaldeasturias.com\/magazine365\/wp-content\/uploads\/2015\/07\/fotonoticia_20150715113249_800-324x235.jpg 324w, https:\/\/eldigitaldeasturias.com\/magazine365\/wp-content\/uploads\/2015\/07\/fotonoticia_20150715113249_800-696x504.jpg 696w, https:\/\/eldigitaldeasturias.com\/magazine365\/wp-content\/uploads\/2015\/07\/fotonoticia_20150715113249_800-580x420.jpg 580w, https:\/\/eldigitaldeasturias.com\/magazine365\/wp-content\/uploads\/2015\/07\/fotonoticia_20150715113249_800.jpg 800w\" sizes=\"(max-width: 360px) 100vw, 360px\" \/>El conseller de Presidencia de Formentera, Bartomeu Escandell, ha considerado que la propuesta para implantar un fondeo de pago en todo el litoral \u00abservir\u00e1 para regular algo que se est\u00e1 descontrolando\u00bb. El Consell presentar\u00e1 al Govern balear esta iniciativa \u00abrecuperando una propuesta de 2007 para hacer una gesti\u00f3n sostenible de los espacios naturales\u00bb.<\/p>\n<p>\u00abProponemos que quien use nuestras aguas para fondear, contribuya a mantenerlas. El fondeo regulado es mucho m\u00e1s atractivo y contribuir\u00eda a crear unas reservas\u00bb, ha insistido en declaraciones a Europa Press.<\/p>\n<p>El conseller no ha podido avanzar plazos para que la propuesta sea una realidad \u00abporque hay muchas administraciones implicadas\u00bb y ha insistido en que \u00abel turismo n\u00e1utico se ver\u00e1 compensado porque con una regulaci\u00f3n, no se ver\u00e1 el descontrol de ahora\u00bb.<\/p>\n<p>\u00abLa sensaci\u00f3n de orden es lo que define a un destino tur\u00edstico de calidad. Llevamos a\u00f1os trabajando para dar esta imagen y estamos muy contentos con el turismo n\u00e1utico, aunque hay que poner orden\u00bb, ha reiterado.<\/p>\n<p>Escandell tampoco ha podido aclarar c\u00f3mo y qu\u00e9 cantidad se cobrar\u00eda con este sistema. \u00abEstamos en la fase inicial. Es una propuesta en positivo, para proteger y ordenar, y debe ser algo que se impulse con el consenso de todos. Todo lo que recaud\u00e1ramos ser\u00eda para mejorar\u00bb, ha manifestado.<\/p>\n","protected":false},"excerpt":{"rendered":"<p>El conseller de Presidencia de Formentera, Bartomeu Escandell, ha considerado que la propuesta para implantar un fondeo de pago en todo el litoral \u00abservir\u00e1 para regular algo que se est\u00e1 descontrolando\u00bb. El Consell presentar\u00e1 al Govern balear esta iniciativa \u00abrecuperando una propuesta de 2007 para hacer una gesti\u00f3n sostenible de los espacios naturales\u00bb. \u00abProponemos que<\/p>\n","protected":false},"author":1,"featured_media":42758,"comment_status":"open","ping_status":"closed","sticky":false,"template":"","format":"standard","meta":{"footnotes":""},"categories":[222],"tags":[],"class_list":{"0":"post-42757","1":"post","2":"type-post","3":"status-publish","4":"format-standard","5":"has-post-thumbnail","7":"category-actualidad-turismo"},"aioseo_notices":[],"aioseo_head":"\n\t\t<!-- All in One SEO Pro 4.9.6.1 - aioseo.com -->\n\t<meta name=\"description\" content=\"El conseller de Presidencia de Formentera, Bartomeu Escandell, ha considerado que la propuesta para implantar un fondeo de pago en todo el litoral &quot;servir\u00e1 para regular algo que se est\u00e1 descontrolando&quot;. El Consell presentar\u00e1 al Govern balear esta iniciativa &quot;recuperando una propuesta de 2007 para hacer una gesti\u00f3n sostenible de los espacios naturales&quot;. &quot;Proponemos que\" \/>\n\t<meta name=\"robots\" content=\"max-image-preview:large\" \/>\n\t<meta name=\"author\" content=\"admin\"\/>\n\t<meta name=\"google-site-verification\" content=\"UA-38556648-1\" \/>\n\t<meta name=\"keywords\" content=\"actualidad turismo\" \/>\n\t<link rel=\"canonical\" href=\"https:\/\/eldigitaldeasturias.com\/magazine365\/escandell-dice-que-el-fondeo-de-pago-en-el-litoral-de-formentera-servira-para-regular-algo-que-se-esta-descontrolando\/\" \/>\n\t<meta name=\"generator\" content=\"All in One SEO Pro (AIOSEO) 4.9.6.1\" \/>\n\t\t<meta property=\"og:locale\" content=\"es_ES\" \/>\n\t\t<meta property=\"og:site_name\" content=\"El Digital de Asturias \u2013 Revista de ocio, turismo y estilo de vida\" \/>\n\t\t<meta property=\"og:type\" content=\"article\" \/>\n\t\t<meta property=\"og:title\" content=\"Escandell dice que el fondeo de pago en el litoral de Formentera \u00abservir\u00e1 para regular algo que se est\u00e1 descontrolando\u00bb | El Digital de Asturias\" \/>\n\t\t<meta property=\"og:description\" content=\"El conseller de Presidencia de Formentera, Bartomeu Escandell, ha considerado que la propuesta para implantar un fondeo de pago en todo el litoral &quot;servir\u00e1 para regular algo que se est\u00e1 descontrolando&quot;. El Consell presentar\u00e1 al Govern balear esta iniciativa &quot;recuperando una propuesta de 2007 para hacer una gesti\u00f3n sostenible de los espacios naturales&quot;. &quot;Proponemos que\" \/>\n\t\t<meta property=\"og:url\" content=\"https:\/\/eldigitaldeasturias.com\/magazine365\/escandell-dice-que-el-fondeo-de-pago-en-el-litoral-de-formentera-servira-para-regular-algo-que-se-esta-descontrolando\/\" \/>\n\t\t<meta property=\"og:image\" content=\"https:\/\/eldigitaldeasturias.com\/magazine365\/wp-content\/uploads\/2015\/07\/fotonoticia_20150715113249_800.jpg\" \/>\n\t\t<meta property=\"og:image:secure_url\" content=\"https:\/\/eldigitaldeasturias.com\/magazine365\/wp-content\/uploads\/2015\/07\/fotonoticia_20150715113249_800.jpg\" \/>\n\t\t<meta property=\"og:image:width\" content=\"800\" \/>\n\t\t<meta property=\"og:image:height\" content=\"579\" \/>\n\t\t<meta property=\"article:published_time\" content=\"2015-07-16T02:33:12+00:00\" \/>\n\t\t<meta property=\"article:modified_time\" content=\"2015-07-16T02:33:12+00:00\" \/>\n\t\t<meta name=\"twitter:card\" content=\"summary_large_image\" \/>\n\t\t<meta name=\"twitter:title\" content=\"Escandell dice que el fondeo de pago en el litoral de Formentera \u00abservir\u00e1 para regular algo que se est\u00e1 descontrolando\u00bb | El Digital de Asturias\" \/>\n\t\t<meta name=\"twitter:description\" content=\"El conseller de Presidencia de Formentera, Bartomeu Escandell, ha considerado que la propuesta para implantar un fondeo de pago en todo el litoral &quot;servir\u00e1 para regular algo que se est\u00e1 descontrolando&quot;. El Consell presentar\u00e1 al Govern balear esta iniciativa &quot;recuperando una propuesta de 2007 para hacer una gesti\u00f3n sostenible de los espacios naturales&quot;. &quot;Proponemos que\" \/>\n\t\t<meta name=\"twitter:image\" content=\"https:\/\/eldigitaldeasturias.com\/magazine365\/wp-content\/uploads\/2015\/07\/fotonoticia_20150715113249_800.jpg\" \/>\n\t\t<script type=\"application\/ld+json\" class=\"aioseo-schema\">\n\t\t\t{\"@context\":\"https:\\\/\\\/schema.org\",\"@graph\":[{\"@type\":\"Article\",\"@id\":\"https:\\\/\\\/eldigitaldeasturias.com\\\/magazine365\\\/escandell-dice-que-el-fondeo-de-pago-en-el-litoral-de-formentera-servira-para-regular-algo-que-se-esta-descontrolando\\\/#article\",\"name\":\"Escandell dice que el fondeo de pago en el litoral de Formentera \\u00abservir\\u00e1 para regular algo que se est\\u00e1 descontrolando\\u00bb | El Digital de Asturias\",\"headline\":\"Escandell dice que el fondeo de pago en el litoral de Formentera \\u00abservir\\u00e1 para regular algo que se est\\u00e1 descontrolando\\u00bb\",\"author\":{\"@id\":\"https:\\\/\\\/eldigitaldeasturias.com\\\/magazine365\\\/author\\\/admin\\\/#author\"},\"publisher\":{\"@id\":\"https:\\\/\\\/eldigitaldeasturias.com\\\/magazine365\\\/#organization\"},\"image\":{\"@type\":\"ImageObject\",\"url\":\"https:\\\/\\\/eldigitaldeasturias.com\\\/magazine365\\\/wp-content\\\/uploads\\\/2015\\\/07\\\/fotonoticia_20150715113249_800.jpg\",\"width\":800,\"height\":579},\"datePublished\":\"2015-07-16T04:33:12+02:00\",\"dateModified\":\"2015-07-16T04:33:12+02:00\",\"inLanguage\":\"es-ES\",\"mainEntityOfPage\":{\"@id\":\"https:\\\/\\\/eldigitaldeasturias.com\\\/magazine365\\\/escandell-dice-que-el-fondeo-de-pago-en-el-litoral-de-formentera-servira-para-regular-algo-que-se-esta-descontrolando\\\/#webpage\"},\"isPartOf\":{\"@id\":\"https:\\\/\\\/eldigitaldeasturias.com\\\/magazine365\\\/escandell-dice-que-el-fondeo-de-pago-en-el-litoral-de-formentera-servira-para-regular-algo-que-se-esta-descontrolando\\\/#webpage\"},\"articleSection\":\"Actualidad Turismo\"},{\"@type\":\"BreadcrumbList\",\"@id\":\"https:\\\/\\\/eldigitaldeasturias.com\\\/magazine365\\\/escandell-dice-que-el-fondeo-de-pago-en-el-litoral-de-formentera-servira-para-regular-algo-que-se-esta-descontrolando\\\/#breadcrumblist\",\"itemListElement\":[{\"@type\":\"ListItem\",\"@id\":\"https:\\\/\\\/eldigitaldeasturias.com\\\/magazine365#listItem\",\"position\":1,\"name\":\"Home\",\"item\":\"https:\\\/\\\/eldigitaldeasturias.com\\\/magazine365\",\"nextItem\":{\"@type\":\"ListItem\",\"@id\":\"https:\\\/\\\/eldigitaldeasturias.com\\\/magazine365\\\/category\\\/actualidad-turismo\\\/#listItem\",\"name\":\"Actualidad Turismo\"}},{\"@type\":\"ListItem\",\"@id\":\"https:\\\/\\\/eldigitaldeasturias.com\\\/magazine365\\\/category\\\/actualidad-turismo\\\/#listItem\",\"position\":2,\"name\":\"Actualidad Turismo\",\"item\":\"https:\\\/\\\/eldigitaldeasturias.com\\\/magazine365\\\/category\\\/actualidad-turismo\\\/\",\"nextItem\":{\"@type\":\"ListItem\",\"@id\":\"https:\\\/\\\/eldigitaldeasturias.com\\\/magazine365\\\/escandell-dice-que-el-fondeo-de-pago-en-el-litoral-de-formentera-servira-para-regular-algo-que-se-esta-descontrolando\\\/#listItem\",\"name\":\"Escandell dice que el fondeo de pago en el litoral de Formentera \\u00abservir\\u00e1 para regular algo que se est\\u00e1 descontrolando\\u00bb\"},\"previousItem\":{\"@type\":\"ListItem\",\"@id\":\"https:\\\/\\\/eldigitaldeasturias.com\\\/magazine365#listItem\",\"name\":\"Home\"}},{\"@type\":\"ListItem\",\"@id\":\"https:\\\/\\\/eldigitaldeasturias.com\\\/magazine365\\\/escandell-dice-que-el-fondeo-de-pago-en-el-litoral-de-formentera-servira-para-regular-algo-que-se-esta-descontrolando\\\/#listItem\",\"position\":3,\"name\":\"Escandell dice que el fondeo de pago en el litoral de Formentera \\u00abservir\\u00e1 para regular algo que se est\\u00e1 descontrolando\\u00bb\",\"previousItem\":{\"@type\":\"ListItem\",\"@id\":\"https:\\\/\\\/eldigitaldeasturias.com\\\/magazine365\\\/category\\\/actualidad-turismo\\\/#listItem\",\"name\":\"Actualidad Turismo\"}}]},{\"@type\":\"Organization\",\"@id\":\"https:\\\/\\\/eldigitaldeasturias.com\\\/magazine365\\\/#organization\",\"name\":\"El digital de Asturias\",\"description\":\"Revista de ocio, turismo y estilo de vida\",\"url\":\"https:\\\/\\\/eldigitaldeasturias.com\\\/magazine365\\\/\",\"logo\":{\"@type\":\"ImageObject\",\"url\":\"https:\\\/\\\/www.eldigitaldeasturias.com\\\/noticias\\\/wp-content\\\/uploads\\\/2020\\\/12\\\/EDA.jpg\",\"@id\":\"https:\\\/\\\/eldigitaldeasturias.com\\\/magazine365\\\/escandell-dice-que-el-fondeo-de-pago-en-el-litoral-de-formentera-servira-para-regular-algo-que-se-esta-descontrolando\\\/#organizationLogo\"},\"image\":{\"@id\":\"https:\\\/\\\/eldigitaldeasturias.com\\\/magazine365\\\/escandell-dice-que-el-fondeo-de-pago-en-el-litoral-de-formentera-servira-para-regular-algo-que-se-esta-descontrolando\\\/#organizationLogo\"}},{\"@type\":\"Person\",\"@id\":\"https:\\\/\\\/eldigitaldeasturias.com\\\/magazine365\\\/author\\\/admin\\\/#author\",\"url\":\"https:\\\/\\\/eldigitaldeasturias.com\\\/magazine365\\\/author\\\/admin\\\/\",\"name\":\"admin\",\"image\":{\"@type\":\"ImageObject\",\"@id\":\"https:\\\/\\\/eldigitaldeasturias.com\\\/magazine365\\\/escandell-dice-que-el-fondeo-de-pago-en-el-litoral-de-formentera-servira-para-regular-algo-que-se-esta-descontrolando\\\/#authorImage\",\"url\":\"https:\\\/\\\/eldigitaldeasturias.com\\\/magazine365\\\/wp-content\\\/litespeed\\\/avatar\\\/e571bcf59a0edd6fa6838245a470f2fe.jpg?ver=1777574230\",\"width\":96,\"height\":96,\"caption\":\"admin\"}},{\"@type\":\"WebPage\",\"@id\":\"https:\\\/\\\/eldigitaldeasturias.com\\\/magazine365\\\/escandell-dice-que-el-fondeo-de-pago-en-el-litoral-de-formentera-servira-para-regular-algo-que-se-esta-descontrolando\\\/#webpage\",\"url\":\"https:\\\/\\\/eldigitaldeasturias.com\\\/magazine365\\\/escandell-dice-que-el-fondeo-de-pago-en-el-litoral-de-formentera-servira-para-regular-algo-que-se-esta-descontrolando\\\/\",\"name\":\"Escandell dice que el fondeo de pago en el litoral de Formentera \\u00abservir\\u00e1 para regular algo que se est\\u00e1 descontrolando\\u00bb | El Digital de Asturias\",\"description\":\"El conseller de Presidencia de Formentera, Bartomeu Escandell, ha considerado que la propuesta para implantar un fondeo de pago en todo el litoral \\\"servir\\u00e1 para regular algo que se est\\u00e1 descontrolando\\\". El Consell presentar\\u00e1 al Govern balear esta iniciativa \\\"recuperando una propuesta de 2007 para hacer una gesti\\u00f3n sostenible de los espacios naturales\\\". \\\"Proponemos que\",\"inLanguage\":\"es-ES\",\"isPartOf\":{\"@id\":\"https:\\\/\\\/eldigitaldeasturias.com\\\/magazine365\\\/#website\"},\"breadcrumb\":{\"@id\":\"https:\\\/\\\/eldigitaldeasturias.com\\\/magazine365\\\/escandell-dice-que-el-fondeo-de-pago-en-el-litoral-de-formentera-servira-para-regular-algo-que-se-esta-descontrolando\\\/#breadcrumblist\"},\"author\":{\"@id\":\"https:\\\/\\\/eldigitaldeasturias.com\\\/magazine365\\\/author\\\/admin\\\/#author\"},\"creator\":{\"@id\":\"https:\\\/\\\/eldigitaldeasturias.com\\\/magazine365\\\/author\\\/admin\\\/#author\"},\"image\":{\"@type\":\"ImageObject\",\"url\":\"https:\\\/\\\/eldigitaldeasturias.com\\\/magazine365\\\/wp-content\\\/uploads\\\/2015\\\/07\\\/fotonoticia_20150715113249_800.jpg\",\"@id\":\"https:\\\/\\\/eldigitaldeasturias.com\\\/magazine365\\\/escandell-dice-que-el-fondeo-de-pago-en-el-litoral-de-formentera-servira-para-regular-algo-que-se-esta-descontrolando\\\/#mainImage\",\"width\":800,\"height\":579},\"primaryImageOfPage\":{\"@id\":\"https:\\\/\\\/eldigitaldeasturias.com\\\/magazine365\\\/escandell-dice-que-el-fondeo-de-pago-en-el-litoral-de-formentera-servira-para-regular-algo-que-se-esta-descontrolando\\\/#mainImage\"},\"datePublished\":\"2015-07-16T04:33:12+02:00\",\"dateModified\":\"2015-07-16T04:33:12+02:00\"},{\"@type\":\"WebSite\",\"@id\":\"https:\\\/\\\/eldigitaldeasturias.com\\\/magazine365\\\/#website\",\"url\":\"https:\\\/\\\/eldigitaldeasturias.com\\\/magazine365\\\/\",\"name\":\"El Digital de Asturias\",\"description\":\"Revista de ocio, turismo y estilo de vida\",\"inLanguage\":\"es-ES\",\"publisher\":{\"@id\":\"https:\\\/\\\/eldigitaldeasturias.com\\\/magazine365\\\/#organization\"}}]}\n\t\t<\/script>\n\t\t<!-- All in One SEO Pro -->\r\n\t\t<title>Escandell dice que el fondeo de pago en el litoral de Formentera \u00abservir\u00e1 para regular algo que se est\u00e1 descontrolando\u00bb | El Digital de Asturias<\/title>\n\n","aioseo_head_json":{"title":"Escandell dice que el fondeo de pago en el litoral de Formentera \u00abservir\u00e1 para regular algo que se est\u00e1 descontrolando\u00bb | El Digital de Asturias","description":"El conseller de Presidencia de Formentera, Bartomeu Escandell, ha considerado que la propuesta para implantar un fondeo de pago en todo el litoral \"servir\u00e1 para regular algo que se est\u00e1 descontrolando\". El Consell presentar\u00e1 al Govern balear esta iniciativa \"recuperando una propuesta de 2007 para hacer una gesti\u00f3n sostenible de los espacios naturales\". \"Proponemos que","canonical_url":"https:\/\/eldigitaldeasturias.com\/magazine365\/escandell-dice-que-el-fondeo-de-pago-en-el-litoral-de-formentera-servira-para-regular-algo-que-se-esta-descontrolando\/","robots":"max-image-preview:large","keywords":"actualidad turismo","webmasterTools":{"google-site-verification":"UA-38556648-1","miscellaneous":""},"schema":{"@context":"https:\/\/schema.org","@graph":[{"@type":"Article","@id":"https:\/\/eldigitaldeasturias.com\/magazine365\/escandell-dice-que-el-fondeo-de-pago-en-el-litoral-de-formentera-servira-para-regular-algo-que-se-esta-descontrolando\/#article","name":"Escandell dice que el fondeo de pago en el litoral de Formentera \u00abservir\u00e1 para regular algo que se est\u00e1 descontrolando\u00bb | El Digital de Asturias","headline":"Escandell dice que el fondeo de pago en el litoral de Formentera \u00abservir\u00e1 para regular algo que se est\u00e1 descontrolando\u00bb","author":{"@id":"https:\/\/eldigitaldeasturias.com\/magazine365\/author\/admin\/#author"},"publisher":{"@id":"https:\/\/eldigitaldeasturias.com\/magazine365\/#organization"},"image":{"@type":"ImageObject","url":"https:\/\/eldigitaldeasturias.com\/magazine365\/wp-content\/uploads\/2015\/07\/fotonoticia_20150715113249_800.jpg","width":800,"height":579},"datePublished":"2015-07-16T04:33:12+02:00","dateModified":"2015-07-16T04:33:12+02:00","inLanguage":"es-ES","mainEntityOfPage":{"@id":"https:\/\/eldigitaldeasturias.com\/magazine365\/escandell-dice-que-el-fondeo-de-pago-en-el-litoral-de-formentera-servira-para-regular-algo-que-se-esta-descontrolando\/#webpage"},"isPartOf":{"@id":"https:\/\/eldigitaldeasturias.com\/magazine365\/escandell-dice-que-el-fondeo-de-pago-en-el-litoral-de-formentera-servira-para-regular-algo-que-se-esta-descontrolando\/#webpage"},"articleSection":"Actualidad Turismo"},{"@type":"BreadcrumbList","@id":"https:\/\/eldigitaldeasturias.com\/magazine365\/escandell-dice-que-el-fondeo-de-pago-en-el-litoral-de-formentera-servira-para-regular-algo-que-se-esta-descontrolando\/#breadcrumblist","itemListElement":[{"@type":"ListItem","@id":"https:\/\/eldigitaldeasturias.com\/magazine365#listItem","position":1,"name":"Home","item":"https:\/\/eldigitaldeasturias.com\/magazine365","nextItem":{"@type":"ListItem","@id":"https:\/\/eldigitaldeasturias.com\/magazine365\/category\/actualidad-turismo\/#listItem","name":"Actualidad Turismo"}},{"@type":"ListItem","@id":"https:\/\/eldigitaldeasturias.com\/magazine365\/category\/actualidad-turismo\/#listItem","position":2,"name":"Actualidad Turismo","item":"https:\/\/eldigitaldeasturias.com\/magazine365\/category\/actualidad-turismo\/","nextItem":{"@type":"ListItem","@id":"https:\/\/eldigitaldeasturias.com\/magazine365\/escandell-dice-que-el-fondeo-de-pago-en-el-litoral-de-formentera-servira-para-regular-algo-que-se-esta-descontrolando\/#listItem","name":"Escandell dice que el fondeo de pago en el litoral de Formentera \u00abservir\u00e1 para regular algo que se est\u00e1 descontrolando\u00bb"},"previousItem":{"@type":"ListItem","@id":"https:\/\/eldigitaldeasturias.com\/magazine365#listItem","name":"Home"}},{"@type":"ListItem","@id":"https:\/\/eldigitaldeasturias.com\/magazine365\/escandell-dice-que-el-fondeo-de-pago-en-el-litoral-de-formentera-servira-para-regular-algo-que-se-esta-descontrolando\/#listItem","position":3,"name":"Escandell dice que el fondeo de pago en el litoral de Formentera \u00abservir\u00e1 para regular algo que se est\u00e1 descontrolando\u00bb","previousItem":{"@type":"ListItem","@id":"https:\/\/eldigitaldeasturias.com\/magazine365\/category\/actualidad-turismo\/#listItem","name":"Actualidad Turismo"}}]},{"@type":"Organization","@id":"https:\/\/eldigitaldeasturias.com\/magazine365\/#organization","name":"El digital de Asturias","description":"Revista de ocio, turismo y estilo de vida","url":"https:\/\/eldigitaldeasturias.com\/magazine365\/","logo":{"@type":"ImageObject","url":"https:\/\/www.eldigitaldeasturias.com\/noticias\/wp-content\/uploads\/2020\/12\/EDA.jpg","@id":"https:\/\/eldigitaldeasturias.com\/magazine365\/escandell-dice-que-el-fondeo-de-pago-en-el-litoral-de-formentera-servira-para-regular-algo-que-se-esta-descontrolando\/#organizationLogo"},"image":{"@id":"https:\/\/eldigitaldeasturias.com\/magazine365\/escandell-dice-que-el-fondeo-de-pago-en-el-litoral-de-formentera-servira-para-regular-algo-que-se-esta-descontrolando\/#organizationLogo"}},{"@type":"Person","@id":"https:\/\/eldigitaldeasturias.com\/magazine365\/author\/admin\/#author","url":"https:\/\/eldigitaldeasturias.com\/magazine365\/author\/admin\/","name":"admin","image":{"@type":"ImageObject","@id":"https:\/\/eldigitaldeasturias.com\/magazine365\/escandell-dice-que-el-fondeo-de-pago-en-el-litoral-de-formentera-servira-para-regular-algo-que-se-esta-descontrolando\/#authorImage","url":"https:\/\/eldigitaldeasturias.com\/magazine365\/wp-content\/litespeed\/avatar\/e571bcf59a0edd6fa6838245a470f2fe.jpg?ver=1777574230","width":96,"height":96,"caption":"admin"}},{"@type":"WebPage","@id":"https:\/\/eldigitaldeasturias.com\/magazine365\/escandell-dice-que-el-fondeo-de-pago-en-el-litoral-de-formentera-servira-para-regular-algo-que-se-esta-descontrolando\/#webpage","url":"https:\/\/eldigitaldeasturias.com\/magazine365\/escandell-dice-que-el-fondeo-de-pago-en-el-litoral-de-formentera-servira-para-regular-algo-que-se-esta-descontrolando\/","name":"Escandell dice que el fondeo de pago en el litoral de Formentera \u00abservir\u00e1 para regular algo que se est\u00e1 descontrolando\u00bb | El Digital de Asturias","description":"El conseller de Presidencia de Formentera, Bartomeu Escandell, ha considerado que la propuesta para implantar un fondeo de pago en todo el litoral \"servir\u00e1 para regular algo que se est\u00e1 descontrolando\". El Consell presentar\u00e1 al Govern balear esta iniciativa \"recuperando una propuesta de 2007 para hacer una gesti\u00f3n sostenible de los espacios naturales\". \"Proponemos que","inLanguage":"es-ES","isPartOf":{"@id":"https:\/\/eldigitaldeasturias.com\/magazine365\/#website"},"breadcrumb":{"@id":"https:\/\/eldigitaldeasturias.com\/magazine365\/escandell-dice-que-el-fondeo-de-pago-en-el-litoral-de-formentera-servira-para-regular-algo-que-se-esta-descontrolando\/#breadcrumblist"},"author":{"@id":"https:\/\/eldigitaldeasturias.com\/magazine365\/author\/admin\/#author"},"creator":{"@id":"https:\/\/eldigitaldeasturias.com\/magazine365\/author\/admin\/#author"},"image":{"@type":"ImageObject","url":"https:\/\/eldigitaldeasturias.com\/magazine365\/wp-content\/uploads\/2015\/07\/fotonoticia_20150715113249_800.jpg","@id":"https:\/\/eldigitaldeasturias.com\/magazine365\/escandell-dice-que-el-fondeo-de-pago-en-el-litoral-de-formentera-servira-para-regular-algo-que-se-esta-descontrolando\/#mainImage","width":800,"height":579},"primaryImageOfPage":{"@id":"https:\/\/eldigitaldeasturias.com\/magazine365\/escandell-dice-que-el-fondeo-de-pago-en-el-litoral-de-formentera-servira-para-regular-algo-que-se-esta-descontrolando\/#mainImage"},"datePublished":"2015-07-16T04:33:12+02:00","dateModified":"2015-07-16T04:33:12+02:00"},{"@type":"WebSite","@id":"https:\/\/eldigitaldeasturias.com\/magazine365\/#website","url":"https:\/\/eldigitaldeasturias.com\/magazine365\/","name":"El Digital de Asturias","description":"Revista de ocio, turismo y estilo de vida","inLanguage":"es-ES","publisher":{"@id":"https:\/\/eldigitaldeasturias.com\/magazine365\/#organization"}}]},"og:locale":"es_ES","og:site_name":"El Digital de Asturias \u2013 Revista de ocio, turismo y estilo de vida","og:type":"article","og:title":"Escandell dice que el fondeo de pago en el litoral de Formentera \u00abservir\u00e1 para regular algo que se est\u00e1 descontrolando\u00bb | El Digital de Asturias","og:description":"El conseller de Presidencia de Formentera, Bartomeu Escandell, ha considerado que la propuesta para implantar un fondeo de pago en todo el litoral &quot;servir\u00e1 para regular algo que se est\u00e1 descontrolando&quot;. El Consell presentar\u00e1 al Govern balear esta iniciativa &quot;recuperando una propuesta de 2007 para hacer una gesti\u00f3n sostenible de los espacios naturales&quot;. &quot;Proponemos que","og:url":"https:\/\/eldigitaldeasturias.com\/magazine365\/escandell-dice-que-el-fondeo-de-pago-en-el-litoral-de-formentera-servira-para-regular-algo-que-se-esta-descontrolando\/","og:image":"https:\/\/eldigitaldeasturias.com\/magazine365\/wp-content\/uploads\/2015\/07\/fotonoticia_20150715113249_800.jpg","og:image:secure_url":"https:\/\/eldigitaldeasturias.com\/magazine365\/wp-content\/uploads\/2015\/07\/fotonoticia_20150715113249_800.jpg","og:image:width":800,"og:image:height":579,"article:published_time":"2015-07-16T02:33:12+00:00","article:modified_time":"2015-07-16T02:33:12+00:00","twitter:card":"summary_large_image","twitter:title":"Escandell dice que el fondeo de pago en el litoral de Formentera \u00abservir\u00e1 para regular algo que se est\u00e1 descontrolando\u00bb | El Digital de Asturias","twitter:description":"El conseller de Presidencia de Formentera, Bartomeu Escandell, ha considerado que la propuesta para implantar un fondeo de pago en todo el litoral &quot;servir\u00e1 para regular algo que se est\u00e1 descontrolando&quot;. El Consell presentar\u00e1 al Govern balear esta iniciativa &quot;recuperando una propuesta de 2007 para hacer una gesti\u00f3n sostenible de los espacios naturales&quot;. &quot;Proponemos que","twitter:image":"https:\/\/eldigitaldeasturias.com\/magazine365\/wp-content\/uploads\/2015\/07\/fotonoticia_20150715113249_800.jpg"},"aioseo_meta_data":{"post_id":"42757","title":null,"description":null,"keywords":null,"keyphrases":null,"primary_term":null,"canonical_url":null,"og_title":null,"og_description":null,"og_object_type":"default","og_image_type":"default","og_image_url":null,"og_image_width":null,"og_image_height":null,"og_image_custom_url":null,"og_image_custom_fields":null,"og_video":null,"og_custom_url":null,"og_article_section":null,"og_article_tags":null,"twitter_use_og":false,"twitter_card":"default","twitter_image_type":"default","twitter_image_url":null,"twitter_image_custom_url":null,"twitter_image_custom_fields":null,"twitter_title":null,"twitter_description":null,"schema":{"blockGraphs":[],"customGraphs":[],"default":{"data":{"Article":[],"Course":[],"Dataset":[],"FAQPage":[],"Movie":[],"Person":[],"Product":[],"ProductReview":[],"Car":[],"Recipe":[],"Service":[],"SoftwareApplication":[],"WebPage":[]},"graphName":"","isEnabled":true},"graphs":[],"defaultGraph":"","defaultPostTypeGraph":""},"schema_type":null,"schema_type_options":null,"pillar_content":false,"robots_default":true,"robots_noindex":false,"robots_noarchive":false,"robots_nosnippet":false,"robots_nofollow":false,"robots_noimageindex":false,"robots_noodp":false,"robots_notranslate":false,"robots_max_snippet":null,"robots_max_videopreview":null,"robots_max_imagepreview":"large","priority":null,"frequency":null,"location":null,"local_seo":null,"seo_analyzer_scan_date":"2025-09-19 18:25:26","breadcrumb_settings":null,"limit_modified_date":false,"open_ai":null,"ai":null,"created":"2021-03-09 01:56:40","updated":"2025-09-19 18:25:26"},"aioseo_breadcrumb":"<div class=\"aioseo-breadcrumbs\"><span class=\"aioseo-breadcrumb\">\n\t<a href=\"https:\/\/eldigitaldeasturias.com\/magazine365\" title=\"Home\">Home<\/a>\n<\/span><span class=\"aioseo-breadcrumb-separator\">\u2013<\/span><span class=\"aioseo-breadcrumb\">\n\t<a href=\"https:\/\/eldigitaldeasturias.com\/magazine365\/category\/actualidad-turismo\/\" title=\"Actualidad Turismo\">Actualidad Turismo<\/a>\n<\/span><span class=\"aioseo-breadcrumb-separator\">\u2013<\/span><span class=\"aioseo-breadcrumb\">\n\t<a href=\"https:\/\/eldigitaldeasturias.com\/magazine365\/escandell-dice-que-el-fondeo-de-pago-en-el-litoral-de-formentera-servira-para-regular-algo-que-se-esta-descontrolando\/\" title=\"Escandell dice que el fondeo de pago en el litoral de Formentera \u00abservir\u00e1 para regular algo que se est\u00e1 descontrolando\u00bb\">Escandell dice que el fondeo de pago en el litoral de Formentera \u00abservir\u00e1 para regular algo que se est\u00e1 descontrolando\u00bb<\/a>\n<\/span><\/div>","aioseo_breadcrumb_json":[{"label":"Home","link":"https:\/\/eldigitaldeasturias.com\/magazine365"},{"label":"Actualidad Turismo","link":"https:\/\/eldigitaldeasturias.com\/magazine365\/category\/actualidad-turismo\/"},{"label":"Escandell dice que el fondeo de pago en el litoral de Formentera \u00abservir\u00e1 para regular algo que se est\u00e1 descontrolando\u00bb","link":"https:\/\/eldigitaldeasturias.com\/magazine365\/escandell-dice-que-el-fondeo-de-pago-en-el-litoral-de-formentera-servira-para-regular-algo-que-se-esta-descontrolando\/"}],"_links":{"self":[{"href":"https:\/\/eldigitaldeasturias.com\/magazine365\/wp-json\/wp\/v2\/posts\/42757","targetHints":{"allow":["GET"]}}],"collection":[{"href":"https:\/\/eldigitaldeasturias.com\/magazine365\/wp-json\/wp\/v2\/posts"}],"about":[{"href":"https:\/\/eldigitaldeasturias.com\/magazine365\/wp-json\/wp\/v2\/types\/post"}],"author":[{"embeddable":true,"href":"https:\/\/eldigitaldeasturias.com\/magazine365\/wp-json\/wp\/v2\/users\/1"}],"replies":[{"embeddable":true,"href":"https:\/\/eldigitaldeasturias.com\/magazine365\/wp-json\/wp\/v2\/comments?post=42757"}],"version-history":[{"count":0,"href":"https:\/\/eldigitaldeasturias.com\/magazine365\/wp-json\/wp\/v2\/posts\/42757\/revisions"}],"wp:featuredmedia":[{"embeddable":true,"href":"https:\/\/eldigitaldeasturias.com\/magazine365\/wp-json\/wp\/v2\/media\/42758"}],"wp:attachment":[{"href":"https:\/\/eldigitaldeasturias.com\/magazine365\/wp-json\/wp\/v2\/media?parent=42757"}],"wp:term":[{"taxonomy":"category","embeddable":true,"href":"https:\/\/eldigitaldeasturias.com\/magazine365\/wp-json\/wp\/v2\/categories?post=42757"},{"taxonomy":"post_tag","embeddable":true,"href":"https:\/\/eldigitaldeasturias.com\/magazine365\/wp-json\/wp\/v2\/tags?post=42757"}],"curies":[{"name":"wp","href":"https:\/\/api.w.org\/{rel}","templated":true}]}}