{"id":42751,"date":"2015-07-16T04:27:37","date_gmt":"2015-07-16T02:27:37","guid":{"rendered":"http:\/\/eldigitaldeasturias.com\/magazine365\/?p=42751"},"modified":"2015-07-16T04:27:37","modified_gmt":"2015-07-16T02:27:37","slug":"pastor-pedira-a-carmena-que-no-frene-el-turismo-con-tasas-este-miercoles","status":"publish","type":"post","link":"https:\/\/eldigitaldeasturias.com\/magazine365\/pastor-pedira-a-carmena-que-no-frene-el-turismo-con-tasas-este-miercoles\/","title":{"rendered":"Pastor pedir\u00e1 a Carmena que no frene el turismo con tasas este mi\u00e9rcoles"},"content":{"rendered":"<p><img fetchpriority=\"high\" decoding=\"async\" class=\"alignleft size-medium wp-image-42752\" src=\"https:\/\/eldigitaldeasturias.com\/magazine365\/wp-content\/uploads\/2015\/07\/fotonoticia_20150715110737_800-200x300.jpg\" alt=\"fotonoticia_20150715110737_800\" width=\"200\" height=\"300\" srcset=\"https:\/\/eldigitaldeasturias.com\/magazine365\/wp-content\/uploads\/2015\/07\/fotonoticia_20150715110737_800-200x300.jpg 200w, https:\/\/eldigitaldeasturias.com\/magazine365\/wp-content\/uploads\/2015\/07\/fotonoticia_20150715110737_800-427x640.jpg 427w, https:\/\/eldigitaldeasturias.com\/magazine365\/wp-content\/uploads\/2015\/07\/fotonoticia_20150715110737_800-768x1152.jpg 768w, https:\/\/eldigitaldeasturias.com\/magazine365\/wp-content\/uploads\/2015\/07\/fotonoticia_20150715110737_800-150x225.jpg 150w, https:\/\/eldigitaldeasturias.com\/magazine365\/wp-content\/uploads\/2015\/07\/fotonoticia_20150715110737_800-450x675.jpg 450w, https:\/\/eldigitaldeasturias.com\/magazine365\/wp-content\/uploads\/2015\/07\/fotonoticia_20150715110737_800-696x1044.jpg 696w, https:\/\/eldigitaldeasturias.com\/magazine365\/wp-content\/uploads\/2015\/07\/fotonoticia_20150715110737_800-280x420.jpg 280w, https:\/\/eldigitaldeasturias.com\/magazine365\/wp-content\/uploads\/2015\/07\/fotonoticia_20150715110737_800.jpg 800w\" sizes=\"(max-width: 200px) 100vw, 200px\" \/>La ministra de Fomento, Ana Pastor, recibir\u00e1 este mi\u00e9rcoles a la alcaldesa de Madrid, Manuela Carmena, en un encuentro en la sede del Ministerio en el que debatir\u00e1n sobre las tasas de la actividad tur\u00edstica, entre otros asuntos.<\/p>\n<p>\u00abEn una ciudad como Madrid, es preciso que todos trabajemos para incentivar la llegada de turistas. En Barajas estamos experimentado un crecimiento del m\u00e1s del 11%. Y llevamos 36 meses creciendo. Ahora, tenemos m\u00e1s de 22 millones de pasajeros. Y lo hemos hecho congelando las tasas aeroportuarias, a\u00fan en momentos de crisis, para hacernos m\u00e1s competitivos\u00bb, ha indicado.<\/p>\n<p>\u00abEn ferrocarril, igualmente, a pesar de la crisis, tambi\u00e9n bajamos los precios del AVE. Creo que hay que facilitar desde las administraciones y sumar y no restar. Los madrile\u00f1os no nos perdonar\u00edan que fren\u00e1semos la recuperaci\u00f3n que est\u00e1 en marcha. La presidenta de la Comunidad de Madrid est\u00e1 trabajando en sentido contrario a la alcaldesa, es decir, en ver c\u00f3mo Madrid es cada vez m\u00e1s competitivo y atractivo\u00bb, ha subrayado Ana Pastor.<\/p>\n<p>En lo relativo a los planes de urbanizaci\u00f3n de Madrid, es muy previsible que la ministra y la primera edil de la capital traten el asunto de la anteriormente conocida como &#8216;Operaci\u00f3n Chamart\u00edn&#8217; -hoy denominada Castellana Norte-, un tema que Pastor ha abordado recientemente con la presidenta de la Comunidad de Madrid, Cristina Cifuentes, \u00aben profundidad\u00bb.<\/p>\n<p>As\u00ed lo ha comentado la propia Pastor en declaraciones a Onda Cero recogidas por Europa Press, en las que ha calificado este proyecto como \u00abmuy positivo para el conjunto de Madrid\u00bb.<\/p>\n<p>\u00abEs importante porque permite recoser la zona Norte, dividida por las v\u00edas ferroviarias; permite crear cientos de puestos trabajo y har\u00e1 posible la modernizaci\u00f3n de toda la estaci\u00f3n de Chamart\u00edn, cuyo tr\u00e1fico va a crecer en los a\u00f1os venideros por la apertura de las nuevas l\u00edneas de alta velocidad a todo el Norte de Espa\u00f1a. Por tanto, es muy positivo para Madrid y ojal\u00e1 haya un acuerdo y se pueda llevar adelante\u00bb, \u00abha se\u00f1alado.<\/p>\n","protected":false},"excerpt":{"rendered":"<p>La ministra de Fomento, Ana Pastor, recibir\u00e1 este mi\u00e9rcoles a la alcaldesa de Madrid, Manuela Carmena, en un encuentro en la sede del Ministerio en el que debatir\u00e1n sobre las tasas de la actividad tur\u00edstica, entre otros asuntos. \u00abEn una ciudad como Madrid, es preciso que todos trabajemos para incentivar la llegada de turistas. En<\/p>\n","protected":false},"author":1,"featured_media":42752,"comment_status":"open","ping_status":"closed","sticky":false,"template":"","format":"standard","meta":{"footnotes":""},"categories":[222],"tags":[],"class_list":{"0":"post-42751","1":"post","2":"type-post","3":"status-publish","4":"format-standard","5":"has-post-thumbnail","7":"category-actualidad-turismo"},"aioseo_notices":[],"aioseo_head":"\n\t\t<!-- All in One SEO Pro 4.9.6.1 - aioseo.com -->\n\t<meta name=\"description\" content=\"La ministra de Fomento, Ana Pastor, recibir\u00e1 este mi\u00e9rcoles a la alcaldesa de Madrid, Manuela Carmena, en un encuentro en la sede del Ministerio en el que debatir\u00e1n sobre las tasas de la actividad tur\u00edstica, entre otros asuntos. &quot;En una ciudad como Madrid, es preciso que todos trabajemos para incentivar la llegada de turistas. En\" \/>\n\t<meta name=\"robots\" content=\"max-image-preview:large\" \/>\n\t<meta name=\"author\" content=\"admin\"\/>\n\t<meta name=\"google-site-verification\" content=\"UA-38556648-1\" \/>\n\t<meta name=\"keywords\" content=\"actualidad turismo\" \/>\n\t<link rel=\"canonical\" href=\"https:\/\/eldigitaldeasturias.com\/magazine365\/pastor-pedira-a-carmena-que-no-frene-el-turismo-con-tasas-este-miercoles\/\" \/>\n\t<meta name=\"generator\" content=\"All in One SEO Pro (AIOSEO) 4.9.6.1\" \/>\n\t\t<meta property=\"og:locale\" content=\"es_ES\" \/>\n\t\t<meta property=\"og:site_name\" content=\"El Digital de Asturias \u2013 Revista de ocio, turismo y estilo de vida\" \/>\n\t\t<meta property=\"og:type\" content=\"article\" \/>\n\t\t<meta property=\"og:title\" content=\"Pastor pedir\u00e1 a Carmena que no frene el turismo con tasas este mi\u00e9rcoles | El Digital de Asturias\" \/>\n\t\t<meta property=\"og:description\" content=\"La ministra de Fomento, Ana Pastor, recibir\u00e1 este mi\u00e9rcoles a la alcaldesa de Madrid, Manuela Carmena, en un encuentro en la sede del Ministerio en el que debatir\u00e1n sobre las tasas de la actividad tur\u00edstica, entre otros asuntos. &quot;En una ciudad como Madrid, es preciso que todos trabajemos para incentivar la llegada de turistas. En\" \/>\n\t\t<meta property=\"og:url\" content=\"https:\/\/eldigitaldeasturias.com\/magazine365\/pastor-pedira-a-carmena-que-no-frene-el-turismo-con-tasas-este-miercoles\/\" \/>\n\t\t<meta property=\"og:image\" content=\"https:\/\/eldigitaldeasturias.com\/magazine365\/wp-content\/uploads\/2015\/07\/fotonoticia_20150715110737_800.jpg\" \/>\n\t\t<meta property=\"og:image:secure_url\" content=\"https:\/\/eldigitaldeasturias.com\/magazine365\/wp-content\/uploads\/2015\/07\/fotonoticia_20150715110737_800.jpg\" \/>\n\t\t<meta property=\"og:image:width\" content=\"800\" \/>\n\t\t<meta property=\"og:image:height\" content=\"1200\" \/>\n\t\t<meta property=\"article:published_time\" content=\"2015-07-16T02:27:37+00:00\" \/>\n\t\t<meta property=\"article:modified_time\" content=\"2015-07-16T02:27:37+00:00\" \/>\n\t\t<meta name=\"twitter:card\" content=\"summary_large_image\" \/>\n\t\t<meta name=\"twitter:title\" content=\"Pastor pedir\u00e1 a Carmena que no frene el turismo con tasas este mi\u00e9rcoles | El Digital de Asturias\" \/>\n\t\t<meta name=\"twitter:description\" content=\"La ministra de Fomento, Ana Pastor, recibir\u00e1 este mi\u00e9rcoles a la alcaldesa de Madrid, Manuela Carmena, en un encuentro en la sede del Ministerio en el que debatir\u00e1n sobre las tasas de la actividad tur\u00edstica, entre otros asuntos. &quot;En una ciudad como Madrid, es preciso que todos trabajemos para incentivar la llegada de turistas. En\" \/>\n\t\t<meta name=\"twitter:image\" content=\"https:\/\/eldigitaldeasturias.com\/magazine365\/wp-content\/uploads\/2015\/07\/fotonoticia_20150715110737_800.jpg\" \/>\n\t\t<script type=\"application\/ld+json\" class=\"aioseo-schema\">\n\t\t\t{\"@context\":\"https:\\\/\\\/schema.org\",\"@graph\":[{\"@type\":\"Article\",\"@id\":\"https:\\\/\\\/eldigitaldeasturias.com\\\/magazine365\\\/pastor-pedira-a-carmena-que-no-frene-el-turismo-con-tasas-este-miercoles\\\/#article\",\"name\":\"Pastor pedir\\u00e1 a Carmena que no frene el turismo con tasas este mi\\u00e9rcoles | El Digital de Asturias\",\"headline\":\"Pastor pedir\\u00e1 a Carmena que no frene el turismo con tasas este mi\\u00e9rcoles\",\"author\":{\"@id\":\"https:\\\/\\\/eldigitaldeasturias.com\\\/magazine365\\\/author\\\/admin\\\/#author\"},\"publisher\":{\"@id\":\"https:\\\/\\\/eldigitaldeasturias.com\\\/magazine365\\\/#organization\"},\"image\":{\"@type\":\"ImageObject\",\"url\":\"https:\\\/\\\/eldigitaldeasturias.com\\\/magazine365\\\/wp-content\\\/uploads\\\/2015\\\/07\\\/fotonoticia_20150715110737_800.jpg\",\"width\":800,\"height\":1200},\"datePublished\":\"2015-07-16T04:27:37+02:00\",\"dateModified\":\"2015-07-16T04:27:37+02:00\",\"inLanguage\":\"es-ES\",\"mainEntityOfPage\":{\"@id\":\"https:\\\/\\\/eldigitaldeasturias.com\\\/magazine365\\\/pastor-pedira-a-carmena-que-no-frene-el-turismo-con-tasas-este-miercoles\\\/#webpage\"},\"isPartOf\":{\"@id\":\"https:\\\/\\\/eldigitaldeasturias.com\\\/magazine365\\\/pastor-pedira-a-carmena-que-no-frene-el-turismo-con-tasas-este-miercoles\\\/#webpage\"},\"articleSection\":\"Actualidad Turismo\"},{\"@type\":\"BreadcrumbList\",\"@id\":\"https:\\\/\\\/eldigitaldeasturias.com\\\/magazine365\\\/pastor-pedira-a-carmena-que-no-frene-el-turismo-con-tasas-este-miercoles\\\/#breadcrumblist\",\"itemListElement\":[{\"@type\":\"ListItem\",\"@id\":\"https:\\\/\\\/eldigitaldeasturias.com\\\/magazine365#listItem\",\"position\":1,\"name\":\"Home\",\"item\":\"https:\\\/\\\/eldigitaldeasturias.com\\\/magazine365\",\"nextItem\":{\"@type\":\"ListItem\",\"@id\":\"https:\\\/\\\/eldigitaldeasturias.com\\\/magazine365\\\/category\\\/actualidad-turismo\\\/#listItem\",\"name\":\"Actualidad Turismo\"}},{\"@type\":\"ListItem\",\"@id\":\"https:\\\/\\\/eldigitaldeasturias.com\\\/magazine365\\\/category\\\/actualidad-turismo\\\/#listItem\",\"position\":2,\"name\":\"Actualidad Turismo\",\"item\":\"https:\\\/\\\/eldigitaldeasturias.com\\\/magazine365\\\/category\\\/actualidad-turismo\\\/\",\"nextItem\":{\"@type\":\"ListItem\",\"@id\":\"https:\\\/\\\/eldigitaldeasturias.com\\\/magazine365\\\/pastor-pedira-a-carmena-que-no-frene-el-turismo-con-tasas-este-miercoles\\\/#listItem\",\"name\":\"Pastor pedir\\u00e1 a Carmena que no frene el turismo con tasas este mi\\u00e9rcoles\"},\"previousItem\":{\"@type\":\"ListItem\",\"@id\":\"https:\\\/\\\/eldigitaldeasturias.com\\\/magazine365#listItem\",\"name\":\"Home\"}},{\"@type\":\"ListItem\",\"@id\":\"https:\\\/\\\/eldigitaldeasturias.com\\\/magazine365\\\/pastor-pedira-a-carmena-que-no-frene-el-turismo-con-tasas-este-miercoles\\\/#listItem\",\"position\":3,\"name\":\"Pastor pedir\\u00e1 a Carmena que no frene el turismo con tasas este mi\\u00e9rcoles\",\"previousItem\":{\"@type\":\"ListItem\",\"@id\":\"https:\\\/\\\/eldigitaldeasturias.com\\\/magazine365\\\/category\\\/actualidad-turismo\\\/#listItem\",\"name\":\"Actualidad Turismo\"}}]},{\"@type\":\"Organization\",\"@id\":\"https:\\\/\\\/eldigitaldeasturias.com\\\/magazine365\\\/#organization\",\"name\":\"El digital de Asturias\",\"description\":\"Revista de ocio, turismo y estilo de vida\",\"url\":\"https:\\\/\\\/eldigitaldeasturias.com\\\/magazine365\\\/\",\"logo\":{\"@type\":\"ImageObject\",\"url\":\"https:\\\/\\\/www.eldigitaldeasturias.com\\\/noticias\\\/wp-content\\\/uploads\\\/2020\\\/12\\\/EDA.jpg\",\"@id\":\"https:\\\/\\\/eldigitaldeasturias.com\\\/magazine365\\\/pastor-pedira-a-carmena-que-no-frene-el-turismo-con-tasas-este-miercoles\\\/#organizationLogo\"},\"image\":{\"@id\":\"https:\\\/\\\/eldigitaldeasturias.com\\\/magazine365\\\/pastor-pedira-a-carmena-que-no-frene-el-turismo-con-tasas-este-miercoles\\\/#organizationLogo\"}},{\"@type\":\"Person\",\"@id\":\"https:\\\/\\\/eldigitaldeasturias.com\\\/magazine365\\\/author\\\/admin\\\/#author\",\"url\":\"https:\\\/\\\/eldigitaldeasturias.com\\\/magazine365\\\/author\\\/admin\\\/\",\"name\":\"admin\",\"image\":{\"@type\":\"ImageObject\",\"@id\":\"https:\\\/\\\/eldigitaldeasturias.com\\\/magazine365\\\/pastor-pedira-a-carmena-que-no-frene-el-turismo-con-tasas-este-miercoles\\\/#authorImage\",\"url\":\"https:\\\/\\\/eldigitaldeasturias.com\\\/magazine365\\\/wp-content\\\/litespeed\\\/avatar\\\/e571bcf59a0edd6fa6838245a470f2fe.jpg?ver=1777574230\",\"width\":96,\"height\":96,\"caption\":\"admin\"}},{\"@type\":\"WebPage\",\"@id\":\"https:\\\/\\\/eldigitaldeasturias.com\\\/magazine365\\\/pastor-pedira-a-carmena-que-no-frene-el-turismo-con-tasas-este-miercoles\\\/#webpage\",\"url\":\"https:\\\/\\\/eldigitaldeasturias.com\\\/magazine365\\\/pastor-pedira-a-carmena-que-no-frene-el-turismo-con-tasas-este-miercoles\\\/\",\"name\":\"Pastor pedir\\u00e1 a Carmena que no frene el turismo con tasas este mi\\u00e9rcoles | El Digital de Asturias\",\"description\":\"La ministra de Fomento, Ana Pastor, recibir\\u00e1 este mi\\u00e9rcoles a la alcaldesa de Madrid, Manuela Carmena, en un encuentro en la sede del Ministerio en el que debatir\\u00e1n sobre las tasas de la actividad tur\\u00edstica, entre otros asuntos. \\\"En una ciudad como Madrid, es preciso que todos trabajemos para incentivar la llegada de turistas. En\",\"inLanguage\":\"es-ES\",\"isPartOf\":{\"@id\":\"https:\\\/\\\/eldigitaldeasturias.com\\\/magazine365\\\/#website\"},\"breadcrumb\":{\"@id\":\"https:\\\/\\\/eldigitaldeasturias.com\\\/magazine365\\\/pastor-pedira-a-carmena-que-no-frene-el-turismo-con-tasas-este-miercoles\\\/#breadcrumblist\"},\"author\":{\"@id\":\"https:\\\/\\\/eldigitaldeasturias.com\\\/magazine365\\\/author\\\/admin\\\/#author\"},\"creator\":{\"@id\":\"https:\\\/\\\/eldigitaldeasturias.com\\\/magazine365\\\/author\\\/admin\\\/#author\"},\"image\":{\"@type\":\"ImageObject\",\"url\":\"https:\\\/\\\/eldigitaldeasturias.com\\\/magazine365\\\/wp-content\\\/uploads\\\/2015\\\/07\\\/fotonoticia_20150715110737_800.jpg\",\"@id\":\"https:\\\/\\\/eldigitaldeasturias.com\\\/magazine365\\\/pastor-pedira-a-carmena-que-no-frene-el-turismo-con-tasas-este-miercoles\\\/#mainImage\",\"width\":800,\"height\":1200},\"primaryImageOfPage\":{\"@id\":\"https:\\\/\\\/eldigitaldeasturias.com\\\/magazine365\\\/pastor-pedira-a-carmena-que-no-frene-el-turismo-con-tasas-este-miercoles\\\/#mainImage\"},\"datePublished\":\"2015-07-16T04:27:37+02:00\",\"dateModified\":\"2015-07-16T04:27:37+02:00\"},{\"@type\":\"WebSite\",\"@id\":\"https:\\\/\\\/eldigitaldeasturias.com\\\/magazine365\\\/#website\",\"url\":\"https:\\\/\\\/eldigitaldeasturias.com\\\/magazine365\\\/\",\"name\":\"El Digital de Asturias\",\"description\":\"Revista de ocio, turismo y estilo de vida\",\"inLanguage\":\"es-ES\",\"publisher\":{\"@id\":\"https:\\\/\\\/eldigitaldeasturias.com\\\/magazine365\\\/#organization\"}}]}\n\t\t<\/script>\n\t\t<!-- All in One SEO Pro -->\r\n\t\t<title>Pastor pedir\u00e1 a Carmena que no frene el turismo con tasas este mi\u00e9rcoles | El Digital de Asturias<\/title>\n\n","aioseo_head_json":{"title":"Pastor pedir\u00e1 a Carmena que no frene el turismo con tasas este mi\u00e9rcoles | El Digital de Asturias","description":"La ministra de Fomento, Ana Pastor, recibir\u00e1 este mi\u00e9rcoles a la alcaldesa de Madrid, Manuela Carmena, en un encuentro en la sede del Ministerio en el que debatir\u00e1n sobre las tasas de la actividad tur\u00edstica, entre otros asuntos. \"En una ciudad como Madrid, es preciso que todos trabajemos para incentivar la llegada de turistas. En","canonical_url":"https:\/\/eldigitaldeasturias.com\/magazine365\/pastor-pedira-a-carmena-que-no-frene-el-turismo-con-tasas-este-miercoles\/","robots":"max-image-preview:large","keywords":"actualidad turismo","webmasterTools":{"google-site-verification":"UA-38556648-1","miscellaneous":""},"schema":{"@context":"https:\/\/schema.org","@graph":[{"@type":"Article","@id":"https:\/\/eldigitaldeasturias.com\/magazine365\/pastor-pedira-a-carmena-que-no-frene-el-turismo-con-tasas-este-miercoles\/#article","name":"Pastor pedir\u00e1 a Carmena que no frene el turismo con tasas este mi\u00e9rcoles | El Digital de Asturias","headline":"Pastor pedir\u00e1 a Carmena que no frene el turismo con tasas este mi\u00e9rcoles","author":{"@id":"https:\/\/eldigitaldeasturias.com\/magazine365\/author\/admin\/#author"},"publisher":{"@id":"https:\/\/eldigitaldeasturias.com\/magazine365\/#organization"},"image":{"@type":"ImageObject","url":"https:\/\/eldigitaldeasturias.com\/magazine365\/wp-content\/uploads\/2015\/07\/fotonoticia_20150715110737_800.jpg","width":800,"height":1200},"datePublished":"2015-07-16T04:27:37+02:00","dateModified":"2015-07-16T04:27:37+02:00","inLanguage":"es-ES","mainEntityOfPage":{"@id":"https:\/\/eldigitaldeasturias.com\/magazine365\/pastor-pedira-a-carmena-que-no-frene-el-turismo-con-tasas-este-miercoles\/#webpage"},"isPartOf":{"@id":"https:\/\/eldigitaldeasturias.com\/magazine365\/pastor-pedira-a-carmena-que-no-frene-el-turismo-con-tasas-este-miercoles\/#webpage"},"articleSection":"Actualidad Turismo"},{"@type":"BreadcrumbList","@id":"https:\/\/eldigitaldeasturias.com\/magazine365\/pastor-pedira-a-carmena-que-no-frene-el-turismo-con-tasas-este-miercoles\/#breadcrumblist","itemListElement":[{"@type":"ListItem","@id":"https:\/\/eldigitaldeasturias.com\/magazine365#listItem","position":1,"name":"Home","item":"https:\/\/eldigitaldeasturias.com\/magazine365","nextItem":{"@type":"ListItem","@id":"https:\/\/eldigitaldeasturias.com\/magazine365\/category\/actualidad-turismo\/#listItem","name":"Actualidad Turismo"}},{"@type":"ListItem","@id":"https:\/\/eldigitaldeasturias.com\/magazine365\/category\/actualidad-turismo\/#listItem","position":2,"name":"Actualidad Turismo","item":"https:\/\/eldigitaldeasturias.com\/magazine365\/category\/actualidad-turismo\/","nextItem":{"@type":"ListItem","@id":"https:\/\/eldigitaldeasturias.com\/magazine365\/pastor-pedira-a-carmena-que-no-frene-el-turismo-con-tasas-este-miercoles\/#listItem","name":"Pastor pedir\u00e1 a Carmena que no frene el turismo con tasas este mi\u00e9rcoles"},"previousItem":{"@type":"ListItem","@id":"https:\/\/eldigitaldeasturias.com\/magazine365#listItem","name":"Home"}},{"@type":"ListItem","@id":"https:\/\/eldigitaldeasturias.com\/magazine365\/pastor-pedira-a-carmena-que-no-frene-el-turismo-con-tasas-este-miercoles\/#listItem","position":3,"name":"Pastor pedir\u00e1 a Carmena que no frene el turismo con tasas este mi\u00e9rcoles","previousItem":{"@type":"ListItem","@id":"https:\/\/eldigitaldeasturias.com\/magazine365\/category\/actualidad-turismo\/#listItem","name":"Actualidad Turismo"}}]},{"@type":"Organization","@id":"https:\/\/eldigitaldeasturias.com\/magazine365\/#organization","name":"El digital de Asturias","description":"Revista de ocio, turismo y estilo de vida","url":"https:\/\/eldigitaldeasturias.com\/magazine365\/","logo":{"@type":"ImageObject","url":"https:\/\/www.eldigitaldeasturias.com\/noticias\/wp-content\/uploads\/2020\/12\/EDA.jpg","@id":"https:\/\/eldigitaldeasturias.com\/magazine365\/pastor-pedira-a-carmena-que-no-frene-el-turismo-con-tasas-este-miercoles\/#organizationLogo"},"image":{"@id":"https:\/\/eldigitaldeasturias.com\/magazine365\/pastor-pedira-a-carmena-que-no-frene-el-turismo-con-tasas-este-miercoles\/#organizationLogo"}},{"@type":"Person","@id":"https:\/\/eldigitaldeasturias.com\/magazine365\/author\/admin\/#author","url":"https:\/\/eldigitaldeasturias.com\/magazine365\/author\/admin\/","name":"admin","image":{"@type":"ImageObject","@id":"https:\/\/eldigitaldeasturias.com\/magazine365\/pastor-pedira-a-carmena-que-no-frene-el-turismo-con-tasas-este-miercoles\/#authorImage","url":"https:\/\/eldigitaldeasturias.com\/magazine365\/wp-content\/litespeed\/avatar\/e571bcf59a0edd6fa6838245a470f2fe.jpg?ver=1777574230","width":96,"height":96,"caption":"admin"}},{"@type":"WebPage","@id":"https:\/\/eldigitaldeasturias.com\/magazine365\/pastor-pedira-a-carmena-que-no-frene-el-turismo-con-tasas-este-miercoles\/#webpage","url":"https:\/\/eldigitaldeasturias.com\/magazine365\/pastor-pedira-a-carmena-que-no-frene-el-turismo-con-tasas-este-miercoles\/","name":"Pastor pedir\u00e1 a Carmena que no frene el turismo con tasas este mi\u00e9rcoles | El Digital de Asturias","description":"La ministra de Fomento, Ana Pastor, recibir\u00e1 este mi\u00e9rcoles a la alcaldesa de Madrid, Manuela Carmena, en un encuentro en la sede del Ministerio en el que debatir\u00e1n sobre las tasas de la actividad tur\u00edstica, entre otros asuntos. \"En una ciudad como Madrid, es preciso que todos trabajemos para incentivar la llegada de turistas. En","inLanguage":"es-ES","isPartOf":{"@id":"https:\/\/eldigitaldeasturias.com\/magazine365\/#website"},"breadcrumb":{"@id":"https:\/\/eldigitaldeasturias.com\/magazine365\/pastor-pedira-a-carmena-que-no-frene-el-turismo-con-tasas-este-miercoles\/#breadcrumblist"},"author":{"@id":"https:\/\/eldigitaldeasturias.com\/magazine365\/author\/admin\/#author"},"creator":{"@id":"https:\/\/eldigitaldeasturias.com\/magazine365\/author\/admin\/#author"},"image":{"@type":"ImageObject","url":"https:\/\/eldigitaldeasturias.com\/magazine365\/wp-content\/uploads\/2015\/07\/fotonoticia_20150715110737_800.jpg","@id":"https:\/\/eldigitaldeasturias.com\/magazine365\/pastor-pedira-a-carmena-que-no-frene-el-turismo-con-tasas-este-miercoles\/#mainImage","width":800,"height":1200},"primaryImageOfPage":{"@id":"https:\/\/eldigitaldeasturias.com\/magazine365\/pastor-pedira-a-carmena-que-no-frene-el-turismo-con-tasas-este-miercoles\/#mainImage"},"datePublished":"2015-07-16T04:27:37+02:00","dateModified":"2015-07-16T04:27:37+02:00"},{"@type":"WebSite","@id":"https:\/\/eldigitaldeasturias.com\/magazine365\/#website","url":"https:\/\/eldigitaldeasturias.com\/magazine365\/","name":"El Digital de Asturias","description":"Revista de ocio, turismo y estilo de vida","inLanguage":"es-ES","publisher":{"@id":"https:\/\/eldigitaldeasturias.com\/magazine365\/#organization"}}]},"og:locale":"es_ES","og:site_name":"El Digital de Asturias \u2013 Revista de ocio, turismo y estilo de vida","og:type":"article","og:title":"Pastor pedir\u00e1 a Carmena que no frene el turismo con tasas este mi\u00e9rcoles | El Digital de Asturias","og:description":"La ministra de Fomento, Ana Pastor, recibir\u00e1 este mi\u00e9rcoles a la alcaldesa de Madrid, Manuela Carmena, en un encuentro en la sede del Ministerio en el que debatir\u00e1n sobre las tasas de la actividad tur\u00edstica, entre otros asuntos. &quot;En una ciudad como Madrid, es preciso que todos trabajemos para incentivar la llegada de turistas. En","og:url":"https:\/\/eldigitaldeasturias.com\/magazine365\/pastor-pedira-a-carmena-que-no-frene-el-turismo-con-tasas-este-miercoles\/","og:image":"https:\/\/eldigitaldeasturias.com\/magazine365\/wp-content\/uploads\/2015\/07\/fotonoticia_20150715110737_800.jpg","og:image:secure_url":"https:\/\/eldigitaldeasturias.com\/magazine365\/wp-content\/uploads\/2015\/07\/fotonoticia_20150715110737_800.jpg","og:image:width":800,"og:image:height":1200,"article:published_time":"2015-07-16T02:27:37+00:00","article:modified_time":"2015-07-16T02:27:37+00:00","twitter:card":"summary_large_image","twitter:title":"Pastor pedir\u00e1 a Carmena que no frene el turismo con tasas este mi\u00e9rcoles | El Digital de Asturias","twitter:description":"La ministra de Fomento, Ana Pastor, recibir\u00e1 este mi\u00e9rcoles a la alcaldesa de Madrid, Manuela Carmena, en un encuentro en la sede del Ministerio en el que debatir\u00e1n sobre las tasas de la actividad tur\u00edstica, entre otros asuntos. &quot;En una ciudad como Madrid, es preciso que todos trabajemos para incentivar la llegada de turistas. En","twitter:image":"https:\/\/eldigitaldeasturias.com\/magazine365\/wp-content\/uploads\/2015\/07\/fotonoticia_20150715110737_800.jpg"},"aioseo_meta_data":{"post_id":"42751","title":null,"description":null,"keywords":null,"keyphrases":null,"primary_term":null,"canonical_url":null,"og_title":null,"og_description":null,"og_object_type":"default","og_image_type":"default","og_image_url":null,"og_image_width":null,"og_image_height":null,"og_image_custom_url":null,"og_image_custom_fields":null,"og_video":null,"og_custom_url":null,"og_article_section":null,"og_article_tags":null,"twitter_use_og":false,"twitter_card":"default","twitter_image_type":"default","twitter_image_url":null,"twitter_image_custom_url":null,"twitter_image_custom_fields":null,"twitter_title":null,"twitter_description":null,"schema":{"blockGraphs":[],"customGraphs":[],"default":{"data":{"Article":[],"Course":[],"Dataset":[],"FAQPage":[],"Movie":[],"Person":[],"Product":[],"ProductReview":[],"Car":[],"Recipe":[],"Service":[],"SoftwareApplication":[],"WebPage":[]},"graphName":"","isEnabled":true},"graphs":[],"defaultGraph":"","defaultPostTypeGraph":""},"schema_type":null,"schema_type_options":null,"pillar_content":false,"robots_default":true,"robots_noindex":false,"robots_noarchive":false,"robots_nosnippet":false,"robots_nofollow":false,"robots_noimageindex":false,"robots_noodp":false,"robots_notranslate":false,"robots_max_snippet":null,"robots_max_videopreview":null,"robots_max_imagepreview":"large","priority":null,"frequency":null,"location":null,"local_seo":null,"seo_analyzer_scan_date":"2025-09-19 18:25:24","breadcrumb_settings":null,"limit_modified_date":false,"open_ai":null,"ai":null,"created":"2021-03-09 01:56:40","updated":"2025-09-19 18:25:24"},"aioseo_breadcrumb":"<div class=\"aioseo-breadcrumbs\"><span class=\"aioseo-breadcrumb\">\n\t<a href=\"https:\/\/eldigitaldeasturias.com\/magazine365\" title=\"Home\">Home<\/a>\n<\/span><span class=\"aioseo-breadcrumb-separator\">\u2013<\/span><span class=\"aioseo-breadcrumb\">\n\t<a href=\"https:\/\/eldigitaldeasturias.com\/magazine365\/category\/actualidad-turismo\/\" title=\"Actualidad Turismo\">Actualidad Turismo<\/a>\n<\/span><span class=\"aioseo-breadcrumb-separator\">\u2013<\/span><span class=\"aioseo-breadcrumb\">\n\t<a href=\"https:\/\/eldigitaldeasturias.com\/magazine365\/pastor-pedira-a-carmena-que-no-frene-el-turismo-con-tasas-este-miercoles\/\" title=\"Pastor pedir\u00e1 a Carmena que no frene el turismo con tasas este mi\u00e9rcoles\">Pastor pedir\u00e1 a Carmena que no frene el turismo con tasas este mi\u00e9rcoles<\/a>\n<\/span><\/div>","aioseo_breadcrumb_json":[{"label":"Home","link":"https:\/\/eldigitaldeasturias.com\/magazine365"},{"label":"Actualidad Turismo","link":"https:\/\/eldigitaldeasturias.com\/magazine365\/category\/actualidad-turismo\/"},{"label":"Pastor pedir\u00e1 a Carmena que no frene el turismo con tasas este mi\u00e9rcoles","link":"https:\/\/eldigitaldeasturias.com\/magazine365\/pastor-pedira-a-carmena-que-no-frene-el-turismo-con-tasas-este-miercoles\/"}],"_links":{"self":[{"href":"https:\/\/eldigitaldeasturias.com\/magazine365\/wp-json\/wp\/v2\/posts\/42751","targetHints":{"allow":["GET"]}}],"collection":[{"href":"https:\/\/eldigitaldeasturias.com\/magazine365\/wp-json\/wp\/v2\/posts"}],"about":[{"href":"https:\/\/eldigitaldeasturias.com\/magazine365\/wp-json\/wp\/v2\/types\/post"}],"author":[{"embeddable":true,"href":"https:\/\/eldigitaldeasturias.com\/magazine365\/wp-json\/wp\/v2\/users\/1"}],"replies":[{"embeddable":true,"href":"https:\/\/eldigitaldeasturias.com\/magazine365\/wp-json\/wp\/v2\/comments?post=42751"}],"version-history":[{"count":0,"href":"https:\/\/eldigitaldeasturias.com\/magazine365\/wp-json\/wp\/v2\/posts\/42751\/revisions"}],"wp:featuredmedia":[{"embeddable":true,"href":"https:\/\/eldigitaldeasturias.com\/magazine365\/wp-json\/wp\/v2\/media\/42752"}],"wp:attachment":[{"href":"https:\/\/eldigitaldeasturias.com\/magazine365\/wp-json\/wp\/v2\/media?parent=42751"}],"wp:term":[{"taxonomy":"category","embeddable":true,"href":"https:\/\/eldigitaldeasturias.com\/magazine365\/wp-json\/wp\/v2\/categories?post=42751"},{"taxonomy":"post_tag","embeddable":true,"href":"https:\/\/eldigitaldeasturias.com\/magazine365\/wp-json\/wp\/v2\/tags?post=42751"}],"curies":[{"name":"wp","href":"https:\/\/api.w.org\/{rel}","templated":true}]}}