{"id":42748,"date":"2015-07-16T04:25:20","date_gmt":"2015-07-16T02:25:20","guid":{"rendered":"http:\/\/eldigitaldeasturias.com\/magazine365\/?p=42748"},"modified":"2015-07-16T04:25:20","modified_gmt":"2015-07-16T02:25:20","slug":"el-aeropuerto-de-bilbao-estrena-parking-expres-en-la-zona-de-salidas","status":"publish","type":"post","link":"https:\/\/eldigitaldeasturias.com\/magazine365\/el-aeropuerto-de-bilbao-estrena-parking-expres-en-la-zona-de-salidas\/","title":{"rendered":"El aeropuerto de Bilbao estrena parking expr\u00e9s en la zona de salidas"},"content":{"rendered":"<p><img fetchpriority=\"high\" decoding=\"async\" class=\"alignleft size-medium wp-image-42749\" src=\"https:\/\/eldigitaldeasturias.com\/magazine365\/wp-content\/uploads\/2015\/07\/fotonoticia_20150715105821_800-360x203.jpg\" alt=\"fotonoticia_20150715105821_800\" width=\"360\" height=\"203\" srcset=\"https:\/\/eldigitaldeasturias.com\/magazine365\/wp-content\/uploads\/2015\/07\/fotonoticia_20150715105821_800-360x203.jpg 360w, https:\/\/eldigitaldeasturias.com\/magazine365\/wp-content\/uploads\/2015\/07\/fotonoticia_20150715105821_800-650x366.jpg 650w, https:\/\/eldigitaldeasturias.com\/magazine365\/wp-content\/uploads\/2015\/07\/fotonoticia_20150715105821_800-768x432.jpg 768w, https:\/\/eldigitaldeasturias.com\/magazine365\/wp-content\/uploads\/2015\/07\/fotonoticia_20150715105821_800-150x84.jpg 150w, https:\/\/eldigitaldeasturias.com\/magazine365\/wp-content\/uploads\/2015\/07\/fotonoticia_20150715105821_800-450x253.jpg 450w, https:\/\/eldigitaldeasturias.com\/magazine365\/wp-content\/uploads\/2015\/07\/fotonoticia_20150715105821_800-696x392.jpg 696w, https:\/\/eldigitaldeasturias.com\/magazine365\/wp-content\/uploads\/2015\/07\/fotonoticia_20150715105821_800-747x420.jpg 747w, https:\/\/eldigitaldeasturias.com\/magazine365\/wp-content\/uploads\/2015\/07\/fotonoticia_20150715105821_800-499x280.jpg 499w, https:\/\/eldigitaldeasturias.com\/magazine365\/wp-content\/uploads\/2015\/07\/fotonoticia_20150715105821_800.jpg 800w\" sizes=\"(max-width: 360px) 100vw, 360px\" \/>El aeropuerto de Bilbao pondr\u00e1 este jueves en servicio un nuevo parking expr\u00e9s en &#8216;Salidas&#8217;, a pocos metros de los mostradores de facturaci\u00f3n, con el objetivo de ofrecer \u00abmayor comodidad\u00bb a pasajeros y acompa\u00f1antes.<\/p>\n<p>Seg\u00fan ha informado el aer\u00f3dromo bilba\u00edno, la nueva \u00e1rea de estacionamiento, que dispone de 15 minutos de cortes\u00eda para todos los usuarios, tiene el objetivo de ordenar el tr\u00e1fico de la planta superior del edificio terminal y facilitar el flujo de pasajeros que se acercan al aeropuerto en veh\u00edculo privado.<\/p>\n<p>La apertura del nuevo parking expr\u00e9s se llevar\u00e1 a cabo este jueves para compatibilizarlo con un \u00abmomento adecuado\u00bb de la campa\u00f1a de verano, que hasta ahora se ha caracterizado por los \u00abgrandes vol\u00famenes\u00bb de pasajeros que han usado el aeropuerto.<\/p>\n","protected":false},"excerpt":{"rendered":"<p>El aeropuerto de Bilbao pondr\u00e1 este jueves en servicio un nuevo parking expr\u00e9s en &#8216;Salidas&#8217;, a pocos metros de los mostradores de facturaci\u00f3n, con el objetivo de ofrecer \u00abmayor comodidad\u00bb a pasajeros y acompa\u00f1antes. Seg\u00fan ha informado el aer\u00f3dromo bilba\u00edno, la nueva \u00e1rea de estacionamiento, que dispone de 15 minutos de cortes\u00eda para todos los<\/p>\n","protected":false},"author":1,"featured_media":42749,"comment_status":"open","ping_status":"closed","sticky":false,"template":"","format":"standard","meta":{"footnotes":""},"categories":[222],"tags":[],"class_list":{"0":"post-42748","1":"post","2":"type-post","3":"status-publish","4":"format-standard","5":"has-post-thumbnail","7":"category-actualidad-turismo"},"aioseo_notices":[],"aioseo_head":"\n\t\t<!-- All in One SEO Pro 4.9.6.1 - aioseo.com -->\n\t<meta name=\"description\" content=\"El aeropuerto de Bilbao pondr\u00e1 este jueves en servicio un nuevo parking expr\u00e9s en &#039;Salidas&#039;, a pocos metros de los mostradores de facturaci\u00f3n, con el objetivo de ofrecer &quot;mayor comodidad&quot; a pasajeros y acompa\u00f1antes. Seg\u00fan ha informado el aer\u00f3dromo bilba\u00edno, la nueva \u00e1rea de estacionamiento, que dispone de 15 minutos de cortes\u00eda para todos los\" \/>\n\t<meta name=\"robots\" content=\"max-image-preview:large\" \/>\n\t<meta name=\"author\" content=\"admin\"\/>\n\t<meta name=\"google-site-verification\" content=\"UA-38556648-1\" \/>\n\t<meta name=\"keywords\" content=\"actualidad turismo\" \/>\n\t<link rel=\"canonical\" href=\"https:\/\/eldigitaldeasturias.com\/magazine365\/el-aeropuerto-de-bilbao-estrena-parking-expres-en-la-zona-de-salidas\/\" \/>\n\t<meta name=\"generator\" content=\"All in One SEO Pro (AIOSEO) 4.9.6.1\" \/>\n\t\t<meta property=\"og:locale\" content=\"es_ES\" \/>\n\t\t<meta property=\"og:site_name\" content=\"El Digital de Asturias \u2013 Revista de ocio, turismo y estilo de vida\" \/>\n\t\t<meta property=\"og:type\" content=\"article\" \/>\n\t\t<meta property=\"og:title\" content=\"El aeropuerto de Bilbao estrena parking expr\u00e9s en la zona de salidas | El Digital de Asturias\" \/>\n\t\t<meta property=\"og:description\" content=\"El aeropuerto de Bilbao pondr\u00e1 este jueves en servicio un nuevo parking expr\u00e9s en &#039;Salidas&#039;, a pocos metros de los mostradores de facturaci\u00f3n, con el objetivo de ofrecer &quot;mayor comodidad&quot; a pasajeros y acompa\u00f1antes. Seg\u00fan ha informado el aer\u00f3dromo bilba\u00edno, la nueva \u00e1rea de estacionamiento, que dispone de 15 minutos de cortes\u00eda para todos los\" \/>\n\t\t<meta property=\"og:url\" content=\"https:\/\/eldigitaldeasturias.com\/magazine365\/el-aeropuerto-de-bilbao-estrena-parking-expres-en-la-zona-de-salidas\/\" \/>\n\t\t<meta property=\"og:image\" content=\"https:\/\/eldigitaldeasturias.com\/magazine365\/wp-content\/uploads\/2015\/07\/fotonoticia_20150715105821_800.jpg\" \/>\n\t\t<meta property=\"og:image:secure_url\" content=\"https:\/\/eldigitaldeasturias.com\/magazine365\/wp-content\/uploads\/2015\/07\/fotonoticia_20150715105821_800.jpg\" \/>\n\t\t<meta property=\"og:image:width\" content=\"800\" \/>\n\t\t<meta property=\"og:image:height\" content=\"450\" \/>\n\t\t<meta property=\"article:published_time\" content=\"2015-07-16T02:25:20+00:00\" \/>\n\t\t<meta property=\"article:modified_time\" content=\"2015-07-16T02:25:20+00:00\" \/>\n\t\t<meta name=\"twitter:card\" content=\"summary_large_image\" \/>\n\t\t<meta name=\"twitter:title\" content=\"El aeropuerto de Bilbao estrena parking expr\u00e9s en la zona de salidas | El Digital de Asturias\" \/>\n\t\t<meta name=\"twitter:description\" content=\"El aeropuerto de Bilbao pondr\u00e1 este jueves en servicio un nuevo parking expr\u00e9s en &#039;Salidas&#039;, a pocos metros de los mostradores de facturaci\u00f3n, con el objetivo de ofrecer &quot;mayor comodidad&quot; a pasajeros y acompa\u00f1antes. Seg\u00fan ha informado el aer\u00f3dromo bilba\u00edno, la nueva \u00e1rea de estacionamiento, que dispone de 15 minutos de cortes\u00eda para todos los\" \/>\n\t\t<meta name=\"twitter:image\" content=\"https:\/\/eldigitaldeasturias.com\/magazine365\/wp-content\/uploads\/2015\/07\/fotonoticia_20150715105821_800.jpg\" \/>\n\t\t<script type=\"application\/ld+json\" class=\"aioseo-schema\">\n\t\t\t{\"@context\":\"https:\\\/\\\/schema.org\",\"@graph\":[{\"@type\":\"Article\",\"@id\":\"https:\\\/\\\/eldigitaldeasturias.com\\\/magazine365\\\/el-aeropuerto-de-bilbao-estrena-parking-expres-en-la-zona-de-salidas\\\/#article\",\"name\":\"El aeropuerto de Bilbao estrena parking expr\\u00e9s en la zona de salidas | El Digital de Asturias\",\"headline\":\"El aeropuerto de Bilbao estrena parking expr\\u00e9s en la zona de salidas\",\"author\":{\"@id\":\"https:\\\/\\\/eldigitaldeasturias.com\\\/magazine365\\\/author\\\/admin\\\/#author\"},\"publisher\":{\"@id\":\"https:\\\/\\\/eldigitaldeasturias.com\\\/magazine365\\\/#organization\"},\"image\":{\"@type\":\"ImageObject\",\"url\":\"https:\\\/\\\/eldigitaldeasturias.com\\\/magazine365\\\/wp-content\\\/uploads\\\/2015\\\/07\\\/fotonoticia_20150715105821_800.jpg\",\"width\":800,\"height\":450},\"datePublished\":\"2015-07-16T04:25:20+02:00\",\"dateModified\":\"2015-07-16T04:25:20+02:00\",\"inLanguage\":\"es-ES\",\"mainEntityOfPage\":{\"@id\":\"https:\\\/\\\/eldigitaldeasturias.com\\\/magazine365\\\/el-aeropuerto-de-bilbao-estrena-parking-expres-en-la-zona-de-salidas\\\/#webpage\"},\"isPartOf\":{\"@id\":\"https:\\\/\\\/eldigitaldeasturias.com\\\/magazine365\\\/el-aeropuerto-de-bilbao-estrena-parking-expres-en-la-zona-de-salidas\\\/#webpage\"},\"articleSection\":\"Actualidad Turismo\"},{\"@type\":\"BreadcrumbList\",\"@id\":\"https:\\\/\\\/eldigitaldeasturias.com\\\/magazine365\\\/el-aeropuerto-de-bilbao-estrena-parking-expres-en-la-zona-de-salidas\\\/#breadcrumblist\",\"itemListElement\":[{\"@type\":\"ListItem\",\"@id\":\"https:\\\/\\\/eldigitaldeasturias.com\\\/magazine365#listItem\",\"position\":1,\"name\":\"Home\",\"item\":\"https:\\\/\\\/eldigitaldeasturias.com\\\/magazine365\",\"nextItem\":{\"@type\":\"ListItem\",\"@id\":\"https:\\\/\\\/eldigitaldeasturias.com\\\/magazine365\\\/category\\\/actualidad-turismo\\\/#listItem\",\"name\":\"Actualidad Turismo\"}},{\"@type\":\"ListItem\",\"@id\":\"https:\\\/\\\/eldigitaldeasturias.com\\\/magazine365\\\/category\\\/actualidad-turismo\\\/#listItem\",\"position\":2,\"name\":\"Actualidad Turismo\",\"item\":\"https:\\\/\\\/eldigitaldeasturias.com\\\/magazine365\\\/category\\\/actualidad-turismo\\\/\",\"nextItem\":{\"@type\":\"ListItem\",\"@id\":\"https:\\\/\\\/eldigitaldeasturias.com\\\/magazine365\\\/el-aeropuerto-de-bilbao-estrena-parking-expres-en-la-zona-de-salidas\\\/#listItem\",\"name\":\"El aeropuerto de Bilbao estrena parking expr\\u00e9s en la zona de salidas\"},\"previousItem\":{\"@type\":\"ListItem\",\"@id\":\"https:\\\/\\\/eldigitaldeasturias.com\\\/magazine365#listItem\",\"name\":\"Home\"}},{\"@type\":\"ListItem\",\"@id\":\"https:\\\/\\\/eldigitaldeasturias.com\\\/magazine365\\\/el-aeropuerto-de-bilbao-estrena-parking-expres-en-la-zona-de-salidas\\\/#listItem\",\"position\":3,\"name\":\"El aeropuerto de Bilbao estrena parking expr\\u00e9s en la zona de salidas\",\"previousItem\":{\"@type\":\"ListItem\",\"@id\":\"https:\\\/\\\/eldigitaldeasturias.com\\\/magazine365\\\/category\\\/actualidad-turismo\\\/#listItem\",\"name\":\"Actualidad Turismo\"}}]},{\"@type\":\"Organization\",\"@id\":\"https:\\\/\\\/eldigitaldeasturias.com\\\/magazine365\\\/#organization\",\"name\":\"El digital de Asturias\",\"description\":\"Revista de ocio, turismo y estilo de vida\",\"url\":\"https:\\\/\\\/eldigitaldeasturias.com\\\/magazine365\\\/\",\"logo\":{\"@type\":\"ImageObject\",\"url\":\"https:\\\/\\\/www.eldigitaldeasturias.com\\\/noticias\\\/wp-content\\\/uploads\\\/2020\\\/12\\\/EDA.jpg\",\"@id\":\"https:\\\/\\\/eldigitaldeasturias.com\\\/magazine365\\\/el-aeropuerto-de-bilbao-estrena-parking-expres-en-la-zona-de-salidas\\\/#organizationLogo\"},\"image\":{\"@id\":\"https:\\\/\\\/eldigitaldeasturias.com\\\/magazine365\\\/el-aeropuerto-de-bilbao-estrena-parking-expres-en-la-zona-de-salidas\\\/#organizationLogo\"}},{\"@type\":\"Person\",\"@id\":\"https:\\\/\\\/eldigitaldeasturias.com\\\/magazine365\\\/author\\\/admin\\\/#author\",\"url\":\"https:\\\/\\\/eldigitaldeasturias.com\\\/magazine365\\\/author\\\/admin\\\/\",\"name\":\"admin\",\"image\":{\"@type\":\"ImageObject\",\"@id\":\"https:\\\/\\\/eldigitaldeasturias.com\\\/magazine365\\\/el-aeropuerto-de-bilbao-estrena-parking-expres-en-la-zona-de-salidas\\\/#authorImage\",\"url\":\"https:\\\/\\\/eldigitaldeasturias.com\\\/magazine365\\\/wp-content\\\/litespeed\\\/avatar\\\/e571bcf59a0edd6fa6838245a470f2fe.jpg?ver=1777574230\",\"width\":96,\"height\":96,\"caption\":\"admin\"}},{\"@type\":\"WebPage\",\"@id\":\"https:\\\/\\\/eldigitaldeasturias.com\\\/magazine365\\\/el-aeropuerto-de-bilbao-estrena-parking-expres-en-la-zona-de-salidas\\\/#webpage\",\"url\":\"https:\\\/\\\/eldigitaldeasturias.com\\\/magazine365\\\/el-aeropuerto-de-bilbao-estrena-parking-expres-en-la-zona-de-salidas\\\/\",\"name\":\"El aeropuerto de Bilbao estrena parking expr\\u00e9s en la zona de salidas | El Digital de Asturias\",\"description\":\"El aeropuerto de Bilbao pondr\\u00e1 este jueves en servicio un nuevo parking expr\\u00e9s en 'Salidas', a pocos metros de los mostradores de facturaci\\u00f3n, con el objetivo de ofrecer \\\"mayor comodidad\\\" a pasajeros y acompa\\u00f1antes. Seg\\u00fan ha informado el aer\\u00f3dromo bilba\\u00edno, la nueva \\u00e1rea de estacionamiento, que dispone de 15 minutos de cortes\\u00eda para todos los\",\"inLanguage\":\"es-ES\",\"isPartOf\":{\"@id\":\"https:\\\/\\\/eldigitaldeasturias.com\\\/magazine365\\\/#website\"},\"breadcrumb\":{\"@id\":\"https:\\\/\\\/eldigitaldeasturias.com\\\/magazine365\\\/el-aeropuerto-de-bilbao-estrena-parking-expres-en-la-zona-de-salidas\\\/#breadcrumblist\"},\"author\":{\"@id\":\"https:\\\/\\\/eldigitaldeasturias.com\\\/magazine365\\\/author\\\/admin\\\/#author\"},\"creator\":{\"@id\":\"https:\\\/\\\/eldigitaldeasturias.com\\\/magazine365\\\/author\\\/admin\\\/#author\"},\"image\":{\"@type\":\"ImageObject\",\"url\":\"https:\\\/\\\/eldigitaldeasturias.com\\\/magazine365\\\/wp-content\\\/uploads\\\/2015\\\/07\\\/fotonoticia_20150715105821_800.jpg\",\"@id\":\"https:\\\/\\\/eldigitaldeasturias.com\\\/magazine365\\\/el-aeropuerto-de-bilbao-estrena-parking-expres-en-la-zona-de-salidas\\\/#mainImage\",\"width\":800,\"height\":450},\"primaryImageOfPage\":{\"@id\":\"https:\\\/\\\/eldigitaldeasturias.com\\\/magazine365\\\/el-aeropuerto-de-bilbao-estrena-parking-expres-en-la-zona-de-salidas\\\/#mainImage\"},\"datePublished\":\"2015-07-16T04:25:20+02:00\",\"dateModified\":\"2015-07-16T04:25:20+02:00\"},{\"@type\":\"WebSite\",\"@id\":\"https:\\\/\\\/eldigitaldeasturias.com\\\/magazine365\\\/#website\",\"url\":\"https:\\\/\\\/eldigitaldeasturias.com\\\/magazine365\\\/\",\"name\":\"El Digital de Asturias\",\"description\":\"Revista de ocio, turismo y estilo de vida\",\"inLanguage\":\"es-ES\",\"publisher\":{\"@id\":\"https:\\\/\\\/eldigitaldeasturias.com\\\/magazine365\\\/#organization\"}}]}\n\t\t<\/script>\n\t\t<!-- All in One SEO Pro -->\r\n\t\t<title>El aeropuerto de Bilbao estrena parking expr\u00e9s en la zona de salidas | El Digital de Asturias<\/title>\n\n","aioseo_head_json":{"title":"El aeropuerto de Bilbao estrena parking expr\u00e9s en la zona de salidas | El Digital de Asturias","description":"El aeropuerto de Bilbao pondr\u00e1 este jueves en servicio un nuevo parking expr\u00e9s en 'Salidas', a pocos metros de los mostradores de facturaci\u00f3n, con el objetivo de ofrecer \"mayor comodidad\" a pasajeros y acompa\u00f1antes. Seg\u00fan ha informado el aer\u00f3dromo bilba\u00edno, la nueva \u00e1rea de estacionamiento, que dispone de 15 minutos de cortes\u00eda para todos los","canonical_url":"https:\/\/eldigitaldeasturias.com\/magazine365\/el-aeropuerto-de-bilbao-estrena-parking-expres-en-la-zona-de-salidas\/","robots":"max-image-preview:large","keywords":"actualidad turismo","webmasterTools":{"google-site-verification":"UA-38556648-1","miscellaneous":""},"schema":{"@context":"https:\/\/schema.org","@graph":[{"@type":"Article","@id":"https:\/\/eldigitaldeasturias.com\/magazine365\/el-aeropuerto-de-bilbao-estrena-parking-expres-en-la-zona-de-salidas\/#article","name":"El aeropuerto de Bilbao estrena parking expr\u00e9s en la zona de salidas | El Digital de Asturias","headline":"El aeropuerto de Bilbao estrena parking expr\u00e9s en la zona de salidas","author":{"@id":"https:\/\/eldigitaldeasturias.com\/magazine365\/author\/admin\/#author"},"publisher":{"@id":"https:\/\/eldigitaldeasturias.com\/magazine365\/#organization"},"image":{"@type":"ImageObject","url":"https:\/\/eldigitaldeasturias.com\/magazine365\/wp-content\/uploads\/2015\/07\/fotonoticia_20150715105821_800.jpg","width":800,"height":450},"datePublished":"2015-07-16T04:25:20+02:00","dateModified":"2015-07-16T04:25:20+02:00","inLanguage":"es-ES","mainEntityOfPage":{"@id":"https:\/\/eldigitaldeasturias.com\/magazine365\/el-aeropuerto-de-bilbao-estrena-parking-expres-en-la-zona-de-salidas\/#webpage"},"isPartOf":{"@id":"https:\/\/eldigitaldeasturias.com\/magazine365\/el-aeropuerto-de-bilbao-estrena-parking-expres-en-la-zona-de-salidas\/#webpage"},"articleSection":"Actualidad Turismo"},{"@type":"BreadcrumbList","@id":"https:\/\/eldigitaldeasturias.com\/magazine365\/el-aeropuerto-de-bilbao-estrena-parking-expres-en-la-zona-de-salidas\/#breadcrumblist","itemListElement":[{"@type":"ListItem","@id":"https:\/\/eldigitaldeasturias.com\/magazine365#listItem","position":1,"name":"Home","item":"https:\/\/eldigitaldeasturias.com\/magazine365","nextItem":{"@type":"ListItem","@id":"https:\/\/eldigitaldeasturias.com\/magazine365\/category\/actualidad-turismo\/#listItem","name":"Actualidad Turismo"}},{"@type":"ListItem","@id":"https:\/\/eldigitaldeasturias.com\/magazine365\/category\/actualidad-turismo\/#listItem","position":2,"name":"Actualidad Turismo","item":"https:\/\/eldigitaldeasturias.com\/magazine365\/category\/actualidad-turismo\/","nextItem":{"@type":"ListItem","@id":"https:\/\/eldigitaldeasturias.com\/magazine365\/el-aeropuerto-de-bilbao-estrena-parking-expres-en-la-zona-de-salidas\/#listItem","name":"El aeropuerto de Bilbao estrena parking expr\u00e9s en la zona de salidas"},"previousItem":{"@type":"ListItem","@id":"https:\/\/eldigitaldeasturias.com\/magazine365#listItem","name":"Home"}},{"@type":"ListItem","@id":"https:\/\/eldigitaldeasturias.com\/magazine365\/el-aeropuerto-de-bilbao-estrena-parking-expres-en-la-zona-de-salidas\/#listItem","position":3,"name":"El aeropuerto de Bilbao estrena parking expr\u00e9s en la zona de salidas","previousItem":{"@type":"ListItem","@id":"https:\/\/eldigitaldeasturias.com\/magazine365\/category\/actualidad-turismo\/#listItem","name":"Actualidad Turismo"}}]},{"@type":"Organization","@id":"https:\/\/eldigitaldeasturias.com\/magazine365\/#organization","name":"El digital de Asturias","description":"Revista de ocio, turismo y estilo de vida","url":"https:\/\/eldigitaldeasturias.com\/magazine365\/","logo":{"@type":"ImageObject","url":"https:\/\/www.eldigitaldeasturias.com\/noticias\/wp-content\/uploads\/2020\/12\/EDA.jpg","@id":"https:\/\/eldigitaldeasturias.com\/magazine365\/el-aeropuerto-de-bilbao-estrena-parking-expres-en-la-zona-de-salidas\/#organizationLogo"},"image":{"@id":"https:\/\/eldigitaldeasturias.com\/magazine365\/el-aeropuerto-de-bilbao-estrena-parking-expres-en-la-zona-de-salidas\/#organizationLogo"}},{"@type":"Person","@id":"https:\/\/eldigitaldeasturias.com\/magazine365\/author\/admin\/#author","url":"https:\/\/eldigitaldeasturias.com\/magazine365\/author\/admin\/","name":"admin","image":{"@type":"ImageObject","@id":"https:\/\/eldigitaldeasturias.com\/magazine365\/el-aeropuerto-de-bilbao-estrena-parking-expres-en-la-zona-de-salidas\/#authorImage","url":"https:\/\/eldigitaldeasturias.com\/magazine365\/wp-content\/litespeed\/avatar\/e571bcf59a0edd6fa6838245a470f2fe.jpg?ver=1777574230","width":96,"height":96,"caption":"admin"}},{"@type":"WebPage","@id":"https:\/\/eldigitaldeasturias.com\/magazine365\/el-aeropuerto-de-bilbao-estrena-parking-expres-en-la-zona-de-salidas\/#webpage","url":"https:\/\/eldigitaldeasturias.com\/magazine365\/el-aeropuerto-de-bilbao-estrena-parking-expres-en-la-zona-de-salidas\/","name":"El aeropuerto de Bilbao estrena parking expr\u00e9s en la zona de salidas | El Digital de Asturias","description":"El aeropuerto de Bilbao pondr\u00e1 este jueves en servicio un nuevo parking expr\u00e9s en 'Salidas', a pocos metros de los mostradores de facturaci\u00f3n, con el objetivo de ofrecer \"mayor comodidad\" a pasajeros y acompa\u00f1antes. Seg\u00fan ha informado el aer\u00f3dromo bilba\u00edno, la nueva \u00e1rea de estacionamiento, que dispone de 15 minutos de cortes\u00eda para todos los","inLanguage":"es-ES","isPartOf":{"@id":"https:\/\/eldigitaldeasturias.com\/magazine365\/#website"},"breadcrumb":{"@id":"https:\/\/eldigitaldeasturias.com\/magazine365\/el-aeropuerto-de-bilbao-estrena-parking-expres-en-la-zona-de-salidas\/#breadcrumblist"},"author":{"@id":"https:\/\/eldigitaldeasturias.com\/magazine365\/author\/admin\/#author"},"creator":{"@id":"https:\/\/eldigitaldeasturias.com\/magazine365\/author\/admin\/#author"},"image":{"@type":"ImageObject","url":"https:\/\/eldigitaldeasturias.com\/magazine365\/wp-content\/uploads\/2015\/07\/fotonoticia_20150715105821_800.jpg","@id":"https:\/\/eldigitaldeasturias.com\/magazine365\/el-aeropuerto-de-bilbao-estrena-parking-expres-en-la-zona-de-salidas\/#mainImage","width":800,"height":450},"primaryImageOfPage":{"@id":"https:\/\/eldigitaldeasturias.com\/magazine365\/el-aeropuerto-de-bilbao-estrena-parking-expres-en-la-zona-de-salidas\/#mainImage"},"datePublished":"2015-07-16T04:25:20+02:00","dateModified":"2015-07-16T04:25:20+02:00"},{"@type":"WebSite","@id":"https:\/\/eldigitaldeasturias.com\/magazine365\/#website","url":"https:\/\/eldigitaldeasturias.com\/magazine365\/","name":"El Digital de Asturias","description":"Revista de ocio, turismo y estilo de vida","inLanguage":"es-ES","publisher":{"@id":"https:\/\/eldigitaldeasturias.com\/magazine365\/#organization"}}]},"og:locale":"es_ES","og:site_name":"El Digital de Asturias \u2013 Revista de ocio, turismo y estilo de vida","og:type":"article","og:title":"El aeropuerto de Bilbao estrena parking expr\u00e9s en la zona de salidas | El Digital de Asturias","og:description":"El aeropuerto de Bilbao pondr\u00e1 este jueves en servicio un nuevo parking expr\u00e9s en 'Salidas', a pocos metros de los mostradores de facturaci\u00f3n, con el objetivo de ofrecer &quot;mayor comodidad&quot; a pasajeros y acompa\u00f1antes. Seg\u00fan ha informado el aer\u00f3dromo bilba\u00edno, la nueva \u00e1rea de estacionamiento, que dispone de 15 minutos de cortes\u00eda para todos los","og:url":"https:\/\/eldigitaldeasturias.com\/magazine365\/el-aeropuerto-de-bilbao-estrena-parking-expres-en-la-zona-de-salidas\/","og:image":"https:\/\/eldigitaldeasturias.com\/magazine365\/wp-content\/uploads\/2015\/07\/fotonoticia_20150715105821_800.jpg","og:image:secure_url":"https:\/\/eldigitaldeasturias.com\/magazine365\/wp-content\/uploads\/2015\/07\/fotonoticia_20150715105821_800.jpg","og:image:width":800,"og:image:height":450,"article:published_time":"2015-07-16T02:25:20+00:00","article:modified_time":"2015-07-16T02:25:20+00:00","twitter:card":"summary_large_image","twitter:title":"El aeropuerto de Bilbao estrena parking expr\u00e9s en la zona de salidas | El Digital de Asturias","twitter:description":"El aeropuerto de Bilbao pondr\u00e1 este jueves en servicio un nuevo parking expr\u00e9s en 'Salidas', a pocos metros de los mostradores de facturaci\u00f3n, con el objetivo de ofrecer &quot;mayor comodidad&quot; a pasajeros y acompa\u00f1antes. Seg\u00fan ha informado el aer\u00f3dromo bilba\u00edno, la nueva \u00e1rea de estacionamiento, que dispone de 15 minutos de cortes\u00eda para todos los","twitter:image":"https:\/\/eldigitaldeasturias.com\/magazine365\/wp-content\/uploads\/2015\/07\/fotonoticia_20150715105821_800.jpg"},"aioseo_meta_data":{"post_id":"42748","title":null,"description":null,"keywords":null,"keyphrases":null,"primary_term":null,"canonical_url":null,"og_title":null,"og_description":null,"og_object_type":"default","og_image_type":"default","og_image_url":null,"og_image_width":null,"og_image_height":null,"og_image_custom_url":null,"og_image_custom_fields":null,"og_video":null,"og_custom_url":null,"og_article_section":null,"og_article_tags":null,"twitter_use_og":false,"twitter_card":"default","twitter_image_type":"default","twitter_image_url":null,"twitter_image_custom_url":null,"twitter_image_custom_fields":null,"twitter_title":null,"twitter_description":null,"schema":{"blockGraphs":[],"customGraphs":[],"default":{"data":{"Article":[],"Course":[],"Dataset":[],"FAQPage":[],"Movie":[],"Person":[],"Product":[],"ProductReview":[],"Car":[],"Recipe":[],"Service":[],"SoftwareApplication":[],"WebPage":[]},"graphName":"","isEnabled":true},"graphs":[],"defaultGraph":"","defaultPostTypeGraph":""},"schema_type":null,"schema_type_options":null,"pillar_content":false,"robots_default":true,"robots_noindex":false,"robots_noarchive":false,"robots_nosnippet":false,"robots_nofollow":false,"robots_noimageindex":false,"robots_noodp":false,"robots_notranslate":false,"robots_max_snippet":null,"robots_max_videopreview":null,"robots_max_imagepreview":"large","priority":null,"frequency":null,"location":null,"local_seo":null,"seo_analyzer_scan_date":"2025-09-19 18:25:23","breadcrumb_settings":null,"limit_modified_date":false,"open_ai":null,"ai":null,"created":"2021-03-09 01:56:40","updated":"2025-09-19 18:25:23"},"aioseo_breadcrumb":"<div class=\"aioseo-breadcrumbs\"><span class=\"aioseo-breadcrumb\">\n\t<a href=\"https:\/\/eldigitaldeasturias.com\/magazine365\" title=\"Home\">Home<\/a>\n<\/span><span class=\"aioseo-breadcrumb-separator\">\u2013<\/span><span class=\"aioseo-breadcrumb\">\n\t<a href=\"https:\/\/eldigitaldeasturias.com\/magazine365\/category\/actualidad-turismo\/\" title=\"Actualidad Turismo\">Actualidad Turismo<\/a>\n<\/span><span class=\"aioseo-breadcrumb-separator\">\u2013<\/span><span class=\"aioseo-breadcrumb\">\n\t<a href=\"https:\/\/eldigitaldeasturias.com\/magazine365\/el-aeropuerto-de-bilbao-estrena-parking-expres-en-la-zona-de-salidas\/\" title=\"El aeropuerto de Bilbao estrena parking expr\u00e9s en la zona de salidas\">El aeropuerto de Bilbao estrena parking expr\u00e9s en la zona de salidas<\/a>\n<\/span><\/div>","aioseo_breadcrumb_json":[{"label":"Home","link":"https:\/\/eldigitaldeasturias.com\/magazine365"},{"label":"Actualidad Turismo","link":"https:\/\/eldigitaldeasturias.com\/magazine365\/category\/actualidad-turismo\/"},{"label":"El aeropuerto de Bilbao estrena parking expr\u00e9s en la zona de salidas","link":"https:\/\/eldigitaldeasturias.com\/magazine365\/el-aeropuerto-de-bilbao-estrena-parking-expres-en-la-zona-de-salidas\/"}],"_links":{"self":[{"href":"https:\/\/eldigitaldeasturias.com\/magazine365\/wp-json\/wp\/v2\/posts\/42748","targetHints":{"allow":["GET"]}}],"collection":[{"href":"https:\/\/eldigitaldeasturias.com\/magazine365\/wp-json\/wp\/v2\/posts"}],"about":[{"href":"https:\/\/eldigitaldeasturias.com\/magazine365\/wp-json\/wp\/v2\/types\/post"}],"author":[{"embeddable":true,"href":"https:\/\/eldigitaldeasturias.com\/magazine365\/wp-json\/wp\/v2\/users\/1"}],"replies":[{"embeddable":true,"href":"https:\/\/eldigitaldeasturias.com\/magazine365\/wp-json\/wp\/v2\/comments?post=42748"}],"version-history":[{"count":0,"href":"https:\/\/eldigitaldeasturias.com\/magazine365\/wp-json\/wp\/v2\/posts\/42748\/revisions"}],"wp:featuredmedia":[{"embeddable":true,"href":"https:\/\/eldigitaldeasturias.com\/magazine365\/wp-json\/wp\/v2\/media\/42749"}],"wp:attachment":[{"href":"https:\/\/eldigitaldeasturias.com\/magazine365\/wp-json\/wp\/v2\/media?parent=42748"}],"wp:term":[{"taxonomy":"category","embeddable":true,"href":"https:\/\/eldigitaldeasturias.com\/magazine365\/wp-json\/wp\/v2\/categories?post=42748"},{"taxonomy":"post_tag","embeddable":true,"href":"https:\/\/eldigitaldeasturias.com\/magazine365\/wp-json\/wp\/v2\/tags?post=42748"}],"curies":[{"name":"wp","href":"https:\/\/api.w.org\/{rel}","templated":true}]}}