{"id":42740,"date":"2015-07-16T04:21:33","date_gmt":"2015-07-16T02:21:33","guid":{"rendered":"http:\/\/eldigitaldeasturias.com\/magazine365\/?p=42740"},"modified":"2015-07-16T04:21:33","modified_gmt":"2015-07-16T02:21:33","slug":"el-expo-trailer-gusapir-trae-a-logrono-el-sabor-y-la-calidad-del-pirineo","status":"publish","type":"post","link":"https:\/\/eldigitaldeasturias.com\/magazine365\/el-expo-trailer-gusapir-trae-a-logrono-el-sabor-y-la-calidad-del-pirineo\/","title":{"rendered":"El &#8216;Expo Trailer Gusapir&#8217; trae a Logro\u00f1o el sabor y la calidad del Pirineo"},"content":{"rendered":"<p><img fetchpriority=\"high\" decoding=\"async\" class=\"alignleft size-medium wp-image-42741\" src=\"https:\/\/eldigitaldeasturias.com\/magazine365\/wp-content\/uploads\/2015\/07\/fotonoticia_20150715105017_800-360x234.jpg\" alt=\"fotonoticia_20150715105017_800\" width=\"360\" height=\"234\" srcset=\"https:\/\/eldigitaldeasturias.com\/magazine365\/wp-content\/uploads\/2015\/07\/fotonoticia_20150715105017_800-360x234.jpg 360w, https:\/\/eldigitaldeasturias.com\/magazine365\/wp-content\/uploads\/2015\/07\/fotonoticia_20150715105017_800-650x423.jpg 650w, https:\/\/eldigitaldeasturias.com\/magazine365\/wp-content\/uploads\/2015\/07\/fotonoticia_20150715105017_800-768x500.jpg 768w, https:\/\/eldigitaldeasturias.com\/magazine365\/wp-content\/uploads\/2015\/07\/fotonoticia_20150715105017_800-150x98.jpg 150w, https:\/\/eldigitaldeasturias.com\/magazine365\/wp-content\/uploads\/2015\/07\/fotonoticia_20150715105017_800-450x293.jpg 450w, https:\/\/eldigitaldeasturias.com\/magazine365\/wp-content\/uploads\/2015\/07\/fotonoticia_20150715105017_800-696x453.jpg 696w, https:\/\/eldigitaldeasturias.com\/magazine365\/wp-content\/uploads\/2015\/07\/fotonoticia_20150715105017_800-645x420.jpg 645w, https:\/\/eldigitaldeasturias.com\/magazine365\/wp-content\/uploads\/2015\/07\/fotonoticia_20150715105017_800-225x145.jpg 225w, https:\/\/eldigitaldeasturias.com\/magazine365\/wp-content\/uploads\/2015\/07\/fotonoticia_20150715105017_800-84x55.jpg 84w, https:\/\/eldigitaldeasturias.com\/magazine365\/wp-content\/uploads\/2015\/07\/fotonoticia_20150715105017_800.jpg 800w\" sizes=\"(max-width: 360px) 100vw, 360px\" \/>Sensibilizar y promover una alimentaci\u00f3n saludable y de calidad es el objetivo del expo tr\u00e1iler del proyecto \u00abGusapir\u00bb (Gusto y Sabores del Pirineo), promovido por el Cluster de la Industria Alimentaria del Valle del Ebro FOOD+i.<\/p>\n<p>Podr\u00e1 visitarse los d\u00edas 15, 16 y 17 de julio en las instalaciones de la Fundaci\u00f3n Cultural Recreativa Cantabria de Logro\u00f1o, donde comienza su tour veraniego por La Rioja, Arag\u00f3n, Navarra y la zona pirenaica francesa.<\/p>\n<p>Junto a una exposici\u00f3n interactiva de alimentos seleccionados de las regiones pirenaicas, el expo tr\u00e1iler ofrecer\u00e1 degustaciones gratuitas de productos con marcas de calidad de La Rioja (aceite, vino, pimiento najerano, chorizo, pan sobado, peras de Rinc\u00f3n, jam\u00f3n serrano) y diversas catas dirigidas por expertos en an\u00e1lisis sensorial.<\/p>\n<p>La zona expositiva incluye v\u00eddeos y juegos, adem\u00e1s de paneles con informaci\u00f3n y muestras de productos de las regiones participantes. Podr\u00e1 visitarse el d\u00eda 15 de julio, de 17 a 20 horas, el 16 de julio, en horario de 11 a 14 y de 17 a 20 horas y el d\u00eda 17 de julio, de 11 a 14 horas.<\/p>\n<p>Los talleres degustaci\u00f3n tendr\u00e1n lugar el d\u00eda 16 de julio a las 12 horas (cata guiada de aceite de La Rioja), a las 13 horas (cata de chorizo riojano con pan sobado) y a las 17:30 horas (cata de pera de Rinc\u00f3n de Soto), y el d\u00eda 17 de julio, a las 11:30 (cata de jam\u00f3n y vino de Rioja) y a las 12:30 horas (cata de pimiento najerano con pan sobado).<\/p>\n<p>GIRA POR LA REGI\u00d3N<\/p>\n<p>Tras su estancia en Logro\u00f1o, el expo tr\u00e1iler visitar\u00e1 las localidades de Pamplona, Jaca, Graus y Lannemezan, donde se realizar\u00e1n talleres para ni\u00f1os con fruta fresca, manualidades con alimentos coloridos y saludables, actividades del \u00abd\u00eda de la longaniza\u00bb y otros eventos con los productos de calidad diferenciada como protagonistas.<\/p>\n<p>Como cierre de la gira, se celebrar\u00e1, el d\u00eda 26 de julio en Lannemezan (Francia), la I Feria Transfronteriza de promoci\u00f3n del Gusto y Sabores del Pirineo. En ella se realizar\u00e1n catas comentadas, talleres de fabricaci\u00f3n de productos tradicionales (mermeladas, pan, etc.), animaciones en torno al vino y muestras de diversos alimentos. Contar\u00e1, adem\u00e1s, con una zona showcooking para la elaboraci\u00f3n de tapas y pinchos, en la que participar\u00e1n cocineros espa\u00f1oles y franceses.<\/p>\n<p>INICIATIVA EUROPEA<\/p>\n<p>El proyecto europeo Gusapir defiende y promociona los alimentos con marcas de calidad como v\u00eda para contribuir al desarrollo econ\u00f3mico y social de las cuatro regiones que abarcan esta iniciativa: La Rioja, Navarra, Arag\u00f3n y el Alto Pirineo franc\u00e9s.<\/p>\n<p>El consorcio que lo impulsa est\u00e1 formado por cuatro socios representantes de estas zonas: la Communaut\u00e9 de Communes du Plateau de Lannemezan et des Ba\u00efses (CCPLB) (Hautes-Pyr\u00e9n\u00e9es), autoridad local francesa y l\u00edder del proyecto; la Fundaci\u00f3n FUNDAGRO (Navarra); la empresa p\u00fablica SARGA (Arag\u00f3n), y el Cluster FOOD+i (La Rioja).<\/p>\n<p>Entre los objetivos del proyecto figuran potenciar el sabor y la calidad como argumento diferencial de los productos pirenaicos; apoyar a las empresas de esta regi\u00f3n en la comercializaci\u00f3n de estos productos de alto valor; contribuir a la fijaci\u00f3n de la poblaci\u00f3n en el medio rural, y fomentar el \u00absabor del Pirineo\u00bb como v\u00eda para potenciar el turismo.<\/p>\n<p>Es una iniciativa financiada por el Programa POCTEFA a trav\u00e9s del Fondo Europeo de Desarollo Regional (FEDER). El Cluster FOOD+i act\u00faa como embajador de los productos de calidad de La Rioja en los diferentes eventos que se celebr\u00e1n dentro de este proyecto.<\/p>\n<p>Est\u00e1 llevando a cabo, adem\u00e1s, un estudio transfronterizo para evaluar las expectativas del consumidor final y su percepci\u00f3n respecto a las cualidades y caracter\u00edsticas de los productos tradicionales diferenciados con marcas de calidad, a trav\u00e9s de la plataforma on line de interacci\u00f3n con el consumidor www.mundosabor.es.<\/p>\n","protected":false},"excerpt":{"rendered":"<p>Sensibilizar y promover una alimentaci\u00f3n saludable y de calidad es el objetivo del expo tr\u00e1iler del proyecto \u00abGusapir\u00bb (Gusto y Sabores del Pirineo), promovido por el Cluster de la Industria Alimentaria del Valle del Ebro FOOD+i. Podr\u00e1 visitarse los d\u00edas 15, 16 y 17 de julio en las instalaciones de la Fundaci\u00f3n Cultural Recreativa Cantabria<\/p>\n","protected":false},"author":1,"featured_media":42741,"comment_status":"open","ping_status":"closed","sticky":false,"template":"","format":"standard","meta":{"footnotes":""},"categories":[224],"tags":[],"class_list":{"0":"post-42740","1":"post","2":"type-post","3":"status-publish","4":"format-standard","5":"has-post-thumbnail","7":"category-noticias-actualidad"},"aioseo_notices":[],"aioseo_head":"\n\t\t<!-- All in One SEO Pro 4.9.6.1 - aioseo.com -->\n\t<meta name=\"description\" content=\"Sensibilizar y promover una alimentaci\u00f3n saludable y de calidad es el objetivo del expo tr\u00e1iler del proyecto &quot;Gusapir&quot; (Gusto y Sabores del Pirineo), promovido por el Cluster de la Industria Alimentaria del Valle del Ebro FOOD+i. Podr\u00e1 visitarse los d\u00edas 15, 16 y 17 de julio en las instalaciones de la Fundaci\u00f3n Cultural Recreativa Cantabria\" \/>\n\t<meta name=\"robots\" content=\"max-image-preview:large\" \/>\n\t<meta name=\"author\" content=\"admin\"\/>\n\t<meta name=\"google-site-verification\" content=\"UA-38556648-1\" \/>\n\t<meta name=\"keywords\" content=\"noticias y actualidad\" \/>\n\t<link rel=\"canonical\" href=\"https:\/\/eldigitaldeasturias.com\/magazine365\/el-expo-trailer-gusapir-trae-a-logrono-el-sabor-y-la-calidad-del-pirineo\/\" \/>\n\t<meta name=\"generator\" content=\"All in One SEO Pro (AIOSEO) 4.9.6.1\" \/>\n\t\t<meta property=\"og:locale\" content=\"es_ES\" \/>\n\t\t<meta property=\"og:site_name\" content=\"El Digital de Asturias \u2013 Revista de ocio, turismo y estilo de vida\" \/>\n\t\t<meta property=\"og:type\" content=\"article\" \/>\n\t\t<meta property=\"og:title\" content=\"El \u2018Expo Trailer Gusapir\u2019 trae a Logro\u00f1o el sabor y la calidad del Pirineo | El Digital de Asturias\" \/>\n\t\t<meta property=\"og:description\" content=\"Sensibilizar y promover una alimentaci\u00f3n saludable y de calidad es el objetivo del expo tr\u00e1iler del proyecto &quot;Gusapir&quot; (Gusto y Sabores del Pirineo), promovido por el Cluster de la Industria Alimentaria del Valle del Ebro FOOD+i. Podr\u00e1 visitarse los d\u00edas 15, 16 y 17 de julio en las instalaciones de la Fundaci\u00f3n Cultural Recreativa Cantabria\" \/>\n\t\t<meta property=\"og:url\" content=\"https:\/\/eldigitaldeasturias.com\/magazine365\/el-expo-trailer-gusapir-trae-a-logrono-el-sabor-y-la-calidad-del-pirineo\/\" \/>\n\t\t<meta property=\"og:image\" content=\"https:\/\/eldigitaldeasturias.com\/magazine365\/wp-content\/uploads\/2015\/07\/fotonoticia_20150715105017_800.jpg\" \/>\n\t\t<meta property=\"og:image:secure_url\" content=\"https:\/\/eldigitaldeasturias.com\/magazine365\/wp-content\/uploads\/2015\/07\/fotonoticia_20150715105017_800.jpg\" \/>\n\t\t<meta property=\"og:image:width\" content=\"800\" \/>\n\t\t<meta property=\"og:image:height\" content=\"521\" \/>\n\t\t<meta property=\"article:published_time\" content=\"2015-07-16T02:21:33+00:00\" \/>\n\t\t<meta property=\"article:modified_time\" content=\"2015-07-16T02:21:33+00:00\" \/>\n\t\t<meta name=\"twitter:card\" content=\"summary_large_image\" \/>\n\t\t<meta name=\"twitter:title\" content=\"El \u2018Expo Trailer Gusapir\u2019 trae a Logro\u00f1o el sabor y la calidad del Pirineo | El Digital de Asturias\" \/>\n\t\t<meta name=\"twitter:description\" content=\"Sensibilizar y promover una alimentaci\u00f3n saludable y de calidad es el objetivo del expo tr\u00e1iler del proyecto &quot;Gusapir&quot; (Gusto y Sabores del Pirineo), promovido por el Cluster de la Industria Alimentaria del Valle del Ebro FOOD+i. Podr\u00e1 visitarse los d\u00edas 15, 16 y 17 de julio en las instalaciones de la Fundaci\u00f3n Cultural Recreativa Cantabria\" \/>\n\t\t<meta name=\"twitter:image\" content=\"https:\/\/eldigitaldeasturias.com\/magazine365\/wp-content\/uploads\/2015\/07\/fotonoticia_20150715105017_800.jpg\" \/>\n\t\t<script type=\"application\/ld+json\" class=\"aioseo-schema\">\n\t\t\t{\"@context\":\"https:\\\/\\\/schema.org\",\"@graph\":[{\"@type\":\"Article\",\"@id\":\"https:\\\/\\\/eldigitaldeasturias.com\\\/magazine365\\\/el-expo-trailer-gusapir-trae-a-logrono-el-sabor-y-la-calidad-del-pirineo\\\/#article\",\"name\":\"El \\u2018Expo Trailer Gusapir\\u2019 trae a Logro\\u00f1o el sabor y la calidad del Pirineo | El Digital de Asturias\",\"headline\":\"El &#8216;Expo Trailer Gusapir&#8217; trae a Logro\\u00f1o el sabor y la calidad del Pirineo\",\"author\":{\"@id\":\"https:\\\/\\\/eldigitaldeasturias.com\\\/magazine365\\\/author\\\/admin\\\/#author\"},\"publisher\":{\"@id\":\"https:\\\/\\\/eldigitaldeasturias.com\\\/magazine365\\\/#organization\"},\"image\":{\"@type\":\"ImageObject\",\"url\":\"https:\\\/\\\/eldigitaldeasturias.com\\\/magazine365\\\/wp-content\\\/uploads\\\/2015\\\/07\\\/fotonoticia_20150715105017_800.jpg\",\"width\":800,\"height\":521},\"datePublished\":\"2015-07-16T04:21:33+02:00\",\"dateModified\":\"2015-07-16T04:21:33+02:00\",\"inLanguage\":\"es-ES\",\"mainEntityOfPage\":{\"@id\":\"https:\\\/\\\/eldigitaldeasturias.com\\\/magazine365\\\/el-expo-trailer-gusapir-trae-a-logrono-el-sabor-y-la-calidad-del-pirineo\\\/#webpage\"},\"isPartOf\":{\"@id\":\"https:\\\/\\\/eldigitaldeasturias.com\\\/magazine365\\\/el-expo-trailer-gusapir-trae-a-logrono-el-sabor-y-la-calidad-del-pirineo\\\/#webpage\"},\"articleSection\":\"Noticias y Actualidad\"},{\"@type\":\"BreadcrumbList\",\"@id\":\"https:\\\/\\\/eldigitaldeasturias.com\\\/magazine365\\\/el-expo-trailer-gusapir-trae-a-logrono-el-sabor-y-la-calidad-del-pirineo\\\/#breadcrumblist\",\"itemListElement\":[{\"@type\":\"ListItem\",\"@id\":\"https:\\\/\\\/eldigitaldeasturias.com\\\/magazine365#listItem\",\"position\":1,\"name\":\"Home\",\"item\":\"https:\\\/\\\/eldigitaldeasturias.com\\\/magazine365\",\"nextItem\":{\"@type\":\"ListItem\",\"@id\":\"https:\\\/\\\/eldigitaldeasturias.com\\\/magazine365\\\/category\\\/noticias-actualidad\\\/#listItem\",\"name\":\"Noticias y Actualidad\"}},{\"@type\":\"ListItem\",\"@id\":\"https:\\\/\\\/eldigitaldeasturias.com\\\/magazine365\\\/category\\\/noticias-actualidad\\\/#listItem\",\"position\":2,\"name\":\"Noticias y Actualidad\",\"item\":\"https:\\\/\\\/eldigitaldeasturias.com\\\/magazine365\\\/category\\\/noticias-actualidad\\\/\",\"nextItem\":{\"@type\":\"ListItem\",\"@id\":\"https:\\\/\\\/eldigitaldeasturias.com\\\/magazine365\\\/el-expo-trailer-gusapir-trae-a-logrono-el-sabor-y-la-calidad-del-pirineo\\\/#listItem\",\"name\":\"El &#8216;Expo Trailer Gusapir&#8217; trae a Logro\\u00f1o el sabor y la calidad del Pirineo\"},\"previousItem\":{\"@type\":\"ListItem\",\"@id\":\"https:\\\/\\\/eldigitaldeasturias.com\\\/magazine365#listItem\",\"name\":\"Home\"}},{\"@type\":\"ListItem\",\"@id\":\"https:\\\/\\\/eldigitaldeasturias.com\\\/magazine365\\\/el-expo-trailer-gusapir-trae-a-logrono-el-sabor-y-la-calidad-del-pirineo\\\/#listItem\",\"position\":3,\"name\":\"El &#8216;Expo Trailer Gusapir&#8217; trae a Logro\\u00f1o el sabor y la calidad del Pirineo\",\"previousItem\":{\"@type\":\"ListItem\",\"@id\":\"https:\\\/\\\/eldigitaldeasturias.com\\\/magazine365\\\/category\\\/noticias-actualidad\\\/#listItem\",\"name\":\"Noticias y Actualidad\"}}]},{\"@type\":\"Organization\",\"@id\":\"https:\\\/\\\/eldigitaldeasturias.com\\\/magazine365\\\/#organization\",\"name\":\"El digital de Asturias\",\"description\":\"Revista de ocio, turismo y estilo de vida\",\"url\":\"https:\\\/\\\/eldigitaldeasturias.com\\\/magazine365\\\/\",\"logo\":{\"@type\":\"ImageObject\",\"url\":\"https:\\\/\\\/www.eldigitaldeasturias.com\\\/noticias\\\/wp-content\\\/uploads\\\/2020\\\/12\\\/EDA.jpg\",\"@id\":\"https:\\\/\\\/eldigitaldeasturias.com\\\/magazine365\\\/el-expo-trailer-gusapir-trae-a-logrono-el-sabor-y-la-calidad-del-pirineo\\\/#organizationLogo\"},\"image\":{\"@id\":\"https:\\\/\\\/eldigitaldeasturias.com\\\/magazine365\\\/el-expo-trailer-gusapir-trae-a-logrono-el-sabor-y-la-calidad-del-pirineo\\\/#organizationLogo\"}},{\"@type\":\"Person\",\"@id\":\"https:\\\/\\\/eldigitaldeasturias.com\\\/magazine365\\\/author\\\/admin\\\/#author\",\"url\":\"https:\\\/\\\/eldigitaldeasturias.com\\\/magazine365\\\/author\\\/admin\\\/\",\"name\":\"admin\",\"image\":{\"@type\":\"ImageObject\",\"@id\":\"https:\\\/\\\/eldigitaldeasturias.com\\\/magazine365\\\/el-expo-trailer-gusapir-trae-a-logrono-el-sabor-y-la-calidad-del-pirineo\\\/#authorImage\",\"url\":\"https:\\\/\\\/eldigitaldeasturias.com\\\/magazine365\\\/wp-content\\\/litespeed\\\/avatar\\\/e571bcf59a0edd6fa6838245a470f2fe.jpg?ver=1777574230\",\"width\":96,\"height\":96,\"caption\":\"admin\"}},{\"@type\":\"WebPage\",\"@id\":\"https:\\\/\\\/eldigitaldeasturias.com\\\/magazine365\\\/el-expo-trailer-gusapir-trae-a-logrono-el-sabor-y-la-calidad-del-pirineo\\\/#webpage\",\"url\":\"https:\\\/\\\/eldigitaldeasturias.com\\\/magazine365\\\/el-expo-trailer-gusapir-trae-a-logrono-el-sabor-y-la-calidad-del-pirineo\\\/\",\"name\":\"El \\u2018Expo Trailer Gusapir\\u2019 trae a Logro\\u00f1o el sabor y la calidad del Pirineo | El Digital de Asturias\",\"description\":\"Sensibilizar y promover una alimentaci\\u00f3n saludable y de calidad es el objetivo del expo tr\\u00e1iler del proyecto \\\"Gusapir\\\" (Gusto y Sabores del Pirineo), promovido por el Cluster de la Industria Alimentaria del Valle del Ebro FOOD+i. Podr\\u00e1 visitarse los d\\u00edas 15, 16 y 17 de julio en las instalaciones de la Fundaci\\u00f3n Cultural Recreativa Cantabria\",\"inLanguage\":\"es-ES\",\"isPartOf\":{\"@id\":\"https:\\\/\\\/eldigitaldeasturias.com\\\/magazine365\\\/#website\"},\"breadcrumb\":{\"@id\":\"https:\\\/\\\/eldigitaldeasturias.com\\\/magazine365\\\/el-expo-trailer-gusapir-trae-a-logrono-el-sabor-y-la-calidad-del-pirineo\\\/#breadcrumblist\"},\"author\":{\"@id\":\"https:\\\/\\\/eldigitaldeasturias.com\\\/magazine365\\\/author\\\/admin\\\/#author\"},\"creator\":{\"@id\":\"https:\\\/\\\/eldigitaldeasturias.com\\\/magazine365\\\/author\\\/admin\\\/#author\"},\"image\":{\"@type\":\"ImageObject\",\"url\":\"https:\\\/\\\/eldigitaldeasturias.com\\\/magazine365\\\/wp-content\\\/uploads\\\/2015\\\/07\\\/fotonoticia_20150715105017_800.jpg\",\"@id\":\"https:\\\/\\\/eldigitaldeasturias.com\\\/magazine365\\\/el-expo-trailer-gusapir-trae-a-logrono-el-sabor-y-la-calidad-del-pirineo\\\/#mainImage\",\"width\":800,\"height\":521},\"primaryImageOfPage\":{\"@id\":\"https:\\\/\\\/eldigitaldeasturias.com\\\/magazine365\\\/el-expo-trailer-gusapir-trae-a-logrono-el-sabor-y-la-calidad-del-pirineo\\\/#mainImage\"},\"datePublished\":\"2015-07-16T04:21:33+02:00\",\"dateModified\":\"2015-07-16T04:21:33+02:00\"},{\"@type\":\"WebSite\",\"@id\":\"https:\\\/\\\/eldigitaldeasturias.com\\\/magazine365\\\/#website\",\"url\":\"https:\\\/\\\/eldigitaldeasturias.com\\\/magazine365\\\/\",\"name\":\"El Digital de Asturias\",\"description\":\"Revista de ocio, turismo y estilo de vida\",\"inLanguage\":\"es-ES\",\"publisher\":{\"@id\":\"https:\\\/\\\/eldigitaldeasturias.com\\\/magazine365\\\/#organization\"}}]}\n\t\t<\/script>\n\t\t<!-- All in One SEO Pro -->\r\n\t\t<title>El \u2018Expo Trailer Gusapir\u2019 trae a Logro\u00f1o el sabor y la calidad del Pirineo | El Digital de Asturias<\/title>\n\n","aioseo_head_json":{"title":"El \u2018Expo Trailer Gusapir\u2019 trae a Logro\u00f1o el sabor y la calidad del Pirineo | El Digital de Asturias","description":"Sensibilizar y promover una alimentaci\u00f3n saludable y de calidad es el objetivo del expo tr\u00e1iler del proyecto \"Gusapir\" (Gusto y Sabores del Pirineo), promovido por el Cluster de la Industria Alimentaria del Valle del Ebro FOOD+i. Podr\u00e1 visitarse los d\u00edas 15, 16 y 17 de julio en las instalaciones de la Fundaci\u00f3n Cultural Recreativa Cantabria","canonical_url":"https:\/\/eldigitaldeasturias.com\/magazine365\/el-expo-trailer-gusapir-trae-a-logrono-el-sabor-y-la-calidad-del-pirineo\/","robots":"max-image-preview:large","keywords":"noticias y actualidad","webmasterTools":{"google-site-verification":"UA-38556648-1","miscellaneous":""},"schema":{"@context":"https:\/\/schema.org","@graph":[{"@type":"Article","@id":"https:\/\/eldigitaldeasturias.com\/magazine365\/el-expo-trailer-gusapir-trae-a-logrono-el-sabor-y-la-calidad-del-pirineo\/#article","name":"El \u2018Expo Trailer Gusapir\u2019 trae a Logro\u00f1o el sabor y la calidad del Pirineo | El Digital de Asturias","headline":"El &#8216;Expo Trailer Gusapir&#8217; trae a Logro\u00f1o el sabor y la calidad del Pirineo","author":{"@id":"https:\/\/eldigitaldeasturias.com\/magazine365\/author\/admin\/#author"},"publisher":{"@id":"https:\/\/eldigitaldeasturias.com\/magazine365\/#organization"},"image":{"@type":"ImageObject","url":"https:\/\/eldigitaldeasturias.com\/magazine365\/wp-content\/uploads\/2015\/07\/fotonoticia_20150715105017_800.jpg","width":800,"height":521},"datePublished":"2015-07-16T04:21:33+02:00","dateModified":"2015-07-16T04:21:33+02:00","inLanguage":"es-ES","mainEntityOfPage":{"@id":"https:\/\/eldigitaldeasturias.com\/magazine365\/el-expo-trailer-gusapir-trae-a-logrono-el-sabor-y-la-calidad-del-pirineo\/#webpage"},"isPartOf":{"@id":"https:\/\/eldigitaldeasturias.com\/magazine365\/el-expo-trailer-gusapir-trae-a-logrono-el-sabor-y-la-calidad-del-pirineo\/#webpage"},"articleSection":"Noticias y Actualidad"},{"@type":"BreadcrumbList","@id":"https:\/\/eldigitaldeasturias.com\/magazine365\/el-expo-trailer-gusapir-trae-a-logrono-el-sabor-y-la-calidad-del-pirineo\/#breadcrumblist","itemListElement":[{"@type":"ListItem","@id":"https:\/\/eldigitaldeasturias.com\/magazine365#listItem","position":1,"name":"Home","item":"https:\/\/eldigitaldeasturias.com\/magazine365","nextItem":{"@type":"ListItem","@id":"https:\/\/eldigitaldeasturias.com\/magazine365\/category\/noticias-actualidad\/#listItem","name":"Noticias y Actualidad"}},{"@type":"ListItem","@id":"https:\/\/eldigitaldeasturias.com\/magazine365\/category\/noticias-actualidad\/#listItem","position":2,"name":"Noticias y Actualidad","item":"https:\/\/eldigitaldeasturias.com\/magazine365\/category\/noticias-actualidad\/","nextItem":{"@type":"ListItem","@id":"https:\/\/eldigitaldeasturias.com\/magazine365\/el-expo-trailer-gusapir-trae-a-logrono-el-sabor-y-la-calidad-del-pirineo\/#listItem","name":"El &#8216;Expo Trailer Gusapir&#8217; trae a Logro\u00f1o el sabor y la calidad del Pirineo"},"previousItem":{"@type":"ListItem","@id":"https:\/\/eldigitaldeasturias.com\/magazine365#listItem","name":"Home"}},{"@type":"ListItem","@id":"https:\/\/eldigitaldeasturias.com\/magazine365\/el-expo-trailer-gusapir-trae-a-logrono-el-sabor-y-la-calidad-del-pirineo\/#listItem","position":3,"name":"El &#8216;Expo Trailer Gusapir&#8217; trae a Logro\u00f1o el sabor y la calidad del Pirineo","previousItem":{"@type":"ListItem","@id":"https:\/\/eldigitaldeasturias.com\/magazine365\/category\/noticias-actualidad\/#listItem","name":"Noticias y Actualidad"}}]},{"@type":"Organization","@id":"https:\/\/eldigitaldeasturias.com\/magazine365\/#organization","name":"El digital de Asturias","description":"Revista de ocio, turismo y estilo de vida","url":"https:\/\/eldigitaldeasturias.com\/magazine365\/","logo":{"@type":"ImageObject","url":"https:\/\/www.eldigitaldeasturias.com\/noticias\/wp-content\/uploads\/2020\/12\/EDA.jpg","@id":"https:\/\/eldigitaldeasturias.com\/magazine365\/el-expo-trailer-gusapir-trae-a-logrono-el-sabor-y-la-calidad-del-pirineo\/#organizationLogo"},"image":{"@id":"https:\/\/eldigitaldeasturias.com\/magazine365\/el-expo-trailer-gusapir-trae-a-logrono-el-sabor-y-la-calidad-del-pirineo\/#organizationLogo"}},{"@type":"Person","@id":"https:\/\/eldigitaldeasturias.com\/magazine365\/author\/admin\/#author","url":"https:\/\/eldigitaldeasturias.com\/magazine365\/author\/admin\/","name":"admin","image":{"@type":"ImageObject","@id":"https:\/\/eldigitaldeasturias.com\/magazine365\/el-expo-trailer-gusapir-trae-a-logrono-el-sabor-y-la-calidad-del-pirineo\/#authorImage","url":"https:\/\/eldigitaldeasturias.com\/magazine365\/wp-content\/litespeed\/avatar\/e571bcf59a0edd6fa6838245a470f2fe.jpg?ver=1777574230","width":96,"height":96,"caption":"admin"}},{"@type":"WebPage","@id":"https:\/\/eldigitaldeasturias.com\/magazine365\/el-expo-trailer-gusapir-trae-a-logrono-el-sabor-y-la-calidad-del-pirineo\/#webpage","url":"https:\/\/eldigitaldeasturias.com\/magazine365\/el-expo-trailer-gusapir-trae-a-logrono-el-sabor-y-la-calidad-del-pirineo\/","name":"El \u2018Expo Trailer Gusapir\u2019 trae a Logro\u00f1o el sabor y la calidad del Pirineo | El Digital de Asturias","description":"Sensibilizar y promover una alimentaci\u00f3n saludable y de calidad es el objetivo del expo tr\u00e1iler del proyecto \"Gusapir\" (Gusto y Sabores del Pirineo), promovido por el Cluster de la Industria Alimentaria del Valle del Ebro FOOD+i. Podr\u00e1 visitarse los d\u00edas 15, 16 y 17 de julio en las instalaciones de la Fundaci\u00f3n Cultural Recreativa Cantabria","inLanguage":"es-ES","isPartOf":{"@id":"https:\/\/eldigitaldeasturias.com\/magazine365\/#website"},"breadcrumb":{"@id":"https:\/\/eldigitaldeasturias.com\/magazine365\/el-expo-trailer-gusapir-trae-a-logrono-el-sabor-y-la-calidad-del-pirineo\/#breadcrumblist"},"author":{"@id":"https:\/\/eldigitaldeasturias.com\/magazine365\/author\/admin\/#author"},"creator":{"@id":"https:\/\/eldigitaldeasturias.com\/magazine365\/author\/admin\/#author"},"image":{"@type":"ImageObject","url":"https:\/\/eldigitaldeasturias.com\/magazine365\/wp-content\/uploads\/2015\/07\/fotonoticia_20150715105017_800.jpg","@id":"https:\/\/eldigitaldeasturias.com\/magazine365\/el-expo-trailer-gusapir-trae-a-logrono-el-sabor-y-la-calidad-del-pirineo\/#mainImage","width":800,"height":521},"primaryImageOfPage":{"@id":"https:\/\/eldigitaldeasturias.com\/magazine365\/el-expo-trailer-gusapir-trae-a-logrono-el-sabor-y-la-calidad-del-pirineo\/#mainImage"},"datePublished":"2015-07-16T04:21:33+02:00","dateModified":"2015-07-16T04:21:33+02:00"},{"@type":"WebSite","@id":"https:\/\/eldigitaldeasturias.com\/magazine365\/#website","url":"https:\/\/eldigitaldeasturias.com\/magazine365\/","name":"El Digital de Asturias","description":"Revista de ocio, turismo y estilo de vida","inLanguage":"es-ES","publisher":{"@id":"https:\/\/eldigitaldeasturias.com\/magazine365\/#organization"}}]},"og:locale":"es_ES","og:site_name":"El Digital de Asturias \u2013 Revista de ocio, turismo y estilo de vida","og:type":"article","og:title":"El \u2018Expo Trailer Gusapir\u2019 trae a Logro\u00f1o el sabor y la calidad del Pirineo | El Digital de Asturias","og:description":"Sensibilizar y promover una alimentaci\u00f3n saludable y de calidad es el objetivo del expo tr\u00e1iler del proyecto &quot;Gusapir&quot; (Gusto y Sabores del Pirineo), promovido por el Cluster de la Industria Alimentaria del Valle del Ebro FOOD+i. Podr\u00e1 visitarse los d\u00edas 15, 16 y 17 de julio en las instalaciones de la Fundaci\u00f3n Cultural Recreativa Cantabria","og:url":"https:\/\/eldigitaldeasturias.com\/magazine365\/el-expo-trailer-gusapir-trae-a-logrono-el-sabor-y-la-calidad-del-pirineo\/","og:image":"https:\/\/eldigitaldeasturias.com\/magazine365\/wp-content\/uploads\/2015\/07\/fotonoticia_20150715105017_800.jpg","og:image:secure_url":"https:\/\/eldigitaldeasturias.com\/magazine365\/wp-content\/uploads\/2015\/07\/fotonoticia_20150715105017_800.jpg","og:image:width":800,"og:image:height":521,"article:published_time":"2015-07-16T02:21:33+00:00","article:modified_time":"2015-07-16T02:21:33+00:00","twitter:card":"summary_large_image","twitter:title":"El \u2018Expo Trailer Gusapir\u2019 trae a Logro\u00f1o el sabor y la calidad del Pirineo | El Digital de Asturias","twitter:description":"Sensibilizar y promover una alimentaci\u00f3n saludable y de calidad es el objetivo del expo tr\u00e1iler del proyecto &quot;Gusapir&quot; (Gusto y Sabores del Pirineo), promovido por el Cluster de la Industria Alimentaria del Valle del Ebro FOOD+i. Podr\u00e1 visitarse los d\u00edas 15, 16 y 17 de julio en las instalaciones de la Fundaci\u00f3n Cultural Recreativa Cantabria","twitter:image":"https:\/\/eldigitaldeasturias.com\/magazine365\/wp-content\/uploads\/2015\/07\/fotonoticia_20150715105017_800.jpg"},"aioseo_meta_data":{"post_id":"42740","title":null,"description":null,"keywords":null,"keyphrases":null,"primary_term":null,"canonical_url":null,"og_title":null,"og_description":null,"og_object_type":"default","og_image_type":"default","og_image_url":null,"og_image_width":null,"og_image_height":null,"og_image_custom_url":null,"og_image_custom_fields":null,"og_video":null,"og_custom_url":null,"og_article_section":null,"og_article_tags":null,"twitter_use_og":false,"twitter_card":"default","twitter_image_type":"default","twitter_image_url":null,"twitter_image_custom_url":null,"twitter_image_custom_fields":null,"twitter_title":null,"twitter_description":null,"schema":{"blockGraphs":[],"customGraphs":[],"default":{"data":{"Article":[],"Course":[],"Dataset":[],"FAQPage":[],"Movie":[],"Person":[],"Product":[],"ProductReview":[],"Car":[],"Recipe":[],"Service":[],"SoftwareApplication":[],"WebPage":[]},"graphName":"","isEnabled":true},"graphs":[],"defaultGraph":"","defaultPostTypeGraph":""},"schema_type":null,"schema_type_options":null,"pillar_content":false,"robots_default":true,"robots_noindex":false,"robots_noarchive":false,"robots_nosnippet":false,"robots_nofollow":false,"robots_noimageindex":false,"robots_noodp":false,"robots_notranslate":false,"robots_max_snippet":null,"robots_max_videopreview":null,"robots_max_imagepreview":"large","priority":null,"frequency":null,"location":null,"local_seo":null,"seo_analyzer_scan_date":"2025-09-19 18:23:51","breadcrumb_settings":null,"limit_modified_date":false,"open_ai":null,"ai":null,"created":"2021-03-09 01:56:40","updated":"2025-09-19 18:23:51"},"aioseo_breadcrumb":"<div class=\"aioseo-breadcrumbs\"><span class=\"aioseo-breadcrumb\">\n\t<a href=\"https:\/\/eldigitaldeasturias.com\/magazine365\" title=\"Home\">Home<\/a>\n<\/span><span class=\"aioseo-breadcrumb-separator\">\u2013<\/span><span class=\"aioseo-breadcrumb\">\n\t<a href=\"https:\/\/eldigitaldeasturias.com\/magazine365\/category\/noticias-actualidad\/\" title=\"Noticias y Actualidad\">Noticias y Actualidad<\/a>\n<\/span><span class=\"aioseo-breadcrumb-separator\">\u2013<\/span><span class=\"aioseo-breadcrumb\">\n\t<a href=\"https:\/\/eldigitaldeasturias.com\/magazine365\/el-expo-trailer-gusapir-trae-a-logrono-el-sabor-y-la-calidad-del-pirineo\/\" title=\"El \u2018Expo Trailer Gusapir\u2019 trae a Logro\u00f1o el sabor y la calidad del Pirineo\">El \u2018Expo Trailer Gusapir\u2019 trae a Logro\u00f1o el sabor y la calidad del Pirineo<\/a>\n<\/span><\/div>","aioseo_breadcrumb_json":[{"label":"Home","link":"https:\/\/eldigitaldeasturias.com\/magazine365"},{"label":"Noticias y Actualidad","link":"https:\/\/eldigitaldeasturias.com\/magazine365\/category\/noticias-actualidad\/"},{"label":"El &#8216;Expo Trailer Gusapir&#8217; trae a Logro\u00f1o el sabor y la calidad del Pirineo","link":"https:\/\/eldigitaldeasturias.com\/magazine365\/el-expo-trailer-gusapir-trae-a-logrono-el-sabor-y-la-calidad-del-pirineo\/"}],"_links":{"self":[{"href":"https:\/\/eldigitaldeasturias.com\/magazine365\/wp-json\/wp\/v2\/posts\/42740","targetHints":{"allow":["GET"]}}],"collection":[{"href":"https:\/\/eldigitaldeasturias.com\/magazine365\/wp-json\/wp\/v2\/posts"}],"about":[{"href":"https:\/\/eldigitaldeasturias.com\/magazine365\/wp-json\/wp\/v2\/types\/post"}],"author":[{"embeddable":true,"href":"https:\/\/eldigitaldeasturias.com\/magazine365\/wp-json\/wp\/v2\/users\/1"}],"replies":[{"embeddable":true,"href":"https:\/\/eldigitaldeasturias.com\/magazine365\/wp-json\/wp\/v2\/comments?post=42740"}],"version-history":[{"count":0,"href":"https:\/\/eldigitaldeasturias.com\/magazine365\/wp-json\/wp\/v2\/posts\/42740\/revisions"}],"wp:featuredmedia":[{"embeddable":true,"href":"https:\/\/eldigitaldeasturias.com\/magazine365\/wp-json\/wp\/v2\/media\/42741"}],"wp:attachment":[{"href":"https:\/\/eldigitaldeasturias.com\/magazine365\/wp-json\/wp\/v2\/media?parent=42740"}],"wp:term":[{"taxonomy":"category","embeddable":true,"href":"https:\/\/eldigitaldeasturias.com\/magazine365\/wp-json\/wp\/v2\/categories?post=42740"},{"taxonomy":"post_tag","embeddable":true,"href":"https:\/\/eldigitaldeasturias.com\/magazine365\/wp-json\/wp\/v2\/tags?post=42740"}],"curies":[{"name":"wp","href":"https:\/\/api.w.org\/{rel}","templated":true}]}}