{"id":42737,"date":"2015-07-16T04:18:47","date_gmt":"2015-07-16T02:18:47","guid":{"rendered":"http:\/\/eldigitaldeasturias.com\/magazine365\/?p=42737"},"modified":"2015-07-16T04:18:47","modified_gmt":"2015-07-16T02:18:47","slug":"el-servicio-de-informacion-turistica-de-caceres-recibe-una-subvencion-autonomica-de-casi-23-000-euros","status":"publish","type":"post","link":"https:\/\/eldigitaldeasturias.com\/magazine365\/el-servicio-de-informacion-turistica-de-caceres-recibe-una-subvencion-autonomica-de-casi-23-000-euros\/","title":{"rendered":"El servicio de informaci\u00f3n tur\u00edstica de C\u00e1ceres recibe una subvenci\u00f3n auton\u00f3mica de casi 23.000 euros"},"content":{"rendered":"<p><img fetchpriority=\"high\" decoding=\"async\" class=\"alignleft size-medium wp-image-42738\" src=\"https:\/\/eldigitaldeasturias.com\/magazine365\/wp-content\/uploads\/2015\/07\/fotonoticia_20150715104035_800-360x270.jpg\" alt=\"fotonoticia_20150715104035_800\" width=\"360\" height=\"270\" srcset=\"https:\/\/eldigitaldeasturias.com\/magazine365\/wp-content\/uploads\/2015\/07\/fotonoticia_20150715104035_800-360x270.jpg 360w, https:\/\/eldigitaldeasturias.com\/magazine365\/wp-content\/uploads\/2015\/07\/fotonoticia_20150715104035_800-650x488.jpg 650w, https:\/\/eldigitaldeasturias.com\/magazine365\/wp-content\/uploads\/2015\/07\/fotonoticia_20150715104035_800-768x576.jpg 768w, https:\/\/eldigitaldeasturias.com\/magazine365\/wp-content\/uploads\/2015\/07\/fotonoticia_20150715104035_800-150x113.jpg 150w, https:\/\/eldigitaldeasturias.com\/magazine365\/wp-content\/uploads\/2015\/07\/fotonoticia_20150715104035_800-450x338.jpg 450w, https:\/\/eldigitaldeasturias.com\/magazine365\/wp-content\/uploads\/2015\/07\/fotonoticia_20150715104035_800-80x60.jpg 80w, https:\/\/eldigitaldeasturias.com\/magazine365\/wp-content\/uploads\/2015\/07\/fotonoticia_20150715104035_800-265x198.jpg 265w, https:\/\/eldigitaldeasturias.com\/magazine365\/wp-content\/uploads\/2015\/07\/fotonoticia_20150715104035_800-696x522.jpg 696w, https:\/\/eldigitaldeasturias.com\/magazine365\/wp-content\/uploads\/2015\/07\/fotonoticia_20150715104035_800-560x420.jpg 560w, https:\/\/eldigitaldeasturias.com\/magazine365\/wp-content\/uploads\/2015\/07\/fotonoticia_20150715104035_800-90x67.jpg 90w, https:\/\/eldigitaldeasturias.com\/magazine365\/wp-content\/uploads\/2015\/07\/fotonoticia_20150715104035_800-100x75.jpg 100w, https:\/\/eldigitaldeasturias.com\/magazine365\/wp-content\/uploads\/2015\/07\/fotonoticia_20150715104035_800.jpg 800w\" sizes=\"(max-width: 360px) 100vw, 360px\" \/>El concejal de Turismo del Ayuntamiento de C\u00e1ceres, Ra\u00fal Rodr\u00edguez, di\u00f3 a conocer el pasado martes un acuerdo con la Junta de Extremadura para la concesi\u00f3n de una subvenci\u00f3n a favor del consistorio cacere\u00f1o en la prestaci\u00f3n del servicio de informaci\u00f3n tur\u00edstica en la ciudad.<\/p>\n<p>En concreto, en base a este acuerdo, el importe de la subvenci\u00f3n ascender\u00eda a 22.785 euros que se destinar\u00edan a la informaci\u00f3n tur\u00edstica en el segundo semestre del a\u00f1o 2015, seg\u00fan ha explicado el concejal del \u00e1rea en el transcurso de la comisi\u00f3n informativa de Innovaci\u00f3n y Turismo.<\/p>\n<p>En nota de prensa, el Ayuntamiento de C\u00e1ceres indic\u00f3 que dicha subvenci\u00f3n se enmarca en la competencia municipal de \u00abpromover y fomentar los recursos, actividades, fiestas u otros aspectos en relaci\u00f3n con el turismo que sean de su inter\u00e9s en coordinaci\u00f3n con la administraci\u00f3n de la comunidad de Extremadura\u00bb.<\/p>\n<p>As\u00ed, el consistorio se\u00f1alaba que se \u00abhace aconsejable establecer cauces de colaboraci\u00f3n con los municipios, entidades que, conscientes de la importancia de este sector, han venido demostrando su compromiso con el fen\u00f3meno tur\u00edstico\u00bb.<\/p>\n<p>En este sentido, la concesi\u00f3n de esta subvenci\u00f3n al consistorio ser\u00e1 para \u00abla prestaci\u00f3n del servicio de informaci\u00f3n tur\u00edstica en la localidad desde el 1 de julio hasta el 31 de diciembre\u00bb, y para la contrataci\u00f3n del personal que se encargue de atender en la oficina de Turismo y que deber\u00e1 \u00aborientar y actuar como verdaderos dinamizadores tur\u00edsticos de zona\u00bb en aras del \u00abfomento, promoci\u00f3n y conocimiento de la realidad tur\u00edstica en la que se ubican\u00bb.<\/p>\n<p>El equipo de gobierno local destac\u00f3 que trabajar en la atenci\u00f3n tur\u00edstica siempre es importante, \u00abm\u00e1s si cabe en una ciudad como C\u00e1ceres que es el principal receptor de visitantes de toda Extremadura y una de los sectores econ\u00f3micos m\u00e1s destacados\u00bb.<\/p>\n","protected":false},"excerpt":{"rendered":"<p>El concejal de Turismo del Ayuntamiento de C\u00e1ceres, Ra\u00fal Rodr\u00edguez, di\u00f3 a conocer el pasado martes un acuerdo con la Junta de Extremadura para la concesi\u00f3n de una subvenci\u00f3n a favor del consistorio cacere\u00f1o en la prestaci\u00f3n del servicio de informaci\u00f3n tur\u00edstica en la ciudad. En concreto, en base a este acuerdo, el importe de<\/p>\n","protected":false},"author":1,"featured_media":42738,"comment_status":"open","ping_status":"closed","sticky":false,"template":"","format":"standard","meta":{"footnotes":""},"categories":[222],"tags":[],"class_list":{"0":"post-42737","1":"post","2":"type-post","3":"status-publish","4":"format-standard","5":"has-post-thumbnail","7":"category-actualidad-turismo"},"aioseo_notices":[],"aioseo_head":"\n\t\t<!-- All in One SEO Pro 4.9.6.1 - aioseo.com -->\n\t<meta name=\"description\" content=\"El concejal de Turismo del Ayuntamiento de C\u00e1ceres, Ra\u00fal Rodr\u00edguez, di\u00f3 a conocer el pasado martes un acuerdo con la Junta de Extremadura para la concesi\u00f3n de una subvenci\u00f3n a favor del consistorio cacere\u00f1o en la prestaci\u00f3n del servicio de informaci\u00f3n tur\u00edstica en la ciudad. En concreto, en base a este acuerdo, el importe de\" \/>\n\t<meta name=\"robots\" content=\"max-image-preview:large\" \/>\n\t<meta name=\"author\" content=\"admin\"\/>\n\t<meta name=\"google-site-verification\" content=\"UA-38556648-1\" \/>\n\t<meta name=\"keywords\" content=\"actualidad turismo\" \/>\n\t<link rel=\"canonical\" href=\"https:\/\/eldigitaldeasturias.com\/magazine365\/el-servicio-de-informacion-turistica-de-caceres-recibe-una-subvencion-autonomica-de-casi-23-000-euros\/\" \/>\n\t<meta name=\"generator\" content=\"All in One SEO Pro (AIOSEO) 4.9.6.1\" \/>\n\t\t<meta property=\"og:locale\" content=\"es_ES\" \/>\n\t\t<meta property=\"og:site_name\" content=\"El Digital de Asturias \u2013 Revista de ocio, turismo y estilo de vida\" \/>\n\t\t<meta property=\"og:type\" content=\"article\" \/>\n\t\t<meta property=\"og:title\" content=\"El servicio de informaci\u00f3n tur\u00edstica de C\u00e1ceres recibe una subvenci\u00f3n auton\u00f3mica de casi 23.000 euros | El Digital de Asturias\" \/>\n\t\t<meta property=\"og:description\" content=\"El concejal de Turismo del Ayuntamiento de C\u00e1ceres, Ra\u00fal Rodr\u00edguez, di\u00f3 a conocer el pasado martes un acuerdo con la Junta de Extremadura para la concesi\u00f3n de una subvenci\u00f3n a favor del consistorio cacere\u00f1o en la prestaci\u00f3n del servicio de informaci\u00f3n tur\u00edstica en la ciudad. En concreto, en base a este acuerdo, el importe de\" \/>\n\t\t<meta property=\"og:url\" content=\"https:\/\/eldigitaldeasturias.com\/magazine365\/el-servicio-de-informacion-turistica-de-caceres-recibe-una-subvencion-autonomica-de-casi-23-000-euros\/\" \/>\n\t\t<meta property=\"og:image\" content=\"https:\/\/eldigitaldeasturias.com\/magazine365\/wp-content\/uploads\/2015\/07\/fotonoticia_20150715104035_800.jpg\" \/>\n\t\t<meta property=\"og:image:secure_url\" content=\"https:\/\/eldigitaldeasturias.com\/magazine365\/wp-content\/uploads\/2015\/07\/fotonoticia_20150715104035_800.jpg\" \/>\n\t\t<meta property=\"og:image:width\" content=\"800\" \/>\n\t\t<meta property=\"og:image:height\" content=\"600\" \/>\n\t\t<meta property=\"article:published_time\" content=\"2015-07-16T02:18:47+00:00\" \/>\n\t\t<meta property=\"article:modified_time\" content=\"2015-07-16T02:18:47+00:00\" \/>\n\t\t<meta name=\"twitter:card\" content=\"summary_large_image\" \/>\n\t\t<meta name=\"twitter:title\" content=\"El servicio de informaci\u00f3n tur\u00edstica de C\u00e1ceres recibe una subvenci\u00f3n auton\u00f3mica de casi 23.000 euros | El Digital de Asturias\" \/>\n\t\t<meta name=\"twitter:description\" content=\"El concejal de Turismo del Ayuntamiento de C\u00e1ceres, Ra\u00fal Rodr\u00edguez, di\u00f3 a conocer el pasado martes un acuerdo con la Junta de Extremadura para la concesi\u00f3n de una subvenci\u00f3n a favor del consistorio cacere\u00f1o en la prestaci\u00f3n del servicio de informaci\u00f3n tur\u00edstica en la ciudad. En concreto, en base a este acuerdo, el importe de\" \/>\n\t\t<meta name=\"twitter:image\" content=\"https:\/\/eldigitaldeasturias.com\/magazine365\/wp-content\/uploads\/2015\/07\/fotonoticia_20150715104035_800.jpg\" \/>\n\t\t<script type=\"application\/ld+json\" class=\"aioseo-schema\">\n\t\t\t{\"@context\":\"https:\\\/\\\/schema.org\",\"@graph\":[{\"@type\":\"Article\",\"@id\":\"https:\\\/\\\/eldigitaldeasturias.com\\\/magazine365\\\/el-servicio-de-informacion-turistica-de-caceres-recibe-una-subvencion-autonomica-de-casi-23-000-euros\\\/#article\",\"name\":\"El servicio de informaci\\u00f3n tur\\u00edstica de C\\u00e1ceres recibe una subvenci\\u00f3n auton\\u00f3mica de casi 23.000 euros | El Digital de Asturias\",\"headline\":\"El servicio de informaci\\u00f3n tur\\u00edstica de C\\u00e1ceres recibe una subvenci\\u00f3n auton\\u00f3mica de casi 23.000 euros\",\"author\":{\"@id\":\"https:\\\/\\\/eldigitaldeasturias.com\\\/magazine365\\\/author\\\/admin\\\/#author\"},\"publisher\":{\"@id\":\"https:\\\/\\\/eldigitaldeasturias.com\\\/magazine365\\\/#organization\"},\"image\":{\"@type\":\"ImageObject\",\"url\":\"https:\\\/\\\/eldigitaldeasturias.com\\\/magazine365\\\/wp-content\\\/uploads\\\/2015\\\/07\\\/fotonoticia_20150715104035_800.jpg\",\"width\":800,\"height\":600},\"datePublished\":\"2015-07-16T04:18:47+02:00\",\"dateModified\":\"2015-07-16T04:18:47+02:00\",\"inLanguage\":\"es-ES\",\"mainEntityOfPage\":{\"@id\":\"https:\\\/\\\/eldigitaldeasturias.com\\\/magazine365\\\/el-servicio-de-informacion-turistica-de-caceres-recibe-una-subvencion-autonomica-de-casi-23-000-euros\\\/#webpage\"},\"isPartOf\":{\"@id\":\"https:\\\/\\\/eldigitaldeasturias.com\\\/magazine365\\\/el-servicio-de-informacion-turistica-de-caceres-recibe-una-subvencion-autonomica-de-casi-23-000-euros\\\/#webpage\"},\"articleSection\":\"Actualidad Turismo\"},{\"@type\":\"BreadcrumbList\",\"@id\":\"https:\\\/\\\/eldigitaldeasturias.com\\\/magazine365\\\/el-servicio-de-informacion-turistica-de-caceres-recibe-una-subvencion-autonomica-de-casi-23-000-euros\\\/#breadcrumblist\",\"itemListElement\":[{\"@type\":\"ListItem\",\"@id\":\"https:\\\/\\\/eldigitaldeasturias.com\\\/magazine365#listItem\",\"position\":1,\"name\":\"Home\",\"item\":\"https:\\\/\\\/eldigitaldeasturias.com\\\/magazine365\",\"nextItem\":{\"@type\":\"ListItem\",\"@id\":\"https:\\\/\\\/eldigitaldeasturias.com\\\/magazine365\\\/category\\\/actualidad-turismo\\\/#listItem\",\"name\":\"Actualidad Turismo\"}},{\"@type\":\"ListItem\",\"@id\":\"https:\\\/\\\/eldigitaldeasturias.com\\\/magazine365\\\/category\\\/actualidad-turismo\\\/#listItem\",\"position\":2,\"name\":\"Actualidad Turismo\",\"item\":\"https:\\\/\\\/eldigitaldeasturias.com\\\/magazine365\\\/category\\\/actualidad-turismo\\\/\",\"nextItem\":{\"@type\":\"ListItem\",\"@id\":\"https:\\\/\\\/eldigitaldeasturias.com\\\/magazine365\\\/el-servicio-de-informacion-turistica-de-caceres-recibe-una-subvencion-autonomica-de-casi-23-000-euros\\\/#listItem\",\"name\":\"El servicio de informaci\\u00f3n tur\\u00edstica de C\\u00e1ceres recibe una subvenci\\u00f3n auton\\u00f3mica de casi 23.000 euros\"},\"previousItem\":{\"@type\":\"ListItem\",\"@id\":\"https:\\\/\\\/eldigitaldeasturias.com\\\/magazine365#listItem\",\"name\":\"Home\"}},{\"@type\":\"ListItem\",\"@id\":\"https:\\\/\\\/eldigitaldeasturias.com\\\/magazine365\\\/el-servicio-de-informacion-turistica-de-caceres-recibe-una-subvencion-autonomica-de-casi-23-000-euros\\\/#listItem\",\"position\":3,\"name\":\"El servicio de informaci\\u00f3n tur\\u00edstica de C\\u00e1ceres recibe una subvenci\\u00f3n auton\\u00f3mica de casi 23.000 euros\",\"previousItem\":{\"@type\":\"ListItem\",\"@id\":\"https:\\\/\\\/eldigitaldeasturias.com\\\/magazine365\\\/category\\\/actualidad-turismo\\\/#listItem\",\"name\":\"Actualidad Turismo\"}}]},{\"@type\":\"Organization\",\"@id\":\"https:\\\/\\\/eldigitaldeasturias.com\\\/magazine365\\\/#organization\",\"name\":\"El digital de Asturias\",\"description\":\"Revista de ocio, turismo y estilo de vida\",\"url\":\"https:\\\/\\\/eldigitaldeasturias.com\\\/magazine365\\\/\",\"logo\":{\"@type\":\"ImageObject\",\"url\":\"https:\\\/\\\/www.eldigitaldeasturias.com\\\/noticias\\\/wp-content\\\/uploads\\\/2020\\\/12\\\/EDA.jpg\",\"@id\":\"https:\\\/\\\/eldigitaldeasturias.com\\\/magazine365\\\/el-servicio-de-informacion-turistica-de-caceres-recibe-una-subvencion-autonomica-de-casi-23-000-euros\\\/#organizationLogo\"},\"image\":{\"@id\":\"https:\\\/\\\/eldigitaldeasturias.com\\\/magazine365\\\/el-servicio-de-informacion-turistica-de-caceres-recibe-una-subvencion-autonomica-de-casi-23-000-euros\\\/#organizationLogo\"}},{\"@type\":\"Person\",\"@id\":\"https:\\\/\\\/eldigitaldeasturias.com\\\/magazine365\\\/author\\\/admin\\\/#author\",\"url\":\"https:\\\/\\\/eldigitaldeasturias.com\\\/magazine365\\\/author\\\/admin\\\/\",\"name\":\"admin\",\"image\":{\"@type\":\"ImageObject\",\"@id\":\"https:\\\/\\\/eldigitaldeasturias.com\\\/magazine365\\\/el-servicio-de-informacion-turistica-de-caceres-recibe-una-subvencion-autonomica-de-casi-23-000-euros\\\/#authorImage\",\"url\":\"https:\\\/\\\/eldigitaldeasturias.com\\\/magazine365\\\/wp-content\\\/litespeed\\\/avatar\\\/e571bcf59a0edd6fa6838245a470f2fe.jpg?ver=1777574230\",\"width\":96,\"height\":96,\"caption\":\"admin\"}},{\"@type\":\"WebPage\",\"@id\":\"https:\\\/\\\/eldigitaldeasturias.com\\\/magazine365\\\/el-servicio-de-informacion-turistica-de-caceres-recibe-una-subvencion-autonomica-de-casi-23-000-euros\\\/#webpage\",\"url\":\"https:\\\/\\\/eldigitaldeasturias.com\\\/magazine365\\\/el-servicio-de-informacion-turistica-de-caceres-recibe-una-subvencion-autonomica-de-casi-23-000-euros\\\/\",\"name\":\"El servicio de informaci\\u00f3n tur\\u00edstica de C\\u00e1ceres recibe una subvenci\\u00f3n auton\\u00f3mica de casi 23.000 euros | El Digital de Asturias\",\"description\":\"El concejal de Turismo del Ayuntamiento de C\\u00e1ceres, Ra\\u00fal Rodr\\u00edguez, di\\u00f3 a conocer el pasado martes un acuerdo con la Junta de Extremadura para la concesi\\u00f3n de una subvenci\\u00f3n a favor del consistorio cacere\\u00f1o en la prestaci\\u00f3n del servicio de informaci\\u00f3n tur\\u00edstica en la ciudad. En concreto, en base a este acuerdo, el importe de\",\"inLanguage\":\"es-ES\",\"isPartOf\":{\"@id\":\"https:\\\/\\\/eldigitaldeasturias.com\\\/magazine365\\\/#website\"},\"breadcrumb\":{\"@id\":\"https:\\\/\\\/eldigitaldeasturias.com\\\/magazine365\\\/el-servicio-de-informacion-turistica-de-caceres-recibe-una-subvencion-autonomica-de-casi-23-000-euros\\\/#breadcrumblist\"},\"author\":{\"@id\":\"https:\\\/\\\/eldigitaldeasturias.com\\\/magazine365\\\/author\\\/admin\\\/#author\"},\"creator\":{\"@id\":\"https:\\\/\\\/eldigitaldeasturias.com\\\/magazine365\\\/author\\\/admin\\\/#author\"},\"image\":{\"@type\":\"ImageObject\",\"url\":\"https:\\\/\\\/eldigitaldeasturias.com\\\/magazine365\\\/wp-content\\\/uploads\\\/2015\\\/07\\\/fotonoticia_20150715104035_800.jpg\",\"@id\":\"https:\\\/\\\/eldigitaldeasturias.com\\\/magazine365\\\/el-servicio-de-informacion-turistica-de-caceres-recibe-una-subvencion-autonomica-de-casi-23-000-euros\\\/#mainImage\",\"width\":800,\"height\":600},\"primaryImageOfPage\":{\"@id\":\"https:\\\/\\\/eldigitaldeasturias.com\\\/magazine365\\\/el-servicio-de-informacion-turistica-de-caceres-recibe-una-subvencion-autonomica-de-casi-23-000-euros\\\/#mainImage\"},\"datePublished\":\"2015-07-16T04:18:47+02:00\",\"dateModified\":\"2015-07-16T04:18:47+02:00\"},{\"@type\":\"WebSite\",\"@id\":\"https:\\\/\\\/eldigitaldeasturias.com\\\/magazine365\\\/#website\",\"url\":\"https:\\\/\\\/eldigitaldeasturias.com\\\/magazine365\\\/\",\"name\":\"El Digital de Asturias\",\"description\":\"Revista de ocio, turismo y estilo de vida\",\"inLanguage\":\"es-ES\",\"publisher\":{\"@id\":\"https:\\\/\\\/eldigitaldeasturias.com\\\/magazine365\\\/#organization\"}}]}\n\t\t<\/script>\n\t\t<!-- All in One SEO Pro -->\r\n\t\t<title>El servicio de informaci\u00f3n tur\u00edstica de C\u00e1ceres recibe una subvenci\u00f3n auton\u00f3mica de casi 23.000 euros | El Digital de Asturias<\/title>\n\n","aioseo_head_json":{"title":"El servicio de informaci\u00f3n tur\u00edstica de C\u00e1ceres recibe una subvenci\u00f3n auton\u00f3mica de casi 23.000 euros | El Digital de Asturias","description":"El concejal de Turismo del Ayuntamiento de C\u00e1ceres, Ra\u00fal Rodr\u00edguez, di\u00f3 a conocer el pasado martes un acuerdo con la Junta de Extremadura para la concesi\u00f3n de una subvenci\u00f3n a favor del consistorio cacere\u00f1o en la prestaci\u00f3n del servicio de informaci\u00f3n tur\u00edstica en la ciudad. En concreto, en base a este acuerdo, el importe de","canonical_url":"https:\/\/eldigitaldeasturias.com\/magazine365\/el-servicio-de-informacion-turistica-de-caceres-recibe-una-subvencion-autonomica-de-casi-23-000-euros\/","robots":"max-image-preview:large","keywords":"actualidad turismo","webmasterTools":{"google-site-verification":"UA-38556648-1","miscellaneous":""},"schema":{"@context":"https:\/\/schema.org","@graph":[{"@type":"Article","@id":"https:\/\/eldigitaldeasturias.com\/magazine365\/el-servicio-de-informacion-turistica-de-caceres-recibe-una-subvencion-autonomica-de-casi-23-000-euros\/#article","name":"El servicio de informaci\u00f3n tur\u00edstica de C\u00e1ceres recibe una subvenci\u00f3n auton\u00f3mica de casi 23.000 euros | El Digital de Asturias","headline":"El servicio de informaci\u00f3n tur\u00edstica de C\u00e1ceres recibe una subvenci\u00f3n auton\u00f3mica de casi 23.000 euros","author":{"@id":"https:\/\/eldigitaldeasturias.com\/magazine365\/author\/admin\/#author"},"publisher":{"@id":"https:\/\/eldigitaldeasturias.com\/magazine365\/#organization"},"image":{"@type":"ImageObject","url":"https:\/\/eldigitaldeasturias.com\/magazine365\/wp-content\/uploads\/2015\/07\/fotonoticia_20150715104035_800.jpg","width":800,"height":600},"datePublished":"2015-07-16T04:18:47+02:00","dateModified":"2015-07-16T04:18:47+02:00","inLanguage":"es-ES","mainEntityOfPage":{"@id":"https:\/\/eldigitaldeasturias.com\/magazine365\/el-servicio-de-informacion-turistica-de-caceres-recibe-una-subvencion-autonomica-de-casi-23-000-euros\/#webpage"},"isPartOf":{"@id":"https:\/\/eldigitaldeasturias.com\/magazine365\/el-servicio-de-informacion-turistica-de-caceres-recibe-una-subvencion-autonomica-de-casi-23-000-euros\/#webpage"},"articleSection":"Actualidad Turismo"},{"@type":"BreadcrumbList","@id":"https:\/\/eldigitaldeasturias.com\/magazine365\/el-servicio-de-informacion-turistica-de-caceres-recibe-una-subvencion-autonomica-de-casi-23-000-euros\/#breadcrumblist","itemListElement":[{"@type":"ListItem","@id":"https:\/\/eldigitaldeasturias.com\/magazine365#listItem","position":1,"name":"Home","item":"https:\/\/eldigitaldeasturias.com\/magazine365","nextItem":{"@type":"ListItem","@id":"https:\/\/eldigitaldeasturias.com\/magazine365\/category\/actualidad-turismo\/#listItem","name":"Actualidad Turismo"}},{"@type":"ListItem","@id":"https:\/\/eldigitaldeasturias.com\/magazine365\/category\/actualidad-turismo\/#listItem","position":2,"name":"Actualidad Turismo","item":"https:\/\/eldigitaldeasturias.com\/magazine365\/category\/actualidad-turismo\/","nextItem":{"@type":"ListItem","@id":"https:\/\/eldigitaldeasturias.com\/magazine365\/el-servicio-de-informacion-turistica-de-caceres-recibe-una-subvencion-autonomica-de-casi-23-000-euros\/#listItem","name":"El servicio de informaci\u00f3n tur\u00edstica de C\u00e1ceres recibe una subvenci\u00f3n auton\u00f3mica de casi 23.000 euros"},"previousItem":{"@type":"ListItem","@id":"https:\/\/eldigitaldeasturias.com\/magazine365#listItem","name":"Home"}},{"@type":"ListItem","@id":"https:\/\/eldigitaldeasturias.com\/magazine365\/el-servicio-de-informacion-turistica-de-caceres-recibe-una-subvencion-autonomica-de-casi-23-000-euros\/#listItem","position":3,"name":"El servicio de informaci\u00f3n tur\u00edstica de C\u00e1ceres recibe una subvenci\u00f3n auton\u00f3mica de casi 23.000 euros","previousItem":{"@type":"ListItem","@id":"https:\/\/eldigitaldeasturias.com\/magazine365\/category\/actualidad-turismo\/#listItem","name":"Actualidad Turismo"}}]},{"@type":"Organization","@id":"https:\/\/eldigitaldeasturias.com\/magazine365\/#organization","name":"El digital de Asturias","description":"Revista de ocio, turismo y estilo de vida","url":"https:\/\/eldigitaldeasturias.com\/magazine365\/","logo":{"@type":"ImageObject","url":"https:\/\/www.eldigitaldeasturias.com\/noticias\/wp-content\/uploads\/2020\/12\/EDA.jpg","@id":"https:\/\/eldigitaldeasturias.com\/magazine365\/el-servicio-de-informacion-turistica-de-caceres-recibe-una-subvencion-autonomica-de-casi-23-000-euros\/#organizationLogo"},"image":{"@id":"https:\/\/eldigitaldeasturias.com\/magazine365\/el-servicio-de-informacion-turistica-de-caceres-recibe-una-subvencion-autonomica-de-casi-23-000-euros\/#organizationLogo"}},{"@type":"Person","@id":"https:\/\/eldigitaldeasturias.com\/magazine365\/author\/admin\/#author","url":"https:\/\/eldigitaldeasturias.com\/magazine365\/author\/admin\/","name":"admin","image":{"@type":"ImageObject","@id":"https:\/\/eldigitaldeasturias.com\/magazine365\/el-servicio-de-informacion-turistica-de-caceres-recibe-una-subvencion-autonomica-de-casi-23-000-euros\/#authorImage","url":"https:\/\/eldigitaldeasturias.com\/magazine365\/wp-content\/litespeed\/avatar\/e571bcf59a0edd6fa6838245a470f2fe.jpg?ver=1777574230","width":96,"height":96,"caption":"admin"}},{"@type":"WebPage","@id":"https:\/\/eldigitaldeasturias.com\/magazine365\/el-servicio-de-informacion-turistica-de-caceres-recibe-una-subvencion-autonomica-de-casi-23-000-euros\/#webpage","url":"https:\/\/eldigitaldeasturias.com\/magazine365\/el-servicio-de-informacion-turistica-de-caceres-recibe-una-subvencion-autonomica-de-casi-23-000-euros\/","name":"El servicio de informaci\u00f3n tur\u00edstica de C\u00e1ceres recibe una subvenci\u00f3n auton\u00f3mica de casi 23.000 euros | El Digital de Asturias","description":"El concejal de Turismo del Ayuntamiento de C\u00e1ceres, Ra\u00fal Rodr\u00edguez, di\u00f3 a conocer el pasado martes un acuerdo con la Junta de Extremadura para la concesi\u00f3n de una subvenci\u00f3n a favor del consistorio cacere\u00f1o en la prestaci\u00f3n del servicio de informaci\u00f3n tur\u00edstica en la ciudad. En concreto, en base a este acuerdo, el importe de","inLanguage":"es-ES","isPartOf":{"@id":"https:\/\/eldigitaldeasturias.com\/magazine365\/#website"},"breadcrumb":{"@id":"https:\/\/eldigitaldeasturias.com\/magazine365\/el-servicio-de-informacion-turistica-de-caceres-recibe-una-subvencion-autonomica-de-casi-23-000-euros\/#breadcrumblist"},"author":{"@id":"https:\/\/eldigitaldeasturias.com\/magazine365\/author\/admin\/#author"},"creator":{"@id":"https:\/\/eldigitaldeasturias.com\/magazine365\/author\/admin\/#author"},"image":{"@type":"ImageObject","url":"https:\/\/eldigitaldeasturias.com\/magazine365\/wp-content\/uploads\/2015\/07\/fotonoticia_20150715104035_800.jpg","@id":"https:\/\/eldigitaldeasturias.com\/magazine365\/el-servicio-de-informacion-turistica-de-caceres-recibe-una-subvencion-autonomica-de-casi-23-000-euros\/#mainImage","width":800,"height":600},"primaryImageOfPage":{"@id":"https:\/\/eldigitaldeasturias.com\/magazine365\/el-servicio-de-informacion-turistica-de-caceres-recibe-una-subvencion-autonomica-de-casi-23-000-euros\/#mainImage"},"datePublished":"2015-07-16T04:18:47+02:00","dateModified":"2015-07-16T04:18:47+02:00"},{"@type":"WebSite","@id":"https:\/\/eldigitaldeasturias.com\/magazine365\/#website","url":"https:\/\/eldigitaldeasturias.com\/magazine365\/","name":"El Digital de Asturias","description":"Revista de ocio, turismo y estilo de vida","inLanguage":"es-ES","publisher":{"@id":"https:\/\/eldigitaldeasturias.com\/magazine365\/#organization"}}]},"og:locale":"es_ES","og:site_name":"El Digital de Asturias \u2013 Revista de ocio, turismo y estilo de vida","og:type":"article","og:title":"El servicio de informaci\u00f3n tur\u00edstica de C\u00e1ceres recibe una subvenci\u00f3n auton\u00f3mica de casi 23.000 euros | El Digital de Asturias","og:description":"El concejal de Turismo del Ayuntamiento de C\u00e1ceres, Ra\u00fal Rodr\u00edguez, di\u00f3 a conocer el pasado martes un acuerdo con la Junta de Extremadura para la concesi\u00f3n de una subvenci\u00f3n a favor del consistorio cacere\u00f1o en la prestaci\u00f3n del servicio de informaci\u00f3n tur\u00edstica en la ciudad. En concreto, en base a este acuerdo, el importe de","og:url":"https:\/\/eldigitaldeasturias.com\/magazine365\/el-servicio-de-informacion-turistica-de-caceres-recibe-una-subvencion-autonomica-de-casi-23-000-euros\/","og:image":"https:\/\/eldigitaldeasturias.com\/magazine365\/wp-content\/uploads\/2015\/07\/fotonoticia_20150715104035_800.jpg","og:image:secure_url":"https:\/\/eldigitaldeasturias.com\/magazine365\/wp-content\/uploads\/2015\/07\/fotonoticia_20150715104035_800.jpg","og:image:width":800,"og:image:height":600,"article:published_time":"2015-07-16T02:18:47+00:00","article:modified_time":"2015-07-16T02:18:47+00:00","twitter:card":"summary_large_image","twitter:title":"El servicio de informaci\u00f3n tur\u00edstica de C\u00e1ceres recibe una subvenci\u00f3n auton\u00f3mica de casi 23.000 euros | El Digital de Asturias","twitter:description":"El concejal de Turismo del Ayuntamiento de C\u00e1ceres, Ra\u00fal Rodr\u00edguez, di\u00f3 a conocer el pasado martes un acuerdo con la Junta de Extremadura para la concesi\u00f3n de una subvenci\u00f3n a favor del consistorio cacere\u00f1o en la prestaci\u00f3n del servicio de informaci\u00f3n tur\u00edstica en la ciudad. En concreto, en base a este acuerdo, el importe de","twitter:image":"https:\/\/eldigitaldeasturias.com\/magazine365\/wp-content\/uploads\/2015\/07\/fotonoticia_20150715104035_800.jpg"},"aioseo_meta_data":{"post_id":"42737","title":null,"description":null,"keywords":null,"keyphrases":null,"primary_term":null,"canonical_url":null,"og_title":null,"og_description":null,"og_object_type":"default","og_image_type":"default","og_image_url":null,"og_image_width":null,"og_image_height":null,"og_image_custom_url":null,"og_image_custom_fields":null,"og_video":null,"og_custom_url":null,"og_article_section":null,"og_article_tags":null,"twitter_use_og":false,"twitter_card":"default","twitter_image_type":"default","twitter_image_url":null,"twitter_image_custom_url":null,"twitter_image_custom_fields":null,"twitter_title":null,"twitter_description":null,"schema":{"blockGraphs":[],"customGraphs":[],"default":{"data":{"Article":[],"Course":[],"Dataset":[],"FAQPage":[],"Movie":[],"Person":[],"Product":[],"ProductReview":[],"Car":[],"Recipe":[],"Service":[],"SoftwareApplication":[],"WebPage":[]},"graphName":"","isEnabled":true},"graphs":[],"defaultGraph":"","defaultPostTypeGraph":""},"schema_type":null,"schema_type_options":null,"pillar_content":false,"robots_default":true,"robots_noindex":false,"robots_noarchive":false,"robots_nosnippet":false,"robots_nofollow":false,"robots_noimageindex":false,"robots_noodp":false,"robots_notranslate":false,"robots_max_snippet":null,"robots_max_videopreview":null,"robots_max_imagepreview":"large","priority":null,"frequency":null,"location":null,"local_seo":null,"seo_analyzer_scan_date":"2025-09-19 18:23:49","breadcrumb_settings":null,"limit_modified_date":false,"open_ai":null,"ai":null,"created":"2021-03-09 01:56:40","updated":"2025-09-19 18:23:49"},"aioseo_breadcrumb":"<div class=\"aioseo-breadcrumbs\"><span class=\"aioseo-breadcrumb\">\n\t<a href=\"https:\/\/eldigitaldeasturias.com\/magazine365\" title=\"Home\">Home<\/a>\n<\/span><span class=\"aioseo-breadcrumb-separator\">\u2013<\/span><span class=\"aioseo-breadcrumb\">\n\t<a href=\"https:\/\/eldigitaldeasturias.com\/magazine365\/category\/actualidad-turismo\/\" title=\"Actualidad Turismo\">Actualidad Turismo<\/a>\n<\/span><span class=\"aioseo-breadcrumb-separator\">\u2013<\/span><span class=\"aioseo-breadcrumb\">\n\t<a href=\"https:\/\/eldigitaldeasturias.com\/magazine365\/el-servicio-de-informacion-turistica-de-caceres-recibe-una-subvencion-autonomica-de-casi-23-000-euros\/\" title=\"El servicio de informaci\u00f3n tur\u00edstica de C\u00e1ceres recibe una subvenci\u00f3n auton\u00f3mica de casi 23.000 euros\">El servicio de informaci\u00f3n tur\u00edstica de C\u00e1ceres recibe una subvenci\u00f3n auton\u00f3mica de casi 23.000 euros<\/a>\n<\/span><\/div>","aioseo_breadcrumb_json":[{"label":"Home","link":"https:\/\/eldigitaldeasturias.com\/magazine365"},{"label":"Actualidad Turismo","link":"https:\/\/eldigitaldeasturias.com\/magazine365\/category\/actualidad-turismo\/"},{"label":"El servicio de informaci\u00f3n tur\u00edstica de C\u00e1ceres recibe una subvenci\u00f3n auton\u00f3mica de casi 23.000 euros","link":"https:\/\/eldigitaldeasturias.com\/magazine365\/el-servicio-de-informacion-turistica-de-caceres-recibe-una-subvencion-autonomica-de-casi-23-000-euros\/"}],"_links":{"self":[{"href":"https:\/\/eldigitaldeasturias.com\/magazine365\/wp-json\/wp\/v2\/posts\/42737","targetHints":{"allow":["GET"]}}],"collection":[{"href":"https:\/\/eldigitaldeasturias.com\/magazine365\/wp-json\/wp\/v2\/posts"}],"about":[{"href":"https:\/\/eldigitaldeasturias.com\/magazine365\/wp-json\/wp\/v2\/types\/post"}],"author":[{"embeddable":true,"href":"https:\/\/eldigitaldeasturias.com\/magazine365\/wp-json\/wp\/v2\/users\/1"}],"replies":[{"embeddable":true,"href":"https:\/\/eldigitaldeasturias.com\/magazine365\/wp-json\/wp\/v2\/comments?post=42737"}],"version-history":[{"count":0,"href":"https:\/\/eldigitaldeasturias.com\/magazine365\/wp-json\/wp\/v2\/posts\/42737\/revisions"}],"wp:featuredmedia":[{"embeddable":true,"href":"https:\/\/eldigitaldeasturias.com\/magazine365\/wp-json\/wp\/v2\/media\/42738"}],"wp:attachment":[{"href":"https:\/\/eldigitaldeasturias.com\/magazine365\/wp-json\/wp\/v2\/media?parent=42737"}],"wp:term":[{"taxonomy":"category","embeddable":true,"href":"https:\/\/eldigitaldeasturias.com\/magazine365\/wp-json\/wp\/v2\/categories?post=42737"},{"taxonomy":"post_tag","embeddable":true,"href":"https:\/\/eldigitaldeasturias.com\/magazine365\/wp-json\/wp\/v2\/tags?post=42737"}],"curies":[{"name":"wp","href":"https:\/\/api.w.org\/{rel}","templated":true}]}}