{"id":42731,"date":"2015-07-16T04:16:42","date_gmt":"2015-07-16T02:16:42","guid":{"rendered":"http:\/\/eldigitaldeasturias.com\/magazine365\/?p=42731"},"modified":"2015-07-16T04:16:42","modified_gmt":"2015-07-16T02:16:42","slug":"iag-muestra-su-satisfaccion-con-la-decision-de-bruselas-de-aprobar-la-compra-de-aer-lingus","status":"publish","type":"post","link":"https:\/\/eldigitaldeasturias.com\/magazine365\/iag-muestra-su-satisfaccion-con-la-decision-de-bruselas-de-aprobar-la-compra-de-aer-lingus\/","title":{"rendered":"IAG muestra su \u00absatisfacci\u00f3n\u00bb con la decisi\u00f3n de Bruselas de aprobar la compra de Aer Lingus"},"content":{"rendered":"<p><img fetchpriority=\"high\" decoding=\"async\" class=\"alignleft size-medium wp-image-42732\" src=\"https:\/\/eldigitaldeasturias.com\/magazine365\/wp-content\/uploads\/2015\/07\/fotonoticia_20150714204813_800-360x267.jpg\" alt=\"fotonoticia_20150714204813_800\" width=\"360\" height=\"267\" srcset=\"https:\/\/eldigitaldeasturias.com\/magazine365\/wp-content\/uploads\/2015\/07\/fotonoticia_20150714204813_800-360x267.jpg 360w, https:\/\/eldigitaldeasturias.com\/magazine365\/wp-content\/uploads\/2015\/07\/fotonoticia_20150714204813_800-650x483.jpg 650w, https:\/\/eldigitaldeasturias.com\/magazine365\/wp-content\/uploads\/2015\/07\/fotonoticia_20150714204813_800-768x570.jpg 768w, https:\/\/eldigitaldeasturias.com\/magazine365\/wp-content\/uploads\/2015\/07\/fotonoticia_20150714204813_800-150x111.jpg 150w, https:\/\/eldigitaldeasturias.com\/magazine365\/wp-content\/uploads\/2015\/07\/fotonoticia_20150714204813_800-450x334.jpg 450w, https:\/\/eldigitaldeasturias.com\/magazine365\/wp-content\/uploads\/2015\/07\/fotonoticia_20150714204813_800-80x60.jpg 80w, https:\/\/eldigitaldeasturias.com\/magazine365\/wp-content\/uploads\/2015\/07\/fotonoticia_20150714204813_800-265x198.jpg 265w, https:\/\/eldigitaldeasturias.com\/magazine365\/wp-content\/uploads\/2015\/07\/fotonoticia_20150714204813_800-696x517.jpg 696w, https:\/\/eldigitaldeasturias.com\/magazine365\/wp-content\/uploads\/2015\/07\/fotonoticia_20150714204813_800-566x420.jpg 566w, https:\/\/eldigitaldeasturias.com\/magazine365\/wp-content\/uploads\/2015\/07\/fotonoticia_20150714204813_800-338x250.jpg 338w, https:\/\/eldigitaldeasturias.com\/magazine365\/wp-content\/uploads\/2015\/07\/fotonoticia_20150714204813_800-90x67.jpg 90w, https:\/\/eldigitaldeasturias.com\/magazine365\/wp-content\/uploads\/2015\/07\/fotonoticia_20150714204813_800-100x75.jpg 100w, https:\/\/eldigitaldeasturias.com\/magazine365\/wp-content\/uploads\/2015\/07\/fotonoticia_20150714204813_800.jpg 800w\" sizes=\"(max-width: 360px) 100vw, 360px\" \/>IAG, sociedad matriz de British Airways, Iberia y Vueling, ha recibido \u00abcon satisfacci\u00f3n\u00bb la decisi\u00f3n anunciada este martes por la Comisi\u00f3n Europea de aprobar su oferta por Aer Lingus, ha explicado la compa\u00f1\u00eda en un comunicado remitido a la Comisi\u00f3n Nacional del Mercado de Valores (CNMV).<\/p>\n<p>La aerol\u00ednea ha explicado que la aprobaci\u00f3n de la CE era una de las condiciones de la oferta, que sigue estando sujeta a otras requisitos que \u00aba\u00fan no se han satisfecho\u00bb.<\/p>\n<p>Bruselas ha supeditado as\u00ed el acuerdo a dos condiciones. La primera, que Aer lingus siga transportando pasajeros en vuelos de conexi\u00f3n con vuelos de largo recorrido de competidoras desde Londres &#8211; Heathrow , Londres &#8211; Gatwick, Manchester, Amsterdam, Shannon y Dubl\u00edn.<\/p>\n<p>Asimismo, la CE exige la liberaci\u00f3n de cinco pares de franjas horarias diarias en el aeropuerto de Londres-Gatwick para facilitar la entrada de compa\u00f1\u00edas a\u00e9reas competidoras en las rutas entre Londres &#8211; Dubl\u00edn y Londres &#8211; Belfast.<\/p>\n<p>En concreto, dos de las cinco frecuencias diarias deben operarse entre Gatwick y Dubl\u00edn; una frecuencia diaria entre Gatwick y Belfast y las otras dos frecuencias entre Gatwick y o bien Dubl\u00edn o Belfast, ha explicado IAG.<\/p>\n","protected":false},"excerpt":{"rendered":"<p>IAG, sociedad matriz de British Airways, Iberia y Vueling, ha recibido \u00abcon satisfacci\u00f3n\u00bb la decisi\u00f3n anunciada este martes por la Comisi\u00f3n Europea de aprobar su oferta por Aer Lingus, ha explicado la compa\u00f1\u00eda en un comunicado remitido a la Comisi\u00f3n Nacional del Mercado de Valores (CNMV). La aerol\u00ednea ha explicado que la aprobaci\u00f3n de la<\/p>\n","protected":false},"author":1,"featured_media":42732,"comment_status":"open","ping_status":"closed","sticky":false,"template":"","format":"standard","meta":{"footnotes":""},"categories":[222],"tags":[],"class_list":{"0":"post-42731","1":"post","2":"type-post","3":"status-publish","4":"format-standard","5":"has-post-thumbnail","7":"category-actualidad-turismo"},"aioseo_notices":[],"aioseo_head":"\n\t\t<!-- All in One SEO Pro 4.9.6.1 - aioseo.com -->\n\t<meta name=\"description\" content=\"IAG, sociedad matriz de British Airways, Iberia y Vueling, ha recibido &quot;con satisfacci\u00f3n&quot; la decisi\u00f3n anunciada este martes por la Comisi\u00f3n Europea de aprobar su oferta por Aer Lingus, ha explicado la compa\u00f1\u00eda en un comunicado remitido a la Comisi\u00f3n Nacional del Mercado de Valores (CNMV). La aerol\u00ednea ha explicado que la aprobaci\u00f3n de la\" \/>\n\t<meta name=\"robots\" content=\"max-image-preview:large\" \/>\n\t<meta name=\"author\" content=\"admin\"\/>\n\t<meta name=\"google-site-verification\" content=\"UA-38556648-1\" \/>\n\t<meta name=\"keywords\" content=\"actualidad turismo\" \/>\n\t<link rel=\"canonical\" href=\"https:\/\/eldigitaldeasturias.com\/magazine365\/iag-muestra-su-satisfaccion-con-la-decision-de-bruselas-de-aprobar-la-compra-de-aer-lingus\/\" \/>\n\t<meta name=\"generator\" content=\"All in One SEO Pro (AIOSEO) 4.9.6.1\" \/>\n\t\t<meta property=\"og:locale\" content=\"es_ES\" \/>\n\t\t<meta property=\"og:site_name\" content=\"El Digital de Asturias \u2013 Revista de ocio, turismo y estilo de vida\" \/>\n\t\t<meta property=\"og:type\" content=\"article\" \/>\n\t\t<meta property=\"og:title\" content=\"IAG muestra su \u00absatisfacci\u00f3n\u00bb con la decisi\u00f3n de Bruselas de aprobar la compra de Aer Lingus | El Digital de Asturias\" \/>\n\t\t<meta property=\"og:description\" content=\"IAG, sociedad matriz de British Airways, Iberia y Vueling, ha recibido &quot;con satisfacci\u00f3n&quot; la decisi\u00f3n anunciada este martes por la Comisi\u00f3n Europea de aprobar su oferta por Aer Lingus, ha explicado la compa\u00f1\u00eda en un comunicado remitido a la Comisi\u00f3n Nacional del Mercado de Valores (CNMV). La aerol\u00ednea ha explicado que la aprobaci\u00f3n de la\" \/>\n\t\t<meta property=\"og:url\" content=\"https:\/\/eldigitaldeasturias.com\/magazine365\/iag-muestra-su-satisfaccion-con-la-decision-de-bruselas-de-aprobar-la-compra-de-aer-lingus\/\" \/>\n\t\t<meta property=\"og:image\" content=\"https:\/\/eldigitaldeasturias.com\/magazine365\/wp-content\/uploads\/2015\/07\/fotonoticia_20150714204813_800.jpg\" \/>\n\t\t<meta property=\"og:image:secure_url\" content=\"https:\/\/eldigitaldeasturias.com\/magazine365\/wp-content\/uploads\/2015\/07\/fotonoticia_20150714204813_800.jpg\" \/>\n\t\t<meta property=\"og:image:width\" content=\"800\" \/>\n\t\t<meta property=\"og:image:height\" content=\"594\" \/>\n\t\t<meta property=\"article:published_time\" content=\"2015-07-16T02:16:42+00:00\" \/>\n\t\t<meta property=\"article:modified_time\" content=\"2015-07-16T02:16:42+00:00\" \/>\n\t\t<meta name=\"twitter:card\" content=\"summary_large_image\" \/>\n\t\t<meta name=\"twitter:title\" content=\"IAG muestra su \u00absatisfacci\u00f3n\u00bb con la decisi\u00f3n de Bruselas de aprobar la compra de Aer Lingus | El Digital de Asturias\" \/>\n\t\t<meta name=\"twitter:description\" content=\"IAG, sociedad matriz de British Airways, Iberia y Vueling, ha recibido &quot;con satisfacci\u00f3n&quot; la decisi\u00f3n anunciada este martes por la Comisi\u00f3n Europea de aprobar su oferta por Aer Lingus, ha explicado la compa\u00f1\u00eda en un comunicado remitido a la Comisi\u00f3n Nacional del Mercado de Valores (CNMV). La aerol\u00ednea ha explicado que la aprobaci\u00f3n de la\" \/>\n\t\t<meta name=\"twitter:image\" content=\"https:\/\/eldigitaldeasturias.com\/magazine365\/wp-content\/uploads\/2015\/07\/fotonoticia_20150714204813_800.jpg\" \/>\n\t\t<script type=\"application\/ld+json\" class=\"aioseo-schema\">\n\t\t\t{\"@context\":\"https:\\\/\\\/schema.org\",\"@graph\":[{\"@type\":\"Article\",\"@id\":\"https:\\\/\\\/eldigitaldeasturias.com\\\/magazine365\\\/iag-muestra-su-satisfaccion-con-la-decision-de-bruselas-de-aprobar-la-compra-de-aer-lingus\\\/#article\",\"name\":\"IAG muestra su \\u00absatisfacci\\u00f3n\\u00bb con la decisi\\u00f3n de Bruselas de aprobar la compra de Aer Lingus | El Digital de Asturias\",\"headline\":\"IAG muestra su \\u00absatisfacci\\u00f3n\\u00bb con la decisi\\u00f3n de Bruselas de aprobar la compra de Aer Lingus\",\"author\":{\"@id\":\"https:\\\/\\\/eldigitaldeasturias.com\\\/magazine365\\\/author\\\/admin\\\/#author\"},\"publisher\":{\"@id\":\"https:\\\/\\\/eldigitaldeasturias.com\\\/magazine365\\\/#organization\"},\"image\":{\"@type\":\"ImageObject\",\"url\":\"https:\\\/\\\/eldigitaldeasturias.com\\\/magazine365\\\/wp-content\\\/uploads\\\/2015\\\/07\\\/fotonoticia_20150714204813_800.jpg\",\"width\":800,\"height\":594},\"datePublished\":\"2015-07-16T04:16:42+02:00\",\"dateModified\":\"2015-07-16T04:16:42+02:00\",\"inLanguage\":\"es-ES\",\"mainEntityOfPage\":{\"@id\":\"https:\\\/\\\/eldigitaldeasturias.com\\\/magazine365\\\/iag-muestra-su-satisfaccion-con-la-decision-de-bruselas-de-aprobar-la-compra-de-aer-lingus\\\/#webpage\"},\"isPartOf\":{\"@id\":\"https:\\\/\\\/eldigitaldeasturias.com\\\/magazine365\\\/iag-muestra-su-satisfaccion-con-la-decision-de-bruselas-de-aprobar-la-compra-de-aer-lingus\\\/#webpage\"},\"articleSection\":\"Actualidad Turismo\"},{\"@type\":\"BreadcrumbList\",\"@id\":\"https:\\\/\\\/eldigitaldeasturias.com\\\/magazine365\\\/iag-muestra-su-satisfaccion-con-la-decision-de-bruselas-de-aprobar-la-compra-de-aer-lingus\\\/#breadcrumblist\",\"itemListElement\":[{\"@type\":\"ListItem\",\"@id\":\"https:\\\/\\\/eldigitaldeasturias.com\\\/magazine365#listItem\",\"position\":1,\"name\":\"Home\",\"item\":\"https:\\\/\\\/eldigitaldeasturias.com\\\/magazine365\",\"nextItem\":{\"@type\":\"ListItem\",\"@id\":\"https:\\\/\\\/eldigitaldeasturias.com\\\/magazine365\\\/category\\\/actualidad-turismo\\\/#listItem\",\"name\":\"Actualidad Turismo\"}},{\"@type\":\"ListItem\",\"@id\":\"https:\\\/\\\/eldigitaldeasturias.com\\\/magazine365\\\/category\\\/actualidad-turismo\\\/#listItem\",\"position\":2,\"name\":\"Actualidad Turismo\",\"item\":\"https:\\\/\\\/eldigitaldeasturias.com\\\/magazine365\\\/category\\\/actualidad-turismo\\\/\",\"nextItem\":{\"@type\":\"ListItem\",\"@id\":\"https:\\\/\\\/eldigitaldeasturias.com\\\/magazine365\\\/iag-muestra-su-satisfaccion-con-la-decision-de-bruselas-de-aprobar-la-compra-de-aer-lingus\\\/#listItem\",\"name\":\"IAG muestra su \\u00absatisfacci\\u00f3n\\u00bb con la decisi\\u00f3n de Bruselas de aprobar la compra de Aer Lingus\"},\"previousItem\":{\"@type\":\"ListItem\",\"@id\":\"https:\\\/\\\/eldigitaldeasturias.com\\\/magazine365#listItem\",\"name\":\"Home\"}},{\"@type\":\"ListItem\",\"@id\":\"https:\\\/\\\/eldigitaldeasturias.com\\\/magazine365\\\/iag-muestra-su-satisfaccion-con-la-decision-de-bruselas-de-aprobar-la-compra-de-aer-lingus\\\/#listItem\",\"position\":3,\"name\":\"IAG muestra su \\u00absatisfacci\\u00f3n\\u00bb con la decisi\\u00f3n de Bruselas de aprobar la compra de Aer Lingus\",\"previousItem\":{\"@type\":\"ListItem\",\"@id\":\"https:\\\/\\\/eldigitaldeasturias.com\\\/magazine365\\\/category\\\/actualidad-turismo\\\/#listItem\",\"name\":\"Actualidad Turismo\"}}]},{\"@type\":\"Organization\",\"@id\":\"https:\\\/\\\/eldigitaldeasturias.com\\\/magazine365\\\/#organization\",\"name\":\"El digital de Asturias\",\"description\":\"Revista de ocio, turismo y estilo de vida\",\"url\":\"https:\\\/\\\/eldigitaldeasturias.com\\\/magazine365\\\/\",\"logo\":{\"@type\":\"ImageObject\",\"url\":\"https:\\\/\\\/www.eldigitaldeasturias.com\\\/noticias\\\/wp-content\\\/uploads\\\/2020\\\/12\\\/EDA.jpg\",\"@id\":\"https:\\\/\\\/eldigitaldeasturias.com\\\/magazine365\\\/iag-muestra-su-satisfaccion-con-la-decision-de-bruselas-de-aprobar-la-compra-de-aer-lingus\\\/#organizationLogo\"},\"image\":{\"@id\":\"https:\\\/\\\/eldigitaldeasturias.com\\\/magazine365\\\/iag-muestra-su-satisfaccion-con-la-decision-de-bruselas-de-aprobar-la-compra-de-aer-lingus\\\/#organizationLogo\"}},{\"@type\":\"Person\",\"@id\":\"https:\\\/\\\/eldigitaldeasturias.com\\\/magazine365\\\/author\\\/admin\\\/#author\",\"url\":\"https:\\\/\\\/eldigitaldeasturias.com\\\/magazine365\\\/author\\\/admin\\\/\",\"name\":\"admin\",\"image\":{\"@type\":\"ImageObject\",\"@id\":\"https:\\\/\\\/eldigitaldeasturias.com\\\/magazine365\\\/iag-muestra-su-satisfaccion-con-la-decision-de-bruselas-de-aprobar-la-compra-de-aer-lingus\\\/#authorImage\",\"url\":\"https:\\\/\\\/eldigitaldeasturias.com\\\/magazine365\\\/wp-content\\\/litespeed\\\/avatar\\\/e571bcf59a0edd6fa6838245a470f2fe.jpg?ver=1777574230\",\"width\":96,\"height\":96,\"caption\":\"admin\"}},{\"@type\":\"WebPage\",\"@id\":\"https:\\\/\\\/eldigitaldeasturias.com\\\/magazine365\\\/iag-muestra-su-satisfaccion-con-la-decision-de-bruselas-de-aprobar-la-compra-de-aer-lingus\\\/#webpage\",\"url\":\"https:\\\/\\\/eldigitaldeasturias.com\\\/magazine365\\\/iag-muestra-su-satisfaccion-con-la-decision-de-bruselas-de-aprobar-la-compra-de-aer-lingus\\\/\",\"name\":\"IAG muestra su \\u00absatisfacci\\u00f3n\\u00bb con la decisi\\u00f3n de Bruselas de aprobar la compra de Aer Lingus | El Digital de Asturias\",\"description\":\"IAG, sociedad matriz de British Airways, Iberia y Vueling, ha recibido \\\"con satisfacci\\u00f3n\\\" la decisi\\u00f3n anunciada este martes por la Comisi\\u00f3n Europea de aprobar su oferta por Aer Lingus, ha explicado la compa\\u00f1\\u00eda en un comunicado remitido a la Comisi\\u00f3n Nacional del Mercado de Valores (CNMV). La aerol\\u00ednea ha explicado que la aprobaci\\u00f3n de la\",\"inLanguage\":\"es-ES\",\"isPartOf\":{\"@id\":\"https:\\\/\\\/eldigitaldeasturias.com\\\/magazine365\\\/#website\"},\"breadcrumb\":{\"@id\":\"https:\\\/\\\/eldigitaldeasturias.com\\\/magazine365\\\/iag-muestra-su-satisfaccion-con-la-decision-de-bruselas-de-aprobar-la-compra-de-aer-lingus\\\/#breadcrumblist\"},\"author\":{\"@id\":\"https:\\\/\\\/eldigitaldeasturias.com\\\/magazine365\\\/author\\\/admin\\\/#author\"},\"creator\":{\"@id\":\"https:\\\/\\\/eldigitaldeasturias.com\\\/magazine365\\\/author\\\/admin\\\/#author\"},\"image\":{\"@type\":\"ImageObject\",\"url\":\"https:\\\/\\\/eldigitaldeasturias.com\\\/magazine365\\\/wp-content\\\/uploads\\\/2015\\\/07\\\/fotonoticia_20150714204813_800.jpg\",\"@id\":\"https:\\\/\\\/eldigitaldeasturias.com\\\/magazine365\\\/iag-muestra-su-satisfaccion-con-la-decision-de-bruselas-de-aprobar-la-compra-de-aer-lingus\\\/#mainImage\",\"width\":800,\"height\":594},\"primaryImageOfPage\":{\"@id\":\"https:\\\/\\\/eldigitaldeasturias.com\\\/magazine365\\\/iag-muestra-su-satisfaccion-con-la-decision-de-bruselas-de-aprobar-la-compra-de-aer-lingus\\\/#mainImage\"},\"datePublished\":\"2015-07-16T04:16:42+02:00\",\"dateModified\":\"2015-07-16T04:16:42+02:00\"},{\"@type\":\"WebSite\",\"@id\":\"https:\\\/\\\/eldigitaldeasturias.com\\\/magazine365\\\/#website\",\"url\":\"https:\\\/\\\/eldigitaldeasturias.com\\\/magazine365\\\/\",\"name\":\"El Digital de Asturias\",\"description\":\"Revista de ocio, turismo y estilo de vida\",\"inLanguage\":\"es-ES\",\"publisher\":{\"@id\":\"https:\\\/\\\/eldigitaldeasturias.com\\\/magazine365\\\/#organization\"}}]}\n\t\t<\/script>\n\t\t<!-- All in One SEO Pro -->\r\n\t\t<title>IAG muestra su \u00absatisfacci\u00f3n\u00bb con la decisi\u00f3n de Bruselas de aprobar la compra de Aer Lingus | El Digital de Asturias<\/title>\n\n","aioseo_head_json":{"title":"IAG muestra su \u00absatisfacci\u00f3n\u00bb con la decisi\u00f3n de Bruselas de aprobar la compra de Aer Lingus | El Digital de Asturias","description":"IAG, sociedad matriz de British Airways, Iberia y Vueling, ha recibido \"con satisfacci\u00f3n\" la decisi\u00f3n anunciada este martes por la Comisi\u00f3n Europea de aprobar su oferta por Aer Lingus, ha explicado la compa\u00f1\u00eda en un comunicado remitido a la Comisi\u00f3n Nacional del Mercado de Valores (CNMV). La aerol\u00ednea ha explicado que la aprobaci\u00f3n de la","canonical_url":"https:\/\/eldigitaldeasturias.com\/magazine365\/iag-muestra-su-satisfaccion-con-la-decision-de-bruselas-de-aprobar-la-compra-de-aer-lingus\/","robots":"max-image-preview:large","keywords":"actualidad turismo","webmasterTools":{"google-site-verification":"UA-38556648-1","miscellaneous":""},"schema":{"@context":"https:\/\/schema.org","@graph":[{"@type":"Article","@id":"https:\/\/eldigitaldeasturias.com\/magazine365\/iag-muestra-su-satisfaccion-con-la-decision-de-bruselas-de-aprobar-la-compra-de-aer-lingus\/#article","name":"IAG muestra su \u00absatisfacci\u00f3n\u00bb con la decisi\u00f3n de Bruselas de aprobar la compra de Aer Lingus | El Digital de Asturias","headline":"IAG muestra su \u00absatisfacci\u00f3n\u00bb con la decisi\u00f3n de Bruselas de aprobar la compra de Aer Lingus","author":{"@id":"https:\/\/eldigitaldeasturias.com\/magazine365\/author\/admin\/#author"},"publisher":{"@id":"https:\/\/eldigitaldeasturias.com\/magazine365\/#organization"},"image":{"@type":"ImageObject","url":"https:\/\/eldigitaldeasturias.com\/magazine365\/wp-content\/uploads\/2015\/07\/fotonoticia_20150714204813_800.jpg","width":800,"height":594},"datePublished":"2015-07-16T04:16:42+02:00","dateModified":"2015-07-16T04:16:42+02:00","inLanguage":"es-ES","mainEntityOfPage":{"@id":"https:\/\/eldigitaldeasturias.com\/magazine365\/iag-muestra-su-satisfaccion-con-la-decision-de-bruselas-de-aprobar-la-compra-de-aer-lingus\/#webpage"},"isPartOf":{"@id":"https:\/\/eldigitaldeasturias.com\/magazine365\/iag-muestra-su-satisfaccion-con-la-decision-de-bruselas-de-aprobar-la-compra-de-aer-lingus\/#webpage"},"articleSection":"Actualidad Turismo"},{"@type":"BreadcrumbList","@id":"https:\/\/eldigitaldeasturias.com\/magazine365\/iag-muestra-su-satisfaccion-con-la-decision-de-bruselas-de-aprobar-la-compra-de-aer-lingus\/#breadcrumblist","itemListElement":[{"@type":"ListItem","@id":"https:\/\/eldigitaldeasturias.com\/magazine365#listItem","position":1,"name":"Home","item":"https:\/\/eldigitaldeasturias.com\/magazine365","nextItem":{"@type":"ListItem","@id":"https:\/\/eldigitaldeasturias.com\/magazine365\/category\/actualidad-turismo\/#listItem","name":"Actualidad Turismo"}},{"@type":"ListItem","@id":"https:\/\/eldigitaldeasturias.com\/magazine365\/category\/actualidad-turismo\/#listItem","position":2,"name":"Actualidad Turismo","item":"https:\/\/eldigitaldeasturias.com\/magazine365\/category\/actualidad-turismo\/","nextItem":{"@type":"ListItem","@id":"https:\/\/eldigitaldeasturias.com\/magazine365\/iag-muestra-su-satisfaccion-con-la-decision-de-bruselas-de-aprobar-la-compra-de-aer-lingus\/#listItem","name":"IAG muestra su \u00absatisfacci\u00f3n\u00bb con la decisi\u00f3n de Bruselas de aprobar la compra de Aer Lingus"},"previousItem":{"@type":"ListItem","@id":"https:\/\/eldigitaldeasturias.com\/magazine365#listItem","name":"Home"}},{"@type":"ListItem","@id":"https:\/\/eldigitaldeasturias.com\/magazine365\/iag-muestra-su-satisfaccion-con-la-decision-de-bruselas-de-aprobar-la-compra-de-aer-lingus\/#listItem","position":3,"name":"IAG muestra su \u00absatisfacci\u00f3n\u00bb con la decisi\u00f3n de Bruselas de aprobar la compra de Aer Lingus","previousItem":{"@type":"ListItem","@id":"https:\/\/eldigitaldeasturias.com\/magazine365\/category\/actualidad-turismo\/#listItem","name":"Actualidad Turismo"}}]},{"@type":"Organization","@id":"https:\/\/eldigitaldeasturias.com\/magazine365\/#organization","name":"El digital de Asturias","description":"Revista de ocio, turismo y estilo de vida","url":"https:\/\/eldigitaldeasturias.com\/magazine365\/","logo":{"@type":"ImageObject","url":"https:\/\/www.eldigitaldeasturias.com\/noticias\/wp-content\/uploads\/2020\/12\/EDA.jpg","@id":"https:\/\/eldigitaldeasturias.com\/magazine365\/iag-muestra-su-satisfaccion-con-la-decision-de-bruselas-de-aprobar-la-compra-de-aer-lingus\/#organizationLogo"},"image":{"@id":"https:\/\/eldigitaldeasturias.com\/magazine365\/iag-muestra-su-satisfaccion-con-la-decision-de-bruselas-de-aprobar-la-compra-de-aer-lingus\/#organizationLogo"}},{"@type":"Person","@id":"https:\/\/eldigitaldeasturias.com\/magazine365\/author\/admin\/#author","url":"https:\/\/eldigitaldeasturias.com\/magazine365\/author\/admin\/","name":"admin","image":{"@type":"ImageObject","@id":"https:\/\/eldigitaldeasturias.com\/magazine365\/iag-muestra-su-satisfaccion-con-la-decision-de-bruselas-de-aprobar-la-compra-de-aer-lingus\/#authorImage","url":"https:\/\/eldigitaldeasturias.com\/magazine365\/wp-content\/litespeed\/avatar\/e571bcf59a0edd6fa6838245a470f2fe.jpg?ver=1777574230","width":96,"height":96,"caption":"admin"}},{"@type":"WebPage","@id":"https:\/\/eldigitaldeasturias.com\/magazine365\/iag-muestra-su-satisfaccion-con-la-decision-de-bruselas-de-aprobar-la-compra-de-aer-lingus\/#webpage","url":"https:\/\/eldigitaldeasturias.com\/magazine365\/iag-muestra-su-satisfaccion-con-la-decision-de-bruselas-de-aprobar-la-compra-de-aer-lingus\/","name":"IAG muestra su \u00absatisfacci\u00f3n\u00bb con la decisi\u00f3n de Bruselas de aprobar la compra de Aer Lingus | El Digital de Asturias","description":"IAG, sociedad matriz de British Airways, Iberia y Vueling, ha recibido \"con satisfacci\u00f3n\" la decisi\u00f3n anunciada este martes por la Comisi\u00f3n Europea de aprobar su oferta por Aer Lingus, ha explicado la compa\u00f1\u00eda en un comunicado remitido a la Comisi\u00f3n Nacional del Mercado de Valores (CNMV). La aerol\u00ednea ha explicado que la aprobaci\u00f3n de la","inLanguage":"es-ES","isPartOf":{"@id":"https:\/\/eldigitaldeasturias.com\/magazine365\/#website"},"breadcrumb":{"@id":"https:\/\/eldigitaldeasturias.com\/magazine365\/iag-muestra-su-satisfaccion-con-la-decision-de-bruselas-de-aprobar-la-compra-de-aer-lingus\/#breadcrumblist"},"author":{"@id":"https:\/\/eldigitaldeasturias.com\/magazine365\/author\/admin\/#author"},"creator":{"@id":"https:\/\/eldigitaldeasturias.com\/magazine365\/author\/admin\/#author"},"image":{"@type":"ImageObject","url":"https:\/\/eldigitaldeasturias.com\/magazine365\/wp-content\/uploads\/2015\/07\/fotonoticia_20150714204813_800.jpg","@id":"https:\/\/eldigitaldeasturias.com\/magazine365\/iag-muestra-su-satisfaccion-con-la-decision-de-bruselas-de-aprobar-la-compra-de-aer-lingus\/#mainImage","width":800,"height":594},"primaryImageOfPage":{"@id":"https:\/\/eldigitaldeasturias.com\/magazine365\/iag-muestra-su-satisfaccion-con-la-decision-de-bruselas-de-aprobar-la-compra-de-aer-lingus\/#mainImage"},"datePublished":"2015-07-16T04:16:42+02:00","dateModified":"2015-07-16T04:16:42+02:00"},{"@type":"WebSite","@id":"https:\/\/eldigitaldeasturias.com\/magazine365\/#website","url":"https:\/\/eldigitaldeasturias.com\/magazine365\/","name":"El Digital de Asturias","description":"Revista de ocio, turismo y estilo de vida","inLanguage":"es-ES","publisher":{"@id":"https:\/\/eldigitaldeasturias.com\/magazine365\/#organization"}}]},"og:locale":"es_ES","og:site_name":"El Digital de Asturias \u2013 Revista de ocio, turismo y estilo de vida","og:type":"article","og:title":"IAG muestra su \u00absatisfacci\u00f3n\u00bb con la decisi\u00f3n de Bruselas de aprobar la compra de Aer Lingus | El Digital de Asturias","og:description":"IAG, sociedad matriz de British Airways, Iberia y Vueling, ha recibido &quot;con satisfacci\u00f3n&quot; la decisi\u00f3n anunciada este martes por la Comisi\u00f3n Europea de aprobar su oferta por Aer Lingus, ha explicado la compa\u00f1\u00eda en un comunicado remitido a la Comisi\u00f3n Nacional del Mercado de Valores (CNMV). La aerol\u00ednea ha explicado que la aprobaci\u00f3n de la","og:url":"https:\/\/eldigitaldeasturias.com\/magazine365\/iag-muestra-su-satisfaccion-con-la-decision-de-bruselas-de-aprobar-la-compra-de-aer-lingus\/","og:image":"https:\/\/eldigitaldeasturias.com\/magazine365\/wp-content\/uploads\/2015\/07\/fotonoticia_20150714204813_800.jpg","og:image:secure_url":"https:\/\/eldigitaldeasturias.com\/magazine365\/wp-content\/uploads\/2015\/07\/fotonoticia_20150714204813_800.jpg","og:image:width":800,"og:image:height":594,"article:published_time":"2015-07-16T02:16:42+00:00","article:modified_time":"2015-07-16T02:16:42+00:00","twitter:card":"summary_large_image","twitter:title":"IAG muestra su \u00absatisfacci\u00f3n\u00bb con la decisi\u00f3n de Bruselas de aprobar la compra de Aer Lingus | El Digital de Asturias","twitter:description":"IAG, sociedad matriz de British Airways, Iberia y Vueling, ha recibido &quot;con satisfacci\u00f3n&quot; la decisi\u00f3n anunciada este martes por la Comisi\u00f3n Europea de aprobar su oferta por Aer Lingus, ha explicado la compa\u00f1\u00eda en un comunicado remitido a la Comisi\u00f3n Nacional del Mercado de Valores (CNMV). La aerol\u00ednea ha explicado que la aprobaci\u00f3n de la","twitter:image":"https:\/\/eldigitaldeasturias.com\/magazine365\/wp-content\/uploads\/2015\/07\/fotonoticia_20150714204813_800.jpg"},"aioseo_meta_data":{"post_id":"42731","title":null,"description":null,"keywords":null,"keyphrases":null,"primary_term":null,"canonical_url":null,"og_title":null,"og_description":null,"og_object_type":"default","og_image_type":"default","og_image_url":null,"og_image_width":null,"og_image_height":null,"og_image_custom_url":null,"og_image_custom_fields":null,"og_video":null,"og_custom_url":null,"og_article_section":null,"og_article_tags":null,"twitter_use_og":false,"twitter_card":"default","twitter_image_type":"default","twitter_image_url":null,"twitter_image_custom_url":null,"twitter_image_custom_fields":null,"twitter_title":null,"twitter_description":null,"schema":{"blockGraphs":[],"customGraphs":[],"default":{"data":{"Article":[],"Course":[],"Dataset":[],"FAQPage":[],"Movie":[],"Person":[],"Product":[],"ProductReview":[],"Car":[],"Recipe":[],"Service":[],"SoftwareApplication":[],"WebPage":[]},"graphName":"","isEnabled":true},"graphs":[],"defaultGraph":"","defaultPostTypeGraph":""},"schema_type":null,"schema_type_options":null,"pillar_content":false,"robots_default":true,"robots_noindex":false,"robots_noarchive":false,"robots_nosnippet":false,"robots_nofollow":false,"robots_noimageindex":false,"robots_noodp":false,"robots_notranslate":false,"robots_max_snippet":null,"robots_max_videopreview":null,"robots_max_imagepreview":"large","priority":null,"frequency":null,"location":null,"local_seo":null,"seo_analyzer_scan_date":"2025-09-19 18:22:40","breadcrumb_settings":null,"limit_modified_date":false,"open_ai":null,"ai":null,"created":"2021-03-09 01:56:40","updated":"2025-09-19 18:22:40"},"aioseo_breadcrumb":"<div class=\"aioseo-breadcrumbs\"><span class=\"aioseo-breadcrumb\">\n\t<a href=\"https:\/\/eldigitaldeasturias.com\/magazine365\" title=\"Home\">Home<\/a>\n<\/span><span class=\"aioseo-breadcrumb-separator\">\u2013<\/span><span class=\"aioseo-breadcrumb\">\n\t<a href=\"https:\/\/eldigitaldeasturias.com\/magazine365\/category\/actualidad-turismo\/\" title=\"Actualidad Turismo\">Actualidad Turismo<\/a>\n<\/span><span class=\"aioseo-breadcrumb-separator\">\u2013<\/span><span class=\"aioseo-breadcrumb\">\n\t<a href=\"https:\/\/eldigitaldeasturias.com\/magazine365\/iag-muestra-su-satisfaccion-con-la-decision-de-bruselas-de-aprobar-la-compra-de-aer-lingus\/\" title=\"IAG muestra su \u00absatisfacci\u00f3n\u00bb con la decisi\u00f3n de Bruselas de aprobar la compra de Aer Lingus\">IAG muestra su \u00absatisfacci\u00f3n\u00bb con la decisi\u00f3n de Bruselas de aprobar la compra de Aer Lingus<\/a>\n<\/span><\/div>","aioseo_breadcrumb_json":[{"label":"Home","link":"https:\/\/eldigitaldeasturias.com\/magazine365"},{"label":"Actualidad Turismo","link":"https:\/\/eldigitaldeasturias.com\/magazine365\/category\/actualidad-turismo\/"},{"label":"IAG muestra su \u00absatisfacci\u00f3n\u00bb con la decisi\u00f3n de Bruselas de aprobar la compra de Aer Lingus","link":"https:\/\/eldigitaldeasturias.com\/magazine365\/iag-muestra-su-satisfaccion-con-la-decision-de-bruselas-de-aprobar-la-compra-de-aer-lingus\/"}],"_links":{"self":[{"href":"https:\/\/eldigitaldeasturias.com\/magazine365\/wp-json\/wp\/v2\/posts\/42731","targetHints":{"allow":["GET"]}}],"collection":[{"href":"https:\/\/eldigitaldeasturias.com\/magazine365\/wp-json\/wp\/v2\/posts"}],"about":[{"href":"https:\/\/eldigitaldeasturias.com\/magazine365\/wp-json\/wp\/v2\/types\/post"}],"author":[{"embeddable":true,"href":"https:\/\/eldigitaldeasturias.com\/magazine365\/wp-json\/wp\/v2\/users\/1"}],"replies":[{"embeddable":true,"href":"https:\/\/eldigitaldeasturias.com\/magazine365\/wp-json\/wp\/v2\/comments?post=42731"}],"version-history":[{"count":0,"href":"https:\/\/eldigitaldeasturias.com\/magazine365\/wp-json\/wp\/v2\/posts\/42731\/revisions"}],"wp:featuredmedia":[{"embeddable":true,"href":"https:\/\/eldigitaldeasturias.com\/magazine365\/wp-json\/wp\/v2\/media\/42732"}],"wp:attachment":[{"href":"https:\/\/eldigitaldeasturias.com\/magazine365\/wp-json\/wp\/v2\/media?parent=42731"}],"wp:term":[{"taxonomy":"category","embeddable":true,"href":"https:\/\/eldigitaldeasturias.com\/magazine365\/wp-json\/wp\/v2\/categories?post=42731"},{"taxonomy":"post_tag","embeddable":true,"href":"https:\/\/eldigitaldeasturias.com\/magazine365\/wp-json\/wp\/v2\/tags?post=42731"}],"curies":[{"name":"wp","href":"https:\/\/api.w.org\/{rel}","templated":true}]}}