{"id":42728,"date":"2015-07-16T00:32:17","date_gmt":"2015-07-15T22:32:17","guid":{"rendered":"http:\/\/eldigitaldeasturias.com\/magazine365\/?p=42728"},"modified":"2015-07-16T00:32:17","modified_gmt":"2015-07-15T22:32:17","slug":"bruselas-autoriza-con-condiciones-la-compra-de-aer-lingus-por-iag","status":"publish","type":"post","link":"https:\/\/eldigitaldeasturias.com\/magazine365\/bruselas-autoriza-con-condiciones-la-compra-de-aer-lingus-por-iag\/","title":{"rendered":"Bruselas autoriza con condiciones la compra de Aer Lingus por IAG"},"content":{"rendered":"<p><img fetchpriority=\"high\" decoding=\"async\" class=\"alignleft size-medium wp-image-42729\" src=\"https:\/\/eldigitaldeasturias.com\/magazine365\/wp-content\/uploads\/2015\/07\/fotonoticia_20150714195806_800-300x300.jpg\" alt=\"fotonoticia_20150714195806_800\" width=\"300\" height=\"300\" srcset=\"https:\/\/eldigitaldeasturias.com\/magazine365\/wp-content\/uploads\/2015\/07\/fotonoticia_20150714195806_800-300x300.jpg 300w, https:\/\/eldigitaldeasturias.com\/magazine365\/wp-content\/uploads\/2015\/07\/fotonoticia_20150714195806_800-640x640.jpg 640w, https:\/\/eldigitaldeasturias.com\/magazine365\/wp-content\/uploads\/2015\/07\/fotonoticia_20150714195806_800-768x768.jpg 768w, https:\/\/eldigitaldeasturias.com\/magazine365\/wp-content\/uploads\/2015\/07\/fotonoticia_20150714195806_800-150x150.jpg 150w, https:\/\/eldigitaldeasturias.com\/magazine365\/wp-content\/uploads\/2015\/07\/fotonoticia_20150714195806_800-450x450.jpg 450w, https:\/\/eldigitaldeasturias.com\/magazine365\/wp-content\/uploads\/2015\/07\/fotonoticia_20150714195806_800-696x696.jpg 696w, https:\/\/eldigitaldeasturias.com\/magazine365\/wp-content\/uploads\/2015\/07\/fotonoticia_20150714195806_800-420x420.jpg 420w, https:\/\/eldigitaldeasturias.com\/magazine365\/wp-content\/uploads\/2015\/07\/fotonoticia_20150714195806_800-50x50.jpg 50w, https:\/\/eldigitaldeasturias.com\/magazine365\/wp-content\/uploads\/2015\/07\/fotonoticia_20150714195806_800.jpg 800w\" sizes=\"(max-width: 300px) 100vw, 300px\" \/>La Comisi\u00f3n Europea ha autorizado este martes la compra de la aerol\u00ednea Aer Lingus por el grupo IAG, sociedad matriz de British Airways, Iberia y Vueling, pero lo ha hecho a condici\u00f3n de que la aerol\u00ednea mantenga las conexiones con vuelos de largo recorrido de compa\u00f1\u00edas competidoras desde determinados aeropuertos.<\/p>\n<p>Bruselas ha supeditado as\u00ed el acuerdo a dos condiciones. La primera, que Aer lingus siga transportando pasajeros en vuelos de conexi\u00f3n con vuelos de largo recorrido de competidoras desde Londres &#8211; Heathrow , Londres &#8211; Gatwick, Manchester, Amsterdam, Shannon y Dubl\u00edn.<\/p>\n<p>Tambi\u00e9n se exige la liberaci\u00f3n de cinco pares de franjas horarias diarias en el aeropuerto de Londres-Gatwick para facilitar la entrada de compa\u00f1\u00edas a\u00e9reas competidoras en las rutas entre Londres &#8211; Dubl\u00edn y Londres &#8211; Belfast.<\/p>\n<p>En una primera investigaci\u00f3n, el Ejecutivo comunitario plante\u00f3 dudas porque tem\u00eda que la entidad fusionada careciese de suficiente competencia en varias rutas. Tambi\u00e9n le preocupaba que la operaci\u00f3n impidiera que Aer Lingus siguiera ofreciendo vuelos de conexi\u00f3n con vuelos de largo recorrido de compa\u00f1\u00edas a\u00e9reas competidoras en varias rutas.<\/p>\n<p>La comisaria de Competencia, Margrethe Vestager, ha destacado que las concesiones obtenidas son \u00abimportant\u00edsimas\u00bb y garantizan que los pasajeros podr\u00e1n escoger los precios m\u00e1s competitivos entre compa\u00f1\u00edas a\u00e9reas.<\/p>\n","protected":false},"excerpt":{"rendered":"<p>La Comisi\u00f3n Europea ha autorizado este martes la compra de la aerol\u00ednea Aer Lingus por el grupo IAG, sociedad matriz de British Airways, Iberia y Vueling, pero lo ha hecho a condici\u00f3n de que la aerol\u00ednea mantenga las conexiones con vuelos de largo recorrido de compa\u00f1\u00edas competidoras desde determinados aeropuertos. Bruselas ha supeditado as\u00ed el<\/p>\n","protected":false},"author":1,"featured_media":42729,"comment_status":"open","ping_status":"closed","sticky":false,"template":"","format":"standard","meta":{"footnotes":""},"categories":[222],"tags":[],"class_list":{"0":"post-42728","1":"post","2":"type-post","3":"status-publish","4":"format-standard","5":"has-post-thumbnail","7":"category-actualidad-turismo"},"aioseo_notices":[],"aioseo_head":"\n\t\t<!-- All in One SEO Pro 4.9.6.1 - aioseo.com -->\n\t<meta name=\"description\" content=\"La Comisi\u00f3n Europea ha autorizado este martes la compra de la aerol\u00ednea Aer Lingus por el grupo IAG, sociedad matriz de British Airways, Iberia y Vueling, pero lo ha hecho a condici\u00f3n de que la aerol\u00ednea mantenga las conexiones con vuelos de largo recorrido de compa\u00f1\u00edas competidoras desde determinados aeropuertos. Bruselas ha supeditado as\u00ed el\" \/>\n\t<meta name=\"robots\" content=\"max-image-preview:large\" \/>\n\t<meta name=\"author\" content=\"admin\"\/>\n\t<meta name=\"google-site-verification\" content=\"UA-38556648-1\" \/>\n\t<meta name=\"keywords\" content=\"actualidad turismo\" \/>\n\t<link rel=\"canonical\" href=\"https:\/\/eldigitaldeasturias.com\/magazine365\/bruselas-autoriza-con-condiciones-la-compra-de-aer-lingus-por-iag\/\" \/>\n\t<meta name=\"generator\" content=\"All in One SEO Pro (AIOSEO) 4.9.6.1\" \/>\n\t\t<meta property=\"og:locale\" content=\"es_ES\" \/>\n\t\t<meta property=\"og:site_name\" content=\"El Digital de Asturias \u2013 Revista de ocio, turismo y estilo de vida\" \/>\n\t\t<meta property=\"og:type\" content=\"article\" \/>\n\t\t<meta property=\"og:title\" content=\"Bruselas autoriza con condiciones la compra de Aer Lingus por IAG | El Digital de Asturias\" \/>\n\t\t<meta property=\"og:description\" content=\"La Comisi\u00f3n Europea ha autorizado este martes la compra de la aerol\u00ednea Aer Lingus por el grupo IAG, sociedad matriz de British Airways, Iberia y Vueling, pero lo ha hecho a condici\u00f3n de que la aerol\u00ednea mantenga las conexiones con vuelos de largo recorrido de compa\u00f1\u00edas competidoras desde determinados aeropuertos. Bruselas ha supeditado as\u00ed el\" \/>\n\t\t<meta property=\"og:url\" content=\"https:\/\/eldigitaldeasturias.com\/magazine365\/bruselas-autoriza-con-condiciones-la-compra-de-aer-lingus-por-iag\/\" \/>\n\t\t<meta property=\"og:image\" content=\"https:\/\/eldigitaldeasturias.com\/magazine365\/wp-content\/uploads\/2015\/07\/fotonoticia_20150714195806_800.jpg\" \/>\n\t\t<meta property=\"og:image:secure_url\" content=\"https:\/\/eldigitaldeasturias.com\/magazine365\/wp-content\/uploads\/2015\/07\/fotonoticia_20150714195806_800.jpg\" \/>\n\t\t<meta property=\"og:image:width\" content=\"800\" \/>\n\t\t<meta property=\"og:image:height\" content=\"800\" \/>\n\t\t<meta property=\"article:published_time\" content=\"2015-07-15T22:32:17+00:00\" \/>\n\t\t<meta property=\"article:modified_time\" content=\"2015-07-15T22:32:17+00:00\" \/>\n\t\t<meta name=\"twitter:card\" content=\"summary_large_image\" \/>\n\t\t<meta name=\"twitter:title\" content=\"Bruselas autoriza con condiciones la compra de Aer Lingus por IAG | El Digital de Asturias\" \/>\n\t\t<meta name=\"twitter:description\" content=\"La Comisi\u00f3n Europea ha autorizado este martes la compra de la aerol\u00ednea Aer Lingus por el grupo IAG, sociedad matriz de British Airways, Iberia y Vueling, pero lo ha hecho a condici\u00f3n de que la aerol\u00ednea mantenga las conexiones con vuelos de largo recorrido de compa\u00f1\u00edas competidoras desde determinados aeropuertos. Bruselas ha supeditado as\u00ed el\" \/>\n\t\t<meta name=\"twitter:image\" content=\"https:\/\/eldigitaldeasturias.com\/magazine365\/wp-content\/uploads\/2015\/07\/fotonoticia_20150714195806_800.jpg\" \/>\n\t\t<script type=\"application\/ld+json\" class=\"aioseo-schema\">\n\t\t\t{\"@context\":\"https:\\\/\\\/schema.org\",\"@graph\":[{\"@type\":\"Article\",\"@id\":\"https:\\\/\\\/eldigitaldeasturias.com\\\/magazine365\\\/bruselas-autoriza-con-condiciones-la-compra-de-aer-lingus-por-iag\\\/#article\",\"name\":\"Bruselas autoriza con condiciones la compra de Aer Lingus por IAG | El Digital de Asturias\",\"headline\":\"Bruselas autoriza con condiciones la compra de Aer Lingus por IAG\",\"author\":{\"@id\":\"https:\\\/\\\/eldigitaldeasturias.com\\\/magazine365\\\/author\\\/admin\\\/#author\"},\"publisher\":{\"@id\":\"https:\\\/\\\/eldigitaldeasturias.com\\\/magazine365\\\/#organization\"},\"image\":{\"@type\":\"ImageObject\",\"url\":\"https:\\\/\\\/eldigitaldeasturias.com\\\/magazine365\\\/wp-content\\\/uploads\\\/2015\\\/07\\\/fotonoticia_20150714195806_800.jpg\",\"width\":800,\"height\":800},\"datePublished\":\"2015-07-16T00:32:17+02:00\",\"dateModified\":\"2015-07-16T00:32:17+02:00\",\"inLanguage\":\"es-ES\",\"mainEntityOfPage\":{\"@id\":\"https:\\\/\\\/eldigitaldeasturias.com\\\/magazine365\\\/bruselas-autoriza-con-condiciones-la-compra-de-aer-lingus-por-iag\\\/#webpage\"},\"isPartOf\":{\"@id\":\"https:\\\/\\\/eldigitaldeasturias.com\\\/magazine365\\\/bruselas-autoriza-con-condiciones-la-compra-de-aer-lingus-por-iag\\\/#webpage\"},\"articleSection\":\"Actualidad Turismo\"},{\"@type\":\"BreadcrumbList\",\"@id\":\"https:\\\/\\\/eldigitaldeasturias.com\\\/magazine365\\\/bruselas-autoriza-con-condiciones-la-compra-de-aer-lingus-por-iag\\\/#breadcrumblist\",\"itemListElement\":[{\"@type\":\"ListItem\",\"@id\":\"https:\\\/\\\/eldigitaldeasturias.com\\\/magazine365#listItem\",\"position\":1,\"name\":\"Home\",\"item\":\"https:\\\/\\\/eldigitaldeasturias.com\\\/magazine365\",\"nextItem\":{\"@type\":\"ListItem\",\"@id\":\"https:\\\/\\\/eldigitaldeasturias.com\\\/magazine365\\\/category\\\/actualidad-turismo\\\/#listItem\",\"name\":\"Actualidad Turismo\"}},{\"@type\":\"ListItem\",\"@id\":\"https:\\\/\\\/eldigitaldeasturias.com\\\/magazine365\\\/category\\\/actualidad-turismo\\\/#listItem\",\"position\":2,\"name\":\"Actualidad Turismo\",\"item\":\"https:\\\/\\\/eldigitaldeasturias.com\\\/magazine365\\\/category\\\/actualidad-turismo\\\/\",\"nextItem\":{\"@type\":\"ListItem\",\"@id\":\"https:\\\/\\\/eldigitaldeasturias.com\\\/magazine365\\\/bruselas-autoriza-con-condiciones-la-compra-de-aer-lingus-por-iag\\\/#listItem\",\"name\":\"Bruselas autoriza con condiciones la compra de Aer Lingus por IAG\"},\"previousItem\":{\"@type\":\"ListItem\",\"@id\":\"https:\\\/\\\/eldigitaldeasturias.com\\\/magazine365#listItem\",\"name\":\"Home\"}},{\"@type\":\"ListItem\",\"@id\":\"https:\\\/\\\/eldigitaldeasturias.com\\\/magazine365\\\/bruselas-autoriza-con-condiciones-la-compra-de-aer-lingus-por-iag\\\/#listItem\",\"position\":3,\"name\":\"Bruselas autoriza con condiciones la compra de Aer Lingus por IAG\",\"previousItem\":{\"@type\":\"ListItem\",\"@id\":\"https:\\\/\\\/eldigitaldeasturias.com\\\/magazine365\\\/category\\\/actualidad-turismo\\\/#listItem\",\"name\":\"Actualidad Turismo\"}}]},{\"@type\":\"Organization\",\"@id\":\"https:\\\/\\\/eldigitaldeasturias.com\\\/magazine365\\\/#organization\",\"name\":\"El digital de Asturias\",\"description\":\"Revista de ocio, turismo y estilo de vida\",\"url\":\"https:\\\/\\\/eldigitaldeasturias.com\\\/magazine365\\\/\",\"logo\":{\"@type\":\"ImageObject\",\"url\":\"https:\\\/\\\/www.eldigitaldeasturias.com\\\/noticias\\\/wp-content\\\/uploads\\\/2020\\\/12\\\/EDA.jpg\",\"@id\":\"https:\\\/\\\/eldigitaldeasturias.com\\\/magazine365\\\/bruselas-autoriza-con-condiciones-la-compra-de-aer-lingus-por-iag\\\/#organizationLogo\"},\"image\":{\"@id\":\"https:\\\/\\\/eldigitaldeasturias.com\\\/magazine365\\\/bruselas-autoriza-con-condiciones-la-compra-de-aer-lingus-por-iag\\\/#organizationLogo\"}},{\"@type\":\"Person\",\"@id\":\"https:\\\/\\\/eldigitaldeasturias.com\\\/magazine365\\\/author\\\/admin\\\/#author\",\"url\":\"https:\\\/\\\/eldigitaldeasturias.com\\\/magazine365\\\/author\\\/admin\\\/\",\"name\":\"admin\",\"image\":{\"@type\":\"ImageObject\",\"@id\":\"https:\\\/\\\/eldigitaldeasturias.com\\\/magazine365\\\/bruselas-autoriza-con-condiciones-la-compra-de-aer-lingus-por-iag\\\/#authorImage\",\"url\":\"https:\\\/\\\/eldigitaldeasturias.com\\\/magazine365\\\/wp-content\\\/litespeed\\\/avatar\\\/e571bcf59a0edd6fa6838245a470f2fe.jpg?ver=1777574230\",\"width\":96,\"height\":96,\"caption\":\"admin\"}},{\"@type\":\"WebPage\",\"@id\":\"https:\\\/\\\/eldigitaldeasturias.com\\\/magazine365\\\/bruselas-autoriza-con-condiciones-la-compra-de-aer-lingus-por-iag\\\/#webpage\",\"url\":\"https:\\\/\\\/eldigitaldeasturias.com\\\/magazine365\\\/bruselas-autoriza-con-condiciones-la-compra-de-aer-lingus-por-iag\\\/\",\"name\":\"Bruselas autoriza con condiciones la compra de Aer Lingus por IAG | El Digital de Asturias\",\"description\":\"La Comisi\\u00f3n Europea ha autorizado este martes la compra de la aerol\\u00ednea Aer Lingus por el grupo IAG, sociedad matriz de British Airways, Iberia y Vueling, pero lo ha hecho a condici\\u00f3n de que la aerol\\u00ednea mantenga las conexiones con vuelos de largo recorrido de compa\\u00f1\\u00edas competidoras desde determinados aeropuertos. Bruselas ha supeditado as\\u00ed el\",\"inLanguage\":\"es-ES\",\"isPartOf\":{\"@id\":\"https:\\\/\\\/eldigitaldeasturias.com\\\/magazine365\\\/#website\"},\"breadcrumb\":{\"@id\":\"https:\\\/\\\/eldigitaldeasturias.com\\\/magazine365\\\/bruselas-autoriza-con-condiciones-la-compra-de-aer-lingus-por-iag\\\/#breadcrumblist\"},\"author\":{\"@id\":\"https:\\\/\\\/eldigitaldeasturias.com\\\/magazine365\\\/author\\\/admin\\\/#author\"},\"creator\":{\"@id\":\"https:\\\/\\\/eldigitaldeasturias.com\\\/magazine365\\\/author\\\/admin\\\/#author\"},\"image\":{\"@type\":\"ImageObject\",\"url\":\"https:\\\/\\\/eldigitaldeasturias.com\\\/magazine365\\\/wp-content\\\/uploads\\\/2015\\\/07\\\/fotonoticia_20150714195806_800.jpg\",\"@id\":\"https:\\\/\\\/eldigitaldeasturias.com\\\/magazine365\\\/bruselas-autoriza-con-condiciones-la-compra-de-aer-lingus-por-iag\\\/#mainImage\",\"width\":800,\"height\":800},\"primaryImageOfPage\":{\"@id\":\"https:\\\/\\\/eldigitaldeasturias.com\\\/magazine365\\\/bruselas-autoriza-con-condiciones-la-compra-de-aer-lingus-por-iag\\\/#mainImage\"},\"datePublished\":\"2015-07-16T00:32:17+02:00\",\"dateModified\":\"2015-07-16T00:32:17+02:00\"},{\"@type\":\"WebSite\",\"@id\":\"https:\\\/\\\/eldigitaldeasturias.com\\\/magazine365\\\/#website\",\"url\":\"https:\\\/\\\/eldigitaldeasturias.com\\\/magazine365\\\/\",\"name\":\"El Digital de Asturias\",\"description\":\"Revista de ocio, turismo y estilo de vida\",\"inLanguage\":\"es-ES\",\"publisher\":{\"@id\":\"https:\\\/\\\/eldigitaldeasturias.com\\\/magazine365\\\/#organization\"}}]}\n\t\t<\/script>\n\t\t<!-- All in One SEO Pro -->\r\n\t\t<title>Bruselas autoriza con condiciones la compra de Aer Lingus por IAG | El Digital de Asturias<\/title>\n\n","aioseo_head_json":{"title":"Bruselas autoriza con condiciones la compra de Aer Lingus por IAG | El Digital de Asturias","description":"La Comisi\u00f3n Europea ha autorizado este martes la compra de la aerol\u00ednea Aer Lingus por el grupo IAG, sociedad matriz de British Airways, Iberia y Vueling, pero lo ha hecho a condici\u00f3n de que la aerol\u00ednea mantenga las conexiones con vuelos de largo recorrido de compa\u00f1\u00edas competidoras desde determinados aeropuertos. Bruselas ha supeditado as\u00ed el","canonical_url":"https:\/\/eldigitaldeasturias.com\/magazine365\/bruselas-autoriza-con-condiciones-la-compra-de-aer-lingus-por-iag\/","robots":"max-image-preview:large","keywords":"actualidad turismo","webmasterTools":{"google-site-verification":"UA-38556648-1","miscellaneous":""},"schema":{"@context":"https:\/\/schema.org","@graph":[{"@type":"Article","@id":"https:\/\/eldigitaldeasturias.com\/magazine365\/bruselas-autoriza-con-condiciones-la-compra-de-aer-lingus-por-iag\/#article","name":"Bruselas autoriza con condiciones la compra de Aer Lingus por IAG | El Digital de Asturias","headline":"Bruselas autoriza con condiciones la compra de Aer Lingus por IAG","author":{"@id":"https:\/\/eldigitaldeasturias.com\/magazine365\/author\/admin\/#author"},"publisher":{"@id":"https:\/\/eldigitaldeasturias.com\/magazine365\/#organization"},"image":{"@type":"ImageObject","url":"https:\/\/eldigitaldeasturias.com\/magazine365\/wp-content\/uploads\/2015\/07\/fotonoticia_20150714195806_800.jpg","width":800,"height":800},"datePublished":"2015-07-16T00:32:17+02:00","dateModified":"2015-07-16T00:32:17+02:00","inLanguage":"es-ES","mainEntityOfPage":{"@id":"https:\/\/eldigitaldeasturias.com\/magazine365\/bruselas-autoriza-con-condiciones-la-compra-de-aer-lingus-por-iag\/#webpage"},"isPartOf":{"@id":"https:\/\/eldigitaldeasturias.com\/magazine365\/bruselas-autoriza-con-condiciones-la-compra-de-aer-lingus-por-iag\/#webpage"},"articleSection":"Actualidad Turismo"},{"@type":"BreadcrumbList","@id":"https:\/\/eldigitaldeasturias.com\/magazine365\/bruselas-autoriza-con-condiciones-la-compra-de-aer-lingus-por-iag\/#breadcrumblist","itemListElement":[{"@type":"ListItem","@id":"https:\/\/eldigitaldeasturias.com\/magazine365#listItem","position":1,"name":"Home","item":"https:\/\/eldigitaldeasturias.com\/magazine365","nextItem":{"@type":"ListItem","@id":"https:\/\/eldigitaldeasturias.com\/magazine365\/category\/actualidad-turismo\/#listItem","name":"Actualidad Turismo"}},{"@type":"ListItem","@id":"https:\/\/eldigitaldeasturias.com\/magazine365\/category\/actualidad-turismo\/#listItem","position":2,"name":"Actualidad Turismo","item":"https:\/\/eldigitaldeasturias.com\/magazine365\/category\/actualidad-turismo\/","nextItem":{"@type":"ListItem","@id":"https:\/\/eldigitaldeasturias.com\/magazine365\/bruselas-autoriza-con-condiciones-la-compra-de-aer-lingus-por-iag\/#listItem","name":"Bruselas autoriza con condiciones la compra de Aer Lingus por IAG"},"previousItem":{"@type":"ListItem","@id":"https:\/\/eldigitaldeasturias.com\/magazine365#listItem","name":"Home"}},{"@type":"ListItem","@id":"https:\/\/eldigitaldeasturias.com\/magazine365\/bruselas-autoriza-con-condiciones-la-compra-de-aer-lingus-por-iag\/#listItem","position":3,"name":"Bruselas autoriza con condiciones la compra de Aer Lingus por IAG","previousItem":{"@type":"ListItem","@id":"https:\/\/eldigitaldeasturias.com\/magazine365\/category\/actualidad-turismo\/#listItem","name":"Actualidad Turismo"}}]},{"@type":"Organization","@id":"https:\/\/eldigitaldeasturias.com\/magazine365\/#organization","name":"El digital de Asturias","description":"Revista de ocio, turismo y estilo de vida","url":"https:\/\/eldigitaldeasturias.com\/magazine365\/","logo":{"@type":"ImageObject","url":"https:\/\/www.eldigitaldeasturias.com\/noticias\/wp-content\/uploads\/2020\/12\/EDA.jpg","@id":"https:\/\/eldigitaldeasturias.com\/magazine365\/bruselas-autoriza-con-condiciones-la-compra-de-aer-lingus-por-iag\/#organizationLogo"},"image":{"@id":"https:\/\/eldigitaldeasturias.com\/magazine365\/bruselas-autoriza-con-condiciones-la-compra-de-aer-lingus-por-iag\/#organizationLogo"}},{"@type":"Person","@id":"https:\/\/eldigitaldeasturias.com\/magazine365\/author\/admin\/#author","url":"https:\/\/eldigitaldeasturias.com\/magazine365\/author\/admin\/","name":"admin","image":{"@type":"ImageObject","@id":"https:\/\/eldigitaldeasturias.com\/magazine365\/bruselas-autoriza-con-condiciones-la-compra-de-aer-lingus-por-iag\/#authorImage","url":"https:\/\/eldigitaldeasturias.com\/magazine365\/wp-content\/litespeed\/avatar\/e571bcf59a0edd6fa6838245a470f2fe.jpg?ver=1777574230","width":96,"height":96,"caption":"admin"}},{"@type":"WebPage","@id":"https:\/\/eldigitaldeasturias.com\/magazine365\/bruselas-autoriza-con-condiciones-la-compra-de-aer-lingus-por-iag\/#webpage","url":"https:\/\/eldigitaldeasturias.com\/magazine365\/bruselas-autoriza-con-condiciones-la-compra-de-aer-lingus-por-iag\/","name":"Bruselas autoriza con condiciones la compra de Aer Lingus por IAG | El Digital de Asturias","description":"La Comisi\u00f3n Europea ha autorizado este martes la compra de la aerol\u00ednea Aer Lingus por el grupo IAG, sociedad matriz de British Airways, Iberia y Vueling, pero lo ha hecho a condici\u00f3n de que la aerol\u00ednea mantenga las conexiones con vuelos de largo recorrido de compa\u00f1\u00edas competidoras desde determinados aeropuertos. Bruselas ha supeditado as\u00ed el","inLanguage":"es-ES","isPartOf":{"@id":"https:\/\/eldigitaldeasturias.com\/magazine365\/#website"},"breadcrumb":{"@id":"https:\/\/eldigitaldeasturias.com\/magazine365\/bruselas-autoriza-con-condiciones-la-compra-de-aer-lingus-por-iag\/#breadcrumblist"},"author":{"@id":"https:\/\/eldigitaldeasturias.com\/magazine365\/author\/admin\/#author"},"creator":{"@id":"https:\/\/eldigitaldeasturias.com\/magazine365\/author\/admin\/#author"},"image":{"@type":"ImageObject","url":"https:\/\/eldigitaldeasturias.com\/magazine365\/wp-content\/uploads\/2015\/07\/fotonoticia_20150714195806_800.jpg","@id":"https:\/\/eldigitaldeasturias.com\/magazine365\/bruselas-autoriza-con-condiciones-la-compra-de-aer-lingus-por-iag\/#mainImage","width":800,"height":800},"primaryImageOfPage":{"@id":"https:\/\/eldigitaldeasturias.com\/magazine365\/bruselas-autoriza-con-condiciones-la-compra-de-aer-lingus-por-iag\/#mainImage"},"datePublished":"2015-07-16T00:32:17+02:00","dateModified":"2015-07-16T00:32:17+02:00"},{"@type":"WebSite","@id":"https:\/\/eldigitaldeasturias.com\/magazine365\/#website","url":"https:\/\/eldigitaldeasturias.com\/magazine365\/","name":"El Digital de Asturias","description":"Revista de ocio, turismo y estilo de vida","inLanguage":"es-ES","publisher":{"@id":"https:\/\/eldigitaldeasturias.com\/magazine365\/#organization"}}]},"og:locale":"es_ES","og:site_name":"El Digital de Asturias \u2013 Revista de ocio, turismo y estilo de vida","og:type":"article","og:title":"Bruselas autoriza con condiciones la compra de Aer Lingus por IAG | El Digital de Asturias","og:description":"La Comisi\u00f3n Europea ha autorizado este martes la compra de la aerol\u00ednea Aer Lingus por el grupo IAG, sociedad matriz de British Airways, Iberia y Vueling, pero lo ha hecho a condici\u00f3n de que la aerol\u00ednea mantenga las conexiones con vuelos de largo recorrido de compa\u00f1\u00edas competidoras desde determinados aeropuertos. Bruselas ha supeditado as\u00ed el","og:url":"https:\/\/eldigitaldeasturias.com\/magazine365\/bruselas-autoriza-con-condiciones-la-compra-de-aer-lingus-por-iag\/","og:image":"https:\/\/eldigitaldeasturias.com\/magazine365\/wp-content\/uploads\/2015\/07\/fotonoticia_20150714195806_800.jpg","og:image:secure_url":"https:\/\/eldigitaldeasturias.com\/magazine365\/wp-content\/uploads\/2015\/07\/fotonoticia_20150714195806_800.jpg","og:image:width":800,"og:image:height":800,"article:published_time":"2015-07-15T22:32:17+00:00","article:modified_time":"2015-07-15T22:32:17+00:00","twitter:card":"summary_large_image","twitter:title":"Bruselas autoriza con condiciones la compra de Aer Lingus por IAG | El Digital de Asturias","twitter:description":"La Comisi\u00f3n Europea ha autorizado este martes la compra de la aerol\u00ednea Aer Lingus por el grupo IAG, sociedad matriz de British Airways, Iberia y Vueling, pero lo ha hecho a condici\u00f3n de que la aerol\u00ednea mantenga las conexiones con vuelos de largo recorrido de compa\u00f1\u00edas competidoras desde determinados aeropuertos. Bruselas ha supeditado as\u00ed el","twitter:image":"https:\/\/eldigitaldeasturias.com\/magazine365\/wp-content\/uploads\/2015\/07\/fotonoticia_20150714195806_800.jpg"},"aioseo_meta_data":{"post_id":"42728","title":null,"description":null,"keywords":null,"keyphrases":null,"primary_term":null,"canonical_url":null,"og_title":null,"og_description":null,"og_object_type":"default","og_image_type":"default","og_image_url":null,"og_image_width":null,"og_image_height":null,"og_image_custom_url":null,"og_image_custom_fields":null,"og_video":null,"og_custom_url":null,"og_article_section":null,"og_article_tags":null,"twitter_use_og":false,"twitter_card":"default","twitter_image_type":"default","twitter_image_url":null,"twitter_image_custom_url":null,"twitter_image_custom_fields":null,"twitter_title":null,"twitter_description":null,"schema":{"blockGraphs":[],"customGraphs":[],"default":{"data":{"Article":[],"Course":[],"Dataset":[],"FAQPage":[],"Movie":[],"Person":[],"Product":[],"ProductReview":[],"Car":[],"Recipe":[],"Service":[],"SoftwareApplication":[],"WebPage":[]},"graphName":"","isEnabled":true},"graphs":[],"defaultGraph":"","defaultPostTypeGraph":""},"schema_type":null,"schema_type_options":null,"pillar_content":false,"robots_default":true,"robots_noindex":false,"robots_noarchive":false,"robots_nosnippet":false,"robots_nofollow":false,"robots_noimageindex":false,"robots_noodp":false,"robots_notranslate":false,"robots_max_snippet":null,"robots_max_videopreview":null,"robots_max_imagepreview":"large","priority":null,"frequency":null,"location":null,"local_seo":null,"seo_analyzer_scan_date":"2025-09-19 18:22:39","breadcrumb_settings":null,"limit_modified_date":false,"open_ai":null,"ai":null,"created":"2021-03-09 01:56:40","updated":"2025-09-19 18:22:39"},"aioseo_breadcrumb":"<div class=\"aioseo-breadcrumbs\"><span class=\"aioseo-breadcrumb\">\n\t<a href=\"https:\/\/eldigitaldeasturias.com\/magazine365\" title=\"Home\">Home<\/a>\n<\/span><span class=\"aioseo-breadcrumb-separator\">\u2013<\/span><span class=\"aioseo-breadcrumb\">\n\t<a href=\"https:\/\/eldigitaldeasturias.com\/magazine365\/category\/actualidad-turismo\/\" title=\"Actualidad Turismo\">Actualidad Turismo<\/a>\n<\/span><span class=\"aioseo-breadcrumb-separator\">\u2013<\/span><span class=\"aioseo-breadcrumb\">\n\t<a href=\"https:\/\/eldigitaldeasturias.com\/magazine365\/bruselas-autoriza-con-condiciones-la-compra-de-aer-lingus-por-iag\/\" title=\"Bruselas autoriza con condiciones la compra de Aer Lingus por IAG\">Bruselas autoriza con condiciones la compra de Aer Lingus por IAG<\/a>\n<\/span><\/div>","aioseo_breadcrumb_json":[{"label":"Home","link":"https:\/\/eldigitaldeasturias.com\/magazine365"},{"label":"Actualidad Turismo","link":"https:\/\/eldigitaldeasturias.com\/magazine365\/category\/actualidad-turismo\/"},{"label":"Bruselas autoriza con condiciones la compra de Aer Lingus por IAG","link":"https:\/\/eldigitaldeasturias.com\/magazine365\/bruselas-autoriza-con-condiciones-la-compra-de-aer-lingus-por-iag\/"}],"_links":{"self":[{"href":"https:\/\/eldigitaldeasturias.com\/magazine365\/wp-json\/wp\/v2\/posts\/42728","targetHints":{"allow":["GET"]}}],"collection":[{"href":"https:\/\/eldigitaldeasturias.com\/magazine365\/wp-json\/wp\/v2\/posts"}],"about":[{"href":"https:\/\/eldigitaldeasturias.com\/magazine365\/wp-json\/wp\/v2\/types\/post"}],"author":[{"embeddable":true,"href":"https:\/\/eldigitaldeasturias.com\/magazine365\/wp-json\/wp\/v2\/users\/1"}],"replies":[{"embeddable":true,"href":"https:\/\/eldigitaldeasturias.com\/magazine365\/wp-json\/wp\/v2\/comments?post=42728"}],"version-history":[{"count":0,"href":"https:\/\/eldigitaldeasturias.com\/magazine365\/wp-json\/wp\/v2\/posts\/42728\/revisions"}],"wp:featuredmedia":[{"embeddable":true,"href":"https:\/\/eldigitaldeasturias.com\/magazine365\/wp-json\/wp\/v2\/media\/42729"}],"wp:attachment":[{"href":"https:\/\/eldigitaldeasturias.com\/magazine365\/wp-json\/wp\/v2\/media?parent=42728"}],"wp:term":[{"taxonomy":"category","embeddable":true,"href":"https:\/\/eldigitaldeasturias.com\/magazine365\/wp-json\/wp\/v2\/categories?post=42728"},{"taxonomy":"post_tag","embeddable":true,"href":"https:\/\/eldigitaldeasturias.com\/magazine365\/wp-json\/wp\/v2\/tags?post=42728"}],"curies":[{"name":"wp","href":"https:\/\/api.w.org\/{rel}","templated":true}]}}