{"id":42723,"date":"2015-07-16T00:00:52","date_gmt":"2015-07-15T22:00:52","guid":{"rendered":"http:\/\/eldigitaldeasturias.com\/magazine365\/?p=42723"},"modified":"2015-07-16T00:00:52","modified_gmt":"2015-07-15T22:00:52","slug":"andalucia-pone-en-marcha-un-servicio-publico-de-autobus-para-acceder-a-la-playa-de-cantarrijan","status":"publish","type":"post","link":"https:\/\/eldigitaldeasturias.com\/magazine365\/andalucia-pone-en-marcha-un-servicio-publico-de-autobus-para-acceder-a-la-playa-de-cantarrijan\/","title":{"rendered":"Andaluc\u00eda pone en marcha un servicio p\u00fablico de autob\u00fas para acceder a la playa de Cantarrij\u00e1n"},"content":{"rendered":"<p><img fetchpriority=\"high\" decoding=\"async\" class=\"alignleft size-medium wp-image-42724\" src=\"https:\/\/eldigitaldeasturias.com\/magazine365\/wp-content\/uploads\/2015\/07\/fotonoticia_20150714182408_800-360x240.jpg\" alt=\"fotonoticia_20150714182408_800\" width=\"360\" height=\"240\" srcset=\"https:\/\/eldigitaldeasturias.com\/magazine365\/wp-content\/uploads\/2015\/07\/fotonoticia_20150714182408_800-360x240.jpg 360w, https:\/\/eldigitaldeasturias.com\/magazine365\/wp-content\/uploads\/2015\/07\/fotonoticia_20150714182408_800-650x433.jpg 650w, https:\/\/eldigitaldeasturias.com\/magazine365\/wp-content\/uploads\/2015\/07\/fotonoticia_20150714182408_800-768x512.jpg 768w, https:\/\/eldigitaldeasturias.com\/magazine365\/wp-content\/uploads\/2015\/07\/fotonoticia_20150714182408_800-150x100.jpg 150w, https:\/\/eldigitaldeasturias.com\/magazine365\/wp-content\/uploads\/2015\/07\/fotonoticia_20150714182408_800-450x300.jpg 450w, https:\/\/eldigitaldeasturias.com\/magazine365\/wp-content\/uploads\/2015\/07\/fotonoticia_20150714182408_800-696x464.jpg 696w, https:\/\/eldigitaldeasturias.com\/magazine365\/wp-content\/uploads\/2015\/07\/fotonoticia_20150714182408_800-630x420.jpg 630w, https:\/\/eldigitaldeasturias.com\/magazine365\/wp-content\/uploads\/2015\/07\/fotonoticia_20150714182408_800-84x55.jpg 84w, https:\/\/eldigitaldeasturias.com\/magazine365\/wp-content\/uploads\/2015\/07\/fotonoticia_20150714182408_800.jpg 800w\" sizes=\"(max-width: 360px) 100vw, 360px\" \/>La Junta de Andaluc\u00eda, a trav\u00e9s de la Consejer\u00eda de Medio Ambiente y Ordenaci\u00f3n del Territorio, ha habilitado desde el 1 de julio y hasta el 31 de agosto el servicio de transporte p\u00fablico para acceder a la playa de Cantarrij\u00e1n, ubicada en el paraje natural de los Acantilados de Maro Cerro Gordo (Granada).<\/p>\n<p>La delegada provincial, Inmaculada Oria, ha visitado este martes este servicio de transporte que el Gobierno andaluz puso en marcha desde el a\u00f1o 2008 para facilitar el uso y disfrute p\u00fablico de esta playa restringiendo el pasado de veh\u00edculos.<\/p>\n<p>En la visita, Oria ha se\u00f1alado que, desde que adopt\u00f3 esta medida conservacionista para proteger la diversidad natural de este paraje, la utilizaci\u00f3n de este servicio ha ido en aumento alcanzando la cifra de 26.559 usuarios el pasado verano.<\/p>\n<p>\u00abEl aumento anual de visitantes a la zona tras el servicio de control de accesos con el autob\u00fas puede decirse que ha realizado su cometido de conservaci\u00f3n del espacio con el control de la circulaci\u00f3n dentro del paraje natural para evitar su degradaci\u00f3n en la \u00e9poca de mayor afluencia y demanda de visitantes\u00bb, ha explicado Oria.<\/p>\n<p>Este a\u00f1o se ha introducido una novedad en el servicio al ofrecer la lanzadera una locuci\u00f3n sobre los valores naturales del paraje natural de los Acantilados de Maro Cerro Gordo.<\/p>\n<p>El precio de billete \u00fanico de ida y vuelta es de dos euros y las lanzaderas funcionan en horario de 9,00 a 21,00 horas y los veh\u00edculos particulares pueden estacionarse en los dos aparcamientos habilitados en la zona.<\/p>\n<p>Este espacio natural, declarado como tal en 1989 por la Junta de Andaluc\u00eda, comparte sus 12 kil\u00f3metros de costa entre los municipios de Almu\u00f1\u00e9car y Nerja, en las provincias de Granada y M\u00e1laga.<\/p>\n<p>Por su relevancia y biodiversidad mar\u00edtima, Maro Cerro Gordo tambi\u00e9n est\u00e1 declarado por las Naciones Unidas como Zona Especialmente Protegida de Importancia para el Mediterr\u00e1neo (Zepim) y Zona de Especial Protecci\u00f3n para las Aves desde 2002 (Zepa) debido a la importante diversidad de especies que presenta, como el halc\u00f3n peregrino, el cern\u00edcalo vulgar, el azor y el gavil\u00e1n.<\/p>\n<p>Entre los valores de este Paraje Natural destacan algunos endemismos del Sur de Andaluc\u00eda, as\u00ed como varias especies vulnerables o en peligro de extinci\u00f3n todas ellas protegidas que aparecen en el Cat\u00e1logo Andaluz de la Flora Silvestre Amenazada.<\/p>\n<p>Pero si diversa es la flora terrestre de este espacio protegido, m\u00e1s lo es a\u00fan la que puebla sus fondos marinos con gran riqueza de las praderas marinas y su complejidad biol\u00f3gica han hecho que los fondos de Maro Cerro Gordo est\u00e9n incluidos dentro del listado de h\u00e1bitats prioritarios por la Uni\u00f3n Europea.<\/p>\n<p>Adem\u00e1s, en este Paraje Natural tambi\u00e9n es singular la fauna marina compuesta de gran cantidad de invertebrados como esponjas, corales &#8211;importante es la poblaci\u00f3n de coral naranja, una especie catalogada como vulnerable a la extinci\u00f3n&#8211;, an\u00e9monas o moluscos y entre los crust\u00e1ceos destacan las poblaciones de camarones, el centollo y la langosta.<\/p>\n","protected":false},"excerpt":{"rendered":"<p>La Junta de Andaluc\u00eda, a trav\u00e9s de la Consejer\u00eda de Medio Ambiente y Ordenaci\u00f3n del Territorio, ha habilitado desde el 1 de julio y hasta el 31 de agosto el servicio de transporte p\u00fablico para acceder a la playa de Cantarrij\u00e1n, ubicada en el paraje natural de los Acantilados de Maro Cerro Gordo (Granada). La<\/p>\n","protected":false},"author":1,"featured_media":42724,"comment_status":"open","ping_status":"closed","sticky":false,"template":"","format":"standard","meta":{"footnotes":""},"categories":[222],"tags":[],"class_list":{"0":"post-42723","1":"post","2":"type-post","3":"status-publish","4":"format-standard","5":"has-post-thumbnail","7":"category-actualidad-turismo"},"aioseo_notices":[],"aioseo_head":"\n\t\t<!-- All in One SEO Pro 4.9.6.1 - aioseo.com -->\n\t<meta name=\"description\" content=\"La Junta de Andaluc\u00eda, a trav\u00e9s de la Consejer\u00eda de Medio Ambiente y Ordenaci\u00f3n del Territorio, ha habilitado desde el 1 de julio y hasta el 31 de agosto el servicio de transporte p\u00fablico para acceder a la playa de Cantarrij\u00e1n, ubicada en el paraje natural de los Acantilados de Maro Cerro Gordo (Granada). La\" \/>\n\t<meta name=\"robots\" content=\"max-image-preview:large\" \/>\n\t<meta name=\"author\" content=\"admin\"\/>\n\t<meta name=\"google-site-verification\" content=\"UA-38556648-1\" \/>\n\t<meta name=\"keywords\" content=\"actualidad turismo\" \/>\n\t<link rel=\"canonical\" href=\"https:\/\/eldigitaldeasturias.com\/magazine365\/andalucia-pone-en-marcha-un-servicio-publico-de-autobus-para-acceder-a-la-playa-de-cantarrijan\/\" \/>\n\t<meta name=\"generator\" content=\"All in One SEO Pro (AIOSEO) 4.9.6.1\" \/>\n\t\t<meta property=\"og:locale\" content=\"es_ES\" \/>\n\t\t<meta property=\"og:site_name\" content=\"El Digital de Asturias \u2013 Revista de ocio, turismo y estilo de vida\" \/>\n\t\t<meta property=\"og:type\" content=\"article\" \/>\n\t\t<meta property=\"og:title\" content=\"Andaluc\u00eda pone en marcha un servicio p\u00fablico de autob\u00fas para acceder a la playa de Cantarrij\u00e1n | El Digital de Asturias\" \/>\n\t\t<meta property=\"og:description\" content=\"La Junta de Andaluc\u00eda, a trav\u00e9s de la Consejer\u00eda de Medio Ambiente y Ordenaci\u00f3n del Territorio, ha habilitado desde el 1 de julio y hasta el 31 de agosto el servicio de transporte p\u00fablico para acceder a la playa de Cantarrij\u00e1n, ubicada en el paraje natural de los Acantilados de Maro Cerro Gordo (Granada). La\" \/>\n\t\t<meta property=\"og:url\" content=\"https:\/\/eldigitaldeasturias.com\/magazine365\/andalucia-pone-en-marcha-un-servicio-publico-de-autobus-para-acceder-a-la-playa-de-cantarrijan\/\" \/>\n\t\t<meta property=\"og:image\" content=\"https:\/\/eldigitaldeasturias.com\/magazine365\/wp-content\/uploads\/2015\/07\/fotonoticia_20150714182408_800.jpg\" \/>\n\t\t<meta property=\"og:image:secure_url\" content=\"https:\/\/eldigitaldeasturias.com\/magazine365\/wp-content\/uploads\/2015\/07\/fotonoticia_20150714182408_800.jpg\" \/>\n\t\t<meta property=\"og:image:width\" content=\"800\" \/>\n\t\t<meta property=\"og:image:height\" content=\"533\" \/>\n\t\t<meta property=\"article:published_time\" content=\"2015-07-15T22:00:52+00:00\" \/>\n\t\t<meta property=\"article:modified_time\" content=\"2015-07-15T22:00:52+00:00\" \/>\n\t\t<meta name=\"twitter:card\" content=\"summary_large_image\" \/>\n\t\t<meta name=\"twitter:title\" content=\"Andaluc\u00eda pone en marcha un servicio p\u00fablico de autob\u00fas para acceder a la playa de Cantarrij\u00e1n | El Digital de Asturias\" \/>\n\t\t<meta name=\"twitter:description\" content=\"La Junta de Andaluc\u00eda, a trav\u00e9s de la Consejer\u00eda de Medio Ambiente y Ordenaci\u00f3n del Territorio, ha habilitado desde el 1 de julio y hasta el 31 de agosto el servicio de transporte p\u00fablico para acceder a la playa de Cantarrij\u00e1n, ubicada en el paraje natural de los Acantilados de Maro Cerro Gordo (Granada). La\" \/>\n\t\t<meta name=\"twitter:image\" content=\"https:\/\/eldigitaldeasturias.com\/magazine365\/wp-content\/uploads\/2015\/07\/fotonoticia_20150714182408_800.jpg\" \/>\n\t\t<script type=\"application\/ld+json\" class=\"aioseo-schema\">\n\t\t\t{\"@context\":\"https:\\\/\\\/schema.org\",\"@graph\":[{\"@type\":\"Article\",\"@id\":\"https:\\\/\\\/eldigitaldeasturias.com\\\/magazine365\\\/andalucia-pone-en-marcha-un-servicio-publico-de-autobus-para-acceder-a-la-playa-de-cantarrijan\\\/#article\",\"name\":\"Andaluc\\u00eda pone en marcha un servicio p\\u00fablico de autob\\u00fas para acceder a la playa de Cantarrij\\u00e1n | El Digital de Asturias\",\"headline\":\"Andaluc\\u00eda pone en marcha un servicio p\\u00fablico de autob\\u00fas para acceder a la playa de Cantarrij\\u00e1n\",\"author\":{\"@id\":\"https:\\\/\\\/eldigitaldeasturias.com\\\/magazine365\\\/author\\\/admin\\\/#author\"},\"publisher\":{\"@id\":\"https:\\\/\\\/eldigitaldeasturias.com\\\/magazine365\\\/#organization\"},\"image\":{\"@type\":\"ImageObject\",\"url\":\"https:\\\/\\\/eldigitaldeasturias.com\\\/magazine365\\\/wp-content\\\/uploads\\\/2015\\\/07\\\/fotonoticia_20150714182408_800.jpg\",\"width\":800,\"height\":533},\"datePublished\":\"2015-07-16T00:00:52+02:00\",\"dateModified\":\"2015-07-16T00:00:52+02:00\",\"inLanguage\":\"es-ES\",\"mainEntityOfPage\":{\"@id\":\"https:\\\/\\\/eldigitaldeasturias.com\\\/magazine365\\\/andalucia-pone-en-marcha-un-servicio-publico-de-autobus-para-acceder-a-la-playa-de-cantarrijan\\\/#webpage\"},\"isPartOf\":{\"@id\":\"https:\\\/\\\/eldigitaldeasturias.com\\\/magazine365\\\/andalucia-pone-en-marcha-un-servicio-publico-de-autobus-para-acceder-a-la-playa-de-cantarrijan\\\/#webpage\"},\"articleSection\":\"Actualidad Turismo\"},{\"@type\":\"BreadcrumbList\",\"@id\":\"https:\\\/\\\/eldigitaldeasturias.com\\\/magazine365\\\/andalucia-pone-en-marcha-un-servicio-publico-de-autobus-para-acceder-a-la-playa-de-cantarrijan\\\/#breadcrumblist\",\"itemListElement\":[{\"@type\":\"ListItem\",\"@id\":\"https:\\\/\\\/eldigitaldeasturias.com\\\/magazine365#listItem\",\"position\":1,\"name\":\"Home\",\"item\":\"https:\\\/\\\/eldigitaldeasturias.com\\\/magazine365\",\"nextItem\":{\"@type\":\"ListItem\",\"@id\":\"https:\\\/\\\/eldigitaldeasturias.com\\\/magazine365\\\/category\\\/actualidad-turismo\\\/#listItem\",\"name\":\"Actualidad Turismo\"}},{\"@type\":\"ListItem\",\"@id\":\"https:\\\/\\\/eldigitaldeasturias.com\\\/magazine365\\\/category\\\/actualidad-turismo\\\/#listItem\",\"position\":2,\"name\":\"Actualidad Turismo\",\"item\":\"https:\\\/\\\/eldigitaldeasturias.com\\\/magazine365\\\/category\\\/actualidad-turismo\\\/\",\"nextItem\":{\"@type\":\"ListItem\",\"@id\":\"https:\\\/\\\/eldigitaldeasturias.com\\\/magazine365\\\/andalucia-pone-en-marcha-un-servicio-publico-de-autobus-para-acceder-a-la-playa-de-cantarrijan\\\/#listItem\",\"name\":\"Andaluc\\u00eda pone en marcha un servicio p\\u00fablico de autob\\u00fas para acceder a la playa de Cantarrij\\u00e1n\"},\"previousItem\":{\"@type\":\"ListItem\",\"@id\":\"https:\\\/\\\/eldigitaldeasturias.com\\\/magazine365#listItem\",\"name\":\"Home\"}},{\"@type\":\"ListItem\",\"@id\":\"https:\\\/\\\/eldigitaldeasturias.com\\\/magazine365\\\/andalucia-pone-en-marcha-un-servicio-publico-de-autobus-para-acceder-a-la-playa-de-cantarrijan\\\/#listItem\",\"position\":3,\"name\":\"Andaluc\\u00eda pone en marcha un servicio p\\u00fablico de autob\\u00fas para acceder a la playa de Cantarrij\\u00e1n\",\"previousItem\":{\"@type\":\"ListItem\",\"@id\":\"https:\\\/\\\/eldigitaldeasturias.com\\\/magazine365\\\/category\\\/actualidad-turismo\\\/#listItem\",\"name\":\"Actualidad Turismo\"}}]},{\"@type\":\"Organization\",\"@id\":\"https:\\\/\\\/eldigitaldeasturias.com\\\/magazine365\\\/#organization\",\"name\":\"El digital de Asturias\",\"description\":\"Revista de ocio, turismo y estilo de vida\",\"url\":\"https:\\\/\\\/eldigitaldeasturias.com\\\/magazine365\\\/\",\"logo\":{\"@type\":\"ImageObject\",\"url\":\"https:\\\/\\\/www.eldigitaldeasturias.com\\\/noticias\\\/wp-content\\\/uploads\\\/2020\\\/12\\\/EDA.jpg\",\"@id\":\"https:\\\/\\\/eldigitaldeasturias.com\\\/magazine365\\\/andalucia-pone-en-marcha-un-servicio-publico-de-autobus-para-acceder-a-la-playa-de-cantarrijan\\\/#organizationLogo\"},\"image\":{\"@id\":\"https:\\\/\\\/eldigitaldeasturias.com\\\/magazine365\\\/andalucia-pone-en-marcha-un-servicio-publico-de-autobus-para-acceder-a-la-playa-de-cantarrijan\\\/#organizationLogo\"}},{\"@type\":\"Person\",\"@id\":\"https:\\\/\\\/eldigitaldeasturias.com\\\/magazine365\\\/author\\\/admin\\\/#author\",\"url\":\"https:\\\/\\\/eldigitaldeasturias.com\\\/magazine365\\\/author\\\/admin\\\/\",\"name\":\"admin\",\"image\":{\"@type\":\"ImageObject\",\"@id\":\"https:\\\/\\\/eldigitaldeasturias.com\\\/magazine365\\\/andalucia-pone-en-marcha-un-servicio-publico-de-autobus-para-acceder-a-la-playa-de-cantarrijan\\\/#authorImage\",\"url\":\"https:\\\/\\\/eldigitaldeasturias.com\\\/magazine365\\\/wp-content\\\/litespeed\\\/avatar\\\/e571bcf59a0edd6fa6838245a470f2fe.jpg?ver=1777574230\",\"width\":96,\"height\":96,\"caption\":\"admin\"}},{\"@type\":\"WebPage\",\"@id\":\"https:\\\/\\\/eldigitaldeasturias.com\\\/magazine365\\\/andalucia-pone-en-marcha-un-servicio-publico-de-autobus-para-acceder-a-la-playa-de-cantarrijan\\\/#webpage\",\"url\":\"https:\\\/\\\/eldigitaldeasturias.com\\\/magazine365\\\/andalucia-pone-en-marcha-un-servicio-publico-de-autobus-para-acceder-a-la-playa-de-cantarrijan\\\/\",\"name\":\"Andaluc\\u00eda pone en marcha un servicio p\\u00fablico de autob\\u00fas para acceder a la playa de Cantarrij\\u00e1n | El Digital de Asturias\",\"description\":\"La Junta de Andaluc\\u00eda, a trav\\u00e9s de la Consejer\\u00eda de Medio Ambiente y Ordenaci\\u00f3n del Territorio, ha habilitado desde el 1 de julio y hasta el 31 de agosto el servicio de transporte p\\u00fablico para acceder a la playa de Cantarrij\\u00e1n, ubicada en el paraje natural de los Acantilados de Maro Cerro Gordo (Granada). La\",\"inLanguage\":\"es-ES\",\"isPartOf\":{\"@id\":\"https:\\\/\\\/eldigitaldeasturias.com\\\/magazine365\\\/#website\"},\"breadcrumb\":{\"@id\":\"https:\\\/\\\/eldigitaldeasturias.com\\\/magazine365\\\/andalucia-pone-en-marcha-un-servicio-publico-de-autobus-para-acceder-a-la-playa-de-cantarrijan\\\/#breadcrumblist\"},\"author\":{\"@id\":\"https:\\\/\\\/eldigitaldeasturias.com\\\/magazine365\\\/author\\\/admin\\\/#author\"},\"creator\":{\"@id\":\"https:\\\/\\\/eldigitaldeasturias.com\\\/magazine365\\\/author\\\/admin\\\/#author\"},\"image\":{\"@type\":\"ImageObject\",\"url\":\"https:\\\/\\\/eldigitaldeasturias.com\\\/magazine365\\\/wp-content\\\/uploads\\\/2015\\\/07\\\/fotonoticia_20150714182408_800.jpg\",\"@id\":\"https:\\\/\\\/eldigitaldeasturias.com\\\/magazine365\\\/andalucia-pone-en-marcha-un-servicio-publico-de-autobus-para-acceder-a-la-playa-de-cantarrijan\\\/#mainImage\",\"width\":800,\"height\":533},\"primaryImageOfPage\":{\"@id\":\"https:\\\/\\\/eldigitaldeasturias.com\\\/magazine365\\\/andalucia-pone-en-marcha-un-servicio-publico-de-autobus-para-acceder-a-la-playa-de-cantarrijan\\\/#mainImage\"},\"datePublished\":\"2015-07-16T00:00:52+02:00\",\"dateModified\":\"2015-07-16T00:00:52+02:00\"},{\"@type\":\"WebSite\",\"@id\":\"https:\\\/\\\/eldigitaldeasturias.com\\\/magazine365\\\/#website\",\"url\":\"https:\\\/\\\/eldigitaldeasturias.com\\\/magazine365\\\/\",\"name\":\"El Digital de Asturias\",\"description\":\"Revista de ocio, turismo y estilo de vida\",\"inLanguage\":\"es-ES\",\"publisher\":{\"@id\":\"https:\\\/\\\/eldigitaldeasturias.com\\\/magazine365\\\/#organization\"}}]}\n\t\t<\/script>\n\t\t<!-- All in One SEO Pro -->\r\n\t\t<title>Andaluc\u00eda pone en marcha un servicio p\u00fablico de autob\u00fas para acceder a la playa de Cantarrij\u00e1n | El Digital de Asturias<\/title>\n\n","aioseo_head_json":{"title":"Andaluc\u00eda pone en marcha un servicio p\u00fablico de autob\u00fas para acceder a la playa de Cantarrij\u00e1n | El Digital de Asturias","description":"La Junta de Andaluc\u00eda, a trav\u00e9s de la Consejer\u00eda de Medio Ambiente y Ordenaci\u00f3n del Territorio, ha habilitado desde el 1 de julio y hasta el 31 de agosto el servicio de transporte p\u00fablico para acceder a la playa de Cantarrij\u00e1n, ubicada en el paraje natural de los Acantilados de Maro Cerro Gordo (Granada). La","canonical_url":"https:\/\/eldigitaldeasturias.com\/magazine365\/andalucia-pone-en-marcha-un-servicio-publico-de-autobus-para-acceder-a-la-playa-de-cantarrijan\/","robots":"max-image-preview:large","keywords":"actualidad turismo","webmasterTools":{"google-site-verification":"UA-38556648-1","miscellaneous":""},"schema":{"@context":"https:\/\/schema.org","@graph":[{"@type":"Article","@id":"https:\/\/eldigitaldeasturias.com\/magazine365\/andalucia-pone-en-marcha-un-servicio-publico-de-autobus-para-acceder-a-la-playa-de-cantarrijan\/#article","name":"Andaluc\u00eda pone en marcha un servicio p\u00fablico de autob\u00fas para acceder a la playa de Cantarrij\u00e1n | El Digital de Asturias","headline":"Andaluc\u00eda pone en marcha un servicio p\u00fablico de autob\u00fas para acceder a la playa de Cantarrij\u00e1n","author":{"@id":"https:\/\/eldigitaldeasturias.com\/magazine365\/author\/admin\/#author"},"publisher":{"@id":"https:\/\/eldigitaldeasturias.com\/magazine365\/#organization"},"image":{"@type":"ImageObject","url":"https:\/\/eldigitaldeasturias.com\/magazine365\/wp-content\/uploads\/2015\/07\/fotonoticia_20150714182408_800.jpg","width":800,"height":533},"datePublished":"2015-07-16T00:00:52+02:00","dateModified":"2015-07-16T00:00:52+02:00","inLanguage":"es-ES","mainEntityOfPage":{"@id":"https:\/\/eldigitaldeasturias.com\/magazine365\/andalucia-pone-en-marcha-un-servicio-publico-de-autobus-para-acceder-a-la-playa-de-cantarrijan\/#webpage"},"isPartOf":{"@id":"https:\/\/eldigitaldeasturias.com\/magazine365\/andalucia-pone-en-marcha-un-servicio-publico-de-autobus-para-acceder-a-la-playa-de-cantarrijan\/#webpage"},"articleSection":"Actualidad Turismo"},{"@type":"BreadcrumbList","@id":"https:\/\/eldigitaldeasturias.com\/magazine365\/andalucia-pone-en-marcha-un-servicio-publico-de-autobus-para-acceder-a-la-playa-de-cantarrijan\/#breadcrumblist","itemListElement":[{"@type":"ListItem","@id":"https:\/\/eldigitaldeasturias.com\/magazine365#listItem","position":1,"name":"Home","item":"https:\/\/eldigitaldeasturias.com\/magazine365","nextItem":{"@type":"ListItem","@id":"https:\/\/eldigitaldeasturias.com\/magazine365\/category\/actualidad-turismo\/#listItem","name":"Actualidad Turismo"}},{"@type":"ListItem","@id":"https:\/\/eldigitaldeasturias.com\/magazine365\/category\/actualidad-turismo\/#listItem","position":2,"name":"Actualidad Turismo","item":"https:\/\/eldigitaldeasturias.com\/magazine365\/category\/actualidad-turismo\/","nextItem":{"@type":"ListItem","@id":"https:\/\/eldigitaldeasturias.com\/magazine365\/andalucia-pone-en-marcha-un-servicio-publico-de-autobus-para-acceder-a-la-playa-de-cantarrijan\/#listItem","name":"Andaluc\u00eda pone en marcha un servicio p\u00fablico de autob\u00fas para acceder a la playa de Cantarrij\u00e1n"},"previousItem":{"@type":"ListItem","@id":"https:\/\/eldigitaldeasturias.com\/magazine365#listItem","name":"Home"}},{"@type":"ListItem","@id":"https:\/\/eldigitaldeasturias.com\/magazine365\/andalucia-pone-en-marcha-un-servicio-publico-de-autobus-para-acceder-a-la-playa-de-cantarrijan\/#listItem","position":3,"name":"Andaluc\u00eda pone en marcha un servicio p\u00fablico de autob\u00fas para acceder a la playa de Cantarrij\u00e1n","previousItem":{"@type":"ListItem","@id":"https:\/\/eldigitaldeasturias.com\/magazine365\/category\/actualidad-turismo\/#listItem","name":"Actualidad Turismo"}}]},{"@type":"Organization","@id":"https:\/\/eldigitaldeasturias.com\/magazine365\/#organization","name":"El digital de Asturias","description":"Revista de ocio, turismo y estilo de vida","url":"https:\/\/eldigitaldeasturias.com\/magazine365\/","logo":{"@type":"ImageObject","url":"https:\/\/www.eldigitaldeasturias.com\/noticias\/wp-content\/uploads\/2020\/12\/EDA.jpg","@id":"https:\/\/eldigitaldeasturias.com\/magazine365\/andalucia-pone-en-marcha-un-servicio-publico-de-autobus-para-acceder-a-la-playa-de-cantarrijan\/#organizationLogo"},"image":{"@id":"https:\/\/eldigitaldeasturias.com\/magazine365\/andalucia-pone-en-marcha-un-servicio-publico-de-autobus-para-acceder-a-la-playa-de-cantarrijan\/#organizationLogo"}},{"@type":"Person","@id":"https:\/\/eldigitaldeasturias.com\/magazine365\/author\/admin\/#author","url":"https:\/\/eldigitaldeasturias.com\/magazine365\/author\/admin\/","name":"admin","image":{"@type":"ImageObject","@id":"https:\/\/eldigitaldeasturias.com\/magazine365\/andalucia-pone-en-marcha-un-servicio-publico-de-autobus-para-acceder-a-la-playa-de-cantarrijan\/#authorImage","url":"https:\/\/eldigitaldeasturias.com\/magazine365\/wp-content\/litespeed\/avatar\/e571bcf59a0edd6fa6838245a470f2fe.jpg?ver=1777574230","width":96,"height":96,"caption":"admin"}},{"@type":"WebPage","@id":"https:\/\/eldigitaldeasturias.com\/magazine365\/andalucia-pone-en-marcha-un-servicio-publico-de-autobus-para-acceder-a-la-playa-de-cantarrijan\/#webpage","url":"https:\/\/eldigitaldeasturias.com\/magazine365\/andalucia-pone-en-marcha-un-servicio-publico-de-autobus-para-acceder-a-la-playa-de-cantarrijan\/","name":"Andaluc\u00eda pone en marcha un servicio p\u00fablico de autob\u00fas para acceder a la playa de Cantarrij\u00e1n | El Digital de Asturias","description":"La Junta de Andaluc\u00eda, a trav\u00e9s de la Consejer\u00eda de Medio Ambiente y Ordenaci\u00f3n del Territorio, ha habilitado desde el 1 de julio y hasta el 31 de agosto el servicio de transporte p\u00fablico para acceder a la playa de Cantarrij\u00e1n, ubicada en el paraje natural de los Acantilados de Maro Cerro Gordo (Granada). La","inLanguage":"es-ES","isPartOf":{"@id":"https:\/\/eldigitaldeasturias.com\/magazine365\/#website"},"breadcrumb":{"@id":"https:\/\/eldigitaldeasturias.com\/magazine365\/andalucia-pone-en-marcha-un-servicio-publico-de-autobus-para-acceder-a-la-playa-de-cantarrijan\/#breadcrumblist"},"author":{"@id":"https:\/\/eldigitaldeasturias.com\/magazine365\/author\/admin\/#author"},"creator":{"@id":"https:\/\/eldigitaldeasturias.com\/magazine365\/author\/admin\/#author"},"image":{"@type":"ImageObject","url":"https:\/\/eldigitaldeasturias.com\/magazine365\/wp-content\/uploads\/2015\/07\/fotonoticia_20150714182408_800.jpg","@id":"https:\/\/eldigitaldeasturias.com\/magazine365\/andalucia-pone-en-marcha-un-servicio-publico-de-autobus-para-acceder-a-la-playa-de-cantarrijan\/#mainImage","width":800,"height":533},"primaryImageOfPage":{"@id":"https:\/\/eldigitaldeasturias.com\/magazine365\/andalucia-pone-en-marcha-un-servicio-publico-de-autobus-para-acceder-a-la-playa-de-cantarrijan\/#mainImage"},"datePublished":"2015-07-16T00:00:52+02:00","dateModified":"2015-07-16T00:00:52+02:00"},{"@type":"WebSite","@id":"https:\/\/eldigitaldeasturias.com\/magazine365\/#website","url":"https:\/\/eldigitaldeasturias.com\/magazine365\/","name":"El Digital de Asturias","description":"Revista de ocio, turismo y estilo de vida","inLanguage":"es-ES","publisher":{"@id":"https:\/\/eldigitaldeasturias.com\/magazine365\/#organization"}}]},"og:locale":"es_ES","og:site_name":"El Digital de Asturias \u2013 Revista de ocio, turismo y estilo de vida","og:type":"article","og:title":"Andaluc\u00eda pone en marcha un servicio p\u00fablico de autob\u00fas para acceder a la playa de Cantarrij\u00e1n | El Digital de Asturias","og:description":"La Junta de Andaluc\u00eda, a trav\u00e9s de la Consejer\u00eda de Medio Ambiente y Ordenaci\u00f3n del Territorio, ha habilitado desde el 1 de julio y hasta el 31 de agosto el servicio de transporte p\u00fablico para acceder a la playa de Cantarrij\u00e1n, ubicada en el paraje natural de los Acantilados de Maro Cerro Gordo (Granada). La","og:url":"https:\/\/eldigitaldeasturias.com\/magazine365\/andalucia-pone-en-marcha-un-servicio-publico-de-autobus-para-acceder-a-la-playa-de-cantarrijan\/","og:image":"https:\/\/eldigitaldeasturias.com\/magazine365\/wp-content\/uploads\/2015\/07\/fotonoticia_20150714182408_800.jpg","og:image:secure_url":"https:\/\/eldigitaldeasturias.com\/magazine365\/wp-content\/uploads\/2015\/07\/fotonoticia_20150714182408_800.jpg","og:image:width":800,"og:image:height":533,"article:published_time":"2015-07-15T22:00:52+00:00","article:modified_time":"2015-07-15T22:00:52+00:00","twitter:card":"summary_large_image","twitter:title":"Andaluc\u00eda pone en marcha un servicio p\u00fablico de autob\u00fas para acceder a la playa de Cantarrij\u00e1n | El Digital de Asturias","twitter:description":"La Junta de Andaluc\u00eda, a trav\u00e9s de la Consejer\u00eda de Medio Ambiente y Ordenaci\u00f3n del Territorio, ha habilitado desde el 1 de julio y hasta el 31 de agosto el servicio de transporte p\u00fablico para acceder a la playa de Cantarrij\u00e1n, ubicada en el paraje natural de los Acantilados de Maro Cerro Gordo (Granada). La","twitter:image":"https:\/\/eldigitaldeasturias.com\/magazine365\/wp-content\/uploads\/2015\/07\/fotonoticia_20150714182408_800.jpg"},"aioseo_meta_data":{"post_id":"42723","title":null,"description":null,"keywords":null,"keyphrases":null,"primary_term":null,"canonical_url":null,"og_title":null,"og_description":null,"og_object_type":"default","og_image_type":"default","og_image_url":null,"og_image_width":null,"og_image_height":null,"og_image_custom_url":null,"og_image_custom_fields":null,"og_video":null,"og_custom_url":null,"og_article_section":null,"og_article_tags":null,"twitter_use_og":false,"twitter_card":"default","twitter_image_type":"default","twitter_image_url":null,"twitter_image_custom_url":null,"twitter_image_custom_fields":null,"twitter_title":null,"twitter_description":null,"schema":{"blockGraphs":[],"customGraphs":[],"default":{"data":{"Article":[],"Course":[],"Dataset":[],"FAQPage":[],"Movie":[],"Person":[],"Product":[],"ProductReview":[],"Car":[],"Recipe":[],"Service":[],"SoftwareApplication":[],"WebPage":[]},"graphName":"","isEnabled":true},"graphs":[],"defaultGraph":"","defaultPostTypeGraph":""},"schema_type":null,"schema_type_options":null,"pillar_content":false,"robots_default":true,"robots_noindex":false,"robots_noarchive":false,"robots_nosnippet":false,"robots_nofollow":false,"robots_noimageindex":false,"robots_noodp":false,"robots_notranslate":false,"robots_max_snippet":null,"robots_max_videopreview":null,"robots_max_imagepreview":"large","priority":null,"frequency":null,"location":null,"local_seo":null,"seo_analyzer_scan_date":"2025-09-19 18:22:36","breadcrumb_settings":null,"limit_modified_date":false,"open_ai":null,"ai":null,"created":"2021-03-09 01:56:40","updated":"2025-09-19 18:22:36"},"aioseo_breadcrumb":"<div class=\"aioseo-breadcrumbs\"><span class=\"aioseo-breadcrumb\">\n\t<a href=\"https:\/\/eldigitaldeasturias.com\/magazine365\" title=\"Home\">Home<\/a>\n<\/span><span class=\"aioseo-breadcrumb-separator\">\u2013<\/span><span class=\"aioseo-breadcrumb\">\n\t<a href=\"https:\/\/eldigitaldeasturias.com\/magazine365\/category\/actualidad-turismo\/\" title=\"Actualidad Turismo\">Actualidad Turismo<\/a>\n<\/span><span class=\"aioseo-breadcrumb-separator\">\u2013<\/span><span class=\"aioseo-breadcrumb\">\n\t<a href=\"https:\/\/eldigitaldeasturias.com\/magazine365\/andalucia-pone-en-marcha-un-servicio-publico-de-autobus-para-acceder-a-la-playa-de-cantarrijan\/\" title=\"Andaluc\u00eda pone en marcha un servicio p\u00fablico de autob\u00fas para acceder a la playa de Cantarrij\u00e1n\">Andaluc\u00eda pone en marcha un servicio p\u00fablico de autob\u00fas para acceder a la playa de Cantarrij\u00e1n<\/a>\n<\/span><\/div>","aioseo_breadcrumb_json":[{"label":"Home","link":"https:\/\/eldigitaldeasturias.com\/magazine365"},{"label":"Actualidad Turismo","link":"https:\/\/eldigitaldeasturias.com\/magazine365\/category\/actualidad-turismo\/"},{"label":"Andaluc\u00eda pone en marcha un servicio p\u00fablico de autob\u00fas para acceder a la playa de Cantarrij\u00e1n","link":"https:\/\/eldigitaldeasturias.com\/magazine365\/andalucia-pone-en-marcha-un-servicio-publico-de-autobus-para-acceder-a-la-playa-de-cantarrijan\/"}],"_links":{"self":[{"href":"https:\/\/eldigitaldeasturias.com\/magazine365\/wp-json\/wp\/v2\/posts\/42723","targetHints":{"allow":["GET"]}}],"collection":[{"href":"https:\/\/eldigitaldeasturias.com\/magazine365\/wp-json\/wp\/v2\/posts"}],"about":[{"href":"https:\/\/eldigitaldeasturias.com\/magazine365\/wp-json\/wp\/v2\/types\/post"}],"author":[{"embeddable":true,"href":"https:\/\/eldigitaldeasturias.com\/magazine365\/wp-json\/wp\/v2\/users\/1"}],"replies":[{"embeddable":true,"href":"https:\/\/eldigitaldeasturias.com\/magazine365\/wp-json\/wp\/v2\/comments?post=42723"}],"version-history":[{"count":0,"href":"https:\/\/eldigitaldeasturias.com\/magazine365\/wp-json\/wp\/v2\/posts\/42723\/revisions"}],"wp:featuredmedia":[{"embeddable":true,"href":"https:\/\/eldigitaldeasturias.com\/magazine365\/wp-json\/wp\/v2\/media\/42724"}],"wp:attachment":[{"href":"https:\/\/eldigitaldeasturias.com\/magazine365\/wp-json\/wp\/v2\/media?parent=42723"}],"wp:term":[{"taxonomy":"category","embeddable":true,"href":"https:\/\/eldigitaldeasturias.com\/magazine365\/wp-json\/wp\/v2\/categories?post=42723"},{"taxonomy":"post_tag","embeddable":true,"href":"https:\/\/eldigitaldeasturias.com\/magazine365\/wp-json\/wp\/v2\/tags?post=42723"}],"curies":[{"name":"wp","href":"https:\/\/api.w.org\/{rel}","templated":true}]}}