{"id":42714,"date":"2015-07-15T23:45:22","date_gmt":"2015-07-15T21:45:22","guid":{"rendered":"http:\/\/eldigitaldeasturias.com\/magazine365\/?p=42714"},"modified":"2015-07-15T23:45:22","modified_gmt":"2015-07-15T21:45:22","slug":"los-apartamientos-tiran-del-turismo-extrahotelero-con-subidas-en-viajeros-y-estancias","status":"publish","type":"post","link":"https:\/\/eldigitaldeasturias.com\/magazine365\/los-apartamientos-tiran-del-turismo-extrahotelero-con-subidas-en-viajeros-y-estancias\/","title":{"rendered":"Los apartamientos tiran del turismo extrahotelero con subidas en viajeros y estancias"},"content":{"rendered":"<p><img fetchpriority=\"high\" decoding=\"async\" class=\"alignleft size-medium wp-image-42715\" src=\"https:\/\/eldigitaldeasturias.com\/magazine365\/wp-content\/uploads\/2015\/07\/fotonoticia_20150714172958_800-360x239.jpg\" alt=\"fotonoticia_20150714172958_800\" width=\"360\" height=\"239\" srcset=\"https:\/\/eldigitaldeasturias.com\/magazine365\/wp-content\/uploads\/2015\/07\/fotonoticia_20150714172958_800-360x239.jpg 360w, https:\/\/eldigitaldeasturias.com\/magazine365\/wp-content\/uploads\/2015\/07\/fotonoticia_20150714172958_800-650x432.jpg 650w, https:\/\/eldigitaldeasturias.com\/magazine365\/wp-content\/uploads\/2015\/07\/fotonoticia_20150714172958_800-768x511.jpg 768w, https:\/\/eldigitaldeasturias.com\/magazine365\/wp-content\/uploads\/2015\/07\/fotonoticia_20150714172958_800-150x100.jpg 150w, https:\/\/eldigitaldeasturias.com\/magazine365\/wp-content\/uploads\/2015\/07\/fotonoticia_20150714172958_800-450x299.jpg 450w, https:\/\/eldigitaldeasturias.com\/magazine365\/wp-content\/uploads\/2015\/07\/fotonoticia_20150714172958_800-696x463.jpg 696w, https:\/\/eldigitaldeasturias.com\/magazine365\/wp-content\/uploads\/2015\/07\/fotonoticia_20150714172958_800-632x420.jpg 632w, https:\/\/eldigitaldeasturias.com\/magazine365\/wp-content\/uploads\/2015\/07\/fotonoticia_20150714172958_800-84x55.jpg 84w, https:\/\/eldigitaldeasturias.com\/magazine365\/wp-content\/uploads\/2015\/07\/fotonoticia_20150714172958_800.jpg 800w\" sizes=\"(max-width: 360px) 100vw, 360px\" \/>Los apartamentos tiran del turismo extrahotelero con subidas de dos d\u00edgitos en viajeros y estancias, concretamente de un 13% y un 12%, respectivamente, entre enero y mayo de este a\u00f1o.<\/p>\n<p>El n\u00famero de viajeros alojados en los apartamentos en los cinco primeros meses del a\u00f1o ha sido de 330.013, frente a los 292.083 del pasado a\u00f1o, seg\u00fan los datos del Instituto Nacional de Estad\u00edstica (INE).<\/p>\n<p>Un avance similar al de las pernoctaciones, que rozan los 1,9 millones y alcanzan una subida del 12,6%.<\/p>\n<p>Los apartamentos ofrecen incrementos de dos d\u00edgitos en todos los indicadores y solo dos se mantienen en par\u00e1metros similares al pasado a\u00f1o: la estancia (con 5,8 d\u00edas de media) y el grado de ocupaci\u00f3n (32%). En este tipo de establecimientos s\u00ed se percibe \u00abmucho m\u00e1s\u00bb que en el resto de la oferta la subida en el n\u00famero de plazas, que alcanza un 12% m\u00e1s y una media que roza las 38.500.<\/p>\n<p>El presidente de la Diputaci\u00f3n de M\u00e1laga y de Turismo Costa del Sol, El\u00edas Bendodo, ha destacado que las \u00abcifras de crecimiento de empleo se han convertido en la realidad m\u00e1s ilusionante de lo que va de a\u00f1o, porque, como ya ocurre con el turismo hotelero, el extrahotelero est\u00e1 viviendo una subida ininterrumpida impulsado por la situaci\u00f3n de recuperaci\u00f3n econ\u00f3mica generalizada\u00bb.<\/p>\n<p>En este sentido, m\u00e1s de 3.100 empleados de promedio han trabajado en estos establecimientos en los cinco primeros meses del a\u00f1o, lo que supone un 8,3 por ciento m\u00e1s que en 2014. Y en los apartamentos el aumento es mucho m\u00e1s significativo, concretamente del 14,3%, ha explicado.<\/p>\n<p>En general, si se contabilizan las cifras de los apartamentos tur\u00edsticos, los campings y los alojamientos de turismo rural que incluye el INE, el turismo extrahotelero acaricia los 400.000 visitantes alojados en estos cinco meses, un 10% m\u00e1s, mientras que las pernoctaciones superan los 2,3 millones y mantienen un porcentaje de crecimiento similar al de los viajeros (10,5%).<\/p>\n","protected":false},"excerpt":{"rendered":"<p>Los apartamentos tiran del turismo extrahotelero con subidas de dos d\u00edgitos en viajeros y estancias, concretamente de un 13% y un 12%, respectivamente, entre enero y mayo de este a\u00f1o. El n\u00famero de viajeros alojados en los apartamentos en los cinco primeros meses del a\u00f1o ha sido de 330.013, frente a los 292.083 del pasado<\/p>\n","protected":false},"author":1,"featured_media":42715,"comment_status":"open","ping_status":"closed","sticky":false,"template":"","format":"standard","meta":{"footnotes":""},"categories":[222],"tags":[],"class_list":{"0":"post-42714","1":"post","2":"type-post","3":"status-publish","4":"format-standard","5":"has-post-thumbnail","7":"category-actualidad-turismo"},"aioseo_notices":[],"aioseo_head":"\n\t\t<!-- All in One SEO Pro 4.9.6.1 - aioseo.com -->\n\t<meta name=\"description\" content=\"Los apartamentos tiran del turismo extrahotelero con subidas de dos d\u00edgitos en viajeros y estancias, concretamente de un 13% y un 12%, respectivamente, entre enero y mayo de este a\u00f1o. El n\u00famero de viajeros alojados en los apartamentos en los cinco primeros meses del a\u00f1o ha sido de 330.013, frente a los 292.083 del pasado\" \/>\n\t<meta name=\"robots\" content=\"max-image-preview:large\" \/>\n\t<meta name=\"author\" content=\"admin\"\/>\n\t<meta name=\"google-site-verification\" content=\"UA-38556648-1\" \/>\n\t<meta name=\"keywords\" content=\"actualidad turismo\" \/>\n\t<link rel=\"canonical\" href=\"https:\/\/eldigitaldeasturias.com\/magazine365\/los-apartamientos-tiran-del-turismo-extrahotelero-con-subidas-en-viajeros-y-estancias\/\" \/>\n\t<meta name=\"generator\" content=\"All in One SEO Pro (AIOSEO) 4.9.6.1\" \/>\n\t\t<meta property=\"og:locale\" content=\"es_ES\" \/>\n\t\t<meta property=\"og:site_name\" content=\"El Digital de Asturias \u2013 Revista de ocio, turismo y estilo de vida\" \/>\n\t\t<meta property=\"og:type\" content=\"article\" \/>\n\t\t<meta property=\"og:title\" content=\"Los apartamientos tiran del turismo extrahotelero con subidas en viajeros y estancias | El Digital de Asturias\" \/>\n\t\t<meta property=\"og:description\" content=\"Los apartamentos tiran del turismo extrahotelero con subidas de dos d\u00edgitos en viajeros y estancias, concretamente de un 13% y un 12%, respectivamente, entre enero y mayo de este a\u00f1o. El n\u00famero de viajeros alojados en los apartamentos en los cinco primeros meses del a\u00f1o ha sido de 330.013, frente a los 292.083 del pasado\" \/>\n\t\t<meta property=\"og:url\" content=\"https:\/\/eldigitaldeasturias.com\/magazine365\/los-apartamientos-tiran-del-turismo-extrahotelero-con-subidas-en-viajeros-y-estancias\/\" \/>\n\t\t<meta property=\"og:image\" content=\"https:\/\/eldigitaldeasturias.com\/magazine365\/wp-content\/uploads\/2015\/07\/fotonoticia_20150714172958_800.jpg\" \/>\n\t\t<meta property=\"og:image:secure_url\" content=\"https:\/\/eldigitaldeasturias.com\/magazine365\/wp-content\/uploads\/2015\/07\/fotonoticia_20150714172958_800.jpg\" \/>\n\t\t<meta property=\"og:image:width\" content=\"800\" \/>\n\t\t<meta property=\"og:image:height\" content=\"532\" \/>\n\t\t<meta property=\"article:published_time\" content=\"2015-07-15T21:45:22+00:00\" \/>\n\t\t<meta property=\"article:modified_time\" content=\"2015-07-15T21:45:22+00:00\" \/>\n\t\t<meta name=\"twitter:card\" content=\"summary_large_image\" \/>\n\t\t<meta name=\"twitter:title\" content=\"Los apartamientos tiran del turismo extrahotelero con subidas en viajeros y estancias | El Digital de Asturias\" \/>\n\t\t<meta name=\"twitter:description\" content=\"Los apartamentos tiran del turismo extrahotelero con subidas de dos d\u00edgitos en viajeros y estancias, concretamente de un 13% y un 12%, respectivamente, entre enero y mayo de este a\u00f1o. El n\u00famero de viajeros alojados en los apartamentos en los cinco primeros meses del a\u00f1o ha sido de 330.013, frente a los 292.083 del pasado\" \/>\n\t\t<meta name=\"twitter:image\" content=\"https:\/\/eldigitaldeasturias.com\/magazine365\/wp-content\/uploads\/2015\/07\/fotonoticia_20150714172958_800.jpg\" \/>\n\t\t<script type=\"application\/ld+json\" class=\"aioseo-schema\">\n\t\t\t{\"@context\":\"https:\\\/\\\/schema.org\",\"@graph\":[{\"@type\":\"Article\",\"@id\":\"https:\\\/\\\/eldigitaldeasturias.com\\\/magazine365\\\/los-apartamientos-tiran-del-turismo-extrahotelero-con-subidas-en-viajeros-y-estancias\\\/#article\",\"name\":\"Los apartamientos tiran del turismo extrahotelero con subidas en viajeros y estancias | El Digital de Asturias\",\"headline\":\"Los apartamientos tiran del turismo extrahotelero con subidas en viajeros y estancias\",\"author\":{\"@id\":\"https:\\\/\\\/eldigitaldeasturias.com\\\/magazine365\\\/author\\\/admin\\\/#author\"},\"publisher\":{\"@id\":\"https:\\\/\\\/eldigitaldeasturias.com\\\/magazine365\\\/#organization\"},\"image\":{\"@type\":\"ImageObject\",\"url\":\"https:\\\/\\\/eldigitaldeasturias.com\\\/magazine365\\\/wp-content\\\/uploads\\\/2015\\\/07\\\/fotonoticia_20150714172958_800.jpg\",\"width\":800,\"height\":532},\"datePublished\":\"2015-07-15T23:45:22+02:00\",\"dateModified\":\"2015-07-15T23:45:22+02:00\",\"inLanguage\":\"es-ES\",\"mainEntityOfPage\":{\"@id\":\"https:\\\/\\\/eldigitaldeasturias.com\\\/magazine365\\\/los-apartamientos-tiran-del-turismo-extrahotelero-con-subidas-en-viajeros-y-estancias\\\/#webpage\"},\"isPartOf\":{\"@id\":\"https:\\\/\\\/eldigitaldeasturias.com\\\/magazine365\\\/los-apartamientos-tiran-del-turismo-extrahotelero-con-subidas-en-viajeros-y-estancias\\\/#webpage\"},\"articleSection\":\"Actualidad Turismo\"},{\"@type\":\"BreadcrumbList\",\"@id\":\"https:\\\/\\\/eldigitaldeasturias.com\\\/magazine365\\\/los-apartamientos-tiran-del-turismo-extrahotelero-con-subidas-en-viajeros-y-estancias\\\/#breadcrumblist\",\"itemListElement\":[{\"@type\":\"ListItem\",\"@id\":\"https:\\\/\\\/eldigitaldeasturias.com\\\/magazine365#listItem\",\"position\":1,\"name\":\"Home\",\"item\":\"https:\\\/\\\/eldigitaldeasturias.com\\\/magazine365\",\"nextItem\":{\"@type\":\"ListItem\",\"@id\":\"https:\\\/\\\/eldigitaldeasturias.com\\\/magazine365\\\/category\\\/actualidad-turismo\\\/#listItem\",\"name\":\"Actualidad Turismo\"}},{\"@type\":\"ListItem\",\"@id\":\"https:\\\/\\\/eldigitaldeasturias.com\\\/magazine365\\\/category\\\/actualidad-turismo\\\/#listItem\",\"position\":2,\"name\":\"Actualidad Turismo\",\"item\":\"https:\\\/\\\/eldigitaldeasturias.com\\\/magazine365\\\/category\\\/actualidad-turismo\\\/\",\"nextItem\":{\"@type\":\"ListItem\",\"@id\":\"https:\\\/\\\/eldigitaldeasturias.com\\\/magazine365\\\/los-apartamientos-tiran-del-turismo-extrahotelero-con-subidas-en-viajeros-y-estancias\\\/#listItem\",\"name\":\"Los apartamientos tiran del turismo extrahotelero con subidas en viajeros y estancias\"},\"previousItem\":{\"@type\":\"ListItem\",\"@id\":\"https:\\\/\\\/eldigitaldeasturias.com\\\/magazine365#listItem\",\"name\":\"Home\"}},{\"@type\":\"ListItem\",\"@id\":\"https:\\\/\\\/eldigitaldeasturias.com\\\/magazine365\\\/los-apartamientos-tiran-del-turismo-extrahotelero-con-subidas-en-viajeros-y-estancias\\\/#listItem\",\"position\":3,\"name\":\"Los apartamientos tiran del turismo extrahotelero con subidas en viajeros y estancias\",\"previousItem\":{\"@type\":\"ListItem\",\"@id\":\"https:\\\/\\\/eldigitaldeasturias.com\\\/magazine365\\\/category\\\/actualidad-turismo\\\/#listItem\",\"name\":\"Actualidad Turismo\"}}]},{\"@type\":\"Organization\",\"@id\":\"https:\\\/\\\/eldigitaldeasturias.com\\\/magazine365\\\/#organization\",\"name\":\"El digital de Asturias\",\"description\":\"Revista de ocio, turismo y estilo de vida\",\"url\":\"https:\\\/\\\/eldigitaldeasturias.com\\\/magazine365\\\/\",\"logo\":{\"@type\":\"ImageObject\",\"url\":\"https:\\\/\\\/www.eldigitaldeasturias.com\\\/noticias\\\/wp-content\\\/uploads\\\/2020\\\/12\\\/EDA.jpg\",\"@id\":\"https:\\\/\\\/eldigitaldeasturias.com\\\/magazine365\\\/los-apartamientos-tiran-del-turismo-extrahotelero-con-subidas-en-viajeros-y-estancias\\\/#organizationLogo\"},\"image\":{\"@id\":\"https:\\\/\\\/eldigitaldeasturias.com\\\/magazine365\\\/los-apartamientos-tiran-del-turismo-extrahotelero-con-subidas-en-viajeros-y-estancias\\\/#organizationLogo\"}},{\"@type\":\"Person\",\"@id\":\"https:\\\/\\\/eldigitaldeasturias.com\\\/magazine365\\\/author\\\/admin\\\/#author\",\"url\":\"https:\\\/\\\/eldigitaldeasturias.com\\\/magazine365\\\/author\\\/admin\\\/\",\"name\":\"admin\",\"image\":{\"@type\":\"ImageObject\",\"@id\":\"https:\\\/\\\/eldigitaldeasturias.com\\\/magazine365\\\/los-apartamientos-tiran-del-turismo-extrahotelero-con-subidas-en-viajeros-y-estancias\\\/#authorImage\",\"url\":\"https:\\\/\\\/eldigitaldeasturias.com\\\/magazine365\\\/wp-content\\\/litespeed\\\/avatar\\\/e571bcf59a0edd6fa6838245a470f2fe.jpg?ver=1777574230\",\"width\":96,\"height\":96,\"caption\":\"admin\"}},{\"@type\":\"WebPage\",\"@id\":\"https:\\\/\\\/eldigitaldeasturias.com\\\/magazine365\\\/los-apartamientos-tiran-del-turismo-extrahotelero-con-subidas-en-viajeros-y-estancias\\\/#webpage\",\"url\":\"https:\\\/\\\/eldigitaldeasturias.com\\\/magazine365\\\/los-apartamientos-tiran-del-turismo-extrahotelero-con-subidas-en-viajeros-y-estancias\\\/\",\"name\":\"Los apartamientos tiran del turismo extrahotelero con subidas en viajeros y estancias | El Digital de Asturias\",\"description\":\"Los apartamentos tiran del turismo extrahotelero con subidas de dos d\\u00edgitos en viajeros y estancias, concretamente de un 13% y un 12%, respectivamente, entre enero y mayo de este a\\u00f1o. El n\\u00famero de viajeros alojados en los apartamentos en los cinco primeros meses del a\\u00f1o ha sido de 330.013, frente a los 292.083 del pasado\",\"inLanguage\":\"es-ES\",\"isPartOf\":{\"@id\":\"https:\\\/\\\/eldigitaldeasturias.com\\\/magazine365\\\/#website\"},\"breadcrumb\":{\"@id\":\"https:\\\/\\\/eldigitaldeasturias.com\\\/magazine365\\\/los-apartamientos-tiran-del-turismo-extrahotelero-con-subidas-en-viajeros-y-estancias\\\/#breadcrumblist\"},\"author\":{\"@id\":\"https:\\\/\\\/eldigitaldeasturias.com\\\/magazine365\\\/author\\\/admin\\\/#author\"},\"creator\":{\"@id\":\"https:\\\/\\\/eldigitaldeasturias.com\\\/magazine365\\\/author\\\/admin\\\/#author\"},\"image\":{\"@type\":\"ImageObject\",\"url\":\"https:\\\/\\\/eldigitaldeasturias.com\\\/magazine365\\\/wp-content\\\/uploads\\\/2015\\\/07\\\/fotonoticia_20150714172958_800.jpg\",\"@id\":\"https:\\\/\\\/eldigitaldeasturias.com\\\/magazine365\\\/los-apartamientos-tiran-del-turismo-extrahotelero-con-subidas-en-viajeros-y-estancias\\\/#mainImage\",\"width\":800,\"height\":532},\"primaryImageOfPage\":{\"@id\":\"https:\\\/\\\/eldigitaldeasturias.com\\\/magazine365\\\/los-apartamientos-tiran-del-turismo-extrahotelero-con-subidas-en-viajeros-y-estancias\\\/#mainImage\"},\"datePublished\":\"2015-07-15T23:45:22+02:00\",\"dateModified\":\"2015-07-15T23:45:22+02:00\"},{\"@type\":\"WebSite\",\"@id\":\"https:\\\/\\\/eldigitaldeasturias.com\\\/magazine365\\\/#website\",\"url\":\"https:\\\/\\\/eldigitaldeasturias.com\\\/magazine365\\\/\",\"name\":\"El Digital de Asturias\",\"description\":\"Revista de ocio, turismo y estilo de vida\",\"inLanguage\":\"es-ES\",\"publisher\":{\"@id\":\"https:\\\/\\\/eldigitaldeasturias.com\\\/magazine365\\\/#organization\"}}]}\n\t\t<\/script>\n\t\t<!-- All in One SEO Pro -->\r\n\t\t<title>Los apartamientos tiran del turismo extrahotelero con subidas en viajeros y estancias | El Digital de Asturias<\/title>\n\n","aioseo_head_json":{"title":"Los apartamientos tiran del turismo extrahotelero con subidas en viajeros y estancias | El Digital de Asturias","description":"Los apartamentos tiran del turismo extrahotelero con subidas de dos d\u00edgitos en viajeros y estancias, concretamente de un 13% y un 12%, respectivamente, entre enero y mayo de este a\u00f1o. El n\u00famero de viajeros alojados en los apartamentos en los cinco primeros meses del a\u00f1o ha sido de 330.013, frente a los 292.083 del pasado","canonical_url":"https:\/\/eldigitaldeasturias.com\/magazine365\/los-apartamientos-tiran-del-turismo-extrahotelero-con-subidas-en-viajeros-y-estancias\/","robots":"max-image-preview:large","keywords":"actualidad turismo","webmasterTools":{"google-site-verification":"UA-38556648-1","miscellaneous":""},"schema":{"@context":"https:\/\/schema.org","@graph":[{"@type":"Article","@id":"https:\/\/eldigitaldeasturias.com\/magazine365\/los-apartamientos-tiran-del-turismo-extrahotelero-con-subidas-en-viajeros-y-estancias\/#article","name":"Los apartamientos tiran del turismo extrahotelero con subidas en viajeros y estancias | El Digital de Asturias","headline":"Los apartamientos tiran del turismo extrahotelero con subidas en viajeros y estancias","author":{"@id":"https:\/\/eldigitaldeasturias.com\/magazine365\/author\/admin\/#author"},"publisher":{"@id":"https:\/\/eldigitaldeasturias.com\/magazine365\/#organization"},"image":{"@type":"ImageObject","url":"https:\/\/eldigitaldeasturias.com\/magazine365\/wp-content\/uploads\/2015\/07\/fotonoticia_20150714172958_800.jpg","width":800,"height":532},"datePublished":"2015-07-15T23:45:22+02:00","dateModified":"2015-07-15T23:45:22+02:00","inLanguage":"es-ES","mainEntityOfPage":{"@id":"https:\/\/eldigitaldeasturias.com\/magazine365\/los-apartamientos-tiran-del-turismo-extrahotelero-con-subidas-en-viajeros-y-estancias\/#webpage"},"isPartOf":{"@id":"https:\/\/eldigitaldeasturias.com\/magazine365\/los-apartamientos-tiran-del-turismo-extrahotelero-con-subidas-en-viajeros-y-estancias\/#webpage"},"articleSection":"Actualidad Turismo"},{"@type":"BreadcrumbList","@id":"https:\/\/eldigitaldeasturias.com\/magazine365\/los-apartamientos-tiran-del-turismo-extrahotelero-con-subidas-en-viajeros-y-estancias\/#breadcrumblist","itemListElement":[{"@type":"ListItem","@id":"https:\/\/eldigitaldeasturias.com\/magazine365#listItem","position":1,"name":"Home","item":"https:\/\/eldigitaldeasturias.com\/magazine365","nextItem":{"@type":"ListItem","@id":"https:\/\/eldigitaldeasturias.com\/magazine365\/category\/actualidad-turismo\/#listItem","name":"Actualidad Turismo"}},{"@type":"ListItem","@id":"https:\/\/eldigitaldeasturias.com\/magazine365\/category\/actualidad-turismo\/#listItem","position":2,"name":"Actualidad Turismo","item":"https:\/\/eldigitaldeasturias.com\/magazine365\/category\/actualidad-turismo\/","nextItem":{"@type":"ListItem","@id":"https:\/\/eldigitaldeasturias.com\/magazine365\/los-apartamientos-tiran-del-turismo-extrahotelero-con-subidas-en-viajeros-y-estancias\/#listItem","name":"Los apartamientos tiran del turismo extrahotelero con subidas en viajeros y estancias"},"previousItem":{"@type":"ListItem","@id":"https:\/\/eldigitaldeasturias.com\/magazine365#listItem","name":"Home"}},{"@type":"ListItem","@id":"https:\/\/eldigitaldeasturias.com\/magazine365\/los-apartamientos-tiran-del-turismo-extrahotelero-con-subidas-en-viajeros-y-estancias\/#listItem","position":3,"name":"Los apartamientos tiran del turismo extrahotelero con subidas en viajeros y estancias","previousItem":{"@type":"ListItem","@id":"https:\/\/eldigitaldeasturias.com\/magazine365\/category\/actualidad-turismo\/#listItem","name":"Actualidad Turismo"}}]},{"@type":"Organization","@id":"https:\/\/eldigitaldeasturias.com\/magazine365\/#organization","name":"El digital de Asturias","description":"Revista de ocio, turismo y estilo de vida","url":"https:\/\/eldigitaldeasturias.com\/magazine365\/","logo":{"@type":"ImageObject","url":"https:\/\/www.eldigitaldeasturias.com\/noticias\/wp-content\/uploads\/2020\/12\/EDA.jpg","@id":"https:\/\/eldigitaldeasturias.com\/magazine365\/los-apartamientos-tiran-del-turismo-extrahotelero-con-subidas-en-viajeros-y-estancias\/#organizationLogo"},"image":{"@id":"https:\/\/eldigitaldeasturias.com\/magazine365\/los-apartamientos-tiran-del-turismo-extrahotelero-con-subidas-en-viajeros-y-estancias\/#organizationLogo"}},{"@type":"Person","@id":"https:\/\/eldigitaldeasturias.com\/magazine365\/author\/admin\/#author","url":"https:\/\/eldigitaldeasturias.com\/magazine365\/author\/admin\/","name":"admin","image":{"@type":"ImageObject","@id":"https:\/\/eldigitaldeasturias.com\/magazine365\/los-apartamientos-tiran-del-turismo-extrahotelero-con-subidas-en-viajeros-y-estancias\/#authorImage","url":"https:\/\/eldigitaldeasturias.com\/magazine365\/wp-content\/litespeed\/avatar\/e571bcf59a0edd6fa6838245a470f2fe.jpg?ver=1777574230","width":96,"height":96,"caption":"admin"}},{"@type":"WebPage","@id":"https:\/\/eldigitaldeasturias.com\/magazine365\/los-apartamientos-tiran-del-turismo-extrahotelero-con-subidas-en-viajeros-y-estancias\/#webpage","url":"https:\/\/eldigitaldeasturias.com\/magazine365\/los-apartamientos-tiran-del-turismo-extrahotelero-con-subidas-en-viajeros-y-estancias\/","name":"Los apartamientos tiran del turismo extrahotelero con subidas en viajeros y estancias | El Digital de Asturias","description":"Los apartamentos tiran del turismo extrahotelero con subidas de dos d\u00edgitos en viajeros y estancias, concretamente de un 13% y un 12%, respectivamente, entre enero y mayo de este a\u00f1o. El n\u00famero de viajeros alojados en los apartamentos en los cinco primeros meses del a\u00f1o ha sido de 330.013, frente a los 292.083 del pasado","inLanguage":"es-ES","isPartOf":{"@id":"https:\/\/eldigitaldeasturias.com\/magazine365\/#website"},"breadcrumb":{"@id":"https:\/\/eldigitaldeasturias.com\/magazine365\/los-apartamientos-tiran-del-turismo-extrahotelero-con-subidas-en-viajeros-y-estancias\/#breadcrumblist"},"author":{"@id":"https:\/\/eldigitaldeasturias.com\/magazine365\/author\/admin\/#author"},"creator":{"@id":"https:\/\/eldigitaldeasturias.com\/magazine365\/author\/admin\/#author"},"image":{"@type":"ImageObject","url":"https:\/\/eldigitaldeasturias.com\/magazine365\/wp-content\/uploads\/2015\/07\/fotonoticia_20150714172958_800.jpg","@id":"https:\/\/eldigitaldeasturias.com\/magazine365\/los-apartamientos-tiran-del-turismo-extrahotelero-con-subidas-en-viajeros-y-estancias\/#mainImage","width":800,"height":532},"primaryImageOfPage":{"@id":"https:\/\/eldigitaldeasturias.com\/magazine365\/los-apartamientos-tiran-del-turismo-extrahotelero-con-subidas-en-viajeros-y-estancias\/#mainImage"},"datePublished":"2015-07-15T23:45:22+02:00","dateModified":"2015-07-15T23:45:22+02:00"},{"@type":"WebSite","@id":"https:\/\/eldigitaldeasturias.com\/magazine365\/#website","url":"https:\/\/eldigitaldeasturias.com\/magazine365\/","name":"El Digital de Asturias","description":"Revista de ocio, turismo y estilo de vida","inLanguage":"es-ES","publisher":{"@id":"https:\/\/eldigitaldeasturias.com\/magazine365\/#organization"}}]},"og:locale":"es_ES","og:site_name":"El Digital de Asturias \u2013 Revista de ocio, turismo y estilo de vida","og:type":"article","og:title":"Los apartamientos tiran del turismo extrahotelero con subidas en viajeros y estancias | El Digital de Asturias","og:description":"Los apartamentos tiran del turismo extrahotelero con subidas de dos d\u00edgitos en viajeros y estancias, concretamente de un 13% y un 12%, respectivamente, entre enero y mayo de este a\u00f1o. El n\u00famero de viajeros alojados en los apartamentos en los cinco primeros meses del a\u00f1o ha sido de 330.013, frente a los 292.083 del pasado","og:url":"https:\/\/eldigitaldeasturias.com\/magazine365\/los-apartamientos-tiran-del-turismo-extrahotelero-con-subidas-en-viajeros-y-estancias\/","og:image":"https:\/\/eldigitaldeasturias.com\/magazine365\/wp-content\/uploads\/2015\/07\/fotonoticia_20150714172958_800.jpg","og:image:secure_url":"https:\/\/eldigitaldeasturias.com\/magazine365\/wp-content\/uploads\/2015\/07\/fotonoticia_20150714172958_800.jpg","og:image:width":800,"og:image:height":532,"article:published_time":"2015-07-15T21:45:22+00:00","article:modified_time":"2015-07-15T21:45:22+00:00","twitter:card":"summary_large_image","twitter:title":"Los apartamientos tiran del turismo extrahotelero con subidas en viajeros y estancias | El Digital de Asturias","twitter:description":"Los apartamentos tiran del turismo extrahotelero con subidas de dos d\u00edgitos en viajeros y estancias, concretamente de un 13% y un 12%, respectivamente, entre enero y mayo de este a\u00f1o. El n\u00famero de viajeros alojados en los apartamentos en los cinco primeros meses del a\u00f1o ha sido de 330.013, frente a los 292.083 del pasado","twitter:image":"https:\/\/eldigitaldeasturias.com\/magazine365\/wp-content\/uploads\/2015\/07\/fotonoticia_20150714172958_800.jpg"},"aioseo_meta_data":{"post_id":"42714","title":null,"description":null,"keywords":null,"keyphrases":null,"primary_term":null,"canonical_url":null,"og_title":null,"og_description":null,"og_object_type":"default","og_image_type":"default","og_image_url":null,"og_image_width":null,"og_image_height":null,"og_image_custom_url":null,"og_image_custom_fields":null,"og_video":null,"og_custom_url":null,"og_article_section":null,"og_article_tags":null,"twitter_use_og":false,"twitter_card":"default","twitter_image_type":"default","twitter_image_url":null,"twitter_image_custom_url":null,"twitter_image_custom_fields":null,"twitter_title":null,"twitter_description":null,"schema":{"blockGraphs":[],"customGraphs":[],"default":{"data":{"Article":[],"Course":[],"Dataset":[],"FAQPage":[],"Movie":[],"Person":[],"Product":[],"ProductReview":[],"Car":[],"Recipe":[],"Service":[],"SoftwareApplication":[],"WebPage":[]},"graphName":"","isEnabled":true},"graphs":[],"defaultGraph":"","defaultPostTypeGraph":""},"schema_type":null,"schema_type_options":null,"pillar_content":false,"robots_default":true,"robots_noindex":false,"robots_noarchive":false,"robots_nosnippet":false,"robots_nofollow":false,"robots_noimageindex":false,"robots_noodp":false,"robots_notranslate":false,"robots_max_snippet":null,"robots_max_videopreview":null,"robots_max_imagepreview":"large","priority":null,"frequency":null,"location":null,"local_seo":null,"seo_analyzer_scan_date":"2025-09-19 18:21:25","breadcrumb_settings":null,"limit_modified_date":false,"open_ai":null,"ai":null,"created":"2021-03-09 01:56:40","updated":"2025-09-19 18:21:25"},"aioseo_breadcrumb":"<div class=\"aioseo-breadcrumbs\"><span class=\"aioseo-breadcrumb\">\n\t<a href=\"https:\/\/eldigitaldeasturias.com\/magazine365\" title=\"Home\">Home<\/a>\n<\/span><span class=\"aioseo-breadcrumb-separator\">\u2013<\/span><span class=\"aioseo-breadcrumb\">\n\t<a href=\"https:\/\/eldigitaldeasturias.com\/magazine365\/category\/actualidad-turismo\/\" title=\"Actualidad Turismo\">Actualidad Turismo<\/a>\n<\/span><span class=\"aioseo-breadcrumb-separator\">\u2013<\/span><span class=\"aioseo-breadcrumb\">\n\t<a href=\"https:\/\/eldigitaldeasturias.com\/magazine365\/los-apartamientos-tiran-del-turismo-extrahotelero-con-subidas-en-viajeros-y-estancias\/\" title=\"Los apartamientos tiran del turismo extrahotelero con subidas en viajeros y estancias\">Los apartamientos tiran del turismo extrahotelero con subidas en viajeros y estancias<\/a>\n<\/span><\/div>","aioseo_breadcrumb_json":[{"label":"Home","link":"https:\/\/eldigitaldeasturias.com\/magazine365"},{"label":"Actualidad Turismo","link":"https:\/\/eldigitaldeasturias.com\/magazine365\/category\/actualidad-turismo\/"},{"label":"Los apartamientos tiran del turismo extrahotelero con subidas en viajeros y estancias","link":"https:\/\/eldigitaldeasturias.com\/magazine365\/los-apartamientos-tiran-del-turismo-extrahotelero-con-subidas-en-viajeros-y-estancias\/"}],"_links":{"self":[{"href":"https:\/\/eldigitaldeasturias.com\/magazine365\/wp-json\/wp\/v2\/posts\/42714","targetHints":{"allow":["GET"]}}],"collection":[{"href":"https:\/\/eldigitaldeasturias.com\/magazine365\/wp-json\/wp\/v2\/posts"}],"about":[{"href":"https:\/\/eldigitaldeasturias.com\/magazine365\/wp-json\/wp\/v2\/types\/post"}],"author":[{"embeddable":true,"href":"https:\/\/eldigitaldeasturias.com\/magazine365\/wp-json\/wp\/v2\/users\/1"}],"replies":[{"embeddable":true,"href":"https:\/\/eldigitaldeasturias.com\/magazine365\/wp-json\/wp\/v2\/comments?post=42714"}],"version-history":[{"count":0,"href":"https:\/\/eldigitaldeasturias.com\/magazine365\/wp-json\/wp\/v2\/posts\/42714\/revisions"}],"wp:featuredmedia":[{"embeddable":true,"href":"https:\/\/eldigitaldeasturias.com\/magazine365\/wp-json\/wp\/v2\/media\/42715"}],"wp:attachment":[{"href":"https:\/\/eldigitaldeasturias.com\/magazine365\/wp-json\/wp\/v2\/media?parent=42714"}],"wp:term":[{"taxonomy":"category","embeddable":true,"href":"https:\/\/eldigitaldeasturias.com\/magazine365\/wp-json\/wp\/v2\/categories?post=42714"},{"taxonomy":"post_tag","embeddable":true,"href":"https:\/\/eldigitaldeasturias.com\/magazine365\/wp-json\/wp\/v2\/tags?post=42714"}],"curies":[{"name":"wp","href":"https:\/\/api.w.org\/{rel}","templated":true}]}}