{"id":42701,"date":"2015-07-15T22:53:57","date_gmt":"2015-07-15T20:53:57","guid":{"rendered":"http:\/\/eldigitaldeasturias.com\/magazine365\/?p=42701"},"modified":"2015-07-15T22:53:57","modified_gmt":"2015-07-15T20:53:57","slug":"el-ayuntamiento-de-valencia-aplicara-medidas-para-ser-una-ciudad-mas-atenta-al-turista","status":"publish","type":"post","link":"https:\/\/eldigitaldeasturias.com\/magazine365\/el-ayuntamiento-de-valencia-aplicara-medidas-para-ser-una-ciudad-mas-atenta-al-turista\/","title":{"rendered":"El Ayuntamiento de Valencia aplicar\u00e1 medidas para ser una ciudad \u00abm\u00e1s atenta al turista\u00bb"},"content":{"rendered":"<p><img fetchpriority=\"high\" decoding=\"async\" class=\"alignleft size-medium wp-image-42702\" src=\"https:\/\/eldigitaldeasturias.com\/magazine365\/wp-content\/uploads\/2015\/07\/fotonoticia_20150714162251_800-360x270.jpg\" alt=\"fotonoticia_20150714162251_800\" width=\"360\" height=\"270\" srcset=\"https:\/\/eldigitaldeasturias.com\/magazine365\/wp-content\/uploads\/2015\/07\/fotonoticia_20150714162251_800-360x270.jpg 360w, https:\/\/eldigitaldeasturias.com\/magazine365\/wp-content\/uploads\/2015\/07\/fotonoticia_20150714162251_800-650x488.jpg 650w, https:\/\/eldigitaldeasturias.com\/magazine365\/wp-content\/uploads\/2015\/07\/fotonoticia_20150714162251_800-768x576.jpg 768w, https:\/\/eldigitaldeasturias.com\/magazine365\/wp-content\/uploads\/2015\/07\/fotonoticia_20150714162251_800-150x113.jpg 150w, https:\/\/eldigitaldeasturias.com\/magazine365\/wp-content\/uploads\/2015\/07\/fotonoticia_20150714162251_800-450x338.jpg 450w, https:\/\/eldigitaldeasturias.com\/magazine365\/wp-content\/uploads\/2015\/07\/fotonoticia_20150714162251_800-80x60.jpg 80w, https:\/\/eldigitaldeasturias.com\/magazine365\/wp-content\/uploads\/2015\/07\/fotonoticia_20150714162251_800-265x198.jpg 265w, https:\/\/eldigitaldeasturias.com\/magazine365\/wp-content\/uploads\/2015\/07\/fotonoticia_20150714162251_800-696x522.jpg 696w, https:\/\/eldigitaldeasturias.com\/magazine365\/wp-content\/uploads\/2015\/07\/fotonoticia_20150714162251_800-560x420.jpg 560w, https:\/\/eldigitaldeasturias.com\/magazine365\/wp-content\/uploads\/2015\/07\/fotonoticia_20150714162251_800-90x67.jpg 90w, https:\/\/eldigitaldeasturias.com\/magazine365\/wp-content\/uploads\/2015\/07\/fotonoticia_20150714162251_800-100x75.jpg 100w, https:\/\/eldigitaldeasturias.com\/magazine365\/wp-content\/uploads\/2015\/07\/fotonoticia_20150714162251_800.jpg 800w\" sizes=\"(max-width: 360px) 100vw, 360px\" \/>El concejal responsable del \u00c1rea de Desarrollo Econ\u00f3mico Sostenible y delegado de Turismo en el Ayuntamiento de Valencia, Joan Calabuig, ha anunciado este martes, en una rueda de prensa en la sede de Turismo Valencia, una serie de medidas para comenzar una \u00abnueva etapa\u00bb y \u00abconseguir una ciudad m\u00e1s atenta al turista\u00bb. Adem\u00e1s, ha comunicado que \u00abno se prev\u00e9 la implantaci\u00f3n de una tasa\u00bb a los visitantes y no se va a incluir en los Presupuestos Municipales del pr\u00f3ximo a\u00f1o.<\/p>\n<p>El nuevo presidente delegado de Val\u00e8ncia Turisme ha presentado el Plan Estrat\u00e9gico para el Turismo en el per\u00edodo 2016-2020 que, seg\u00fan ha comentado, busca que la ciudad \u00absea acogedora\u00bb y la acci\u00f3n tur\u00edstica se convierta en un \u00abeje central de la estrategia econ\u00f3mica\u00bb. Para ello, buscar\u00e1 la implicaci\u00f3n de otras delegaciones como las de Comercio, Cultura, Deportes, Playas o Protecci\u00f3n Ciudadana.<\/p>\n<p>Ante las preguntas de los periodistas por la actuaci\u00f3n de la corporaci\u00f3n municipal en cuanto a los apartamentos tur\u00edsticos activos en Valencia, Calabuig ha afirmado que \u00abaquellos que sean ilegales, se intervendr\u00e1n\u00bb. Sin embargo, tambi\u00e9n ha querido diferenciar entre estos y aquellos a los que \u00abse les aplic\u00f3 duramente la normativa\u00bb y \u00abhan tenido que hacer una inversi\u00f3n\u00bb por lo que, ha a\u00f1adido, es un tema \u00abque necesita m\u00e1s estudio\u00bb.<\/p>\n<p>Asimismo, para \u00abmejorar todo aquello que da un posicionamiento m\u00e1s positivo de Valencia como ciudad tur\u00edstica\u00bb, Calabuig ha explicado que se \u00abfacilitar\u00e1n\u00bb los tr\u00e1mites necesarios para la realizaci\u00f3n de eventos o de rodajes, se \u00abmejorar\u00e1\u00bb la se\u00f1alizaci\u00f3n tur\u00edstica o se buscar\u00e1 \u00abun aumento de la seguridad\u00bb de los visitantes.<\/p>\n<p>Otras medidas ser\u00e1n la reactivaci\u00f3n del Comit\u00e9 de Rutas A\u00e9reas, incrementar la participaci\u00f3n del sector privado, promover la colaboraci\u00f3n con la Universitat de Val\u00e8ncia, potenciar el turismo cultural, la atenci\u00f3n a \u00abcolectivos singulares\u00bb como las personas mayores, los discapacitados o los LGTB y aumentar la colaboraci\u00f3n entre administraciones como la Agencia Valenciana de Turismo y Turespa\u00f1a.<\/p>\n<p>\u00abPERSPECTIVAS DE CRECIMIENTO\u00bb<\/p>\n<p>El primer teniente de alcalde de la ciudad de Valencia tambi\u00e9n ha trasladado las cifras de afluencia de turistas en lo que va de a\u00f1o, que seg\u00fan ha afirmado, se han visto beneficiadas por las dificultades de pa\u00edses como Egipto, T\u00fanez o Grecia. As\u00ed, las pernoctaciones en la ciudad han crecido un 3,2 por ciento y el n\u00famero de viajeros, un 1,5, lo que demuestra \u00abla fortaleza del sector en tiempos dif\u00edciles\u00bb, seg\u00fan Calabuig.<\/p>\n<p>El tambi\u00e9n portavoz del gobierno municipal tambi\u00e9n ha comunicado las perspectivas para el resto del a\u00f1o que ha definido como \u00abfavorables\u00bb. Se esperan unos meses de julio y agosto con \u00abalta actividad\u00bb con una previsi\u00f3n media de ocupaci\u00f3n hotelera de entre el 75 y el 85 por ciento, lo que supondr\u00eda un aumento del 5 por ciento respecto a 2014.<\/p>\n<p>Asimismo, entre los visitantes, el 40 por ciento es turismo nacional y el 60 internacional. Por otro lado, a las cifras de estancias hoteleras, se sumar\u00e1n los turistas que lleguen a Valencia a bordo de cruceros.<\/p>\n<p>ZONAS DE AFLUENCIA TUR\u00cdSTICA, \u00abNI BLANCO NI NEGRO\u00bb<\/p>\n<p>En relaci\u00f3n a las Zonas de Afluencia Tur\u00edstica, el delegado de Turismo en el Ayuntamiento de Valencia, ha manifestado, a preguntas de los medios, que \u00abtodav\u00eda no se ha tomado ninguna decisi\u00f3n\u00bb pero ha incidido en que \u00abno es un tema blanco o negro\u00bb sino que hay \u00abmuchos matices\u00bb.<\/p>\n<p>Pese a que la corporaci\u00f3n municipal \u00abtiene su propia opini\u00f3n\u00bb, Calabuig ha recordado que \u00abhay muchos peque\u00f1os comercios que quieren abrir sus negocios\u00bb y, en cualquier caso, las decisiones \u00abse tienen que tomar en el marco del Observatorio del Comercio\u00bb.<\/p>\n<p>Por otra parte, el portavoz del gobierno municipal ha declarado que \u00abhay un espacio muy grande para el acuerdo\u00bb pero ha criticado la gesti\u00f3n anterior, en la que se produjo una \u00abapertura generalizada y sin control\u00bb y de una forma \u00abunilateral\u00bb. Esas \u00abformas\u00bb del anterior equipo de gobierno, por las que \u00abno se consultaba a nadie\u00bb, seg\u00fan Calabuig, \u00abse han acabado\u00bb.<\/p>\n","protected":false},"excerpt":{"rendered":"<p>El concejal responsable del \u00c1rea de Desarrollo Econ\u00f3mico Sostenible y delegado de Turismo en el Ayuntamiento de Valencia, Joan Calabuig, ha anunciado este martes, en una rueda de prensa en la sede de Turismo Valencia, una serie de medidas para comenzar una \u00abnueva etapa\u00bb y \u00abconseguir una ciudad m\u00e1s atenta al turista\u00bb. Adem\u00e1s, ha comunicado<\/p>\n","protected":false},"author":1,"featured_media":42702,"comment_status":"open","ping_status":"closed","sticky":false,"template":"","format":"standard","meta":{"footnotes":""},"categories":[222],"tags":[],"class_list":{"0":"post-42701","1":"post","2":"type-post","3":"status-publish","4":"format-standard","5":"has-post-thumbnail","7":"category-actualidad-turismo"},"aioseo_notices":[],"aioseo_head":"\n\t\t<!-- All in One SEO Pro 4.9.6.1 - aioseo.com -->\n\t<meta name=\"description\" content=\"El concejal responsable del \u00c1rea de Desarrollo Econ\u00f3mico Sostenible y delegado de Turismo en el Ayuntamiento de Valencia, Joan Calabuig, ha anunciado este martes, en una rueda de prensa en la sede de Turismo Valencia, una serie de medidas para comenzar una &quot;nueva etapa&quot; y &quot;conseguir una ciudad m\u00e1s atenta al turista&quot;. Adem\u00e1s, ha comunicado\" \/>\n\t<meta name=\"robots\" content=\"max-image-preview:large\" \/>\n\t<meta name=\"author\" content=\"admin\"\/>\n\t<meta name=\"google-site-verification\" content=\"UA-38556648-1\" \/>\n\t<meta name=\"keywords\" content=\"actualidad turismo\" \/>\n\t<link rel=\"canonical\" href=\"https:\/\/eldigitaldeasturias.com\/magazine365\/el-ayuntamiento-de-valencia-aplicara-medidas-para-ser-una-ciudad-mas-atenta-al-turista\/\" \/>\n\t<meta name=\"generator\" content=\"All in One SEO Pro (AIOSEO) 4.9.6.1\" \/>\n\t\t<meta property=\"og:locale\" content=\"es_ES\" \/>\n\t\t<meta property=\"og:site_name\" content=\"El Digital de Asturias \u2013 Revista de ocio, turismo y estilo de vida\" \/>\n\t\t<meta property=\"og:type\" content=\"article\" \/>\n\t\t<meta property=\"og:title\" content=\"El Ayuntamiento de Valencia aplicar\u00e1 medidas para ser una ciudad \u00abm\u00e1s atenta al turista\u00bb | El Digital de Asturias\" \/>\n\t\t<meta property=\"og:description\" content=\"El concejal responsable del \u00c1rea de Desarrollo Econ\u00f3mico Sostenible y delegado de Turismo en el Ayuntamiento de Valencia, Joan Calabuig, ha anunciado este martes, en una rueda de prensa en la sede de Turismo Valencia, una serie de medidas para comenzar una &quot;nueva etapa&quot; y &quot;conseguir una ciudad m\u00e1s atenta al turista&quot;. Adem\u00e1s, ha comunicado\" \/>\n\t\t<meta property=\"og:url\" content=\"https:\/\/eldigitaldeasturias.com\/magazine365\/el-ayuntamiento-de-valencia-aplicara-medidas-para-ser-una-ciudad-mas-atenta-al-turista\/\" \/>\n\t\t<meta property=\"og:image\" content=\"https:\/\/eldigitaldeasturias.com\/magazine365\/wp-content\/uploads\/2015\/07\/fotonoticia_20150714162251_800.jpg\" \/>\n\t\t<meta property=\"og:image:secure_url\" content=\"https:\/\/eldigitaldeasturias.com\/magazine365\/wp-content\/uploads\/2015\/07\/fotonoticia_20150714162251_800.jpg\" \/>\n\t\t<meta property=\"og:image:width\" content=\"800\" \/>\n\t\t<meta property=\"og:image:height\" content=\"600\" \/>\n\t\t<meta property=\"article:published_time\" content=\"2015-07-15T20:53:57+00:00\" \/>\n\t\t<meta property=\"article:modified_time\" content=\"2015-07-15T20:53:57+00:00\" \/>\n\t\t<meta name=\"twitter:card\" content=\"summary_large_image\" \/>\n\t\t<meta name=\"twitter:title\" content=\"El Ayuntamiento de Valencia aplicar\u00e1 medidas para ser una ciudad \u00abm\u00e1s atenta al turista\u00bb | El Digital de Asturias\" \/>\n\t\t<meta name=\"twitter:description\" content=\"El concejal responsable del \u00c1rea de Desarrollo Econ\u00f3mico Sostenible y delegado de Turismo en el Ayuntamiento de Valencia, Joan Calabuig, ha anunciado este martes, en una rueda de prensa en la sede de Turismo Valencia, una serie de medidas para comenzar una &quot;nueva etapa&quot; y &quot;conseguir una ciudad m\u00e1s atenta al turista&quot;. Adem\u00e1s, ha comunicado\" \/>\n\t\t<meta name=\"twitter:image\" content=\"https:\/\/eldigitaldeasturias.com\/magazine365\/wp-content\/uploads\/2015\/07\/fotonoticia_20150714162251_800.jpg\" \/>\n\t\t<script type=\"application\/ld+json\" class=\"aioseo-schema\">\n\t\t\t{\"@context\":\"https:\\\/\\\/schema.org\",\"@graph\":[{\"@type\":\"Article\",\"@id\":\"https:\\\/\\\/eldigitaldeasturias.com\\\/magazine365\\\/el-ayuntamiento-de-valencia-aplicara-medidas-para-ser-una-ciudad-mas-atenta-al-turista\\\/#article\",\"name\":\"El Ayuntamiento de Valencia aplicar\\u00e1 medidas para ser una ciudad \\u00abm\\u00e1s atenta al turista\\u00bb | El Digital de Asturias\",\"headline\":\"El Ayuntamiento de Valencia aplicar\\u00e1 medidas para ser una ciudad \\u00abm\\u00e1s atenta al turista\\u00bb\",\"author\":{\"@id\":\"https:\\\/\\\/eldigitaldeasturias.com\\\/magazine365\\\/author\\\/admin\\\/#author\"},\"publisher\":{\"@id\":\"https:\\\/\\\/eldigitaldeasturias.com\\\/magazine365\\\/#organization\"},\"image\":{\"@type\":\"ImageObject\",\"url\":\"https:\\\/\\\/eldigitaldeasturias.com\\\/magazine365\\\/wp-content\\\/uploads\\\/2015\\\/07\\\/fotonoticia_20150714162251_800.jpg\",\"width\":800,\"height\":600},\"datePublished\":\"2015-07-15T22:53:57+02:00\",\"dateModified\":\"2015-07-15T22:53:57+02:00\",\"inLanguage\":\"es-ES\",\"mainEntityOfPage\":{\"@id\":\"https:\\\/\\\/eldigitaldeasturias.com\\\/magazine365\\\/el-ayuntamiento-de-valencia-aplicara-medidas-para-ser-una-ciudad-mas-atenta-al-turista\\\/#webpage\"},\"isPartOf\":{\"@id\":\"https:\\\/\\\/eldigitaldeasturias.com\\\/magazine365\\\/el-ayuntamiento-de-valencia-aplicara-medidas-para-ser-una-ciudad-mas-atenta-al-turista\\\/#webpage\"},\"articleSection\":\"Actualidad Turismo\"},{\"@type\":\"BreadcrumbList\",\"@id\":\"https:\\\/\\\/eldigitaldeasturias.com\\\/magazine365\\\/el-ayuntamiento-de-valencia-aplicara-medidas-para-ser-una-ciudad-mas-atenta-al-turista\\\/#breadcrumblist\",\"itemListElement\":[{\"@type\":\"ListItem\",\"@id\":\"https:\\\/\\\/eldigitaldeasturias.com\\\/magazine365#listItem\",\"position\":1,\"name\":\"Home\",\"item\":\"https:\\\/\\\/eldigitaldeasturias.com\\\/magazine365\",\"nextItem\":{\"@type\":\"ListItem\",\"@id\":\"https:\\\/\\\/eldigitaldeasturias.com\\\/magazine365\\\/category\\\/actualidad-turismo\\\/#listItem\",\"name\":\"Actualidad Turismo\"}},{\"@type\":\"ListItem\",\"@id\":\"https:\\\/\\\/eldigitaldeasturias.com\\\/magazine365\\\/category\\\/actualidad-turismo\\\/#listItem\",\"position\":2,\"name\":\"Actualidad Turismo\",\"item\":\"https:\\\/\\\/eldigitaldeasturias.com\\\/magazine365\\\/category\\\/actualidad-turismo\\\/\",\"nextItem\":{\"@type\":\"ListItem\",\"@id\":\"https:\\\/\\\/eldigitaldeasturias.com\\\/magazine365\\\/el-ayuntamiento-de-valencia-aplicara-medidas-para-ser-una-ciudad-mas-atenta-al-turista\\\/#listItem\",\"name\":\"El Ayuntamiento de Valencia aplicar\\u00e1 medidas para ser una ciudad \\u00abm\\u00e1s atenta al turista\\u00bb\"},\"previousItem\":{\"@type\":\"ListItem\",\"@id\":\"https:\\\/\\\/eldigitaldeasturias.com\\\/magazine365#listItem\",\"name\":\"Home\"}},{\"@type\":\"ListItem\",\"@id\":\"https:\\\/\\\/eldigitaldeasturias.com\\\/magazine365\\\/el-ayuntamiento-de-valencia-aplicara-medidas-para-ser-una-ciudad-mas-atenta-al-turista\\\/#listItem\",\"position\":3,\"name\":\"El Ayuntamiento de Valencia aplicar\\u00e1 medidas para ser una ciudad \\u00abm\\u00e1s atenta al turista\\u00bb\",\"previousItem\":{\"@type\":\"ListItem\",\"@id\":\"https:\\\/\\\/eldigitaldeasturias.com\\\/magazine365\\\/category\\\/actualidad-turismo\\\/#listItem\",\"name\":\"Actualidad Turismo\"}}]},{\"@type\":\"Organization\",\"@id\":\"https:\\\/\\\/eldigitaldeasturias.com\\\/magazine365\\\/#organization\",\"name\":\"El digital de Asturias\",\"description\":\"Revista de ocio, turismo y estilo de vida\",\"url\":\"https:\\\/\\\/eldigitaldeasturias.com\\\/magazine365\\\/\",\"logo\":{\"@type\":\"ImageObject\",\"url\":\"https:\\\/\\\/www.eldigitaldeasturias.com\\\/noticias\\\/wp-content\\\/uploads\\\/2020\\\/12\\\/EDA.jpg\",\"@id\":\"https:\\\/\\\/eldigitaldeasturias.com\\\/magazine365\\\/el-ayuntamiento-de-valencia-aplicara-medidas-para-ser-una-ciudad-mas-atenta-al-turista\\\/#organizationLogo\"},\"image\":{\"@id\":\"https:\\\/\\\/eldigitaldeasturias.com\\\/magazine365\\\/el-ayuntamiento-de-valencia-aplicara-medidas-para-ser-una-ciudad-mas-atenta-al-turista\\\/#organizationLogo\"}},{\"@type\":\"Person\",\"@id\":\"https:\\\/\\\/eldigitaldeasturias.com\\\/magazine365\\\/author\\\/admin\\\/#author\",\"url\":\"https:\\\/\\\/eldigitaldeasturias.com\\\/magazine365\\\/author\\\/admin\\\/\",\"name\":\"admin\",\"image\":{\"@type\":\"ImageObject\",\"@id\":\"https:\\\/\\\/eldigitaldeasturias.com\\\/magazine365\\\/el-ayuntamiento-de-valencia-aplicara-medidas-para-ser-una-ciudad-mas-atenta-al-turista\\\/#authorImage\",\"url\":\"https:\\\/\\\/eldigitaldeasturias.com\\\/magazine365\\\/wp-content\\\/litespeed\\\/avatar\\\/e571bcf59a0edd6fa6838245a470f2fe.jpg?ver=1777574230\",\"width\":96,\"height\":96,\"caption\":\"admin\"}},{\"@type\":\"WebPage\",\"@id\":\"https:\\\/\\\/eldigitaldeasturias.com\\\/magazine365\\\/el-ayuntamiento-de-valencia-aplicara-medidas-para-ser-una-ciudad-mas-atenta-al-turista\\\/#webpage\",\"url\":\"https:\\\/\\\/eldigitaldeasturias.com\\\/magazine365\\\/el-ayuntamiento-de-valencia-aplicara-medidas-para-ser-una-ciudad-mas-atenta-al-turista\\\/\",\"name\":\"El Ayuntamiento de Valencia aplicar\\u00e1 medidas para ser una ciudad \\u00abm\\u00e1s atenta al turista\\u00bb | El Digital de Asturias\",\"description\":\"El concejal responsable del \\u00c1rea de Desarrollo Econ\\u00f3mico Sostenible y delegado de Turismo en el Ayuntamiento de Valencia, Joan Calabuig, ha anunciado este martes, en una rueda de prensa en la sede de Turismo Valencia, una serie de medidas para comenzar una \\\"nueva etapa\\\" y \\\"conseguir una ciudad m\\u00e1s atenta al turista\\\". Adem\\u00e1s, ha comunicado\",\"inLanguage\":\"es-ES\",\"isPartOf\":{\"@id\":\"https:\\\/\\\/eldigitaldeasturias.com\\\/magazine365\\\/#website\"},\"breadcrumb\":{\"@id\":\"https:\\\/\\\/eldigitaldeasturias.com\\\/magazine365\\\/el-ayuntamiento-de-valencia-aplicara-medidas-para-ser-una-ciudad-mas-atenta-al-turista\\\/#breadcrumblist\"},\"author\":{\"@id\":\"https:\\\/\\\/eldigitaldeasturias.com\\\/magazine365\\\/author\\\/admin\\\/#author\"},\"creator\":{\"@id\":\"https:\\\/\\\/eldigitaldeasturias.com\\\/magazine365\\\/author\\\/admin\\\/#author\"},\"image\":{\"@type\":\"ImageObject\",\"url\":\"https:\\\/\\\/eldigitaldeasturias.com\\\/magazine365\\\/wp-content\\\/uploads\\\/2015\\\/07\\\/fotonoticia_20150714162251_800.jpg\",\"@id\":\"https:\\\/\\\/eldigitaldeasturias.com\\\/magazine365\\\/el-ayuntamiento-de-valencia-aplicara-medidas-para-ser-una-ciudad-mas-atenta-al-turista\\\/#mainImage\",\"width\":800,\"height\":600},\"primaryImageOfPage\":{\"@id\":\"https:\\\/\\\/eldigitaldeasturias.com\\\/magazine365\\\/el-ayuntamiento-de-valencia-aplicara-medidas-para-ser-una-ciudad-mas-atenta-al-turista\\\/#mainImage\"},\"datePublished\":\"2015-07-15T22:53:57+02:00\",\"dateModified\":\"2015-07-15T22:53:57+02:00\"},{\"@type\":\"WebSite\",\"@id\":\"https:\\\/\\\/eldigitaldeasturias.com\\\/magazine365\\\/#website\",\"url\":\"https:\\\/\\\/eldigitaldeasturias.com\\\/magazine365\\\/\",\"name\":\"El Digital de Asturias\",\"description\":\"Revista de ocio, turismo y estilo de vida\",\"inLanguage\":\"es-ES\",\"publisher\":{\"@id\":\"https:\\\/\\\/eldigitaldeasturias.com\\\/magazine365\\\/#organization\"}}]}\n\t\t<\/script>\n\t\t<!-- All in One SEO Pro -->\r\n\t\t<title>El Ayuntamiento de Valencia aplicar\u00e1 medidas para ser una ciudad \u00abm\u00e1s atenta al turista\u00bb | El Digital de Asturias<\/title>\n\n","aioseo_head_json":{"title":"El Ayuntamiento de Valencia aplicar\u00e1 medidas para ser una ciudad \u00abm\u00e1s atenta al turista\u00bb | El Digital de Asturias","description":"El concejal responsable del \u00c1rea de Desarrollo Econ\u00f3mico Sostenible y delegado de Turismo en el Ayuntamiento de Valencia, Joan Calabuig, ha anunciado este martes, en una rueda de prensa en la sede de Turismo Valencia, una serie de medidas para comenzar una \"nueva etapa\" y \"conseguir una ciudad m\u00e1s atenta al turista\". Adem\u00e1s, ha comunicado","canonical_url":"https:\/\/eldigitaldeasturias.com\/magazine365\/el-ayuntamiento-de-valencia-aplicara-medidas-para-ser-una-ciudad-mas-atenta-al-turista\/","robots":"max-image-preview:large","keywords":"actualidad turismo","webmasterTools":{"google-site-verification":"UA-38556648-1","miscellaneous":""},"schema":{"@context":"https:\/\/schema.org","@graph":[{"@type":"Article","@id":"https:\/\/eldigitaldeasturias.com\/magazine365\/el-ayuntamiento-de-valencia-aplicara-medidas-para-ser-una-ciudad-mas-atenta-al-turista\/#article","name":"El Ayuntamiento de Valencia aplicar\u00e1 medidas para ser una ciudad \u00abm\u00e1s atenta al turista\u00bb | El Digital de Asturias","headline":"El Ayuntamiento de Valencia aplicar\u00e1 medidas para ser una ciudad \u00abm\u00e1s atenta al turista\u00bb","author":{"@id":"https:\/\/eldigitaldeasturias.com\/magazine365\/author\/admin\/#author"},"publisher":{"@id":"https:\/\/eldigitaldeasturias.com\/magazine365\/#organization"},"image":{"@type":"ImageObject","url":"https:\/\/eldigitaldeasturias.com\/magazine365\/wp-content\/uploads\/2015\/07\/fotonoticia_20150714162251_800.jpg","width":800,"height":600},"datePublished":"2015-07-15T22:53:57+02:00","dateModified":"2015-07-15T22:53:57+02:00","inLanguage":"es-ES","mainEntityOfPage":{"@id":"https:\/\/eldigitaldeasturias.com\/magazine365\/el-ayuntamiento-de-valencia-aplicara-medidas-para-ser-una-ciudad-mas-atenta-al-turista\/#webpage"},"isPartOf":{"@id":"https:\/\/eldigitaldeasturias.com\/magazine365\/el-ayuntamiento-de-valencia-aplicara-medidas-para-ser-una-ciudad-mas-atenta-al-turista\/#webpage"},"articleSection":"Actualidad Turismo"},{"@type":"BreadcrumbList","@id":"https:\/\/eldigitaldeasturias.com\/magazine365\/el-ayuntamiento-de-valencia-aplicara-medidas-para-ser-una-ciudad-mas-atenta-al-turista\/#breadcrumblist","itemListElement":[{"@type":"ListItem","@id":"https:\/\/eldigitaldeasturias.com\/magazine365#listItem","position":1,"name":"Home","item":"https:\/\/eldigitaldeasturias.com\/magazine365","nextItem":{"@type":"ListItem","@id":"https:\/\/eldigitaldeasturias.com\/magazine365\/category\/actualidad-turismo\/#listItem","name":"Actualidad Turismo"}},{"@type":"ListItem","@id":"https:\/\/eldigitaldeasturias.com\/magazine365\/category\/actualidad-turismo\/#listItem","position":2,"name":"Actualidad Turismo","item":"https:\/\/eldigitaldeasturias.com\/magazine365\/category\/actualidad-turismo\/","nextItem":{"@type":"ListItem","@id":"https:\/\/eldigitaldeasturias.com\/magazine365\/el-ayuntamiento-de-valencia-aplicara-medidas-para-ser-una-ciudad-mas-atenta-al-turista\/#listItem","name":"El Ayuntamiento de Valencia aplicar\u00e1 medidas para ser una ciudad \u00abm\u00e1s atenta al turista\u00bb"},"previousItem":{"@type":"ListItem","@id":"https:\/\/eldigitaldeasturias.com\/magazine365#listItem","name":"Home"}},{"@type":"ListItem","@id":"https:\/\/eldigitaldeasturias.com\/magazine365\/el-ayuntamiento-de-valencia-aplicara-medidas-para-ser-una-ciudad-mas-atenta-al-turista\/#listItem","position":3,"name":"El Ayuntamiento de Valencia aplicar\u00e1 medidas para ser una ciudad \u00abm\u00e1s atenta al turista\u00bb","previousItem":{"@type":"ListItem","@id":"https:\/\/eldigitaldeasturias.com\/magazine365\/category\/actualidad-turismo\/#listItem","name":"Actualidad Turismo"}}]},{"@type":"Organization","@id":"https:\/\/eldigitaldeasturias.com\/magazine365\/#organization","name":"El digital de Asturias","description":"Revista de ocio, turismo y estilo de vida","url":"https:\/\/eldigitaldeasturias.com\/magazine365\/","logo":{"@type":"ImageObject","url":"https:\/\/www.eldigitaldeasturias.com\/noticias\/wp-content\/uploads\/2020\/12\/EDA.jpg","@id":"https:\/\/eldigitaldeasturias.com\/magazine365\/el-ayuntamiento-de-valencia-aplicara-medidas-para-ser-una-ciudad-mas-atenta-al-turista\/#organizationLogo"},"image":{"@id":"https:\/\/eldigitaldeasturias.com\/magazine365\/el-ayuntamiento-de-valencia-aplicara-medidas-para-ser-una-ciudad-mas-atenta-al-turista\/#organizationLogo"}},{"@type":"Person","@id":"https:\/\/eldigitaldeasturias.com\/magazine365\/author\/admin\/#author","url":"https:\/\/eldigitaldeasturias.com\/magazine365\/author\/admin\/","name":"admin","image":{"@type":"ImageObject","@id":"https:\/\/eldigitaldeasturias.com\/magazine365\/el-ayuntamiento-de-valencia-aplicara-medidas-para-ser-una-ciudad-mas-atenta-al-turista\/#authorImage","url":"https:\/\/eldigitaldeasturias.com\/magazine365\/wp-content\/litespeed\/avatar\/e571bcf59a0edd6fa6838245a470f2fe.jpg?ver=1777574230","width":96,"height":96,"caption":"admin"}},{"@type":"WebPage","@id":"https:\/\/eldigitaldeasturias.com\/magazine365\/el-ayuntamiento-de-valencia-aplicara-medidas-para-ser-una-ciudad-mas-atenta-al-turista\/#webpage","url":"https:\/\/eldigitaldeasturias.com\/magazine365\/el-ayuntamiento-de-valencia-aplicara-medidas-para-ser-una-ciudad-mas-atenta-al-turista\/","name":"El Ayuntamiento de Valencia aplicar\u00e1 medidas para ser una ciudad \u00abm\u00e1s atenta al turista\u00bb | El Digital de Asturias","description":"El concejal responsable del \u00c1rea de Desarrollo Econ\u00f3mico Sostenible y delegado de Turismo en el Ayuntamiento de Valencia, Joan Calabuig, ha anunciado este martes, en una rueda de prensa en la sede de Turismo Valencia, una serie de medidas para comenzar una \"nueva etapa\" y \"conseguir una ciudad m\u00e1s atenta al turista\". Adem\u00e1s, ha comunicado","inLanguage":"es-ES","isPartOf":{"@id":"https:\/\/eldigitaldeasturias.com\/magazine365\/#website"},"breadcrumb":{"@id":"https:\/\/eldigitaldeasturias.com\/magazine365\/el-ayuntamiento-de-valencia-aplicara-medidas-para-ser-una-ciudad-mas-atenta-al-turista\/#breadcrumblist"},"author":{"@id":"https:\/\/eldigitaldeasturias.com\/magazine365\/author\/admin\/#author"},"creator":{"@id":"https:\/\/eldigitaldeasturias.com\/magazine365\/author\/admin\/#author"},"image":{"@type":"ImageObject","url":"https:\/\/eldigitaldeasturias.com\/magazine365\/wp-content\/uploads\/2015\/07\/fotonoticia_20150714162251_800.jpg","@id":"https:\/\/eldigitaldeasturias.com\/magazine365\/el-ayuntamiento-de-valencia-aplicara-medidas-para-ser-una-ciudad-mas-atenta-al-turista\/#mainImage","width":800,"height":600},"primaryImageOfPage":{"@id":"https:\/\/eldigitaldeasturias.com\/magazine365\/el-ayuntamiento-de-valencia-aplicara-medidas-para-ser-una-ciudad-mas-atenta-al-turista\/#mainImage"},"datePublished":"2015-07-15T22:53:57+02:00","dateModified":"2015-07-15T22:53:57+02:00"},{"@type":"WebSite","@id":"https:\/\/eldigitaldeasturias.com\/magazine365\/#website","url":"https:\/\/eldigitaldeasturias.com\/magazine365\/","name":"El Digital de Asturias","description":"Revista de ocio, turismo y estilo de vida","inLanguage":"es-ES","publisher":{"@id":"https:\/\/eldigitaldeasturias.com\/magazine365\/#organization"}}]},"og:locale":"es_ES","og:site_name":"El Digital de Asturias \u2013 Revista de ocio, turismo y estilo de vida","og:type":"article","og:title":"El Ayuntamiento de Valencia aplicar\u00e1 medidas para ser una ciudad \u00abm\u00e1s atenta al turista\u00bb | El Digital de Asturias","og:description":"El concejal responsable del \u00c1rea de Desarrollo Econ\u00f3mico Sostenible y delegado de Turismo en el Ayuntamiento de Valencia, Joan Calabuig, ha anunciado este martes, en una rueda de prensa en la sede de Turismo Valencia, una serie de medidas para comenzar una &quot;nueva etapa&quot; y &quot;conseguir una ciudad m\u00e1s atenta al turista&quot;. Adem\u00e1s, ha comunicado","og:url":"https:\/\/eldigitaldeasturias.com\/magazine365\/el-ayuntamiento-de-valencia-aplicara-medidas-para-ser-una-ciudad-mas-atenta-al-turista\/","og:image":"https:\/\/eldigitaldeasturias.com\/magazine365\/wp-content\/uploads\/2015\/07\/fotonoticia_20150714162251_800.jpg","og:image:secure_url":"https:\/\/eldigitaldeasturias.com\/magazine365\/wp-content\/uploads\/2015\/07\/fotonoticia_20150714162251_800.jpg","og:image:width":800,"og:image:height":600,"article:published_time":"2015-07-15T20:53:57+00:00","article:modified_time":"2015-07-15T20:53:57+00:00","twitter:card":"summary_large_image","twitter:title":"El Ayuntamiento de Valencia aplicar\u00e1 medidas para ser una ciudad \u00abm\u00e1s atenta al turista\u00bb | El Digital de Asturias","twitter:description":"El concejal responsable del \u00c1rea de Desarrollo Econ\u00f3mico Sostenible y delegado de Turismo en el Ayuntamiento de Valencia, Joan Calabuig, ha anunciado este martes, en una rueda de prensa en la sede de Turismo Valencia, una serie de medidas para comenzar una &quot;nueva etapa&quot; y &quot;conseguir una ciudad m\u00e1s atenta al turista&quot;. Adem\u00e1s, ha comunicado","twitter:image":"https:\/\/eldigitaldeasturias.com\/magazine365\/wp-content\/uploads\/2015\/07\/fotonoticia_20150714162251_800.jpg"},"aioseo_meta_data":{"post_id":"42701","title":null,"description":null,"keywords":null,"keyphrases":null,"primary_term":null,"canonical_url":null,"og_title":null,"og_description":null,"og_object_type":"default","og_image_type":"default","og_image_url":null,"og_image_width":null,"og_image_height":null,"og_image_custom_url":null,"og_image_custom_fields":null,"og_video":null,"og_custom_url":null,"og_article_section":null,"og_article_tags":null,"twitter_use_og":false,"twitter_card":"default","twitter_image_type":"default","twitter_image_url":null,"twitter_image_custom_url":null,"twitter_image_custom_fields":null,"twitter_title":null,"twitter_description":null,"schema":{"blockGraphs":[],"customGraphs":[],"default":{"data":{"Article":[],"Course":[],"Dataset":[],"FAQPage":[],"Movie":[],"Person":[],"Product":[],"ProductReview":[],"Car":[],"Recipe":[],"Service":[],"SoftwareApplication":[],"WebPage":[]},"graphName":"","isEnabled":true},"graphs":[],"defaultGraph":"","defaultPostTypeGraph":""},"schema_type":null,"schema_type_options":null,"pillar_content":false,"robots_default":true,"robots_noindex":false,"robots_noarchive":false,"robots_nosnippet":false,"robots_nofollow":false,"robots_noimageindex":false,"robots_noodp":false,"robots_notranslate":false,"robots_max_snippet":null,"robots_max_videopreview":null,"robots_max_imagepreview":"large","priority":null,"frequency":null,"location":null,"local_seo":null,"seo_analyzer_scan_date":"2025-09-19 18:20:03","breadcrumb_settings":null,"limit_modified_date":false,"open_ai":null,"ai":null,"created":"2021-03-09 01:57:46","updated":"2025-09-19 18:20:03"},"aioseo_breadcrumb":"<div class=\"aioseo-breadcrumbs\"><span class=\"aioseo-breadcrumb\">\n\t<a href=\"https:\/\/eldigitaldeasturias.com\/magazine365\" title=\"Home\">Home<\/a>\n<\/span><span class=\"aioseo-breadcrumb-separator\">\u2013<\/span><span class=\"aioseo-breadcrumb\">\n\t<a href=\"https:\/\/eldigitaldeasturias.com\/magazine365\/category\/actualidad-turismo\/\" title=\"Actualidad Turismo\">Actualidad Turismo<\/a>\n<\/span><span class=\"aioseo-breadcrumb-separator\">\u2013<\/span><span class=\"aioseo-breadcrumb\">\n\t<a href=\"https:\/\/eldigitaldeasturias.com\/magazine365\/el-ayuntamiento-de-valencia-aplicara-medidas-para-ser-una-ciudad-mas-atenta-al-turista\/\" title=\"El Ayuntamiento de Valencia aplicar\u00e1 medidas para ser una ciudad \u00abm\u00e1s atenta al turista\u00bb\">El Ayuntamiento de Valencia aplicar\u00e1 medidas para ser una ciudad \u00abm\u00e1s atenta al turista\u00bb<\/a>\n<\/span><\/div>","aioseo_breadcrumb_json":[{"label":"Home","link":"https:\/\/eldigitaldeasturias.com\/magazine365"},{"label":"Actualidad Turismo","link":"https:\/\/eldigitaldeasturias.com\/magazine365\/category\/actualidad-turismo\/"},{"label":"El Ayuntamiento de Valencia aplicar\u00e1 medidas para ser una ciudad \u00abm\u00e1s atenta al turista\u00bb","link":"https:\/\/eldigitaldeasturias.com\/magazine365\/el-ayuntamiento-de-valencia-aplicara-medidas-para-ser-una-ciudad-mas-atenta-al-turista\/"}],"_links":{"self":[{"href":"https:\/\/eldigitaldeasturias.com\/magazine365\/wp-json\/wp\/v2\/posts\/42701","targetHints":{"allow":["GET"]}}],"collection":[{"href":"https:\/\/eldigitaldeasturias.com\/magazine365\/wp-json\/wp\/v2\/posts"}],"about":[{"href":"https:\/\/eldigitaldeasturias.com\/magazine365\/wp-json\/wp\/v2\/types\/post"}],"author":[{"embeddable":true,"href":"https:\/\/eldigitaldeasturias.com\/magazine365\/wp-json\/wp\/v2\/users\/1"}],"replies":[{"embeddable":true,"href":"https:\/\/eldigitaldeasturias.com\/magazine365\/wp-json\/wp\/v2\/comments?post=42701"}],"version-history":[{"count":0,"href":"https:\/\/eldigitaldeasturias.com\/magazine365\/wp-json\/wp\/v2\/posts\/42701\/revisions"}],"wp:featuredmedia":[{"embeddable":true,"href":"https:\/\/eldigitaldeasturias.com\/magazine365\/wp-json\/wp\/v2\/media\/42702"}],"wp:attachment":[{"href":"https:\/\/eldigitaldeasturias.com\/magazine365\/wp-json\/wp\/v2\/media?parent=42701"}],"wp:term":[{"taxonomy":"category","embeddable":true,"href":"https:\/\/eldigitaldeasturias.com\/magazine365\/wp-json\/wp\/v2\/categories?post=42701"},{"taxonomy":"post_tag","embeddable":true,"href":"https:\/\/eldigitaldeasturias.com\/magazine365\/wp-json\/wp\/v2\/tags?post=42701"}],"curies":[{"name":"wp","href":"https:\/\/api.w.org\/{rel}","templated":true}]}}